{"id":44984,"date":"2023-05-11T14:13:46","date_gmt":"2023-05-11T17:13:46","guid":{"rendered":"https:\/\/www.cidademarketing.com.br\/marketing\/?p=44984"},"modified":"2023-05-11T14:13:46","modified_gmt":"2023-05-11T17:13:46","slug":"gillette-venus-cria-linha-especial-para-area-intima","status":"publish","type":"post","link":"https:\/\/www.cidademarketing.com.br\/marketing\/2023\/05\/11\/gillette-venus-cria-linha-especial-para-area-intima\/","title":{"rendered":"Gillette Venus cria linha especial para \u00e1rea \u00edntima"},"content":{"rendered":"<p>Gillette Venus sabe que a pele e os pelos da regi\u00e3o \u00edntima merecem um cuidado especial, por ser uma das \u00e1reas mais delicadas do corpo feminino. Por isso, a marca acaba de lan\u00e7ar uma cole\u00e7\u00e3o espec\u00edfica para a \u00e1rea \u00edntima feminina, desenvolvida para atender \u00e0s necessidades dessa regi\u00e3o, melhorando a experi\u00eancia de depila\u00e7\u00e3o com produtos para esfoliar, proteger e depilar a \u00e1rea \u00edntima.<\/p>\n<p><a href=\"https:\/\/www.cidademarketing.com.br\/marketing\/sua-marca-vai-virar-noticia\/\" target=\"_blank\" rel=\"noopener\"><img fetchpriority=\"high\" decoding=\"async\" class=\"wp-image-44329 aligncenter\" src=\"https:\/\/www.cidademarketing.com.br\/marketing\/wp-content\/uploads\/2023\/04\/cidademarketing_backlinks_marketingdigital_publieditorial_.png\" alt=\"\" width=\"500\" height=\"500\" \/><\/a><\/p>\n<p>Resultados de pesquisas realizadas pela marca apresentam que, atualmente, 78% das mulheres latino-americanas depilam a \u00e1rea \u00edntima quase duas vezes por semana, mas a experi\u00eancia ainda \u00e9 insatisfat\u00f3ria pois 85% das mulheres reclamam do resultado por diversos motivos.<\/p>\n<p>A dermatologista Dra. Mariana Veloso explica que a pele e os pelos \u00edntimos s\u00e3o diferentes dos das demais regi\u00f5es do corpo. \u201cA pele \u00edntima \u00e9 mais delicada, uma das mais finas do corpo, contendo alto fluxo sangu\u00edneo e mais termina\u00e7\u00f5es nervosas, por isso a possibilidade de irrita\u00e7\u00e3o \u00e9 maior. O pelo tamb\u00e9m \u00e9 diferente, duas vezes mais grosso que o pelo da perna, por exemplo, e cresce de forma encaracolada. Al\u00e9m disso, essa regi\u00e3o possui maior volume de pelos e, sendo assim, \u00e9 poss\u00edvel que se formem os inc\u00f4modos pelos encravados\u201d, explica a dermatologista.<\/p>\n<p>Outros dados relevantes apresentados na pesquisa est\u00e3o relacionados aos h\u00e1bitos atuais que acabam n\u00e3o favorecendo a pele: 70% das mulheres se depilam com \u00e1gua e sab\u00e3o, sem cuidados especiais, fazendo um enx\u00e1gue r\u00e1pido e, geralmente, sem produtos ginecologicamente testados. Al\u00e9m disso, a frequ\u00eancia de depila\u00e7\u00e3o \u00e9 maior quando comparada com a dos homens e elas costumam trocar o aparelho mais vezes para evitar l\u00e2minas cegas.<\/p>\n<p>A partir disso e com a miss\u00e3o de ajudar a todas as mulheres a se sentirem confort\u00e1veis na sua pr\u00f3pria pele, oferecendo a melhor experi\u00eancia poss\u00edvel com solu\u00e7\u00f5es para uma das \u00e1reas mais depiladas do corpo, Gillette Venus apresenta ao mercado quatro novos produtos.<\/p>\n<p>Gillette Venus Esfoliante Suave esfolia e uniformiza a pele para ajudar a prevenir os pelos encravados, suavizando a superf\u00edcie da pele; Gillette Venus 2 em 1, sabonete \u00edntimo e gel para depila\u00e7\u00e3o, que proporciona uma camada de prote\u00e7\u00e3o, com f\u00f3rmula transparente para ajudar a enxergar onde depilar &#8212; ambos os produtos com ph balanceado e testados dermatologica e ginecologicamente &#8212; e dois novos aparelhos Gillette Venus Especial para a \u00e1rea \u00edntima, especialmente desenvolvidos para cuidar e proteger a pele sens\u00edvel da regi\u00e3o da virilha contra irrita\u00e7\u00e3o da depila\u00e7\u00e3o e pelos encravados, em suas vers\u00f5es descart\u00e1vel e refil.<\/p>\n<p>Dos novos aparelhos, um possui barreira protetora, l\u00e2minas com alto poder de corte e lubrifica\u00e7\u00e3o antes e depois, para minimizar a possibilidade de irrita\u00e7\u00e3o, e permite manter o cabo, para que seja feita apenas a troca do refil. J\u00e1 o descart\u00e1vel traz, al\u00e9m da barreira protetora, cabo emborrachado e arredondado e cabe\u00e7a pivotante pequena, perfeita para \u00e1reas dif\u00edceis.<\/p>\n<p><iframe title=\"Spotify Embed: Podcast CidadeMarketing\" style=\"border-radius: 12px\" width=\"100%\" height=\"152\" frameborder=\"0\" allowfullscreen allow=\"autoplay; clipboard-write; encrypted-media; fullscreen; picture-in-picture\" loading=\"lazy\" src=\"https:\/\/open.spotify.com\/embed\/show\/4khMKzP3FgFRWVwb73xicc?si=252fe5bff2b34909&#038;utm_source=oembed\"><\/iframe><\/p>\n<p>\u201cGillette Venus \u00e9 a marca n\u00famero 1 em l\u00e2minas femininas para mulheres no mundo, e queremos normalizar a conversa sobre \u00e1rea \u00edntima, para que n\u00e3o seja mais um tabu falar de depila\u00e7\u00e3o dessa regi\u00e3o. Acreditamos na celebra\u00e7\u00e3o e na aceita\u00e7\u00e3o dos corpos femininos, por isso incentivamos as mulheres a se sentirem bem e confort\u00e1veis consigo mesmas, refor\u00e7ando nosso posicionamento de amor \u00e0 pele. Essa nova linha proporciona um cuidado especial com a pele antes, durante e depois da depila\u00e7\u00e3o \u00edntima\u201d, explica Nicole Jardim, diretora de marketing de Gillette Venus.<\/p>\n<p>Siga a p\u00e1gina de GilletteVenusBr no Instagram para acompanhar todos os conte\u00fados e as novidades sobre produtos e promo\u00e7\u00f5es.<\/p>\n","protected":false},"excerpt":{"rendered":"<p>Gillette Venus sabe que a pele e os pelos da regi\u00e3o \u00edntima merecem um cuidado especial, por ser uma das \u00e1reas mais delicadas do corpo feminino. Por isso, a marca acaba de lan\u00e7ar uma cole\u00e7\u00e3o espec\u00edfica para a \u00e1rea \u00edntima feminina, desenvolvida para atender \u00e0s necessidades dessa regi\u00e3o, melhorando a experi\u00eancia de depila\u00e7\u00e3o com produtos [&hellip;]<\/p>\n","protected":false},"author":1,"featured_media":44985,"comment_status":"open","ping_status":"open","sticky":false,"template":"","format":"standard","meta":{"tdm_status":"","tdm_grid_status":"","footnotes":""},"categories":[6],"tags":[65,33,449,28,182,66],"class_list":["post-44984","post","type-post","status-publish","format-standard","has-post-thumbnail","hentry","category-noticias","tag-campanha","tag-estrategia","tag-gillette","tag-marketing","tag-produto","tag-propaganda"],"yoast_head":"<!-- This site is optimized with the Yoast SEO plugin v27.5 - https:\/\/yoast.com\/product\/yoast-seo-wordpress\/ -->\n<title>Gillette Venus cria linha especial para \u00e1rea \u00edntima - CidadeMarketing<\/title>\n<meta name=\"robots\" content=\"index, follow, max-snippet:-1, max-image-preview:large, max-video-preview:-1\" \/>\n<link rel=\"canonical\" href=\"https:\/\/www.cidademarketing.com.br\/marketing\/2023\/05\/11\/gillette-venus-cria-linha-especial-para-area-intima\/\" \/>\n<meta property=\"og:locale\" content=\"pt_BR\" \/>\n<meta property=\"og:type\" content=\"article\" \/>\n<meta property=\"og:title\" content=\"Gillette Venus cria linha especial para \u00e1rea \u00edntima - CidadeMarketing\" \/>\n<meta property=\"og:description\" content=\"Gillette Venus sabe que a pele e os pelos da regi\u00e3o \u00edntima merecem um cuidado especial, por ser uma das \u00e1reas mais delicadas do corpo feminino. Por isso, a marca acaba de lan\u00e7ar uma cole\u00e7\u00e3o espec\u00edfica para a \u00e1rea \u00edntima feminina, desenvolvida para atender \u00e0s necessidades dessa regi\u00e3o, melhorando a experi\u00eancia de depila\u00e7\u00e3o com produtos [&hellip;]\" \/>\n<meta property=\"og:url\" content=\"https:\/\/www.cidademarketing.com.br\/marketing\/2023\/05\/11\/gillette-venus-cria-linha-especial-para-area-intima\/\" \/>\n<meta property=\"og:site_name\" content=\"CidadeMarketing\" \/>\n<meta property=\"article:publisher\" content=\"https:\/\/www.facebook.com\/portalcidademarketing\" \/>\n<meta property=\"article:author\" content=\"https:\/\/www.facebook.com\/thalesbrandao\" \/>\n<meta property=\"article:published_time\" content=\"2023-05-11T17:13:46+00:00\" \/>\n<meta property=\"og:image\" content=\"https:\/\/www.cidademarketing.com.br\/marketing\/wp-content\/uploads\/2023\/05\/gillette_venus_.png\" \/>\n\t<meta property=\"og:image:width\" content=\"658\" \/>\n\t<meta property=\"og:image:height\" content=\"347\" \/>\n\t<meta property=\"og:image:type\" content=\"image\/png\" \/>\n<meta name=\"author\" content=\"Thales Brand\u00e3o\" \/>\n<meta name=\"twitter:card\" content=\"summary_large_image\" \/>\n<meta name=\"twitter:creator\" content=\"@http:\/\/www.twitter.com\/thalesbrandao\" \/>\n<meta name=\"twitter:site\" content=\"@CidadeMarketing\" \/>\n<meta name=\"twitter:label1\" content=\"Escrito por\" \/>\n\t<meta name=\"twitter:data1\" content=\"Thales Brand\u00e3o\" \/>\n\t<meta name=\"twitter:label2\" content=\"Est. tempo de leitura\" \/>\n\t<meta name=\"twitter:data2\" content=\"3 minutos\" \/>\n<script type=\"application\/ld+json\" class=\"yoast-schema-graph\">{\"@context\":\"https:\\\/\\\/schema.org\",\"@graph\":[{\"@type\":\"Article\",\"@id\":\"https:\\\/\\\/www.cidademarketing.com.br\\\/marketing\\\/2023\\\/05\\\/11\\\/gillette-venus-cria-linha-especial-para-area-intima\\\/#article\",\"isPartOf\":{\"@id\":\"https:\\\/\\\/www.cidademarketing.com.br\\\/marketing\\\/2023\\\/05\\\/11\\\/gillette-venus-cria-linha-especial-para-area-intima\\\/\"},\"author\":{\"name\":\"Thales Brand\u00e3o\",\"@id\":\"https:\\\/\\\/www.cidademarketing.com.br\\\/marketing\\\/#\\\/schema\\\/person\\\/02daff9f18bd9378c9e01eb6b2db155f\"},\"headline\":\"Gillette Venus cria linha especial para \u00e1rea \u00edntima\",\"datePublished\":\"2023-05-11T17:13:46+00:00\",\"mainEntityOfPage\":{\"@id\":\"https:\\\/\\\/www.cidademarketing.com.br\\\/marketing\\\/2023\\\/05\\\/11\\\/gillette-venus-cria-linha-especial-para-area-intima\\\/\"},\"wordCount\":640,\"commentCount\":0,\"publisher\":{\"@id\":\"https:\\\/\\\/www.cidademarketing.com.br\\\/marketing\\\/#organization\"},\"image\":{\"@id\":\"https:\\\/\\\/www.cidademarketing.com.br\\\/marketing\\\/2023\\\/05\\\/11\\\/gillette-venus-cria-linha-especial-para-area-intima\\\/#primaryimage\"},\"thumbnailUrl\":\"https:\\\/\\\/www.cidademarketing.com.br\\\/marketing\\\/wp-content\\\/uploads\\\/2023\\\/05\\\/gillette_venus_.png\",\"keywords\":[\"campanha\",\"estrat\u00e9gia\",\"Gillette\",\"marketing\",\"produto\",\"propaganda\"],\"articleSection\":[\"Not\u00edcias\"],\"inLanguage\":\"pt-BR\",\"potentialAction\":[{\"@type\":\"CommentAction\",\"name\":\"Comment\",\"target\":[\"https:\\\/\\\/www.cidademarketing.com.br\\\/marketing\\\/2023\\\/05\\\/11\\\/gillette-venus-cria-linha-especial-para-area-intima\\\/#respond\"]}]},{\"@type\":\"WebPage\",\"@id\":\"https:\\\/\\\/www.cidademarketing.com.br\\\/marketing\\\/2023\\\/05\\\/11\\\/gillette-venus-cria-linha-especial-para-area-intima\\\/\",\"url\":\"https:\\\/\\\/www.cidademarketing.com.br\\\/marketing\\\/2023\\\/05\\\/11\\\/gillette-venus-cria-linha-especial-para-area-intima\\\/\",\"name\":\"Gillette Venus cria linha especial para \u00e1rea \u00edntima - CidadeMarketing\",\"isPartOf\":{\"@id\":\"https:\\\/\\\/www.cidademarketing.com.br\\\/marketing\\\/#website\"},\"primaryImageOfPage\":{\"@id\":\"https:\\\/\\\/www.cidademarketing.com.br\\\/marketing\\\/2023\\\/05\\\/11\\\/gillette-venus-cria-linha-especial-para-area-intima\\\/#primaryimage\"},\"image\":{\"@id\":\"https:\\\/\\\/www.cidademarketing.com.br\\\/marketing\\\/2023\\\/05\\\/11\\\/gillette-venus-cria-linha-especial-para-area-intima\\\/#primaryimage\"},\"thumbnailUrl\":\"https:\\\/\\\/www.cidademarketing.com.br\\\/marketing\\\/wp-content\\\/uploads\\\/2023\\\/05\\\/gillette_venus_.png\",\"datePublished\":\"2023-05-11T17:13:46+00:00\",\"breadcrumb\":{\"@id\":\"https:\\\/\\\/www.cidademarketing.com.br\\\/marketing\\\/2023\\\/05\\\/11\\\/gillette-venus-cria-linha-especial-para-area-intima\\\/#breadcrumb\"},\"inLanguage\":\"pt-BR\",\"potentialAction\":[{\"@type\":\"ReadAction\",\"target\":[\"https:\\\/\\\/www.cidademarketing.com.br\\\/marketing\\\/2023\\\/05\\\/11\\\/gillette-venus-cria-linha-especial-para-area-intima\\\/\"]}]},{\"@type\":\"ImageObject\",\"inLanguage\":\"pt-BR\",\"@id\":\"https:\\\/\\\/www.cidademarketing.com.br\\\/marketing\\\/2023\\\/05\\\/11\\\/gillette-venus-cria-linha-especial-para-area-intima\\\/#primaryimage\",\"url\":\"https:\\\/\\\/www.cidademarketing.com.br\\\/marketing\\\/wp-content\\\/uploads\\\/2023\\\/05\\\/gillette_venus_.png\",\"contentUrl\":\"https:\\\/\\\/www.cidademarketing.com.br\\\/marketing\\\/wp-content\\\/uploads\\\/2023\\\/05\\\/gillette_venus_.png\",\"width\":658,\"height\":347},{\"@type\":\"BreadcrumbList\",\"@id\":\"https:\\\/\\\/www.cidademarketing.com.br\\\/marketing\\\/2023\\\/05\\\/11\\\/gillette-venus-cria-linha-especial-para-area-intima\\\/#breadcrumb\",\"itemListElement\":[{\"@type\":\"ListItem\",\"position\":1,\"name\":\"In\u00edcio\",\"item\":\"https:\\\/\\\/www.cidademarketing.com.br\\\/marketing\\\/\"},{\"@type\":\"ListItem\",\"position\":2,\"name\":\"Gillette Venus cria linha especial para \u00e1rea \u00edntima\"}]},{\"@type\":\"WebSite\",\"@id\":\"https:\\\/\\\/www.cidademarketing.com.br\\\/marketing\\\/#website\",\"url\":\"https:\\\/\\\/www.cidademarketing.com.br\\\/marketing\\\/\",\"name\":\"CidadeMarketing\",\"description\":\"Somos um ve\u00edculo de comunica\u00e7\u00e3o de destaque no Brasil, reconhecido por conte\u00fados nos segmentos de marketing, empreendedorismo e inova\u00e7\u00e3o.\",\"publisher\":{\"@id\":\"https:\\\/\\\/www.cidademarketing.com.br\\\/marketing\\\/#organization\"},\"alternateName\":\"CidadeMarketing\",\"potentialAction\":[{\"@type\":\"SearchAction\",\"target\":{\"@type\":\"EntryPoint\",\"urlTemplate\":\"https:\\\/\\\/www.cidademarketing.com.br\\\/marketing\\\/?s={search_term_string}\"},\"query-input\":{\"@type\":\"PropertyValueSpecification\",\"valueRequired\":true,\"valueName\":\"search_term_string\"}}],\"inLanguage\":\"pt-BR\"},{\"@type\":\"Organization\",\"@id\":\"https:\\\/\\\/www.cidademarketing.com.br\\\/marketing\\\/#organization\",\"name\":\"CidadeMarketing\",\"alternateName\":\"CidadeMarketing\",\"url\":\"https:\\\/\\\/www.cidademarketing.com.br\\\/marketing\\\/\",\"logo\":{\"@type\":\"ImageObject\",\"inLanguage\":\"pt-BR\",\"@id\":\"https:\\\/\\\/www.cidademarketing.com.br\\\/marketing\\\/#\\\/schema\\\/logo\\\/image\\\/\",\"url\":\"https:\\\/\\\/www.cidademarketing.com.br\\\/marketing\\\/wp-content\\\/uploads\\\/2020\\\/01\\\/cidademarketing_marca_mobile.png\",\"contentUrl\":\"https:\\\/\\\/www.cidademarketing.com.br\\\/marketing\\\/wp-content\\\/uploads\\\/2020\\\/01\\\/cidademarketing_marca_mobile.png\",\"width\":230,\"height\":92,\"caption\":\"CidadeMarketing\"},\"image\":{\"@id\":\"https:\\\/\\\/www.cidademarketing.com.br\\\/marketing\\\/#\\\/schema\\\/logo\\\/image\\\/\"},\"sameAs\":[\"https:\\\/\\\/www.facebook.com\\\/portalcidademarketing\",\"https:\\\/\\\/x.com\\\/CidadeMarketing\",\"https:\\\/\\\/www.instagram.com\\\/cidademarketing\\\/\"]},{\"@type\":\"Person\",\"@id\":\"https:\\\/\\\/www.cidademarketing.com.br\\\/marketing\\\/#\\\/schema\\\/person\\\/02daff9f18bd9378c9e01eb6b2db155f\",\"name\":\"Thales Brand\u00e3o\",\"image\":{\"@type\":\"ImageObject\",\"inLanguage\":\"pt-BR\",\"@id\":\"https:\\\/\\\/secure.gravatar.com\\\/avatar\\\/7ca3206950207cc3cb48feec56a8a7898741ab725c368d99d5d7a5a50aab80c6?s=96&d=mm&r=g\",\"url\":\"https:\\\/\\\/secure.gravatar.com\\\/avatar\\\/7ca3206950207cc3cb48feec56a8a7898741ab725c368d99d5d7a5a50aab80c6?s=96&d=mm&r=g\",\"contentUrl\":\"https:\\\/\\\/secure.gravatar.com\\\/avatar\\\/7ca3206950207cc3cb48feec56a8a7898741ab725c368d99d5d7a5a50aab80c6?s=96&d=mm&r=g\",\"caption\":\"Thales Brand\u00e3o\"},\"description\":\"Editor Executivo do Portal CidadeMarketing.com.br &gt; Mestre em Comunica\u00e7\u00e3o e Sociedade pela Universidade Federal de Sergipe. Possui MBA Executivo em Administra\u00e7\u00e3o com \u00eanfase em Marketing pela Funda\u00e7\u00e3o Get\u00falio Vargas - Rio de Janeiro. Consultor, Palestrante e Pesquisador sobre Empreendedorismo, Marketing, Redes Sociais e Neg\u00f3cios Digitais. Professor, Palestrante TedxTalks e Campus Party. Twitter: @ThalesBrandao\",\"sameAs\":[\"http:\\\/\\\/www.mandacaru.com.br\",\"https:\\\/\\\/www.facebook.com\\\/thalesbrandao\",\"http:\\\/\\\/www.instagram.com.br\\\/thalesbrandaoferreira\",\"https:\\\/\\\/www.linkedin.com\\\/in\\\/thales-brand\u00e3o-3948609\\\/\",\"https:\\\/\\\/x.com\\\/http:\\\/\\\/www.twitter.com\\\/thalesbrandao\"],\"url\":\"https:\\\/\\\/www.cidademarketing.com.br\\\/marketing\\\/author\\\/thalesbrandao\\\/\"}]}<\/script>\n<!-- \/ Yoast SEO plugin. -->","yoast_head_json":{"title":"Gillette Venus cria linha especial para \u00e1rea \u00edntima - CidadeMarketing","robots":{"index":"index","follow":"follow","max-snippet":"max-snippet:-1","max-image-preview":"max-image-preview:large","max-video-preview":"max-video-preview:-1"},"canonical":"https:\/\/www.cidademarketing.com.br\/marketing\/2023\/05\/11\/gillette-venus-cria-linha-especial-para-area-intima\/","og_locale":"pt_BR","og_type":"article","og_title":"Gillette Venus cria linha especial para \u00e1rea \u00edntima - CidadeMarketing","og_description":"Gillette Venus sabe que a pele e os pelos da regi\u00e3o \u00edntima merecem um cuidado especial, por ser uma das \u00e1reas mais delicadas do corpo feminino. Por isso, a marca acaba de lan\u00e7ar uma cole\u00e7\u00e3o espec\u00edfica para a \u00e1rea \u00edntima feminina, desenvolvida para atender \u00e0s necessidades dessa regi\u00e3o, melhorando a experi\u00eancia de depila\u00e7\u00e3o com produtos [&hellip;]","og_url":"https:\/\/www.cidademarketing.com.br\/marketing\/2023\/05\/11\/gillette-venus-cria-linha-especial-para-area-intima\/","og_site_name":"CidadeMarketing","article_publisher":"https:\/\/www.facebook.com\/portalcidademarketing","article_author":"https:\/\/www.facebook.com\/thalesbrandao","article_published_time":"2023-05-11T17:13:46+00:00","og_image":[{"width":658,"height":347,"url":"https:\/\/www.cidademarketing.com.br\/marketing\/wp-content\/uploads\/2023\/05\/gillette_venus_.png","type":"image\/png"}],"author":"Thales Brand\u00e3o","twitter_card":"summary_large_image","twitter_creator":"@http:\/\/www.twitter.com\/thalesbrandao","twitter_site":"@CidadeMarketing","twitter_misc":{"Escrito por":"Thales Brand\u00e3o","Est. tempo de leitura":"3 minutos"},"schema":{"@context":"https:\/\/schema.org","@graph":[{"@type":"Article","@id":"https:\/\/www.cidademarketing.com.br\/marketing\/2023\/05\/11\/gillette-venus-cria-linha-especial-para-area-intima\/#article","isPartOf":{"@id":"https:\/\/www.cidademarketing.com.br\/marketing\/2023\/05\/11\/gillette-venus-cria-linha-especial-para-area-intima\/"},"author":{"name":"Thales Brand\u00e3o","@id":"https:\/\/www.cidademarketing.com.br\/marketing\/#\/schema\/person\/02daff9f18bd9378c9e01eb6b2db155f"},"headline":"Gillette Venus cria linha especial para \u00e1rea \u00edntima","datePublished":"2023-05-11T17:13:46+00:00","mainEntityOfPage":{"@id":"https:\/\/www.cidademarketing.com.br\/marketing\/2023\/05\/11\/gillette-venus-cria-linha-especial-para-area-intima\/"},"wordCount":640,"commentCount":0,"publisher":{"@id":"https:\/\/www.cidademarketing.com.br\/marketing\/#organization"},"image":{"@id":"https:\/\/www.cidademarketing.com.br\/marketing\/2023\/05\/11\/gillette-venus-cria-linha-especial-para-area-intima\/#primaryimage"},"thumbnailUrl":"https:\/\/www.cidademarketing.com.br\/marketing\/wp-content\/uploads\/2023\/05\/gillette_venus_.png","keywords":["campanha","estrat\u00e9gia","Gillette","marketing","produto","propaganda"],"articleSection":["Not\u00edcias"],"inLanguage":"pt-BR","potentialAction":[{"@type":"CommentAction","name":"Comment","target":["https:\/\/www.cidademarketing.com.br\/marketing\/2023\/05\/11\/gillette-venus-cria-linha-especial-para-area-intima\/#respond"]}]},{"@type":"WebPage","@id":"https:\/\/www.cidademarketing.com.br\/marketing\/2023\/05\/11\/gillette-venus-cria-linha-especial-para-area-intima\/","url":"https:\/\/www.cidademarketing.com.br\/marketing\/2023\/05\/11\/gillette-venus-cria-linha-especial-para-area-intima\/","name":"Gillette Venus cria linha especial para \u00e1rea \u00edntima - CidadeMarketing","isPartOf":{"@id":"https:\/\/www.cidademarketing.com.br\/marketing\/#website"},"primaryImageOfPage":{"@id":"https:\/\/www.cidademarketing.com.br\/marketing\/2023\/05\/11\/gillette-venus-cria-linha-especial-para-area-intima\/#primaryimage"},"image":{"@id":"https:\/\/www.cidademarketing.com.br\/marketing\/2023\/05\/11\/gillette-venus-cria-linha-especial-para-area-intima\/#primaryimage"},"thumbnailUrl":"https:\/\/www.cidademarketing.com.br\/marketing\/wp-content\/uploads\/2023\/05\/gillette_venus_.png","datePublished":"2023-05-11T17:13:46+00:00","breadcrumb":{"@id":"https:\/\/www.cidademarketing.com.br\/marketing\/2023\/05\/11\/gillette-venus-cria-linha-especial-para-area-intima\/#breadcrumb"},"inLanguage":"pt-BR","potentialAction":[{"@type":"ReadAction","target":["https:\/\/www.cidademarketing.com.br\/marketing\/2023\/05\/11\/gillette-venus-cria-linha-especial-para-area-intima\/"]}]},{"@type":"ImageObject","inLanguage":"pt-BR","@id":"https:\/\/www.cidademarketing.com.br\/marketing\/2023\/05\/11\/gillette-venus-cria-linha-especial-para-area-intima\/#primaryimage","url":"https:\/\/www.cidademarketing.com.br\/marketing\/wp-content\/uploads\/2023\/05\/gillette_venus_.png","contentUrl":"https:\/\/www.cidademarketing.com.br\/marketing\/wp-content\/uploads\/2023\/05\/gillette_venus_.png","width":658,"height":347},{"@type":"BreadcrumbList","@id":"https:\/\/www.cidademarketing.com.br\/marketing\/2023\/05\/11\/gillette-venus-cria-linha-especial-para-area-intima\/#breadcrumb","itemListElement":[{"@type":"ListItem","position":1,"name":"In\u00edcio","item":"https:\/\/www.cidademarketing.com.br\/marketing\/"},{"@type":"ListItem","position":2,"name":"Gillette Venus cria linha especial para \u00e1rea \u00edntima"}]},{"@type":"WebSite","@id":"https:\/\/www.cidademarketing.com.br\/marketing\/#website","url":"https:\/\/www.cidademarketing.com.br\/marketing\/","name":"CidadeMarketing","description":"Somos um ve\u00edculo de comunica\u00e7\u00e3o de destaque no Brasil, reconhecido por conte\u00fados nos segmentos de marketing, empreendedorismo e inova\u00e7\u00e3o.","publisher":{"@id":"https:\/\/www.cidademarketing.com.br\/marketing\/#organization"},"alternateName":"CidadeMarketing","potentialAction":[{"@type":"SearchAction","target":{"@type":"EntryPoint","urlTemplate":"https:\/\/www.cidademarketing.com.br\/marketing\/?s={search_term_string}"},"query-input":{"@type":"PropertyValueSpecification","valueRequired":true,"valueName":"search_term_string"}}],"inLanguage":"pt-BR"},{"@type":"Organization","@id":"https:\/\/www.cidademarketing.com.br\/marketing\/#organization","name":"CidadeMarketing","alternateName":"CidadeMarketing","url":"https:\/\/www.cidademarketing.com.br\/marketing\/","logo":{"@type":"ImageObject","inLanguage":"pt-BR","@id":"https:\/\/www.cidademarketing.com.br\/marketing\/#\/schema\/logo\/image\/","url":"https:\/\/www.cidademarketing.com.br\/marketing\/wp-content\/uploads\/2020\/01\/cidademarketing_marca_mobile.png","contentUrl":"https:\/\/www.cidademarketing.com.br\/marketing\/wp-content\/uploads\/2020\/01\/cidademarketing_marca_mobile.png","width":230,"height":92,"caption":"CidadeMarketing"},"image":{"@id":"https:\/\/www.cidademarketing.com.br\/marketing\/#\/schema\/logo\/image\/"},"sameAs":["https:\/\/www.facebook.com\/portalcidademarketing","https:\/\/x.com\/CidadeMarketing","https:\/\/www.instagram.com\/cidademarketing\/"]},{"@type":"Person","@id":"https:\/\/www.cidademarketing.com.br\/marketing\/#\/schema\/person\/02daff9f18bd9378c9e01eb6b2db155f","name":"Thales Brand\u00e3o","image":{"@type":"ImageObject","inLanguage":"pt-BR","@id":"https:\/\/secure.gravatar.com\/avatar\/7ca3206950207cc3cb48feec56a8a7898741ab725c368d99d5d7a5a50aab80c6?s=96&d=mm&r=g","url":"https:\/\/secure.gravatar.com\/avatar\/7ca3206950207cc3cb48feec56a8a7898741ab725c368d99d5d7a5a50aab80c6?s=96&d=mm&r=g","contentUrl":"https:\/\/secure.gravatar.com\/avatar\/7ca3206950207cc3cb48feec56a8a7898741ab725c368d99d5d7a5a50aab80c6?s=96&d=mm&r=g","caption":"Thales Brand\u00e3o"},"description":"Editor Executivo do Portal CidadeMarketing.com.br &gt; Mestre em Comunica\u00e7\u00e3o e Sociedade pela Universidade Federal de Sergipe. Possui MBA Executivo em Administra\u00e7\u00e3o com \u00eanfase em Marketing pela Funda\u00e7\u00e3o Get\u00falio Vargas - Rio de Janeiro. Consultor, Palestrante e Pesquisador sobre Empreendedorismo, Marketing, Redes Sociais e Neg\u00f3cios Digitais. Professor, Palestrante TedxTalks e Campus Party. Twitter: @ThalesBrandao","sameAs":["http:\/\/www.mandacaru.com.br","https:\/\/www.facebook.com\/thalesbrandao","http:\/\/www.instagram.com.br\/thalesbrandaoferreira","https:\/\/www.linkedin.com\/in\/thales-brand\u00e3o-3948609\/","https:\/\/x.com\/http:\/\/www.twitter.com\/thalesbrandao"],"url":"https:\/\/www.cidademarketing.com.br\/marketing\/author\/thalesbrandao\/"}]}},"amp_enabled":true,"_links":{"self":[{"href":"https:\/\/www.cidademarketing.com.br\/marketing\/wp-json\/wp\/v2\/posts\/44984","targetHints":{"allow":["GET"]}}],"collection":[{"href":"https:\/\/www.cidademarketing.com.br\/marketing\/wp-json\/wp\/v2\/posts"}],"about":[{"href":"https:\/\/www.cidademarketing.com.br\/marketing\/wp-json\/wp\/v2\/types\/post"}],"author":[{"embeddable":true,"href":"https:\/\/www.cidademarketing.com.br\/marketing\/wp-json\/wp\/v2\/users\/1"}],"replies":[{"embeddable":true,"href":"https:\/\/www.cidademarketing.com.br\/marketing\/wp-json\/wp\/v2\/comments?post=44984"}],"version-history":[{"count":1,"href":"https:\/\/www.cidademarketing.com.br\/marketing\/wp-json\/wp\/v2\/posts\/44984\/revisions"}],"predecessor-version":[{"id":44986,"href":"https:\/\/www.cidademarketing.com.br\/marketing\/wp-json\/wp\/v2\/posts\/44984\/revisions\/44986"}],"wp:featuredmedia":[{"embeddable":true,"href":"https:\/\/www.cidademarketing.com.br\/marketing\/wp-json\/wp\/v2\/media\/44985"}],"wp:attachment":[{"href":"https:\/\/www.cidademarketing.com.br\/marketing\/wp-json\/wp\/v2\/media?parent=44984"}],"wp:term":[{"taxonomy":"category","embeddable":true,"href":"https:\/\/www.cidademarketing.com.br\/marketing\/wp-json\/wp\/v2\/categories?post=44984"},{"taxonomy":"post_tag","embeddable":true,"href":"https:\/\/www.cidademarketing.com.br\/marketing\/wp-json\/wp\/v2\/tags?post=44984"}],"curies":[{"name":"wp","href":"https:\/\/api.w.org\/{rel}","templated":true}]}}