{"id":44879,"date":"2023-05-06T22:06:34","date_gmt":"2023-05-07T01:06:34","guid":{"rendered":"https:\/\/www.cidademarketing.com.br\/marketing\/?p=44879"},"modified":"2023-05-06T22:06:34","modified_gmt":"2023-05-07T01:06:34","slug":"audi-do-brasil-e-carro-oficial-da-casacor-2023","status":"publish","type":"post","link":"https:\/\/www.cidademarketing.com.br\/marketing\/2023\/05\/06\/audi-do-brasil-e-carro-oficial-da-casacor-2023\/","title":{"rendered":"Audi do Brasil \u00e9 carro oficial da CASACOR 2023"},"content":{"rendered":"<p>A Audi do Brasil anuncia a sua parceria com a CASACOR 2023, que chega \u00e0 sua 36\u00aa edi\u00e7\u00e3o neste ano como o principal evento de arquitetura, arte, paisagismo e design de interiores das Am\u00e9ricas. Al\u00e9m de ser o carro oficial do evento, a marca das quatro argolas apresentar\u00e1 ao p\u00fablico visitante da mostra uma imers\u00e3o sobre o progresso e o futuro da mobilidade premium. A primeira edi\u00e7\u00e3o acontece em Goi\u00e2nia, a partir deste s\u00e1bado (06\/05).<\/p>\n<p><a href=\"https:\/\/www.cidademarketing.com.br\/marketing\/sua-marca-vai-virar-noticia\/\" target=\"_blank\" rel=\"noopener\"><img fetchpriority=\"high\" decoding=\"async\" class=\"wp-image-44329 aligncenter\" src=\"https:\/\/www.cidademarketing.com.br\/marketing\/wp-content\/uploads\/2023\/04\/cidademarketing_backlinks_marketingdigital_publieditorial_.png\" alt=\"\" width=\"500\" height=\"500\" \/><\/a><\/p>\n<p>&#8220;A Audi est\u00e1 na vanguarda do setor automotivo por meio do design \u00fanico dos seus carros e das tecnologias que aparecem primeiro em seus ve\u00edculos. Dessa forma, a parceria com a CASACOR, um dos eventos de arquitetura e design de interiores de maior prest\u00edgio do pa\u00eds, expressa essa sintonia que cultivamos no longo prazo com o progresso sustent\u00e1vel e revela tend\u00eancias e novidades de nossos produtos e projetos da marca para um futuro cada vez mais el\u00e9trico&#8221;, afirma Cl\u00e1udio Rawicz, diretor de Marketing da Audi do Brasil.<\/p>\n<p>&nbsp;<\/p>\n\r\n                <style type=\"text\/css\">\r\n                    \r\n                    #tdi_1  .td-doubleSlider-2 .td-item1 {\r\n                        background: url(https:\/\/www.cidademarketing.com.br\/marketing\/wp-content\/uploads\/2023\/05\/audi_casacor_2023_04-80x60.jpg) 0 0 no-repeat;\r\n                    }\r\n                    #tdi_1  .td-doubleSlider-2 .td-item2 {\r\n                        background: url(https:\/\/www.cidademarketing.com.br\/marketing\/wp-content\/uploads\/2023\/05\/audi_casacor_2023_03-80x60.jpg) 0 0 no-repeat;\r\n                    }\r\n                    #tdi_1  .td-doubleSlider-2 .td-item3 {\r\n                        background: url(https:\/\/www.cidademarketing.com.br\/marketing\/wp-content\/uploads\/2023\/05\/audi_casacor_2023_02-80x60.jpg) 0 0 no-repeat;\r\n                    }\r\n                    #tdi_1  .td-doubleSlider-2 .td-item4 {\r\n                        background: url(https:\/\/www.cidademarketing.com.br\/marketing\/wp-content\/uploads\/2023\/05\/audi_casacor_2023_01-80x60.jpg) 0 0 no-repeat;\r\n                    }\r\n                <\/style>\r\n\r\n                <div id=\"tdi_1\" class=\"td-gallery td-slide-on-2-columns\">\r\n                    <div class=\"post_td_gallery\">\r\n                        <div class=\"td-gallery-slide-top\">\r\n                           <div class=\"td-gallery-title\"><\/div>\r\n\r\n                            <div class=\"td-gallery-controls-wrapper\">\r\n                                <div class=\"td-gallery-slide-count\"><span class=\"td-gallery-slide-item-focus\">1<\/span> de 4<\/div>\r\n                                <div class=\"td-gallery-slide-prev-next-but\">\r\n                                    <i class = \"td-icon-left doubleSliderPrevButton\"><\/i>\r\n                                    <i class = \"td-icon-right doubleSliderNextButton\"><\/i>\r\n                                <\/div>\r\n                            <\/div>\r\n                        <\/div>\r\n\r\n                        <div class = \"td-doubleSlider-1 \">\r\n                            <div class = \"td-slider\">\r\n                                \r\n                    <div class = \"td-slide-item td-item1\">\r\n                        <figure class=\"td-slide-galery-figure td-slide-popup-gallery\">\r\n                            <a class=\"slide-gallery-image-link\" href=\"https:\/\/www.cidademarketing.com.br\/marketing\/wp-content\/uploads\/2023\/05\/audi_casacor_2023_04.jpg\" title=\"audi_casacor_2023_04\"  data-caption=\"\"  data-description=\"\">\r\n                                <img decoding=\"async\" src=\"https:\/\/www.cidademarketing.com.br\/marketing\/wp-content\/uploads\/2023\/05\/audi_casacor_2023_04-1097x420.jpg\" srcset=\"https:\/\/www.cidademarketing.com.br\/marketing\/wp-content\/uploads\/2023\/05\/audi_casacor_2023_04-1097x420.jpg 1097w, https:\/\/www.cidademarketing.com.br\/marketing\/wp-content\/uploads\/2023\/05\/audi_casacor_2023_04-300x115.jpg 300w, https:\/\/www.cidademarketing.com.br\/marketing\/wp-content\/uploads\/2023\/05\/audi_casacor_2023_04-1024x392.jpg 1024w, https:\/\/www.cidademarketing.com.br\/marketing\/wp-content\/uploads\/2023\/05\/audi_casacor_2023_04-768x294.jpg 768w, https:\/\/www.cidademarketing.com.br\/marketing\/wp-content\/uploads\/2023\/05\/audi_casacor_2023_04-1536x588.jpg 1536w, https:\/\/www.cidademarketing.com.br\/marketing\/wp-content\/uploads\/2023\/05\/audi_casacor_2023_04-2048x784.jpg 2048w, https:\/\/www.cidademarketing.com.br\/marketing\/wp-content\/uploads\/2023\/05\/audi_casacor_2023_04-640x245.jpg 640w, https:\/\/www.cidademarketing.com.br\/marketing\/wp-content\/uploads\/2023\/05\/audi_casacor_2023_04-681x261.jpg 681w\" sizes=\"(max-width: 1097px) 100vw, 1097px\" alt=\"\">\r\n                            <\/a>\r\n                            \r\n                        <\/figure>\r\n                    <\/div>\r\n                    <div class = \"td-slide-item td-item2\">\r\n                        <figure class=\"td-slide-galery-figure td-slide-popup-gallery\">\r\n                            <a class=\"slide-gallery-image-link\" href=\"https:\/\/www.cidademarketing.com.br\/marketing\/wp-content\/uploads\/2023\/05\/audi_casacor_2023_03.jpg\" title=\"audi_casacor_2023_03\"  data-caption=\"\"  data-description=\"\">\r\n                                <img decoding=\"async\" src=\"https:\/\/www.cidademarketing.com.br\/marketing\/wp-content\/uploads\/2023\/05\/audi_casacor_2023_03-630x420.jpg\" srcset=\"https:\/\/www.cidademarketing.com.br\/marketing\/wp-content\/uploads\/2023\/05\/audi_casacor_2023_03-630x420.jpg 630w, https:\/\/www.cidademarketing.com.br\/marketing\/wp-content\/uploads\/2023\/05\/audi_casacor_2023_03-300x200.jpg 300w, https:\/\/www.cidademarketing.com.br\/marketing\/wp-content\/uploads\/2023\/05\/audi_casacor_2023_03-1024x683.jpg 1024w, https:\/\/www.cidademarketing.com.br\/marketing\/wp-content\/uploads\/2023\/05\/audi_casacor_2023_03-768x512.jpg 768w, https:\/\/www.cidademarketing.com.br\/marketing\/wp-content\/uploads\/2023\/05\/audi_casacor_2023_03-1536x1024.jpg 1536w, https:\/\/www.cidademarketing.com.br\/marketing\/wp-content\/uploads\/2023\/05\/audi_casacor_2023_03-640x427.jpg 640w, https:\/\/www.cidademarketing.com.br\/marketing\/wp-content\/uploads\/2023\/05\/audi_casacor_2023_03-681x454.jpg 681w, https:\/\/www.cidademarketing.com.br\/marketing\/wp-content\/uploads\/2023\/05\/audi_casacor_2023_03.jpg 1680w\" sizes=\"(max-width: 630px) 100vw, 630px\" alt=\"\">\r\n                            <\/a>\r\n                            \r\n                        <\/figure>\r\n                    <\/div>\r\n                    <div class = \"td-slide-item td-item3\">\r\n                        <figure class=\"td-slide-galery-figure td-slide-popup-gallery\">\r\n                            <a class=\"slide-gallery-image-link\" href=\"https:\/\/www.cidademarketing.com.br\/marketing\/wp-content\/uploads\/2023\/05\/audi_casacor_2023_02.jpg\" title=\"audi_casacor_2023_02\"  data-caption=\"\"  data-description=\"\">\r\n                                <img decoding=\"async\" src=\"https:\/\/www.cidademarketing.com.br\/marketing\/wp-content\/uploads\/2023\/05\/audi_casacor_2023_02-630x420.jpg\" srcset=\"https:\/\/www.cidademarketing.com.br\/marketing\/wp-content\/uploads\/2023\/05\/audi_casacor_2023_02-630x420.jpg 630w, https:\/\/www.cidademarketing.com.br\/marketing\/wp-content\/uploads\/2023\/05\/audi_casacor_2023_02-300x200.jpg 300w, https:\/\/www.cidademarketing.com.br\/marketing\/wp-content\/uploads\/2023\/05\/audi_casacor_2023_02-1024x683.jpg 1024w, https:\/\/www.cidademarketing.com.br\/marketing\/wp-content\/uploads\/2023\/05\/audi_casacor_2023_02-768x512.jpg 768w, https:\/\/www.cidademarketing.com.br\/marketing\/wp-content\/uploads\/2023\/05\/audi_casacor_2023_02-640x427.jpg 640w, https:\/\/www.cidademarketing.com.br\/marketing\/wp-content\/uploads\/2023\/05\/audi_casacor_2023_02-681x454.jpg 681w, https:\/\/www.cidademarketing.com.br\/marketing\/wp-content\/uploads\/2023\/05\/audi_casacor_2023_02.jpg 1468w\" sizes=\"(max-width: 630px) 100vw, 630px\" alt=\"\">\r\n                            <\/a>\r\n                            \r\n                        <\/figure>\r\n                    <\/div>\r\n                    <div class = \"td-slide-item td-item4\">\r\n                        <figure class=\"td-slide-galery-figure td-slide-popup-gallery\">\r\n                            <a class=\"slide-gallery-image-link\" href=\"https:\/\/www.cidademarketing.com.br\/marketing\/wp-content\/uploads\/2023\/05\/audi_casacor_2023_01.jpg\" title=\"audi_casacor_2023_01\"  data-caption=\"\"  data-description=\"\">\r\n                                <img decoding=\"async\" src=\"https:\/\/www.cidademarketing.com.br\/marketing\/wp-content\/uploads\/2023\/05\/audi_casacor_2023_01-630x420.jpg\" srcset=\"https:\/\/www.cidademarketing.com.br\/marketing\/wp-content\/uploads\/2023\/05\/audi_casacor_2023_01-630x420.jpg 630w, https:\/\/www.cidademarketing.com.br\/marketing\/wp-content\/uploads\/2023\/05\/audi_casacor_2023_01-300x200.jpg 300w, https:\/\/www.cidademarketing.com.br\/marketing\/wp-content\/uploads\/2023\/05\/audi_casacor_2023_01-1024x683.jpg 1024w, https:\/\/www.cidademarketing.com.br\/marketing\/wp-content\/uploads\/2023\/05\/audi_casacor_2023_01-768x512.jpg 768w, https:\/\/www.cidademarketing.com.br\/marketing\/wp-content\/uploads\/2023\/05\/audi_casacor_2023_01-1536x1024.jpg 1536w, https:\/\/www.cidademarketing.com.br\/marketing\/wp-content\/uploads\/2023\/05\/audi_casacor_2023_01-640x427.jpg 640w, https:\/\/www.cidademarketing.com.br\/marketing\/wp-content\/uploads\/2023\/05\/audi_casacor_2023_01-681x454.jpg 681w, https:\/\/www.cidademarketing.com.br\/marketing\/wp-content\/uploads\/2023\/05\/audi_casacor_2023_01.jpg 1680w\" sizes=\"(max-width: 630px) 100vw, 630px\" alt=\"\">\r\n                            <\/a>\r\n                            \r\n                        <\/figure>\r\n                    <\/div>\r\n                            <\/div>\r\n                        <\/div>\r\n\r\n                        <div class = \"td-doubleSlider-2\">\r\n                            <div class = \"td-slider\">\r\n                                \r\n                    <div class = \"td-button td-item1\">\r\n                        <div class = \"td-border\"><\/div>\r\n                    <\/div>\r\n                    <div class = \"td-button td-item2\">\r\n                        <div class = \"td-border\"><\/div>\r\n                    <\/div>\r\n                    <div class = \"td-button td-item3\">\r\n                        <div class = \"td-border\"><\/div>\r\n                    <\/div>\r\n                    <div class = \"td-button td-item4\">\r\n                        <div class = \"td-border\"><\/div>\r\n                    <\/div>\r\n                            <\/div>\r\n                        <\/div>\r\n\r\n                    <\/div>\r\n\r\n                <\/div>\r\n                \n<p>Levar experi\u00eancias que traduzam o progresso por meio de atividades imersivas faz parte da proposta global da marca Audi em todo o mundo, por meio da plataforma de comunica\u00e7\u00e3o \u201cProgress you can feel\u201d. No Brasil, a primeira grande a\u00e7\u00e3o nesse sentido foi a House of Progress S\u00e3o Paulo, realizada no final de 2021. Um espa\u00e7o que contemplou interatividade com experi\u00eancias sensoriais, exposi\u00e7\u00f5es, apresenta\u00e7\u00f5es musicais, workshops de design e coletivas de imprensa em que foram discutidos temas sobre progresso com foco em sustentabilidade, digitaliza\u00e7\u00e3o, performance e design &#8211; os quatro pilares que sustentam a miss\u00e3o da Audi para a revolu\u00e7\u00e3o da mobilidade.<\/p>\n<p>Audi e-tron Sportback na CASACOR em Goi\u00e2nia (GO)<\/p>\n<p>O Audi e-tron Sportback ser\u00e1 exposto ao p\u00fablico na etapa de Goi\u00e2nia (GO) da CASACOR 2023, que ocorrer\u00e1 entre os dias 06 de maio e 02 de junho, no Flamboyant Shopping (Avenida Dep. Jamel Cec\u00edlio, n\u00b0 3.300). Lan\u00e7ado em setembro de 2020, o modelo 100% el\u00e9trico possui design esportivo e arrojado, destacado pela carroceria em estilo coup\u00e9. O modelo possui at\u00e9 446 quil\u00f4metros de autonomia, de acordo com o ciclo europeu WLTP. Tamb\u00e9m possui dois motores el\u00e9tricos que entregam 408 cv de pot\u00eancia e 664 Nm de torque \u2013 as for\u00e7as s\u00e3o distribu\u00eddas em 135 kW de pot\u00eancia e 309 Nm de torque na frente e 165 kW de pot\u00eancia e 355 Nm no motor traseiro. A acelera\u00e7\u00e3o de 0 a 100 km\/h ocorre em 5,7 segundos e a velocidade m\u00e1xima \u00e9 200 km\/h limitada eletronicamente.<\/p>\n<p>A 26\u00ba edi\u00e7\u00e3o da CASACOR em Goi\u00e2nia ser\u00e1 composta por 36 ambientes idealizados por 53 nomes da arquitetura, design e paisagismo, entre jovens talentos e profissionais consagrados. O complexo ter\u00e1 como tema neste ano Corpo &amp; Morada, abordando a casa como uma extens\u00e3o do corpo e um local de ref\u00fagio, aten\u00e7\u00e3o e cuidado.<\/p>\n<p>&#8220;Os ve\u00edculos da Audi foram integrados ao espa\u00e7o como um elemento din\u00e2mico que se conecta ao dia a dia dos moradores n\u00e3o apenas da garagem para fora, mas como parte do projeto dos ambientes, proporcionando uma experi\u00eancia contempor\u00e2nea e inclusiva da mobilidade&#8221;, descreve Sammea Vilarinho, arquiteta e urbanista participante da CASACOR.<\/p>\n<p>A profissional \u00e9 respons\u00e1vel pelo Lounge Garagem, um espa\u00e7o de 114 metros quadrados inspirado no conceito House Of Progress, que se caracteriza por um design leve, comunica\u00e7\u00e3o assertiva e atmosfera convidativa, com foco no ser humano.<\/p>\n<p>House of Progress e Experi\u00eancia Progressiva<\/p>\n<p>No \u00faltimo ano, o conceito House of Progress foi ampliado e base para a inaugura\u00e7\u00e3o da primeira concession\u00e1ria global da marca com o conceito de experi\u00eancia progressiva. A nova Audi Morumbi possui espa\u00e7o de 750 metros quadrados e apostou no conceito de galeria de arte, onde os autom\u00f3veis est\u00e3o dispostos entre amplos quadros retroiluminados, ilumina\u00e7\u00e3o indireta que proporciona uma atmosfera intimista e recursos tecnol\u00f3gicos de ponta.<\/p>\n<p>Com tons quentes e materiais naturais, a concession\u00e1ria Flagship apostou em inova\u00e7\u00f5es tecnol\u00f3gicas, com destaque para o painel digital em LED de alta resolu\u00e7\u00e3o, chamado Digital Retail Module (DRM), que ocupa uma \u00e1rea de 10 metros quadrados e proporciona uma experi\u00eancia mais interativa e agrad\u00e1vel ao cliente.<\/p>\n<p>Atualmente, algumas concession\u00e1rias da Audi j\u00e1 apresentam conceito ou elementos de experi\u00eancia progressiva, representados por detalhes que ilustram as inova\u00e7\u00f5es tecnol\u00f3gicas da marca como nas concession\u00e1rias Audi Morumbi, Belo Horizonte e Salvador, entre outras. O patroc\u00ednio da CASACOR d\u00e1 sequ\u00eancia nas experi\u00eancias criadas para viver o progresso, celebrar o passado e experimentar o futuro, por meio de espa\u00e7os desenvolvidos a partir do conceito da marca de experi\u00eancia progressiva.<\/p>\n<p>A mostra ser\u00e1 exibida em 18 cidades presentes em estados das cinco regi\u00f5es brasileiras, tais como Rio de Janeiro, Cear\u00e1, Bahia, Goi\u00e1s, Minas Gerais, Rio Grande do Sul, Santa Catarina, Espirito Santo, Tocantins e Para\u00edba.<\/p>\n<p><a href=\"https:\/\/open.spotify.com\/show\/4khMKzP3FgFRWVwb73xicc?si=252fe5bff2b34909\">https:\/\/open.spotify.com\/show\/4khMKzP3FgFRWVwb73xicc?si=252fe5bff2b34909<\/a><\/p>\n<p>&nbsp;<\/p>\n<p>A rede de concession\u00e1rios autorizados da marca no pa\u00eds realizar\u00e1 a\u00e7\u00f5es espec\u00edficas em suas localidades. A Casacor ser\u00e1 ainda palco de lan\u00e7amentos da marca das quatro argolas ao longo deste ano. A programa\u00e7\u00e3o completa do evento itinerante, que ocorrer\u00e1 entre maio deste ano e mar\u00e7o de 2024, pode ser acessada neste link. Abaixo est\u00e1 o calend\u00e1rio do evento:<br \/>\nLoc Data<br \/>\nS\u00e3o Paulo<br \/>\n30\/05 a 06\/08<\/p>\n<p>Goi\u00e1s<br \/>\n06\/05 a 02\/07<\/p>\n<p>Para\u00edba<br \/>\nA Definir<\/p>\n<p>Santa Catarina &#8211; Balne\u00e1rio Locais<br \/>\n21\/05 a 02\/07<\/p>\n<p>Paran\u00e1<br \/>\n04\/06 a 23\/07<\/p>\n<p>Minas Gerais<br \/>\n28\/06 a 27\/08<\/p>\n<p>Bahia<br \/>\n05\/07 a 27\/08<\/p>\n<p>Rio de Janeiro<br \/>\n25\/07 a 24\/09<\/p>\n<p>Tocantins<br \/>\n04\/08 a 19\/09<\/p>\n<p>Rio Grande do Sul<br \/>\n05\/08 a 01\/10<\/p>\n<p>Ribeir\u00e3o Preto<br \/>\n15\/08 a 08\/10<\/p>\n<p>Espirito Santo<br \/>\n28\/08 a 19\/10<\/p>\n<p>Bras\u00edlia<br \/>\nA Definir<\/p>\n<p>Sergipe<br \/>\n06\/09 a 29\/10<\/p>\n<p>Pernambuco<br \/>\n07\/09 a 29\/10<\/p>\n<p>Cear\u00e1<br \/>\n12\/09 a 29\/10<\/p>\n<p>Santa Catarina &#8211; Florian\u00f3polis<br \/>\n17\/09 a 29\/10<\/p>\n<p>Mato Grosso<br \/>\nA Definir<\/p>\n<p>Mato Grosso do Sul<br \/>\nA Definir<\/p>\n","protected":false},"excerpt":{"rendered":"<p>A Audi do Brasil anuncia a sua parceria com a CASACOR 2023, que chega \u00e0 sua 36\u00aa edi\u00e7\u00e3o neste ano como o principal evento de arquitetura, arte, paisagismo e design de interiores das Am\u00e9ricas. Al\u00e9m de ser o carro oficial do evento, a marca das quatro argolas apresentar\u00e1 ao p\u00fablico visitante da mostra uma imers\u00e3o [&hellip;]<\/p>\n","protected":false},"author":1,"featured_media":44883,"comment_status":"open","ping_status":"open","sticky":false,"template":"","format":"standard","meta":{"tdm_status":"","tdm_grid_status":"","footnotes":""},"categories":[6],"tags":[3475,943,1907,33,28,447,185],"class_list":["post-44879","post","type-post","status-publish","format-standard","has-post-thumbnail","hentry","category-noticias","tag-arquitetura","tag-audi","tag-casacor","tag-estrategia","tag-marketing","tag-patrocinio","tag-tecnologia"],"yoast_head":"<!-- This site is optimized with the Yoast SEO plugin v27.5 - https:\/\/yoast.com\/product\/yoast-seo-wordpress\/ -->\n<title>Audi do Brasil \u00e9 carro oficial da CASACOR 2023 - CidadeMarketing<\/title>\n<meta name=\"robots\" content=\"index, follow, max-snippet:-1, max-image-preview:large, max-video-preview:-1\" \/>\n<link rel=\"canonical\" href=\"https:\/\/www.cidademarketing.com.br\/marketing\/2023\/05\/06\/audi-do-brasil-e-carro-oficial-da-casacor-2023\/\" \/>\n<meta property=\"og:locale\" content=\"pt_BR\" \/>\n<meta property=\"og:type\" content=\"article\" \/>\n<meta property=\"og:title\" content=\"Audi do Brasil \u00e9 carro oficial da CASACOR 2023 - CidadeMarketing\" \/>\n<meta property=\"og:description\" content=\"A Audi do Brasil anuncia a sua parceria com a CASACOR 2023, que chega \u00e0 sua 36\u00aa edi\u00e7\u00e3o neste ano como o principal evento de arquitetura, arte, paisagismo e design de interiores das Am\u00e9ricas. Al\u00e9m de ser o carro oficial do evento, a marca das quatro argolas apresentar\u00e1 ao p\u00fablico visitante da mostra uma imers\u00e3o [&hellip;]\" \/>\n<meta property=\"og:url\" content=\"https:\/\/www.cidademarketing.com.br\/marketing\/2023\/05\/06\/audi-do-brasil-e-carro-oficial-da-casacor-2023\/\" \/>\n<meta property=\"og:site_name\" content=\"CidadeMarketing\" \/>\n<meta property=\"article:publisher\" content=\"https:\/\/www.facebook.com\/portalcidademarketing\" \/>\n<meta property=\"article:author\" content=\"https:\/\/www.facebook.com\/thalesbrandao\" \/>\n<meta property=\"article:published_time\" content=\"2023-05-07T01:06:34+00:00\" \/>\n<meta property=\"og:image\" content=\"https:\/\/www.cidademarketing.com.br\/marketing\/wp-content\/uploads\/2023\/05\/audi_casacor_2023_01.jpg\" \/>\n\t<meta property=\"og:image:width\" content=\"1680\" \/>\n\t<meta property=\"og:image:height\" content=\"1120\" \/>\n\t<meta property=\"og:image:type\" content=\"image\/jpeg\" \/>\n<meta name=\"author\" content=\"Thales Brand\u00e3o\" \/>\n<meta name=\"twitter:card\" content=\"summary_large_image\" \/>\n<meta name=\"twitter:creator\" content=\"@http:\/\/www.twitter.com\/thalesbrandao\" \/>\n<meta name=\"twitter:site\" content=\"@CidadeMarketing\" \/>\n<meta name=\"twitter:label1\" content=\"Escrito por\" \/>\n\t<meta name=\"twitter:data1\" content=\"Thales Brand\u00e3o\" \/>\n\t<meta name=\"twitter:label2\" content=\"Est. tempo de leitura\" \/>\n\t<meta name=\"twitter:data2\" content=\"5 minutos\" \/>\n<script type=\"application\/ld+json\" class=\"yoast-schema-graph\">{\"@context\":\"https:\\\/\\\/schema.org\",\"@graph\":[{\"@type\":\"Article\",\"@id\":\"https:\\\/\\\/www.cidademarketing.com.br\\\/marketing\\\/2023\\\/05\\\/06\\\/audi-do-brasil-e-carro-oficial-da-casacor-2023\\\/#article\",\"isPartOf\":{\"@id\":\"https:\\\/\\\/www.cidademarketing.com.br\\\/marketing\\\/2023\\\/05\\\/06\\\/audi-do-brasil-e-carro-oficial-da-casacor-2023\\\/\"},\"author\":{\"name\":\"Thales Brand\u00e3o\",\"@id\":\"https:\\\/\\\/www.cidademarketing.com.br\\\/marketing\\\/#\\\/schema\\\/person\\\/02daff9f18bd9378c9e01eb6b2db155f\"},\"headline\":\"Audi do Brasil \u00e9 carro oficial da CASACOR 2023\",\"datePublished\":\"2023-05-07T01:06:34+00:00\",\"mainEntityOfPage\":{\"@id\":\"https:\\\/\\\/www.cidademarketing.com.br\\\/marketing\\\/2023\\\/05\\\/06\\\/audi-do-brasil-e-carro-oficial-da-casacor-2023\\\/\"},\"wordCount\":990,\"commentCount\":0,\"publisher\":{\"@id\":\"https:\\\/\\\/www.cidademarketing.com.br\\\/marketing\\\/#organization\"},\"image\":{\"@id\":\"https:\\\/\\\/www.cidademarketing.com.br\\\/marketing\\\/2023\\\/05\\\/06\\\/audi-do-brasil-e-carro-oficial-da-casacor-2023\\\/#primaryimage\"},\"thumbnailUrl\":\"https:\\\/\\\/www.cidademarketing.com.br\\\/marketing\\\/wp-content\\\/uploads\\\/2023\\\/05\\\/audi_casacor_2023_01.jpg\",\"keywords\":[\"arquitetura\",\"Audi\",\"CASACOR\",\"estrat\u00e9gia\",\"marketing\",\"patroc\u00ednio\",\"tecnologia\"],\"articleSection\":[\"Not\u00edcias\"],\"inLanguage\":\"pt-BR\",\"potentialAction\":[{\"@type\":\"CommentAction\",\"name\":\"Comment\",\"target\":[\"https:\\\/\\\/www.cidademarketing.com.br\\\/marketing\\\/2023\\\/05\\\/06\\\/audi-do-brasil-e-carro-oficial-da-casacor-2023\\\/#respond\"]}]},{\"@type\":\"WebPage\",\"@id\":\"https:\\\/\\\/www.cidademarketing.com.br\\\/marketing\\\/2023\\\/05\\\/06\\\/audi-do-brasil-e-carro-oficial-da-casacor-2023\\\/\",\"url\":\"https:\\\/\\\/www.cidademarketing.com.br\\\/marketing\\\/2023\\\/05\\\/06\\\/audi-do-brasil-e-carro-oficial-da-casacor-2023\\\/\",\"name\":\"Audi do Brasil \u00e9 carro oficial da CASACOR 2023 - CidadeMarketing\",\"isPartOf\":{\"@id\":\"https:\\\/\\\/www.cidademarketing.com.br\\\/marketing\\\/#website\"},\"primaryImageOfPage\":{\"@id\":\"https:\\\/\\\/www.cidademarketing.com.br\\\/marketing\\\/2023\\\/05\\\/06\\\/audi-do-brasil-e-carro-oficial-da-casacor-2023\\\/#primaryimage\"},\"image\":{\"@id\":\"https:\\\/\\\/www.cidademarketing.com.br\\\/marketing\\\/2023\\\/05\\\/06\\\/audi-do-brasil-e-carro-oficial-da-casacor-2023\\\/#primaryimage\"},\"thumbnailUrl\":\"https:\\\/\\\/www.cidademarketing.com.br\\\/marketing\\\/wp-content\\\/uploads\\\/2023\\\/05\\\/audi_casacor_2023_01.jpg\",\"datePublished\":\"2023-05-07T01:06:34+00:00\",\"breadcrumb\":{\"@id\":\"https:\\\/\\\/www.cidademarketing.com.br\\\/marketing\\\/2023\\\/05\\\/06\\\/audi-do-brasil-e-carro-oficial-da-casacor-2023\\\/#breadcrumb\"},\"inLanguage\":\"pt-BR\",\"potentialAction\":[{\"@type\":\"ReadAction\",\"target\":[\"https:\\\/\\\/www.cidademarketing.com.br\\\/marketing\\\/2023\\\/05\\\/06\\\/audi-do-brasil-e-carro-oficial-da-casacor-2023\\\/\"]}]},{\"@type\":\"ImageObject\",\"inLanguage\":\"pt-BR\",\"@id\":\"https:\\\/\\\/www.cidademarketing.com.br\\\/marketing\\\/2023\\\/05\\\/06\\\/audi-do-brasil-e-carro-oficial-da-casacor-2023\\\/#primaryimage\",\"url\":\"https:\\\/\\\/www.cidademarketing.com.br\\\/marketing\\\/wp-content\\\/uploads\\\/2023\\\/05\\\/audi_casacor_2023_01.jpg\",\"contentUrl\":\"https:\\\/\\\/www.cidademarketing.com.br\\\/marketing\\\/wp-content\\\/uploads\\\/2023\\\/05\\\/audi_casacor_2023_01.jpg\",\"width\":1680,\"height\":1120},{\"@type\":\"BreadcrumbList\",\"@id\":\"https:\\\/\\\/www.cidademarketing.com.br\\\/marketing\\\/2023\\\/05\\\/06\\\/audi-do-brasil-e-carro-oficial-da-casacor-2023\\\/#breadcrumb\",\"itemListElement\":[{\"@type\":\"ListItem\",\"position\":1,\"name\":\"In\u00edcio\",\"item\":\"https:\\\/\\\/www.cidademarketing.com.br\\\/marketing\\\/\"},{\"@type\":\"ListItem\",\"position\":2,\"name\":\"Audi do Brasil \u00e9 carro oficial da CASACOR 2023\"}]},{\"@type\":\"WebSite\",\"@id\":\"https:\\\/\\\/www.cidademarketing.com.br\\\/marketing\\\/#website\",\"url\":\"https:\\\/\\\/www.cidademarketing.com.br\\\/marketing\\\/\",\"name\":\"CidadeMarketing\",\"description\":\"Somos um ve\u00edculo de comunica\u00e7\u00e3o de destaque no Brasil, reconhecido por conte\u00fados nos segmentos de marketing, empreendedorismo e inova\u00e7\u00e3o.\",\"publisher\":{\"@id\":\"https:\\\/\\\/www.cidademarketing.com.br\\\/marketing\\\/#organization\"},\"alternateName\":\"CidadeMarketing\",\"potentialAction\":[{\"@type\":\"SearchAction\",\"target\":{\"@type\":\"EntryPoint\",\"urlTemplate\":\"https:\\\/\\\/www.cidademarketing.com.br\\\/marketing\\\/?s={search_term_string}\"},\"query-input\":{\"@type\":\"PropertyValueSpecification\",\"valueRequired\":true,\"valueName\":\"search_term_string\"}}],\"inLanguage\":\"pt-BR\"},{\"@type\":\"Organization\",\"@id\":\"https:\\\/\\\/www.cidademarketing.com.br\\\/marketing\\\/#organization\",\"name\":\"CidadeMarketing\",\"alternateName\":\"CidadeMarketing\",\"url\":\"https:\\\/\\\/www.cidademarketing.com.br\\\/marketing\\\/\",\"logo\":{\"@type\":\"ImageObject\",\"inLanguage\":\"pt-BR\",\"@id\":\"https:\\\/\\\/www.cidademarketing.com.br\\\/marketing\\\/#\\\/schema\\\/logo\\\/image\\\/\",\"url\":\"https:\\\/\\\/www.cidademarketing.com.br\\\/marketing\\\/wp-content\\\/uploads\\\/2020\\\/01\\\/cidademarketing_marca_mobile.png\",\"contentUrl\":\"https:\\\/\\\/www.cidademarketing.com.br\\\/marketing\\\/wp-content\\\/uploads\\\/2020\\\/01\\\/cidademarketing_marca_mobile.png\",\"width\":230,\"height\":92,\"caption\":\"CidadeMarketing\"},\"image\":{\"@id\":\"https:\\\/\\\/www.cidademarketing.com.br\\\/marketing\\\/#\\\/schema\\\/logo\\\/image\\\/\"},\"sameAs\":[\"https:\\\/\\\/www.facebook.com\\\/portalcidademarketing\",\"https:\\\/\\\/x.com\\\/CidadeMarketing\",\"https:\\\/\\\/www.instagram.com\\\/cidademarketing\\\/\"]},{\"@type\":\"Person\",\"@id\":\"https:\\\/\\\/www.cidademarketing.com.br\\\/marketing\\\/#\\\/schema\\\/person\\\/02daff9f18bd9378c9e01eb6b2db155f\",\"name\":\"Thales Brand\u00e3o\",\"image\":{\"@type\":\"ImageObject\",\"inLanguage\":\"pt-BR\",\"@id\":\"https:\\\/\\\/secure.gravatar.com\\\/avatar\\\/7ca3206950207cc3cb48feec56a8a7898741ab725c368d99d5d7a5a50aab80c6?s=96&d=mm&r=g\",\"url\":\"https:\\\/\\\/secure.gravatar.com\\\/avatar\\\/7ca3206950207cc3cb48feec56a8a7898741ab725c368d99d5d7a5a50aab80c6?s=96&d=mm&r=g\",\"contentUrl\":\"https:\\\/\\\/secure.gravatar.com\\\/avatar\\\/7ca3206950207cc3cb48feec56a8a7898741ab725c368d99d5d7a5a50aab80c6?s=96&d=mm&r=g\",\"caption\":\"Thales Brand\u00e3o\"},\"description\":\"Editor Executivo do Portal CidadeMarketing.com.br &gt; Mestre em Comunica\u00e7\u00e3o e Sociedade pela Universidade Federal de Sergipe. Possui MBA Executivo em Administra\u00e7\u00e3o com \u00eanfase em Marketing pela Funda\u00e7\u00e3o Get\u00falio Vargas - Rio de Janeiro. Consultor, Palestrante e Pesquisador sobre Empreendedorismo, Marketing, Redes Sociais e Neg\u00f3cios Digitais. Professor, Palestrante TedxTalks e Campus Party. Twitter: @ThalesBrandao\",\"sameAs\":[\"http:\\\/\\\/www.mandacaru.com.br\",\"https:\\\/\\\/www.facebook.com\\\/thalesbrandao\",\"http:\\\/\\\/www.instagram.com.br\\\/thalesbrandaoferreira\",\"https:\\\/\\\/www.linkedin.com\\\/in\\\/thales-brand\u00e3o-3948609\\\/\",\"https:\\\/\\\/x.com\\\/http:\\\/\\\/www.twitter.com\\\/thalesbrandao\"],\"url\":\"https:\\\/\\\/www.cidademarketing.com.br\\\/marketing\\\/author\\\/thalesbrandao\\\/\"}]}<\/script>\n<!-- \/ Yoast SEO plugin. -->","yoast_head_json":{"title":"Audi do Brasil \u00e9 carro oficial da CASACOR 2023 - CidadeMarketing","robots":{"index":"index","follow":"follow","max-snippet":"max-snippet:-1","max-image-preview":"max-image-preview:large","max-video-preview":"max-video-preview:-1"},"canonical":"https:\/\/www.cidademarketing.com.br\/marketing\/2023\/05\/06\/audi-do-brasil-e-carro-oficial-da-casacor-2023\/","og_locale":"pt_BR","og_type":"article","og_title":"Audi do Brasil \u00e9 carro oficial da CASACOR 2023 - CidadeMarketing","og_description":"A Audi do Brasil anuncia a sua parceria com a CASACOR 2023, que chega \u00e0 sua 36\u00aa edi\u00e7\u00e3o neste ano como o principal evento de arquitetura, arte, paisagismo e design de interiores das Am\u00e9ricas. Al\u00e9m de ser o carro oficial do evento, a marca das quatro argolas apresentar\u00e1 ao p\u00fablico visitante da mostra uma imers\u00e3o [&hellip;]","og_url":"https:\/\/www.cidademarketing.com.br\/marketing\/2023\/05\/06\/audi-do-brasil-e-carro-oficial-da-casacor-2023\/","og_site_name":"CidadeMarketing","article_publisher":"https:\/\/www.facebook.com\/portalcidademarketing","article_author":"https:\/\/www.facebook.com\/thalesbrandao","article_published_time":"2023-05-07T01:06:34+00:00","og_image":[{"width":1680,"height":1120,"url":"https:\/\/www.cidademarketing.com.br\/marketing\/wp-content\/uploads\/2023\/05\/audi_casacor_2023_01.jpg","type":"image\/jpeg"}],"author":"Thales Brand\u00e3o","twitter_card":"summary_large_image","twitter_creator":"@http:\/\/www.twitter.com\/thalesbrandao","twitter_site":"@CidadeMarketing","twitter_misc":{"Escrito por":"Thales Brand\u00e3o","Est. tempo de leitura":"5 minutos"},"schema":{"@context":"https:\/\/schema.org","@graph":[{"@type":"Article","@id":"https:\/\/www.cidademarketing.com.br\/marketing\/2023\/05\/06\/audi-do-brasil-e-carro-oficial-da-casacor-2023\/#article","isPartOf":{"@id":"https:\/\/www.cidademarketing.com.br\/marketing\/2023\/05\/06\/audi-do-brasil-e-carro-oficial-da-casacor-2023\/"},"author":{"name":"Thales Brand\u00e3o","@id":"https:\/\/www.cidademarketing.com.br\/marketing\/#\/schema\/person\/02daff9f18bd9378c9e01eb6b2db155f"},"headline":"Audi do Brasil \u00e9 carro oficial da CASACOR 2023","datePublished":"2023-05-07T01:06:34+00:00","mainEntityOfPage":{"@id":"https:\/\/www.cidademarketing.com.br\/marketing\/2023\/05\/06\/audi-do-brasil-e-carro-oficial-da-casacor-2023\/"},"wordCount":990,"commentCount":0,"publisher":{"@id":"https:\/\/www.cidademarketing.com.br\/marketing\/#organization"},"image":{"@id":"https:\/\/www.cidademarketing.com.br\/marketing\/2023\/05\/06\/audi-do-brasil-e-carro-oficial-da-casacor-2023\/#primaryimage"},"thumbnailUrl":"https:\/\/www.cidademarketing.com.br\/marketing\/wp-content\/uploads\/2023\/05\/audi_casacor_2023_01.jpg","keywords":["arquitetura","Audi","CASACOR","estrat\u00e9gia","marketing","patroc\u00ednio","tecnologia"],"articleSection":["Not\u00edcias"],"inLanguage":"pt-BR","potentialAction":[{"@type":"CommentAction","name":"Comment","target":["https:\/\/www.cidademarketing.com.br\/marketing\/2023\/05\/06\/audi-do-brasil-e-carro-oficial-da-casacor-2023\/#respond"]}]},{"@type":"WebPage","@id":"https:\/\/www.cidademarketing.com.br\/marketing\/2023\/05\/06\/audi-do-brasil-e-carro-oficial-da-casacor-2023\/","url":"https:\/\/www.cidademarketing.com.br\/marketing\/2023\/05\/06\/audi-do-brasil-e-carro-oficial-da-casacor-2023\/","name":"Audi do Brasil \u00e9 carro oficial da CASACOR 2023 - CidadeMarketing","isPartOf":{"@id":"https:\/\/www.cidademarketing.com.br\/marketing\/#website"},"primaryImageOfPage":{"@id":"https:\/\/www.cidademarketing.com.br\/marketing\/2023\/05\/06\/audi-do-brasil-e-carro-oficial-da-casacor-2023\/#primaryimage"},"image":{"@id":"https:\/\/www.cidademarketing.com.br\/marketing\/2023\/05\/06\/audi-do-brasil-e-carro-oficial-da-casacor-2023\/#primaryimage"},"thumbnailUrl":"https:\/\/www.cidademarketing.com.br\/marketing\/wp-content\/uploads\/2023\/05\/audi_casacor_2023_01.jpg","datePublished":"2023-05-07T01:06:34+00:00","breadcrumb":{"@id":"https:\/\/www.cidademarketing.com.br\/marketing\/2023\/05\/06\/audi-do-brasil-e-carro-oficial-da-casacor-2023\/#breadcrumb"},"inLanguage":"pt-BR","potentialAction":[{"@type":"ReadAction","target":["https:\/\/www.cidademarketing.com.br\/marketing\/2023\/05\/06\/audi-do-brasil-e-carro-oficial-da-casacor-2023\/"]}]},{"@type":"ImageObject","inLanguage":"pt-BR","@id":"https:\/\/www.cidademarketing.com.br\/marketing\/2023\/05\/06\/audi-do-brasil-e-carro-oficial-da-casacor-2023\/#primaryimage","url":"https:\/\/www.cidademarketing.com.br\/marketing\/wp-content\/uploads\/2023\/05\/audi_casacor_2023_01.jpg","contentUrl":"https:\/\/www.cidademarketing.com.br\/marketing\/wp-content\/uploads\/2023\/05\/audi_casacor_2023_01.jpg","width":1680,"height":1120},{"@type":"BreadcrumbList","@id":"https:\/\/www.cidademarketing.com.br\/marketing\/2023\/05\/06\/audi-do-brasil-e-carro-oficial-da-casacor-2023\/#breadcrumb","itemListElement":[{"@type":"ListItem","position":1,"name":"In\u00edcio","item":"https:\/\/www.cidademarketing.com.br\/marketing\/"},{"@type":"ListItem","position":2,"name":"Audi do Brasil \u00e9 carro oficial da CASACOR 2023"}]},{"@type":"WebSite","@id":"https:\/\/www.cidademarketing.com.br\/marketing\/#website","url":"https:\/\/www.cidademarketing.com.br\/marketing\/","name":"CidadeMarketing","description":"Somos um ve\u00edculo de comunica\u00e7\u00e3o de destaque no Brasil, reconhecido por conte\u00fados nos segmentos de marketing, empreendedorismo e inova\u00e7\u00e3o.","publisher":{"@id":"https:\/\/www.cidademarketing.com.br\/marketing\/#organization"},"alternateName":"CidadeMarketing","potentialAction":[{"@type":"SearchAction","target":{"@type":"EntryPoint","urlTemplate":"https:\/\/www.cidademarketing.com.br\/marketing\/?s={search_term_string}"},"query-input":{"@type":"PropertyValueSpecification","valueRequired":true,"valueName":"search_term_string"}}],"inLanguage":"pt-BR"},{"@type":"Organization","@id":"https:\/\/www.cidademarketing.com.br\/marketing\/#organization","name":"CidadeMarketing","alternateName":"CidadeMarketing","url":"https:\/\/www.cidademarketing.com.br\/marketing\/","logo":{"@type":"ImageObject","inLanguage":"pt-BR","@id":"https:\/\/www.cidademarketing.com.br\/marketing\/#\/schema\/logo\/image\/","url":"https:\/\/www.cidademarketing.com.br\/marketing\/wp-content\/uploads\/2020\/01\/cidademarketing_marca_mobile.png","contentUrl":"https:\/\/www.cidademarketing.com.br\/marketing\/wp-content\/uploads\/2020\/01\/cidademarketing_marca_mobile.png","width":230,"height":92,"caption":"CidadeMarketing"},"image":{"@id":"https:\/\/www.cidademarketing.com.br\/marketing\/#\/schema\/logo\/image\/"},"sameAs":["https:\/\/www.facebook.com\/portalcidademarketing","https:\/\/x.com\/CidadeMarketing","https:\/\/www.instagram.com\/cidademarketing\/"]},{"@type":"Person","@id":"https:\/\/www.cidademarketing.com.br\/marketing\/#\/schema\/person\/02daff9f18bd9378c9e01eb6b2db155f","name":"Thales Brand\u00e3o","image":{"@type":"ImageObject","inLanguage":"pt-BR","@id":"https:\/\/secure.gravatar.com\/avatar\/7ca3206950207cc3cb48feec56a8a7898741ab725c368d99d5d7a5a50aab80c6?s=96&d=mm&r=g","url":"https:\/\/secure.gravatar.com\/avatar\/7ca3206950207cc3cb48feec56a8a7898741ab725c368d99d5d7a5a50aab80c6?s=96&d=mm&r=g","contentUrl":"https:\/\/secure.gravatar.com\/avatar\/7ca3206950207cc3cb48feec56a8a7898741ab725c368d99d5d7a5a50aab80c6?s=96&d=mm&r=g","caption":"Thales Brand\u00e3o"},"description":"Editor Executivo do Portal CidadeMarketing.com.br &gt; Mestre em Comunica\u00e7\u00e3o e Sociedade pela Universidade Federal de Sergipe. Possui MBA Executivo em Administra\u00e7\u00e3o com \u00eanfase em Marketing pela Funda\u00e7\u00e3o Get\u00falio Vargas - Rio de Janeiro. Consultor, Palestrante e Pesquisador sobre Empreendedorismo, Marketing, Redes Sociais e Neg\u00f3cios Digitais. Professor, Palestrante TedxTalks e Campus Party. Twitter: @ThalesBrandao","sameAs":["http:\/\/www.mandacaru.com.br","https:\/\/www.facebook.com\/thalesbrandao","http:\/\/www.instagram.com.br\/thalesbrandaoferreira","https:\/\/www.linkedin.com\/in\/thales-brand\u00e3o-3948609\/","https:\/\/x.com\/http:\/\/www.twitter.com\/thalesbrandao"],"url":"https:\/\/www.cidademarketing.com.br\/marketing\/author\/thalesbrandao\/"}]}},"amp_enabled":true,"_links":{"self":[{"href":"https:\/\/www.cidademarketing.com.br\/marketing\/wp-json\/wp\/v2\/posts\/44879","targetHints":{"allow":["GET"]}}],"collection":[{"href":"https:\/\/www.cidademarketing.com.br\/marketing\/wp-json\/wp\/v2\/posts"}],"about":[{"href":"https:\/\/www.cidademarketing.com.br\/marketing\/wp-json\/wp\/v2\/types\/post"}],"author":[{"embeddable":true,"href":"https:\/\/www.cidademarketing.com.br\/marketing\/wp-json\/wp\/v2\/users\/1"}],"replies":[{"embeddable":true,"href":"https:\/\/www.cidademarketing.com.br\/marketing\/wp-json\/wp\/v2\/comments?post=44879"}],"version-history":[{"count":1,"href":"https:\/\/www.cidademarketing.com.br\/marketing\/wp-json\/wp\/v2\/posts\/44879\/revisions"}],"predecessor-version":[{"id":44884,"href":"https:\/\/www.cidademarketing.com.br\/marketing\/wp-json\/wp\/v2\/posts\/44879\/revisions\/44884"}],"wp:featuredmedia":[{"embeddable":true,"href":"https:\/\/www.cidademarketing.com.br\/marketing\/wp-json\/wp\/v2\/media\/44883"}],"wp:attachment":[{"href":"https:\/\/www.cidademarketing.com.br\/marketing\/wp-json\/wp\/v2\/media?parent=44879"}],"wp:term":[{"taxonomy":"category","embeddable":true,"href":"https:\/\/www.cidademarketing.com.br\/marketing\/wp-json\/wp\/v2\/categories?post=44879"},{"taxonomy":"post_tag","embeddable":true,"href":"https:\/\/www.cidademarketing.com.br\/marketing\/wp-json\/wp\/v2\/tags?post=44879"}],"curies":[{"name":"wp","href":"https:\/\/api.w.org\/{rel}","templated":true}]}}