{"id":44797,"date":"2023-04-30T09:56:27","date_gmt":"2023-04-30T12:56:27","guid":{"rendered":"https:\/\/www.cidademarketing.com.br\/marketing\/?p=44797"},"modified":"2023-04-30T09:56:27","modified_gmt":"2023-04-30T12:56:27","slug":"ram-anuncia-expansao-da-rede-de-concessionarias-com-novo-padrao-premium","status":"publish","type":"post","link":"https:\/\/www.cidademarketing.com.br\/marketing\/2023\/04\/30\/ram-anuncia-expansao-da-rede-de-concessionarias-com-novo-padrao-premium\/","title":{"rendered":"Ram anuncia expans\u00e3o da rede de concession\u00e1rias com novo padr\u00e3o premium"},"content":{"rendered":"<p>O desempenho da Ram no Brasil nos \u00faltimos anos \u00e9 impressionante, com recordes consecutivos em vendas, o que impulsionou a marca para as primeiras coloca\u00e7\u00f5es no ranking do mercado premium, representando o segmento de picapes que entregam for\u00e7a, capacidade, luxo e tecnologia inigual\u00e1veis. No final de 2019, a marca teve 652 emplacamentos e o fechamento de 2022 indicou 5.052 unidades registradas \u2013 alta de 675%. Recentemente, tamb\u00e9m come\u00e7aram a ser revelados detalhes do novo modelo que ser\u00e1 produzido no Brasil e carrega a miss\u00e3o de ser um divisor de \u00e1guas para a marca na regi\u00e3o.<\/p>\n<p><a href=\"https:\/\/www.cidademarketing.com.br\/marketing\/sua-marca-vai-virar-noticia\/\" target=\"_blank\" rel=\"noopener\"><img fetchpriority=\"high\" decoding=\"async\" class=\"wp-image-44329 aligncenter\" src=\"https:\/\/www.cidademarketing.com.br\/marketing\/wp-content\/uploads\/2023\/04\/cidademarketing_backlinks_marketingdigital_publieditorial_.png\" alt=\"\" width=\"500\" height=\"500\" \/><\/a><br \/>\nPara apoiar todo esse crescimento da Ram no pa\u00eds, um movimento de amplia\u00e7\u00e3o da rede de concession\u00e1rias est\u00e1 sendo implementado, com o investimento, por parte dos grupos parceiros, de aproximadamente R$ 150 milh\u00f5es para chegar a mais de 100 lojas at\u00e9 o final deste ano. Mais que o dobro em rela\u00e7\u00e3o aos 46 pontos de venda da marca em dezembro de 2019, demonstrando a aposta nos novos rumos da marca no Brasil, amplificando a capilaridade e a presen\u00e7a em diferentes regi\u00f5es.<br \/>\n\u201cEm paralelo ao lan\u00e7amento da nossa futura picape nacional e aos resultados que alcan\u00e7amos nos \u00faltimos anos no Brasil, estamos mais do que dobrando o n\u00famero de concession\u00e1rias no pa\u00eds, visando a fortalecer a presen\u00e7a da Ram, oferecendo aos nossos clientes mais pontos de vendas com um atendimento premium que \u00e9 reconhecido pela excel\u00eancia e exclusividade\u201d, afirma Breno Kamei, vice-presidente da Ram para a Am\u00e9rica do Sul.<\/p>\n\r\n                <style type=\"text\/css\">\r\n                    \r\n                    #tdi_1  .td-doubleSlider-2 .td-item1 {\r\n                        background: url(https:\/\/www.cidademarketing.com.br\/marketing\/wp-content\/uploads\/2023\/04\/ram_concessionara_01-80x60.jpg) 0 0 no-repeat;\r\n                    }\r\n                    #tdi_1  .td-doubleSlider-2 .td-item2 {\r\n                        background: url(https:\/\/www.cidademarketing.com.br\/marketing\/wp-content\/uploads\/2023\/04\/ram_concessionara_02-80x60.jpg) 0 0 no-repeat;\r\n                    }\r\n                    #tdi_1  .td-doubleSlider-2 .td-item3 {\r\n                        background: url(https:\/\/www.cidademarketing.com.br\/marketing\/wp-content\/uploads\/2023\/04\/ram_concessionara_03-80x60.jpg) 0 0 no-repeat;\r\n                    }\r\n                    #tdi_1  .td-doubleSlider-2 .td-item4 {\r\n                        background: url(https:\/\/www.cidademarketing.com.br\/marketing\/wp-content\/uploads\/2023\/04\/ram_concessionara_04-80x60.jpg) 0 0 no-repeat;\r\n                    }\r\n                    #tdi_1  .td-doubleSlider-2 .td-item5 {\r\n                        background: url(https:\/\/www.cidademarketing.com.br\/marketing\/wp-content\/uploads\/2023\/04\/ram_concessionara_05-80x60.jpg) 0 0 no-repeat;\r\n                    }\r\n                <\/style>\r\n\r\n                <div id=\"tdi_1\" class=\"td-gallery td-slide-on-2-columns\">\r\n                    <div class=\"post_td_gallery\">\r\n                        <div class=\"td-gallery-slide-top\">\r\n                           <div class=\"td-gallery-title\"><\/div>\r\n\r\n                            <div class=\"td-gallery-controls-wrapper\">\r\n                                <div class=\"td-gallery-slide-count\"><span class=\"td-gallery-slide-item-focus\">1<\/span> de 5<\/div>\r\n                                <div class=\"td-gallery-slide-prev-next-but\">\r\n                                    <i class = \"td-icon-left doubleSliderPrevButton\"><\/i>\r\n                                    <i class = \"td-icon-right doubleSliderNextButton\"><\/i>\r\n                                <\/div>\r\n                            <\/div>\r\n                        <\/div>\r\n\r\n                        <div class = \"td-doubleSlider-1 \">\r\n                            <div class = \"td-slider\">\r\n                                \r\n                    <div class = \"td-slide-item td-item1\">\r\n                        <figure class=\"td-slide-galery-figure td-slide-popup-gallery\">\r\n                            <a class=\"slide-gallery-image-link\" href=\"https:\/\/www.cidademarketing.com.br\/marketing\/wp-content\/uploads\/2023\/04\/ram_concessionara_01-scaled.jpg\" title=\"ram_concessionara_01\"  data-caption=\"\"  data-description=\"\">\r\n                                <img decoding=\"async\" src=\"https:\/\/www.cidademarketing.com.br\/marketing\/wp-content\/uploads\/2023\/04\/ram_concessionara_01-630x420.jpg\" srcset=\"https:\/\/www.cidademarketing.com.br\/marketing\/wp-content\/uploads\/2023\/04\/ram_concessionara_01-630x420.jpg 630w, https:\/\/www.cidademarketing.com.br\/marketing\/wp-content\/uploads\/2023\/04\/ram_concessionara_01-300x200.jpg 300w, https:\/\/www.cidademarketing.com.br\/marketing\/wp-content\/uploads\/2023\/04\/ram_concessionara_01-1024x683.jpg 1024w, https:\/\/www.cidademarketing.com.br\/marketing\/wp-content\/uploads\/2023\/04\/ram_concessionara_01-768x512.jpg 768w, https:\/\/www.cidademarketing.com.br\/marketing\/wp-content\/uploads\/2023\/04\/ram_concessionara_01-1536x1024.jpg 1536w, https:\/\/www.cidademarketing.com.br\/marketing\/wp-content\/uploads\/2023\/04\/ram_concessionara_01-2048x1365.jpg 2048w, https:\/\/www.cidademarketing.com.br\/marketing\/wp-content\/uploads\/2023\/04\/ram_concessionara_01-640x427.jpg 640w, https:\/\/www.cidademarketing.com.br\/marketing\/wp-content\/uploads\/2023\/04\/ram_concessionara_01-681x454.jpg 681w\" sizes=\"(max-width: 630px) 100vw, 630px\" alt=\"\">\r\n                            <\/a>\r\n                            \r\n                        <\/figure>\r\n                    <\/div>\r\n                    <div class = \"td-slide-item td-item2\">\r\n                        <figure class=\"td-slide-galery-figure td-slide-popup-gallery\">\r\n                            <a class=\"slide-gallery-image-link\" href=\"https:\/\/www.cidademarketing.com.br\/marketing\/wp-content\/uploads\/2023\/04\/ram_concessionara_02-scaled.jpg\" title=\"ram_concessionara_02\"  data-caption=\"\"  data-description=\"\">\r\n                                <img decoding=\"async\" src=\"https:\/\/www.cidademarketing.com.br\/marketing\/wp-content\/uploads\/2023\/04\/ram_concessionara_02-639x420.jpg\" srcset=\"https:\/\/www.cidademarketing.com.br\/marketing\/wp-content\/uploads\/2023\/04\/ram_concessionara_02-639x420.jpg 639w, https:\/\/www.cidademarketing.com.br\/marketing\/wp-content\/uploads\/2023\/04\/ram_concessionara_02-300x197.jpg 300w, https:\/\/www.cidademarketing.com.br\/marketing\/wp-content\/uploads\/2023\/04\/ram_concessionara_02-1024x673.jpg 1024w, https:\/\/www.cidademarketing.com.br\/marketing\/wp-content\/uploads\/2023\/04\/ram_concessionara_02-768x505.jpg 768w, https:\/\/www.cidademarketing.com.br\/marketing\/wp-content\/uploads\/2023\/04\/ram_concessionara_02-1536x1010.jpg 1536w, https:\/\/www.cidademarketing.com.br\/marketing\/wp-content\/uploads\/2023\/04\/ram_concessionara_02-2048x1346.jpg 2048w, https:\/\/www.cidademarketing.com.br\/marketing\/wp-content\/uploads\/2023\/04\/ram_concessionara_02-640x421.jpg 640w, https:\/\/www.cidademarketing.com.br\/marketing\/wp-content\/uploads\/2023\/04\/ram_concessionara_02-681x448.jpg 681w, https:\/\/www.cidademarketing.com.br\/marketing\/wp-content\/uploads\/2023\/04\/ram_concessionara_02-741x486.jpg 741w\" sizes=\"(max-width: 639px) 100vw, 639px\" alt=\"\">\r\n                            <\/a>\r\n                            \r\n                        <\/figure>\r\n                    <\/div>\r\n                    <div class = \"td-slide-item td-item3\">\r\n                        <figure class=\"td-slide-galery-figure td-slide-popup-gallery\">\r\n                            <a class=\"slide-gallery-image-link\" href=\"https:\/\/www.cidademarketing.com.br\/marketing\/wp-content\/uploads\/2023\/04\/ram_concessionara_03-scaled.jpg\" title=\"ram_concessionara_03\"  data-caption=\"\"  data-description=\"\">\r\n                                <img decoding=\"async\" src=\"https:\/\/www.cidademarketing.com.br\/marketing\/wp-content\/uploads\/2023\/04\/ram_concessionara_03-630x420.jpg\" srcset=\"https:\/\/www.cidademarketing.com.br\/marketing\/wp-content\/uploads\/2023\/04\/ram_concessionara_03-630x420.jpg 630w, https:\/\/www.cidademarketing.com.br\/marketing\/wp-content\/uploads\/2023\/04\/ram_concessionara_03-300x200.jpg 300w, https:\/\/www.cidademarketing.com.br\/marketing\/wp-content\/uploads\/2023\/04\/ram_concessionara_03-1024x683.jpg 1024w, https:\/\/www.cidademarketing.com.br\/marketing\/wp-content\/uploads\/2023\/04\/ram_concessionara_03-768x512.jpg 768w, https:\/\/www.cidademarketing.com.br\/marketing\/wp-content\/uploads\/2023\/04\/ram_concessionara_03-1536x1024.jpg 1536w, https:\/\/www.cidademarketing.com.br\/marketing\/wp-content\/uploads\/2023\/04\/ram_concessionara_03-2048x1365.jpg 2048w, https:\/\/www.cidademarketing.com.br\/marketing\/wp-content\/uploads\/2023\/04\/ram_concessionara_03-640x427.jpg 640w, https:\/\/www.cidademarketing.com.br\/marketing\/wp-content\/uploads\/2023\/04\/ram_concessionara_03-681x454.jpg 681w\" sizes=\"(max-width: 630px) 100vw, 630px\" alt=\"\">\r\n                            <\/a>\r\n                            \r\n                        <\/figure>\r\n                    <\/div>\r\n                    <div class = \"td-slide-item td-item4\">\r\n                        <figure class=\"td-slide-galery-figure td-slide-popup-gallery\">\r\n                            <a class=\"slide-gallery-image-link\" href=\"https:\/\/www.cidademarketing.com.br\/marketing\/wp-content\/uploads\/2023\/04\/ram_concessionara_04-scaled.jpg\" title=\"ram_concessionara_04\"  data-caption=\"\"  data-description=\"\">\r\n                                <img decoding=\"async\" src=\"https:\/\/www.cidademarketing.com.br\/marketing\/wp-content\/uploads\/2023\/04\/ram_concessionara_04-623x420.jpg\" srcset=\"https:\/\/www.cidademarketing.com.br\/marketing\/wp-content\/uploads\/2023\/04\/ram_concessionara_04-623x420.jpg 623w, https:\/\/www.cidademarketing.com.br\/marketing\/wp-content\/uploads\/2023\/04\/ram_concessionara_04-300x202.jpg 300w, https:\/\/www.cidademarketing.com.br\/marketing\/wp-content\/uploads\/2023\/04\/ram_concessionara_04-1024x691.jpg 1024w, https:\/\/www.cidademarketing.com.br\/marketing\/wp-content\/uploads\/2023\/04\/ram_concessionara_04-768x518.jpg 768w, https:\/\/www.cidademarketing.com.br\/marketing\/wp-content\/uploads\/2023\/04\/ram_concessionara_04-1536x1036.jpg 1536w, https:\/\/www.cidademarketing.com.br\/marketing\/wp-content\/uploads\/2023\/04\/ram_concessionara_04-2048x1381.jpg 2048w, https:\/\/www.cidademarketing.com.br\/marketing\/wp-content\/uploads\/2023\/04\/ram_concessionara_04-640x432.jpg 640w, https:\/\/www.cidademarketing.com.br\/marketing\/wp-content\/uploads\/2023\/04\/ram_concessionara_04-681x459.jpg 681w\" sizes=\"(max-width: 623px) 100vw, 623px\" alt=\"\">\r\n                            <\/a>\r\n                            \r\n                        <\/figure>\r\n                    <\/div>\r\n                    <div class = \"td-slide-item td-item5\">\r\n                        <figure class=\"td-slide-galery-figure td-slide-popup-gallery\">\r\n                            <a class=\"slide-gallery-image-link\" href=\"https:\/\/www.cidademarketing.com.br\/marketing\/wp-content\/uploads\/2023\/04\/ram_concessionara_05-scaled.jpg\" title=\"ram_concessionara_05\"  data-caption=\"\"  data-description=\"\">\r\n                                <img decoding=\"async\" src=\"https:\/\/www.cidademarketing.com.br\/marketing\/wp-content\/uploads\/2023\/04\/ram_concessionara_05-630x420.jpg\" srcset=\"https:\/\/www.cidademarketing.com.br\/marketing\/wp-content\/uploads\/2023\/04\/ram_concessionara_05-630x420.jpg 630w, https:\/\/www.cidademarketing.com.br\/marketing\/wp-content\/uploads\/2023\/04\/ram_concessionara_05-300x200.jpg 300w, https:\/\/www.cidademarketing.com.br\/marketing\/wp-content\/uploads\/2023\/04\/ram_concessionara_05-1024x683.jpg 1024w, https:\/\/www.cidademarketing.com.br\/marketing\/wp-content\/uploads\/2023\/04\/ram_concessionara_05-768x512.jpg 768w, https:\/\/www.cidademarketing.com.br\/marketing\/wp-content\/uploads\/2023\/04\/ram_concessionara_05-1536x1024.jpg 1536w, https:\/\/www.cidademarketing.com.br\/marketing\/wp-content\/uploads\/2023\/04\/ram_concessionara_05-2048x1365.jpg 2048w, https:\/\/www.cidademarketing.com.br\/marketing\/wp-content\/uploads\/2023\/04\/ram_concessionara_05-640x427.jpg 640w, https:\/\/www.cidademarketing.com.br\/marketing\/wp-content\/uploads\/2023\/04\/ram_concessionara_05-681x454.jpg 681w\" sizes=\"(max-width: 630px) 100vw, 630px\" alt=\"\">\r\n                            <\/a>\r\n                            \r\n                        <\/figure>\r\n                    <\/div>\r\n                            <\/div>\r\n                        <\/div>\r\n\r\n                        <div class = \"td-doubleSlider-2\">\r\n                            <div class = \"td-slider\">\r\n                                \r\n                    <div class = \"td-button td-item1\">\r\n                        <div class = \"td-border\"><\/div>\r\n                    <\/div>\r\n                    <div class = \"td-button td-item2\">\r\n                        <div class = \"td-border\"><\/div>\r\n                    <\/div>\r\n                    <div class = \"td-button td-item3\">\r\n                        <div class = \"td-border\"><\/div>\r\n                    <\/div>\r\n                    <div class = \"td-button td-item4\">\r\n                        <div class = \"td-border\"><\/div>\r\n                    <\/div>\r\n                    <div class = \"td-button td-item5\">\r\n                        <div class = \"td-border\"><\/div>\r\n                    <\/div>\r\n                            <\/div>\r\n                        <\/div>\r\n\r\n                    <\/div>\r\n\r\n                <\/div>\r\n                \n<p>Com a inaugura\u00e7\u00e3o das novas concession\u00e1rias pelo pa\u00eds, a expectativa \u00e9 atender clientes em Estados que a marca ainda n\u00e3o tinha lojas, como Tocantins, Amap\u00e1, Roraima e Rond\u00f4nia, em suas capitais. Al\u00e9m de novas concession\u00e1rias em outras 14 regi\u00f5es do pa\u00eds que incluem Bahia, Cear\u00e1, Para\u00edba, Pernambuco, Rio Grande do Norte, Mato Grosso, Goi\u00e1s, Paran\u00e1, Florian\u00f3polis, Rio Grande do Sul, Esp\u00edrito Santo e Rio de Janeiro, assim como 12 novos pontos em S\u00e3o Paulo e mais seis novas lojas em Minas Gerais.<br \/>\n\u201cCom este movimento, estamos buscando fortalecer ainda mais a presen\u00e7a da Ram em \u00e1reas estrat\u00e9gicas, assim como trazer para mais perto os clientes em cidades novas para a marca, acompanhando um dos momentos mais importantes da Ram no pa\u00eds com o sucesso de vendas dos nossos modelos e o lan\u00e7amento de uma nova picape nacional exclusiva\u201d refor\u00e7a Everton Kurdejak, vice-presidente de Opera\u00e7\u00f5es Comerciais da Ram para o Brasil.<br \/>\nNovo padr\u00e3o das lojas: ainda mais premium e exclusivo<br \/>\nOs clientes da Ram come\u00e7am a sentir a experi\u00eancia de comprar uma picape da marca do poder inigual\u00e1vel no atendimento premium da rede de concession\u00e1rias, uma base s\u00f3lida que sustenta o sucesso da marca. E toda essa aten\u00e7\u00e3o ao consumidor ganhou um novo cap\u00edtulo com o novo padr\u00e3o inaugurado pela Maraj\u00f3, em Londrina (PR), em outubro de 2022 e estar\u00e1 presente em todas as lojas at\u00e9 o final deste ano.<\/p>\n<p><iframe title=\"Spotify Embed: Podcast CidadeMarketing\" style=\"border-radius: 12px\" width=\"100%\" height=\"152\" frameborder=\"0\" allowfullscreen allow=\"autoplay; clipboard-write; encrypted-media; fullscreen; picture-in-picture\" loading=\"lazy\" src=\"https:\/\/open.spotify.com\/embed\/show\/4khMKzP3FgFRWVwb73xicc?si=252fe5bff2b34909&#038;utm_source=oembed\"><\/iframe><\/p>\n<p>&nbsp;<\/p>\n<p>A arquitetura externa e a decora\u00e7\u00e3o trazem maior destaque para a Ram, com \u00e1rea dedicada para os ve\u00edculos da marca no showroom, vitrine exclusiva com os produtos da grife de artigos pessoais Ram Store, espa\u00e7o VIP, entre outros recursos. O objetivo \u00e9 sempre de refor\u00e7ar os n\u00edveis de satisfa\u00e7\u00e3o do consumidor, que tamb\u00e9m vem crescendo nos \u00faltimos anos.<\/p>\n","protected":false},"excerpt":{"rendered":"<p>O desempenho da Ram no Brasil nos \u00faltimos anos \u00e9 impressionante, com recordes consecutivos em vendas, o que impulsionou a marca para as primeiras coloca\u00e7\u00f5es no ranking do mercado premium, representando o segmento de picapes que entregam for\u00e7a, capacidade, luxo e tecnologia inigual\u00e1veis. No final de 2019, a marca teve 652 emplacamentos e o fechamento [&hellip;]<\/p>\n","protected":false},"author":1,"featured_media":44799,"comment_status":"open","ping_status":"open","sticky":false,"template":"","format":"standard","meta":{"tdm_status":"","tdm_grid_status":"","footnotes":""},"categories":[6],"tags":[1171,65,33,805,28,1649,3214],"class_list":["post-44797","post","type-post","status-publish","format-standard","has-post-thumbnail","hentry","category-noticias","tag-atendimento","tag-campanha","tag-estrategia","tag-experiencia","tag-marketing","tag-marketing-de-luxo","tag-ram"],"yoast_head":"<!-- This site is optimized with the Yoast SEO plugin v27.4 - https:\/\/yoast.com\/product\/yoast-seo-wordpress\/ -->\n<title>Ram anuncia expans\u00e3o da rede de concession\u00e1rias com novo padr\u00e3o premium - CidadeMarketing<\/title>\n<meta name=\"robots\" content=\"index, follow, max-snippet:-1, max-image-preview:large, max-video-preview:-1\" \/>\n<link rel=\"canonical\" href=\"https:\/\/www.cidademarketing.com.br\/marketing\/2023\/04\/30\/ram-anuncia-expansao-da-rede-de-concessionarias-com-novo-padrao-premium\/\" \/>\n<meta property=\"og:locale\" content=\"pt_BR\" \/>\n<meta property=\"og:type\" content=\"article\" \/>\n<meta property=\"og:title\" content=\"Ram anuncia expans\u00e3o da rede de concession\u00e1rias com novo padr\u00e3o premium - CidadeMarketing\" \/>\n<meta property=\"og:description\" content=\"O desempenho da Ram no Brasil nos \u00faltimos anos \u00e9 impressionante, com recordes consecutivos em vendas, o que impulsionou a marca para as primeiras coloca\u00e7\u00f5es no ranking do mercado premium, representando o segmento de picapes que entregam for\u00e7a, capacidade, luxo e tecnologia inigual\u00e1veis. No final de 2019, a marca teve 652 emplacamentos e o fechamento [&hellip;]\" \/>\n<meta property=\"og:url\" content=\"https:\/\/www.cidademarketing.com.br\/marketing\/2023\/04\/30\/ram-anuncia-expansao-da-rede-de-concessionarias-com-novo-padrao-premium\/\" \/>\n<meta property=\"og:site_name\" content=\"CidadeMarketing\" \/>\n<meta property=\"article:publisher\" content=\"https:\/\/www.facebook.com\/portalcidademarketing\" \/>\n<meta property=\"article:author\" content=\"https:\/\/www.facebook.com\/thalesbrandao\" \/>\n<meta property=\"article:published_time\" content=\"2023-04-30T12:56:27+00:00\" \/>\n<meta property=\"og:image\" content=\"https:\/\/www.cidademarketing.com.br\/marketing\/wp-content\/uploads\/2023\/04\/ram_concessionara_02-scaled.jpg\" \/>\n\t<meta property=\"og:image:width\" content=\"2560\" \/>\n\t<meta property=\"og:image:height\" content=\"1683\" \/>\n\t<meta property=\"og:image:type\" content=\"image\/jpeg\" \/>\n<meta name=\"author\" content=\"Thales Brand\u00e3o\" \/>\n<meta name=\"twitter:card\" content=\"summary_large_image\" \/>\n<meta name=\"twitter:creator\" content=\"@http:\/\/www.twitter.com\/thalesbrandao\" \/>\n<meta name=\"twitter:site\" content=\"@CidadeMarketing\" \/>\n<meta name=\"twitter:label1\" content=\"Escrito por\" \/>\n\t<meta name=\"twitter:data1\" content=\"Thales Brand\u00e3o\" \/>\n\t<meta name=\"twitter:label2\" content=\"Est. tempo de leitura\" \/>\n\t<meta name=\"twitter:data2\" content=\"3 minutos\" \/>\n<script type=\"application\/ld+json\" class=\"yoast-schema-graph\">{\"@context\":\"https:\\\/\\\/schema.org\",\"@graph\":[{\"@type\":\"Article\",\"@id\":\"https:\\\/\\\/www.cidademarketing.com.br\\\/marketing\\\/2023\\\/04\\\/30\\\/ram-anuncia-expansao-da-rede-de-concessionarias-com-novo-padrao-premium\\\/#article\",\"isPartOf\":{\"@id\":\"https:\\\/\\\/www.cidademarketing.com.br\\\/marketing\\\/2023\\\/04\\\/30\\\/ram-anuncia-expansao-da-rede-de-concessionarias-com-novo-padrao-premium\\\/\"},\"author\":{\"name\":\"Thales Brand\u00e3o\",\"@id\":\"https:\\\/\\\/www.cidademarketing.com.br\\\/marketing\\\/#\\\/schema\\\/person\\\/02daff9f18bd9378c9e01eb6b2db155f\"},\"headline\":\"Ram anuncia expans\u00e3o da rede de concession\u00e1rias com novo padr\u00e3o premium\",\"datePublished\":\"2023-04-30T12:56:27+00:00\",\"mainEntityOfPage\":{\"@id\":\"https:\\\/\\\/www.cidademarketing.com.br\\\/marketing\\\/2023\\\/04\\\/30\\\/ram-anuncia-expansao-da-rede-de-concessionarias-com-novo-padrao-premium\\\/\"},\"wordCount\":607,\"commentCount\":0,\"publisher\":{\"@id\":\"https:\\\/\\\/www.cidademarketing.com.br\\\/marketing\\\/#organization\"},\"image\":{\"@id\":\"https:\\\/\\\/www.cidademarketing.com.br\\\/marketing\\\/2023\\\/04\\\/30\\\/ram-anuncia-expansao-da-rede-de-concessionarias-com-novo-padrao-premium\\\/#primaryimage\"},\"thumbnailUrl\":\"https:\\\/\\\/www.cidademarketing.com.br\\\/marketing\\\/wp-content\\\/uploads\\\/2023\\\/04\\\/ram_concessionara_02-scaled.jpg\",\"keywords\":[\"atendimento\",\"campanha\",\"estrat\u00e9gia\",\"experi\u00eancia\",\"marketing\",\"marketing de luxo\",\"Ram\"],\"articleSection\":[\"Not\u00edcias\"],\"inLanguage\":\"pt-BR\",\"potentialAction\":[{\"@type\":\"CommentAction\",\"name\":\"Comment\",\"target\":[\"https:\\\/\\\/www.cidademarketing.com.br\\\/marketing\\\/2023\\\/04\\\/30\\\/ram-anuncia-expansao-da-rede-de-concessionarias-com-novo-padrao-premium\\\/#respond\"]}]},{\"@type\":\"WebPage\",\"@id\":\"https:\\\/\\\/www.cidademarketing.com.br\\\/marketing\\\/2023\\\/04\\\/30\\\/ram-anuncia-expansao-da-rede-de-concessionarias-com-novo-padrao-premium\\\/\",\"url\":\"https:\\\/\\\/www.cidademarketing.com.br\\\/marketing\\\/2023\\\/04\\\/30\\\/ram-anuncia-expansao-da-rede-de-concessionarias-com-novo-padrao-premium\\\/\",\"name\":\"Ram anuncia expans\u00e3o da rede de concession\u00e1rias com novo padr\u00e3o premium - CidadeMarketing\",\"isPartOf\":{\"@id\":\"https:\\\/\\\/www.cidademarketing.com.br\\\/marketing\\\/#website\"},\"primaryImageOfPage\":{\"@id\":\"https:\\\/\\\/www.cidademarketing.com.br\\\/marketing\\\/2023\\\/04\\\/30\\\/ram-anuncia-expansao-da-rede-de-concessionarias-com-novo-padrao-premium\\\/#primaryimage\"},\"image\":{\"@id\":\"https:\\\/\\\/www.cidademarketing.com.br\\\/marketing\\\/2023\\\/04\\\/30\\\/ram-anuncia-expansao-da-rede-de-concessionarias-com-novo-padrao-premium\\\/#primaryimage\"},\"thumbnailUrl\":\"https:\\\/\\\/www.cidademarketing.com.br\\\/marketing\\\/wp-content\\\/uploads\\\/2023\\\/04\\\/ram_concessionara_02-scaled.jpg\",\"datePublished\":\"2023-04-30T12:56:27+00:00\",\"breadcrumb\":{\"@id\":\"https:\\\/\\\/www.cidademarketing.com.br\\\/marketing\\\/2023\\\/04\\\/30\\\/ram-anuncia-expansao-da-rede-de-concessionarias-com-novo-padrao-premium\\\/#breadcrumb\"},\"inLanguage\":\"pt-BR\",\"potentialAction\":[{\"@type\":\"ReadAction\",\"target\":[\"https:\\\/\\\/www.cidademarketing.com.br\\\/marketing\\\/2023\\\/04\\\/30\\\/ram-anuncia-expansao-da-rede-de-concessionarias-com-novo-padrao-premium\\\/\"]}]},{\"@type\":\"ImageObject\",\"inLanguage\":\"pt-BR\",\"@id\":\"https:\\\/\\\/www.cidademarketing.com.br\\\/marketing\\\/2023\\\/04\\\/30\\\/ram-anuncia-expansao-da-rede-de-concessionarias-com-novo-padrao-premium\\\/#primaryimage\",\"url\":\"https:\\\/\\\/www.cidademarketing.com.br\\\/marketing\\\/wp-content\\\/uploads\\\/2023\\\/04\\\/ram_concessionara_02-scaled.jpg\",\"contentUrl\":\"https:\\\/\\\/www.cidademarketing.com.br\\\/marketing\\\/wp-content\\\/uploads\\\/2023\\\/04\\\/ram_concessionara_02-scaled.jpg\",\"width\":2560,\"height\":1683},{\"@type\":\"BreadcrumbList\",\"@id\":\"https:\\\/\\\/www.cidademarketing.com.br\\\/marketing\\\/2023\\\/04\\\/30\\\/ram-anuncia-expansao-da-rede-de-concessionarias-com-novo-padrao-premium\\\/#breadcrumb\",\"itemListElement\":[{\"@type\":\"ListItem\",\"position\":1,\"name\":\"In\u00edcio\",\"item\":\"https:\\\/\\\/www.cidademarketing.com.br\\\/marketing\\\/\"},{\"@type\":\"ListItem\",\"position\":2,\"name\":\"Ram anuncia expans\u00e3o da rede de concession\u00e1rias com novo padr\u00e3o premium\"}]},{\"@type\":\"WebSite\",\"@id\":\"https:\\\/\\\/www.cidademarketing.com.br\\\/marketing\\\/#website\",\"url\":\"https:\\\/\\\/www.cidademarketing.com.br\\\/marketing\\\/\",\"name\":\"CidadeMarketing\",\"description\":\"Somos um ve\u00edculo de comunica\u00e7\u00e3o de destaque no Brasil, reconhecido por conte\u00fados nos segmentos de marketing, empreendedorismo e inova\u00e7\u00e3o.\",\"publisher\":{\"@id\":\"https:\\\/\\\/www.cidademarketing.com.br\\\/marketing\\\/#organization\"},\"alternateName\":\"CidadeMarketing\",\"potentialAction\":[{\"@type\":\"SearchAction\",\"target\":{\"@type\":\"EntryPoint\",\"urlTemplate\":\"https:\\\/\\\/www.cidademarketing.com.br\\\/marketing\\\/?s={search_term_string}\"},\"query-input\":{\"@type\":\"PropertyValueSpecification\",\"valueRequired\":true,\"valueName\":\"search_term_string\"}}],\"inLanguage\":\"pt-BR\"},{\"@type\":\"Organization\",\"@id\":\"https:\\\/\\\/www.cidademarketing.com.br\\\/marketing\\\/#organization\",\"name\":\"CidadeMarketing\",\"alternateName\":\"CidadeMarketing\",\"url\":\"https:\\\/\\\/www.cidademarketing.com.br\\\/marketing\\\/\",\"logo\":{\"@type\":\"ImageObject\",\"inLanguage\":\"pt-BR\",\"@id\":\"https:\\\/\\\/www.cidademarketing.com.br\\\/marketing\\\/#\\\/schema\\\/logo\\\/image\\\/\",\"url\":\"https:\\\/\\\/www.cidademarketing.com.br\\\/marketing\\\/wp-content\\\/uploads\\\/2020\\\/01\\\/cidademarketing_marca_mobile.png\",\"contentUrl\":\"https:\\\/\\\/www.cidademarketing.com.br\\\/marketing\\\/wp-content\\\/uploads\\\/2020\\\/01\\\/cidademarketing_marca_mobile.png\",\"width\":230,\"height\":92,\"caption\":\"CidadeMarketing\"},\"image\":{\"@id\":\"https:\\\/\\\/www.cidademarketing.com.br\\\/marketing\\\/#\\\/schema\\\/logo\\\/image\\\/\"},\"sameAs\":[\"https:\\\/\\\/www.facebook.com\\\/portalcidademarketing\",\"https:\\\/\\\/x.com\\\/CidadeMarketing\",\"https:\\\/\\\/www.instagram.com\\\/cidademarketing\\\/\"]},{\"@type\":\"Person\",\"@id\":\"https:\\\/\\\/www.cidademarketing.com.br\\\/marketing\\\/#\\\/schema\\\/person\\\/02daff9f18bd9378c9e01eb6b2db155f\",\"name\":\"Thales Brand\u00e3o\",\"image\":{\"@type\":\"ImageObject\",\"inLanguage\":\"pt-BR\",\"@id\":\"https:\\\/\\\/secure.gravatar.com\\\/avatar\\\/7ca3206950207cc3cb48feec56a8a7898741ab725c368d99d5d7a5a50aab80c6?s=96&d=mm&r=g\",\"url\":\"https:\\\/\\\/secure.gravatar.com\\\/avatar\\\/7ca3206950207cc3cb48feec56a8a7898741ab725c368d99d5d7a5a50aab80c6?s=96&d=mm&r=g\",\"contentUrl\":\"https:\\\/\\\/secure.gravatar.com\\\/avatar\\\/7ca3206950207cc3cb48feec56a8a7898741ab725c368d99d5d7a5a50aab80c6?s=96&d=mm&r=g\",\"caption\":\"Thales Brand\u00e3o\"},\"description\":\"Editor Executivo do Portal CidadeMarketing.com.br &gt; Mestre em Comunica\u00e7\u00e3o e Sociedade pela Universidade Federal de Sergipe. Possui MBA Executivo em Administra\u00e7\u00e3o com \u00eanfase em Marketing pela Funda\u00e7\u00e3o Get\u00falio Vargas - Rio de Janeiro. Consultor, Palestrante e Pesquisador sobre Empreendedorismo, Marketing, Redes Sociais e Neg\u00f3cios Digitais. Professor, Palestrante TedxTalks e Campus Party. Twitter: @ThalesBrandao\",\"sameAs\":[\"http:\\\/\\\/www.mandacaru.com.br\",\"https:\\\/\\\/www.facebook.com\\\/thalesbrandao\",\"http:\\\/\\\/www.instagram.com.br\\\/thalesbrandaoferreira\",\"https:\\\/\\\/www.linkedin.com\\\/in\\\/thales-brand\u00e3o-3948609\\\/\",\"https:\\\/\\\/x.com\\\/http:\\\/\\\/www.twitter.com\\\/thalesbrandao\"],\"url\":\"https:\\\/\\\/www.cidademarketing.com.br\\\/marketing\\\/author\\\/thalesbrandao\\\/\"}]}<\/script>\n<!-- \/ Yoast SEO plugin. -->","yoast_head_json":{"title":"Ram anuncia expans\u00e3o da rede de concession\u00e1rias com novo padr\u00e3o premium - CidadeMarketing","robots":{"index":"index","follow":"follow","max-snippet":"max-snippet:-1","max-image-preview":"max-image-preview:large","max-video-preview":"max-video-preview:-1"},"canonical":"https:\/\/www.cidademarketing.com.br\/marketing\/2023\/04\/30\/ram-anuncia-expansao-da-rede-de-concessionarias-com-novo-padrao-premium\/","og_locale":"pt_BR","og_type":"article","og_title":"Ram anuncia expans\u00e3o da rede de concession\u00e1rias com novo padr\u00e3o premium - CidadeMarketing","og_description":"O desempenho da Ram no Brasil nos \u00faltimos anos \u00e9 impressionante, com recordes consecutivos em vendas, o que impulsionou a marca para as primeiras coloca\u00e7\u00f5es no ranking do mercado premium, representando o segmento de picapes que entregam for\u00e7a, capacidade, luxo e tecnologia inigual\u00e1veis. No final de 2019, a marca teve 652 emplacamentos e o fechamento [&hellip;]","og_url":"https:\/\/www.cidademarketing.com.br\/marketing\/2023\/04\/30\/ram-anuncia-expansao-da-rede-de-concessionarias-com-novo-padrao-premium\/","og_site_name":"CidadeMarketing","article_publisher":"https:\/\/www.facebook.com\/portalcidademarketing","article_author":"https:\/\/www.facebook.com\/thalesbrandao","article_published_time":"2023-04-30T12:56:27+00:00","og_image":[{"width":2560,"height":1683,"url":"https:\/\/www.cidademarketing.com.br\/marketing\/wp-content\/uploads\/2023\/04\/ram_concessionara_02-scaled.jpg","type":"image\/jpeg"}],"author":"Thales Brand\u00e3o","twitter_card":"summary_large_image","twitter_creator":"@http:\/\/www.twitter.com\/thalesbrandao","twitter_site":"@CidadeMarketing","twitter_misc":{"Escrito por":"Thales Brand\u00e3o","Est. tempo de leitura":"3 minutos"},"schema":{"@context":"https:\/\/schema.org","@graph":[{"@type":"Article","@id":"https:\/\/www.cidademarketing.com.br\/marketing\/2023\/04\/30\/ram-anuncia-expansao-da-rede-de-concessionarias-com-novo-padrao-premium\/#article","isPartOf":{"@id":"https:\/\/www.cidademarketing.com.br\/marketing\/2023\/04\/30\/ram-anuncia-expansao-da-rede-de-concessionarias-com-novo-padrao-premium\/"},"author":{"name":"Thales Brand\u00e3o","@id":"https:\/\/www.cidademarketing.com.br\/marketing\/#\/schema\/person\/02daff9f18bd9378c9e01eb6b2db155f"},"headline":"Ram anuncia expans\u00e3o da rede de concession\u00e1rias com novo padr\u00e3o premium","datePublished":"2023-04-30T12:56:27+00:00","mainEntityOfPage":{"@id":"https:\/\/www.cidademarketing.com.br\/marketing\/2023\/04\/30\/ram-anuncia-expansao-da-rede-de-concessionarias-com-novo-padrao-premium\/"},"wordCount":607,"commentCount":0,"publisher":{"@id":"https:\/\/www.cidademarketing.com.br\/marketing\/#organization"},"image":{"@id":"https:\/\/www.cidademarketing.com.br\/marketing\/2023\/04\/30\/ram-anuncia-expansao-da-rede-de-concessionarias-com-novo-padrao-premium\/#primaryimage"},"thumbnailUrl":"https:\/\/www.cidademarketing.com.br\/marketing\/wp-content\/uploads\/2023\/04\/ram_concessionara_02-scaled.jpg","keywords":["atendimento","campanha","estrat\u00e9gia","experi\u00eancia","marketing","marketing de luxo","Ram"],"articleSection":["Not\u00edcias"],"inLanguage":"pt-BR","potentialAction":[{"@type":"CommentAction","name":"Comment","target":["https:\/\/www.cidademarketing.com.br\/marketing\/2023\/04\/30\/ram-anuncia-expansao-da-rede-de-concessionarias-com-novo-padrao-premium\/#respond"]}]},{"@type":"WebPage","@id":"https:\/\/www.cidademarketing.com.br\/marketing\/2023\/04\/30\/ram-anuncia-expansao-da-rede-de-concessionarias-com-novo-padrao-premium\/","url":"https:\/\/www.cidademarketing.com.br\/marketing\/2023\/04\/30\/ram-anuncia-expansao-da-rede-de-concessionarias-com-novo-padrao-premium\/","name":"Ram anuncia expans\u00e3o da rede de concession\u00e1rias com novo padr\u00e3o premium - CidadeMarketing","isPartOf":{"@id":"https:\/\/www.cidademarketing.com.br\/marketing\/#website"},"primaryImageOfPage":{"@id":"https:\/\/www.cidademarketing.com.br\/marketing\/2023\/04\/30\/ram-anuncia-expansao-da-rede-de-concessionarias-com-novo-padrao-premium\/#primaryimage"},"image":{"@id":"https:\/\/www.cidademarketing.com.br\/marketing\/2023\/04\/30\/ram-anuncia-expansao-da-rede-de-concessionarias-com-novo-padrao-premium\/#primaryimage"},"thumbnailUrl":"https:\/\/www.cidademarketing.com.br\/marketing\/wp-content\/uploads\/2023\/04\/ram_concessionara_02-scaled.jpg","datePublished":"2023-04-30T12:56:27+00:00","breadcrumb":{"@id":"https:\/\/www.cidademarketing.com.br\/marketing\/2023\/04\/30\/ram-anuncia-expansao-da-rede-de-concessionarias-com-novo-padrao-premium\/#breadcrumb"},"inLanguage":"pt-BR","potentialAction":[{"@type":"ReadAction","target":["https:\/\/www.cidademarketing.com.br\/marketing\/2023\/04\/30\/ram-anuncia-expansao-da-rede-de-concessionarias-com-novo-padrao-premium\/"]}]},{"@type":"ImageObject","inLanguage":"pt-BR","@id":"https:\/\/www.cidademarketing.com.br\/marketing\/2023\/04\/30\/ram-anuncia-expansao-da-rede-de-concessionarias-com-novo-padrao-premium\/#primaryimage","url":"https:\/\/www.cidademarketing.com.br\/marketing\/wp-content\/uploads\/2023\/04\/ram_concessionara_02-scaled.jpg","contentUrl":"https:\/\/www.cidademarketing.com.br\/marketing\/wp-content\/uploads\/2023\/04\/ram_concessionara_02-scaled.jpg","width":2560,"height":1683},{"@type":"BreadcrumbList","@id":"https:\/\/www.cidademarketing.com.br\/marketing\/2023\/04\/30\/ram-anuncia-expansao-da-rede-de-concessionarias-com-novo-padrao-premium\/#breadcrumb","itemListElement":[{"@type":"ListItem","position":1,"name":"In\u00edcio","item":"https:\/\/www.cidademarketing.com.br\/marketing\/"},{"@type":"ListItem","position":2,"name":"Ram anuncia expans\u00e3o da rede de concession\u00e1rias com novo padr\u00e3o premium"}]},{"@type":"WebSite","@id":"https:\/\/www.cidademarketing.com.br\/marketing\/#website","url":"https:\/\/www.cidademarketing.com.br\/marketing\/","name":"CidadeMarketing","description":"Somos um ve\u00edculo de comunica\u00e7\u00e3o de destaque no Brasil, reconhecido por conte\u00fados nos segmentos de marketing, empreendedorismo e inova\u00e7\u00e3o.","publisher":{"@id":"https:\/\/www.cidademarketing.com.br\/marketing\/#organization"},"alternateName":"CidadeMarketing","potentialAction":[{"@type":"SearchAction","target":{"@type":"EntryPoint","urlTemplate":"https:\/\/www.cidademarketing.com.br\/marketing\/?s={search_term_string}"},"query-input":{"@type":"PropertyValueSpecification","valueRequired":true,"valueName":"search_term_string"}}],"inLanguage":"pt-BR"},{"@type":"Organization","@id":"https:\/\/www.cidademarketing.com.br\/marketing\/#organization","name":"CidadeMarketing","alternateName":"CidadeMarketing","url":"https:\/\/www.cidademarketing.com.br\/marketing\/","logo":{"@type":"ImageObject","inLanguage":"pt-BR","@id":"https:\/\/www.cidademarketing.com.br\/marketing\/#\/schema\/logo\/image\/","url":"https:\/\/www.cidademarketing.com.br\/marketing\/wp-content\/uploads\/2020\/01\/cidademarketing_marca_mobile.png","contentUrl":"https:\/\/www.cidademarketing.com.br\/marketing\/wp-content\/uploads\/2020\/01\/cidademarketing_marca_mobile.png","width":230,"height":92,"caption":"CidadeMarketing"},"image":{"@id":"https:\/\/www.cidademarketing.com.br\/marketing\/#\/schema\/logo\/image\/"},"sameAs":["https:\/\/www.facebook.com\/portalcidademarketing","https:\/\/x.com\/CidadeMarketing","https:\/\/www.instagram.com\/cidademarketing\/"]},{"@type":"Person","@id":"https:\/\/www.cidademarketing.com.br\/marketing\/#\/schema\/person\/02daff9f18bd9378c9e01eb6b2db155f","name":"Thales Brand\u00e3o","image":{"@type":"ImageObject","inLanguage":"pt-BR","@id":"https:\/\/secure.gravatar.com\/avatar\/7ca3206950207cc3cb48feec56a8a7898741ab725c368d99d5d7a5a50aab80c6?s=96&d=mm&r=g","url":"https:\/\/secure.gravatar.com\/avatar\/7ca3206950207cc3cb48feec56a8a7898741ab725c368d99d5d7a5a50aab80c6?s=96&d=mm&r=g","contentUrl":"https:\/\/secure.gravatar.com\/avatar\/7ca3206950207cc3cb48feec56a8a7898741ab725c368d99d5d7a5a50aab80c6?s=96&d=mm&r=g","caption":"Thales Brand\u00e3o"},"description":"Editor Executivo do Portal CidadeMarketing.com.br &gt; Mestre em Comunica\u00e7\u00e3o e Sociedade pela Universidade Federal de Sergipe. Possui MBA Executivo em Administra\u00e7\u00e3o com \u00eanfase em Marketing pela Funda\u00e7\u00e3o Get\u00falio Vargas - Rio de Janeiro. Consultor, Palestrante e Pesquisador sobre Empreendedorismo, Marketing, Redes Sociais e Neg\u00f3cios Digitais. Professor, Palestrante TedxTalks e Campus Party. Twitter: @ThalesBrandao","sameAs":["http:\/\/www.mandacaru.com.br","https:\/\/www.facebook.com\/thalesbrandao","http:\/\/www.instagram.com.br\/thalesbrandaoferreira","https:\/\/www.linkedin.com\/in\/thales-brand\u00e3o-3948609\/","https:\/\/x.com\/http:\/\/www.twitter.com\/thalesbrandao"],"url":"https:\/\/www.cidademarketing.com.br\/marketing\/author\/thalesbrandao\/"}]}},"amp_enabled":true,"_links":{"self":[{"href":"https:\/\/www.cidademarketing.com.br\/marketing\/wp-json\/wp\/v2\/posts\/44797","targetHints":{"allow":["GET"]}}],"collection":[{"href":"https:\/\/www.cidademarketing.com.br\/marketing\/wp-json\/wp\/v2\/posts"}],"about":[{"href":"https:\/\/www.cidademarketing.com.br\/marketing\/wp-json\/wp\/v2\/types\/post"}],"author":[{"embeddable":true,"href":"https:\/\/www.cidademarketing.com.br\/marketing\/wp-json\/wp\/v2\/users\/1"}],"replies":[{"embeddable":true,"href":"https:\/\/www.cidademarketing.com.br\/marketing\/wp-json\/wp\/v2\/comments?post=44797"}],"version-history":[{"count":1,"href":"https:\/\/www.cidademarketing.com.br\/marketing\/wp-json\/wp\/v2\/posts\/44797\/revisions"}],"predecessor-version":[{"id":44803,"href":"https:\/\/www.cidademarketing.com.br\/marketing\/wp-json\/wp\/v2\/posts\/44797\/revisions\/44803"}],"wp:featuredmedia":[{"embeddable":true,"href":"https:\/\/www.cidademarketing.com.br\/marketing\/wp-json\/wp\/v2\/media\/44799"}],"wp:attachment":[{"href":"https:\/\/www.cidademarketing.com.br\/marketing\/wp-json\/wp\/v2\/media?parent=44797"}],"wp:term":[{"taxonomy":"category","embeddable":true,"href":"https:\/\/www.cidademarketing.com.br\/marketing\/wp-json\/wp\/v2\/categories?post=44797"},{"taxonomy":"post_tag","embeddable":true,"href":"https:\/\/www.cidademarketing.com.br\/marketing\/wp-json\/wp\/v2\/tags?post=44797"}],"curies":[{"name":"wp","href":"https:\/\/api.w.org\/{rel}","templated":true}]}}