{"id":44759,"date":"2023-04-27T18:01:49","date_gmt":"2023-04-27T21:01:49","guid":{"rendered":"https:\/\/www.cidademarketing.com.br\/marketing\/?p=44759"},"modified":"2023-04-27T18:01:49","modified_gmt":"2023-04-27T21:01:49","slug":"shopping-cria-acao-hora-silenciosa-para-acolher-familias-com-pessoas-autistas","status":"publish","type":"post","link":"https:\/\/www.cidademarketing.com.br\/marketing\/2023\/04\/27\/shopping-cria-acao-hora-silenciosa-para-acolher-familias-com-pessoas-autistas\/","title":{"rendered":"Shopping cria a\u00e7\u00e3o &#8220;Hora Silenciosa&#8221; para acolher fam\u00edlias com pessoas autistas"},"content":{"rendered":"<p>O Salvador Shopping d\u00e1 in\u00edcio, no dia 29 de abril, ao Projeto Hora Silenciosa, criado para oferecer um momento tranquilo e acolhedor para pessoas com o Transtorno do Espectro Autista (TEA) e suas fam\u00edlias. Durante a primeira hora de funcionamento do shopping, das 09 \u00e0s 10h, os ambientes ter\u00e3o os est\u00edmulos sonoros e visuais reduzidos. A a\u00e7\u00e3o ser\u00e1 realizada em todo \u00faltimo s\u00e1bado do m\u00eas, sempre no mesmo hor\u00e1rio.<\/p>\n<p><a href=\"https:\/\/www.cidademarketing.com.br\/marketing\/sua-marca-vai-virar-noticia\/\" target=\"_blank\" rel=\"noopener\"><img fetchpriority=\"high\" decoding=\"async\" class=\"wp-image-44329 aligncenter\" src=\"https:\/\/www.cidademarketing.com.br\/marketing\/wp-content\/uploads\/2023\/04\/cidademarketing_backlinks_marketingdigital_publieditorial_.png\" alt=\"\" width=\"500\" height=\"500\" \/><\/a><br \/>\nA iniciativa \u00e9 in\u00e9dita no Brasil, pa\u00eds que possui cerca de 2 milh\u00f5es de crian\u00e7as autistas, de acordo com o Instituto Brasileiro de Geografia e Estat\u00edstica (IBGE). Diante desse n\u00famero, \u00e9 cada vez mais urgente que a sociedade se informe sobre o autismo, que \u00e9 uma configura\u00e7\u00e3o neurol\u00f3gica at\u00edpica, que provoca hipersensibilidade sensorial. O excesso de ilumina\u00e7\u00e3o e locais com muito barulho costumam gerar ansiedade e inquieta\u00e7\u00e3o aos autistas, o que pode provocar crises de estresse, com acessos de raiva ou ataques de p\u00e2nico. \u00c9 uma resposta do corpo, uma rea\u00e7\u00e3o aos est\u00edmulos.<\/p>\n<p>Por entender a necessidade de criar um ambiente mais acolhedor para pessoas com TEA e suas fam\u00edlias, o Salvador Shopping idealizou a Hora Silenciosa. O primeiro passo foi iniciar a consultoria com a neuropediatra Ana Paula Fadul, a partir da\u00ed, iniciou-se uma s\u00e9rie de sensibiliza\u00e7\u00e3o de colaboradores e lojistas do shopping atrav\u00e9s de treinamentos e bate-papos. Os representantes de cada uma das \u00e1reas do centro de compras \u2013 manuten\u00e7\u00e3o, limpeza, seguran\u00e7a, estacionamento, administra\u00e7\u00e3o, atendimento ao cliente, Gest\u00e3o de Pessoas, entre outras &#8211; apontaram as principais necessidades dos setores para minimizar os est\u00edmulos sonoros e visuais durante a visita ao shopping.<\/p>\n<p>A a\u00e7\u00e3o come\u00e7ou a tomar forma atrav\u00e9s desse trabalho de orienta\u00e7\u00e3o e informa\u00e7\u00e3o sobre as dificuldades e os gatilhos das pessoas com TEA, quando uma grande onda de empatia envolveu as equipes. A sensibiliza\u00e7\u00e3o para o projeto se estendeu aos lojistas e funcion\u00e1rios de todas as opera\u00e7\u00f5es do empreendimento. Eles receberam um guia com informa\u00e7\u00f5es sobre o autismo e sobre como atender esse p\u00fablico com mais assertividade. A abordagem acolhedora \u00e9 um dos pontos principais do projeto. O treinamento se estendeu para as equipes da Brigada de Inc\u00eandio e da Sala de Primeiros Socorros, que foram preparadas para o atendimento dos autistas em crises de estresse na sala de acolhimento, montada especialmente para a a\u00e7\u00e3o.<\/p>\n<p>O passo seguinte foi convidar as fam\u00edlias de crian\u00e7as e jovens com TEA para construir junto o projeto e tamb\u00e9m para vivenciar as a\u00e7\u00f5es j\u00e1 implementadas em um projeto piloto. Todas as luzes piscantes foram desligadas, a ilumina\u00e7\u00e3o das lojas e dos corredores foi reduzida, o som ambiente foi desligado, os r\u00e1dios de comunica\u00e7\u00e3o dos colaboradores foram utilizados com fones de ouvidos e foram distribu\u00eddos abafadores de som e protetores auriculares. Todas as a\u00e7\u00f5es foram pensadas para tornar a visita mais inclusiva. Treze fam\u00edlias participaram desse momento, que ocorreu no dia 1\u00b0, v\u00e9spera do Dia Mundial de Conscientiza\u00e7\u00e3o do Autismo, comemorado em 02 de abril, e responderam a um question\u00e1rio de avalia\u00e7\u00e3o do projeto.<\/p>\n<p>A jornalista Adriana Nogueira, m\u00e3e de um adolescente que nasceu dentro do espectro autista, foi uma das convidadas a colaborar com a a\u00e7\u00e3o. \u201cFiquei muito feliz com essa iniciativa pioneira do Salvador Shopping. N\u00e3o tenho conhecimento de nenhuma outra a\u00e7\u00e3o neste perfil e com esse olhar de cuidado com o indiv\u00edduo autista e seus familiares. \u00c9 uma semente que est\u00e1 sendo plantada junto com as fam\u00edlias, ouvindo suas sugest\u00f5es e ampliando tamb\u00e9m o olhar dos lojistas e colaboradores para esse acolhimento e visibilidade do autismo. Espero que inspire outras empresas\u201d, destaca.<\/p>\n<p><iframe title=\"Spotify Embed: Podcast CidadeMarketing\" style=\"border-radius: 12px\" width=\"100%\" height=\"152\" frameborder=\"0\" allowfullscreen allow=\"autoplay; clipboard-write; encrypted-media; fullscreen; picture-in-picture\" loading=\"lazy\" src=\"https:\/\/open.spotify.com\/embed\/show\/4khMKzP3FgFRWVwb73xicc?si=252fe5bff2b34909&#038;utm_source=oembed\"><\/iframe><\/p>\n<p>A\u00e7\u00f5es permanentes | Algumas iniciativas j\u00e1 foram implementadas de forma definitiva, como as vagas exclusivas de estacionamento para fam\u00edlias de pessoas com TEA e os abafadores de som e ru\u00eddos, que est\u00e3o dispon\u00edveis para empr\u00e9stimo gratuito nos Espa\u00e7os Fam\u00edlia \u2013 Pisos L1 e L2 e Centro de Atendimento ao Cliente \u2013 CAC, piso L2; durante o hor\u00e1rio de funcionamento do shopping. \u201cAs mudan\u00e7as nos ambientes n\u00e3o seriam suficientes sem o trabalho junto aos lojistas e colaboradores do shopping. A participa\u00e7\u00e3o de todos \u00e9 fundamental para garantir a tranquilidade dos autistas dentro do nosso espa\u00e7o. Al\u00e9m de inclusivo, o projeto \u00e9 tamb\u00e9m educativo. Um chamado para o respeito \u00e0 cidadania dessas pessoas\u201d, destaca Jos\u00e9 Luiz Miranda, superintendente do Salvador Shopping.<\/p>\n<p>A\u00e7\u00f5es adotadas pelo Shopping durante a Hora Silenciosa:<br \/>\n\u2022 Pausa no tr\u00e1fego de carrinhos de coleta de lixo;<br \/>\n\u2022 Pausa no tr\u00e1fego de segways;<br \/>\n\u2022 Utiliza\u00e7\u00e3o do r\u00e1dio comunica\u00e7\u00e3o apenas com fones de ouvido;<br \/>\n\u2022 Desligar TVs, displays, totens e mega banners digitais, bem como r\u00e1dio mall e letreiros das lojas;<br \/>\n\u2022 Redu\u00e7\u00e3o da ilumina\u00e7\u00e3o do mall;<br \/>\n\u2022 Retirada do \u00e1udio das cancelas de estacionamento;<br \/>\n\u2022 Suspens\u00e3o secadores de m\u00e3os e de dispensers autom\u00e1ticos de cheiros nos banheiros;<br \/>\n\u2022 Frald\u00e1rio, banheiros infantis e de adultos com distribui\u00e7\u00e3o de protetores auriculares;<br \/>\n\u2022 Distribui\u00e7\u00e3o de abafadores tamb\u00e9m nos Espa\u00e7os Fam\u00edlia \u2013 Pisos L1 e L2 e Centro de Atendimento ao Cliente \u2013 CAC, piso L2;<br \/>\n\u2022 Portas dos banheiros fechadas nesse hor\u00e1rio para reduzir o barulho das descargas a v\u00e1cuo;<br \/>\n\u2022 Os colaboradores do Condom\u00ednio do Salvador Shopping foram estimulados a utilizar os celulares em modo silencioso.<\/p>\n","protected":false},"excerpt":{"rendered":"<p>O Salvador Shopping d\u00e1 in\u00edcio, no dia 29 de abril, ao Projeto Hora Silenciosa, criado para oferecer um momento tranquilo e acolhedor para pessoas com o Transtorno do Espectro Autista (TEA) e suas fam\u00edlias. Durante a primeira hora de funcionamento do shopping, das 09 \u00e0s 10h, os ambientes ter\u00e3o os est\u00edmulos sonoros e visuais reduzidos. [&hellip;]<\/p>\n","protected":false},"author":1,"featured_media":44760,"comment_status":"open","ping_status":"open","sticky":false,"template":"","format":"standard","meta":{"tdm_status":"","tdm_grid_status":"","footnotes":""},"categories":[6],"tags":[3811,33,28,177,2403,5980],"class_list":["post-44759","post","type-post","status-publish","format-standard","has-post-thumbnail","hentry","category-noticias","tag-autismo","tag-estrategia","tag-marketing","tag-marketing-social","tag-salvador-shopping","tag-tea"],"yoast_head":"<!-- This site is optimized with the Yoast SEO plugin v27.5 - https:\/\/yoast.com\/product\/yoast-seo-wordpress\/ -->\n<title>Shopping cria a\u00e7\u00e3o &quot;Hora Silenciosa&quot; para acolher fam\u00edlias com pessoas autistas - CidadeMarketing<\/title>\n<meta name=\"robots\" content=\"index, follow, max-snippet:-1, max-image-preview:large, max-video-preview:-1\" \/>\n<link rel=\"canonical\" href=\"https:\/\/www.cidademarketing.com.br\/marketing\/2023\/04\/27\/shopping-cria-acao-hora-silenciosa-para-acolher-familias-com-pessoas-autistas\/\" \/>\n<meta property=\"og:locale\" content=\"pt_BR\" \/>\n<meta property=\"og:type\" content=\"article\" \/>\n<meta property=\"og:title\" content=\"Shopping cria a\u00e7\u00e3o &quot;Hora Silenciosa&quot; para acolher fam\u00edlias com pessoas autistas - CidadeMarketing\" \/>\n<meta property=\"og:description\" content=\"O Salvador Shopping d\u00e1 in\u00edcio, no dia 29 de abril, ao Projeto Hora Silenciosa, criado para oferecer um momento tranquilo e acolhedor para pessoas com o Transtorno do Espectro Autista (TEA) e suas fam\u00edlias. Durante a primeira hora de funcionamento do shopping, das 09 \u00e0s 10h, os ambientes ter\u00e3o os est\u00edmulos sonoros e visuais reduzidos. [&hellip;]\" \/>\n<meta property=\"og:url\" content=\"https:\/\/www.cidademarketing.com.br\/marketing\/2023\/04\/27\/shopping-cria-acao-hora-silenciosa-para-acolher-familias-com-pessoas-autistas\/\" \/>\n<meta property=\"og:site_name\" content=\"CidadeMarketing\" \/>\n<meta property=\"article:publisher\" content=\"https:\/\/www.facebook.com\/portalcidademarketing\" \/>\n<meta property=\"article:author\" content=\"https:\/\/www.facebook.com\/thalesbrandao\" \/>\n<meta property=\"article:published_time\" content=\"2023-04-27T21:01:49+00:00\" \/>\n<meta property=\"og:image\" content=\"https:\/\/www.cidademarketing.com.br\/marketing\/wp-content\/uploads\/2023\/04\/Vagas-TEA-2022_Salvador-Shopping_Foto-Roberto-Abreu-15-1024x768.jpg\" \/>\n\t<meta property=\"og:image:width\" content=\"1024\" \/>\n\t<meta property=\"og:image:height\" content=\"768\" \/>\n\t<meta property=\"og:image:type\" content=\"image\/jpeg\" \/>\n<meta name=\"author\" content=\"Thales Brand\u00e3o\" \/>\n<meta name=\"twitter:card\" content=\"summary_large_image\" \/>\n<meta name=\"twitter:creator\" content=\"@http:\/\/www.twitter.com\/thalesbrandao\" \/>\n<meta name=\"twitter:site\" content=\"@CidadeMarketing\" \/>\n<meta name=\"twitter:label1\" content=\"Escrito por\" \/>\n\t<meta name=\"twitter:data1\" content=\"Thales Brand\u00e3o\" \/>\n\t<meta name=\"twitter:label2\" content=\"Est. tempo de leitura\" \/>\n\t<meta name=\"twitter:data2\" content=\"5 minutos\" \/>\n<script type=\"application\/ld+json\" class=\"yoast-schema-graph\">{\"@context\":\"https:\\\/\\\/schema.org\",\"@graph\":[{\"@type\":\"Article\",\"@id\":\"https:\\\/\\\/www.cidademarketing.com.br\\\/marketing\\\/2023\\\/04\\\/27\\\/shopping-cria-acao-hora-silenciosa-para-acolher-familias-com-pessoas-autistas\\\/#article\",\"isPartOf\":{\"@id\":\"https:\\\/\\\/www.cidademarketing.com.br\\\/marketing\\\/2023\\\/04\\\/27\\\/shopping-cria-acao-hora-silenciosa-para-acolher-familias-com-pessoas-autistas\\\/\"},\"author\":{\"name\":\"Thales Brand\u00e3o\",\"@id\":\"https:\\\/\\\/www.cidademarketing.com.br\\\/marketing\\\/#\\\/schema\\\/person\\\/02daff9f18bd9378c9e01eb6b2db155f\"},\"headline\":\"Shopping cria a\u00e7\u00e3o &#8220;Hora Silenciosa&#8221; para acolher fam\u00edlias com pessoas autistas\",\"datePublished\":\"2023-04-27T21:01:49+00:00\",\"mainEntityOfPage\":{\"@id\":\"https:\\\/\\\/www.cidademarketing.com.br\\\/marketing\\\/2023\\\/04\\\/27\\\/shopping-cria-acao-hora-silenciosa-para-acolher-familias-com-pessoas-autistas\\\/\"},\"wordCount\":943,\"commentCount\":0,\"publisher\":{\"@id\":\"https:\\\/\\\/www.cidademarketing.com.br\\\/marketing\\\/#organization\"},\"image\":{\"@id\":\"https:\\\/\\\/www.cidademarketing.com.br\\\/marketing\\\/2023\\\/04\\\/27\\\/shopping-cria-acao-hora-silenciosa-para-acolher-familias-com-pessoas-autistas\\\/#primaryimage\"},\"thumbnailUrl\":\"https:\\\/\\\/www.cidademarketing.com.br\\\/marketing\\\/wp-content\\\/uploads\\\/2023\\\/04\\\/Vagas-TEA-2022_Salvador-Shopping_Foto-Roberto-Abreu-15.jpg\",\"keywords\":[\"autismo\",\"estrat\u00e9gia\",\"marketing\",\"marketing social\",\"Salvador Shopping\",\"TEA\"],\"articleSection\":[\"Not\u00edcias\"],\"inLanguage\":\"pt-BR\",\"potentialAction\":[{\"@type\":\"CommentAction\",\"name\":\"Comment\",\"target\":[\"https:\\\/\\\/www.cidademarketing.com.br\\\/marketing\\\/2023\\\/04\\\/27\\\/shopping-cria-acao-hora-silenciosa-para-acolher-familias-com-pessoas-autistas\\\/#respond\"]}]},{\"@type\":\"WebPage\",\"@id\":\"https:\\\/\\\/www.cidademarketing.com.br\\\/marketing\\\/2023\\\/04\\\/27\\\/shopping-cria-acao-hora-silenciosa-para-acolher-familias-com-pessoas-autistas\\\/\",\"url\":\"https:\\\/\\\/www.cidademarketing.com.br\\\/marketing\\\/2023\\\/04\\\/27\\\/shopping-cria-acao-hora-silenciosa-para-acolher-familias-com-pessoas-autistas\\\/\",\"name\":\"Shopping cria a\u00e7\u00e3o \\\"Hora Silenciosa\\\" para acolher fam\u00edlias com pessoas autistas - CidadeMarketing\",\"isPartOf\":{\"@id\":\"https:\\\/\\\/www.cidademarketing.com.br\\\/marketing\\\/#website\"},\"primaryImageOfPage\":{\"@id\":\"https:\\\/\\\/www.cidademarketing.com.br\\\/marketing\\\/2023\\\/04\\\/27\\\/shopping-cria-acao-hora-silenciosa-para-acolher-familias-com-pessoas-autistas\\\/#primaryimage\"},\"image\":{\"@id\":\"https:\\\/\\\/www.cidademarketing.com.br\\\/marketing\\\/2023\\\/04\\\/27\\\/shopping-cria-acao-hora-silenciosa-para-acolher-familias-com-pessoas-autistas\\\/#primaryimage\"},\"thumbnailUrl\":\"https:\\\/\\\/www.cidademarketing.com.br\\\/marketing\\\/wp-content\\\/uploads\\\/2023\\\/04\\\/Vagas-TEA-2022_Salvador-Shopping_Foto-Roberto-Abreu-15.jpg\",\"datePublished\":\"2023-04-27T21:01:49+00:00\",\"breadcrumb\":{\"@id\":\"https:\\\/\\\/www.cidademarketing.com.br\\\/marketing\\\/2023\\\/04\\\/27\\\/shopping-cria-acao-hora-silenciosa-para-acolher-familias-com-pessoas-autistas\\\/#breadcrumb\"},\"inLanguage\":\"pt-BR\",\"potentialAction\":[{\"@type\":\"ReadAction\",\"target\":[\"https:\\\/\\\/www.cidademarketing.com.br\\\/marketing\\\/2023\\\/04\\\/27\\\/shopping-cria-acao-hora-silenciosa-para-acolher-familias-com-pessoas-autistas\\\/\"]}]},{\"@type\":\"ImageObject\",\"inLanguage\":\"pt-BR\",\"@id\":\"https:\\\/\\\/www.cidademarketing.com.br\\\/marketing\\\/2023\\\/04\\\/27\\\/shopping-cria-acao-hora-silenciosa-para-acolher-familias-com-pessoas-autistas\\\/#primaryimage\",\"url\":\"https:\\\/\\\/www.cidademarketing.com.br\\\/marketing\\\/wp-content\\\/uploads\\\/2023\\\/04\\\/Vagas-TEA-2022_Salvador-Shopping_Foto-Roberto-Abreu-15.jpg\",\"contentUrl\":\"https:\\\/\\\/www.cidademarketing.com.br\\\/marketing\\\/wp-content\\\/uploads\\\/2023\\\/04\\\/Vagas-TEA-2022_Salvador-Shopping_Foto-Roberto-Abreu-15.jpg\",\"width\":2048,\"height\":1536,\"caption\":\"Foto: Roberto Abreu\"},{\"@type\":\"BreadcrumbList\",\"@id\":\"https:\\\/\\\/www.cidademarketing.com.br\\\/marketing\\\/2023\\\/04\\\/27\\\/shopping-cria-acao-hora-silenciosa-para-acolher-familias-com-pessoas-autistas\\\/#breadcrumb\",\"itemListElement\":[{\"@type\":\"ListItem\",\"position\":1,\"name\":\"In\u00edcio\",\"item\":\"https:\\\/\\\/www.cidademarketing.com.br\\\/marketing\\\/\"},{\"@type\":\"ListItem\",\"position\":2,\"name\":\"Shopping cria a\u00e7\u00e3o &#8220;Hora Silenciosa&#8221; para acolher fam\u00edlias com pessoas autistas\"}]},{\"@type\":\"WebSite\",\"@id\":\"https:\\\/\\\/www.cidademarketing.com.br\\\/marketing\\\/#website\",\"url\":\"https:\\\/\\\/www.cidademarketing.com.br\\\/marketing\\\/\",\"name\":\"CidadeMarketing\",\"description\":\"Somos um ve\u00edculo de comunica\u00e7\u00e3o de destaque no Brasil, reconhecido por conte\u00fados nos segmentos de marketing, empreendedorismo e inova\u00e7\u00e3o.\",\"publisher\":{\"@id\":\"https:\\\/\\\/www.cidademarketing.com.br\\\/marketing\\\/#organization\"},\"alternateName\":\"CidadeMarketing\",\"potentialAction\":[{\"@type\":\"SearchAction\",\"target\":{\"@type\":\"EntryPoint\",\"urlTemplate\":\"https:\\\/\\\/www.cidademarketing.com.br\\\/marketing\\\/?s={search_term_string}\"},\"query-input\":{\"@type\":\"PropertyValueSpecification\",\"valueRequired\":true,\"valueName\":\"search_term_string\"}}],\"inLanguage\":\"pt-BR\"},{\"@type\":\"Organization\",\"@id\":\"https:\\\/\\\/www.cidademarketing.com.br\\\/marketing\\\/#organization\",\"name\":\"CidadeMarketing\",\"alternateName\":\"CidadeMarketing\",\"url\":\"https:\\\/\\\/www.cidademarketing.com.br\\\/marketing\\\/\",\"logo\":{\"@type\":\"ImageObject\",\"inLanguage\":\"pt-BR\",\"@id\":\"https:\\\/\\\/www.cidademarketing.com.br\\\/marketing\\\/#\\\/schema\\\/logo\\\/image\\\/\",\"url\":\"https:\\\/\\\/www.cidademarketing.com.br\\\/marketing\\\/wp-content\\\/uploads\\\/2020\\\/01\\\/cidademarketing_marca_mobile.png\",\"contentUrl\":\"https:\\\/\\\/www.cidademarketing.com.br\\\/marketing\\\/wp-content\\\/uploads\\\/2020\\\/01\\\/cidademarketing_marca_mobile.png\",\"width\":230,\"height\":92,\"caption\":\"CidadeMarketing\"},\"image\":{\"@id\":\"https:\\\/\\\/www.cidademarketing.com.br\\\/marketing\\\/#\\\/schema\\\/logo\\\/image\\\/\"},\"sameAs\":[\"https:\\\/\\\/www.facebook.com\\\/portalcidademarketing\",\"https:\\\/\\\/x.com\\\/CidadeMarketing\",\"https:\\\/\\\/www.instagram.com\\\/cidademarketing\\\/\"]},{\"@type\":\"Person\",\"@id\":\"https:\\\/\\\/www.cidademarketing.com.br\\\/marketing\\\/#\\\/schema\\\/person\\\/02daff9f18bd9378c9e01eb6b2db155f\",\"name\":\"Thales Brand\u00e3o\",\"image\":{\"@type\":\"ImageObject\",\"inLanguage\":\"pt-BR\",\"@id\":\"https:\\\/\\\/secure.gravatar.com\\\/avatar\\\/7ca3206950207cc3cb48feec56a8a7898741ab725c368d99d5d7a5a50aab80c6?s=96&d=mm&r=g\",\"url\":\"https:\\\/\\\/secure.gravatar.com\\\/avatar\\\/7ca3206950207cc3cb48feec56a8a7898741ab725c368d99d5d7a5a50aab80c6?s=96&d=mm&r=g\",\"contentUrl\":\"https:\\\/\\\/secure.gravatar.com\\\/avatar\\\/7ca3206950207cc3cb48feec56a8a7898741ab725c368d99d5d7a5a50aab80c6?s=96&d=mm&r=g\",\"caption\":\"Thales Brand\u00e3o\"},\"description\":\"Editor Executivo do Portal CidadeMarketing.com.br &gt; Mestre em Comunica\u00e7\u00e3o e Sociedade pela Universidade Federal de Sergipe. Possui MBA Executivo em Administra\u00e7\u00e3o com \u00eanfase em Marketing pela Funda\u00e7\u00e3o Get\u00falio Vargas - Rio de Janeiro. Consultor, Palestrante e Pesquisador sobre Empreendedorismo, Marketing, Redes Sociais e Neg\u00f3cios Digitais. Professor, Palestrante TedxTalks e Campus Party. Twitter: @ThalesBrandao\",\"sameAs\":[\"http:\\\/\\\/www.mandacaru.com.br\",\"https:\\\/\\\/www.facebook.com\\\/thalesbrandao\",\"http:\\\/\\\/www.instagram.com.br\\\/thalesbrandaoferreira\",\"https:\\\/\\\/www.linkedin.com\\\/in\\\/thales-brand\u00e3o-3948609\\\/\",\"https:\\\/\\\/x.com\\\/http:\\\/\\\/www.twitter.com\\\/thalesbrandao\"],\"url\":\"https:\\\/\\\/www.cidademarketing.com.br\\\/marketing\\\/author\\\/thalesbrandao\\\/\"}]}<\/script>\n<!-- \/ Yoast SEO plugin. -->","yoast_head_json":{"title":"Shopping cria a\u00e7\u00e3o \"Hora Silenciosa\" para acolher fam\u00edlias com pessoas autistas - CidadeMarketing","robots":{"index":"index","follow":"follow","max-snippet":"max-snippet:-1","max-image-preview":"max-image-preview:large","max-video-preview":"max-video-preview:-1"},"canonical":"https:\/\/www.cidademarketing.com.br\/marketing\/2023\/04\/27\/shopping-cria-acao-hora-silenciosa-para-acolher-familias-com-pessoas-autistas\/","og_locale":"pt_BR","og_type":"article","og_title":"Shopping cria a\u00e7\u00e3o \"Hora Silenciosa\" para acolher fam\u00edlias com pessoas autistas - CidadeMarketing","og_description":"O Salvador Shopping d\u00e1 in\u00edcio, no dia 29 de abril, ao Projeto Hora Silenciosa, criado para oferecer um momento tranquilo e acolhedor para pessoas com o Transtorno do Espectro Autista (TEA) e suas fam\u00edlias. Durante a primeira hora de funcionamento do shopping, das 09 \u00e0s 10h, os ambientes ter\u00e3o os est\u00edmulos sonoros e visuais reduzidos. [&hellip;]","og_url":"https:\/\/www.cidademarketing.com.br\/marketing\/2023\/04\/27\/shopping-cria-acao-hora-silenciosa-para-acolher-familias-com-pessoas-autistas\/","og_site_name":"CidadeMarketing","article_publisher":"https:\/\/www.facebook.com\/portalcidademarketing","article_author":"https:\/\/www.facebook.com\/thalesbrandao","article_published_time":"2023-04-27T21:01:49+00:00","og_image":[{"width":1024,"height":768,"url":"https:\/\/www.cidademarketing.com.br\/marketing\/wp-content\/uploads\/2023\/04\/Vagas-TEA-2022_Salvador-Shopping_Foto-Roberto-Abreu-15-1024x768.jpg","type":"image\/jpeg"}],"author":"Thales Brand\u00e3o","twitter_card":"summary_large_image","twitter_creator":"@http:\/\/www.twitter.com\/thalesbrandao","twitter_site":"@CidadeMarketing","twitter_misc":{"Escrito por":"Thales Brand\u00e3o","Est. tempo de leitura":"5 minutos"},"schema":{"@context":"https:\/\/schema.org","@graph":[{"@type":"Article","@id":"https:\/\/www.cidademarketing.com.br\/marketing\/2023\/04\/27\/shopping-cria-acao-hora-silenciosa-para-acolher-familias-com-pessoas-autistas\/#article","isPartOf":{"@id":"https:\/\/www.cidademarketing.com.br\/marketing\/2023\/04\/27\/shopping-cria-acao-hora-silenciosa-para-acolher-familias-com-pessoas-autistas\/"},"author":{"name":"Thales Brand\u00e3o","@id":"https:\/\/www.cidademarketing.com.br\/marketing\/#\/schema\/person\/02daff9f18bd9378c9e01eb6b2db155f"},"headline":"Shopping cria a\u00e7\u00e3o &#8220;Hora Silenciosa&#8221; para acolher fam\u00edlias com pessoas autistas","datePublished":"2023-04-27T21:01:49+00:00","mainEntityOfPage":{"@id":"https:\/\/www.cidademarketing.com.br\/marketing\/2023\/04\/27\/shopping-cria-acao-hora-silenciosa-para-acolher-familias-com-pessoas-autistas\/"},"wordCount":943,"commentCount":0,"publisher":{"@id":"https:\/\/www.cidademarketing.com.br\/marketing\/#organization"},"image":{"@id":"https:\/\/www.cidademarketing.com.br\/marketing\/2023\/04\/27\/shopping-cria-acao-hora-silenciosa-para-acolher-familias-com-pessoas-autistas\/#primaryimage"},"thumbnailUrl":"https:\/\/www.cidademarketing.com.br\/marketing\/wp-content\/uploads\/2023\/04\/Vagas-TEA-2022_Salvador-Shopping_Foto-Roberto-Abreu-15.jpg","keywords":["autismo","estrat\u00e9gia","marketing","marketing social","Salvador Shopping","TEA"],"articleSection":["Not\u00edcias"],"inLanguage":"pt-BR","potentialAction":[{"@type":"CommentAction","name":"Comment","target":["https:\/\/www.cidademarketing.com.br\/marketing\/2023\/04\/27\/shopping-cria-acao-hora-silenciosa-para-acolher-familias-com-pessoas-autistas\/#respond"]}]},{"@type":"WebPage","@id":"https:\/\/www.cidademarketing.com.br\/marketing\/2023\/04\/27\/shopping-cria-acao-hora-silenciosa-para-acolher-familias-com-pessoas-autistas\/","url":"https:\/\/www.cidademarketing.com.br\/marketing\/2023\/04\/27\/shopping-cria-acao-hora-silenciosa-para-acolher-familias-com-pessoas-autistas\/","name":"Shopping cria a\u00e7\u00e3o \"Hora Silenciosa\" para acolher fam\u00edlias com pessoas autistas - CidadeMarketing","isPartOf":{"@id":"https:\/\/www.cidademarketing.com.br\/marketing\/#website"},"primaryImageOfPage":{"@id":"https:\/\/www.cidademarketing.com.br\/marketing\/2023\/04\/27\/shopping-cria-acao-hora-silenciosa-para-acolher-familias-com-pessoas-autistas\/#primaryimage"},"image":{"@id":"https:\/\/www.cidademarketing.com.br\/marketing\/2023\/04\/27\/shopping-cria-acao-hora-silenciosa-para-acolher-familias-com-pessoas-autistas\/#primaryimage"},"thumbnailUrl":"https:\/\/www.cidademarketing.com.br\/marketing\/wp-content\/uploads\/2023\/04\/Vagas-TEA-2022_Salvador-Shopping_Foto-Roberto-Abreu-15.jpg","datePublished":"2023-04-27T21:01:49+00:00","breadcrumb":{"@id":"https:\/\/www.cidademarketing.com.br\/marketing\/2023\/04\/27\/shopping-cria-acao-hora-silenciosa-para-acolher-familias-com-pessoas-autistas\/#breadcrumb"},"inLanguage":"pt-BR","potentialAction":[{"@type":"ReadAction","target":["https:\/\/www.cidademarketing.com.br\/marketing\/2023\/04\/27\/shopping-cria-acao-hora-silenciosa-para-acolher-familias-com-pessoas-autistas\/"]}]},{"@type":"ImageObject","inLanguage":"pt-BR","@id":"https:\/\/www.cidademarketing.com.br\/marketing\/2023\/04\/27\/shopping-cria-acao-hora-silenciosa-para-acolher-familias-com-pessoas-autistas\/#primaryimage","url":"https:\/\/www.cidademarketing.com.br\/marketing\/wp-content\/uploads\/2023\/04\/Vagas-TEA-2022_Salvador-Shopping_Foto-Roberto-Abreu-15.jpg","contentUrl":"https:\/\/www.cidademarketing.com.br\/marketing\/wp-content\/uploads\/2023\/04\/Vagas-TEA-2022_Salvador-Shopping_Foto-Roberto-Abreu-15.jpg","width":2048,"height":1536,"caption":"Foto: Roberto Abreu"},{"@type":"BreadcrumbList","@id":"https:\/\/www.cidademarketing.com.br\/marketing\/2023\/04\/27\/shopping-cria-acao-hora-silenciosa-para-acolher-familias-com-pessoas-autistas\/#breadcrumb","itemListElement":[{"@type":"ListItem","position":1,"name":"In\u00edcio","item":"https:\/\/www.cidademarketing.com.br\/marketing\/"},{"@type":"ListItem","position":2,"name":"Shopping cria a\u00e7\u00e3o &#8220;Hora Silenciosa&#8221; para acolher fam\u00edlias com pessoas autistas"}]},{"@type":"WebSite","@id":"https:\/\/www.cidademarketing.com.br\/marketing\/#website","url":"https:\/\/www.cidademarketing.com.br\/marketing\/","name":"CidadeMarketing","description":"Somos um ve\u00edculo de comunica\u00e7\u00e3o de destaque no Brasil, reconhecido por conte\u00fados nos segmentos de marketing, empreendedorismo e inova\u00e7\u00e3o.","publisher":{"@id":"https:\/\/www.cidademarketing.com.br\/marketing\/#organization"},"alternateName":"CidadeMarketing","potentialAction":[{"@type":"SearchAction","target":{"@type":"EntryPoint","urlTemplate":"https:\/\/www.cidademarketing.com.br\/marketing\/?s={search_term_string}"},"query-input":{"@type":"PropertyValueSpecification","valueRequired":true,"valueName":"search_term_string"}}],"inLanguage":"pt-BR"},{"@type":"Organization","@id":"https:\/\/www.cidademarketing.com.br\/marketing\/#organization","name":"CidadeMarketing","alternateName":"CidadeMarketing","url":"https:\/\/www.cidademarketing.com.br\/marketing\/","logo":{"@type":"ImageObject","inLanguage":"pt-BR","@id":"https:\/\/www.cidademarketing.com.br\/marketing\/#\/schema\/logo\/image\/","url":"https:\/\/www.cidademarketing.com.br\/marketing\/wp-content\/uploads\/2020\/01\/cidademarketing_marca_mobile.png","contentUrl":"https:\/\/www.cidademarketing.com.br\/marketing\/wp-content\/uploads\/2020\/01\/cidademarketing_marca_mobile.png","width":230,"height":92,"caption":"CidadeMarketing"},"image":{"@id":"https:\/\/www.cidademarketing.com.br\/marketing\/#\/schema\/logo\/image\/"},"sameAs":["https:\/\/www.facebook.com\/portalcidademarketing","https:\/\/x.com\/CidadeMarketing","https:\/\/www.instagram.com\/cidademarketing\/"]},{"@type":"Person","@id":"https:\/\/www.cidademarketing.com.br\/marketing\/#\/schema\/person\/02daff9f18bd9378c9e01eb6b2db155f","name":"Thales Brand\u00e3o","image":{"@type":"ImageObject","inLanguage":"pt-BR","@id":"https:\/\/secure.gravatar.com\/avatar\/7ca3206950207cc3cb48feec56a8a7898741ab725c368d99d5d7a5a50aab80c6?s=96&d=mm&r=g","url":"https:\/\/secure.gravatar.com\/avatar\/7ca3206950207cc3cb48feec56a8a7898741ab725c368d99d5d7a5a50aab80c6?s=96&d=mm&r=g","contentUrl":"https:\/\/secure.gravatar.com\/avatar\/7ca3206950207cc3cb48feec56a8a7898741ab725c368d99d5d7a5a50aab80c6?s=96&d=mm&r=g","caption":"Thales Brand\u00e3o"},"description":"Editor Executivo do Portal CidadeMarketing.com.br &gt; Mestre em Comunica\u00e7\u00e3o e Sociedade pela Universidade Federal de Sergipe. Possui MBA Executivo em Administra\u00e7\u00e3o com \u00eanfase em Marketing pela Funda\u00e7\u00e3o Get\u00falio Vargas - Rio de Janeiro. Consultor, Palestrante e Pesquisador sobre Empreendedorismo, Marketing, Redes Sociais e Neg\u00f3cios Digitais. Professor, Palestrante TedxTalks e Campus Party. Twitter: @ThalesBrandao","sameAs":["http:\/\/www.mandacaru.com.br","https:\/\/www.facebook.com\/thalesbrandao","http:\/\/www.instagram.com.br\/thalesbrandaoferreira","https:\/\/www.linkedin.com\/in\/thales-brand\u00e3o-3948609\/","https:\/\/x.com\/http:\/\/www.twitter.com\/thalesbrandao"],"url":"https:\/\/www.cidademarketing.com.br\/marketing\/author\/thalesbrandao\/"}]}},"amp_enabled":true,"_links":{"self":[{"href":"https:\/\/www.cidademarketing.com.br\/marketing\/wp-json\/wp\/v2\/posts\/44759","targetHints":{"allow":["GET"]}}],"collection":[{"href":"https:\/\/www.cidademarketing.com.br\/marketing\/wp-json\/wp\/v2\/posts"}],"about":[{"href":"https:\/\/www.cidademarketing.com.br\/marketing\/wp-json\/wp\/v2\/types\/post"}],"author":[{"embeddable":true,"href":"https:\/\/www.cidademarketing.com.br\/marketing\/wp-json\/wp\/v2\/users\/1"}],"replies":[{"embeddable":true,"href":"https:\/\/www.cidademarketing.com.br\/marketing\/wp-json\/wp\/v2\/comments?post=44759"}],"version-history":[{"count":1,"href":"https:\/\/www.cidademarketing.com.br\/marketing\/wp-json\/wp\/v2\/posts\/44759\/revisions"}],"predecessor-version":[{"id":44761,"href":"https:\/\/www.cidademarketing.com.br\/marketing\/wp-json\/wp\/v2\/posts\/44759\/revisions\/44761"}],"wp:featuredmedia":[{"embeddable":true,"href":"https:\/\/www.cidademarketing.com.br\/marketing\/wp-json\/wp\/v2\/media\/44760"}],"wp:attachment":[{"href":"https:\/\/www.cidademarketing.com.br\/marketing\/wp-json\/wp\/v2\/media?parent=44759"}],"wp:term":[{"taxonomy":"category","embeddable":true,"href":"https:\/\/www.cidademarketing.com.br\/marketing\/wp-json\/wp\/v2\/categories?post=44759"},{"taxonomy":"post_tag","embeddable":true,"href":"https:\/\/www.cidademarketing.com.br\/marketing\/wp-json\/wp\/v2\/tags?post=44759"}],"curies":[{"name":"wp","href":"https:\/\/api.w.org\/{rel}","templated":true}]}}