{"id":44717,"date":"2023-04-25T23:28:25","date_gmt":"2023-04-26T02:28:25","guid":{"rendered":"https:\/\/www.cidademarketing.com.br\/marketing\/?p=44717"},"modified":"2023-04-25T23:28:25","modified_gmt":"2023-04-26T02:28:25","slug":"kinder-amplia-o-portfolio-com-kinder-tronky","status":"publish","type":"post","link":"https:\/\/www.cidademarketing.com.br\/marketing\/2023\/04\/25\/kinder-amplia-o-portfolio-com-kinder-tronky\/","title":{"rendered":"Kinder amplia o portf\u00f3lio com Kinder Tronky"},"content":{"rendered":"<p>Com produtos ic\u00f4nicos focados em crian\u00e7as e adolescentes, Kinder\u00ae &#8212; integrante do grupo Ferrero\u00ae, ind\u00fastria italiana detentora de Tic Tac\u00ae, Nutella\u00ae e Ferrero Rocher\u00ae&#8211; apresenta mais uma inova\u00e7\u00e3o em 2023. Atenta ao crescimento da gera\u00e7\u00e3o Z, a marca apostou no Brasil como um dos pa\u00edses-chave para testar a amplia\u00e7\u00e3o de seu cat\u00e1logo, que passa a contar com um novo snack, focado em jovens adultos, o Kinder Tronky\u00ae.<\/p>\n<p><a href=\"https:\/\/www.cidademarketing.com.br\/marketing\/sua-marca-vai-virar-noticia\/\" target=\"_blank\" rel=\"noopener\"><img fetchpriority=\"high\" decoding=\"async\" class=\"wp-image-44329 aligncenter\" src=\"https:\/\/www.cidademarketing.com.br\/marketing\/wp-content\/uploads\/2023\/04\/cidademarketing_backlinks_marketingdigital_publieditorial_.png\" alt=\"\" width=\"500\" height=\"500\" \/><\/a><\/p>\n<p>A escolha da companhia e da marca, presente em solo brasileiro desde 1994, n\u00e3o ocorre por acaso. Sem perder a ess\u00eancia nem deixar de lado o p\u00fablico infantil, a novidade passa a integrar o portf\u00f3lio com outros cinco produtos vendidos no pa\u00eds, ampliando a variedade para os jovens consumidores. Al\u00e9m disso, o lan\u00e7amento servir\u00e1 para acelerar a participa\u00e7\u00e3o da Ferrero na disputa com outras gigantes do mercado de chocolates, sabiamente atentas ao potencial deste p\u00fablico.<\/p>\n<p>Aten\u00e7\u00e3o justificada<br \/>\nDados da empresa de consultoria McKinsey, divulgados ainda em 2021, j\u00e1 indicavam o alcance e poder deste grupo. H\u00e1 dois anos, apenas no Brasil, a Gera\u00e7\u00e3o Z j\u00e1 representava 20% da popula\u00e7\u00e3o do pa\u00eds, algo em torno de 25 milh\u00f5es de pessoas economicamente ativas, com bom poder de compra e enorme capacidade de influenciar os resultados de vendas, inclusive no varejo.<\/p>\n<p>Para a Diretora de Marketing de Kinder\u00ae para Am\u00e9rica do Sul, Daniela Spila, o Brasil se tornou polo essencial para compreender as mudan\u00e7as nos perfis de consumidores e mercado central para mensurar o impacto dos novos comportamentos do p\u00fablico. Segundo a executiva, foram exatamente os n\u00fameros que basearam a cria\u00e7\u00e3o da estrat\u00e9gia liderada por Kinder\u00ae.<\/p>\n<p>&#8220;O Brasil \u00e9 o segundo mercado no qual o grupo est\u00e1 apostando para a distribui\u00e7\u00e3o da novidade, ficando atr\u00e1s apenas da China. Tamanha exclusividade confirma a visibilidade do com\u00e9rcio brasileiro para o a Ferrero e refor\u00e7a o compromisso da companhia em continuar expandindo Kinder na Am\u00e9rica do Sul\u201d, comenta.<\/p>\n<p>Tend\u00eancias<br \/>\nDe olho em outras tend\u00eancias, a porta-voz da Ferrero explica ainda que outros fatores contribu\u00edram para refor\u00e7ar a aposta no mercado brasileiro. &#8220;O crescimento do segmento de snacks no pa\u00eds tamb\u00e9m impulsionou nosso planejamento&#8221;, diz. A an\u00e1lise de Spila pode ser validada pelas informa\u00e7\u00f5es apontadas pela a Euromonitor International. Segundo a consultoria, at\u00e9 2026, a estimativa \u00e9 de que as vendas desse tipo de produto cheguem a R$ 89,3 bilh\u00f5es, gerando um salto de 11,6% acima do que faturava h\u00e1 cinco anos.<\/p>\n<p>\u201cCom o crescimento do mercado snacks no Brasil, Kinder Tronky\u00ae passa a ser um produto muito estrat\u00e9gico, passando a representar mais de 10% do total das vendas de Kinder nacionalmente. Outro fator importante \u00e9 que, sendo termorresistente, conseguiremos realizar a distribui\u00e7\u00e3o nacional e garantir a qualidade na ponta. A expans\u00e3o do portf\u00f3lio tamb\u00e9m \u00e9 muito significativa para n\u00f3s, pois Kinder ter\u00e1 oportunidade de fazer parte do dia a dia de uma base maior de consumidores e entrar\u00e1 em novas ocasi\u00f5es de compra\u201d, comenta Daniela.<\/p>\n<p><iframe title=\"Spotify Embed: Podcast CidadeMarketing\" style=\"border-radius: 12px\" width=\"100%\" height=\"152\" frameborder=\"0\" allowfullscreen allow=\"autoplay; clipboard-write; encrypted-media; fullscreen; picture-in-picture\" loading=\"lazy\" src=\"https:\/\/open.spotify.com\/embed\/show\/4khMKzP3FgFRWVwb73xicc?si=252fe5bff2b34909&#038;utm_source=oembed\"><\/iframe><\/p>\n<p>&nbsp;<\/p>\n<p>Expans\u00e3o no Brasil<br \/>\nTerceira maior empresa no setor de chocolates do mundo, a Ferrero tem refor\u00e7ado ano a ano sua presen\u00e7a no mercado brasileiro e sul-americano. Prevendo um crescimento de duplo d\u00edgito nos pr\u00f3ximos 12 meses, a partir de investimentos de mais de R$ 24 milh\u00f5es na regi\u00e3o, a aposta tem sido a regionaliza\u00e7\u00e3o. Assim, produtos como Hanuta, Kinder Creamy e agora, Kinder Tronky, chegam \u00e0s prateleiras.<br \/>\nPara assegurar vendas bem-sucedidas, al\u00e9m da diversidade de sabores, formatos e a inegoci\u00e1vel qualidade atrelada ao que \u00e9 comercializado pela Ferrero, Spila explica ainda que outras mudan\u00e7as v\u00eam sendo incorporadas ao neg\u00f3cio: as estrat\u00e9gias digitais. \u201cSabemos que a gera\u00e7\u00e3o Z \u00e9 altamente conectada \u00e0 tecnologia e \u00e0 internet. Por isso, toda a campanha e estrat\u00e9gia de comunica\u00e7\u00e3o deste lan\u00e7amento foi pensada com este foco\u201d.<\/p>\n","protected":false},"excerpt":{"rendered":"<p>Com produtos ic\u00f4nicos focados em crian\u00e7as e adolescentes, Kinder\u00ae &#8212; integrante do grupo Ferrero\u00ae, ind\u00fastria italiana detentora de Tic Tac\u00ae, Nutella\u00ae e Ferrero Rocher\u00ae&#8211; apresenta mais uma inova\u00e7\u00e3o em 2023. Atenta ao crescimento da gera\u00e7\u00e3o Z, a marca apostou no Brasil como um dos pa\u00edses-chave para testar a amplia\u00e7\u00e3o de seu cat\u00e1logo, que passa a [&hellip;]<\/p>\n","protected":false},"author":1,"featured_media":44718,"comment_status":"open","ping_status":"open","sticky":false,"template":"","format":"standard","meta":{"tdm_status":"","tdm_grid_status":"","footnotes":""},"categories":[6],"tags":[33,4596,28,228],"class_list":["post-44717","post","type-post","status-publish","format-standard","has-post-thumbnail","hentry","category-noticias","tag-estrategia","tag-kinder","tag-marketing","tag-segmentacao-de-mercado"],"yoast_head":"<!-- This site is optimized with the Yoast SEO plugin v27.5 - https:\/\/yoast.com\/product\/yoast-seo-wordpress\/ -->\n<title>Kinder amplia o portf\u00f3lio com Kinder Tronky - CidadeMarketing<\/title>\n<meta name=\"robots\" content=\"index, follow, max-snippet:-1, max-image-preview:large, max-video-preview:-1\" \/>\n<link rel=\"canonical\" href=\"https:\/\/www.cidademarketing.com.br\/marketing\/2023\/04\/25\/kinder-amplia-o-portfolio-com-kinder-tronky\/\" \/>\n<meta property=\"og:locale\" content=\"pt_BR\" \/>\n<meta property=\"og:type\" content=\"article\" \/>\n<meta property=\"og:title\" content=\"Kinder amplia o portf\u00f3lio com Kinder Tronky - CidadeMarketing\" \/>\n<meta property=\"og:description\" content=\"Com produtos ic\u00f4nicos focados em crian\u00e7as e adolescentes, Kinder\u00ae &#8212; integrante do grupo Ferrero\u00ae, ind\u00fastria italiana detentora de Tic Tac\u00ae, Nutella\u00ae e Ferrero Rocher\u00ae&#8211; apresenta mais uma inova\u00e7\u00e3o em 2023. Atenta ao crescimento da gera\u00e7\u00e3o Z, a marca apostou no Brasil como um dos pa\u00edses-chave para testar a amplia\u00e7\u00e3o de seu cat\u00e1logo, que passa a [&hellip;]\" \/>\n<meta property=\"og:url\" content=\"https:\/\/www.cidademarketing.com.br\/marketing\/2023\/04\/25\/kinder-amplia-o-portfolio-com-kinder-tronky\/\" \/>\n<meta property=\"og:site_name\" content=\"CidadeMarketing\" \/>\n<meta property=\"article:publisher\" content=\"https:\/\/www.facebook.com\/portalcidademarketing\" \/>\n<meta property=\"article:author\" content=\"https:\/\/www.facebook.com\/thalesbrandao\" \/>\n<meta property=\"article:published_time\" content=\"2023-04-26T02:28:25+00:00\" \/>\n<meta property=\"og:image\" content=\"https:\/\/www.cidademarketing.com.br\/marketing\/wp-content\/uploads\/2023\/04\/kinder_tronky-1024x574.png\" \/>\n\t<meta property=\"og:image:width\" content=\"1024\" \/>\n\t<meta property=\"og:image:height\" content=\"574\" \/>\n\t<meta property=\"og:image:type\" content=\"image\/png\" \/>\n<meta name=\"author\" content=\"Thales Brand\u00e3o\" \/>\n<meta name=\"twitter:card\" content=\"summary_large_image\" \/>\n<meta name=\"twitter:creator\" content=\"@http:\/\/www.twitter.com\/thalesbrandao\" \/>\n<meta name=\"twitter:site\" content=\"@CidadeMarketing\" \/>\n<meta name=\"twitter:label1\" content=\"Escrito por\" \/>\n\t<meta name=\"twitter:data1\" content=\"Thales Brand\u00e3o\" \/>\n\t<meta name=\"twitter:label2\" content=\"Est. tempo de leitura\" \/>\n\t<meta name=\"twitter:data2\" content=\"3 minutos\" \/>\n<script type=\"application\/ld+json\" class=\"yoast-schema-graph\">{\"@context\":\"https:\\\/\\\/schema.org\",\"@graph\":[{\"@type\":\"Article\",\"@id\":\"https:\\\/\\\/www.cidademarketing.com.br\\\/marketing\\\/2023\\\/04\\\/25\\\/kinder-amplia-o-portfolio-com-kinder-tronky\\\/#article\",\"isPartOf\":{\"@id\":\"https:\\\/\\\/www.cidademarketing.com.br\\\/marketing\\\/2023\\\/04\\\/25\\\/kinder-amplia-o-portfolio-com-kinder-tronky\\\/\"},\"author\":{\"name\":\"Thales Brand\u00e3o\",\"@id\":\"https:\\\/\\\/www.cidademarketing.com.br\\\/marketing\\\/#\\\/schema\\\/person\\\/02daff9f18bd9378c9e01eb6b2db155f\"},\"headline\":\"Kinder amplia o portf\u00f3lio com Kinder Tronky\",\"datePublished\":\"2023-04-26T02:28:25+00:00\",\"mainEntityOfPage\":{\"@id\":\"https:\\\/\\\/www.cidademarketing.com.br\\\/marketing\\\/2023\\\/04\\\/25\\\/kinder-amplia-o-portfolio-com-kinder-tronky\\\/\"},\"wordCount\":679,\"commentCount\":0,\"publisher\":{\"@id\":\"https:\\\/\\\/www.cidademarketing.com.br\\\/marketing\\\/#organization\"},\"image\":{\"@id\":\"https:\\\/\\\/www.cidademarketing.com.br\\\/marketing\\\/2023\\\/04\\\/25\\\/kinder-amplia-o-portfolio-com-kinder-tronky\\\/#primaryimage\"},\"thumbnailUrl\":\"https:\\\/\\\/www.cidademarketing.com.br\\\/marketing\\\/wp-content\\\/uploads\\\/2023\\\/04\\\/kinder_tronky.png\",\"keywords\":[\"estrat\u00e9gia\",\"Kinder\",\"marketing\",\"segmenta\u00e7\u00e3o de mercado\"],\"articleSection\":[\"Not\u00edcias\"],\"inLanguage\":\"pt-BR\",\"potentialAction\":[{\"@type\":\"CommentAction\",\"name\":\"Comment\",\"target\":[\"https:\\\/\\\/www.cidademarketing.com.br\\\/marketing\\\/2023\\\/04\\\/25\\\/kinder-amplia-o-portfolio-com-kinder-tronky\\\/#respond\"]}]},{\"@type\":\"WebPage\",\"@id\":\"https:\\\/\\\/www.cidademarketing.com.br\\\/marketing\\\/2023\\\/04\\\/25\\\/kinder-amplia-o-portfolio-com-kinder-tronky\\\/\",\"url\":\"https:\\\/\\\/www.cidademarketing.com.br\\\/marketing\\\/2023\\\/04\\\/25\\\/kinder-amplia-o-portfolio-com-kinder-tronky\\\/\",\"name\":\"Kinder amplia o portf\u00f3lio com Kinder Tronky - CidadeMarketing\",\"isPartOf\":{\"@id\":\"https:\\\/\\\/www.cidademarketing.com.br\\\/marketing\\\/#website\"},\"primaryImageOfPage\":{\"@id\":\"https:\\\/\\\/www.cidademarketing.com.br\\\/marketing\\\/2023\\\/04\\\/25\\\/kinder-amplia-o-portfolio-com-kinder-tronky\\\/#primaryimage\"},\"image\":{\"@id\":\"https:\\\/\\\/www.cidademarketing.com.br\\\/marketing\\\/2023\\\/04\\\/25\\\/kinder-amplia-o-portfolio-com-kinder-tronky\\\/#primaryimage\"},\"thumbnailUrl\":\"https:\\\/\\\/www.cidademarketing.com.br\\\/marketing\\\/wp-content\\\/uploads\\\/2023\\\/04\\\/kinder_tronky.png\",\"datePublished\":\"2023-04-26T02:28:25+00:00\",\"breadcrumb\":{\"@id\":\"https:\\\/\\\/www.cidademarketing.com.br\\\/marketing\\\/2023\\\/04\\\/25\\\/kinder-amplia-o-portfolio-com-kinder-tronky\\\/#breadcrumb\"},\"inLanguage\":\"pt-BR\",\"potentialAction\":[{\"@type\":\"ReadAction\",\"target\":[\"https:\\\/\\\/www.cidademarketing.com.br\\\/marketing\\\/2023\\\/04\\\/25\\\/kinder-amplia-o-portfolio-com-kinder-tronky\\\/\"]}]},{\"@type\":\"ImageObject\",\"inLanguage\":\"pt-BR\",\"@id\":\"https:\\\/\\\/www.cidademarketing.com.br\\\/marketing\\\/2023\\\/04\\\/25\\\/kinder-amplia-o-portfolio-com-kinder-tronky\\\/#primaryimage\",\"url\":\"https:\\\/\\\/www.cidademarketing.com.br\\\/marketing\\\/wp-content\\\/uploads\\\/2023\\\/04\\\/kinder_tronky.png\",\"contentUrl\":\"https:\\\/\\\/www.cidademarketing.com.br\\\/marketing\\\/wp-content\\\/uploads\\\/2023\\\/04\\\/kinder_tronky.png\",\"width\":10748,\"height\":6024},{\"@type\":\"BreadcrumbList\",\"@id\":\"https:\\\/\\\/www.cidademarketing.com.br\\\/marketing\\\/2023\\\/04\\\/25\\\/kinder-amplia-o-portfolio-com-kinder-tronky\\\/#breadcrumb\",\"itemListElement\":[{\"@type\":\"ListItem\",\"position\":1,\"name\":\"In\u00edcio\",\"item\":\"https:\\\/\\\/www.cidademarketing.com.br\\\/marketing\\\/\"},{\"@type\":\"ListItem\",\"position\":2,\"name\":\"Kinder amplia o portf\u00f3lio com Kinder Tronky\"}]},{\"@type\":\"WebSite\",\"@id\":\"https:\\\/\\\/www.cidademarketing.com.br\\\/marketing\\\/#website\",\"url\":\"https:\\\/\\\/www.cidademarketing.com.br\\\/marketing\\\/\",\"name\":\"CidadeMarketing\",\"description\":\"Somos um ve\u00edculo de comunica\u00e7\u00e3o de destaque no Brasil, reconhecido por conte\u00fados nos segmentos de marketing, empreendedorismo e inova\u00e7\u00e3o.\",\"publisher\":{\"@id\":\"https:\\\/\\\/www.cidademarketing.com.br\\\/marketing\\\/#organization\"},\"alternateName\":\"CidadeMarketing\",\"potentialAction\":[{\"@type\":\"SearchAction\",\"target\":{\"@type\":\"EntryPoint\",\"urlTemplate\":\"https:\\\/\\\/www.cidademarketing.com.br\\\/marketing\\\/?s={search_term_string}\"},\"query-input\":{\"@type\":\"PropertyValueSpecification\",\"valueRequired\":true,\"valueName\":\"search_term_string\"}}],\"inLanguage\":\"pt-BR\"},{\"@type\":\"Organization\",\"@id\":\"https:\\\/\\\/www.cidademarketing.com.br\\\/marketing\\\/#organization\",\"name\":\"CidadeMarketing\",\"alternateName\":\"CidadeMarketing\",\"url\":\"https:\\\/\\\/www.cidademarketing.com.br\\\/marketing\\\/\",\"logo\":{\"@type\":\"ImageObject\",\"inLanguage\":\"pt-BR\",\"@id\":\"https:\\\/\\\/www.cidademarketing.com.br\\\/marketing\\\/#\\\/schema\\\/logo\\\/image\\\/\",\"url\":\"https:\\\/\\\/www.cidademarketing.com.br\\\/marketing\\\/wp-content\\\/uploads\\\/2020\\\/01\\\/cidademarketing_marca_mobile.png\",\"contentUrl\":\"https:\\\/\\\/www.cidademarketing.com.br\\\/marketing\\\/wp-content\\\/uploads\\\/2020\\\/01\\\/cidademarketing_marca_mobile.png\",\"width\":230,\"height\":92,\"caption\":\"CidadeMarketing\"},\"image\":{\"@id\":\"https:\\\/\\\/www.cidademarketing.com.br\\\/marketing\\\/#\\\/schema\\\/logo\\\/image\\\/\"},\"sameAs\":[\"https:\\\/\\\/www.facebook.com\\\/portalcidademarketing\",\"https:\\\/\\\/x.com\\\/CidadeMarketing\",\"https:\\\/\\\/www.instagram.com\\\/cidademarketing\\\/\"]},{\"@type\":\"Person\",\"@id\":\"https:\\\/\\\/www.cidademarketing.com.br\\\/marketing\\\/#\\\/schema\\\/person\\\/02daff9f18bd9378c9e01eb6b2db155f\",\"name\":\"Thales Brand\u00e3o\",\"image\":{\"@type\":\"ImageObject\",\"inLanguage\":\"pt-BR\",\"@id\":\"https:\\\/\\\/secure.gravatar.com\\\/avatar\\\/7ca3206950207cc3cb48feec56a8a7898741ab725c368d99d5d7a5a50aab80c6?s=96&d=mm&r=g\",\"url\":\"https:\\\/\\\/secure.gravatar.com\\\/avatar\\\/7ca3206950207cc3cb48feec56a8a7898741ab725c368d99d5d7a5a50aab80c6?s=96&d=mm&r=g\",\"contentUrl\":\"https:\\\/\\\/secure.gravatar.com\\\/avatar\\\/7ca3206950207cc3cb48feec56a8a7898741ab725c368d99d5d7a5a50aab80c6?s=96&d=mm&r=g\",\"caption\":\"Thales Brand\u00e3o\"},\"description\":\"Editor Executivo do Portal CidadeMarketing.com.br &gt; Mestre em Comunica\u00e7\u00e3o e Sociedade pela Universidade Federal de Sergipe. Possui MBA Executivo em Administra\u00e7\u00e3o com \u00eanfase em Marketing pela Funda\u00e7\u00e3o Get\u00falio Vargas - Rio de Janeiro. Consultor, Palestrante e Pesquisador sobre Empreendedorismo, Marketing, Redes Sociais e Neg\u00f3cios Digitais. Professor, Palestrante TedxTalks e Campus Party. Twitter: @ThalesBrandao\",\"sameAs\":[\"http:\\\/\\\/www.mandacaru.com.br\",\"https:\\\/\\\/www.facebook.com\\\/thalesbrandao\",\"http:\\\/\\\/www.instagram.com.br\\\/thalesbrandaoferreira\",\"https:\\\/\\\/www.linkedin.com\\\/in\\\/thales-brand\u00e3o-3948609\\\/\",\"https:\\\/\\\/x.com\\\/http:\\\/\\\/www.twitter.com\\\/thalesbrandao\"],\"url\":\"https:\\\/\\\/www.cidademarketing.com.br\\\/marketing\\\/author\\\/thalesbrandao\\\/\"}]}<\/script>\n<!-- \/ Yoast SEO plugin. -->","yoast_head_json":{"title":"Kinder amplia o portf\u00f3lio com Kinder Tronky - CidadeMarketing","robots":{"index":"index","follow":"follow","max-snippet":"max-snippet:-1","max-image-preview":"max-image-preview:large","max-video-preview":"max-video-preview:-1"},"canonical":"https:\/\/www.cidademarketing.com.br\/marketing\/2023\/04\/25\/kinder-amplia-o-portfolio-com-kinder-tronky\/","og_locale":"pt_BR","og_type":"article","og_title":"Kinder amplia o portf\u00f3lio com Kinder Tronky - CidadeMarketing","og_description":"Com produtos ic\u00f4nicos focados em crian\u00e7as e adolescentes, Kinder\u00ae &#8212; integrante do grupo Ferrero\u00ae, ind\u00fastria italiana detentora de Tic Tac\u00ae, Nutella\u00ae e Ferrero Rocher\u00ae&#8211; apresenta mais uma inova\u00e7\u00e3o em 2023. Atenta ao crescimento da gera\u00e7\u00e3o Z, a marca apostou no Brasil como um dos pa\u00edses-chave para testar a amplia\u00e7\u00e3o de seu cat\u00e1logo, que passa a [&hellip;]","og_url":"https:\/\/www.cidademarketing.com.br\/marketing\/2023\/04\/25\/kinder-amplia-o-portfolio-com-kinder-tronky\/","og_site_name":"CidadeMarketing","article_publisher":"https:\/\/www.facebook.com\/portalcidademarketing","article_author":"https:\/\/www.facebook.com\/thalesbrandao","article_published_time":"2023-04-26T02:28:25+00:00","og_image":[{"width":1024,"height":574,"url":"https:\/\/www.cidademarketing.com.br\/marketing\/wp-content\/uploads\/2023\/04\/kinder_tronky-1024x574.png","type":"image\/png"}],"author":"Thales Brand\u00e3o","twitter_card":"summary_large_image","twitter_creator":"@http:\/\/www.twitter.com\/thalesbrandao","twitter_site":"@CidadeMarketing","twitter_misc":{"Escrito por":"Thales Brand\u00e3o","Est. tempo de leitura":"3 minutos"},"schema":{"@context":"https:\/\/schema.org","@graph":[{"@type":"Article","@id":"https:\/\/www.cidademarketing.com.br\/marketing\/2023\/04\/25\/kinder-amplia-o-portfolio-com-kinder-tronky\/#article","isPartOf":{"@id":"https:\/\/www.cidademarketing.com.br\/marketing\/2023\/04\/25\/kinder-amplia-o-portfolio-com-kinder-tronky\/"},"author":{"name":"Thales Brand\u00e3o","@id":"https:\/\/www.cidademarketing.com.br\/marketing\/#\/schema\/person\/02daff9f18bd9378c9e01eb6b2db155f"},"headline":"Kinder amplia o portf\u00f3lio com Kinder Tronky","datePublished":"2023-04-26T02:28:25+00:00","mainEntityOfPage":{"@id":"https:\/\/www.cidademarketing.com.br\/marketing\/2023\/04\/25\/kinder-amplia-o-portfolio-com-kinder-tronky\/"},"wordCount":679,"commentCount":0,"publisher":{"@id":"https:\/\/www.cidademarketing.com.br\/marketing\/#organization"},"image":{"@id":"https:\/\/www.cidademarketing.com.br\/marketing\/2023\/04\/25\/kinder-amplia-o-portfolio-com-kinder-tronky\/#primaryimage"},"thumbnailUrl":"https:\/\/www.cidademarketing.com.br\/marketing\/wp-content\/uploads\/2023\/04\/kinder_tronky.png","keywords":["estrat\u00e9gia","Kinder","marketing","segmenta\u00e7\u00e3o de mercado"],"articleSection":["Not\u00edcias"],"inLanguage":"pt-BR","potentialAction":[{"@type":"CommentAction","name":"Comment","target":["https:\/\/www.cidademarketing.com.br\/marketing\/2023\/04\/25\/kinder-amplia-o-portfolio-com-kinder-tronky\/#respond"]}]},{"@type":"WebPage","@id":"https:\/\/www.cidademarketing.com.br\/marketing\/2023\/04\/25\/kinder-amplia-o-portfolio-com-kinder-tronky\/","url":"https:\/\/www.cidademarketing.com.br\/marketing\/2023\/04\/25\/kinder-amplia-o-portfolio-com-kinder-tronky\/","name":"Kinder amplia o portf\u00f3lio com Kinder Tronky - CidadeMarketing","isPartOf":{"@id":"https:\/\/www.cidademarketing.com.br\/marketing\/#website"},"primaryImageOfPage":{"@id":"https:\/\/www.cidademarketing.com.br\/marketing\/2023\/04\/25\/kinder-amplia-o-portfolio-com-kinder-tronky\/#primaryimage"},"image":{"@id":"https:\/\/www.cidademarketing.com.br\/marketing\/2023\/04\/25\/kinder-amplia-o-portfolio-com-kinder-tronky\/#primaryimage"},"thumbnailUrl":"https:\/\/www.cidademarketing.com.br\/marketing\/wp-content\/uploads\/2023\/04\/kinder_tronky.png","datePublished":"2023-04-26T02:28:25+00:00","breadcrumb":{"@id":"https:\/\/www.cidademarketing.com.br\/marketing\/2023\/04\/25\/kinder-amplia-o-portfolio-com-kinder-tronky\/#breadcrumb"},"inLanguage":"pt-BR","potentialAction":[{"@type":"ReadAction","target":["https:\/\/www.cidademarketing.com.br\/marketing\/2023\/04\/25\/kinder-amplia-o-portfolio-com-kinder-tronky\/"]}]},{"@type":"ImageObject","inLanguage":"pt-BR","@id":"https:\/\/www.cidademarketing.com.br\/marketing\/2023\/04\/25\/kinder-amplia-o-portfolio-com-kinder-tronky\/#primaryimage","url":"https:\/\/www.cidademarketing.com.br\/marketing\/wp-content\/uploads\/2023\/04\/kinder_tronky.png","contentUrl":"https:\/\/www.cidademarketing.com.br\/marketing\/wp-content\/uploads\/2023\/04\/kinder_tronky.png","width":10748,"height":6024},{"@type":"BreadcrumbList","@id":"https:\/\/www.cidademarketing.com.br\/marketing\/2023\/04\/25\/kinder-amplia-o-portfolio-com-kinder-tronky\/#breadcrumb","itemListElement":[{"@type":"ListItem","position":1,"name":"In\u00edcio","item":"https:\/\/www.cidademarketing.com.br\/marketing\/"},{"@type":"ListItem","position":2,"name":"Kinder amplia o portf\u00f3lio com Kinder Tronky"}]},{"@type":"WebSite","@id":"https:\/\/www.cidademarketing.com.br\/marketing\/#website","url":"https:\/\/www.cidademarketing.com.br\/marketing\/","name":"CidadeMarketing","description":"Somos um ve\u00edculo de comunica\u00e7\u00e3o de destaque no Brasil, reconhecido por conte\u00fados nos segmentos de marketing, empreendedorismo e inova\u00e7\u00e3o.","publisher":{"@id":"https:\/\/www.cidademarketing.com.br\/marketing\/#organization"},"alternateName":"CidadeMarketing","potentialAction":[{"@type":"SearchAction","target":{"@type":"EntryPoint","urlTemplate":"https:\/\/www.cidademarketing.com.br\/marketing\/?s={search_term_string}"},"query-input":{"@type":"PropertyValueSpecification","valueRequired":true,"valueName":"search_term_string"}}],"inLanguage":"pt-BR"},{"@type":"Organization","@id":"https:\/\/www.cidademarketing.com.br\/marketing\/#organization","name":"CidadeMarketing","alternateName":"CidadeMarketing","url":"https:\/\/www.cidademarketing.com.br\/marketing\/","logo":{"@type":"ImageObject","inLanguage":"pt-BR","@id":"https:\/\/www.cidademarketing.com.br\/marketing\/#\/schema\/logo\/image\/","url":"https:\/\/www.cidademarketing.com.br\/marketing\/wp-content\/uploads\/2020\/01\/cidademarketing_marca_mobile.png","contentUrl":"https:\/\/www.cidademarketing.com.br\/marketing\/wp-content\/uploads\/2020\/01\/cidademarketing_marca_mobile.png","width":230,"height":92,"caption":"CidadeMarketing"},"image":{"@id":"https:\/\/www.cidademarketing.com.br\/marketing\/#\/schema\/logo\/image\/"},"sameAs":["https:\/\/www.facebook.com\/portalcidademarketing","https:\/\/x.com\/CidadeMarketing","https:\/\/www.instagram.com\/cidademarketing\/"]},{"@type":"Person","@id":"https:\/\/www.cidademarketing.com.br\/marketing\/#\/schema\/person\/02daff9f18bd9378c9e01eb6b2db155f","name":"Thales Brand\u00e3o","image":{"@type":"ImageObject","inLanguage":"pt-BR","@id":"https:\/\/secure.gravatar.com\/avatar\/7ca3206950207cc3cb48feec56a8a7898741ab725c368d99d5d7a5a50aab80c6?s=96&d=mm&r=g","url":"https:\/\/secure.gravatar.com\/avatar\/7ca3206950207cc3cb48feec56a8a7898741ab725c368d99d5d7a5a50aab80c6?s=96&d=mm&r=g","contentUrl":"https:\/\/secure.gravatar.com\/avatar\/7ca3206950207cc3cb48feec56a8a7898741ab725c368d99d5d7a5a50aab80c6?s=96&d=mm&r=g","caption":"Thales Brand\u00e3o"},"description":"Editor Executivo do Portal CidadeMarketing.com.br &gt; Mestre em Comunica\u00e7\u00e3o e Sociedade pela Universidade Federal de Sergipe. Possui MBA Executivo em Administra\u00e7\u00e3o com \u00eanfase em Marketing pela Funda\u00e7\u00e3o Get\u00falio Vargas - Rio de Janeiro. Consultor, Palestrante e Pesquisador sobre Empreendedorismo, Marketing, Redes Sociais e Neg\u00f3cios Digitais. Professor, Palestrante TedxTalks e Campus Party. Twitter: @ThalesBrandao","sameAs":["http:\/\/www.mandacaru.com.br","https:\/\/www.facebook.com\/thalesbrandao","http:\/\/www.instagram.com.br\/thalesbrandaoferreira","https:\/\/www.linkedin.com\/in\/thales-brand\u00e3o-3948609\/","https:\/\/x.com\/http:\/\/www.twitter.com\/thalesbrandao"],"url":"https:\/\/www.cidademarketing.com.br\/marketing\/author\/thalesbrandao\/"}]}},"amp_enabled":true,"_links":{"self":[{"href":"https:\/\/www.cidademarketing.com.br\/marketing\/wp-json\/wp\/v2\/posts\/44717","targetHints":{"allow":["GET"]}}],"collection":[{"href":"https:\/\/www.cidademarketing.com.br\/marketing\/wp-json\/wp\/v2\/posts"}],"about":[{"href":"https:\/\/www.cidademarketing.com.br\/marketing\/wp-json\/wp\/v2\/types\/post"}],"author":[{"embeddable":true,"href":"https:\/\/www.cidademarketing.com.br\/marketing\/wp-json\/wp\/v2\/users\/1"}],"replies":[{"embeddable":true,"href":"https:\/\/www.cidademarketing.com.br\/marketing\/wp-json\/wp\/v2\/comments?post=44717"}],"version-history":[{"count":1,"href":"https:\/\/www.cidademarketing.com.br\/marketing\/wp-json\/wp\/v2\/posts\/44717\/revisions"}],"predecessor-version":[{"id":44719,"href":"https:\/\/www.cidademarketing.com.br\/marketing\/wp-json\/wp\/v2\/posts\/44717\/revisions\/44719"}],"wp:featuredmedia":[{"embeddable":true,"href":"https:\/\/www.cidademarketing.com.br\/marketing\/wp-json\/wp\/v2\/media\/44718"}],"wp:attachment":[{"href":"https:\/\/www.cidademarketing.com.br\/marketing\/wp-json\/wp\/v2\/media?parent=44717"}],"wp:term":[{"taxonomy":"category","embeddable":true,"href":"https:\/\/www.cidademarketing.com.br\/marketing\/wp-json\/wp\/v2\/categories?post=44717"},{"taxonomy":"post_tag","embeddable":true,"href":"https:\/\/www.cidademarketing.com.br\/marketing\/wp-json\/wp\/v2\/tags?post=44717"}],"curies":[{"name":"wp","href":"https:\/\/api.w.org\/{rel}","templated":true}]}}