{"id":44522,"date":"2023-04-14T12:04:39","date_gmt":"2023-04-14T15:04:39","guid":{"rendered":"https:\/\/www.cidademarketing.com.br\/marketing\/?p=44522"},"modified":"2023-04-14T12:04:39","modified_gmt":"2023-04-14T15:04:39","slug":"quem-disse-berenice-cria-manifesto-que-defende-nao-existem-beijos-ruins","status":"publish","type":"post","link":"https:\/\/www.cidademarketing.com.br\/marketing\/2023\/04\/14\/quem-disse-berenice-cria-manifesto-que-defende-nao-existem-beijos-ruins\/","title":{"rendered":"Quem Disse, Berenice? cria manifesto que defende &#8220;n\u00e3o existem beijos ruins&#8221;"},"content":{"rendered":"<p>Em 13 de abril \u00e9 comemorado o Dia do Beijo. E, para retomar uma conversa anual sobre a data, que j\u00e1 se tornou refer\u00eancia para Quem Disse, Berenice? por refor\u00e7ar seus ideais de liberdade, autenticidade e beleza indisciplinada, a marca encomendou uma pesquisa comemorativa conduzida pela consultoria On The Go, com o objetivo de estudar o comportamento das gera\u00e7\u00f5es, por meio de suas percep\u00e7\u00f5es sobre o ato de beijar. O material constatou que, para 68% dos entrevistados da Gera\u00e7\u00e3o Z, composta por jovens entre 16 e 24 anos, o beijo \u00e9 majoritariamente um gesto de afeto e carinho, enquanto 66% tamb\u00e9m concordam que \u00e9 um tipo de conex\u00e3o.<\/p>\n<p><a href=\"https:\/\/www.cidademarketing.com.br\/marketing\/sua-marca-vai-virar-noticia\/\" target=\"_blank\" rel=\"noopener\"><img fetchpriority=\"high\" decoding=\"async\" class=\"wp-image-44329 aligncenter\" src=\"https:\/\/www.cidademarketing.com.br\/marketing\/wp-content\/uploads\/2023\/04\/cidademarketing_backlinks_marketingdigital_publieditorial_.png\" alt=\"\" width=\"500\" height=\"500\" \/><\/a><\/p>\n<p>J\u00e1 nas gera\u00e7\u00f5es Y (de 25 a 40 anos) e X (de 41 a 50 anos), usadas como grupos comparativos, o afeto e a conex\u00e3o tamb\u00e9m s\u00e3o considerados importantes, mas essa parcela do p\u00fablico tamb\u00e9m atribui ao beijo, de forma muito mais presente, a ideia de desejo (48% e 53%, respectivamente) e sedu\u00e7\u00e3o (31% e 32%, respectivamente), percep\u00e7\u00f5es que n\u00e3o foram destaque entre o p\u00fablico-alvo do estudo, em que 35% dos jovens conectaram o beijo ao desejo e 19% \u00e0 sedu\u00e7\u00e3o.<\/p>\n<p>Esse e os demais resultados da pesquisa ajudam a construir um panorama sobre o perfil e comportamento dos consumidores, que apontam uma gera\u00e7\u00e3o afetuosa, conectada e que respeita e valoriza seus parceiros, al\u00e9m de endossar novas conversas e inova\u00e7\u00f5es propostas pela marca para eles. \u201cImposs\u00edvel falarmos sobre o esp\u00edrito livre, jovem e indisciplinado de Quem Disse, Berenice? sem mergulhar no comportamento da GenZ: gera\u00e7\u00e3o essa com o mesmo esp\u00edrito libert\u00e1rio da nossa marca. Para isso, elaboramos uma pesquisa que retrata o comportamento, as percep\u00e7\u00f5es, os anseios e sentimentos dos jovens brasileiros. \u00c9 interessante perceber as diferen\u00e7as e similaridades entre as gera\u00e7\u00f5es, afinal, QDB? \u00e9 uma marca multigeracional e, compreendendo mais a fundo essas nuances, conseguimos estar presentes em conversas relevantes a partir da sua vis\u00e3o e estabelecer di\u00e1logos cada vez mais genu\u00ednos em nossas campanhas, a\u00e7\u00f5es e canais digitais\u201d, destaca Marcela de Masi, Diretora Executiva de Branding e Comunica\u00e7\u00e3o do Grupo Botic\u00e1rio.<\/p>\n<p>Principais resultados e metodologia<br \/>\nA pesquisa reuniu participantes de todo o Brasil e concluiu, a partir de an\u00e1lise comparativa geracional, que os mais jovens t\u00eam uma nova percep\u00e7\u00e3o sobre o comportamento afetivo e entendem o beijo para al\u00e9m da express\u00e3o f\u00edsica. 85% dos respondentes declara s\u00f3 beijar o parceiro e n\u00e3o ter vontade de beijar outras pessoas quando est\u00e3o em uma rela\u00e7\u00e3o, al\u00e9m de terem maior aceitabilidade aos beijos entre mais de duas pessoas, quando comparados \u00e0s gera\u00e7\u00f5es Y e X, 21% contra 12% e 13%, respectivamente.<\/p>\n<p>Apesar da tend\u00eancia \u00e0 afetuosidade, a gera\u00e7\u00e3o Z foi a que mais demonstrou ter envolvimento em rela\u00e7\u00f5es casuais, sem compromissos definidos, com 23% dos respondentes, o que pode indicar, ao cruzar os dados, que essa parcela et\u00e1ria dos entrevistados atribui ao beijo um maior envolvimento afetivo e respeito nessas trocas, mesmo que em uma rela\u00e7\u00e3o que n\u00e3o atende aos r\u00f3tulos sociais. De forma qualitativa, a pesquisa tamb\u00e9m indica que os jovens est\u00e3o mais abertos ao di\u00e1logo e buscam o consentimento para adequar padr\u00f5es preestabelecidos e romper tabus. \u201cSe voc\u00ea n\u00e3o estiver em um relacionamento, est\u00e1 tudo bem beijar outras pessoas e, caso esteja em um e o seu parceiro souber e aceitar isso, voc\u00ea tamb\u00e9m pode beijar outras pessoas\u201d, alegou um dos respondentes da Gen Z anonimamente.<\/p>\n<p>Quando analisados de forma conjunta, os dados obtidos demonstram que os jovens entre 16 e 24 anos t\u00eam se mostrado mais afetuosos em suas rela\u00e7\u00f5es, vendo no ato de beijar um caminho para a demonstra\u00e7\u00e3o de afeto e cumplicidade. Ao serem questionados sobre outros tipos de beijo, que n\u00e3o os dados na boca, a GenZ foi a gera\u00e7\u00e3o que mais enfatizou a import\u00e2ncia do beijo na bochecha e na testa entre casais, com diferen\u00e7a de at\u00e9 10 pontos percentuais para as demais faixas et\u00e1rias (43% na gera\u00e7\u00e3o Z, 33% na Y e 34% na X).<\/p>\n<p>Embora demonstre maior sensibilidade emocional, a gera\u00e7\u00e3o Z \u00e9 considerada a que menos beija diariamente, mas compensa a diferen\u00e7a estat\u00edstica ao declarar que beija o parceiro sempre que est\u00e3o juntos (15%), demonstrando maior preocupa\u00e7\u00e3o com o tempo de qualidade e as trocas de carinho.<\/p>\n<p>\u201cOs dados surpreendem porque derrubam certos estere\u00f3tipos comumente associados aos jovens da nova gera\u00e7\u00e3o, pautada pela super-exposi\u00e7\u00e3o e por valores disruptivos. Embora expressem comportamentos mais livres nas rela\u00e7\u00f5es amorosas e na pr\u00e1tica do beijo, tamb\u00e9m h\u00e1, na mesma medida, uma grande dose de comprometimento, valoriza\u00e7\u00e3o afetiva e respeito nas rela\u00e7\u00f5es, em que qualidade e respeito s\u00e3o ingredientes fundamentais. N\u00e3o se trata, portanto, de uma gera\u00e7\u00e3o de jovens que encara as rela\u00e7\u00f5es de afeto de forma inconsequente, desmedida e hiper sexualizada\u201d, afirma Carlos Kawasaki, s\u00f3cio-diretor da On The Go.<\/p>\n<p>Outros resultados inusitados foram alcan\u00e7ados com o estudo, como a percep\u00e7\u00e3o de que todas as gera\u00e7\u00f5es consideram feios os beijos com muita saliva ou com a boca muito aberta e tamb\u00e9m a constata\u00e7\u00e3o de que a gera\u00e7\u00e3o Z est\u00e1 consultando mais tutoriais na internet para se preparar antes de dar o primeiro beijo (44% dos respondentes declararam ter treinado antes do primeiro beijo), decorr\u00eancia do perfil nativo digital dela.<\/p>\n<p>Al\u00e9m disso, visando entender a rela\u00e7\u00e3o entre os beijos e o uso de batons, a marca tamb\u00e9m constatou que todas as gera\u00e7\u00f5es priorizam os batons resistentes na hora de beijar. Mas, o destaque novamente fica com a gera\u00e7\u00e3o mais nova, que tamb\u00e9m refor\u00e7ou a prefer\u00eancia pelos batons hidratantes, que s\u00e3o considerados uma boa escolha para 67% dos entrevistados, equiparado aos que duram mais. Pensando nisso, Quem Disse, Berenice? destaca, na celebra\u00e7\u00e3o do Dia do Beijo, sua mais recente novidade, o Batom dos Sonhos, que garante hidrata\u00e7\u00e3o dos l\u00e1bios por at\u00e9 24 horas, al\u00e9m de unir os quatro acabamentos queridinhos dos consumidores em um s\u00f3 produto: alta pigmenta\u00e7\u00e3o, cremosidade, conforto e durabilidade.<\/p>\n<p><iframe title=\"Spotify Embed: Podcast CidadeMarketing\" style=\"border-radius: 12px\" width=\"100%\" height=\"152\" frameborder=\"0\" allowfullscreen allow=\"autoplay; clipboard-write; encrypted-media; fullscreen; picture-in-picture\" loading=\"lazy\" src=\"https:\/\/open.spotify.com\/embed\/show\/4khMKzP3FgFRWVwb73xicc?si=252fe5bff2b34909&#038;utm_source=oembed\"><\/iframe><\/p>\n<p>&nbsp;<\/p>\n<p>A pesquisa ouviu mais de 800 pessoas, por meio de uma plataforma digital que preserva a privacidade e anonimato dos usu\u00e1rios. Todos os dados foram coletados diretamente pela consultoria On The Go, frente a uma iniciativa da PROS, ag\u00eancia de rela\u00e7\u00f5es p\u00fablicas da Quem Disse, Berenice?.<br \/>\nAl\u00e9m de contribuir com a sociedade, disponibilizando dados atuais que comp\u00f5em um retrato s\u00f3cio-afetivo dos jovens entre 16 e 24 anos, a marca pretende utilizar as informa\u00e7\u00f5es coletadas para aprimorar o desenvolvimento de produtos e campanhas destinados ao p\u00fablico.<\/p>\n","protected":false},"excerpt":{"rendered":"<p>Em 13 de abril \u00e9 comemorado o Dia do Beijo. E, para retomar uma conversa anual sobre a data, que j\u00e1 se tornou refer\u00eancia para Quem Disse, Berenice? por refor\u00e7ar seus ideais de liberdade, autenticidade e beleza indisciplinada, a marca encomendou uma pesquisa comemorativa conduzida pela consultoria On The Go, com o objetivo de estudar [&hellip;]<\/p>\n","protected":false},"author":1,"featured_media":44523,"comment_status":"open","ping_status":"open","sticky":false,"template":"","format":"standard","meta":{"tdm_status":"","tdm_grid_status":"","footnotes":""},"categories":[6],"tags":[5961,5255,65,33,805,28,2898],"class_list":["post-44522","post","type-post","status-publish","format-standard","has-post-thumbnail","hentry","category-noticias","tag-beijo","tag-berenice","tag-campanha","tag-estrategia","tag-experiencia","tag-marketing","tag-quem-disse"],"yoast_head":"<!-- This site is optimized with the Yoast SEO plugin v27.5 - https:\/\/yoast.com\/product\/yoast-seo-wordpress\/ -->\n<title>Quem Disse, Berenice? cria manifesto que defende &quot;n\u00e3o existem beijos ruins&quot; - CidadeMarketing<\/title>\n<meta name=\"robots\" content=\"index, follow, max-snippet:-1, max-image-preview:large, max-video-preview:-1\" \/>\n<link rel=\"canonical\" href=\"https:\/\/www.cidademarketing.com.br\/marketing\/2023\/04\/14\/quem-disse-berenice-cria-manifesto-que-defende-nao-existem-beijos-ruins\/\" \/>\n<meta property=\"og:locale\" content=\"pt_BR\" \/>\n<meta property=\"og:type\" content=\"article\" \/>\n<meta property=\"og:title\" content=\"Quem Disse, Berenice? cria manifesto que defende &quot;n\u00e3o existem beijos ruins&quot; - CidadeMarketing\" \/>\n<meta property=\"og:description\" content=\"Em 13 de abril \u00e9 comemorado o Dia do Beijo. E, para retomar uma conversa anual sobre a data, que j\u00e1 se tornou refer\u00eancia para Quem Disse, Berenice? por refor\u00e7ar seus ideais de liberdade, autenticidade e beleza indisciplinada, a marca encomendou uma pesquisa comemorativa conduzida pela consultoria On The Go, com o objetivo de estudar [&hellip;]\" \/>\n<meta property=\"og:url\" content=\"https:\/\/www.cidademarketing.com.br\/marketing\/2023\/04\/14\/quem-disse-berenice-cria-manifesto-que-defende-nao-existem-beijos-ruins\/\" \/>\n<meta property=\"og:site_name\" content=\"CidadeMarketing\" \/>\n<meta property=\"article:publisher\" content=\"https:\/\/www.facebook.com\/portalcidademarketing\" \/>\n<meta property=\"article:author\" content=\"https:\/\/www.facebook.com\/thalesbrandao\" \/>\n<meta property=\"article:published_time\" content=\"2023-04-14T15:04:39+00:00\" \/>\n<meta property=\"og:image\" content=\"https:\/\/www.cidademarketing.com.br\/marketing\/wp-content\/uploads\/2023\/04\/diadobeijo_quemdisseberenice.jpg\" \/>\n\t<meta property=\"og:image:width\" content=\"879\" \/>\n\t<meta property=\"og:image:height\" content=\"492\" \/>\n\t<meta property=\"og:image:type\" content=\"image\/jpeg\" \/>\n<meta name=\"author\" content=\"Thales Brand\u00e3o\" \/>\n<meta name=\"twitter:card\" content=\"summary_large_image\" \/>\n<meta name=\"twitter:creator\" content=\"@http:\/\/www.twitter.com\/thalesbrandao\" \/>\n<meta name=\"twitter:site\" content=\"@CidadeMarketing\" \/>\n<meta name=\"twitter:label1\" content=\"Escrito por\" \/>\n\t<meta name=\"twitter:data1\" content=\"Thales Brand\u00e3o\" \/>\n\t<meta name=\"twitter:label2\" content=\"Est. tempo de leitura\" \/>\n\t<meta name=\"twitter:data2\" content=\"6 minutos\" \/>\n<script type=\"application\/ld+json\" class=\"yoast-schema-graph\">{\"@context\":\"https:\\\/\\\/schema.org\",\"@graph\":[{\"@type\":\"Article\",\"@id\":\"https:\\\/\\\/www.cidademarketing.com.br\\\/marketing\\\/2023\\\/04\\\/14\\\/quem-disse-berenice-cria-manifesto-que-defende-nao-existem-beijos-ruins\\\/#article\",\"isPartOf\":{\"@id\":\"https:\\\/\\\/www.cidademarketing.com.br\\\/marketing\\\/2023\\\/04\\\/14\\\/quem-disse-berenice-cria-manifesto-que-defende-nao-existem-beijos-ruins\\\/\"},\"author\":{\"name\":\"Thales Brand\u00e3o\",\"@id\":\"https:\\\/\\\/www.cidademarketing.com.br\\\/marketing\\\/#\\\/schema\\\/person\\\/02daff9f18bd9378c9e01eb6b2db155f\"},\"headline\":\"Quem Disse, Berenice? cria manifesto que defende &#8220;n\u00e3o existem beijos ruins&#8221;\",\"datePublished\":\"2023-04-14T15:04:39+00:00\",\"mainEntityOfPage\":{\"@id\":\"https:\\\/\\\/www.cidademarketing.com.br\\\/marketing\\\/2023\\\/04\\\/14\\\/quem-disse-berenice-cria-manifesto-que-defende-nao-existem-beijos-ruins\\\/\"},\"wordCount\":1149,\"commentCount\":0,\"publisher\":{\"@id\":\"https:\\\/\\\/www.cidademarketing.com.br\\\/marketing\\\/#organization\"},\"image\":{\"@id\":\"https:\\\/\\\/www.cidademarketing.com.br\\\/marketing\\\/2023\\\/04\\\/14\\\/quem-disse-berenice-cria-manifesto-que-defende-nao-existem-beijos-ruins\\\/#primaryimage\"},\"thumbnailUrl\":\"https:\\\/\\\/www.cidademarketing.com.br\\\/marketing\\\/wp-content\\\/uploads\\\/2023\\\/04\\\/diadobeijo_quemdisseberenice.jpg\",\"keywords\":[\"beijo\",\"Berenice\",\"campanha\",\"estrat\u00e9gia\",\"experi\u00eancia\",\"marketing\",\"quem disse\"],\"articleSection\":[\"Not\u00edcias\"],\"inLanguage\":\"pt-BR\",\"potentialAction\":[{\"@type\":\"CommentAction\",\"name\":\"Comment\",\"target\":[\"https:\\\/\\\/www.cidademarketing.com.br\\\/marketing\\\/2023\\\/04\\\/14\\\/quem-disse-berenice-cria-manifesto-que-defende-nao-existem-beijos-ruins\\\/#respond\"]}]},{\"@type\":\"WebPage\",\"@id\":\"https:\\\/\\\/www.cidademarketing.com.br\\\/marketing\\\/2023\\\/04\\\/14\\\/quem-disse-berenice-cria-manifesto-que-defende-nao-existem-beijos-ruins\\\/\",\"url\":\"https:\\\/\\\/www.cidademarketing.com.br\\\/marketing\\\/2023\\\/04\\\/14\\\/quem-disse-berenice-cria-manifesto-que-defende-nao-existem-beijos-ruins\\\/\",\"name\":\"Quem Disse, Berenice? cria manifesto que defende \\\"n\u00e3o existem beijos ruins\\\" - CidadeMarketing\",\"isPartOf\":{\"@id\":\"https:\\\/\\\/www.cidademarketing.com.br\\\/marketing\\\/#website\"},\"primaryImageOfPage\":{\"@id\":\"https:\\\/\\\/www.cidademarketing.com.br\\\/marketing\\\/2023\\\/04\\\/14\\\/quem-disse-berenice-cria-manifesto-que-defende-nao-existem-beijos-ruins\\\/#primaryimage\"},\"image\":{\"@id\":\"https:\\\/\\\/www.cidademarketing.com.br\\\/marketing\\\/2023\\\/04\\\/14\\\/quem-disse-berenice-cria-manifesto-que-defende-nao-existem-beijos-ruins\\\/#primaryimage\"},\"thumbnailUrl\":\"https:\\\/\\\/www.cidademarketing.com.br\\\/marketing\\\/wp-content\\\/uploads\\\/2023\\\/04\\\/diadobeijo_quemdisseberenice.jpg\",\"datePublished\":\"2023-04-14T15:04:39+00:00\",\"breadcrumb\":{\"@id\":\"https:\\\/\\\/www.cidademarketing.com.br\\\/marketing\\\/2023\\\/04\\\/14\\\/quem-disse-berenice-cria-manifesto-que-defende-nao-existem-beijos-ruins\\\/#breadcrumb\"},\"inLanguage\":\"pt-BR\",\"potentialAction\":[{\"@type\":\"ReadAction\",\"target\":[\"https:\\\/\\\/www.cidademarketing.com.br\\\/marketing\\\/2023\\\/04\\\/14\\\/quem-disse-berenice-cria-manifesto-que-defende-nao-existem-beijos-ruins\\\/\"]}]},{\"@type\":\"ImageObject\",\"inLanguage\":\"pt-BR\",\"@id\":\"https:\\\/\\\/www.cidademarketing.com.br\\\/marketing\\\/2023\\\/04\\\/14\\\/quem-disse-berenice-cria-manifesto-que-defende-nao-existem-beijos-ruins\\\/#primaryimage\",\"url\":\"https:\\\/\\\/www.cidademarketing.com.br\\\/marketing\\\/wp-content\\\/uploads\\\/2023\\\/04\\\/diadobeijo_quemdisseberenice.jpg\",\"contentUrl\":\"https:\\\/\\\/www.cidademarketing.com.br\\\/marketing\\\/wp-content\\\/uploads\\\/2023\\\/04\\\/diadobeijo_quemdisseberenice.jpg\",\"width\":879,\"height\":492,\"caption\":\"Reprodu\u00e7\u00e3o\"},{\"@type\":\"BreadcrumbList\",\"@id\":\"https:\\\/\\\/www.cidademarketing.com.br\\\/marketing\\\/2023\\\/04\\\/14\\\/quem-disse-berenice-cria-manifesto-que-defende-nao-existem-beijos-ruins\\\/#breadcrumb\",\"itemListElement\":[{\"@type\":\"ListItem\",\"position\":1,\"name\":\"In\u00edcio\",\"item\":\"https:\\\/\\\/www.cidademarketing.com.br\\\/marketing\\\/\"},{\"@type\":\"ListItem\",\"position\":2,\"name\":\"Quem Disse, Berenice? cria manifesto que defende &#8220;n\u00e3o existem beijos ruins&#8221;\"}]},{\"@type\":\"WebSite\",\"@id\":\"https:\\\/\\\/www.cidademarketing.com.br\\\/marketing\\\/#website\",\"url\":\"https:\\\/\\\/www.cidademarketing.com.br\\\/marketing\\\/\",\"name\":\"CidadeMarketing\",\"description\":\"Somos um ve\u00edculo de comunica\u00e7\u00e3o de destaque no Brasil, reconhecido por conte\u00fados nos segmentos de marketing, empreendedorismo e inova\u00e7\u00e3o.\",\"publisher\":{\"@id\":\"https:\\\/\\\/www.cidademarketing.com.br\\\/marketing\\\/#organization\"},\"alternateName\":\"CidadeMarketing\",\"potentialAction\":[{\"@type\":\"SearchAction\",\"target\":{\"@type\":\"EntryPoint\",\"urlTemplate\":\"https:\\\/\\\/www.cidademarketing.com.br\\\/marketing\\\/?s={search_term_string}\"},\"query-input\":{\"@type\":\"PropertyValueSpecification\",\"valueRequired\":true,\"valueName\":\"search_term_string\"}}],\"inLanguage\":\"pt-BR\"},{\"@type\":\"Organization\",\"@id\":\"https:\\\/\\\/www.cidademarketing.com.br\\\/marketing\\\/#organization\",\"name\":\"CidadeMarketing\",\"alternateName\":\"CidadeMarketing\",\"url\":\"https:\\\/\\\/www.cidademarketing.com.br\\\/marketing\\\/\",\"logo\":{\"@type\":\"ImageObject\",\"inLanguage\":\"pt-BR\",\"@id\":\"https:\\\/\\\/www.cidademarketing.com.br\\\/marketing\\\/#\\\/schema\\\/logo\\\/image\\\/\",\"url\":\"https:\\\/\\\/www.cidademarketing.com.br\\\/marketing\\\/wp-content\\\/uploads\\\/2020\\\/01\\\/cidademarketing_marca_mobile.png\",\"contentUrl\":\"https:\\\/\\\/www.cidademarketing.com.br\\\/marketing\\\/wp-content\\\/uploads\\\/2020\\\/01\\\/cidademarketing_marca_mobile.png\",\"width\":230,\"height\":92,\"caption\":\"CidadeMarketing\"},\"image\":{\"@id\":\"https:\\\/\\\/www.cidademarketing.com.br\\\/marketing\\\/#\\\/schema\\\/logo\\\/image\\\/\"},\"sameAs\":[\"https:\\\/\\\/www.facebook.com\\\/portalcidademarketing\",\"https:\\\/\\\/x.com\\\/CidadeMarketing\",\"https:\\\/\\\/www.instagram.com\\\/cidademarketing\\\/\"]},{\"@type\":\"Person\",\"@id\":\"https:\\\/\\\/www.cidademarketing.com.br\\\/marketing\\\/#\\\/schema\\\/person\\\/02daff9f18bd9378c9e01eb6b2db155f\",\"name\":\"Thales Brand\u00e3o\",\"image\":{\"@type\":\"ImageObject\",\"inLanguage\":\"pt-BR\",\"@id\":\"https:\\\/\\\/secure.gravatar.com\\\/avatar\\\/7ca3206950207cc3cb48feec56a8a7898741ab725c368d99d5d7a5a50aab80c6?s=96&d=mm&r=g\",\"url\":\"https:\\\/\\\/secure.gravatar.com\\\/avatar\\\/7ca3206950207cc3cb48feec56a8a7898741ab725c368d99d5d7a5a50aab80c6?s=96&d=mm&r=g\",\"contentUrl\":\"https:\\\/\\\/secure.gravatar.com\\\/avatar\\\/7ca3206950207cc3cb48feec56a8a7898741ab725c368d99d5d7a5a50aab80c6?s=96&d=mm&r=g\",\"caption\":\"Thales Brand\u00e3o\"},\"description\":\"Editor Executivo do Portal CidadeMarketing.com.br &gt; Mestre em Comunica\u00e7\u00e3o e Sociedade pela Universidade Federal de Sergipe. Possui MBA Executivo em Administra\u00e7\u00e3o com \u00eanfase em Marketing pela Funda\u00e7\u00e3o Get\u00falio Vargas - Rio de Janeiro. Consultor, Palestrante e Pesquisador sobre Empreendedorismo, Marketing, Redes Sociais e Neg\u00f3cios Digitais. Professor, Palestrante TedxTalks e Campus Party. Twitter: @ThalesBrandao\",\"sameAs\":[\"http:\\\/\\\/www.mandacaru.com.br\",\"https:\\\/\\\/www.facebook.com\\\/thalesbrandao\",\"http:\\\/\\\/www.instagram.com.br\\\/thalesbrandaoferreira\",\"https:\\\/\\\/www.linkedin.com\\\/in\\\/thales-brand\u00e3o-3948609\\\/\",\"https:\\\/\\\/x.com\\\/http:\\\/\\\/www.twitter.com\\\/thalesbrandao\"],\"url\":\"https:\\\/\\\/www.cidademarketing.com.br\\\/marketing\\\/author\\\/thalesbrandao\\\/\"}]}<\/script>\n<!-- \/ Yoast SEO plugin. -->","yoast_head_json":{"title":"Quem Disse, Berenice? cria manifesto que defende \"n\u00e3o existem beijos ruins\" - CidadeMarketing","robots":{"index":"index","follow":"follow","max-snippet":"max-snippet:-1","max-image-preview":"max-image-preview:large","max-video-preview":"max-video-preview:-1"},"canonical":"https:\/\/www.cidademarketing.com.br\/marketing\/2023\/04\/14\/quem-disse-berenice-cria-manifesto-que-defende-nao-existem-beijos-ruins\/","og_locale":"pt_BR","og_type":"article","og_title":"Quem Disse, Berenice? cria manifesto que defende \"n\u00e3o existem beijos ruins\" - CidadeMarketing","og_description":"Em 13 de abril \u00e9 comemorado o Dia do Beijo. E, para retomar uma conversa anual sobre a data, que j\u00e1 se tornou refer\u00eancia para Quem Disse, Berenice? por refor\u00e7ar seus ideais de liberdade, autenticidade e beleza indisciplinada, a marca encomendou uma pesquisa comemorativa conduzida pela consultoria On The Go, com o objetivo de estudar [&hellip;]","og_url":"https:\/\/www.cidademarketing.com.br\/marketing\/2023\/04\/14\/quem-disse-berenice-cria-manifesto-que-defende-nao-existem-beijos-ruins\/","og_site_name":"CidadeMarketing","article_publisher":"https:\/\/www.facebook.com\/portalcidademarketing","article_author":"https:\/\/www.facebook.com\/thalesbrandao","article_published_time":"2023-04-14T15:04:39+00:00","og_image":[{"width":879,"height":492,"url":"https:\/\/www.cidademarketing.com.br\/marketing\/wp-content\/uploads\/2023\/04\/diadobeijo_quemdisseberenice.jpg","type":"image\/jpeg"}],"author":"Thales Brand\u00e3o","twitter_card":"summary_large_image","twitter_creator":"@http:\/\/www.twitter.com\/thalesbrandao","twitter_site":"@CidadeMarketing","twitter_misc":{"Escrito por":"Thales Brand\u00e3o","Est. tempo de leitura":"6 minutos"},"schema":{"@context":"https:\/\/schema.org","@graph":[{"@type":"Article","@id":"https:\/\/www.cidademarketing.com.br\/marketing\/2023\/04\/14\/quem-disse-berenice-cria-manifesto-que-defende-nao-existem-beijos-ruins\/#article","isPartOf":{"@id":"https:\/\/www.cidademarketing.com.br\/marketing\/2023\/04\/14\/quem-disse-berenice-cria-manifesto-que-defende-nao-existem-beijos-ruins\/"},"author":{"name":"Thales Brand\u00e3o","@id":"https:\/\/www.cidademarketing.com.br\/marketing\/#\/schema\/person\/02daff9f18bd9378c9e01eb6b2db155f"},"headline":"Quem Disse, Berenice? cria manifesto que defende &#8220;n\u00e3o existem beijos ruins&#8221;","datePublished":"2023-04-14T15:04:39+00:00","mainEntityOfPage":{"@id":"https:\/\/www.cidademarketing.com.br\/marketing\/2023\/04\/14\/quem-disse-berenice-cria-manifesto-que-defende-nao-existem-beijos-ruins\/"},"wordCount":1149,"commentCount":0,"publisher":{"@id":"https:\/\/www.cidademarketing.com.br\/marketing\/#organization"},"image":{"@id":"https:\/\/www.cidademarketing.com.br\/marketing\/2023\/04\/14\/quem-disse-berenice-cria-manifesto-que-defende-nao-existem-beijos-ruins\/#primaryimage"},"thumbnailUrl":"https:\/\/www.cidademarketing.com.br\/marketing\/wp-content\/uploads\/2023\/04\/diadobeijo_quemdisseberenice.jpg","keywords":["beijo","Berenice","campanha","estrat\u00e9gia","experi\u00eancia","marketing","quem disse"],"articleSection":["Not\u00edcias"],"inLanguage":"pt-BR","potentialAction":[{"@type":"CommentAction","name":"Comment","target":["https:\/\/www.cidademarketing.com.br\/marketing\/2023\/04\/14\/quem-disse-berenice-cria-manifesto-que-defende-nao-existem-beijos-ruins\/#respond"]}]},{"@type":"WebPage","@id":"https:\/\/www.cidademarketing.com.br\/marketing\/2023\/04\/14\/quem-disse-berenice-cria-manifesto-que-defende-nao-existem-beijos-ruins\/","url":"https:\/\/www.cidademarketing.com.br\/marketing\/2023\/04\/14\/quem-disse-berenice-cria-manifesto-que-defende-nao-existem-beijos-ruins\/","name":"Quem Disse, Berenice? cria manifesto que defende \"n\u00e3o existem beijos ruins\" - CidadeMarketing","isPartOf":{"@id":"https:\/\/www.cidademarketing.com.br\/marketing\/#website"},"primaryImageOfPage":{"@id":"https:\/\/www.cidademarketing.com.br\/marketing\/2023\/04\/14\/quem-disse-berenice-cria-manifesto-que-defende-nao-existem-beijos-ruins\/#primaryimage"},"image":{"@id":"https:\/\/www.cidademarketing.com.br\/marketing\/2023\/04\/14\/quem-disse-berenice-cria-manifesto-que-defende-nao-existem-beijos-ruins\/#primaryimage"},"thumbnailUrl":"https:\/\/www.cidademarketing.com.br\/marketing\/wp-content\/uploads\/2023\/04\/diadobeijo_quemdisseberenice.jpg","datePublished":"2023-04-14T15:04:39+00:00","breadcrumb":{"@id":"https:\/\/www.cidademarketing.com.br\/marketing\/2023\/04\/14\/quem-disse-berenice-cria-manifesto-que-defende-nao-existem-beijos-ruins\/#breadcrumb"},"inLanguage":"pt-BR","potentialAction":[{"@type":"ReadAction","target":["https:\/\/www.cidademarketing.com.br\/marketing\/2023\/04\/14\/quem-disse-berenice-cria-manifesto-que-defende-nao-existem-beijos-ruins\/"]}]},{"@type":"ImageObject","inLanguage":"pt-BR","@id":"https:\/\/www.cidademarketing.com.br\/marketing\/2023\/04\/14\/quem-disse-berenice-cria-manifesto-que-defende-nao-existem-beijos-ruins\/#primaryimage","url":"https:\/\/www.cidademarketing.com.br\/marketing\/wp-content\/uploads\/2023\/04\/diadobeijo_quemdisseberenice.jpg","contentUrl":"https:\/\/www.cidademarketing.com.br\/marketing\/wp-content\/uploads\/2023\/04\/diadobeijo_quemdisseberenice.jpg","width":879,"height":492,"caption":"Reprodu\u00e7\u00e3o"},{"@type":"BreadcrumbList","@id":"https:\/\/www.cidademarketing.com.br\/marketing\/2023\/04\/14\/quem-disse-berenice-cria-manifesto-que-defende-nao-existem-beijos-ruins\/#breadcrumb","itemListElement":[{"@type":"ListItem","position":1,"name":"In\u00edcio","item":"https:\/\/www.cidademarketing.com.br\/marketing\/"},{"@type":"ListItem","position":2,"name":"Quem Disse, Berenice? cria manifesto que defende &#8220;n\u00e3o existem beijos ruins&#8221;"}]},{"@type":"WebSite","@id":"https:\/\/www.cidademarketing.com.br\/marketing\/#website","url":"https:\/\/www.cidademarketing.com.br\/marketing\/","name":"CidadeMarketing","description":"Somos um ve\u00edculo de comunica\u00e7\u00e3o de destaque no Brasil, reconhecido por conte\u00fados nos segmentos de marketing, empreendedorismo e inova\u00e7\u00e3o.","publisher":{"@id":"https:\/\/www.cidademarketing.com.br\/marketing\/#organization"},"alternateName":"CidadeMarketing","potentialAction":[{"@type":"SearchAction","target":{"@type":"EntryPoint","urlTemplate":"https:\/\/www.cidademarketing.com.br\/marketing\/?s={search_term_string}"},"query-input":{"@type":"PropertyValueSpecification","valueRequired":true,"valueName":"search_term_string"}}],"inLanguage":"pt-BR"},{"@type":"Organization","@id":"https:\/\/www.cidademarketing.com.br\/marketing\/#organization","name":"CidadeMarketing","alternateName":"CidadeMarketing","url":"https:\/\/www.cidademarketing.com.br\/marketing\/","logo":{"@type":"ImageObject","inLanguage":"pt-BR","@id":"https:\/\/www.cidademarketing.com.br\/marketing\/#\/schema\/logo\/image\/","url":"https:\/\/www.cidademarketing.com.br\/marketing\/wp-content\/uploads\/2020\/01\/cidademarketing_marca_mobile.png","contentUrl":"https:\/\/www.cidademarketing.com.br\/marketing\/wp-content\/uploads\/2020\/01\/cidademarketing_marca_mobile.png","width":230,"height":92,"caption":"CidadeMarketing"},"image":{"@id":"https:\/\/www.cidademarketing.com.br\/marketing\/#\/schema\/logo\/image\/"},"sameAs":["https:\/\/www.facebook.com\/portalcidademarketing","https:\/\/x.com\/CidadeMarketing","https:\/\/www.instagram.com\/cidademarketing\/"]},{"@type":"Person","@id":"https:\/\/www.cidademarketing.com.br\/marketing\/#\/schema\/person\/02daff9f18bd9378c9e01eb6b2db155f","name":"Thales Brand\u00e3o","image":{"@type":"ImageObject","inLanguage":"pt-BR","@id":"https:\/\/secure.gravatar.com\/avatar\/7ca3206950207cc3cb48feec56a8a7898741ab725c368d99d5d7a5a50aab80c6?s=96&d=mm&r=g","url":"https:\/\/secure.gravatar.com\/avatar\/7ca3206950207cc3cb48feec56a8a7898741ab725c368d99d5d7a5a50aab80c6?s=96&d=mm&r=g","contentUrl":"https:\/\/secure.gravatar.com\/avatar\/7ca3206950207cc3cb48feec56a8a7898741ab725c368d99d5d7a5a50aab80c6?s=96&d=mm&r=g","caption":"Thales Brand\u00e3o"},"description":"Editor Executivo do Portal CidadeMarketing.com.br &gt; Mestre em Comunica\u00e7\u00e3o e Sociedade pela Universidade Federal de Sergipe. Possui MBA Executivo em Administra\u00e7\u00e3o com \u00eanfase em Marketing pela Funda\u00e7\u00e3o Get\u00falio Vargas - Rio de Janeiro. Consultor, Palestrante e Pesquisador sobre Empreendedorismo, Marketing, Redes Sociais e Neg\u00f3cios Digitais. Professor, Palestrante TedxTalks e Campus Party. Twitter: @ThalesBrandao","sameAs":["http:\/\/www.mandacaru.com.br","https:\/\/www.facebook.com\/thalesbrandao","http:\/\/www.instagram.com.br\/thalesbrandaoferreira","https:\/\/www.linkedin.com\/in\/thales-brand\u00e3o-3948609\/","https:\/\/x.com\/http:\/\/www.twitter.com\/thalesbrandao"],"url":"https:\/\/www.cidademarketing.com.br\/marketing\/author\/thalesbrandao\/"}]}},"amp_enabled":true,"_links":{"self":[{"href":"https:\/\/www.cidademarketing.com.br\/marketing\/wp-json\/wp\/v2\/posts\/44522","targetHints":{"allow":["GET"]}}],"collection":[{"href":"https:\/\/www.cidademarketing.com.br\/marketing\/wp-json\/wp\/v2\/posts"}],"about":[{"href":"https:\/\/www.cidademarketing.com.br\/marketing\/wp-json\/wp\/v2\/types\/post"}],"author":[{"embeddable":true,"href":"https:\/\/www.cidademarketing.com.br\/marketing\/wp-json\/wp\/v2\/users\/1"}],"replies":[{"embeddable":true,"href":"https:\/\/www.cidademarketing.com.br\/marketing\/wp-json\/wp\/v2\/comments?post=44522"}],"version-history":[{"count":1,"href":"https:\/\/www.cidademarketing.com.br\/marketing\/wp-json\/wp\/v2\/posts\/44522\/revisions"}],"predecessor-version":[{"id":44524,"href":"https:\/\/www.cidademarketing.com.br\/marketing\/wp-json\/wp\/v2\/posts\/44522\/revisions\/44524"}],"wp:featuredmedia":[{"embeddable":true,"href":"https:\/\/www.cidademarketing.com.br\/marketing\/wp-json\/wp\/v2\/media\/44523"}],"wp:attachment":[{"href":"https:\/\/www.cidademarketing.com.br\/marketing\/wp-json\/wp\/v2\/media?parent=44522"}],"wp:term":[{"taxonomy":"category","embeddable":true,"href":"https:\/\/www.cidademarketing.com.br\/marketing\/wp-json\/wp\/v2\/categories?post=44522"},{"taxonomy":"post_tag","embeddable":true,"href":"https:\/\/www.cidademarketing.com.br\/marketing\/wp-json\/wp\/v2\/tags?post=44522"}],"curies":[{"name":"wp","href":"https:\/\/api.w.org\/{rel}","templated":true}]}}