{"id":44477,"date":"2023-04-11T22:50:08","date_gmt":"2023-04-12T01:50:08","guid":{"rendered":"https:\/\/www.cidademarketing.com.br\/marketing\/?p=44477"},"modified":"2023-04-11T22:50:08","modified_gmt":"2023-04-12T01:50:08","slug":"sebrae-apresenta-nova-campanha","status":"publish","type":"post","link":"https:\/\/www.cidademarketing.com.br\/marketing\/2023\/04\/11\/sebrae-apresenta-nova-campanha\/","title":{"rendered":"SEBRAE apresenta nova campanha"},"content":{"rendered":"<p>A nova campanha do Sebrae, que entra no ar a partir do dia 11, tem como objetivo divulgar seus v\u00e1rios canais de atendimento online e presencial. A ideia partiu da constata\u00e7\u00e3o de que muitos empreendedores, donos de pequenos neg\u00f3cios, usam das mais variadas desculpas para n\u00e3o entrarem em contato com a institui\u00e7\u00e3o. A partir desse argumento, foi criado um filme principal que mostra diferentes empreendedores destruindo, de maneira cinematogr\u00e1fica, algumas das desculpas mais usadas para n\u00e3o procurarem o Sebrae como \u201cN\u00e3o tenho tempo\u201d, \u201cN\u00e3o \u00e9 para mim\u201d e \u201c\u00c9 caro\u201d.<\/p>\n<p><a href=\"https:\/\/www.cidademarketing.com.br\/marketing\/sua-marca-vai-virar-noticia\/\" target=\"_blank\" rel=\"noopener\"><img fetchpriority=\"high\" decoding=\"async\" class=\"wp-image-44329 aligncenter\" src=\"https:\/\/www.cidademarketing.com.br\/marketing\/wp-content\/uploads\/2023\/04\/cidademarketing_backlinks_marketingdigital_publieditorial_.png\" alt=\"\" width=\"500\" height=\"500\" \/><\/a><\/p>\n<p>A campanha tamb\u00e9m conta com anima\u00e7\u00f5es que trazem, de uma forma divertida, as desculpas sendo eliminadas e, na sequ\u00eancia, uma solu\u00e7\u00e3o \u00e9 apresentada. Tudo para refor\u00e7ar os canais de atendimento dispon\u00edveis como telefone, whatsapp, mais de tr\u00eas mil pontos de atendimento, e consultores e agentes do Sebrae para uma consultoria especializada, a fim de apoi\u00e1-los com informa\u00e7\u00f5es para aprimorarem seus neg\u00f3cios.<\/p>\n<p><iframe title=\"Spotify Embed: Podcast CidadeMarketing\" style=\"border-radius: 12px\" width=\"100%\" height=\"152\" frameborder=\"0\" allowfullscreen allow=\"autoplay; clipboard-write; encrypted-media; fullscreen; picture-in-picture\" loading=\"lazy\" src=\"https:\/\/open.spotify.com\/embed\/show\/4khMKzP3FgFRWVwb73xicc?si=252fe5bff2b34909&#038;utm_source=oembed\"><\/iframe><\/p>\n<p>&nbsp;<\/p>\n<p>\u201cGeralmente, as campanhas que divulgam canais de atendimento d\u00e3o motivos para as pessoas entrarem em contato com a empresa, e falam que v\u00e3o realizar sonhos ou resolver problemas. Pensamos em uma outra abordagem: decidimos explorar os motivos que fazem os empreendedores n\u00e3o procurarem o Sebrae e desmitificamos cada um deles de maneira divertida e impactante, usando a linguagem dos filmes de a\u00e7\u00e3o\u201d, afirma Gustavo Tirre, diretor de Cria\u00e7\u00e3o da Artplan Bras\u00edlia.<\/p>\n<p>A campanha ser\u00e1 veiculada na TV, em plataformas de streaming, internet, redes sociais e contar\u00e1, tamb\u00e9m, com a\u00e7\u00f5es especiais no Twitter e Kwai.<\/p>\n<p><iframe title=\"Acabe com as desculpas para n\u00e3o procurar o Sebrae\" width=\"640\" height=\"360\" src=\"https:\/\/www.youtube.com\/embed\/j8Rb8_o5Vx8?feature=oembed\" frameborder=\"0\" allow=\"accelerometer; autoplay; clipboard-write; encrypted-media; gyroscope; picture-in-picture; web-share\" referrerpolicy=\"strict-origin-when-cross-origin\" allowfullscreen><\/iframe><\/p>\n<p>Ag\u00eancia: Artplan Comunica\u00e7\u00e3o<br \/>\nCliente: Sebrae<br \/>\nCampanha: Canais de Atendimentto<br \/>\nAprova\u00e7\u00e3o no Cliente: Luiz Aur\u00e9lio Alzamora, Fernando Bandeira, Henrique Nabuco e Eduardo Duarte<br \/>\nDiretor-Geral:\u202fDuda Moncalvo<br \/>\nDiretor de Cria\u00e7\u00e3o:\u202fGustavo Tirre<br \/>\nCria\u00e7\u00e3o: Gustavo Viana e Thiago Diniz<br \/>\nConte\u00fado e Engajamento:\u202fNara Grillo<br \/>\nDiretora de Atendimento: Cac\u00e1 Malta<br \/>\nEquipe de Atendimento: Clara Bianchi e Gabriel Moura<br \/>\nDiretor de Planejamento:\u202fFernando Torres<br \/>\nEquipe de Planejamento: Rafael Le\u00e3o e Ana Quintiliano<br \/>\nDiretora de M\u00eddia:\u202fMa\u00edra Orempuller<br \/>\nEquipe de M\u00eddia:\u202fThayse Arruda, Fellipe Freitas e Filipe Braga<br \/>\nDiretor de Creative Data:\u202fDiogo Bobsin<br \/>\nEquipe de Creative Data: Larissa Alves, Fernanda Melo, Rafael Melo e Wilas Santos<br \/>\nDiretor de Produ\u00e7\u00e3o:\u202fDaniel Oda<br \/>\nEquipe de Produ\u00e7\u00e3o e RTV:\u202fSayuri Hirako, Adriana Berquo, Daniela Cristynne, Rafael Toscano e Amanda Nobre<br \/>\nProdutora de V\u00eddeo: Play9Action<br \/>\nDiretora de Cena:\u202fAna Barcellos<br \/>\nDiretor de Fotografia: Alexandre Baxter<br \/>\nAssistente de Dire\u00e7\u00e3o: Isadora Lerman<br \/>\nProdutor Executivo: Rodrigo Moreira<br \/>\nAtendimento Produtora de V\u00eddeo: Julia Motta, Mayane Milinavicius e Rosa Teixeira<br \/>\nProdutora de \u00c1udio: LOUD +<br \/>\nDire\u00e7\u00e3o Musical: Felipe Kim<br \/>\nAtendimento Produtora de \u00c1udio: Priscila Miranda, Karina Amabile e Lu Fernandes.<br \/>\nProdu\u00e7\u00e3o executiva e produ\u00e7\u00e3o: Maia Feres, Gustavo Garbato, Fabio Smeili, Felipe Kim, Bernardo Massot, Henrique Guimar\u00e3es, Hugo Mariutti, Rafael Kabelo, Rodrigo Scarcello, e Yuri Chix.<\/p>\n","protected":false},"excerpt":{"rendered":"<p>A nova campanha do Sebrae, que entra no ar a partir do dia 11, tem como objetivo divulgar seus v\u00e1rios canais de atendimento online e presencial. A ideia partiu da constata\u00e7\u00e3o de que muitos empreendedores, donos de pequenos neg\u00f3cios, usam das mais variadas desculpas para n\u00e3o entrarem em contato com a institui\u00e7\u00e3o. A partir desse [&hellip;]<\/p>\n","protected":false},"author":1,"featured_media":44478,"comment_status":"open","ping_status":"open","sticky":false,"template":"","format":"standard","meta":{"tdm_status":"","tdm_grid_status":"","footnotes":""},"categories":[6],"tags":[65,28,66,181,260],"class_list":["post-44477","post","type-post","status-publish","format-standard","has-post-thumbnail","hentry","category-noticias","tag-campanha","tag-marketing","tag-propaganda","tag-publicidade","tag-sebrae"],"yoast_head":"<!-- This site is optimized with the Yoast SEO plugin v27.5 - https:\/\/yoast.com\/product\/yoast-seo-wordpress\/ -->\n<title>SEBRAE apresenta nova campanha - CidadeMarketing<\/title>\n<meta name=\"robots\" content=\"index, follow, max-snippet:-1, max-image-preview:large, max-video-preview:-1\" \/>\n<link rel=\"canonical\" href=\"https:\/\/www.cidademarketing.com.br\/marketing\/2023\/04\/11\/sebrae-apresenta-nova-campanha\/\" \/>\n<meta property=\"og:locale\" content=\"pt_BR\" \/>\n<meta property=\"og:type\" content=\"article\" \/>\n<meta property=\"og:title\" content=\"SEBRAE apresenta nova campanha - CidadeMarketing\" \/>\n<meta property=\"og:description\" content=\"A nova campanha do Sebrae, que entra no ar a partir do dia 11, tem como objetivo divulgar seus v\u00e1rios canais de atendimento online e presencial. A ideia partiu da constata\u00e7\u00e3o de que muitos empreendedores, donos de pequenos neg\u00f3cios, usam das mais variadas desculpas para n\u00e3o entrarem em contato com a institui\u00e7\u00e3o. A partir desse [&hellip;]\" \/>\n<meta property=\"og:url\" content=\"https:\/\/www.cidademarketing.com.br\/marketing\/2023\/04\/11\/sebrae-apresenta-nova-campanha\/\" \/>\n<meta property=\"og:site_name\" content=\"CidadeMarketing\" \/>\n<meta property=\"article:publisher\" content=\"https:\/\/www.facebook.com\/portalcidademarketing\" \/>\n<meta property=\"article:author\" content=\"https:\/\/www.facebook.com\/thalesbrandao\" \/>\n<meta property=\"article:published_time\" content=\"2023-04-12T01:50:08+00:00\" \/>\n<meta property=\"og:image\" content=\"https:\/\/www.cidademarketing.com.br\/marketing\/wp-content\/uploads\/2023\/04\/sebrae_campanha.png\" \/>\n\t<meta property=\"og:image:width\" content=\"1169\" \/>\n\t<meta property=\"og:image:height\" content=\"595\" \/>\n\t<meta property=\"og:image:type\" content=\"image\/png\" \/>\n<meta name=\"author\" content=\"Thales Brand\u00e3o\" \/>\n<meta name=\"twitter:card\" content=\"summary_large_image\" \/>\n<meta name=\"twitter:creator\" content=\"@http:\/\/www.twitter.com\/thalesbrandao\" \/>\n<meta name=\"twitter:site\" content=\"@CidadeMarketing\" \/>\n<meta name=\"twitter:label1\" content=\"Escrito por\" \/>\n\t<meta name=\"twitter:data1\" content=\"Thales Brand\u00e3o\" \/>\n\t<meta name=\"twitter:label2\" content=\"Est. tempo de leitura\" \/>\n\t<meta name=\"twitter:data2\" content=\"3 minutos\" \/>\n<script type=\"application\/ld+json\" class=\"yoast-schema-graph\">{\"@context\":\"https:\\\/\\\/schema.org\",\"@graph\":[{\"@type\":\"Article\",\"@id\":\"https:\\\/\\\/www.cidademarketing.com.br\\\/marketing\\\/2023\\\/04\\\/11\\\/sebrae-apresenta-nova-campanha\\\/#article\",\"isPartOf\":{\"@id\":\"https:\\\/\\\/www.cidademarketing.com.br\\\/marketing\\\/2023\\\/04\\\/11\\\/sebrae-apresenta-nova-campanha\\\/\"},\"author\":{\"name\":\"Thales Brand\u00e3o\",\"@id\":\"https:\\\/\\\/www.cidademarketing.com.br\\\/marketing\\\/#\\\/schema\\\/person\\\/02daff9f18bd9378c9e01eb6b2db155f\"},\"headline\":\"SEBRAE apresenta nova campanha\",\"datePublished\":\"2023-04-12T01:50:08+00:00\",\"mainEntityOfPage\":{\"@id\":\"https:\\\/\\\/www.cidademarketing.com.br\\\/marketing\\\/2023\\\/04\\\/11\\\/sebrae-apresenta-nova-campanha\\\/\"},\"wordCount\":517,\"commentCount\":0,\"publisher\":{\"@id\":\"https:\\\/\\\/www.cidademarketing.com.br\\\/marketing\\\/#organization\"},\"image\":{\"@id\":\"https:\\\/\\\/www.cidademarketing.com.br\\\/marketing\\\/2023\\\/04\\\/11\\\/sebrae-apresenta-nova-campanha\\\/#primaryimage\"},\"thumbnailUrl\":\"https:\\\/\\\/www.cidademarketing.com.br\\\/marketing\\\/wp-content\\\/uploads\\\/2023\\\/04\\\/sebrae_campanha.png\",\"keywords\":[\"campanha\",\"marketing\",\"propaganda\",\"publicidade\",\"SEBRAE\"],\"articleSection\":[\"Not\u00edcias\"],\"inLanguage\":\"pt-BR\",\"potentialAction\":[{\"@type\":\"CommentAction\",\"name\":\"Comment\",\"target\":[\"https:\\\/\\\/www.cidademarketing.com.br\\\/marketing\\\/2023\\\/04\\\/11\\\/sebrae-apresenta-nova-campanha\\\/#respond\"]}]},{\"@type\":\"WebPage\",\"@id\":\"https:\\\/\\\/www.cidademarketing.com.br\\\/marketing\\\/2023\\\/04\\\/11\\\/sebrae-apresenta-nova-campanha\\\/\",\"url\":\"https:\\\/\\\/www.cidademarketing.com.br\\\/marketing\\\/2023\\\/04\\\/11\\\/sebrae-apresenta-nova-campanha\\\/\",\"name\":\"SEBRAE apresenta nova campanha - CidadeMarketing\",\"isPartOf\":{\"@id\":\"https:\\\/\\\/www.cidademarketing.com.br\\\/marketing\\\/#website\"},\"primaryImageOfPage\":{\"@id\":\"https:\\\/\\\/www.cidademarketing.com.br\\\/marketing\\\/2023\\\/04\\\/11\\\/sebrae-apresenta-nova-campanha\\\/#primaryimage\"},\"image\":{\"@id\":\"https:\\\/\\\/www.cidademarketing.com.br\\\/marketing\\\/2023\\\/04\\\/11\\\/sebrae-apresenta-nova-campanha\\\/#primaryimage\"},\"thumbnailUrl\":\"https:\\\/\\\/www.cidademarketing.com.br\\\/marketing\\\/wp-content\\\/uploads\\\/2023\\\/04\\\/sebrae_campanha.png\",\"datePublished\":\"2023-04-12T01:50:08+00:00\",\"breadcrumb\":{\"@id\":\"https:\\\/\\\/www.cidademarketing.com.br\\\/marketing\\\/2023\\\/04\\\/11\\\/sebrae-apresenta-nova-campanha\\\/#breadcrumb\"},\"inLanguage\":\"pt-BR\",\"potentialAction\":[{\"@type\":\"ReadAction\",\"target\":[\"https:\\\/\\\/www.cidademarketing.com.br\\\/marketing\\\/2023\\\/04\\\/11\\\/sebrae-apresenta-nova-campanha\\\/\"]}]},{\"@type\":\"ImageObject\",\"inLanguage\":\"pt-BR\",\"@id\":\"https:\\\/\\\/www.cidademarketing.com.br\\\/marketing\\\/2023\\\/04\\\/11\\\/sebrae-apresenta-nova-campanha\\\/#primaryimage\",\"url\":\"https:\\\/\\\/www.cidademarketing.com.br\\\/marketing\\\/wp-content\\\/uploads\\\/2023\\\/04\\\/sebrae_campanha.png\",\"contentUrl\":\"https:\\\/\\\/www.cidademarketing.com.br\\\/marketing\\\/wp-content\\\/uploads\\\/2023\\\/04\\\/sebrae_campanha.png\",\"width\":1169,\"height\":595,\"caption\":\"Reprodu\u00e7\u00e3o\"},{\"@type\":\"BreadcrumbList\",\"@id\":\"https:\\\/\\\/www.cidademarketing.com.br\\\/marketing\\\/2023\\\/04\\\/11\\\/sebrae-apresenta-nova-campanha\\\/#breadcrumb\",\"itemListElement\":[{\"@type\":\"ListItem\",\"position\":1,\"name\":\"In\u00edcio\",\"item\":\"https:\\\/\\\/www.cidademarketing.com.br\\\/marketing\\\/\"},{\"@type\":\"ListItem\",\"position\":2,\"name\":\"SEBRAE apresenta nova campanha\"}]},{\"@type\":\"WebSite\",\"@id\":\"https:\\\/\\\/www.cidademarketing.com.br\\\/marketing\\\/#website\",\"url\":\"https:\\\/\\\/www.cidademarketing.com.br\\\/marketing\\\/\",\"name\":\"CidadeMarketing\",\"description\":\"Somos um ve\u00edculo de comunica\u00e7\u00e3o de destaque no Brasil, reconhecido por conte\u00fados nos segmentos de marketing, empreendedorismo e inova\u00e7\u00e3o.\",\"publisher\":{\"@id\":\"https:\\\/\\\/www.cidademarketing.com.br\\\/marketing\\\/#organization\"},\"alternateName\":\"CidadeMarketing\",\"potentialAction\":[{\"@type\":\"SearchAction\",\"target\":{\"@type\":\"EntryPoint\",\"urlTemplate\":\"https:\\\/\\\/www.cidademarketing.com.br\\\/marketing\\\/?s={search_term_string}\"},\"query-input\":{\"@type\":\"PropertyValueSpecification\",\"valueRequired\":true,\"valueName\":\"search_term_string\"}}],\"inLanguage\":\"pt-BR\"},{\"@type\":\"Organization\",\"@id\":\"https:\\\/\\\/www.cidademarketing.com.br\\\/marketing\\\/#organization\",\"name\":\"CidadeMarketing\",\"alternateName\":\"CidadeMarketing\",\"url\":\"https:\\\/\\\/www.cidademarketing.com.br\\\/marketing\\\/\",\"logo\":{\"@type\":\"ImageObject\",\"inLanguage\":\"pt-BR\",\"@id\":\"https:\\\/\\\/www.cidademarketing.com.br\\\/marketing\\\/#\\\/schema\\\/logo\\\/image\\\/\",\"url\":\"https:\\\/\\\/www.cidademarketing.com.br\\\/marketing\\\/wp-content\\\/uploads\\\/2020\\\/01\\\/cidademarketing_marca_mobile.png\",\"contentUrl\":\"https:\\\/\\\/www.cidademarketing.com.br\\\/marketing\\\/wp-content\\\/uploads\\\/2020\\\/01\\\/cidademarketing_marca_mobile.png\",\"width\":230,\"height\":92,\"caption\":\"CidadeMarketing\"},\"image\":{\"@id\":\"https:\\\/\\\/www.cidademarketing.com.br\\\/marketing\\\/#\\\/schema\\\/logo\\\/image\\\/\"},\"sameAs\":[\"https:\\\/\\\/www.facebook.com\\\/portalcidademarketing\",\"https:\\\/\\\/x.com\\\/CidadeMarketing\",\"https:\\\/\\\/www.instagram.com\\\/cidademarketing\\\/\"]},{\"@type\":\"Person\",\"@id\":\"https:\\\/\\\/www.cidademarketing.com.br\\\/marketing\\\/#\\\/schema\\\/person\\\/02daff9f18bd9378c9e01eb6b2db155f\",\"name\":\"Thales Brand\u00e3o\",\"image\":{\"@type\":\"ImageObject\",\"inLanguage\":\"pt-BR\",\"@id\":\"https:\\\/\\\/secure.gravatar.com\\\/avatar\\\/7ca3206950207cc3cb48feec56a8a7898741ab725c368d99d5d7a5a50aab80c6?s=96&d=mm&r=g\",\"url\":\"https:\\\/\\\/secure.gravatar.com\\\/avatar\\\/7ca3206950207cc3cb48feec56a8a7898741ab725c368d99d5d7a5a50aab80c6?s=96&d=mm&r=g\",\"contentUrl\":\"https:\\\/\\\/secure.gravatar.com\\\/avatar\\\/7ca3206950207cc3cb48feec56a8a7898741ab725c368d99d5d7a5a50aab80c6?s=96&d=mm&r=g\",\"caption\":\"Thales Brand\u00e3o\"},\"description\":\"Editor Executivo do Portal CidadeMarketing.com.br &gt; Mestre em Comunica\u00e7\u00e3o e Sociedade pela Universidade Federal de Sergipe. Possui MBA Executivo em Administra\u00e7\u00e3o com \u00eanfase em Marketing pela Funda\u00e7\u00e3o Get\u00falio Vargas - Rio de Janeiro. Consultor, Palestrante e Pesquisador sobre Empreendedorismo, Marketing, Redes Sociais e Neg\u00f3cios Digitais. Professor, Palestrante TedxTalks e Campus Party. Twitter: @ThalesBrandao\",\"sameAs\":[\"http:\\\/\\\/www.mandacaru.com.br\",\"https:\\\/\\\/www.facebook.com\\\/thalesbrandao\",\"http:\\\/\\\/www.instagram.com.br\\\/thalesbrandaoferreira\",\"https:\\\/\\\/www.linkedin.com\\\/in\\\/thales-brand\u00e3o-3948609\\\/\",\"https:\\\/\\\/x.com\\\/http:\\\/\\\/www.twitter.com\\\/thalesbrandao\"],\"url\":\"https:\\\/\\\/www.cidademarketing.com.br\\\/marketing\\\/author\\\/thalesbrandao\\\/\"}]}<\/script>\n<!-- \/ Yoast SEO plugin. -->","yoast_head_json":{"title":"SEBRAE apresenta nova campanha - CidadeMarketing","robots":{"index":"index","follow":"follow","max-snippet":"max-snippet:-1","max-image-preview":"max-image-preview:large","max-video-preview":"max-video-preview:-1"},"canonical":"https:\/\/www.cidademarketing.com.br\/marketing\/2023\/04\/11\/sebrae-apresenta-nova-campanha\/","og_locale":"pt_BR","og_type":"article","og_title":"SEBRAE apresenta nova campanha - CidadeMarketing","og_description":"A nova campanha do Sebrae, que entra no ar a partir do dia 11, tem como objetivo divulgar seus v\u00e1rios canais de atendimento online e presencial. A ideia partiu da constata\u00e7\u00e3o de que muitos empreendedores, donos de pequenos neg\u00f3cios, usam das mais variadas desculpas para n\u00e3o entrarem em contato com a institui\u00e7\u00e3o. A partir desse [&hellip;]","og_url":"https:\/\/www.cidademarketing.com.br\/marketing\/2023\/04\/11\/sebrae-apresenta-nova-campanha\/","og_site_name":"CidadeMarketing","article_publisher":"https:\/\/www.facebook.com\/portalcidademarketing","article_author":"https:\/\/www.facebook.com\/thalesbrandao","article_published_time":"2023-04-12T01:50:08+00:00","og_image":[{"width":1169,"height":595,"url":"https:\/\/www.cidademarketing.com.br\/marketing\/wp-content\/uploads\/2023\/04\/sebrae_campanha.png","type":"image\/png"}],"author":"Thales Brand\u00e3o","twitter_card":"summary_large_image","twitter_creator":"@http:\/\/www.twitter.com\/thalesbrandao","twitter_site":"@CidadeMarketing","twitter_misc":{"Escrito por":"Thales Brand\u00e3o","Est. tempo de leitura":"3 minutos"},"schema":{"@context":"https:\/\/schema.org","@graph":[{"@type":"Article","@id":"https:\/\/www.cidademarketing.com.br\/marketing\/2023\/04\/11\/sebrae-apresenta-nova-campanha\/#article","isPartOf":{"@id":"https:\/\/www.cidademarketing.com.br\/marketing\/2023\/04\/11\/sebrae-apresenta-nova-campanha\/"},"author":{"name":"Thales Brand\u00e3o","@id":"https:\/\/www.cidademarketing.com.br\/marketing\/#\/schema\/person\/02daff9f18bd9378c9e01eb6b2db155f"},"headline":"SEBRAE apresenta nova campanha","datePublished":"2023-04-12T01:50:08+00:00","mainEntityOfPage":{"@id":"https:\/\/www.cidademarketing.com.br\/marketing\/2023\/04\/11\/sebrae-apresenta-nova-campanha\/"},"wordCount":517,"commentCount":0,"publisher":{"@id":"https:\/\/www.cidademarketing.com.br\/marketing\/#organization"},"image":{"@id":"https:\/\/www.cidademarketing.com.br\/marketing\/2023\/04\/11\/sebrae-apresenta-nova-campanha\/#primaryimage"},"thumbnailUrl":"https:\/\/www.cidademarketing.com.br\/marketing\/wp-content\/uploads\/2023\/04\/sebrae_campanha.png","keywords":["campanha","marketing","propaganda","publicidade","SEBRAE"],"articleSection":["Not\u00edcias"],"inLanguage":"pt-BR","potentialAction":[{"@type":"CommentAction","name":"Comment","target":["https:\/\/www.cidademarketing.com.br\/marketing\/2023\/04\/11\/sebrae-apresenta-nova-campanha\/#respond"]}]},{"@type":"WebPage","@id":"https:\/\/www.cidademarketing.com.br\/marketing\/2023\/04\/11\/sebrae-apresenta-nova-campanha\/","url":"https:\/\/www.cidademarketing.com.br\/marketing\/2023\/04\/11\/sebrae-apresenta-nova-campanha\/","name":"SEBRAE apresenta nova campanha - CidadeMarketing","isPartOf":{"@id":"https:\/\/www.cidademarketing.com.br\/marketing\/#website"},"primaryImageOfPage":{"@id":"https:\/\/www.cidademarketing.com.br\/marketing\/2023\/04\/11\/sebrae-apresenta-nova-campanha\/#primaryimage"},"image":{"@id":"https:\/\/www.cidademarketing.com.br\/marketing\/2023\/04\/11\/sebrae-apresenta-nova-campanha\/#primaryimage"},"thumbnailUrl":"https:\/\/www.cidademarketing.com.br\/marketing\/wp-content\/uploads\/2023\/04\/sebrae_campanha.png","datePublished":"2023-04-12T01:50:08+00:00","breadcrumb":{"@id":"https:\/\/www.cidademarketing.com.br\/marketing\/2023\/04\/11\/sebrae-apresenta-nova-campanha\/#breadcrumb"},"inLanguage":"pt-BR","potentialAction":[{"@type":"ReadAction","target":["https:\/\/www.cidademarketing.com.br\/marketing\/2023\/04\/11\/sebrae-apresenta-nova-campanha\/"]}]},{"@type":"ImageObject","inLanguage":"pt-BR","@id":"https:\/\/www.cidademarketing.com.br\/marketing\/2023\/04\/11\/sebrae-apresenta-nova-campanha\/#primaryimage","url":"https:\/\/www.cidademarketing.com.br\/marketing\/wp-content\/uploads\/2023\/04\/sebrae_campanha.png","contentUrl":"https:\/\/www.cidademarketing.com.br\/marketing\/wp-content\/uploads\/2023\/04\/sebrae_campanha.png","width":1169,"height":595,"caption":"Reprodu\u00e7\u00e3o"},{"@type":"BreadcrumbList","@id":"https:\/\/www.cidademarketing.com.br\/marketing\/2023\/04\/11\/sebrae-apresenta-nova-campanha\/#breadcrumb","itemListElement":[{"@type":"ListItem","position":1,"name":"In\u00edcio","item":"https:\/\/www.cidademarketing.com.br\/marketing\/"},{"@type":"ListItem","position":2,"name":"SEBRAE apresenta nova campanha"}]},{"@type":"WebSite","@id":"https:\/\/www.cidademarketing.com.br\/marketing\/#website","url":"https:\/\/www.cidademarketing.com.br\/marketing\/","name":"CidadeMarketing","description":"Somos um ve\u00edculo de comunica\u00e7\u00e3o de destaque no Brasil, reconhecido por conte\u00fados nos segmentos de marketing, empreendedorismo e inova\u00e7\u00e3o.","publisher":{"@id":"https:\/\/www.cidademarketing.com.br\/marketing\/#organization"},"alternateName":"CidadeMarketing","potentialAction":[{"@type":"SearchAction","target":{"@type":"EntryPoint","urlTemplate":"https:\/\/www.cidademarketing.com.br\/marketing\/?s={search_term_string}"},"query-input":{"@type":"PropertyValueSpecification","valueRequired":true,"valueName":"search_term_string"}}],"inLanguage":"pt-BR"},{"@type":"Organization","@id":"https:\/\/www.cidademarketing.com.br\/marketing\/#organization","name":"CidadeMarketing","alternateName":"CidadeMarketing","url":"https:\/\/www.cidademarketing.com.br\/marketing\/","logo":{"@type":"ImageObject","inLanguage":"pt-BR","@id":"https:\/\/www.cidademarketing.com.br\/marketing\/#\/schema\/logo\/image\/","url":"https:\/\/www.cidademarketing.com.br\/marketing\/wp-content\/uploads\/2020\/01\/cidademarketing_marca_mobile.png","contentUrl":"https:\/\/www.cidademarketing.com.br\/marketing\/wp-content\/uploads\/2020\/01\/cidademarketing_marca_mobile.png","width":230,"height":92,"caption":"CidadeMarketing"},"image":{"@id":"https:\/\/www.cidademarketing.com.br\/marketing\/#\/schema\/logo\/image\/"},"sameAs":["https:\/\/www.facebook.com\/portalcidademarketing","https:\/\/x.com\/CidadeMarketing","https:\/\/www.instagram.com\/cidademarketing\/"]},{"@type":"Person","@id":"https:\/\/www.cidademarketing.com.br\/marketing\/#\/schema\/person\/02daff9f18bd9378c9e01eb6b2db155f","name":"Thales Brand\u00e3o","image":{"@type":"ImageObject","inLanguage":"pt-BR","@id":"https:\/\/secure.gravatar.com\/avatar\/7ca3206950207cc3cb48feec56a8a7898741ab725c368d99d5d7a5a50aab80c6?s=96&d=mm&r=g","url":"https:\/\/secure.gravatar.com\/avatar\/7ca3206950207cc3cb48feec56a8a7898741ab725c368d99d5d7a5a50aab80c6?s=96&d=mm&r=g","contentUrl":"https:\/\/secure.gravatar.com\/avatar\/7ca3206950207cc3cb48feec56a8a7898741ab725c368d99d5d7a5a50aab80c6?s=96&d=mm&r=g","caption":"Thales Brand\u00e3o"},"description":"Editor Executivo do Portal CidadeMarketing.com.br &gt; Mestre em Comunica\u00e7\u00e3o e Sociedade pela Universidade Federal de Sergipe. Possui MBA Executivo em Administra\u00e7\u00e3o com \u00eanfase em Marketing pela Funda\u00e7\u00e3o Get\u00falio Vargas - Rio de Janeiro. Consultor, Palestrante e Pesquisador sobre Empreendedorismo, Marketing, Redes Sociais e Neg\u00f3cios Digitais. Professor, Palestrante TedxTalks e Campus Party. Twitter: @ThalesBrandao","sameAs":["http:\/\/www.mandacaru.com.br","https:\/\/www.facebook.com\/thalesbrandao","http:\/\/www.instagram.com.br\/thalesbrandaoferreira","https:\/\/www.linkedin.com\/in\/thales-brand\u00e3o-3948609\/","https:\/\/x.com\/http:\/\/www.twitter.com\/thalesbrandao"],"url":"https:\/\/www.cidademarketing.com.br\/marketing\/author\/thalesbrandao\/"}]}},"amp_enabled":true,"_links":{"self":[{"href":"https:\/\/www.cidademarketing.com.br\/marketing\/wp-json\/wp\/v2\/posts\/44477","targetHints":{"allow":["GET"]}}],"collection":[{"href":"https:\/\/www.cidademarketing.com.br\/marketing\/wp-json\/wp\/v2\/posts"}],"about":[{"href":"https:\/\/www.cidademarketing.com.br\/marketing\/wp-json\/wp\/v2\/types\/post"}],"author":[{"embeddable":true,"href":"https:\/\/www.cidademarketing.com.br\/marketing\/wp-json\/wp\/v2\/users\/1"}],"replies":[{"embeddable":true,"href":"https:\/\/www.cidademarketing.com.br\/marketing\/wp-json\/wp\/v2\/comments?post=44477"}],"version-history":[{"count":1,"href":"https:\/\/www.cidademarketing.com.br\/marketing\/wp-json\/wp\/v2\/posts\/44477\/revisions"}],"predecessor-version":[{"id":44479,"href":"https:\/\/www.cidademarketing.com.br\/marketing\/wp-json\/wp\/v2\/posts\/44477\/revisions\/44479"}],"wp:featuredmedia":[{"embeddable":true,"href":"https:\/\/www.cidademarketing.com.br\/marketing\/wp-json\/wp\/v2\/media\/44478"}],"wp:attachment":[{"href":"https:\/\/www.cidademarketing.com.br\/marketing\/wp-json\/wp\/v2\/media?parent=44477"}],"wp:term":[{"taxonomy":"category","embeddable":true,"href":"https:\/\/www.cidademarketing.com.br\/marketing\/wp-json\/wp\/v2\/categories?post=44477"},{"taxonomy":"post_tag","embeddable":true,"href":"https:\/\/www.cidademarketing.com.br\/marketing\/wp-json\/wp\/v2\/tags?post=44477"}],"curies":[{"name":"wp","href":"https:\/\/api.w.org\/{rel}","templated":true}]}}