{"id":44419,"date":"2023-04-07T15:31:07","date_gmt":"2023-04-07T18:31:07","guid":{"rendered":"https:\/\/www.cidademarketing.com.br\/marketing\/?p=44419"},"modified":"2023-04-07T15:31:07","modified_gmt":"2023-04-07T18:31:07","slug":"ccxp23-inicia-venda-dos-ingressos-e-anuncia-tyler-hoechlin-e-bruce-dickinson-como-os-primeiros-convidados-do-palco-thunder","status":"publish","type":"post","link":"https:\/\/www.cidademarketing.com.br\/marketing\/2023\/04\/07\/ccxp23-inicia-venda-dos-ingressos-e-anuncia-tyler-hoechlin-e-bruce-dickinson-como-os-primeiros-convidados-do-palco-thunder\/","title":{"rendered":"CCXP23 inicia venda dos ingressos e anuncia Tyler Hoechlin e Bruce Dickinson como os primeiros convidados do palco Thunder"},"content":{"rendered":"<p>Durante a coletiva de imprensa realizada na manh\u00e3 desta quinta-feira (06), a CCXP23 apresentou as primeiras novidades para a edi\u00e7\u00e3o de 10 anos do maior festival de cultura pop do mundo, que ser\u00e1 realizado entre os dias 30 de novembro e 3 de dezembro. Entre as novidades, destaca-se a presen\u00e7a confirmada de dois convidados de peso no Palco Thunder: Tyler Hoechlin, o Superman da s\u00e9rie &#8216;Superman &amp; Lois&#8217;, e Bruce Dickinson, vocalista do Iron Maiden. No Artists\u2019 Valley by BIS, tamb\u00e9m est\u00e3o confirmados Joshua Cassara, Eduardo Risso e, em parceria com a Skript Editoria, o artista senegal\u00eas Juni Ba. Para quem quiser participar da CCXP, os ingressos j\u00e1 est\u00e3o dispon\u00edveis para compra no <a href=\"https:\/\/www.ccxp.com.br\/\" target=\"_blank\" rel=\"noopener\">site oficial do evento<\/a>.<\/p>\n<p><a href=\"https:\/\/www.cidademarketing.com.br\/marketing\/sua-marca-vai-virar-noticia\/\" target=\"_blank\" rel=\"noopener\"><img fetchpriority=\"high\" decoding=\"async\" class=\"wp-image-44329 aligncenter\" src=\"https:\/\/www.cidademarketing.com.br\/marketing\/wp-content\/uploads\/2023\/04\/cidademarketing_backlinks_marketingdigital_publieditorial_.png\" alt=\"\" width=\"500\" height=\"500\" \/><\/a><\/p>\n<p>Grandes Estrelas no Palco Thunder<br \/>\nUma das atra\u00e7\u00f5es confirmadas \u00e9 o ator norte-americano Tyler Hoechlin, conhecido por ter vivido Derek Hale em Teen Wolf e Clark Kent na s\u00e9rie Superman &amp; Lois. Ele subir\u00e1 no Palco Thunder nos dias 02 e 03 de dezembro e tamb\u00e9m participar\u00e1 do &#8220;Fotos &amp; Aut\u00f3grafos&#8221; da CCXP, pacote que d\u00e1 a chance do f\u00e3 ficar mais pr\u00f3ximo de seus \u00eddolos e eternizar o momento. Datas, hor\u00e1rios e valores ser\u00e3o divulgados futuramente.<\/p>\n<p>Outro nome anunciado nesta quinta-feira foi o de Bruce Dickinson, vocalista do Iron Maiden e velho conhecido do p\u00fablico brasileiro pelas in\u00fameras passagens com sua banda pelo pa\u00eds. Pela primeira vez em um evento do g\u00eanero no pa\u00eds, o cantor participar\u00e1 de um painel no Palco Thunder, no dia 30\/11, para falar sobre a carreira, seu processo criativo e sua \u00edntima rela\u00e7\u00e3o com a cultura pop. Vale lembrar que, com universos totalmente interligados, o Iron Maiden \u00e9 uma figura reconhecida dentro da cultura pop, principalmente pelo mascote Eddie the Head e de can\u00e7\u00f5es que integram a trilha sonora de diversos filmes e s\u00e9ries das \u00faltimas 4 d\u00e9cadas.<\/p>\n<p>O novo Artists&#8217; Valley by Bis<br \/>\nEm um novo local dentro do pavilh\u00e3o, o Artists&#8217; Valley by Bis agora ficar\u00e1 pr\u00f3ximo da entrada do evento. Conhecido como o cora\u00e7\u00e3o da CCXP, o espa\u00e7o tamb\u00e9m conta com um aumento de capacidade, podendo abrigar at\u00e9 32 quadrinistas a mais.<\/p>\n<p>Ivan Costa, um dos fundadores da CCXP e curador do Artists&#8217; Valley By Bis comenta a mudan\u00e7a afirmando que &#8220;N\u00e3o \u00e9 exagero dizer que praticamente tudo que conhecemos de cultura po<br \/>\np teve in\u00edcio nos quadrinhos. E a experi\u00eancia da CCXP n\u00e3o poderia ser diferente: ela come\u00e7a pelos quadrinhos. Essa mudan\u00e7a de espa\u00e7o permitir\u00e1 o contato direto e imediato do p\u00fablico com os mais de 500 quadrinistas logo no in\u00edcio do evento&#8221;.<\/p>\n<p>Por\u00e9m, para a CCXP apenas uma boa not\u00edcia n\u00e3o basta e o festival ainda tem o orgulho de anunciar a presen\u00e7a de tr\u00eas grandes nomes de relev\u00e2ncia global:<\/p>\n<p>\u2022 Joshua Cassara, quadrinista exclusivo da Marvel Comics, considerado um dos artistas norte-americanos autodidata de maior talento. Atualmente \u00e0 frente dos X-Men na Casa das Ideias, Joshua \u00e9 o respons\u00e1vel por grandes hist\u00f3rias, como &#8216;X Lives of Wolverine&#8217;, &#8216;Venom&#8217;, &#8216;The Sentry&#8217;, e &#8216;Falcon&#8217;. Como ilustrador, tamb\u00e9m produziu as capas de X-Force e Planeta dos Macacos.<br \/>\n\u2022 Juni Ba, que vem em parceria com a Skript Editora. Nascido em Dakar, Senegal, o artista \u00e9 um premiado cartunista, autor de &#8216;Djeliya&#8217;, da TKO Presents. Seu mais novo trabalho, &#8216;Monkey Meat&#8217;, ser\u00e1 lan\u00e7ado no Brasil durante a sua vinda para a CCXP. Atualmente, ele desenha capas e ilustra contos para os quadrinhos das Tartarugas Ninjas, Marvel e DC.<br \/>\n\u2022 Eduardo Risso, velho conhecido dos f\u00e3s de CCXP, vem novamente ao festival para celebrar esta marca de 10 anos. O argentino tem como alguns dos grandes trabalhos &#8216;Dark Night: A True Batman Story&#8217;, com Paul Dini, &#8216;Batman: Black &amp; White&#8217;, &#8216;100 Bullets&#8217; e &#8216;Sgt. Rock vs The Army of the Dead&#8217;, com Bruce Campbell. Al\u00e9m disso, Eduardo \u00e9 tr\u00eas vezes vencedor dos pr\u00eamios, Esiner e Harvey.<\/p>\n<p>Mudan\u00e7a do Palco Ultra<br \/>\nUm dos locais mais queridos da CCXP tamb\u00e9m est\u00e1 de mudan\u00e7a! Antes localizado no mezanino do SP Expo, agora o Palco Ultra estar\u00e1 junto com os outros palcos no showfloor do festival. Conhecido por sua programa\u00e7\u00e3o diversificada, que vai desde palestras e pain\u00e9is com diretores e produtores de todos os segmentos, at\u00e9 lan\u00e7amentos exclusivos de filmes, s\u00e9ries, quadrinhos e livros.<\/p>\n<p>Colecion\u00e1veis<br \/>\nA Iron Studios completa 10 anos, assim como a CCXP, e comemora uma d\u00e9cada de muito trabalho, dedica\u00e7\u00e3o e amor por produzir pe\u00e7as colecion\u00e1veis de alta qualidade, que retratam o melhor da cultura pop. Em celebra\u00e7\u00e3o a essa data t\u00e3o especial selecionamos quatro pe\u00e7as ic\u00f4nicas que fizeram parte da nossa hist\u00f3ria, e que agora ser\u00e3o reproduzidas mais uma vez porem em escala 1\/10. Essa \u00e9 uma homenagem n\u00e3o s\u00f3 para as licen\u00e7as para tamb\u00e9m para nossos f\u00e3s e colecionadores.<\/p>\n<p>INGRESSO SOCIAL<\/p>\n<p>Neste ano o festival adotou o formato de doa\u00e7\u00e3o de valor no ato da compra. Com apenas R\uff0410,00 (quantia j\u00e1 acrescida ao pre\u00e7o final), o p\u00fablico ter\u00e1 que investir no m\u00e1ximo 60% do valor da inteira. Todo valor arrecadado ser\u00e1 direcionado para a\u00e7\u00f5es de combate \u00e0 fome, por meio de uma institui\u00e7\u00e3o parceira do evento, a ONG AMIGOS DO BEM. A doa\u00e7\u00e3o \u00e9 obrigat\u00f3ria na compra do ingresso Social, mas os visitantes\/pessoas\/consumidores que adquirirem as outras modalidades de ingresso (meia-entrada e inteira) tamb\u00e9m poder\u00e3o realizar doa\u00e7\u00e3o volunt\u00e1ria no ato da compra. Todos os ingressos possuem disponibilidade limitada.<\/p>\n<p><iframe title=\"Spotify Embed: Podcast CidadeMarketing\" style=\"border-radius: 12px\" width=\"100%\" height=\"152\" frameborder=\"0\" allowfullscreen allow=\"autoplay; clipboard-write; encrypted-media; fullscreen; picture-in-picture\" loading=\"lazy\" src=\"https:\/\/open.spotify.com\/embed\/show\/4khMKzP3FgFRWVwb73xicc?si=252fe5bff2b34909&#038;utm_source=oembed\"><\/iframe><\/p>\n<p>&nbsp;<\/p>\n<p>As vendas para a CCXP23 come\u00e7aram oficialmente hoje (6), \u00e0s 12h. Veja abaixo as modalidades de ingressos e os valores.<\/p>\n<p>VENDAS ABERTAS<br \/>\nConfira os valores de 1o lote e caracter\u00edsticas de cada ingresso abaixo:<\/p>\n<p>&nbsp;<\/p>\n<p>&nbsp;<\/p>\n<table data-a5=\"\" data-tleft=\"\">\n<tbody>\n<tr>\n<td width=\"0\" data-tdx=\"\">\n<table>\n<thead>\n<tr>\n<td colspan=\"4\"><strong>CCXP23<\/strong><strong><br \/>\n1\u00ba LOTE: 06\/04\/2023 <\/strong><\/td>\n<\/tr>\n<tr>\n<td><strong>Ingresso<\/strong><\/td>\n<td><strong>Meia-entrada<\/strong><\/td>\n<td><strong>Social<\/strong><\/td>\n<td><strong>Inteira<\/strong><\/td>\n<\/tr>\n<tr>\n<td><strong><em>Quinta-feira <\/em><\/strong><\/td>\n<td><strong>R<\/strong><strong>\uff04<\/strong><strong> 160,00 <\/strong><\/td>\n<td><strong>R<\/strong><strong>\uff04<\/strong><strong> 210,00 <\/strong><\/td>\n<td><strong>R<\/strong><strong>\uff04<\/strong><strong> 320,00 <\/strong><\/td>\n<\/tr>\n<tr>\n<td><strong><em>Sexta-feira<\/em><\/strong><\/td>\n<td><strong>R<\/strong><strong>\uff04<\/strong><strong> 180,00 <\/strong><\/td>\n<td><strong>R<\/strong><strong>\uff04<\/strong><strong> 230,00 <\/strong><\/td>\n<td><strong>R<\/strong><strong>\uff04<\/strong><strong> 360,00 <\/strong><\/td>\n<\/tr>\n<tr>\n<td><strong><em>S\u00e1bado <\/em><\/strong><\/td>\n<td><strong>R<\/strong><strong>\uff04<\/strong><strong> 240,00 <\/strong><\/td>\n<td><strong>R<\/strong><strong>\uff04<\/strong><strong> 290,00 <\/strong><\/td>\n<td><strong>R<\/strong><strong>\uff04<\/strong><strong> 480,00 <\/strong><\/td>\n<\/tr>\n<\/thead>\n<tbody>\n<tr>\n<td><em>Domingo <\/em><\/td>\n<td>R\uff04 240,00<\/td>\n<td>R\uff04 290,00<\/td>\n<td>R\uff04 480,00<\/td>\n<\/tr>\n<tr>\n<td><em>4 dias <\/em><\/td>\n<td>R\uff04 740,00<\/td>\n<td>R\uff04 870,00<\/td>\n<td>R\uff04 1.480,00<\/td>\n<\/tr>\n<tr>\n<td><em>Epic Experience<\/em><\/td>\n<td>&#8211;<\/td>\n<td>&#8211;<\/td>\n<td>R\uff04 2.200,00<\/td>\n<\/tr>\n<tr>\n<td><em>Full Experience<\/em><\/td>\n<td>&#8211;<\/td>\n<td>&#8211;<\/td>\n<td>R\uff04 12.500,00<\/td>\n<\/tr>\n<tr>\n<td><em>Unlock <\/em><\/td>\n<td>&#8211;<\/td>\n<td>&#8211;<\/td>\n<td>R\uff04 2.900,00<\/td>\n<\/tr>\n<\/tbody>\n<\/table>\n<\/td>\n<\/tr>\n<\/tbody>\n<\/table>\n","protected":false},"excerpt":{"rendered":"<p>Durante a coletiva de imprensa realizada na manh\u00e3 desta quinta-feira (06), a CCXP23 apresentou as primeiras novidades para a edi\u00e7\u00e3o de 10 anos do maior festival de cultura pop do mundo, que ser\u00e1 realizado entre os dias 30 de novembro e 3 de dezembro. Entre as novidades, destaca-se a presen\u00e7a confirmada de dois convidados de [&hellip;]<\/p>\n","protected":false},"author":1,"featured_media":44420,"comment_status":"open","ping_status":"open","sticky":false,"template":"","format":"standard","meta":{"tdm_status":"","tdm_grid_status":"","footnotes":""},"categories":[13],"tags":[358,33,179,3263,28,26],"class_list":["post-44419","post","type-post","status-publish","format-standard","has-post-thumbnail","hentry","category-eventos","tag-ccxp","tag-estrategia","tag-evento","tag-geek","tag-marketing","tag-marketing-digital"],"yoast_head":"<!-- This site is optimized with the Yoast SEO plugin v27.5 - https:\/\/yoast.com\/product\/yoast-seo-wordpress\/ -->\n<title>CCXP23 inicia venda dos ingressos e anuncia Tyler Hoechlin e Bruce Dickinson como os primeiros convidados do palco Thunder - CidadeMarketing<\/title>\n<meta name=\"robots\" content=\"index, follow, max-snippet:-1, max-image-preview:large, max-video-preview:-1\" \/>\n<link rel=\"canonical\" href=\"https:\/\/www.cidademarketing.com.br\/marketing\/2023\/04\/07\/ccxp23-inicia-venda-dos-ingressos-e-anuncia-tyler-hoechlin-e-bruce-dickinson-como-os-primeiros-convidados-do-palco-thunder\/\" \/>\n<meta property=\"og:locale\" content=\"pt_BR\" \/>\n<meta property=\"og:type\" content=\"article\" \/>\n<meta property=\"og:title\" content=\"CCXP23 inicia venda dos ingressos e anuncia Tyler Hoechlin e Bruce Dickinson como os primeiros convidados do palco Thunder - CidadeMarketing\" \/>\n<meta property=\"og:description\" content=\"Durante a coletiva de imprensa realizada na manh\u00e3 desta quinta-feira (06), a CCXP23 apresentou as primeiras novidades para a edi\u00e7\u00e3o de 10 anos do maior festival de cultura pop do mundo, que ser\u00e1 realizado entre os dias 30 de novembro e 3 de dezembro. Entre as novidades, destaca-se a presen\u00e7a confirmada de dois convidados de [&hellip;]\" \/>\n<meta property=\"og:url\" content=\"https:\/\/www.cidademarketing.com.br\/marketing\/2023\/04\/07\/ccxp23-inicia-venda-dos-ingressos-e-anuncia-tyler-hoechlin-e-bruce-dickinson-como-os-primeiros-convidados-do-palco-thunder\/\" \/>\n<meta property=\"og:site_name\" content=\"CidadeMarketing\" \/>\n<meta property=\"article:publisher\" content=\"https:\/\/www.facebook.com\/portalcidademarketing\" \/>\n<meta property=\"article:author\" content=\"https:\/\/www.facebook.com\/thalesbrandao\" \/>\n<meta property=\"article:published_time\" content=\"2023-04-07T18:31:07+00:00\" \/>\n<meta property=\"og:image\" content=\"https:\/\/www.cidademarketing.com.br\/marketing\/wp-content\/uploads\/2023\/04\/ccxp2023.png\" \/>\n\t<meta property=\"og:image:width\" content=\"1578\" \/>\n\t<meta property=\"og:image:height\" content=\"689\" \/>\n\t<meta property=\"og:image:type\" content=\"image\/png\" \/>\n<meta name=\"author\" content=\"Thales Brand\u00e3o\" \/>\n<meta name=\"twitter:card\" content=\"summary_large_image\" \/>\n<meta name=\"twitter:creator\" content=\"@http:\/\/www.twitter.com\/thalesbrandao\" \/>\n<meta name=\"twitter:site\" content=\"@CidadeMarketing\" \/>\n<meta name=\"twitter:label1\" content=\"Escrito por\" \/>\n\t<meta name=\"twitter:data1\" content=\"Thales Brand\u00e3o\" \/>\n\t<meta name=\"twitter:label2\" content=\"Est. tempo de leitura\" \/>\n\t<meta name=\"twitter:data2\" content=\"5 minutos\" \/>\n<script type=\"application\/ld+json\" class=\"yoast-schema-graph\">{\"@context\":\"https:\\\/\\\/schema.org\",\"@graph\":[{\"@type\":\"Article\",\"@id\":\"https:\\\/\\\/www.cidademarketing.com.br\\\/marketing\\\/2023\\\/04\\\/07\\\/ccxp23-inicia-venda-dos-ingressos-e-anuncia-tyler-hoechlin-e-bruce-dickinson-como-os-primeiros-convidados-do-palco-thunder\\\/#article\",\"isPartOf\":{\"@id\":\"https:\\\/\\\/www.cidademarketing.com.br\\\/marketing\\\/2023\\\/04\\\/07\\\/ccxp23-inicia-venda-dos-ingressos-e-anuncia-tyler-hoechlin-e-bruce-dickinson-como-os-primeiros-convidados-do-palco-thunder\\\/\"},\"author\":{\"name\":\"Thales Brand\u00e3o\",\"@id\":\"https:\\\/\\\/www.cidademarketing.com.br\\\/marketing\\\/#\\\/schema\\\/person\\\/02daff9f18bd9378c9e01eb6b2db155f\"},\"headline\":\"CCXP23 inicia venda dos ingressos e anuncia Tyler Hoechlin e Bruce Dickinson como os primeiros convidados do palco Thunder\",\"datePublished\":\"2023-04-07T18:31:07+00:00\",\"mainEntityOfPage\":{\"@id\":\"https:\\\/\\\/www.cidademarketing.com.br\\\/marketing\\\/2023\\\/04\\\/07\\\/ccxp23-inicia-venda-dos-ingressos-e-anuncia-tyler-hoechlin-e-bruce-dickinson-como-os-primeiros-convidados-do-palco-thunder\\\/\"},\"wordCount\":1046,\"commentCount\":0,\"publisher\":{\"@id\":\"https:\\\/\\\/www.cidademarketing.com.br\\\/marketing\\\/#organization\"},\"image\":{\"@id\":\"https:\\\/\\\/www.cidademarketing.com.br\\\/marketing\\\/2023\\\/04\\\/07\\\/ccxp23-inicia-venda-dos-ingressos-e-anuncia-tyler-hoechlin-e-bruce-dickinson-como-os-primeiros-convidados-do-palco-thunder\\\/#primaryimage\"},\"thumbnailUrl\":\"https:\\\/\\\/www.cidademarketing.com.br\\\/marketing\\\/wp-content\\\/uploads\\\/2023\\\/04\\\/ccxp2023.png\",\"keywords\":[\"CCXP\",\"estrat\u00e9gia\",\"evento\",\"Geek\",\"marketing\",\"marketing digital\"],\"articleSection\":[\"Eventos\"],\"inLanguage\":\"pt-BR\",\"potentialAction\":[{\"@type\":\"CommentAction\",\"name\":\"Comment\",\"target\":[\"https:\\\/\\\/www.cidademarketing.com.br\\\/marketing\\\/2023\\\/04\\\/07\\\/ccxp23-inicia-venda-dos-ingressos-e-anuncia-tyler-hoechlin-e-bruce-dickinson-como-os-primeiros-convidados-do-palco-thunder\\\/#respond\"]}]},{\"@type\":\"WebPage\",\"@id\":\"https:\\\/\\\/www.cidademarketing.com.br\\\/marketing\\\/2023\\\/04\\\/07\\\/ccxp23-inicia-venda-dos-ingressos-e-anuncia-tyler-hoechlin-e-bruce-dickinson-como-os-primeiros-convidados-do-palco-thunder\\\/\",\"url\":\"https:\\\/\\\/www.cidademarketing.com.br\\\/marketing\\\/2023\\\/04\\\/07\\\/ccxp23-inicia-venda-dos-ingressos-e-anuncia-tyler-hoechlin-e-bruce-dickinson-como-os-primeiros-convidados-do-palco-thunder\\\/\",\"name\":\"CCXP23 inicia venda dos ingressos e anuncia Tyler Hoechlin e Bruce Dickinson como os primeiros convidados do palco Thunder - CidadeMarketing\",\"isPartOf\":{\"@id\":\"https:\\\/\\\/www.cidademarketing.com.br\\\/marketing\\\/#website\"},\"primaryImageOfPage\":{\"@id\":\"https:\\\/\\\/www.cidademarketing.com.br\\\/marketing\\\/2023\\\/04\\\/07\\\/ccxp23-inicia-venda-dos-ingressos-e-anuncia-tyler-hoechlin-e-bruce-dickinson-como-os-primeiros-convidados-do-palco-thunder\\\/#primaryimage\"},\"image\":{\"@id\":\"https:\\\/\\\/www.cidademarketing.com.br\\\/marketing\\\/2023\\\/04\\\/07\\\/ccxp23-inicia-venda-dos-ingressos-e-anuncia-tyler-hoechlin-e-bruce-dickinson-como-os-primeiros-convidados-do-palco-thunder\\\/#primaryimage\"},\"thumbnailUrl\":\"https:\\\/\\\/www.cidademarketing.com.br\\\/marketing\\\/wp-content\\\/uploads\\\/2023\\\/04\\\/ccxp2023.png\",\"datePublished\":\"2023-04-07T18:31:07+00:00\",\"breadcrumb\":{\"@id\":\"https:\\\/\\\/www.cidademarketing.com.br\\\/marketing\\\/2023\\\/04\\\/07\\\/ccxp23-inicia-venda-dos-ingressos-e-anuncia-tyler-hoechlin-e-bruce-dickinson-como-os-primeiros-convidados-do-palco-thunder\\\/#breadcrumb\"},\"inLanguage\":\"pt-BR\",\"potentialAction\":[{\"@type\":\"ReadAction\",\"target\":[\"https:\\\/\\\/www.cidademarketing.com.br\\\/marketing\\\/2023\\\/04\\\/07\\\/ccxp23-inicia-venda-dos-ingressos-e-anuncia-tyler-hoechlin-e-bruce-dickinson-como-os-primeiros-convidados-do-palco-thunder\\\/\"]}]},{\"@type\":\"ImageObject\",\"inLanguage\":\"pt-BR\",\"@id\":\"https:\\\/\\\/www.cidademarketing.com.br\\\/marketing\\\/2023\\\/04\\\/07\\\/ccxp23-inicia-venda-dos-ingressos-e-anuncia-tyler-hoechlin-e-bruce-dickinson-como-os-primeiros-convidados-do-palco-thunder\\\/#primaryimage\",\"url\":\"https:\\\/\\\/www.cidademarketing.com.br\\\/marketing\\\/wp-content\\\/uploads\\\/2023\\\/04\\\/ccxp2023.png\",\"contentUrl\":\"https:\\\/\\\/www.cidademarketing.com.br\\\/marketing\\\/wp-content\\\/uploads\\\/2023\\\/04\\\/ccxp2023.png\",\"width\":1578,\"height\":689},{\"@type\":\"BreadcrumbList\",\"@id\":\"https:\\\/\\\/www.cidademarketing.com.br\\\/marketing\\\/2023\\\/04\\\/07\\\/ccxp23-inicia-venda-dos-ingressos-e-anuncia-tyler-hoechlin-e-bruce-dickinson-como-os-primeiros-convidados-do-palco-thunder\\\/#breadcrumb\",\"itemListElement\":[{\"@type\":\"ListItem\",\"position\":1,\"name\":\"In\u00edcio\",\"item\":\"https:\\\/\\\/www.cidademarketing.com.br\\\/marketing\\\/\"},{\"@type\":\"ListItem\",\"position\":2,\"name\":\"CCXP23 inicia venda dos ingressos e anuncia Tyler Hoechlin e Bruce Dickinson como os primeiros convidados do palco Thunder\"}]},{\"@type\":\"WebSite\",\"@id\":\"https:\\\/\\\/www.cidademarketing.com.br\\\/marketing\\\/#website\",\"url\":\"https:\\\/\\\/www.cidademarketing.com.br\\\/marketing\\\/\",\"name\":\"CidadeMarketing\",\"description\":\"Somos um ve\u00edculo de comunica\u00e7\u00e3o de destaque no Brasil, reconhecido por conte\u00fados nos segmentos de marketing, empreendedorismo e inova\u00e7\u00e3o.\",\"publisher\":{\"@id\":\"https:\\\/\\\/www.cidademarketing.com.br\\\/marketing\\\/#organization\"},\"alternateName\":\"CidadeMarketing\",\"potentialAction\":[{\"@type\":\"SearchAction\",\"target\":{\"@type\":\"EntryPoint\",\"urlTemplate\":\"https:\\\/\\\/www.cidademarketing.com.br\\\/marketing\\\/?s={search_term_string}\"},\"query-input\":{\"@type\":\"PropertyValueSpecification\",\"valueRequired\":true,\"valueName\":\"search_term_string\"}}],\"inLanguage\":\"pt-BR\"},{\"@type\":\"Organization\",\"@id\":\"https:\\\/\\\/www.cidademarketing.com.br\\\/marketing\\\/#organization\",\"name\":\"CidadeMarketing\",\"alternateName\":\"CidadeMarketing\",\"url\":\"https:\\\/\\\/www.cidademarketing.com.br\\\/marketing\\\/\",\"logo\":{\"@type\":\"ImageObject\",\"inLanguage\":\"pt-BR\",\"@id\":\"https:\\\/\\\/www.cidademarketing.com.br\\\/marketing\\\/#\\\/schema\\\/logo\\\/image\\\/\",\"url\":\"https:\\\/\\\/www.cidademarketing.com.br\\\/marketing\\\/wp-content\\\/uploads\\\/2020\\\/01\\\/cidademarketing_marca_mobile.png\",\"contentUrl\":\"https:\\\/\\\/www.cidademarketing.com.br\\\/marketing\\\/wp-content\\\/uploads\\\/2020\\\/01\\\/cidademarketing_marca_mobile.png\",\"width\":230,\"height\":92,\"caption\":\"CidadeMarketing\"},\"image\":{\"@id\":\"https:\\\/\\\/www.cidademarketing.com.br\\\/marketing\\\/#\\\/schema\\\/logo\\\/image\\\/\"},\"sameAs\":[\"https:\\\/\\\/www.facebook.com\\\/portalcidademarketing\",\"https:\\\/\\\/x.com\\\/CidadeMarketing\",\"https:\\\/\\\/www.instagram.com\\\/cidademarketing\\\/\"]},{\"@type\":\"Person\",\"@id\":\"https:\\\/\\\/www.cidademarketing.com.br\\\/marketing\\\/#\\\/schema\\\/person\\\/02daff9f18bd9378c9e01eb6b2db155f\",\"name\":\"Thales Brand\u00e3o\",\"image\":{\"@type\":\"ImageObject\",\"inLanguage\":\"pt-BR\",\"@id\":\"https:\\\/\\\/secure.gravatar.com\\\/avatar\\\/7ca3206950207cc3cb48feec56a8a7898741ab725c368d99d5d7a5a50aab80c6?s=96&d=mm&r=g\",\"url\":\"https:\\\/\\\/secure.gravatar.com\\\/avatar\\\/7ca3206950207cc3cb48feec56a8a7898741ab725c368d99d5d7a5a50aab80c6?s=96&d=mm&r=g\",\"contentUrl\":\"https:\\\/\\\/secure.gravatar.com\\\/avatar\\\/7ca3206950207cc3cb48feec56a8a7898741ab725c368d99d5d7a5a50aab80c6?s=96&d=mm&r=g\",\"caption\":\"Thales Brand\u00e3o\"},\"description\":\"Editor Executivo do Portal CidadeMarketing.com.br &gt; Mestre em Comunica\u00e7\u00e3o e Sociedade pela Universidade Federal de Sergipe. Possui MBA Executivo em Administra\u00e7\u00e3o com \u00eanfase em Marketing pela Funda\u00e7\u00e3o Get\u00falio Vargas - Rio de Janeiro. Consultor, Palestrante e Pesquisador sobre Empreendedorismo, Marketing, Redes Sociais e Neg\u00f3cios Digitais. Professor, Palestrante TedxTalks e Campus Party. Twitter: @ThalesBrandao\",\"sameAs\":[\"http:\\\/\\\/www.mandacaru.com.br\",\"https:\\\/\\\/www.facebook.com\\\/thalesbrandao\",\"http:\\\/\\\/www.instagram.com.br\\\/thalesbrandaoferreira\",\"https:\\\/\\\/www.linkedin.com\\\/in\\\/thales-brand\u00e3o-3948609\\\/\",\"https:\\\/\\\/x.com\\\/http:\\\/\\\/www.twitter.com\\\/thalesbrandao\"],\"url\":\"https:\\\/\\\/www.cidademarketing.com.br\\\/marketing\\\/author\\\/thalesbrandao\\\/\"}]}<\/script>\n<!-- \/ Yoast SEO plugin. -->","yoast_head_json":{"title":"CCXP23 inicia venda dos ingressos e anuncia Tyler Hoechlin e Bruce Dickinson como os primeiros convidados do palco Thunder - CidadeMarketing","robots":{"index":"index","follow":"follow","max-snippet":"max-snippet:-1","max-image-preview":"max-image-preview:large","max-video-preview":"max-video-preview:-1"},"canonical":"https:\/\/www.cidademarketing.com.br\/marketing\/2023\/04\/07\/ccxp23-inicia-venda-dos-ingressos-e-anuncia-tyler-hoechlin-e-bruce-dickinson-como-os-primeiros-convidados-do-palco-thunder\/","og_locale":"pt_BR","og_type":"article","og_title":"CCXP23 inicia venda dos ingressos e anuncia Tyler Hoechlin e Bruce Dickinson como os primeiros convidados do palco Thunder - CidadeMarketing","og_description":"Durante a coletiva de imprensa realizada na manh\u00e3 desta quinta-feira (06), a CCXP23 apresentou as primeiras novidades para a edi\u00e7\u00e3o de 10 anos do maior festival de cultura pop do mundo, que ser\u00e1 realizado entre os dias 30 de novembro e 3 de dezembro. Entre as novidades, destaca-se a presen\u00e7a confirmada de dois convidados de [&hellip;]","og_url":"https:\/\/www.cidademarketing.com.br\/marketing\/2023\/04\/07\/ccxp23-inicia-venda-dos-ingressos-e-anuncia-tyler-hoechlin-e-bruce-dickinson-como-os-primeiros-convidados-do-palco-thunder\/","og_site_name":"CidadeMarketing","article_publisher":"https:\/\/www.facebook.com\/portalcidademarketing","article_author":"https:\/\/www.facebook.com\/thalesbrandao","article_published_time":"2023-04-07T18:31:07+00:00","og_image":[{"width":1578,"height":689,"url":"https:\/\/www.cidademarketing.com.br\/marketing\/wp-content\/uploads\/2023\/04\/ccxp2023.png","type":"image\/png"}],"author":"Thales Brand\u00e3o","twitter_card":"summary_large_image","twitter_creator":"@http:\/\/www.twitter.com\/thalesbrandao","twitter_site":"@CidadeMarketing","twitter_misc":{"Escrito por":"Thales Brand\u00e3o","Est. tempo de leitura":"5 minutos"},"schema":{"@context":"https:\/\/schema.org","@graph":[{"@type":"Article","@id":"https:\/\/www.cidademarketing.com.br\/marketing\/2023\/04\/07\/ccxp23-inicia-venda-dos-ingressos-e-anuncia-tyler-hoechlin-e-bruce-dickinson-como-os-primeiros-convidados-do-palco-thunder\/#article","isPartOf":{"@id":"https:\/\/www.cidademarketing.com.br\/marketing\/2023\/04\/07\/ccxp23-inicia-venda-dos-ingressos-e-anuncia-tyler-hoechlin-e-bruce-dickinson-como-os-primeiros-convidados-do-palco-thunder\/"},"author":{"name":"Thales Brand\u00e3o","@id":"https:\/\/www.cidademarketing.com.br\/marketing\/#\/schema\/person\/02daff9f18bd9378c9e01eb6b2db155f"},"headline":"CCXP23 inicia venda dos ingressos e anuncia Tyler Hoechlin e Bruce Dickinson como os primeiros convidados do palco Thunder","datePublished":"2023-04-07T18:31:07+00:00","mainEntityOfPage":{"@id":"https:\/\/www.cidademarketing.com.br\/marketing\/2023\/04\/07\/ccxp23-inicia-venda-dos-ingressos-e-anuncia-tyler-hoechlin-e-bruce-dickinson-como-os-primeiros-convidados-do-palco-thunder\/"},"wordCount":1046,"commentCount":0,"publisher":{"@id":"https:\/\/www.cidademarketing.com.br\/marketing\/#organization"},"image":{"@id":"https:\/\/www.cidademarketing.com.br\/marketing\/2023\/04\/07\/ccxp23-inicia-venda-dos-ingressos-e-anuncia-tyler-hoechlin-e-bruce-dickinson-como-os-primeiros-convidados-do-palco-thunder\/#primaryimage"},"thumbnailUrl":"https:\/\/www.cidademarketing.com.br\/marketing\/wp-content\/uploads\/2023\/04\/ccxp2023.png","keywords":["CCXP","estrat\u00e9gia","evento","Geek","marketing","marketing digital"],"articleSection":["Eventos"],"inLanguage":"pt-BR","potentialAction":[{"@type":"CommentAction","name":"Comment","target":["https:\/\/www.cidademarketing.com.br\/marketing\/2023\/04\/07\/ccxp23-inicia-venda-dos-ingressos-e-anuncia-tyler-hoechlin-e-bruce-dickinson-como-os-primeiros-convidados-do-palco-thunder\/#respond"]}]},{"@type":"WebPage","@id":"https:\/\/www.cidademarketing.com.br\/marketing\/2023\/04\/07\/ccxp23-inicia-venda-dos-ingressos-e-anuncia-tyler-hoechlin-e-bruce-dickinson-como-os-primeiros-convidados-do-palco-thunder\/","url":"https:\/\/www.cidademarketing.com.br\/marketing\/2023\/04\/07\/ccxp23-inicia-venda-dos-ingressos-e-anuncia-tyler-hoechlin-e-bruce-dickinson-como-os-primeiros-convidados-do-palco-thunder\/","name":"CCXP23 inicia venda dos ingressos e anuncia Tyler Hoechlin e Bruce Dickinson como os primeiros convidados do palco Thunder - CidadeMarketing","isPartOf":{"@id":"https:\/\/www.cidademarketing.com.br\/marketing\/#website"},"primaryImageOfPage":{"@id":"https:\/\/www.cidademarketing.com.br\/marketing\/2023\/04\/07\/ccxp23-inicia-venda-dos-ingressos-e-anuncia-tyler-hoechlin-e-bruce-dickinson-como-os-primeiros-convidados-do-palco-thunder\/#primaryimage"},"image":{"@id":"https:\/\/www.cidademarketing.com.br\/marketing\/2023\/04\/07\/ccxp23-inicia-venda-dos-ingressos-e-anuncia-tyler-hoechlin-e-bruce-dickinson-como-os-primeiros-convidados-do-palco-thunder\/#primaryimage"},"thumbnailUrl":"https:\/\/www.cidademarketing.com.br\/marketing\/wp-content\/uploads\/2023\/04\/ccxp2023.png","datePublished":"2023-04-07T18:31:07+00:00","breadcrumb":{"@id":"https:\/\/www.cidademarketing.com.br\/marketing\/2023\/04\/07\/ccxp23-inicia-venda-dos-ingressos-e-anuncia-tyler-hoechlin-e-bruce-dickinson-como-os-primeiros-convidados-do-palco-thunder\/#breadcrumb"},"inLanguage":"pt-BR","potentialAction":[{"@type":"ReadAction","target":["https:\/\/www.cidademarketing.com.br\/marketing\/2023\/04\/07\/ccxp23-inicia-venda-dos-ingressos-e-anuncia-tyler-hoechlin-e-bruce-dickinson-como-os-primeiros-convidados-do-palco-thunder\/"]}]},{"@type":"ImageObject","inLanguage":"pt-BR","@id":"https:\/\/www.cidademarketing.com.br\/marketing\/2023\/04\/07\/ccxp23-inicia-venda-dos-ingressos-e-anuncia-tyler-hoechlin-e-bruce-dickinson-como-os-primeiros-convidados-do-palco-thunder\/#primaryimage","url":"https:\/\/www.cidademarketing.com.br\/marketing\/wp-content\/uploads\/2023\/04\/ccxp2023.png","contentUrl":"https:\/\/www.cidademarketing.com.br\/marketing\/wp-content\/uploads\/2023\/04\/ccxp2023.png","width":1578,"height":689},{"@type":"BreadcrumbList","@id":"https:\/\/www.cidademarketing.com.br\/marketing\/2023\/04\/07\/ccxp23-inicia-venda-dos-ingressos-e-anuncia-tyler-hoechlin-e-bruce-dickinson-como-os-primeiros-convidados-do-palco-thunder\/#breadcrumb","itemListElement":[{"@type":"ListItem","position":1,"name":"In\u00edcio","item":"https:\/\/www.cidademarketing.com.br\/marketing\/"},{"@type":"ListItem","position":2,"name":"CCXP23 inicia venda dos ingressos e anuncia Tyler Hoechlin e Bruce Dickinson como os primeiros convidados do palco Thunder"}]},{"@type":"WebSite","@id":"https:\/\/www.cidademarketing.com.br\/marketing\/#website","url":"https:\/\/www.cidademarketing.com.br\/marketing\/","name":"CidadeMarketing","description":"Somos um ve\u00edculo de comunica\u00e7\u00e3o de destaque no Brasil, reconhecido por conte\u00fados nos segmentos de marketing, empreendedorismo e inova\u00e7\u00e3o.","publisher":{"@id":"https:\/\/www.cidademarketing.com.br\/marketing\/#organization"},"alternateName":"CidadeMarketing","potentialAction":[{"@type":"SearchAction","target":{"@type":"EntryPoint","urlTemplate":"https:\/\/www.cidademarketing.com.br\/marketing\/?s={search_term_string}"},"query-input":{"@type":"PropertyValueSpecification","valueRequired":true,"valueName":"search_term_string"}}],"inLanguage":"pt-BR"},{"@type":"Organization","@id":"https:\/\/www.cidademarketing.com.br\/marketing\/#organization","name":"CidadeMarketing","alternateName":"CidadeMarketing","url":"https:\/\/www.cidademarketing.com.br\/marketing\/","logo":{"@type":"ImageObject","inLanguage":"pt-BR","@id":"https:\/\/www.cidademarketing.com.br\/marketing\/#\/schema\/logo\/image\/","url":"https:\/\/www.cidademarketing.com.br\/marketing\/wp-content\/uploads\/2020\/01\/cidademarketing_marca_mobile.png","contentUrl":"https:\/\/www.cidademarketing.com.br\/marketing\/wp-content\/uploads\/2020\/01\/cidademarketing_marca_mobile.png","width":230,"height":92,"caption":"CidadeMarketing"},"image":{"@id":"https:\/\/www.cidademarketing.com.br\/marketing\/#\/schema\/logo\/image\/"},"sameAs":["https:\/\/www.facebook.com\/portalcidademarketing","https:\/\/x.com\/CidadeMarketing","https:\/\/www.instagram.com\/cidademarketing\/"]},{"@type":"Person","@id":"https:\/\/www.cidademarketing.com.br\/marketing\/#\/schema\/person\/02daff9f18bd9378c9e01eb6b2db155f","name":"Thales Brand\u00e3o","image":{"@type":"ImageObject","inLanguage":"pt-BR","@id":"https:\/\/secure.gravatar.com\/avatar\/7ca3206950207cc3cb48feec56a8a7898741ab725c368d99d5d7a5a50aab80c6?s=96&d=mm&r=g","url":"https:\/\/secure.gravatar.com\/avatar\/7ca3206950207cc3cb48feec56a8a7898741ab725c368d99d5d7a5a50aab80c6?s=96&d=mm&r=g","contentUrl":"https:\/\/secure.gravatar.com\/avatar\/7ca3206950207cc3cb48feec56a8a7898741ab725c368d99d5d7a5a50aab80c6?s=96&d=mm&r=g","caption":"Thales Brand\u00e3o"},"description":"Editor Executivo do Portal CidadeMarketing.com.br &gt; Mestre em Comunica\u00e7\u00e3o e Sociedade pela Universidade Federal de Sergipe. Possui MBA Executivo em Administra\u00e7\u00e3o com \u00eanfase em Marketing pela Funda\u00e7\u00e3o Get\u00falio Vargas - Rio de Janeiro. Consultor, Palestrante e Pesquisador sobre Empreendedorismo, Marketing, Redes Sociais e Neg\u00f3cios Digitais. Professor, Palestrante TedxTalks e Campus Party. Twitter: @ThalesBrandao","sameAs":["http:\/\/www.mandacaru.com.br","https:\/\/www.facebook.com\/thalesbrandao","http:\/\/www.instagram.com.br\/thalesbrandaoferreira","https:\/\/www.linkedin.com\/in\/thales-brand\u00e3o-3948609\/","https:\/\/x.com\/http:\/\/www.twitter.com\/thalesbrandao"],"url":"https:\/\/www.cidademarketing.com.br\/marketing\/author\/thalesbrandao\/"}]}},"amp_enabled":true,"_links":{"self":[{"href":"https:\/\/www.cidademarketing.com.br\/marketing\/wp-json\/wp\/v2\/posts\/44419","targetHints":{"allow":["GET"]}}],"collection":[{"href":"https:\/\/www.cidademarketing.com.br\/marketing\/wp-json\/wp\/v2\/posts"}],"about":[{"href":"https:\/\/www.cidademarketing.com.br\/marketing\/wp-json\/wp\/v2\/types\/post"}],"author":[{"embeddable":true,"href":"https:\/\/www.cidademarketing.com.br\/marketing\/wp-json\/wp\/v2\/users\/1"}],"replies":[{"embeddable":true,"href":"https:\/\/www.cidademarketing.com.br\/marketing\/wp-json\/wp\/v2\/comments?post=44419"}],"version-history":[{"count":1,"href":"https:\/\/www.cidademarketing.com.br\/marketing\/wp-json\/wp\/v2\/posts\/44419\/revisions"}],"predecessor-version":[{"id":44421,"href":"https:\/\/www.cidademarketing.com.br\/marketing\/wp-json\/wp\/v2\/posts\/44419\/revisions\/44421"}],"wp:featuredmedia":[{"embeddable":true,"href":"https:\/\/www.cidademarketing.com.br\/marketing\/wp-json\/wp\/v2\/media\/44420"}],"wp:attachment":[{"href":"https:\/\/www.cidademarketing.com.br\/marketing\/wp-json\/wp\/v2\/media?parent=44419"}],"wp:term":[{"taxonomy":"category","embeddable":true,"href":"https:\/\/www.cidademarketing.com.br\/marketing\/wp-json\/wp\/v2\/categories?post=44419"},{"taxonomy":"post_tag","embeddable":true,"href":"https:\/\/www.cidademarketing.com.br\/marketing\/wp-json\/wp\/v2\/tags?post=44419"}],"curies":[{"name":"wp","href":"https:\/\/api.w.org\/{rel}","templated":true}]}}