{"id":44304,"date":"2023-04-01T19:14:46","date_gmt":"2023-04-01T22:14:46","guid":{"rendered":"https:\/\/www.cidademarketing.com.br\/marketing\/?p=44304"},"modified":"2023-04-01T19:20:41","modified_gmt":"2023-04-01T22:20:41","slug":"governo-federal-lanca-campanha-contra-fake-news","status":"publish","type":"post","link":"https:\/\/www.cidademarketing.com.br\/marketing\/2023\/04\/01\/governo-federal-lanca-campanha-contra-fake-news\/","title":{"rendered":"Governo Federal lan\u00e7a campanha contra Fake News"},"content":{"rendered":"<p>O Governo Federal veicula a campanha Brasil contra Fake, com o objetivo de combater a desinforma\u00e7\u00e3o disseminada nas redes sociais.<\/p>\n<p>Com o tema \u201cQuem espalha fake news espalha destrui\u00e7\u00e3o\u201d, a campanha aborda o impacto do problema no dia-a-dia da popula\u00e7\u00e3o. A ideia \u00e9 retratar os mais variados perfis de pessoas para mostrar que estamos todos do mesmo lado e qualquer um pode se tornar v\u00edtima de uma not\u00edcia falsa.<\/p>\n<p><iframe title=\"Spotify Embed: Podcast CidadeMarketing\" style=\"border-radius: 12px\" width=\"100%\" height=\"152\" frameborder=\"0\" allowfullscreen allow=\"autoplay; clipboard-write; encrypted-media; fullscreen; picture-in-picture\" loading=\"lazy\" src=\"https:\/\/open.spotify.com\/embed\/show\/4khMKzP3FgFRWVwb73xicc?si=252fe5bff2b34909&#038;utm_source=oembed\"><\/iframe><\/p>\n<p>Trata-se de uma campanha completa, com presen\u00e7a em diversos meios e uma estrat\u00e9gia de comunica\u00e7\u00e3o continuada. No filme de lan\u00e7amento, um homem dispara pelo celular uma not\u00edcia falsa, que se espalha, provocando efeitos em cascata como brigas de casais e fam\u00edlias. A mensagem convida todos a se unirem no combate \u00e0 desinforma\u00e7\u00e3o e assim frear o \u00f3dio, a viol\u00eancia e a destrui\u00e7\u00e3o causados pelas fake news.<\/p>\n<div class=\"youtube-embed\" data-video_id=\"Xq6aTfEfP4c\"><iframe title=\"BRASIL CONTRA FAKE NEWS | #BrasilContraFake\" width=\"640\" height=\"360\" src=\"https:\/\/www.youtube.com\/embed\/Xq6aTfEfP4c?feature=oembed&#038;enablejsapi=1\" frameborder=\"0\" allow=\"accelerometer; autoplay; clipboard-write; encrypted-media; gyroscope; picture-in-picture; web-share\" referrerpolicy=\"strict-origin-when-cross-origin\" allowfullscreen><\/iframe><\/div>\n<div class=\"youtube-embed\" data-video_id=\"XpR0a472XHk\"><iframe title=\"BRASIL CONTRA FAKE NEWS | #BrasilContraFake\" width=\"640\" height=\"360\" src=\"https:\/\/www.youtube.com\/embed\/XpR0a472XHk?feature=oembed&#038;enablejsapi=1\" frameborder=\"0\" allow=\"accelerometer; autoplay; clipboard-write; encrypted-media; gyroscope; picture-in-picture; web-share\" referrerpolicy=\"strict-origin-when-cross-origin\" allowfullscreen><\/iframe><\/div>\n<p>Tamb\u00e9m foram criados tr\u00eas filmes com casos reais, mostrando como as fake news podem destruir reputa\u00e7\u00f5es, fam\u00edlias e at\u00e9 vidas. Um deles traz a hist\u00f3ria de Fabiane Maria de Jesus, espancada at\u00e9 a morte no Guaruj\u00e1, no litoral de SP, em 2014, ap\u00f3s ser v\u00edtima de uma not\u00edcia falsa compartilhada nas redes sociais. A hist\u00f3ria \u00e9 contada por sua filha, Yasmin, hoje com 21 anos.<\/p>\n<p>Para hospedar todas as pe\u00e7as da campanha, foi criado o site <a href=\"http:\/\/gov.br\/brasilcontrafake\" target=\"_blank\" rel=\"noopener\">gov.br\/brasilcontrafake<\/a>. Nesse endere\u00e7o, as pessoas encontram respostas para as principais fake news espalhadas sobre a atua\u00e7\u00e3o do Governo Federal, al\u00e9m de dicas de como identificar e denunciar fake news nas redes sociais.<\/p>\n<p>FICHA T\u00c9CNICA:<br \/>\nAg\u00eancia: Nacional Comunica\u00e7\u00e3o<br \/>\nCliente: Secretaria de Comunica\u00e7\u00e3o Social da Presid\u00eancia da Rep\u00fablica<br \/>\nCampanha: Brasil contra Fake<br \/>\nPresidente: Paulo de Tarso<br \/>\nDire\u00e7\u00e3o Geral: Audrey Buglian<br \/>\nVice-Presidente de Planejamento: Rafael Freaza<br \/>\nVice-Presidente de Cria\u00e7\u00e3o: Karina Monique<br \/>\nDiretor de Cria\u00e7\u00e3o: C\u00e9sar Mafra<br \/>\nCria\u00e7\u00e3o: Karina Monique, Pedro Chequer, Gera Oliveira, Saulo Santos, Camillo Robaert<br \/>\nDiretora de Atendimento: Renata Barrionuevo<br \/>\nAtendimento: Renata Barrionuevo, Virginia C\u00e9sar e Akemi Akaoka<br \/>\nDiretora de M\u00eddia: Selma Leal<br \/>\nM\u00eddia: Selma Leal, Alan Sousa, Ricardo Gomes, Roberta Campos, Marizete Marques, Leandro Lomeu e Jonatan Ferreira<br \/>\nProdu\u00e7\u00e3o\/RTV: Andr\u00e9ia Lima e Reinaldo Santiago<br \/>\nDire\u00e7\u00e3o filme: Jonga Oliveira<br \/>\nProdutora: Cine<br \/>\nAprova\u00e7\u00e3o cliente: Mariana Seixas, Emerson Muzi, C\u00e1tia Siqueira, Luiz Eduardo Goulart, Luciana Durans, Fabr\u00edcio Carbonel, Daniele Maldaner e Danyelle Nascimento.<\/p>\n<p><iframe style=\"width: 100%; max-width: 660px; overflow: hidden; background: transparent;\" src=\"https:\/\/embed.podcasts.apple.com\/br\/podcast\/podcast-cidademarketing\/id1371923283\" height=\"450\" frameborder=\"0\" sandbox=\"allow-forms allow-popups allow-same-origin allow-scripts allow-storage-access-by-user-activation allow-top-navigation-by-user-activation\"><\/iframe><\/p>\n","protected":false},"excerpt":{"rendered":"<p>O Governo Federal veicula a campanha Brasil contra Fake, com o objetivo de combater a desinforma\u00e7\u00e3o disseminada nas redes sociais. Com o tema \u201cQuem espalha fake news espalha destrui\u00e7\u00e3o\u201d, a campanha aborda o impacto do problema no dia-a-dia da popula\u00e7\u00e3o. A ideia \u00e9 retratar os mais variados perfis de pessoas para mostrar que estamos todos [&hellip;]<\/p>\n","protected":false},"author":1,"featured_media":44305,"comment_status":"open","ping_status":"open","sticky":false,"template":"","format":"standard","meta":{"tdm_status":"","tdm_grid_status":"","footnotes":""},"categories":[14],"tags":[65,33,298,60,28,66],"class_list":["post-44304","post","type-post","status-publish","format-standard","has-post-thumbnail","hentry","category-videos","tag-campanha","tag-estrategia","tag-fake-news","tag-governo-federal","tag-marketing","tag-propaganda"],"yoast_head":"<!-- This site is optimized with the Yoast SEO plugin v27.5 - https:\/\/yoast.com\/product\/yoast-seo-wordpress\/ -->\n<title>Governo Federal lan\u00e7a campanha contra Fake News - CidadeMarketing<\/title>\n<meta name=\"robots\" content=\"index, follow, max-snippet:-1, max-image-preview:large, max-video-preview:-1\" \/>\n<link rel=\"canonical\" href=\"https:\/\/www.cidademarketing.com.br\/marketing\/2023\/04\/01\/governo-federal-lanca-campanha-contra-fake-news\/\" \/>\n<meta property=\"og:locale\" content=\"pt_BR\" \/>\n<meta property=\"og:type\" content=\"article\" \/>\n<meta property=\"og:title\" content=\"Governo Federal lan\u00e7a campanha contra Fake News - CidadeMarketing\" \/>\n<meta property=\"og:description\" content=\"O Governo Federal veicula a campanha Brasil contra Fake, com o objetivo de combater a desinforma\u00e7\u00e3o disseminada nas redes sociais. Com o tema \u201cQuem espalha fake news espalha destrui\u00e7\u00e3o\u201d, a campanha aborda o impacto do problema no dia-a-dia da popula\u00e7\u00e3o. A ideia \u00e9 retratar os mais variados perfis de pessoas para mostrar que estamos todos [&hellip;]\" \/>\n<meta property=\"og:url\" content=\"https:\/\/www.cidademarketing.com.br\/marketing\/2023\/04\/01\/governo-federal-lanca-campanha-contra-fake-news\/\" \/>\n<meta property=\"og:site_name\" content=\"CidadeMarketing\" \/>\n<meta property=\"article:publisher\" content=\"https:\/\/www.facebook.com\/portalcidademarketing\" \/>\n<meta property=\"article:author\" content=\"https:\/\/www.facebook.com\/thalesbrandao\" \/>\n<meta property=\"article:published_time\" content=\"2023-04-01T22:14:46+00:00\" \/>\n<meta property=\"article:modified_time\" content=\"2023-04-01T22:20:41+00:00\" \/>\n<meta property=\"og:image\" content=\"https:\/\/www.cidademarketing.com.br\/marketing\/wp-content\/uploads\/2023\/04\/fakenews_brasil.jpg\" \/>\n\t<meta property=\"og:image:width\" content=\"1920\" \/>\n\t<meta property=\"og:image:height\" content=\"1080\" \/>\n\t<meta property=\"og:image:type\" content=\"image\/jpeg\" \/>\n<meta name=\"author\" content=\"Thales Brand\u00e3o\" \/>\n<meta name=\"twitter:card\" content=\"summary_large_image\" \/>\n<meta name=\"twitter:creator\" content=\"@http:\/\/www.twitter.com\/thalesbrandao\" \/>\n<meta name=\"twitter:site\" content=\"@CidadeMarketing\" \/>\n<meta name=\"twitter:label1\" content=\"Escrito por\" \/>\n\t<meta name=\"twitter:data1\" content=\"Thales Brand\u00e3o\" \/>\n\t<meta name=\"twitter:label2\" content=\"Est. tempo de leitura\" \/>\n\t<meta name=\"twitter:data2\" content=\"2 minutos\" \/>\n<script type=\"application\/ld+json\" class=\"yoast-schema-graph\">{\"@context\":\"https:\\\/\\\/schema.org\",\"@graph\":[{\"@type\":\"Article\",\"@id\":\"https:\\\/\\\/www.cidademarketing.com.br\\\/marketing\\\/2023\\\/04\\\/01\\\/governo-federal-lanca-campanha-contra-fake-news\\\/#article\",\"isPartOf\":{\"@id\":\"https:\\\/\\\/www.cidademarketing.com.br\\\/marketing\\\/2023\\\/04\\\/01\\\/governo-federal-lanca-campanha-contra-fake-news\\\/\"},\"author\":{\"name\":\"Thales Brand\u00e3o\",\"@id\":\"https:\\\/\\\/www.cidademarketing.com.br\\\/marketing\\\/#\\\/schema\\\/person\\\/02daff9f18bd9378c9e01eb6b2db155f\"},\"headline\":\"Governo Federal lan\u00e7a campanha contra Fake News\",\"datePublished\":\"2023-04-01T22:14:46+00:00\",\"dateModified\":\"2023-04-01T22:20:41+00:00\",\"mainEntityOfPage\":{\"@id\":\"https:\\\/\\\/www.cidademarketing.com.br\\\/marketing\\\/2023\\\/04\\\/01\\\/governo-federal-lanca-campanha-contra-fake-news\\\/\"},\"wordCount\":450,\"commentCount\":0,\"publisher\":{\"@id\":\"https:\\\/\\\/www.cidademarketing.com.br\\\/marketing\\\/#organization\"},\"image\":{\"@id\":\"https:\\\/\\\/www.cidademarketing.com.br\\\/marketing\\\/2023\\\/04\\\/01\\\/governo-federal-lanca-campanha-contra-fake-news\\\/#primaryimage\"},\"thumbnailUrl\":\"https:\\\/\\\/www.cidademarketing.com.br\\\/marketing\\\/wp-content\\\/uploads\\\/2023\\\/04\\\/fakenews_brasil.jpg\",\"keywords\":[\"campanha\",\"estrat\u00e9gia\",\"fake news\",\"Governo Federal\",\"marketing\",\"propaganda\"],\"articleSection\":[\"Videos\"],\"inLanguage\":\"pt-BR\",\"potentialAction\":[{\"@type\":\"CommentAction\",\"name\":\"Comment\",\"target\":[\"https:\\\/\\\/www.cidademarketing.com.br\\\/marketing\\\/2023\\\/04\\\/01\\\/governo-federal-lanca-campanha-contra-fake-news\\\/#respond\"]}]},{\"@type\":\"WebPage\",\"@id\":\"https:\\\/\\\/www.cidademarketing.com.br\\\/marketing\\\/2023\\\/04\\\/01\\\/governo-federal-lanca-campanha-contra-fake-news\\\/\",\"url\":\"https:\\\/\\\/www.cidademarketing.com.br\\\/marketing\\\/2023\\\/04\\\/01\\\/governo-federal-lanca-campanha-contra-fake-news\\\/\",\"name\":\"Governo Federal lan\u00e7a campanha contra Fake News - CidadeMarketing\",\"isPartOf\":{\"@id\":\"https:\\\/\\\/www.cidademarketing.com.br\\\/marketing\\\/#website\"},\"primaryImageOfPage\":{\"@id\":\"https:\\\/\\\/www.cidademarketing.com.br\\\/marketing\\\/2023\\\/04\\\/01\\\/governo-federal-lanca-campanha-contra-fake-news\\\/#primaryimage\"},\"image\":{\"@id\":\"https:\\\/\\\/www.cidademarketing.com.br\\\/marketing\\\/2023\\\/04\\\/01\\\/governo-federal-lanca-campanha-contra-fake-news\\\/#primaryimage\"},\"thumbnailUrl\":\"https:\\\/\\\/www.cidademarketing.com.br\\\/marketing\\\/wp-content\\\/uploads\\\/2023\\\/04\\\/fakenews_brasil.jpg\",\"datePublished\":\"2023-04-01T22:14:46+00:00\",\"dateModified\":\"2023-04-01T22:20:41+00:00\",\"breadcrumb\":{\"@id\":\"https:\\\/\\\/www.cidademarketing.com.br\\\/marketing\\\/2023\\\/04\\\/01\\\/governo-federal-lanca-campanha-contra-fake-news\\\/#breadcrumb\"},\"inLanguage\":\"pt-BR\",\"potentialAction\":[{\"@type\":\"ReadAction\",\"target\":[\"https:\\\/\\\/www.cidademarketing.com.br\\\/marketing\\\/2023\\\/04\\\/01\\\/governo-federal-lanca-campanha-contra-fake-news\\\/\"]}]},{\"@type\":\"ImageObject\",\"inLanguage\":\"pt-BR\",\"@id\":\"https:\\\/\\\/www.cidademarketing.com.br\\\/marketing\\\/2023\\\/04\\\/01\\\/governo-federal-lanca-campanha-contra-fake-news\\\/#primaryimage\",\"url\":\"https:\\\/\\\/www.cidademarketing.com.br\\\/marketing\\\/wp-content\\\/uploads\\\/2023\\\/04\\\/fakenews_brasil.jpg\",\"contentUrl\":\"https:\\\/\\\/www.cidademarketing.com.br\\\/marketing\\\/wp-content\\\/uploads\\\/2023\\\/04\\\/fakenews_brasil.jpg\",\"width\":1920,\"height\":1080},{\"@type\":\"BreadcrumbList\",\"@id\":\"https:\\\/\\\/www.cidademarketing.com.br\\\/marketing\\\/2023\\\/04\\\/01\\\/governo-federal-lanca-campanha-contra-fake-news\\\/#breadcrumb\",\"itemListElement\":[{\"@type\":\"ListItem\",\"position\":1,\"name\":\"In\u00edcio\",\"item\":\"https:\\\/\\\/www.cidademarketing.com.br\\\/marketing\\\/\"},{\"@type\":\"ListItem\",\"position\":2,\"name\":\"Governo Federal lan\u00e7a campanha contra Fake News\"}]},{\"@type\":\"WebSite\",\"@id\":\"https:\\\/\\\/www.cidademarketing.com.br\\\/marketing\\\/#website\",\"url\":\"https:\\\/\\\/www.cidademarketing.com.br\\\/marketing\\\/\",\"name\":\"CidadeMarketing\",\"description\":\"Somos um ve\u00edculo de comunica\u00e7\u00e3o de destaque no Brasil, reconhecido por conte\u00fados nos segmentos de marketing, empreendedorismo e inova\u00e7\u00e3o.\",\"publisher\":{\"@id\":\"https:\\\/\\\/www.cidademarketing.com.br\\\/marketing\\\/#organization\"},\"alternateName\":\"CidadeMarketing\",\"potentialAction\":[{\"@type\":\"SearchAction\",\"target\":{\"@type\":\"EntryPoint\",\"urlTemplate\":\"https:\\\/\\\/www.cidademarketing.com.br\\\/marketing\\\/?s={search_term_string}\"},\"query-input\":{\"@type\":\"PropertyValueSpecification\",\"valueRequired\":true,\"valueName\":\"search_term_string\"}}],\"inLanguage\":\"pt-BR\"},{\"@type\":\"Organization\",\"@id\":\"https:\\\/\\\/www.cidademarketing.com.br\\\/marketing\\\/#organization\",\"name\":\"CidadeMarketing\",\"alternateName\":\"CidadeMarketing\",\"url\":\"https:\\\/\\\/www.cidademarketing.com.br\\\/marketing\\\/\",\"logo\":{\"@type\":\"ImageObject\",\"inLanguage\":\"pt-BR\",\"@id\":\"https:\\\/\\\/www.cidademarketing.com.br\\\/marketing\\\/#\\\/schema\\\/logo\\\/image\\\/\",\"url\":\"https:\\\/\\\/www.cidademarketing.com.br\\\/marketing\\\/wp-content\\\/uploads\\\/2020\\\/01\\\/cidademarketing_marca_mobile.png\",\"contentUrl\":\"https:\\\/\\\/www.cidademarketing.com.br\\\/marketing\\\/wp-content\\\/uploads\\\/2020\\\/01\\\/cidademarketing_marca_mobile.png\",\"width\":230,\"height\":92,\"caption\":\"CidadeMarketing\"},\"image\":{\"@id\":\"https:\\\/\\\/www.cidademarketing.com.br\\\/marketing\\\/#\\\/schema\\\/logo\\\/image\\\/\"},\"sameAs\":[\"https:\\\/\\\/www.facebook.com\\\/portalcidademarketing\",\"https:\\\/\\\/x.com\\\/CidadeMarketing\",\"https:\\\/\\\/www.instagram.com\\\/cidademarketing\\\/\"]},{\"@type\":\"Person\",\"@id\":\"https:\\\/\\\/www.cidademarketing.com.br\\\/marketing\\\/#\\\/schema\\\/person\\\/02daff9f18bd9378c9e01eb6b2db155f\",\"name\":\"Thales Brand\u00e3o\",\"image\":{\"@type\":\"ImageObject\",\"inLanguage\":\"pt-BR\",\"@id\":\"https:\\\/\\\/secure.gravatar.com\\\/avatar\\\/7ca3206950207cc3cb48feec56a8a7898741ab725c368d99d5d7a5a50aab80c6?s=96&d=mm&r=g\",\"url\":\"https:\\\/\\\/secure.gravatar.com\\\/avatar\\\/7ca3206950207cc3cb48feec56a8a7898741ab725c368d99d5d7a5a50aab80c6?s=96&d=mm&r=g\",\"contentUrl\":\"https:\\\/\\\/secure.gravatar.com\\\/avatar\\\/7ca3206950207cc3cb48feec56a8a7898741ab725c368d99d5d7a5a50aab80c6?s=96&d=mm&r=g\",\"caption\":\"Thales Brand\u00e3o\"},\"description\":\"Editor Executivo do Portal CidadeMarketing.com.br &gt; Mestre em Comunica\u00e7\u00e3o e Sociedade pela Universidade Federal de Sergipe. Possui MBA Executivo em Administra\u00e7\u00e3o com \u00eanfase em Marketing pela Funda\u00e7\u00e3o Get\u00falio Vargas - Rio de Janeiro. Consultor, Palestrante e Pesquisador sobre Empreendedorismo, Marketing, Redes Sociais e Neg\u00f3cios Digitais. Professor, Palestrante TedxTalks e Campus Party. Twitter: @ThalesBrandao\",\"sameAs\":[\"http:\\\/\\\/www.mandacaru.com.br\",\"https:\\\/\\\/www.facebook.com\\\/thalesbrandao\",\"http:\\\/\\\/www.instagram.com.br\\\/thalesbrandaoferreira\",\"https:\\\/\\\/www.linkedin.com\\\/in\\\/thales-brand\u00e3o-3948609\\\/\",\"https:\\\/\\\/x.com\\\/http:\\\/\\\/www.twitter.com\\\/thalesbrandao\"],\"url\":\"https:\\\/\\\/www.cidademarketing.com.br\\\/marketing\\\/author\\\/thalesbrandao\\\/\"}]}<\/script>\n<!-- \/ Yoast SEO plugin. -->","yoast_head_json":{"title":"Governo Federal lan\u00e7a campanha contra Fake News - CidadeMarketing","robots":{"index":"index","follow":"follow","max-snippet":"max-snippet:-1","max-image-preview":"max-image-preview:large","max-video-preview":"max-video-preview:-1"},"canonical":"https:\/\/www.cidademarketing.com.br\/marketing\/2023\/04\/01\/governo-federal-lanca-campanha-contra-fake-news\/","og_locale":"pt_BR","og_type":"article","og_title":"Governo Federal lan\u00e7a campanha contra Fake News - CidadeMarketing","og_description":"O Governo Federal veicula a campanha Brasil contra Fake, com o objetivo de combater a desinforma\u00e7\u00e3o disseminada nas redes sociais. Com o tema \u201cQuem espalha fake news espalha destrui\u00e7\u00e3o\u201d, a campanha aborda o impacto do problema no dia-a-dia da popula\u00e7\u00e3o. A ideia \u00e9 retratar os mais variados perfis de pessoas para mostrar que estamos todos [&hellip;]","og_url":"https:\/\/www.cidademarketing.com.br\/marketing\/2023\/04\/01\/governo-federal-lanca-campanha-contra-fake-news\/","og_site_name":"CidadeMarketing","article_publisher":"https:\/\/www.facebook.com\/portalcidademarketing","article_author":"https:\/\/www.facebook.com\/thalesbrandao","article_published_time":"2023-04-01T22:14:46+00:00","article_modified_time":"2023-04-01T22:20:41+00:00","og_image":[{"width":1920,"height":1080,"url":"https:\/\/www.cidademarketing.com.br\/marketing\/wp-content\/uploads\/2023\/04\/fakenews_brasil.jpg","type":"image\/jpeg"}],"author":"Thales Brand\u00e3o","twitter_card":"summary_large_image","twitter_creator":"@http:\/\/www.twitter.com\/thalesbrandao","twitter_site":"@CidadeMarketing","twitter_misc":{"Escrito por":"Thales Brand\u00e3o","Est. tempo de leitura":"2 minutos"},"schema":{"@context":"https:\/\/schema.org","@graph":[{"@type":"Article","@id":"https:\/\/www.cidademarketing.com.br\/marketing\/2023\/04\/01\/governo-federal-lanca-campanha-contra-fake-news\/#article","isPartOf":{"@id":"https:\/\/www.cidademarketing.com.br\/marketing\/2023\/04\/01\/governo-federal-lanca-campanha-contra-fake-news\/"},"author":{"name":"Thales Brand\u00e3o","@id":"https:\/\/www.cidademarketing.com.br\/marketing\/#\/schema\/person\/02daff9f18bd9378c9e01eb6b2db155f"},"headline":"Governo Federal lan\u00e7a campanha contra Fake News","datePublished":"2023-04-01T22:14:46+00:00","dateModified":"2023-04-01T22:20:41+00:00","mainEntityOfPage":{"@id":"https:\/\/www.cidademarketing.com.br\/marketing\/2023\/04\/01\/governo-federal-lanca-campanha-contra-fake-news\/"},"wordCount":450,"commentCount":0,"publisher":{"@id":"https:\/\/www.cidademarketing.com.br\/marketing\/#organization"},"image":{"@id":"https:\/\/www.cidademarketing.com.br\/marketing\/2023\/04\/01\/governo-federal-lanca-campanha-contra-fake-news\/#primaryimage"},"thumbnailUrl":"https:\/\/www.cidademarketing.com.br\/marketing\/wp-content\/uploads\/2023\/04\/fakenews_brasil.jpg","keywords":["campanha","estrat\u00e9gia","fake news","Governo Federal","marketing","propaganda"],"articleSection":["Videos"],"inLanguage":"pt-BR","potentialAction":[{"@type":"CommentAction","name":"Comment","target":["https:\/\/www.cidademarketing.com.br\/marketing\/2023\/04\/01\/governo-federal-lanca-campanha-contra-fake-news\/#respond"]}]},{"@type":"WebPage","@id":"https:\/\/www.cidademarketing.com.br\/marketing\/2023\/04\/01\/governo-federal-lanca-campanha-contra-fake-news\/","url":"https:\/\/www.cidademarketing.com.br\/marketing\/2023\/04\/01\/governo-federal-lanca-campanha-contra-fake-news\/","name":"Governo Federal lan\u00e7a campanha contra Fake News - CidadeMarketing","isPartOf":{"@id":"https:\/\/www.cidademarketing.com.br\/marketing\/#website"},"primaryImageOfPage":{"@id":"https:\/\/www.cidademarketing.com.br\/marketing\/2023\/04\/01\/governo-federal-lanca-campanha-contra-fake-news\/#primaryimage"},"image":{"@id":"https:\/\/www.cidademarketing.com.br\/marketing\/2023\/04\/01\/governo-federal-lanca-campanha-contra-fake-news\/#primaryimage"},"thumbnailUrl":"https:\/\/www.cidademarketing.com.br\/marketing\/wp-content\/uploads\/2023\/04\/fakenews_brasil.jpg","datePublished":"2023-04-01T22:14:46+00:00","dateModified":"2023-04-01T22:20:41+00:00","breadcrumb":{"@id":"https:\/\/www.cidademarketing.com.br\/marketing\/2023\/04\/01\/governo-federal-lanca-campanha-contra-fake-news\/#breadcrumb"},"inLanguage":"pt-BR","potentialAction":[{"@type":"ReadAction","target":["https:\/\/www.cidademarketing.com.br\/marketing\/2023\/04\/01\/governo-federal-lanca-campanha-contra-fake-news\/"]}]},{"@type":"ImageObject","inLanguage":"pt-BR","@id":"https:\/\/www.cidademarketing.com.br\/marketing\/2023\/04\/01\/governo-federal-lanca-campanha-contra-fake-news\/#primaryimage","url":"https:\/\/www.cidademarketing.com.br\/marketing\/wp-content\/uploads\/2023\/04\/fakenews_brasil.jpg","contentUrl":"https:\/\/www.cidademarketing.com.br\/marketing\/wp-content\/uploads\/2023\/04\/fakenews_brasil.jpg","width":1920,"height":1080},{"@type":"BreadcrumbList","@id":"https:\/\/www.cidademarketing.com.br\/marketing\/2023\/04\/01\/governo-federal-lanca-campanha-contra-fake-news\/#breadcrumb","itemListElement":[{"@type":"ListItem","position":1,"name":"In\u00edcio","item":"https:\/\/www.cidademarketing.com.br\/marketing\/"},{"@type":"ListItem","position":2,"name":"Governo Federal lan\u00e7a campanha contra Fake News"}]},{"@type":"WebSite","@id":"https:\/\/www.cidademarketing.com.br\/marketing\/#website","url":"https:\/\/www.cidademarketing.com.br\/marketing\/","name":"CidadeMarketing","description":"Somos um ve\u00edculo de comunica\u00e7\u00e3o de destaque no Brasil, reconhecido por conte\u00fados nos segmentos de marketing, empreendedorismo e inova\u00e7\u00e3o.","publisher":{"@id":"https:\/\/www.cidademarketing.com.br\/marketing\/#organization"},"alternateName":"CidadeMarketing","potentialAction":[{"@type":"SearchAction","target":{"@type":"EntryPoint","urlTemplate":"https:\/\/www.cidademarketing.com.br\/marketing\/?s={search_term_string}"},"query-input":{"@type":"PropertyValueSpecification","valueRequired":true,"valueName":"search_term_string"}}],"inLanguage":"pt-BR"},{"@type":"Organization","@id":"https:\/\/www.cidademarketing.com.br\/marketing\/#organization","name":"CidadeMarketing","alternateName":"CidadeMarketing","url":"https:\/\/www.cidademarketing.com.br\/marketing\/","logo":{"@type":"ImageObject","inLanguage":"pt-BR","@id":"https:\/\/www.cidademarketing.com.br\/marketing\/#\/schema\/logo\/image\/","url":"https:\/\/www.cidademarketing.com.br\/marketing\/wp-content\/uploads\/2020\/01\/cidademarketing_marca_mobile.png","contentUrl":"https:\/\/www.cidademarketing.com.br\/marketing\/wp-content\/uploads\/2020\/01\/cidademarketing_marca_mobile.png","width":230,"height":92,"caption":"CidadeMarketing"},"image":{"@id":"https:\/\/www.cidademarketing.com.br\/marketing\/#\/schema\/logo\/image\/"},"sameAs":["https:\/\/www.facebook.com\/portalcidademarketing","https:\/\/x.com\/CidadeMarketing","https:\/\/www.instagram.com\/cidademarketing\/"]},{"@type":"Person","@id":"https:\/\/www.cidademarketing.com.br\/marketing\/#\/schema\/person\/02daff9f18bd9378c9e01eb6b2db155f","name":"Thales Brand\u00e3o","image":{"@type":"ImageObject","inLanguage":"pt-BR","@id":"https:\/\/secure.gravatar.com\/avatar\/7ca3206950207cc3cb48feec56a8a7898741ab725c368d99d5d7a5a50aab80c6?s=96&d=mm&r=g","url":"https:\/\/secure.gravatar.com\/avatar\/7ca3206950207cc3cb48feec56a8a7898741ab725c368d99d5d7a5a50aab80c6?s=96&d=mm&r=g","contentUrl":"https:\/\/secure.gravatar.com\/avatar\/7ca3206950207cc3cb48feec56a8a7898741ab725c368d99d5d7a5a50aab80c6?s=96&d=mm&r=g","caption":"Thales Brand\u00e3o"},"description":"Editor Executivo do Portal CidadeMarketing.com.br &gt; Mestre em Comunica\u00e7\u00e3o e Sociedade pela Universidade Federal de Sergipe. Possui MBA Executivo em Administra\u00e7\u00e3o com \u00eanfase em Marketing pela Funda\u00e7\u00e3o Get\u00falio Vargas - Rio de Janeiro. Consultor, Palestrante e Pesquisador sobre Empreendedorismo, Marketing, Redes Sociais e Neg\u00f3cios Digitais. Professor, Palestrante TedxTalks e Campus Party. Twitter: @ThalesBrandao","sameAs":["http:\/\/www.mandacaru.com.br","https:\/\/www.facebook.com\/thalesbrandao","http:\/\/www.instagram.com.br\/thalesbrandaoferreira","https:\/\/www.linkedin.com\/in\/thales-brand\u00e3o-3948609\/","https:\/\/x.com\/http:\/\/www.twitter.com\/thalesbrandao"],"url":"https:\/\/www.cidademarketing.com.br\/marketing\/author\/thalesbrandao\/"}]}},"amp_enabled":true,"_links":{"self":[{"href":"https:\/\/www.cidademarketing.com.br\/marketing\/wp-json\/wp\/v2\/posts\/44304","targetHints":{"allow":["GET"]}}],"collection":[{"href":"https:\/\/www.cidademarketing.com.br\/marketing\/wp-json\/wp\/v2\/posts"}],"about":[{"href":"https:\/\/www.cidademarketing.com.br\/marketing\/wp-json\/wp\/v2\/types\/post"}],"author":[{"embeddable":true,"href":"https:\/\/www.cidademarketing.com.br\/marketing\/wp-json\/wp\/v2\/users\/1"}],"replies":[{"embeddable":true,"href":"https:\/\/www.cidademarketing.com.br\/marketing\/wp-json\/wp\/v2\/comments?post=44304"}],"version-history":[{"count":2,"href":"https:\/\/www.cidademarketing.com.br\/marketing\/wp-json\/wp\/v2\/posts\/44304\/revisions"}],"predecessor-version":[{"id":44307,"href":"https:\/\/www.cidademarketing.com.br\/marketing\/wp-json\/wp\/v2\/posts\/44304\/revisions\/44307"}],"wp:featuredmedia":[{"embeddable":true,"href":"https:\/\/www.cidademarketing.com.br\/marketing\/wp-json\/wp\/v2\/media\/44305"}],"wp:attachment":[{"href":"https:\/\/www.cidademarketing.com.br\/marketing\/wp-json\/wp\/v2\/media?parent=44304"}],"wp:term":[{"taxonomy":"category","embeddable":true,"href":"https:\/\/www.cidademarketing.com.br\/marketing\/wp-json\/wp\/v2\/categories?post=44304"},{"taxonomy":"post_tag","embeddable":true,"href":"https:\/\/www.cidademarketing.com.br\/marketing\/wp-json\/wp\/v2\/tags?post=44304"}],"curies":[{"name":"wp","href":"https:\/\/api.w.org\/{rel}","templated":true}]}}