{"id":44262,"date":"2023-03-28T10:23:52","date_gmt":"2023-03-28T13:23:52","guid":{"rendered":"https:\/\/www.cidademarketing.com.br\/marketing\/?p=44262"},"modified":"2023-03-28T10:23:52","modified_gmt":"2023-03-28T13:23:52","slug":"comite-olimpico-do-brasil-escolhe-wmccann-como-sua-parceira-oficial-de-comunicacao","status":"publish","type":"post","link":"https:\/\/www.cidademarketing.com.br\/marketing\/2023\/03\/28\/comite-olimpico-do-brasil-escolhe-wmccann-como-sua-parceira-oficial-de-comunicacao\/","title":{"rendered":"Comit\u00ea Ol\u00edmpico do Brasil escolhe WMcCann como sua parceira oficial de comunica\u00e7\u00e3o"},"content":{"rendered":"<p>O Comit\u00ea Ol\u00edmpico do Brasil (COB) e a WMcCann promoveram nesta segunda, 6, um evento para anunciar a parceria entre a maior autoridade do esporte ol\u00edmpico brasileiro e a ag\u00eancia. O acordo, que segue at\u00e9 o fim do atual ciclo ol\u00edmpico, prev\u00ea, entre outros benef\u00edcios, que os clientes WMcCann tenham prioridade comercial para compra de m\u00eddia, patroc\u00ednio de eventos e de a\u00e7\u00f5es do COB e o direito de uso da marca e de demais assets da organiza\u00e7\u00e3o at\u00e9 Paris 2024. Al\u00e9m disso, a WMcCann desenvolver\u00e1 toda a comunica\u00e7\u00e3o do COB no per\u00edodo.<\/p>\n<p><iframe title=\"Spotify Embed: Podcast CidadeMarketing\" style=\"border-radius: 12px\" width=\"100%\" height=\"152\" frameborder=\"0\" allowfullscreen allow=\"autoplay; clipboard-write; encrypted-media; fullscreen; picture-in-picture\" loading=\"lazy\" src=\"https:\/\/open.spotify.com\/embed\/show\/4khMKzP3FgFRWVwb73xicc?si=252fe5bff2b34909&#038;utm_source=oembed\"><\/iframe><\/p>\n<p>&nbsp;<\/p>\n<p>\u201c\u00c9 um acordo que vai permitir que a WMcCann, com sua expertise e propriedade em trabalhar marcas no territ\u00f3rio do esporte, apresente solu\u00e7\u00f5es para seus clientes dentro do contexto dos jogos ol\u00edmpicos. Estamos trabalhando conjuntamente para desenvolver propostas comerciais customizadas para cada um deles, considerando as oportunidades de cada segmento\u201d, afirma Gustavo Herbetta, diretor de marketing do COB.<\/p>\n<p>No evento, o executivo deu detalhes sobre os Jogos Ol\u00edmpicos em Paris, liderado pelo Comit\u00ea Ol\u00edmpico Internacional, e apresentou as iniciativas relacionadas aos jogos que o COB conduzir\u00e1 regionalmente, como a Casa Brasil, em Paris, e o projeto da primeira fan fest ol\u00edmpica do Pa\u00eds, que acontecer\u00e1 em S\u00e3o Paulo, no Parque Villa-Lobos.<\/p>\n<p>J\u00e1 entre as novas oportunidades de m\u00eddia, o COB anunciou o Caz\u00e9TV como novo parceiro de conte\u00fado. Ap\u00f3s o sucesso da transmiss\u00e3o da mundial de futebol em 2022, o canal do influencer e streamer Casimiro ter\u00e1 uma programa\u00e7\u00e3o dedicada a Paris 2024. Os benef\u00edcios para clientes WMcCann incluem ainda prioridade na compra das cotas de m\u00eddia nas emissoras que det\u00eam os direitos de transmiss\u00e3o de Paris 2024, como a Globo.<\/p>\n<p>Para o presidente da WMcCann, Andr\u00e9 Fran\u00e7a, o evento foi uma oportunidade de mostrar para os principais l\u00edderes de marketing solu\u00e7\u00f5es concretas para marcas se associarem direta e indiretamente ao maior evento esportivo do mundo na edi\u00e7\u00e3o mais diversa da Hist\u00f3ria \u2013 pela primeira vez, haver\u00e1 o mesmo n\u00famero de atletas masculinos e femininos &#8211; e refor\u00e7ar a expertise da ag\u00eancia no territ\u00f3rio esportivo.<br \/>\n\u201cEstamos sempre atentos a oportunidades para potencializar os resultados dos nossos clientes, associando-os a marcas e a eventos que geram valor para seus neg\u00f3cios e para constru\u00e7\u00e3o de marca e reconhecimento dos consumidores. A parceria com o COB tem potencial incr\u00edvel para nossos clientes se posicionarem em um dos territ\u00f3rios mais relevantes e seguros, que \u00e9 o esporte ol\u00edmpico, em um ciclo t\u00e3o especial, que culminar\u00e1 com os aguardados jogos de Paris 2024\u201d, avalia Fran\u00e7a, que acumula experi\u00eancia em eventos esportivos.<\/p>\n<p>Respons\u00e1vel pela parceria, Patricia Andrade, vice-presidente executiva, diretora-geral em Bras\u00edlia e Head of Growth da WMcCann, refor\u00e7a o discurso de Fran\u00e7a. \u201cEstamos muito entusiasmados porque a proposta que levamos aos clientes n\u00e3o \u00e9 apenas de intermedia\u00e7\u00e3o de parceria comercial. Como parceiro oficial de comunica\u00e7\u00e3o do COB, conseguiremos construir com os clientes hist\u00f3rias de marca potentes, alinhadas a todos os valores do olimpismo\u201d.<\/p>\n<p>O evento contou com a participa\u00e7\u00e3o em v\u00eddeo de atletas do COB, com o mascote Ginga, que recepcionou os convidados usando uma camisa da WMcCann, e encerrou com um pocket show com a Torcida Brasil. Ainda neste m\u00eas, a WMcCann lan\u00e7ar\u00e1 a primeira pe\u00e7a publicit\u00e1ria desenvolvida para o COB no atual ciclo ol\u00edmpico. Ser\u00e1 a primeira campanha de m\u00eddia massiva do comit\u00ea.<\/p>\n<p><iframe style=\"width: 100%; max-width: 660px; overflow: hidden; background: transparent;\" src=\"https:\/\/embed.podcasts.apple.com\/br\/podcast\/podcast-cidademarketing\/id1371923283\" height=\"450\" frameborder=\"0\" sandbox=\"allow-forms allow-popups allow-same-origin allow-scripts allow-storage-access-by-user-activation allow-top-navigation-by-user-activation\"><\/iframe><\/p>\n","protected":false},"excerpt":{"rendered":"<p>O Comit\u00ea Ol\u00edmpico do Brasil (COB) e a WMcCann promoveram nesta segunda, 6, um evento para anunciar a parceria entre a maior autoridade do esporte ol\u00edmpico brasileiro e a ag\u00eancia. O acordo, que segue at\u00e9 o fim do atual ciclo ol\u00edmpico, prev\u00ea, entre outros benef\u00edcios, que os clientes WMcCann tenham prioridade comercial para compra de [&hellip;]<\/p>\n","protected":false},"author":1,"featured_media":44263,"comment_status":"open","ping_status":"open","sticky":false,"template":"","format":"standard","meta":{"tdm_status":"","tdm_grid_status":"","footnotes":""},"categories":[6],"tags":[5053,308,786,33,28,1904],"class_list":["post-44262","post","type-post","status-publish","format-standard","has-post-thumbnail","hentry","category-noticias","tag-cob","tag-comunicacao","tag-esporte","tag-estrategia","tag-marketing","tag-wmccann"],"yoast_head":"<!-- This site is optimized with the Yoast SEO plugin v27.5 - https:\/\/yoast.com\/product\/yoast-seo-wordpress\/ -->\n<title>Comit\u00ea Ol\u00edmpico do Brasil escolhe WMcCann como sua parceira oficial de comunica\u00e7\u00e3o - CidadeMarketing<\/title>\n<meta name=\"robots\" content=\"index, follow, max-snippet:-1, max-image-preview:large, max-video-preview:-1\" \/>\n<link rel=\"canonical\" href=\"https:\/\/www.cidademarketing.com.br\/marketing\/2023\/03\/28\/comite-olimpico-do-brasil-escolhe-wmccann-como-sua-parceira-oficial-de-comunicacao\/\" \/>\n<meta property=\"og:locale\" content=\"pt_BR\" \/>\n<meta property=\"og:type\" content=\"article\" \/>\n<meta property=\"og:title\" content=\"Comit\u00ea Ol\u00edmpico do Brasil escolhe WMcCann como sua parceira oficial de comunica\u00e7\u00e3o - CidadeMarketing\" \/>\n<meta property=\"og:description\" content=\"O Comit\u00ea Ol\u00edmpico do Brasil (COB) e a WMcCann promoveram nesta segunda, 6, um evento para anunciar a parceria entre a maior autoridade do esporte ol\u00edmpico brasileiro e a ag\u00eancia. O acordo, que segue at\u00e9 o fim do atual ciclo ol\u00edmpico, prev\u00ea, entre outros benef\u00edcios, que os clientes WMcCann tenham prioridade comercial para compra de [&hellip;]\" \/>\n<meta property=\"og:url\" content=\"https:\/\/www.cidademarketing.com.br\/marketing\/2023\/03\/28\/comite-olimpico-do-brasil-escolhe-wmccann-como-sua-parceira-oficial-de-comunicacao\/\" \/>\n<meta property=\"og:site_name\" content=\"CidadeMarketing\" \/>\n<meta property=\"article:publisher\" content=\"https:\/\/www.facebook.com\/portalcidademarketing\" \/>\n<meta property=\"article:author\" content=\"https:\/\/www.facebook.com\/thalesbrandao\" \/>\n<meta property=\"article:published_time\" content=\"2023-03-28T13:23:52+00:00\" \/>\n<meta property=\"og:image\" content=\"https:\/\/www.cidademarketing.com.br\/marketing\/wp-content\/uploads\/2023\/03\/COB_WMCCANN_28.jpg\" \/>\n\t<meta property=\"og:image:width\" content=\"2110\" \/>\n\t<meta property=\"og:image:height\" content=\"2070\" \/>\n\t<meta property=\"og:image:type\" content=\"image\/jpeg\" \/>\n<meta name=\"author\" content=\"Thales Brand\u00e3o\" \/>\n<meta name=\"twitter:card\" content=\"summary_large_image\" \/>\n<meta name=\"twitter:creator\" content=\"@http:\/\/www.twitter.com\/thalesbrandao\" \/>\n<meta name=\"twitter:site\" content=\"@CidadeMarketing\" \/>\n<meta name=\"twitter:label1\" content=\"Escrito por\" \/>\n\t<meta name=\"twitter:data1\" content=\"Thales Brand\u00e3o\" \/>\n\t<meta name=\"twitter:label2\" content=\"Est. tempo de leitura\" \/>\n\t<meta name=\"twitter:data2\" content=\"3 minutos\" \/>\n<script type=\"application\/ld+json\" class=\"yoast-schema-graph\">{\"@context\":\"https:\\\/\\\/schema.org\",\"@graph\":[{\"@type\":\"Article\",\"@id\":\"https:\\\/\\\/www.cidademarketing.com.br\\\/marketing\\\/2023\\\/03\\\/28\\\/comite-olimpico-do-brasil-escolhe-wmccann-como-sua-parceira-oficial-de-comunicacao\\\/#article\",\"isPartOf\":{\"@id\":\"https:\\\/\\\/www.cidademarketing.com.br\\\/marketing\\\/2023\\\/03\\\/28\\\/comite-olimpico-do-brasil-escolhe-wmccann-como-sua-parceira-oficial-de-comunicacao\\\/\"},\"author\":{\"name\":\"Thales Brand\u00e3o\",\"@id\":\"https:\\\/\\\/www.cidademarketing.com.br\\\/marketing\\\/#\\\/schema\\\/person\\\/02daff9f18bd9378c9e01eb6b2db155f\"},\"headline\":\"Comit\u00ea Ol\u00edmpico do Brasil escolhe WMcCann como sua parceira oficial de comunica\u00e7\u00e3o\",\"datePublished\":\"2023-03-28T13:23:52+00:00\",\"mainEntityOfPage\":{\"@id\":\"https:\\\/\\\/www.cidademarketing.com.br\\\/marketing\\\/2023\\\/03\\\/28\\\/comite-olimpico-do-brasil-escolhe-wmccann-como-sua-parceira-oficial-de-comunicacao\\\/\"},\"wordCount\":624,\"commentCount\":0,\"publisher\":{\"@id\":\"https:\\\/\\\/www.cidademarketing.com.br\\\/marketing\\\/#organization\"},\"image\":{\"@id\":\"https:\\\/\\\/www.cidademarketing.com.br\\\/marketing\\\/2023\\\/03\\\/28\\\/comite-olimpico-do-brasil-escolhe-wmccann-como-sua-parceira-oficial-de-comunicacao\\\/#primaryimage\"},\"thumbnailUrl\":\"https:\\\/\\\/www.cidademarketing.com.br\\\/marketing\\\/wp-content\\\/uploads\\\/2023\\\/03\\\/COB_WMCCANN_28.jpg\",\"keywords\":[\"COB\",\"comunica\u00e7\u00e3o\",\"esporte\",\"estrat\u00e9gia\",\"marketing\",\"WMcCann\"],\"articleSection\":[\"Not\u00edcias\"],\"inLanguage\":\"pt-BR\",\"potentialAction\":[{\"@type\":\"CommentAction\",\"name\":\"Comment\",\"target\":[\"https:\\\/\\\/www.cidademarketing.com.br\\\/marketing\\\/2023\\\/03\\\/28\\\/comite-olimpico-do-brasil-escolhe-wmccann-como-sua-parceira-oficial-de-comunicacao\\\/#respond\"]}]},{\"@type\":\"WebPage\",\"@id\":\"https:\\\/\\\/www.cidademarketing.com.br\\\/marketing\\\/2023\\\/03\\\/28\\\/comite-olimpico-do-brasil-escolhe-wmccann-como-sua-parceira-oficial-de-comunicacao\\\/\",\"url\":\"https:\\\/\\\/www.cidademarketing.com.br\\\/marketing\\\/2023\\\/03\\\/28\\\/comite-olimpico-do-brasil-escolhe-wmccann-como-sua-parceira-oficial-de-comunicacao\\\/\",\"name\":\"Comit\u00ea Ol\u00edmpico do Brasil escolhe WMcCann como sua parceira oficial de comunica\u00e7\u00e3o - CidadeMarketing\",\"isPartOf\":{\"@id\":\"https:\\\/\\\/www.cidademarketing.com.br\\\/marketing\\\/#website\"},\"primaryImageOfPage\":{\"@id\":\"https:\\\/\\\/www.cidademarketing.com.br\\\/marketing\\\/2023\\\/03\\\/28\\\/comite-olimpico-do-brasil-escolhe-wmccann-como-sua-parceira-oficial-de-comunicacao\\\/#primaryimage\"},\"image\":{\"@id\":\"https:\\\/\\\/www.cidademarketing.com.br\\\/marketing\\\/2023\\\/03\\\/28\\\/comite-olimpico-do-brasil-escolhe-wmccann-como-sua-parceira-oficial-de-comunicacao\\\/#primaryimage\"},\"thumbnailUrl\":\"https:\\\/\\\/www.cidademarketing.com.br\\\/marketing\\\/wp-content\\\/uploads\\\/2023\\\/03\\\/COB_WMCCANN_28.jpg\",\"datePublished\":\"2023-03-28T13:23:52+00:00\",\"breadcrumb\":{\"@id\":\"https:\\\/\\\/www.cidademarketing.com.br\\\/marketing\\\/2023\\\/03\\\/28\\\/comite-olimpico-do-brasil-escolhe-wmccann-como-sua-parceira-oficial-de-comunicacao\\\/#breadcrumb\"},\"inLanguage\":\"pt-BR\",\"potentialAction\":[{\"@type\":\"ReadAction\",\"target\":[\"https:\\\/\\\/www.cidademarketing.com.br\\\/marketing\\\/2023\\\/03\\\/28\\\/comite-olimpico-do-brasil-escolhe-wmccann-como-sua-parceira-oficial-de-comunicacao\\\/\"]}]},{\"@type\":\"ImageObject\",\"inLanguage\":\"pt-BR\",\"@id\":\"https:\\\/\\\/www.cidademarketing.com.br\\\/marketing\\\/2023\\\/03\\\/28\\\/comite-olimpico-do-brasil-escolhe-wmccann-como-sua-parceira-oficial-de-comunicacao\\\/#primaryimage\",\"url\":\"https:\\\/\\\/www.cidademarketing.com.br\\\/marketing\\\/wp-content\\\/uploads\\\/2023\\\/03\\\/COB_WMCCANN_28.jpg\",\"contentUrl\":\"https:\\\/\\\/www.cidademarketing.com.br\\\/marketing\\\/wp-content\\\/uploads\\\/2023\\\/03\\\/COB_WMCCANN_28.jpg\",\"width\":2110,\"height\":2070},{\"@type\":\"BreadcrumbList\",\"@id\":\"https:\\\/\\\/www.cidademarketing.com.br\\\/marketing\\\/2023\\\/03\\\/28\\\/comite-olimpico-do-brasil-escolhe-wmccann-como-sua-parceira-oficial-de-comunicacao\\\/#breadcrumb\",\"itemListElement\":[{\"@type\":\"ListItem\",\"position\":1,\"name\":\"In\u00edcio\",\"item\":\"https:\\\/\\\/www.cidademarketing.com.br\\\/marketing\\\/\"},{\"@type\":\"ListItem\",\"position\":2,\"name\":\"Comit\u00ea Ol\u00edmpico do Brasil escolhe WMcCann como sua parceira oficial de comunica\u00e7\u00e3o\"}]},{\"@type\":\"WebSite\",\"@id\":\"https:\\\/\\\/www.cidademarketing.com.br\\\/marketing\\\/#website\",\"url\":\"https:\\\/\\\/www.cidademarketing.com.br\\\/marketing\\\/\",\"name\":\"CidadeMarketing\",\"description\":\"Somos um ve\u00edculo de comunica\u00e7\u00e3o de destaque no Brasil, reconhecido por conte\u00fados nos segmentos de marketing, empreendedorismo e inova\u00e7\u00e3o.\",\"publisher\":{\"@id\":\"https:\\\/\\\/www.cidademarketing.com.br\\\/marketing\\\/#organization\"},\"alternateName\":\"CidadeMarketing\",\"potentialAction\":[{\"@type\":\"SearchAction\",\"target\":{\"@type\":\"EntryPoint\",\"urlTemplate\":\"https:\\\/\\\/www.cidademarketing.com.br\\\/marketing\\\/?s={search_term_string}\"},\"query-input\":{\"@type\":\"PropertyValueSpecification\",\"valueRequired\":true,\"valueName\":\"search_term_string\"}}],\"inLanguage\":\"pt-BR\"},{\"@type\":\"Organization\",\"@id\":\"https:\\\/\\\/www.cidademarketing.com.br\\\/marketing\\\/#organization\",\"name\":\"CidadeMarketing\",\"alternateName\":\"CidadeMarketing\",\"url\":\"https:\\\/\\\/www.cidademarketing.com.br\\\/marketing\\\/\",\"logo\":{\"@type\":\"ImageObject\",\"inLanguage\":\"pt-BR\",\"@id\":\"https:\\\/\\\/www.cidademarketing.com.br\\\/marketing\\\/#\\\/schema\\\/logo\\\/image\\\/\",\"url\":\"https:\\\/\\\/www.cidademarketing.com.br\\\/marketing\\\/wp-content\\\/uploads\\\/2020\\\/01\\\/cidademarketing_marca_mobile.png\",\"contentUrl\":\"https:\\\/\\\/www.cidademarketing.com.br\\\/marketing\\\/wp-content\\\/uploads\\\/2020\\\/01\\\/cidademarketing_marca_mobile.png\",\"width\":230,\"height\":92,\"caption\":\"CidadeMarketing\"},\"image\":{\"@id\":\"https:\\\/\\\/www.cidademarketing.com.br\\\/marketing\\\/#\\\/schema\\\/logo\\\/image\\\/\"},\"sameAs\":[\"https:\\\/\\\/www.facebook.com\\\/portalcidademarketing\",\"https:\\\/\\\/x.com\\\/CidadeMarketing\",\"https:\\\/\\\/www.instagram.com\\\/cidademarketing\\\/\"]},{\"@type\":\"Person\",\"@id\":\"https:\\\/\\\/www.cidademarketing.com.br\\\/marketing\\\/#\\\/schema\\\/person\\\/02daff9f18bd9378c9e01eb6b2db155f\",\"name\":\"Thales Brand\u00e3o\",\"image\":{\"@type\":\"ImageObject\",\"inLanguage\":\"pt-BR\",\"@id\":\"https:\\\/\\\/secure.gravatar.com\\\/avatar\\\/7ca3206950207cc3cb48feec56a8a7898741ab725c368d99d5d7a5a50aab80c6?s=96&d=mm&r=g\",\"url\":\"https:\\\/\\\/secure.gravatar.com\\\/avatar\\\/7ca3206950207cc3cb48feec56a8a7898741ab725c368d99d5d7a5a50aab80c6?s=96&d=mm&r=g\",\"contentUrl\":\"https:\\\/\\\/secure.gravatar.com\\\/avatar\\\/7ca3206950207cc3cb48feec56a8a7898741ab725c368d99d5d7a5a50aab80c6?s=96&d=mm&r=g\",\"caption\":\"Thales Brand\u00e3o\"},\"description\":\"Editor Executivo do Portal CidadeMarketing.com.br &gt; Mestre em Comunica\u00e7\u00e3o e Sociedade pela Universidade Federal de Sergipe. Possui MBA Executivo em Administra\u00e7\u00e3o com \u00eanfase em Marketing pela Funda\u00e7\u00e3o Get\u00falio Vargas - Rio de Janeiro. Consultor, Palestrante e Pesquisador sobre Empreendedorismo, Marketing, Redes Sociais e Neg\u00f3cios Digitais. Professor, Palestrante TedxTalks e Campus Party. Twitter: @ThalesBrandao\",\"sameAs\":[\"http:\\\/\\\/www.mandacaru.com.br\",\"https:\\\/\\\/www.facebook.com\\\/thalesbrandao\",\"http:\\\/\\\/www.instagram.com.br\\\/thalesbrandaoferreira\",\"https:\\\/\\\/www.linkedin.com\\\/in\\\/thales-brand\u00e3o-3948609\\\/\",\"https:\\\/\\\/x.com\\\/http:\\\/\\\/www.twitter.com\\\/thalesbrandao\"],\"url\":\"https:\\\/\\\/www.cidademarketing.com.br\\\/marketing\\\/author\\\/thalesbrandao\\\/\"}]}<\/script>\n<!-- \/ Yoast SEO plugin. -->","yoast_head_json":{"title":"Comit\u00ea Ol\u00edmpico do Brasil escolhe WMcCann como sua parceira oficial de comunica\u00e7\u00e3o - CidadeMarketing","robots":{"index":"index","follow":"follow","max-snippet":"max-snippet:-1","max-image-preview":"max-image-preview:large","max-video-preview":"max-video-preview:-1"},"canonical":"https:\/\/www.cidademarketing.com.br\/marketing\/2023\/03\/28\/comite-olimpico-do-brasil-escolhe-wmccann-como-sua-parceira-oficial-de-comunicacao\/","og_locale":"pt_BR","og_type":"article","og_title":"Comit\u00ea Ol\u00edmpico do Brasil escolhe WMcCann como sua parceira oficial de comunica\u00e7\u00e3o - CidadeMarketing","og_description":"O Comit\u00ea Ol\u00edmpico do Brasil (COB) e a WMcCann promoveram nesta segunda, 6, um evento para anunciar a parceria entre a maior autoridade do esporte ol\u00edmpico brasileiro e a ag\u00eancia. O acordo, que segue at\u00e9 o fim do atual ciclo ol\u00edmpico, prev\u00ea, entre outros benef\u00edcios, que os clientes WMcCann tenham prioridade comercial para compra de [&hellip;]","og_url":"https:\/\/www.cidademarketing.com.br\/marketing\/2023\/03\/28\/comite-olimpico-do-brasil-escolhe-wmccann-como-sua-parceira-oficial-de-comunicacao\/","og_site_name":"CidadeMarketing","article_publisher":"https:\/\/www.facebook.com\/portalcidademarketing","article_author":"https:\/\/www.facebook.com\/thalesbrandao","article_published_time":"2023-03-28T13:23:52+00:00","og_image":[{"width":2110,"height":2070,"url":"https:\/\/www.cidademarketing.com.br\/marketing\/wp-content\/uploads\/2023\/03\/COB_WMCCANN_28.jpg","type":"image\/jpeg"}],"author":"Thales Brand\u00e3o","twitter_card":"summary_large_image","twitter_creator":"@http:\/\/www.twitter.com\/thalesbrandao","twitter_site":"@CidadeMarketing","twitter_misc":{"Escrito por":"Thales Brand\u00e3o","Est. tempo de leitura":"3 minutos"},"schema":{"@context":"https:\/\/schema.org","@graph":[{"@type":"Article","@id":"https:\/\/www.cidademarketing.com.br\/marketing\/2023\/03\/28\/comite-olimpico-do-brasil-escolhe-wmccann-como-sua-parceira-oficial-de-comunicacao\/#article","isPartOf":{"@id":"https:\/\/www.cidademarketing.com.br\/marketing\/2023\/03\/28\/comite-olimpico-do-brasil-escolhe-wmccann-como-sua-parceira-oficial-de-comunicacao\/"},"author":{"name":"Thales Brand\u00e3o","@id":"https:\/\/www.cidademarketing.com.br\/marketing\/#\/schema\/person\/02daff9f18bd9378c9e01eb6b2db155f"},"headline":"Comit\u00ea Ol\u00edmpico do Brasil escolhe WMcCann como sua parceira oficial de comunica\u00e7\u00e3o","datePublished":"2023-03-28T13:23:52+00:00","mainEntityOfPage":{"@id":"https:\/\/www.cidademarketing.com.br\/marketing\/2023\/03\/28\/comite-olimpico-do-brasil-escolhe-wmccann-como-sua-parceira-oficial-de-comunicacao\/"},"wordCount":624,"commentCount":0,"publisher":{"@id":"https:\/\/www.cidademarketing.com.br\/marketing\/#organization"},"image":{"@id":"https:\/\/www.cidademarketing.com.br\/marketing\/2023\/03\/28\/comite-olimpico-do-brasil-escolhe-wmccann-como-sua-parceira-oficial-de-comunicacao\/#primaryimage"},"thumbnailUrl":"https:\/\/www.cidademarketing.com.br\/marketing\/wp-content\/uploads\/2023\/03\/COB_WMCCANN_28.jpg","keywords":["COB","comunica\u00e7\u00e3o","esporte","estrat\u00e9gia","marketing","WMcCann"],"articleSection":["Not\u00edcias"],"inLanguage":"pt-BR","potentialAction":[{"@type":"CommentAction","name":"Comment","target":["https:\/\/www.cidademarketing.com.br\/marketing\/2023\/03\/28\/comite-olimpico-do-brasil-escolhe-wmccann-como-sua-parceira-oficial-de-comunicacao\/#respond"]}]},{"@type":"WebPage","@id":"https:\/\/www.cidademarketing.com.br\/marketing\/2023\/03\/28\/comite-olimpico-do-brasil-escolhe-wmccann-como-sua-parceira-oficial-de-comunicacao\/","url":"https:\/\/www.cidademarketing.com.br\/marketing\/2023\/03\/28\/comite-olimpico-do-brasil-escolhe-wmccann-como-sua-parceira-oficial-de-comunicacao\/","name":"Comit\u00ea Ol\u00edmpico do Brasil escolhe WMcCann como sua parceira oficial de comunica\u00e7\u00e3o - CidadeMarketing","isPartOf":{"@id":"https:\/\/www.cidademarketing.com.br\/marketing\/#website"},"primaryImageOfPage":{"@id":"https:\/\/www.cidademarketing.com.br\/marketing\/2023\/03\/28\/comite-olimpico-do-brasil-escolhe-wmccann-como-sua-parceira-oficial-de-comunicacao\/#primaryimage"},"image":{"@id":"https:\/\/www.cidademarketing.com.br\/marketing\/2023\/03\/28\/comite-olimpico-do-brasil-escolhe-wmccann-como-sua-parceira-oficial-de-comunicacao\/#primaryimage"},"thumbnailUrl":"https:\/\/www.cidademarketing.com.br\/marketing\/wp-content\/uploads\/2023\/03\/COB_WMCCANN_28.jpg","datePublished":"2023-03-28T13:23:52+00:00","breadcrumb":{"@id":"https:\/\/www.cidademarketing.com.br\/marketing\/2023\/03\/28\/comite-olimpico-do-brasil-escolhe-wmccann-como-sua-parceira-oficial-de-comunicacao\/#breadcrumb"},"inLanguage":"pt-BR","potentialAction":[{"@type":"ReadAction","target":["https:\/\/www.cidademarketing.com.br\/marketing\/2023\/03\/28\/comite-olimpico-do-brasil-escolhe-wmccann-como-sua-parceira-oficial-de-comunicacao\/"]}]},{"@type":"ImageObject","inLanguage":"pt-BR","@id":"https:\/\/www.cidademarketing.com.br\/marketing\/2023\/03\/28\/comite-olimpico-do-brasil-escolhe-wmccann-como-sua-parceira-oficial-de-comunicacao\/#primaryimage","url":"https:\/\/www.cidademarketing.com.br\/marketing\/wp-content\/uploads\/2023\/03\/COB_WMCCANN_28.jpg","contentUrl":"https:\/\/www.cidademarketing.com.br\/marketing\/wp-content\/uploads\/2023\/03\/COB_WMCCANN_28.jpg","width":2110,"height":2070},{"@type":"BreadcrumbList","@id":"https:\/\/www.cidademarketing.com.br\/marketing\/2023\/03\/28\/comite-olimpico-do-brasil-escolhe-wmccann-como-sua-parceira-oficial-de-comunicacao\/#breadcrumb","itemListElement":[{"@type":"ListItem","position":1,"name":"In\u00edcio","item":"https:\/\/www.cidademarketing.com.br\/marketing\/"},{"@type":"ListItem","position":2,"name":"Comit\u00ea Ol\u00edmpico do Brasil escolhe WMcCann como sua parceira oficial de comunica\u00e7\u00e3o"}]},{"@type":"WebSite","@id":"https:\/\/www.cidademarketing.com.br\/marketing\/#website","url":"https:\/\/www.cidademarketing.com.br\/marketing\/","name":"CidadeMarketing","description":"Somos um ve\u00edculo de comunica\u00e7\u00e3o de destaque no Brasil, reconhecido por conte\u00fados nos segmentos de marketing, empreendedorismo e inova\u00e7\u00e3o.","publisher":{"@id":"https:\/\/www.cidademarketing.com.br\/marketing\/#organization"},"alternateName":"CidadeMarketing","potentialAction":[{"@type":"SearchAction","target":{"@type":"EntryPoint","urlTemplate":"https:\/\/www.cidademarketing.com.br\/marketing\/?s={search_term_string}"},"query-input":{"@type":"PropertyValueSpecification","valueRequired":true,"valueName":"search_term_string"}}],"inLanguage":"pt-BR"},{"@type":"Organization","@id":"https:\/\/www.cidademarketing.com.br\/marketing\/#organization","name":"CidadeMarketing","alternateName":"CidadeMarketing","url":"https:\/\/www.cidademarketing.com.br\/marketing\/","logo":{"@type":"ImageObject","inLanguage":"pt-BR","@id":"https:\/\/www.cidademarketing.com.br\/marketing\/#\/schema\/logo\/image\/","url":"https:\/\/www.cidademarketing.com.br\/marketing\/wp-content\/uploads\/2020\/01\/cidademarketing_marca_mobile.png","contentUrl":"https:\/\/www.cidademarketing.com.br\/marketing\/wp-content\/uploads\/2020\/01\/cidademarketing_marca_mobile.png","width":230,"height":92,"caption":"CidadeMarketing"},"image":{"@id":"https:\/\/www.cidademarketing.com.br\/marketing\/#\/schema\/logo\/image\/"},"sameAs":["https:\/\/www.facebook.com\/portalcidademarketing","https:\/\/x.com\/CidadeMarketing","https:\/\/www.instagram.com\/cidademarketing\/"]},{"@type":"Person","@id":"https:\/\/www.cidademarketing.com.br\/marketing\/#\/schema\/person\/02daff9f18bd9378c9e01eb6b2db155f","name":"Thales Brand\u00e3o","image":{"@type":"ImageObject","inLanguage":"pt-BR","@id":"https:\/\/secure.gravatar.com\/avatar\/7ca3206950207cc3cb48feec56a8a7898741ab725c368d99d5d7a5a50aab80c6?s=96&d=mm&r=g","url":"https:\/\/secure.gravatar.com\/avatar\/7ca3206950207cc3cb48feec56a8a7898741ab725c368d99d5d7a5a50aab80c6?s=96&d=mm&r=g","contentUrl":"https:\/\/secure.gravatar.com\/avatar\/7ca3206950207cc3cb48feec56a8a7898741ab725c368d99d5d7a5a50aab80c6?s=96&d=mm&r=g","caption":"Thales Brand\u00e3o"},"description":"Editor Executivo do Portal CidadeMarketing.com.br &gt; Mestre em Comunica\u00e7\u00e3o e Sociedade pela Universidade Federal de Sergipe. Possui MBA Executivo em Administra\u00e7\u00e3o com \u00eanfase em Marketing pela Funda\u00e7\u00e3o Get\u00falio Vargas - Rio de Janeiro. Consultor, Palestrante e Pesquisador sobre Empreendedorismo, Marketing, Redes Sociais e Neg\u00f3cios Digitais. Professor, Palestrante TedxTalks e Campus Party. Twitter: @ThalesBrandao","sameAs":["http:\/\/www.mandacaru.com.br","https:\/\/www.facebook.com\/thalesbrandao","http:\/\/www.instagram.com.br\/thalesbrandaoferreira","https:\/\/www.linkedin.com\/in\/thales-brand\u00e3o-3948609\/","https:\/\/x.com\/http:\/\/www.twitter.com\/thalesbrandao"],"url":"https:\/\/www.cidademarketing.com.br\/marketing\/author\/thalesbrandao\/"}]}},"amp_enabled":true,"_links":{"self":[{"href":"https:\/\/www.cidademarketing.com.br\/marketing\/wp-json\/wp\/v2\/posts\/44262","targetHints":{"allow":["GET"]}}],"collection":[{"href":"https:\/\/www.cidademarketing.com.br\/marketing\/wp-json\/wp\/v2\/posts"}],"about":[{"href":"https:\/\/www.cidademarketing.com.br\/marketing\/wp-json\/wp\/v2\/types\/post"}],"author":[{"embeddable":true,"href":"https:\/\/www.cidademarketing.com.br\/marketing\/wp-json\/wp\/v2\/users\/1"}],"replies":[{"embeddable":true,"href":"https:\/\/www.cidademarketing.com.br\/marketing\/wp-json\/wp\/v2\/comments?post=44262"}],"version-history":[{"count":1,"href":"https:\/\/www.cidademarketing.com.br\/marketing\/wp-json\/wp\/v2\/posts\/44262\/revisions"}],"predecessor-version":[{"id":44264,"href":"https:\/\/www.cidademarketing.com.br\/marketing\/wp-json\/wp\/v2\/posts\/44262\/revisions\/44264"}],"wp:featuredmedia":[{"embeddable":true,"href":"https:\/\/www.cidademarketing.com.br\/marketing\/wp-json\/wp\/v2\/media\/44263"}],"wp:attachment":[{"href":"https:\/\/www.cidademarketing.com.br\/marketing\/wp-json\/wp\/v2\/media?parent=44262"}],"wp:term":[{"taxonomy":"category","embeddable":true,"href":"https:\/\/www.cidademarketing.com.br\/marketing\/wp-json\/wp\/v2\/categories?post=44262"},{"taxonomy":"post_tag","embeddable":true,"href":"https:\/\/www.cidademarketing.com.br\/marketing\/wp-json\/wp\/v2\/tags?post=44262"}],"curies":[{"name":"wp","href":"https:\/\/api.w.org\/{rel}","templated":true}]}}