{"id":43966,"date":"2023-03-16T09:25:46","date_gmt":"2023-03-16T12:25:46","guid":{"rendered":"https:\/\/www.cidademarketing.com.br\/marketing\/?p=43966"},"modified":"2023-03-16T09:25:46","modified_gmt":"2023-03-16T12:25:46","slug":"tintas-coral-fecha-collab-inedita-com-a-barbie-e-explora-a-tendencia-barbiecore","status":"publish","type":"post","link":"https:\/\/www.cidademarketing.com.br\/marketing\/2023\/03\/16\/tintas-coral-fecha-collab-inedita-com-a-barbie-e-explora-a-tendencia-barbiecore\/","title":{"rendered":"Tintas Coral fecha collab in\u00e9dita com a Barbie e explora a tend\u00eancia Barbiecore"},"content":{"rendered":"<p>Um show de cores, texturas e refer\u00eancias da cultura pop. Essa \u00e9 a proposta do estande da Tintas Coral com a Barbie na Haus Decor, a mais recente feira de decora\u00e7\u00e3o do mercado, realizada at\u00e9 o dia 17 de mar\u00e7o, simultaneamente \u00e0 Expo Revestir, em S\u00e3o Paulo. O espa\u00e7o ilustra a mais nova parceria da marca e espelha a ousadia do desafio: brincar com a hist\u00f3ria da boneca ic\u00f4nica para refletir a tend\u00eancia Barbiecore e desafiar os consumidores, arquitetos e decoradores a perderem o medo e promoverem uma decora\u00e7\u00e3o mais alegre, ousada e que possa considerar a individualidade de quem mora naquele lar. Sem pasteuriza\u00e7\u00f5es e sem receio de serem singulares.<\/p>\n<p><iframe title=\"Spotify Embed: Podcast CidadeMarketing\" style=\"border-radius: 12px\" width=\"100%\" height=\"152\" frameborder=\"0\" allowfullscreen allow=\"autoplay; clipboard-write; encrypted-media; fullscreen; picture-in-picture\" loading=\"lazy\" src=\"https:\/\/open.spotify.com\/embed\/show\/4khMKzP3FgFRWVwb73xicc?si=252fe5bff2b34909&#038;utm_source=oembed\"><\/iframe><\/p>\n<p>Para cumprir o papel desse desafio, a Tintas Coral est\u00e1 lan\u00e7ando uma cole\u00e7\u00e3o de 14 cores com a Barbie para colorir paredes e tetos de lares reais. \u201cNossa ideia \u00e9 que, assim como a Barbie inspirou tantas crian\u00e7as a serem o que quiserem, possamos inspirar as pessoas a sonharem com uma casa que reflita quem elas s\u00e3o com toda intensidade e alegria que o mundo p\u00f3s-pand\u00eamico merece. Essa n\u00e3o \u00e9 uma cole\u00e7\u00e3o infantil, apesar de poder ser usada nesse sentido. \u00c9 uma cole\u00e7\u00e3o de cores que desafia os adultos a serem mais criativos e \u00fanicos. Os millennials s\u00e3o a primeira gera\u00e7\u00e3o de pessoas saindo das casas dos pais para morarem sozinhas. Isso demanda que, nos novos tempos, as pessoas possam ter uma casa criada para elas mesmas, refletindo a sua individualidade. Por mais que visualmente as cores remetem ao l\u00fadico, com a combina\u00e7\u00e3o certa podemos criar espa\u00e7os cheios de personalidade\u201d, conta Juliana Zaponi, gerente de Comunica\u00e7\u00e3o e Cor da AkzoNobel Latam, fabricante da Tintas Coral.<\/p>\n<p>Ela explica que a cole\u00e7\u00e3o vai ao encontro do novo morar que ganhou for\u00e7a nos \u00faltimos anos, um espa\u00e7o multifuncional e aconchegante que expresse o estilo de seus moradores. \u201cA Coral acredita no poder transformador das cores. A Barbie h\u00e1 mais de 60 anos inspira pessoas a serem o que quiserem. Faz todo o sentido uma paleta da collab Coral e Barbie para criar projetos com a cara do cliente. Todos temos nossa casa dos sonhos e queremos um lar inspirador\u201d, diz Juliana Zaponi.<\/p>\n\r\n                <style type=\"text\/css\">\r\n                    \r\n                    #tdi_1  .td-doubleSlider-2 .td-item1 {\r\n                        background: url(https:\/\/www.cidademarketing.com.br\/marketing\/wp-content\/uploads\/2023\/03\/coral_barbie_collab_06-80x60.jpg) 0 0 no-repeat;\r\n                    }\r\n                    #tdi_1  .td-doubleSlider-2 .td-item2 {\r\n                        background: url(https:\/\/www.cidademarketing.com.br\/marketing\/wp-content\/uploads\/2023\/03\/coral_barbie_collab_05-80x60.jpg) 0 0 no-repeat;\r\n                    }\r\n                    #tdi_1  .td-doubleSlider-2 .td-item3 {\r\n                        background: url(https:\/\/www.cidademarketing.com.br\/marketing\/wp-content\/uploads\/2023\/03\/coral_barbie_collab_04-80x60.jpg) 0 0 no-repeat;\r\n                    }\r\n                    #tdi_1  .td-doubleSlider-2 .td-item4 {\r\n                        background: url(https:\/\/www.cidademarketing.com.br\/marketing\/wp-content\/uploads\/2023\/03\/coral_barbie_collab_03-80x60.jpg) 0 0 no-repeat;\r\n                    }\r\n                    #tdi_1  .td-doubleSlider-2 .td-item5 {\r\n                        background: url(https:\/\/www.cidademarketing.com.br\/marketing\/wp-content\/uploads\/2023\/03\/coral_barbie_collab_02-80x60.jpg) 0 0 no-repeat;\r\n                    }\r\n                    #tdi_1  .td-doubleSlider-2 .td-item6 {\r\n                        background: url(https:\/\/www.cidademarketing.com.br\/marketing\/wp-content\/uploads\/2023\/03\/coral_barbie_collab_01-80x60.jpg) 0 0 no-repeat;\r\n                    }\r\n                <\/style>\r\n\r\n                <div id=\"tdi_1\" class=\"td-gallery td-slide-on-2-columns\">\r\n                    <div class=\"post_td_gallery\">\r\n                        <div class=\"td-gallery-slide-top\">\r\n                           <div class=\"td-gallery-title\"><\/div>\r\n\r\n                            <div class=\"td-gallery-controls-wrapper\">\r\n                                <div class=\"td-gallery-slide-count\"><span class=\"td-gallery-slide-item-focus\">1<\/span> de 6<\/div>\r\n                                <div class=\"td-gallery-slide-prev-next-but\">\r\n                                    <i class = \"td-icon-left doubleSliderPrevButton\"><\/i>\r\n                                    <i class = \"td-icon-right doubleSliderNextButton\"><\/i>\r\n                                <\/div>\r\n                            <\/div>\r\n                        <\/div>\r\n\r\n                        <div class = \"td-doubleSlider-1 \">\r\n                            <div class = \"td-slider\">\r\n                                \r\n                    <div class = \"td-slide-item td-item1\">\r\n                        <figure class=\"td-slide-galery-figure td-slide-popup-gallery\">\r\n                            <a class=\"slide-gallery-image-link\" href=\"https:\/\/www.cidademarketing.com.br\/marketing\/wp-content\/uploads\/2023\/03\/coral_barbie_collab_06-scaled.jpg\" title=\"coral_barbie_collab_06\"  data-caption=\"\"  data-description=\"\">\r\n                                <img decoding=\"async\" src=\"https:\/\/www.cidademarketing.com.br\/marketing\/wp-content\/uploads\/2023\/03\/coral_barbie_collab_06-280x420.jpg\" srcset=\"https:\/\/www.cidademarketing.com.br\/marketing\/wp-content\/uploads\/2023\/03\/coral_barbie_collab_06-280x420.jpg 280w, https:\/\/www.cidademarketing.com.br\/marketing\/wp-content\/uploads\/2023\/03\/coral_barbie_collab_06-200x300.jpg 200w, https:\/\/www.cidademarketing.com.br\/marketing\/wp-content\/uploads\/2023\/03\/coral_barbie_collab_06-683x1024.jpg 683w, https:\/\/www.cidademarketing.com.br\/marketing\/wp-content\/uploads\/2023\/03\/coral_barbie_collab_06-768x1152.jpg 768w, https:\/\/www.cidademarketing.com.br\/marketing\/wp-content\/uploads\/2023\/03\/coral_barbie_collab_06-1024x1536.jpg 1024w, https:\/\/www.cidademarketing.com.br\/marketing\/wp-content\/uploads\/2023\/03\/coral_barbie_collab_06-1365x2048.jpg 1365w, https:\/\/www.cidademarketing.com.br\/marketing\/wp-content\/uploads\/2023\/03\/coral_barbie_collab_06-640x960.jpg 640w, https:\/\/www.cidademarketing.com.br\/marketing\/wp-content\/uploads\/2023\/03\/coral_barbie_collab_06-681x1022.jpg 681w, https:\/\/www.cidademarketing.com.br\/marketing\/wp-content\/uploads\/2023\/03\/coral_barbie_collab_06-scaled.jpg 1707w\" sizes=\"(max-width: 280px) 100vw, 280px\" alt=\"\">\r\n                            <\/a>\r\n                            \r\n                        <\/figure>\r\n                    <\/div>\r\n                    <div class = \"td-slide-item td-item2\">\r\n                        <figure class=\"td-slide-galery-figure td-slide-popup-gallery\">\r\n                            <a class=\"slide-gallery-image-link\" href=\"https:\/\/www.cidademarketing.com.br\/marketing\/wp-content\/uploads\/2023\/03\/coral_barbie_collab_05-scaled.jpg\" title=\"coral_barbie_collab_05\"  data-caption=\"Estande da Coral na Haus Decor\"  data-description=\"\">\r\n                                <img decoding=\"async\" src=\"https:\/\/www.cidademarketing.com.br\/marketing\/wp-content\/uploads\/2023\/03\/coral_barbie_collab_05-630x420.jpg\" srcset=\"https:\/\/www.cidademarketing.com.br\/marketing\/wp-content\/uploads\/2023\/03\/coral_barbie_collab_05-630x420.jpg 630w, https:\/\/www.cidademarketing.com.br\/marketing\/wp-content\/uploads\/2023\/03\/coral_barbie_collab_05-300x200.jpg 300w, https:\/\/www.cidademarketing.com.br\/marketing\/wp-content\/uploads\/2023\/03\/coral_barbie_collab_05-1024x683.jpg 1024w, https:\/\/www.cidademarketing.com.br\/marketing\/wp-content\/uploads\/2023\/03\/coral_barbie_collab_05-768x512.jpg 768w, https:\/\/www.cidademarketing.com.br\/marketing\/wp-content\/uploads\/2023\/03\/coral_barbie_collab_05-1536x1024.jpg 1536w, https:\/\/www.cidademarketing.com.br\/marketing\/wp-content\/uploads\/2023\/03\/coral_barbie_collab_05-2048x1365.jpg 2048w, https:\/\/www.cidademarketing.com.br\/marketing\/wp-content\/uploads\/2023\/03\/coral_barbie_collab_05-640x427.jpg 640w, https:\/\/www.cidademarketing.com.br\/marketing\/wp-content\/uploads\/2023\/03\/coral_barbie_collab_05-681x454.jpg 681w\" sizes=\"(max-width: 630px) 100vw, 630px\" alt=\"\">\r\n                            <\/a>\r\n                            <figcaption class = \"td-slide-caption td-gallery-slide-content\"><div class = \"td-gallery-slide-copywrite\">Estande da Coral na Haus Decor<\/div><\/figcaption>\r\n                        <\/figure>\r\n                    <\/div>\r\n                    <div class = \"td-slide-item td-item3\">\r\n                        <figure class=\"td-slide-galery-figure td-slide-popup-gallery\">\r\n                            <a class=\"slide-gallery-image-link\" href=\"https:\/\/www.cidademarketing.com.br\/marketing\/wp-content\/uploads\/2023\/03\/coral_barbie_collab_04-scaled.jpg\" title=\"coral_barbie_collab_04\"  data-caption=\"Estande apresenta os produtos premium da marca\"  data-description=\"\">\r\n                                <img decoding=\"async\" src=\"https:\/\/www.cidademarketing.com.br\/marketing\/wp-content\/uploads\/2023\/03\/coral_barbie_collab_04-280x420.jpg\" srcset=\"https:\/\/www.cidademarketing.com.br\/marketing\/wp-content\/uploads\/2023\/03\/coral_barbie_collab_04-280x420.jpg 280w, https:\/\/www.cidademarketing.com.br\/marketing\/wp-content\/uploads\/2023\/03\/coral_barbie_collab_04-200x300.jpg 200w, https:\/\/www.cidademarketing.com.br\/marketing\/wp-content\/uploads\/2023\/03\/coral_barbie_collab_04-683x1024.jpg 683w, https:\/\/www.cidademarketing.com.br\/marketing\/wp-content\/uploads\/2023\/03\/coral_barbie_collab_04-768x1152.jpg 768w, https:\/\/www.cidademarketing.com.br\/marketing\/wp-content\/uploads\/2023\/03\/coral_barbie_collab_04-1024x1536.jpg 1024w, https:\/\/www.cidademarketing.com.br\/marketing\/wp-content\/uploads\/2023\/03\/coral_barbie_collab_04-1365x2048.jpg 1365w, https:\/\/www.cidademarketing.com.br\/marketing\/wp-content\/uploads\/2023\/03\/coral_barbie_collab_04-640x960.jpg 640w, https:\/\/www.cidademarketing.com.br\/marketing\/wp-content\/uploads\/2023\/03\/coral_barbie_collab_04-681x1022.jpg 681w, https:\/\/www.cidademarketing.com.br\/marketing\/wp-content\/uploads\/2023\/03\/coral_barbie_collab_04-scaled.jpg 1707w\" sizes=\"(max-width: 280px) 100vw, 280px\" alt=\"\">\r\n                            <\/a>\r\n                            <figcaption class = \"td-slide-caption td-gallery-slide-content\"><div class = \"td-gallery-slide-copywrite\">Estande apresenta os produtos premium da marca<\/div><\/figcaption>\r\n                        <\/figure>\r\n                    <\/div>\r\n                    <div class = \"td-slide-item td-item4\">\r\n                        <figure class=\"td-slide-galery-figure td-slide-popup-gallery\">\r\n                            <a class=\"slide-gallery-image-link\" href=\"https:\/\/www.cidademarketing.com.br\/marketing\/wp-content\/uploads\/2023\/03\/coral_barbie_collab_03-scaled.jpg\" title=\"coral_barbie_collab_03\"  data-caption=\"Coral anuncia collab com a Barbie\"  data-description=\"\">\r\n                                <img decoding=\"async\" src=\"https:\/\/www.cidademarketing.com.br\/marketing\/wp-content\/uploads\/2023\/03\/coral_barbie_collab_03-630x420.jpg\" srcset=\"https:\/\/www.cidademarketing.com.br\/marketing\/wp-content\/uploads\/2023\/03\/coral_barbie_collab_03-630x420.jpg 630w, https:\/\/www.cidademarketing.com.br\/marketing\/wp-content\/uploads\/2023\/03\/coral_barbie_collab_03-300x200.jpg 300w, https:\/\/www.cidademarketing.com.br\/marketing\/wp-content\/uploads\/2023\/03\/coral_barbie_collab_03-1024x683.jpg 1024w, https:\/\/www.cidademarketing.com.br\/marketing\/wp-content\/uploads\/2023\/03\/coral_barbie_collab_03-768x512.jpg 768w, https:\/\/www.cidademarketing.com.br\/marketing\/wp-content\/uploads\/2023\/03\/coral_barbie_collab_03-1536x1024.jpg 1536w, https:\/\/www.cidademarketing.com.br\/marketing\/wp-content\/uploads\/2023\/03\/coral_barbie_collab_03-2048x1365.jpg 2048w, https:\/\/www.cidademarketing.com.br\/marketing\/wp-content\/uploads\/2023\/03\/coral_barbie_collab_03-640x427.jpg 640w, https:\/\/www.cidademarketing.com.br\/marketing\/wp-content\/uploads\/2023\/03\/coral_barbie_collab_03-681x454.jpg 681w\" sizes=\"(max-width: 630px) 100vw, 630px\" alt=\"\">\r\n                            <\/a>\r\n                            <figcaption class = \"td-slide-caption td-gallery-slide-content\"><div class = \"td-gallery-slide-copywrite\">Coral anuncia collab com a Barbie<\/div><\/figcaption>\r\n                        <\/figure>\r\n                    <\/div>\r\n                    <div class = \"td-slide-item td-item5\">\r\n                        <figure class=\"td-slide-galery-figure td-slide-popup-gallery\">\r\n                            <a class=\"slide-gallery-image-link\" href=\"https:\/\/www.cidademarketing.com.br\/marketing\/wp-content\/uploads\/2023\/03\/coral_barbie_collab_02-scaled.jpg\" title=\"coral_barbie_collab_02\"  data-caption=\"Estande da Coral na Haus Decor \u00e9 inspirado no movimento barbiecore\"  data-description=\"\">\r\n                                <img decoding=\"async\" src=\"https:\/\/www.cidademarketing.com.br\/marketing\/wp-content\/uploads\/2023\/03\/coral_barbie_collab_02-630x420.jpg\" srcset=\"https:\/\/www.cidademarketing.com.br\/marketing\/wp-content\/uploads\/2023\/03\/coral_barbie_collab_02-630x420.jpg 630w, https:\/\/www.cidademarketing.com.br\/marketing\/wp-content\/uploads\/2023\/03\/coral_barbie_collab_02-300x200.jpg 300w, https:\/\/www.cidademarketing.com.br\/marketing\/wp-content\/uploads\/2023\/03\/coral_barbie_collab_02-1024x683.jpg 1024w, https:\/\/www.cidademarketing.com.br\/marketing\/wp-content\/uploads\/2023\/03\/coral_barbie_collab_02-768x512.jpg 768w, https:\/\/www.cidademarketing.com.br\/marketing\/wp-content\/uploads\/2023\/03\/coral_barbie_collab_02-1536x1024.jpg 1536w, https:\/\/www.cidademarketing.com.br\/marketing\/wp-content\/uploads\/2023\/03\/coral_barbie_collab_02-2048x1365.jpg 2048w, https:\/\/www.cidademarketing.com.br\/marketing\/wp-content\/uploads\/2023\/03\/coral_barbie_collab_02-640x427.jpg 640w, https:\/\/www.cidademarketing.com.br\/marketing\/wp-content\/uploads\/2023\/03\/coral_barbie_collab_02-681x454.jpg 681w\" sizes=\"(max-width: 630px) 100vw, 630px\" alt=\"\">\r\n                            <\/a>\r\n                            <figcaption class = \"td-slide-caption td-gallery-slide-content\"><div class = \"td-gallery-slide-copywrite\">Estande da Coral na Haus Decor \u00e9 inspirado no movimento barbiecore<\/div><\/figcaption>\r\n                        <\/figure>\r\n                    <\/div>\r\n                    <div class = \"td-slide-item td-item6\">\r\n                        <figure class=\"td-slide-galery-figure td-slide-popup-gallery\">\r\n                            <a class=\"slide-gallery-image-link\" href=\"https:\/\/www.cidademarketing.com.br\/marketing\/wp-content\/uploads\/2023\/03\/coral_barbie_collab_01-scaled.jpg\" title=\"coral_barbie_collab_01\"  data-caption=\"Estande da Coral na Haus Decor \u00e9 inspirado no movimento barbiecore\"  data-description=\"\">\r\n                                <img decoding=\"async\" src=\"https:\/\/www.cidademarketing.com.br\/marketing\/wp-content\/uploads\/2023\/03\/coral_barbie_collab_01-630x420.jpg\" srcset=\"https:\/\/www.cidademarketing.com.br\/marketing\/wp-content\/uploads\/2023\/03\/coral_barbie_collab_01-630x420.jpg 630w, https:\/\/www.cidademarketing.com.br\/marketing\/wp-content\/uploads\/2023\/03\/coral_barbie_collab_01-300x200.jpg 300w, https:\/\/www.cidademarketing.com.br\/marketing\/wp-content\/uploads\/2023\/03\/coral_barbie_collab_01-1024x683.jpg 1024w, https:\/\/www.cidademarketing.com.br\/marketing\/wp-content\/uploads\/2023\/03\/coral_barbie_collab_01-768x512.jpg 768w, https:\/\/www.cidademarketing.com.br\/marketing\/wp-content\/uploads\/2023\/03\/coral_barbie_collab_01-1536x1024.jpg 1536w, https:\/\/www.cidademarketing.com.br\/marketing\/wp-content\/uploads\/2023\/03\/coral_barbie_collab_01-2048x1365.jpg 2048w, https:\/\/www.cidademarketing.com.br\/marketing\/wp-content\/uploads\/2023\/03\/coral_barbie_collab_01-640x427.jpg 640w, https:\/\/www.cidademarketing.com.br\/marketing\/wp-content\/uploads\/2023\/03\/coral_barbie_collab_01-681x454.jpg 681w\" sizes=\"(max-width: 630px) 100vw, 630px\" alt=\"\">\r\n                            <\/a>\r\n                            <figcaption class = \"td-slide-caption td-gallery-slide-content\"><div class = \"td-gallery-slide-copywrite\">Estande da Coral na Haus Decor \u00e9 inspirado no movimento barbiecore<\/div><\/figcaption>\r\n                        <\/figure>\r\n                    <\/div>\r\n                            <\/div>\r\n                        <\/div>\r\n\r\n                        <div class = \"td-doubleSlider-2\">\r\n                            <div class = \"td-slider\">\r\n                                \r\n                    <div class = \"td-button td-item1\">\r\n                        <div class = \"td-border\"><\/div>\r\n                    <\/div>\r\n                    <div class = \"td-button td-item2\">\r\n                        <div class = \"td-border\"><\/div>\r\n                    <\/div>\r\n                    <div class = \"td-button td-item3\">\r\n                        <div class = \"td-border\"><\/div>\r\n                    <\/div>\r\n                    <div class = \"td-button td-item4\">\r\n                        <div class = \"td-border\"><\/div>\r\n                    <\/div>\r\n                    <div class = \"td-button td-item5\">\r\n                        <div class = \"td-border\"><\/div>\r\n                    <\/div>\r\n                    <div class = \"td-button td-item6\">\r\n                        <div class = \"td-border\"><\/div>\r\n                    <\/div>\r\n                            <\/div>\r\n                        <\/div>\r\n\r\n                    <\/div>\r\n\r\n                <\/div>\r\n                \n<p>A nova paleta da Coral apresenta as esperadas nuances de rosa, ao lado de outras cores para um ambiente divertido e inspirador. Est\u00e3o entre elas o pink \u201cPasso de Dan\u00e7arina\u201d, o amarelo \u201cFuturista\u201d e o azul \u201cMergulho Refrescante\u201d. Completam a cole\u00e7\u00e3o os tons: \u201c\u00cdris do Mar Rosa\u201d, \u201cMalva Rosada\u201d, \u201cRosa Valentim\u201d, \u201cVerde Riacho\u201d, \u201cBeleza do Caribe\u201d, \u201cOlhar Encantador\u201d, \u201cF\u00e1bula Encantada\u201d, \u201cRoxo Pal\u00e1cio\u201d, \u201cPirulito de Lim\u00e3o\u201d, \u201cEnergia Vital\u201d e \u201cSalto Campe\u00e3o\u201d. O lan\u00e7amento est\u00e1 previsto para junho e estar\u00e1 dispon\u00edvel nas lojas especializadas.<\/p>\n<p>Tend\u00eancia Barbiecore \u2013 H\u00e1 d\u00e9cadas a Barbie dita tend\u00eancia e se molda aos tempos. Com diversas profiss\u00f5es \u2013 cerca de 200 carreiras, incluindo arquiteta, bombeira, astronauta e candidata \u00e0 presid\u00eancia dos Estados Unidos, enquanto era vestida por mais de 50 estilistas, como Oscar de La Renta, Chanel e Vera Wang \u2013, nunca deixou de lado sua identidade poderosa e inconfund\u00edvel. Desde os desfiles de moda da temporada de inverno do ano passado, que trouxeram de volta o pink caracter\u00edstico das roupas e acess\u00f3rios da boneca que j\u00e1 haviam ecoado no passado, o Barbiecore tomou n\u00e3o somente o mundo fashion, mas tamb\u00e9m a decora\u00e7\u00e3o. \u00c9 tend\u00eancia que segue em 2023 como uma nova forma de express\u00e3o, com muita personalidade e alegria e que pode ser vista no estande da Coral na Haus Decor. Com altas doses de escapismo e surrealismo, o espa\u00e7o mostra que o Barbiecore \u00e9 um jeito bem descontra\u00eddo de auto express\u00e3o, e, em leves pitadas inspiradoras, pode transportar esse estilo colorido, radiante e inclusivo da Barbie sonhadora e realizada.<\/p>\n<p>Divertido, alegre e cor de rosa, o movimento Barbiecore \u00e9 uma declara\u00e7\u00e3o sobre os novos tempos. Um grito de liberdade sobre os \u00e2nimos do mundo p\u00f3s-pandemia, que reverbera e convida a viver dias melhores e mais coloridos. Mais do que um banho de rosa choque, \u00e9 coragem, inclus\u00e3o e feminilidade, mas tamb\u00e9m \u00e9 repleto de personalidade, empatia, modernidade e sofistica\u00e7\u00e3o. \u201cO que a Coral prop\u00f5e com essa collab \u00e9 um movimento de despasteuriza\u00e7\u00e3o da decora\u00e7\u00e3o, desafiando as pessoas a usarem mais cores, personalizarem suas casas. Hoje vemos o quanto uma decora\u00e7\u00e3o afetiva, com objetos que tenham significado para os moradores, \u00e9 um diferencial. E as cores ajudam nessa identifica\u00e7\u00e3o. Mas \u00e9 preciso usar rosa, as cores da Barbie? N\u00e3o necessariamente. A nossa provoca\u00e7\u00e3o \u00e9 para que as pessoas saiam do status quo em rela\u00e7\u00e3o \u00e0s cores. E, nesse sentido, a Coral, h\u00e1 anos, vem sendo a parceira para essa transforma\u00e7\u00e3o da casa\u201d, explica Priscila Perez, especialista em Cores da AkzoNobel para Tintas Decorativas na Am\u00e9rica do Sul.<\/p>\n<p>Quem tamb\u00e9m embarcou o mood l\u00fadico com muita personalidade e explos\u00e3o de cores da proposta do estande foram os Decornautas. \u201cSempre interpretamos a Coral como (cor)munica\u00e7\u00e3o. N\u00f3s nos expressamos naturalmente por meio das cores e o label \u00e9 o nosso parceiro exclusivo no segmento\u201d, comenta Andr\u00e9 Rodrigues.<br \/>\nJornalistas, publishers e diretores criativos, Allex Colontonio e Andr\u00e9 Rodrigues fizeram a curadoria dos m\u00f3veis assinados para o espa\u00e7o, trazendo jovens designers para interpretar a cartela de cores da Barbie by Coral. Alguns m\u00f3veis foram desenvolvidos em vers\u00f5es customizadas especialmente para o espa\u00e7o. A convite da dupla, os talentosos Jefferson Branco, Victor Vasconcellos e Leonardo Zanatta trabalharam, cada qual ao seu modo, na aplica\u00e7\u00e3o da paleta de ros\u00e1ceos em mobili\u00e1rios \u2013 e adoraram!<\/p>\n<p>A dupla tamb\u00e9m trouxe um tempero vintage ao estande, com um banco Toy assinado pelo celebrado Jayme Bernardo, uma colabora\u00e7\u00e3o em match com a proposta on\u00edrica do projeto original do estande \u2013 e, ao mesmo tempo, com o estilo Barbiecore. Al\u00e9m disso, uma cortina met\u00e1lica reproduzindo as antigas divis\u00f5es das casas populares brasileiras do interior atualiza a mem\u00f3ria afetiva. E como um toque high design n\u00e3o poderia faltar, os curadores indicaram desde poltronas seriadas de Jader Almeida at\u00e9 lumin\u00e1rias italianas consagradas.<\/p>\n<p>Coral na Haus Decor \u2013 No estande da Tintas Coral na Haus Decor, um espa\u00e7o instagram\u00e1vel explicar\u00e1 aos visitantes o movimento Barbiecore que resultou na parceria com a Barbie. Uma \u201cloja de brinquedos\u201d apresentar\u00e1 aos profissionais, de uma forma l\u00fadica, as principais ferramentas de cores da marca, como o estudo anual de tend\u00eancia de cores e comportamento ColourFutures, o leque de cores com 2.079 tons, a ferramenta digital Color Sensor para auxiliar na busca de tonalidades, e o Teste F\u00e1cil, uma amostra de tinta de verdade para facilitar a escolha da cor na hora de especificar e comprar produtos. Tudo isso, claro, entremeado pelas famosas bonecas.<br \/>\nO estande tamb\u00e9m tem espa\u00e7o para a exposi\u00e7\u00e3o de produtos premium. S\u00e3o eles: Decora Matte, Decora Efeito Cimento Queimado, Coral Super Lav\u00e1vel, Renova Lousa, Coral Prote\u00e7\u00e3o Sol &amp; Chuva, Coralit e Sparlack Cetol.<\/p>\n<p>O local conta ainda com espa\u00e7o para um caf\u00e9, um palco para as palestras e encontros di\u00e1rios, e uma sala para apresenta\u00e7\u00e3o do Coral Matiz, o programa de relacionamento da Coral com arquitetos, designers de interiores e paisagistas. E se este ano, com a tem\u00e1tica do estande t\u00e3o ligada \u00e0 cor e ao universo feminino, a marca n\u00e3o poderia deixar de reservar um espa\u00e7o para apresentar seus programas sociais: o Movimento Tudo de Cor renova espa\u00e7os p\u00fablicos e comunidades em todo o Brasil; o Coral Mulheres na Cor capacita mulheres em situa\u00e7\u00e3o de vulnerabilidade como pintoras profissionais.<\/p>\n<p><iframe style=\"width: 100%; max-width: 660px; overflow: hidden; background: transparent;\" src=\"https:\/\/embed.podcasts.apple.com\/br\/podcast\/podcast-cidademarketing\/id1371923283\" height=\"450\" frameborder=\"0\" sandbox=\"allow-forms allow-popups allow-same-origin allow-scripts allow-storage-access-by-user-activation allow-top-navigation-by-user-activation\"><\/iframe><\/p>\n","protected":false},"excerpt":{"rendered":"<p>Um show de cores, texturas e refer\u00eancias da cultura pop. Essa \u00e9 a proposta do estande da Tintas Coral com a Barbie na Haus Decor, a mais recente feira de decora\u00e7\u00e3o do mercado, realizada at\u00e9 o dia 17 de mar\u00e7o, simultaneamente \u00e0 Expo Revestir, em S\u00e3o Paulo. O espa\u00e7o ilustra a mais nova parceria da [&hellip;]<\/p>\n","protected":false},"author":1,"featured_media":43967,"comment_status":"open","ping_status":"open","sticky":false,"template":"","format":"standard","meta":{"tdm_status":"","tdm_grid_status":"","footnotes":""},"categories":[6],"tags":[3475,1218,65,4514,3717,33,805,235,5931],"class_list":["post-43966","post","type-post","status-publish","format-standard","has-post-thumbnail","hentry","category-noticias","tag-arquitetura","tag-barbie","tag-campanha","tag-collab","tag-coral","tag-estrategia","tag-experiencia","tag-parceria","tag-tintas-coral"],"yoast_head":"<!-- This site is optimized with the Yoast SEO plugin v27.5 - https:\/\/yoast.com\/product\/yoast-seo-wordpress\/ -->\n<title>Tintas Coral fecha collab in\u00e9dita com a Barbie e explora a tend\u00eancia Barbiecore - CidadeMarketing<\/title>\n<meta name=\"robots\" content=\"index, follow, max-snippet:-1, max-image-preview:large, max-video-preview:-1\" \/>\n<link rel=\"canonical\" href=\"https:\/\/www.cidademarketing.com.br\/marketing\/2023\/03\/16\/tintas-coral-fecha-collab-inedita-com-a-barbie-e-explora-a-tendencia-barbiecore\/\" \/>\n<meta property=\"og:locale\" content=\"pt_BR\" \/>\n<meta property=\"og:type\" content=\"article\" \/>\n<meta property=\"og:title\" content=\"Tintas Coral fecha collab in\u00e9dita com a Barbie e explora a tend\u00eancia Barbiecore - CidadeMarketing\" \/>\n<meta property=\"og:description\" content=\"Um show de cores, texturas e refer\u00eancias da cultura pop. Essa \u00e9 a proposta do estande da Tintas Coral com a Barbie na Haus Decor, a mais recente feira de decora\u00e7\u00e3o do mercado, realizada at\u00e9 o dia 17 de mar\u00e7o, simultaneamente \u00e0 Expo Revestir, em S\u00e3o Paulo. O espa\u00e7o ilustra a mais nova parceria da [&hellip;]\" \/>\n<meta property=\"og:url\" content=\"https:\/\/www.cidademarketing.com.br\/marketing\/2023\/03\/16\/tintas-coral-fecha-collab-inedita-com-a-barbie-e-explora-a-tendencia-barbiecore\/\" \/>\n<meta property=\"og:site_name\" content=\"CidadeMarketing\" \/>\n<meta property=\"article:publisher\" content=\"https:\/\/www.facebook.com\/portalcidademarketing\" \/>\n<meta property=\"article:author\" content=\"https:\/\/www.facebook.com\/thalesbrandao\" \/>\n<meta property=\"article:published_time\" content=\"2023-03-16T12:25:46+00:00\" \/>\n<meta property=\"og:image\" content=\"https:\/\/www.cidademarketing.com.br\/marketing\/wp-content\/uploads\/2023\/03\/coral_barbie_collab_01-scaled.jpg\" \/>\n\t<meta property=\"og:image:width\" content=\"2560\" \/>\n\t<meta property=\"og:image:height\" content=\"1707\" \/>\n\t<meta property=\"og:image:type\" content=\"image\/jpeg\" \/>\n<meta name=\"author\" content=\"Thales Brand\u00e3o\" \/>\n<meta name=\"twitter:card\" content=\"summary_large_image\" \/>\n<meta name=\"twitter:creator\" content=\"@http:\/\/www.twitter.com\/thalesbrandao\" \/>\n<meta name=\"twitter:site\" content=\"@CidadeMarketing\" \/>\n<meta name=\"twitter:label1\" content=\"Escrito por\" \/>\n\t<meta name=\"twitter:data1\" content=\"Thales Brand\u00e3o\" \/>\n\t<meta name=\"twitter:label2\" content=\"Est. tempo de leitura\" \/>\n\t<meta name=\"twitter:data2\" content=\"7 minutos\" \/>\n<script type=\"application\/ld+json\" class=\"yoast-schema-graph\">{\"@context\":\"https:\\\/\\\/schema.org\",\"@graph\":[{\"@type\":\"Article\",\"@id\":\"https:\\\/\\\/www.cidademarketing.com.br\\\/marketing\\\/2023\\\/03\\\/16\\\/tintas-coral-fecha-collab-inedita-com-a-barbie-e-explora-a-tendencia-barbiecore\\\/#article\",\"isPartOf\":{\"@id\":\"https:\\\/\\\/www.cidademarketing.com.br\\\/marketing\\\/2023\\\/03\\\/16\\\/tintas-coral-fecha-collab-inedita-com-a-barbie-e-explora-a-tendencia-barbiecore\\\/\"},\"author\":{\"name\":\"Thales Brand\u00e3o\",\"@id\":\"https:\\\/\\\/www.cidademarketing.com.br\\\/marketing\\\/#\\\/schema\\\/person\\\/02daff9f18bd9378c9e01eb6b2db155f\"},\"headline\":\"Tintas Coral fecha collab in\u00e9dita com a Barbie e explora a tend\u00eancia Barbiecore\",\"datePublished\":\"2023-03-16T12:25:46+00:00\",\"mainEntityOfPage\":{\"@id\":\"https:\\\/\\\/www.cidademarketing.com.br\\\/marketing\\\/2023\\\/03\\\/16\\\/tintas-coral-fecha-collab-inedita-com-a-barbie-e-explora-a-tendencia-barbiecore\\\/\"},\"wordCount\":1335,\"commentCount\":0,\"publisher\":{\"@id\":\"https:\\\/\\\/www.cidademarketing.com.br\\\/marketing\\\/#organization\"},\"image\":{\"@id\":\"https:\\\/\\\/www.cidademarketing.com.br\\\/marketing\\\/2023\\\/03\\\/16\\\/tintas-coral-fecha-collab-inedita-com-a-barbie-e-explora-a-tendencia-barbiecore\\\/#primaryimage\"},\"thumbnailUrl\":\"https:\\\/\\\/www.cidademarketing.com.br\\\/marketing\\\/wp-content\\\/uploads\\\/2023\\\/03\\\/coral_barbie_collab_01-scaled.jpg\",\"keywords\":[\"arquitetura\",\"Barbie\",\"campanha\",\"collab\",\"Coral\",\"estrat\u00e9gia\",\"experi\u00eancia\",\"parceria\",\"Tintas Coral\"],\"articleSection\":[\"Not\u00edcias\"],\"inLanguage\":\"pt-BR\",\"potentialAction\":[{\"@type\":\"CommentAction\",\"name\":\"Comment\",\"target\":[\"https:\\\/\\\/www.cidademarketing.com.br\\\/marketing\\\/2023\\\/03\\\/16\\\/tintas-coral-fecha-collab-inedita-com-a-barbie-e-explora-a-tendencia-barbiecore\\\/#respond\"]}]},{\"@type\":\"WebPage\",\"@id\":\"https:\\\/\\\/www.cidademarketing.com.br\\\/marketing\\\/2023\\\/03\\\/16\\\/tintas-coral-fecha-collab-inedita-com-a-barbie-e-explora-a-tendencia-barbiecore\\\/\",\"url\":\"https:\\\/\\\/www.cidademarketing.com.br\\\/marketing\\\/2023\\\/03\\\/16\\\/tintas-coral-fecha-collab-inedita-com-a-barbie-e-explora-a-tendencia-barbiecore\\\/\",\"name\":\"Tintas Coral fecha collab in\u00e9dita com a Barbie e explora a tend\u00eancia Barbiecore - CidadeMarketing\",\"isPartOf\":{\"@id\":\"https:\\\/\\\/www.cidademarketing.com.br\\\/marketing\\\/#website\"},\"primaryImageOfPage\":{\"@id\":\"https:\\\/\\\/www.cidademarketing.com.br\\\/marketing\\\/2023\\\/03\\\/16\\\/tintas-coral-fecha-collab-inedita-com-a-barbie-e-explora-a-tendencia-barbiecore\\\/#primaryimage\"},\"image\":{\"@id\":\"https:\\\/\\\/www.cidademarketing.com.br\\\/marketing\\\/2023\\\/03\\\/16\\\/tintas-coral-fecha-collab-inedita-com-a-barbie-e-explora-a-tendencia-barbiecore\\\/#primaryimage\"},\"thumbnailUrl\":\"https:\\\/\\\/www.cidademarketing.com.br\\\/marketing\\\/wp-content\\\/uploads\\\/2023\\\/03\\\/coral_barbie_collab_01-scaled.jpg\",\"datePublished\":\"2023-03-16T12:25:46+00:00\",\"breadcrumb\":{\"@id\":\"https:\\\/\\\/www.cidademarketing.com.br\\\/marketing\\\/2023\\\/03\\\/16\\\/tintas-coral-fecha-collab-inedita-com-a-barbie-e-explora-a-tendencia-barbiecore\\\/#breadcrumb\"},\"inLanguage\":\"pt-BR\",\"potentialAction\":[{\"@type\":\"ReadAction\",\"target\":[\"https:\\\/\\\/www.cidademarketing.com.br\\\/marketing\\\/2023\\\/03\\\/16\\\/tintas-coral-fecha-collab-inedita-com-a-barbie-e-explora-a-tendencia-barbiecore\\\/\"]}]},{\"@type\":\"ImageObject\",\"inLanguage\":\"pt-BR\",\"@id\":\"https:\\\/\\\/www.cidademarketing.com.br\\\/marketing\\\/2023\\\/03\\\/16\\\/tintas-coral-fecha-collab-inedita-com-a-barbie-e-explora-a-tendencia-barbiecore\\\/#primaryimage\",\"url\":\"https:\\\/\\\/www.cidademarketing.com.br\\\/marketing\\\/wp-content\\\/uploads\\\/2023\\\/03\\\/coral_barbie_collab_01-scaled.jpg\",\"contentUrl\":\"https:\\\/\\\/www.cidademarketing.com.br\\\/marketing\\\/wp-content\\\/uploads\\\/2023\\\/03\\\/coral_barbie_collab_01-scaled.jpg\",\"width\":2560,\"height\":1707,\"caption\":\"Estande da Coral na Haus Decor \u00e9 inspirado no movimento barbiecore\"},{\"@type\":\"BreadcrumbList\",\"@id\":\"https:\\\/\\\/www.cidademarketing.com.br\\\/marketing\\\/2023\\\/03\\\/16\\\/tintas-coral-fecha-collab-inedita-com-a-barbie-e-explora-a-tendencia-barbiecore\\\/#breadcrumb\",\"itemListElement\":[{\"@type\":\"ListItem\",\"position\":1,\"name\":\"In\u00edcio\",\"item\":\"https:\\\/\\\/www.cidademarketing.com.br\\\/marketing\\\/\"},{\"@type\":\"ListItem\",\"position\":2,\"name\":\"Tintas Coral fecha collab in\u00e9dita com a Barbie e explora a tend\u00eancia Barbiecore\"}]},{\"@type\":\"WebSite\",\"@id\":\"https:\\\/\\\/www.cidademarketing.com.br\\\/marketing\\\/#website\",\"url\":\"https:\\\/\\\/www.cidademarketing.com.br\\\/marketing\\\/\",\"name\":\"CidadeMarketing\",\"description\":\"Somos um ve\u00edculo de comunica\u00e7\u00e3o de destaque no Brasil, reconhecido por conte\u00fados nos segmentos de marketing, empreendedorismo e inova\u00e7\u00e3o.\",\"publisher\":{\"@id\":\"https:\\\/\\\/www.cidademarketing.com.br\\\/marketing\\\/#organization\"},\"alternateName\":\"CidadeMarketing\",\"potentialAction\":[{\"@type\":\"SearchAction\",\"target\":{\"@type\":\"EntryPoint\",\"urlTemplate\":\"https:\\\/\\\/www.cidademarketing.com.br\\\/marketing\\\/?s={search_term_string}\"},\"query-input\":{\"@type\":\"PropertyValueSpecification\",\"valueRequired\":true,\"valueName\":\"search_term_string\"}}],\"inLanguage\":\"pt-BR\"},{\"@type\":\"Organization\",\"@id\":\"https:\\\/\\\/www.cidademarketing.com.br\\\/marketing\\\/#organization\",\"name\":\"CidadeMarketing\",\"alternateName\":\"CidadeMarketing\",\"url\":\"https:\\\/\\\/www.cidademarketing.com.br\\\/marketing\\\/\",\"logo\":{\"@type\":\"ImageObject\",\"inLanguage\":\"pt-BR\",\"@id\":\"https:\\\/\\\/www.cidademarketing.com.br\\\/marketing\\\/#\\\/schema\\\/logo\\\/image\\\/\",\"url\":\"https:\\\/\\\/www.cidademarketing.com.br\\\/marketing\\\/wp-content\\\/uploads\\\/2020\\\/01\\\/cidademarketing_marca_mobile.png\",\"contentUrl\":\"https:\\\/\\\/www.cidademarketing.com.br\\\/marketing\\\/wp-content\\\/uploads\\\/2020\\\/01\\\/cidademarketing_marca_mobile.png\",\"width\":230,\"height\":92,\"caption\":\"CidadeMarketing\"},\"image\":{\"@id\":\"https:\\\/\\\/www.cidademarketing.com.br\\\/marketing\\\/#\\\/schema\\\/logo\\\/image\\\/\"},\"sameAs\":[\"https:\\\/\\\/www.facebook.com\\\/portalcidademarketing\",\"https:\\\/\\\/x.com\\\/CidadeMarketing\",\"https:\\\/\\\/www.instagram.com\\\/cidademarketing\\\/\"]},{\"@type\":\"Person\",\"@id\":\"https:\\\/\\\/www.cidademarketing.com.br\\\/marketing\\\/#\\\/schema\\\/person\\\/02daff9f18bd9378c9e01eb6b2db155f\",\"name\":\"Thales Brand\u00e3o\",\"image\":{\"@type\":\"ImageObject\",\"inLanguage\":\"pt-BR\",\"@id\":\"https:\\\/\\\/secure.gravatar.com\\\/avatar\\\/7ca3206950207cc3cb48feec56a8a7898741ab725c368d99d5d7a5a50aab80c6?s=96&d=mm&r=g\",\"url\":\"https:\\\/\\\/secure.gravatar.com\\\/avatar\\\/7ca3206950207cc3cb48feec56a8a7898741ab725c368d99d5d7a5a50aab80c6?s=96&d=mm&r=g\",\"contentUrl\":\"https:\\\/\\\/secure.gravatar.com\\\/avatar\\\/7ca3206950207cc3cb48feec56a8a7898741ab725c368d99d5d7a5a50aab80c6?s=96&d=mm&r=g\",\"caption\":\"Thales Brand\u00e3o\"},\"description\":\"Editor Executivo do Portal CidadeMarketing.com.br &gt; Mestre em Comunica\u00e7\u00e3o e Sociedade pela Universidade Federal de Sergipe. Possui MBA Executivo em Administra\u00e7\u00e3o com \u00eanfase em Marketing pela Funda\u00e7\u00e3o Get\u00falio Vargas - Rio de Janeiro. Consultor, Palestrante e Pesquisador sobre Empreendedorismo, Marketing, Redes Sociais e Neg\u00f3cios Digitais. Professor, Palestrante TedxTalks e Campus Party. Twitter: @ThalesBrandao\",\"sameAs\":[\"http:\\\/\\\/www.mandacaru.com.br\",\"https:\\\/\\\/www.facebook.com\\\/thalesbrandao\",\"http:\\\/\\\/www.instagram.com.br\\\/thalesbrandaoferreira\",\"https:\\\/\\\/www.linkedin.com\\\/in\\\/thales-brand\u00e3o-3948609\\\/\",\"https:\\\/\\\/x.com\\\/http:\\\/\\\/www.twitter.com\\\/thalesbrandao\"],\"url\":\"https:\\\/\\\/www.cidademarketing.com.br\\\/marketing\\\/author\\\/thalesbrandao\\\/\"}]}<\/script>\n<!-- \/ Yoast SEO plugin. -->","yoast_head_json":{"title":"Tintas Coral fecha collab in\u00e9dita com a Barbie e explora a tend\u00eancia Barbiecore - CidadeMarketing","robots":{"index":"index","follow":"follow","max-snippet":"max-snippet:-1","max-image-preview":"max-image-preview:large","max-video-preview":"max-video-preview:-1"},"canonical":"https:\/\/www.cidademarketing.com.br\/marketing\/2023\/03\/16\/tintas-coral-fecha-collab-inedita-com-a-barbie-e-explora-a-tendencia-barbiecore\/","og_locale":"pt_BR","og_type":"article","og_title":"Tintas Coral fecha collab in\u00e9dita com a Barbie e explora a tend\u00eancia Barbiecore - CidadeMarketing","og_description":"Um show de cores, texturas e refer\u00eancias da cultura pop. Essa \u00e9 a proposta do estande da Tintas Coral com a Barbie na Haus Decor, a mais recente feira de decora\u00e7\u00e3o do mercado, realizada at\u00e9 o dia 17 de mar\u00e7o, simultaneamente \u00e0 Expo Revestir, em S\u00e3o Paulo. O espa\u00e7o ilustra a mais nova parceria da [&hellip;]","og_url":"https:\/\/www.cidademarketing.com.br\/marketing\/2023\/03\/16\/tintas-coral-fecha-collab-inedita-com-a-barbie-e-explora-a-tendencia-barbiecore\/","og_site_name":"CidadeMarketing","article_publisher":"https:\/\/www.facebook.com\/portalcidademarketing","article_author":"https:\/\/www.facebook.com\/thalesbrandao","article_published_time":"2023-03-16T12:25:46+00:00","og_image":[{"width":2560,"height":1707,"url":"https:\/\/www.cidademarketing.com.br\/marketing\/wp-content\/uploads\/2023\/03\/coral_barbie_collab_01-scaled.jpg","type":"image\/jpeg"}],"author":"Thales Brand\u00e3o","twitter_card":"summary_large_image","twitter_creator":"@http:\/\/www.twitter.com\/thalesbrandao","twitter_site":"@CidadeMarketing","twitter_misc":{"Escrito por":"Thales Brand\u00e3o","Est. tempo de leitura":"7 minutos"},"schema":{"@context":"https:\/\/schema.org","@graph":[{"@type":"Article","@id":"https:\/\/www.cidademarketing.com.br\/marketing\/2023\/03\/16\/tintas-coral-fecha-collab-inedita-com-a-barbie-e-explora-a-tendencia-barbiecore\/#article","isPartOf":{"@id":"https:\/\/www.cidademarketing.com.br\/marketing\/2023\/03\/16\/tintas-coral-fecha-collab-inedita-com-a-barbie-e-explora-a-tendencia-barbiecore\/"},"author":{"name":"Thales Brand\u00e3o","@id":"https:\/\/www.cidademarketing.com.br\/marketing\/#\/schema\/person\/02daff9f18bd9378c9e01eb6b2db155f"},"headline":"Tintas Coral fecha collab in\u00e9dita com a Barbie e explora a tend\u00eancia Barbiecore","datePublished":"2023-03-16T12:25:46+00:00","mainEntityOfPage":{"@id":"https:\/\/www.cidademarketing.com.br\/marketing\/2023\/03\/16\/tintas-coral-fecha-collab-inedita-com-a-barbie-e-explora-a-tendencia-barbiecore\/"},"wordCount":1335,"commentCount":0,"publisher":{"@id":"https:\/\/www.cidademarketing.com.br\/marketing\/#organization"},"image":{"@id":"https:\/\/www.cidademarketing.com.br\/marketing\/2023\/03\/16\/tintas-coral-fecha-collab-inedita-com-a-barbie-e-explora-a-tendencia-barbiecore\/#primaryimage"},"thumbnailUrl":"https:\/\/www.cidademarketing.com.br\/marketing\/wp-content\/uploads\/2023\/03\/coral_barbie_collab_01-scaled.jpg","keywords":["arquitetura","Barbie","campanha","collab","Coral","estrat\u00e9gia","experi\u00eancia","parceria","Tintas Coral"],"articleSection":["Not\u00edcias"],"inLanguage":"pt-BR","potentialAction":[{"@type":"CommentAction","name":"Comment","target":["https:\/\/www.cidademarketing.com.br\/marketing\/2023\/03\/16\/tintas-coral-fecha-collab-inedita-com-a-barbie-e-explora-a-tendencia-barbiecore\/#respond"]}]},{"@type":"WebPage","@id":"https:\/\/www.cidademarketing.com.br\/marketing\/2023\/03\/16\/tintas-coral-fecha-collab-inedita-com-a-barbie-e-explora-a-tendencia-barbiecore\/","url":"https:\/\/www.cidademarketing.com.br\/marketing\/2023\/03\/16\/tintas-coral-fecha-collab-inedita-com-a-barbie-e-explora-a-tendencia-barbiecore\/","name":"Tintas Coral fecha collab in\u00e9dita com a Barbie e explora a tend\u00eancia Barbiecore - CidadeMarketing","isPartOf":{"@id":"https:\/\/www.cidademarketing.com.br\/marketing\/#website"},"primaryImageOfPage":{"@id":"https:\/\/www.cidademarketing.com.br\/marketing\/2023\/03\/16\/tintas-coral-fecha-collab-inedita-com-a-barbie-e-explora-a-tendencia-barbiecore\/#primaryimage"},"image":{"@id":"https:\/\/www.cidademarketing.com.br\/marketing\/2023\/03\/16\/tintas-coral-fecha-collab-inedita-com-a-barbie-e-explora-a-tendencia-barbiecore\/#primaryimage"},"thumbnailUrl":"https:\/\/www.cidademarketing.com.br\/marketing\/wp-content\/uploads\/2023\/03\/coral_barbie_collab_01-scaled.jpg","datePublished":"2023-03-16T12:25:46+00:00","breadcrumb":{"@id":"https:\/\/www.cidademarketing.com.br\/marketing\/2023\/03\/16\/tintas-coral-fecha-collab-inedita-com-a-barbie-e-explora-a-tendencia-barbiecore\/#breadcrumb"},"inLanguage":"pt-BR","potentialAction":[{"@type":"ReadAction","target":["https:\/\/www.cidademarketing.com.br\/marketing\/2023\/03\/16\/tintas-coral-fecha-collab-inedita-com-a-barbie-e-explora-a-tendencia-barbiecore\/"]}]},{"@type":"ImageObject","inLanguage":"pt-BR","@id":"https:\/\/www.cidademarketing.com.br\/marketing\/2023\/03\/16\/tintas-coral-fecha-collab-inedita-com-a-barbie-e-explora-a-tendencia-barbiecore\/#primaryimage","url":"https:\/\/www.cidademarketing.com.br\/marketing\/wp-content\/uploads\/2023\/03\/coral_barbie_collab_01-scaled.jpg","contentUrl":"https:\/\/www.cidademarketing.com.br\/marketing\/wp-content\/uploads\/2023\/03\/coral_barbie_collab_01-scaled.jpg","width":2560,"height":1707,"caption":"Estande da Coral na Haus Decor \u00e9 inspirado no movimento barbiecore"},{"@type":"BreadcrumbList","@id":"https:\/\/www.cidademarketing.com.br\/marketing\/2023\/03\/16\/tintas-coral-fecha-collab-inedita-com-a-barbie-e-explora-a-tendencia-barbiecore\/#breadcrumb","itemListElement":[{"@type":"ListItem","position":1,"name":"In\u00edcio","item":"https:\/\/www.cidademarketing.com.br\/marketing\/"},{"@type":"ListItem","position":2,"name":"Tintas Coral fecha collab in\u00e9dita com a Barbie e explora a tend\u00eancia Barbiecore"}]},{"@type":"WebSite","@id":"https:\/\/www.cidademarketing.com.br\/marketing\/#website","url":"https:\/\/www.cidademarketing.com.br\/marketing\/","name":"CidadeMarketing","description":"Somos um ve\u00edculo de comunica\u00e7\u00e3o de destaque no Brasil, reconhecido por conte\u00fados nos segmentos de marketing, empreendedorismo e inova\u00e7\u00e3o.","publisher":{"@id":"https:\/\/www.cidademarketing.com.br\/marketing\/#organization"},"alternateName":"CidadeMarketing","potentialAction":[{"@type":"SearchAction","target":{"@type":"EntryPoint","urlTemplate":"https:\/\/www.cidademarketing.com.br\/marketing\/?s={search_term_string}"},"query-input":{"@type":"PropertyValueSpecification","valueRequired":true,"valueName":"search_term_string"}}],"inLanguage":"pt-BR"},{"@type":"Organization","@id":"https:\/\/www.cidademarketing.com.br\/marketing\/#organization","name":"CidadeMarketing","alternateName":"CidadeMarketing","url":"https:\/\/www.cidademarketing.com.br\/marketing\/","logo":{"@type":"ImageObject","inLanguage":"pt-BR","@id":"https:\/\/www.cidademarketing.com.br\/marketing\/#\/schema\/logo\/image\/","url":"https:\/\/www.cidademarketing.com.br\/marketing\/wp-content\/uploads\/2020\/01\/cidademarketing_marca_mobile.png","contentUrl":"https:\/\/www.cidademarketing.com.br\/marketing\/wp-content\/uploads\/2020\/01\/cidademarketing_marca_mobile.png","width":230,"height":92,"caption":"CidadeMarketing"},"image":{"@id":"https:\/\/www.cidademarketing.com.br\/marketing\/#\/schema\/logo\/image\/"},"sameAs":["https:\/\/www.facebook.com\/portalcidademarketing","https:\/\/x.com\/CidadeMarketing","https:\/\/www.instagram.com\/cidademarketing\/"]},{"@type":"Person","@id":"https:\/\/www.cidademarketing.com.br\/marketing\/#\/schema\/person\/02daff9f18bd9378c9e01eb6b2db155f","name":"Thales Brand\u00e3o","image":{"@type":"ImageObject","inLanguage":"pt-BR","@id":"https:\/\/secure.gravatar.com\/avatar\/7ca3206950207cc3cb48feec56a8a7898741ab725c368d99d5d7a5a50aab80c6?s=96&d=mm&r=g","url":"https:\/\/secure.gravatar.com\/avatar\/7ca3206950207cc3cb48feec56a8a7898741ab725c368d99d5d7a5a50aab80c6?s=96&d=mm&r=g","contentUrl":"https:\/\/secure.gravatar.com\/avatar\/7ca3206950207cc3cb48feec56a8a7898741ab725c368d99d5d7a5a50aab80c6?s=96&d=mm&r=g","caption":"Thales Brand\u00e3o"},"description":"Editor Executivo do Portal CidadeMarketing.com.br &gt; Mestre em Comunica\u00e7\u00e3o e Sociedade pela Universidade Federal de Sergipe. Possui MBA Executivo em Administra\u00e7\u00e3o com \u00eanfase em Marketing pela Funda\u00e7\u00e3o Get\u00falio Vargas - Rio de Janeiro. Consultor, Palestrante e Pesquisador sobre Empreendedorismo, Marketing, Redes Sociais e Neg\u00f3cios Digitais. Professor, Palestrante TedxTalks e Campus Party. Twitter: @ThalesBrandao","sameAs":["http:\/\/www.mandacaru.com.br","https:\/\/www.facebook.com\/thalesbrandao","http:\/\/www.instagram.com.br\/thalesbrandaoferreira","https:\/\/www.linkedin.com\/in\/thales-brand\u00e3o-3948609\/","https:\/\/x.com\/http:\/\/www.twitter.com\/thalesbrandao"],"url":"https:\/\/www.cidademarketing.com.br\/marketing\/author\/thalesbrandao\/"}]}},"amp_enabled":true,"_links":{"self":[{"href":"https:\/\/www.cidademarketing.com.br\/marketing\/wp-json\/wp\/v2\/posts\/43966","targetHints":{"allow":["GET"]}}],"collection":[{"href":"https:\/\/www.cidademarketing.com.br\/marketing\/wp-json\/wp\/v2\/posts"}],"about":[{"href":"https:\/\/www.cidademarketing.com.br\/marketing\/wp-json\/wp\/v2\/types\/post"}],"author":[{"embeddable":true,"href":"https:\/\/www.cidademarketing.com.br\/marketing\/wp-json\/wp\/v2\/users\/1"}],"replies":[{"embeddable":true,"href":"https:\/\/www.cidademarketing.com.br\/marketing\/wp-json\/wp\/v2\/comments?post=43966"}],"version-history":[{"count":1,"href":"https:\/\/www.cidademarketing.com.br\/marketing\/wp-json\/wp\/v2\/posts\/43966\/revisions"}],"predecessor-version":[{"id":43973,"href":"https:\/\/www.cidademarketing.com.br\/marketing\/wp-json\/wp\/v2\/posts\/43966\/revisions\/43973"}],"wp:featuredmedia":[{"embeddable":true,"href":"https:\/\/www.cidademarketing.com.br\/marketing\/wp-json\/wp\/v2\/media\/43967"}],"wp:attachment":[{"href":"https:\/\/www.cidademarketing.com.br\/marketing\/wp-json\/wp\/v2\/media?parent=43966"}],"wp:term":[{"taxonomy":"category","embeddable":true,"href":"https:\/\/www.cidademarketing.com.br\/marketing\/wp-json\/wp\/v2\/categories?post=43966"},{"taxonomy":"post_tag","embeddable":true,"href":"https:\/\/www.cidademarketing.com.br\/marketing\/wp-json\/wp\/v2\/tags?post=43966"}],"curies":[{"name":"wp","href":"https:\/\/api.w.org\/{rel}","templated":true}]}}