{"id":43794,"date":"2023-03-08T16:57:29","date_gmt":"2023-03-08T19:57:29","guid":{"rendered":"https:\/\/www.cidademarketing.com.br\/marketing\/?p=43794"},"modified":"2023-03-08T16:57:29","modified_gmt":"2023-03-08T19:57:29","slug":"com-investimento-de-r-4-milhoes-audi-do-brasil-inaugura-nova-concessionaria-em-cuiaba","status":"publish","type":"post","link":"https:\/\/www.cidademarketing.com.br\/marketing\/2023\/03\/08\/com-investimento-de-r-4-milhoes-audi-do-brasil-inaugura-nova-concessionaria-em-cuiaba\/","title":{"rendered":"Com investimento de R$ 4 milh\u00f5es, Audi do Brasil inaugura nova concession\u00e1ria em Cuiab\u00e1"},"content":{"rendered":"<p>A Audi do Brasil anuncia a inaugura\u00e7\u00e3o de sua nova concession\u00e1ria em Cuiab\u00e1, Mato Grosso, com espa\u00e7o de conviv\u00eancia e arquitetura inovadora e j\u00e1 conta com alguns elementos do novo conceito de experi\u00eancia progressiva da marca, modelo mundialmente inaugurado em S\u00e3o Paulo, na Audi Morumbi, em julho de 2022. A unidade recebeu um investimento total de R$ 4 milh\u00f5es para a reforma completa da \u00e1rea de 1.600 metros quadrados, que oferece quatro carregadores el\u00e9tricos, sendo tr\u00eas de 11 kW e um de 150 kW, al\u00e9m do portf\u00f3lio completo de ve\u00edculos em seu showroom.<\/p>\n<p><iframe title=\"Spotify Embed: Podcast CidadeMarketing\" style=\"border-radius: 12px\" width=\"100%\" height=\"152\" frameborder=\"0\" allowfullscreen allow=\"autoplay; clipboard-write; encrypted-media; fullscreen; picture-in-picture\" loading=\"lazy\" src=\"https:\/\/open.spotify.com\/embed\/show\/4khMKzP3FgFRWVwb73xicc?si=252fe5bff2b34909&#038;utm_source=oembed\"><\/iframe><\/p>\n<p>O evento de inaugura\u00e7\u00e3o da nova Audi Cuiab\u00e1, situada na Avenida Fernando Correa da Costa, n\u00b0 1682, contou com a presen\u00e7a de clientes, colaboradores e membros da diretoria da marca alem\u00e3 no pa\u00eds, entre eles Daniel Rojas, Presidente e CEO; Cl\u00e1udio Rawicz, Diretor de Comunica\u00e7\u00e3o e Marketing; Milena Ara\u00fajo, Diretora de P\u00f3s Vendas e Log\u00edstica; e Diego Borghi, Diretor de Vendas. A nova loja busca ser mais intimista, exclusiva e confort\u00e1vel, com espa\u00e7os de conviv\u00eancia e elementos sofisticados que trazem o conceito progressista da marca.<\/p>\n<p>\u201cA regi\u00e3o de Cuiab\u00e1 desempenha um papel estrat\u00e9gico para as opera\u00e7\u00f5es da Audi do Brasil, incluindo o nosso plano de eletrifica\u00e7\u00e3o. A partir de agora a Audi Center Cuiab\u00e1 integra nosso padr\u00e3o global de comunica\u00e7\u00e3o visual de modo a proporcionar aos clientes um atendimento cada vez mais personalizado e exclusivo\u201d, afirma Daniel Rojas.<\/p>\n<p>\u201cCom a reformula\u00e7\u00e3o da Audi Center Cuiab\u00e1, n\u00f3s buscamos agregar o conceito progressista da Audi para o estado de Mato Grosso, de uma forma intimista e especial, proporcionando um ambiente sofisticado e acolhedor aos clientes e amantes da marca. Sem d\u00favida, essas mudan\u00e7as tornam a experi\u00eancia ainda mais premium, al\u00e9m de promover a mobilidade el\u00e9trica na regi\u00e3o com a comercializa\u00e7\u00e3o de carros BEV e PHEV e a disponibilidade de 4 carregadores el\u00e9tricos\u201d, aponta Cristiano Gionco, propriet\u00e1rio da Audi Center Cuiab\u00e1.<\/p>\n<p>A nova arquitetura da concession\u00e1ria prima pela clareza e pela espacialidade traduzida no generoso showroom. As fachadas incorporam e filtram a entrada de luz natural, reduzindo o consumo energ\u00e9tico. O novo espa\u00e7o conta com a presen\u00e7a do portf\u00f3lio completo de ve\u00edculos da marca das quatro argolas. Os ve\u00edculos dividem espa\u00e7o com um Lounge e a \u00e1rea Nexus, oferecendo conforto e integra\u00e7\u00e3o para os clientes. A \u00e1rea apresenta tamb\u00e9m com a exposi\u00e7\u00e3o de itens da Audi Collection, linha exclusiva de produtos lifestyle da fabricante.<\/p>\n<p>Al\u00e9m da infraestrutura refinada e progressiva, a Audi Center Cuiab\u00e1 oferece ao p\u00fablico quatro carregadores el\u00e9tricos, sendo tr\u00eas internos de recarga de 11 kW e um externo de recarga ultrarr\u00e1pida de 150 kW, dispon\u00edvel com o objetivo de melhorar a experi\u00eancia dos clientes e fomentar a mobilidade el\u00e9trica na regi\u00e3o. Com isso a marca refor\u00e7a seu prop\u00f3sito em aprimorar e ampliar a infraestrutura adequada para os ve\u00edculos el\u00e9tricos em todo o Brasil.<\/p>\n<p>Conceito Progressista<\/p>\n<p>A presen\u00e7a da \u00e1rea Nexus e do Lounge como elementos do showroom junto com os carros deixam a experi\u00eancia do cliente mais confort\u00e1vel e exclusiva. Com um showroom reduzido, um espa\u00e7o de conviv\u00eancia e atendimento individualizado, a unidade oferece uma jornada de compra personalizada, assim como uma gama completa de servi\u00e7os de p\u00f3s-vendas, deixando ainda mais evidente o foco no ser humano.<\/p>\n<p>Audi Collection<\/p>\n<p>A nova concession\u00e1ria tamb\u00e9m contar\u00e1 com a presen\u00e7a de uma loja para adquirir produtos da grife exclusiva de roupas e acess\u00f3rios da marca das quatro argolas, a Audi Collection. S\u00e3o diversas cole\u00e7\u00f5es inspiradas nas caracter\u00edsticas de design, inova\u00e7\u00e3o, legado e esportividade da marca.<\/p>\n<p><iframe style=\"width: 100%; max-width: 660px; overflow: hidden; background: transparent;\" src=\"https:\/\/embed.podcasts.apple.com\/br\/podcast\/podcast-cidademarketing\/id1371923283\" height=\"450\" frameborder=\"0\" sandbox=\"allow-forms allow-popups allow-same-origin allow-scripts allow-storage-access-by-user-activation allow-top-navigation-by-user-activation\"><\/iframe><\/p>\n","protected":false},"excerpt":{"rendered":"<p>A Audi do Brasil anuncia a inaugura\u00e7\u00e3o de sua nova concession\u00e1ria em Cuiab\u00e1, Mato Grosso, com espa\u00e7o de conviv\u00eancia e arquitetura inovadora e j\u00e1 conta com alguns elementos do novo conceito de experi\u00eancia progressiva da marca, modelo mundialmente inaugurado em S\u00e3o Paulo, na Audi Morumbi, em julho de 2022. A unidade recebeu um investimento total [&hellip;]<\/p>\n","protected":false},"author":1,"featured_media":43795,"comment_status":"open","ping_status":"open","sticky":false,"template":"","format":"standard","meta":{"tdm_status":"","tdm_grid_status":"","footnotes":""},"categories":[6],"tags":[943,65,33,1051,293,28],"class_list":["post-43794","post","type-post","status-publish","format-standard","has-post-thumbnail","hentry","category-noticias","tag-audi","tag-campanha","tag-estrategia","tag-expansao","tag-inovacao","tag-marketing"],"yoast_head":"<!-- This site is optimized with the Yoast SEO plugin v27.5 - https:\/\/yoast.com\/product\/yoast-seo-wordpress\/ -->\n<title>Com investimento de R$ 4 milh\u00f5es, Audi do Brasil inaugura nova concession\u00e1ria em Cuiab\u00e1 - CidadeMarketing<\/title>\n<meta name=\"robots\" content=\"index, follow, max-snippet:-1, max-image-preview:large, max-video-preview:-1\" \/>\n<link rel=\"canonical\" href=\"https:\/\/www.cidademarketing.com.br\/marketing\/2023\/03\/08\/com-investimento-de-r-4-milhoes-audi-do-brasil-inaugura-nova-concessionaria-em-cuiaba\/\" \/>\n<meta property=\"og:locale\" content=\"pt_BR\" \/>\n<meta property=\"og:type\" content=\"article\" \/>\n<meta property=\"og:title\" content=\"Com investimento de R$ 4 milh\u00f5es, Audi do Brasil inaugura nova concession\u00e1ria em Cuiab\u00e1 - CidadeMarketing\" \/>\n<meta property=\"og:description\" content=\"A Audi do Brasil anuncia a inaugura\u00e7\u00e3o de sua nova concession\u00e1ria em Cuiab\u00e1, Mato Grosso, com espa\u00e7o de conviv\u00eancia e arquitetura inovadora e j\u00e1 conta com alguns elementos do novo conceito de experi\u00eancia progressiva da marca, modelo mundialmente inaugurado em S\u00e3o Paulo, na Audi Morumbi, em julho de 2022. A unidade recebeu um investimento total [&hellip;]\" \/>\n<meta property=\"og:url\" content=\"https:\/\/www.cidademarketing.com.br\/marketing\/2023\/03\/08\/com-investimento-de-r-4-milhoes-audi-do-brasil-inaugura-nova-concessionaria-em-cuiaba\/\" \/>\n<meta property=\"og:site_name\" content=\"CidadeMarketing\" \/>\n<meta property=\"article:publisher\" content=\"https:\/\/www.facebook.com\/portalcidademarketing\" \/>\n<meta property=\"article:author\" content=\"https:\/\/www.facebook.com\/thalesbrandao\" \/>\n<meta property=\"article:published_time\" content=\"2023-03-08T19:57:29+00:00\" \/>\n<meta property=\"og:image\" content=\"https:\/\/www.cidademarketing.com.br\/marketing\/wp-content\/uploads\/2023\/03\/audi_cuiaba.jpg\" \/>\n\t<meta property=\"og:image:width\" content=\"1334\" \/>\n\t<meta property=\"og:image:height\" content=\"889\" \/>\n\t<meta property=\"og:image:type\" content=\"image\/jpeg\" \/>\n<meta name=\"author\" content=\"Thales Brand\u00e3o\" \/>\n<meta name=\"twitter:card\" content=\"summary_large_image\" \/>\n<meta name=\"twitter:creator\" content=\"@http:\/\/www.twitter.com\/thalesbrandao\" \/>\n<meta name=\"twitter:site\" content=\"@CidadeMarketing\" \/>\n<meta name=\"twitter:label1\" content=\"Escrito por\" \/>\n\t<meta name=\"twitter:data1\" content=\"Thales Brand\u00e3o\" \/>\n\t<meta name=\"twitter:label2\" content=\"Est. tempo de leitura\" \/>\n\t<meta name=\"twitter:data2\" content=\"3 minutos\" \/>\n<script type=\"application\/ld+json\" class=\"yoast-schema-graph\">{\"@context\":\"https:\\\/\\\/schema.org\",\"@graph\":[{\"@type\":\"Article\",\"@id\":\"https:\\\/\\\/www.cidademarketing.com.br\\\/marketing\\\/2023\\\/03\\\/08\\\/com-investimento-de-r-4-milhoes-audi-do-brasil-inaugura-nova-concessionaria-em-cuiaba\\\/#article\",\"isPartOf\":{\"@id\":\"https:\\\/\\\/www.cidademarketing.com.br\\\/marketing\\\/2023\\\/03\\\/08\\\/com-investimento-de-r-4-milhoes-audi-do-brasil-inaugura-nova-concessionaria-em-cuiaba\\\/\"},\"author\":{\"name\":\"Thales Brand\u00e3o\",\"@id\":\"https:\\\/\\\/www.cidademarketing.com.br\\\/marketing\\\/#\\\/schema\\\/person\\\/02daff9f18bd9378c9e01eb6b2db155f\"},\"headline\":\"Com investimento de R$ 4 milh\u00f5es, Audi do Brasil inaugura nova concession\u00e1ria em Cuiab\u00e1\",\"datePublished\":\"2023-03-08T19:57:29+00:00\",\"mainEntityOfPage\":{\"@id\":\"https:\\\/\\\/www.cidademarketing.com.br\\\/marketing\\\/2023\\\/03\\\/08\\\/com-investimento-de-r-4-milhoes-audi-do-brasil-inaugura-nova-concessionaria-em-cuiaba\\\/\"},\"wordCount\":674,\"commentCount\":0,\"publisher\":{\"@id\":\"https:\\\/\\\/www.cidademarketing.com.br\\\/marketing\\\/#organization\"},\"image\":{\"@id\":\"https:\\\/\\\/www.cidademarketing.com.br\\\/marketing\\\/2023\\\/03\\\/08\\\/com-investimento-de-r-4-milhoes-audi-do-brasil-inaugura-nova-concessionaria-em-cuiaba\\\/#primaryimage\"},\"thumbnailUrl\":\"https:\\\/\\\/www.cidademarketing.com.br\\\/marketing\\\/wp-content\\\/uploads\\\/2023\\\/03\\\/audi_cuiaba.jpg\",\"keywords\":[\"Audi\",\"campanha\",\"estrat\u00e9gia\",\"expans\u00e3o\",\"inova\u00e7\u00e3o\",\"marketing\"],\"articleSection\":[\"Not\u00edcias\"],\"inLanguage\":\"pt-BR\",\"potentialAction\":[{\"@type\":\"CommentAction\",\"name\":\"Comment\",\"target\":[\"https:\\\/\\\/www.cidademarketing.com.br\\\/marketing\\\/2023\\\/03\\\/08\\\/com-investimento-de-r-4-milhoes-audi-do-brasil-inaugura-nova-concessionaria-em-cuiaba\\\/#respond\"]}]},{\"@type\":\"WebPage\",\"@id\":\"https:\\\/\\\/www.cidademarketing.com.br\\\/marketing\\\/2023\\\/03\\\/08\\\/com-investimento-de-r-4-milhoes-audi-do-brasil-inaugura-nova-concessionaria-em-cuiaba\\\/\",\"url\":\"https:\\\/\\\/www.cidademarketing.com.br\\\/marketing\\\/2023\\\/03\\\/08\\\/com-investimento-de-r-4-milhoes-audi-do-brasil-inaugura-nova-concessionaria-em-cuiaba\\\/\",\"name\":\"Com investimento de R$ 4 milh\u00f5es, Audi do Brasil inaugura nova concession\u00e1ria em Cuiab\u00e1 - CidadeMarketing\",\"isPartOf\":{\"@id\":\"https:\\\/\\\/www.cidademarketing.com.br\\\/marketing\\\/#website\"},\"primaryImageOfPage\":{\"@id\":\"https:\\\/\\\/www.cidademarketing.com.br\\\/marketing\\\/2023\\\/03\\\/08\\\/com-investimento-de-r-4-milhoes-audi-do-brasil-inaugura-nova-concessionaria-em-cuiaba\\\/#primaryimage\"},\"image\":{\"@id\":\"https:\\\/\\\/www.cidademarketing.com.br\\\/marketing\\\/2023\\\/03\\\/08\\\/com-investimento-de-r-4-milhoes-audi-do-brasil-inaugura-nova-concessionaria-em-cuiaba\\\/#primaryimage\"},\"thumbnailUrl\":\"https:\\\/\\\/www.cidademarketing.com.br\\\/marketing\\\/wp-content\\\/uploads\\\/2023\\\/03\\\/audi_cuiaba.jpg\",\"datePublished\":\"2023-03-08T19:57:29+00:00\",\"breadcrumb\":{\"@id\":\"https:\\\/\\\/www.cidademarketing.com.br\\\/marketing\\\/2023\\\/03\\\/08\\\/com-investimento-de-r-4-milhoes-audi-do-brasil-inaugura-nova-concessionaria-em-cuiaba\\\/#breadcrumb\"},\"inLanguage\":\"pt-BR\",\"potentialAction\":[{\"@type\":\"ReadAction\",\"target\":[\"https:\\\/\\\/www.cidademarketing.com.br\\\/marketing\\\/2023\\\/03\\\/08\\\/com-investimento-de-r-4-milhoes-audi-do-brasil-inaugura-nova-concessionaria-em-cuiaba\\\/\"]}]},{\"@type\":\"ImageObject\",\"inLanguage\":\"pt-BR\",\"@id\":\"https:\\\/\\\/www.cidademarketing.com.br\\\/marketing\\\/2023\\\/03\\\/08\\\/com-investimento-de-r-4-milhoes-audi-do-brasil-inaugura-nova-concessionaria-em-cuiaba\\\/#primaryimage\",\"url\":\"https:\\\/\\\/www.cidademarketing.com.br\\\/marketing\\\/wp-content\\\/uploads\\\/2023\\\/03\\\/audi_cuiaba.jpg\",\"contentUrl\":\"https:\\\/\\\/www.cidademarketing.com.br\\\/marketing\\\/wp-content\\\/uploads\\\/2023\\\/03\\\/audi_cuiaba.jpg\",\"width\":1334,\"height\":889,\"caption\":\"Divulga\u00e7\u00e3o\"},{\"@type\":\"BreadcrumbList\",\"@id\":\"https:\\\/\\\/www.cidademarketing.com.br\\\/marketing\\\/2023\\\/03\\\/08\\\/com-investimento-de-r-4-milhoes-audi-do-brasil-inaugura-nova-concessionaria-em-cuiaba\\\/#breadcrumb\",\"itemListElement\":[{\"@type\":\"ListItem\",\"position\":1,\"name\":\"In\u00edcio\",\"item\":\"https:\\\/\\\/www.cidademarketing.com.br\\\/marketing\\\/\"},{\"@type\":\"ListItem\",\"position\":2,\"name\":\"Com investimento de R$ 4 milh\u00f5es, Audi do Brasil inaugura nova concession\u00e1ria em Cuiab\u00e1\"}]},{\"@type\":\"WebSite\",\"@id\":\"https:\\\/\\\/www.cidademarketing.com.br\\\/marketing\\\/#website\",\"url\":\"https:\\\/\\\/www.cidademarketing.com.br\\\/marketing\\\/\",\"name\":\"CidadeMarketing\",\"description\":\"Somos um ve\u00edculo de comunica\u00e7\u00e3o de destaque no Brasil, reconhecido por conte\u00fados nos segmentos de marketing, empreendedorismo e inova\u00e7\u00e3o.\",\"publisher\":{\"@id\":\"https:\\\/\\\/www.cidademarketing.com.br\\\/marketing\\\/#organization\"},\"alternateName\":\"CidadeMarketing\",\"potentialAction\":[{\"@type\":\"SearchAction\",\"target\":{\"@type\":\"EntryPoint\",\"urlTemplate\":\"https:\\\/\\\/www.cidademarketing.com.br\\\/marketing\\\/?s={search_term_string}\"},\"query-input\":{\"@type\":\"PropertyValueSpecification\",\"valueRequired\":true,\"valueName\":\"search_term_string\"}}],\"inLanguage\":\"pt-BR\"},{\"@type\":\"Organization\",\"@id\":\"https:\\\/\\\/www.cidademarketing.com.br\\\/marketing\\\/#organization\",\"name\":\"CidadeMarketing\",\"alternateName\":\"CidadeMarketing\",\"url\":\"https:\\\/\\\/www.cidademarketing.com.br\\\/marketing\\\/\",\"logo\":{\"@type\":\"ImageObject\",\"inLanguage\":\"pt-BR\",\"@id\":\"https:\\\/\\\/www.cidademarketing.com.br\\\/marketing\\\/#\\\/schema\\\/logo\\\/image\\\/\",\"url\":\"https:\\\/\\\/www.cidademarketing.com.br\\\/marketing\\\/wp-content\\\/uploads\\\/2020\\\/01\\\/cidademarketing_marca_mobile.png\",\"contentUrl\":\"https:\\\/\\\/www.cidademarketing.com.br\\\/marketing\\\/wp-content\\\/uploads\\\/2020\\\/01\\\/cidademarketing_marca_mobile.png\",\"width\":230,\"height\":92,\"caption\":\"CidadeMarketing\"},\"image\":{\"@id\":\"https:\\\/\\\/www.cidademarketing.com.br\\\/marketing\\\/#\\\/schema\\\/logo\\\/image\\\/\"},\"sameAs\":[\"https:\\\/\\\/www.facebook.com\\\/portalcidademarketing\",\"https:\\\/\\\/x.com\\\/CidadeMarketing\",\"https:\\\/\\\/www.instagram.com\\\/cidademarketing\\\/\"]},{\"@type\":\"Person\",\"@id\":\"https:\\\/\\\/www.cidademarketing.com.br\\\/marketing\\\/#\\\/schema\\\/person\\\/02daff9f18bd9378c9e01eb6b2db155f\",\"name\":\"Thales Brand\u00e3o\",\"image\":{\"@type\":\"ImageObject\",\"inLanguage\":\"pt-BR\",\"@id\":\"https:\\\/\\\/secure.gravatar.com\\\/avatar\\\/7ca3206950207cc3cb48feec56a8a7898741ab725c368d99d5d7a5a50aab80c6?s=96&d=mm&r=g\",\"url\":\"https:\\\/\\\/secure.gravatar.com\\\/avatar\\\/7ca3206950207cc3cb48feec56a8a7898741ab725c368d99d5d7a5a50aab80c6?s=96&d=mm&r=g\",\"contentUrl\":\"https:\\\/\\\/secure.gravatar.com\\\/avatar\\\/7ca3206950207cc3cb48feec56a8a7898741ab725c368d99d5d7a5a50aab80c6?s=96&d=mm&r=g\",\"caption\":\"Thales Brand\u00e3o\"},\"description\":\"Editor Executivo do Portal CidadeMarketing.com.br &gt; Mestre em Comunica\u00e7\u00e3o e Sociedade pela Universidade Federal de Sergipe. Possui MBA Executivo em Administra\u00e7\u00e3o com \u00eanfase em Marketing pela Funda\u00e7\u00e3o Get\u00falio Vargas - Rio de Janeiro. Consultor, Palestrante e Pesquisador sobre Empreendedorismo, Marketing, Redes Sociais e Neg\u00f3cios Digitais. Professor, Palestrante TedxTalks e Campus Party. Twitter: @ThalesBrandao\",\"sameAs\":[\"http:\\\/\\\/www.mandacaru.com.br\",\"https:\\\/\\\/www.facebook.com\\\/thalesbrandao\",\"http:\\\/\\\/www.instagram.com.br\\\/thalesbrandaoferreira\",\"https:\\\/\\\/www.linkedin.com\\\/in\\\/thales-brand\u00e3o-3948609\\\/\",\"https:\\\/\\\/x.com\\\/http:\\\/\\\/www.twitter.com\\\/thalesbrandao\"],\"url\":\"https:\\\/\\\/www.cidademarketing.com.br\\\/marketing\\\/author\\\/thalesbrandao\\\/\"}]}<\/script>\n<!-- \/ Yoast SEO plugin. -->","yoast_head_json":{"title":"Com investimento de R$ 4 milh\u00f5es, Audi do Brasil inaugura nova concession\u00e1ria em Cuiab\u00e1 - CidadeMarketing","robots":{"index":"index","follow":"follow","max-snippet":"max-snippet:-1","max-image-preview":"max-image-preview:large","max-video-preview":"max-video-preview:-1"},"canonical":"https:\/\/www.cidademarketing.com.br\/marketing\/2023\/03\/08\/com-investimento-de-r-4-milhoes-audi-do-brasil-inaugura-nova-concessionaria-em-cuiaba\/","og_locale":"pt_BR","og_type":"article","og_title":"Com investimento de R$ 4 milh\u00f5es, Audi do Brasil inaugura nova concession\u00e1ria em Cuiab\u00e1 - CidadeMarketing","og_description":"A Audi do Brasil anuncia a inaugura\u00e7\u00e3o de sua nova concession\u00e1ria em Cuiab\u00e1, Mato Grosso, com espa\u00e7o de conviv\u00eancia e arquitetura inovadora e j\u00e1 conta com alguns elementos do novo conceito de experi\u00eancia progressiva da marca, modelo mundialmente inaugurado em S\u00e3o Paulo, na Audi Morumbi, em julho de 2022. A unidade recebeu um investimento total [&hellip;]","og_url":"https:\/\/www.cidademarketing.com.br\/marketing\/2023\/03\/08\/com-investimento-de-r-4-milhoes-audi-do-brasil-inaugura-nova-concessionaria-em-cuiaba\/","og_site_name":"CidadeMarketing","article_publisher":"https:\/\/www.facebook.com\/portalcidademarketing","article_author":"https:\/\/www.facebook.com\/thalesbrandao","article_published_time":"2023-03-08T19:57:29+00:00","og_image":[{"width":1334,"height":889,"url":"https:\/\/www.cidademarketing.com.br\/marketing\/wp-content\/uploads\/2023\/03\/audi_cuiaba.jpg","type":"image\/jpeg"}],"author":"Thales Brand\u00e3o","twitter_card":"summary_large_image","twitter_creator":"@http:\/\/www.twitter.com\/thalesbrandao","twitter_site":"@CidadeMarketing","twitter_misc":{"Escrito por":"Thales Brand\u00e3o","Est. tempo de leitura":"3 minutos"},"schema":{"@context":"https:\/\/schema.org","@graph":[{"@type":"Article","@id":"https:\/\/www.cidademarketing.com.br\/marketing\/2023\/03\/08\/com-investimento-de-r-4-milhoes-audi-do-brasil-inaugura-nova-concessionaria-em-cuiaba\/#article","isPartOf":{"@id":"https:\/\/www.cidademarketing.com.br\/marketing\/2023\/03\/08\/com-investimento-de-r-4-milhoes-audi-do-brasil-inaugura-nova-concessionaria-em-cuiaba\/"},"author":{"name":"Thales Brand\u00e3o","@id":"https:\/\/www.cidademarketing.com.br\/marketing\/#\/schema\/person\/02daff9f18bd9378c9e01eb6b2db155f"},"headline":"Com investimento de R$ 4 milh\u00f5es, Audi do Brasil inaugura nova concession\u00e1ria em Cuiab\u00e1","datePublished":"2023-03-08T19:57:29+00:00","mainEntityOfPage":{"@id":"https:\/\/www.cidademarketing.com.br\/marketing\/2023\/03\/08\/com-investimento-de-r-4-milhoes-audi-do-brasil-inaugura-nova-concessionaria-em-cuiaba\/"},"wordCount":674,"commentCount":0,"publisher":{"@id":"https:\/\/www.cidademarketing.com.br\/marketing\/#organization"},"image":{"@id":"https:\/\/www.cidademarketing.com.br\/marketing\/2023\/03\/08\/com-investimento-de-r-4-milhoes-audi-do-brasil-inaugura-nova-concessionaria-em-cuiaba\/#primaryimage"},"thumbnailUrl":"https:\/\/www.cidademarketing.com.br\/marketing\/wp-content\/uploads\/2023\/03\/audi_cuiaba.jpg","keywords":["Audi","campanha","estrat\u00e9gia","expans\u00e3o","inova\u00e7\u00e3o","marketing"],"articleSection":["Not\u00edcias"],"inLanguage":"pt-BR","potentialAction":[{"@type":"CommentAction","name":"Comment","target":["https:\/\/www.cidademarketing.com.br\/marketing\/2023\/03\/08\/com-investimento-de-r-4-milhoes-audi-do-brasil-inaugura-nova-concessionaria-em-cuiaba\/#respond"]}]},{"@type":"WebPage","@id":"https:\/\/www.cidademarketing.com.br\/marketing\/2023\/03\/08\/com-investimento-de-r-4-milhoes-audi-do-brasil-inaugura-nova-concessionaria-em-cuiaba\/","url":"https:\/\/www.cidademarketing.com.br\/marketing\/2023\/03\/08\/com-investimento-de-r-4-milhoes-audi-do-brasil-inaugura-nova-concessionaria-em-cuiaba\/","name":"Com investimento de R$ 4 milh\u00f5es, Audi do Brasil inaugura nova concession\u00e1ria em Cuiab\u00e1 - CidadeMarketing","isPartOf":{"@id":"https:\/\/www.cidademarketing.com.br\/marketing\/#website"},"primaryImageOfPage":{"@id":"https:\/\/www.cidademarketing.com.br\/marketing\/2023\/03\/08\/com-investimento-de-r-4-milhoes-audi-do-brasil-inaugura-nova-concessionaria-em-cuiaba\/#primaryimage"},"image":{"@id":"https:\/\/www.cidademarketing.com.br\/marketing\/2023\/03\/08\/com-investimento-de-r-4-milhoes-audi-do-brasil-inaugura-nova-concessionaria-em-cuiaba\/#primaryimage"},"thumbnailUrl":"https:\/\/www.cidademarketing.com.br\/marketing\/wp-content\/uploads\/2023\/03\/audi_cuiaba.jpg","datePublished":"2023-03-08T19:57:29+00:00","breadcrumb":{"@id":"https:\/\/www.cidademarketing.com.br\/marketing\/2023\/03\/08\/com-investimento-de-r-4-milhoes-audi-do-brasil-inaugura-nova-concessionaria-em-cuiaba\/#breadcrumb"},"inLanguage":"pt-BR","potentialAction":[{"@type":"ReadAction","target":["https:\/\/www.cidademarketing.com.br\/marketing\/2023\/03\/08\/com-investimento-de-r-4-milhoes-audi-do-brasil-inaugura-nova-concessionaria-em-cuiaba\/"]}]},{"@type":"ImageObject","inLanguage":"pt-BR","@id":"https:\/\/www.cidademarketing.com.br\/marketing\/2023\/03\/08\/com-investimento-de-r-4-milhoes-audi-do-brasil-inaugura-nova-concessionaria-em-cuiaba\/#primaryimage","url":"https:\/\/www.cidademarketing.com.br\/marketing\/wp-content\/uploads\/2023\/03\/audi_cuiaba.jpg","contentUrl":"https:\/\/www.cidademarketing.com.br\/marketing\/wp-content\/uploads\/2023\/03\/audi_cuiaba.jpg","width":1334,"height":889,"caption":"Divulga\u00e7\u00e3o"},{"@type":"BreadcrumbList","@id":"https:\/\/www.cidademarketing.com.br\/marketing\/2023\/03\/08\/com-investimento-de-r-4-milhoes-audi-do-brasil-inaugura-nova-concessionaria-em-cuiaba\/#breadcrumb","itemListElement":[{"@type":"ListItem","position":1,"name":"In\u00edcio","item":"https:\/\/www.cidademarketing.com.br\/marketing\/"},{"@type":"ListItem","position":2,"name":"Com investimento de R$ 4 milh\u00f5es, Audi do Brasil inaugura nova concession\u00e1ria em Cuiab\u00e1"}]},{"@type":"WebSite","@id":"https:\/\/www.cidademarketing.com.br\/marketing\/#website","url":"https:\/\/www.cidademarketing.com.br\/marketing\/","name":"CidadeMarketing","description":"Somos um ve\u00edculo de comunica\u00e7\u00e3o de destaque no Brasil, reconhecido por conte\u00fados nos segmentos de marketing, empreendedorismo e inova\u00e7\u00e3o.","publisher":{"@id":"https:\/\/www.cidademarketing.com.br\/marketing\/#organization"},"alternateName":"CidadeMarketing","potentialAction":[{"@type":"SearchAction","target":{"@type":"EntryPoint","urlTemplate":"https:\/\/www.cidademarketing.com.br\/marketing\/?s={search_term_string}"},"query-input":{"@type":"PropertyValueSpecification","valueRequired":true,"valueName":"search_term_string"}}],"inLanguage":"pt-BR"},{"@type":"Organization","@id":"https:\/\/www.cidademarketing.com.br\/marketing\/#organization","name":"CidadeMarketing","alternateName":"CidadeMarketing","url":"https:\/\/www.cidademarketing.com.br\/marketing\/","logo":{"@type":"ImageObject","inLanguage":"pt-BR","@id":"https:\/\/www.cidademarketing.com.br\/marketing\/#\/schema\/logo\/image\/","url":"https:\/\/www.cidademarketing.com.br\/marketing\/wp-content\/uploads\/2020\/01\/cidademarketing_marca_mobile.png","contentUrl":"https:\/\/www.cidademarketing.com.br\/marketing\/wp-content\/uploads\/2020\/01\/cidademarketing_marca_mobile.png","width":230,"height":92,"caption":"CidadeMarketing"},"image":{"@id":"https:\/\/www.cidademarketing.com.br\/marketing\/#\/schema\/logo\/image\/"},"sameAs":["https:\/\/www.facebook.com\/portalcidademarketing","https:\/\/x.com\/CidadeMarketing","https:\/\/www.instagram.com\/cidademarketing\/"]},{"@type":"Person","@id":"https:\/\/www.cidademarketing.com.br\/marketing\/#\/schema\/person\/02daff9f18bd9378c9e01eb6b2db155f","name":"Thales Brand\u00e3o","image":{"@type":"ImageObject","inLanguage":"pt-BR","@id":"https:\/\/secure.gravatar.com\/avatar\/7ca3206950207cc3cb48feec56a8a7898741ab725c368d99d5d7a5a50aab80c6?s=96&d=mm&r=g","url":"https:\/\/secure.gravatar.com\/avatar\/7ca3206950207cc3cb48feec56a8a7898741ab725c368d99d5d7a5a50aab80c6?s=96&d=mm&r=g","contentUrl":"https:\/\/secure.gravatar.com\/avatar\/7ca3206950207cc3cb48feec56a8a7898741ab725c368d99d5d7a5a50aab80c6?s=96&d=mm&r=g","caption":"Thales Brand\u00e3o"},"description":"Editor Executivo do Portal CidadeMarketing.com.br &gt; Mestre em Comunica\u00e7\u00e3o e Sociedade pela Universidade Federal de Sergipe. Possui MBA Executivo em Administra\u00e7\u00e3o com \u00eanfase em Marketing pela Funda\u00e7\u00e3o Get\u00falio Vargas - Rio de Janeiro. Consultor, Palestrante e Pesquisador sobre Empreendedorismo, Marketing, Redes Sociais e Neg\u00f3cios Digitais. Professor, Palestrante TedxTalks e Campus Party. Twitter: @ThalesBrandao","sameAs":["http:\/\/www.mandacaru.com.br","https:\/\/www.facebook.com\/thalesbrandao","http:\/\/www.instagram.com.br\/thalesbrandaoferreira","https:\/\/www.linkedin.com\/in\/thales-brand\u00e3o-3948609\/","https:\/\/x.com\/http:\/\/www.twitter.com\/thalesbrandao"],"url":"https:\/\/www.cidademarketing.com.br\/marketing\/author\/thalesbrandao\/"}]}},"amp_enabled":true,"_links":{"self":[{"href":"https:\/\/www.cidademarketing.com.br\/marketing\/wp-json\/wp\/v2\/posts\/43794","targetHints":{"allow":["GET"]}}],"collection":[{"href":"https:\/\/www.cidademarketing.com.br\/marketing\/wp-json\/wp\/v2\/posts"}],"about":[{"href":"https:\/\/www.cidademarketing.com.br\/marketing\/wp-json\/wp\/v2\/types\/post"}],"author":[{"embeddable":true,"href":"https:\/\/www.cidademarketing.com.br\/marketing\/wp-json\/wp\/v2\/users\/1"}],"replies":[{"embeddable":true,"href":"https:\/\/www.cidademarketing.com.br\/marketing\/wp-json\/wp\/v2\/comments?post=43794"}],"version-history":[{"count":1,"href":"https:\/\/www.cidademarketing.com.br\/marketing\/wp-json\/wp\/v2\/posts\/43794\/revisions"}],"predecessor-version":[{"id":43796,"href":"https:\/\/www.cidademarketing.com.br\/marketing\/wp-json\/wp\/v2\/posts\/43794\/revisions\/43796"}],"wp:featuredmedia":[{"embeddable":true,"href":"https:\/\/www.cidademarketing.com.br\/marketing\/wp-json\/wp\/v2\/media\/43795"}],"wp:attachment":[{"href":"https:\/\/www.cidademarketing.com.br\/marketing\/wp-json\/wp\/v2\/media?parent=43794"}],"wp:term":[{"taxonomy":"category","embeddable":true,"href":"https:\/\/www.cidademarketing.com.br\/marketing\/wp-json\/wp\/v2\/categories?post=43794"},{"taxonomy":"post_tag","embeddable":true,"href":"https:\/\/www.cidademarketing.com.br\/marketing\/wp-json\/wp\/v2\/tags?post=43794"}],"curies":[{"name":"wp","href":"https:\/\/api.w.org\/{rel}","templated":true}]}}