{"id":43786,"date":"2023-03-08T16:29:23","date_gmt":"2023-03-08T19:29:23","guid":{"rendered":"https:\/\/www.cidademarketing.com.br\/marketing\/?p=43786"},"modified":"2023-03-08T16:29:23","modified_gmt":"2023-03-08T19:29:23","slug":"a-historia-da-mulher-que-pilota-uma-das-maiores-aeronaves-da-latam","status":"publish","type":"post","link":"https:\/\/www.cidademarketing.com.br\/marketing\/2023\/03\/08\/a-historia-da-mulher-que-pilota-uma-das-maiores-aeronaves-da-latam\/","title":{"rendered":"A hist\u00f3ria da mulher que pilota uma das maiores aeronaves da LATAM"},"content":{"rendered":"<p>Pode-se dizer que a paix\u00e3o de Aline Canedo pela avia\u00e7\u00e3o \u00e9 uma heran\u00e7a passada de pai para filha. Natural de Londrina (PR) e criada em Tamarana (PR), a copiloto de 31 anos acumula mais de 3 mil horas de voo e sobrevoa os c\u00e9us do Brasil e do mundo em uma das maiores aeronaves da LATAM, o Boeing 767 cargueiro da LATAM Cargo, com a responsabilidade de transportar cerca de 55 toneladas por voo com seguran\u00e7a e agilidade.<\/p>\n<p><iframe title=\"Spotify Embed: Podcast CidadeMarketing\" style=\"border-radius: 12px\" width=\"100%\" height=\"152\" frameborder=\"0\" allowfullscreen allow=\"autoplay; clipboard-write; encrypted-media; fullscreen; picture-in-picture\" loading=\"lazy\" src=\"https:\/\/open.spotify.com\/embed\/show\/4khMKzP3FgFRWVwb73xicc?si=252fe5bff2b34909&#038;utm_source=oembed\"><\/iframe><\/p>\n<p>A sua rela\u00e7\u00e3o com a avia\u00e7\u00e3o come\u00e7ou dentro de casa. O pai, Santino, apaixonado por avi\u00f5es, sempre compartilhou seu sonho de ser piloto, o que despertou o interesse da filha. A certeza veio quando, pela primeira vez, teve a chance de ver um helic\u00f3ptero de perto em sua cidade. &#8220;No momento em que ele saiu do ch\u00e3o, eu percebi que era aquilo que eu realmente queria para minha vida&#8221;, conta Aline. Determinada em seguir a profiss\u00e3o, ingressou na faculdade de Ci\u00eancias Aeron\u00e1uticas e foi a aluna de melhor desempenho entre os concluintes. &#8220;Lembro que o reitor da universidade ficou surpreso pelo fato de uma mulher ter ficado em primeiro lugar no curso&#8221;, compartilha.<\/p>\n<p>A paranaense conta que surgiram diversas oportunidades em outras \u00e1reas, mas n\u00e3o abria m\u00e3o da avia\u00e7\u00e3o. Ao concluir o curso de piloto comercial, trabalhou em uma escola de avia\u00e7\u00e3o. &#8220;Eu era respons\u00e1vel por abrir e fechar o hangar, vender pe\u00e7as, tudo isso s\u00f3 para estar no meio da avia\u00e7\u00e3o, mas eu praticamente pagava para trabalhar&#8221;. Foi quando surgiu a oportunidade de ser copiloto em uma companhia de t\u00e1xi a\u00e9reo no Par\u00e1, onde ficou por quatro anos operando voos cargueiros em aeronaves de pequeno porte.<\/p>\n\r\n                <style type=\"text\/css\">\r\n                    \r\n                    #tdi_1  .td-doubleSlider-2 .td-item1 {\r\n                        background: url(https:\/\/www.cidademarketing.com.br\/marketing\/wp-content\/uploads\/2023\/03\/aline_latam_03-80x60.jpg) 0 0 no-repeat;\r\n                    }\r\n                    #tdi_1  .td-doubleSlider-2 .td-item2 {\r\n                        background: url(https:\/\/www.cidademarketing.com.br\/marketing\/wp-content\/uploads\/2023\/03\/aline_latam_02-80x60.jpg) 0 0 no-repeat;\r\n                    }\r\n                    #tdi_1  .td-doubleSlider-2 .td-item3 {\r\n                        background: url(https:\/\/www.cidademarketing.com.br\/marketing\/wp-content\/uploads\/2023\/03\/aline_latam_01-80x60.jpg) 0 0 no-repeat;\r\n                    }\r\n                <\/style>\r\n\r\n                <div id=\"tdi_1\" class=\"td-gallery td-slide-on-2-columns\">\r\n                    <div class=\"post_td_gallery\">\r\n                        <div class=\"td-gallery-slide-top\">\r\n                           <div class=\"td-gallery-title\"><\/div>\r\n\r\n                            <div class=\"td-gallery-controls-wrapper\">\r\n                                <div class=\"td-gallery-slide-count\"><span class=\"td-gallery-slide-item-focus\">1<\/span> de 3<\/div>\r\n                                <div class=\"td-gallery-slide-prev-next-but\">\r\n                                    <i class = \"td-icon-left doubleSliderPrevButton\"><\/i>\r\n                                    <i class = \"td-icon-right doubleSliderNextButton\"><\/i>\r\n                                <\/div>\r\n                            <\/div>\r\n                        <\/div>\r\n\r\n                        <div class = \"td-doubleSlider-1 \">\r\n                            <div class = \"td-slider\">\r\n                                \r\n                    <div class = \"td-slide-item td-item1\">\r\n                        <figure class=\"td-slide-galery-figure td-slide-popup-gallery\">\r\n                            <a class=\"slide-gallery-image-link\" href=\"https:\/\/www.cidademarketing.com.br\/marketing\/wp-content\/uploads\/2023\/03\/aline_latam_03.jpg\" title=\"aline_latam_03\"  data-caption=\"Foto: arquivo pessoal\/Aline Gon\u00e7alves Canedo\"  data-description=\"\">\r\n                                <img decoding=\"async\" src=\"https:\/\/www.cidademarketing.com.br\/marketing\/wp-content\/uploads\/2023\/03\/aline_latam_03-560x420.jpg\" srcset=\"https:\/\/www.cidademarketing.com.br\/marketing\/wp-content\/uploads\/2023\/03\/aline_latam_03-560x420.jpg 560w, https:\/\/www.cidademarketing.com.br\/marketing\/wp-content\/uploads\/2023\/03\/aline_latam_03-300x225.jpg 300w, https:\/\/www.cidademarketing.com.br\/marketing\/wp-content\/uploads\/2023\/03\/aline_latam_03-1024x768.jpg 1024w, https:\/\/www.cidademarketing.com.br\/marketing\/wp-content\/uploads\/2023\/03\/aline_latam_03-768x576.jpg 768w, https:\/\/www.cidademarketing.com.br\/marketing\/wp-content\/uploads\/2023\/03\/aline_latam_03-1536x1152.jpg 1536w, https:\/\/www.cidademarketing.com.br\/marketing\/wp-content\/uploads\/2023\/03\/aline_latam_03-80x60.jpg 80w, https:\/\/www.cidademarketing.com.br\/marketing\/wp-content\/uploads\/2023\/03\/aline_latam_03-100x75.jpg 100w, https:\/\/www.cidademarketing.com.br\/marketing\/wp-content\/uploads\/2023\/03\/aline_latam_03-180x135.jpg 180w, https:\/\/www.cidademarketing.com.br\/marketing\/wp-content\/uploads\/2023\/03\/aline_latam_03-238x178.jpg 238w, https:\/\/www.cidademarketing.com.br\/marketing\/wp-content\/uploads\/2023\/03\/aline_latam_03-265x198.jpg 265w, https:\/\/www.cidademarketing.com.br\/marketing\/wp-content\/uploads\/2023\/03\/aline_latam_03-640x480.jpg 640w, https:\/\/www.cidademarketing.com.br\/marketing\/wp-content\/uploads\/2023\/03\/aline_latam_03-681x511.jpg 681w, https:\/\/www.cidademarketing.com.br\/marketing\/wp-content\/uploads\/2023\/03\/aline_latam_03.jpg 1600w\" sizes=\"(max-width: 560px) 100vw, 560px\" alt=\"\">\r\n                            <\/a>\r\n                            <figcaption class = \"td-slide-caption td-gallery-slide-content\"><div class = \"td-gallery-slide-copywrite\">Foto: arquivo pessoal\/Aline Gon\u00e7alves Canedo<\/div><\/figcaption>\r\n                        <\/figure>\r\n                    <\/div>\r\n                    <div class = \"td-slide-item td-item2\">\r\n                        <figure class=\"td-slide-galery-figure td-slide-popup-gallery\">\r\n                            <a class=\"slide-gallery-image-link\" href=\"https:\/\/www.cidademarketing.com.br\/marketing\/wp-content\/uploads\/2023\/03\/aline_latam_02.jpg\" title=\"aline_latam_02\"  data-caption=\"Foto: arquivo pessoal\/Aline Gon\u00e7alves Canedo\"  data-description=\"\">\r\n                                <img decoding=\"async\" src=\"https:\/\/www.cidademarketing.com.br\/marketing\/wp-content\/uploads\/2023\/03\/aline_latam_02-315x420.jpg\" srcset=\"https:\/\/www.cidademarketing.com.br\/marketing\/wp-content\/uploads\/2023\/03\/aline_latam_02-315x420.jpg 315w, https:\/\/www.cidademarketing.com.br\/marketing\/wp-content\/uploads\/2023\/03\/aline_latam_02-225x300.jpg 225w, https:\/\/www.cidademarketing.com.br\/marketing\/wp-content\/uploads\/2023\/03\/aline_latam_02-768x1024.jpg 768w, https:\/\/www.cidademarketing.com.br\/marketing\/wp-content\/uploads\/2023\/03\/aline_latam_02-1152x1536.jpg 1152w, https:\/\/www.cidademarketing.com.br\/marketing\/wp-content\/uploads\/2023\/03\/aline_latam_02-640x853.jpg 640w, https:\/\/www.cidademarketing.com.br\/marketing\/wp-content\/uploads\/2023\/03\/aline_latam_02-681x908.jpg 681w, https:\/\/www.cidademarketing.com.br\/marketing\/wp-content\/uploads\/2023\/03\/aline_latam_02.jpg 1200w\" sizes=\"(max-width: 315px) 100vw, 315px\" alt=\"\">\r\n                            <\/a>\r\n                            <figcaption class = \"td-slide-caption td-gallery-slide-content\"><div class = \"td-gallery-slide-copywrite\">Foto: arquivo pessoal\/Aline Gon\u00e7alves Canedo<\/div><\/figcaption>\r\n                        <\/figure>\r\n                    <\/div>\r\n                    <div class = \"td-slide-item td-item3\">\r\n                        <figure class=\"td-slide-galery-figure td-slide-popup-gallery\">\r\n                            <a class=\"slide-gallery-image-link\" href=\"https:\/\/www.cidademarketing.com.br\/marketing\/wp-content\/uploads\/2023\/03\/aline_latam_01.jpg\" title=\"aline_latam_01\"  data-caption=\"Foto: arquivo pessoal\/Aline Gon\u00e7alves Canedo\"  data-description=\"\">\r\n                                <img decoding=\"async\" src=\"https:\/\/www.cidademarketing.com.br\/marketing\/wp-content\/uploads\/2023\/03\/aline_latam_01-559x420.jpg\" srcset=\"https:\/\/www.cidademarketing.com.br\/marketing\/wp-content\/uploads\/2023\/03\/aline_latam_01-559x420.jpg 559w, https:\/\/www.cidademarketing.com.br\/marketing\/wp-content\/uploads\/2023\/03\/aline_latam_01-300x225.jpg 300w, https:\/\/www.cidademarketing.com.br\/marketing\/wp-content\/uploads\/2023\/03\/aline_latam_01-1024x769.jpg 1024w, https:\/\/www.cidademarketing.com.br\/marketing\/wp-content\/uploads\/2023\/03\/aline_latam_01-768x577.jpg 768w, https:\/\/www.cidademarketing.com.br\/marketing\/wp-content\/uploads\/2023\/03\/aline_latam_01-80x60.jpg 80w, https:\/\/www.cidademarketing.com.br\/marketing\/wp-content\/uploads\/2023\/03\/aline_latam_01-100x75.jpg 100w, https:\/\/www.cidademarketing.com.br\/marketing\/wp-content\/uploads\/2023\/03\/aline_latam_01-180x135.jpg 180w, https:\/\/www.cidademarketing.com.br\/marketing\/wp-content\/uploads\/2023\/03\/aline_latam_01-238x178.jpg 238w, https:\/\/www.cidademarketing.com.br\/marketing\/wp-content\/uploads\/2023\/03\/aline_latam_01-265x198.jpg 265w, https:\/\/www.cidademarketing.com.br\/marketing\/wp-content\/uploads\/2023\/03\/aline_latam_01-640x481.jpg 640w, https:\/\/www.cidademarketing.com.br\/marketing\/wp-content\/uploads\/2023\/03\/aline_latam_01-681x511.jpg 681w, https:\/\/www.cidademarketing.com.br\/marketing\/wp-content\/uploads\/2023\/03\/aline_latam_01.jpg 1280w\" sizes=\"(max-width: 559px) 100vw, 559px\" alt=\"\">\r\n                            <\/a>\r\n                            <figcaption class = \"td-slide-caption td-gallery-slide-content\"><div class = \"td-gallery-slide-copywrite\">Foto: arquivo pessoal\/Aline Gon\u00e7alves Canedo<\/div><\/figcaption>\r\n                        <\/figure>\r\n                    <\/div>\r\n                            <\/div>\r\n                        <\/div>\r\n\r\n                        <div class = \"td-doubleSlider-2\">\r\n                            <div class = \"td-slider\">\r\n                                \r\n                    <div class = \"td-button td-item1\">\r\n                        <div class = \"td-border\"><\/div>\r\n                    <\/div>\r\n                    <div class = \"td-button td-item2\">\r\n                        <div class = \"td-border\"><\/div>\r\n                    <\/div>\r\n                    <div class = \"td-button td-item3\">\r\n                        <div class = \"td-border\"><\/div>\r\n                    <\/div>\r\n                            <\/div>\r\n                        <\/div>\r\n\r\n                    <\/div>\r\n\r\n                <\/div>\r\n                \n<p>Em 2019, ingressou na LATAM e, no final de 2022, passou a fazer parte da LATAM Cargo, unidade de transporte de cargas do grupo LATAM e onde transporta cerca de 55 toneladas por voo para diferentes partes do mundo em um Boeing 767 cargueiro. &#8220;Quando entro na cabine e lembro de tudo o que passou, sinto um enorme orgulho em operar uma das maiores aeronaves da LATAM&#8221;.<\/p>\n<p>Para outras mulheres que sonham em atuar na avia\u00e7\u00e3o, Aline deixa uma li\u00e7\u00e3o que aprendeu: &#8220;A sorte favorece a mente preparada, como minha m\u00e3e, Nair, costumava repetir em casa. Por mais penoso que seja o caminho, se tiver persist\u00eancia e determina\u00e7\u00e3o \u00e9 poss\u00edvel quebrar todas as barreiras e alcan\u00e7ar o que para os outros parece imposs\u00edvel. Tem uma frase que gosto muito: sonhe grande e mire na lua. Mesmo que voc\u00ea erre, estar\u00e1 entre as estrelas se cair\u201d, finaliza.<\/p>\n<p><iframe style=\"width: 100%; max-width: 660px; overflow: hidden; background: transparent;\" src=\"https:\/\/embed.podcasts.apple.com\/br\/podcast\/podcast-cidademarketing\/id1371923283\" height=\"450\" frameborder=\"0\" sandbox=\"allow-forms allow-popups allow-same-origin allow-scripts allow-storage-access-by-user-activation allow-top-navigation-by-user-activation\"><\/iframe><\/p>\n","protected":false},"excerpt":{"rendered":"<p>Pode-se dizer que a paix\u00e3o de Aline Canedo pela avia\u00e7\u00e3o \u00e9 uma heran\u00e7a passada de pai para filha. Natural de Londrina (PR) e criada em Tamarana (PR), a copiloto de 31 anos acumula mais de 3 mil horas de voo e sobrevoa os c\u00e9us do Brasil e do mundo em uma das maiores aeronaves da [&hellip;]<\/p>\n","protected":false},"author":1,"featured_media":43788,"comment_status":"open","ping_status":"open","sticky":false,"template":"","format":"standard","meta":{"tdm_status":"","tdm_grid_status":"","footnotes":""},"categories":[6],"tags":[65,33,155,28,592],"class_list":["post-43786","post","type-post","status-publish","format-standard","has-post-thumbnail","hentry","category-noticias","tag-campanha","tag-estrategia","tag-latam","tag-marketing","tag-mulher"],"yoast_head":"<!-- This site is optimized with the Yoast SEO plugin v27.5 - https:\/\/yoast.com\/product\/yoast-seo-wordpress\/ -->\n<title>A hist\u00f3ria da mulher que pilota uma das maiores aeronaves da LATAM - CidadeMarketing<\/title>\n<meta name=\"robots\" content=\"index, follow, max-snippet:-1, max-image-preview:large, max-video-preview:-1\" \/>\n<link rel=\"canonical\" href=\"https:\/\/www.cidademarketing.com.br\/marketing\/2023\/03\/08\/a-historia-da-mulher-que-pilota-uma-das-maiores-aeronaves-da-latam\/\" \/>\n<meta property=\"og:locale\" content=\"pt_BR\" \/>\n<meta property=\"og:type\" content=\"article\" \/>\n<meta property=\"og:title\" content=\"A hist\u00f3ria da mulher que pilota uma das maiores aeronaves da LATAM - CidadeMarketing\" \/>\n<meta property=\"og:description\" content=\"Pode-se dizer que a paix\u00e3o de Aline Canedo pela avia\u00e7\u00e3o \u00e9 uma heran\u00e7a passada de pai para filha. Natural de Londrina (PR) e criada em Tamarana (PR), a copiloto de 31 anos acumula mais de 3 mil horas de voo e sobrevoa os c\u00e9us do Brasil e do mundo em uma das maiores aeronaves da [&hellip;]\" \/>\n<meta property=\"og:url\" content=\"https:\/\/www.cidademarketing.com.br\/marketing\/2023\/03\/08\/a-historia-da-mulher-que-pilota-uma-das-maiores-aeronaves-da-latam\/\" \/>\n<meta property=\"og:site_name\" content=\"CidadeMarketing\" \/>\n<meta property=\"article:publisher\" content=\"https:\/\/www.facebook.com\/portalcidademarketing\" \/>\n<meta property=\"article:author\" content=\"https:\/\/www.facebook.com\/thalesbrandao\" \/>\n<meta property=\"article:published_time\" content=\"2023-03-08T19:29:23+00:00\" \/>\n<meta property=\"og:image\" content=\"https:\/\/www.cidademarketing.com.br\/marketing\/wp-content\/uploads\/2023\/03\/aline_latam_02.jpg\" \/>\n\t<meta property=\"og:image:width\" content=\"1200\" \/>\n\t<meta property=\"og:image:height\" content=\"1600\" \/>\n\t<meta property=\"og:image:type\" content=\"image\/jpeg\" \/>\n<meta name=\"author\" content=\"Thales Brand\u00e3o\" \/>\n<meta name=\"twitter:card\" content=\"summary_large_image\" \/>\n<meta name=\"twitter:creator\" content=\"@http:\/\/www.twitter.com\/thalesbrandao\" \/>\n<meta name=\"twitter:site\" content=\"@CidadeMarketing\" \/>\n<meta name=\"twitter:label1\" content=\"Escrito por\" \/>\n\t<meta name=\"twitter:data1\" content=\"Thales Brand\u00e3o\" \/>\n\t<meta name=\"twitter:label2\" content=\"Est. tempo de leitura\" \/>\n\t<meta name=\"twitter:data2\" content=\"2 minutos\" \/>\n<script type=\"application\/ld+json\" class=\"yoast-schema-graph\">{\"@context\":\"https:\\\/\\\/schema.org\",\"@graph\":[{\"@type\":\"Article\",\"@id\":\"https:\\\/\\\/www.cidademarketing.com.br\\\/marketing\\\/2023\\\/03\\\/08\\\/a-historia-da-mulher-que-pilota-uma-das-maiores-aeronaves-da-latam\\\/#article\",\"isPartOf\":{\"@id\":\"https:\\\/\\\/www.cidademarketing.com.br\\\/marketing\\\/2023\\\/03\\\/08\\\/a-historia-da-mulher-que-pilota-uma-das-maiores-aeronaves-da-latam\\\/\"},\"author\":{\"name\":\"Thales Brand\u00e3o\",\"@id\":\"https:\\\/\\\/www.cidademarketing.com.br\\\/marketing\\\/#\\\/schema\\\/person\\\/02daff9f18bd9378c9e01eb6b2db155f\"},\"headline\":\"A hist\u00f3ria da mulher que pilota uma das maiores aeronaves da LATAM\",\"datePublished\":\"2023-03-08T19:29:23+00:00\",\"mainEntityOfPage\":{\"@id\":\"https:\\\/\\\/www.cidademarketing.com.br\\\/marketing\\\/2023\\\/03\\\/08\\\/a-historia-da-mulher-que-pilota-uma-das-maiores-aeronaves-da-latam\\\/\"},\"wordCount\":476,\"commentCount\":0,\"publisher\":{\"@id\":\"https:\\\/\\\/www.cidademarketing.com.br\\\/marketing\\\/#organization\"},\"image\":{\"@id\":\"https:\\\/\\\/www.cidademarketing.com.br\\\/marketing\\\/2023\\\/03\\\/08\\\/a-historia-da-mulher-que-pilota-uma-das-maiores-aeronaves-da-latam\\\/#primaryimage\"},\"thumbnailUrl\":\"https:\\\/\\\/www.cidademarketing.com.br\\\/marketing\\\/wp-content\\\/uploads\\\/2023\\\/03\\\/aline_latam_02.jpg\",\"keywords\":[\"campanha\",\"estrat\u00e9gia\",\"Latam\",\"marketing\",\"mulher\"],\"articleSection\":[\"Not\u00edcias\"],\"inLanguage\":\"pt-BR\",\"potentialAction\":[{\"@type\":\"CommentAction\",\"name\":\"Comment\",\"target\":[\"https:\\\/\\\/www.cidademarketing.com.br\\\/marketing\\\/2023\\\/03\\\/08\\\/a-historia-da-mulher-que-pilota-uma-das-maiores-aeronaves-da-latam\\\/#respond\"]}]},{\"@type\":\"WebPage\",\"@id\":\"https:\\\/\\\/www.cidademarketing.com.br\\\/marketing\\\/2023\\\/03\\\/08\\\/a-historia-da-mulher-que-pilota-uma-das-maiores-aeronaves-da-latam\\\/\",\"url\":\"https:\\\/\\\/www.cidademarketing.com.br\\\/marketing\\\/2023\\\/03\\\/08\\\/a-historia-da-mulher-que-pilota-uma-das-maiores-aeronaves-da-latam\\\/\",\"name\":\"A hist\u00f3ria da mulher que pilota uma das maiores aeronaves da LATAM - CidadeMarketing\",\"isPartOf\":{\"@id\":\"https:\\\/\\\/www.cidademarketing.com.br\\\/marketing\\\/#website\"},\"primaryImageOfPage\":{\"@id\":\"https:\\\/\\\/www.cidademarketing.com.br\\\/marketing\\\/2023\\\/03\\\/08\\\/a-historia-da-mulher-que-pilota-uma-das-maiores-aeronaves-da-latam\\\/#primaryimage\"},\"image\":{\"@id\":\"https:\\\/\\\/www.cidademarketing.com.br\\\/marketing\\\/2023\\\/03\\\/08\\\/a-historia-da-mulher-que-pilota-uma-das-maiores-aeronaves-da-latam\\\/#primaryimage\"},\"thumbnailUrl\":\"https:\\\/\\\/www.cidademarketing.com.br\\\/marketing\\\/wp-content\\\/uploads\\\/2023\\\/03\\\/aline_latam_02.jpg\",\"datePublished\":\"2023-03-08T19:29:23+00:00\",\"breadcrumb\":{\"@id\":\"https:\\\/\\\/www.cidademarketing.com.br\\\/marketing\\\/2023\\\/03\\\/08\\\/a-historia-da-mulher-que-pilota-uma-das-maiores-aeronaves-da-latam\\\/#breadcrumb\"},\"inLanguage\":\"pt-BR\",\"potentialAction\":[{\"@type\":\"ReadAction\",\"target\":[\"https:\\\/\\\/www.cidademarketing.com.br\\\/marketing\\\/2023\\\/03\\\/08\\\/a-historia-da-mulher-que-pilota-uma-das-maiores-aeronaves-da-latam\\\/\"]}]},{\"@type\":\"ImageObject\",\"inLanguage\":\"pt-BR\",\"@id\":\"https:\\\/\\\/www.cidademarketing.com.br\\\/marketing\\\/2023\\\/03\\\/08\\\/a-historia-da-mulher-que-pilota-uma-das-maiores-aeronaves-da-latam\\\/#primaryimage\",\"url\":\"https:\\\/\\\/www.cidademarketing.com.br\\\/marketing\\\/wp-content\\\/uploads\\\/2023\\\/03\\\/aline_latam_02.jpg\",\"contentUrl\":\"https:\\\/\\\/www.cidademarketing.com.br\\\/marketing\\\/wp-content\\\/uploads\\\/2023\\\/03\\\/aline_latam_02.jpg\",\"width\":1200,\"height\":1600,\"caption\":\"Foto: arquivo pessoal\\\/Aline Gon\u00e7alves Canedo\"},{\"@type\":\"BreadcrumbList\",\"@id\":\"https:\\\/\\\/www.cidademarketing.com.br\\\/marketing\\\/2023\\\/03\\\/08\\\/a-historia-da-mulher-que-pilota-uma-das-maiores-aeronaves-da-latam\\\/#breadcrumb\",\"itemListElement\":[{\"@type\":\"ListItem\",\"position\":1,\"name\":\"In\u00edcio\",\"item\":\"https:\\\/\\\/www.cidademarketing.com.br\\\/marketing\\\/\"},{\"@type\":\"ListItem\",\"position\":2,\"name\":\"A hist\u00f3ria da mulher que pilota uma das maiores aeronaves da LATAM\"}]},{\"@type\":\"WebSite\",\"@id\":\"https:\\\/\\\/www.cidademarketing.com.br\\\/marketing\\\/#website\",\"url\":\"https:\\\/\\\/www.cidademarketing.com.br\\\/marketing\\\/\",\"name\":\"CidadeMarketing\",\"description\":\"Somos um ve\u00edculo de comunica\u00e7\u00e3o de destaque no Brasil, reconhecido por conte\u00fados nos segmentos de marketing, empreendedorismo e inova\u00e7\u00e3o.\",\"publisher\":{\"@id\":\"https:\\\/\\\/www.cidademarketing.com.br\\\/marketing\\\/#organization\"},\"alternateName\":\"CidadeMarketing\",\"potentialAction\":[{\"@type\":\"SearchAction\",\"target\":{\"@type\":\"EntryPoint\",\"urlTemplate\":\"https:\\\/\\\/www.cidademarketing.com.br\\\/marketing\\\/?s={search_term_string}\"},\"query-input\":{\"@type\":\"PropertyValueSpecification\",\"valueRequired\":true,\"valueName\":\"search_term_string\"}}],\"inLanguage\":\"pt-BR\"},{\"@type\":\"Organization\",\"@id\":\"https:\\\/\\\/www.cidademarketing.com.br\\\/marketing\\\/#organization\",\"name\":\"CidadeMarketing\",\"alternateName\":\"CidadeMarketing\",\"url\":\"https:\\\/\\\/www.cidademarketing.com.br\\\/marketing\\\/\",\"logo\":{\"@type\":\"ImageObject\",\"inLanguage\":\"pt-BR\",\"@id\":\"https:\\\/\\\/www.cidademarketing.com.br\\\/marketing\\\/#\\\/schema\\\/logo\\\/image\\\/\",\"url\":\"https:\\\/\\\/www.cidademarketing.com.br\\\/marketing\\\/wp-content\\\/uploads\\\/2020\\\/01\\\/cidademarketing_marca_mobile.png\",\"contentUrl\":\"https:\\\/\\\/www.cidademarketing.com.br\\\/marketing\\\/wp-content\\\/uploads\\\/2020\\\/01\\\/cidademarketing_marca_mobile.png\",\"width\":230,\"height\":92,\"caption\":\"CidadeMarketing\"},\"image\":{\"@id\":\"https:\\\/\\\/www.cidademarketing.com.br\\\/marketing\\\/#\\\/schema\\\/logo\\\/image\\\/\"},\"sameAs\":[\"https:\\\/\\\/www.facebook.com\\\/portalcidademarketing\",\"https:\\\/\\\/x.com\\\/CidadeMarketing\",\"https:\\\/\\\/www.instagram.com\\\/cidademarketing\\\/\"]},{\"@type\":\"Person\",\"@id\":\"https:\\\/\\\/www.cidademarketing.com.br\\\/marketing\\\/#\\\/schema\\\/person\\\/02daff9f18bd9378c9e01eb6b2db155f\",\"name\":\"Thales Brand\u00e3o\",\"image\":{\"@type\":\"ImageObject\",\"inLanguage\":\"pt-BR\",\"@id\":\"https:\\\/\\\/secure.gravatar.com\\\/avatar\\\/7ca3206950207cc3cb48feec56a8a7898741ab725c368d99d5d7a5a50aab80c6?s=96&d=mm&r=g\",\"url\":\"https:\\\/\\\/secure.gravatar.com\\\/avatar\\\/7ca3206950207cc3cb48feec56a8a7898741ab725c368d99d5d7a5a50aab80c6?s=96&d=mm&r=g\",\"contentUrl\":\"https:\\\/\\\/secure.gravatar.com\\\/avatar\\\/7ca3206950207cc3cb48feec56a8a7898741ab725c368d99d5d7a5a50aab80c6?s=96&d=mm&r=g\",\"caption\":\"Thales Brand\u00e3o\"},\"description\":\"Editor Executivo do Portal CidadeMarketing.com.br &gt; Mestre em Comunica\u00e7\u00e3o e Sociedade pela Universidade Federal de Sergipe. Possui MBA Executivo em Administra\u00e7\u00e3o com \u00eanfase em Marketing pela Funda\u00e7\u00e3o Get\u00falio Vargas - Rio de Janeiro. Consultor, Palestrante e Pesquisador sobre Empreendedorismo, Marketing, Redes Sociais e Neg\u00f3cios Digitais. Professor, Palestrante TedxTalks e Campus Party. Twitter: @ThalesBrandao\",\"sameAs\":[\"http:\\\/\\\/www.mandacaru.com.br\",\"https:\\\/\\\/www.facebook.com\\\/thalesbrandao\",\"http:\\\/\\\/www.instagram.com.br\\\/thalesbrandaoferreira\",\"https:\\\/\\\/www.linkedin.com\\\/in\\\/thales-brand\u00e3o-3948609\\\/\",\"https:\\\/\\\/x.com\\\/http:\\\/\\\/www.twitter.com\\\/thalesbrandao\"],\"url\":\"https:\\\/\\\/www.cidademarketing.com.br\\\/marketing\\\/author\\\/thalesbrandao\\\/\"}]}<\/script>\n<!-- \/ Yoast SEO plugin. -->","yoast_head_json":{"title":"A hist\u00f3ria da mulher que pilota uma das maiores aeronaves da LATAM - CidadeMarketing","robots":{"index":"index","follow":"follow","max-snippet":"max-snippet:-1","max-image-preview":"max-image-preview:large","max-video-preview":"max-video-preview:-1"},"canonical":"https:\/\/www.cidademarketing.com.br\/marketing\/2023\/03\/08\/a-historia-da-mulher-que-pilota-uma-das-maiores-aeronaves-da-latam\/","og_locale":"pt_BR","og_type":"article","og_title":"A hist\u00f3ria da mulher que pilota uma das maiores aeronaves da LATAM - CidadeMarketing","og_description":"Pode-se dizer que a paix\u00e3o de Aline Canedo pela avia\u00e7\u00e3o \u00e9 uma heran\u00e7a passada de pai para filha. Natural de Londrina (PR) e criada em Tamarana (PR), a copiloto de 31 anos acumula mais de 3 mil horas de voo e sobrevoa os c\u00e9us do Brasil e do mundo em uma das maiores aeronaves da [&hellip;]","og_url":"https:\/\/www.cidademarketing.com.br\/marketing\/2023\/03\/08\/a-historia-da-mulher-que-pilota-uma-das-maiores-aeronaves-da-latam\/","og_site_name":"CidadeMarketing","article_publisher":"https:\/\/www.facebook.com\/portalcidademarketing","article_author":"https:\/\/www.facebook.com\/thalesbrandao","article_published_time":"2023-03-08T19:29:23+00:00","og_image":[{"width":1200,"height":1600,"url":"https:\/\/www.cidademarketing.com.br\/marketing\/wp-content\/uploads\/2023\/03\/aline_latam_02.jpg","type":"image\/jpeg"}],"author":"Thales Brand\u00e3o","twitter_card":"summary_large_image","twitter_creator":"@http:\/\/www.twitter.com\/thalesbrandao","twitter_site":"@CidadeMarketing","twitter_misc":{"Escrito por":"Thales Brand\u00e3o","Est. tempo de leitura":"2 minutos"},"schema":{"@context":"https:\/\/schema.org","@graph":[{"@type":"Article","@id":"https:\/\/www.cidademarketing.com.br\/marketing\/2023\/03\/08\/a-historia-da-mulher-que-pilota-uma-das-maiores-aeronaves-da-latam\/#article","isPartOf":{"@id":"https:\/\/www.cidademarketing.com.br\/marketing\/2023\/03\/08\/a-historia-da-mulher-que-pilota-uma-das-maiores-aeronaves-da-latam\/"},"author":{"name":"Thales Brand\u00e3o","@id":"https:\/\/www.cidademarketing.com.br\/marketing\/#\/schema\/person\/02daff9f18bd9378c9e01eb6b2db155f"},"headline":"A hist\u00f3ria da mulher que pilota uma das maiores aeronaves da LATAM","datePublished":"2023-03-08T19:29:23+00:00","mainEntityOfPage":{"@id":"https:\/\/www.cidademarketing.com.br\/marketing\/2023\/03\/08\/a-historia-da-mulher-que-pilota-uma-das-maiores-aeronaves-da-latam\/"},"wordCount":476,"commentCount":0,"publisher":{"@id":"https:\/\/www.cidademarketing.com.br\/marketing\/#organization"},"image":{"@id":"https:\/\/www.cidademarketing.com.br\/marketing\/2023\/03\/08\/a-historia-da-mulher-que-pilota-uma-das-maiores-aeronaves-da-latam\/#primaryimage"},"thumbnailUrl":"https:\/\/www.cidademarketing.com.br\/marketing\/wp-content\/uploads\/2023\/03\/aline_latam_02.jpg","keywords":["campanha","estrat\u00e9gia","Latam","marketing","mulher"],"articleSection":["Not\u00edcias"],"inLanguage":"pt-BR","potentialAction":[{"@type":"CommentAction","name":"Comment","target":["https:\/\/www.cidademarketing.com.br\/marketing\/2023\/03\/08\/a-historia-da-mulher-que-pilota-uma-das-maiores-aeronaves-da-latam\/#respond"]}]},{"@type":"WebPage","@id":"https:\/\/www.cidademarketing.com.br\/marketing\/2023\/03\/08\/a-historia-da-mulher-que-pilota-uma-das-maiores-aeronaves-da-latam\/","url":"https:\/\/www.cidademarketing.com.br\/marketing\/2023\/03\/08\/a-historia-da-mulher-que-pilota-uma-das-maiores-aeronaves-da-latam\/","name":"A hist\u00f3ria da mulher que pilota uma das maiores aeronaves da LATAM - CidadeMarketing","isPartOf":{"@id":"https:\/\/www.cidademarketing.com.br\/marketing\/#website"},"primaryImageOfPage":{"@id":"https:\/\/www.cidademarketing.com.br\/marketing\/2023\/03\/08\/a-historia-da-mulher-que-pilota-uma-das-maiores-aeronaves-da-latam\/#primaryimage"},"image":{"@id":"https:\/\/www.cidademarketing.com.br\/marketing\/2023\/03\/08\/a-historia-da-mulher-que-pilota-uma-das-maiores-aeronaves-da-latam\/#primaryimage"},"thumbnailUrl":"https:\/\/www.cidademarketing.com.br\/marketing\/wp-content\/uploads\/2023\/03\/aline_latam_02.jpg","datePublished":"2023-03-08T19:29:23+00:00","breadcrumb":{"@id":"https:\/\/www.cidademarketing.com.br\/marketing\/2023\/03\/08\/a-historia-da-mulher-que-pilota-uma-das-maiores-aeronaves-da-latam\/#breadcrumb"},"inLanguage":"pt-BR","potentialAction":[{"@type":"ReadAction","target":["https:\/\/www.cidademarketing.com.br\/marketing\/2023\/03\/08\/a-historia-da-mulher-que-pilota-uma-das-maiores-aeronaves-da-latam\/"]}]},{"@type":"ImageObject","inLanguage":"pt-BR","@id":"https:\/\/www.cidademarketing.com.br\/marketing\/2023\/03\/08\/a-historia-da-mulher-que-pilota-uma-das-maiores-aeronaves-da-latam\/#primaryimage","url":"https:\/\/www.cidademarketing.com.br\/marketing\/wp-content\/uploads\/2023\/03\/aline_latam_02.jpg","contentUrl":"https:\/\/www.cidademarketing.com.br\/marketing\/wp-content\/uploads\/2023\/03\/aline_latam_02.jpg","width":1200,"height":1600,"caption":"Foto: arquivo pessoal\/Aline Gon\u00e7alves Canedo"},{"@type":"BreadcrumbList","@id":"https:\/\/www.cidademarketing.com.br\/marketing\/2023\/03\/08\/a-historia-da-mulher-que-pilota-uma-das-maiores-aeronaves-da-latam\/#breadcrumb","itemListElement":[{"@type":"ListItem","position":1,"name":"In\u00edcio","item":"https:\/\/www.cidademarketing.com.br\/marketing\/"},{"@type":"ListItem","position":2,"name":"A hist\u00f3ria da mulher que pilota uma das maiores aeronaves da LATAM"}]},{"@type":"WebSite","@id":"https:\/\/www.cidademarketing.com.br\/marketing\/#website","url":"https:\/\/www.cidademarketing.com.br\/marketing\/","name":"CidadeMarketing","description":"Somos um ve\u00edculo de comunica\u00e7\u00e3o de destaque no Brasil, reconhecido por conte\u00fados nos segmentos de marketing, empreendedorismo e inova\u00e7\u00e3o.","publisher":{"@id":"https:\/\/www.cidademarketing.com.br\/marketing\/#organization"},"alternateName":"CidadeMarketing","potentialAction":[{"@type":"SearchAction","target":{"@type":"EntryPoint","urlTemplate":"https:\/\/www.cidademarketing.com.br\/marketing\/?s={search_term_string}"},"query-input":{"@type":"PropertyValueSpecification","valueRequired":true,"valueName":"search_term_string"}}],"inLanguage":"pt-BR"},{"@type":"Organization","@id":"https:\/\/www.cidademarketing.com.br\/marketing\/#organization","name":"CidadeMarketing","alternateName":"CidadeMarketing","url":"https:\/\/www.cidademarketing.com.br\/marketing\/","logo":{"@type":"ImageObject","inLanguage":"pt-BR","@id":"https:\/\/www.cidademarketing.com.br\/marketing\/#\/schema\/logo\/image\/","url":"https:\/\/www.cidademarketing.com.br\/marketing\/wp-content\/uploads\/2020\/01\/cidademarketing_marca_mobile.png","contentUrl":"https:\/\/www.cidademarketing.com.br\/marketing\/wp-content\/uploads\/2020\/01\/cidademarketing_marca_mobile.png","width":230,"height":92,"caption":"CidadeMarketing"},"image":{"@id":"https:\/\/www.cidademarketing.com.br\/marketing\/#\/schema\/logo\/image\/"},"sameAs":["https:\/\/www.facebook.com\/portalcidademarketing","https:\/\/x.com\/CidadeMarketing","https:\/\/www.instagram.com\/cidademarketing\/"]},{"@type":"Person","@id":"https:\/\/www.cidademarketing.com.br\/marketing\/#\/schema\/person\/02daff9f18bd9378c9e01eb6b2db155f","name":"Thales Brand\u00e3o","image":{"@type":"ImageObject","inLanguage":"pt-BR","@id":"https:\/\/secure.gravatar.com\/avatar\/7ca3206950207cc3cb48feec56a8a7898741ab725c368d99d5d7a5a50aab80c6?s=96&d=mm&r=g","url":"https:\/\/secure.gravatar.com\/avatar\/7ca3206950207cc3cb48feec56a8a7898741ab725c368d99d5d7a5a50aab80c6?s=96&d=mm&r=g","contentUrl":"https:\/\/secure.gravatar.com\/avatar\/7ca3206950207cc3cb48feec56a8a7898741ab725c368d99d5d7a5a50aab80c6?s=96&d=mm&r=g","caption":"Thales Brand\u00e3o"},"description":"Editor Executivo do Portal CidadeMarketing.com.br &gt; Mestre em Comunica\u00e7\u00e3o e Sociedade pela Universidade Federal de Sergipe. Possui MBA Executivo em Administra\u00e7\u00e3o com \u00eanfase em Marketing pela Funda\u00e7\u00e3o Get\u00falio Vargas - Rio de Janeiro. Consultor, Palestrante e Pesquisador sobre Empreendedorismo, Marketing, Redes Sociais e Neg\u00f3cios Digitais. Professor, Palestrante TedxTalks e Campus Party. Twitter: @ThalesBrandao","sameAs":["http:\/\/www.mandacaru.com.br","https:\/\/www.facebook.com\/thalesbrandao","http:\/\/www.instagram.com.br\/thalesbrandaoferreira","https:\/\/www.linkedin.com\/in\/thales-brand\u00e3o-3948609\/","https:\/\/x.com\/http:\/\/www.twitter.com\/thalesbrandao"],"url":"https:\/\/www.cidademarketing.com.br\/marketing\/author\/thalesbrandao\/"}]}},"amp_enabled":true,"_links":{"self":[{"href":"https:\/\/www.cidademarketing.com.br\/marketing\/wp-json\/wp\/v2\/posts\/43786","targetHints":{"allow":["GET"]}}],"collection":[{"href":"https:\/\/www.cidademarketing.com.br\/marketing\/wp-json\/wp\/v2\/posts"}],"about":[{"href":"https:\/\/www.cidademarketing.com.br\/marketing\/wp-json\/wp\/v2\/types\/post"}],"author":[{"embeddable":true,"href":"https:\/\/www.cidademarketing.com.br\/marketing\/wp-json\/wp\/v2\/users\/1"}],"replies":[{"embeddable":true,"href":"https:\/\/www.cidademarketing.com.br\/marketing\/wp-json\/wp\/v2\/comments?post=43786"}],"version-history":[{"count":1,"href":"https:\/\/www.cidademarketing.com.br\/marketing\/wp-json\/wp\/v2\/posts\/43786\/revisions"}],"predecessor-version":[{"id":43790,"href":"https:\/\/www.cidademarketing.com.br\/marketing\/wp-json\/wp\/v2\/posts\/43786\/revisions\/43790"}],"wp:featuredmedia":[{"embeddable":true,"href":"https:\/\/www.cidademarketing.com.br\/marketing\/wp-json\/wp\/v2\/media\/43788"}],"wp:attachment":[{"href":"https:\/\/www.cidademarketing.com.br\/marketing\/wp-json\/wp\/v2\/media?parent=43786"}],"wp:term":[{"taxonomy":"category","embeddable":true,"href":"https:\/\/www.cidademarketing.com.br\/marketing\/wp-json\/wp\/v2\/categories?post=43786"},{"taxonomy":"post_tag","embeddable":true,"href":"https:\/\/www.cidademarketing.com.br\/marketing\/wp-json\/wp\/v2\/tags?post=43786"}],"curies":[{"name":"wp","href":"https:\/\/api.w.org\/{rel}","templated":true}]}}