{"id":4373,"date":"2018-12-25T23:17:10","date_gmt":"2018-12-26T01:17:10","guid":{"rendered":"http:\/\/www.cidademarketing.com.br\/marketing\/?p=4373"},"modified":"2018-12-25T23:17:12","modified_gmt":"2018-12-26T01:17:12","slug":"bc-reune-ex-presidentes-para-lancamento-da-colecao-historia-contada-do-banco-central-do-brasil","status":"publish","type":"post","link":"https:\/\/www.cidademarketing.com.br\/marketing\/2018\/12\/25\/bc-reune-ex-presidentes-para-lancamento-da-colecao-historia-contada-do-banco-central-do-brasil\/","title":{"rendered":"BC re\u00fane ex-presidentes para lan\u00e7amento da Cole\u00e7\u00e3o \u201cHist\u00f3ria Contada do Banco Central do Brasil\u201d"},"content":{"rendered":"\n<p>O presidente do Banco Central, Ilan Goldfajn, e 12 ex-presidentes da institui\u00e7\u00e3o participar\u00e3o do lan\u00e7amento da cole\u00e7\u00e3o digital \u201cHist\u00f3ria Contada do Banco Central do Brasil\u201d, no pr\u00f3ximo dia 11 de janeiro, \u00e0s 14h30, no audit\u00f3rio do BC no Rio de Janeiro. <\/p>\n\n\n\n<p>O evento, que ser\u00e1 aberto pelo presidente Ilan Goldfajn e pelo diretor de Pol\u00edtica Monet\u00e1ria, Carlos Viana de Carvalho, constar\u00e1 de tr\u00eas pain\u00e9is de debate, nos quais os ex-presidentes ir\u00e3o discorrer sobre os principais momentos da economia brasileira nas \u00faltimas d\u00e9cadas. J\u00e1 confirmaram presen\u00e7a os ex-presidentes Ernane Galv\u00eaas, Carlos Geraldo Langoni, Fern\u00e3o Bracher, Fernando Milliet, Elmo Cam\u00f5es, Wadico Bucchi, Pedro Malan, Persio Arida, Gustavo Franco, Francisco Lopes, Arminio Fraga e Henrique Meirelles.   <\/p>\n\n\n\n<p>A Cole\u00e7\u00e3o \u201cHist\u00f3ria Contada do Banco Central do Brasil\u201d \u00e9 composta por 25 entrevistas com os ex-presidentes e outros atores que participaram da hist\u00f3ria da institui\u00e7\u00e3o. Os depoimentos contam a hist\u00f3ria do BC, da economia brasileira e internacional ao longo dos 54 anos de exist\u00eancia da autoridade monet\u00e1ria. <\/p>\n\n\n\n<p>Comp\u00f5em a Cole\u00e7\u00e3o as seguintes personalidades: <br>Oct\u00e1vio Gouv\u00eaa de Bulh\u00f5es (duas vezes superintendente da Sumoc e ministro da Fazenda quando da funda\u00e7\u00e3o do Banco Central), Alexandre Kafka (representante do Brasil junto ao FMI por 32 anos), Denio Nogueira, Casemiro Ribeiro (integrante da primeira Diretoria do BCB), Ruy Leme, Ernane Galv\u00eaas, Paulo Lira, Carlos Brand\u00e3o, Carlos Geraldo Langoni, Affonso Celso Pastore, Ant\u00f4nio Carlos Lemgruber, Fern\u00e3o Bracher, Fernando Milliet, Elmo Cam\u00f5es, Wadico Bucchi, Ibrahim Eris, Pedro Bodin  (convidado em homenagem a Francisco Gros, j\u00e1 falecido), Paulo C\u00e9sar Ximenes, Pedro Malan, Persio Arida, Gustavo Loyola, Gustavo Franco, Francisco Lopes, Arminio Fraga e Henrique Meirelles.<\/p>\n\n\n\n<p>Evento: BC re\u00fane ex-presidentes para lan\u00e7amento da Cole\u00e7\u00e3o \u201cHist\u00f3ria Contada do Banco Central do Brasil\u201d<br>\nLocal: Av. Presidente Vargas, 730, Centro, Rio de Janeiro \u2013 RJ<br>\nData: 11\/01\/2019, \u00e0s 14:30 <\/p>\n","protected":false},"excerpt":{"rendered":"<p>O presidente do Banco Central, Ilan Goldfajn, e 12 ex-presidentes da institui\u00e7\u00e3o participar\u00e3o do lan\u00e7amento da cole\u00e7\u00e3o digital \u201cHist\u00f3ria Contada do Banco Central do Brasil\u201d, no pr\u00f3ximo dia 11 de janeiro, \u00e0s 14h30, no audit\u00f3rio do BC no Rio de Janeiro. O evento, que ser\u00e1 aberto pelo presidente Ilan Goldfajn e pelo diretor de Pol\u00edtica [&hellip;]<\/p>\n","protected":false},"author":1,"featured_media":4374,"comment_status":"open","ping_status":"open","sticky":false,"template":"","format":"standard","meta":{"tdm_status":"","tdm_grid_status":"","footnotes":""},"categories":[6],"tags":[139,255,33],"class_list":["post-4373","post","type-post","status-publish","format-standard","has-post-thumbnail","hentry","category-noticias","tag-banco-central","tag-bc","tag-estrategia"],"yoast_head":"<!-- This site is optimized with the Yoast SEO plugin v27.5 - https:\/\/yoast.com\/product\/yoast-seo-wordpress\/ -->\n<title>BC re\u00fane ex-presidentes para lan\u00e7amento da Cole\u00e7\u00e3o \u201cHist\u00f3ria Contada do Banco Central do Brasil\u201d - CidadeMarketing<\/title>\n<meta name=\"robots\" content=\"index, follow, max-snippet:-1, max-image-preview:large, max-video-preview:-1\" \/>\n<link rel=\"canonical\" href=\"https:\/\/www.cidademarketing.com.br\/marketing\/2018\/12\/25\/bc-reune-ex-presidentes-para-lancamento-da-colecao-historia-contada-do-banco-central-do-brasil\/\" \/>\n<meta property=\"og:locale\" content=\"pt_BR\" \/>\n<meta property=\"og:type\" content=\"article\" \/>\n<meta property=\"og:title\" content=\"BC re\u00fane ex-presidentes para lan\u00e7amento da Cole\u00e7\u00e3o \u201cHist\u00f3ria Contada do Banco Central do Brasil\u201d - CidadeMarketing\" \/>\n<meta property=\"og:description\" content=\"O presidente do Banco Central, Ilan Goldfajn, e 12 ex-presidentes da institui\u00e7\u00e3o participar\u00e3o do lan\u00e7amento da cole\u00e7\u00e3o digital \u201cHist\u00f3ria Contada do Banco Central do Brasil\u201d, no pr\u00f3ximo dia 11 de janeiro, \u00e0s 14h30, no audit\u00f3rio do BC no Rio de Janeiro. O evento, que ser\u00e1 aberto pelo presidente Ilan Goldfajn e pelo diretor de Pol\u00edtica [&hellip;]\" \/>\n<meta property=\"og:url\" content=\"https:\/\/www.cidademarketing.com.br\/marketing\/2018\/12\/25\/bc-reune-ex-presidentes-para-lancamento-da-colecao-historia-contada-do-banco-central-do-brasil\/\" \/>\n<meta property=\"og:site_name\" content=\"CidadeMarketing\" \/>\n<meta property=\"article:publisher\" content=\"https:\/\/www.facebook.com\/portalcidademarketing\" \/>\n<meta property=\"article:author\" content=\"https:\/\/www.facebook.com\/thalesbrandao\" \/>\n<meta property=\"article:published_time\" content=\"2018-12-26T01:17:10+00:00\" \/>\n<meta property=\"article:modified_time\" content=\"2018-12-26T01:17:12+00:00\" \/>\n<meta property=\"og:image\" content=\"https:\/\/www.cidademarketing.com.br\/marketing\/wp-content\/uploads\/2018\/12\/bancocentradobrasil.png\" \/>\n\t<meta property=\"og:image:width\" content=\"540\" \/>\n\t<meta property=\"og:image:height\" content=\"262\" \/>\n\t<meta property=\"og:image:type\" content=\"image\/png\" \/>\n<meta name=\"author\" content=\"Thales Brand\u00e3o\" \/>\n<meta name=\"twitter:card\" content=\"summary_large_image\" \/>\n<meta name=\"twitter:creator\" content=\"@http:\/\/www.twitter.com\/thalesbrandao\" \/>\n<meta name=\"twitter:site\" content=\"@CidadeMarketing\" \/>\n<meta name=\"twitter:label1\" content=\"Escrito por\" \/>\n\t<meta name=\"twitter:data1\" content=\"Thales Brand\u00e3o\" \/>\n\t<meta name=\"twitter:label2\" content=\"Est. tempo de leitura\" \/>\n\t<meta name=\"twitter:data2\" content=\"2 minutos\" \/>\n<script type=\"application\/ld+json\" class=\"yoast-schema-graph\">{\"@context\":\"https:\\\/\\\/schema.org\",\"@graph\":[{\"@type\":\"Article\",\"@id\":\"https:\\\/\\\/www.cidademarketing.com.br\\\/marketing\\\/2018\\\/12\\\/25\\\/bc-reune-ex-presidentes-para-lancamento-da-colecao-historia-contada-do-banco-central-do-brasil\\\/#article\",\"isPartOf\":{\"@id\":\"https:\\\/\\\/www.cidademarketing.com.br\\\/marketing\\\/2018\\\/12\\\/25\\\/bc-reune-ex-presidentes-para-lancamento-da-colecao-historia-contada-do-banco-central-do-brasil\\\/\"},\"author\":{\"name\":\"Thales Brand\u00e3o\",\"@id\":\"https:\\\/\\\/www.cidademarketing.com.br\\\/marketing\\\/#\\\/schema\\\/person\\\/02daff9f18bd9378c9e01eb6b2db155f\"},\"headline\":\"BC re\u00fane ex-presidentes para lan\u00e7amento da Cole\u00e7\u00e3o \u201cHist\u00f3ria Contada do Banco Central do Brasil\u201d\",\"datePublished\":\"2018-12-26T01:17:10+00:00\",\"dateModified\":\"2018-12-26T01:17:12+00:00\",\"mainEntityOfPage\":{\"@id\":\"https:\\\/\\\/www.cidademarketing.com.br\\\/marketing\\\/2018\\\/12\\\/25\\\/bc-reune-ex-presidentes-para-lancamento-da-colecao-historia-contada-do-banco-central-do-brasil\\\/\"},\"wordCount\":340,\"commentCount\":0,\"publisher\":{\"@id\":\"https:\\\/\\\/www.cidademarketing.com.br\\\/marketing\\\/#organization\"},\"image\":{\"@id\":\"https:\\\/\\\/www.cidademarketing.com.br\\\/marketing\\\/2018\\\/12\\\/25\\\/bc-reune-ex-presidentes-para-lancamento-da-colecao-historia-contada-do-banco-central-do-brasil\\\/#primaryimage\"},\"thumbnailUrl\":\"https:\\\/\\\/www.cidademarketing.com.br\\\/marketing\\\/wp-content\\\/uploads\\\/2018\\\/12\\\/bancocentradobrasil.png\",\"keywords\":[\"Banco Central\",\"BC\",\"estrat\u00e9gia\"],\"articleSection\":[\"Not\u00edcias\"],\"inLanguage\":\"pt-BR\",\"potentialAction\":[{\"@type\":\"CommentAction\",\"name\":\"Comment\",\"target\":[\"https:\\\/\\\/www.cidademarketing.com.br\\\/marketing\\\/2018\\\/12\\\/25\\\/bc-reune-ex-presidentes-para-lancamento-da-colecao-historia-contada-do-banco-central-do-brasil\\\/#respond\"]}]},{\"@type\":\"WebPage\",\"@id\":\"https:\\\/\\\/www.cidademarketing.com.br\\\/marketing\\\/2018\\\/12\\\/25\\\/bc-reune-ex-presidentes-para-lancamento-da-colecao-historia-contada-do-banco-central-do-brasil\\\/\",\"url\":\"https:\\\/\\\/www.cidademarketing.com.br\\\/marketing\\\/2018\\\/12\\\/25\\\/bc-reune-ex-presidentes-para-lancamento-da-colecao-historia-contada-do-banco-central-do-brasil\\\/\",\"name\":\"BC re\u00fane ex-presidentes para lan\u00e7amento da Cole\u00e7\u00e3o \u201cHist\u00f3ria Contada do Banco Central do Brasil\u201d - CidadeMarketing\",\"isPartOf\":{\"@id\":\"https:\\\/\\\/www.cidademarketing.com.br\\\/marketing\\\/#website\"},\"primaryImageOfPage\":{\"@id\":\"https:\\\/\\\/www.cidademarketing.com.br\\\/marketing\\\/2018\\\/12\\\/25\\\/bc-reune-ex-presidentes-para-lancamento-da-colecao-historia-contada-do-banco-central-do-brasil\\\/#primaryimage\"},\"image\":{\"@id\":\"https:\\\/\\\/www.cidademarketing.com.br\\\/marketing\\\/2018\\\/12\\\/25\\\/bc-reune-ex-presidentes-para-lancamento-da-colecao-historia-contada-do-banco-central-do-brasil\\\/#primaryimage\"},\"thumbnailUrl\":\"https:\\\/\\\/www.cidademarketing.com.br\\\/marketing\\\/wp-content\\\/uploads\\\/2018\\\/12\\\/bancocentradobrasil.png\",\"datePublished\":\"2018-12-26T01:17:10+00:00\",\"dateModified\":\"2018-12-26T01:17:12+00:00\",\"breadcrumb\":{\"@id\":\"https:\\\/\\\/www.cidademarketing.com.br\\\/marketing\\\/2018\\\/12\\\/25\\\/bc-reune-ex-presidentes-para-lancamento-da-colecao-historia-contada-do-banco-central-do-brasil\\\/#breadcrumb\"},\"inLanguage\":\"pt-BR\",\"potentialAction\":[{\"@type\":\"ReadAction\",\"target\":[\"https:\\\/\\\/www.cidademarketing.com.br\\\/marketing\\\/2018\\\/12\\\/25\\\/bc-reune-ex-presidentes-para-lancamento-da-colecao-historia-contada-do-banco-central-do-brasil\\\/\"]}]},{\"@type\":\"ImageObject\",\"inLanguage\":\"pt-BR\",\"@id\":\"https:\\\/\\\/www.cidademarketing.com.br\\\/marketing\\\/2018\\\/12\\\/25\\\/bc-reune-ex-presidentes-para-lancamento-da-colecao-historia-contada-do-banco-central-do-brasil\\\/#primaryimage\",\"url\":\"https:\\\/\\\/www.cidademarketing.com.br\\\/marketing\\\/wp-content\\\/uploads\\\/2018\\\/12\\\/bancocentradobrasil.png\",\"contentUrl\":\"https:\\\/\\\/www.cidademarketing.com.br\\\/marketing\\\/wp-content\\\/uploads\\\/2018\\\/12\\\/bancocentradobrasil.png\",\"width\":540,\"height\":262},{\"@type\":\"BreadcrumbList\",\"@id\":\"https:\\\/\\\/www.cidademarketing.com.br\\\/marketing\\\/2018\\\/12\\\/25\\\/bc-reune-ex-presidentes-para-lancamento-da-colecao-historia-contada-do-banco-central-do-brasil\\\/#breadcrumb\",\"itemListElement\":[{\"@type\":\"ListItem\",\"position\":1,\"name\":\"In\u00edcio\",\"item\":\"https:\\\/\\\/www.cidademarketing.com.br\\\/marketing\\\/\"},{\"@type\":\"ListItem\",\"position\":2,\"name\":\"BC re\u00fane ex-presidentes para lan\u00e7amento da Cole\u00e7\u00e3o \u201cHist\u00f3ria Contada do Banco Central do Brasil\u201d\"}]},{\"@type\":\"WebSite\",\"@id\":\"https:\\\/\\\/www.cidademarketing.com.br\\\/marketing\\\/#website\",\"url\":\"https:\\\/\\\/www.cidademarketing.com.br\\\/marketing\\\/\",\"name\":\"CidadeMarketing\",\"description\":\"Somos um ve\u00edculo de comunica\u00e7\u00e3o de destaque no Brasil, reconhecido por conte\u00fados nos segmentos de marketing, empreendedorismo e inova\u00e7\u00e3o.\",\"publisher\":{\"@id\":\"https:\\\/\\\/www.cidademarketing.com.br\\\/marketing\\\/#organization\"},\"alternateName\":\"CidadeMarketing\",\"potentialAction\":[{\"@type\":\"SearchAction\",\"target\":{\"@type\":\"EntryPoint\",\"urlTemplate\":\"https:\\\/\\\/www.cidademarketing.com.br\\\/marketing\\\/?s={search_term_string}\"},\"query-input\":{\"@type\":\"PropertyValueSpecification\",\"valueRequired\":true,\"valueName\":\"search_term_string\"}}],\"inLanguage\":\"pt-BR\"},{\"@type\":\"Organization\",\"@id\":\"https:\\\/\\\/www.cidademarketing.com.br\\\/marketing\\\/#organization\",\"name\":\"CidadeMarketing\",\"alternateName\":\"CidadeMarketing\",\"url\":\"https:\\\/\\\/www.cidademarketing.com.br\\\/marketing\\\/\",\"logo\":{\"@type\":\"ImageObject\",\"inLanguage\":\"pt-BR\",\"@id\":\"https:\\\/\\\/www.cidademarketing.com.br\\\/marketing\\\/#\\\/schema\\\/logo\\\/image\\\/\",\"url\":\"https:\\\/\\\/www.cidademarketing.com.br\\\/marketing\\\/wp-content\\\/uploads\\\/2020\\\/01\\\/cidademarketing_marca_mobile.png\",\"contentUrl\":\"https:\\\/\\\/www.cidademarketing.com.br\\\/marketing\\\/wp-content\\\/uploads\\\/2020\\\/01\\\/cidademarketing_marca_mobile.png\",\"width\":230,\"height\":92,\"caption\":\"CidadeMarketing\"},\"image\":{\"@id\":\"https:\\\/\\\/www.cidademarketing.com.br\\\/marketing\\\/#\\\/schema\\\/logo\\\/image\\\/\"},\"sameAs\":[\"https:\\\/\\\/www.facebook.com\\\/portalcidademarketing\",\"https:\\\/\\\/x.com\\\/CidadeMarketing\",\"https:\\\/\\\/www.instagram.com\\\/cidademarketing\\\/\"]},{\"@type\":\"Person\",\"@id\":\"https:\\\/\\\/www.cidademarketing.com.br\\\/marketing\\\/#\\\/schema\\\/person\\\/02daff9f18bd9378c9e01eb6b2db155f\",\"name\":\"Thales Brand\u00e3o\",\"image\":{\"@type\":\"ImageObject\",\"inLanguage\":\"pt-BR\",\"@id\":\"https:\\\/\\\/secure.gravatar.com\\\/avatar\\\/7ca3206950207cc3cb48feec56a8a7898741ab725c368d99d5d7a5a50aab80c6?s=96&d=mm&r=g\",\"url\":\"https:\\\/\\\/secure.gravatar.com\\\/avatar\\\/7ca3206950207cc3cb48feec56a8a7898741ab725c368d99d5d7a5a50aab80c6?s=96&d=mm&r=g\",\"contentUrl\":\"https:\\\/\\\/secure.gravatar.com\\\/avatar\\\/7ca3206950207cc3cb48feec56a8a7898741ab725c368d99d5d7a5a50aab80c6?s=96&d=mm&r=g\",\"caption\":\"Thales Brand\u00e3o\"},\"description\":\"Editor Executivo do Portal CidadeMarketing.com.br &gt; Mestre em Comunica\u00e7\u00e3o e Sociedade pela Universidade Federal de Sergipe. Possui MBA Executivo em Administra\u00e7\u00e3o com \u00eanfase em Marketing pela Funda\u00e7\u00e3o Get\u00falio Vargas - Rio de Janeiro. Consultor, Palestrante e Pesquisador sobre Empreendedorismo, Marketing, Redes Sociais e Neg\u00f3cios Digitais. Professor, Palestrante TedxTalks e Campus Party. Twitter: @ThalesBrandao\",\"sameAs\":[\"http:\\\/\\\/www.mandacaru.com.br\",\"https:\\\/\\\/www.facebook.com\\\/thalesbrandao\",\"http:\\\/\\\/www.instagram.com.br\\\/thalesbrandaoferreira\",\"https:\\\/\\\/www.linkedin.com\\\/in\\\/thales-brand\u00e3o-3948609\\\/\",\"https:\\\/\\\/x.com\\\/http:\\\/\\\/www.twitter.com\\\/thalesbrandao\"],\"url\":\"https:\\\/\\\/www.cidademarketing.com.br\\\/marketing\\\/author\\\/thalesbrandao\\\/\"}]}<\/script>\n<!-- \/ Yoast SEO plugin. -->","yoast_head_json":{"title":"BC re\u00fane ex-presidentes para lan\u00e7amento da Cole\u00e7\u00e3o \u201cHist\u00f3ria Contada do Banco Central do Brasil\u201d - CidadeMarketing","robots":{"index":"index","follow":"follow","max-snippet":"max-snippet:-1","max-image-preview":"max-image-preview:large","max-video-preview":"max-video-preview:-1"},"canonical":"https:\/\/www.cidademarketing.com.br\/marketing\/2018\/12\/25\/bc-reune-ex-presidentes-para-lancamento-da-colecao-historia-contada-do-banco-central-do-brasil\/","og_locale":"pt_BR","og_type":"article","og_title":"BC re\u00fane ex-presidentes para lan\u00e7amento da Cole\u00e7\u00e3o \u201cHist\u00f3ria Contada do Banco Central do Brasil\u201d - CidadeMarketing","og_description":"O presidente do Banco Central, Ilan Goldfajn, e 12 ex-presidentes da institui\u00e7\u00e3o participar\u00e3o do lan\u00e7amento da cole\u00e7\u00e3o digital \u201cHist\u00f3ria Contada do Banco Central do Brasil\u201d, no pr\u00f3ximo dia 11 de janeiro, \u00e0s 14h30, no audit\u00f3rio do BC no Rio de Janeiro. O evento, que ser\u00e1 aberto pelo presidente Ilan Goldfajn e pelo diretor de Pol\u00edtica [&hellip;]","og_url":"https:\/\/www.cidademarketing.com.br\/marketing\/2018\/12\/25\/bc-reune-ex-presidentes-para-lancamento-da-colecao-historia-contada-do-banco-central-do-brasil\/","og_site_name":"CidadeMarketing","article_publisher":"https:\/\/www.facebook.com\/portalcidademarketing","article_author":"https:\/\/www.facebook.com\/thalesbrandao","article_published_time":"2018-12-26T01:17:10+00:00","article_modified_time":"2018-12-26T01:17:12+00:00","og_image":[{"width":540,"height":262,"url":"https:\/\/www.cidademarketing.com.br\/marketing\/wp-content\/uploads\/2018\/12\/bancocentradobrasil.png","type":"image\/png"}],"author":"Thales Brand\u00e3o","twitter_card":"summary_large_image","twitter_creator":"@http:\/\/www.twitter.com\/thalesbrandao","twitter_site":"@CidadeMarketing","twitter_misc":{"Escrito por":"Thales Brand\u00e3o","Est. tempo de leitura":"2 minutos"},"schema":{"@context":"https:\/\/schema.org","@graph":[{"@type":"Article","@id":"https:\/\/www.cidademarketing.com.br\/marketing\/2018\/12\/25\/bc-reune-ex-presidentes-para-lancamento-da-colecao-historia-contada-do-banco-central-do-brasil\/#article","isPartOf":{"@id":"https:\/\/www.cidademarketing.com.br\/marketing\/2018\/12\/25\/bc-reune-ex-presidentes-para-lancamento-da-colecao-historia-contada-do-banco-central-do-brasil\/"},"author":{"name":"Thales Brand\u00e3o","@id":"https:\/\/www.cidademarketing.com.br\/marketing\/#\/schema\/person\/02daff9f18bd9378c9e01eb6b2db155f"},"headline":"BC re\u00fane ex-presidentes para lan\u00e7amento da Cole\u00e7\u00e3o \u201cHist\u00f3ria Contada do Banco Central do Brasil\u201d","datePublished":"2018-12-26T01:17:10+00:00","dateModified":"2018-12-26T01:17:12+00:00","mainEntityOfPage":{"@id":"https:\/\/www.cidademarketing.com.br\/marketing\/2018\/12\/25\/bc-reune-ex-presidentes-para-lancamento-da-colecao-historia-contada-do-banco-central-do-brasil\/"},"wordCount":340,"commentCount":0,"publisher":{"@id":"https:\/\/www.cidademarketing.com.br\/marketing\/#organization"},"image":{"@id":"https:\/\/www.cidademarketing.com.br\/marketing\/2018\/12\/25\/bc-reune-ex-presidentes-para-lancamento-da-colecao-historia-contada-do-banco-central-do-brasil\/#primaryimage"},"thumbnailUrl":"https:\/\/www.cidademarketing.com.br\/marketing\/wp-content\/uploads\/2018\/12\/bancocentradobrasil.png","keywords":["Banco Central","BC","estrat\u00e9gia"],"articleSection":["Not\u00edcias"],"inLanguage":"pt-BR","potentialAction":[{"@type":"CommentAction","name":"Comment","target":["https:\/\/www.cidademarketing.com.br\/marketing\/2018\/12\/25\/bc-reune-ex-presidentes-para-lancamento-da-colecao-historia-contada-do-banco-central-do-brasil\/#respond"]}]},{"@type":"WebPage","@id":"https:\/\/www.cidademarketing.com.br\/marketing\/2018\/12\/25\/bc-reune-ex-presidentes-para-lancamento-da-colecao-historia-contada-do-banco-central-do-brasil\/","url":"https:\/\/www.cidademarketing.com.br\/marketing\/2018\/12\/25\/bc-reune-ex-presidentes-para-lancamento-da-colecao-historia-contada-do-banco-central-do-brasil\/","name":"BC re\u00fane ex-presidentes para lan\u00e7amento da Cole\u00e7\u00e3o \u201cHist\u00f3ria Contada do Banco Central do Brasil\u201d - CidadeMarketing","isPartOf":{"@id":"https:\/\/www.cidademarketing.com.br\/marketing\/#website"},"primaryImageOfPage":{"@id":"https:\/\/www.cidademarketing.com.br\/marketing\/2018\/12\/25\/bc-reune-ex-presidentes-para-lancamento-da-colecao-historia-contada-do-banco-central-do-brasil\/#primaryimage"},"image":{"@id":"https:\/\/www.cidademarketing.com.br\/marketing\/2018\/12\/25\/bc-reune-ex-presidentes-para-lancamento-da-colecao-historia-contada-do-banco-central-do-brasil\/#primaryimage"},"thumbnailUrl":"https:\/\/www.cidademarketing.com.br\/marketing\/wp-content\/uploads\/2018\/12\/bancocentradobrasil.png","datePublished":"2018-12-26T01:17:10+00:00","dateModified":"2018-12-26T01:17:12+00:00","breadcrumb":{"@id":"https:\/\/www.cidademarketing.com.br\/marketing\/2018\/12\/25\/bc-reune-ex-presidentes-para-lancamento-da-colecao-historia-contada-do-banco-central-do-brasil\/#breadcrumb"},"inLanguage":"pt-BR","potentialAction":[{"@type":"ReadAction","target":["https:\/\/www.cidademarketing.com.br\/marketing\/2018\/12\/25\/bc-reune-ex-presidentes-para-lancamento-da-colecao-historia-contada-do-banco-central-do-brasil\/"]}]},{"@type":"ImageObject","inLanguage":"pt-BR","@id":"https:\/\/www.cidademarketing.com.br\/marketing\/2018\/12\/25\/bc-reune-ex-presidentes-para-lancamento-da-colecao-historia-contada-do-banco-central-do-brasil\/#primaryimage","url":"https:\/\/www.cidademarketing.com.br\/marketing\/wp-content\/uploads\/2018\/12\/bancocentradobrasil.png","contentUrl":"https:\/\/www.cidademarketing.com.br\/marketing\/wp-content\/uploads\/2018\/12\/bancocentradobrasil.png","width":540,"height":262},{"@type":"BreadcrumbList","@id":"https:\/\/www.cidademarketing.com.br\/marketing\/2018\/12\/25\/bc-reune-ex-presidentes-para-lancamento-da-colecao-historia-contada-do-banco-central-do-brasil\/#breadcrumb","itemListElement":[{"@type":"ListItem","position":1,"name":"In\u00edcio","item":"https:\/\/www.cidademarketing.com.br\/marketing\/"},{"@type":"ListItem","position":2,"name":"BC re\u00fane ex-presidentes para lan\u00e7amento da Cole\u00e7\u00e3o \u201cHist\u00f3ria Contada do Banco Central do Brasil\u201d"}]},{"@type":"WebSite","@id":"https:\/\/www.cidademarketing.com.br\/marketing\/#website","url":"https:\/\/www.cidademarketing.com.br\/marketing\/","name":"CidadeMarketing","description":"Somos um ve\u00edculo de comunica\u00e7\u00e3o de destaque no Brasil, reconhecido por conte\u00fados nos segmentos de marketing, empreendedorismo e inova\u00e7\u00e3o.","publisher":{"@id":"https:\/\/www.cidademarketing.com.br\/marketing\/#organization"},"alternateName":"CidadeMarketing","potentialAction":[{"@type":"SearchAction","target":{"@type":"EntryPoint","urlTemplate":"https:\/\/www.cidademarketing.com.br\/marketing\/?s={search_term_string}"},"query-input":{"@type":"PropertyValueSpecification","valueRequired":true,"valueName":"search_term_string"}}],"inLanguage":"pt-BR"},{"@type":"Organization","@id":"https:\/\/www.cidademarketing.com.br\/marketing\/#organization","name":"CidadeMarketing","alternateName":"CidadeMarketing","url":"https:\/\/www.cidademarketing.com.br\/marketing\/","logo":{"@type":"ImageObject","inLanguage":"pt-BR","@id":"https:\/\/www.cidademarketing.com.br\/marketing\/#\/schema\/logo\/image\/","url":"https:\/\/www.cidademarketing.com.br\/marketing\/wp-content\/uploads\/2020\/01\/cidademarketing_marca_mobile.png","contentUrl":"https:\/\/www.cidademarketing.com.br\/marketing\/wp-content\/uploads\/2020\/01\/cidademarketing_marca_mobile.png","width":230,"height":92,"caption":"CidadeMarketing"},"image":{"@id":"https:\/\/www.cidademarketing.com.br\/marketing\/#\/schema\/logo\/image\/"},"sameAs":["https:\/\/www.facebook.com\/portalcidademarketing","https:\/\/x.com\/CidadeMarketing","https:\/\/www.instagram.com\/cidademarketing\/"]},{"@type":"Person","@id":"https:\/\/www.cidademarketing.com.br\/marketing\/#\/schema\/person\/02daff9f18bd9378c9e01eb6b2db155f","name":"Thales Brand\u00e3o","image":{"@type":"ImageObject","inLanguage":"pt-BR","@id":"https:\/\/secure.gravatar.com\/avatar\/7ca3206950207cc3cb48feec56a8a7898741ab725c368d99d5d7a5a50aab80c6?s=96&d=mm&r=g","url":"https:\/\/secure.gravatar.com\/avatar\/7ca3206950207cc3cb48feec56a8a7898741ab725c368d99d5d7a5a50aab80c6?s=96&d=mm&r=g","contentUrl":"https:\/\/secure.gravatar.com\/avatar\/7ca3206950207cc3cb48feec56a8a7898741ab725c368d99d5d7a5a50aab80c6?s=96&d=mm&r=g","caption":"Thales Brand\u00e3o"},"description":"Editor Executivo do Portal CidadeMarketing.com.br &gt; Mestre em Comunica\u00e7\u00e3o e Sociedade pela Universidade Federal de Sergipe. Possui MBA Executivo em Administra\u00e7\u00e3o com \u00eanfase em Marketing pela Funda\u00e7\u00e3o Get\u00falio Vargas - Rio de Janeiro. Consultor, Palestrante e Pesquisador sobre Empreendedorismo, Marketing, Redes Sociais e Neg\u00f3cios Digitais. Professor, Palestrante TedxTalks e Campus Party. Twitter: @ThalesBrandao","sameAs":["http:\/\/www.mandacaru.com.br","https:\/\/www.facebook.com\/thalesbrandao","http:\/\/www.instagram.com.br\/thalesbrandaoferreira","https:\/\/www.linkedin.com\/in\/thales-brand\u00e3o-3948609\/","https:\/\/x.com\/http:\/\/www.twitter.com\/thalesbrandao"],"url":"https:\/\/www.cidademarketing.com.br\/marketing\/author\/thalesbrandao\/"}]}},"amp_enabled":true,"_links":{"self":[{"href":"https:\/\/www.cidademarketing.com.br\/marketing\/wp-json\/wp\/v2\/posts\/4373","targetHints":{"allow":["GET"]}}],"collection":[{"href":"https:\/\/www.cidademarketing.com.br\/marketing\/wp-json\/wp\/v2\/posts"}],"about":[{"href":"https:\/\/www.cidademarketing.com.br\/marketing\/wp-json\/wp\/v2\/types\/post"}],"author":[{"embeddable":true,"href":"https:\/\/www.cidademarketing.com.br\/marketing\/wp-json\/wp\/v2\/users\/1"}],"replies":[{"embeddable":true,"href":"https:\/\/www.cidademarketing.com.br\/marketing\/wp-json\/wp\/v2\/comments?post=4373"}],"version-history":[{"count":1,"href":"https:\/\/www.cidademarketing.com.br\/marketing\/wp-json\/wp\/v2\/posts\/4373\/revisions"}],"predecessor-version":[{"id":4375,"href":"https:\/\/www.cidademarketing.com.br\/marketing\/wp-json\/wp\/v2\/posts\/4373\/revisions\/4375"}],"wp:featuredmedia":[{"embeddable":true,"href":"https:\/\/www.cidademarketing.com.br\/marketing\/wp-json\/wp\/v2\/media\/4374"}],"wp:attachment":[{"href":"https:\/\/www.cidademarketing.com.br\/marketing\/wp-json\/wp\/v2\/media?parent=4373"}],"wp:term":[{"taxonomy":"category","embeddable":true,"href":"https:\/\/www.cidademarketing.com.br\/marketing\/wp-json\/wp\/v2\/categories?post=4373"},{"taxonomy":"post_tag","embeddable":true,"href":"https:\/\/www.cidademarketing.com.br\/marketing\/wp-json\/wp\/v2\/tags?post=4373"}],"curies":[{"name":"wp","href":"https:\/\/api.w.org\/{rel}","templated":true}]}}