{"id":43710,"date":"2023-03-05T14:39:35","date_gmt":"2023-03-05T17:39:35","guid":{"rendered":"https:\/\/www.cidademarketing.com.br\/marketing\/?p=43710"},"modified":"2023-03-05T14:39:35","modified_gmt":"2023-03-05T17:39:35","slug":"tv-brasil-caminhos-da-reportagem-destaca-a-crise-humanitaria-na-terra-indigena-yanomami","status":"publish","type":"post","link":"https:\/\/www.cidademarketing.com.br\/marketing\/2023\/03\/05\/tv-brasil-caminhos-da-reportagem-destaca-a-crise-humanitaria-na-terra-indigena-yanomami\/","title":{"rendered":"TV Brasil: Caminhos da Reportagem destaca a crise humanit\u00e1ria na Terra Ind\u00edgena Yanomami"},"content":{"rendered":"<p>A edi\u00e7\u00e3o in\u00e9dita do programa Caminhos da Reportagem revela o drama na maior terra ind\u00edgena do mundo neste domingo (5), \u00e0s 22h, na TV Brasil. A mat\u00e9ria especial &#8220;Yanomami \u2013 o direito de existir&#8221; mostra a devastadora crise humanit\u00e1ria. A atra\u00e7\u00e3o jornal\u00edstica destaca como a invas\u00e3o do garimpo \u2013 proibido no local \u2013 levou doen\u00e7as, deixou um rastro de desnutri\u00e7\u00e3o e provocou a morte de ind\u00edgenas.<\/p>\n<p><iframe title=\"Spotify Embed: Podcast CidadeMarketing\" style=\"border-radius: 12px\" width=\"100%\" height=\"152\" frameborder=\"0\" allowfullscreen allow=\"autoplay; clipboard-write; encrypted-media; fullscreen; picture-in-picture\" loading=\"lazy\" src=\"https:\/\/open.spotify.com\/embed\/show\/4khMKzP3FgFRWVwb73xicc?si=252fe5bff2b34909&#038;utm_source=oembed\"><\/iframe><\/p>\n<p>A produ\u00e7\u00e3o da emissora p\u00fablica ouviu ind\u00edgenas, profissionais de sa\u00fade, juristas, professores e pol\u00edticos para fazer uma radiografia da crise humanit\u00e1ria que atingiu o cora\u00e7\u00e3o da Amaz\u00f4nia. O Caminhos da Reportagem aborda o triste avan\u00e7o da mal\u00e1ria, a escassez de alimentos e a luta pela vida. Em um dos trechos mais emocionantes do programa, ind\u00edgenas, m\u00e9dicos e enfermeiros salvam a vida de um beb\u00ea yanomami de apenas dois meses.<\/p>\n<p>Com quase dez milh\u00f5es de hectares distribu\u00eddos pelos estados do Amazonas e de Roraima, a Terra Ind\u00edgena Yanomami \u00e9 a maior do planeta. Um dos pontos mais povoados fica na fronteira do Brasil com a Venezuela. E foi nessa regi\u00e3o que a pr\u00e1tica ilegal ganhou for\u00e7a nos \u00faltimos anos. &#8220;Eu sou daqui e nunca vi a situa\u00e7\u00e3o que estamos enfrentando&#8221;, lamenta o presidente do Conselho Distrital de Sa\u00fade Ind\u00edgena Yanomami e Ye&#8217;kuana, Junior Hekurari Yanomami.<\/p>\n\r\n                <style type=\"text\/css\">\r\n                    \r\n                    #tdi_1  .td-doubleSlider-2 .td-item1 {\r\n                        background: url(https:\/\/www.cidademarketing.com.br\/marketing\/wp-content\/uploads\/2023\/03\/Caminhos_da_Reportagem_Crianca_yanomami_em_posto_de_saude_indigena_Credito_Divulgacao_TV_Brasil-80x60.jpg) 0 0 no-repeat;\r\n                    }\r\n                    #tdi_1  .td-doubleSlider-2 .td-item2 {\r\n                        background: url(https:\/\/www.cidademarketing.com.br\/marketing\/wp-content\/uploads\/2023\/03\/Caminhos_da_Reportagem_Idoso_yanomami_atendido_em_posto_de_saude_Credito_Divulgacao_TV_Brasil-80x60.jpg) 0 0 no-repeat;\r\n                    }\r\n                    #tdi_1  .td-doubleSlider-2 .td-item3 {\r\n                        background: url(https:\/\/www.cidademarketing.com.br\/marketing\/wp-content\/uploads\/2023\/03\/Caminhos_da_Reportagem_Indigena_yanomami_Credito_Divulgacao_TV_Brasil-80x60.jpg) 0 0 no-repeat;\r\n                    }\r\n                    #tdi_1  .td-doubleSlider-2 .td-item4 {\r\n                        background: url(https:\/\/www.cidademarketing.com.br\/marketing\/wp-content\/uploads\/2023\/03\/Caminhos_da_Reportagem_Indigenas_reunidos_apos_a_chegada_de_comida_Credito_Divulgacao_TV_Brasil-80x60.jpg) 0 0 no-repeat;\r\n                    }\r\n                    #tdi_1  .td-doubleSlider-2 .td-item5 {\r\n                        background: url(https:\/\/www.cidademarketing.com.br\/marketing\/wp-content\/uploads\/2023\/03\/Caminhos_da_Reportagem_Indigenas_yanomami_Credito_Divulgacao_TV_Brasil-80x60.jpg) 0 0 no-repeat;\r\n                    }\r\n                    #tdi_1  .td-doubleSlider-2 .td-item6 {\r\n                        background: url(https:\/\/www.cidademarketing.com.br\/marketing\/wp-content\/uploads\/2023\/03\/Caminhos_da_Reportagem_Integrantes_da_Forca_Nacional_do_SUS_atendem_crianca_yanomami_Credito_Divulgacao_TV_Brasil-80x60.jpg) 0 0 no-repeat;\r\n                    }\r\n                    #tdi_1  .td-doubleSlider-2 .td-item7 {\r\n                        background: url(https:\/\/www.cidademarketing.com.br\/marketing\/wp-content\/uploads\/2023\/03\/Caminhos_da_Reportagem_Posto_de_saude_indigena_Credito_Divulgacao_TV_Brasil-80x60.jpg) 0 0 no-repeat;\r\n                    }\r\n                    #tdi_1  .td-doubleSlider-2 .td-item8 {\r\n                        background: url(https:\/\/www.cidademarketing.com.br\/marketing\/wp-content\/uploads\/2023\/03\/Caminhos_da_Reportagem_Visao_aerea_de_garimpo_ilegal_em_Terra_Indigena_Yanomami_Credito_Divulgacao_TV_Brasil-80x60.jpg) 0 0 no-repeat;\r\n                    }\r\n                <\/style>\r\n\r\n                <div id=\"tdi_1\" class=\"td-gallery td-slide-on-2-columns\">\r\n                    <div class=\"post_td_gallery\">\r\n                        <div class=\"td-gallery-slide-top\">\r\n                           <div class=\"td-gallery-title\"><\/div>\r\n\r\n                            <div class=\"td-gallery-controls-wrapper\">\r\n                                <div class=\"td-gallery-slide-count\"><span class=\"td-gallery-slide-item-focus\">1<\/span> de 8<\/div>\r\n                                <div class=\"td-gallery-slide-prev-next-but\">\r\n                                    <i class = \"td-icon-left doubleSliderPrevButton\"><\/i>\r\n                                    <i class = \"td-icon-right doubleSliderNextButton\"><\/i>\r\n                                <\/div>\r\n                            <\/div>\r\n                        <\/div>\r\n\r\n                        <div class = \"td-doubleSlider-1 \">\r\n                            <div class = \"td-slider\">\r\n                                \r\n                    <div class = \"td-slide-item td-item1\">\r\n                        <figure class=\"td-slide-galery-figure td-slide-popup-gallery\">\r\n                            <a class=\"slide-gallery-image-link\" href=\"https:\/\/www.cidademarketing.com.br\/marketing\/wp-content\/uploads\/2023\/03\/Caminhos_da_Reportagem_Crianca_yanomami_em_posto_de_saude_indigena_Credito_Divulgacao_TV_Brasil.jpg\" title=\"Caminhos_da_Reportagem_Crianca_yanomami_em_posto_de_saude_indigena_Credito_Divulgacao_TV_Brasil\"  data-caption=\"Divulga\u00e7\u00e3o\"  data-description=\"\">\r\n                                <img decoding=\"async\" src=\"https:\/\/www.cidademarketing.com.br\/marketing\/wp-content\/uploads\/2023\/03\/Caminhos_da_Reportagem_Crianca_yanomami_em_posto_de_saude_indigena_Credito_Divulgacao_TV_Brasil-746x420.jpg\" srcset=\"https:\/\/www.cidademarketing.com.br\/marketing\/wp-content\/uploads\/2023\/03\/Caminhos_da_Reportagem_Crianca_yanomami_em_posto_de_saude_indigena_Credito_Divulgacao_TV_Brasil-746x420.jpg 746w, https:\/\/www.cidademarketing.com.br\/marketing\/wp-content\/uploads\/2023\/03\/Caminhos_da_Reportagem_Crianca_yanomami_em_posto_de_saude_indigena_Credito_Divulgacao_TV_Brasil-300x169.jpg 300w, https:\/\/www.cidademarketing.com.br\/marketing\/wp-content\/uploads\/2023\/03\/Caminhos_da_Reportagem_Crianca_yanomami_em_posto_de_saude_indigena_Credito_Divulgacao_TV_Brasil-1024x576.jpg 1024w, https:\/\/www.cidademarketing.com.br\/marketing\/wp-content\/uploads\/2023\/03\/Caminhos_da_Reportagem_Crianca_yanomami_em_posto_de_saude_indigena_Credito_Divulgacao_TV_Brasil-768x432.jpg 768w, https:\/\/www.cidademarketing.com.br\/marketing\/wp-content\/uploads\/2023\/03\/Caminhos_da_Reportagem_Crianca_yanomami_em_posto_de_saude_indigena_Credito_Divulgacao_TV_Brasil-1536x865.jpg 1536w, https:\/\/www.cidademarketing.com.br\/marketing\/wp-content\/uploads\/2023\/03\/Caminhos_da_Reportagem_Crianca_yanomami_em_posto_de_saude_indigena_Credito_Divulgacao_TV_Brasil-640x360.jpg 640w, https:\/\/www.cidademarketing.com.br\/marketing\/wp-content\/uploads\/2023\/03\/Caminhos_da_Reportagem_Crianca_yanomami_em_posto_de_saude_indigena_Credito_Divulgacao_TV_Brasil-681x383.jpg 681w, https:\/\/www.cidademarketing.com.br\/marketing\/wp-content\/uploads\/2023\/03\/Caminhos_da_Reportagem_Crianca_yanomami_em_posto_de_saude_indigena_Credito_Divulgacao_TV_Brasil.jpg 1805w\" sizes=\"(max-width: 746px) 100vw, 746px\" alt=\"\">\r\n                            <\/a>\r\n                            <figcaption class = \"td-slide-caption td-gallery-slide-content\"><div class = \"td-gallery-slide-copywrite\">Divulga\u00e7\u00e3o<\/div><\/figcaption>\r\n                        <\/figure>\r\n                    <\/div>\r\n                    <div class = \"td-slide-item td-item2\">\r\n                        <figure class=\"td-slide-galery-figure td-slide-popup-gallery\">\r\n                            <a class=\"slide-gallery-image-link\" href=\"https:\/\/www.cidademarketing.com.br\/marketing\/wp-content\/uploads\/2023\/03\/Caminhos_da_Reportagem_Idoso_yanomami_atendido_em_posto_de_saude_Credito_Divulgacao_TV_Brasil.jpg\" title=\"Caminhos_da_Reportagem_Idoso_yanomami_atendido_em_posto_de_saude_Credito_Divulgacao_TV_Brasil\"  data-caption=\"Divulga\u00e7\u00e3o\"  data-description=\"\">\r\n                                <img decoding=\"async\" src=\"https:\/\/www.cidademarketing.com.br\/marketing\/wp-content\/uploads\/2023\/03\/Caminhos_da_Reportagem_Idoso_yanomami_atendido_em_posto_de_saude_Credito_Divulgacao_TV_Brasil-630x420.jpg\" srcset=\"https:\/\/www.cidademarketing.com.br\/marketing\/wp-content\/uploads\/2023\/03\/Caminhos_da_Reportagem_Idoso_yanomami_atendido_em_posto_de_saude_Credito_Divulgacao_TV_Brasil-630x420.jpg 630w, https:\/\/www.cidademarketing.com.br\/marketing\/wp-content\/uploads\/2023\/03\/Caminhos_da_Reportagem_Idoso_yanomami_atendido_em_posto_de_saude_Credito_Divulgacao_TV_Brasil-300x200.jpg 300w, https:\/\/www.cidademarketing.com.br\/marketing\/wp-content\/uploads\/2023\/03\/Caminhos_da_Reportagem_Idoso_yanomami_atendido_em_posto_de_saude_Credito_Divulgacao_TV_Brasil-1024x683.jpg 1024w, https:\/\/www.cidademarketing.com.br\/marketing\/wp-content\/uploads\/2023\/03\/Caminhos_da_Reportagem_Idoso_yanomami_atendido_em_posto_de_saude_Credito_Divulgacao_TV_Brasil-768x512.jpg 768w, https:\/\/www.cidademarketing.com.br\/marketing\/wp-content\/uploads\/2023\/03\/Caminhos_da_Reportagem_Idoso_yanomami_atendido_em_posto_de_saude_Credito_Divulgacao_TV_Brasil-1536x1024.jpg 1536w, https:\/\/www.cidademarketing.com.br\/marketing\/wp-content\/uploads\/2023\/03\/Caminhos_da_Reportagem_Idoso_yanomami_atendido_em_posto_de_saude_Credito_Divulgacao_TV_Brasil-640x427.jpg 640w, https:\/\/www.cidademarketing.com.br\/marketing\/wp-content\/uploads\/2023\/03\/Caminhos_da_Reportagem_Idoso_yanomami_atendido_em_posto_de_saude_Credito_Divulgacao_TV_Brasil-681x454.jpg 681w, https:\/\/www.cidademarketing.com.br\/marketing\/wp-content\/uploads\/2023\/03\/Caminhos_da_Reportagem_Idoso_yanomami_atendido_em_posto_de_saude_Credito_Divulgacao_TV_Brasil.jpg 1810w\" sizes=\"(max-width: 630px) 100vw, 630px\" alt=\"\">\r\n                            <\/a>\r\n                            <figcaption class = \"td-slide-caption td-gallery-slide-content\"><div class = \"td-gallery-slide-copywrite\">Divulga\u00e7\u00e3o<\/div><\/figcaption>\r\n                        <\/figure>\r\n                    <\/div>\r\n                    <div class = \"td-slide-item td-item3\">\r\n                        <figure class=\"td-slide-galery-figure td-slide-popup-gallery\">\r\n                            <a class=\"slide-gallery-image-link\" href=\"https:\/\/www.cidademarketing.com.br\/marketing\/wp-content\/uploads\/2023\/03\/Caminhos_da_Reportagem_Indigena_yanomami_Credito_Divulgacao_TV_Brasil.jpg\" title=\"Caminhos_da_Reportagem_Indigena_yanomami_Credito_Divulgacao_TV_Brasil\"  data-caption=\"Divulga\u00e7\u00e3o\"  data-description=\"\">\r\n                                <img decoding=\"async\" src=\"https:\/\/www.cidademarketing.com.br\/marketing\/wp-content\/uploads\/2023\/03\/Caminhos_da_Reportagem_Indigena_yanomami_Credito_Divulgacao_TV_Brasil-746x420.jpg\" srcset=\"https:\/\/www.cidademarketing.com.br\/marketing\/wp-content\/uploads\/2023\/03\/Caminhos_da_Reportagem_Indigena_yanomami_Credito_Divulgacao_TV_Brasil-746x420.jpg 746w, https:\/\/www.cidademarketing.com.br\/marketing\/wp-content\/uploads\/2023\/03\/Caminhos_da_Reportagem_Indigena_yanomami_Credito_Divulgacao_TV_Brasil-300x169.jpg 300w, https:\/\/www.cidademarketing.com.br\/marketing\/wp-content\/uploads\/2023\/03\/Caminhos_da_Reportagem_Indigena_yanomami_Credito_Divulgacao_TV_Brasil-1024x576.jpg 1024w, https:\/\/www.cidademarketing.com.br\/marketing\/wp-content\/uploads\/2023\/03\/Caminhos_da_Reportagem_Indigena_yanomami_Credito_Divulgacao_TV_Brasil-768x432.jpg 768w, https:\/\/www.cidademarketing.com.br\/marketing\/wp-content\/uploads\/2023\/03\/Caminhos_da_Reportagem_Indigena_yanomami_Credito_Divulgacao_TV_Brasil-1536x865.jpg 1536w, https:\/\/www.cidademarketing.com.br\/marketing\/wp-content\/uploads\/2023\/03\/Caminhos_da_Reportagem_Indigena_yanomami_Credito_Divulgacao_TV_Brasil-640x360.jpg 640w, https:\/\/www.cidademarketing.com.br\/marketing\/wp-content\/uploads\/2023\/03\/Caminhos_da_Reportagem_Indigena_yanomami_Credito_Divulgacao_TV_Brasil-681x383.jpg 681w, https:\/\/www.cidademarketing.com.br\/marketing\/wp-content\/uploads\/2023\/03\/Caminhos_da_Reportagem_Indigena_yanomami_Credito_Divulgacao_TV_Brasil.jpg 1805w\" sizes=\"(max-width: 746px) 100vw, 746px\" alt=\"\">\r\n                            <\/a>\r\n                            <figcaption class = \"td-slide-caption td-gallery-slide-content\"><div class = \"td-gallery-slide-copywrite\">Divulga\u00e7\u00e3o<\/div><\/figcaption>\r\n                        <\/figure>\r\n                    <\/div>\r\n                    <div class = \"td-slide-item td-item4\">\r\n                        <figure class=\"td-slide-galery-figure td-slide-popup-gallery\">\r\n                            <a class=\"slide-gallery-image-link\" href=\"https:\/\/www.cidademarketing.com.br\/marketing\/wp-content\/uploads\/2023\/03\/Caminhos_da_Reportagem_Indigenas_reunidos_apos_a_chegada_de_comida_Credito_Divulgacao_TV_Brasil.jpg\" title=\"Caminhos_da_Reportagem_Indigenas_reunidos_apos_a_chegada_de_comida_Credito_Divulgacao_TV_Brasil\"  data-caption=\"Divulga\u00e7\u00e3o\"  data-description=\"\">\r\n                                <img decoding=\"async\" src=\"https:\/\/www.cidademarketing.com.br\/marketing\/wp-content\/uploads\/2023\/03\/Caminhos_da_Reportagem_Indigenas_reunidos_apos_a_chegada_de_comida_Credito_Divulgacao_TV_Brasil-746x420.jpg\" srcset=\"https:\/\/www.cidademarketing.com.br\/marketing\/wp-content\/uploads\/2023\/03\/Caminhos_da_Reportagem_Indigenas_reunidos_apos_a_chegada_de_comida_Credito_Divulgacao_TV_Brasil-746x420.jpg 746w, https:\/\/www.cidademarketing.com.br\/marketing\/wp-content\/uploads\/2023\/03\/Caminhos_da_Reportagem_Indigenas_reunidos_apos_a_chegada_de_comida_Credito_Divulgacao_TV_Brasil-300x169.jpg 300w, https:\/\/www.cidademarketing.com.br\/marketing\/wp-content\/uploads\/2023\/03\/Caminhos_da_Reportagem_Indigenas_reunidos_apos_a_chegada_de_comida_Credito_Divulgacao_TV_Brasil-1024x576.jpg 1024w, https:\/\/www.cidademarketing.com.br\/marketing\/wp-content\/uploads\/2023\/03\/Caminhos_da_Reportagem_Indigenas_reunidos_apos_a_chegada_de_comida_Credito_Divulgacao_TV_Brasil-768x432.jpg 768w, https:\/\/www.cidademarketing.com.br\/marketing\/wp-content\/uploads\/2023\/03\/Caminhos_da_Reportagem_Indigenas_reunidos_apos_a_chegada_de_comida_Credito_Divulgacao_TV_Brasil-1536x865.jpg 1536w, https:\/\/www.cidademarketing.com.br\/marketing\/wp-content\/uploads\/2023\/03\/Caminhos_da_Reportagem_Indigenas_reunidos_apos_a_chegada_de_comida_Credito_Divulgacao_TV_Brasil-640x360.jpg 640w, https:\/\/www.cidademarketing.com.br\/marketing\/wp-content\/uploads\/2023\/03\/Caminhos_da_Reportagem_Indigenas_reunidos_apos_a_chegada_de_comida_Credito_Divulgacao_TV_Brasil-681x383.jpg 681w, https:\/\/www.cidademarketing.com.br\/marketing\/wp-content\/uploads\/2023\/03\/Caminhos_da_Reportagem_Indigenas_reunidos_apos_a_chegada_de_comida_Credito_Divulgacao_TV_Brasil.jpg 1805w\" sizes=\"(max-width: 746px) 100vw, 746px\" alt=\"\">\r\n                            <\/a>\r\n                            <figcaption class = \"td-slide-caption td-gallery-slide-content\"><div class = \"td-gallery-slide-copywrite\">Divulga\u00e7\u00e3o<\/div><\/figcaption>\r\n                        <\/figure>\r\n                    <\/div>\r\n                    <div class = \"td-slide-item td-item5\">\r\n                        <figure class=\"td-slide-galery-figure td-slide-popup-gallery\">\r\n                            <a class=\"slide-gallery-image-link\" href=\"https:\/\/www.cidademarketing.com.br\/marketing\/wp-content\/uploads\/2023\/03\/Caminhos_da_Reportagem_Indigenas_yanomami_Credito_Divulgacao_TV_Brasil.jpg\" title=\"Caminhos_da_Reportagem_Indigenas_yanomami_Credito_Divulgacao_TV_Brasil\"  data-caption=\"Divulga\u00e7\u00e3o\"  data-description=\"\">\r\n                                <img decoding=\"async\" src=\"https:\/\/www.cidademarketing.com.br\/marketing\/wp-content\/uploads\/2023\/03\/Caminhos_da_Reportagem_Indigenas_yanomami_Credito_Divulgacao_TV_Brasil-746x420.jpg\" srcset=\"https:\/\/www.cidademarketing.com.br\/marketing\/wp-content\/uploads\/2023\/03\/Caminhos_da_Reportagem_Indigenas_yanomami_Credito_Divulgacao_TV_Brasil-746x420.jpg 746w, https:\/\/www.cidademarketing.com.br\/marketing\/wp-content\/uploads\/2023\/03\/Caminhos_da_Reportagem_Indigenas_yanomami_Credito_Divulgacao_TV_Brasil-300x169.jpg 300w, https:\/\/www.cidademarketing.com.br\/marketing\/wp-content\/uploads\/2023\/03\/Caminhos_da_Reportagem_Indigenas_yanomami_Credito_Divulgacao_TV_Brasil-1024x576.jpg 1024w, https:\/\/www.cidademarketing.com.br\/marketing\/wp-content\/uploads\/2023\/03\/Caminhos_da_Reportagem_Indigenas_yanomami_Credito_Divulgacao_TV_Brasil-768x432.jpg 768w, https:\/\/www.cidademarketing.com.br\/marketing\/wp-content\/uploads\/2023\/03\/Caminhos_da_Reportagem_Indigenas_yanomami_Credito_Divulgacao_TV_Brasil-1536x865.jpg 1536w, https:\/\/www.cidademarketing.com.br\/marketing\/wp-content\/uploads\/2023\/03\/Caminhos_da_Reportagem_Indigenas_yanomami_Credito_Divulgacao_TV_Brasil-640x360.jpg 640w, https:\/\/www.cidademarketing.com.br\/marketing\/wp-content\/uploads\/2023\/03\/Caminhos_da_Reportagem_Indigenas_yanomami_Credito_Divulgacao_TV_Brasil-681x383.jpg 681w, https:\/\/www.cidademarketing.com.br\/marketing\/wp-content\/uploads\/2023\/03\/Caminhos_da_Reportagem_Indigenas_yanomami_Credito_Divulgacao_TV_Brasil.jpg 1805w\" sizes=\"(max-width: 746px) 100vw, 746px\" alt=\"\">\r\n                            <\/a>\r\n                            <figcaption class = \"td-slide-caption td-gallery-slide-content\"><div class = \"td-gallery-slide-copywrite\">Divulga\u00e7\u00e3o<\/div><\/figcaption>\r\n                        <\/figure>\r\n                    <\/div>\r\n                    <div class = \"td-slide-item td-item6\">\r\n                        <figure class=\"td-slide-galery-figure td-slide-popup-gallery\">\r\n                            <a class=\"slide-gallery-image-link\" href=\"https:\/\/www.cidademarketing.com.br\/marketing\/wp-content\/uploads\/2023\/03\/Caminhos_da_Reportagem_Integrantes_da_Forca_Nacional_do_SUS_atendem_crianca_yanomami_Credito_Divulgacao_TV_Brasil.jpg\" title=\"Caminhos_da_Reportagem_Integrantes_da_Forca_Nacional_do_SUS_atendem_crianca_yanomami_Credito_Divulgacao_TV_Brasil\"  data-caption=\"Divulga\u00e7\u00e3o\"  data-description=\"\">\r\n                                <img decoding=\"async\" src=\"https:\/\/www.cidademarketing.com.br\/marketing\/wp-content\/uploads\/2023\/03\/Caminhos_da_Reportagem_Integrantes_da_Forca_Nacional_do_SUS_atendem_crianca_yanomami_Credito_Divulgacao_TV_Brasil-746x420.jpg\" srcset=\"https:\/\/www.cidademarketing.com.br\/marketing\/wp-content\/uploads\/2023\/03\/Caminhos_da_Reportagem_Integrantes_da_Forca_Nacional_do_SUS_atendem_crianca_yanomami_Credito_Divulgacao_TV_Brasil-746x420.jpg 746w, https:\/\/www.cidademarketing.com.br\/marketing\/wp-content\/uploads\/2023\/03\/Caminhos_da_Reportagem_Integrantes_da_Forca_Nacional_do_SUS_atendem_crianca_yanomami_Credito_Divulgacao_TV_Brasil-300x169.jpg 300w, https:\/\/www.cidademarketing.com.br\/marketing\/wp-content\/uploads\/2023\/03\/Caminhos_da_Reportagem_Integrantes_da_Forca_Nacional_do_SUS_atendem_crianca_yanomami_Credito_Divulgacao_TV_Brasil-1024x576.jpg 1024w, https:\/\/www.cidademarketing.com.br\/marketing\/wp-content\/uploads\/2023\/03\/Caminhos_da_Reportagem_Integrantes_da_Forca_Nacional_do_SUS_atendem_crianca_yanomami_Credito_Divulgacao_TV_Brasil-768x432.jpg 768w, https:\/\/www.cidademarketing.com.br\/marketing\/wp-content\/uploads\/2023\/03\/Caminhos_da_Reportagem_Integrantes_da_Forca_Nacional_do_SUS_atendem_crianca_yanomami_Credito_Divulgacao_TV_Brasil-1536x865.jpg 1536w, https:\/\/www.cidademarketing.com.br\/marketing\/wp-content\/uploads\/2023\/03\/Caminhos_da_Reportagem_Integrantes_da_Forca_Nacional_do_SUS_atendem_crianca_yanomami_Credito_Divulgacao_TV_Brasil-640x360.jpg 640w, https:\/\/www.cidademarketing.com.br\/marketing\/wp-content\/uploads\/2023\/03\/Caminhos_da_Reportagem_Integrantes_da_Forca_Nacional_do_SUS_atendem_crianca_yanomami_Credito_Divulgacao_TV_Brasil-681x383.jpg 681w, https:\/\/www.cidademarketing.com.br\/marketing\/wp-content\/uploads\/2023\/03\/Caminhos_da_Reportagem_Integrantes_da_Forca_Nacional_do_SUS_atendem_crianca_yanomami_Credito_Divulgacao_TV_Brasil.jpg 1805w\" sizes=\"(max-width: 746px) 100vw, 746px\" alt=\"\">\r\n                            <\/a>\r\n                            <figcaption class = \"td-slide-caption td-gallery-slide-content\"><div class = \"td-gallery-slide-copywrite\">Divulga\u00e7\u00e3o<\/div><\/figcaption>\r\n                        <\/figure>\r\n                    <\/div>\r\n                    <div class = \"td-slide-item td-item7\">\r\n                        <figure class=\"td-slide-galery-figure td-slide-popup-gallery\">\r\n                            <a class=\"slide-gallery-image-link\" href=\"https:\/\/www.cidademarketing.com.br\/marketing\/wp-content\/uploads\/2023\/03\/Caminhos_da_Reportagem_Posto_de_saude_indigena_Credito_Divulgacao_TV_Brasil.jpg\" title=\"Caminhos_da_Reportagem_Posto_de_saude_indigena_Credito_Divulgacao_TV_Brasil\"  data-caption=\"Divulga\u00e7\u00e3o\"  data-description=\"\">\r\n                                <img decoding=\"async\" src=\"https:\/\/www.cidademarketing.com.br\/marketing\/wp-content\/uploads\/2023\/03\/Caminhos_da_Reportagem_Posto_de_saude_indigena_Credito_Divulgacao_TV_Brasil-746x420.jpg\" srcset=\"https:\/\/www.cidademarketing.com.br\/marketing\/wp-content\/uploads\/2023\/03\/Caminhos_da_Reportagem_Posto_de_saude_indigena_Credito_Divulgacao_TV_Brasil-746x420.jpg 746w, https:\/\/www.cidademarketing.com.br\/marketing\/wp-content\/uploads\/2023\/03\/Caminhos_da_Reportagem_Posto_de_saude_indigena_Credito_Divulgacao_TV_Brasil-300x169.jpg 300w, https:\/\/www.cidademarketing.com.br\/marketing\/wp-content\/uploads\/2023\/03\/Caminhos_da_Reportagem_Posto_de_saude_indigena_Credito_Divulgacao_TV_Brasil-1024x576.jpg 1024w, https:\/\/www.cidademarketing.com.br\/marketing\/wp-content\/uploads\/2023\/03\/Caminhos_da_Reportagem_Posto_de_saude_indigena_Credito_Divulgacao_TV_Brasil-768x432.jpg 768w, https:\/\/www.cidademarketing.com.br\/marketing\/wp-content\/uploads\/2023\/03\/Caminhos_da_Reportagem_Posto_de_saude_indigena_Credito_Divulgacao_TV_Brasil-1536x865.jpg 1536w, https:\/\/www.cidademarketing.com.br\/marketing\/wp-content\/uploads\/2023\/03\/Caminhos_da_Reportagem_Posto_de_saude_indigena_Credito_Divulgacao_TV_Brasil-640x360.jpg 640w, https:\/\/www.cidademarketing.com.br\/marketing\/wp-content\/uploads\/2023\/03\/Caminhos_da_Reportagem_Posto_de_saude_indigena_Credito_Divulgacao_TV_Brasil-681x383.jpg 681w, https:\/\/www.cidademarketing.com.br\/marketing\/wp-content\/uploads\/2023\/03\/Caminhos_da_Reportagem_Posto_de_saude_indigena_Credito_Divulgacao_TV_Brasil.jpg 1805w\" sizes=\"(max-width: 746px) 100vw, 746px\" alt=\"\">\r\n                            <\/a>\r\n                            <figcaption class = \"td-slide-caption td-gallery-slide-content\"><div class = \"td-gallery-slide-copywrite\">Divulga\u00e7\u00e3o<\/div><\/figcaption>\r\n                        <\/figure>\r\n                    <\/div>\r\n                    <div class = \"td-slide-item td-item8\">\r\n                        <figure class=\"td-slide-galery-figure td-slide-popup-gallery\">\r\n                            <a class=\"slide-gallery-image-link\" href=\"https:\/\/www.cidademarketing.com.br\/marketing\/wp-content\/uploads\/2023\/03\/Caminhos_da_Reportagem_Visao_aerea_de_garimpo_ilegal_em_Terra_Indigena_Yanomami_Credito_Divulgacao_TV_Brasil.jpg\" title=\"Caminhos_da_Reportagem_Visao_aerea_de_garimpo_ilegal_em_Terra_Indigena_Yanomami_Credito_Divulgacao_TV_Brasil\"  data-caption=\"\"  data-description=\"\">\r\n                                <img decoding=\"async\" src=\"https:\/\/www.cidademarketing.com.br\/marketing\/wp-content\/uploads\/2023\/03\/Caminhos_da_Reportagem_Visao_aerea_de_garimpo_ilegal_em_Terra_Indigena_Yanomami_Credito_Divulgacao_TV_Brasil-740x420.jpg\" srcset=\"https:\/\/www.cidademarketing.com.br\/marketing\/wp-content\/uploads\/2023\/03\/Caminhos_da_Reportagem_Visao_aerea_de_garimpo_ilegal_em_Terra_Indigena_Yanomami_Credito_Divulgacao_TV_Brasil-740x420.jpg 740w, https:\/\/www.cidademarketing.com.br\/marketing\/wp-content\/uploads\/2023\/03\/Caminhos_da_Reportagem_Visao_aerea_de_garimpo_ilegal_em_Terra_Indigena_Yanomami_Credito_Divulgacao_TV_Brasil-300x170.jpg 300w, https:\/\/www.cidademarketing.com.br\/marketing\/wp-content\/uploads\/2023\/03\/Caminhos_da_Reportagem_Visao_aerea_de_garimpo_ilegal_em_Terra_Indigena_Yanomami_Credito_Divulgacao_TV_Brasil-1024x581.jpg 1024w, https:\/\/www.cidademarketing.com.br\/marketing\/wp-content\/uploads\/2023\/03\/Caminhos_da_Reportagem_Visao_aerea_de_garimpo_ilegal_em_Terra_Indigena_Yanomami_Credito_Divulgacao_TV_Brasil-768x436.jpg 768w, https:\/\/www.cidademarketing.com.br\/marketing\/wp-content\/uploads\/2023\/03\/Caminhos_da_Reportagem_Visao_aerea_de_garimpo_ilegal_em_Terra_Indigena_Yanomami_Credito_Divulgacao_TV_Brasil-1536x872.jpg 1536w, https:\/\/www.cidademarketing.com.br\/marketing\/wp-content\/uploads\/2023\/03\/Caminhos_da_Reportagem_Visao_aerea_de_garimpo_ilegal_em_Terra_Indigena_Yanomami_Credito_Divulgacao_TV_Brasil-640x363.jpg 640w, https:\/\/www.cidademarketing.com.br\/marketing\/wp-content\/uploads\/2023\/03\/Caminhos_da_Reportagem_Visao_aerea_de_garimpo_ilegal_em_Terra_Indigena_Yanomami_Credito_Divulgacao_TV_Brasil-681x387.jpg 681w, https:\/\/www.cidademarketing.com.br\/marketing\/wp-content\/uploads\/2023\/03\/Caminhos_da_Reportagem_Visao_aerea_de_garimpo_ilegal_em_Terra_Indigena_Yanomami_Credito_Divulgacao_TV_Brasil-1021x580.jpg 1021w, https:\/\/www.cidademarketing.com.br\/marketing\/wp-content\/uploads\/2023\/03\/Caminhos_da_Reportagem_Visao_aerea_de_garimpo_ilegal_em_Terra_Indigena_Yanomami_Credito_Divulgacao_TV_Brasil.jpg 1805w\" sizes=\"(max-width: 740px) 100vw, 740px\" alt=\"\">\r\n                            <\/a>\r\n                            \r\n                        <\/figure>\r\n                    <\/div>\r\n                            <\/div>\r\n                        <\/div>\r\n\r\n                        <div class = \"td-doubleSlider-2\">\r\n                            <div class = \"td-slider\">\r\n                                \r\n                    <div class = \"td-button td-item1\">\r\n                        <div class = \"td-border\"><\/div>\r\n                    <\/div>\r\n                    <div class = \"td-button td-item2\">\r\n                        <div class = \"td-border\"><\/div>\r\n                    <\/div>\r\n                    <div class = \"td-button td-item3\">\r\n                        <div class = \"td-border\"><\/div>\r\n                    <\/div>\r\n                    <div class = \"td-button td-item4\">\r\n                        <div class = \"td-border\"><\/div>\r\n                    <\/div>\r\n                    <div class = \"td-button td-item5\">\r\n                        <div class = \"td-border\"><\/div>\r\n                    <\/div>\r\n                    <div class = \"td-button td-item6\">\r\n                        <div class = \"td-border\"><\/div>\r\n                    <\/div>\r\n                    <div class = \"td-button td-item7\">\r\n                        <div class = \"td-border\"><\/div>\r\n                    <\/div>\r\n                    <div class = \"td-button td-item8\">\r\n                        <div class = \"td-border\"><\/div>\r\n                    <\/div>\r\n                            <\/div>\r\n                        <\/div>\r\n\r\n                    <\/div>\r\n\r\n                <\/div>\r\n                \n<p>&nbsp;<\/p>\n<p>Um relat\u00f3rio da Hutukara Associa\u00e7\u00e3o Yanomami informa a dimens\u00e3o do problema: o garimpo cresceu 46% entre 2020 e 2021 e 3.350% de 2016 a 2020. Al\u00e9m de espalhar doen\u00e7as e mortes, a invas\u00e3o derruba mata nativa e polui rios.<\/p>\n<p>&#8220;Com aquela quantidade de sedimento que eles est\u00e3o desbarrancando e jogando dentro dos rios, a \u00e1gua perde a capacidade de deixar passar a luz. Outra consequ\u00eancia \u00e9 a contamina\u00e7\u00e3o por merc\u00fario. O peixe come a alga que est\u00e1 impregnada com aquilo e a gente come o peixe. \u00c9 um ciclo de contamina\u00e7\u00e3o biocumulativo&#8221;, explica o professor de Geologia da UFRR Carlos Eduardo Vieira.<\/p>\n<p>Profissionais da \u00e1rea da sa\u00fade ficaram impressionados com a situa\u00e7\u00e3o que encontraram na regi\u00e3o. &#8220;Eu costumo dizer que a gente n\u00e3o consegue desligar a chave de ser m\u00e9dico, ent\u00e3o a gente tem que estar sempre pronto para ajudar&#8221;, diz o tenente M\u00e1rquez, m\u00e9dico do Ex\u00e9rcito. &#8220;Voc\u00ea estando em campo, voc\u00ea sofre um pouco mais, voc\u00ea se choca um pouco mais, n\u00e9?&#8221;, conta o enfermeiro Marcos Fonseca.<\/p>\n<p>&#8220;Em 2020, a gente teve 1.800 casos de mal\u00e1ria em uma popula\u00e7\u00e3o de 900 pessoas. S\u00e3o cerca de dois casos por pessoa em um ano. E isso tem rela\u00e7\u00e3o direta com o garimpo&#8221;, denuncia a advogada do Instituto Socioambiental, Juliana Batista.<\/p>\n<p>Para mudar esse quadro, o governo federal promove, desde o dia 20 de janeiro, uma opera\u00e7\u00e3o na Terra Ind\u00edgena Yanomami. &#8220;\u00c9 preciso combater a raiz, que \u00e9 o garimpo ilegal. N\u00e3o \u00e9 poss\u00edvel que 30 mil ind\u00edgenas yanomami sigam convivendo com 20 mil garimpeiros dentro do seu territ\u00f3rio&#8221;, lembrou a ministra dos Povos Ind\u00edgenas, S\u00f4nia Guajajara.<\/p>\n<p>O epis\u00f3dio tamb\u00e9m traz uma entrevista exclusiva com um dos garimpeiros que invadiu o territ\u00f3rio. Ele conta como \u00e9 o dia a dia no garimpo, fala da busca pelo ouro e admite saber que a pr\u00e1tica dentro da reserva \u00e9 ilegal.<\/p>\n<p>Al\u00e9m de retirar e punir os invasores, \u00e9 preciso recuperar o meio ambiente, a sa\u00fade e a rotina dos ind\u00edgenas. &#8220;Meu sonho \u00e9 ver as comunidades crescendo, as crian\u00e7as fazendo rituais, ca\u00e7ando, pescando, ter escolas e assist\u00eancia de sa\u00fade&#8221;, explica Junior Hekurari Yanomami.<\/p>\n<p>Ficha t\u00e9cnica<\/p>\n<p>Reportagem: Ana Graziela Aguiar<br \/>\nReportagem cinematogr\u00e1fica: Andr\u00e9 Rodrigo Pacheco, Gilvan Alves e Sigmar Gon\u00e7alves<br \/>\nApoio reportagem cinematogr\u00e1fica: Sandro Tebaldi (RJ)<br \/>\nAux\u00edlio t\u00e9cnico: Alexandre Souza e Rafael Calado<br \/>\nApoio aux\u00edlio t\u00e9cnico: Cl\u00e1udio Henrique (RJ) e Dailton Matos (DF)<br \/>\nProdu\u00e7\u00e3o: Ana Graziela Aguiar, Claiton Freitas e Flavia Peixoto<br \/>\nEstagi\u00e1rios: Gabriella Castro (DF) e Samuel Chagas (RJ)<br \/>\nEdi\u00e7\u00e3o: Paulo Leite<br \/>\nEdi\u00e7\u00e3o de imagens e finaliza\u00e7\u00e3o: Andr\u00e9 Eust\u00e1quio e Jerson Portela<br \/>\nArte: J\u00falia Costa<\/p>\n<p>Sobre o programa<\/p>\n<p>Produ\u00e7\u00e3o semanal da TV Brasil, o Caminhos da Reportagem leva o telespectador para uma viagem pelo pa\u00eds e pelo mundo atr\u00e1s de grandes hist\u00f3rias, com uma vis\u00e3o diferente, instigante e complexa de cada um dos assuntos escolhidos.<\/p>\n<p>No ar h\u00e1 mais de uma d\u00e9cada, o Caminhos da Reportagem \u00e9 uma das atra\u00e7\u00f5es jornal\u00edsticas mais premiadas n\u00e3o s\u00f3 do canal, como tamb\u00e9m da televis\u00e3o brasileira. Para contar grandes hist\u00f3rias, os profissionais investigam assuntos variados e revelam os aspectos mais relevantes de cada pauta.<\/p>\n<p>Sa\u00fade, economia, comportamento, educa\u00e7\u00e3o, meio ambiente, seguran\u00e7a, presta\u00e7\u00e3o de servi\u00e7os, cultura e outros tantos temas s\u00e3o abordados de maneira \u00fanica, levando conte\u00fado de interesse para a sociedade pela telinha da emissora p\u00fablica.<\/p>\n<p>Quest\u00f5es atuais e pol\u00eamicas s\u00e3o tratadas com profundidade e seriedade pela equipe de profissionais do canal. O trabalho minucioso e bem executado \u00e9 reconhecido com diversas premia\u00e7\u00f5es relevantes no meio jornal\u00edstico.<\/p>\n<p>Exibido aos domingos, \u00e0s 22h, o Caminhos da Reportagem tem hor\u00e1rio alternativo na madrugada para segunda-feira, \u00e0s 2h30. A produ\u00e7\u00e3o disponibiliza as mat\u00e9rias especiais no site http:\/\/tvbrasil.ebc.com.br\/caminhosdareportagem e no YouTube da emissora p\u00fablica em https:\/\/www.youtube.com\/tvbrasil. As edi\u00e7\u00f5es anteriores tamb\u00e9m est\u00e3o no aplicativo TV Brasil Play, dispon\u00edvel nas vers\u00f5es Android e iOS, e no site http:\/\/tvbrasilplay.com.br.<\/p>\n<p><iframe style=\"width: 100%; max-width: 660px; overflow: hidden; background: transparent;\" src=\"https:\/\/embed.podcasts.apple.com\/br\/podcast\/podcast-cidademarketing\/id1371923283\" height=\"450\" frameborder=\"0\" sandbox=\"allow-forms allow-popups allow-same-origin allow-scripts allow-storage-access-by-user-activation allow-top-navigation-by-user-activation\"><\/iframe><\/p>\n","protected":false},"excerpt":{"rendered":"<p>A edi\u00e7\u00e3o in\u00e9dita do programa Caminhos da Reportagem revela o drama na maior terra ind\u00edgena do mundo neste domingo (5), \u00e0s 22h, na TV Brasil. A mat\u00e9ria especial &#8220;Yanomami \u2013 o direito de existir&#8221; mostra a devastadora crise humanit\u00e1ria. A atra\u00e7\u00e3o jornal\u00edstica destaca como a invas\u00e3o do garimpo \u2013 proibido no local \u2013 levou doen\u00e7as, [&hellip;]<\/p>\n","protected":false},"author":1,"featured_media":43715,"comment_status":"open","ping_status":"open","sticky":false,"template":"","format":"standard","meta":{"tdm_status":"","tdm_grid_status":"","footnotes":""},"categories":[6],"tags":[65,33,28,380,5923],"class_list":["post-43710","post","type-post","status-publish","format-standard","has-post-thumbnail","hentry","category-noticias","tag-campanha","tag-estrategia","tag-marketing","tag-tv-brasil","tag-yanomami"],"yoast_head":"<!-- This site is optimized with the Yoast SEO plugin v27.4 - https:\/\/yoast.com\/product\/yoast-seo-wordpress\/ -->\n<title>TV Brasil: Caminhos da Reportagem destaca a crise humanit\u00e1ria na Terra Ind\u00edgena Yanomami - CidadeMarketing<\/title>\n<meta name=\"robots\" content=\"index, follow, max-snippet:-1, max-image-preview:large, max-video-preview:-1\" \/>\n<link rel=\"canonical\" href=\"https:\/\/www.cidademarketing.com.br\/marketing\/2023\/03\/05\/tv-brasil-caminhos-da-reportagem-destaca-a-crise-humanitaria-na-terra-indigena-yanomami\/\" \/>\n<meta property=\"og:locale\" content=\"pt_BR\" \/>\n<meta property=\"og:type\" content=\"article\" \/>\n<meta property=\"og:title\" content=\"TV Brasil: Caminhos da Reportagem destaca a crise humanit\u00e1ria na Terra Ind\u00edgena Yanomami - CidadeMarketing\" \/>\n<meta property=\"og:description\" content=\"A edi\u00e7\u00e3o in\u00e9dita do programa Caminhos da Reportagem revela o drama na maior terra ind\u00edgena do mundo neste domingo (5), \u00e0s 22h, na TV Brasil. A mat\u00e9ria especial &#8220;Yanomami \u2013 o direito de existir&#8221; mostra a devastadora crise humanit\u00e1ria. A atra\u00e7\u00e3o jornal\u00edstica destaca como a invas\u00e3o do garimpo \u2013 proibido no local \u2013 levou doen\u00e7as, [&hellip;]\" \/>\n<meta property=\"og:url\" content=\"https:\/\/www.cidademarketing.com.br\/marketing\/2023\/03\/05\/tv-brasil-caminhos-da-reportagem-destaca-a-crise-humanitaria-na-terra-indigena-yanomami\/\" \/>\n<meta property=\"og:site_name\" content=\"CidadeMarketing\" \/>\n<meta property=\"article:publisher\" content=\"https:\/\/www.facebook.com\/portalcidademarketing\" \/>\n<meta property=\"article:author\" content=\"https:\/\/www.facebook.com\/thalesbrandao\" \/>\n<meta property=\"article:published_time\" content=\"2023-03-05T17:39:35+00:00\" \/>\n<meta property=\"og:image\" content=\"https:\/\/www.cidademarketing.com.br\/marketing\/wp-content\/uploads\/2023\/03\/Caminhos_da_Reportagem_Indigenas_yanomami_Credito_Divulgacao_TV_Brasil.jpg\" \/>\n\t<meta property=\"og:image:width\" content=\"1805\" \/>\n\t<meta property=\"og:image:height\" content=\"1016\" \/>\n\t<meta property=\"og:image:type\" content=\"image\/jpeg\" \/>\n<meta name=\"author\" content=\"Thales Brand\u00e3o\" \/>\n<meta name=\"twitter:card\" content=\"summary_large_image\" \/>\n<meta name=\"twitter:creator\" content=\"@http:\/\/www.twitter.com\/thalesbrandao\" \/>\n<meta name=\"twitter:site\" content=\"@CidadeMarketing\" \/>\n<meta name=\"twitter:label1\" content=\"Escrito por\" \/>\n\t<meta name=\"twitter:data1\" content=\"Thales Brand\u00e3o\" \/>\n\t<meta name=\"twitter:label2\" content=\"Est. tempo de leitura\" \/>\n\t<meta name=\"twitter:data2\" content=\"5 minutos\" \/>\n<script type=\"application\/ld+json\" class=\"yoast-schema-graph\">{\"@context\":\"https:\\\/\\\/schema.org\",\"@graph\":[{\"@type\":\"Article\",\"@id\":\"https:\\\/\\\/www.cidademarketing.com.br\\\/marketing\\\/2023\\\/03\\\/05\\\/tv-brasil-caminhos-da-reportagem-destaca-a-crise-humanitaria-na-terra-indigena-yanomami\\\/#article\",\"isPartOf\":{\"@id\":\"https:\\\/\\\/www.cidademarketing.com.br\\\/marketing\\\/2023\\\/03\\\/05\\\/tv-brasil-caminhos-da-reportagem-destaca-a-crise-humanitaria-na-terra-indigena-yanomami\\\/\"},\"author\":{\"name\":\"Thales Brand\u00e3o\",\"@id\":\"https:\\\/\\\/www.cidademarketing.com.br\\\/marketing\\\/#\\\/schema\\\/person\\\/02daff9f18bd9378c9e01eb6b2db155f\"},\"headline\":\"TV Brasil: Caminhos da Reportagem destaca a crise humanit\u00e1ria na Terra Ind\u00edgena Yanomami\",\"datePublished\":\"2023-03-05T17:39:35+00:00\",\"mainEntityOfPage\":{\"@id\":\"https:\\\/\\\/www.cidademarketing.com.br\\\/marketing\\\/2023\\\/03\\\/05\\\/tv-brasil-caminhos-da-reportagem-destaca-a-crise-humanitaria-na-terra-indigena-yanomami\\\/\"},\"wordCount\":981,\"commentCount\":0,\"publisher\":{\"@id\":\"https:\\\/\\\/www.cidademarketing.com.br\\\/marketing\\\/#organization\"},\"image\":{\"@id\":\"https:\\\/\\\/www.cidademarketing.com.br\\\/marketing\\\/2023\\\/03\\\/05\\\/tv-brasil-caminhos-da-reportagem-destaca-a-crise-humanitaria-na-terra-indigena-yanomami\\\/#primaryimage\"},\"thumbnailUrl\":\"https:\\\/\\\/www.cidademarketing.com.br\\\/marketing\\\/wp-content\\\/uploads\\\/2023\\\/03\\\/Caminhos_da_Reportagem_Indigenas_yanomami_Credito_Divulgacao_TV_Brasil.jpg\",\"keywords\":[\"campanha\",\"estrat\u00e9gia\",\"marketing\",\"TV Brasil\",\"Yanomami\"],\"articleSection\":[\"Not\u00edcias\"],\"inLanguage\":\"pt-BR\",\"potentialAction\":[{\"@type\":\"CommentAction\",\"name\":\"Comment\",\"target\":[\"https:\\\/\\\/www.cidademarketing.com.br\\\/marketing\\\/2023\\\/03\\\/05\\\/tv-brasil-caminhos-da-reportagem-destaca-a-crise-humanitaria-na-terra-indigena-yanomami\\\/#respond\"]}]},{\"@type\":\"WebPage\",\"@id\":\"https:\\\/\\\/www.cidademarketing.com.br\\\/marketing\\\/2023\\\/03\\\/05\\\/tv-brasil-caminhos-da-reportagem-destaca-a-crise-humanitaria-na-terra-indigena-yanomami\\\/\",\"url\":\"https:\\\/\\\/www.cidademarketing.com.br\\\/marketing\\\/2023\\\/03\\\/05\\\/tv-brasil-caminhos-da-reportagem-destaca-a-crise-humanitaria-na-terra-indigena-yanomami\\\/\",\"name\":\"TV Brasil: Caminhos da Reportagem destaca a crise humanit\u00e1ria na Terra Ind\u00edgena Yanomami - CidadeMarketing\",\"isPartOf\":{\"@id\":\"https:\\\/\\\/www.cidademarketing.com.br\\\/marketing\\\/#website\"},\"primaryImageOfPage\":{\"@id\":\"https:\\\/\\\/www.cidademarketing.com.br\\\/marketing\\\/2023\\\/03\\\/05\\\/tv-brasil-caminhos-da-reportagem-destaca-a-crise-humanitaria-na-terra-indigena-yanomami\\\/#primaryimage\"},\"image\":{\"@id\":\"https:\\\/\\\/www.cidademarketing.com.br\\\/marketing\\\/2023\\\/03\\\/05\\\/tv-brasil-caminhos-da-reportagem-destaca-a-crise-humanitaria-na-terra-indigena-yanomami\\\/#primaryimage\"},\"thumbnailUrl\":\"https:\\\/\\\/www.cidademarketing.com.br\\\/marketing\\\/wp-content\\\/uploads\\\/2023\\\/03\\\/Caminhos_da_Reportagem_Indigenas_yanomami_Credito_Divulgacao_TV_Brasil.jpg\",\"datePublished\":\"2023-03-05T17:39:35+00:00\",\"breadcrumb\":{\"@id\":\"https:\\\/\\\/www.cidademarketing.com.br\\\/marketing\\\/2023\\\/03\\\/05\\\/tv-brasil-caminhos-da-reportagem-destaca-a-crise-humanitaria-na-terra-indigena-yanomami\\\/#breadcrumb\"},\"inLanguage\":\"pt-BR\",\"potentialAction\":[{\"@type\":\"ReadAction\",\"target\":[\"https:\\\/\\\/www.cidademarketing.com.br\\\/marketing\\\/2023\\\/03\\\/05\\\/tv-brasil-caminhos-da-reportagem-destaca-a-crise-humanitaria-na-terra-indigena-yanomami\\\/\"]}]},{\"@type\":\"ImageObject\",\"inLanguage\":\"pt-BR\",\"@id\":\"https:\\\/\\\/www.cidademarketing.com.br\\\/marketing\\\/2023\\\/03\\\/05\\\/tv-brasil-caminhos-da-reportagem-destaca-a-crise-humanitaria-na-terra-indigena-yanomami\\\/#primaryimage\",\"url\":\"https:\\\/\\\/www.cidademarketing.com.br\\\/marketing\\\/wp-content\\\/uploads\\\/2023\\\/03\\\/Caminhos_da_Reportagem_Indigenas_yanomami_Credito_Divulgacao_TV_Brasil.jpg\",\"contentUrl\":\"https:\\\/\\\/www.cidademarketing.com.br\\\/marketing\\\/wp-content\\\/uploads\\\/2023\\\/03\\\/Caminhos_da_Reportagem_Indigenas_yanomami_Credito_Divulgacao_TV_Brasil.jpg\",\"width\":1805,\"height\":1016,\"caption\":\"Divulga\u00e7\u00e3o\"},{\"@type\":\"BreadcrumbList\",\"@id\":\"https:\\\/\\\/www.cidademarketing.com.br\\\/marketing\\\/2023\\\/03\\\/05\\\/tv-brasil-caminhos-da-reportagem-destaca-a-crise-humanitaria-na-terra-indigena-yanomami\\\/#breadcrumb\",\"itemListElement\":[{\"@type\":\"ListItem\",\"position\":1,\"name\":\"In\u00edcio\",\"item\":\"https:\\\/\\\/www.cidademarketing.com.br\\\/marketing\\\/\"},{\"@type\":\"ListItem\",\"position\":2,\"name\":\"TV Brasil: Caminhos da Reportagem destaca a crise humanit\u00e1ria na Terra Ind\u00edgena Yanomami\"}]},{\"@type\":\"WebSite\",\"@id\":\"https:\\\/\\\/www.cidademarketing.com.br\\\/marketing\\\/#website\",\"url\":\"https:\\\/\\\/www.cidademarketing.com.br\\\/marketing\\\/\",\"name\":\"CidadeMarketing\",\"description\":\"Somos um ve\u00edculo de comunica\u00e7\u00e3o de destaque no Brasil, reconhecido por conte\u00fados nos segmentos de marketing, empreendedorismo e inova\u00e7\u00e3o.\",\"publisher\":{\"@id\":\"https:\\\/\\\/www.cidademarketing.com.br\\\/marketing\\\/#organization\"},\"alternateName\":\"CidadeMarketing\",\"potentialAction\":[{\"@type\":\"SearchAction\",\"target\":{\"@type\":\"EntryPoint\",\"urlTemplate\":\"https:\\\/\\\/www.cidademarketing.com.br\\\/marketing\\\/?s={search_term_string}\"},\"query-input\":{\"@type\":\"PropertyValueSpecification\",\"valueRequired\":true,\"valueName\":\"search_term_string\"}}],\"inLanguage\":\"pt-BR\"},{\"@type\":\"Organization\",\"@id\":\"https:\\\/\\\/www.cidademarketing.com.br\\\/marketing\\\/#organization\",\"name\":\"CidadeMarketing\",\"alternateName\":\"CidadeMarketing\",\"url\":\"https:\\\/\\\/www.cidademarketing.com.br\\\/marketing\\\/\",\"logo\":{\"@type\":\"ImageObject\",\"inLanguage\":\"pt-BR\",\"@id\":\"https:\\\/\\\/www.cidademarketing.com.br\\\/marketing\\\/#\\\/schema\\\/logo\\\/image\\\/\",\"url\":\"https:\\\/\\\/www.cidademarketing.com.br\\\/marketing\\\/wp-content\\\/uploads\\\/2020\\\/01\\\/cidademarketing_marca_mobile.png\",\"contentUrl\":\"https:\\\/\\\/www.cidademarketing.com.br\\\/marketing\\\/wp-content\\\/uploads\\\/2020\\\/01\\\/cidademarketing_marca_mobile.png\",\"width\":230,\"height\":92,\"caption\":\"CidadeMarketing\"},\"image\":{\"@id\":\"https:\\\/\\\/www.cidademarketing.com.br\\\/marketing\\\/#\\\/schema\\\/logo\\\/image\\\/\"},\"sameAs\":[\"https:\\\/\\\/www.facebook.com\\\/portalcidademarketing\",\"https:\\\/\\\/x.com\\\/CidadeMarketing\",\"https:\\\/\\\/www.instagram.com\\\/cidademarketing\\\/\"]},{\"@type\":\"Person\",\"@id\":\"https:\\\/\\\/www.cidademarketing.com.br\\\/marketing\\\/#\\\/schema\\\/person\\\/02daff9f18bd9378c9e01eb6b2db155f\",\"name\":\"Thales Brand\u00e3o\",\"image\":{\"@type\":\"ImageObject\",\"inLanguage\":\"pt-BR\",\"@id\":\"https:\\\/\\\/secure.gravatar.com\\\/avatar\\\/7ca3206950207cc3cb48feec56a8a7898741ab725c368d99d5d7a5a50aab80c6?s=96&d=mm&r=g\",\"url\":\"https:\\\/\\\/secure.gravatar.com\\\/avatar\\\/7ca3206950207cc3cb48feec56a8a7898741ab725c368d99d5d7a5a50aab80c6?s=96&d=mm&r=g\",\"contentUrl\":\"https:\\\/\\\/secure.gravatar.com\\\/avatar\\\/7ca3206950207cc3cb48feec56a8a7898741ab725c368d99d5d7a5a50aab80c6?s=96&d=mm&r=g\",\"caption\":\"Thales Brand\u00e3o\"},\"description\":\"Editor Executivo do Portal CidadeMarketing.com.br &gt; Mestre em Comunica\u00e7\u00e3o e Sociedade pela Universidade Federal de Sergipe. Possui MBA Executivo em Administra\u00e7\u00e3o com \u00eanfase em Marketing pela Funda\u00e7\u00e3o Get\u00falio Vargas - Rio de Janeiro. Consultor, Palestrante e Pesquisador sobre Empreendedorismo, Marketing, Redes Sociais e Neg\u00f3cios Digitais. Professor, Palestrante TedxTalks e Campus Party. Twitter: @ThalesBrandao\",\"sameAs\":[\"http:\\\/\\\/www.mandacaru.com.br\",\"https:\\\/\\\/www.facebook.com\\\/thalesbrandao\",\"http:\\\/\\\/www.instagram.com.br\\\/thalesbrandaoferreira\",\"https:\\\/\\\/www.linkedin.com\\\/in\\\/thales-brand\u00e3o-3948609\\\/\",\"https:\\\/\\\/x.com\\\/http:\\\/\\\/www.twitter.com\\\/thalesbrandao\"],\"url\":\"https:\\\/\\\/www.cidademarketing.com.br\\\/marketing\\\/author\\\/thalesbrandao\\\/\"}]}<\/script>\n<!-- \/ Yoast SEO plugin. -->","yoast_head_json":{"title":"TV Brasil: Caminhos da Reportagem destaca a crise humanit\u00e1ria na Terra Ind\u00edgena Yanomami - CidadeMarketing","robots":{"index":"index","follow":"follow","max-snippet":"max-snippet:-1","max-image-preview":"max-image-preview:large","max-video-preview":"max-video-preview:-1"},"canonical":"https:\/\/www.cidademarketing.com.br\/marketing\/2023\/03\/05\/tv-brasil-caminhos-da-reportagem-destaca-a-crise-humanitaria-na-terra-indigena-yanomami\/","og_locale":"pt_BR","og_type":"article","og_title":"TV Brasil: Caminhos da Reportagem destaca a crise humanit\u00e1ria na Terra Ind\u00edgena Yanomami - CidadeMarketing","og_description":"A edi\u00e7\u00e3o in\u00e9dita do programa Caminhos da Reportagem revela o drama na maior terra ind\u00edgena do mundo neste domingo (5), \u00e0s 22h, na TV Brasil. A mat\u00e9ria especial &#8220;Yanomami \u2013 o direito de existir&#8221; mostra a devastadora crise humanit\u00e1ria. A atra\u00e7\u00e3o jornal\u00edstica destaca como a invas\u00e3o do garimpo \u2013 proibido no local \u2013 levou doen\u00e7as, [&hellip;]","og_url":"https:\/\/www.cidademarketing.com.br\/marketing\/2023\/03\/05\/tv-brasil-caminhos-da-reportagem-destaca-a-crise-humanitaria-na-terra-indigena-yanomami\/","og_site_name":"CidadeMarketing","article_publisher":"https:\/\/www.facebook.com\/portalcidademarketing","article_author":"https:\/\/www.facebook.com\/thalesbrandao","article_published_time":"2023-03-05T17:39:35+00:00","og_image":[{"width":1805,"height":1016,"url":"https:\/\/www.cidademarketing.com.br\/marketing\/wp-content\/uploads\/2023\/03\/Caminhos_da_Reportagem_Indigenas_yanomami_Credito_Divulgacao_TV_Brasil.jpg","type":"image\/jpeg"}],"author":"Thales Brand\u00e3o","twitter_card":"summary_large_image","twitter_creator":"@http:\/\/www.twitter.com\/thalesbrandao","twitter_site":"@CidadeMarketing","twitter_misc":{"Escrito por":"Thales Brand\u00e3o","Est. tempo de leitura":"5 minutos"},"schema":{"@context":"https:\/\/schema.org","@graph":[{"@type":"Article","@id":"https:\/\/www.cidademarketing.com.br\/marketing\/2023\/03\/05\/tv-brasil-caminhos-da-reportagem-destaca-a-crise-humanitaria-na-terra-indigena-yanomami\/#article","isPartOf":{"@id":"https:\/\/www.cidademarketing.com.br\/marketing\/2023\/03\/05\/tv-brasil-caminhos-da-reportagem-destaca-a-crise-humanitaria-na-terra-indigena-yanomami\/"},"author":{"name":"Thales Brand\u00e3o","@id":"https:\/\/www.cidademarketing.com.br\/marketing\/#\/schema\/person\/02daff9f18bd9378c9e01eb6b2db155f"},"headline":"TV Brasil: Caminhos da Reportagem destaca a crise humanit\u00e1ria na Terra Ind\u00edgena Yanomami","datePublished":"2023-03-05T17:39:35+00:00","mainEntityOfPage":{"@id":"https:\/\/www.cidademarketing.com.br\/marketing\/2023\/03\/05\/tv-brasil-caminhos-da-reportagem-destaca-a-crise-humanitaria-na-terra-indigena-yanomami\/"},"wordCount":981,"commentCount":0,"publisher":{"@id":"https:\/\/www.cidademarketing.com.br\/marketing\/#organization"},"image":{"@id":"https:\/\/www.cidademarketing.com.br\/marketing\/2023\/03\/05\/tv-brasil-caminhos-da-reportagem-destaca-a-crise-humanitaria-na-terra-indigena-yanomami\/#primaryimage"},"thumbnailUrl":"https:\/\/www.cidademarketing.com.br\/marketing\/wp-content\/uploads\/2023\/03\/Caminhos_da_Reportagem_Indigenas_yanomami_Credito_Divulgacao_TV_Brasil.jpg","keywords":["campanha","estrat\u00e9gia","marketing","TV Brasil","Yanomami"],"articleSection":["Not\u00edcias"],"inLanguage":"pt-BR","potentialAction":[{"@type":"CommentAction","name":"Comment","target":["https:\/\/www.cidademarketing.com.br\/marketing\/2023\/03\/05\/tv-brasil-caminhos-da-reportagem-destaca-a-crise-humanitaria-na-terra-indigena-yanomami\/#respond"]}]},{"@type":"WebPage","@id":"https:\/\/www.cidademarketing.com.br\/marketing\/2023\/03\/05\/tv-brasil-caminhos-da-reportagem-destaca-a-crise-humanitaria-na-terra-indigena-yanomami\/","url":"https:\/\/www.cidademarketing.com.br\/marketing\/2023\/03\/05\/tv-brasil-caminhos-da-reportagem-destaca-a-crise-humanitaria-na-terra-indigena-yanomami\/","name":"TV Brasil: Caminhos da Reportagem destaca a crise humanit\u00e1ria na Terra Ind\u00edgena Yanomami - CidadeMarketing","isPartOf":{"@id":"https:\/\/www.cidademarketing.com.br\/marketing\/#website"},"primaryImageOfPage":{"@id":"https:\/\/www.cidademarketing.com.br\/marketing\/2023\/03\/05\/tv-brasil-caminhos-da-reportagem-destaca-a-crise-humanitaria-na-terra-indigena-yanomami\/#primaryimage"},"image":{"@id":"https:\/\/www.cidademarketing.com.br\/marketing\/2023\/03\/05\/tv-brasil-caminhos-da-reportagem-destaca-a-crise-humanitaria-na-terra-indigena-yanomami\/#primaryimage"},"thumbnailUrl":"https:\/\/www.cidademarketing.com.br\/marketing\/wp-content\/uploads\/2023\/03\/Caminhos_da_Reportagem_Indigenas_yanomami_Credito_Divulgacao_TV_Brasil.jpg","datePublished":"2023-03-05T17:39:35+00:00","breadcrumb":{"@id":"https:\/\/www.cidademarketing.com.br\/marketing\/2023\/03\/05\/tv-brasil-caminhos-da-reportagem-destaca-a-crise-humanitaria-na-terra-indigena-yanomami\/#breadcrumb"},"inLanguage":"pt-BR","potentialAction":[{"@type":"ReadAction","target":["https:\/\/www.cidademarketing.com.br\/marketing\/2023\/03\/05\/tv-brasil-caminhos-da-reportagem-destaca-a-crise-humanitaria-na-terra-indigena-yanomami\/"]}]},{"@type":"ImageObject","inLanguage":"pt-BR","@id":"https:\/\/www.cidademarketing.com.br\/marketing\/2023\/03\/05\/tv-brasil-caminhos-da-reportagem-destaca-a-crise-humanitaria-na-terra-indigena-yanomami\/#primaryimage","url":"https:\/\/www.cidademarketing.com.br\/marketing\/wp-content\/uploads\/2023\/03\/Caminhos_da_Reportagem_Indigenas_yanomami_Credito_Divulgacao_TV_Brasil.jpg","contentUrl":"https:\/\/www.cidademarketing.com.br\/marketing\/wp-content\/uploads\/2023\/03\/Caminhos_da_Reportagem_Indigenas_yanomami_Credito_Divulgacao_TV_Brasil.jpg","width":1805,"height":1016,"caption":"Divulga\u00e7\u00e3o"},{"@type":"BreadcrumbList","@id":"https:\/\/www.cidademarketing.com.br\/marketing\/2023\/03\/05\/tv-brasil-caminhos-da-reportagem-destaca-a-crise-humanitaria-na-terra-indigena-yanomami\/#breadcrumb","itemListElement":[{"@type":"ListItem","position":1,"name":"In\u00edcio","item":"https:\/\/www.cidademarketing.com.br\/marketing\/"},{"@type":"ListItem","position":2,"name":"TV Brasil: Caminhos da Reportagem destaca a crise humanit\u00e1ria na Terra Ind\u00edgena Yanomami"}]},{"@type":"WebSite","@id":"https:\/\/www.cidademarketing.com.br\/marketing\/#website","url":"https:\/\/www.cidademarketing.com.br\/marketing\/","name":"CidadeMarketing","description":"Somos um ve\u00edculo de comunica\u00e7\u00e3o de destaque no Brasil, reconhecido por conte\u00fados nos segmentos de marketing, empreendedorismo e inova\u00e7\u00e3o.","publisher":{"@id":"https:\/\/www.cidademarketing.com.br\/marketing\/#organization"},"alternateName":"CidadeMarketing","potentialAction":[{"@type":"SearchAction","target":{"@type":"EntryPoint","urlTemplate":"https:\/\/www.cidademarketing.com.br\/marketing\/?s={search_term_string}"},"query-input":{"@type":"PropertyValueSpecification","valueRequired":true,"valueName":"search_term_string"}}],"inLanguage":"pt-BR"},{"@type":"Organization","@id":"https:\/\/www.cidademarketing.com.br\/marketing\/#organization","name":"CidadeMarketing","alternateName":"CidadeMarketing","url":"https:\/\/www.cidademarketing.com.br\/marketing\/","logo":{"@type":"ImageObject","inLanguage":"pt-BR","@id":"https:\/\/www.cidademarketing.com.br\/marketing\/#\/schema\/logo\/image\/","url":"https:\/\/www.cidademarketing.com.br\/marketing\/wp-content\/uploads\/2020\/01\/cidademarketing_marca_mobile.png","contentUrl":"https:\/\/www.cidademarketing.com.br\/marketing\/wp-content\/uploads\/2020\/01\/cidademarketing_marca_mobile.png","width":230,"height":92,"caption":"CidadeMarketing"},"image":{"@id":"https:\/\/www.cidademarketing.com.br\/marketing\/#\/schema\/logo\/image\/"},"sameAs":["https:\/\/www.facebook.com\/portalcidademarketing","https:\/\/x.com\/CidadeMarketing","https:\/\/www.instagram.com\/cidademarketing\/"]},{"@type":"Person","@id":"https:\/\/www.cidademarketing.com.br\/marketing\/#\/schema\/person\/02daff9f18bd9378c9e01eb6b2db155f","name":"Thales Brand\u00e3o","image":{"@type":"ImageObject","inLanguage":"pt-BR","@id":"https:\/\/secure.gravatar.com\/avatar\/7ca3206950207cc3cb48feec56a8a7898741ab725c368d99d5d7a5a50aab80c6?s=96&d=mm&r=g","url":"https:\/\/secure.gravatar.com\/avatar\/7ca3206950207cc3cb48feec56a8a7898741ab725c368d99d5d7a5a50aab80c6?s=96&d=mm&r=g","contentUrl":"https:\/\/secure.gravatar.com\/avatar\/7ca3206950207cc3cb48feec56a8a7898741ab725c368d99d5d7a5a50aab80c6?s=96&d=mm&r=g","caption":"Thales Brand\u00e3o"},"description":"Editor Executivo do Portal CidadeMarketing.com.br &gt; Mestre em Comunica\u00e7\u00e3o e Sociedade pela Universidade Federal de Sergipe. Possui MBA Executivo em Administra\u00e7\u00e3o com \u00eanfase em Marketing pela Funda\u00e7\u00e3o Get\u00falio Vargas - Rio de Janeiro. Consultor, Palestrante e Pesquisador sobre Empreendedorismo, Marketing, Redes Sociais e Neg\u00f3cios Digitais. Professor, Palestrante TedxTalks e Campus Party. Twitter: @ThalesBrandao","sameAs":["http:\/\/www.mandacaru.com.br","https:\/\/www.facebook.com\/thalesbrandao","http:\/\/www.instagram.com.br\/thalesbrandaoferreira","https:\/\/www.linkedin.com\/in\/thales-brand\u00e3o-3948609\/","https:\/\/x.com\/http:\/\/www.twitter.com\/thalesbrandao"],"url":"https:\/\/www.cidademarketing.com.br\/marketing\/author\/thalesbrandao\/"}]}},"amp_enabled":true,"_links":{"self":[{"href":"https:\/\/www.cidademarketing.com.br\/marketing\/wp-json\/wp\/v2\/posts\/43710","targetHints":{"allow":["GET"]}}],"collection":[{"href":"https:\/\/www.cidademarketing.com.br\/marketing\/wp-json\/wp\/v2\/posts"}],"about":[{"href":"https:\/\/www.cidademarketing.com.br\/marketing\/wp-json\/wp\/v2\/types\/post"}],"author":[{"embeddable":true,"href":"https:\/\/www.cidademarketing.com.br\/marketing\/wp-json\/wp\/v2\/users\/1"}],"replies":[{"embeddable":true,"href":"https:\/\/www.cidademarketing.com.br\/marketing\/wp-json\/wp\/v2\/comments?post=43710"}],"version-history":[{"count":1,"href":"https:\/\/www.cidademarketing.com.br\/marketing\/wp-json\/wp\/v2\/posts\/43710\/revisions"}],"predecessor-version":[{"id":43719,"href":"https:\/\/www.cidademarketing.com.br\/marketing\/wp-json\/wp\/v2\/posts\/43710\/revisions\/43719"}],"wp:featuredmedia":[{"embeddable":true,"href":"https:\/\/www.cidademarketing.com.br\/marketing\/wp-json\/wp\/v2\/media\/43715"}],"wp:attachment":[{"href":"https:\/\/www.cidademarketing.com.br\/marketing\/wp-json\/wp\/v2\/media?parent=43710"}],"wp:term":[{"taxonomy":"category","embeddable":true,"href":"https:\/\/www.cidademarketing.com.br\/marketing\/wp-json\/wp\/v2\/categories?post=43710"},{"taxonomy":"post_tag","embeddable":true,"href":"https:\/\/www.cidademarketing.com.br\/marketing\/wp-json\/wp\/v2\/tags?post=43710"}],"curies":[{"name":"wp","href":"https:\/\/api.w.org\/{rel}","templated":true}]}}