{"id":43408,"date":"2023-02-20T23:45:55","date_gmt":"2023-02-21T02:45:55","guid":{"rendered":"https:\/\/www.cidademarketing.com.br\/marketing\/?p=43408"},"modified":"2023-02-20T23:45:55","modified_gmt":"2023-02-21T02:45:55","slug":"fundacao-bunge-abre-inscricoes-para-formacao-profissionalizante-de-jovens-em-sao-paulo","status":"publish","type":"post","link":"https:\/\/www.cidademarketing.com.br\/marketing\/2023\/02\/20\/fundacao-bunge-abre-inscricoes-para-formacao-profissionalizante-de-jovens-em-sao-paulo\/","title":{"rendered":"Funda\u00e7\u00e3o Bunge abre inscri\u00e7\u00f5es para forma\u00e7\u00e3o profissionalizante de jovens em S\u00e3o Paulo"},"content":{"rendered":"<p>Est\u00e3o abertas at\u00e9 o dia 1 de mar\u00e7o as inscri\u00e7\u00f5es para mais uma turma do projeto De Gr\u00e3o em P\u00e3o em S\u00e3o Paulo (SP), que oferece cursos gratuitos de qualifica\u00e7\u00e3o profissional para jovens na \u00e1rea de panifica\u00e7\u00e3o, culin\u00e1ria e confeitaria. A iniciativa promovida pela Funda\u00e7\u00e3o Bunge vai selecionar jovens de 18 a 29 anos, preferencialmente de regi\u00f5es perif\u00e9ricas, e as inscri\u00e7\u00f5es podem ser feitas clicando <a href=\"https:\/\/airtable.com\/shrjkgCACynLElovL\" target=\"_blank\" rel=\"noopener\">aqui<\/a>.<\/p>\n<p><iframe title=\"Spotify Embed: Podcast CidadeMarketing\" style=\"border-radius: 12px\" width=\"100%\" height=\"152\" frameborder=\"0\" allowfullscreen allow=\"autoplay; clipboard-write; encrypted-media; fullscreen; picture-in-picture\" loading=\"lazy\" src=\"https:\/\/open.spotify.com\/embed\/show\/4khMKzP3FgFRWVwb73xicc?si=252fe5bff2b34909&#038;utm_source=oembed\"><\/iframe><\/p>\n<p>A lista de sele\u00e7\u00e3o ser\u00e1 publicada no dia 6 de mar\u00e7o no site da Funda\u00e7\u00e3o Bunge (<a href=\"http:\/\/www.fundacaobunge.org.br\" target=\"_blank\" rel=\"noopener\">www.fundacaobunge.org.br<\/a>). Para se inscrever \u00e9 preciso estar dentro da faixa de idade e morar na regi\u00e3o metropolitana de S\u00e3o Paulo, sendo que haver\u00e1 prioridade para os moradores de regi\u00f5es perif\u00e9ricas. \u00c9 preciso tamb\u00e9m ser apaixonado pelas \u00e1reas de panifica\u00e7\u00e3o, culin\u00e1ria e confeitaria. E n\u00e3o \u00e9 necess\u00e1rio ter experi\u00eancia pr\u00e9via.<\/p>\n<p>Ser\u00e3o 25 jovens que receber\u00e3o forma\u00e7\u00e3o socioemocional de um m\u00eas com a Rede Cidad\u00e3, entidade que h\u00e1 20 anos desenvolve programas e projetos de forma continuada, permanente e planejada. A forma\u00e7\u00e3o socioemocional ser\u00e1 gratuita e integralmente presencial no Centro de S\u00e3o Paulo.<\/p>\n<p>Desse grupo, 15 integrantes ser\u00e3o selecionados para o curso de panifica\u00e7\u00e3o, uma forma\u00e7\u00e3o t\u00e9cnica tamb\u00e9m gratuita na Academia Bunge. Eles receber\u00e3o aux\u00edlio para transporte e alimenta\u00e7\u00e3o, al\u00e9m de todo material necess\u00e1rio para as aulas t\u00e9cnicas, realizadas no bairro de Pinheiros, na Capital.<\/p>\n<p>Ap\u00f3s a formatura, esses jovens ser\u00e3o encaminhados para trabalhar em padarias, em uma parceria articulada pelo sindicato Sampap\u00e3o. O De Gr\u00e3o em P\u00e3o \u00e9 uma das iniciativas do programa Comunidade Integrada, que promove a\u00e7\u00f5es de gera\u00e7\u00e3o de renda e desenvolvimento territorial sustent\u00e1vel em localidades onde a Bunge atua.<\/p>\n<p>Cl\u00e1udia Buzzette Calais, diretora-executiva da Funda\u00e7\u00e3o Bunge, explica a import\u00e2ncia da iniciativa lembrando que \u201ca Funda\u00e7\u00e3o tem desenvolvido diversos projetos de empregabilidade para jovens, mas \u00e9 importante estar atento tanto \u00e0s aptid\u00f5es de quem se inscreve quanto \u00e0s demandas de mercado\u201d.<\/p>\n<p>Para ela, \u00e9 preciso \u201coferecer forma\u00e7\u00f5es em \u00e1reas que precisam de m\u00e3o de obra, como \u00e9 o caso do setor de panifica\u00e7\u00e3o e confeitaria, contribui para que o estudante saia do curso j\u00e1 empregado, o que mant\u00e9m o est\u00edmulo do grupo para finaliza\u00e7\u00e3o do curso e ingressar numa carreira promissora no setor\u201d.<\/p>\n<p>Como funciona o projeto<br \/>\nO projeto tem dura\u00e7\u00e3o de 12 meses e ocorre em seis etapas: sele\u00e7\u00e3o dos 15 integrantes; prepara\u00e7\u00e3o socioemocional; qualifica\u00e7\u00e3o profissional; formatura; m\u00e3o na massa, per\u00edodo em que os participantes ingressar\u00e3o no mercado de trabalho; e acompanhamento de carreira profissional com mentoria da Funda\u00e7\u00e3o Bunge por seis meses. Todos os selecionados recebem bolsa mensal de R$ 750,00 para refei\u00e7\u00e3o e transporte, al\u00e9m de uniforme profissional completo e material did\u00e1tico.<\/p>\n<p>As aulas t\u00e9cnicas ocorrem de segunda a quarta-feira, no per\u00edodo da tarde, na Academia Bunge, em S\u00e3o Paulo, que conta com uma cozinha totalmente equipada e nomes de refer\u00eancia no mercado de panifica\u00e7\u00e3o, culin\u00e1ria e confeitaria. Para o m\u00f3dulo de aula relacionado a chocolate, por exemplo, haver\u00e1 materiais e professores da Harald, empresa refer\u00eancia em chocolates para o mercado especializado. A certifica\u00e7\u00e3o do curso est\u00e1 a cargo da Academia Bunge e do Instituto Gastron\u00f4mico das Am\u00e9ricas (IGA).<\/p>\n<p><iframe style=\"width: 100%; max-width: 660px; overflow: hidden; background: transparent;\" src=\"https:\/\/embed.podcasts.apple.com\/br\/podcast\/podcast-cidademarketing\/id1371923283\" height=\"450\" frameborder=\"0\" sandbox=\"allow-forms allow-popups allow-same-origin allow-scripts allow-storage-access-by-user-activation allow-top-navigation-by-user-activation\"><\/iframe><\/p>\n","protected":false},"excerpt":{"rendered":"<p>Est\u00e3o abertas at\u00e9 o dia 1 de mar\u00e7o as inscri\u00e7\u00f5es para mais uma turma do projeto De Gr\u00e3o em P\u00e3o em S\u00e3o Paulo (SP), que oferece cursos gratuitos de qualifica\u00e7\u00e3o profissional para jovens na \u00e1rea de panifica\u00e7\u00e3o, culin\u00e1ria e confeitaria. A iniciativa promovida pela Funda\u00e7\u00e3o Bunge vai selecionar jovens de 18 a 29 anos, preferencialmente [&hellip;]<\/p>\n","protected":false},"author":1,"featured_media":43409,"comment_status":"open","ping_status":"open","sticky":false,"template":"","format":"standard","meta":{"tdm_status":"","tdm_grid_status":"","footnotes":""},"categories":[6],"tags":[100,33,5906,28,177],"class_list":["post-43408","post","type-post","status-publish","format-standard","has-post-thumbnail","hentry","category-noticias","tag-educacao","tag-estrategia","tag-fundacao-bunge","tag-marketing","tag-marketing-social"],"yoast_head":"<!-- This site is optimized with the Yoast SEO plugin v27.5 - https:\/\/yoast.com\/product\/yoast-seo-wordpress\/ -->\n<title>Funda\u00e7\u00e3o Bunge abre inscri\u00e7\u00f5es para forma\u00e7\u00e3o profissionalizante de jovens em S\u00e3o Paulo - CidadeMarketing<\/title>\n<meta name=\"robots\" content=\"index, follow, max-snippet:-1, max-image-preview:large, max-video-preview:-1\" \/>\n<link rel=\"canonical\" href=\"https:\/\/www.cidademarketing.com.br\/marketing\/2023\/02\/20\/fundacao-bunge-abre-inscricoes-para-formacao-profissionalizante-de-jovens-em-sao-paulo\/\" \/>\n<meta property=\"og:locale\" content=\"pt_BR\" \/>\n<meta property=\"og:type\" content=\"article\" \/>\n<meta property=\"og:title\" content=\"Funda\u00e7\u00e3o Bunge abre inscri\u00e7\u00f5es para forma\u00e7\u00e3o profissionalizante de jovens em S\u00e3o Paulo - CidadeMarketing\" \/>\n<meta property=\"og:description\" content=\"Est\u00e3o abertas at\u00e9 o dia 1 de mar\u00e7o as inscri\u00e7\u00f5es para mais uma turma do projeto De Gr\u00e3o em P\u00e3o em S\u00e3o Paulo (SP), que oferece cursos gratuitos de qualifica\u00e7\u00e3o profissional para jovens na \u00e1rea de panifica\u00e7\u00e3o, culin\u00e1ria e confeitaria. A iniciativa promovida pela Funda\u00e7\u00e3o Bunge vai selecionar jovens de 18 a 29 anos, preferencialmente [&hellip;]\" \/>\n<meta property=\"og:url\" content=\"https:\/\/www.cidademarketing.com.br\/marketing\/2023\/02\/20\/fundacao-bunge-abre-inscricoes-para-formacao-profissionalizante-de-jovens-em-sao-paulo\/\" \/>\n<meta property=\"og:site_name\" content=\"CidadeMarketing\" \/>\n<meta property=\"article:publisher\" content=\"https:\/\/www.facebook.com\/portalcidademarketing\" \/>\n<meta property=\"article:author\" content=\"https:\/\/www.facebook.com\/thalesbrandao\" \/>\n<meta property=\"article:published_time\" content=\"2023-02-21T02:45:55+00:00\" \/>\n<meta property=\"og:image\" content=\"https:\/\/www.cidademarketing.com.br\/marketing\/wp-content\/uploads\/2023\/02\/bunge_fundacao_marca.jpg\" \/>\n\t<meta property=\"og:image:width\" content=\"900\" \/>\n\t<meta property=\"og:image:height\" content=\"900\" \/>\n\t<meta property=\"og:image:type\" content=\"image\/jpeg\" \/>\n<meta name=\"author\" content=\"Thales Brand\u00e3o\" \/>\n<meta name=\"twitter:card\" content=\"summary_large_image\" \/>\n<meta name=\"twitter:creator\" content=\"@http:\/\/www.twitter.com\/thalesbrandao\" \/>\n<meta name=\"twitter:site\" content=\"@CidadeMarketing\" \/>\n<meta name=\"twitter:label1\" content=\"Escrito por\" \/>\n\t<meta name=\"twitter:data1\" content=\"Thales Brand\u00e3o\" \/>\n\t<meta name=\"twitter:label2\" content=\"Est. tempo de leitura\" \/>\n\t<meta name=\"twitter:data2\" content=\"3 minutos\" \/>\n<script type=\"application\/ld+json\" class=\"yoast-schema-graph\">{\"@context\":\"https:\\\/\\\/schema.org\",\"@graph\":[{\"@type\":\"Article\",\"@id\":\"https:\\\/\\\/www.cidademarketing.com.br\\\/marketing\\\/2023\\\/02\\\/20\\\/fundacao-bunge-abre-inscricoes-para-formacao-profissionalizante-de-jovens-em-sao-paulo\\\/#article\",\"isPartOf\":{\"@id\":\"https:\\\/\\\/www.cidademarketing.com.br\\\/marketing\\\/2023\\\/02\\\/20\\\/fundacao-bunge-abre-inscricoes-para-formacao-profissionalizante-de-jovens-em-sao-paulo\\\/\"},\"author\":{\"name\":\"Thales Brand\u00e3o\",\"@id\":\"https:\\\/\\\/www.cidademarketing.com.br\\\/marketing\\\/#\\\/schema\\\/person\\\/02daff9f18bd9378c9e01eb6b2db155f\"},\"headline\":\"Funda\u00e7\u00e3o Bunge abre inscri\u00e7\u00f5es para forma\u00e7\u00e3o profissionalizante de jovens em S\u00e3o Paulo\",\"datePublished\":\"2023-02-21T02:45:55+00:00\",\"mainEntityOfPage\":{\"@id\":\"https:\\\/\\\/www.cidademarketing.com.br\\\/marketing\\\/2023\\\/02\\\/20\\\/fundacao-bunge-abre-inscricoes-para-formacao-profissionalizante-de-jovens-em-sao-paulo\\\/\"},\"wordCount\":606,\"commentCount\":0,\"publisher\":{\"@id\":\"https:\\\/\\\/www.cidademarketing.com.br\\\/marketing\\\/#organization\"},\"image\":{\"@id\":\"https:\\\/\\\/www.cidademarketing.com.br\\\/marketing\\\/2023\\\/02\\\/20\\\/fundacao-bunge-abre-inscricoes-para-formacao-profissionalizante-de-jovens-em-sao-paulo\\\/#primaryimage\"},\"thumbnailUrl\":\"https:\\\/\\\/www.cidademarketing.com.br\\\/marketing\\\/wp-content\\\/uploads\\\/2023\\\/02\\\/bunge_fundacao_marca.jpg\",\"keywords\":[\"educa\u00e7\u00e3o\",\"estrat\u00e9gia\",\"Funda\u00e7\u00e3o Bunge\",\"marketing\",\"marketing social\"],\"articleSection\":[\"Not\u00edcias\"],\"inLanguage\":\"pt-BR\",\"potentialAction\":[{\"@type\":\"CommentAction\",\"name\":\"Comment\",\"target\":[\"https:\\\/\\\/www.cidademarketing.com.br\\\/marketing\\\/2023\\\/02\\\/20\\\/fundacao-bunge-abre-inscricoes-para-formacao-profissionalizante-de-jovens-em-sao-paulo\\\/#respond\"]}]},{\"@type\":\"WebPage\",\"@id\":\"https:\\\/\\\/www.cidademarketing.com.br\\\/marketing\\\/2023\\\/02\\\/20\\\/fundacao-bunge-abre-inscricoes-para-formacao-profissionalizante-de-jovens-em-sao-paulo\\\/\",\"url\":\"https:\\\/\\\/www.cidademarketing.com.br\\\/marketing\\\/2023\\\/02\\\/20\\\/fundacao-bunge-abre-inscricoes-para-formacao-profissionalizante-de-jovens-em-sao-paulo\\\/\",\"name\":\"Funda\u00e7\u00e3o Bunge abre inscri\u00e7\u00f5es para forma\u00e7\u00e3o profissionalizante de jovens em S\u00e3o Paulo - CidadeMarketing\",\"isPartOf\":{\"@id\":\"https:\\\/\\\/www.cidademarketing.com.br\\\/marketing\\\/#website\"},\"primaryImageOfPage\":{\"@id\":\"https:\\\/\\\/www.cidademarketing.com.br\\\/marketing\\\/2023\\\/02\\\/20\\\/fundacao-bunge-abre-inscricoes-para-formacao-profissionalizante-de-jovens-em-sao-paulo\\\/#primaryimage\"},\"image\":{\"@id\":\"https:\\\/\\\/www.cidademarketing.com.br\\\/marketing\\\/2023\\\/02\\\/20\\\/fundacao-bunge-abre-inscricoes-para-formacao-profissionalizante-de-jovens-em-sao-paulo\\\/#primaryimage\"},\"thumbnailUrl\":\"https:\\\/\\\/www.cidademarketing.com.br\\\/marketing\\\/wp-content\\\/uploads\\\/2023\\\/02\\\/bunge_fundacao_marca.jpg\",\"datePublished\":\"2023-02-21T02:45:55+00:00\",\"breadcrumb\":{\"@id\":\"https:\\\/\\\/www.cidademarketing.com.br\\\/marketing\\\/2023\\\/02\\\/20\\\/fundacao-bunge-abre-inscricoes-para-formacao-profissionalizante-de-jovens-em-sao-paulo\\\/#breadcrumb\"},\"inLanguage\":\"pt-BR\",\"potentialAction\":[{\"@type\":\"ReadAction\",\"target\":[\"https:\\\/\\\/www.cidademarketing.com.br\\\/marketing\\\/2023\\\/02\\\/20\\\/fundacao-bunge-abre-inscricoes-para-formacao-profissionalizante-de-jovens-em-sao-paulo\\\/\"]}]},{\"@type\":\"ImageObject\",\"inLanguage\":\"pt-BR\",\"@id\":\"https:\\\/\\\/www.cidademarketing.com.br\\\/marketing\\\/2023\\\/02\\\/20\\\/fundacao-bunge-abre-inscricoes-para-formacao-profissionalizante-de-jovens-em-sao-paulo\\\/#primaryimage\",\"url\":\"https:\\\/\\\/www.cidademarketing.com.br\\\/marketing\\\/wp-content\\\/uploads\\\/2023\\\/02\\\/bunge_fundacao_marca.jpg\",\"contentUrl\":\"https:\\\/\\\/www.cidademarketing.com.br\\\/marketing\\\/wp-content\\\/uploads\\\/2023\\\/02\\\/bunge_fundacao_marca.jpg\",\"width\":900,\"height\":900},{\"@type\":\"BreadcrumbList\",\"@id\":\"https:\\\/\\\/www.cidademarketing.com.br\\\/marketing\\\/2023\\\/02\\\/20\\\/fundacao-bunge-abre-inscricoes-para-formacao-profissionalizante-de-jovens-em-sao-paulo\\\/#breadcrumb\",\"itemListElement\":[{\"@type\":\"ListItem\",\"position\":1,\"name\":\"In\u00edcio\",\"item\":\"https:\\\/\\\/www.cidademarketing.com.br\\\/marketing\\\/\"},{\"@type\":\"ListItem\",\"position\":2,\"name\":\"Funda\u00e7\u00e3o Bunge abre inscri\u00e7\u00f5es para forma\u00e7\u00e3o profissionalizante de jovens em S\u00e3o Paulo\"}]},{\"@type\":\"WebSite\",\"@id\":\"https:\\\/\\\/www.cidademarketing.com.br\\\/marketing\\\/#website\",\"url\":\"https:\\\/\\\/www.cidademarketing.com.br\\\/marketing\\\/\",\"name\":\"CidadeMarketing\",\"description\":\"Somos um ve\u00edculo de comunica\u00e7\u00e3o de destaque no Brasil, reconhecido por conte\u00fados nos segmentos de marketing, empreendedorismo e inova\u00e7\u00e3o.\",\"publisher\":{\"@id\":\"https:\\\/\\\/www.cidademarketing.com.br\\\/marketing\\\/#organization\"},\"alternateName\":\"CidadeMarketing\",\"potentialAction\":[{\"@type\":\"SearchAction\",\"target\":{\"@type\":\"EntryPoint\",\"urlTemplate\":\"https:\\\/\\\/www.cidademarketing.com.br\\\/marketing\\\/?s={search_term_string}\"},\"query-input\":{\"@type\":\"PropertyValueSpecification\",\"valueRequired\":true,\"valueName\":\"search_term_string\"}}],\"inLanguage\":\"pt-BR\"},{\"@type\":\"Organization\",\"@id\":\"https:\\\/\\\/www.cidademarketing.com.br\\\/marketing\\\/#organization\",\"name\":\"CidadeMarketing\",\"alternateName\":\"CidadeMarketing\",\"url\":\"https:\\\/\\\/www.cidademarketing.com.br\\\/marketing\\\/\",\"logo\":{\"@type\":\"ImageObject\",\"inLanguage\":\"pt-BR\",\"@id\":\"https:\\\/\\\/www.cidademarketing.com.br\\\/marketing\\\/#\\\/schema\\\/logo\\\/image\\\/\",\"url\":\"https:\\\/\\\/www.cidademarketing.com.br\\\/marketing\\\/wp-content\\\/uploads\\\/2020\\\/01\\\/cidademarketing_marca_mobile.png\",\"contentUrl\":\"https:\\\/\\\/www.cidademarketing.com.br\\\/marketing\\\/wp-content\\\/uploads\\\/2020\\\/01\\\/cidademarketing_marca_mobile.png\",\"width\":230,\"height\":92,\"caption\":\"CidadeMarketing\"},\"image\":{\"@id\":\"https:\\\/\\\/www.cidademarketing.com.br\\\/marketing\\\/#\\\/schema\\\/logo\\\/image\\\/\"},\"sameAs\":[\"https:\\\/\\\/www.facebook.com\\\/portalcidademarketing\",\"https:\\\/\\\/x.com\\\/CidadeMarketing\",\"https:\\\/\\\/www.instagram.com\\\/cidademarketing\\\/\"]},{\"@type\":\"Person\",\"@id\":\"https:\\\/\\\/www.cidademarketing.com.br\\\/marketing\\\/#\\\/schema\\\/person\\\/02daff9f18bd9378c9e01eb6b2db155f\",\"name\":\"Thales Brand\u00e3o\",\"image\":{\"@type\":\"ImageObject\",\"inLanguage\":\"pt-BR\",\"@id\":\"https:\\\/\\\/secure.gravatar.com\\\/avatar\\\/7ca3206950207cc3cb48feec56a8a7898741ab725c368d99d5d7a5a50aab80c6?s=96&d=mm&r=g\",\"url\":\"https:\\\/\\\/secure.gravatar.com\\\/avatar\\\/7ca3206950207cc3cb48feec56a8a7898741ab725c368d99d5d7a5a50aab80c6?s=96&d=mm&r=g\",\"contentUrl\":\"https:\\\/\\\/secure.gravatar.com\\\/avatar\\\/7ca3206950207cc3cb48feec56a8a7898741ab725c368d99d5d7a5a50aab80c6?s=96&d=mm&r=g\",\"caption\":\"Thales Brand\u00e3o\"},\"description\":\"Editor Executivo do Portal CidadeMarketing.com.br &gt; Mestre em Comunica\u00e7\u00e3o e Sociedade pela Universidade Federal de Sergipe. Possui MBA Executivo em Administra\u00e7\u00e3o com \u00eanfase em Marketing pela Funda\u00e7\u00e3o Get\u00falio Vargas - Rio de Janeiro. Consultor, Palestrante e Pesquisador sobre Empreendedorismo, Marketing, Redes Sociais e Neg\u00f3cios Digitais. Professor, Palestrante TedxTalks e Campus Party. Twitter: @ThalesBrandao\",\"sameAs\":[\"http:\\\/\\\/www.mandacaru.com.br\",\"https:\\\/\\\/www.facebook.com\\\/thalesbrandao\",\"http:\\\/\\\/www.instagram.com.br\\\/thalesbrandaoferreira\",\"https:\\\/\\\/www.linkedin.com\\\/in\\\/thales-brand\u00e3o-3948609\\\/\",\"https:\\\/\\\/x.com\\\/http:\\\/\\\/www.twitter.com\\\/thalesbrandao\"],\"url\":\"https:\\\/\\\/www.cidademarketing.com.br\\\/marketing\\\/author\\\/thalesbrandao\\\/\"}]}<\/script>\n<!-- \/ Yoast SEO plugin. -->","yoast_head_json":{"title":"Funda\u00e7\u00e3o Bunge abre inscri\u00e7\u00f5es para forma\u00e7\u00e3o profissionalizante de jovens em S\u00e3o Paulo - CidadeMarketing","robots":{"index":"index","follow":"follow","max-snippet":"max-snippet:-1","max-image-preview":"max-image-preview:large","max-video-preview":"max-video-preview:-1"},"canonical":"https:\/\/www.cidademarketing.com.br\/marketing\/2023\/02\/20\/fundacao-bunge-abre-inscricoes-para-formacao-profissionalizante-de-jovens-em-sao-paulo\/","og_locale":"pt_BR","og_type":"article","og_title":"Funda\u00e7\u00e3o Bunge abre inscri\u00e7\u00f5es para forma\u00e7\u00e3o profissionalizante de jovens em S\u00e3o Paulo - CidadeMarketing","og_description":"Est\u00e3o abertas at\u00e9 o dia 1 de mar\u00e7o as inscri\u00e7\u00f5es para mais uma turma do projeto De Gr\u00e3o em P\u00e3o em S\u00e3o Paulo (SP), que oferece cursos gratuitos de qualifica\u00e7\u00e3o profissional para jovens na \u00e1rea de panifica\u00e7\u00e3o, culin\u00e1ria e confeitaria. A iniciativa promovida pela Funda\u00e7\u00e3o Bunge vai selecionar jovens de 18 a 29 anos, preferencialmente [&hellip;]","og_url":"https:\/\/www.cidademarketing.com.br\/marketing\/2023\/02\/20\/fundacao-bunge-abre-inscricoes-para-formacao-profissionalizante-de-jovens-em-sao-paulo\/","og_site_name":"CidadeMarketing","article_publisher":"https:\/\/www.facebook.com\/portalcidademarketing","article_author":"https:\/\/www.facebook.com\/thalesbrandao","article_published_time":"2023-02-21T02:45:55+00:00","og_image":[{"width":900,"height":900,"url":"https:\/\/www.cidademarketing.com.br\/marketing\/wp-content\/uploads\/2023\/02\/bunge_fundacao_marca.jpg","type":"image\/jpeg"}],"author":"Thales Brand\u00e3o","twitter_card":"summary_large_image","twitter_creator":"@http:\/\/www.twitter.com\/thalesbrandao","twitter_site":"@CidadeMarketing","twitter_misc":{"Escrito por":"Thales Brand\u00e3o","Est. tempo de leitura":"3 minutos"},"schema":{"@context":"https:\/\/schema.org","@graph":[{"@type":"Article","@id":"https:\/\/www.cidademarketing.com.br\/marketing\/2023\/02\/20\/fundacao-bunge-abre-inscricoes-para-formacao-profissionalizante-de-jovens-em-sao-paulo\/#article","isPartOf":{"@id":"https:\/\/www.cidademarketing.com.br\/marketing\/2023\/02\/20\/fundacao-bunge-abre-inscricoes-para-formacao-profissionalizante-de-jovens-em-sao-paulo\/"},"author":{"name":"Thales Brand\u00e3o","@id":"https:\/\/www.cidademarketing.com.br\/marketing\/#\/schema\/person\/02daff9f18bd9378c9e01eb6b2db155f"},"headline":"Funda\u00e7\u00e3o Bunge abre inscri\u00e7\u00f5es para forma\u00e7\u00e3o profissionalizante de jovens em S\u00e3o Paulo","datePublished":"2023-02-21T02:45:55+00:00","mainEntityOfPage":{"@id":"https:\/\/www.cidademarketing.com.br\/marketing\/2023\/02\/20\/fundacao-bunge-abre-inscricoes-para-formacao-profissionalizante-de-jovens-em-sao-paulo\/"},"wordCount":606,"commentCount":0,"publisher":{"@id":"https:\/\/www.cidademarketing.com.br\/marketing\/#organization"},"image":{"@id":"https:\/\/www.cidademarketing.com.br\/marketing\/2023\/02\/20\/fundacao-bunge-abre-inscricoes-para-formacao-profissionalizante-de-jovens-em-sao-paulo\/#primaryimage"},"thumbnailUrl":"https:\/\/www.cidademarketing.com.br\/marketing\/wp-content\/uploads\/2023\/02\/bunge_fundacao_marca.jpg","keywords":["educa\u00e7\u00e3o","estrat\u00e9gia","Funda\u00e7\u00e3o Bunge","marketing","marketing social"],"articleSection":["Not\u00edcias"],"inLanguage":"pt-BR","potentialAction":[{"@type":"CommentAction","name":"Comment","target":["https:\/\/www.cidademarketing.com.br\/marketing\/2023\/02\/20\/fundacao-bunge-abre-inscricoes-para-formacao-profissionalizante-de-jovens-em-sao-paulo\/#respond"]}]},{"@type":"WebPage","@id":"https:\/\/www.cidademarketing.com.br\/marketing\/2023\/02\/20\/fundacao-bunge-abre-inscricoes-para-formacao-profissionalizante-de-jovens-em-sao-paulo\/","url":"https:\/\/www.cidademarketing.com.br\/marketing\/2023\/02\/20\/fundacao-bunge-abre-inscricoes-para-formacao-profissionalizante-de-jovens-em-sao-paulo\/","name":"Funda\u00e7\u00e3o Bunge abre inscri\u00e7\u00f5es para forma\u00e7\u00e3o profissionalizante de jovens em S\u00e3o Paulo - CidadeMarketing","isPartOf":{"@id":"https:\/\/www.cidademarketing.com.br\/marketing\/#website"},"primaryImageOfPage":{"@id":"https:\/\/www.cidademarketing.com.br\/marketing\/2023\/02\/20\/fundacao-bunge-abre-inscricoes-para-formacao-profissionalizante-de-jovens-em-sao-paulo\/#primaryimage"},"image":{"@id":"https:\/\/www.cidademarketing.com.br\/marketing\/2023\/02\/20\/fundacao-bunge-abre-inscricoes-para-formacao-profissionalizante-de-jovens-em-sao-paulo\/#primaryimage"},"thumbnailUrl":"https:\/\/www.cidademarketing.com.br\/marketing\/wp-content\/uploads\/2023\/02\/bunge_fundacao_marca.jpg","datePublished":"2023-02-21T02:45:55+00:00","breadcrumb":{"@id":"https:\/\/www.cidademarketing.com.br\/marketing\/2023\/02\/20\/fundacao-bunge-abre-inscricoes-para-formacao-profissionalizante-de-jovens-em-sao-paulo\/#breadcrumb"},"inLanguage":"pt-BR","potentialAction":[{"@type":"ReadAction","target":["https:\/\/www.cidademarketing.com.br\/marketing\/2023\/02\/20\/fundacao-bunge-abre-inscricoes-para-formacao-profissionalizante-de-jovens-em-sao-paulo\/"]}]},{"@type":"ImageObject","inLanguage":"pt-BR","@id":"https:\/\/www.cidademarketing.com.br\/marketing\/2023\/02\/20\/fundacao-bunge-abre-inscricoes-para-formacao-profissionalizante-de-jovens-em-sao-paulo\/#primaryimage","url":"https:\/\/www.cidademarketing.com.br\/marketing\/wp-content\/uploads\/2023\/02\/bunge_fundacao_marca.jpg","contentUrl":"https:\/\/www.cidademarketing.com.br\/marketing\/wp-content\/uploads\/2023\/02\/bunge_fundacao_marca.jpg","width":900,"height":900},{"@type":"BreadcrumbList","@id":"https:\/\/www.cidademarketing.com.br\/marketing\/2023\/02\/20\/fundacao-bunge-abre-inscricoes-para-formacao-profissionalizante-de-jovens-em-sao-paulo\/#breadcrumb","itemListElement":[{"@type":"ListItem","position":1,"name":"In\u00edcio","item":"https:\/\/www.cidademarketing.com.br\/marketing\/"},{"@type":"ListItem","position":2,"name":"Funda\u00e7\u00e3o Bunge abre inscri\u00e7\u00f5es para forma\u00e7\u00e3o profissionalizante de jovens em S\u00e3o Paulo"}]},{"@type":"WebSite","@id":"https:\/\/www.cidademarketing.com.br\/marketing\/#website","url":"https:\/\/www.cidademarketing.com.br\/marketing\/","name":"CidadeMarketing","description":"Somos um ve\u00edculo de comunica\u00e7\u00e3o de destaque no Brasil, reconhecido por conte\u00fados nos segmentos de marketing, empreendedorismo e inova\u00e7\u00e3o.","publisher":{"@id":"https:\/\/www.cidademarketing.com.br\/marketing\/#organization"},"alternateName":"CidadeMarketing","potentialAction":[{"@type":"SearchAction","target":{"@type":"EntryPoint","urlTemplate":"https:\/\/www.cidademarketing.com.br\/marketing\/?s={search_term_string}"},"query-input":{"@type":"PropertyValueSpecification","valueRequired":true,"valueName":"search_term_string"}}],"inLanguage":"pt-BR"},{"@type":"Organization","@id":"https:\/\/www.cidademarketing.com.br\/marketing\/#organization","name":"CidadeMarketing","alternateName":"CidadeMarketing","url":"https:\/\/www.cidademarketing.com.br\/marketing\/","logo":{"@type":"ImageObject","inLanguage":"pt-BR","@id":"https:\/\/www.cidademarketing.com.br\/marketing\/#\/schema\/logo\/image\/","url":"https:\/\/www.cidademarketing.com.br\/marketing\/wp-content\/uploads\/2020\/01\/cidademarketing_marca_mobile.png","contentUrl":"https:\/\/www.cidademarketing.com.br\/marketing\/wp-content\/uploads\/2020\/01\/cidademarketing_marca_mobile.png","width":230,"height":92,"caption":"CidadeMarketing"},"image":{"@id":"https:\/\/www.cidademarketing.com.br\/marketing\/#\/schema\/logo\/image\/"},"sameAs":["https:\/\/www.facebook.com\/portalcidademarketing","https:\/\/x.com\/CidadeMarketing","https:\/\/www.instagram.com\/cidademarketing\/"]},{"@type":"Person","@id":"https:\/\/www.cidademarketing.com.br\/marketing\/#\/schema\/person\/02daff9f18bd9378c9e01eb6b2db155f","name":"Thales Brand\u00e3o","image":{"@type":"ImageObject","inLanguage":"pt-BR","@id":"https:\/\/secure.gravatar.com\/avatar\/7ca3206950207cc3cb48feec56a8a7898741ab725c368d99d5d7a5a50aab80c6?s=96&d=mm&r=g","url":"https:\/\/secure.gravatar.com\/avatar\/7ca3206950207cc3cb48feec56a8a7898741ab725c368d99d5d7a5a50aab80c6?s=96&d=mm&r=g","contentUrl":"https:\/\/secure.gravatar.com\/avatar\/7ca3206950207cc3cb48feec56a8a7898741ab725c368d99d5d7a5a50aab80c6?s=96&d=mm&r=g","caption":"Thales Brand\u00e3o"},"description":"Editor Executivo do Portal CidadeMarketing.com.br &gt; Mestre em Comunica\u00e7\u00e3o e Sociedade pela Universidade Federal de Sergipe. Possui MBA Executivo em Administra\u00e7\u00e3o com \u00eanfase em Marketing pela Funda\u00e7\u00e3o Get\u00falio Vargas - Rio de Janeiro. Consultor, Palestrante e Pesquisador sobre Empreendedorismo, Marketing, Redes Sociais e Neg\u00f3cios Digitais. Professor, Palestrante TedxTalks e Campus Party. Twitter: @ThalesBrandao","sameAs":["http:\/\/www.mandacaru.com.br","https:\/\/www.facebook.com\/thalesbrandao","http:\/\/www.instagram.com.br\/thalesbrandaoferreira","https:\/\/www.linkedin.com\/in\/thales-brand\u00e3o-3948609\/","https:\/\/x.com\/http:\/\/www.twitter.com\/thalesbrandao"],"url":"https:\/\/www.cidademarketing.com.br\/marketing\/author\/thalesbrandao\/"}]}},"amp_enabled":true,"_links":{"self":[{"href":"https:\/\/www.cidademarketing.com.br\/marketing\/wp-json\/wp\/v2\/posts\/43408","targetHints":{"allow":["GET"]}}],"collection":[{"href":"https:\/\/www.cidademarketing.com.br\/marketing\/wp-json\/wp\/v2\/posts"}],"about":[{"href":"https:\/\/www.cidademarketing.com.br\/marketing\/wp-json\/wp\/v2\/types\/post"}],"author":[{"embeddable":true,"href":"https:\/\/www.cidademarketing.com.br\/marketing\/wp-json\/wp\/v2\/users\/1"}],"replies":[{"embeddable":true,"href":"https:\/\/www.cidademarketing.com.br\/marketing\/wp-json\/wp\/v2\/comments?post=43408"}],"version-history":[{"count":1,"href":"https:\/\/www.cidademarketing.com.br\/marketing\/wp-json\/wp\/v2\/posts\/43408\/revisions"}],"predecessor-version":[{"id":43410,"href":"https:\/\/www.cidademarketing.com.br\/marketing\/wp-json\/wp\/v2\/posts\/43408\/revisions\/43410"}],"wp:featuredmedia":[{"embeddable":true,"href":"https:\/\/www.cidademarketing.com.br\/marketing\/wp-json\/wp\/v2\/media\/43409"}],"wp:attachment":[{"href":"https:\/\/www.cidademarketing.com.br\/marketing\/wp-json\/wp\/v2\/media?parent=43408"}],"wp:term":[{"taxonomy":"category","embeddable":true,"href":"https:\/\/www.cidademarketing.com.br\/marketing\/wp-json\/wp\/v2\/categories?post=43408"},{"taxonomy":"post_tag","embeddable":true,"href":"https:\/\/www.cidademarketing.com.br\/marketing\/wp-json\/wp\/v2\/tags?post=43408"}],"curies":[{"name":"wp","href":"https:\/\/api.w.org\/{rel}","templated":true}]}}