{"id":43193,"date":"2023-02-12T21:25:16","date_gmt":"2023-02-13T00:25:16","guid":{"rendered":"https:\/\/www.cidademarketing.com.br\/marketing\/?p=43193"},"modified":"2023-02-12T21:25:16","modified_gmt":"2023-02-13T00:25:16","slug":"em-campanha-ram-revela-sua-versao-eletrica-a-nova-ram-1500-rev","status":"publish","type":"post","link":"https:\/\/www.cidademarketing.com.br\/marketing\/2023\/02\/12\/em-campanha-ram-revela-sua-versao-eletrica-a-nova-ram-1500-rev\/","title":{"rendered":"Em campanha, Ram revela sua vers\u00e3o el\u00e9trica, a nova Ram 1500 REV"},"content":{"rendered":"<p>A marca Ram revelou hoje sua t\u00e3o aguardada picape el\u00e9trica a bateria Ram 1500 REV, como parte dos esfor\u00e7os da marca no chamado \u2018Big Game\u2019. O comercial tamb\u00e9m sinalizou a abertura oficial de reservas de clientes para um lugar na fila para encomendar a novidade em <a href=\"http:\/\/RamREV.com\" target=\"_blank\" rel=\"noopener\">RamREV.com<\/a>.<br \/>\nO comercial de 60 segundos, &#8220;Eletrifica\u00e7\u00e3o Precoce&#8221;, ir\u00e1 ao ar na TV nos Estados Unidos no in\u00edcio do 4\u00ba quarto no jogo de futebol americano desta noite (12 de fevereiro) e foi lan\u00e7ado hoje cedo nas m\u00eddias sociais da Ram, como no YouTube . O filme apresenta o ator indicado ao Emmy Jason Jones (&#8220;The Detour&#8221;, &#8220;The Flight Attendant&#8221;, &#8220;The Daily Show&#8221;) enquanto ele aborda de frente algumas ansiedades potenciais de eletrifica\u00e7\u00e3o que os consumidores podem ter sobre a compra de um ve\u00edculo totalmente el\u00e9trico, incluindo autonomia, for\u00e7a e capacidade de carga.<\/p>\n<p><iframe title=\"Spotify Embed: Podcast CidadeMarketing\" style=\"border-radius: 12px\" width=\"100%\" height=\"152\" frameborder=\"0\" allowfullscreen allow=\"autoplay; clipboard-write; encrypted-media; fullscreen; picture-in-picture\" loading=\"lazy\" src=\"https:\/\/open.spotify.com\/embed\/show\/4khMKzP3FgFRWVwb73xicc?si=252fe5bff2b34909&#038;utm_source=oembed\"><\/iframe><\/p>\n<p>&#8220;Criamos este comercial para falar diretamente com clientes da Ram e potenciais donos de picapes para trazer um pouco de humor para a conversa high-tech de ve\u00edculos el\u00e9tricos, que corretamente se leva muito a s\u00e9rio&#8221;, disse Olivier Fran\u00e7ois, chefe global de Marketing da Stellantis. &#8220;Ao abrirmos reservas hoje para um lugar na fila para pr\u00e9-encomendar a Ram 1500 REV, quer\u00edamos abordar diretamente quaisquer preocupa\u00e7\u00f5es potenciais sobre picapes el\u00e9tricas usando uma abordagem que acreditamos que ressoar\u00e1 com nossos consumidores. A inten\u00e7\u00e3o do filme \u00e9 informar aos nossos compradores que ouvimos suas preocupa\u00e7\u00f5es como parte de nosso di\u00e1logo com eles nos \u00faltimos anos, enquanto nos preparamos para introduzir a Ram 1500 REV totalmente el\u00e9trica no mercado em 2024&#8221;.<\/p>\n<p><a href=\"https:\/\/youtu.be\/6iaUoJUdTk4\">https:\/\/youtu.be\/6iaUoJUdTk4<\/a><\/p>\n<p>&#8220;A marca Ram j\u00e1 redefiniu o segmento de picapes antes e ir\u00e1 mais uma vez com sua nova Ram 1500 REV&#8221;, disse Mike Koval Jr., CEO da Ram. &#8220;Acreditamos em trazer a gama certa de solu\u00e7\u00f5es de powertrain para nossos clientes, e a Ram 1500 REV ser\u00e1 a primeira de uma s\u00e9rie de solu\u00e7\u00f5es eletrificadas que se somar\u00e3o \u00e0 nossa atual linha premiada de picapes. Estamos em uma emocionante jornada de eletrifica\u00e7\u00e3o que ver\u00e1 a Ram superar a concorr\u00eancia em \u00e1reas com as quais os clientes mais se preocupam: autonomia, carga \u00fatil, reboque e tempo de carga&#8221;.<\/p>\n<p>Com a abertura das reservas para um lugar na fila para pr\u00e9-encomendar a Ram 1500 REV totalmente el\u00e9trica hoje, \u00e9 fundamental para a marca que os compradores da Ram 1500 REV tenham o mesmo n\u00edvel de confian\u00e7a que sempre tiveram para a marca. \u00c0 medida que a premiada linha de produtos da Ram se expande para incluir a inteiramente nova e el\u00e9trica Ram 1500 REV, a marca est\u00e1 dando aos seus propriet\u00e1rios mais op\u00e7\u00f5es do que nunca para atender \u00e0s suas necessidades individuais dos clientes, com a inten\u00e7\u00e3o de entregar a picape el\u00e9trica certa no momento certo.<\/p>\n<p>Al\u00e9m da estreia da inteiramente nova e el\u00e9trica Ram 1500 REV, a marca Ram deu in\u00edcio ao programa pago de membro REV Insider+. Por uma taxa reembols\u00e1vel \u00fanica de US$ 100, o programa desbloqueia privil\u00e9gios que incluem a chance de reservar um lugar na fila para pr\u00e9-encomenda e acesso exclusivo a eventos, not\u00edcias e informa\u00e7\u00f5es sobre a Ram 1500 REV (as taxas s\u00e3o reembols\u00e1veis at\u00e9 que o membro pago REV Insider+ seja notificado pela Ram pelo e-mail fornecido na inscri\u00e7\u00e3o de que a Ram 1500 REV ficou dispon\u00edvel para a pr\u00e9-encomenda antecipada). Os consumidores podem aprender mais sobre como se tornar parte da Ram Revolution hoje, visitando RamREV.com.<\/p>\n<p>Com a primeira apari\u00e7\u00e3o da inteiramente nova e el\u00e9trica Ram 1500 REV, o v\u00eddeo &#8220;Eletrifica\u00e7\u00e3o Precoce&#8221; continua a jornada eletrificada da Ram, redefinindo o segmento de picapes. O compromisso da marca em adicionar solu\u00e7\u00f5es de eletrifica\u00e7\u00e3o ao seu portf\u00f3lio apoia o plano estrat\u00e9gico Dare Forward 2030 da Stellantis, para liderar a maneira como o mundo se move, oferecendo solu\u00e7\u00f5es de mobilidade inovadoras, limpas, seguras e acess\u00edveis.<br \/>\n&#8220;Eletrifica\u00e7\u00e3o Precoce&#8221; foi criado pela marca Ram em parceria com a ag\u00eancia Highdive, sediada em Chicago (EUA), e o premiado diretor Ric Cantor, com produ\u00e7\u00e3o da Interrogate.<\/p>\n<p><iframe style=\"width: 100%; max-width: 660px; overflow: hidden; background: transparent;\" src=\"https:\/\/embed.podcasts.apple.com\/br\/podcast\/podcast-cidademarketing\/id1371923283\" height=\"450\" frameborder=\"0\" sandbox=\"allow-forms allow-popups allow-same-origin allow-scripts allow-storage-access-by-user-activation allow-top-navigation-by-user-activation\"><\/iframe><\/p>\n","protected":false},"excerpt":{"rendered":"<p>A marca Ram revelou hoje sua t\u00e3o aguardada picape el\u00e9trica a bateria Ram 1500 REV, como parte dos esfor\u00e7os da marca no chamado \u2018Big Game\u2019. O comercial tamb\u00e9m sinalizou a abertura oficial de reservas de clientes para um lugar na fila para encomendar a novidade em RamREV.com. O comercial de 60 segundos, &#8220;Eletrifica\u00e7\u00e3o Precoce&#8221;, ir\u00e1 [&hellip;]<\/p>\n","protected":false},"author":1,"featured_media":43194,"comment_status":"open","ping_status":"open","sticky":false,"template":"","format":"standard","meta":{"tdm_status":"","tdm_grid_status":"","footnotes":""},"categories":[6],"tags":[65,5594,33,28,3214],"class_list":["post-43193","post","type-post","status-publish","format-standard","has-post-thumbnail","hentry","category-noticias","tag-campanha","tag-eletrica","tag-estrategia","tag-marketing","tag-ram"],"yoast_head":"<!-- This site is optimized with the Yoast SEO plugin v27.5 - https:\/\/yoast.com\/product\/yoast-seo-wordpress\/ -->\n<title>Em campanha, Ram revela sua vers\u00e3o el\u00e9trica, a nova Ram 1500 REV - CidadeMarketing<\/title>\n<meta name=\"robots\" content=\"index, follow, max-snippet:-1, max-image-preview:large, max-video-preview:-1\" \/>\n<link rel=\"canonical\" href=\"https:\/\/www.cidademarketing.com.br\/marketing\/2023\/02\/12\/em-campanha-ram-revela-sua-versao-eletrica-a-nova-ram-1500-rev\/\" \/>\n<meta property=\"og:locale\" content=\"pt_BR\" \/>\n<meta property=\"og:type\" content=\"article\" \/>\n<meta property=\"og:title\" content=\"Em campanha, Ram revela sua vers\u00e3o el\u00e9trica, a nova Ram 1500 REV - CidadeMarketing\" \/>\n<meta property=\"og:description\" content=\"A marca Ram revelou hoje sua t\u00e3o aguardada picape el\u00e9trica a bateria Ram 1500 REV, como parte dos esfor\u00e7os da marca no chamado \u2018Big Game\u2019. O comercial tamb\u00e9m sinalizou a abertura oficial de reservas de clientes para um lugar na fila para encomendar a novidade em RamREV.com. O comercial de 60 segundos, &#8220;Eletrifica\u00e7\u00e3o Precoce&#8221;, ir\u00e1 [&hellip;]\" \/>\n<meta property=\"og:url\" content=\"https:\/\/www.cidademarketing.com.br\/marketing\/2023\/02\/12\/em-campanha-ram-revela-sua-versao-eletrica-a-nova-ram-1500-rev\/\" \/>\n<meta property=\"og:site_name\" content=\"CidadeMarketing\" \/>\n<meta property=\"article:publisher\" content=\"https:\/\/www.facebook.com\/portalcidademarketing\" \/>\n<meta property=\"article:author\" content=\"https:\/\/www.facebook.com\/thalesbrandao\" \/>\n<meta property=\"article:published_time\" content=\"2023-02-13T00:25:16+00:00\" \/>\n<meta property=\"og:image\" content=\"https:\/\/www.cidademarketing.com.br\/marketing\/wp-content\/uploads\/2023\/02\/ram_eletrica.jpg\" \/>\n\t<meta property=\"og:image:width\" content=\"1668\" \/>\n\t<meta property=\"og:image:height\" content=\"900\" \/>\n\t<meta property=\"og:image:type\" content=\"image\/jpeg\" \/>\n<meta name=\"author\" content=\"Thales Brand\u00e3o\" \/>\n<meta name=\"twitter:card\" content=\"summary_large_image\" \/>\n<meta name=\"twitter:creator\" content=\"@http:\/\/www.twitter.com\/thalesbrandao\" \/>\n<meta name=\"twitter:site\" content=\"@CidadeMarketing\" \/>\n<meta name=\"twitter:label1\" content=\"Escrito por\" \/>\n\t<meta name=\"twitter:data1\" content=\"Thales Brand\u00e3o\" \/>\n\t<meta name=\"twitter:label2\" content=\"Est. tempo de leitura\" \/>\n\t<meta name=\"twitter:data2\" content=\"4 minutos\" \/>\n<script type=\"application\/ld+json\" class=\"yoast-schema-graph\">{\"@context\":\"https:\\\/\\\/schema.org\",\"@graph\":[{\"@type\":\"Article\",\"@id\":\"https:\\\/\\\/www.cidademarketing.com.br\\\/marketing\\\/2023\\\/02\\\/12\\\/em-campanha-ram-revela-sua-versao-eletrica-a-nova-ram-1500-rev\\\/#article\",\"isPartOf\":{\"@id\":\"https:\\\/\\\/www.cidademarketing.com.br\\\/marketing\\\/2023\\\/02\\\/12\\\/em-campanha-ram-revela-sua-versao-eletrica-a-nova-ram-1500-rev\\\/\"},\"author\":{\"name\":\"Thales Brand\u00e3o\",\"@id\":\"https:\\\/\\\/www.cidademarketing.com.br\\\/marketing\\\/#\\\/schema\\\/person\\\/02daff9f18bd9378c9e01eb6b2db155f\"},\"headline\":\"Em campanha, Ram revela sua vers\u00e3o el\u00e9trica, a nova Ram 1500 REV\",\"datePublished\":\"2023-02-13T00:25:16+00:00\",\"mainEntityOfPage\":{\"@id\":\"https:\\\/\\\/www.cidademarketing.com.br\\\/marketing\\\/2023\\\/02\\\/12\\\/em-campanha-ram-revela-sua-versao-eletrica-a-nova-ram-1500-rev\\\/\"},\"wordCount\":727,\"commentCount\":0,\"publisher\":{\"@id\":\"https:\\\/\\\/www.cidademarketing.com.br\\\/marketing\\\/#organization\"},\"image\":{\"@id\":\"https:\\\/\\\/www.cidademarketing.com.br\\\/marketing\\\/2023\\\/02\\\/12\\\/em-campanha-ram-revela-sua-versao-eletrica-a-nova-ram-1500-rev\\\/#primaryimage\"},\"thumbnailUrl\":\"https:\\\/\\\/www.cidademarketing.com.br\\\/marketing\\\/wp-content\\\/uploads\\\/2023\\\/02\\\/ram_eletrica.jpg\",\"keywords\":[\"campanha\",\"el\u00e9trica\",\"estrat\u00e9gia\",\"marketing\",\"Ram\"],\"articleSection\":[\"Not\u00edcias\"],\"inLanguage\":\"pt-BR\",\"potentialAction\":[{\"@type\":\"CommentAction\",\"name\":\"Comment\",\"target\":[\"https:\\\/\\\/www.cidademarketing.com.br\\\/marketing\\\/2023\\\/02\\\/12\\\/em-campanha-ram-revela-sua-versao-eletrica-a-nova-ram-1500-rev\\\/#respond\"]}]},{\"@type\":\"WebPage\",\"@id\":\"https:\\\/\\\/www.cidademarketing.com.br\\\/marketing\\\/2023\\\/02\\\/12\\\/em-campanha-ram-revela-sua-versao-eletrica-a-nova-ram-1500-rev\\\/\",\"url\":\"https:\\\/\\\/www.cidademarketing.com.br\\\/marketing\\\/2023\\\/02\\\/12\\\/em-campanha-ram-revela-sua-versao-eletrica-a-nova-ram-1500-rev\\\/\",\"name\":\"Em campanha, Ram revela sua vers\u00e3o el\u00e9trica, a nova Ram 1500 REV - CidadeMarketing\",\"isPartOf\":{\"@id\":\"https:\\\/\\\/www.cidademarketing.com.br\\\/marketing\\\/#website\"},\"primaryImageOfPage\":{\"@id\":\"https:\\\/\\\/www.cidademarketing.com.br\\\/marketing\\\/2023\\\/02\\\/12\\\/em-campanha-ram-revela-sua-versao-eletrica-a-nova-ram-1500-rev\\\/#primaryimage\"},\"image\":{\"@id\":\"https:\\\/\\\/www.cidademarketing.com.br\\\/marketing\\\/2023\\\/02\\\/12\\\/em-campanha-ram-revela-sua-versao-eletrica-a-nova-ram-1500-rev\\\/#primaryimage\"},\"thumbnailUrl\":\"https:\\\/\\\/www.cidademarketing.com.br\\\/marketing\\\/wp-content\\\/uploads\\\/2023\\\/02\\\/ram_eletrica.jpg\",\"datePublished\":\"2023-02-13T00:25:16+00:00\",\"breadcrumb\":{\"@id\":\"https:\\\/\\\/www.cidademarketing.com.br\\\/marketing\\\/2023\\\/02\\\/12\\\/em-campanha-ram-revela-sua-versao-eletrica-a-nova-ram-1500-rev\\\/#breadcrumb\"},\"inLanguage\":\"pt-BR\",\"potentialAction\":[{\"@type\":\"ReadAction\",\"target\":[\"https:\\\/\\\/www.cidademarketing.com.br\\\/marketing\\\/2023\\\/02\\\/12\\\/em-campanha-ram-revela-sua-versao-eletrica-a-nova-ram-1500-rev\\\/\"]}]},{\"@type\":\"ImageObject\",\"inLanguage\":\"pt-BR\",\"@id\":\"https:\\\/\\\/www.cidademarketing.com.br\\\/marketing\\\/2023\\\/02\\\/12\\\/em-campanha-ram-revela-sua-versao-eletrica-a-nova-ram-1500-rev\\\/#primaryimage\",\"url\":\"https:\\\/\\\/www.cidademarketing.com.br\\\/marketing\\\/wp-content\\\/uploads\\\/2023\\\/02\\\/ram_eletrica.jpg\",\"contentUrl\":\"https:\\\/\\\/www.cidademarketing.com.br\\\/marketing\\\/wp-content\\\/uploads\\\/2023\\\/02\\\/ram_eletrica.jpg\",\"width\":1668,\"height\":900,\"caption\":\"Divulga\u00e7\u00e3o\"},{\"@type\":\"BreadcrumbList\",\"@id\":\"https:\\\/\\\/www.cidademarketing.com.br\\\/marketing\\\/2023\\\/02\\\/12\\\/em-campanha-ram-revela-sua-versao-eletrica-a-nova-ram-1500-rev\\\/#breadcrumb\",\"itemListElement\":[{\"@type\":\"ListItem\",\"position\":1,\"name\":\"In\u00edcio\",\"item\":\"https:\\\/\\\/www.cidademarketing.com.br\\\/marketing\\\/\"},{\"@type\":\"ListItem\",\"position\":2,\"name\":\"Em campanha, Ram revela sua vers\u00e3o el\u00e9trica, a nova Ram 1500 REV\"}]},{\"@type\":\"WebSite\",\"@id\":\"https:\\\/\\\/www.cidademarketing.com.br\\\/marketing\\\/#website\",\"url\":\"https:\\\/\\\/www.cidademarketing.com.br\\\/marketing\\\/\",\"name\":\"CidadeMarketing\",\"description\":\"Somos um ve\u00edculo de comunica\u00e7\u00e3o de destaque no Brasil, reconhecido por conte\u00fados nos segmentos de marketing, empreendedorismo e inova\u00e7\u00e3o.\",\"publisher\":{\"@id\":\"https:\\\/\\\/www.cidademarketing.com.br\\\/marketing\\\/#organization\"},\"alternateName\":\"CidadeMarketing\",\"potentialAction\":[{\"@type\":\"SearchAction\",\"target\":{\"@type\":\"EntryPoint\",\"urlTemplate\":\"https:\\\/\\\/www.cidademarketing.com.br\\\/marketing\\\/?s={search_term_string}\"},\"query-input\":{\"@type\":\"PropertyValueSpecification\",\"valueRequired\":true,\"valueName\":\"search_term_string\"}}],\"inLanguage\":\"pt-BR\"},{\"@type\":\"Organization\",\"@id\":\"https:\\\/\\\/www.cidademarketing.com.br\\\/marketing\\\/#organization\",\"name\":\"CidadeMarketing\",\"alternateName\":\"CidadeMarketing\",\"url\":\"https:\\\/\\\/www.cidademarketing.com.br\\\/marketing\\\/\",\"logo\":{\"@type\":\"ImageObject\",\"inLanguage\":\"pt-BR\",\"@id\":\"https:\\\/\\\/www.cidademarketing.com.br\\\/marketing\\\/#\\\/schema\\\/logo\\\/image\\\/\",\"url\":\"https:\\\/\\\/www.cidademarketing.com.br\\\/marketing\\\/wp-content\\\/uploads\\\/2020\\\/01\\\/cidademarketing_marca_mobile.png\",\"contentUrl\":\"https:\\\/\\\/www.cidademarketing.com.br\\\/marketing\\\/wp-content\\\/uploads\\\/2020\\\/01\\\/cidademarketing_marca_mobile.png\",\"width\":230,\"height\":92,\"caption\":\"CidadeMarketing\"},\"image\":{\"@id\":\"https:\\\/\\\/www.cidademarketing.com.br\\\/marketing\\\/#\\\/schema\\\/logo\\\/image\\\/\"},\"sameAs\":[\"https:\\\/\\\/www.facebook.com\\\/portalcidademarketing\",\"https:\\\/\\\/x.com\\\/CidadeMarketing\",\"https:\\\/\\\/www.instagram.com\\\/cidademarketing\\\/\"]},{\"@type\":\"Person\",\"@id\":\"https:\\\/\\\/www.cidademarketing.com.br\\\/marketing\\\/#\\\/schema\\\/person\\\/02daff9f18bd9378c9e01eb6b2db155f\",\"name\":\"Thales Brand\u00e3o\",\"image\":{\"@type\":\"ImageObject\",\"inLanguage\":\"pt-BR\",\"@id\":\"https:\\\/\\\/secure.gravatar.com\\\/avatar\\\/7ca3206950207cc3cb48feec56a8a7898741ab725c368d99d5d7a5a50aab80c6?s=96&d=mm&r=g\",\"url\":\"https:\\\/\\\/secure.gravatar.com\\\/avatar\\\/7ca3206950207cc3cb48feec56a8a7898741ab725c368d99d5d7a5a50aab80c6?s=96&d=mm&r=g\",\"contentUrl\":\"https:\\\/\\\/secure.gravatar.com\\\/avatar\\\/7ca3206950207cc3cb48feec56a8a7898741ab725c368d99d5d7a5a50aab80c6?s=96&d=mm&r=g\",\"caption\":\"Thales Brand\u00e3o\"},\"description\":\"Editor Executivo do Portal CidadeMarketing.com.br &gt; Mestre em Comunica\u00e7\u00e3o e Sociedade pela Universidade Federal de Sergipe. Possui MBA Executivo em Administra\u00e7\u00e3o com \u00eanfase em Marketing pela Funda\u00e7\u00e3o Get\u00falio Vargas - Rio de Janeiro. Consultor, Palestrante e Pesquisador sobre Empreendedorismo, Marketing, Redes Sociais e Neg\u00f3cios Digitais. Professor, Palestrante TedxTalks e Campus Party. Twitter: @ThalesBrandao\",\"sameAs\":[\"http:\\\/\\\/www.mandacaru.com.br\",\"https:\\\/\\\/www.facebook.com\\\/thalesbrandao\",\"http:\\\/\\\/www.instagram.com.br\\\/thalesbrandaoferreira\",\"https:\\\/\\\/www.linkedin.com\\\/in\\\/thales-brand\u00e3o-3948609\\\/\",\"https:\\\/\\\/x.com\\\/http:\\\/\\\/www.twitter.com\\\/thalesbrandao\"],\"url\":\"https:\\\/\\\/www.cidademarketing.com.br\\\/marketing\\\/author\\\/thalesbrandao\\\/\"}]}<\/script>\n<!-- \/ Yoast SEO plugin. -->","yoast_head_json":{"title":"Em campanha, Ram revela sua vers\u00e3o el\u00e9trica, a nova Ram 1500 REV - CidadeMarketing","robots":{"index":"index","follow":"follow","max-snippet":"max-snippet:-1","max-image-preview":"max-image-preview:large","max-video-preview":"max-video-preview:-1"},"canonical":"https:\/\/www.cidademarketing.com.br\/marketing\/2023\/02\/12\/em-campanha-ram-revela-sua-versao-eletrica-a-nova-ram-1500-rev\/","og_locale":"pt_BR","og_type":"article","og_title":"Em campanha, Ram revela sua vers\u00e3o el\u00e9trica, a nova Ram 1500 REV - CidadeMarketing","og_description":"A marca Ram revelou hoje sua t\u00e3o aguardada picape el\u00e9trica a bateria Ram 1500 REV, como parte dos esfor\u00e7os da marca no chamado \u2018Big Game\u2019. O comercial tamb\u00e9m sinalizou a abertura oficial de reservas de clientes para um lugar na fila para encomendar a novidade em RamREV.com. O comercial de 60 segundos, &#8220;Eletrifica\u00e7\u00e3o Precoce&#8221;, ir\u00e1 [&hellip;]","og_url":"https:\/\/www.cidademarketing.com.br\/marketing\/2023\/02\/12\/em-campanha-ram-revela-sua-versao-eletrica-a-nova-ram-1500-rev\/","og_site_name":"CidadeMarketing","article_publisher":"https:\/\/www.facebook.com\/portalcidademarketing","article_author":"https:\/\/www.facebook.com\/thalesbrandao","article_published_time":"2023-02-13T00:25:16+00:00","og_image":[{"width":1668,"height":900,"url":"https:\/\/www.cidademarketing.com.br\/marketing\/wp-content\/uploads\/2023\/02\/ram_eletrica.jpg","type":"image\/jpeg"}],"author":"Thales Brand\u00e3o","twitter_card":"summary_large_image","twitter_creator":"@http:\/\/www.twitter.com\/thalesbrandao","twitter_site":"@CidadeMarketing","twitter_misc":{"Escrito por":"Thales Brand\u00e3o","Est. tempo de leitura":"4 minutos"},"schema":{"@context":"https:\/\/schema.org","@graph":[{"@type":"Article","@id":"https:\/\/www.cidademarketing.com.br\/marketing\/2023\/02\/12\/em-campanha-ram-revela-sua-versao-eletrica-a-nova-ram-1500-rev\/#article","isPartOf":{"@id":"https:\/\/www.cidademarketing.com.br\/marketing\/2023\/02\/12\/em-campanha-ram-revela-sua-versao-eletrica-a-nova-ram-1500-rev\/"},"author":{"name":"Thales Brand\u00e3o","@id":"https:\/\/www.cidademarketing.com.br\/marketing\/#\/schema\/person\/02daff9f18bd9378c9e01eb6b2db155f"},"headline":"Em campanha, Ram revela sua vers\u00e3o el\u00e9trica, a nova Ram 1500 REV","datePublished":"2023-02-13T00:25:16+00:00","mainEntityOfPage":{"@id":"https:\/\/www.cidademarketing.com.br\/marketing\/2023\/02\/12\/em-campanha-ram-revela-sua-versao-eletrica-a-nova-ram-1500-rev\/"},"wordCount":727,"commentCount":0,"publisher":{"@id":"https:\/\/www.cidademarketing.com.br\/marketing\/#organization"},"image":{"@id":"https:\/\/www.cidademarketing.com.br\/marketing\/2023\/02\/12\/em-campanha-ram-revela-sua-versao-eletrica-a-nova-ram-1500-rev\/#primaryimage"},"thumbnailUrl":"https:\/\/www.cidademarketing.com.br\/marketing\/wp-content\/uploads\/2023\/02\/ram_eletrica.jpg","keywords":["campanha","el\u00e9trica","estrat\u00e9gia","marketing","Ram"],"articleSection":["Not\u00edcias"],"inLanguage":"pt-BR","potentialAction":[{"@type":"CommentAction","name":"Comment","target":["https:\/\/www.cidademarketing.com.br\/marketing\/2023\/02\/12\/em-campanha-ram-revela-sua-versao-eletrica-a-nova-ram-1500-rev\/#respond"]}]},{"@type":"WebPage","@id":"https:\/\/www.cidademarketing.com.br\/marketing\/2023\/02\/12\/em-campanha-ram-revela-sua-versao-eletrica-a-nova-ram-1500-rev\/","url":"https:\/\/www.cidademarketing.com.br\/marketing\/2023\/02\/12\/em-campanha-ram-revela-sua-versao-eletrica-a-nova-ram-1500-rev\/","name":"Em campanha, Ram revela sua vers\u00e3o el\u00e9trica, a nova Ram 1500 REV - CidadeMarketing","isPartOf":{"@id":"https:\/\/www.cidademarketing.com.br\/marketing\/#website"},"primaryImageOfPage":{"@id":"https:\/\/www.cidademarketing.com.br\/marketing\/2023\/02\/12\/em-campanha-ram-revela-sua-versao-eletrica-a-nova-ram-1500-rev\/#primaryimage"},"image":{"@id":"https:\/\/www.cidademarketing.com.br\/marketing\/2023\/02\/12\/em-campanha-ram-revela-sua-versao-eletrica-a-nova-ram-1500-rev\/#primaryimage"},"thumbnailUrl":"https:\/\/www.cidademarketing.com.br\/marketing\/wp-content\/uploads\/2023\/02\/ram_eletrica.jpg","datePublished":"2023-02-13T00:25:16+00:00","breadcrumb":{"@id":"https:\/\/www.cidademarketing.com.br\/marketing\/2023\/02\/12\/em-campanha-ram-revela-sua-versao-eletrica-a-nova-ram-1500-rev\/#breadcrumb"},"inLanguage":"pt-BR","potentialAction":[{"@type":"ReadAction","target":["https:\/\/www.cidademarketing.com.br\/marketing\/2023\/02\/12\/em-campanha-ram-revela-sua-versao-eletrica-a-nova-ram-1500-rev\/"]}]},{"@type":"ImageObject","inLanguage":"pt-BR","@id":"https:\/\/www.cidademarketing.com.br\/marketing\/2023\/02\/12\/em-campanha-ram-revela-sua-versao-eletrica-a-nova-ram-1500-rev\/#primaryimage","url":"https:\/\/www.cidademarketing.com.br\/marketing\/wp-content\/uploads\/2023\/02\/ram_eletrica.jpg","contentUrl":"https:\/\/www.cidademarketing.com.br\/marketing\/wp-content\/uploads\/2023\/02\/ram_eletrica.jpg","width":1668,"height":900,"caption":"Divulga\u00e7\u00e3o"},{"@type":"BreadcrumbList","@id":"https:\/\/www.cidademarketing.com.br\/marketing\/2023\/02\/12\/em-campanha-ram-revela-sua-versao-eletrica-a-nova-ram-1500-rev\/#breadcrumb","itemListElement":[{"@type":"ListItem","position":1,"name":"In\u00edcio","item":"https:\/\/www.cidademarketing.com.br\/marketing\/"},{"@type":"ListItem","position":2,"name":"Em campanha, Ram revela sua vers\u00e3o el\u00e9trica, a nova Ram 1500 REV"}]},{"@type":"WebSite","@id":"https:\/\/www.cidademarketing.com.br\/marketing\/#website","url":"https:\/\/www.cidademarketing.com.br\/marketing\/","name":"CidadeMarketing","description":"Somos um ve\u00edculo de comunica\u00e7\u00e3o de destaque no Brasil, reconhecido por conte\u00fados nos segmentos de marketing, empreendedorismo e inova\u00e7\u00e3o.","publisher":{"@id":"https:\/\/www.cidademarketing.com.br\/marketing\/#organization"},"alternateName":"CidadeMarketing","potentialAction":[{"@type":"SearchAction","target":{"@type":"EntryPoint","urlTemplate":"https:\/\/www.cidademarketing.com.br\/marketing\/?s={search_term_string}"},"query-input":{"@type":"PropertyValueSpecification","valueRequired":true,"valueName":"search_term_string"}}],"inLanguage":"pt-BR"},{"@type":"Organization","@id":"https:\/\/www.cidademarketing.com.br\/marketing\/#organization","name":"CidadeMarketing","alternateName":"CidadeMarketing","url":"https:\/\/www.cidademarketing.com.br\/marketing\/","logo":{"@type":"ImageObject","inLanguage":"pt-BR","@id":"https:\/\/www.cidademarketing.com.br\/marketing\/#\/schema\/logo\/image\/","url":"https:\/\/www.cidademarketing.com.br\/marketing\/wp-content\/uploads\/2020\/01\/cidademarketing_marca_mobile.png","contentUrl":"https:\/\/www.cidademarketing.com.br\/marketing\/wp-content\/uploads\/2020\/01\/cidademarketing_marca_mobile.png","width":230,"height":92,"caption":"CidadeMarketing"},"image":{"@id":"https:\/\/www.cidademarketing.com.br\/marketing\/#\/schema\/logo\/image\/"},"sameAs":["https:\/\/www.facebook.com\/portalcidademarketing","https:\/\/x.com\/CidadeMarketing","https:\/\/www.instagram.com\/cidademarketing\/"]},{"@type":"Person","@id":"https:\/\/www.cidademarketing.com.br\/marketing\/#\/schema\/person\/02daff9f18bd9378c9e01eb6b2db155f","name":"Thales Brand\u00e3o","image":{"@type":"ImageObject","inLanguage":"pt-BR","@id":"https:\/\/secure.gravatar.com\/avatar\/7ca3206950207cc3cb48feec56a8a7898741ab725c368d99d5d7a5a50aab80c6?s=96&d=mm&r=g","url":"https:\/\/secure.gravatar.com\/avatar\/7ca3206950207cc3cb48feec56a8a7898741ab725c368d99d5d7a5a50aab80c6?s=96&d=mm&r=g","contentUrl":"https:\/\/secure.gravatar.com\/avatar\/7ca3206950207cc3cb48feec56a8a7898741ab725c368d99d5d7a5a50aab80c6?s=96&d=mm&r=g","caption":"Thales Brand\u00e3o"},"description":"Editor Executivo do Portal CidadeMarketing.com.br &gt; Mestre em Comunica\u00e7\u00e3o e Sociedade pela Universidade Federal de Sergipe. Possui MBA Executivo em Administra\u00e7\u00e3o com \u00eanfase em Marketing pela Funda\u00e7\u00e3o Get\u00falio Vargas - Rio de Janeiro. Consultor, Palestrante e Pesquisador sobre Empreendedorismo, Marketing, Redes Sociais e Neg\u00f3cios Digitais. Professor, Palestrante TedxTalks e Campus Party. Twitter: @ThalesBrandao","sameAs":["http:\/\/www.mandacaru.com.br","https:\/\/www.facebook.com\/thalesbrandao","http:\/\/www.instagram.com.br\/thalesbrandaoferreira","https:\/\/www.linkedin.com\/in\/thales-brand\u00e3o-3948609\/","https:\/\/x.com\/http:\/\/www.twitter.com\/thalesbrandao"],"url":"https:\/\/www.cidademarketing.com.br\/marketing\/author\/thalesbrandao\/"}]}},"amp_enabled":true,"_links":{"self":[{"href":"https:\/\/www.cidademarketing.com.br\/marketing\/wp-json\/wp\/v2\/posts\/43193","targetHints":{"allow":["GET"]}}],"collection":[{"href":"https:\/\/www.cidademarketing.com.br\/marketing\/wp-json\/wp\/v2\/posts"}],"about":[{"href":"https:\/\/www.cidademarketing.com.br\/marketing\/wp-json\/wp\/v2\/types\/post"}],"author":[{"embeddable":true,"href":"https:\/\/www.cidademarketing.com.br\/marketing\/wp-json\/wp\/v2\/users\/1"}],"replies":[{"embeddable":true,"href":"https:\/\/www.cidademarketing.com.br\/marketing\/wp-json\/wp\/v2\/comments?post=43193"}],"version-history":[{"count":1,"href":"https:\/\/www.cidademarketing.com.br\/marketing\/wp-json\/wp\/v2\/posts\/43193\/revisions"}],"predecessor-version":[{"id":43195,"href":"https:\/\/www.cidademarketing.com.br\/marketing\/wp-json\/wp\/v2\/posts\/43193\/revisions\/43195"}],"wp:featuredmedia":[{"embeddable":true,"href":"https:\/\/www.cidademarketing.com.br\/marketing\/wp-json\/wp\/v2\/media\/43194"}],"wp:attachment":[{"href":"https:\/\/www.cidademarketing.com.br\/marketing\/wp-json\/wp\/v2\/media?parent=43193"}],"wp:term":[{"taxonomy":"category","embeddable":true,"href":"https:\/\/www.cidademarketing.com.br\/marketing\/wp-json\/wp\/v2\/categories?post=43193"},{"taxonomy":"post_tag","embeddable":true,"href":"https:\/\/www.cidademarketing.com.br\/marketing\/wp-json\/wp\/v2\/tags?post=43193"}],"curies":[{"name":"wp","href":"https:\/\/api.w.org\/{rel}","templated":true}]}}