{"id":43152,"date":"2023-02-09T16:48:02","date_gmt":"2023-02-09T19:48:02","guid":{"rendered":"https:\/\/www.cidademarketing.com.br\/marketing\/?p=43152"},"modified":"2023-02-09T16:48:02","modified_gmt":"2023-02-09T19:48:02","slug":"martinho-da-vila-tem-especial-no-programa-samba-na-gamboa-da-tv-brasil","status":"publish","type":"post","link":"https:\/\/www.cidademarketing.com.br\/marketing\/2023\/02\/09\/martinho-da-vila-tem-especial-no-programa-samba-na-gamboa-da-tv-brasil\/","title":{"rendered":"Martinho da Vila tem especial no programa Samba na Gamboa da TV Brasil"},"content":{"rendered":"<p>Para celebrar a vida e a obra do experiente sambista <strong>Martinho<\/strong><strong> da Vila<\/strong>, bamba que comemora 85 anos neste domingo (12), a <strong>TV Brasil<\/strong> apresenta uma edi\u00e7\u00e3o especial do <strong>Samba<\/strong><strong> na Gamboa<\/strong> com o veterano ao meio-dia. O homenageado festeja a trajet\u00f3ria e o legado art\u00edstico com sucessos do seu repert\u00f3rio em um animado encontro com o tamb\u00e9m cantor e compositor<strong> Diogo Nogueira<\/strong>, apresentador do programa.<\/p>\n<p><iframe title=\"Spotify Embed: Podcast CidadeMarketing\" style=\"border-radius: 12px\" width=\"100%\" height=\"152\" frameborder=\"0\" allowfullscreen allow=\"autoplay; clipboard-write; encrypted-media; fullscreen; picture-in-picture\" loading=\"lazy\" src=\"https:\/\/open.spotify.com\/embed\/show\/4khMKzP3FgFRWVwb73xicc?si=252fe5bff2b34909&#038;utm_source=oembed\"><\/iframe><\/p>\n<p>Anfitri\u00e3o e convidado revisitam a carreira do irreverente artista e destacam sua import\u00e2ncia no universo do samba com muita m\u00fasica, hist\u00f3rias e risadas. Martinho da Vila e Diogo Nogueira entoam cl\u00e1ssicos do sambista que marcaram \u00e9poca e fazem parte do cancioneiro do g\u00eanero como &#8220;Canta, canta minha gente&#8221;, &#8220;Ex-amor&#8221; e &#8220;Disritmia&#8221;.<\/p>\n<p>Ao longo da atra\u00e7\u00e3o, Martinho da Vila demonstra seu gosto pelo partido alto e sua rela\u00e7\u00e3o com a \u00c1frica. A import\u00e2ncia desse v\u00ednculo para celebrar a ancestralidade negra t\u00e3o presente em sua obra \u00e9 expressa em diversas faixas de sua longa discografia.<\/p>\n<p>O sambista fluminense natural de Duas Barras revela a Diogo Nogueira que seus la\u00e7os com a folia j\u00e1 pareciam predestinados: nasceu em um s\u00e1bado de carnaval. T\u00e3o afeito ao tema, Martinho Jos\u00e9 Ferreira carrega em seu nome art\u00edstico a escola de samba do cora\u00e7\u00e3o.<\/p>\n<p>De 1938 para c\u00e1, por\u00e9m, n\u00e3o foi s\u00f3 de samba que o bamba viveu. O tamb\u00e9m escritor teve forma\u00e7\u00e3o variada e diversos trabalhos, mas para alegria dos amantes da cultura, decidiu se dedicar exclusivamente \u00e0 carreira musical. Ainda na juventude Martinho apurou o gosto pelas letras, acordes e sons em blocos.<\/p>\n<p><strong>Sobre a produ\u00e7\u00e3o<\/strong><\/p>\n<p>No ar desde 2008, o programa musical <strong>Samba<\/strong><strong> na Gamboa<\/strong> \u00e9 uma produ\u00e7\u00e3o da <strong>TV Brasil<\/strong> apresentada pelo bamba <strong>Diogo Nogueira<\/strong> que recebe personalidades consagradas e artistas em in\u00edcio de carreira para papo e cantoria na telinha da emissora p\u00fablica. A atra\u00e7\u00e3o destaca talentos de v\u00e1rias vertentes da m\u00fasica nacional.<\/p>\n<p>A nova gera\u00e7\u00e3o est\u00e1 representada por jovens como Arlindinho, Juninho Thybau, Mingo Silva e Nego \u00c1lvaro, entre tantos outros. J\u00e1 a turma com bagagem de sobra re\u00fane a saudosa Beth Carvalho e astros como Zeca Pagodinho, Sombrinha, Teresa Cristina, Roberta S\u00e1, Xande de Pilares, Pretinho da Serrinha e Nilze Carvalho, al\u00e9m dos grupos Fundo de Quintal, Amigos do Pagode 90 e Casuarina.<\/p>\n<p>Produzido pela <strong>TV Brasil<\/strong> em parceria com a <strong>Giros<\/strong>, o Samba na Gamboa tem dire\u00e7\u00e3o geral de Belis\u00e1rio Fran\u00e7a. A banda que acompanha Diogo Nogueira no programa \u00e9 formada por Alceu Maia (produ\u00e7\u00e3o musical e cavaquinho), Cacau de Castro (surdo), Carlinhos de Castro (pandeiro), Daniel F\u00e9lix (percuss\u00e3o), Victor Neto (sopros) e Wallace Peres (viol\u00e3o sete cordas).<\/p>\n<p>Com janela semanal na programa\u00e7\u00e3o do canal p\u00fablico, aos domingos, ao meio-dia, o programa Samba na Gamboa tamb\u00e9m pode ser acompanhado sob demanda pelo app <strong>TV Brasil Play<\/strong>. As edi\u00e7\u00f5es da atra\u00e7\u00e3o ainda est\u00e3o no site e nas redes sociais da emissora.<\/p>\n<p><strong>Ao vivo e on demand<\/strong><\/p>\n<p>Acompanhe a programa\u00e7\u00e3o da <strong>TV Brasil<\/strong> pelo canal aberto, TV por assinatura e parab\u00f3lica. Sintonize: <a href=\"https:\/\/tvbrasil.ebc.com.br\/comosintonizar\">https:\/\/tvbrasil.ebc.com.br\/comosintonizar<\/a>.<\/p>\n<p>Seus programas favoritos est\u00e3o no <strong>TV Brasil Play<\/strong>, pelo site <a href=\"http:\/\/tvbrasilplay.com.br\">http:\/\/tvbrasilplay.com.br<\/a> ou por aplicativo no smartphone. O app pode ser baixado gratuitamente e est\u00e1 dispon\u00edvel para Android e iOS. Assista tamb\u00e9m pela WebTV: <a href=\"https:\/\/tvbrasil.ebc.com.br\/webtv\">https:\/\/tvbrasil.ebc.com.br\/webtv<\/a>.<\/p>\n<p><strong>Servi\u00e7o<\/strong><\/p>\n<p>Samba na Gamboa \u2013 domingo, dia 12\/2, \u00e0s meio-dia, na TV Brasil<\/p>\n<p>Facebook \u2013 <a href=\"https:\/\/www.facebook.com\/tvbrasil\">https:\/\/www.facebook.com\/tvbrasil<\/a><\/p>\n<p>Twitter \u2013 <a href=\"https:\/\/twitter.com\/TVBrasil\">https:\/\/twitter.com\/TVBrasil<\/a><\/p>\n<p>Instagram \u2013 <a href=\"https:\/\/www.instagram.com\/tvbrasil\">https:\/\/www.instagram.com\/tvbrasil<\/a><\/p>\n<p>YouTube \u2013 <a href=\"https:\/\/www.youtube.com\/tvbrasil\">https:\/\/www.youtube.com\/tvbrasil<\/a><\/p>\n<p>TikTok \u2013 <a href=\"https:\/\/www.tiktok.com\/@tvbrasil\">https:\/\/www.tiktok.com\/@tvbrasil<\/a><\/p>\n<p><iframe style=\"width: 100%; max-width: 660px; overflow: hidden; background: transparent;\" src=\"https:\/\/embed.podcasts.apple.com\/br\/podcast\/podcast-cidademarketing\/id1371923283\" height=\"450\" frameborder=\"0\" sandbox=\"allow-forms allow-popups allow-same-origin allow-scripts allow-storage-access-by-user-activation allow-top-navigation-by-user-activation\"><\/iframe><\/p>\n","protected":false},"excerpt":{"rendered":"<p>Para celebrar a vida e a obra do experiente sambista Martinho da Vila, bamba que comemora 85 anos neste domingo (12), a TV Brasil apresenta uma edi\u00e7\u00e3o especial do Samba na Gamboa com o veterano ao meio-dia. O homenageado festeja a trajet\u00f3ria e o legado art\u00edstico com sucessos do seu repert\u00f3rio em um animado encontro [&hellip;]<\/p>\n","protected":false},"author":1,"featured_media":43153,"comment_status":"open","ping_status":"open","sticky":false,"template":"","format":"standard","meta":{"tdm_status":"","tdm_grid_status":"","footnotes":""},"categories":[6],"tags":[65,33,28,4948,1806,380],"class_list":["post-43152","post","type-post","status-publish","format-standard","has-post-thumbnail","hentry","category-noticias","tag-campanha","tag-estrategia","tag-marketing","tag-martinho-da-vila","tag-samba","tag-tv-brasil"],"yoast_head":"<!-- This site is optimized with the Yoast SEO plugin v27.5 - https:\/\/yoast.com\/product\/yoast-seo-wordpress\/ -->\n<title>Martinho da Vila tem especial no programa Samba na Gamboa da TV Brasil - CidadeMarketing<\/title>\n<meta name=\"robots\" content=\"index, follow, max-snippet:-1, max-image-preview:large, max-video-preview:-1\" \/>\n<link rel=\"canonical\" href=\"https:\/\/www.cidademarketing.com.br\/marketing\/2023\/02\/09\/martinho-da-vila-tem-especial-no-programa-samba-na-gamboa-da-tv-brasil\/\" \/>\n<meta property=\"og:locale\" content=\"pt_BR\" \/>\n<meta property=\"og:type\" content=\"article\" \/>\n<meta property=\"og:title\" content=\"Martinho da Vila tem especial no programa Samba na Gamboa da TV Brasil - CidadeMarketing\" \/>\n<meta property=\"og:description\" content=\"Para celebrar a vida e a obra do experiente sambista Martinho da Vila, bamba que comemora 85 anos neste domingo (12), a TV Brasil apresenta uma edi\u00e7\u00e3o especial do Samba na Gamboa com o veterano ao meio-dia. O homenageado festeja a trajet\u00f3ria e o legado art\u00edstico com sucessos do seu repert\u00f3rio em um animado encontro [&hellip;]\" \/>\n<meta property=\"og:url\" content=\"https:\/\/www.cidademarketing.com.br\/marketing\/2023\/02\/09\/martinho-da-vila-tem-especial-no-programa-samba-na-gamboa-da-tv-brasil\/\" \/>\n<meta property=\"og:site_name\" content=\"CidadeMarketing\" \/>\n<meta property=\"article:publisher\" content=\"https:\/\/www.facebook.com\/portalcidademarketing\" \/>\n<meta property=\"article:author\" content=\"https:\/\/www.facebook.com\/thalesbrandao\" \/>\n<meta property=\"article:published_time\" content=\"2023-02-09T19:48:02+00:00\" \/>\n<meta property=\"og:image\" content=\"https:\/\/www.cidademarketing.com.br\/marketing\/wp-content\/uploads\/2023\/02\/Samba_na_Gamboa_Martinho_da_Vila_e_Diogo_Nogueira_Credito_Kamyla_Abreu_TV_Brasil.jpg\" \/>\n\t<meta property=\"og:image:width\" content=\"1283\" \/>\n\t<meta property=\"og:image:height\" content=\"856\" \/>\n\t<meta property=\"og:image:type\" content=\"image\/jpeg\" \/>\n<meta name=\"author\" content=\"Thales Brand\u00e3o\" \/>\n<meta name=\"twitter:card\" content=\"summary_large_image\" \/>\n<meta name=\"twitter:creator\" content=\"@http:\/\/www.twitter.com\/thalesbrandao\" \/>\n<meta name=\"twitter:site\" content=\"@CidadeMarketing\" \/>\n<meta name=\"twitter:label1\" content=\"Escrito por\" \/>\n\t<meta name=\"twitter:data1\" content=\"Thales Brand\u00e3o\" \/>\n\t<meta name=\"twitter:label2\" content=\"Est. tempo de leitura\" \/>\n\t<meta name=\"twitter:data2\" content=\"3 minutos\" \/>\n<script type=\"application\/ld+json\" class=\"yoast-schema-graph\">{\"@context\":\"https:\\\/\\\/schema.org\",\"@graph\":[{\"@type\":\"Article\",\"@id\":\"https:\\\/\\\/www.cidademarketing.com.br\\\/marketing\\\/2023\\\/02\\\/09\\\/martinho-da-vila-tem-especial-no-programa-samba-na-gamboa-da-tv-brasil\\\/#article\",\"isPartOf\":{\"@id\":\"https:\\\/\\\/www.cidademarketing.com.br\\\/marketing\\\/2023\\\/02\\\/09\\\/martinho-da-vila-tem-especial-no-programa-samba-na-gamboa-da-tv-brasil\\\/\"},\"author\":{\"name\":\"Thales Brand\u00e3o\",\"@id\":\"https:\\\/\\\/www.cidademarketing.com.br\\\/marketing\\\/#\\\/schema\\\/person\\\/02daff9f18bd9378c9e01eb6b2db155f\"},\"headline\":\"Martinho da Vila tem especial no programa Samba na Gamboa da TV Brasil\",\"datePublished\":\"2023-02-09T19:48:02+00:00\",\"mainEntityOfPage\":{\"@id\":\"https:\\\/\\\/www.cidademarketing.com.br\\\/marketing\\\/2023\\\/02\\\/09\\\/martinho-da-vila-tem-especial-no-programa-samba-na-gamboa-da-tv-brasil\\\/\"},\"wordCount\":647,\"commentCount\":0,\"publisher\":{\"@id\":\"https:\\\/\\\/www.cidademarketing.com.br\\\/marketing\\\/#organization\"},\"image\":{\"@id\":\"https:\\\/\\\/www.cidademarketing.com.br\\\/marketing\\\/2023\\\/02\\\/09\\\/martinho-da-vila-tem-especial-no-programa-samba-na-gamboa-da-tv-brasil\\\/#primaryimage\"},\"thumbnailUrl\":\"https:\\\/\\\/www.cidademarketing.com.br\\\/marketing\\\/wp-content\\\/uploads\\\/2023\\\/02\\\/Samba_na_Gamboa_Martinho_da_Vila_e_Diogo_Nogueira_Credito_Kamyla_Abreu_TV_Brasil.jpg\",\"keywords\":[\"campanha\",\"estrat\u00e9gia\",\"marketing\",\"Martinho da Vila\",\"samba\",\"TV Brasil\"],\"articleSection\":[\"Not\u00edcias\"],\"inLanguage\":\"pt-BR\",\"potentialAction\":[{\"@type\":\"CommentAction\",\"name\":\"Comment\",\"target\":[\"https:\\\/\\\/www.cidademarketing.com.br\\\/marketing\\\/2023\\\/02\\\/09\\\/martinho-da-vila-tem-especial-no-programa-samba-na-gamboa-da-tv-brasil\\\/#respond\"]}]},{\"@type\":\"WebPage\",\"@id\":\"https:\\\/\\\/www.cidademarketing.com.br\\\/marketing\\\/2023\\\/02\\\/09\\\/martinho-da-vila-tem-especial-no-programa-samba-na-gamboa-da-tv-brasil\\\/\",\"url\":\"https:\\\/\\\/www.cidademarketing.com.br\\\/marketing\\\/2023\\\/02\\\/09\\\/martinho-da-vila-tem-especial-no-programa-samba-na-gamboa-da-tv-brasil\\\/\",\"name\":\"Martinho da Vila tem especial no programa Samba na Gamboa da TV Brasil - CidadeMarketing\",\"isPartOf\":{\"@id\":\"https:\\\/\\\/www.cidademarketing.com.br\\\/marketing\\\/#website\"},\"primaryImageOfPage\":{\"@id\":\"https:\\\/\\\/www.cidademarketing.com.br\\\/marketing\\\/2023\\\/02\\\/09\\\/martinho-da-vila-tem-especial-no-programa-samba-na-gamboa-da-tv-brasil\\\/#primaryimage\"},\"image\":{\"@id\":\"https:\\\/\\\/www.cidademarketing.com.br\\\/marketing\\\/2023\\\/02\\\/09\\\/martinho-da-vila-tem-especial-no-programa-samba-na-gamboa-da-tv-brasil\\\/#primaryimage\"},\"thumbnailUrl\":\"https:\\\/\\\/www.cidademarketing.com.br\\\/marketing\\\/wp-content\\\/uploads\\\/2023\\\/02\\\/Samba_na_Gamboa_Martinho_da_Vila_e_Diogo_Nogueira_Credito_Kamyla_Abreu_TV_Brasil.jpg\",\"datePublished\":\"2023-02-09T19:48:02+00:00\",\"breadcrumb\":{\"@id\":\"https:\\\/\\\/www.cidademarketing.com.br\\\/marketing\\\/2023\\\/02\\\/09\\\/martinho-da-vila-tem-especial-no-programa-samba-na-gamboa-da-tv-brasil\\\/#breadcrumb\"},\"inLanguage\":\"pt-BR\",\"potentialAction\":[{\"@type\":\"ReadAction\",\"target\":[\"https:\\\/\\\/www.cidademarketing.com.br\\\/marketing\\\/2023\\\/02\\\/09\\\/martinho-da-vila-tem-especial-no-programa-samba-na-gamboa-da-tv-brasil\\\/\"]}]},{\"@type\":\"ImageObject\",\"inLanguage\":\"pt-BR\",\"@id\":\"https:\\\/\\\/www.cidademarketing.com.br\\\/marketing\\\/2023\\\/02\\\/09\\\/martinho-da-vila-tem-especial-no-programa-samba-na-gamboa-da-tv-brasil\\\/#primaryimage\",\"url\":\"https:\\\/\\\/www.cidademarketing.com.br\\\/marketing\\\/wp-content\\\/uploads\\\/2023\\\/02\\\/Samba_na_Gamboa_Martinho_da_Vila_e_Diogo_Nogueira_Credito_Kamyla_Abreu_TV_Brasil.jpg\",\"contentUrl\":\"https:\\\/\\\/www.cidademarketing.com.br\\\/marketing\\\/wp-content\\\/uploads\\\/2023\\\/02\\\/Samba_na_Gamboa_Martinho_da_Vila_e_Diogo_Nogueira_Credito_Kamyla_Abreu_TV_Brasil.jpg\",\"width\":1283,\"height\":856,\"caption\":\"Cr\u00e9dito: Kamyla Abreu \\\/ TV Brasil\"},{\"@type\":\"BreadcrumbList\",\"@id\":\"https:\\\/\\\/www.cidademarketing.com.br\\\/marketing\\\/2023\\\/02\\\/09\\\/martinho-da-vila-tem-especial-no-programa-samba-na-gamboa-da-tv-brasil\\\/#breadcrumb\",\"itemListElement\":[{\"@type\":\"ListItem\",\"position\":1,\"name\":\"In\u00edcio\",\"item\":\"https:\\\/\\\/www.cidademarketing.com.br\\\/marketing\\\/\"},{\"@type\":\"ListItem\",\"position\":2,\"name\":\"Martinho da Vila tem especial no programa Samba na Gamboa da TV Brasil\"}]},{\"@type\":\"WebSite\",\"@id\":\"https:\\\/\\\/www.cidademarketing.com.br\\\/marketing\\\/#website\",\"url\":\"https:\\\/\\\/www.cidademarketing.com.br\\\/marketing\\\/\",\"name\":\"CidadeMarketing\",\"description\":\"Somos um ve\u00edculo de comunica\u00e7\u00e3o de destaque no Brasil, reconhecido por conte\u00fados nos segmentos de marketing, empreendedorismo e inova\u00e7\u00e3o.\",\"publisher\":{\"@id\":\"https:\\\/\\\/www.cidademarketing.com.br\\\/marketing\\\/#organization\"},\"alternateName\":\"CidadeMarketing\",\"potentialAction\":[{\"@type\":\"SearchAction\",\"target\":{\"@type\":\"EntryPoint\",\"urlTemplate\":\"https:\\\/\\\/www.cidademarketing.com.br\\\/marketing\\\/?s={search_term_string}\"},\"query-input\":{\"@type\":\"PropertyValueSpecification\",\"valueRequired\":true,\"valueName\":\"search_term_string\"}}],\"inLanguage\":\"pt-BR\"},{\"@type\":\"Organization\",\"@id\":\"https:\\\/\\\/www.cidademarketing.com.br\\\/marketing\\\/#organization\",\"name\":\"CidadeMarketing\",\"alternateName\":\"CidadeMarketing\",\"url\":\"https:\\\/\\\/www.cidademarketing.com.br\\\/marketing\\\/\",\"logo\":{\"@type\":\"ImageObject\",\"inLanguage\":\"pt-BR\",\"@id\":\"https:\\\/\\\/www.cidademarketing.com.br\\\/marketing\\\/#\\\/schema\\\/logo\\\/image\\\/\",\"url\":\"https:\\\/\\\/www.cidademarketing.com.br\\\/marketing\\\/wp-content\\\/uploads\\\/2020\\\/01\\\/cidademarketing_marca_mobile.png\",\"contentUrl\":\"https:\\\/\\\/www.cidademarketing.com.br\\\/marketing\\\/wp-content\\\/uploads\\\/2020\\\/01\\\/cidademarketing_marca_mobile.png\",\"width\":230,\"height\":92,\"caption\":\"CidadeMarketing\"},\"image\":{\"@id\":\"https:\\\/\\\/www.cidademarketing.com.br\\\/marketing\\\/#\\\/schema\\\/logo\\\/image\\\/\"},\"sameAs\":[\"https:\\\/\\\/www.facebook.com\\\/portalcidademarketing\",\"https:\\\/\\\/x.com\\\/CidadeMarketing\",\"https:\\\/\\\/www.instagram.com\\\/cidademarketing\\\/\"]},{\"@type\":\"Person\",\"@id\":\"https:\\\/\\\/www.cidademarketing.com.br\\\/marketing\\\/#\\\/schema\\\/person\\\/02daff9f18bd9378c9e01eb6b2db155f\",\"name\":\"Thales Brand\u00e3o\",\"image\":{\"@type\":\"ImageObject\",\"inLanguage\":\"pt-BR\",\"@id\":\"https:\\\/\\\/secure.gravatar.com\\\/avatar\\\/7ca3206950207cc3cb48feec56a8a7898741ab725c368d99d5d7a5a50aab80c6?s=96&d=mm&r=g\",\"url\":\"https:\\\/\\\/secure.gravatar.com\\\/avatar\\\/7ca3206950207cc3cb48feec56a8a7898741ab725c368d99d5d7a5a50aab80c6?s=96&d=mm&r=g\",\"contentUrl\":\"https:\\\/\\\/secure.gravatar.com\\\/avatar\\\/7ca3206950207cc3cb48feec56a8a7898741ab725c368d99d5d7a5a50aab80c6?s=96&d=mm&r=g\",\"caption\":\"Thales Brand\u00e3o\"},\"description\":\"Editor Executivo do Portal CidadeMarketing.com.br &gt; Mestre em Comunica\u00e7\u00e3o e Sociedade pela Universidade Federal de Sergipe. Possui MBA Executivo em Administra\u00e7\u00e3o com \u00eanfase em Marketing pela Funda\u00e7\u00e3o Get\u00falio Vargas - Rio de Janeiro. Consultor, Palestrante e Pesquisador sobre Empreendedorismo, Marketing, Redes Sociais e Neg\u00f3cios Digitais. Professor, Palestrante TedxTalks e Campus Party. Twitter: @ThalesBrandao\",\"sameAs\":[\"http:\\\/\\\/www.mandacaru.com.br\",\"https:\\\/\\\/www.facebook.com\\\/thalesbrandao\",\"http:\\\/\\\/www.instagram.com.br\\\/thalesbrandaoferreira\",\"https:\\\/\\\/www.linkedin.com\\\/in\\\/thales-brand\u00e3o-3948609\\\/\",\"https:\\\/\\\/x.com\\\/http:\\\/\\\/www.twitter.com\\\/thalesbrandao\"],\"url\":\"https:\\\/\\\/www.cidademarketing.com.br\\\/marketing\\\/author\\\/thalesbrandao\\\/\"}]}<\/script>\n<!-- \/ Yoast SEO plugin. -->","yoast_head_json":{"title":"Martinho da Vila tem especial no programa Samba na Gamboa da TV Brasil - CidadeMarketing","robots":{"index":"index","follow":"follow","max-snippet":"max-snippet:-1","max-image-preview":"max-image-preview:large","max-video-preview":"max-video-preview:-1"},"canonical":"https:\/\/www.cidademarketing.com.br\/marketing\/2023\/02\/09\/martinho-da-vila-tem-especial-no-programa-samba-na-gamboa-da-tv-brasil\/","og_locale":"pt_BR","og_type":"article","og_title":"Martinho da Vila tem especial no programa Samba na Gamboa da TV Brasil - CidadeMarketing","og_description":"Para celebrar a vida e a obra do experiente sambista Martinho da Vila, bamba que comemora 85 anos neste domingo (12), a TV Brasil apresenta uma edi\u00e7\u00e3o especial do Samba na Gamboa com o veterano ao meio-dia. O homenageado festeja a trajet\u00f3ria e o legado art\u00edstico com sucessos do seu repert\u00f3rio em um animado encontro [&hellip;]","og_url":"https:\/\/www.cidademarketing.com.br\/marketing\/2023\/02\/09\/martinho-da-vila-tem-especial-no-programa-samba-na-gamboa-da-tv-brasil\/","og_site_name":"CidadeMarketing","article_publisher":"https:\/\/www.facebook.com\/portalcidademarketing","article_author":"https:\/\/www.facebook.com\/thalesbrandao","article_published_time":"2023-02-09T19:48:02+00:00","og_image":[{"width":1283,"height":856,"url":"https:\/\/www.cidademarketing.com.br\/marketing\/wp-content\/uploads\/2023\/02\/Samba_na_Gamboa_Martinho_da_Vila_e_Diogo_Nogueira_Credito_Kamyla_Abreu_TV_Brasil.jpg","type":"image\/jpeg"}],"author":"Thales Brand\u00e3o","twitter_card":"summary_large_image","twitter_creator":"@http:\/\/www.twitter.com\/thalesbrandao","twitter_site":"@CidadeMarketing","twitter_misc":{"Escrito por":"Thales Brand\u00e3o","Est. tempo de leitura":"3 minutos"},"schema":{"@context":"https:\/\/schema.org","@graph":[{"@type":"Article","@id":"https:\/\/www.cidademarketing.com.br\/marketing\/2023\/02\/09\/martinho-da-vila-tem-especial-no-programa-samba-na-gamboa-da-tv-brasil\/#article","isPartOf":{"@id":"https:\/\/www.cidademarketing.com.br\/marketing\/2023\/02\/09\/martinho-da-vila-tem-especial-no-programa-samba-na-gamboa-da-tv-brasil\/"},"author":{"name":"Thales Brand\u00e3o","@id":"https:\/\/www.cidademarketing.com.br\/marketing\/#\/schema\/person\/02daff9f18bd9378c9e01eb6b2db155f"},"headline":"Martinho da Vila tem especial no programa Samba na Gamboa da TV Brasil","datePublished":"2023-02-09T19:48:02+00:00","mainEntityOfPage":{"@id":"https:\/\/www.cidademarketing.com.br\/marketing\/2023\/02\/09\/martinho-da-vila-tem-especial-no-programa-samba-na-gamboa-da-tv-brasil\/"},"wordCount":647,"commentCount":0,"publisher":{"@id":"https:\/\/www.cidademarketing.com.br\/marketing\/#organization"},"image":{"@id":"https:\/\/www.cidademarketing.com.br\/marketing\/2023\/02\/09\/martinho-da-vila-tem-especial-no-programa-samba-na-gamboa-da-tv-brasil\/#primaryimage"},"thumbnailUrl":"https:\/\/www.cidademarketing.com.br\/marketing\/wp-content\/uploads\/2023\/02\/Samba_na_Gamboa_Martinho_da_Vila_e_Diogo_Nogueira_Credito_Kamyla_Abreu_TV_Brasil.jpg","keywords":["campanha","estrat\u00e9gia","marketing","Martinho da Vila","samba","TV Brasil"],"articleSection":["Not\u00edcias"],"inLanguage":"pt-BR","potentialAction":[{"@type":"CommentAction","name":"Comment","target":["https:\/\/www.cidademarketing.com.br\/marketing\/2023\/02\/09\/martinho-da-vila-tem-especial-no-programa-samba-na-gamboa-da-tv-brasil\/#respond"]}]},{"@type":"WebPage","@id":"https:\/\/www.cidademarketing.com.br\/marketing\/2023\/02\/09\/martinho-da-vila-tem-especial-no-programa-samba-na-gamboa-da-tv-brasil\/","url":"https:\/\/www.cidademarketing.com.br\/marketing\/2023\/02\/09\/martinho-da-vila-tem-especial-no-programa-samba-na-gamboa-da-tv-brasil\/","name":"Martinho da Vila tem especial no programa Samba na Gamboa da TV Brasil - CidadeMarketing","isPartOf":{"@id":"https:\/\/www.cidademarketing.com.br\/marketing\/#website"},"primaryImageOfPage":{"@id":"https:\/\/www.cidademarketing.com.br\/marketing\/2023\/02\/09\/martinho-da-vila-tem-especial-no-programa-samba-na-gamboa-da-tv-brasil\/#primaryimage"},"image":{"@id":"https:\/\/www.cidademarketing.com.br\/marketing\/2023\/02\/09\/martinho-da-vila-tem-especial-no-programa-samba-na-gamboa-da-tv-brasil\/#primaryimage"},"thumbnailUrl":"https:\/\/www.cidademarketing.com.br\/marketing\/wp-content\/uploads\/2023\/02\/Samba_na_Gamboa_Martinho_da_Vila_e_Diogo_Nogueira_Credito_Kamyla_Abreu_TV_Brasil.jpg","datePublished":"2023-02-09T19:48:02+00:00","breadcrumb":{"@id":"https:\/\/www.cidademarketing.com.br\/marketing\/2023\/02\/09\/martinho-da-vila-tem-especial-no-programa-samba-na-gamboa-da-tv-brasil\/#breadcrumb"},"inLanguage":"pt-BR","potentialAction":[{"@type":"ReadAction","target":["https:\/\/www.cidademarketing.com.br\/marketing\/2023\/02\/09\/martinho-da-vila-tem-especial-no-programa-samba-na-gamboa-da-tv-brasil\/"]}]},{"@type":"ImageObject","inLanguage":"pt-BR","@id":"https:\/\/www.cidademarketing.com.br\/marketing\/2023\/02\/09\/martinho-da-vila-tem-especial-no-programa-samba-na-gamboa-da-tv-brasil\/#primaryimage","url":"https:\/\/www.cidademarketing.com.br\/marketing\/wp-content\/uploads\/2023\/02\/Samba_na_Gamboa_Martinho_da_Vila_e_Diogo_Nogueira_Credito_Kamyla_Abreu_TV_Brasil.jpg","contentUrl":"https:\/\/www.cidademarketing.com.br\/marketing\/wp-content\/uploads\/2023\/02\/Samba_na_Gamboa_Martinho_da_Vila_e_Diogo_Nogueira_Credito_Kamyla_Abreu_TV_Brasil.jpg","width":1283,"height":856,"caption":"Cr\u00e9dito: Kamyla Abreu \/ TV Brasil"},{"@type":"BreadcrumbList","@id":"https:\/\/www.cidademarketing.com.br\/marketing\/2023\/02\/09\/martinho-da-vila-tem-especial-no-programa-samba-na-gamboa-da-tv-brasil\/#breadcrumb","itemListElement":[{"@type":"ListItem","position":1,"name":"In\u00edcio","item":"https:\/\/www.cidademarketing.com.br\/marketing\/"},{"@type":"ListItem","position":2,"name":"Martinho da Vila tem especial no programa Samba na Gamboa da TV Brasil"}]},{"@type":"WebSite","@id":"https:\/\/www.cidademarketing.com.br\/marketing\/#website","url":"https:\/\/www.cidademarketing.com.br\/marketing\/","name":"CidadeMarketing","description":"Somos um ve\u00edculo de comunica\u00e7\u00e3o de destaque no Brasil, reconhecido por conte\u00fados nos segmentos de marketing, empreendedorismo e inova\u00e7\u00e3o.","publisher":{"@id":"https:\/\/www.cidademarketing.com.br\/marketing\/#organization"},"alternateName":"CidadeMarketing","potentialAction":[{"@type":"SearchAction","target":{"@type":"EntryPoint","urlTemplate":"https:\/\/www.cidademarketing.com.br\/marketing\/?s={search_term_string}"},"query-input":{"@type":"PropertyValueSpecification","valueRequired":true,"valueName":"search_term_string"}}],"inLanguage":"pt-BR"},{"@type":"Organization","@id":"https:\/\/www.cidademarketing.com.br\/marketing\/#organization","name":"CidadeMarketing","alternateName":"CidadeMarketing","url":"https:\/\/www.cidademarketing.com.br\/marketing\/","logo":{"@type":"ImageObject","inLanguage":"pt-BR","@id":"https:\/\/www.cidademarketing.com.br\/marketing\/#\/schema\/logo\/image\/","url":"https:\/\/www.cidademarketing.com.br\/marketing\/wp-content\/uploads\/2020\/01\/cidademarketing_marca_mobile.png","contentUrl":"https:\/\/www.cidademarketing.com.br\/marketing\/wp-content\/uploads\/2020\/01\/cidademarketing_marca_mobile.png","width":230,"height":92,"caption":"CidadeMarketing"},"image":{"@id":"https:\/\/www.cidademarketing.com.br\/marketing\/#\/schema\/logo\/image\/"},"sameAs":["https:\/\/www.facebook.com\/portalcidademarketing","https:\/\/x.com\/CidadeMarketing","https:\/\/www.instagram.com\/cidademarketing\/"]},{"@type":"Person","@id":"https:\/\/www.cidademarketing.com.br\/marketing\/#\/schema\/person\/02daff9f18bd9378c9e01eb6b2db155f","name":"Thales Brand\u00e3o","image":{"@type":"ImageObject","inLanguage":"pt-BR","@id":"https:\/\/secure.gravatar.com\/avatar\/7ca3206950207cc3cb48feec56a8a7898741ab725c368d99d5d7a5a50aab80c6?s=96&d=mm&r=g","url":"https:\/\/secure.gravatar.com\/avatar\/7ca3206950207cc3cb48feec56a8a7898741ab725c368d99d5d7a5a50aab80c6?s=96&d=mm&r=g","contentUrl":"https:\/\/secure.gravatar.com\/avatar\/7ca3206950207cc3cb48feec56a8a7898741ab725c368d99d5d7a5a50aab80c6?s=96&d=mm&r=g","caption":"Thales Brand\u00e3o"},"description":"Editor Executivo do Portal CidadeMarketing.com.br &gt; Mestre em Comunica\u00e7\u00e3o e Sociedade pela Universidade Federal de Sergipe. Possui MBA Executivo em Administra\u00e7\u00e3o com \u00eanfase em Marketing pela Funda\u00e7\u00e3o Get\u00falio Vargas - Rio de Janeiro. Consultor, Palestrante e Pesquisador sobre Empreendedorismo, Marketing, Redes Sociais e Neg\u00f3cios Digitais. Professor, Palestrante TedxTalks e Campus Party. Twitter: @ThalesBrandao","sameAs":["http:\/\/www.mandacaru.com.br","https:\/\/www.facebook.com\/thalesbrandao","http:\/\/www.instagram.com.br\/thalesbrandaoferreira","https:\/\/www.linkedin.com\/in\/thales-brand\u00e3o-3948609\/","https:\/\/x.com\/http:\/\/www.twitter.com\/thalesbrandao"],"url":"https:\/\/www.cidademarketing.com.br\/marketing\/author\/thalesbrandao\/"}]}},"amp_enabled":true,"_links":{"self":[{"href":"https:\/\/www.cidademarketing.com.br\/marketing\/wp-json\/wp\/v2\/posts\/43152","targetHints":{"allow":["GET"]}}],"collection":[{"href":"https:\/\/www.cidademarketing.com.br\/marketing\/wp-json\/wp\/v2\/posts"}],"about":[{"href":"https:\/\/www.cidademarketing.com.br\/marketing\/wp-json\/wp\/v2\/types\/post"}],"author":[{"embeddable":true,"href":"https:\/\/www.cidademarketing.com.br\/marketing\/wp-json\/wp\/v2\/users\/1"}],"replies":[{"embeddable":true,"href":"https:\/\/www.cidademarketing.com.br\/marketing\/wp-json\/wp\/v2\/comments?post=43152"}],"version-history":[{"count":1,"href":"https:\/\/www.cidademarketing.com.br\/marketing\/wp-json\/wp\/v2\/posts\/43152\/revisions"}],"predecessor-version":[{"id":43154,"href":"https:\/\/www.cidademarketing.com.br\/marketing\/wp-json\/wp\/v2\/posts\/43152\/revisions\/43154"}],"wp:featuredmedia":[{"embeddable":true,"href":"https:\/\/www.cidademarketing.com.br\/marketing\/wp-json\/wp\/v2\/media\/43153"}],"wp:attachment":[{"href":"https:\/\/www.cidademarketing.com.br\/marketing\/wp-json\/wp\/v2\/media?parent=43152"}],"wp:term":[{"taxonomy":"category","embeddable":true,"href":"https:\/\/www.cidademarketing.com.br\/marketing\/wp-json\/wp\/v2\/categories?post=43152"},{"taxonomy":"post_tag","embeddable":true,"href":"https:\/\/www.cidademarketing.com.br\/marketing\/wp-json\/wp\/v2\/tags?post=43152"}],"curies":[{"name":"wp","href":"https:\/\/api.w.org\/{rel}","templated":true}]}}