{"id":4305,"date":"2018-12-21T22:21:36","date_gmt":"2018-12-22T00:21:36","guid":{"rendered":"http:\/\/www.cidademarketing.com.br\/marketing\/?p=4305"},"modified":"2018-12-21T22:21:39","modified_gmt":"2018-12-22T00:21:39","slug":"tv-brasil-traz-ivan-lins-elba-ramalho-martinho-da-vila-e-desenhos-infantis-para-programacao-especial-de-natal","status":"publish","type":"post","link":"https:\/\/www.cidademarketing.com.br\/marketing\/2018\/12\/21\/tv-brasil-traz-ivan-lins-elba-ramalho-martinho-da-vila-e-desenhos-infantis-para-programacao-especial-de-natal\/","title":{"rendered":"TV Brasil traz Ivan Lins, Elba Ramalho, Martinho da Vila e desenhos infantis para programa\u00e7\u00e3o especial de Natal"},"content":{"rendered":"\n<p>Maratona de s\u00e9ries e desenhos infantis combinados com produ\u00e7\u00f5es musicais exclusivas embalam a programa\u00e7\u00e3o especial que a TV Brasil apresenta no per\u00edodo de Natal, nesta segunda e ter\u00e7a, dias 24 e 25 de dezembro.<\/p>\n\n\n\n<p>A emissora p\u00fablica traz grandes espet\u00e1culos com Lenine e Orquestra Petrobras Sinf\u00f4nica, o especial Natal na Rua com Canarinhos de Petr\u00f3polis e Bloody Mary, Bia Bedran, Ivan Lins, Elba Ramalho e Martinho da Vila.<\/p>\n\n\n\n<p>J\u00e1 para as crian\u00e7as, o destaque fica por conta da pr\u00e9-estreia da terceira temporada da s\u00e9rie Gaby Estrella. A canal exibe, ainda, maratonas de s\u00e9ries e desenhos como O Show da Luna!, Meu Amig\u00e3oz\u00e3o, O Di\u00e1rio de Mika, A Grande Viagem e Igarap\u00e9 M\u00e1gico.<\/p>\n\n\n\n<p><strong>Espet\u00e1culo &#8220;O Natal da Branca de Neve&#8221;<\/strong><\/p>\n\n\n\n<p>No dia 24, a partir das 6h, a garotada tem divers\u00e3o garantida com as maratonas de atra\u00e7\u00f5es que fazem sucesso entre os pequenos como Igarap\u00e9 M\u00e1gico (6h), O Show da Luna (7h) e Meu Amig\u00e3oz\u00e3o com epis\u00f3dios natalinos (8h).<\/p>\n\n\n\n<p>\u00c0 tarde, \u00e0s 17h30, o especial &#8220;O Natal da Branca de Neve&#8221; promete encantar o p\u00fablico infantil ao combinar espet\u00e1culo teatral musicado e contos de fada. Na trama, Branca de Neve e o Pr\u00edncipe se preparam para o primeiro Natal juntos quando se envolvem em uma armadilha da Rainha M\u00e1. Bela Adormecida, Cinderela e Papai Noel ajudam a dar um final feliz \u00e0 hist\u00f3ria.<\/p>\n\n\n\n<p>Em seguida, \u00e0s 18h30, a emissora p\u00fablica estreia os nove filmes de curta-metragem que conquistaram o &#8220;Pr\u00eamio Exibi\u00e7\u00e3o TV Brasil&#8221;. O reconhecimento foi concedido pelo canal aos tr\u00eas primeiros classificados no \u00faltimo Festival Internacional de Cinema Infantil nas categorias hist\u00f3rias animadas (live action), hist\u00f3rias curtas e mostra teen.<\/p>\n\n\n\n<p>Mais tarde, ao vivo, \u00e0s 20h30, a TV Brasil apresenta a Missa do Galo celebrada na Capela das Apari\u00e7\u00f5es, no Rio de Janeiro.<\/p>\n\n\n\n<p><strong>Cl\u00e1ssicos natalinos em vers\u00e3o pop rock<\/strong><\/p>\n\n\n\n<p>J\u00e1 \u00e0s 22h, o especial &#8220;Natal de Rua&#8221; mostra o recital dos corais &#8220;Canarinhos de Petr\u00f3polis&#8221;, &#8220;Meninas dos Canarinhos&#8221; e &#8220;Aprendizes dos Canarinhos&#8221;. Os grupos executam um repert\u00f3rio que vai da m\u00fasica sacra at\u00e9 a folcl\u00f3rica e popular. As apresenta\u00e7\u00f5es foram gravadas com exclusividade pela emissora p\u00fablica em frente \u00e0 fachada do Teatro Municipal Jo\u00e3o Caetano, em Niter\u00f3i.<\/p>\n\n\n\n<p>Logo depois, \u00e0s 23h, a festa continua com o animado show do grupo niteroiense Bloody Mary. A banda preparou uma sele\u00e7\u00e3o especial de m\u00fasicas natalinas para a ocasi\u00e3o. Com uma pegada pop rock, o conjunto interpreta vers\u00f5es de &#8220;Jingle Bell&#8221;, &#8220;Jingle Bell Rock&#8221;, &#8220;Halleluya&#8221;, &#8220;X-Mas&#8221; (John Lennon) e &#8220;Silent Night&#8221;.<\/p>\n\n\n\n<p>O tradicional espet\u00e1culo &#8220;O Quebra-Nozes&#8221; \u00e9 a atra\u00e7\u00e3o das 23h30 com performance da Companhia Brasileira de Ballet. Considerado um dos musicais mais encenados do mundo, o cl\u00e1ssico \u00e9 fruto do encontro do c\u00e9lebre conto de Alexandre Dumas com a m\u00fasica de Tchaikovsky.<\/p>\n\n\n\n<p><strong>Ivan Lins traz sucessos da carreira<\/strong><\/p>\n\n\n\n<p>J\u00e1 \u00e0 1h da manh\u00e3, o programa Todas as Bossas exibe um show exclusivo de Ivan Lins com Gilson Peranzzetta. A apresenta\u00e7\u00e3o re\u00fane sucessos do repert\u00f3rio do cantor como &#8220;Vitoriosa&#8221;, &#8220;Lembra de mim&#8221; e &#8220;Madalena&#8221;. Idealizado em formato intimista, o espet\u00e1culo celebra m\u00fasica e amizade.<\/p>\n\n\n\n<p>Essa edi\u00e7\u00e3o especial mostra o encontro hist\u00f3rico dos artistas no est\u00fadio da TV Brasil, no Rio de Janeiro. A parceria emblem\u00e1tica, uma das mais expressivas e produtivas da hist\u00f3ria da MPB, come\u00e7ou em 1974 e continua viva, din\u00e2mica e produtiva at\u00e9 hoje. No palco, apenas Ivan Lins no teclado e voz e Gilson Peranzzetta no piano e arranjos.<\/p>\n\n\n\n<p>\u00c0s 2h, o ator e cantor Fabiano Medeiros traz ao Cena Musical o show &#8220;Tropic\u00e1lia \u00e9 Preciso!&#8221;, espet\u00e1culo que tem dez anos de estrada e celebra os 50 anos do movimento que revolucionou a m\u00fasica brasileira.<\/p>\n\n\n\n<p>O artista inclui no repert\u00f3rio do show gravado no Espa\u00e7o Cultural do BNDES can\u00e7\u00f5es da \u00e9poca e outras, mais recentes, influenciadas pelo tropicalismo. A apresenta\u00e7\u00e3o faz uma releitura surpreendente com as participa\u00e7\u00f5es especiais de Simone Mazzer e Em\u00edlio Dantas.<\/p>\n\n\n\n<p><strong>Maratonas infantis do dia 25<\/strong><\/p>\n\n\n\n<p>A programa\u00e7\u00e3o para a crian\u00e7ada no dia 25 de dezembro come\u00e7a cedo, a partir das 6h, com maratona das produ\u00e7\u00f5es que a turminha mais gosta de assistir. A sess\u00e3o especial da TV Brasil Animada traz O Di\u00e1rio de Mika (6h), Bela Criativa (7h), &#8220;Natal de Rua&#8221; com os corais &#8220;Canarinhos de Petr\u00f3polis&#8221;, &#8220;Meninas dos Canarinhos&#8221; e &#8220;Aprendizes dos Canarinhos&#8221; (7h30) e Osmar \u2013 a primeira fatia do p\u00e3o de forma (8h30).<\/p>\n\n\n\n<p>Os sucessos da cantora e compositora Bia Bedran ganham as telas da emissora p\u00fablica \u00e0s 17h30. Logo depois, \u00e0s 17h45, o p\u00fablico pode conferir uma maratona de epis\u00f3dios da s\u00e9rie A Grande Viagem que concorreu ao Emmy Kids Awards. A obra \u00e9 um dos \u00faltimos trabalhos do ator Umberto Magnani.<\/p>\n\n\n\n<p><strong>Gaby Estrella tem pr\u00e9-estreia da terceira temporada<\/strong><\/p>\n\n\n\n<p>\u00c0 noite, \u00e0s 20h30, a TV Brasil faz a pr\u00e9-estreia da nova fase da s\u00e9rie Gaby Estrella com tr\u00eas epis\u00f3dios em sequ\u00eancia da terceira temporada. A partir de 26 de dezembro, o programa passa a ser exibido de segunda a sexta, \u00e0s 21h15 na faixa &#8220;Ver\u00e3o TV Brasil Animada&#8221;. <\/p>\n\n\n\n<p>A novelinha infantil retorna com novos cen\u00e1rios e personagens em 30 epis\u00f3dios de 26 minutos.  O ator Andr\u00e9 Gon\u00e7alves interpreta o personagem R\u00e9gis Falc\u00e3o, apresentador do reality show &#8220;Canta\u00ed&#8221;.<\/p>\n\n\n\n<p>A protagonista Gaby (Mait\u00ea Padilha) participa do concurso musical que re\u00fane outros jovens talentos que concorrem ao pr\u00eamio de melhor cantor. Depois de ficar famosa no programa, a adolescente precisa aprender a lidar com o status de celebridade e com as novas responsabilidades de ser uma estrela.<\/p>\n\n\n\n<p><strong>Lenine e Orquestra Petrobras Sinf\u00f4nica<\/strong><\/p>\n\n\n\n<p>A Orquestra Petrobras Sinf\u00f4nica faz um concerto especial com participa\u00e7\u00e3o do cantor Lenine \u00e0s 22h. A TV Brasil apresenta esse encontro in\u00e9dito entre o artista pernambucano e orquestra com reg\u00eancia de Isaac Karabtchevsky.<\/p>\n\n\n\n<p>O repert\u00f3rio contempla os principais sucessos da carreira do cantor e compositor. O show traz interpreta\u00e7\u00f5es originais para m\u00fasicas como &#8220;Paci\u00eancia&#8221;, &#8220;Do it&#8221;, &#8220;Hoje eu quero sair s\u00f3&#8221; e &#8220;Jack soul brasileiro&#8221;.<\/p>\n\n\n\n<p>Em seguida, \u00e0s 23h, a emissora p\u00fablica exibe o especial Caixa de Natal TVU Recife em comemora\u00e7\u00e3o aos 50 anos do canal. Crian\u00e7as e jovens do Coral do Movimento Pr\u00f3-Crian\u00e7a protagonizam a cantata natalina ao lado de convidados especiais como Elba Ramalho e o guitarrista Paulo Rafael.<\/p>\n\n\n\n<p>Com dura\u00e7\u00e3o de uma hora e trinta minutos, o espet\u00e1culo emociona com cl\u00e1ssicos natalinos, hits inesquec\u00edveis, can\u00e7\u00f5es s\u00edmbolos da cultura Nordestina, al\u00e9m de sucessos consagrados na voz da diva Elba Ramalho.<\/p>\n\n\n\n<p><strong>Martinho da Vila e Folia de Reis<\/strong><\/p>\n\n\n\n<p>J\u00e1 \u00e0 0h30, o espet\u00e1culo da banda Bloody Mary com cl\u00e1ssicos natalinos em ritmo de pop rock ganha nova janela.<\/p>\n\n\n\n<p>O bamba Martinho da Vila anima o p\u00fablico do Todas as Bossas \u00e0 1h com sucessos do seu vasto repert\u00f3rio como &#8220;Casa de Bamba&#8221;, &#8220;Canta, Canta Minha Gente&#8221;, &#8220;Quem \u00e9 do Mar&#8221; entre outras can\u00e7\u00f5es que marcaram sua carreira.<\/p>\n\n\n\n<p>O programa apresenta com exclusividade o show intimista &#8220;Martinho da Vila, Viol\u00e3o e Cavaco&#8221;, espet\u00e1culo que faz parte do projeto &#8220;Cl\u00e1ssicos do Samba&#8221;, gravado no Teatro Municipal Jo\u00e3o Caetano, em Niter\u00f3i.<\/p>\n\n\n\n<p>Logo ap\u00f3s, \u00e0s 2h, o document\u00e1rio &#8220;Folia de Reis&#8221; levanta aspectos como promessa, devo\u00e7\u00e3o, f\u00e9, tradi\u00e7\u00e3o e legado dessa celebra\u00e7\u00e3o da cultura popular. A produ\u00e7\u00e3o da pr\u00f3pria emissora p\u00fablica revela os bastidores desse festejo e combina dan\u00e7a \u00e0s entrevistas com pesquisadores e devotos.<\/p>\n\n\n\n<p>Programa\u00e7\u00e3o de Natal da TV Brasil<\/p>\n\n\n\n<p>Segunda-feira, 24 de dezembro<br>\n06h00 Maratona Igarap\u00e9 M\u00e1gico<br>\n07h00 Maratona O Show da Luna!<br>\n08h00 Maratona Meu Amig\u00e3oz\u00e3o \u2013 epis\u00f3dios natalinos<br>\n17h30 M\u00fasica Animada \u2013 Natal da Branca de Neve<br>\n18h30 Sess\u00e3o Cine FICI \u2013 Festival Internacional de Cinema Infantil<br>\n20h30 Missa do Galo \u2013 Capela das Apari\u00e7\u00f5es<br>\n22h00 Natal na Rua \u2013 Canarinhos de Petr\u00f3polis, Meninas dos Canarinhos e Aprendizes dos Canarinhos<br>\n23h00 Natal na Rua \u2013 Bloody Mary<br>\n23h30 Bal\u00e9 &#8220;O Quebra-Nozes&#8221;<br>\n01h00 Todas as Bossas \u2013 Ivan Lins<br>\n02h00 Cena Musical \u2013 Fabiano Medeiros<\/p>\n\n\n\n<p>Ter\u00e7a-feira, 25 de dezembro<br>\n06h00 Maratona O Di\u00e1rio de Mika<br>\n07h00 Bela Criativa<br>\n07h30 Natal na Rua \u2013 Canarinhos de Petr\u00f3polis, Meninas dos Canarinhos e Aprendizes dos Canarinhos<br>\n08h30 Maratona Osmar \u2013 a primeira fatia do p\u00e3o de forma<br>\n17h30 M\u00fasica Animada \u2013 Bia Bedran<br>\n17h45 Maratona A Grande Viagem<br>\n20h30 Pr\u00e9-estreia \u2013 Gaby Estrella \u2013 Terceira temporada<br>\n22h00 Lenine e Orquestra Petrobras Sinf\u00f4nica<br>\n23h00 Especial Caixa de Natal TVU Recife<br>\n00h30 Natal na Rua \u2013 Bloody Mary<br>\n01h00 Todas as Bossas \u2013 Martinho da Vila<br>\n02h00 DOC Especial \u2013 Folia de Reis<\/p>\n","protected":false},"excerpt":{"rendered":"<p>Maratona de s\u00e9ries e desenhos infantis combinados com produ\u00e7\u00f5es musicais exclusivas embalam a programa\u00e7\u00e3o especial que a TV Brasil apresenta no per\u00edodo de Natal, nesta segunda e ter\u00e7a, dias 24 e 25 de dezembro. A emissora p\u00fablica traz grandes espet\u00e1culos com Lenine e Orquestra Petrobras Sinf\u00f4nica, o especial Natal na Rua com Canarinhos de Petr\u00f3polis [&hellip;]<\/p>\n","protected":false},"author":1,"featured_media":4306,"comment_status":"open","ping_status":"open","sticky":false,"template":"","format":"standard","meta":{"tdm_status":"","tdm_grid_status":"","footnotes":""},"categories":[6],"tags":[669],"class_list":["post-4305","post","type-post","status-publish","format-standard","has-post-thumbnail","hentry","category-noticias","tag-natal"],"yoast_head":"<!-- This site is optimized with the Yoast SEO plugin v27.5 - https:\/\/yoast.com\/product\/yoast-seo-wordpress\/ -->\n<title>TV Brasil traz Ivan Lins, Elba Ramalho, Martinho da Vila e desenhos infantis para programa\u00e7\u00e3o especial de Natal - CidadeMarketing<\/title>\n<meta name=\"robots\" content=\"index, follow, max-snippet:-1, max-image-preview:large, max-video-preview:-1\" \/>\n<link rel=\"canonical\" href=\"https:\/\/www.cidademarketing.com.br\/marketing\/2018\/12\/21\/tv-brasil-traz-ivan-lins-elba-ramalho-martinho-da-vila-e-desenhos-infantis-para-programacao-especial-de-natal\/\" \/>\n<meta property=\"og:locale\" content=\"pt_BR\" \/>\n<meta property=\"og:type\" content=\"article\" \/>\n<meta property=\"og:title\" content=\"TV Brasil traz Ivan Lins, Elba Ramalho, Martinho da Vila e desenhos infantis para programa\u00e7\u00e3o especial de Natal - CidadeMarketing\" \/>\n<meta property=\"og:description\" content=\"Maratona de s\u00e9ries e desenhos infantis combinados com produ\u00e7\u00f5es musicais exclusivas embalam a programa\u00e7\u00e3o especial que a TV Brasil apresenta no per\u00edodo de Natal, nesta segunda e ter\u00e7a, dias 24 e 25 de dezembro. A emissora p\u00fablica traz grandes espet\u00e1culos com Lenine e Orquestra Petrobras Sinf\u00f4nica, o especial Natal na Rua com Canarinhos de Petr\u00f3polis [&hellip;]\" \/>\n<meta property=\"og:url\" content=\"https:\/\/www.cidademarketing.com.br\/marketing\/2018\/12\/21\/tv-brasil-traz-ivan-lins-elba-ramalho-martinho-da-vila-e-desenhos-infantis-para-programacao-especial-de-natal\/\" \/>\n<meta property=\"og:site_name\" content=\"CidadeMarketing\" \/>\n<meta property=\"article:publisher\" content=\"https:\/\/www.facebook.com\/portalcidademarketing\" \/>\n<meta property=\"article:author\" content=\"https:\/\/www.facebook.com\/thalesbrandao\" \/>\n<meta property=\"article:published_time\" content=\"2018-12-22T00:21:36+00:00\" \/>\n<meta property=\"article:modified_time\" content=\"2018-12-22T00:21:39+00:00\" \/>\n<meta property=\"og:image\" content=\"https:\/\/www.cidademarketing.com.br\/marketing\/wp-content\/uploads\/2018\/12\/natal_tvbrasil.jpg\" \/>\n\t<meta property=\"og:image:width\" content=\"1573\" \/>\n\t<meta property=\"og:image:height\" content=\"844\" \/>\n\t<meta property=\"og:image:type\" content=\"image\/jpeg\" \/>\n<meta name=\"author\" content=\"Thales Brand\u00e3o\" \/>\n<meta name=\"twitter:card\" content=\"summary_large_image\" \/>\n<meta name=\"twitter:creator\" content=\"@http:\/\/www.twitter.com\/thalesbrandao\" \/>\n<meta name=\"twitter:site\" content=\"@CidadeMarketing\" \/>\n<meta name=\"twitter:label1\" content=\"Escrito por\" \/>\n\t<meta name=\"twitter:data1\" content=\"Thales Brand\u00e3o\" \/>\n\t<meta name=\"twitter:label2\" content=\"Est. tempo de leitura\" \/>\n\t<meta name=\"twitter:data2\" content=\"7 minutos\" \/>\n<script type=\"application\/ld+json\" class=\"yoast-schema-graph\">{\"@context\":\"https:\\\/\\\/schema.org\",\"@graph\":[{\"@type\":\"Article\",\"@id\":\"https:\\\/\\\/www.cidademarketing.com.br\\\/marketing\\\/2018\\\/12\\\/21\\\/tv-brasil-traz-ivan-lins-elba-ramalho-martinho-da-vila-e-desenhos-infantis-para-programacao-especial-de-natal\\\/#article\",\"isPartOf\":{\"@id\":\"https:\\\/\\\/www.cidademarketing.com.br\\\/marketing\\\/2018\\\/12\\\/21\\\/tv-brasil-traz-ivan-lins-elba-ramalho-martinho-da-vila-e-desenhos-infantis-para-programacao-especial-de-natal\\\/\"},\"author\":{\"name\":\"Thales Brand\u00e3o\",\"@id\":\"https:\\\/\\\/www.cidademarketing.com.br\\\/marketing\\\/#\\\/schema\\\/person\\\/02daff9f18bd9378c9e01eb6b2db155f\"},\"headline\":\"TV Brasil traz Ivan Lins, Elba Ramalho, Martinho da Vila e desenhos infantis para programa\u00e7\u00e3o especial de Natal\",\"datePublished\":\"2018-12-22T00:21:36+00:00\",\"dateModified\":\"2018-12-22T00:21:39+00:00\",\"mainEntityOfPage\":{\"@id\":\"https:\\\/\\\/www.cidademarketing.com.br\\\/marketing\\\/2018\\\/12\\\/21\\\/tv-brasil-traz-ivan-lins-elba-ramalho-martinho-da-vila-e-desenhos-infantis-para-programacao-especial-de-natal\\\/\"},\"wordCount\":1499,\"commentCount\":0,\"publisher\":{\"@id\":\"https:\\\/\\\/www.cidademarketing.com.br\\\/marketing\\\/#organization\"},\"image\":{\"@id\":\"https:\\\/\\\/www.cidademarketing.com.br\\\/marketing\\\/2018\\\/12\\\/21\\\/tv-brasil-traz-ivan-lins-elba-ramalho-martinho-da-vila-e-desenhos-infantis-para-programacao-especial-de-natal\\\/#primaryimage\"},\"thumbnailUrl\":\"https:\\\/\\\/www.cidademarketing.com.br\\\/marketing\\\/wp-content\\\/uploads\\\/2018\\\/12\\\/natal_tvbrasil.jpg\",\"keywords\":[\"Natal\"],\"articleSection\":[\"Not\u00edcias\"],\"inLanguage\":\"pt-BR\",\"potentialAction\":[{\"@type\":\"CommentAction\",\"name\":\"Comment\",\"target\":[\"https:\\\/\\\/www.cidademarketing.com.br\\\/marketing\\\/2018\\\/12\\\/21\\\/tv-brasil-traz-ivan-lins-elba-ramalho-martinho-da-vila-e-desenhos-infantis-para-programacao-especial-de-natal\\\/#respond\"]}]},{\"@type\":\"WebPage\",\"@id\":\"https:\\\/\\\/www.cidademarketing.com.br\\\/marketing\\\/2018\\\/12\\\/21\\\/tv-brasil-traz-ivan-lins-elba-ramalho-martinho-da-vila-e-desenhos-infantis-para-programacao-especial-de-natal\\\/\",\"url\":\"https:\\\/\\\/www.cidademarketing.com.br\\\/marketing\\\/2018\\\/12\\\/21\\\/tv-brasil-traz-ivan-lins-elba-ramalho-martinho-da-vila-e-desenhos-infantis-para-programacao-especial-de-natal\\\/\",\"name\":\"TV Brasil traz Ivan Lins, Elba Ramalho, Martinho da Vila e desenhos infantis para programa\u00e7\u00e3o especial de Natal - CidadeMarketing\",\"isPartOf\":{\"@id\":\"https:\\\/\\\/www.cidademarketing.com.br\\\/marketing\\\/#website\"},\"primaryImageOfPage\":{\"@id\":\"https:\\\/\\\/www.cidademarketing.com.br\\\/marketing\\\/2018\\\/12\\\/21\\\/tv-brasil-traz-ivan-lins-elba-ramalho-martinho-da-vila-e-desenhos-infantis-para-programacao-especial-de-natal\\\/#primaryimage\"},\"image\":{\"@id\":\"https:\\\/\\\/www.cidademarketing.com.br\\\/marketing\\\/2018\\\/12\\\/21\\\/tv-brasil-traz-ivan-lins-elba-ramalho-martinho-da-vila-e-desenhos-infantis-para-programacao-especial-de-natal\\\/#primaryimage\"},\"thumbnailUrl\":\"https:\\\/\\\/www.cidademarketing.com.br\\\/marketing\\\/wp-content\\\/uploads\\\/2018\\\/12\\\/natal_tvbrasil.jpg\",\"datePublished\":\"2018-12-22T00:21:36+00:00\",\"dateModified\":\"2018-12-22T00:21:39+00:00\",\"breadcrumb\":{\"@id\":\"https:\\\/\\\/www.cidademarketing.com.br\\\/marketing\\\/2018\\\/12\\\/21\\\/tv-brasil-traz-ivan-lins-elba-ramalho-martinho-da-vila-e-desenhos-infantis-para-programacao-especial-de-natal\\\/#breadcrumb\"},\"inLanguage\":\"pt-BR\",\"potentialAction\":[{\"@type\":\"ReadAction\",\"target\":[\"https:\\\/\\\/www.cidademarketing.com.br\\\/marketing\\\/2018\\\/12\\\/21\\\/tv-brasil-traz-ivan-lins-elba-ramalho-martinho-da-vila-e-desenhos-infantis-para-programacao-especial-de-natal\\\/\"]}]},{\"@type\":\"ImageObject\",\"inLanguage\":\"pt-BR\",\"@id\":\"https:\\\/\\\/www.cidademarketing.com.br\\\/marketing\\\/2018\\\/12\\\/21\\\/tv-brasil-traz-ivan-lins-elba-ramalho-martinho-da-vila-e-desenhos-infantis-para-programacao-especial-de-natal\\\/#primaryimage\",\"url\":\"https:\\\/\\\/www.cidademarketing.com.br\\\/marketing\\\/wp-content\\\/uploads\\\/2018\\\/12\\\/natal_tvbrasil.jpg\",\"contentUrl\":\"https:\\\/\\\/www.cidademarketing.com.br\\\/marketing\\\/wp-content\\\/uploads\\\/2018\\\/12\\\/natal_tvbrasil.jpg\",\"width\":1573,\"height\":844,\"caption\":\"Reprodu\u00e7\u00e3o\"},{\"@type\":\"BreadcrumbList\",\"@id\":\"https:\\\/\\\/www.cidademarketing.com.br\\\/marketing\\\/2018\\\/12\\\/21\\\/tv-brasil-traz-ivan-lins-elba-ramalho-martinho-da-vila-e-desenhos-infantis-para-programacao-especial-de-natal\\\/#breadcrumb\",\"itemListElement\":[{\"@type\":\"ListItem\",\"position\":1,\"name\":\"In\u00edcio\",\"item\":\"https:\\\/\\\/www.cidademarketing.com.br\\\/marketing\\\/\"},{\"@type\":\"ListItem\",\"position\":2,\"name\":\"TV Brasil traz Ivan Lins, Elba Ramalho, Martinho da Vila e desenhos infantis para programa\u00e7\u00e3o especial de Natal\"}]},{\"@type\":\"WebSite\",\"@id\":\"https:\\\/\\\/www.cidademarketing.com.br\\\/marketing\\\/#website\",\"url\":\"https:\\\/\\\/www.cidademarketing.com.br\\\/marketing\\\/\",\"name\":\"CidadeMarketing\",\"description\":\"Somos um ve\u00edculo de comunica\u00e7\u00e3o de destaque no Brasil, reconhecido por conte\u00fados nos segmentos de marketing, empreendedorismo e inova\u00e7\u00e3o.\",\"publisher\":{\"@id\":\"https:\\\/\\\/www.cidademarketing.com.br\\\/marketing\\\/#organization\"},\"alternateName\":\"CidadeMarketing\",\"potentialAction\":[{\"@type\":\"SearchAction\",\"target\":{\"@type\":\"EntryPoint\",\"urlTemplate\":\"https:\\\/\\\/www.cidademarketing.com.br\\\/marketing\\\/?s={search_term_string}\"},\"query-input\":{\"@type\":\"PropertyValueSpecification\",\"valueRequired\":true,\"valueName\":\"search_term_string\"}}],\"inLanguage\":\"pt-BR\"},{\"@type\":\"Organization\",\"@id\":\"https:\\\/\\\/www.cidademarketing.com.br\\\/marketing\\\/#organization\",\"name\":\"CidadeMarketing\",\"alternateName\":\"CidadeMarketing\",\"url\":\"https:\\\/\\\/www.cidademarketing.com.br\\\/marketing\\\/\",\"logo\":{\"@type\":\"ImageObject\",\"inLanguage\":\"pt-BR\",\"@id\":\"https:\\\/\\\/www.cidademarketing.com.br\\\/marketing\\\/#\\\/schema\\\/logo\\\/image\\\/\",\"url\":\"https:\\\/\\\/www.cidademarketing.com.br\\\/marketing\\\/wp-content\\\/uploads\\\/2020\\\/01\\\/cidademarketing_marca_mobile.png\",\"contentUrl\":\"https:\\\/\\\/www.cidademarketing.com.br\\\/marketing\\\/wp-content\\\/uploads\\\/2020\\\/01\\\/cidademarketing_marca_mobile.png\",\"width\":230,\"height\":92,\"caption\":\"CidadeMarketing\"},\"image\":{\"@id\":\"https:\\\/\\\/www.cidademarketing.com.br\\\/marketing\\\/#\\\/schema\\\/logo\\\/image\\\/\"},\"sameAs\":[\"https:\\\/\\\/www.facebook.com\\\/portalcidademarketing\",\"https:\\\/\\\/x.com\\\/CidadeMarketing\",\"https:\\\/\\\/www.instagram.com\\\/cidademarketing\\\/\"]},{\"@type\":\"Person\",\"@id\":\"https:\\\/\\\/www.cidademarketing.com.br\\\/marketing\\\/#\\\/schema\\\/person\\\/02daff9f18bd9378c9e01eb6b2db155f\",\"name\":\"Thales Brand\u00e3o\",\"image\":{\"@type\":\"ImageObject\",\"inLanguage\":\"pt-BR\",\"@id\":\"https:\\\/\\\/secure.gravatar.com\\\/avatar\\\/7ca3206950207cc3cb48feec56a8a7898741ab725c368d99d5d7a5a50aab80c6?s=96&d=mm&r=g\",\"url\":\"https:\\\/\\\/secure.gravatar.com\\\/avatar\\\/7ca3206950207cc3cb48feec56a8a7898741ab725c368d99d5d7a5a50aab80c6?s=96&d=mm&r=g\",\"contentUrl\":\"https:\\\/\\\/secure.gravatar.com\\\/avatar\\\/7ca3206950207cc3cb48feec56a8a7898741ab725c368d99d5d7a5a50aab80c6?s=96&d=mm&r=g\",\"caption\":\"Thales Brand\u00e3o\"},\"description\":\"Editor Executivo do Portal CidadeMarketing.com.br &gt; Mestre em Comunica\u00e7\u00e3o e Sociedade pela Universidade Federal de Sergipe. Possui MBA Executivo em Administra\u00e7\u00e3o com \u00eanfase em Marketing pela Funda\u00e7\u00e3o Get\u00falio Vargas - Rio de Janeiro. Consultor, Palestrante e Pesquisador sobre Empreendedorismo, Marketing, Redes Sociais e Neg\u00f3cios Digitais. Professor, Palestrante TedxTalks e Campus Party. Twitter: @ThalesBrandao\",\"sameAs\":[\"http:\\\/\\\/www.mandacaru.com.br\",\"https:\\\/\\\/www.facebook.com\\\/thalesbrandao\",\"http:\\\/\\\/www.instagram.com.br\\\/thalesbrandaoferreira\",\"https:\\\/\\\/www.linkedin.com\\\/in\\\/thales-brand\u00e3o-3948609\\\/\",\"https:\\\/\\\/x.com\\\/http:\\\/\\\/www.twitter.com\\\/thalesbrandao\"],\"url\":\"https:\\\/\\\/www.cidademarketing.com.br\\\/marketing\\\/author\\\/thalesbrandao\\\/\"}]}<\/script>\n<!-- \/ Yoast SEO plugin. -->","yoast_head_json":{"title":"TV Brasil traz Ivan Lins, Elba Ramalho, Martinho da Vila e desenhos infantis para programa\u00e7\u00e3o especial de Natal - CidadeMarketing","robots":{"index":"index","follow":"follow","max-snippet":"max-snippet:-1","max-image-preview":"max-image-preview:large","max-video-preview":"max-video-preview:-1"},"canonical":"https:\/\/www.cidademarketing.com.br\/marketing\/2018\/12\/21\/tv-brasil-traz-ivan-lins-elba-ramalho-martinho-da-vila-e-desenhos-infantis-para-programacao-especial-de-natal\/","og_locale":"pt_BR","og_type":"article","og_title":"TV Brasil traz Ivan Lins, Elba Ramalho, Martinho da Vila e desenhos infantis para programa\u00e7\u00e3o especial de Natal - CidadeMarketing","og_description":"Maratona de s\u00e9ries e desenhos infantis combinados com produ\u00e7\u00f5es musicais exclusivas embalam a programa\u00e7\u00e3o especial que a TV Brasil apresenta no per\u00edodo de Natal, nesta segunda e ter\u00e7a, dias 24 e 25 de dezembro. A emissora p\u00fablica traz grandes espet\u00e1culos com Lenine e Orquestra Petrobras Sinf\u00f4nica, o especial Natal na Rua com Canarinhos de Petr\u00f3polis [&hellip;]","og_url":"https:\/\/www.cidademarketing.com.br\/marketing\/2018\/12\/21\/tv-brasil-traz-ivan-lins-elba-ramalho-martinho-da-vila-e-desenhos-infantis-para-programacao-especial-de-natal\/","og_site_name":"CidadeMarketing","article_publisher":"https:\/\/www.facebook.com\/portalcidademarketing","article_author":"https:\/\/www.facebook.com\/thalesbrandao","article_published_time":"2018-12-22T00:21:36+00:00","article_modified_time":"2018-12-22T00:21:39+00:00","og_image":[{"width":1573,"height":844,"url":"https:\/\/www.cidademarketing.com.br\/marketing\/wp-content\/uploads\/2018\/12\/natal_tvbrasil.jpg","type":"image\/jpeg"}],"author":"Thales Brand\u00e3o","twitter_card":"summary_large_image","twitter_creator":"@http:\/\/www.twitter.com\/thalesbrandao","twitter_site":"@CidadeMarketing","twitter_misc":{"Escrito por":"Thales Brand\u00e3o","Est. tempo de leitura":"7 minutos"},"schema":{"@context":"https:\/\/schema.org","@graph":[{"@type":"Article","@id":"https:\/\/www.cidademarketing.com.br\/marketing\/2018\/12\/21\/tv-brasil-traz-ivan-lins-elba-ramalho-martinho-da-vila-e-desenhos-infantis-para-programacao-especial-de-natal\/#article","isPartOf":{"@id":"https:\/\/www.cidademarketing.com.br\/marketing\/2018\/12\/21\/tv-brasil-traz-ivan-lins-elba-ramalho-martinho-da-vila-e-desenhos-infantis-para-programacao-especial-de-natal\/"},"author":{"name":"Thales Brand\u00e3o","@id":"https:\/\/www.cidademarketing.com.br\/marketing\/#\/schema\/person\/02daff9f18bd9378c9e01eb6b2db155f"},"headline":"TV Brasil traz Ivan Lins, Elba Ramalho, Martinho da Vila e desenhos infantis para programa\u00e7\u00e3o especial de Natal","datePublished":"2018-12-22T00:21:36+00:00","dateModified":"2018-12-22T00:21:39+00:00","mainEntityOfPage":{"@id":"https:\/\/www.cidademarketing.com.br\/marketing\/2018\/12\/21\/tv-brasil-traz-ivan-lins-elba-ramalho-martinho-da-vila-e-desenhos-infantis-para-programacao-especial-de-natal\/"},"wordCount":1499,"commentCount":0,"publisher":{"@id":"https:\/\/www.cidademarketing.com.br\/marketing\/#organization"},"image":{"@id":"https:\/\/www.cidademarketing.com.br\/marketing\/2018\/12\/21\/tv-brasil-traz-ivan-lins-elba-ramalho-martinho-da-vila-e-desenhos-infantis-para-programacao-especial-de-natal\/#primaryimage"},"thumbnailUrl":"https:\/\/www.cidademarketing.com.br\/marketing\/wp-content\/uploads\/2018\/12\/natal_tvbrasil.jpg","keywords":["Natal"],"articleSection":["Not\u00edcias"],"inLanguage":"pt-BR","potentialAction":[{"@type":"CommentAction","name":"Comment","target":["https:\/\/www.cidademarketing.com.br\/marketing\/2018\/12\/21\/tv-brasil-traz-ivan-lins-elba-ramalho-martinho-da-vila-e-desenhos-infantis-para-programacao-especial-de-natal\/#respond"]}]},{"@type":"WebPage","@id":"https:\/\/www.cidademarketing.com.br\/marketing\/2018\/12\/21\/tv-brasil-traz-ivan-lins-elba-ramalho-martinho-da-vila-e-desenhos-infantis-para-programacao-especial-de-natal\/","url":"https:\/\/www.cidademarketing.com.br\/marketing\/2018\/12\/21\/tv-brasil-traz-ivan-lins-elba-ramalho-martinho-da-vila-e-desenhos-infantis-para-programacao-especial-de-natal\/","name":"TV Brasil traz Ivan Lins, Elba Ramalho, Martinho da Vila e desenhos infantis para programa\u00e7\u00e3o especial de Natal - CidadeMarketing","isPartOf":{"@id":"https:\/\/www.cidademarketing.com.br\/marketing\/#website"},"primaryImageOfPage":{"@id":"https:\/\/www.cidademarketing.com.br\/marketing\/2018\/12\/21\/tv-brasil-traz-ivan-lins-elba-ramalho-martinho-da-vila-e-desenhos-infantis-para-programacao-especial-de-natal\/#primaryimage"},"image":{"@id":"https:\/\/www.cidademarketing.com.br\/marketing\/2018\/12\/21\/tv-brasil-traz-ivan-lins-elba-ramalho-martinho-da-vila-e-desenhos-infantis-para-programacao-especial-de-natal\/#primaryimage"},"thumbnailUrl":"https:\/\/www.cidademarketing.com.br\/marketing\/wp-content\/uploads\/2018\/12\/natal_tvbrasil.jpg","datePublished":"2018-12-22T00:21:36+00:00","dateModified":"2018-12-22T00:21:39+00:00","breadcrumb":{"@id":"https:\/\/www.cidademarketing.com.br\/marketing\/2018\/12\/21\/tv-brasil-traz-ivan-lins-elba-ramalho-martinho-da-vila-e-desenhos-infantis-para-programacao-especial-de-natal\/#breadcrumb"},"inLanguage":"pt-BR","potentialAction":[{"@type":"ReadAction","target":["https:\/\/www.cidademarketing.com.br\/marketing\/2018\/12\/21\/tv-brasil-traz-ivan-lins-elba-ramalho-martinho-da-vila-e-desenhos-infantis-para-programacao-especial-de-natal\/"]}]},{"@type":"ImageObject","inLanguage":"pt-BR","@id":"https:\/\/www.cidademarketing.com.br\/marketing\/2018\/12\/21\/tv-brasil-traz-ivan-lins-elba-ramalho-martinho-da-vila-e-desenhos-infantis-para-programacao-especial-de-natal\/#primaryimage","url":"https:\/\/www.cidademarketing.com.br\/marketing\/wp-content\/uploads\/2018\/12\/natal_tvbrasil.jpg","contentUrl":"https:\/\/www.cidademarketing.com.br\/marketing\/wp-content\/uploads\/2018\/12\/natal_tvbrasil.jpg","width":1573,"height":844,"caption":"Reprodu\u00e7\u00e3o"},{"@type":"BreadcrumbList","@id":"https:\/\/www.cidademarketing.com.br\/marketing\/2018\/12\/21\/tv-brasil-traz-ivan-lins-elba-ramalho-martinho-da-vila-e-desenhos-infantis-para-programacao-especial-de-natal\/#breadcrumb","itemListElement":[{"@type":"ListItem","position":1,"name":"In\u00edcio","item":"https:\/\/www.cidademarketing.com.br\/marketing\/"},{"@type":"ListItem","position":2,"name":"TV Brasil traz Ivan Lins, Elba Ramalho, Martinho da Vila e desenhos infantis para programa\u00e7\u00e3o especial de Natal"}]},{"@type":"WebSite","@id":"https:\/\/www.cidademarketing.com.br\/marketing\/#website","url":"https:\/\/www.cidademarketing.com.br\/marketing\/","name":"CidadeMarketing","description":"Somos um ve\u00edculo de comunica\u00e7\u00e3o de destaque no Brasil, reconhecido por conte\u00fados nos segmentos de marketing, empreendedorismo e inova\u00e7\u00e3o.","publisher":{"@id":"https:\/\/www.cidademarketing.com.br\/marketing\/#organization"},"alternateName":"CidadeMarketing","potentialAction":[{"@type":"SearchAction","target":{"@type":"EntryPoint","urlTemplate":"https:\/\/www.cidademarketing.com.br\/marketing\/?s={search_term_string}"},"query-input":{"@type":"PropertyValueSpecification","valueRequired":true,"valueName":"search_term_string"}}],"inLanguage":"pt-BR"},{"@type":"Organization","@id":"https:\/\/www.cidademarketing.com.br\/marketing\/#organization","name":"CidadeMarketing","alternateName":"CidadeMarketing","url":"https:\/\/www.cidademarketing.com.br\/marketing\/","logo":{"@type":"ImageObject","inLanguage":"pt-BR","@id":"https:\/\/www.cidademarketing.com.br\/marketing\/#\/schema\/logo\/image\/","url":"https:\/\/www.cidademarketing.com.br\/marketing\/wp-content\/uploads\/2020\/01\/cidademarketing_marca_mobile.png","contentUrl":"https:\/\/www.cidademarketing.com.br\/marketing\/wp-content\/uploads\/2020\/01\/cidademarketing_marca_mobile.png","width":230,"height":92,"caption":"CidadeMarketing"},"image":{"@id":"https:\/\/www.cidademarketing.com.br\/marketing\/#\/schema\/logo\/image\/"},"sameAs":["https:\/\/www.facebook.com\/portalcidademarketing","https:\/\/x.com\/CidadeMarketing","https:\/\/www.instagram.com\/cidademarketing\/"]},{"@type":"Person","@id":"https:\/\/www.cidademarketing.com.br\/marketing\/#\/schema\/person\/02daff9f18bd9378c9e01eb6b2db155f","name":"Thales Brand\u00e3o","image":{"@type":"ImageObject","inLanguage":"pt-BR","@id":"https:\/\/secure.gravatar.com\/avatar\/7ca3206950207cc3cb48feec56a8a7898741ab725c368d99d5d7a5a50aab80c6?s=96&d=mm&r=g","url":"https:\/\/secure.gravatar.com\/avatar\/7ca3206950207cc3cb48feec56a8a7898741ab725c368d99d5d7a5a50aab80c6?s=96&d=mm&r=g","contentUrl":"https:\/\/secure.gravatar.com\/avatar\/7ca3206950207cc3cb48feec56a8a7898741ab725c368d99d5d7a5a50aab80c6?s=96&d=mm&r=g","caption":"Thales Brand\u00e3o"},"description":"Editor Executivo do Portal CidadeMarketing.com.br &gt; Mestre em Comunica\u00e7\u00e3o e Sociedade pela Universidade Federal de Sergipe. Possui MBA Executivo em Administra\u00e7\u00e3o com \u00eanfase em Marketing pela Funda\u00e7\u00e3o Get\u00falio Vargas - Rio de Janeiro. Consultor, Palestrante e Pesquisador sobre Empreendedorismo, Marketing, Redes Sociais e Neg\u00f3cios Digitais. Professor, Palestrante TedxTalks e Campus Party. Twitter: @ThalesBrandao","sameAs":["http:\/\/www.mandacaru.com.br","https:\/\/www.facebook.com\/thalesbrandao","http:\/\/www.instagram.com.br\/thalesbrandaoferreira","https:\/\/www.linkedin.com\/in\/thales-brand\u00e3o-3948609\/","https:\/\/x.com\/http:\/\/www.twitter.com\/thalesbrandao"],"url":"https:\/\/www.cidademarketing.com.br\/marketing\/author\/thalesbrandao\/"}]}},"amp_enabled":true,"_links":{"self":[{"href":"https:\/\/www.cidademarketing.com.br\/marketing\/wp-json\/wp\/v2\/posts\/4305","targetHints":{"allow":["GET"]}}],"collection":[{"href":"https:\/\/www.cidademarketing.com.br\/marketing\/wp-json\/wp\/v2\/posts"}],"about":[{"href":"https:\/\/www.cidademarketing.com.br\/marketing\/wp-json\/wp\/v2\/types\/post"}],"author":[{"embeddable":true,"href":"https:\/\/www.cidademarketing.com.br\/marketing\/wp-json\/wp\/v2\/users\/1"}],"replies":[{"embeddable":true,"href":"https:\/\/www.cidademarketing.com.br\/marketing\/wp-json\/wp\/v2\/comments?post=4305"}],"version-history":[{"count":1,"href":"https:\/\/www.cidademarketing.com.br\/marketing\/wp-json\/wp\/v2\/posts\/4305\/revisions"}],"predecessor-version":[{"id":4307,"href":"https:\/\/www.cidademarketing.com.br\/marketing\/wp-json\/wp\/v2\/posts\/4305\/revisions\/4307"}],"wp:featuredmedia":[{"embeddable":true,"href":"https:\/\/www.cidademarketing.com.br\/marketing\/wp-json\/wp\/v2\/media\/4306"}],"wp:attachment":[{"href":"https:\/\/www.cidademarketing.com.br\/marketing\/wp-json\/wp\/v2\/media?parent=4305"}],"wp:term":[{"taxonomy":"category","embeddable":true,"href":"https:\/\/www.cidademarketing.com.br\/marketing\/wp-json\/wp\/v2\/categories?post=4305"},{"taxonomy":"post_tag","embeddable":true,"href":"https:\/\/www.cidademarketing.com.br\/marketing\/wp-json\/wp\/v2\/tags?post=4305"}],"curies":[{"name":"wp","href":"https:\/\/api.w.org\/{rel}","templated":true}]}}