{"id":4303,"date":"2018-12-21T21:59:07","date_gmt":"2018-12-21T23:59:07","guid":{"rendered":"http:\/\/www.cidademarketing.com.br\/marketing\/?p=4303"},"modified":"2018-12-21T21:59:09","modified_gmt":"2018-12-21T23:59:09","slug":"brasil-e-o-segundo-pais-em-que-a-populacao-mais-superestima-o-nivel-de-desemprego-aponta-pesquisa-ipsos","status":"publish","type":"post","link":"https:\/\/www.cidademarketing.com.br\/marketing\/2018\/12\/21\/brasil-e-o-segundo-pais-em-que-a-populacao-mais-superestima-o-nivel-de-desemprego-aponta-pesquisa-ipsos\/","title":{"rendered":"Brasil \u00e9 o segundo pa\u00eds em que a popula\u00e7\u00e3o mais superestima o n\u00edvel de desemprego, aponta pesquisa Ipsos"},"content":{"rendered":"\n<p>O Brasil \u00e9 o segundo pa\u00eds do mundo em que a popula\u00e7\u00e3o mais superestima a propor\u00e7\u00e3o de pessoas desempregadas e que procuram trabalho. O palpite m\u00e9dio em todo o estudo foi 5 vezes maior do que o real (34% quando na realidade \u00e9 mais pr\u00f3ximo de 7%). No Brasil, a estimativa \u00e9 de 60% de desempregados, enquanto a realidade \u00e9 de 13%. O M\u00e9xico lidera esse quesito, com 3% na realidade e percep\u00e7\u00e3o de 50%.  Os dados s\u00e3o da pesquisa \u201cPerigos da Percep\u00e7\u00e3o\u201d, realizada pela Ipsos em 37 pa\u00edses, incluindo o Brasil.   <br> O estudo tamb\u00e9m mostrou que quase todos os pa\u00edses tendem a subestimar o tamanho da sua pr\u00f3pria economia em rela\u00e7\u00e3o \u00e0s outras. A maioria das pessoas colocou a classifica\u00e7\u00e3o do PIB do pa\u00eds abaixo da realidade. Esse \u00e9 o caso de economias emergentes como Argentina, \u00c1frica do Sul e Rom\u00eania. Mas, mesmo nos Estados Unidos, pa\u00eds com maior PIB entre todos, os cidad\u00e3os n\u00e3o enxergam a na\u00e7\u00e3o como a maior economia (a m\u00e9dia de resposta foi 5\u00ba maior PIB).<br> Foram entrevistadas 28,1 mil pessoas, entre os dias 28 de setembro e 16 de outubro de 2018. A margem de erro para o Brasil \u00e9 de 3,1 pontos percentuais. O estudo avalia o quanto as pessoas conhecem sobre as principais quest\u00f5es, caracter\u00edsticas e realidade dos seus pa\u00edses, considerando os seguintes assuntos: crimes, ass\u00e9dio sexual, meio ambiente, sexo, sa\u00fade, economia e popula\u00e7\u00e3o. Entre os pa\u00edses com pior conhecimento, a Tail\u00e2ndia ficou em 1\u00ba lugar, seguida por: M\u00e9xico (2\u00ba), Turquia (3\u00ba), Mal\u00e1sia (4\u00ba) e Brasil (5\u00ba). Confira a pesquisa completa em ingl\u00eas, <a href=\"https:\/\/www.dropbox.com\/s\/sf4bqj638px5m3o\/Perils%20of%20Perception_2018_Charts_v1_FINAL_041218.pdf?dl=0\" target=\"_blank\" rel=\"noreferrer noopener\" aria-label=\"clique aqui (abre em uma nova aba)\">clique aqui<\/a><br><strong>Crimes<\/strong><br>Em v\u00e1rias na\u00e7\u00f5es, as pessoas est\u00e3o equivocadas sobre o percentual de crimes cometidos com facas e armas de fogo em seu pa\u00eds. Embora em 13 pa\u00edses a maioria respondeu corretamente qual a modalidade que mais mata entre armas de fogo, objetos pontiagudos (facas) ou viol\u00eancia f\u00edsica, outros pa\u00edses n\u00e3o tiveram percep\u00e7\u00f5es que coincidem com as estat\u00edsticas.<br>No Brasil, 75% acreditam que as mortes acontecem por armas de fogo, 10% por facas e 14% por outro tipo de viol\u00eancia. A percep\u00e7\u00e3o da popula\u00e7\u00e3o est\u00e1 bem pr\u00f3xima da realidade: 68% por armas de fogo, 19% por facas e 13% por outro tipo de viol\u00eancia. Por outro lado, na Gr\u00e3-Bretanha, 71% acreditam que as armas brancas causam mais mortes, quando na verdade representam apenas 25%.<br><strong>Ass\u00e9dio sexual<\/strong><br>Entre 13 pa\u00edses que possuem dados dispon\u00edveis, todos eles subestimam substancialmente a experi\u00eancia das mulheres de ass\u00e9dio sexual em seu pa\u00eds. Em m\u00e9dia, as pessoas acham que 39% das mulheres, maiores de 15 anos, sofreram ass\u00e9dio, mas na verdade, em m\u00e9dia, 60% fora v\u00edtimas dessa agress\u00e3o. Dinamarca, Holanda, Fran\u00e7a e Estados Unidos s\u00e3o os mais propensos a subestimar a extens\u00e3o do ass\u00e9dio sexual em seu pa\u00eds.<br> Em cada pa\u00eds, os homens d\u00e3o uma estimativa mais baixa de ass\u00e9dio sexual do que as mulheres. Em m\u00e9dia, os homens acham que 36% das mulheres em seu pa\u00eds sofreram ass\u00e9dio sexual, mas o palpite das mulheres \u00e9 de 44% (embora ainda seja subestimado). <br> <strong>Meio ambiente <\/strong><br> A maioria dos pa\u00edses superestima a quantidade de energia utilizada proveniente de fontes renov\u00e1veis em seu pa\u00eds. O palpite m\u00e9dio \u00e9 de 26% quando, na verdade, \u00e9 de apenas 19%. Mal\u00e1sia, Ar\u00e1bia Saudita, China e Cingapura foram as mais afastadas; alguns pa\u00edses, no entanto, subestimam o progresso que fizeram com as energias renov\u00e1veis, como a Su\u00e9cia e Montenegro. <br> <strong>Popula\u00e7\u00e3o<\/strong><br> Todos os pa\u00edses superestimam em grande medida os n\u00edveis de crescimento da popula\u00e7\u00e3o idosa. Em todos, em m\u00e9dia, as pessoas acham que 54% da popula\u00e7\u00e3o ter\u00e1 mais de 65 anos em 2050, quando, na realidade, a proje\u00e7\u00e3o \u00e9 inferior a metade (25%). No Brasil, a percep\u00e7\u00e3o \u00e9 de 63% e a realidade \u00e9 de 23% A maioria dos pa\u00edses tamb\u00e9m superestima os n\u00edveis de imigra\u00e7\u00e3o. O palpite m\u00e9dio em 37 pa\u00edses \u00e9 que 28% dos habitantes do pa\u00eds s\u00e3o imigrantes, quando o n\u00famero real \u00e9 menos da metade: 12%. Quase todos os pa\u00edses inclu\u00eddos no estudo tamb\u00e9m superestimam sua popula\u00e7\u00e3o mu\u00e7ulmana por uma grande margem. O palpite m\u00e9dio foi mais do que o dobro do valor real (20% contra 8%).<\/p>\n","protected":false},"excerpt":{"rendered":"<p>O Brasil \u00e9 o segundo pa\u00eds do mundo em que a popula\u00e7\u00e3o mais superestima a propor\u00e7\u00e3o de pessoas desempregadas e que procuram trabalho. O palpite m\u00e9dio em todo o estudo foi 5 vezes maior do que o real (34% quando na realidade \u00e9 mais pr\u00f3ximo de 7%). No Brasil, a estimativa \u00e9 de 60% de [&hellip;]<\/p>\n","protected":false},"author":1,"featured_media":1454,"comment_status":"open","ping_status":"open","sticky":false,"template":"","format":"standard","meta":{"tdm_status":"","tdm_grid_status":"","footnotes":""},"categories":[6,1],"tags":[28],"class_list":["post-4303","post","type-post","status-publish","format-standard","has-post-thumbnail","hentry","category-noticias","category-pesquisademercado","tag-marketing"],"yoast_head":"<!-- This site is optimized with the Yoast SEO plugin v27.5 - https:\/\/yoast.com\/product\/yoast-seo-wordpress\/ -->\n<title>Brasil \u00e9 o segundo pa\u00eds em que a popula\u00e7\u00e3o mais superestima o n\u00edvel de desemprego, aponta pesquisa Ipsos - CidadeMarketing<\/title>\n<meta name=\"robots\" content=\"index, follow, max-snippet:-1, max-image-preview:large, max-video-preview:-1\" \/>\n<link rel=\"canonical\" href=\"https:\/\/www.cidademarketing.com.br\/marketing\/2018\/12\/21\/brasil-e-o-segundo-pais-em-que-a-populacao-mais-superestima-o-nivel-de-desemprego-aponta-pesquisa-ipsos\/\" \/>\n<meta property=\"og:locale\" content=\"pt_BR\" \/>\n<meta property=\"og:type\" content=\"article\" \/>\n<meta property=\"og:title\" content=\"Brasil \u00e9 o segundo pa\u00eds em que a popula\u00e7\u00e3o mais superestima o n\u00edvel de desemprego, aponta pesquisa Ipsos - CidadeMarketing\" \/>\n<meta property=\"og:description\" content=\"O Brasil \u00e9 o segundo pa\u00eds do mundo em que a popula\u00e7\u00e3o mais superestima a propor\u00e7\u00e3o de pessoas desempregadas e que procuram trabalho. O palpite m\u00e9dio em todo o estudo foi 5 vezes maior do que o real (34% quando na realidade \u00e9 mais pr\u00f3ximo de 7%). No Brasil, a estimativa \u00e9 de 60% de [&hellip;]\" \/>\n<meta property=\"og:url\" content=\"https:\/\/www.cidademarketing.com.br\/marketing\/2018\/12\/21\/brasil-e-o-segundo-pais-em-que-a-populacao-mais-superestima-o-nivel-de-desemprego-aponta-pesquisa-ipsos\/\" \/>\n<meta property=\"og:site_name\" content=\"CidadeMarketing\" \/>\n<meta property=\"article:publisher\" content=\"https:\/\/www.facebook.com\/portalcidademarketing\" \/>\n<meta property=\"article:author\" content=\"https:\/\/www.facebook.com\/thalesbrandao\" \/>\n<meta property=\"article:published_time\" content=\"2018-12-21T23:59:07+00:00\" \/>\n<meta property=\"article:modified_time\" content=\"2018-12-21T23:59:09+00:00\" \/>\n<meta property=\"og:image\" content=\"https:\/\/www.cidademarketing.com.br\/marketing\/wp-content\/uploads\/2018\/07\/carteiradetrabalho.jpg\" \/>\n\t<meta property=\"og:image:width\" content=\"700\" \/>\n\t<meta property=\"og:image:height\" content=\"402\" \/>\n\t<meta property=\"og:image:type\" content=\"image\/jpeg\" \/>\n<meta name=\"author\" content=\"Thales Brand\u00e3o\" \/>\n<meta name=\"twitter:card\" content=\"summary_large_image\" \/>\n<meta name=\"twitter:creator\" content=\"@http:\/\/www.twitter.com\/thalesbrandao\" \/>\n<meta name=\"twitter:site\" content=\"@CidadeMarketing\" \/>\n<meta name=\"twitter:label1\" content=\"Escrito por\" \/>\n\t<meta name=\"twitter:data1\" content=\"Thales Brand\u00e3o\" \/>\n\t<meta name=\"twitter:label2\" content=\"Est. tempo de leitura\" \/>\n\t<meta name=\"twitter:data2\" content=\"4 minutos\" \/>\n<script type=\"application\/ld+json\" class=\"yoast-schema-graph\">{\"@context\":\"https:\\\/\\\/schema.org\",\"@graph\":[{\"@type\":\"Article\",\"@id\":\"https:\\\/\\\/www.cidademarketing.com.br\\\/marketing\\\/2018\\\/12\\\/21\\\/brasil-e-o-segundo-pais-em-que-a-populacao-mais-superestima-o-nivel-de-desemprego-aponta-pesquisa-ipsos\\\/#article\",\"isPartOf\":{\"@id\":\"https:\\\/\\\/www.cidademarketing.com.br\\\/marketing\\\/2018\\\/12\\\/21\\\/brasil-e-o-segundo-pais-em-que-a-populacao-mais-superestima-o-nivel-de-desemprego-aponta-pesquisa-ipsos\\\/\"},\"author\":{\"name\":\"Thales Brand\u00e3o\",\"@id\":\"https:\\\/\\\/www.cidademarketing.com.br\\\/marketing\\\/#\\\/schema\\\/person\\\/02daff9f18bd9378c9e01eb6b2db155f\"},\"headline\":\"Brasil \u00e9 o segundo pa\u00eds em que a popula\u00e7\u00e3o mais superestima o n\u00edvel de desemprego, aponta pesquisa Ipsos\",\"datePublished\":\"2018-12-21T23:59:07+00:00\",\"dateModified\":\"2018-12-21T23:59:09+00:00\",\"mainEntityOfPage\":{\"@id\":\"https:\\\/\\\/www.cidademarketing.com.br\\\/marketing\\\/2018\\\/12\\\/21\\\/brasil-e-o-segundo-pais-em-que-a-populacao-mais-superestima-o-nivel-de-desemprego-aponta-pesquisa-ipsos\\\/\"},\"wordCount\":742,\"commentCount\":0,\"publisher\":{\"@id\":\"https:\\\/\\\/www.cidademarketing.com.br\\\/marketing\\\/#organization\"},\"image\":{\"@id\":\"https:\\\/\\\/www.cidademarketing.com.br\\\/marketing\\\/2018\\\/12\\\/21\\\/brasil-e-o-segundo-pais-em-que-a-populacao-mais-superestima-o-nivel-de-desemprego-aponta-pesquisa-ipsos\\\/#primaryimage\"},\"thumbnailUrl\":\"https:\\\/\\\/www.cidademarketing.com.br\\\/marketing\\\/wp-content\\\/uploads\\\/2018\\\/07\\\/carteiradetrabalho.jpg\",\"keywords\":[\"marketing\"],\"articleSection\":[\"Not\u00edcias\",\"Pesquisa de Mercado\"],\"inLanguage\":\"pt-BR\",\"potentialAction\":[{\"@type\":\"CommentAction\",\"name\":\"Comment\",\"target\":[\"https:\\\/\\\/www.cidademarketing.com.br\\\/marketing\\\/2018\\\/12\\\/21\\\/brasil-e-o-segundo-pais-em-que-a-populacao-mais-superestima-o-nivel-de-desemprego-aponta-pesquisa-ipsos\\\/#respond\"]}]},{\"@type\":\"WebPage\",\"@id\":\"https:\\\/\\\/www.cidademarketing.com.br\\\/marketing\\\/2018\\\/12\\\/21\\\/brasil-e-o-segundo-pais-em-que-a-populacao-mais-superestima-o-nivel-de-desemprego-aponta-pesquisa-ipsos\\\/\",\"url\":\"https:\\\/\\\/www.cidademarketing.com.br\\\/marketing\\\/2018\\\/12\\\/21\\\/brasil-e-o-segundo-pais-em-que-a-populacao-mais-superestima-o-nivel-de-desemprego-aponta-pesquisa-ipsos\\\/\",\"name\":\"Brasil \u00e9 o segundo pa\u00eds em que a popula\u00e7\u00e3o mais superestima o n\u00edvel de desemprego, aponta pesquisa Ipsos - CidadeMarketing\",\"isPartOf\":{\"@id\":\"https:\\\/\\\/www.cidademarketing.com.br\\\/marketing\\\/#website\"},\"primaryImageOfPage\":{\"@id\":\"https:\\\/\\\/www.cidademarketing.com.br\\\/marketing\\\/2018\\\/12\\\/21\\\/brasil-e-o-segundo-pais-em-que-a-populacao-mais-superestima-o-nivel-de-desemprego-aponta-pesquisa-ipsos\\\/#primaryimage\"},\"image\":{\"@id\":\"https:\\\/\\\/www.cidademarketing.com.br\\\/marketing\\\/2018\\\/12\\\/21\\\/brasil-e-o-segundo-pais-em-que-a-populacao-mais-superestima-o-nivel-de-desemprego-aponta-pesquisa-ipsos\\\/#primaryimage\"},\"thumbnailUrl\":\"https:\\\/\\\/www.cidademarketing.com.br\\\/marketing\\\/wp-content\\\/uploads\\\/2018\\\/07\\\/carteiradetrabalho.jpg\",\"datePublished\":\"2018-12-21T23:59:07+00:00\",\"dateModified\":\"2018-12-21T23:59:09+00:00\",\"breadcrumb\":{\"@id\":\"https:\\\/\\\/www.cidademarketing.com.br\\\/marketing\\\/2018\\\/12\\\/21\\\/brasil-e-o-segundo-pais-em-que-a-populacao-mais-superestima-o-nivel-de-desemprego-aponta-pesquisa-ipsos\\\/#breadcrumb\"},\"inLanguage\":\"pt-BR\",\"potentialAction\":[{\"@type\":\"ReadAction\",\"target\":[\"https:\\\/\\\/www.cidademarketing.com.br\\\/marketing\\\/2018\\\/12\\\/21\\\/brasil-e-o-segundo-pais-em-que-a-populacao-mais-superestima-o-nivel-de-desemprego-aponta-pesquisa-ipsos\\\/\"]}]},{\"@type\":\"ImageObject\",\"inLanguage\":\"pt-BR\",\"@id\":\"https:\\\/\\\/www.cidademarketing.com.br\\\/marketing\\\/2018\\\/12\\\/21\\\/brasil-e-o-segundo-pais-em-que-a-populacao-mais-superestima-o-nivel-de-desemprego-aponta-pesquisa-ipsos\\\/#primaryimage\",\"url\":\"https:\\\/\\\/www.cidademarketing.com.br\\\/marketing\\\/wp-content\\\/uploads\\\/2018\\\/07\\\/carteiradetrabalho.jpg\",\"contentUrl\":\"https:\\\/\\\/www.cidademarketing.com.br\\\/marketing\\\/wp-content\\\/uploads\\\/2018\\\/07\\\/carteiradetrabalho.jpg\",\"width\":700,\"height\":402},{\"@type\":\"BreadcrumbList\",\"@id\":\"https:\\\/\\\/www.cidademarketing.com.br\\\/marketing\\\/2018\\\/12\\\/21\\\/brasil-e-o-segundo-pais-em-que-a-populacao-mais-superestima-o-nivel-de-desemprego-aponta-pesquisa-ipsos\\\/#breadcrumb\",\"itemListElement\":[{\"@type\":\"ListItem\",\"position\":1,\"name\":\"In\u00edcio\",\"item\":\"https:\\\/\\\/www.cidademarketing.com.br\\\/marketing\\\/\"},{\"@type\":\"ListItem\",\"position\":2,\"name\":\"Brasil \u00e9 o segundo pa\u00eds em que a popula\u00e7\u00e3o mais superestima o n\u00edvel de desemprego, aponta pesquisa Ipsos\"}]},{\"@type\":\"WebSite\",\"@id\":\"https:\\\/\\\/www.cidademarketing.com.br\\\/marketing\\\/#website\",\"url\":\"https:\\\/\\\/www.cidademarketing.com.br\\\/marketing\\\/\",\"name\":\"CidadeMarketing\",\"description\":\"Somos um ve\u00edculo de comunica\u00e7\u00e3o de destaque no Brasil, reconhecido por conte\u00fados nos segmentos de marketing, empreendedorismo e inova\u00e7\u00e3o.\",\"publisher\":{\"@id\":\"https:\\\/\\\/www.cidademarketing.com.br\\\/marketing\\\/#organization\"},\"alternateName\":\"CidadeMarketing\",\"potentialAction\":[{\"@type\":\"SearchAction\",\"target\":{\"@type\":\"EntryPoint\",\"urlTemplate\":\"https:\\\/\\\/www.cidademarketing.com.br\\\/marketing\\\/?s={search_term_string}\"},\"query-input\":{\"@type\":\"PropertyValueSpecification\",\"valueRequired\":true,\"valueName\":\"search_term_string\"}}],\"inLanguage\":\"pt-BR\"},{\"@type\":\"Organization\",\"@id\":\"https:\\\/\\\/www.cidademarketing.com.br\\\/marketing\\\/#organization\",\"name\":\"CidadeMarketing\",\"alternateName\":\"CidadeMarketing\",\"url\":\"https:\\\/\\\/www.cidademarketing.com.br\\\/marketing\\\/\",\"logo\":{\"@type\":\"ImageObject\",\"inLanguage\":\"pt-BR\",\"@id\":\"https:\\\/\\\/www.cidademarketing.com.br\\\/marketing\\\/#\\\/schema\\\/logo\\\/image\\\/\",\"url\":\"https:\\\/\\\/www.cidademarketing.com.br\\\/marketing\\\/wp-content\\\/uploads\\\/2020\\\/01\\\/cidademarketing_marca_mobile.png\",\"contentUrl\":\"https:\\\/\\\/www.cidademarketing.com.br\\\/marketing\\\/wp-content\\\/uploads\\\/2020\\\/01\\\/cidademarketing_marca_mobile.png\",\"width\":230,\"height\":92,\"caption\":\"CidadeMarketing\"},\"image\":{\"@id\":\"https:\\\/\\\/www.cidademarketing.com.br\\\/marketing\\\/#\\\/schema\\\/logo\\\/image\\\/\"},\"sameAs\":[\"https:\\\/\\\/www.facebook.com\\\/portalcidademarketing\",\"https:\\\/\\\/x.com\\\/CidadeMarketing\",\"https:\\\/\\\/www.instagram.com\\\/cidademarketing\\\/\"]},{\"@type\":\"Person\",\"@id\":\"https:\\\/\\\/www.cidademarketing.com.br\\\/marketing\\\/#\\\/schema\\\/person\\\/02daff9f18bd9378c9e01eb6b2db155f\",\"name\":\"Thales Brand\u00e3o\",\"image\":{\"@type\":\"ImageObject\",\"inLanguage\":\"pt-BR\",\"@id\":\"https:\\\/\\\/secure.gravatar.com\\\/avatar\\\/7ca3206950207cc3cb48feec56a8a7898741ab725c368d99d5d7a5a50aab80c6?s=96&d=mm&r=g\",\"url\":\"https:\\\/\\\/secure.gravatar.com\\\/avatar\\\/7ca3206950207cc3cb48feec56a8a7898741ab725c368d99d5d7a5a50aab80c6?s=96&d=mm&r=g\",\"contentUrl\":\"https:\\\/\\\/secure.gravatar.com\\\/avatar\\\/7ca3206950207cc3cb48feec56a8a7898741ab725c368d99d5d7a5a50aab80c6?s=96&d=mm&r=g\",\"caption\":\"Thales Brand\u00e3o\"},\"description\":\"Editor Executivo do Portal CidadeMarketing.com.br &gt; Mestre em Comunica\u00e7\u00e3o e Sociedade pela Universidade Federal de Sergipe. Possui MBA Executivo em Administra\u00e7\u00e3o com \u00eanfase em Marketing pela Funda\u00e7\u00e3o Get\u00falio Vargas - Rio de Janeiro. Consultor, Palestrante e Pesquisador sobre Empreendedorismo, Marketing, Redes Sociais e Neg\u00f3cios Digitais. Professor, Palestrante TedxTalks e Campus Party. Twitter: @ThalesBrandao\",\"sameAs\":[\"http:\\\/\\\/www.mandacaru.com.br\",\"https:\\\/\\\/www.facebook.com\\\/thalesbrandao\",\"http:\\\/\\\/www.instagram.com.br\\\/thalesbrandaoferreira\",\"https:\\\/\\\/www.linkedin.com\\\/in\\\/thales-brand\u00e3o-3948609\\\/\",\"https:\\\/\\\/x.com\\\/http:\\\/\\\/www.twitter.com\\\/thalesbrandao\"],\"url\":\"https:\\\/\\\/www.cidademarketing.com.br\\\/marketing\\\/author\\\/thalesbrandao\\\/\"}]}<\/script>\n<!-- \/ Yoast SEO plugin. -->","yoast_head_json":{"title":"Brasil \u00e9 o segundo pa\u00eds em que a popula\u00e7\u00e3o mais superestima o n\u00edvel de desemprego, aponta pesquisa Ipsos - CidadeMarketing","robots":{"index":"index","follow":"follow","max-snippet":"max-snippet:-1","max-image-preview":"max-image-preview:large","max-video-preview":"max-video-preview:-1"},"canonical":"https:\/\/www.cidademarketing.com.br\/marketing\/2018\/12\/21\/brasil-e-o-segundo-pais-em-que-a-populacao-mais-superestima-o-nivel-de-desemprego-aponta-pesquisa-ipsos\/","og_locale":"pt_BR","og_type":"article","og_title":"Brasil \u00e9 o segundo pa\u00eds em que a popula\u00e7\u00e3o mais superestima o n\u00edvel de desemprego, aponta pesquisa Ipsos - CidadeMarketing","og_description":"O Brasil \u00e9 o segundo pa\u00eds do mundo em que a popula\u00e7\u00e3o mais superestima a propor\u00e7\u00e3o de pessoas desempregadas e que procuram trabalho. O palpite m\u00e9dio em todo o estudo foi 5 vezes maior do que o real (34% quando na realidade \u00e9 mais pr\u00f3ximo de 7%). No Brasil, a estimativa \u00e9 de 60% de [&hellip;]","og_url":"https:\/\/www.cidademarketing.com.br\/marketing\/2018\/12\/21\/brasil-e-o-segundo-pais-em-que-a-populacao-mais-superestima-o-nivel-de-desemprego-aponta-pesquisa-ipsos\/","og_site_name":"CidadeMarketing","article_publisher":"https:\/\/www.facebook.com\/portalcidademarketing","article_author":"https:\/\/www.facebook.com\/thalesbrandao","article_published_time":"2018-12-21T23:59:07+00:00","article_modified_time":"2018-12-21T23:59:09+00:00","og_image":[{"width":700,"height":402,"url":"https:\/\/www.cidademarketing.com.br\/marketing\/wp-content\/uploads\/2018\/07\/carteiradetrabalho.jpg","type":"image\/jpeg"}],"author":"Thales Brand\u00e3o","twitter_card":"summary_large_image","twitter_creator":"@http:\/\/www.twitter.com\/thalesbrandao","twitter_site":"@CidadeMarketing","twitter_misc":{"Escrito por":"Thales Brand\u00e3o","Est. tempo de leitura":"4 minutos"},"schema":{"@context":"https:\/\/schema.org","@graph":[{"@type":"Article","@id":"https:\/\/www.cidademarketing.com.br\/marketing\/2018\/12\/21\/brasil-e-o-segundo-pais-em-que-a-populacao-mais-superestima-o-nivel-de-desemprego-aponta-pesquisa-ipsos\/#article","isPartOf":{"@id":"https:\/\/www.cidademarketing.com.br\/marketing\/2018\/12\/21\/brasil-e-o-segundo-pais-em-que-a-populacao-mais-superestima-o-nivel-de-desemprego-aponta-pesquisa-ipsos\/"},"author":{"name":"Thales Brand\u00e3o","@id":"https:\/\/www.cidademarketing.com.br\/marketing\/#\/schema\/person\/02daff9f18bd9378c9e01eb6b2db155f"},"headline":"Brasil \u00e9 o segundo pa\u00eds em que a popula\u00e7\u00e3o mais superestima o n\u00edvel de desemprego, aponta pesquisa Ipsos","datePublished":"2018-12-21T23:59:07+00:00","dateModified":"2018-12-21T23:59:09+00:00","mainEntityOfPage":{"@id":"https:\/\/www.cidademarketing.com.br\/marketing\/2018\/12\/21\/brasil-e-o-segundo-pais-em-que-a-populacao-mais-superestima-o-nivel-de-desemprego-aponta-pesquisa-ipsos\/"},"wordCount":742,"commentCount":0,"publisher":{"@id":"https:\/\/www.cidademarketing.com.br\/marketing\/#organization"},"image":{"@id":"https:\/\/www.cidademarketing.com.br\/marketing\/2018\/12\/21\/brasil-e-o-segundo-pais-em-que-a-populacao-mais-superestima-o-nivel-de-desemprego-aponta-pesquisa-ipsos\/#primaryimage"},"thumbnailUrl":"https:\/\/www.cidademarketing.com.br\/marketing\/wp-content\/uploads\/2018\/07\/carteiradetrabalho.jpg","keywords":["marketing"],"articleSection":["Not\u00edcias","Pesquisa de Mercado"],"inLanguage":"pt-BR","potentialAction":[{"@type":"CommentAction","name":"Comment","target":["https:\/\/www.cidademarketing.com.br\/marketing\/2018\/12\/21\/brasil-e-o-segundo-pais-em-que-a-populacao-mais-superestima-o-nivel-de-desemprego-aponta-pesquisa-ipsos\/#respond"]}]},{"@type":"WebPage","@id":"https:\/\/www.cidademarketing.com.br\/marketing\/2018\/12\/21\/brasil-e-o-segundo-pais-em-que-a-populacao-mais-superestima-o-nivel-de-desemprego-aponta-pesquisa-ipsos\/","url":"https:\/\/www.cidademarketing.com.br\/marketing\/2018\/12\/21\/brasil-e-o-segundo-pais-em-que-a-populacao-mais-superestima-o-nivel-de-desemprego-aponta-pesquisa-ipsos\/","name":"Brasil \u00e9 o segundo pa\u00eds em que a popula\u00e7\u00e3o mais superestima o n\u00edvel de desemprego, aponta pesquisa Ipsos - CidadeMarketing","isPartOf":{"@id":"https:\/\/www.cidademarketing.com.br\/marketing\/#website"},"primaryImageOfPage":{"@id":"https:\/\/www.cidademarketing.com.br\/marketing\/2018\/12\/21\/brasil-e-o-segundo-pais-em-que-a-populacao-mais-superestima-o-nivel-de-desemprego-aponta-pesquisa-ipsos\/#primaryimage"},"image":{"@id":"https:\/\/www.cidademarketing.com.br\/marketing\/2018\/12\/21\/brasil-e-o-segundo-pais-em-que-a-populacao-mais-superestima-o-nivel-de-desemprego-aponta-pesquisa-ipsos\/#primaryimage"},"thumbnailUrl":"https:\/\/www.cidademarketing.com.br\/marketing\/wp-content\/uploads\/2018\/07\/carteiradetrabalho.jpg","datePublished":"2018-12-21T23:59:07+00:00","dateModified":"2018-12-21T23:59:09+00:00","breadcrumb":{"@id":"https:\/\/www.cidademarketing.com.br\/marketing\/2018\/12\/21\/brasil-e-o-segundo-pais-em-que-a-populacao-mais-superestima-o-nivel-de-desemprego-aponta-pesquisa-ipsos\/#breadcrumb"},"inLanguage":"pt-BR","potentialAction":[{"@type":"ReadAction","target":["https:\/\/www.cidademarketing.com.br\/marketing\/2018\/12\/21\/brasil-e-o-segundo-pais-em-que-a-populacao-mais-superestima-o-nivel-de-desemprego-aponta-pesquisa-ipsos\/"]}]},{"@type":"ImageObject","inLanguage":"pt-BR","@id":"https:\/\/www.cidademarketing.com.br\/marketing\/2018\/12\/21\/brasil-e-o-segundo-pais-em-que-a-populacao-mais-superestima-o-nivel-de-desemprego-aponta-pesquisa-ipsos\/#primaryimage","url":"https:\/\/www.cidademarketing.com.br\/marketing\/wp-content\/uploads\/2018\/07\/carteiradetrabalho.jpg","contentUrl":"https:\/\/www.cidademarketing.com.br\/marketing\/wp-content\/uploads\/2018\/07\/carteiradetrabalho.jpg","width":700,"height":402},{"@type":"BreadcrumbList","@id":"https:\/\/www.cidademarketing.com.br\/marketing\/2018\/12\/21\/brasil-e-o-segundo-pais-em-que-a-populacao-mais-superestima-o-nivel-de-desemprego-aponta-pesquisa-ipsos\/#breadcrumb","itemListElement":[{"@type":"ListItem","position":1,"name":"In\u00edcio","item":"https:\/\/www.cidademarketing.com.br\/marketing\/"},{"@type":"ListItem","position":2,"name":"Brasil \u00e9 o segundo pa\u00eds em que a popula\u00e7\u00e3o mais superestima o n\u00edvel de desemprego, aponta pesquisa Ipsos"}]},{"@type":"WebSite","@id":"https:\/\/www.cidademarketing.com.br\/marketing\/#website","url":"https:\/\/www.cidademarketing.com.br\/marketing\/","name":"CidadeMarketing","description":"Somos um ve\u00edculo de comunica\u00e7\u00e3o de destaque no Brasil, reconhecido por conte\u00fados nos segmentos de marketing, empreendedorismo e inova\u00e7\u00e3o.","publisher":{"@id":"https:\/\/www.cidademarketing.com.br\/marketing\/#organization"},"alternateName":"CidadeMarketing","potentialAction":[{"@type":"SearchAction","target":{"@type":"EntryPoint","urlTemplate":"https:\/\/www.cidademarketing.com.br\/marketing\/?s={search_term_string}"},"query-input":{"@type":"PropertyValueSpecification","valueRequired":true,"valueName":"search_term_string"}}],"inLanguage":"pt-BR"},{"@type":"Organization","@id":"https:\/\/www.cidademarketing.com.br\/marketing\/#organization","name":"CidadeMarketing","alternateName":"CidadeMarketing","url":"https:\/\/www.cidademarketing.com.br\/marketing\/","logo":{"@type":"ImageObject","inLanguage":"pt-BR","@id":"https:\/\/www.cidademarketing.com.br\/marketing\/#\/schema\/logo\/image\/","url":"https:\/\/www.cidademarketing.com.br\/marketing\/wp-content\/uploads\/2020\/01\/cidademarketing_marca_mobile.png","contentUrl":"https:\/\/www.cidademarketing.com.br\/marketing\/wp-content\/uploads\/2020\/01\/cidademarketing_marca_mobile.png","width":230,"height":92,"caption":"CidadeMarketing"},"image":{"@id":"https:\/\/www.cidademarketing.com.br\/marketing\/#\/schema\/logo\/image\/"},"sameAs":["https:\/\/www.facebook.com\/portalcidademarketing","https:\/\/x.com\/CidadeMarketing","https:\/\/www.instagram.com\/cidademarketing\/"]},{"@type":"Person","@id":"https:\/\/www.cidademarketing.com.br\/marketing\/#\/schema\/person\/02daff9f18bd9378c9e01eb6b2db155f","name":"Thales Brand\u00e3o","image":{"@type":"ImageObject","inLanguage":"pt-BR","@id":"https:\/\/secure.gravatar.com\/avatar\/7ca3206950207cc3cb48feec56a8a7898741ab725c368d99d5d7a5a50aab80c6?s=96&d=mm&r=g","url":"https:\/\/secure.gravatar.com\/avatar\/7ca3206950207cc3cb48feec56a8a7898741ab725c368d99d5d7a5a50aab80c6?s=96&d=mm&r=g","contentUrl":"https:\/\/secure.gravatar.com\/avatar\/7ca3206950207cc3cb48feec56a8a7898741ab725c368d99d5d7a5a50aab80c6?s=96&d=mm&r=g","caption":"Thales Brand\u00e3o"},"description":"Editor Executivo do Portal CidadeMarketing.com.br &gt; Mestre em Comunica\u00e7\u00e3o e Sociedade pela Universidade Federal de Sergipe. Possui MBA Executivo em Administra\u00e7\u00e3o com \u00eanfase em Marketing pela Funda\u00e7\u00e3o Get\u00falio Vargas - Rio de Janeiro. Consultor, Palestrante e Pesquisador sobre Empreendedorismo, Marketing, Redes Sociais e Neg\u00f3cios Digitais. Professor, Palestrante TedxTalks e Campus Party. Twitter: @ThalesBrandao","sameAs":["http:\/\/www.mandacaru.com.br","https:\/\/www.facebook.com\/thalesbrandao","http:\/\/www.instagram.com.br\/thalesbrandaoferreira","https:\/\/www.linkedin.com\/in\/thales-brand\u00e3o-3948609\/","https:\/\/x.com\/http:\/\/www.twitter.com\/thalesbrandao"],"url":"https:\/\/www.cidademarketing.com.br\/marketing\/author\/thalesbrandao\/"}]}},"amp_enabled":true,"_links":{"self":[{"href":"https:\/\/www.cidademarketing.com.br\/marketing\/wp-json\/wp\/v2\/posts\/4303","targetHints":{"allow":["GET"]}}],"collection":[{"href":"https:\/\/www.cidademarketing.com.br\/marketing\/wp-json\/wp\/v2\/posts"}],"about":[{"href":"https:\/\/www.cidademarketing.com.br\/marketing\/wp-json\/wp\/v2\/types\/post"}],"author":[{"embeddable":true,"href":"https:\/\/www.cidademarketing.com.br\/marketing\/wp-json\/wp\/v2\/users\/1"}],"replies":[{"embeddable":true,"href":"https:\/\/www.cidademarketing.com.br\/marketing\/wp-json\/wp\/v2\/comments?post=4303"}],"version-history":[{"count":1,"href":"https:\/\/www.cidademarketing.com.br\/marketing\/wp-json\/wp\/v2\/posts\/4303\/revisions"}],"predecessor-version":[{"id":4304,"href":"https:\/\/www.cidademarketing.com.br\/marketing\/wp-json\/wp\/v2\/posts\/4303\/revisions\/4304"}],"wp:featuredmedia":[{"embeddable":true,"href":"https:\/\/www.cidademarketing.com.br\/marketing\/wp-json\/wp\/v2\/media\/1454"}],"wp:attachment":[{"href":"https:\/\/www.cidademarketing.com.br\/marketing\/wp-json\/wp\/v2\/media?parent=4303"}],"wp:term":[{"taxonomy":"category","embeddable":true,"href":"https:\/\/www.cidademarketing.com.br\/marketing\/wp-json\/wp\/v2\/categories?post=4303"},{"taxonomy":"post_tag","embeddable":true,"href":"https:\/\/www.cidademarketing.com.br\/marketing\/wp-json\/wp\/v2\/tags?post=4303"}],"curies":[{"name":"wp","href":"https:\/\/api.w.org\/{rel}","templated":true}]}}