{"id":43021,"date":"2023-02-05T01:59:50","date_gmt":"2023-02-05T04:59:50","guid":{"rendered":"https:\/\/www.cidademarketing.com.br\/marketing\/?p=43021"},"modified":"2023-02-05T01:59:50","modified_gmt":"2023-02-05T04:59:50","slug":"carnauol-2023-claudia-leitte-contagia-publico-com-energia-do-carnaval","status":"publish","type":"post","link":"https:\/\/www.cidademarketing.com.br\/marketing\/2023\/02\/05\/carnauol-2023-claudia-leitte-contagia-publico-com-energia-do-carnaval\/","title":{"rendered":"CarnaUOL 2023: Claudia Leitte contagia p\u00fablico com energia do Carnaval"},"content":{"rendered":"<p>Perto do encerramento da 8\u00aa edi\u00e7\u00e3o do CarnaUOL, Claudia Leitte manteve a energia contagiante do Carnaval no Allianz Parque. A artista entrou no palco com um look vermelho e cantou grandes sucessos como &#8220;Extravasa&#8221;, &#8220;Beijar na Boca&#8221;, &#8220;Largadinho&#8221; e &#8220;Claudinha Bagunceira&#8221;. A cantora se apresentou ap\u00f3s Lu\u00edsa Sonza, Dubdogz e Gloria Groove. Para fechar a noite, os foli\u00f5es ir\u00e3o acompanhar a dulpa sertaneja Z\u00e9 Neto e Cristiano.<\/p>\n<p>&nbsp;<\/p>\n\r\n                <style type=\"text\/css\">\r\n                    \r\n                    #tdi_1  .td-doubleSlider-2 .td-item1 {\r\n                        background: url(https:\/\/www.cidademarketing.com.br\/marketing\/wp-content\/uploads\/2023\/02\/claudialeitte_01-80x60.jpg) 0 0 no-repeat;\r\n                    }\r\n                    #tdi_1  .td-doubleSlider-2 .td-item2 {\r\n                        background: url(https:\/\/www.cidademarketing.com.br\/marketing\/wp-content\/uploads\/2023\/02\/claudialeitte_02-80x60.jpg) 0 0 no-repeat;\r\n                    }\r\n                    #tdi_1  .td-doubleSlider-2 .td-item3 {\r\n                        background: url(https:\/\/www.cidademarketing.com.br\/marketing\/wp-content\/uploads\/2023\/02\/claudialeitte_03-80x60.jpg) 0 0 no-repeat;\r\n                    }\r\n                    #tdi_1  .td-doubleSlider-2 .td-item4 {\r\n                        background: url(https:\/\/www.cidademarketing.com.br\/marketing\/wp-content\/uploads\/2023\/02\/claudialeitte_04-80x60.jpg) 0 0 no-repeat;\r\n                    }\r\n                <\/style>\r\n\r\n                <div id=\"tdi_1\" class=\"td-gallery td-slide-on-2-columns\">\r\n                    <div class=\"post_td_gallery\">\r\n                        <div class=\"td-gallery-slide-top\">\r\n                           <div class=\"td-gallery-title\"><\/div>\r\n\r\n                            <div class=\"td-gallery-controls-wrapper\">\r\n                                <div class=\"td-gallery-slide-count\"><span class=\"td-gallery-slide-item-focus\">1<\/span> de 4<\/div>\r\n                                <div class=\"td-gallery-slide-prev-next-but\">\r\n                                    <i class = \"td-icon-left doubleSliderPrevButton\"><\/i>\r\n                                    <i class = \"td-icon-right doubleSliderNextButton\"><\/i>\r\n                                <\/div>\r\n                            <\/div>\r\n                        <\/div>\r\n\r\n                        <div class = \"td-doubleSlider-1 \">\r\n                            <div class = \"td-slider\">\r\n                                \r\n                    <div class = \"td-slide-item td-item1\">\r\n                        <figure class=\"td-slide-galery-figure td-slide-popup-gallery\">\r\n                            <a class=\"slide-gallery-image-link\" href=\"https:\/\/www.cidademarketing.com.br\/marketing\/wp-content\/uploads\/2023\/02\/claudialeitte_01-scaled.jpg\" title=\"claudialeitte_01\"  data-caption=\"Claudia Leitte subiu no palco com look vermelho \n@flashbang \/ Divulga\u00e7\u00e3o UOL \n\"  data-description=\"\">\r\n                                <img decoding=\"async\" src=\"https:\/\/www.cidademarketing.com.br\/marketing\/wp-content\/uploads\/2023\/02\/claudialeitte_01-280x420.jpg\" srcset=\"https:\/\/www.cidademarketing.com.br\/marketing\/wp-content\/uploads\/2023\/02\/claudialeitte_01-280x420.jpg 280w, https:\/\/www.cidademarketing.com.br\/marketing\/wp-content\/uploads\/2023\/02\/claudialeitte_01-200x300.jpg 200w, https:\/\/www.cidademarketing.com.br\/marketing\/wp-content\/uploads\/2023\/02\/claudialeitte_01-683x1024.jpg 683w, https:\/\/www.cidademarketing.com.br\/marketing\/wp-content\/uploads\/2023\/02\/claudialeitte_01-768x1151.jpg 768w, https:\/\/www.cidademarketing.com.br\/marketing\/wp-content\/uploads\/2023\/02\/claudialeitte_01-1025x1536.jpg 1025w, https:\/\/www.cidademarketing.com.br\/marketing\/wp-content\/uploads\/2023\/02\/claudialeitte_01-1366x2048.jpg 1366w, https:\/\/www.cidademarketing.com.br\/marketing\/wp-content\/uploads\/2023\/02\/claudialeitte_01-640x960.jpg 640w, https:\/\/www.cidademarketing.com.br\/marketing\/wp-content\/uploads\/2023\/02\/claudialeitte_01-681x1021.jpg 681w, https:\/\/www.cidademarketing.com.br\/marketing\/wp-content\/uploads\/2023\/02\/claudialeitte_01-scaled.jpg 1708w\" sizes=\"(max-width: 280px) 100vw, 280px\" alt=\"\">\r\n                            <\/a>\r\n                            <figcaption class = \"td-slide-caption td-gallery-slide-content\"><div class = \"td-gallery-slide-copywrite\">Claudia Leitte subiu no palco com look vermelho \n@flashbang \/ Divulga\u00e7\u00e3o UOL \n<\/div><\/figcaption>\r\n                        <\/figure>\r\n                    <\/div>\r\n                    <div class = \"td-slide-item td-item2\">\r\n                        <figure class=\"td-slide-galery-figure td-slide-popup-gallery\">\r\n                            <a class=\"slide-gallery-image-link\" href=\"https:\/\/www.cidademarketing.com.br\/marketing\/wp-content\/uploads\/2023\/02\/claudialeitte_02-scaled.jpg\" title=\"claudialeitte_02\"  data-caption=\"Claudia Leitte animou o p\u00fablico com grandes sucessos \n@flashbang \/ Divulga\u00e7\u00e3o UOL \n\"  data-description=\"\">\r\n                                <img decoding=\"async\" src=\"https:\/\/www.cidademarketing.com.br\/marketing\/wp-content\/uploads\/2023\/02\/claudialeitte_02-280x420.jpg\" srcset=\"https:\/\/www.cidademarketing.com.br\/marketing\/wp-content\/uploads\/2023\/02\/claudialeitte_02-280x420.jpg 280w, https:\/\/www.cidademarketing.com.br\/marketing\/wp-content\/uploads\/2023\/02\/claudialeitte_02-200x300.jpg 200w, https:\/\/www.cidademarketing.com.br\/marketing\/wp-content\/uploads\/2023\/02\/claudialeitte_02-683x1024.jpg 683w, https:\/\/www.cidademarketing.com.br\/marketing\/wp-content\/uploads\/2023\/02\/claudialeitte_02-768x1152.jpg 768w, https:\/\/www.cidademarketing.com.br\/marketing\/wp-content\/uploads\/2023\/02\/claudialeitte_02-1024x1536.jpg 1024w, https:\/\/www.cidademarketing.com.br\/marketing\/wp-content\/uploads\/2023\/02\/claudialeitte_02-1366x2048.jpg 1366w, https:\/\/www.cidademarketing.com.br\/marketing\/wp-content\/uploads\/2023\/02\/claudialeitte_02-640x960.jpg 640w, https:\/\/www.cidademarketing.com.br\/marketing\/wp-content\/uploads\/2023\/02\/claudialeitte_02-681x1021.jpg 681w, https:\/\/www.cidademarketing.com.br\/marketing\/wp-content\/uploads\/2023\/02\/claudialeitte_02-scaled.jpg 1707w\" sizes=\"(max-width: 280px) 100vw, 280px\" alt=\"\">\r\n                            <\/a>\r\n                            <figcaption class = \"td-slide-caption td-gallery-slide-content\"><div class = \"td-gallery-slide-copywrite\">Claudia Leitte animou o p\u00fablico com grandes sucessos \n@flashbang \/ Divulga\u00e7\u00e3o UOL \n<\/div><\/figcaption>\r\n                        <\/figure>\r\n                    <\/div>\r\n                    <div class = \"td-slide-item td-item3\">\r\n                        <figure class=\"td-slide-galery-figure td-slide-popup-gallery\">\r\n                            <a class=\"slide-gallery-image-link\" href=\"https:\/\/www.cidademarketing.com.br\/marketing\/wp-content\/uploads\/2023\/02\/claudialeitte_03-scaled.jpg\" title=\"claudialeitte_03\"  data-caption=\"Cantora trouxe a energia do Carnaval para o Allianz Parque \n@flashbang \/ Divulga\u00e7\u00e3o UOL \n\"  data-description=\"\">\r\n                                <img decoding=\"async\" src=\"https:\/\/www.cidademarketing.com.br\/marketing\/wp-content\/uploads\/2023\/02\/claudialeitte_03-280x420.jpg\" srcset=\"https:\/\/www.cidademarketing.com.br\/marketing\/wp-content\/uploads\/2023\/02\/claudialeitte_03-280x420.jpg 280w, https:\/\/www.cidademarketing.com.br\/marketing\/wp-content\/uploads\/2023\/02\/claudialeitte_03-200x300.jpg 200w, https:\/\/www.cidademarketing.com.br\/marketing\/wp-content\/uploads\/2023\/02\/claudialeitte_03-683x1024.jpg 683w, https:\/\/www.cidademarketing.com.br\/marketing\/wp-content\/uploads\/2023\/02\/claudialeitte_03-768x1151.jpg 768w, https:\/\/www.cidademarketing.com.br\/marketing\/wp-content\/uploads\/2023\/02\/claudialeitte_03-1025x1536.jpg 1025w, https:\/\/www.cidademarketing.com.br\/marketing\/wp-content\/uploads\/2023\/02\/claudialeitte_03-1366x2048.jpg 1366w, https:\/\/www.cidademarketing.com.br\/marketing\/wp-content\/uploads\/2023\/02\/claudialeitte_03-640x960.jpg 640w, https:\/\/www.cidademarketing.com.br\/marketing\/wp-content\/uploads\/2023\/02\/claudialeitte_03-681x1021.jpg 681w, https:\/\/www.cidademarketing.com.br\/marketing\/wp-content\/uploads\/2023\/02\/claudialeitte_03-scaled.jpg 1708w\" sizes=\"(max-width: 280px) 100vw, 280px\" alt=\"\">\r\n                            <\/a>\r\n                            <figcaption class = \"td-slide-caption td-gallery-slide-content\"><div class = \"td-gallery-slide-copywrite\">Cantora trouxe a energia do Carnaval para o Allianz Parque \n@flashbang \/ Divulga\u00e7\u00e3o UOL \n<\/div><\/figcaption>\r\n                        <\/figure>\r\n                    <\/div>\r\n                    <div class = \"td-slide-item td-item4\">\r\n                        <figure class=\"td-slide-galery-figure td-slide-popup-gallery\">\r\n                            <a class=\"slide-gallery-image-link\" href=\"https:\/\/www.cidademarketing.com.br\/marketing\/wp-content\/uploads\/2023\/02\/claudialeitte_04-scaled.jpg\" title=\"claudialeitte_04\"  data-caption=\"Claudia Leitte esbanja simpatia e alegria no palco do CarnaUOL 2023 \n@flashbang \/ Divulga\u00e7\u00e3o UOL \n\"  data-description=\"\">\r\n                                <img decoding=\"async\" src=\"https:\/\/www.cidademarketing.com.br\/marketing\/wp-content\/uploads\/2023\/02\/claudialeitte_04-630x420.jpg\" srcset=\"https:\/\/www.cidademarketing.com.br\/marketing\/wp-content\/uploads\/2023\/02\/claudialeitte_04-630x420.jpg 630w, https:\/\/www.cidademarketing.com.br\/marketing\/wp-content\/uploads\/2023\/02\/claudialeitte_04-300x200.jpg 300w, https:\/\/www.cidademarketing.com.br\/marketing\/wp-content\/uploads\/2023\/02\/claudialeitte_04-1024x683.jpg 1024w, https:\/\/www.cidademarketing.com.br\/marketing\/wp-content\/uploads\/2023\/02\/claudialeitte_04-768x512.jpg 768w, https:\/\/www.cidademarketing.com.br\/marketing\/wp-content\/uploads\/2023\/02\/claudialeitte_04-1536x1024.jpg 1536w, https:\/\/www.cidademarketing.com.br\/marketing\/wp-content\/uploads\/2023\/02\/claudialeitte_04-2048x1366.jpg 2048w, https:\/\/www.cidademarketing.com.br\/marketing\/wp-content\/uploads\/2023\/02\/claudialeitte_04-640x427.jpg 640w, https:\/\/www.cidademarketing.com.br\/marketing\/wp-content\/uploads\/2023\/02\/claudialeitte_04-681x454.jpg 681w\" sizes=\"(max-width: 630px) 100vw, 630px\" alt=\"\">\r\n                            <\/a>\r\n                            <figcaption class = \"td-slide-caption td-gallery-slide-content\"><div class = \"td-gallery-slide-copywrite\">Claudia Leitte esbanja simpatia e alegria no palco do CarnaUOL 2023 \n@flashbang \/ Divulga\u00e7\u00e3o UOL \n<\/div><\/figcaption>\r\n                        <\/figure>\r\n                    <\/div>\r\n                            <\/div>\r\n                        <\/div>\r\n\r\n                        <div class = \"td-doubleSlider-2\">\r\n                            <div class = \"td-slider\">\r\n                                \r\n                    <div class = \"td-button td-item1\">\r\n                        <div class = \"td-border\"><\/div>\r\n                    <\/div>\r\n                    <div class = \"td-button td-item2\">\r\n                        <div class = \"td-border\"><\/div>\r\n                    <\/div>\r\n                    <div class = \"td-button td-item3\">\r\n                        <div class = \"td-border\"><\/div>\r\n                    <\/div>\r\n                    <div class = \"td-button td-item4\">\r\n                        <div class = \"td-border\"><\/div>\r\n                    <\/div>\r\n                            <\/div>\r\n                        <\/div>\r\n\r\n                    <\/div>\r\n\r\n                <\/div>\r\n                \n<p>&nbsp;<\/p>\n<p><iframe style=\"width: 100%; max-width: 660px; overflow: hidden; background: transparent;\" src=\"https:\/\/embed.podcasts.apple.com\/br\/podcast\/podcast-cidademarketing\/id1371923283\" height=\"450\" frameborder=\"0\" sandbox=\"allow-forms allow-popups allow-same-origin allow-scripts allow-storage-access-by-user-activation allow-top-navigation-by-user-activation\"><\/iframe><\/p>\n","protected":false},"excerpt":{"rendered":"<p>Perto do encerramento da 8\u00aa edi\u00e7\u00e3o do CarnaUOL, Claudia Leitte manteve a energia contagiante do Carnaval no Allianz Parque. A artista entrou no palco com um look vermelho e cantou grandes sucessos como &#8220;Extravasa&#8221;, &#8220;Beijar na Boca&#8221;, &#8220;Largadinho&#8221; e &#8220;Claudinha Bagunceira&#8221;. A cantora se apresentou ap\u00f3s Lu\u00edsa Sonza, Dubdogz e Gloria Groove. Para fechar a [&hellip;]<\/p>\n","protected":false},"author":1,"featured_media":43025,"comment_status":"open","ping_status":"open","sticky":false,"template":"","format":"standard","meta":{"tdm_status":"","tdm_grid_status":"","footnotes":""},"categories":[6],"tags":[5878,1209,33,28,26,1200],"class_list":["post-43021","post","type-post","status-publish","format-standard","has-post-thumbnail","hentry","category-noticias","tag-carnauol-2023","tag-carnaval","tag-estrategia","tag-marketing","tag-marketing-digital","tag-sp"],"yoast_head":"<!-- This site is optimized with the Yoast SEO plugin v27.5 - https:\/\/yoast.com\/product\/yoast-seo-wordpress\/ -->\n<title>CarnaUOL 2023: Claudia Leitte contagia p\u00fablico com energia do Carnaval - CidadeMarketing<\/title>\n<meta name=\"robots\" content=\"index, follow, max-snippet:-1, max-image-preview:large, max-video-preview:-1\" \/>\n<link rel=\"canonical\" href=\"https:\/\/www.cidademarketing.com.br\/marketing\/2023\/02\/05\/carnauol-2023-claudia-leitte-contagia-publico-com-energia-do-carnaval\/\" \/>\n<meta property=\"og:locale\" content=\"pt_BR\" \/>\n<meta property=\"og:type\" content=\"article\" \/>\n<meta property=\"og:title\" content=\"CarnaUOL 2023: Claudia Leitte contagia p\u00fablico com energia do Carnaval - CidadeMarketing\" \/>\n<meta property=\"og:description\" content=\"Perto do encerramento da 8\u00aa edi\u00e7\u00e3o do CarnaUOL, Claudia Leitte manteve a energia contagiante do Carnaval no Allianz Parque. A artista entrou no palco com um look vermelho e cantou grandes sucessos como &#8220;Extravasa&#8221;, &#8220;Beijar na Boca&#8221;, &#8220;Largadinho&#8221; e &#8220;Claudinha Bagunceira&#8221;. A cantora se apresentou ap\u00f3s Lu\u00edsa Sonza, Dubdogz e Gloria Groove. Para fechar a [&hellip;]\" \/>\n<meta property=\"og:url\" content=\"https:\/\/www.cidademarketing.com.br\/marketing\/2023\/02\/05\/carnauol-2023-claudia-leitte-contagia-publico-com-energia-do-carnaval\/\" \/>\n<meta property=\"og:site_name\" content=\"CidadeMarketing\" \/>\n<meta property=\"article:publisher\" content=\"https:\/\/www.facebook.com\/portalcidademarketing\" \/>\n<meta property=\"article:author\" content=\"https:\/\/www.facebook.com\/thalesbrandao\" \/>\n<meta property=\"article:published_time\" content=\"2023-02-05T04:59:50+00:00\" \/>\n<meta property=\"og:image\" content=\"https:\/\/www.cidademarketing.com.br\/marketing\/wp-content\/uploads\/2023\/02\/claudialeitte_04-scaled.jpg\" \/>\n\t<meta property=\"og:image:width\" content=\"2560\" \/>\n\t<meta property=\"og:image:height\" content=\"1707\" \/>\n\t<meta property=\"og:image:type\" content=\"image\/jpeg\" \/>\n<meta name=\"author\" content=\"Thales Brand\u00e3o\" \/>\n<meta name=\"twitter:card\" content=\"summary_large_image\" \/>\n<meta name=\"twitter:creator\" content=\"@http:\/\/www.twitter.com\/thalesbrandao\" \/>\n<meta name=\"twitter:site\" content=\"@CidadeMarketing\" \/>\n<meta name=\"twitter:label1\" content=\"Escrito por\" \/>\n\t<meta name=\"twitter:data1\" content=\"Thales Brand\u00e3o\" \/>\n<script type=\"application\/ld+json\" class=\"yoast-schema-graph\">{\"@context\":\"https:\\\/\\\/schema.org\",\"@graph\":[{\"@type\":\"Article\",\"@id\":\"https:\\\/\\\/www.cidademarketing.com.br\\\/marketing\\\/2023\\\/02\\\/05\\\/carnauol-2023-claudia-leitte-contagia-publico-com-energia-do-carnaval\\\/#article\",\"isPartOf\":{\"@id\":\"https:\\\/\\\/www.cidademarketing.com.br\\\/marketing\\\/2023\\\/02\\\/05\\\/carnauol-2023-claudia-leitte-contagia-publico-com-energia-do-carnaval\\\/\"},\"author\":{\"name\":\"Thales Brand\u00e3o\",\"@id\":\"https:\\\/\\\/www.cidademarketing.com.br\\\/marketing\\\/#\\\/schema\\\/person\\\/02daff9f18bd9378c9e01eb6b2db155f\"},\"headline\":\"CarnaUOL 2023: Claudia Leitte contagia p\u00fablico com energia do Carnaval\",\"datePublished\":\"2023-02-05T04:59:50+00:00\",\"mainEntityOfPage\":{\"@id\":\"https:\\\/\\\/www.cidademarketing.com.br\\\/marketing\\\/2023\\\/02\\\/05\\\/carnauol-2023-claudia-leitte-contagia-publico-com-energia-do-carnaval\\\/\"},\"wordCount\":90,\"commentCount\":0,\"publisher\":{\"@id\":\"https:\\\/\\\/www.cidademarketing.com.br\\\/marketing\\\/#organization\"},\"image\":{\"@id\":\"https:\\\/\\\/www.cidademarketing.com.br\\\/marketing\\\/2023\\\/02\\\/05\\\/carnauol-2023-claudia-leitte-contagia-publico-com-energia-do-carnaval\\\/#primaryimage\"},\"thumbnailUrl\":\"https:\\\/\\\/www.cidademarketing.com.br\\\/marketing\\\/wp-content\\\/uploads\\\/2023\\\/02\\\/claudialeitte_04-scaled.jpg\",\"keywords\":[\"CarnaUOL 2023\",\"Carnaval\",\"estrat\u00e9gia\",\"marketing\",\"marketing digital\",\"SP\"],\"articleSection\":[\"Not\u00edcias\"],\"inLanguage\":\"pt-BR\",\"potentialAction\":[{\"@type\":\"CommentAction\",\"name\":\"Comment\",\"target\":[\"https:\\\/\\\/www.cidademarketing.com.br\\\/marketing\\\/2023\\\/02\\\/05\\\/carnauol-2023-claudia-leitte-contagia-publico-com-energia-do-carnaval\\\/#respond\"]}]},{\"@type\":\"WebPage\",\"@id\":\"https:\\\/\\\/www.cidademarketing.com.br\\\/marketing\\\/2023\\\/02\\\/05\\\/carnauol-2023-claudia-leitte-contagia-publico-com-energia-do-carnaval\\\/\",\"url\":\"https:\\\/\\\/www.cidademarketing.com.br\\\/marketing\\\/2023\\\/02\\\/05\\\/carnauol-2023-claudia-leitte-contagia-publico-com-energia-do-carnaval\\\/\",\"name\":\"CarnaUOL 2023: Claudia Leitte contagia p\u00fablico com energia do Carnaval - CidadeMarketing\",\"isPartOf\":{\"@id\":\"https:\\\/\\\/www.cidademarketing.com.br\\\/marketing\\\/#website\"},\"primaryImageOfPage\":{\"@id\":\"https:\\\/\\\/www.cidademarketing.com.br\\\/marketing\\\/2023\\\/02\\\/05\\\/carnauol-2023-claudia-leitte-contagia-publico-com-energia-do-carnaval\\\/#primaryimage\"},\"image\":{\"@id\":\"https:\\\/\\\/www.cidademarketing.com.br\\\/marketing\\\/2023\\\/02\\\/05\\\/carnauol-2023-claudia-leitte-contagia-publico-com-energia-do-carnaval\\\/#primaryimage\"},\"thumbnailUrl\":\"https:\\\/\\\/www.cidademarketing.com.br\\\/marketing\\\/wp-content\\\/uploads\\\/2023\\\/02\\\/claudialeitte_04-scaled.jpg\",\"datePublished\":\"2023-02-05T04:59:50+00:00\",\"breadcrumb\":{\"@id\":\"https:\\\/\\\/www.cidademarketing.com.br\\\/marketing\\\/2023\\\/02\\\/05\\\/carnauol-2023-claudia-leitte-contagia-publico-com-energia-do-carnaval\\\/#breadcrumb\"},\"inLanguage\":\"pt-BR\",\"potentialAction\":[{\"@type\":\"ReadAction\",\"target\":[\"https:\\\/\\\/www.cidademarketing.com.br\\\/marketing\\\/2023\\\/02\\\/05\\\/carnauol-2023-claudia-leitte-contagia-publico-com-energia-do-carnaval\\\/\"]}]},{\"@type\":\"ImageObject\",\"inLanguage\":\"pt-BR\",\"@id\":\"https:\\\/\\\/www.cidademarketing.com.br\\\/marketing\\\/2023\\\/02\\\/05\\\/carnauol-2023-claudia-leitte-contagia-publico-com-energia-do-carnaval\\\/#primaryimage\",\"url\":\"https:\\\/\\\/www.cidademarketing.com.br\\\/marketing\\\/wp-content\\\/uploads\\\/2023\\\/02\\\/claudialeitte_04-scaled.jpg\",\"contentUrl\":\"https:\\\/\\\/www.cidademarketing.com.br\\\/marketing\\\/wp-content\\\/uploads\\\/2023\\\/02\\\/claudialeitte_04-scaled.jpg\",\"width\":2560,\"height\":1707,\"caption\":\"Claudia Leitte esbanja simpatia e alegria no palco do CarnaUOL 2023 @flashbang \\\/ Divulga\u00e7\u00e3o UOL\"},{\"@type\":\"BreadcrumbList\",\"@id\":\"https:\\\/\\\/www.cidademarketing.com.br\\\/marketing\\\/2023\\\/02\\\/05\\\/carnauol-2023-claudia-leitte-contagia-publico-com-energia-do-carnaval\\\/#breadcrumb\",\"itemListElement\":[{\"@type\":\"ListItem\",\"position\":1,\"name\":\"In\u00edcio\",\"item\":\"https:\\\/\\\/www.cidademarketing.com.br\\\/marketing\\\/\"},{\"@type\":\"ListItem\",\"position\":2,\"name\":\"CarnaUOL 2023: Claudia Leitte contagia p\u00fablico com energia do Carnaval\"}]},{\"@type\":\"WebSite\",\"@id\":\"https:\\\/\\\/www.cidademarketing.com.br\\\/marketing\\\/#website\",\"url\":\"https:\\\/\\\/www.cidademarketing.com.br\\\/marketing\\\/\",\"name\":\"CidadeMarketing\",\"description\":\"Somos um ve\u00edculo de comunica\u00e7\u00e3o de destaque no Brasil, reconhecido por conte\u00fados nos segmentos de marketing, empreendedorismo e inova\u00e7\u00e3o.\",\"publisher\":{\"@id\":\"https:\\\/\\\/www.cidademarketing.com.br\\\/marketing\\\/#organization\"},\"alternateName\":\"CidadeMarketing\",\"potentialAction\":[{\"@type\":\"SearchAction\",\"target\":{\"@type\":\"EntryPoint\",\"urlTemplate\":\"https:\\\/\\\/www.cidademarketing.com.br\\\/marketing\\\/?s={search_term_string}\"},\"query-input\":{\"@type\":\"PropertyValueSpecification\",\"valueRequired\":true,\"valueName\":\"search_term_string\"}}],\"inLanguage\":\"pt-BR\"},{\"@type\":\"Organization\",\"@id\":\"https:\\\/\\\/www.cidademarketing.com.br\\\/marketing\\\/#organization\",\"name\":\"CidadeMarketing\",\"alternateName\":\"CidadeMarketing\",\"url\":\"https:\\\/\\\/www.cidademarketing.com.br\\\/marketing\\\/\",\"logo\":{\"@type\":\"ImageObject\",\"inLanguage\":\"pt-BR\",\"@id\":\"https:\\\/\\\/www.cidademarketing.com.br\\\/marketing\\\/#\\\/schema\\\/logo\\\/image\\\/\",\"url\":\"https:\\\/\\\/www.cidademarketing.com.br\\\/marketing\\\/wp-content\\\/uploads\\\/2020\\\/01\\\/cidademarketing_marca_mobile.png\",\"contentUrl\":\"https:\\\/\\\/www.cidademarketing.com.br\\\/marketing\\\/wp-content\\\/uploads\\\/2020\\\/01\\\/cidademarketing_marca_mobile.png\",\"width\":230,\"height\":92,\"caption\":\"CidadeMarketing\"},\"image\":{\"@id\":\"https:\\\/\\\/www.cidademarketing.com.br\\\/marketing\\\/#\\\/schema\\\/logo\\\/image\\\/\"},\"sameAs\":[\"https:\\\/\\\/www.facebook.com\\\/portalcidademarketing\",\"https:\\\/\\\/x.com\\\/CidadeMarketing\",\"https:\\\/\\\/www.instagram.com\\\/cidademarketing\\\/\"]},{\"@type\":\"Person\",\"@id\":\"https:\\\/\\\/www.cidademarketing.com.br\\\/marketing\\\/#\\\/schema\\\/person\\\/02daff9f18bd9378c9e01eb6b2db155f\",\"name\":\"Thales Brand\u00e3o\",\"image\":{\"@type\":\"ImageObject\",\"inLanguage\":\"pt-BR\",\"@id\":\"https:\\\/\\\/secure.gravatar.com\\\/avatar\\\/7ca3206950207cc3cb48feec56a8a7898741ab725c368d99d5d7a5a50aab80c6?s=96&d=mm&r=g\",\"url\":\"https:\\\/\\\/secure.gravatar.com\\\/avatar\\\/7ca3206950207cc3cb48feec56a8a7898741ab725c368d99d5d7a5a50aab80c6?s=96&d=mm&r=g\",\"contentUrl\":\"https:\\\/\\\/secure.gravatar.com\\\/avatar\\\/7ca3206950207cc3cb48feec56a8a7898741ab725c368d99d5d7a5a50aab80c6?s=96&d=mm&r=g\",\"caption\":\"Thales Brand\u00e3o\"},\"description\":\"Editor Executivo do Portal CidadeMarketing.com.br &gt; Mestre em Comunica\u00e7\u00e3o e Sociedade pela Universidade Federal de Sergipe. Possui MBA Executivo em Administra\u00e7\u00e3o com \u00eanfase em Marketing pela Funda\u00e7\u00e3o Get\u00falio Vargas - Rio de Janeiro. Consultor, Palestrante e Pesquisador sobre Empreendedorismo, Marketing, Redes Sociais e Neg\u00f3cios Digitais. Professor, Palestrante TedxTalks e Campus Party. Twitter: @ThalesBrandao\",\"sameAs\":[\"http:\\\/\\\/www.mandacaru.com.br\",\"https:\\\/\\\/www.facebook.com\\\/thalesbrandao\",\"http:\\\/\\\/www.instagram.com.br\\\/thalesbrandaoferreira\",\"https:\\\/\\\/www.linkedin.com\\\/in\\\/thales-brand\u00e3o-3948609\\\/\",\"https:\\\/\\\/x.com\\\/http:\\\/\\\/www.twitter.com\\\/thalesbrandao\"],\"url\":\"https:\\\/\\\/www.cidademarketing.com.br\\\/marketing\\\/author\\\/thalesbrandao\\\/\"}]}<\/script>\n<!-- \/ Yoast SEO plugin. -->","yoast_head_json":{"title":"CarnaUOL 2023: Claudia Leitte contagia p\u00fablico com energia do Carnaval - CidadeMarketing","robots":{"index":"index","follow":"follow","max-snippet":"max-snippet:-1","max-image-preview":"max-image-preview:large","max-video-preview":"max-video-preview:-1"},"canonical":"https:\/\/www.cidademarketing.com.br\/marketing\/2023\/02\/05\/carnauol-2023-claudia-leitte-contagia-publico-com-energia-do-carnaval\/","og_locale":"pt_BR","og_type":"article","og_title":"CarnaUOL 2023: Claudia Leitte contagia p\u00fablico com energia do Carnaval - CidadeMarketing","og_description":"Perto do encerramento da 8\u00aa edi\u00e7\u00e3o do CarnaUOL, Claudia Leitte manteve a energia contagiante do Carnaval no Allianz Parque. A artista entrou no palco com um look vermelho e cantou grandes sucessos como &#8220;Extravasa&#8221;, &#8220;Beijar na Boca&#8221;, &#8220;Largadinho&#8221; e &#8220;Claudinha Bagunceira&#8221;. A cantora se apresentou ap\u00f3s Lu\u00edsa Sonza, Dubdogz e Gloria Groove. Para fechar a [&hellip;]","og_url":"https:\/\/www.cidademarketing.com.br\/marketing\/2023\/02\/05\/carnauol-2023-claudia-leitte-contagia-publico-com-energia-do-carnaval\/","og_site_name":"CidadeMarketing","article_publisher":"https:\/\/www.facebook.com\/portalcidademarketing","article_author":"https:\/\/www.facebook.com\/thalesbrandao","article_published_time":"2023-02-05T04:59:50+00:00","og_image":[{"width":2560,"height":1707,"url":"https:\/\/www.cidademarketing.com.br\/marketing\/wp-content\/uploads\/2023\/02\/claudialeitte_04-scaled.jpg","type":"image\/jpeg"}],"author":"Thales Brand\u00e3o","twitter_card":"summary_large_image","twitter_creator":"@http:\/\/www.twitter.com\/thalesbrandao","twitter_site":"@CidadeMarketing","twitter_misc":{"Escrito por":"Thales Brand\u00e3o"},"schema":{"@context":"https:\/\/schema.org","@graph":[{"@type":"Article","@id":"https:\/\/www.cidademarketing.com.br\/marketing\/2023\/02\/05\/carnauol-2023-claudia-leitte-contagia-publico-com-energia-do-carnaval\/#article","isPartOf":{"@id":"https:\/\/www.cidademarketing.com.br\/marketing\/2023\/02\/05\/carnauol-2023-claudia-leitte-contagia-publico-com-energia-do-carnaval\/"},"author":{"name":"Thales Brand\u00e3o","@id":"https:\/\/www.cidademarketing.com.br\/marketing\/#\/schema\/person\/02daff9f18bd9378c9e01eb6b2db155f"},"headline":"CarnaUOL 2023: Claudia Leitte contagia p\u00fablico com energia do Carnaval","datePublished":"2023-02-05T04:59:50+00:00","mainEntityOfPage":{"@id":"https:\/\/www.cidademarketing.com.br\/marketing\/2023\/02\/05\/carnauol-2023-claudia-leitte-contagia-publico-com-energia-do-carnaval\/"},"wordCount":90,"commentCount":0,"publisher":{"@id":"https:\/\/www.cidademarketing.com.br\/marketing\/#organization"},"image":{"@id":"https:\/\/www.cidademarketing.com.br\/marketing\/2023\/02\/05\/carnauol-2023-claudia-leitte-contagia-publico-com-energia-do-carnaval\/#primaryimage"},"thumbnailUrl":"https:\/\/www.cidademarketing.com.br\/marketing\/wp-content\/uploads\/2023\/02\/claudialeitte_04-scaled.jpg","keywords":["CarnaUOL 2023","Carnaval","estrat\u00e9gia","marketing","marketing digital","SP"],"articleSection":["Not\u00edcias"],"inLanguage":"pt-BR","potentialAction":[{"@type":"CommentAction","name":"Comment","target":["https:\/\/www.cidademarketing.com.br\/marketing\/2023\/02\/05\/carnauol-2023-claudia-leitte-contagia-publico-com-energia-do-carnaval\/#respond"]}]},{"@type":"WebPage","@id":"https:\/\/www.cidademarketing.com.br\/marketing\/2023\/02\/05\/carnauol-2023-claudia-leitte-contagia-publico-com-energia-do-carnaval\/","url":"https:\/\/www.cidademarketing.com.br\/marketing\/2023\/02\/05\/carnauol-2023-claudia-leitte-contagia-publico-com-energia-do-carnaval\/","name":"CarnaUOL 2023: Claudia Leitte contagia p\u00fablico com energia do Carnaval - CidadeMarketing","isPartOf":{"@id":"https:\/\/www.cidademarketing.com.br\/marketing\/#website"},"primaryImageOfPage":{"@id":"https:\/\/www.cidademarketing.com.br\/marketing\/2023\/02\/05\/carnauol-2023-claudia-leitte-contagia-publico-com-energia-do-carnaval\/#primaryimage"},"image":{"@id":"https:\/\/www.cidademarketing.com.br\/marketing\/2023\/02\/05\/carnauol-2023-claudia-leitte-contagia-publico-com-energia-do-carnaval\/#primaryimage"},"thumbnailUrl":"https:\/\/www.cidademarketing.com.br\/marketing\/wp-content\/uploads\/2023\/02\/claudialeitte_04-scaled.jpg","datePublished":"2023-02-05T04:59:50+00:00","breadcrumb":{"@id":"https:\/\/www.cidademarketing.com.br\/marketing\/2023\/02\/05\/carnauol-2023-claudia-leitte-contagia-publico-com-energia-do-carnaval\/#breadcrumb"},"inLanguage":"pt-BR","potentialAction":[{"@type":"ReadAction","target":["https:\/\/www.cidademarketing.com.br\/marketing\/2023\/02\/05\/carnauol-2023-claudia-leitte-contagia-publico-com-energia-do-carnaval\/"]}]},{"@type":"ImageObject","inLanguage":"pt-BR","@id":"https:\/\/www.cidademarketing.com.br\/marketing\/2023\/02\/05\/carnauol-2023-claudia-leitte-contagia-publico-com-energia-do-carnaval\/#primaryimage","url":"https:\/\/www.cidademarketing.com.br\/marketing\/wp-content\/uploads\/2023\/02\/claudialeitte_04-scaled.jpg","contentUrl":"https:\/\/www.cidademarketing.com.br\/marketing\/wp-content\/uploads\/2023\/02\/claudialeitte_04-scaled.jpg","width":2560,"height":1707,"caption":"Claudia Leitte esbanja simpatia e alegria no palco do CarnaUOL 2023 @flashbang \/ Divulga\u00e7\u00e3o UOL"},{"@type":"BreadcrumbList","@id":"https:\/\/www.cidademarketing.com.br\/marketing\/2023\/02\/05\/carnauol-2023-claudia-leitte-contagia-publico-com-energia-do-carnaval\/#breadcrumb","itemListElement":[{"@type":"ListItem","position":1,"name":"In\u00edcio","item":"https:\/\/www.cidademarketing.com.br\/marketing\/"},{"@type":"ListItem","position":2,"name":"CarnaUOL 2023: Claudia Leitte contagia p\u00fablico com energia do Carnaval"}]},{"@type":"WebSite","@id":"https:\/\/www.cidademarketing.com.br\/marketing\/#website","url":"https:\/\/www.cidademarketing.com.br\/marketing\/","name":"CidadeMarketing","description":"Somos um ve\u00edculo de comunica\u00e7\u00e3o de destaque no Brasil, reconhecido por conte\u00fados nos segmentos de marketing, empreendedorismo e inova\u00e7\u00e3o.","publisher":{"@id":"https:\/\/www.cidademarketing.com.br\/marketing\/#organization"},"alternateName":"CidadeMarketing","potentialAction":[{"@type":"SearchAction","target":{"@type":"EntryPoint","urlTemplate":"https:\/\/www.cidademarketing.com.br\/marketing\/?s={search_term_string}"},"query-input":{"@type":"PropertyValueSpecification","valueRequired":true,"valueName":"search_term_string"}}],"inLanguage":"pt-BR"},{"@type":"Organization","@id":"https:\/\/www.cidademarketing.com.br\/marketing\/#organization","name":"CidadeMarketing","alternateName":"CidadeMarketing","url":"https:\/\/www.cidademarketing.com.br\/marketing\/","logo":{"@type":"ImageObject","inLanguage":"pt-BR","@id":"https:\/\/www.cidademarketing.com.br\/marketing\/#\/schema\/logo\/image\/","url":"https:\/\/www.cidademarketing.com.br\/marketing\/wp-content\/uploads\/2020\/01\/cidademarketing_marca_mobile.png","contentUrl":"https:\/\/www.cidademarketing.com.br\/marketing\/wp-content\/uploads\/2020\/01\/cidademarketing_marca_mobile.png","width":230,"height":92,"caption":"CidadeMarketing"},"image":{"@id":"https:\/\/www.cidademarketing.com.br\/marketing\/#\/schema\/logo\/image\/"},"sameAs":["https:\/\/www.facebook.com\/portalcidademarketing","https:\/\/x.com\/CidadeMarketing","https:\/\/www.instagram.com\/cidademarketing\/"]},{"@type":"Person","@id":"https:\/\/www.cidademarketing.com.br\/marketing\/#\/schema\/person\/02daff9f18bd9378c9e01eb6b2db155f","name":"Thales Brand\u00e3o","image":{"@type":"ImageObject","inLanguage":"pt-BR","@id":"https:\/\/secure.gravatar.com\/avatar\/7ca3206950207cc3cb48feec56a8a7898741ab725c368d99d5d7a5a50aab80c6?s=96&d=mm&r=g","url":"https:\/\/secure.gravatar.com\/avatar\/7ca3206950207cc3cb48feec56a8a7898741ab725c368d99d5d7a5a50aab80c6?s=96&d=mm&r=g","contentUrl":"https:\/\/secure.gravatar.com\/avatar\/7ca3206950207cc3cb48feec56a8a7898741ab725c368d99d5d7a5a50aab80c6?s=96&d=mm&r=g","caption":"Thales Brand\u00e3o"},"description":"Editor Executivo do Portal CidadeMarketing.com.br &gt; Mestre em Comunica\u00e7\u00e3o e Sociedade pela Universidade Federal de Sergipe. Possui MBA Executivo em Administra\u00e7\u00e3o com \u00eanfase em Marketing pela Funda\u00e7\u00e3o Get\u00falio Vargas - Rio de Janeiro. Consultor, Palestrante e Pesquisador sobre Empreendedorismo, Marketing, Redes Sociais e Neg\u00f3cios Digitais. Professor, Palestrante TedxTalks e Campus Party. Twitter: @ThalesBrandao","sameAs":["http:\/\/www.mandacaru.com.br","https:\/\/www.facebook.com\/thalesbrandao","http:\/\/www.instagram.com.br\/thalesbrandaoferreira","https:\/\/www.linkedin.com\/in\/thales-brand\u00e3o-3948609\/","https:\/\/x.com\/http:\/\/www.twitter.com\/thalesbrandao"],"url":"https:\/\/www.cidademarketing.com.br\/marketing\/author\/thalesbrandao\/"}]}},"amp_enabled":true,"_links":{"self":[{"href":"https:\/\/www.cidademarketing.com.br\/marketing\/wp-json\/wp\/v2\/posts\/43021","targetHints":{"allow":["GET"]}}],"collection":[{"href":"https:\/\/www.cidademarketing.com.br\/marketing\/wp-json\/wp\/v2\/posts"}],"about":[{"href":"https:\/\/www.cidademarketing.com.br\/marketing\/wp-json\/wp\/v2\/types\/post"}],"author":[{"embeddable":true,"href":"https:\/\/www.cidademarketing.com.br\/marketing\/wp-json\/wp\/v2\/users\/1"}],"replies":[{"embeddable":true,"href":"https:\/\/www.cidademarketing.com.br\/marketing\/wp-json\/wp\/v2\/comments?post=43021"}],"version-history":[{"count":1,"href":"https:\/\/www.cidademarketing.com.br\/marketing\/wp-json\/wp\/v2\/posts\/43021\/revisions"}],"predecessor-version":[{"id":43026,"href":"https:\/\/www.cidademarketing.com.br\/marketing\/wp-json\/wp\/v2\/posts\/43021\/revisions\/43026"}],"wp:featuredmedia":[{"embeddable":true,"href":"https:\/\/www.cidademarketing.com.br\/marketing\/wp-json\/wp\/v2\/media\/43025"}],"wp:attachment":[{"href":"https:\/\/www.cidademarketing.com.br\/marketing\/wp-json\/wp\/v2\/media?parent=43021"}],"wp:term":[{"taxonomy":"category","embeddable":true,"href":"https:\/\/www.cidademarketing.com.br\/marketing\/wp-json\/wp\/v2\/categories?post=43021"},{"taxonomy":"post_tag","embeddable":true,"href":"https:\/\/www.cidademarketing.com.br\/marketing\/wp-json\/wp\/v2\/tags?post=43021"}],"curies":[{"name":"wp","href":"https:\/\/api.w.org\/{rel}","templated":true}]}}