{"id":42907,"date":"2023-02-01T09:00:53","date_gmt":"2023-02-01T12:00:53","guid":{"rendered":"https:\/\/www.cidademarketing.com.br\/marketing\/?p=42907"},"modified":"2023-02-01T09:00:53","modified_gmt":"2023-02-01T12:00:53","slug":"terra-amplia-cobertura-de-carnaval-com-estudios-ao-vivo-em-sao-paulo-e-salvador","status":"publish","type":"post","link":"https:\/\/www.cidademarketing.com.br\/marketing\/2023\/02\/01\/terra-amplia-cobertura-de-carnaval-com-estudios-ao-vivo-em-sao-paulo-e-salvador\/","title":{"rendered":"Terra amplia cobertura de carnaval com est\u00fadios ao vivo em S\u00e3o Paulo e Salvador"},"content":{"rendered":"<p>O bloco do Terra para o Carnaval j\u00e1 est\u00e1 nas ruas. Mas tamb\u00e9m est\u00e1 nas redes sociais, em um hub multiplataforma, camarotes e em todos os outros pontos de contato relevantes para o foli\u00e3o. Figura tradicional na folia em Salvador, o Terra retorna \u00e0 capital baiana com um est\u00fadio ao vivo dentro do Camarote Brahma nos dias 17 a 21 de fevereiro. O programa Terra no Carnaval trar\u00e1 a transmiss\u00e3o dos shows do circuito Barra-Ondina onde se apresentam nomes como Claudia Leitte, Leo Santana, Bell Marques, entre outros.<\/p>\n<p><iframe title=\"Spotify Embed: Podcast CidadeMarketing\" style=\"border-radius: 12px\" width=\"100%\" height=\"152\" frameborder=\"0\" allowfullscreen allow=\"autoplay; clipboard-write; encrypted-media; fullscreen; picture-in-picture\" loading=\"lazy\" src=\"https:\/\/open.spotify.com\/embed\/show\/4khMKzP3FgFRWVwb73xicc?si=252fe5bff2b34909&#038;utm_source=oembed\"><\/iframe><\/p>\n<p>Terminando a programa\u00e7\u00e3o de Salvador, entram as transmiss\u00f5es dos shows de S\u00e3o Paulo, direto do Samb\u00f3dromo do Anhembi, onde o Terra ter\u00e1 um est\u00fadio dentro do Camarote Bar Brahma. Nos dias 17, 18, 19 e 25 de fevereiro est\u00e3o confirmadas as apresenta\u00e7\u00f5es de Zeca Pagodinho, P\u00e9ricles, Seu Jorge, Ivete Sangalo, entre outros artistas.<\/p>\n<p>\u201cO nosso grande objetivo \u00e9 estar com o foli\u00e3o em toda a sua jornada de folia, oferecendo presta\u00e7\u00e3o de servi\u00e7o, entretenimento e informa\u00e7\u00e3o. Ampliar a cobertura com transmiss\u00f5es ao vivo em dois grandes polos do Carnaval consolida nosso objetivo de relev\u00e2ncia e divers\u00e3o\u201d, destaca Claudia Demase, diretora do Terra.<br \/>\nA cobertura tamb\u00e9m contempla os bastidores dos desfiles das escolas de samba do Rio de Janeiro e da capital paulista com registros exclusivos de 18 fot\u00f3grafos. Al\u00e9m das atra\u00e7\u00f5es musicais e cobertura de celebridades com apoio de rep\u00f3rteres, o programa Terra no Carnaval far\u00e1 um giro na folia de rua da capital paulista, Rio de Janeiro, Olinda, Belo Horizonte e Salvador com apoio de influenciadores in loco.<\/p>\n<p>Uma parceria in\u00e9dita com o Kwai, app de cria\u00e7\u00e3o e compartilhamento de v\u00eddeos curtos, vai trazer tamb\u00e9m um olhar mais irreverente para a transmiss\u00e3o e redes sociais, com resgate de memes, desafios e virais, entre outros conte\u00fados.<br \/>\nA produ\u00e7\u00e3o multiplataforma \u00e9 o grande carro-chefe do Terra. A cobertura conta com um hub de conte\u00fado (terra.com.br\/carnaval) onde o p\u00fablico encontra curiosidades da pr\u00e9-festa, os esquentas, informa\u00e7\u00f5es sobre os blocos de rua, al\u00e9m de bastidores das celebridades, dicas de nutri\u00e7\u00e3o, entre outros conte\u00fados. Nos perfis sociais do Terra, o foli\u00e3o poder\u00e1 encontrar ainda formatos de v\u00eddeos curtos e f\u00e1ceis de consumir, al\u00e9m de recortes dos melhores momentos do programa ao vivo.<\/p>\n<p>Uma campanha de m\u00eddia exterior em todas as pra\u00e7as que o Terra estar\u00e1 presente, al\u00e9m de desdobramentos para m\u00eddia digital e social tamb\u00e9m est\u00e3o contempladas. Na comunica\u00e7\u00e3o, o foli\u00e3o \u00e9 o grande protagonista, representando as peculiaridades de cada Carnaval, seja o tradicional frevo, passando para os desfiles de passarela e os populares bloquinhos de rua. A ag\u00eancia Galeria assina a comunica\u00e7\u00e3o.<\/p>\n<p>Marca e neg\u00f3cios<br \/>\nA cobertura editorial do Terra conta com cotas de patroc\u00ednio para marcas que querem entrar na folia com o p\u00fablico. Como principal contrapartida, a transmiss\u00e3o dos shows \u00e9 um grande chamariz de visibilidade. Com previs\u00e3o de mais de 30 horas ao vivo, o programa Terra no Carnaval ter\u00e1 vinhetas, quadros patrocinados e outras intera\u00e7\u00f5es de marca. Os Camarotes Bar Brahma de S\u00e3o Paulo e Camarote Brahma Salvador, que receber\u00e3o os est\u00fadios, tamb\u00e9m poder\u00e3o ter ativa\u00e7\u00f5es customizadas e outros espa\u00e7os tem\u00e1ticos de patrocinadores em parceria com o Terra.<\/p>\n<p>\u201cDesenhamos um projeto que traduz toda a alegria, divers\u00e3o e credibilidade que o retorno do Carnaval merece. Temos cotas flex\u00edveis e personalizadas sob demanda para que as marcas que venham com a gente co-criem e fa\u00e7am parte da festa\u201d, destaca Henrique Bosco, head de marketing e produtos do Terra. Webs\u00e9ries, lives, v\u00eddeos, galerias de fotos, cobertura de influenciadores e outros formatos especiais est\u00e3o no pacote.<\/p>\n<p>Festa democr\u00e1tica<br \/>\nIntegrando seu posicionamento de contemplar a inclus\u00e3o e lugar de fala, o Terra prepara conte\u00fados que mostram diversos tipos de carnaval e maneiras de curtir as festas.<br \/>\nNa editoria ENTRET\u00ca, o foli\u00e3o encontra os hits do carnaval, not\u00edcias sobre celebridades, os maiores trios e a programa\u00e7\u00e3o dos blocos de rua, camarotes e avenidas. J\u00e1 no canal DEGUSTA, h\u00e1 uma curadoria de receitas de drinks e comidinhas para curtir, seja em casa ou na rua. Em Terra N\u00d3S, espa\u00e7o dedicado a pauta da diversidade, temas sobre inclus\u00e3o, os blocos LGBT+, servi\u00e7os sobre acessibilidade, entre outros grandes temas.<\/p>\n<p>J\u00e1 a editoria Vis\u00e3o do Corre vai fazer o especial acompanhando o carnaval nas comunidades. No Terra Voc\u00ea, o p\u00fablico encontrar\u00e1 dicas de looks, de make e de como se preparar para os bloquinhos e festas pelo Pa\u00eds. No Terra Dinheiros, a vertical traz o olhar com vi\u00e9s econ\u00f4mico, os n\u00fameros e postos de trabalho gerados pelo evento, enquanto um especial tamb\u00e9m ser\u00e1 dedicado para quem prefere ficar mais tranquilo em casa. Na se\u00e7\u00e3o, a audi\u00eancia encontra dicas de filmes, s\u00e9ries e games para curtir o feriado com amigos e fam\u00edlia. Parceiros editoriais refor\u00e7am a cobertura do Terra, entre eles, o Carnavalesco, Di\u00e1rio do Rio e PurePeople.<\/p>\n<p>Servi\u00e7o:<br \/>\n#CarnavalNoTerra<br \/>\n<a href=\"https:\/\/www.terra.com.br\/diversao\/carnaval\/2023\/\" target=\"_blank\" rel=\"noopener\">https:\/\/www.terra.com.br\/diversao\/carnaval\/2023\/<\/a><\/p>\n<p><iframe style=\"width: 100%; max-width: 660px; overflow: hidden; background: transparent;\" src=\"https:\/\/embed.podcasts.apple.com\/br\/podcast\/podcast-cidademarketing\/id1371923283\" height=\"450\" frameborder=\"0\" sandbox=\"allow-forms allow-popups allow-same-origin allow-scripts allow-storage-access-by-user-activation allow-top-navigation-by-user-activation\"><\/iframe><\/p>\n","protected":false},"excerpt":{"rendered":"<p>O bloco do Terra para o Carnaval j\u00e1 est\u00e1 nas ruas. Mas tamb\u00e9m est\u00e1 nas redes sociais, em um hub multiplataforma, camarotes e em todos os outros pontos de contato relevantes para o foli\u00e3o. Figura tradicional na folia em Salvador, o Terra retorna \u00e0 capital baiana com um est\u00fadio ao vivo dentro do Camarote Brahma [&hellip;]<\/p>\n","protected":false},"author":1,"featured_media":30966,"comment_status":"open","ping_status":"open","sticky":false,"template":"","format":"standard","meta":{"tdm_status":"","tdm_grid_status":"","footnotes":""},"categories":[6],"tags":[1209,33,28,572,656,4790],"class_list":["post-42907","post","type-post","status-publish","format-standard","has-post-thumbnail","hentry","category-noticias","tag-carnaval","tag-estrategia","tag-marketing","tag-salvador","tag-sao-paulo","tag-terra"],"yoast_head":"<!-- This site is optimized with the Yoast SEO plugin v27.5 - https:\/\/yoast.com\/product\/yoast-seo-wordpress\/ -->\n<title>Terra amplia cobertura de carnaval com est\u00fadios ao vivo em S\u00e3o Paulo e Salvador - CidadeMarketing<\/title>\n<meta name=\"robots\" content=\"index, follow, max-snippet:-1, max-image-preview:large, max-video-preview:-1\" \/>\n<link rel=\"canonical\" href=\"https:\/\/www.cidademarketing.com.br\/marketing\/2023\/02\/01\/terra-amplia-cobertura-de-carnaval-com-estudios-ao-vivo-em-sao-paulo-e-salvador\/\" \/>\n<meta property=\"og:locale\" content=\"pt_BR\" \/>\n<meta property=\"og:type\" content=\"article\" \/>\n<meta property=\"og:title\" content=\"Terra amplia cobertura de carnaval com est\u00fadios ao vivo em S\u00e3o Paulo e Salvador - CidadeMarketing\" \/>\n<meta property=\"og:description\" content=\"O bloco do Terra para o Carnaval j\u00e1 est\u00e1 nas ruas. Mas tamb\u00e9m est\u00e1 nas redes sociais, em um hub multiplataforma, camarotes e em todos os outros pontos de contato relevantes para o foli\u00e3o. Figura tradicional na folia em Salvador, o Terra retorna \u00e0 capital baiana com um est\u00fadio ao vivo dentro do Camarote Brahma [&hellip;]\" \/>\n<meta property=\"og:url\" content=\"https:\/\/www.cidademarketing.com.br\/marketing\/2023\/02\/01\/terra-amplia-cobertura-de-carnaval-com-estudios-ao-vivo-em-sao-paulo-e-salvador\/\" \/>\n<meta property=\"og:site_name\" content=\"CidadeMarketing\" \/>\n<meta property=\"article:publisher\" content=\"https:\/\/www.facebook.com\/portalcidademarketing\" \/>\n<meta property=\"article:author\" content=\"https:\/\/www.facebook.com\/thalesbrandao\" \/>\n<meta property=\"article:published_time\" content=\"2023-02-01T12:00:53+00:00\" \/>\n<meta property=\"og:image\" content=\"https:\/\/www.cidademarketing.com.br\/marketing\/wp-content\/uploads\/2021\/10\/marca_portalterra.jpg\" \/>\n\t<meta property=\"og:image:width\" content=\"315\" \/>\n\t<meta property=\"og:image:height\" content=\"221\" \/>\n\t<meta property=\"og:image:type\" content=\"image\/jpeg\" \/>\n<meta name=\"author\" content=\"Thales Brand\u00e3o\" \/>\n<meta name=\"twitter:card\" content=\"summary_large_image\" \/>\n<meta name=\"twitter:creator\" content=\"@http:\/\/www.twitter.com\/thalesbrandao\" \/>\n<meta name=\"twitter:site\" content=\"@CidadeMarketing\" \/>\n<meta name=\"twitter:label1\" content=\"Escrito por\" \/>\n\t<meta name=\"twitter:data1\" content=\"Thales Brand\u00e3o\" \/>\n\t<meta name=\"twitter:label2\" content=\"Est. tempo de leitura\" \/>\n\t<meta name=\"twitter:data2\" content=\"4 minutos\" \/>\n<script type=\"application\/ld+json\" class=\"yoast-schema-graph\">{\"@context\":\"https:\\\/\\\/schema.org\",\"@graph\":[{\"@type\":\"Article\",\"@id\":\"https:\\\/\\\/www.cidademarketing.com.br\\\/marketing\\\/2023\\\/02\\\/01\\\/terra-amplia-cobertura-de-carnaval-com-estudios-ao-vivo-em-sao-paulo-e-salvador\\\/#article\",\"isPartOf\":{\"@id\":\"https:\\\/\\\/www.cidademarketing.com.br\\\/marketing\\\/2023\\\/02\\\/01\\\/terra-amplia-cobertura-de-carnaval-com-estudios-ao-vivo-em-sao-paulo-e-salvador\\\/\"},\"author\":{\"name\":\"Thales Brand\u00e3o\",\"@id\":\"https:\\\/\\\/www.cidademarketing.com.br\\\/marketing\\\/#\\\/schema\\\/person\\\/02daff9f18bd9378c9e01eb6b2db155f\"},\"headline\":\"Terra amplia cobertura de carnaval com est\u00fadios ao vivo em S\u00e3o Paulo e Salvador\",\"datePublished\":\"2023-02-01T12:00:53+00:00\",\"mainEntityOfPage\":{\"@id\":\"https:\\\/\\\/www.cidademarketing.com.br\\\/marketing\\\/2023\\\/02\\\/01\\\/terra-amplia-cobertura-de-carnaval-com-estudios-ao-vivo-em-sao-paulo-e-salvador\\\/\"},\"wordCount\":912,\"commentCount\":0,\"publisher\":{\"@id\":\"https:\\\/\\\/www.cidademarketing.com.br\\\/marketing\\\/#organization\"},\"image\":{\"@id\":\"https:\\\/\\\/www.cidademarketing.com.br\\\/marketing\\\/2023\\\/02\\\/01\\\/terra-amplia-cobertura-de-carnaval-com-estudios-ao-vivo-em-sao-paulo-e-salvador\\\/#primaryimage\"},\"thumbnailUrl\":\"https:\\\/\\\/www.cidademarketing.com.br\\\/marketing\\\/wp-content\\\/uploads\\\/2021\\\/10\\\/marca_portalterra.jpg\",\"keywords\":[\"Carnaval\",\"estrat\u00e9gia\",\"marketing\",\"Salvador\",\"S\u00e3o Paulo\",\"Terra\"],\"articleSection\":[\"Not\u00edcias\"],\"inLanguage\":\"pt-BR\",\"potentialAction\":[{\"@type\":\"CommentAction\",\"name\":\"Comment\",\"target\":[\"https:\\\/\\\/www.cidademarketing.com.br\\\/marketing\\\/2023\\\/02\\\/01\\\/terra-amplia-cobertura-de-carnaval-com-estudios-ao-vivo-em-sao-paulo-e-salvador\\\/#respond\"]}]},{\"@type\":\"WebPage\",\"@id\":\"https:\\\/\\\/www.cidademarketing.com.br\\\/marketing\\\/2023\\\/02\\\/01\\\/terra-amplia-cobertura-de-carnaval-com-estudios-ao-vivo-em-sao-paulo-e-salvador\\\/\",\"url\":\"https:\\\/\\\/www.cidademarketing.com.br\\\/marketing\\\/2023\\\/02\\\/01\\\/terra-amplia-cobertura-de-carnaval-com-estudios-ao-vivo-em-sao-paulo-e-salvador\\\/\",\"name\":\"Terra amplia cobertura de carnaval com est\u00fadios ao vivo em S\u00e3o Paulo e Salvador - CidadeMarketing\",\"isPartOf\":{\"@id\":\"https:\\\/\\\/www.cidademarketing.com.br\\\/marketing\\\/#website\"},\"primaryImageOfPage\":{\"@id\":\"https:\\\/\\\/www.cidademarketing.com.br\\\/marketing\\\/2023\\\/02\\\/01\\\/terra-amplia-cobertura-de-carnaval-com-estudios-ao-vivo-em-sao-paulo-e-salvador\\\/#primaryimage\"},\"image\":{\"@id\":\"https:\\\/\\\/www.cidademarketing.com.br\\\/marketing\\\/2023\\\/02\\\/01\\\/terra-amplia-cobertura-de-carnaval-com-estudios-ao-vivo-em-sao-paulo-e-salvador\\\/#primaryimage\"},\"thumbnailUrl\":\"https:\\\/\\\/www.cidademarketing.com.br\\\/marketing\\\/wp-content\\\/uploads\\\/2021\\\/10\\\/marca_portalterra.jpg\",\"datePublished\":\"2023-02-01T12:00:53+00:00\",\"breadcrumb\":{\"@id\":\"https:\\\/\\\/www.cidademarketing.com.br\\\/marketing\\\/2023\\\/02\\\/01\\\/terra-amplia-cobertura-de-carnaval-com-estudios-ao-vivo-em-sao-paulo-e-salvador\\\/#breadcrumb\"},\"inLanguage\":\"pt-BR\",\"potentialAction\":[{\"@type\":\"ReadAction\",\"target\":[\"https:\\\/\\\/www.cidademarketing.com.br\\\/marketing\\\/2023\\\/02\\\/01\\\/terra-amplia-cobertura-de-carnaval-com-estudios-ao-vivo-em-sao-paulo-e-salvador\\\/\"]}]},{\"@type\":\"ImageObject\",\"inLanguage\":\"pt-BR\",\"@id\":\"https:\\\/\\\/www.cidademarketing.com.br\\\/marketing\\\/2023\\\/02\\\/01\\\/terra-amplia-cobertura-de-carnaval-com-estudios-ao-vivo-em-sao-paulo-e-salvador\\\/#primaryimage\",\"url\":\"https:\\\/\\\/www.cidademarketing.com.br\\\/marketing\\\/wp-content\\\/uploads\\\/2021\\\/10\\\/marca_portalterra.jpg\",\"contentUrl\":\"https:\\\/\\\/www.cidademarketing.com.br\\\/marketing\\\/wp-content\\\/uploads\\\/2021\\\/10\\\/marca_portalterra.jpg\",\"width\":315,\"height\":221},{\"@type\":\"BreadcrumbList\",\"@id\":\"https:\\\/\\\/www.cidademarketing.com.br\\\/marketing\\\/2023\\\/02\\\/01\\\/terra-amplia-cobertura-de-carnaval-com-estudios-ao-vivo-em-sao-paulo-e-salvador\\\/#breadcrumb\",\"itemListElement\":[{\"@type\":\"ListItem\",\"position\":1,\"name\":\"In\u00edcio\",\"item\":\"https:\\\/\\\/www.cidademarketing.com.br\\\/marketing\\\/\"},{\"@type\":\"ListItem\",\"position\":2,\"name\":\"Terra amplia cobertura de carnaval com est\u00fadios ao vivo em S\u00e3o Paulo e Salvador\"}]},{\"@type\":\"WebSite\",\"@id\":\"https:\\\/\\\/www.cidademarketing.com.br\\\/marketing\\\/#website\",\"url\":\"https:\\\/\\\/www.cidademarketing.com.br\\\/marketing\\\/\",\"name\":\"CidadeMarketing\",\"description\":\"Somos um ve\u00edculo de comunica\u00e7\u00e3o de destaque no Brasil, reconhecido por conte\u00fados nos segmentos de marketing, empreendedorismo e inova\u00e7\u00e3o.\",\"publisher\":{\"@id\":\"https:\\\/\\\/www.cidademarketing.com.br\\\/marketing\\\/#organization\"},\"alternateName\":\"CidadeMarketing\",\"potentialAction\":[{\"@type\":\"SearchAction\",\"target\":{\"@type\":\"EntryPoint\",\"urlTemplate\":\"https:\\\/\\\/www.cidademarketing.com.br\\\/marketing\\\/?s={search_term_string}\"},\"query-input\":{\"@type\":\"PropertyValueSpecification\",\"valueRequired\":true,\"valueName\":\"search_term_string\"}}],\"inLanguage\":\"pt-BR\"},{\"@type\":\"Organization\",\"@id\":\"https:\\\/\\\/www.cidademarketing.com.br\\\/marketing\\\/#organization\",\"name\":\"CidadeMarketing\",\"alternateName\":\"CidadeMarketing\",\"url\":\"https:\\\/\\\/www.cidademarketing.com.br\\\/marketing\\\/\",\"logo\":{\"@type\":\"ImageObject\",\"inLanguage\":\"pt-BR\",\"@id\":\"https:\\\/\\\/www.cidademarketing.com.br\\\/marketing\\\/#\\\/schema\\\/logo\\\/image\\\/\",\"url\":\"https:\\\/\\\/www.cidademarketing.com.br\\\/marketing\\\/wp-content\\\/uploads\\\/2020\\\/01\\\/cidademarketing_marca_mobile.png\",\"contentUrl\":\"https:\\\/\\\/www.cidademarketing.com.br\\\/marketing\\\/wp-content\\\/uploads\\\/2020\\\/01\\\/cidademarketing_marca_mobile.png\",\"width\":230,\"height\":92,\"caption\":\"CidadeMarketing\"},\"image\":{\"@id\":\"https:\\\/\\\/www.cidademarketing.com.br\\\/marketing\\\/#\\\/schema\\\/logo\\\/image\\\/\"},\"sameAs\":[\"https:\\\/\\\/www.facebook.com\\\/portalcidademarketing\",\"https:\\\/\\\/x.com\\\/CidadeMarketing\",\"https:\\\/\\\/www.instagram.com\\\/cidademarketing\\\/\"]},{\"@type\":\"Person\",\"@id\":\"https:\\\/\\\/www.cidademarketing.com.br\\\/marketing\\\/#\\\/schema\\\/person\\\/02daff9f18bd9378c9e01eb6b2db155f\",\"name\":\"Thales Brand\u00e3o\",\"image\":{\"@type\":\"ImageObject\",\"inLanguage\":\"pt-BR\",\"@id\":\"https:\\\/\\\/secure.gravatar.com\\\/avatar\\\/7ca3206950207cc3cb48feec56a8a7898741ab725c368d99d5d7a5a50aab80c6?s=96&d=mm&r=g\",\"url\":\"https:\\\/\\\/secure.gravatar.com\\\/avatar\\\/7ca3206950207cc3cb48feec56a8a7898741ab725c368d99d5d7a5a50aab80c6?s=96&d=mm&r=g\",\"contentUrl\":\"https:\\\/\\\/secure.gravatar.com\\\/avatar\\\/7ca3206950207cc3cb48feec56a8a7898741ab725c368d99d5d7a5a50aab80c6?s=96&d=mm&r=g\",\"caption\":\"Thales Brand\u00e3o\"},\"description\":\"Editor Executivo do Portal CidadeMarketing.com.br &gt; Mestre em Comunica\u00e7\u00e3o e Sociedade pela Universidade Federal de Sergipe. Possui MBA Executivo em Administra\u00e7\u00e3o com \u00eanfase em Marketing pela Funda\u00e7\u00e3o Get\u00falio Vargas - Rio de Janeiro. Consultor, Palestrante e Pesquisador sobre Empreendedorismo, Marketing, Redes Sociais e Neg\u00f3cios Digitais. Professor, Palestrante TedxTalks e Campus Party. Twitter: @ThalesBrandao\",\"sameAs\":[\"http:\\\/\\\/www.mandacaru.com.br\",\"https:\\\/\\\/www.facebook.com\\\/thalesbrandao\",\"http:\\\/\\\/www.instagram.com.br\\\/thalesbrandaoferreira\",\"https:\\\/\\\/www.linkedin.com\\\/in\\\/thales-brand\u00e3o-3948609\\\/\",\"https:\\\/\\\/x.com\\\/http:\\\/\\\/www.twitter.com\\\/thalesbrandao\"],\"url\":\"https:\\\/\\\/www.cidademarketing.com.br\\\/marketing\\\/author\\\/thalesbrandao\\\/\"}]}<\/script>\n<!-- \/ Yoast SEO plugin. -->","yoast_head_json":{"title":"Terra amplia cobertura de carnaval com est\u00fadios ao vivo em S\u00e3o Paulo e Salvador - CidadeMarketing","robots":{"index":"index","follow":"follow","max-snippet":"max-snippet:-1","max-image-preview":"max-image-preview:large","max-video-preview":"max-video-preview:-1"},"canonical":"https:\/\/www.cidademarketing.com.br\/marketing\/2023\/02\/01\/terra-amplia-cobertura-de-carnaval-com-estudios-ao-vivo-em-sao-paulo-e-salvador\/","og_locale":"pt_BR","og_type":"article","og_title":"Terra amplia cobertura de carnaval com est\u00fadios ao vivo em S\u00e3o Paulo e Salvador - CidadeMarketing","og_description":"O bloco do Terra para o Carnaval j\u00e1 est\u00e1 nas ruas. Mas tamb\u00e9m est\u00e1 nas redes sociais, em um hub multiplataforma, camarotes e em todos os outros pontos de contato relevantes para o foli\u00e3o. Figura tradicional na folia em Salvador, o Terra retorna \u00e0 capital baiana com um est\u00fadio ao vivo dentro do Camarote Brahma [&hellip;]","og_url":"https:\/\/www.cidademarketing.com.br\/marketing\/2023\/02\/01\/terra-amplia-cobertura-de-carnaval-com-estudios-ao-vivo-em-sao-paulo-e-salvador\/","og_site_name":"CidadeMarketing","article_publisher":"https:\/\/www.facebook.com\/portalcidademarketing","article_author":"https:\/\/www.facebook.com\/thalesbrandao","article_published_time":"2023-02-01T12:00:53+00:00","og_image":[{"width":315,"height":221,"url":"https:\/\/www.cidademarketing.com.br\/marketing\/wp-content\/uploads\/2021\/10\/marca_portalterra.jpg","type":"image\/jpeg"}],"author":"Thales Brand\u00e3o","twitter_card":"summary_large_image","twitter_creator":"@http:\/\/www.twitter.com\/thalesbrandao","twitter_site":"@CidadeMarketing","twitter_misc":{"Escrito por":"Thales Brand\u00e3o","Est. tempo de leitura":"4 minutos"},"schema":{"@context":"https:\/\/schema.org","@graph":[{"@type":"Article","@id":"https:\/\/www.cidademarketing.com.br\/marketing\/2023\/02\/01\/terra-amplia-cobertura-de-carnaval-com-estudios-ao-vivo-em-sao-paulo-e-salvador\/#article","isPartOf":{"@id":"https:\/\/www.cidademarketing.com.br\/marketing\/2023\/02\/01\/terra-amplia-cobertura-de-carnaval-com-estudios-ao-vivo-em-sao-paulo-e-salvador\/"},"author":{"name":"Thales Brand\u00e3o","@id":"https:\/\/www.cidademarketing.com.br\/marketing\/#\/schema\/person\/02daff9f18bd9378c9e01eb6b2db155f"},"headline":"Terra amplia cobertura de carnaval com est\u00fadios ao vivo em S\u00e3o Paulo e Salvador","datePublished":"2023-02-01T12:00:53+00:00","mainEntityOfPage":{"@id":"https:\/\/www.cidademarketing.com.br\/marketing\/2023\/02\/01\/terra-amplia-cobertura-de-carnaval-com-estudios-ao-vivo-em-sao-paulo-e-salvador\/"},"wordCount":912,"commentCount":0,"publisher":{"@id":"https:\/\/www.cidademarketing.com.br\/marketing\/#organization"},"image":{"@id":"https:\/\/www.cidademarketing.com.br\/marketing\/2023\/02\/01\/terra-amplia-cobertura-de-carnaval-com-estudios-ao-vivo-em-sao-paulo-e-salvador\/#primaryimage"},"thumbnailUrl":"https:\/\/www.cidademarketing.com.br\/marketing\/wp-content\/uploads\/2021\/10\/marca_portalterra.jpg","keywords":["Carnaval","estrat\u00e9gia","marketing","Salvador","S\u00e3o Paulo","Terra"],"articleSection":["Not\u00edcias"],"inLanguage":"pt-BR","potentialAction":[{"@type":"CommentAction","name":"Comment","target":["https:\/\/www.cidademarketing.com.br\/marketing\/2023\/02\/01\/terra-amplia-cobertura-de-carnaval-com-estudios-ao-vivo-em-sao-paulo-e-salvador\/#respond"]}]},{"@type":"WebPage","@id":"https:\/\/www.cidademarketing.com.br\/marketing\/2023\/02\/01\/terra-amplia-cobertura-de-carnaval-com-estudios-ao-vivo-em-sao-paulo-e-salvador\/","url":"https:\/\/www.cidademarketing.com.br\/marketing\/2023\/02\/01\/terra-amplia-cobertura-de-carnaval-com-estudios-ao-vivo-em-sao-paulo-e-salvador\/","name":"Terra amplia cobertura de carnaval com est\u00fadios ao vivo em S\u00e3o Paulo e Salvador - CidadeMarketing","isPartOf":{"@id":"https:\/\/www.cidademarketing.com.br\/marketing\/#website"},"primaryImageOfPage":{"@id":"https:\/\/www.cidademarketing.com.br\/marketing\/2023\/02\/01\/terra-amplia-cobertura-de-carnaval-com-estudios-ao-vivo-em-sao-paulo-e-salvador\/#primaryimage"},"image":{"@id":"https:\/\/www.cidademarketing.com.br\/marketing\/2023\/02\/01\/terra-amplia-cobertura-de-carnaval-com-estudios-ao-vivo-em-sao-paulo-e-salvador\/#primaryimage"},"thumbnailUrl":"https:\/\/www.cidademarketing.com.br\/marketing\/wp-content\/uploads\/2021\/10\/marca_portalterra.jpg","datePublished":"2023-02-01T12:00:53+00:00","breadcrumb":{"@id":"https:\/\/www.cidademarketing.com.br\/marketing\/2023\/02\/01\/terra-amplia-cobertura-de-carnaval-com-estudios-ao-vivo-em-sao-paulo-e-salvador\/#breadcrumb"},"inLanguage":"pt-BR","potentialAction":[{"@type":"ReadAction","target":["https:\/\/www.cidademarketing.com.br\/marketing\/2023\/02\/01\/terra-amplia-cobertura-de-carnaval-com-estudios-ao-vivo-em-sao-paulo-e-salvador\/"]}]},{"@type":"ImageObject","inLanguage":"pt-BR","@id":"https:\/\/www.cidademarketing.com.br\/marketing\/2023\/02\/01\/terra-amplia-cobertura-de-carnaval-com-estudios-ao-vivo-em-sao-paulo-e-salvador\/#primaryimage","url":"https:\/\/www.cidademarketing.com.br\/marketing\/wp-content\/uploads\/2021\/10\/marca_portalterra.jpg","contentUrl":"https:\/\/www.cidademarketing.com.br\/marketing\/wp-content\/uploads\/2021\/10\/marca_portalterra.jpg","width":315,"height":221},{"@type":"BreadcrumbList","@id":"https:\/\/www.cidademarketing.com.br\/marketing\/2023\/02\/01\/terra-amplia-cobertura-de-carnaval-com-estudios-ao-vivo-em-sao-paulo-e-salvador\/#breadcrumb","itemListElement":[{"@type":"ListItem","position":1,"name":"In\u00edcio","item":"https:\/\/www.cidademarketing.com.br\/marketing\/"},{"@type":"ListItem","position":2,"name":"Terra amplia cobertura de carnaval com est\u00fadios ao vivo em S\u00e3o Paulo e Salvador"}]},{"@type":"WebSite","@id":"https:\/\/www.cidademarketing.com.br\/marketing\/#website","url":"https:\/\/www.cidademarketing.com.br\/marketing\/","name":"CidadeMarketing","description":"Somos um ve\u00edculo de comunica\u00e7\u00e3o de destaque no Brasil, reconhecido por conte\u00fados nos segmentos de marketing, empreendedorismo e inova\u00e7\u00e3o.","publisher":{"@id":"https:\/\/www.cidademarketing.com.br\/marketing\/#organization"},"alternateName":"CidadeMarketing","potentialAction":[{"@type":"SearchAction","target":{"@type":"EntryPoint","urlTemplate":"https:\/\/www.cidademarketing.com.br\/marketing\/?s={search_term_string}"},"query-input":{"@type":"PropertyValueSpecification","valueRequired":true,"valueName":"search_term_string"}}],"inLanguage":"pt-BR"},{"@type":"Organization","@id":"https:\/\/www.cidademarketing.com.br\/marketing\/#organization","name":"CidadeMarketing","alternateName":"CidadeMarketing","url":"https:\/\/www.cidademarketing.com.br\/marketing\/","logo":{"@type":"ImageObject","inLanguage":"pt-BR","@id":"https:\/\/www.cidademarketing.com.br\/marketing\/#\/schema\/logo\/image\/","url":"https:\/\/www.cidademarketing.com.br\/marketing\/wp-content\/uploads\/2020\/01\/cidademarketing_marca_mobile.png","contentUrl":"https:\/\/www.cidademarketing.com.br\/marketing\/wp-content\/uploads\/2020\/01\/cidademarketing_marca_mobile.png","width":230,"height":92,"caption":"CidadeMarketing"},"image":{"@id":"https:\/\/www.cidademarketing.com.br\/marketing\/#\/schema\/logo\/image\/"},"sameAs":["https:\/\/www.facebook.com\/portalcidademarketing","https:\/\/x.com\/CidadeMarketing","https:\/\/www.instagram.com\/cidademarketing\/"]},{"@type":"Person","@id":"https:\/\/www.cidademarketing.com.br\/marketing\/#\/schema\/person\/02daff9f18bd9378c9e01eb6b2db155f","name":"Thales Brand\u00e3o","image":{"@type":"ImageObject","inLanguage":"pt-BR","@id":"https:\/\/secure.gravatar.com\/avatar\/7ca3206950207cc3cb48feec56a8a7898741ab725c368d99d5d7a5a50aab80c6?s=96&d=mm&r=g","url":"https:\/\/secure.gravatar.com\/avatar\/7ca3206950207cc3cb48feec56a8a7898741ab725c368d99d5d7a5a50aab80c6?s=96&d=mm&r=g","contentUrl":"https:\/\/secure.gravatar.com\/avatar\/7ca3206950207cc3cb48feec56a8a7898741ab725c368d99d5d7a5a50aab80c6?s=96&d=mm&r=g","caption":"Thales Brand\u00e3o"},"description":"Editor Executivo do Portal CidadeMarketing.com.br &gt; Mestre em Comunica\u00e7\u00e3o e Sociedade pela Universidade Federal de Sergipe. Possui MBA Executivo em Administra\u00e7\u00e3o com \u00eanfase em Marketing pela Funda\u00e7\u00e3o Get\u00falio Vargas - Rio de Janeiro. Consultor, Palestrante e Pesquisador sobre Empreendedorismo, Marketing, Redes Sociais e Neg\u00f3cios Digitais. Professor, Palestrante TedxTalks e Campus Party. Twitter: @ThalesBrandao","sameAs":["http:\/\/www.mandacaru.com.br","https:\/\/www.facebook.com\/thalesbrandao","http:\/\/www.instagram.com.br\/thalesbrandaoferreira","https:\/\/www.linkedin.com\/in\/thales-brand\u00e3o-3948609\/","https:\/\/x.com\/http:\/\/www.twitter.com\/thalesbrandao"],"url":"https:\/\/www.cidademarketing.com.br\/marketing\/author\/thalesbrandao\/"}]}},"amp_enabled":true,"_links":{"self":[{"href":"https:\/\/www.cidademarketing.com.br\/marketing\/wp-json\/wp\/v2\/posts\/42907","targetHints":{"allow":["GET"]}}],"collection":[{"href":"https:\/\/www.cidademarketing.com.br\/marketing\/wp-json\/wp\/v2\/posts"}],"about":[{"href":"https:\/\/www.cidademarketing.com.br\/marketing\/wp-json\/wp\/v2\/types\/post"}],"author":[{"embeddable":true,"href":"https:\/\/www.cidademarketing.com.br\/marketing\/wp-json\/wp\/v2\/users\/1"}],"replies":[{"embeddable":true,"href":"https:\/\/www.cidademarketing.com.br\/marketing\/wp-json\/wp\/v2\/comments?post=42907"}],"version-history":[{"count":1,"href":"https:\/\/www.cidademarketing.com.br\/marketing\/wp-json\/wp\/v2\/posts\/42907\/revisions"}],"predecessor-version":[{"id":42908,"href":"https:\/\/www.cidademarketing.com.br\/marketing\/wp-json\/wp\/v2\/posts\/42907\/revisions\/42908"}],"wp:featuredmedia":[{"embeddable":true,"href":"https:\/\/www.cidademarketing.com.br\/marketing\/wp-json\/wp\/v2\/media\/30966"}],"wp:attachment":[{"href":"https:\/\/www.cidademarketing.com.br\/marketing\/wp-json\/wp\/v2\/media?parent=42907"}],"wp:term":[{"taxonomy":"category","embeddable":true,"href":"https:\/\/www.cidademarketing.com.br\/marketing\/wp-json\/wp\/v2\/categories?post=42907"},{"taxonomy":"post_tag","embeddable":true,"href":"https:\/\/www.cidademarketing.com.br\/marketing\/wp-json\/wp\/v2\/tags?post=42907"}],"curies":[{"name":"wp","href":"https:\/\/api.w.org\/{rel}","templated":true}]}}