{"id":42868,"date":"2023-01-31T12:17:04","date_gmt":"2023-01-31T15:17:04","guid":{"rendered":"https:\/\/www.cidademarketing.com.br\/marketing\/?p=42868"},"modified":"2023-01-31T12:17:04","modified_gmt":"2023-01-31T15:17:04","slug":"melitta-celebra-sua-fundadora-e-criadora-do-primeiro-filtro-de-papel-para-coar-cafe","status":"publish","type":"post","link":"https:\/\/www.cidademarketing.com.br\/marketing\/2023\/01\/31\/melitta-celebra-sua-fundadora-e-criadora-do-primeiro-filtro-de-papel-para-coar-cafe\/","title":{"rendered":"Melitta celebra sua fundadora e criadora do primeiro filtro de papel para coar caf\u00e9"},"content":{"rendered":"<p>A Melitta, multinacional alem\u00e3 especialista em caf\u00e9s e conhecida pelo seu amplo portf\u00f3lio de produtos para esse segmento, celebra hoje sua fundadora Melitta Bentz. Uma mulher \u00e0 frente do seu tempo, que criou, em 1908, em Dresden, na Alemanha, o primeiro filtro de papel para coar caf\u00e9, revolucionando assim a forma como as pessoas preparam caf\u00e9.<\/p>\n<p>A pioneira do m\u00e9todo filtrado &#8212; o mais tradicional e utilizado nos lares brasileiros &#8211;, que completaria 150 anos neste 31 de janeiro, at\u00e9 hoje continua servindo de modelo e inspira\u00e7\u00e3o para todo o Grupo Melitta por seu esp\u00edrito inovador.<\/p>\n<p><iframe title=\"Spotify Embed: Podcast CidadeMarketing\" style=\"border-radius: 12px\" width=\"100%\" height=\"152\" frameborder=\"0\" allowfullscreen allow=\"autoplay; clipboard-write; encrypted-media; fullscreen; picture-in-picture\" loading=\"lazy\" src=\"https:\/\/open.spotify.com\/embed\/show\/4khMKzP3FgFRWVwb73xicc?si=252fe5bff2b34909&#038;utm_source=oembed\"><\/iframe><\/p>\n<p>A hist\u00f3ria por tr\u00e1s do filtro de papel<\/p>\n<p>Melitta Bentz, apaixonada por caf\u00e9, buscava uma bebida saborosa e sem res\u00edduos na x\u00edcara. Para isso, utilizou uma caneca de lat\u00e3o, um papel mata-borr\u00e3o, um martelo e um prego. O martelo e o prego serviram para perfurar o fundo da caneca de lat\u00e3o, onde, em seguida, foi colocado o papel mata-borr\u00e3o. Enquanto despejava cuidadosamente o caf\u00e9 na caneca de lat\u00e3o, percebeu que essa ideia simples eliminava o p\u00f3 de caf\u00e9 no fundo da x\u00edcara e o sabor amargo &#8212; tornando o consumo de caf\u00e9 muito mais agrad\u00e1vel.<\/p>\n<p>A ideia simples levou \u00e0 funda\u00e7\u00e3o de uma empresa pequena, em Dresden, e revolucionou o consumo de caf\u00e9 em todo o mundo nos anos seguintes. Hoje, a pequena empresa tornou-se um grupo internacionalmente reconhecido, com mais de 6 mil colaboradores e um extenso portf\u00f3lio de produtos para o preparo e o consumo do caf\u00e9.<\/p>\n<p>Melitta Bentz questionava o status quo e buscava criar algo novo que contribu\u00edsse para tornar o dia a dia das pessoas mais f\u00e1cil, agrad\u00e1vel e melhor. Para ela, o empreendedorismo estava intimamente ligado \u00e0 responsabilidade. Ao longo da sua jornada, dedicou-se a melhorar as condi\u00e7\u00f5es de trabalho e a moldar o futuro.<\/p>\n<p>Na \u00e9poca, ela insistia em sal\u00e1rios acima da m\u00e9dia, f\u00e9rias anuais que excediam o padr\u00e3o do setor e benef\u00edcios especiais para os colaboradores, estabelecendo diversos benef\u00edcios para apoiar as pessoas, principalmente em circunst\u00e2ncias especiais e desafiadoras. A valoriza\u00e7\u00e3o do colaborador continua sendo hoje uma das bases da cultura corporativa da empresa.<\/p>\n<p>Al\u00e9m disso, Melitta Bentz inspira um modelo de neg\u00f3cio sustent\u00e1vel, fazendo com que o desenvolvimento da companhia vincule sustentabilidade a inova\u00e7\u00e3o e a uma cultura de coopera\u00e7\u00e3o.<\/p>\n<p>\u201cMelitta Bentz foi uma mulher inovadora, corajosa, que nos inspira. Seu esp\u00edrito empreendedor e inovador fez da Melitta o que \u00e9 hoje. Esses valores fazem parte do DNA da companhia e incentiva a forma como pensamos e agimos como grupo. Procuramos sempre inovar, desenvolvendo produtos de qualidade, que atendam a necessidade dos consumidores e que ofere\u00e7am a melhor experi\u00eancia com o nosso caf\u00e9 fresquinho\u201d, diz Jonatas Rocha, diretor de marketing da Melitta.<\/p>\n<p>Linha do tempo Melitta<br \/>\n\u2022 31 de janeiro de 1873: nasce Amalie Auguste Melitta Bentz, em Dresden, na Alemanha.<br \/>\n\u2022 1908: Melitta Bentz, como era conhecida, cria o primeiro filtro de papel para coar caf\u00e9.<br \/>\n\u2022 A partir de 1909: Melitta Bentz recebe v\u00e1rias medalhas e pr\u00eamios pelo Filtro Melitta.<br \/>\n\u2022 1925: Melitta Bentz registra a marca e lan\u00e7a a embalagem verde e vermelha dos Filtros de Papel, parecida com a embalagem dispon\u00edvel at\u00e9 hoje.<br \/>\n\u2022 1937: o suporte para filtro \u00e9 aperfei\u00e7oado, para o filtro encaixar perfeitamente, e o m\u00e9todo de preparo \u00e9 patenteado.<br \/>\n\u2022 1962: a Melitta foi a 1\u00b0 torrefadora da Alemanha a lan\u00e7ar no mercado caf\u00e9s de qualidade e embalados a v\u00e1cuo.<br \/>\n\u2022 1968: Melitta chega ao Brasil.<br \/>\n\u2022 1980: Grupo Melitta lan\u00e7a no Brasil o 1\u00ba caf\u00e9 a v\u00e1cuo do mercado.<br \/>\n\u2022 1995-1999: em quatro anos Melitta lan\u00e7a cappuccino, caf\u00e9 spresso em gr\u00e3os, caf\u00e9 sol\u00favel, suporte e garrafa t\u00e9rmica.<br \/>\n\u2022 2000: Melitta lan\u00e7a o filtro com a exclusiva tecnologia de microfuros e dupla costura.<br \/>\n\u2022 2008: Melitta lan\u00e7a a linha de caf\u00e9s gourmets Regi\u00f5es Brasileiras, vindos das regi\u00f5es cafeeiras mais importantes do pa\u00eds.<br \/>\n\u2022 2018: Melitta lan\u00e7a caf\u00e9 espresso em c\u00e1psulas.<br \/>\n\u2022 2021: Melitta continua inovando na categoria de preparo de caf\u00e9s e em busca de atender a necessidade do consumidor, lan\u00e7a a linha de Filtros Do Seu Jeito.<\/p>\n<p><iframe style=\"width: 100%; max-width: 660px; overflow: hidden; background: transparent;\" src=\"https:\/\/embed.podcasts.apple.com\/br\/podcast\/podcast-cidademarketing\/id1371923283\" height=\"450\" frameborder=\"0\" sandbox=\"allow-forms allow-popups allow-same-origin allow-scripts allow-storage-access-by-user-activation allow-top-navigation-by-user-activation\"><\/iframe><\/p>\n","protected":false},"excerpt":{"rendered":"<p>A Melitta, multinacional alem\u00e3 especialista em caf\u00e9s e conhecida pelo seu amplo portf\u00f3lio de produtos para esse segmento, celebra hoje sua fundadora Melitta Bentz. Uma mulher \u00e0 frente do seu tempo, que criou, em 1908, em Dresden, na Alemanha, o primeiro filtro de papel para coar caf\u00e9, revolucionando assim a forma como as pessoas preparam [&hellip;]<\/p>\n","protected":false},"author":1,"featured_media":42869,"comment_status":"open","ping_status":"open","sticky":false,"template":"","format":"standard","meta":{"tdm_status":"","tdm_grid_status":"","footnotes":""},"categories":[6],"tags":[65,27,33,293,5821,28,539,185],"class_list":["post-42868","post","type-post","status-publish","format-standard","has-post-thumbnail","hentry","category-noticias","tag-campanha","tag-empreendedorismo","tag-estrategia","tag-inovacao","tag-invencao","tag-marketing","tag-melitta","tag-tecnologia"],"yoast_head":"<!-- This site is optimized with the Yoast SEO plugin v27.5 - https:\/\/yoast.com\/product\/yoast-seo-wordpress\/ -->\n<title>Melitta celebra sua fundadora e criadora do primeiro filtro de papel para coar caf\u00e9 - CidadeMarketing<\/title>\n<meta name=\"robots\" content=\"index, follow, max-snippet:-1, max-image-preview:large, max-video-preview:-1\" \/>\n<link rel=\"canonical\" href=\"https:\/\/www.cidademarketing.com.br\/marketing\/2023\/01\/31\/melitta-celebra-sua-fundadora-e-criadora-do-primeiro-filtro-de-papel-para-coar-cafe\/\" \/>\n<meta property=\"og:locale\" content=\"pt_BR\" \/>\n<meta property=\"og:type\" content=\"article\" \/>\n<meta property=\"og:title\" content=\"Melitta celebra sua fundadora e criadora do primeiro filtro de papel para coar caf\u00e9 - CidadeMarketing\" \/>\n<meta property=\"og:description\" content=\"A Melitta, multinacional alem\u00e3 especialista em caf\u00e9s e conhecida pelo seu amplo portf\u00f3lio de produtos para esse segmento, celebra hoje sua fundadora Melitta Bentz. Uma mulher \u00e0 frente do seu tempo, que criou, em 1908, em Dresden, na Alemanha, o primeiro filtro de papel para coar caf\u00e9, revolucionando assim a forma como as pessoas preparam [&hellip;]\" \/>\n<meta property=\"og:url\" content=\"https:\/\/www.cidademarketing.com.br\/marketing\/2023\/01\/31\/melitta-celebra-sua-fundadora-e-criadora-do-primeiro-filtro-de-papel-para-coar-cafe\/\" \/>\n<meta property=\"og:site_name\" content=\"CidadeMarketing\" \/>\n<meta property=\"article:publisher\" content=\"https:\/\/www.facebook.com\/portalcidademarketing\" \/>\n<meta property=\"article:author\" content=\"https:\/\/www.facebook.com\/thalesbrandao\" \/>\n<meta property=\"article:published_time\" content=\"2023-01-31T15:17:04+00:00\" \/>\n<meta property=\"og:image\" content=\"https:\/\/www.cidademarketing.com.br\/marketing\/wp-content\/uploads\/2023\/01\/melitta_empreendedorismo.png\" \/>\n\t<meta property=\"og:image:width\" content=\"436\" \/>\n\t<meta property=\"og:image:height\" content=\"436\" \/>\n\t<meta property=\"og:image:type\" content=\"image\/png\" \/>\n<meta name=\"author\" content=\"Thales Brand\u00e3o\" \/>\n<meta name=\"twitter:card\" content=\"summary_large_image\" \/>\n<meta name=\"twitter:creator\" content=\"@http:\/\/www.twitter.com\/thalesbrandao\" \/>\n<meta name=\"twitter:site\" content=\"@CidadeMarketing\" \/>\n<meta name=\"twitter:label1\" content=\"Escrito por\" \/>\n\t<meta name=\"twitter:data1\" content=\"Thales Brand\u00e3o\" \/>\n\t<meta name=\"twitter:label2\" content=\"Est. tempo de leitura\" \/>\n\t<meta name=\"twitter:data2\" content=\"4 minutos\" \/>\n<script type=\"application\/ld+json\" class=\"yoast-schema-graph\">{\"@context\":\"https:\\\/\\\/schema.org\",\"@graph\":[{\"@type\":\"Article\",\"@id\":\"https:\\\/\\\/www.cidademarketing.com.br\\\/marketing\\\/2023\\\/01\\\/31\\\/melitta-celebra-sua-fundadora-e-criadora-do-primeiro-filtro-de-papel-para-coar-cafe\\\/#article\",\"isPartOf\":{\"@id\":\"https:\\\/\\\/www.cidademarketing.com.br\\\/marketing\\\/2023\\\/01\\\/31\\\/melitta-celebra-sua-fundadora-e-criadora-do-primeiro-filtro-de-papel-para-coar-cafe\\\/\"},\"author\":{\"name\":\"Thales Brand\u00e3o\",\"@id\":\"https:\\\/\\\/www.cidademarketing.com.br\\\/marketing\\\/#\\\/schema\\\/person\\\/02daff9f18bd9378c9e01eb6b2db155f\"},\"headline\":\"Melitta celebra sua fundadora e criadora do primeiro filtro de papel para coar caf\u00e9\",\"datePublished\":\"2023-01-31T15:17:04+00:00\",\"mainEntityOfPage\":{\"@id\":\"https:\\\/\\\/www.cidademarketing.com.br\\\/marketing\\\/2023\\\/01\\\/31\\\/melitta-celebra-sua-fundadora-e-criadora-do-primeiro-filtro-de-papel-para-coar-cafe\\\/\"},\"wordCount\":724,\"commentCount\":0,\"publisher\":{\"@id\":\"https:\\\/\\\/www.cidademarketing.com.br\\\/marketing\\\/#organization\"},\"image\":{\"@id\":\"https:\\\/\\\/www.cidademarketing.com.br\\\/marketing\\\/2023\\\/01\\\/31\\\/melitta-celebra-sua-fundadora-e-criadora-do-primeiro-filtro-de-papel-para-coar-cafe\\\/#primaryimage\"},\"thumbnailUrl\":\"https:\\\/\\\/www.cidademarketing.com.br\\\/marketing\\\/wp-content\\\/uploads\\\/2023\\\/01\\\/melitta_empreendedorismo.png\",\"keywords\":[\"campanha\",\"empreendedorismo\",\"estrat\u00e9gia\",\"inova\u00e7\u00e3o\",\"inven\u00e7\u00e3o\",\"marketing\",\"Melitta\",\"tecnologia\"],\"articleSection\":[\"Not\u00edcias\"],\"inLanguage\":\"pt-BR\",\"potentialAction\":[{\"@type\":\"CommentAction\",\"name\":\"Comment\",\"target\":[\"https:\\\/\\\/www.cidademarketing.com.br\\\/marketing\\\/2023\\\/01\\\/31\\\/melitta-celebra-sua-fundadora-e-criadora-do-primeiro-filtro-de-papel-para-coar-cafe\\\/#respond\"]}]},{\"@type\":\"WebPage\",\"@id\":\"https:\\\/\\\/www.cidademarketing.com.br\\\/marketing\\\/2023\\\/01\\\/31\\\/melitta-celebra-sua-fundadora-e-criadora-do-primeiro-filtro-de-papel-para-coar-cafe\\\/\",\"url\":\"https:\\\/\\\/www.cidademarketing.com.br\\\/marketing\\\/2023\\\/01\\\/31\\\/melitta-celebra-sua-fundadora-e-criadora-do-primeiro-filtro-de-papel-para-coar-cafe\\\/\",\"name\":\"Melitta celebra sua fundadora e criadora do primeiro filtro de papel para coar caf\u00e9 - CidadeMarketing\",\"isPartOf\":{\"@id\":\"https:\\\/\\\/www.cidademarketing.com.br\\\/marketing\\\/#website\"},\"primaryImageOfPage\":{\"@id\":\"https:\\\/\\\/www.cidademarketing.com.br\\\/marketing\\\/2023\\\/01\\\/31\\\/melitta-celebra-sua-fundadora-e-criadora-do-primeiro-filtro-de-papel-para-coar-cafe\\\/#primaryimage\"},\"image\":{\"@id\":\"https:\\\/\\\/www.cidademarketing.com.br\\\/marketing\\\/2023\\\/01\\\/31\\\/melitta-celebra-sua-fundadora-e-criadora-do-primeiro-filtro-de-papel-para-coar-cafe\\\/#primaryimage\"},\"thumbnailUrl\":\"https:\\\/\\\/www.cidademarketing.com.br\\\/marketing\\\/wp-content\\\/uploads\\\/2023\\\/01\\\/melitta_empreendedorismo.png\",\"datePublished\":\"2023-01-31T15:17:04+00:00\",\"breadcrumb\":{\"@id\":\"https:\\\/\\\/www.cidademarketing.com.br\\\/marketing\\\/2023\\\/01\\\/31\\\/melitta-celebra-sua-fundadora-e-criadora-do-primeiro-filtro-de-papel-para-coar-cafe\\\/#breadcrumb\"},\"inLanguage\":\"pt-BR\",\"potentialAction\":[{\"@type\":\"ReadAction\",\"target\":[\"https:\\\/\\\/www.cidademarketing.com.br\\\/marketing\\\/2023\\\/01\\\/31\\\/melitta-celebra-sua-fundadora-e-criadora-do-primeiro-filtro-de-papel-para-coar-cafe\\\/\"]}]},{\"@type\":\"ImageObject\",\"inLanguage\":\"pt-BR\",\"@id\":\"https:\\\/\\\/www.cidademarketing.com.br\\\/marketing\\\/2023\\\/01\\\/31\\\/melitta-celebra-sua-fundadora-e-criadora-do-primeiro-filtro-de-papel-para-coar-cafe\\\/#primaryimage\",\"url\":\"https:\\\/\\\/www.cidademarketing.com.br\\\/marketing\\\/wp-content\\\/uploads\\\/2023\\\/01\\\/melitta_empreendedorismo.png\",\"contentUrl\":\"https:\\\/\\\/www.cidademarketing.com.br\\\/marketing\\\/wp-content\\\/uploads\\\/2023\\\/01\\\/melitta_empreendedorismo.png\",\"width\":436,\"height\":436},{\"@type\":\"BreadcrumbList\",\"@id\":\"https:\\\/\\\/www.cidademarketing.com.br\\\/marketing\\\/2023\\\/01\\\/31\\\/melitta-celebra-sua-fundadora-e-criadora-do-primeiro-filtro-de-papel-para-coar-cafe\\\/#breadcrumb\",\"itemListElement\":[{\"@type\":\"ListItem\",\"position\":1,\"name\":\"In\u00edcio\",\"item\":\"https:\\\/\\\/www.cidademarketing.com.br\\\/marketing\\\/\"},{\"@type\":\"ListItem\",\"position\":2,\"name\":\"Melitta celebra sua fundadora e criadora do primeiro filtro de papel para coar caf\u00e9\"}]},{\"@type\":\"WebSite\",\"@id\":\"https:\\\/\\\/www.cidademarketing.com.br\\\/marketing\\\/#website\",\"url\":\"https:\\\/\\\/www.cidademarketing.com.br\\\/marketing\\\/\",\"name\":\"CidadeMarketing\",\"description\":\"Somos um ve\u00edculo de comunica\u00e7\u00e3o de destaque no Brasil, reconhecido por conte\u00fados nos segmentos de marketing, empreendedorismo e inova\u00e7\u00e3o.\",\"publisher\":{\"@id\":\"https:\\\/\\\/www.cidademarketing.com.br\\\/marketing\\\/#organization\"},\"alternateName\":\"CidadeMarketing\",\"potentialAction\":[{\"@type\":\"SearchAction\",\"target\":{\"@type\":\"EntryPoint\",\"urlTemplate\":\"https:\\\/\\\/www.cidademarketing.com.br\\\/marketing\\\/?s={search_term_string}\"},\"query-input\":{\"@type\":\"PropertyValueSpecification\",\"valueRequired\":true,\"valueName\":\"search_term_string\"}}],\"inLanguage\":\"pt-BR\"},{\"@type\":\"Organization\",\"@id\":\"https:\\\/\\\/www.cidademarketing.com.br\\\/marketing\\\/#organization\",\"name\":\"CidadeMarketing\",\"alternateName\":\"CidadeMarketing\",\"url\":\"https:\\\/\\\/www.cidademarketing.com.br\\\/marketing\\\/\",\"logo\":{\"@type\":\"ImageObject\",\"inLanguage\":\"pt-BR\",\"@id\":\"https:\\\/\\\/www.cidademarketing.com.br\\\/marketing\\\/#\\\/schema\\\/logo\\\/image\\\/\",\"url\":\"https:\\\/\\\/www.cidademarketing.com.br\\\/marketing\\\/wp-content\\\/uploads\\\/2020\\\/01\\\/cidademarketing_marca_mobile.png\",\"contentUrl\":\"https:\\\/\\\/www.cidademarketing.com.br\\\/marketing\\\/wp-content\\\/uploads\\\/2020\\\/01\\\/cidademarketing_marca_mobile.png\",\"width\":230,\"height\":92,\"caption\":\"CidadeMarketing\"},\"image\":{\"@id\":\"https:\\\/\\\/www.cidademarketing.com.br\\\/marketing\\\/#\\\/schema\\\/logo\\\/image\\\/\"},\"sameAs\":[\"https:\\\/\\\/www.facebook.com\\\/portalcidademarketing\",\"https:\\\/\\\/x.com\\\/CidadeMarketing\",\"https:\\\/\\\/www.instagram.com\\\/cidademarketing\\\/\"]},{\"@type\":\"Person\",\"@id\":\"https:\\\/\\\/www.cidademarketing.com.br\\\/marketing\\\/#\\\/schema\\\/person\\\/02daff9f18bd9378c9e01eb6b2db155f\",\"name\":\"Thales Brand\u00e3o\",\"image\":{\"@type\":\"ImageObject\",\"inLanguage\":\"pt-BR\",\"@id\":\"https:\\\/\\\/secure.gravatar.com\\\/avatar\\\/7ca3206950207cc3cb48feec56a8a7898741ab725c368d99d5d7a5a50aab80c6?s=96&d=mm&r=g\",\"url\":\"https:\\\/\\\/secure.gravatar.com\\\/avatar\\\/7ca3206950207cc3cb48feec56a8a7898741ab725c368d99d5d7a5a50aab80c6?s=96&d=mm&r=g\",\"contentUrl\":\"https:\\\/\\\/secure.gravatar.com\\\/avatar\\\/7ca3206950207cc3cb48feec56a8a7898741ab725c368d99d5d7a5a50aab80c6?s=96&d=mm&r=g\",\"caption\":\"Thales Brand\u00e3o\"},\"description\":\"Editor Executivo do Portal CidadeMarketing.com.br &gt; Mestre em Comunica\u00e7\u00e3o e Sociedade pela Universidade Federal de Sergipe. Possui MBA Executivo em Administra\u00e7\u00e3o com \u00eanfase em Marketing pela Funda\u00e7\u00e3o Get\u00falio Vargas - Rio de Janeiro. Consultor, Palestrante e Pesquisador sobre Empreendedorismo, Marketing, Redes Sociais e Neg\u00f3cios Digitais. Professor, Palestrante TedxTalks e Campus Party. Twitter: @ThalesBrandao\",\"sameAs\":[\"http:\\\/\\\/www.mandacaru.com.br\",\"https:\\\/\\\/www.facebook.com\\\/thalesbrandao\",\"http:\\\/\\\/www.instagram.com.br\\\/thalesbrandaoferreira\",\"https:\\\/\\\/www.linkedin.com\\\/in\\\/thales-brand\u00e3o-3948609\\\/\",\"https:\\\/\\\/x.com\\\/http:\\\/\\\/www.twitter.com\\\/thalesbrandao\"],\"url\":\"https:\\\/\\\/www.cidademarketing.com.br\\\/marketing\\\/author\\\/thalesbrandao\\\/\"}]}<\/script>\n<!-- \/ Yoast SEO plugin. -->","yoast_head_json":{"title":"Melitta celebra sua fundadora e criadora do primeiro filtro de papel para coar caf\u00e9 - CidadeMarketing","robots":{"index":"index","follow":"follow","max-snippet":"max-snippet:-1","max-image-preview":"max-image-preview:large","max-video-preview":"max-video-preview:-1"},"canonical":"https:\/\/www.cidademarketing.com.br\/marketing\/2023\/01\/31\/melitta-celebra-sua-fundadora-e-criadora-do-primeiro-filtro-de-papel-para-coar-cafe\/","og_locale":"pt_BR","og_type":"article","og_title":"Melitta celebra sua fundadora e criadora do primeiro filtro de papel para coar caf\u00e9 - CidadeMarketing","og_description":"A Melitta, multinacional alem\u00e3 especialista em caf\u00e9s e conhecida pelo seu amplo portf\u00f3lio de produtos para esse segmento, celebra hoje sua fundadora Melitta Bentz. Uma mulher \u00e0 frente do seu tempo, que criou, em 1908, em Dresden, na Alemanha, o primeiro filtro de papel para coar caf\u00e9, revolucionando assim a forma como as pessoas preparam [&hellip;]","og_url":"https:\/\/www.cidademarketing.com.br\/marketing\/2023\/01\/31\/melitta-celebra-sua-fundadora-e-criadora-do-primeiro-filtro-de-papel-para-coar-cafe\/","og_site_name":"CidadeMarketing","article_publisher":"https:\/\/www.facebook.com\/portalcidademarketing","article_author":"https:\/\/www.facebook.com\/thalesbrandao","article_published_time":"2023-01-31T15:17:04+00:00","og_image":[{"width":436,"height":436,"url":"https:\/\/www.cidademarketing.com.br\/marketing\/wp-content\/uploads\/2023\/01\/melitta_empreendedorismo.png","type":"image\/png"}],"author":"Thales Brand\u00e3o","twitter_card":"summary_large_image","twitter_creator":"@http:\/\/www.twitter.com\/thalesbrandao","twitter_site":"@CidadeMarketing","twitter_misc":{"Escrito por":"Thales Brand\u00e3o","Est. tempo de leitura":"4 minutos"},"schema":{"@context":"https:\/\/schema.org","@graph":[{"@type":"Article","@id":"https:\/\/www.cidademarketing.com.br\/marketing\/2023\/01\/31\/melitta-celebra-sua-fundadora-e-criadora-do-primeiro-filtro-de-papel-para-coar-cafe\/#article","isPartOf":{"@id":"https:\/\/www.cidademarketing.com.br\/marketing\/2023\/01\/31\/melitta-celebra-sua-fundadora-e-criadora-do-primeiro-filtro-de-papel-para-coar-cafe\/"},"author":{"name":"Thales Brand\u00e3o","@id":"https:\/\/www.cidademarketing.com.br\/marketing\/#\/schema\/person\/02daff9f18bd9378c9e01eb6b2db155f"},"headline":"Melitta celebra sua fundadora e criadora do primeiro filtro de papel para coar caf\u00e9","datePublished":"2023-01-31T15:17:04+00:00","mainEntityOfPage":{"@id":"https:\/\/www.cidademarketing.com.br\/marketing\/2023\/01\/31\/melitta-celebra-sua-fundadora-e-criadora-do-primeiro-filtro-de-papel-para-coar-cafe\/"},"wordCount":724,"commentCount":0,"publisher":{"@id":"https:\/\/www.cidademarketing.com.br\/marketing\/#organization"},"image":{"@id":"https:\/\/www.cidademarketing.com.br\/marketing\/2023\/01\/31\/melitta-celebra-sua-fundadora-e-criadora-do-primeiro-filtro-de-papel-para-coar-cafe\/#primaryimage"},"thumbnailUrl":"https:\/\/www.cidademarketing.com.br\/marketing\/wp-content\/uploads\/2023\/01\/melitta_empreendedorismo.png","keywords":["campanha","empreendedorismo","estrat\u00e9gia","inova\u00e7\u00e3o","inven\u00e7\u00e3o","marketing","Melitta","tecnologia"],"articleSection":["Not\u00edcias"],"inLanguage":"pt-BR","potentialAction":[{"@type":"CommentAction","name":"Comment","target":["https:\/\/www.cidademarketing.com.br\/marketing\/2023\/01\/31\/melitta-celebra-sua-fundadora-e-criadora-do-primeiro-filtro-de-papel-para-coar-cafe\/#respond"]}]},{"@type":"WebPage","@id":"https:\/\/www.cidademarketing.com.br\/marketing\/2023\/01\/31\/melitta-celebra-sua-fundadora-e-criadora-do-primeiro-filtro-de-papel-para-coar-cafe\/","url":"https:\/\/www.cidademarketing.com.br\/marketing\/2023\/01\/31\/melitta-celebra-sua-fundadora-e-criadora-do-primeiro-filtro-de-papel-para-coar-cafe\/","name":"Melitta celebra sua fundadora e criadora do primeiro filtro de papel para coar caf\u00e9 - CidadeMarketing","isPartOf":{"@id":"https:\/\/www.cidademarketing.com.br\/marketing\/#website"},"primaryImageOfPage":{"@id":"https:\/\/www.cidademarketing.com.br\/marketing\/2023\/01\/31\/melitta-celebra-sua-fundadora-e-criadora-do-primeiro-filtro-de-papel-para-coar-cafe\/#primaryimage"},"image":{"@id":"https:\/\/www.cidademarketing.com.br\/marketing\/2023\/01\/31\/melitta-celebra-sua-fundadora-e-criadora-do-primeiro-filtro-de-papel-para-coar-cafe\/#primaryimage"},"thumbnailUrl":"https:\/\/www.cidademarketing.com.br\/marketing\/wp-content\/uploads\/2023\/01\/melitta_empreendedorismo.png","datePublished":"2023-01-31T15:17:04+00:00","breadcrumb":{"@id":"https:\/\/www.cidademarketing.com.br\/marketing\/2023\/01\/31\/melitta-celebra-sua-fundadora-e-criadora-do-primeiro-filtro-de-papel-para-coar-cafe\/#breadcrumb"},"inLanguage":"pt-BR","potentialAction":[{"@type":"ReadAction","target":["https:\/\/www.cidademarketing.com.br\/marketing\/2023\/01\/31\/melitta-celebra-sua-fundadora-e-criadora-do-primeiro-filtro-de-papel-para-coar-cafe\/"]}]},{"@type":"ImageObject","inLanguage":"pt-BR","@id":"https:\/\/www.cidademarketing.com.br\/marketing\/2023\/01\/31\/melitta-celebra-sua-fundadora-e-criadora-do-primeiro-filtro-de-papel-para-coar-cafe\/#primaryimage","url":"https:\/\/www.cidademarketing.com.br\/marketing\/wp-content\/uploads\/2023\/01\/melitta_empreendedorismo.png","contentUrl":"https:\/\/www.cidademarketing.com.br\/marketing\/wp-content\/uploads\/2023\/01\/melitta_empreendedorismo.png","width":436,"height":436},{"@type":"BreadcrumbList","@id":"https:\/\/www.cidademarketing.com.br\/marketing\/2023\/01\/31\/melitta-celebra-sua-fundadora-e-criadora-do-primeiro-filtro-de-papel-para-coar-cafe\/#breadcrumb","itemListElement":[{"@type":"ListItem","position":1,"name":"In\u00edcio","item":"https:\/\/www.cidademarketing.com.br\/marketing\/"},{"@type":"ListItem","position":2,"name":"Melitta celebra sua fundadora e criadora do primeiro filtro de papel para coar caf\u00e9"}]},{"@type":"WebSite","@id":"https:\/\/www.cidademarketing.com.br\/marketing\/#website","url":"https:\/\/www.cidademarketing.com.br\/marketing\/","name":"CidadeMarketing","description":"Somos um ve\u00edculo de comunica\u00e7\u00e3o de destaque no Brasil, reconhecido por conte\u00fados nos segmentos de marketing, empreendedorismo e inova\u00e7\u00e3o.","publisher":{"@id":"https:\/\/www.cidademarketing.com.br\/marketing\/#organization"},"alternateName":"CidadeMarketing","potentialAction":[{"@type":"SearchAction","target":{"@type":"EntryPoint","urlTemplate":"https:\/\/www.cidademarketing.com.br\/marketing\/?s={search_term_string}"},"query-input":{"@type":"PropertyValueSpecification","valueRequired":true,"valueName":"search_term_string"}}],"inLanguage":"pt-BR"},{"@type":"Organization","@id":"https:\/\/www.cidademarketing.com.br\/marketing\/#organization","name":"CidadeMarketing","alternateName":"CidadeMarketing","url":"https:\/\/www.cidademarketing.com.br\/marketing\/","logo":{"@type":"ImageObject","inLanguage":"pt-BR","@id":"https:\/\/www.cidademarketing.com.br\/marketing\/#\/schema\/logo\/image\/","url":"https:\/\/www.cidademarketing.com.br\/marketing\/wp-content\/uploads\/2020\/01\/cidademarketing_marca_mobile.png","contentUrl":"https:\/\/www.cidademarketing.com.br\/marketing\/wp-content\/uploads\/2020\/01\/cidademarketing_marca_mobile.png","width":230,"height":92,"caption":"CidadeMarketing"},"image":{"@id":"https:\/\/www.cidademarketing.com.br\/marketing\/#\/schema\/logo\/image\/"},"sameAs":["https:\/\/www.facebook.com\/portalcidademarketing","https:\/\/x.com\/CidadeMarketing","https:\/\/www.instagram.com\/cidademarketing\/"]},{"@type":"Person","@id":"https:\/\/www.cidademarketing.com.br\/marketing\/#\/schema\/person\/02daff9f18bd9378c9e01eb6b2db155f","name":"Thales Brand\u00e3o","image":{"@type":"ImageObject","inLanguage":"pt-BR","@id":"https:\/\/secure.gravatar.com\/avatar\/7ca3206950207cc3cb48feec56a8a7898741ab725c368d99d5d7a5a50aab80c6?s=96&d=mm&r=g","url":"https:\/\/secure.gravatar.com\/avatar\/7ca3206950207cc3cb48feec56a8a7898741ab725c368d99d5d7a5a50aab80c6?s=96&d=mm&r=g","contentUrl":"https:\/\/secure.gravatar.com\/avatar\/7ca3206950207cc3cb48feec56a8a7898741ab725c368d99d5d7a5a50aab80c6?s=96&d=mm&r=g","caption":"Thales Brand\u00e3o"},"description":"Editor Executivo do Portal CidadeMarketing.com.br &gt; Mestre em Comunica\u00e7\u00e3o e Sociedade pela Universidade Federal de Sergipe. Possui MBA Executivo em Administra\u00e7\u00e3o com \u00eanfase em Marketing pela Funda\u00e7\u00e3o Get\u00falio Vargas - Rio de Janeiro. Consultor, Palestrante e Pesquisador sobre Empreendedorismo, Marketing, Redes Sociais e Neg\u00f3cios Digitais. Professor, Palestrante TedxTalks e Campus Party. Twitter: @ThalesBrandao","sameAs":["http:\/\/www.mandacaru.com.br","https:\/\/www.facebook.com\/thalesbrandao","http:\/\/www.instagram.com.br\/thalesbrandaoferreira","https:\/\/www.linkedin.com\/in\/thales-brand\u00e3o-3948609\/","https:\/\/x.com\/http:\/\/www.twitter.com\/thalesbrandao"],"url":"https:\/\/www.cidademarketing.com.br\/marketing\/author\/thalesbrandao\/"}]}},"amp_enabled":true,"_links":{"self":[{"href":"https:\/\/www.cidademarketing.com.br\/marketing\/wp-json\/wp\/v2\/posts\/42868","targetHints":{"allow":["GET"]}}],"collection":[{"href":"https:\/\/www.cidademarketing.com.br\/marketing\/wp-json\/wp\/v2\/posts"}],"about":[{"href":"https:\/\/www.cidademarketing.com.br\/marketing\/wp-json\/wp\/v2\/types\/post"}],"author":[{"embeddable":true,"href":"https:\/\/www.cidademarketing.com.br\/marketing\/wp-json\/wp\/v2\/users\/1"}],"replies":[{"embeddable":true,"href":"https:\/\/www.cidademarketing.com.br\/marketing\/wp-json\/wp\/v2\/comments?post=42868"}],"version-history":[{"count":1,"href":"https:\/\/www.cidademarketing.com.br\/marketing\/wp-json\/wp\/v2\/posts\/42868\/revisions"}],"predecessor-version":[{"id":42870,"href":"https:\/\/www.cidademarketing.com.br\/marketing\/wp-json\/wp\/v2\/posts\/42868\/revisions\/42870"}],"wp:featuredmedia":[{"embeddable":true,"href":"https:\/\/www.cidademarketing.com.br\/marketing\/wp-json\/wp\/v2\/media\/42869"}],"wp:attachment":[{"href":"https:\/\/www.cidademarketing.com.br\/marketing\/wp-json\/wp\/v2\/media?parent=42868"}],"wp:term":[{"taxonomy":"category","embeddable":true,"href":"https:\/\/www.cidademarketing.com.br\/marketing\/wp-json\/wp\/v2\/categories?post=42868"},{"taxonomy":"post_tag","embeddable":true,"href":"https:\/\/www.cidademarketing.com.br\/marketing\/wp-json\/wp\/v2\/tags?post=42868"}],"curies":[{"name":"wp","href":"https:\/\/api.w.org\/{rel}","templated":true}]}}