{"id":42715,"date":"2023-01-29T01:00:02","date_gmt":"2023-01-29T04:00:02","guid":{"rendered":"https:\/\/www.cidademarketing.com.br\/marketing\/?p=42715"},"modified":"2023-01-29T01:00:02","modified_gmt":"2023-01-29T04:00:02","slug":"mccann-worldgroup-passa-por-reestruturacao-e-anuncia-mudancas-de-lideranca-para-promover-colaboracao-e-agilidade","status":"publish","type":"post","link":"https:\/\/www.cidademarketing.com.br\/marketing\/2023\/01\/29\/mccann-worldgroup-passa-por-reestruturacao-e-anuncia-mudancas-de-lideranca-para-promover-colaboracao-e-agilidade\/","title":{"rendered":"McCann Worldgroup passa por reestrutura\u00e7\u00e3o e anuncia mudan\u00e7as de lideran\u00e7a para promover colabora\u00e7\u00e3o e agilidade"},"content":{"rendered":"<p>Hoje, o McCann Worldgroup anunciou uma s\u00e9rie de mudan\u00e7as organizacionais para promover um trabalho mais alinhado entre suas ag\u00eancias de forma colaborativa e garantir velocidade no mercado para solu\u00e7\u00f5es criativas e novos recursos.<\/p>\n<p>Ap\u00f3s o recente an\u00fancio de que o CEO Global do McCann Worldgroup, Daryl Lee, assumir\u00e1 a responsabilidade adicional como CEO Global da McCann, enquanto Chris Macdonald retorna ao Reino Unido, Lee anuncia que o cargo de global Chief Creative Officer do McCann Worldgroup e da McCann tamb\u00e9m ser\u00e1 combinado em uma s\u00f3 posi\u00e7\u00e3o de CCO. Como a nova fun\u00e7\u00e3o exige um foco maior na publicidade vertical da McCann, Alex Lopez, global president e chief creative officer do McCann Worldgroup, decidiu deixar a organiza\u00e7\u00e3o.<\/p>\n<p><iframe title=\"Spotify Embed: Podcast CidadeMarketing\" style=\"border-radius: 12px\" width=\"100%\" height=\"152\" frameborder=\"0\" allowfullscreen allow=\"autoplay; clipboard-write; encrypted-media; fullscreen; picture-in-picture\" loading=\"lazy\" src=\"https:\/\/open.spotify.com\/embed\/show\/4khMKzP3FgFRWVwb73xicc?si=252fe5bff2b34909&#038;utm_source=oembed\"><\/iframe><\/p>\n<p>O objetivo \u00e9 criar condi\u00e7\u00f5es para uma maior colabora\u00e7\u00e3o e agilidade entre as empresas da rede McCann Worldgroup, que incluem McCann (publicidade), MRM (martech e marketing de relacionamento), Craft (produ\u00e7\u00e3o) e FutureBrand (estrat\u00e9gia e design de marca), refor\u00e7ando ainda mais a McCann como uma ag\u00eancia conceito.<\/p>\n<p>Outros l\u00edderes globais importantes est\u00e3o assumindo responsabilidades adicionais no McCann Worldgroup, sendo eles:<\/p>\n<p>\u2022 Suzanne Powers, global President e CSO, ser\u00e1 promovida a Chairwoman da FutureBrand e global Chief Product Officer do McCann Worldgroup. Nesta nova fun\u00e7\u00e3o, Powers ser\u00e1 respons\u00e1vel por elevar o n\u00edvel de excel\u00eancia em produtos criativos e estrat\u00e9gicos, inova\u00e7\u00e3o e lideran\u00e7a em todas as ag\u00eancias do Worldgroup. Ela tamb\u00e9m estar\u00e1 \u00e0 frente da integra\u00e7\u00e3o da estrat\u00e9gia entre marca e solu\u00e7\u00f5es de design da FutureBrand, parte do portf\u00f3lio do McCann Worldgroup.<\/p>\n<p>\u2022 Kate MacNevin, global Chairwoman e CEO da MRM, ser\u00e1 promovida a global Chief Operating Officer do McCann Worldgroup, mantendo sua fun\u00e7\u00e3o na MRM. O objetivo de MacNevin ser\u00e1 simplificar as opera\u00e7\u00f5es do dia-a-dia, com foco na infraestrutura em produ\u00e7\u00e3o, TI e transforma\u00e7\u00e3o de sistemas, para gerar agilidade para os clientes.<\/p>\n<p>\u2022 Nannette Dufour assumir\u00e1 o cargo de global Chief Sustainability Officer, uma nova fun\u00e7\u00e3o para a empresa, al\u00e9m de manter sua fun\u00e7\u00e3o de global Chief Client Officer do McCann Worldgroup. Como Chief Sustainability Officer, se concentrar\u00e1 na parceria com os clientes para atender as metas de sustentabilidade de forma compartilhada, ao mesmo tempo em que ir\u00e1 liderar a \u00e1rea interna de sustentabilidade da ag\u00eancia.<\/p>\n<p>\u2022 Harjot Singh, CSO global da McCann, ser\u00e1 promovido a Chief Strategy Officer global do McCann Worldgroup, mantendo sua fun\u00e7\u00e3o na McCann. Ele passar\u00e1 a liderar a estrat\u00e9gia global em toda as empresas do McCann Worldgroup.<\/p>\n<p>\u201cOs clientes precisam de solu\u00e7\u00f5es conectadas para seus desafios como marca e imagem, o que exige que a gente trabalhe de forma alinhada em todas as frentes da ag\u00eancia para oferecer ideias que nas\u00e7am de uma criatividade coletiva. Essas mudan\u00e7as anunciadas ir\u00e3o nos preparar para fazer isso rapidamente, de forma que todos no McCann Worldgroup ir\u00e3o atuar como uma equipe unida\u201d, disse Lee.<\/p>\n<p>\u201cEntrei para o McCann Worldgroup para impactar com novos modelos de criatividade em toda a rede. Estou orgulhoso dos avan\u00e7os que tivemos, especialmente ao trazer uma perspectiva de marca para a forma como trabalhamos e nos movemos no entretenimento. Adorei meu tempo no McCann Worldgroup e desejo o melhor para a equipe que fica\u201d, disse L\u00f3pez.<\/p>\n<p>\u201cAlex foi uma for\u00e7a poderosa de mudan\u00e7a e reinven\u00e7\u00e3o durante seu tempo no McCann Worldgroup, defendendo a diversidade criativa em toda as suas formas e sendo pioneiro em nossa pr\u00e1tica de entretenimento em r\u00e1pido crescimento\u201d, acrescentou Lee. \u201cSabemos que ele continuar\u00e1 impulsionando o progresso na ind\u00fastria e esperamos fazer parceria com ele no futuro\u201d.<\/p>\n<p>O McCann Worldgroup anunciar\u00e1 em breve a nomea\u00e7\u00e3o do novo CCO que assumir\u00e1 o cargo combinado. Nesse \u00ednterim, a empresa possui um amplo banco de talentos que conta com os melhores l\u00edderes criativos do setor global e nas regi\u00f5es, o que garantir\u00e1 que a excel\u00eancia criativa permane\u00e7a no topo da agenda da empresa.<\/p>\n<p>Lee concluiu: \u201cEstamos entusiasmados em promover quatro l\u00edderes excepcionais como Suzanne, Kate, Nannette e Harjot. Suzanne ajudou o McCann Worldgroup a se tornar a rede mais eficaz e criativa do mundo nos \u00faltimos quatro anos consecutivos. Ela \u00e9 apaixonada pela criatividade coletiva e seu impacto exponencial, e tem a vis\u00e3o ampla necess\u00e1ria para projetar o produto criativo e estrat\u00e9gico do amanh\u00e3 para n\u00f3s hoje. Como l\u00edder da MRM, Kate tem um profundo conhecimento da transforma\u00e7\u00e3o do marketing e como trabalhar em grande escala. Ela n\u00e3o tem medo de desafiar velhas abordagens para descobrir novas formas de trabalhar, fazendo assim com que possamos fazer as coisas mais r\u00e1pido e melhor para os clientes. A nova fun\u00e7\u00e3o de Nannette re\u00fane sua paix\u00e3o pela sustentabilidade e seu relacionamento de confian\u00e7a com os clientes para nos ajudar a avan\u00e7ar com prop\u00f3sito nesta quest\u00e3o vital para o nosso planeta. Harjot traz clareza ao complexo, colocando seu pr\u00f3prio estilo inimit\u00e1vel e humano no centro de cada marca e solu\u00e7\u00e3o de marketing. Ele \u00e9 um l\u00edder inclusivo e continuar\u00e1 o excelente trabalho da comunidade de estrat\u00e9gia global do McCann Worldgroup. Temos a sorte de ter esses l\u00edderes nos orientando em nossa miss\u00e3o de ajudar as marcas a terem um papel significativo na vida das pessoas\u201d.<\/p>\n<p><iframe style=\"width: 100%; max-width: 660px; overflow: hidden; background: transparent;\" src=\"https:\/\/embed.podcasts.apple.com\/br\/podcast\/podcast-cidademarketing\/id1371923283\" height=\"450\" frameborder=\"0\" sandbox=\"allow-forms allow-popups allow-same-origin allow-scripts allow-storage-access-by-user-activation allow-top-navigation-by-user-activation\"><\/iframe><\/p>\n","protected":false},"excerpt":{"rendered":"<p>Hoje, o McCann Worldgroup anunciou uma s\u00e9rie de mudan\u00e7as organizacionais para promover um trabalho mais alinhado entre suas ag\u00eancias de forma colaborativa e garantir velocidade no mercado para solu\u00e7\u00f5es criativas e novos recursos. Ap\u00f3s o recente an\u00fancio de que o CEO Global do McCann Worldgroup, Daryl Lee, assumir\u00e1 a responsabilidade adicional como CEO Global da [&hellip;]<\/p>\n","protected":false},"author":1,"featured_media":42716,"comment_status":"open","ping_status":"open","sticky":false,"template":"","format":"standard","meta":{"tdm_status":"","tdm_grid_status":"","footnotes":""},"categories":[6],"tags":[389,65,33,195,28,3874],"class_list":["post-42715","post","type-post","status-publish","format-standard","has-post-thumbnail","hentry","category-noticias","tag-administracao","tag-campanha","tag-estrategia","tag-lideranca","tag-marketing","tag-mccann-worldgroup"],"yoast_head":"<!-- This site is optimized with the Yoast SEO plugin v27.5 - https:\/\/yoast.com\/product\/yoast-seo-wordpress\/ -->\n<title>McCann Worldgroup passa por reestrutura\u00e7\u00e3o e anuncia mudan\u00e7as de lideran\u00e7a para promover colabora\u00e7\u00e3o e agilidade - CidadeMarketing<\/title>\n<meta name=\"robots\" content=\"index, follow, max-snippet:-1, max-image-preview:large, max-video-preview:-1\" \/>\n<link rel=\"canonical\" href=\"https:\/\/www.cidademarketing.com.br\/marketing\/2023\/01\/29\/mccann-worldgroup-passa-por-reestruturacao-e-anuncia-mudancas-de-lideranca-para-promover-colaboracao-e-agilidade\/\" \/>\n<meta property=\"og:locale\" content=\"pt_BR\" \/>\n<meta property=\"og:type\" content=\"article\" \/>\n<meta property=\"og:title\" content=\"McCann Worldgroup passa por reestrutura\u00e7\u00e3o e anuncia mudan\u00e7as de lideran\u00e7a para promover colabora\u00e7\u00e3o e agilidade - CidadeMarketing\" \/>\n<meta property=\"og:description\" content=\"Hoje, o McCann Worldgroup anunciou uma s\u00e9rie de mudan\u00e7as organizacionais para promover um trabalho mais alinhado entre suas ag\u00eancias de forma colaborativa e garantir velocidade no mercado para solu\u00e7\u00f5es criativas e novos recursos. Ap\u00f3s o recente an\u00fancio de que o CEO Global do McCann Worldgroup, Daryl Lee, assumir\u00e1 a responsabilidade adicional como CEO Global da [&hellip;]\" \/>\n<meta property=\"og:url\" content=\"https:\/\/www.cidademarketing.com.br\/marketing\/2023\/01\/29\/mccann-worldgroup-passa-por-reestruturacao-e-anuncia-mudancas-de-lideranca-para-promover-colaboracao-e-agilidade\/\" \/>\n<meta property=\"og:site_name\" content=\"CidadeMarketing\" \/>\n<meta property=\"article:publisher\" content=\"https:\/\/www.facebook.com\/portalcidademarketing\" \/>\n<meta property=\"article:author\" content=\"https:\/\/www.facebook.com\/thalesbrandao\" \/>\n<meta property=\"article:published_time\" content=\"2023-01-29T04:00:02+00:00\" \/>\n<meta property=\"og:image\" content=\"https:\/\/www.cidademarketing.com.br\/marketing\/wp-content\/uploads\/2023\/01\/mccann_worldgroup_-1024x536.png\" \/>\n\t<meta property=\"og:image:width\" content=\"1024\" \/>\n\t<meta property=\"og:image:height\" content=\"536\" \/>\n\t<meta property=\"og:image:type\" content=\"image\/png\" \/>\n<meta name=\"author\" content=\"Thales Brand\u00e3o\" \/>\n<meta name=\"twitter:card\" content=\"summary_large_image\" \/>\n<meta name=\"twitter:creator\" content=\"@http:\/\/www.twitter.com\/thalesbrandao\" \/>\n<meta name=\"twitter:site\" content=\"@CidadeMarketing\" \/>\n<meta name=\"twitter:label1\" content=\"Escrito por\" \/>\n\t<meta name=\"twitter:data1\" content=\"Thales Brand\u00e3o\" \/>\n\t<meta name=\"twitter:label2\" content=\"Est. tempo de leitura\" \/>\n\t<meta name=\"twitter:data2\" content=\"5 minutos\" \/>\n<script type=\"application\/ld+json\" class=\"yoast-schema-graph\">{\"@context\":\"https:\\\/\\\/schema.org\",\"@graph\":[{\"@type\":\"Article\",\"@id\":\"https:\\\/\\\/www.cidademarketing.com.br\\\/marketing\\\/2023\\\/01\\\/29\\\/mccann-worldgroup-passa-por-reestruturacao-e-anuncia-mudancas-de-lideranca-para-promover-colaboracao-e-agilidade\\\/#article\",\"isPartOf\":{\"@id\":\"https:\\\/\\\/www.cidademarketing.com.br\\\/marketing\\\/2023\\\/01\\\/29\\\/mccann-worldgroup-passa-por-reestruturacao-e-anuncia-mudancas-de-lideranca-para-promover-colaboracao-e-agilidade\\\/\"},\"author\":{\"name\":\"Thales Brand\u00e3o\",\"@id\":\"https:\\\/\\\/www.cidademarketing.com.br\\\/marketing\\\/#\\\/schema\\\/person\\\/02daff9f18bd9378c9e01eb6b2db155f\"},\"headline\":\"McCann Worldgroup passa por reestrutura\u00e7\u00e3o e anuncia mudan\u00e7as de lideran\u00e7a para promover colabora\u00e7\u00e3o e agilidade\",\"datePublished\":\"2023-01-29T04:00:02+00:00\",\"mainEntityOfPage\":{\"@id\":\"https:\\\/\\\/www.cidademarketing.com.br\\\/marketing\\\/2023\\\/01\\\/29\\\/mccann-worldgroup-passa-por-reestruturacao-e-anuncia-mudancas-de-lideranca-para-promover-colaboracao-e-agilidade\\\/\"},\"wordCount\":938,\"commentCount\":0,\"publisher\":{\"@id\":\"https:\\\/\\\/www.cidademarketing.com.br\\\/marketing\\\/#organization\"},\"image\":{\"@id\":\"https:\\\/\\\/www.cidademarketing.com.br\\\/marketing\\\/2023\\\/01\\\/29\\\/mccann-worldgroup-passa-por-reestruturacao-e-anuncia-mudancas-de-lideranca-para-promover-colaboracao-e-agilidade\\\/#primaryimage\"},\"thumbnailUrl\":\"https:\\\/\\\/www.cidademarketing.com.br\\\/marketing\\\/wp-content\\\/uploads\\\/2023\\\/01\\\/mccann_worldgroup_.png\",\"keywords\":[\"administra\u00e7\u00e3o\",\"campanha\",\"estrat\u00e9gia\",\"lideran\u00e7a\",\"marketing\",\"McCann Worldgroup\"],\"articleSection\":[\"Not\u00edcias\"],\"inLanguage\":\"pt-BR\",\"potentialAction\":[{\"@type\":\"CommentAction\",\"name\":\"Comment\",\"target\":[\"https:\\\/\\\/www.cidademarketing.com.br\\\/marketing\\\/2023\\\/01\\\/29\\\/mccann-worldgroup-passa-por-reestruturacao-e-anuncia-mudancas-de-lideranca-para-promover-colaboracao-e-agilidade\\\/#respond\"]}]},{\"@type\":\"WebPage\",\"@id\":\"https:\\\/\\\/www.cidademarketing.com.br\\\/marketing\\\/2023\\\/01\\\/29\\\/mccann-worldgroup-passa-por-reestruturacao-e-anuncia-mudancas-de-lideranca-para-promover-colaboracao-e-agilidade\\\/\",\"url\":\"https:\\\/\\\/www.cidademarketing.com.br\\\/marketing\\\/2023\\\/01\\\/29\\\/mccann-worldgroup-passa-por-reestruturacao-e-anuncia-mudancas-de-lideranca-para-promover-colaboracao-e-agilidade\\\/\",\"name\":\"McCann Worldgroup passa por reestrutura\u00e7\u00e3o e anuncia mudan\u00e7as de lideran\u00e7a para promover colabora\u00e7\u00e3o e agilidade - CidadeMarketing\",\"isPartOf\":{\"@id\":\"https:\\\/\\\/www.cidademarketing.com.br\\\/marketing\\\/#website\"},\"primaryImageOfPage\":{\"@id\":\"https:\\\/\\\/www.cidademarketing.com.br\\\/marketing\\\/2023\\\/01\\\/29\\\/mccann-worldgroup-passa-por-reestruturacao-e-anuncia-mudancas-de-lideranca-para-promover-colaboracao-e-agilidade\\\/#primaryimage\"},\"image\":{\"@id\":\"https:\\\/\\\/www.cidademarketing.com.br\\\/marketing\\\/2023\\\/01\\\/29\\\/mccann-worldgroup-passa-por-reestruturacao-e-anuncia-mudancas-de-lideranca-para-promover-colaboracao-e-agilidade\\\/#primaryimage\"},\"thumbnailUrl\":\"https:\\\/\\\/www.cidademarketing.com.br\\\/marketing\\\/wp-content\\\/uploads\\\/2023\\\/01\\\/mccann_worldgroup_.png\",\"datePublished\":\"2023-01-29T04:00:02+00:00\",\"breadcrumb\":{\"@id\":\"https:\\\/\\\/www.cidademarketing.com.br\\\/marketing\\\/2023\\\/01\\\/29\\\/mccann-worldgroup-passa-por-reestruturacao-e-anuncia-mudancas-de-lideranca-para-promover-colaboracao-e-agilidade\\\/#breadcrumb\"},\"inLanguage\":\"pt-BR\",\"potentialAction\":[{\"@type\":\"ReadAction\",\"target\":[\"https:\\\/\\\/www.cidademarketing.com.br\\\/marketing\\\/2023\\\/01\\\/29\\\/mccann-worldgroup-passa-por-reestruturacao-e-anuncia-mudancas-de-lideranca-para-promover-colaboracao-e-agilidade\\\/\"]}]},{\"@type\":\"ImageObject\",\"inLanguage\":\"pt-BR\",\"@id\":\"https:\\\/\\\/www.cidademarketing.com.br\\\/marketing\\\/2023\\\/01\\\/29\\\/mccann-worldgroup-passa-por-reestruturacao-e-anuncia-mudancas-de-lideranca-para-promover-colaboracao-e-agilidade\\\/#primaryimage\",\"url\":\"https:\\\/\\\/www.cidademarketing.com.br\\\/marketing\\\/wp-content\\\/uploads\\\/2023\\\/01\\\/mccann_worldgroup_.png\",\"contentUrl\":\"https:\\\/\\\/www.cidademarketing.com.br\\\/marketing\\\/wp-content\\\/uploads\\\/2023\\\/01\\\/mccann_worldgroup_.png\",\"width\":5001,\"height\":2617,\"caption\":\"Divulga\u00e7\u00e3o\"},{\"@type\":\"BreadcrumbList\",\"@id\":\"https:\\\/\\\/www.cidademarketing.com.br\\\/marketing\\\/2023\\\/01\\\/29\\\/mccann-worldgroup-passa-por-reestruturacao-e-anuncia-mudancas-de-lideranca-para-promover-colaboracao-e-agilidade\\\/#breadcrumb\",\"itemListElement\":[{\"@type\":\"ListItem\",\"position\":1,\"name\":\"In\u00edcio\",\"item\":\"https:\\\/\\\/www.cidademarketing.com.br\\\/marketing\\\/\"},{\"@type\":\"ListItem\",\"position\":2,\"name\":\"McCann Worldgroup passa por reestrutura\u00e7\u00e3o e anuncia mudan\u00e7as de lideran\u00e7a para promover colabora\u00e7\u00e3o e agilidade\"}]},{\"@type\":\"WebSite\",\"@id\":\"https:\\\/\\\/www.cidademarketing.com.br\\\/marketing\\\/#website\",\"url\":\"https:\\\/\\\/www.cidademarketing.com.br\\\/marketing\\\/\",\"name\":\"CidadeMarketing\",\"description\":\"Somos um ve\u00edculo de comunica\u00e7\u00e3o de destaque no Brasil, reconhecido por conte\u00fados nos segmentos de marketing, empreendedorismo e inova\u00e7\u00e3o.\",\"publisher\":{\"@id\":\"https:\\\/\\\/www.cidademarketing.com.br\\\/marketing\\\/#organization\"},\"alternateName\":\"CidadeMarketing\",\"potentialAction\":[{\"@type\":\"SearchAction\",\"target\":{\"@type\":\"EntryPoint\",\"urlTemplate\":\"https:\\\/\\\/www.cidademarketing.com.br\\\/marketing\\\/?s={search_term_string}\"},\"query-input\":{\"@type\":\"PropertyValueSpecification\",\"valueRequired\":true,\"valueName\":\"search_term_string\"}}],\"inLanguage\":\"pt-BR\"},{\"@type\":\"Organization\",\"@id\":\"https:\\\/\\\/www.cidademarketing.com.br\\\/marketing\\\/#organization\",\"name\":\"CidadeMarketing\",\"alternateName\":\"CidadeMarketing\",\"url\":\"https:\\\/\\\/www.cidademarketing.com.br\\\/marketing\\\/\",\"logo\":{\"@type\":\"ImageObject\",\"inLanguage\":\"pt-BR\",\"@id\":\"https:\\\/\\\/www.cidademarketing.com.br\\\/marketing\\\/#\\\/schema\\\/logo\\\/image\\\/\",\"url\":\"https:\\\/\\\/www.cidademarketing.com.br\\\/marketing\\\/wp-content\\\/uploads\\\/2020\\\/01\\\/cidademarketing_marca_mobile.png\",\"contentUrl\":\"https:\\\/\\\/www.cidademarketing.com.br\\\/marketing\\\/wp-content\\\/uploads\\\/2020\\\/01\\\/cidademarketing_marca_mobile.png\",\"width\":230,\"height\":92,\"caption\":\"CidadeMarketing\"},\"image\":{\"@id\":\"https:\\\/\\\/www.cidademarketing.com.br\\\/marketing\\\/#\\\/schema\\\/logo\\\/image\\\/\"},\"sameAs\":[\"https:\\\/\\\/www.facebook.com\\\/portalcidademarketing\",\"https:\\\/\\\/x.com\\\/CidadeMarketing\",\"https:\\\/\\\/www.instagram.com\\\/cidademarketing\\\/\"]},{\"@type\":\"Person\",\"@id\":\"https:\\\/\\\/www.cidademarketing.com.br\\\/marketing\\\/#\\\/schema\\\/person\\\/02daff9f18bd9378c9e01eb6b2db155f\",\"name\":\"Thales Brand\u00e3o\",\"image\":{\"@type\":\"ImageObject\",\"inLanguage\":\"pt-BR\",\"@id\":\"https:\\\/\\\/secure.gravatar.com\\\/avatar\\\/7ca3206950207cc3cb48feec56a8a7898741ab725c368d99d5d7a5a50aab80c6?s=96&d=mm&r=g\",\"url\":\"https:\\\/\\\/secure.gravatar.com\\\/avatar\\\/7ca3206950207cc3cb48feec56a8a7898741ab725c368d99d5d7a5a50aab80c6?s=96&d=mm&r=g\",\"contentUrl\":\"https:\\\/\\\/secure.gravatar.com\\\/avatar\\\/7ca3206950207cc3cb48feec56a8a7898741ab725c368d99d5d7a5a50aab80c6?s=96&d=mm&r=g\",\"caption\":\"Thales Brand\u00e3o\"},\"description\":\"Editor Executivo do Portal CidadeMarketing.com.br &gt; Mestre em Comunica\u00e7\u00e3o e Sociedade pela Universidade Federal de Sergipe. Possui MBA Executivo em Administra\u00e7\u00e3o com \u00eanfase em Marketing pela Funda\u00e7\u00e3o Get\u00falio Vargas - Rio de Janeiro. Consultor, Palestrante e Pesquisador sobre Empreendedorismo, Marketing, Redes Sociais e Neg\u00f3cios Digitais. Professor, Palestrante TedxTalks e Campus Party. Twitter: @ThalesBrandao\",\"sameAs\":[\"http:\\\/\\\/www.mandacaru.com.br\",\"https:\\\/\\\/www.facebook.com\\\/thalesbrandao\",\"http:\\\/\\\/www.instagram.com.br\\\/thalesbrandaoferreira\",\"https:\\\/\\\/www.linkedin.com\\\/in\\\/thales-brand\u00e3o-3948609\\\/\",\"https:\\\/\\\/x.com\\\/http:\\\/\\\/www.twitter.com\\\/thalesbrandao\"],\"url\":\"https:\\\/\\\/www.cidademarketing.com.br\\\/marketing\\\/author\\\/thalesbrandao\\\/\"}]}<\/script>\n<!-- \/ Yoast SEO plugin. -->","yoast_head_json":{"title":"McCann Worldgroup passa por reestrutura\u00e7\u00e3o e anuncia mudan\u00e7as de lideran\u00e7a para promover colabora\u00e7\u00e3o e agilidade - CidadeMarketing","robots":{"index":"index","follow":"follow","max-snippet":"max-snippet:-1","max-image-preview":"max-image-preview:large","max-video-preview":"max-video-preview:-1"},"canonical":"https:\/\/www.cidademarketing.com.br\/marketing\/2023\/01\/29\/mccann-worldgroup-passa-por-reestruturacao-e-anuncia-mudancas-de-lideranca-para-promover-colaboracao-e-agilidade\/","og_locale":"pt_BR","og_type":"article","og_title":"McCann Worldgroup passa por reestrutura\u00e7\u00e3o e anuncia mudan\u00e7as de lideran\u00e7a para promover colabora\u00e7\u00e3o e agilidade - CidadeMarketing","og_description":"Hoje, o McCann Worldgroup anunciou uma s\u00e9rie de mudan\u00e7as organizacionais para promover um trabalho mais alinhado entre suas ag\u00eancias de forma colaborativa e garantir velocidade no mercado para solu\u00e7\u00f5es criativas e novos recursos. Ap\u00f3s o recente an\u00fancio de que o CEO Global do McCann Worldgroup, Daryl Lee, assumir\u00e1 a responsabilidade adicional como CEO Global da [&hellip;]","og_url":"https:\/\/www.cidademarketing.com.br\/marketing\/2023\/01\/29\/mccann-worldgroup-passa-por-reestruturacao-e-anuncia-mudancas-de-lideranca-para-promover-colaboracao-e-agilidade\/","og_site_name":"CidadeMarketing","article_publisher":"https:\/\/www.facebook.com\/portalcidademarketing","article_author":"https:\/\/www.facebook.com\/thalesbrandao","article_published_time":"2023-01-29T04:00:02+00:00","og_image":[{"width":1024,"height":536,"url":"https:\/\/www.cidademarketing.com.br\/marketing\/wp-content\/uploads\/2023\/01\/mccann_worldgroup_-1024x536.png","type":"image\/png"}],"author":"Thales Brand\u00e3o","twitter_card":"summary_large_image","twitter_creator":"@http:\/\/www.twitter.com\/thalesbrandao","twitter_site":"@CidadeMarketing","twitter_misc":{"Escrito por":"Thales Brand\u00e3o","Est. tempo de leitura":"5 minutos"},"schema":{"@context":"https:\/\/schema.org","@graph":[{"@type":"Article","@id":"https:\/\/www.cidademarketing.com.br\/marketing\/2023\/01\/29\/mccann-worldgroup-passa-por-reestruturacao-e-anuncia-mudancas-de-lideranca-para-promover-colaboracao-e-agilidade\/#article","isPartOf":{"@id":"https:\/\/www.cidademarketing.com.br\/marketing\/2023\/01\/29\/mccann-worldgroup-passa-por-reestruturacao-e-anuncia-mudancas-de-lideranca-para-promover-colaboracao-e-agilidade\/"},"author":{"name":"Thales Brand\u00e3o","@id":"https:\/\/www.cidademarketing.com.br\/marketing\/#\/schema\/person\/02daff9f18bd9378c9e01eb6b2db155f"},"headline":"McCann Worldgroup passa por reestrutura\u00e7\u00e3o e anuncia mudan\u00e7as de lideran\u00e7a para promover colabora\u00e7\u00e3o e agilidade","datePublished":"2023-01-29T04:00:02+00:00","mainEntityOfPage":{"@id":"https:\/\/www.cidademarketing.com.br\/marketing\/2023\/01\/29\/mccann-worldgroup-passa-por-reestruturacao-e-anuncia-mudancas-de-lideranca-para-promover-colaboracao-e-agilidade\/"},"wordCount":938,"commentCount":0,"publisher":{"@id":"https:\/\/www.cidademarketing.com.br\/marketing\/#organization"},"image":{"@id":"https:\/\/www.cidademarketing.com.br\/marketing\/2023\/01\/29\/mccann-worldgroup-passa-por-reestruturacao-e-anuncia-mudancas-de-lideranca-para-promover-colaboracao-e-agilidade\/#primaryimage"},"thumbnailUrl":"https:\/\/www.cidademarketing.com.br\/marketing\/wp-content\/uploads\/2023\/01\/mccann_worldgroup_.png","keywords":["administra\u00e7\u00e3o","campanha","estrat\u00e9gia","lideran\u00e7a","marketing","McCann Worldgroup"],"articleSection":["Not\u00edcias"],"inLanguage":"pt-BR","potentialAction":[{"@type":"CommentAction","name":"Comment","target":["https:\/\/www.cidademarketing.com.br\/marketing\/2023\/01\/29\/mccann-worldgroup-passa-por-reestruturacao-e-anuncia-mudancas-de-lideranca-para-promover-colaboracao-e-agilidade\/#respond"]}]},{"@type":"WebPage","@id":"https:\/\/www.cidademarketing.com.br\/marketing\/2023\/01\/29\/mccann-worldgroup-passa-por-reestruturacao-e-anuncia-mudancas-de-lideranca-para-promover-colaboracao-e-agilidade\/","url":"https:\/\/www.cidademarketing.com.br\/marketing\/2023\/01\/29\/mccann-worldgroup-passa-por-reestruturacao-e-anuncia-mudancas-de-lideranca-para-promover-colaboracao-e-agilidade\/","name":"McCann Worldgroup passa por reestrutura\u00e7\u00e3o e anuncia mudan\u00e7as de lideran\u00e7a para promover colabora\u00e7\u00e3o e agilidade - CidadeMarketing","isPartOf":{"@id":"https:\/\/www.cidademarketing.com.br\/marketing\/#website"},"primaryImageOfPage":{"@id":"https:\/\/www.cidademarketing.com.br\/marketing\/2023\/01\/29\/mccann-worldgroup-passa-por-reestruturacao-e-anuncia-mudancas-de-lideranca-para-promover-colaboracao-e-agilidade\/#primaryimage"},"image":{"@id":"https:\/\/www.cidademarketing.com.br\/marketing\/2023\/01\/29\/mccann-worldgroup-passa-por-reestruturacao-e-anuncia-mudancas-de-lideranca-para-promover-colaboracao-e-agilidade\/#primaryimage"},"thumbnailUrl":"https:\/\/www.cidademarketing.com.br\/marketing\/wp-content\/uploads\/2023\/01\/mccann_worldgroup_.png","datePublished":"2023-01-29T04:00:02+00:00","breadcrumb":{"@id":"https:\/\/www.cidademarketing.com.br\/marketing\/2023\/01\/29\/mccann-worldgroup-passa-por-reestruturacao-e-anuncia-mudancas-de-lideranca-para-promover-colaboracao-e-agilidade\/#breadcrumb"},"inLanguage":"pt-BR","potentialAction":[{"@type":"ReadAction","target":["https:\/\/www.cidademarketing.com.br\/marketing\/2023\/01\/29\/mccann-worldgroup-passa-por-reestruturacao-e-anuncia-mudancas-de-lideranca-para-promover-colaboracao-e-agilidade\/"]}]},{"@type":"ImageObject","inLanguage":"pt-BR","@id":"https:\/\/www.cidademarketing.com.br\/marketing\/2023\/01\/29\/mccann-worldgroup-passa-por-reestruturacao-e-anuncia-mudancas-de-lideranca-para-promover-colaboracao-e-agilidade\/#primaryimage","url":"https:\/\/www.cidademarketing.com.br\/marketing\/wp-content\/uploads\/2023\/01\/mccann_worldgroup_.png","contentUrl":"https:\/\/www.cidademarketing.com.br\/marketing\/wp-content\/uploads\/2023\/01\/mccann_worldgroup_.png","width":5001,"height":2617,"caption":"Divulga\u00e7\u00e3o"},{"@type":"BreadcrumbList","@id":"https:\/\/www.cidademarketing.com.br\/marketing\/2023\/01\/29\/mccann-worldgroup-passa-por-reestruturacao-e-anuncia-mudancas-de-lideranca-para-promover-colaboracao-e-agilidade\/#breadcrumb","itemListElement":[{"@type":"ListItem","position":1,"name":"In\u00edcio","item":"https:\/\/www.cidademarketing.com.br\/marketing\/"},{"@type":"ListItem","position":2,"name":"McCann Worldgroup passa por reestrutura\u00e7\u00e3o e anuncia mudan\u00e7as de lideran\u00e7a para promover colabora\u00e7\u00e3o e agilidade"}]},{"@type":"WebSite","@id":"https:\/\/www.cidademarketing.com.br\/marketing\/#website","url":"https:\/\/www.cidademarketing.com.br\/marketing\/","name":"CidadeMarketing","description":"Somos um ve\u00edculo de comunica\u00e7\u00e3o de destaque no Brasil, reconhecido por conte\u00fados nos segmentos de marketing, empreendedorismo e inova\u00e7\u00e3o.","publisher":{"@id":"https:\/\/www.cidademarketing.com.br\/marketing\/#organization"},"alternateName":"CidadeMarketing","potentialAction":[{"@type":"SearchAction","target":{"@type":"EntryPoint","urlTemplate":"https:\/\/www.cidademarketing.com.br\/marketing\/?s={search_term_string}"},"query-input":{"@type":"PropertyValueSpecification","valueRequired":true,"valueName":"search_term_string"}}],"inLanguage":"pt-BR"},{"@type":"Organization","@id":"https:\/\/www.cidademarketing.com.br\/marketing\/#organization","name":"CidadeMarketing","alternateName":"CidadeMarketing","url":"https:\/\/www.cidademarketing.com.br\/marketing\/","logo":{"@type":"ImageObject","inLanguage":"pt-BR","@id":"https:\/\/www.cidademarketing.com.br\/marketing\/#\/schema\/logo\/image\/","url":"https:\/\/www.cidademarketing.com.br\/marketing\/wp-content\/uploads\/2020\/01\/cidademarketing_marca_mobile.png","contentUrl":"https:\/\/www.cidademarketing.com.br\/marketing\/wp-content\/uploads\/2020\/01\/cidademarketing_marca_mobile.png","width":230,"height":92,"caption":"CidadeMarketing"},"image":{"@id":"https:\/\/www.cidademarketing.com.br\/marketing\/#\/schema\/logo\/image\/"},"sameAs":["https:\/\/www.facebook.com\/portalcidademarketing","https:\/\/x.com\/CidadeMarketing","https:\/\/www.instagram.com\/cidademarketing\/"]},{"@type":"Person","@id":"https:\/\/www.cidademarketing.com.br\/marketing\/#\/schema\/person\/02daff9f18bd9378c9e01eb6b2db155f","name":"Thales Brand\u00e3o","image":{"@type":"ImageObject","inLanguage":"pt-BR","@id":"https:\/\/secure.gravatar.com\/avatar\/7ca3206950207cc3cb48feec56a8a7898741ab725c368d99d5d7a5a50aab80c6?s=96&d=mm&r=g","url":"https:\/\/secure.gravatar.com\/avatar\/7ca3206950207cc3cb48feec56a8a7898741ab725c368d99d5d7a5a50aab80c6?s=96&d=mm&r=g","contentUrl":"https:\/\/secure.gravatar.com\/avatar\/7ca3206950207cc3cb48feec56a8a7898741ab725c368d99d5d7a5a50aab80c6?s=96&d=mm&r=g","caption":"Thales Brand\u00e3o"},"description":"Editor Executivo do Portal CidadeMarketing.com.br &gt; Mestre em Comunica\u00e7\u00e3o e Sociedade pela Universidade Federal de Sergipe. Possui MBA Executivo em Administra\u00e7\u00e3o com \u00eanfase em Marketing pela Funda\u00e7\u00e3o Get\u00falio Vargas - Rio de Janeiro. Consultor, Palestrante e Pesquisador sobre Empreendedorismo, Marketing, Redes Sociais e Neg\u00f3cios Digitais. Professor, Palestrante TedxTalks e Campus Party. Twitter: @ThalesBrandao","sameAs":["http:\/\/www.mandacaru.com.br","https:\/\/www.facebook.com\/thalesbrandao","http:\/\/www.instagram.com.br\/thalesbrandaoferreira","https:\/\/www.linkedin.com\/in\/thales-brand\u00e3o-3948609\/","https:\/\/x.com\/http:\/\/www.twitter.com\/thalesbrandao"],"url":"https:\/\/www.cidademarketing.com.br\/marketing\/author\/thalesbrandao\/"}]}},"amp_enabled":true,"_links":{"self":[{"href":"https:\/\/www.cidademarketing.com.br\/marketing\/wp-json\/wp\/v2\/posts\/42715","targetHints":{"allow":["GET"]}}],"collection":[{"href":"https:\/\/www.cidademarketing.com.br\/marketing\/wp-json\/wp\/v2\/posts"}],"about":[{"href":"https:\/\/www.cidademarketing.com.br\/marketing\/wp-json\/wp\/v2\/types\/post"}],"author":[{"embeddable":true,"href":"https:\/\/www.cidademarketing.com.br\/marketing\/wp-json\/wp\/v2\/users\/1"}],"replies":[{"embeddable":true,"href":"https:\/\/www.cidademarketing.com.br\/marketing\/wp-json\/wp\/v2\/comments?post=42715"}],"version-history":[{"count":1,"href":"https:\/\/www.cidademarketing.com.br\/marketing\/wp-json\/wp\/v2\/posts\/42715\/revisions"}],"predecessor-version":[{"id":42717,"href":"https:\/\/www.cidademarketing.com.br\/marketing\/wp-json\/wp\/v2\/posts\/42715\/revisions\/42717"}],"wp:featuredmedia":[{"embeddable":true,"href":"https:\/\/www.cidademarketing.com.br\/marketing\/wp-json\/wp\/v2\/media\/42716"}],"wp:attachment":[{"href":"https:\/\/www.cidademarketing.com.br\/marketing\/wp-json\/wp\/v2\/media?parent=42715"}],"wp:term":[{"taxonomy":"category","embeddable":true,"href":"https:\/\/www.cidademarketing.com.br\/marketing\/wp-json\/wp\/v2\/categories?post=42715"},{"taxonomy":"post_tag","embeddable":true,"href":"https:\/\/www.cidademarketing.com.br\/marketing\/wp-json\/wp\/v2\/tags?post=42715"}],"curies":[{"name":"wp","href":"https:\/\/api.w.org\/{rel}","templated":true}]}}