{"id":42694,"date":"2023-01-28T08:57:09","date_gmt":"2023-01-28T11:57:09","guid":{"rendered":"https:\/\/www.cidademarketing.com.br\/marketing\/?p=42694"},"modified":"2023-01-28T08:57:09","modified_gmt":"2023-01-28T11:57:09","slug":"devassa-e-patrocinadora-oficial-do-festiva-de-verao-2023-com-espaco-exclusivo-e-geladeira-gigante","status":"publish","type":"post","link":"https:\/\/www.cidademarketing.com.br\/marketing\/2023\/01\/28\/devassa-e-patrocinadora-oficial-do-festiva-de-verao-2023-com-espaco-exclusivo-e-geladeira-gigante\/","title":{"rendered":"Devassa \u00e9 patrocinadora oficial do Festiva de Ver\u00e3o 2023 com espa\u00e7o exclusivo e geladeira gigante"},"content":{"rendered":"<p>Janeiro est\u00e1 prestes a acabar, mas n\u00e3o sem antes Devassa, marca l\u00edder em vendas no Nordeste movimentar Salvador. Com o retorno do Festival de Ver\u00e3o 2023 &#8211; 28 e 29 de janeiro -, que est\u00e1 de volta \u00e0 agenda de eventos da capital baiana ap\u00f3s dois anos de pausa devido \u00e0 pandemia da Covid-19, a esta\u00e7\u00e3o mais quente do ano ficar\u00e1 \u2018refrescadassa\u2019 com as a\u00e7\u00f5es especiais que a marca preparou para o p\u00fablico curtir nos dois dias de evento. Para criar novas hist\u00f3rias e reviver antigas, faremos uma verdadeira viagem por outras edi\u00e7\u00f5es e acontecimentos marcantes do festival.<\/p>\n<p><iframe title=\"Spotify Embed: Podcast CidadeMarketing\" style=\"border-radius: 12px\" width=\"100%\" height=\"152\" frameborder=\"0\" allowfullscreen allow=\"autoplay; clipboard-write; encrypted-media; fullscreen; picture-in-picture\" loading=\"lazy\" src=\"https:\/\/open.spotify.com\/embed\/show\/4khMKzP3FgFRWVwb73xicc?si=252fe5bff2b34909&#038;utm_source=oembed\"><\/iframe><\/p>\n<p>Para celebrar uma das datas mais not\u00e1veis do ver\u00e3o brasileiro, al\u00e9m de colaborar com a realiza\u00e7\u00e3o, a marca ter\u00e1 um espa\u00e7o de mais de 115m\u00b2, que une experi\u00eancia com entretenimento para o p\u00fablico: a GELADASSA, uma geladeira gigante que ser\u00e1 o espa\u00e7o oficial dessa \u2018refrescadassa\u2019 na mem\u00f3ria de Festival de Ver\u00e3o. Com estrutura de 13 metros de altura que remete ao palco das grandes atra\u00e7\u00f5es da festa, no qual o p\u00fablico poder\u00e1 participar de uma programa\u00e7\u00e3o especial ao longo do dia com m\u00fasicas que marcaram outros anos, coreografias que j\u00e1 foram febre e at\u00e9 uns joguinhos para testar a mem\u00f3ria.<\/p>\n<p>Nas duas noites Devassa trar\u00e1 de volta nomes que j\u00e1 fizeram hist\u00f3ria no evento como M\u00e1rcia Freire (ex-vocalista da banda Cheiro de Amor), M\u00e1rcia Short (ex-integrante da BamdaMel) no s\u00e1bado e Emanuelle Ara\u00fajo (ex-vocalista da banda EVA) e Larissa Luz (ex-integrante do Ara Ketu), Sheila Mello e Scheila Carvalho (ex-dan\u00e7arinas no grupo \u00c9 o Tchan!) no domingo e outros nomes que j\u00e1 fizeram hist\u00f3ria no Festival, como atra\u00e7\u00f5es surpresas em ambos os dias para que o p\u00fablico viva um verdadeiro flashback.<\/p>\n<p>\u201cEstamos muito felizes por poder trazer ao p\u00fablico experi\u00eancias memor\u00e1veis que marcam o retorno do festival na esta\u00e7\u00e3o mais celebrada e esperada no estado, se reconectando \u00e0s ra\u00edzes do evento que volta a ser realizado no Parque de Exposi\u00e7\u00f5es onde estreou em 1999 e onde permaneceu por 17 anos\u201d comemora Vanessa Brand\u00e3o, diretora de marketing das marcas Mainstream do Grupo HEINEKEN.<\/p>\n<p>Para esta edi\u00e7\u00e3o, o Festival traz como mote o slogan \u201cSomos Mundo\u201d, que estimula os conceitos de liberdade, inclus\u00e3o, acolhimento e diversidade, tema que conversa diretamente com a plataforma TUDO NOSSO, projeto criado por Devassa que contribui para que pessoas pretas tenham acesso aos espa\u00e7os de cultura, lazer e entretenimento pela porta da frente. Seja como audi\u00eancia ou artista nos palcos, a plataforma pratica diferentes estrat\u00e9gias para tornar isso uma realidade, seja a partir de promo\u00e7\u00f5es afirmativas para convidados ou garantindo espa\u00e7o e impulsionamento em seus canais para artistas.<\/p>\n<p>E por meio deste projeto, reafirmando seu compromisso de apoiar movimentos raciais, Devassa mapeou ex-colaboradores do Festival de Ver\u00e3o, pessoas que trabalharam em outras edi\u00e7\u00f5es do evento e que s\u00e3o tamb\u00e9m refer\u00eancias culturais influentes na regi\u00e3o de Salvador, fazendo um trabalho relevante e fundamental para aquela sociedade por meio de conex\u00e3o real com a comunidade local, e os convidou para juntos celebrarem com a marca. Assim todos esses convidados da marca poder\u00e3o juntos aproveitar e celebrar a Criatividade Tropical no ver\u00e3o de Salvador.<\/p>\n<p>UMA CERVEJA TROPICAL E REFRESCANTE<br \/>\nDevassa, a cerveja puro malte refrescante feita com maltes 100% naturais, que ap\u00f3s ser incorporada ao portf\u00f3lio do Grupo Heineken Brasil mudou seu posicionamento e passou a investir na plataforma Tropical Transforma, que celebra o poder criativo do brasileiro na m\u00fasica, na arte e na dan\u00e7a.<br \/>\nNo #FV23 a programa\u00e7\u00e3o da GELADASSA come\u00e7a sempre \u00e0s 15h e conta com coreografias do grupo Afrobapho, coletivo formado por jovens negros LGBTQIAP+ da periferia de Salvador e Fit Dance al\u00e9m de Gabi da Ox\u00e9, Grace Kelly, Libre Ana, L\u00facio K, Patricktor4, Telefunksoul e Ubuntu como DJ\u2019s convidados.<\/p>\n<p>PALCO DEVASSA<br \/>\nS\u00c1BADO &#8211; a partir de 15h<br \/>\nDJ\u2019s Patricktor4, Ubuntu, L\u00facio K e Libre Ana<br \/>\nMomento M\u00fasica Chame Gente &#8212; a partir de 23h<br \/>\nM\u00e1rcia Freire (ex-vocalista da banda Cheiro de Amor)<br \/>\nM\u00e1rcia Short (ex-integrante da BamdaMel)<br \/>\n+ Atra\u00e7\u00e3o surpresa<\/p>\n<p>DOMINGO &#8211; a partir de 15h<br \/>\nDJ\u2019s Patricktor4, Gabi da Ox\u00e9, Grace Kelly, Telefunksoul<br \/>\nMomento M\u00fasica Firme E Forte &#8211; a partir de 0h30h<br \/>\nEmanuelle Ara\u00fajo (ex-vocalista da banda EVA)<br \/>\nLarissa Luz (ex-integrante do Ara Ketu)<br \/>\nSheila Mello e Scheila Carvalho (ex-dan\u00e7arinas no grupo \u00c9 o Tchan!)<br \/>\n+ Atra\u00e7\u00e3o surpresa<\/p>\n<p>Os shows s\u00e3o idealizados e produzidos por ATENAS COMUNICA\u00c7\u00c3O; estrat\u00e9gia de conte\u00fado e m\u00eddia offline por HNK LAB; m\u00eddia digital pela IPROSPECT (RED STAR) e sele\u00e7\u00e3o de influenciadores pela ag\u00eancia e assessoria de comunica\u00e7\u00e3o PRESS PASS.<\/p>\n<p>O #FV23<br \/>\nNo line-up oficial do evento, o festival que tem como uma das principais marcas o ineditismo das apresenta\u00e7\u00f5es, traz artistas como Gilberto Gil, Caetano Veloso, Margareth Menezes, Carlinhos Brown, Ludmilla, Gloria Groove, Alcione, Marina Sena e mais. Mais informa\u00e7\u00f5es: <a href=\"https:\/\/fvssa.com.br\/\" target=\"_blank\" rel=\"noopener\">Link<\/a><\/p>\n<p><iframe style=\"width: 100%; max-width: 660px; overflow: hidden; background: transparent;\" src=\"https:\/\/embed.podcasts.apple.com\/br\/podcast\/podcast-cidademarketing\/id1371923283\" height=\"450\" frameborder=\"0\" sandbox=\"allow-forms allow-popups allow-same-origin allow-scripts allow-storage-access-by-user-activation allow-top-navigation-by-user-activation\"><\/iframe><\/p>\n","protected":false},"excerpt":{"rendered":"<p>Janeiro est\u00e1 prestes a acabar, mas n\u00e3o sem antes Devassa, marca l\u00edder em vendas no Nordeste movimentar Salvador. Com o retorno do Festival de Ver\u00e3o 2023 &#8211; 28 e 29 de janeiro -, que est\u00e1 de volta \u00e0 agenda de eventos da capital baiana ap\u00f3s dois anos de pausa devido \u00e0 pandemia da Covid-19, a [&hellip;]<\/p>\n","protected":false},"author":1,"featured_media":42695,"comment_status":"open","ping_status":"open","sticky":false,"template":"","format":"standard","meta":{"tdm_status":"","tdm_grid_status":"","footnotes":""},"categories":[6],"tags":[65,1469,33,748,28,447],"class_list":["post-42694","post","type-post","status-publish","format-standard","has-post-thumbnail","hentry","category-noticias","tag-campanha","tag-devassa","tag-estrategia","tag-festival-de-verao","tag-marketing","tag-patrocinio"],"yoast_head":"<!-- This site is optimized with the Yoast SEO plugin v27.5 - https:\/\/yoast.com\/product\/yoast-seo-wordpress\/ -->\n<title>Devassa \u00e9 patrocinadora oficial do Festiva de Ver\u00e3o 2023 com espa\u00e7o exclusivo e geladeira gigante - CidadeMarketing<\/title>\n<meta name=\"robots\" content=\"index, follow, max-snippet:-1, max-image-preview:large, max-video-preview:-1\" \/>\n<link rel=\"canonical\" href=\"https:\/\/www.cidademarketing.com.br\/marketing\/2023\/01\/28\/devassa-e-patrocinadora-oficial-do-festiva-de-verao-2023-com-espaco-exclusivo-e-geladeira-gigante\/\" \/>\n<meta property=\"og:locale\" content=\"pt_BR\" \/>\n<meta property=\"og:type\" content=\"article\" \/>\n<meta property=\"og:title\" content=\"Devassa \u00e9 patrocinadora oficial do Festiva de Ver\u00e3o 2023 com espa\u00e7o exclusivo e geladeira gigante - CidadeMarketing\" \/>\n<meta property=\"og:description\" content=\"Janeiro est\u00e1 prestes a acabar, mas n\u00e3o sem antes Devassa, marca l\u00edder em vendas no Nordeste movimentar Salvador. Com o retorno do Festival de Ver\u00e3o 2023 &#8211; 28 e 29 de janeiro -, que est\u00e1 de volta \u00e0 agenda de eventos da capital baiana ap\u00f3s dois anos de pausa devido \u00e0 pandemia da Covid-19, a [&hellip;]\" \/>\n<meta property=\"og:url\" content=\"https:\/\/www.cidademarketing.com.br\/marketing\/2023\/01\/28\/devassa-e-patrocinadora-oficial-do-festiva-de-verao-2023-com-espaco-exclusivo-e-geladeira-gigante\/\" \/>\n<meta property=\"og:site_name\" content=\"CidadeMarketing\" \/>\n<meta property=\"article:publisher\" content=\"https:\/\/www.facebook.com\/portalcidademarketing\" \/>\n<meta property=\"article:author\" content=\"https:\/\/www.facebook.com\/thalesbrandao\" \/>\n<meta property=\"article:published_time\" content=\"2023-01-28T11:57:09+00:00\" \/>\n<meta property=\"og:image\" content=\"https:\/\/www.cidademarketing.com.br\/marketing\/wp-content\/uploads\/2023\/01\/devassa_festivaldeverao.png\" \/>\n\t<meta property=\"og:image:width\" content=\"1600\" \/>\n\t<meta property=\"og:image:height\" content=\"893\" \/>\n\t<meta property=\"og:image:type\" content=\"image\/png\" \/>\n<meta name=\"author\" content=\"Thales Brand\u00e3o\" \/>\n<meta name=\"twitter:card\" content=\"summary_large_image\" \/>\n<meta name=\"twitter:creator\" content=\"@http:\/\/www.twitter.com\/thalesbrandao\" \/>\n<meta name=\"twitter:site\" content=\"@CidadeMarketing\" \/>\n<meta name=\"twitter:label1\" content=\"Escrito por\" \/>\n\t<meta name=\"twitter:data1\" content=\"Thales Brand\u00e3o\" \/>\n\t<meta name=\"twitter:label2\" content=\"Est. tempo de leitura\" \/>\n\t<meta name=\"twitter:data2\" content=\"4 minutos\" \/>\n<script type=\"application\/ld+json\" class=\"yoast-schema-graph\">{\"@context\":\"https:\\\/\\\/schema.org\",\"@graph\":[{\"@type\":\"Article\",\"@id\":\"https:\\\/\\\/www.cidademarketing.com.br\\\/marketing\\\/2023\\\/01\\\/28\\\/devassa-e-patrocinadora-oficial-do-festiva-de-verao-2023-com-espaco-exclusivo-e-geladeira-gigante\\\/#article\",\"isPartOf\":{\"@id\":\"https:\\\/\\\/www.cidademarketing.com.br\\\/marketing\\\/2023\\\/01\\\/28\\\/devassa-e-patrocinadora-oficial-do-festiva-de-verao-2023-com-espaco-exclusivo-e-geladeira-gigante\\\/\"},\"author\":{\"name\":\"Thales Brand\u00e3o\",\"@id\":\"https:\\\/\\\/www.cidademarketing.com.br\\\/marketing\\\/#\\\/schema\\\/person\\\/02daff9f18bd9378c9e01eb6b2db155f\"},\"headline\":\"Devassa \u00e9 patrocinadora oficial do Festiva de Ver\u00e3o 2023 com espa\u00e7o exclusivo e geladeira gigante\",\"datePublished\":\"2023-01-28T11:57:09+00:00\",\"mainEntityOfPage\":{\"@id\":\"https:\\\/\\\/www.cidademarketing.com.br\\\/marketing\\\/2023\\\/01\\\/28\\\/devassa-e-patrocinadora-oficial-do-festiva-de-verao-2023-com-espaco-exclusivo-e-geladeira-gigante\\\/\"},\"wordCount\":885,\"commentCount\":0,\"publisher\":{\"@id\":\"https:\\\/\\\/www.cidademarketing.com.br\\\/marketing\\\/#organization\"},\"image\":{\"@id\":\"https:\\\/\\\/www.cidademarketing.com.br\\\/marketing\\\/2023\\\/01\\\/28\\\/devassa-e-patrocinadora-oficial-do-festiva-de-verao-2023-com-espaco-exclusivo-e-geladeira-gigante\\\/#primaryimage\"},\"thumbnailUrl\":\"https:\\\/\\\/www.cidademarketing.com.br\\\/marketing\\\/wp-content\\\/uploads\\\/2023\\\/01\\\/devassa_festivaldeverao.png\",\"keywords\":[\"campanha\",\"Devassa\",\"estrat\u00e9gia\",\"Festival de Ver\u00e3o\",\"marketing\",\"patroc\u00ednio\"],\"articleSection\":[\"Not\u00edcias\"],\"inLanguage\":\"pt-BR\",\"potentialAction\":[{\"@type\":\"CommentAction\",\"name\":\"Comment\",\"target\":[\"https:\\\/\\\/www.cidademarketing.com.br\\\/marketing\\\/2023\\\/01\\\/28\\\/devassa-e-patrocinadora-oficial-do-festiva-de-verao-2023-com-espaco-exclusivo-e-geladeira-gigante\\\/#respond\"]}]},{\"@type\":\"WebPage\",\"@id\":\"https:\\\/\\\/www.cidademarketing.com.br\\\/marketing\\\/2023\\\/01\\\/28\\\/devassa-e-patrocinadora-oficial-do-festiva-de-verao-2023-com-espaco-exclusivo-e-geladeira-gigante\\\/\",\"url\":\"https:\\\/\\\/www.cidademarketing.com.br\\\/marketing\\\/2023\\\/01\\\/28\\\/devassa-e-patrocinadora-oficial-do-festiva-de-verao-2023-com-espaco-exclusivo-e-geladeira-gigante\\\/\",\"name\":\"Devassa \u00e9 patrocinadora oficial do Festiva de Ver\u00e3o 2023 com espa\u00e7o exclusivo e geladeira gigante - CidadeMarketing\",\"isPartOf\":{\"@id\":\"https:\\\/\\\/www.cidademarketing.com.br\\\/marketing\\\/#website\"},\"primaryImageOfPage\":{\"@id\":\"https:\\\/\\\/www.cidademarketing.com.br\\\/marketing\\\/2023\\\/01\\\/28\\\/devassa-e-patrocinadora-oficial-do-festiva-de-verao-2023-com-espaco-exclusivo-e-geladeira-gigante\\\/#primaryimage\"},\"image\":{\"@id\":\"https:\\\/\\\/www.cidademarketing.com.br\\\/marketing\\\/2023\\\/01\\\/28\\\/devassa-e-patrocinadora-oficial-do-festiva-de-verao-2023-com-espaco-exclusivo-e-geladeira-gigante\\\/#primaryimage\"},\"thumbnailUrl\":\"https:\\\/\\\/www.cidademarketing.com.br\\\/marketing\\\/wp-content\\\/uploads\\\/2023\\\/01\\\/devassa_festivaldeverao.png\",\"datePublished\":\"2023-01-28T11:57:09+00:00\",\"breadcrumb\":{\"@id\":\"https:\\\/\\\/www.cidademarketing.com.br\\\/marketing\\\/2023\\\/01\\\/28\\\/devassa-e-patrocinadora-oficial-do-festiva-de-verao-2023-com-espaco-exclusivo-e-geladeira-gigante\\\/#breadcrumb\"},\"inLanguage\":\"pt-BR\",\"potentialAction\":[{\"@type\":\"ReadAction\",\"target\":[\"https:\\\/\\\/www.cidademarketing.com.br\\\/marketing\\\/2023\\\/01\\\/28\\\/devassa-e-patrocinadora-oficial-do-festiva-de-verao-2023-com-espaco-exclusivo-e-geladeira-gigante\\\/\"]}]},{\"@type\":\"ImageObject\",\"inLanguage\":\"pt-BR\",\"@id\":\"https:\\\/\\\/www.cidademarketing.com.br\\\/marketing\\\/2023\\\/01\\\/28\\\/devassa-e-patrocinadora-oficial-do-festiva-de-verao-2023-com-espaco-exclusivo-e-geladeira-gigante\\\/#primaryimage\",\"url\":\"https:\\\/\\\/www.cidademarketing.com.br\\\/marketing\\\/wp-content\\\/uploads\\\/2023\\\/01\\\/devassa_festivaldeverao.png\",\"contentUrl\":\"https:\\\/\\\/www.cidademarketing.com.br\\\/marketing\\\/wp-content\\\/uploads\\\/2023\\\/01\\\/devassa_festivaldeverao.png\",\"width\":1600,\"height\":893,\"caption\":\"Imagem ilustrativa da ativa\u00e7\u00e3o GELADASSA\"},{\"@type\":\"BreadcrumbList\",\"@id\":\"https:\\\/\\\/www.cidademarketing.com.br\\\/marketing\\\/2023\\\/01\\\/28\\\/devassa-e-patrocinadora-oficial-do-festiva-de-verao-2023-com-espaco-exclusivo-e-geladeira-gigante\\\/#breadcrumb\",\"itemListElement\":[{\"@type\":\"ListItem\",\"position\":1,\"name\":\"In\u00edcio\",\"item\":\"https:\\\/\\\/www.cidademarketing.com.br\\\/marketing\\\/\"},{\"@type\":\"ListItem\",\"position\":2,\"name\":\"Devassa \u00e9 patrocinadora oficial do Festiva de Ver\u00e3o 2023 com espa\u00e7o exclusivo e geladeira gigante\"}]},{\"@type\":\"WebSite\",\"@id\":\"https:\\\/\\\/www.cidademarketing.com.br\\\/marketing\\\/#website\",\"url\":\"https:\\\/\\\/www.cidademarketing.com.br\\\/marketing\\\/\",\"name\":\"CidadeMarketing\",\"description\":\"Somos um ve\u00edculo de comunica\u00e7\u00e3o de destaque no Brasil, reconhecido por conte\u00fados nos segmentos de marketing, empreendedorismo e inova\u00e7\u00e3o.\",\"publisher\":{\"@id\":\"https:\\\/\\\/www.cidademarketing.com.br\\\/marketing\\\/#organization\"},\"alternateName\":\"CidadeMarketing\",\"potentialAction\":[{\"@type\":\"SearchAction\",\"target\":{\"@type\":\"EntryPoint\",\"urlTemplate\":\"https:\\\/\\\/www.cidademarketing.com.br\\\/marketing\\\/?s={search_term_string}\"},\"query-input\":{\"@type\":\"PropertyValueSpecification\",\"valueRequired\":true,\"valueName\":\"search_term_string\"}}],\"inLanguage\":\"pt-BR\"},{\"@type\":\"Organization\",\"@id\":\"https:\\\/\\\/www.cidademarketing.com.br\\\/marketing\\\/#organization\",\"name\":\"CidadeMarketing\",\"alternateName\":\"CidadeMarketing\",\"url\":\"https:\\\/\\\/www.cidademarketing.com.br\\\/marketing\\\/\",\"logo\":{\"@type\":\"ImageObject\",\"inLanguage\":\"pt-BR\",\"@id\":\"https:\\\/\\\/www.cidademarketing.com.br\\\/marketing\\\/#\\\/schema\\\/logo\\\/image\\\/\",\"url\":\"https:\\\/\\\/www.cidademarketing.com.br\\\/marketing\\\/wp-content\\\/uploads\\\/2020\\\/01\\\/cidademarketing_marca_mobile.png\",\"contentUrl\":\"https:\\\/\\\/www.cidademarketing.com.br\\\/marketing\\\/wp-content\\\/uploads\\\/2020\\\/01\\\/cidademarketing_marca_mobile.png\",\"width\":230,\"height\":92,\"caption\":\"CidadeMarketing\"},\"image\":{\"@id\":\"https:\\\/\\\/www.cidademarketing.com.br\\\/marketing\\\/#\\\/schema\\\/logo\\\/image\\\/\"},\"sameAs\":[\"https:\\\/\\\/www.facebook.com\\\/portalcidademarketing\",\"https:\\\/\\\/x.com\\\/CidadeMarketing\",\"https:\\\/\\\/www.instagram.com\\\/cidademarketing\\\/\"]},{\"@type\":\"Person\",\"@id\":\"https:\\\/\\\/www.cidademarketing.com.br\\\/marketing\\\/#\\\/schema\\\/person\\\/02daff9f18bd9378c9e01eb6b2db155f\",\"name\":\"Thales Brand\u00e3o\",\"image\":{\"@type\":\"ImageObject\",\"inLanguage\":\"pt-BR\",\"@id\":\"https:\\\/\\\/secure.gravatar.com\\\/avatar\\\/7ca3206950207cc3cb48feec56a8a7898741ab725c368d99d5d7a5a50aab80c6?s=96&d=mm&r=g\",\"url\":\"https:\\\/\\\/secure.gravatar.com\\\/avatar\\\/7ca3206950207cc3cb48feec56a8a7898741ab725c368d99d5d7a5a50aab80c6?s=96&d=mm&r=g\",\"contentUrl\":\"https:\\\/\\\/secure.gravatar.com\\\/avatar\\\/7ca3206950207cc3cb48feec56a8a7898741ab725c368d99d5d7a5a50aab80c6?s=96&d=mm&r=g\",\"caption\":\"Thales Brand\u00e3o\"},\"description\":\"Editor Executivo do Portal CidadeMarketing.com.br &gt; Mestre em Comunica\u00e7\u00e3o e Sociedade pela Universidade Federal de Sergipe. Possui MBA Executivo em Administra\u00e7\u00e3o com \u00eanfase em Marketing pela Funda\u00e7\u00e3o Get\u00falio Vargas - Rio de Janeiro. Consultor, Palestrante e Pesquisador sobre Empreendedorismo, Marketing, Redes Sociais e Neg\u00f3cios Digitais. Professor, Palestrante TedxTalks e Campus Party. Twitter: @ThalesBrandao\",\"sameAs\":[\"http:\\\/\\\/www.mandacaru.com.br\",\"https:\\\/\\\/www.facebook.com\\\/thalesbrandao\",\"http:\\\/\\\/www.instagram.com.br\\\/thalesbrandaoferreira\",\"https:\\\/\\\/www.linkedin.com\\\/in\\\/thales-brand\u00e3o-3948609\\\/\",\"https:\\\/\\\/x.com\\\/http:\\\/\\\/www.twitter.com\\\/thalesbrandao\"],\"url\":\"https:\\\/\\\/www.cidademarketing.com.br\\\/marketing\\\/author\\\/thalesbrandao\\\/\"}]}<\/script>\n<!-- \/ Yoast SEO plugin. -->","yoast_head_json":{"title":"Devassa \u00e9 patrocinadora oficial do Festiva de Ver\u00e3o 2023 com espa\u00e7o exclusivo e geladeira gigante - CidadeMarketing","robots":{"index":"index","follow":"follow","max-snippet":"max-snippet:-1","max-image-preview":"max-image-preview:large","max-video-preview":"max-video-preview:-1"},"canonical":"https:\/\/www.cidademarketing.com.br\/marketing\/2023\/01\/28\/devassa-e-patrocinadora-oficial-do-festiva-de-verao-2023-com-espaco-exclusivo-e-geladeira-gigante\/","og_locale":"pt_BR","og_type":"article","og_title":"Devassa \u00e9 patrocinadora oficial do Festiva de Ver\u00e3o 2023 com espa\u00e7o exclusivo e geladeira gigante - CidadeMarketing","og_description":"Janeiro est\u00e1 prestes a acabar, mas n\u00e3o sem antes Devassa, marca l\u00edder em vendas no Nordeste movimentar Salvador. Com o retorno do Festival de Ver\u00e3o 2023 &#8211; 28 e 29 de janeiro -, que est\u00e1 de volta \u00e0 agenda de eventos da capital baiana ap\u00f3s dois anos de pausa devido \u00e0 pandemia da Covid-19, a [&hellip;]","og_url":"https:\/\/www.cidademarketing.com.br\/marketing\/2023\/01\/28\/devassa-e-patrocinadora-oficial-do-festiva-de-verao-2023-com-espaco-exclusivo-e-geladeira-gigante\/","og_site_name":"CidadeMarketing","article_publisher":"https:\/\/www.facebook.com\/portalcidademarketing","article_author":"https:\/\/www.facebook.com\/thalesbrandao","article_published_time":"2023-01-28T11:57:09+00:00","og_image":[{"width":1600,"height":893,"url":"https:\/\/www.cidademarketing.com.br\/marketing\/wp-content\/uploads\/2023\/01\/devassa_festivaldeverao.png","type":"image\/png"}],"author":"Thales Brand\u00e3o","twitter_card":"summary_large_image","twitter_creator":"@http:\/\/www.twitter.com\/thalesbrandao","twitter_site":"@CidadeMarketing","twitter_misc":{"Escrito por":"Thales Brand\u00e3o","Est. tempo de leitura":"4 minutos"},"schema":{"@context":"https:\/\/schema.org","@graph":[{"@type":"Article","@id":"https:\/\/www.cidademarketing.com.br\/marketing\/2023\/01\/28\/devassa-e-patrocinadora-oficial-do-festiva-de-verao-2023-com-espaco-exclusivo-e-geladeira-gigante\/#article","isPartOf":{"@id":"https:\/\/www.cidademarketing.com.br\/marketing\/2023\/01\/28\/devassa-e-patrocinadora-oficial-do-festiva-de-verao-2023-com-espaco-exclusivo-e-geladeira-gigante\/"},"author":{"name":"Thales Brand\u00e3o","@id":"https:\/\/www.cidademarketing.com.br\/marketing\/#\/schema\/person\/02daff9f18bd9378c9e01eb6b2db155f"},"headline":"Devassa \u00e9 patrocinadora oficial do Festiva de Ver\u00e3o 2023 com espa\u00e7o exclusivo e geladeira gigante","datePublished":"2023-01-28T11:57:09+00:00","mainEntityOfPage":{"@id":"https:\/\/www.cidademarketing.com.br\/marketing\/2023\/01\/28\/devassa-e-patrocinadora-oficial-do-festiva-de-verao-2023-com-espaco-exclusivo-e-geladeira-gigante\/"},"wordCount":885,"commentCount":0,"publisher":{"@id":"https:\/\/www.cidademarketing.com.br\/marketing\/#organization"},"image":{"@id":"https:\/\/www.cidademarketing.com.br\/marketing\/2023\/01\/28\/devassa-e-patrocinadora-oficial-do-festiva-de-verao-2023-com-espaco-exclusivo-e-geladeira-gigante\/#primaryimage"},"thumbnailUrl":"https:\/\/www.cidademarketing.com.br\/marketing\/wp-content\/uploads\/2023\/01\/devassa_festivaldeverao.png","keywords":["campanha","Devassa","estrat\u00e9gia","Festival de Ver\u00e3o","marketing","patroc\u00ednio"],"articleSection":["Not\u00edcias"],"inLanguage":"pt-BR","potentialAction":[{"@type":"CommentAction","name":"Comment","target":["https:\/\/www.cidademarketing.com.br\/marketing\/2023\/01\/28\/devassa-e-patrocinadora-oficial-do-festiva-de-verao-2023-com-espaco-exclusivo-e-geladeira-gigante\/#respond"]}]},{"@type":"WebPage","@id":"https:\/\/www.cidademarketing.com.br\/marketing\/2023\/01\/28\/devassa-e-patrocinadora-oficial-do-festiva-de-verao-2023-com-espaco-exclusivo-e-geladeira-gigante\/","url":"https:\/\/www.cidademarketing.com.br\/marketing\/2023\/01\/28\/devassa-e-patrocinadora-oficial-do-festiva-de-verao-2023-com-espaco-exclusivo-e-geladeira-gigante\/","name":"Devassa \u00e9 patrocinadora oficial do Festiva de Ver\u00e3o 2023 com espa\u00e7o exclusivo e geladeira gigante - CidadeMarketing","isPartOf":{"@id":"https:\/\/www.cidademarketing.com.br\/marketing\/#website"},"primaryImageOfPage":{"@id":"https:\/\/www.cidademarketing.com.br\/marketing\/2023\/01\/28\/devassa-e-patrocinadora-oficial-do-festiva-de-verao-2023-com-espaco-exclusivo-e-geladeira-gigante\/#primaryimage"},"image":{"@id":"https:\/\/www.cidademarketing.com.br\/marketing\/2023\/01\/28\/devassa-e-patrocinadora-oficial-do-festiva-de-verao-2023-com-espaco-exclusivo-e-geladeira-gigante\/#primaryimage"},"thumbnailUrl":"https:\/\/www.cidademarketing.com.br\/marketing\/wp-content\/uploads\/2023\/01\/devassa_festivaldeverao.png","datePublished":"2023-01-28T11:57:09+00:00","breadcrumb":{"@id":"https:\/\/www.cidademarketing.com.br\/marketing\/2023\/01\/28\/devassa-e-patrocinadora-oficial-do-festiva-de-verao-2023-com-espaco-exclusivo-e-geladeira-gigante\/#breadcrumb"},"inLanguage":"pt-BR","potentialAction":[{"@type":"ReadAction","target":["https:\/\/www.cidademarketing.com.br\/marketing\/2023\/01\/28\/devassa-e-patrocinadora-oficial-do-festiva-de-verao-2023-com-espaco-exclusivo-e-geladeira-gigante\/"]}]},{"@type":"ImageObject","inLanguage":"pt-BR","@id":"https:\/\/www.cidademarketing.com.br\/marketing\/2023\/01\/28\/devassa-e-patrocinadora-oficial-do-festiva-de-verao-2023-com-espaco-exclusivo-e-geladeira-gigante\/#primaryimage","url":"https:\/\/www.cidademarketing.com.br\/marketing\/wp-content\/uploads\/2023\/01\/devassa_festivaldeverao.png","contentUrl":"https:\/\/www.cidademarketing.com.br\/marketing\/wp-content\/uploads\/2023\/01\/devassa_festivaldeverao.png","width":1600,"height":893,"caption":"Imagem ilustrativa da ativa\u00e7\u00e3o GELADASSA"},{"@type":"BreadcrumbList","@id":"https:\/\/www.cidademarketing.com.br\/marketing\/2023\/01\/28\/devassa-e-patrocinadora-oficial-do-festiva-de-verao-2023-com-espaco-exclusivo-e-geladeira-gigante\/#breadcrumb","itemListElement":[{"@type":"ListItem","position":1,"name":"In\u00edcio","item":"https:\/\/www.cidademarketing.com.br\/marketing\/"},{"@type":"ListItem","position":2,"name":"Devassa \u00e9 patrocinadora oficial do Festiva de Ver\u00e3o 2023 com espa\u00e7o exclusivo e geladeira gigante"}]},{"@type":"WebSite","@id":"https:\/\/www.cidademarketing.com.br\/marketing\/#website","url":"https:\/\/www.cidademarketing.com.br\/marketing\/","name":"CidadeMarketing","description":"Somos um ve\u00edculo de comunica\u00e7\u00e3o de destaque no Brasil, reconhecido por conte\u00fados nos segmentos de marketing, empreendedorismo e inova\u00e7\u00e3o.","publisher":{"@id":"https:\/\/www.cidademarketing.com.br\/marketing\/#organization"},"alternateName":"CidadeMarketing","potentialAction":[{"@type":"SearchAction","target":{"@type":"EntryPoint","urlTemplate":"https:\/\/www.cidademarketing.com.br\/marketing\/?s={search_term_string}"},"query-input":{"@type":"PropertyValueSpecification","valueRequired":true,"valueName":"search_term_string"}}],"inLanguage":"pt-BR"},{"@type":"Organization","@id":"https:\/\/www.cidademarketing.com.br\/marketing\/#organization","name":"CidadeMarketing","alternateName":"CidadeMarketing","url":"https:\/\/www.cidademarketing.com.br\/marketing\/","logo":{"@type":"ImageObject","inLanguage":"pt-BR","@id":"https:\/\/www.cidademarketing.com.br\/marketing\/#\/schema\/logo\/image\/","url":"https:\/\/www.cidademarketing.com.br\/marketing\/wp-content\/uploads\/2020\/01\/cidademarketing_marca_mobile.png","contentUrl":"https:\/\/www.cidademarketing.com.br\/marketing\/wp-content\/uploads\/2020\/01\/cidademarketing_marca_mobile.png","width":230,"height":92,"caption":"CidadeMarketing"},"image":{"@id":"https:\/\/www.cidademarketing.com.br\/marketing\/#\/schema\/logo\/image\/"},"sameAs":["https:\/\/www.facebook.com\/portalcidademarketing","https:\/\/x.com\/CidadeMarketing","https:\/\/www.instagram.com\/cidademarketing\/"]},{"@type":"Person","@id":"https:\/\/www.cidademarketing.com.br\/marketing\/#\/schema\/person\/02daff9f18bd9378c9e01eb6b2db155f","name":"Thales Brand\u00e3o","image":{"@type":"ImageObject","inLanguage":"pt-BR","@id":"https:\/\/secure.gravatar.com\/avatar\/7ca3206950207cc3cb48feec56a8a7898741ab725c368d99d5d7a5a50aab80c6?s=96&d=mm&r=g","url":"https:\/\/secure.gravatar.com\/avatar\/7ca3206950207cc3cb48feec56a8a7898741ab725c368d99d5d7a5a50aab80c6?s=96&d=mm&r=g","contentUrl":"https:\/\/secure.gravatar.com\/avatar\/7ca3206950207cc3cb48feec56a8a7898741ab725c368d99d5d7a5a50aab80c6?s=96&d=mm&r=g","caption":"Thales Brand\u00e3o"},"description":"Editor Executivo do Portal CidadeMarketing.com.br &gt; Mestre em Comunica\u00e7\u00e3o e Sociedade pela Universidade Federal de Sergipe. Possui MBA Executivo em Administra\u00e7\u00e3o com \u00eanfase em Marketing pela Funda\u00e7\u00e3o Get\u00falio Vargas - Rio de Janeiro. Consultor, Palestrante e Pesquisador sobre Empreendedorismo, Marketing, Redes Sociais e Neg\u00f3cios Digitais. Professor, Palestrante TedxTalks e Campus Party. Twitter: @ThalesBrandao","sameAs":["http:\/\/www.mandacaru.com.br","https:\/\/www.facebook.com\/thalesbrandao","http:\/\/www.instagram.com.br\/thalesbrandaoferreira","https:\/\/www.linkedin.com\/in\/thales-brand\u00e3o-3948609\/","https:\/\/x.com\/http:\/\/www.twitter.com\/thalesbrandao"],"url":"https:\/\/www.cidademarketing.com.br\/marketing\/author\/thalesbrandao\/"}]}},"amp_enabled":true,"_links":{"self":[{"href":"https:\/\/www.cidademarketing.com.br\/marketing\/wp-json\/wp\/v2\/posts\/42694","targetHints":{"allow":["GET"]}}],"collection":[{"href":"https:\/\/www.cidademarketing.com.br\/marketing\/wp-json\/wp\/v2\/posts"}],"about":[{"href":"https:\/\/www.cidademarketing.com.br\/marketing\/wp-json\/wp\/v2\/types\/post"}],"author":[{"embeddable":true,"href":"https:\/\/www.cidademarketing.com.br\/marketing\/wp-json\/wp\/v2\/users\/1"}],"replies":[{"embeddable":true,"href":"https:\/\/www.cidademarketing.com.br\/marketing\/wp-json\/wp\/v2\/comments?post=42694"}],"version-history":[{"count":1,"href":"https:\/\/www.cidademarketing.com.br\/marketing\/wp-json\/wp\/v2\/posts\/42694\/revisions"}],"predecessor-version":[{"id":42696,"href":"https:\/\/www.cidademarketing.com.br\/marketing\/wp-json\/wp\/v2\/posts\/42694\/revisions\/42696"}],"wp:featuredmedia":[{"embeddable":true,"href":"https:\/\/www.cidademarketing.com.br\/marketing\/wp-json\/wp\/v2\/media\/42695"}],"wp:attachment":[{"href":"https:\/\/www.cidademarketing.com.br\/marketing\/wp-json\/wp\/v2\/media?parent=42694"}],"wp:term":[{"taxonomy":"category","embeddable":true,"href":"https:\/\/www.cidademarketing.com.br\/marketing\/wp-json\/wp\/v2\/categories?post=42694"},{"taxonomy":"post_tag","embeddable":true,"href":"https:\/\/www.cidademarketing.com.br\/marketing\/wp-json\/wp\/v2\/tags?post=42694"}],"curies":[{"name":"wp","href":"https:\/\/api.w.org\/{rel}","templated":true}]}}