{"id":42634,"date":"2023-01-25T16:49:22","date_gmt":"2023-01-25T19:49:22","guid":{"rendered":"https:\/\/www.cidademarketing.com.br\/marketing\/?p=42634"},"modified":"2023-01-25T16:49:22","modified_gmt":"2023-01-25T19:49:22","slug":"em-campanha-de-aniversario-de-sao-paulo-latam-tem-passagens-a-partir-de-r-274","status":"publish","type":"post","link":"https:\/\/www.cidademarketing.com.br\/marketing\/2023\/01\/25\/em-campanha-de-aniversario-de-sao-paulo-latam-tem-passagens-a-partir-de-r-274\/","title":{"rendered":"Em campanha de anivers\u00e1rio de S\u00e3o Paulo, LATAM tem passagens a partir de R$ 274"},"content":{"rendered":"<p>No anivers\u00e1rio de S\u00e3o Paulo (SP), a LATAM tem passagens a\u00e9reas a partir de R$ 274* (pre\u00e7o por trecho com taxas inclusas), para voar de fevereiro a junho de 2023. As tarifas est\u00e3o dispon\u00edveis entre quarta-feira (15\/1) e sexta-feira (29\/1), em latam.com e demais canais de venda.<\/p>\n<p>Dentre as tarifas dispon\u00edveis, o cliente encontra passagens de S\u00e3o Paulo\/Congonhas para Rio de Janeiro\/Santos Dumont por R$ 274,83* (pre\u00e7o por trecho com taxas inclusas) ou 8.972 pontos LATAM Pass + R$ 39,93*. Outra oportunidade \u00e9 para o voo S\u00e3o Paulo\/Congonhas-Bras\u00edlia, com passagens a partir de R$ 278,83* (pre\u00e7o por trecho com taxas inclusas) ou 9.125 pontos LATAM Pass + R$ 39,93*.<\/p>\n<p><iframe title=\"Spotify Embed: Podcast CidadeMarketing\" style=\"border-radius: 12px\" width=\"100%\" height=\"152\" frameborder=\"0\" allowfullscreen allow=\"autoplay; clipboard-write; encrypted-media; fullscreen; picture-in-picture\" loading=\"lazy\" src=\"https:\/\/open.spotify.com\/embed\/show\/4khMKzP3FgFRWVwb73xicc?si=252fe5bff2b34909&#038;utm_source=oembed\"><\/iframe><\/p>\n<p>Confira abaixo outras tarifas:<\/p>\n<p>LATAM AUMENTA EM 45% A OFERTA DE ASSENTOS EM CONGONHAS PARA JANEIRO<\/p>\n<p>A LATAM ampliou em 45% a sua oferta de assentos (ASK**) no aeroporto de Congonhas durante janeiro de 2023 na compara\u00e7\u00e3o com o mesmo m\u00eas de 2022. Esse crescimento ocorre principalmente na rota da capital paulista para o Rio de Janeiro (Santos Dumont), que passa a contar com 154 voos semanais em janeiro de 2023 (eram 90 voos semanais em janeiro de 2022). Ao todo, a companhia opera 6.016 voos dom\u00e9sticos neste m\u00eas em S\u00e3o Paulo (Congonhas), superando os 4.160 voos operados em janeiro de 2022. O crescimento refor\u00e7a o compromisso da LATAM com a maior capital do Brasil e como a empresa tem retomado e ampliado de forma sustent\u00e1vel as suas opera\u00e7\u00f5es gra\u00e7as \u00e0 efici\u00eancia alcan\u00e7ada ap\u00f3s a sa\u00edda do seu processo de Cap\u00edtulo 11.<\/p>\n<p>A partir de S\u00e3o Paulo\/Congonhas \u00e9 poss\u00edvel chegar a 24 destinos dom\u00e9sticos: Porto Seguro (21 voos semanais), Bras\u00edlia (68 voos semanais), Cuiab\u00e1 (18 voos semanais), Campo Grande (14 voos semanais), Belo Horizonte\/Confins (51 voos semanais), Curitiba (53 voos semanais), Florian\u00f3polis (42 voos semanais), Fortaleza (21 voos semanais), Goi\u00e2nia (31 voos semanais), Foz do Igua\u00e7u (18 voos semanais), Ilh\u00e9us (8 voos semanais), Jaguaruna (7 voos semanais), Joinville (3 voos semanais), Londrina (7 voos semanais), Macei\u00f3 (13 voos semanais), Natal (14 voos semanais), Navegantes (44 voos semanais), Porto Alegre (51 voos semanais), Recife (14 voos semanais), Rio de Janeiro\/Santos Dumont (154 voos semanais), S\u00e3o Jos\u00e9 do Rio Preto (20 voos semanais), Salvador (30 voos semanais), Uberl\u00e2ndia (9 voos semanais) e Vit\u00f3ria (44 voos semanais). Por onde \u00e9 poss\u00edvel se conectar com outros 16 destinos dom\u00e9sticos operados pela LATAM, al\u00e9m da facilidade de acesso \u00e0 Guarulhos, que se conecta a 21 destinos internacionais e mais 13 dom\u00e9sticos.<\/p>\n<p>LATAM LAN\u00c7A CAMPANHA COMO COMPANHIA A\u00c9REA OFICIAL DO THE TOWN 2023<\/p>\n<p>Para celebrar o anivers\u00e1rio de S\u00e3o Paulo e estreitar ainda mais o relacionamento da marca com a cidade, a LATAM Brasil lan\u00e7a sua campanha como companhia a\u00e9rea oficial do The Town 2023. O novo festival de m\u00fasica e cultura da cidade acontece em setembro e \u00e9 dos mesmos criadores do Rock in Rio, do qual a empresa tamb\u00e9m foi a companhia a\u00e9rea oficial em 2022.<\/p>\n<p>A campanha segue a nova assinatura da marca alinhada ao ambiente musical, com o desenvolvimento do conceito \u201cA M\u00fasica Te Faz Viajar Sem Fronteiras\u201d. A nova assinatura e posicionamento no evento registra um novo momento da LATAM e firma mais um compromisso da empresa nos pa\u00edses em que atua: empoderar o cliente para que ele sempre supere seus desafios e barreiras, e se conectar de forma cada vez mais pr\u00f3xima com os brasileiros. Assim como no Rock in Rio, o novo evento na capital paulista tamb\u00e9m deve dar visibilidade para a\u00e7\u00f5es e mensagens dos pilares de Sustentabilidade e Diversidade e Inclus\u00e3o da empresa.<\/p>\n<p>\u201cA ideia \u00e9 investir na m\u00fasica como plataforma de relacionamento com o p\u00fablico e aprofundar a rela\u00e7\u00e3o com a cidade de S\u00e3o Paulo que, al\u00e9m do seu potencial comercial e cultural, \u00e9 altamente estrat\u00e9gica para a opera\u00e7\u00e3o e a conectividade da LATAM no Brasil e da nossa regi\u00e3o com o mundo\u201d, explica Aline Mafra, diretora de Vendas e Marketing da LATAM Brasil.<\/p>\n<p>Em sua primeira edi\u00e7\u00e3o, o The Town ser\u00e1 realizado ao longo de cinco dias em dois finais de semana distintos, no Aut\u00f3dromo de Interlagos, com mais de 235 horas de m\u00fasica. Haver\u00e1 shows simult\u00e2neos em grandes espa\u00e7os de cenografia tem\u00e1tica, totalmente inspirados nos \u00edcones da arquitetura paulistana. A ideia \u00e9 englobar a pluralidade de ritmos e multicultura vista em cada canto de S\u00e3o Paulo.<\/p>\n<p>&nbsp;<\/p>\n<div class=\"youtube-embed\" data-video_id=\"t7sl1BeQw48\"><iframe title=\"LATAM, a companhia a\u00e9rea oficial do The Town\" width=\"640\" height=\"360\" src=\"https:\/\/www.youtube.com\/embed\/t7sl1BeQw48?feature=oembed&#038;enablejsapi=1\" frameborder=\"0\" allow=\"accelerometer; autoplay; clipboard-write; encrypted-media; gyroscope; picture-in-picture; web-share\" referrerpolicy=\"strict-origin-when-cross-origin\" allowfullscreen><\/iframe><\/div>\n<p>*V\u00e1lidos para voos operados pela LATAM Airlines Brasil (LATAM), em cabine econ\u00f4mica, sujeitos a disponibilidade de assentos, e \u00e0s regras e restri\u00e7\u00f5es espec\u00edficas no perfil de cada tarifa. As ofertas s\u00e3o v\u00e1lidas para bilhetes emitidos entre as 12h do dia 11\/01\/2023 e as 23h59 do dia 13\/01\/2023.<br \/>\nPara voos nacionais, as viagens podem ser realizadas entre os dias 10\/02\/2023 e 30\/06\/2023. O valor promocional ser\u00e1 aplicado para viagens onde a data de volta for, pelo menos, dois dias depois da ida, sendo que o retorno deve ser realizado pelo mesmo aeroporto da chegada. Resgates a partir de 4880 pontos LATAM Pass, mais taxas a partir de R$40, v\u00e1lidos para o trecho de voos nacionais operados pela LATAM, por passageiro e para a cabine econ\u00f4mica.<br \/>\nOfertas v\u00e1lidas para as categorias LATAM, Gold, Gold Plus do programa LATAM Pass. Tarifas sujeitas \u00e0 disponibilidade no per\u00edodo da promo\u00e7\u00e3o. Mais informa\u00e7\u00f5es est\u00e3o dispon\u00edveis no site latam.com.<br \/>\nConfira os requisitos obrigat\u00f3rios de cada destino em latam.com e lembre-se que esses requisitos podem ser alterados at\u00e9 a data do seu voo.<br \/>\nParcelamento em at\u00e9 4 vezes sem juros, parcela m\u00ednima de R$ 70, v\u00e1lido para todos os cart\u00f5es de cr\u00e9dito aceitos pela LATAM, de pessoa f\u00edsica e emitidos no Brasil, considerando exclusivamente o valor de tarifa anunciada, n\u00e3o sendo poss\u00edvel o parcelamento da taxa de embarque e de eventual adicional de emiss\u00e3o. Condi\u00e7\u00e3o v\u00e1lida apenas para compras no site LATAM.<br \/>\nRegras de remarca\u00e7\u00e3o aplicadas para compras efetuadas a partir do dia 12\/07\/2021: As tarifas b\u00e1sicas dom\u00e9sticas e internacionais n\u00e3o permitir\u00e3o altera\u00e7\u00f5es antes do voo (exceto as tarifas dom\u00e9sticas do Peru que permitir\u00e3o altera\u00e7\u00f5es com penalidade antes do voo). As tarifas Light, tanto dom\u00e9sticas quanto internacionais, permitir\u00e3o mudan\u00e7as com multa antes do voo. Regras de remarca\u00e7\u00e3o para bilhetes comprados antes de 11\/07\/2021: para altera\u00e7\u00f5es de data ou destino solicitadas a partir de 12\/07\/2021, ser\u00e1 permitida uma \u00fanica altera\u00e7\u00e3o, sem pagamento de multa e sujeito \u00e0 diferen\u00e7a tarif\u00e1ria. A altera\u00e7\u00e3o da passagem \u00e9 permitida de acordo com a disponibilidade dentro da mesma cabine que a da passagem original. A altera\u00e7\u00e3o deve ser feita antes da sa\u00edda do voo original, dentro da validade da passagem e disponibilidade de voos no sistema. Refor\u00e7amos ainda que a remarca\u00e7\u00e3o \u00e9 uma op\u00e7\u00e3o do passageiro, podendo ele ainda optar pelo reembolso ou por obter o cr\u00e9dito integral do valor pago pelo bilhete, o qual ter\u00e1 dura\u00e7\u00e3o de 18 meses para uso a partir da data de seu recebimento. Por meio do cr\u00e9dito, o passageiro poder\u00e1 adquirir bilhetes de passagens e demais servi\u00e7os oferecidos pela LATAM.<br \/>\nAs informa\u00e7\u00f5es integrais e detalhadas sobre as regras\/restri\u00e7\u00f5es das tarifas anunciadas, descontos para crian\u00e7as e pontua\u00e7\u00e3o no Programa LATAM Pass est\u00e3o dispon\u00edveis para consulta no site www.latam.com&#8221;.<br \/>\n**ASK: sigla em ingl\u00eas para Assentos-Quil\u00f4metros Oferecidos<\/p>\n<p><iframe style=\"width: 100%; max-width: 660px; overflow: hidden; background: transparent;\" src=\"https:\/\/embed.podcasts.apple.com\/br\/podcast\/podcast-cidademarketing\/id1371923283\" height=\"450\" frameborder=\"0\" sandbox=\"allow-forms allow-popups allow-same-origin allow-scripts allow-storage-access-by-user-activation allow-top-navigation-by-user-activation\"><\/iframe><\/p>\n","protected":false},"excerpt":{"rendered":"<p>No anivers\u00e1rio de S\u00e3o Paulo (SP), a LATAM tem passagens a\u00e9reas a partir de R$ 274* (pre\u00e7o por trecho com taxas inclusas), para voar de fevereiro a junho de 2023. As tarifas est\u00e3o dispon\u00edveis entre quarta-feira (15\/1) e sexta-feira (29\/1), em latam.com e demais canais de venda. Dentre as tarifas dispon\u00edveis, o cliente encontra passagens [&hellip;]<\/p>\n","protected":false},"author":1,"featured_media":13784,"comment_status":"open","ping_status":"open","sticky":false,"template":"","format":"standard","meta":{"tdm_status":"","tdm_grid_status":"","footnotes":""},"categories":[14],"tags":[65,33,805,155,28,230,1989],"class_list":["post-42634","post","type-post","status-publish","format-standard","has-post-thumbnail","hentry","category-videos","tag-campanha","tag-estrategia","tag-experiencia","tag-latam","tag-marketing","tag-turismo","tag-viagem"],"yoast_head":"<!-- This site is optimized with the Yoast SEO plugin v27.5 - https:\/\/yoast.com\/product\/yoast-seo-wordpress\/ -->\n<title>Em campanha de anivers\u00e1rio de S\u00e3o Paulo, LATAM tem passagens a partir de R$ 274 - CidadeMarketing<\/title>\n<meta name=\"robots\" content=\"index, follow, max-snippet:-1, max-image-preview:large, max-video-preview:-1\" \/>\n<link rel=\"canonical\" href=\"https:\/\/www.cidademarketing.com.br\/marketing\/2023\/01\/25\/em-campanha-de-aniversario-de-sao-paulo-latam-tem-passagens-a-partir-de-r-274\/\" \/>\n<meta property=\"og:locale\" content=\"pt_BR\" \/>\n<meta property=\"og:type\" content=\"article\" \/>\n<meta property=\"og:title\" content=\"Em campanha de anivers\u00e1rio de S\u00e3o Paulo, LATAM tem passagens a partir de R$ 274 - CidadeMarketing\" \/>\n<meta property=\"og:description\" content=\"No anivers\u00e1rio de S\u00e3o Paulo (SP), a LATAM tem passagens a\u00e9reas a partir de R$ 274* (pre\u00e7o por trecho com taxas inclusas), para voar de fevereiro a junho de 2023. As tarifas est\u00e3o dispon\u00edveis entre quarta-feira (15\/1) e sexta-feira (29\/1), em latam.com e demais canais de venda. Dentre as tarifas dispon\u00edveis, o cliente encontra passagens [&hellip;]\" \/>\n<meta property=\"og:url\" content=\"https:\/\/www.cidademarketing.com.br\/marketing\/2023\/01\/25\/em-campanha-de-aniversario-de-sao-paulo-latam-tem-passagens-a-partir-de-r-274\/\" \/>\n<meta property=\"og:site_name\" content=\"CidadeMarketing\" \/>\n<meta property=\"article:publisher\" content=\"https:\/\/www.facebook.com\/portalcidademarketing\" \/>\n<meta property=\"article:author\" content=\"https:\/\/www.facebook.com\/thalesbrandao\" \/>\n<meta property=\"article:published_time\" content=\"2023-01-25T19:49:22+00:00\" \/>\n<meta property=\"og:image\" content=\"https:\/\/www.cidademarketing.com.br\/marketing\/wp-content\/uploads\/2020\/01\/saopaulo.jpg\" \/>\n\t<meta property=\"og:image:width\" content=\"1333\" \/>\n\t<meta property=\"og:image:height\" content=\"2000\" \/>\n\t<meta property=\"og:image:type\" content=\"image\/jpeg\" \/>\n<meta name=\"author\" content=\"Thales Brand\u00e3o\" \/>\n<meta name=\"twitter:card\" content=\"summary_large_image\" \/>\n<meta name=\"twitter:creator\" content=\"@http:\/\/www.twitter.com\/thalesbrandao\" \/>\n<meta name=\"twitter:site\" content=\"@CidadeMarketing\" \/>\n<meta name=\"twitter:label1\" content=\"Escrito por\" \/>\n\t<meta name=\"twitter:data1\" content=\"Thales Brand\u00e3o\" \/>\n\t<meta name=\"twitter:label2\" content=\"Est. tempo de leitura\" \/>\n\t<meta name=\"twitter:data2\" content=\"6 minutos\" \/>\n<script type=\"application\/ld+json\" class=\"yoast-schema-graph\">{\"@context\":\"https:\\\/\\\/schema.org\",\"@graph\":[{\"@type\":\"Article\",\"@id\":\"https:\\\/\\\/www.cidademarketing.com.br\\\/marketing\\\/2023\\\/01\\\/25\\\/em-campanha-de-aniversario-de-sao-paulo-latam-tem-passagens-a-partir-de-r-274\\\/#article\",\"isPartOf\":{\"@id\":\"https:\\\/\\\/www.cidademarketing.com.br\\\/marketing\\\/2023\\\/01\\\/25\\\/em-campanha-de-aniversario-de-sao-paulo-latam-tem-passagens-a-partir-de-r-274\\\/\"},\"author\":{\"name\":\"Thales Brand\u00e3o\",\"@id\":\"https:\\\/\\\/www.cidademarketing.com.br\\\/marketing\\\/#\\\/schema\\\/person\\\/02daff9f18bd9378c9e01eb6b2db155f\"},\"headline\":\"Em campanha de anivers\u00e1rio de S\u00e3o Paulo, LATAM tem passagens a partir de R$ 274\",\"datePublished\":\"2023-01-25T19:49:22+00:00\",\"mainEntityOfPage\":{\"@id\":\"https:\\\/\\\/www.cidademarketing.com.br\\\/marketing\\\/2023\\\/01\\\/25\\\/em-campanha-de-aniversario-de-sao-paulo-latam-tem-passagens-a-partir-de-r-274\\\/\"},\"wordCount\":1271,\"commentCount\":0,\"publisher\":{\"@id\":\"https:\\\/\\\/www.cidademarketing.com.br\\\/marketing\\\/#organization\"},\"image\":{\"@id\":\"https:\\\/\\\/www.cidademarketing.com.br\\\/marketing\\\/2023\\\/01\\\/25\\\/em-campanha-de-aniversario-de-sao-paulo-latam-tem-passagens-a-partir-de-r-274\\\/#primaryimage\"},\"thumbnailUrl\":\"https:\\\/\\\/www.cidademarketing.com.br\\\/marketing\\\/wp-content\\\/uploads\\\/2020\\\/01\\\/saopaulo.jpg\",\"keywords\":[\"campanha\",\"estrat\u00e9gia\",\"experi\u00eancia\",\"Latam\",\"marketing\",\"turismo\",\"viagem\"],\"articleSection\":[\"Videos\"],\"inLanguage\":\"pt-BR\",\"potentialAction\":[{\"@type\":\"CommentAction\",\"name\":\"Comment\",\"target\":[\"https:\\\/\\\/www.cidademarketing.com.br\\\/marketing\\\/2023\\\/01\\\/25\\\/em-campanha-de-aniversario-de-sao-paulo-latam-tem-passagens-a-partir-de-r-274\\\/#respond\"]}]},{\"@type\":\"WebPage\",\"@id\":\"https:\\\/\\\/www.cidademarketing.com.br\\\/marketing\\\/2023\\\/01\\\/25\\\/em-campanha-de-aniversario-de-sao-paulo-latam-tem-passagens-a-partir-de-r-274\\\/\",\"url\":\"https:\\\/\\\/www.cidademarketing.com.br\\\/marketing\\\/2023\\\/01\\\/25\\\/em-campanha-de-aniversario-de-sao-paulo-latam-tem-passagens-a-partir-de-r-274\\\/\",\"name\":\"Em campanha de anivers\u00e1rio de S\u00e3o Paulo, LATAM tem passagens a partir de R$ 274 - CidadeMarketing\",\"isPartOf\":{\"@id\":\"https:\\\/\\\/www.cidademarketing.com.br\\\/marketing\\\/#website\"},\"primaryImageOfPage\":{\"@id\":\"https:\\\/\\\/www.cidademarketing.com.br\\\/marketing\\\/2023\\\/01\\\/25\\\/em-campanha-de-aniversario-de-sao-paulo-latam-tem-passagens-a-partir-de-r-274\\\/#primaryimage\"},\"image\":{\"@id\":\"https:\\\/\\\/www.cidademarketing.com.br\\\/marketing\\\/2023\\\/01\\\/25\\\/em-campanha-de-aniversario-de-sao-paulo-latam-tem-passagens-a-partir-de-r-274\\\/#primaryimage\"},\"thumbnailUrl\":\"https:\\\/\\\/www.cidademarketing.com.br\\\/marketing\\\/wp-content\\\/uploads\\\/2020\\\/01\\\/saopaulo.jpg\",\"datePublished\":\"2023-01-25T19:49:22+00:00\",\"breadcrumb\":{\"@id\":\"https:\\\/\\\/www.cidademarketing.com.br\\\/marketing\\\/2023\\\/01\\\/25\\\/em-campanha-de-aniversario-de-sao-paulo-latam-tem-passagens-a-partir-de-r-274\\\/#breadcrumb\"},\"inLanguage\":\"pt-BR\",\"potentialAction\":[{\"@type\":\"ReadAction\",\"target\":[\"https:\\\/\\\/www.cidademarketing.com.br\\\/marketing\\\/2023\\\/01\\\/25\\\/em-campanha-de-aniversario-de-sao-paulo-latam-tem-passagens-a-partir-de-r-274\\\/\"]}]},{\"@type\":\"ImageObject\",\"inLanguage\":\"pt-BR\",\"@id\":\"https:\\\/\\\/www.cidademarketing.com.br\\\/marketing\\\/2023\\\/01\\\/25\\\/em-campanha-de-aniversario-de-sao-paulo-latam-tem-passagens-a-partir-de-r-274\\\/#primaryimage\",\"url\":\"https:\\\/\\\/www.cidademarketing.com.br\\\/marketing\\\/wp-content\\\/uploads\\\/2020\\\/01\\\/saopaulo.jpg\",\"contentUrl\":\"https:\\\/\\\/www.cidademarketing.com.br\\\/marketing\\\/wp-content\\\/uploads\\\/2020\\\/01\\\/saopaulo.jpg\",\"width\":1333,\"height\":2000,\"caption\":\"Foto: Thales Brand\u00e3o\"},{\"@type\":\"BreadcrumbList\",\"@id\":\"https:\\\/\\\/www.cidademarketing.com.br\\\/marketing\\\/2023\\\/01\\\/25\\\/em-campanha-de-aniversario-de-sao-paulo-latam-tem-passagens-a-partir-de-r-274\\\/#breadcrumb\",\"itemListElement\":[{\"@type\":\"ListItem\",\"position\":1,\"name\":\"In\u00edcio\",\"item\":\"https:\\\/\\\/www.cidademarketing.com.br\\\/marketing\\\/\"},{\"@type\":\"ListItem\",\"position\":2,\"name\":\"Em campanha de anivers\u00e1rio de S\u00e3o Paulo, LATAM tem passagens a partir de R$ 274\"}]},{\"@type\":\"WebSite\",\"@id\":\"https:\\\/\\\/www.cidademarketing.com.br\\\/marketing\\\/#website\",\"url\":\"https:\\\/\\\/www.cidademarketing.com.br\\\/marketing\\\/\",\"name\":\"CidadeMarketing\",\"description\":\"Somos um ve\u00edculo de comunica\u00e7\u00e3o de destaque no Brasil, reconhecido por conte\u00fados nos segmentos de marketing, empreendedorismo e inova\u00e7\u00e3o.\",\"publisher\":{\"@id\":\"https:\\\/\\\/www.cidademarketing.com.br\\\/marketing\\\/#organization\"},\"alternateName\":\"CidadeMarketing\",\"potentialAction\":[{\"@type\":\"SearchAction\",\"target\":{\"@type\":\"EntryPoint\",\"urlTemplate\":\"https:\\\/\\\/www.cidademarketing.com.br\\\/marketing\\\/?s={search_term_string}\"},\"query-input\":{\"@type\":\"PropertyValueSpecification\",\"valueRequired\":true,\"valueName\":\"search_term_string\"}}],\"inLanguage\":\"pt-BR\"},{\"@type\":\"Organization\",\"@id\":\"https:\\\/\\\/www.cidademarketing.com.br\\\/marketing\\\/#organization\",\"name\":\"CidadeMarketing\",\"alternateName\":\"CidadeMarketing\",\"url\":\"https:\\\/\\\/www.cidademarketing.com.br\\\/marketing\\\/\",\"logo\":{\"@type\":\"ImageObject\",\"inLanguage\":\"pt-BR\",\"@id\":\"https:\\\/\\\/www.cidademarketing.com.br\\\/marketing\\\/#\\\/schema\\\/logo\\\/image\\\/\",\"url\":\"https:\\\/\\\/www.cidademarketing.com.br\\\/marketing\\\/wp-content\\\/uploads\\\/2020\\\/01\\\/cidademarketing_marca_mobile.png\",\"contentUrl\":\"https:\\\/\\\/www.cidademarketing.com.br\\\/marketing\\\/wp-content\\\/uploads\\\/2020\\\/01\\\/cidademarketing_marca_mobile.png\",\"width\":230,\"height\":92,\"caption\":\"CidadeMarketing\"},\"image\":{\"@id\":\"https:\\\/\\\/www.cidademarketing.com.br\\\/marketing\\\/#\\\/schema\\\/logo\\\/image\\\/\"},\"sameAs\":[\"https:\\\/\\\/www.facebook.com\\\/portalcidademarketing\",\"https:\\\/\\\/x.com\\\/CidadeMarketing\",\"https:\\\/\\\/www.instagram.com\\\/cidademarketing\\\/\"]},{\"@type\":\"Person\",\"@id\":\"https:\\\/\\\/www.cidademarketing.com.br\\\/marketing\\\/#\\\/schema\\\/person\\\/02daff9f18bd9378c9e01eb6b2db155f\",\"name\":\"Thales Brand\u00e3o\",\"image\":{\"@type\":\"ImageObject\",\"inLanguage\":\"pt-BR\",\"@id\":\"https:\\\/\\\/secure.gravatar.com\\\/avatar\\\/7ca3206950207cc3cb48feec56a8a7898741ab725c368d99d5d7a5a50aab80c6?s=96&d=mm&r=g\",\"url\":\"https:\\\/\\\/secure.gravatar.com\\\/avatar\\\/7ca3206950207cc3cb48feec56a8a7898741ab725c368d99d5d7a5a50aab80c6?s=96&d=mm&r=g\",\"contentUrl\":\"https:\\\/\\\/secure.gravatar.com\\\/avatar\\\/7ca3206950207cc3cb48feec56a8a7898741ab725c368d99d5d7a5a50aab80c6?s=96&d=mm&r=g\",\"caption\":\"Thales Brand\u00e3o\"},\"description\":\"Editor Executivo do Portal CidadeMarketing.com.br &gt; Mestre em Comunica\u00e7\u00e3o e Sociedade pela Universidade Federal de Sergipe. Possui MBA Executivo em Administra\u00e7\u00e3o com \u00eanfase em Marketing pela Funda\u00e7\u00e3o Get\u00falio Vargas - Rio de Janeiro. Consultor, Palestrante e Pesquisador sobre Empreendedorismo, Marketing, Redes Sociais e Neg\u00f3cios Digitais. Professor, Palestrante TedxTalks e Campus Party. Twitter: @ThalesBrandao\",\"sameAs\":[\"http:\\\/\\\/www.mandacaru.com.br\",\"https:\\\/\\\/www.facebook.com\\\/thalesbrandao\",\"http:\\\/\\\/www.instagram.com.br\\\/thalesbrandaoferreira\",\"https:\\\/\\\/www.linkedin.com\\\/in\\\/thales-brand\u00e3o-3948609\\\/\",\"https:\\\/\\\/x.com\\\/http:\\\/\\\/www.twitter.com\\\/thalesbrandao\"],\"url\":\"https:\\\/\\\/www.cidademarketing.com.br\\\/marketing\\\/author\\\/thalesbrandao\\\/\"}]}<\/script>\n<!-- \/ Yoast SEO plugin. -->","yoast_head_json":{"title":"Em campanha de anivers\u00e1rio de S\u00e3o Paulo, LATAM tem passagens a partir de R$ 274 - CidadeMarketing","robots":{"index":"index","follow":"follow","max-snippet":"max-snippet:-1","max-image-preview":"max-image-preview:large","max-video-preview":"max-video-preview:-1"},"canonical":"https:\/\/www.cidademarketing.com.br\/marketing\/2023\/01\/25\/em-campanha-de-aniversario-de-sao-paulo-latam-tem-passagens-a-partir-de-r-274\/","og_locale":"pt_BR","og_type":"article","og_title":"Em campanha de anivers\u00e1rio de S\u00e3o Paulo, LATAM tem passagens a partir de R$ 274 - CidadeMarketing","og_description":"No anivers\u00e1rio de S\u00e3o Paulo (SP), a LATAM tem passagens a\u00e9reas a partir de R$ 274* (pre\u00e7o por trecho com taxas inclusas), para voar de fevereiro a junho de 2023. As tarifas est\u00e3o dispon\u00edveis entre quarta-feira (15\/1) e sexta-feira (29\/1), em latam.com e demais canais de venda. Dentre as tarifas dispon\u00edveis, o cliente encontra passagens [&hellip;]","og_url":"https:\/\/www.cidademarketing.com.br\/marketing\/2023\/01\/25\/em-campanha-de-aniversario-de-sao-paulo-latam-tem-passagens-a-partir-de-r-274\/","og_site_name":"CidadeMarketing","article_publisher":"https:\/\/www.facebook.com\/portalcidademarketing","article_author":"https:\/\/www.facebook.com\/thalesbrandao","article_published_time":"2023-01-25T19:49:22+00:00","og_image":[{"width":1333,"height":2000,"url":"https:\/\/www.cidademarketing.com.br\/marketing\/wp-content\/uploads\/2020\/01\/saopaulo.jpg","type":"image\/jpeg"}],"author":"Thales Brand\u00e3o","twitter_card":"summary_large_image","twitter_creator":"@http:\/\/www.twitter.com\/thalesbrandao","twitter_site":"@CidadeMarketing","twitter_misc":{"Escrito por":"Thales Brand\u00e3o","Est. tempo de leitura":"6 minutos"},"schema":{"@context":"https:\/\/schema.org","@graph":[{"@type":"Article","@id":"https:\/\/www.cidademarketing.com.br\/marketing\/2023\/01\/25\/em-campanha-de-aniversario-de-sao-paulo-latam-tem-passagens-a-partir-de-r-274\/#article","isPartOf":{"@id":"https:\/\/www.cidademarketing.com.br\/marketing\/2023\/01\/25\/em-campanha-de-aniversario-de-sao-paulo-latam-tem-passagens-a-partir-de-r-274\/"},"author":{"name":"Thales Brand\u00e3o","@id":"https:\/\/www.cidademarketing.com.br\/marketing\/#\/schema\/person\/02daff9f18bd9378c9e01eb6b2db155f"},"headline":"Em campanha de anivers\u00e1rio de S\u00e3o Paulo, LATAM tem passagens a partir de R$ 274","datePublished":"2023-01-25T19:49:22+00:00","mainEntityOfPage":{"@id":"https:\/\/www.cidademarketing.com.br\/marketing\/2023\/01\/25\/em-campanha-de-aniversario-de-sao-paulo-latam-tem-passagens-a-partir-de-r-274\/"},"wordCount":1271,"commentCount":0,"publisher":{"@id":"https:\/\/www.cidademarketing.com.br\/marketing\/#organization"},"image":{"@id":"https:\/\/www.cidademarketing.com.br\/marketing\/2023\/01\/25\/em-campanha-de-aniversario-de-sao-paulo-latam-tem-passagens-a-partir-de-r-274\/#primaryimage"},"thumbnailUrl":"https:\/\/www.cidademarketing.com.br\/marketing\/wp-content\/uploads\/2020\/01\/saopaulo.jpg","keywords":["campanha","estrat\u00e9gia","experi\u00eancia","Latam","marketing","turismo","viagem"],"articleSection":["Videos"],"inLanguage":"pt-BR","potentialAction":[{"@type":"CommentAction","name":"Comment","target":["https:\/\/www.cidademarketing.com.br\/marketing\/2023\/01\/25\/em-campanha-de-aniversario-de-sao-paulo-latam-tem-passagens-a-partir-de-r-274\/#respond"]}]},{"@type":"WebPage","@id":"https:\/\/www.cidademarketing.com.br\/marketing\/2023\/01\/25\/em-campanha-de-aniversario-de-sao-paulo-latam-tem-passagens-a-partir-de-r-274\/","url":"https:\/\/www.cidademarketing.com.br\/marketing\/2023\/01\/25\/em-campanha-de-aniversario-de-sao-paulo-latam-tem-passagens-a-partir-de-r-274\/","name":"Em campanha de anivers\u00e1rio de S\u00e3o Paulo, LATAM tem passagens a partir de R$ 274 - CidadeMarketing","isPartOf":{"@id":"https:\/\/www.cidademarketing.com.br\/marketing\/#website"},"primaryImageOfPage":{"@id":"https:\/\/www.cidademarketing.com.br\/marketing\/2023\/01\/25\/em-campanha-de-aniversario-de-sao-paulo-latam-tem-passagens-a-partir-de-r-274\/#primaryimage"},"image":{"@id":"https:\/\/www.cidademarketing.com.br\/marketing\/2023\/01\/25\/em-campanha-de-aniversario-de-sao-paulo-latam-tem-passagens-a-partir-de-r-274\/#primaryimage"},"thumbnailUrl":"https:\/\/www.cidademarketing.com.br\/marketing\/wp-content\/uploads\/2020\/01\/saopaulo.jpg","datePublished":"2023-01-25T19:49:22+00:00","breadcrumb":{"@id":"https:\/\/www.cidademarketing.com.br\/marketing\/2023\/01\/25\/em-campanha-de-aniversario-de-sao-paulo-latam-tem-passagens-a-partir-de-r-274\/#breadcrumb"},"inLanguage":"pt-BR","potentialAction":[{"@type":"ReadAction","target":["https:\/\/www.cidademarketing.com.br\/marketing\/2023\/01\/25\/em-campanha-de-aniversario-de-sao-paulo-latam-tem-passagens-a-partir-de-r-274\/"]}]},{"@type":"ImageObject","inLanguage":"pt-BR","@id":"https:\/\/www.cidademarketing.com.br\/marketing\/2023\/01\/25\/em-campanha-de-aniversario-de-sao-paulo-latam-tem-passagens-a-partir-de-r-274\/#primaryimage","url":"https:\/\/www.cidademarketing.com.br\/marketing\/wp-content\/uploads\/2020\/01\/saopaulo.jpg","contentUrl":"https:\/\/www.cidademarketing.com.br\/marketing\/wp-content\/uploads\/2020\/01\/saopaulo.jpg","width":1333,"height":2000,"caption":"Foto: Thales Brand\u00e3o"},{"@type":"BreadcrumbList","@id":"https:\/\/www.cidademarketing.com.br\/marketing\/2023\/01\/25\/em-campanha-de-aniversario-de-sao-paulo-latam-tem-passagens-a-partir-de-r-274\/#breadcrumb","itemListElement":[{"@type":"ListItem","position":1,"name":"In\u00edcio","item":"https:\/\/www.cidademarketing.com.br\/marketing\/"},{"@type":"ListItem","position":2,"name":"Em campanha de anivers\u00e1rio de S\u00e3o Paulo, LATAM tem passagens a partir de R$ 274"}]},{"@type":"WebSite","@id":"https:\/\/www.cidademarketing.com.br\/marketing\/#website","url":"https:\/\/www.cidademarketing.com.br\/marketing\/","name":"CidadeMarketing","description":"Somos um ve\u00edculo de comunica\u00e7\u00e3o de destaque no Brasil, reconhecido por conte\u00fados nos segmentos de marketing, empreendedorismo e inova\u00e7\u00e3o.","publisher":{"@id":"https:\/\/www.cidademarketing.com.br\/marketing\/#organization"},"alternateName":"CidadeMarketing","potentialAction":[{"@type":"SearchAction","target":{"@type":"EntryPoint","urlTemplate":"https:\/\/www.cidademarketing.com.br\/marketing\/?s={search_term_string}"},"query-input":{"@type":"PropertyValueSpecification","valueRequired":true,"valueName":"search_term_string"}}],"inLanguage":"pt-BR"},{"@type":"Organization","@id":"https:\/\/www.cidademarketing.com.br\/marketing\/#organization","name":"CidadeMarketing","alternateName":"CidadeMarketing","url":"https:\/\/www.cidademarketing.com.br\/marketing\/","logo":{"@type":"ImageObject","inLanguage":"pt-BR","@id":"https:\/\/www.cidademarketing.com.br\/marketing\/#\/schema\/logo\/image\/","url":"https:\/\/www.cidademarketing.com.br\/marketing\/wp-content\/uploads\/2020\/01\/cidademarketing_marca_mobile.png","contentUrl":"https:\/\/www.cidademarketing.com.br\/marketing\/wp-content\/uploads\/2020\/01\/cidademarketing_marca_mobile.png","width":230,"height":92,"caption":"CidadeMarketing"},"image":{"@id":"https:\/\/www.cidademarketing.com.br\/marketing\/#\/schema\/logo\/image\/"},"sameAs":["https:\/\/www.facebook.com\/portalcidademarketing","https:\/\/x.com\/CidadeMarketing","https:\/\/www.instagram.com\/cidademarketing\/"]},{"@type":"Person","@id":"https:\/\/www.cidademarketing.com.br\/marketing\/#\/schema\/person\/02daff9f18bd9378c9e01eb6b2db155f","name":"Thales Brand\u00e3o","image":{"@type":"ImageObject","inLanguage":"pt-BR","@id":"https:\/\/secure.gravatar.com\/avatar\/7ca3206950207cc3cb48feec56a8a7898741ab725c368d99d5d7a5a50aab80c6?s=96&d=mm&r=g","url":"https:\/\/secure.gravatar.com\/avatar\/7ca3206950207cc3cb48feec56a8a7898741ab725c368d99d5d7a5a50aab80c6?s=96&d=mm&r=g","contentUrl":"https:\/\/secure.gravatar.com\/avatar\/7ca3206950207cc3cb48feec56a8a7898741ab725c368d99d5d7a5a50aab80c6?s=96&d=mm&r=g","caption":"Thales Brand\u00e3o"},"description":"Editor Executivo do Portal CidadeMarketing.com.br &gt; Mestre em Comunica\u00e7\u00e3o e Sociedade pela Universidade Federal de Sergipe. Possui MBA Executivo em Administra\u00e7\u00e3o com \u00eanfase em Marketing pela Funda\u00e7\u00e3o Get\u00falio Vargas - Rio de Janeiro. Consultor, Palestrante e Pesquisador sobre Empreendedorismo, Marketing, Redes Sociais e Neg\u00f3cios Digitais. Professor, Palestrante TedxTalks e Campus Party. Twitter: @ThalesBrandao","sameAs":["http:\/\/www.mandacaru.com.br","https:\/\/www.facebook.com\/thalesbrandao","http:\/\/www.instagram.com.br\/thalesbrandaoferreira","https:\/\/www.linkedin.com\/in\/thales-brand\u00e3o-3948609\/","https:\/\/x.com\/http:\/\/www.twitter.com\/thalesbrandao"],"url":"https:\/\/www.cidademarketing.com.br\/marketing\/author\/thalesbrandao\/"}]}},"amp_enabled":true,"_links":{"self":[{"href":"https:\/\/www.cidademarketing.com.br\/marketing\/wp-json\/wp\/v2\/posts\/42634","targetHints":{"allow":["GET"]}}],"collection":[{"href":"https:\/\/www.cidademarketing.com.br\/marketing\/wp-json\/wp\/v2\/posts"}],"about":[{"href":"https:\/\/www.cidademarketing.com.br\/marketing\/wp-json\/wp\/v2\/types\/post"}],"author":[{"embeddable":true,"href":"https:\/\/www.cidademarketing.com.br\/marketing\/wp-json\/wp\/v2\/users\/1"}],"replies":[{"embeddable":true,"href":"https:\/\/www.cidademarketing.com.br\/marketing\/wp-json\/wp\/v2\/comments?post=42634"}],"version-history":[{"count":1,"href":"https:\/\/www.cidademarketing.com.br\/marketing\/wp-json\/wp\/v2\/posts\/42634\/revisions"}],"predecessor-version":[{"id":42635,"href":"https:\/\/www.cidademarketing.com.br\/marketing\/wp-json\/wp\/v2\/posts\/42634\/revisions\/42635"}],"wp:featuredmedia":[{"embeddable":true,"href":"https:\/\/www.cidademarketing.com.br\/marketing\/wp-json\/wp\/v2\/media\/13784"}],"wp:attachment":[{"href":"https:\/\/www.cidademarketing.com.br\/marketing\/wp-json\/wp\/v2\/media?parent=42634"}],"wp:term":[{"taxonomy":"category","embeddable":true,"href":"https:\/\/www.cidademarketing.com.br\/marketing\/wp-json\/wp\/v2\/categories?post=42634"},{"taxonomy":"post_tag","embeddable":true,"href":"https:\/\/www.cidademarketing.com.br\/marketing\/wp-json\/wp\/v2\/tags?post=42634"}],"curies":[{"name":"wp","href":"https:\/\/api.w.org\/{rel}","templated":true}]}}