{"id":4256,"date":"2018-12-20T18:48:16","date_gmt":"2018-12-20T20:48:16","guid":{"rendered":"http:\/\/www.cidademarketing.com.br\/marketing\/?p=4256"},"modified":"2018-12-20T18:48:19","modified_gmt":"2018-12-20T20:48:19","slug":"lideres-sociais-participam-da-nova-campanha-do-visa-causas","status":"publish","type":"post","link":"https:\/\/www.cidademarketing.com.br\/marketing\/2018\/12\/20\/lideres-sociais-participam-da-nova-campanha-do-visa-causas\/","title":{"rendered":"L\u00edderes sociais participam da nova campanha do Visa Causas"},"content":{"rendered":"\n<p>O Visa Causas \u2013 iniciativa que possibilita o apoio a causas sociais e institui\u00e7\u00f5es a cada pagamento realizado com cart\u00f5es Visa, sem custo adicional para o consumidor \u2013 lan\u00e7a uma nova campanha digital. <\/p>\n\n\n\n<figure class=\"wp-block-embed-youtube wp-block-embed is-type-video is-provider-youtube wp-embed-aspect-16-9 wp-has-aspect-ratio\"><div class=\"wp-block-embed__wrapper\">\nhttps:\/\/www.youtube.com\/watch?v=SuBbzvZ37FE&#038;feature=youtu.be\n<\/div><\/figure>\n\n\n\n<p>C\u00e2meras escondidas em uma drogaria na capital paulista registraram a rea\u00e7\u00e3o das pessoas que participaram dessa experi\u00eancia na vida real. Os consumidores foram atendidos no caixa do estabelecimento pela mesma atriz que participou da \u00faltima campanha lan\u00e7ada pela empresa em setembro. Usando o mote \u201cPosso te falar uma coisa?\u201d, a atendente instigava sobre a forma escolhida para realizar o pagamento e apresentava o Programa Visa Causas.<\/p>\n\n\n\n<p><br> Depois que escolhiam pagar com Visa, os clientes da drogaria eram surpreendidos por um representante e beneficiados das institui\u00e7\u00f5es que fazem parte do Visa Causas \u2013refor\u00e7ando a mensagem de que como uma mudan\u00e7a simples pode impactar positivamente milhares de pessoas.  Dentre os participantes da ativa\u00e7\u00e3o estavam representantes das Institui\u00e7\u00f5es Gol de Letra, Instituto Luisa Mell, Gerando Falc\u00f5es, Velho Amigo e Verter.<\/p>\n\n\n\n<p><br> \u201cEssa nova fase da campanha mostra como \u00e9 f\u00e1cil e simples ajudar causas sociais relevantes por meio de uma atividade recorrente e cotidiana como o pagamento\u201d, conta S\u00e9rgio Giorgetti, vice-presidente de Marketing da Visa do Brasil. \u201cEsse contato direto com os consumidores \u00e9 enriquecedor e deixou ainda mais evidente a transforma\u00e7\u00e3o social que o Visa Causas se propoe a estimular\u201d, completa.<\/p>\n\n\n\n<p><br> A campanha conta com cinco v\u00eddeos: uma vers\u00e3o mais completa e outras quatro segmentadas por Causas, ser\u00e3o publicadas a partir do dia 21 de dezembro nas redes sociais de Visa.<br> O Programa Visa Causas<br> O programa apoia desde novembro de 2017 as  causas:  Animais, Crian\u00e7as, Educa\u00e7\u00e3o, Idosos e Sa\u00fade. Para fazer parte, a mec\u00e2nica \u00e9 simples. Basta acessar o site <a rel=\"noreferrer noopener\" aria-label=\"\ufffchttp:\/\/www.visa.com.br\/causa (abre em uma nova aba)\" href=\"http:\/\/www.visa.com.br\/causas\" target=\"_blank\">http:\/\/www.visa.com.br\/causa<\/a><a href=\"http:\/\/www.visa.com.br\/causas\"><\/a>s, se cadastrar, informar o n\u00famero do cart\u00e3o Visa e escolher a causa ou a institui\u00e7\u00e3o para a qual deseja que a Visa fa\u00e7a a doa\u00e7\u00e3o. A partir da\u00ed, em qualquer pagamento realizado com esse cart\u00e3o cadastrado, a Visa far\u00e1 uma doa\u00e7\u00e3o para a institui\u00e7\u00e3o ou para a causa que o portador escolheu.<\/p>\n\n\n\n<p><br> Todos os participantes podem acompanhar no site do programa os valores que cada uma das institui\u00e7\u00f5es e causas j\u00e1 receberam. Os n\u00fameros s\u00e3o atualizados constantemente. Al\u00e9m disso, o programa tamb\u00e9m conta com uma auditoria independente que avalia semestralmente o repasse dos recursos e como eles est\u00e3o sendo aplicados pelas institui\u00e7\u00f5es beneficiadas. <\/p>\n\n\n\n<p>Ficha T\u00e9cnica<br>\nAg\u00eancia: AlmapBBDO <br>\nAnunciante: Visa do Brasil <br>\nT\u00edtulo: C\u00e2mera escondida <br>\nProduto: Causas <br>\nDiretor Geral de Cria\u00e7\u00e3o: Luiz Sanches<br>\nDiretor Executivo de Cria\u00e7\u00e3o: Bruno Prosperi<br>\nDiretor de Cria\u00e7\u00e3o: Ricardo Chester<br>\nCria\u00e7\u00e3o: Ricardo Chester<br>\nRTVC: Vera Jacinto, Diego Villas B\u00f4as, Rafael Miranda de Azevedo, Ana Paula Casagrande<br>\nProdutora Filme: CINE Cinematografica <br>\nDire\u00e7\u00e3o: Lu Villa\u00e7a   <br>\nDire\u00e7\u00e3o de fotografia: Lucas Mello <br>\nProdu\u00e7\u00e3o executiva: Raul Doria \/ Federico Calabia  <br>\nAtendimento produtora: Jordana Ribeiro \/ Carol Reichel<br>\nMontagem: Gabriel Lancman<br>\nCor: Bleach<br>\nP\u00f3s-produ\u00e7\u00e3o\/finaliza\u00e7\u00e3o: CINE X <br>\nProdutora \u00c1udio: RAW AUDIO<br>\nProdu\u00e7\u00e3o Musical e Sonoplastia: Equipe Raw Audio<br>\nMaestro: Hilton Raw<br>\nMixagem e Finaliza\u00e7\u00e3o: Equipe Raw Audio<br>\nAtendimento: Adriana Monteiro<br>\nAtendimento: Fernanda Tedde, Marina Veludo, Karen Pardo, Bruna Pizzo<br>\nPlanejamento: Cintia Gon\u00e7alves, Jo\u00e3o Gabriel Fernandes, David Gross, Maristela Raucci, M\u00f4nica Alves.<br>\nM\u00eddia: M\u00eddia: Heloisa Lima, Gabriel Degaspari, Iris Santos, Gustavo Lopes.<br>\nAprova\u00e7\u00e3o: Luciana Resende, Sergio Giorgetti, Thiago Nakano.<\/p>\n","protected":false},"excerpt":{"rendered":"<p>O Visa Causas \u2013 iniciativa que possibilita o apoio a causas sociais e institui\u00e7\u00f5es a cada pagamento realizado com cart\u00f5es Visa, sem custo adicional para o consumidor \u2013 lan\u00e7a uma nova campanha digital. C\u00e2meras escondidas em uma drogaria na capital paulista registraram a rea\u00e7\u00e3o das pessoas que participaram dessa experi\u00eancia na vida real. Os consumidores [&hellip;]<\/p>\n","protected":false},"author":1,"featured_media":4257,"comment_status":"open","ping_status":"open","sticky":false,"template":"","format":"standard","meta":{"tdm_status":"","tdm_grid_status":"","footnotes":""},"categories":[6],"tags":[66,57,933],"class_list":["post-4256","post","type-post","status-publish","format-standard","has-post-thumbnail","hentry","category-noticias","tag-propaganda","tag-visa","tag-visa-causas"],"yoast_head":"<!-- This site is optimized with the Yoast SEO plugin v27.5 - https:\/\/yoast.com\/product\/yoast-seo-wordpress\/ -->\n<title>L\u00edderes sociais participam da nova campanha do Visa Causas - CidadeMarketing<\/title>\n<meta name=\"robots\" content=\"index, follow, max-snippet:-1, max-image-preview:large, max-video-preview:-1\" \/>\n<link rel=\"canonical\" href=\"https:\/\/www.cidademarketing.com.br\/marketing\/2018\/12\/20\/lideres-sociais-participam-da-nova-campanha-do-visa-causas\/\" \/>\n<meta property=\"og:locale\" content=\"pt_BR\" \/>\n<meta property=\"og:type\" content=\"article\" \/>\n<meta property=\"og:title\" content=\"L\u00edderes sociais participam da nova campanha do Visa Causas - CidadeMarketing\" \/>\n<meta property=\"og:description\" content=\"O Visa Causas \u2013 iniciativa que possibilita o apoio a causas sociais e institui\u00e7\u00f5es a cada pagamento realizado com cart\u00f5es Visa, sem custo adicional para o consumidor \u2013 lan\u00e7a uma nova campanha digital. C\u00e2meras escondidas em uma drogaria na capital paulista registraram a rea\u00e7\u00e3o das pessoas que participaram dessa experi\u00eancia na vida real. Os consumidores [&hellip;]\" \/>\n<meta property=\"og:url\" content=\"https:\/\/www.cidademarketing.com.br\/marketing\/2018\/12\/20\/lideres-sociais-participam-da-nova-campanha-do-visa-causas\/\" \/>\n<meta property=\"og:site_name\" content=\"CidadeMarketing\" \/>\n<meta property=\"article:publisher\" content=\"https:\/\/www.facebook.com\/portalcidademarketing\" \/>\n<meta property=\"article:author\" content=\"https:\/\/www.facebook.com\/thalesbrandao\" \/>\n<meta property=\"article:published_time\" content=\"2018-12-20T20:48:16+00:00\" \/>\n<meta property=\"article:modified_time\" content=\"2018-12-20T20:48:19+00:00\" \/>\n<meta property=\"og:image\" content=\"https:\/\/www.cidademarketing.com.br\/marketing\/wp-content\/uploads\/2018\/12\/visa_causa_02.jpg\" \/>\n\t<meta property=\"og:image:width\" content=\"1174\" \/>\n\t<meta property=\"og:image:height\" content=\"595\" \/>\n\t<meta property=\"og:image:type\" content=\"image\/jpeg\" \/>\n<meta name=\"author\" content=\"Thales Brand\u00e3o\" \/>\n<meta name=\"twitter:card\" content=\"summary_large_image\" \/>\n<meta name=\"twitter:creator\" content=\"@http:\/\/www.twitter.com\/thalesbrandao\" \/>\n<meta name=\"twitter:site\" content=\"@CidadeMarketing\" \/>\n<meta name=\"twitter:label1\" content=\"Escrito por\" \/>\n\t<meta name=\"twitter:data1\" content=\"Thales Brand\u00e3o\" \/>\n\t<meta name=\"twitter:label2\" content=\"Est. tempo de leitura\" \/>\n\t<meta name=\"twitter:data2\" content=\"3 minutos\" \/>\n<script type=\"application\/ld+json\" class=\"yoast-schema-graph\">{\"@context\":\"https:\\\/\\\/schema.org\",\"@graph\":[{\"@type\":\"Article\",\"@id\":\"https:\\\/\\\/www.cidademarketing.com.br\\\/marketing\\\/2018\\\/12\\\/20\\\/lideres-sociais-participam-da-nova-campanha-do-visa-causas\\\/#article\",\"isPartOf\":{\"@id\":\"https:\\\/\\\/www.cidademarketing.com.br\\\/marketing\\\/2018\\\/12\\\/20\\\/lideres-sociais-participam-da-nova-campanha-do-visa-causas\\\/\"},\"author\":{\"name\":\"Thales Brand\u00e3o\",\"@id\":\"https:\\\/\\\/www.cidademarketing.com.br\\\/marketing\\\/#\\\/schema\\\/person\\\/02daff9f18bd9378c9e01eb6b2db155f\"},\"headline\":\"L\u00edderes sociais participam da nova campanha do Visa Causas\",\"datePublished\":\"2018-12-20T20:48:16+00:00\",\"dateModified\":\"2018-12-20T20:48:19+00:00\",\"mainEntityOfPage\":{\"@id\":\"https:\\\/\\\/www.cidademarketing.com.br\\\/marketing\\\/2018\\\/12\\\/20\\\/lideres-sociais-participam-da-nova-campanha-do-visa-causas\\\/\"},\"wordCount\":608,\"commentCount\":0,\"publisher\":{\"@id\":\"https:\\\/\\\/www.cidademarketing.com.br\\\/marketing\\\/#organization\"},\"image\":{\"@id\":\"https:\\\/\\\/www.cidademarketing.com.br\\\/marketing\\\/2018\\\/12\\\/20\\\/lideres-sociais-participam-da-nova-campanha-do-visa-causas\\\/#primaryimage\"},\"thumbnailUrl\":\"https:\\\/\\\/www.cidademarketing.com.br\\\/marketing\\\/wp-content\\\/uploads\\\/2018\\\/12\\\/visa_causa_02.jpg\",\"keywords\":[\"propaganda\",\"Visa\",\"Visa Causas\"],\"articleSection\":[\"Not\u00edcias\"],\"inLanguage\":\"pt-BR\",\"potentialAction\":[{\"@type\":\"CommentAction\",\"name\":\"Comment\",\"target\":[\"https:\\\/\\\/www.cidademarketing.com.br\\\/marketing\\\/2018\\\/12\\\/20\\\/lideres-sociais-participam-da-nova-campanha-do-visa-causas\\\/#respond\"]}]},{\"@type\":\"WebPage\",\"@id\":\"https:\\\/\\\/www.cidademarketing.com.br\\\/marketing\\\/2018\\\/12\\\/20\\\/lideres-sociais-participam-da-nova-campanha-do-visa-causas\\\/\",\"url\":\"https:\\\/\\\/www.cidademarketing.com.br\\\/marketing\\\/2018\\\/12\\\/20\\\/lideres-sociais-participam-da-nova-campanha-do-visa-causas\\\/\",\"name\":\"L\u00edderes sociais participam da nova campanha do Visa Causas - CidadeMarketing\",\"isPartOf\":{\"@id\":\"https:\\\/\\\/www.cidademarketing.com.br\\\/marketing\\\/#website\"},\"primaryImageOfPage\":{\"@id\":\"https:\\\/\\\/www.cidademarketing.com.br\\\/marketing\\\/2018\\\/12\\\/20\\\/lideres-sociais-participam-da-nova-campanha-do-visa-causas\\\/#primaryimage\"},\"image\":{\"@id\":\"https:\\\/\\\/www.cidademarketing.com.br\\\/marketing\\\/2018\\\/12\\\/20\\\/lideres-sociais-participam-da-nova-campanha-do-visa-causas\\\/#primaryimage\"},\"thumbnailUrl\":\"https:\\\/\\\/www.cidademarketing.com.br\\\/marketing\\\/wp-content\\\/uploads\\\/2018\\\/12\\\/visa_causa_02.jpg\",\"datePublished\":\"2018-12-20T20:48:16+00:00\",\"dateModified\":\"2018-12-20T20:48:19+00:00\",\"breadcrumb\":{\"@id\":\"https:\\\/\\\/www.cidademarketing.com.br\\\/marketing\\\/2018\\\/12\\\/20\\\/lideres-sociais-participam-da-nova-campanha-do-visa-causas\\\/#breadcrumb\"},\"inLanguage\":\"pt-BR\",\"potentialAction\":[{\"@type\":\"ReadAction\",\"target\":[\"https:\\\/\\\/www.cidademarketing.com.br\\\/marketing\\\/2018\\\/12\\\/20\\\/lideres-sociais-participam-da-nova-campanha-do-visa-causas\\\/\"]}]},{\"@type\":\"ImageObject\",\"inLanguage\":\"pt-BR\",\"@id\":\"https:\\\/\\\/www.cidademarketing.com.br\\\/marketing\\\/2018\\\/12\\\/20\\\/lideres-sociais-participam-da-nova-campanha-do-visa-causas\\\/#primaryimage\",\"url\":\"https:\\\/\\\/www.cidademarketing.com.br\\\/marketing\\\/wp-content\\\/uploads\\\/2018\\\/12\\\/visa_causa_02.jpg\",\"contentUrl\":\"https:\\\/\\\/www.cidademarketing.com.br\\\/marketing\\\/wp-content\\\/uploads\\\/2018\\\/12\\\/visa_causa_02.jpg\",\"width\":1174,\"height\":595,\"caption\":\"Reprodu\u00e7\u00e3o\"},{\"@type\":\"BreadcrumbList\",\"@id\":\"https:\\\/\\\/www.cidademarketing.com.br\\\/marketing\\\/2018\\\/12\\\/20\\\/lideres-sociais-participam-da-nova-campanha-do-visa-causas\\\/#breadcrumb\",\"itemListElement\":[{\"@type\":\"ListItem\",\"position\":1,\"name\":\"In\u00edcio\",\"item\":\"https:\\\/\\\/www.cidademarketing.com.br\\\/marketing\\\/\"},{\"@type\":\"ListItem\",\"position\":2,\"name\":\"L\u00edderes sociais participam da nova campanha do Visa Causas\"}]},{\"@type\":\"WebSite\",\"@id\":\"https:\\\/\\\/www.cidademarketing.com.br\\\/marketing\\\/#website\",\"url\":\"https:\\\/\\\/www.cidademarketing.com.br\\\/marketing\\\/\",\"name\":\"CidadeMarketing\",\"description\":\"Somos um ve\u00edculo de comunica\u00e7\u00e3o de destaque no Brasil, reconhecido por conte\u00fados nos segmentos de marketing, empreendedorismo e inova\u00e7\u00e3o.\",\"publisher\":{\"@id\":\"https:\\\/\\\/www.cidademarketing.com.br\\\/marketing\\\/#organization\"},\"alternateName\":\"CidadeMarketing\",\"potentialAction\":[{\"@type\":\"SearchAction\",\"target\":{\"@type\":\"EntryPoint\",\"urlTemplate\":\"https:\\\/\\\/www.cidademarketing.com.br\\\/marketing\\\/?s={search_term_string}\"},\"query-input\":{\"@type\":\"PropertyValueSpecification\",\"valueRequired\":true,\"valueName\":\"search_term_string\"}}],\"inLanguage\":\"pt-BR\"},{\"@type\":\"Organization\",\"@id\":\"https:\\\/\\\/www.cidademarketing.com.br\\\/marketing\\\/#organization\",\"name\":\"CidadeMarketing\",\"alternateName\":\"CidadeMarketing\",\"url\":\"https:\\\/\\\/www.cidademarketing.com.br\\\/marketing\\\/\",\"logo\":{\"@type\":\"ImageObject\",\"inLanguage\":\"pt-BR\",\"@id\":\"https:\\\/\\\/www.cidademarketing.com.br\\\/marketing\\\/#\\\/schema\\\/logo\\\/image\\\/\",\"url\":\"https:\\\/\\\/www.cidademarketing.com.br\\\/marketing\\\/wp-content\\\/uploads\\\/2020\\\/01\\\/cidademarketing_marca_mobile.png\",\"contentUrl\":\"https:\\\/\\\/www.cidademarketing.com.br\\\/marketing\\\/wp-content\\\/uploads\\\/2020\\\/01\\\/cidademarketing_marca_mobile.png\",\"width\":230,\"height\":92,\"caption\":\"CidadeMarketing\"},\"image\":{\"@id\":\"https:\\\/\\\/www.cidademarketing.com.br\\\/marketing\\\/#\\\/schema\\\/logo\\\/image\\\/\"},\"sameAs\":[\"https:\\\/\\\/www.facebook.com\\\/portalcidademarketing\",\"https:\\\/\\\/x.com\\\/CidadeMarketing\",\"https:\\\/\\\/www.instagram.com\\\/cidademarketing\\\/\"]},{\"@type\":\"Person\",\"@id\":\"https:\\\/\\\/www.cidademarketing.com.br\\\/marketing\\\/#\\\/schema\\\/person\\\/02daff9f18bd9378c9e01eb6b2db155f\",\"name\":\"Thales Brand\u00e3o\",\"image\":{\"@type\":\"ImageObject\",\"inLanguage\":\"pt-BR\",\"@id\":\"https:\\\/\\\/secure.gravatar.com\\\/avatar\\\/7ca3206950207cc3cb48feec56a8a7898741ab725c368d99d5d7a5a50aab80c6?s=96&d=mm&r=g\",\"url\":\"https:\\\/\\\/secure.gravatar.com\\\/avatar\\\/7ca3206950207cc3cb48feec56a8a7898741ab725c368d99d5d7a5a50aab80c6?s=96&d=mm&r=g\",\"contentUrl\":\"https:\\\/\\\/secure.gravatar.com\\\/avatar\\\/7ca3206950207cc3cb48feec56a8a7898741ab725c368d99d5d7a5a50aab80c6?s=96&d=mm&r=g\",\"caption\":\"Thales Brand\u00e3o\"},\"description\":\"Editor Executivo do Portal CidadeMarketing.com.br &gt; Mestre em Comunica\u00e7\u00e3o e Sociedade pela Universidade Federal de Sergipe. Possui MBA Executivo em Administra\u00e7\u00e3o com \u00eanfase em Marketing pela Funda\u00e7\u00e3o Get\u00falio Vargas - Rio de Janeiro. Consultor, Palestrante e Pesquisador sobre Empreendedorismo, Marketing, Redes Sociais e Neg\u00f3cios Digitais. Professor, Palestrante TedxTalks e Campus Party. Twitter: @ThalesBrandao\",\"sameAs\":[\"http:\\\/\\\/www.mandacaru.com.br\",\"https:\\\/\\\/www.facebook.com\\\/thalesbrandao\",\"http:\\\/\\\/www.instagram.com.br\\\/thalesbrandaoferreira\",\"https:\\\/\\\/www.linkedin.com\\\/in\\\/thales-brand\u00e3o-3948609\\\/\",\"https:\\\/\\\/x.com\\\/http:\\\/\\\/www.twitter.com\\\/thalesbrandao\"],\"url\":\"https:\\\/\\\/www.cidademarketing.com.br\\\/marketing\\\/author\\\/thalesbrandao\\\/\"}]}<\/script>\n<!-- \/ Yoast SEO plugin. -->","yoast_head_json":{"title":"L\u00edderes sociais participam da nova campanha do Visa Causas - CidadeMarketing","robots":{"index":"index","follow":"follow","max-snippet":"max-snippet:-1","max-image-preview":"max-image-preview:large","max-video-preview":"max-video-preview:-1"},"canonical":"https:\/\/www.cidademarketing.com.br\/marketing\/2018\/12\/20\/lideres-sociais-participam-da-nova-campanha-do-visa-causas\/","og_locale":"pt_BR","og_type":"article","og_title":"L\u00edderes sociais participam da nova campanha do Visa Causas - CidadeMarketing","og_description":"O Visa Causas \u2013 iniciativa que possibilita o apoio a causas sociais e institui\u00e7\u00f5es a cada pagamento realizado com cart\u00f5es Visa, sem custo adicional para o consumidor \u2013 lan\u00e7a uma nova campanha digital. C\u00e2meras escondidas em uma drogaria na capital paulista registraram a rea\u00e7\u00e3o das pessoas que participaram dessa experi\u00eancia na vida real. Os consumidores [&hellip;]","og_url":"https:\/\/www.cidademarketing.com.br\/marketing\/2018\/12\/20\/lideres-sociais-participam-da-nova-campanha-do-visa-causas\/","og_site_name":"CidadeMarketing","article_publisher":"https:\/\/www.facebook.com\/portalcidademarketing","article_author":"https:\/\/www.facebook.com\/thalesbrandao","article_published_time":"2018-12-20T20:48:16+00:00","article_modified_time":"2018-12-20T20:48:19+00:00","og_image":[{"width":1174,"height":595,"url":"https:\/\/www.cidademarketing.com.br\/marketing\/wp-content\/uploads\/2018\/12\/visa_causa_02.jpg","type":"image\/jpeg"}],"author":"Thales Brand\u00e3o","twitter_card":"summary_large_image","twitter_creator":"@http:\/\/www.twitter.com\/thalesbrandao","twitter_site":"@CidadeMarketing","twitter_misc":{"Escrito por":"Thales Brand\u00e3o","Est. tempo de leitura":"3 minutos"},"schema":{"@context":"https:\/\/schema.org","@graph":[{"@type":"Article","@id":"https:\/\/www.cidademarketing.com.br\/marketing\/2018\/12\/20\/lideres-sociais-participam-da-nova-campanha-do-visa-causas\/#article","isPartOf":{"@id":"https:\/\/www.cidademarketing.com.br\/marketing\/2018\/12\/20\/lideres-sociais-participam-da-nova-campanha-do-visa-causas\/"},"author":{"name":"Thales Brand\u00e3o","@id":"https:\/\/www.cidademarketing.com.br\/marketing\/#\/schema\/person\/02daff9f18bd9378c9e01eb6b2db155f"},"headline":"L\u00edderes sociais participam da nova campanha do Visa Causas","datePublished":"2018-12-20T20:48:16+00:00","dateModified":"2018-12-20T20:48:19+00:00","mainEntityOfPage":{"@id":"https:\/\/www.cidademarketing.com.br\/marketing\/2018\/12\/20\/lideres-sociais-participam-da-nova-campanha-do-visa-causas\/"},"wordCount":608,"commentCount":0,"publisher":{"@id":"https:\/\/www.cidademarketing.com.br\/marketing\/#organization"},"image":{"@id":"https:\/\/www.cidademarketing.com.br\/marketing\/2018\/12\/20\/lideres-sociais-participam-da-nova-campanha-do-visa-causas\/#primaryimage"},"thumbnailUrl":"https:\/\/www.cidademarketing.com.br\/marketing\/wp-content\/uploads\/2018\/12\/visa_causa_02.jpg","keywords":["propaganda","Visa","Visa Causas"],"articleSection":["Not\u00edcias"],"inLanguage":"pt-BR","potentialAction":[{"@type":"CommentAction","name":"Comment","target":["https:\/\/www.cidademarketing.com.br\/marketing\/2018\/12\/20\/lideres-sociais-participam-da-nova-campanha-do-visa-causas\/#respond"]}]},{"@type":"WebPage","@id":"https:\/\/www.cidademarketing.com.br\/marketing\/2018\/12\/20\/lideres-sociais-participam-da-nova-campanha-do-visa-causas\/","url":"https:\/\/www.cidademarketing.com.br\/marketing\/2018\/12\/20\/lideres-sociais-participam-da-nova-campanha-do-visa-causas\/","name":"L\u00edderes sociais participam da nova campanha do Visa Causas - CidadeMarketing","isPartOf":{"@id":"https:\/\/www.cidademarketing.com.br\/marketing\/#website"},"primaryImageOfPage":{"@id":"https:\/\/www.cidademarketing.com.br\/marketing\/2018\/12\/20\/lideres-sociais-participam-da-nova-campanha-do-visa-causas\/#primaryimage"},"image":{"@id":"https:\/\/www.cidademarketing.com.br\/marketing\/2018\/12\/20\/lideres-sociais-participam-da-nova-campanha-do-visa-causas\/#primaryimage"},"thumbnailUrl":"https:\/\/www.cidademarketing.com.br\/marketing\/wp-content\/uploads\/2018\/12\/visa_causa_02.jpg","datePublished":"2018-12-20T20:48:16+00:00","dateModified":"2018-12-20T20:48:19+00:00","breadcrumb":{"@id":"https:\/\/www.cidademarketing.com.br\/marketing\/2018\/12\/20\/lideres-sociais-participam-da-nova-campanha-do-visa-causas\/#breadcrumb"},"inLanguage":"pt-BR","potentialAction":[{"@type":"ReadAction","target":["https:\/\/www.cidademarketing.com.br\/marketing\/2018\/12\/20\/lideres-sociais-participam-da-nova-campanha-do-visa-causas\/"]}]},{"@type":"ImageObject","inLanguage":"pt-BR","@id":"https:\/\/www.cidademarketing.com.br\/marketing\/2018\/12\/20\/lideres-sociais-participam-da-nova-campanha-do-visa-causas\/#primaryimage","url":"https:\/\/www.cidademarketing.com.br\/marketing\/wp-content\/uploads\/2018\/12\/visa_causa_02.jpg","contentUrl":"https:\/\/www.cidademarketing.com.br\/marketing\/wp-content\/uploads\/2018\/12\/visa_causa_02.jpg","width":1174,"height":595,"caption":"Reprodu\u00e7\u00e3o"},{"@type":"BreadcrumbList","@id":"https:\/\/www.cidademarketing.com.br\/marketing\/2018\/12\/20\/lideres-sociais-participam-da-nova-campanha-do-visa-causas\/#breadcrumb","itemListElement":[{"@type":"ListItem","position":1,"name":"In\u00edcio","item":"https:\/\/www.cidademarketing.com.br\/marketing\/"},{"@type":"ListItem","position":2,"name":"L\u00edderes sociais participam da nova campanha do Visa Causas"}]},{"@type":"WebSite","@id":"https:\/\/www.cidademarketing.com.br\/marketing\/#website","url":"https:\/\/www.cidademarketing.com.br\/marketing\/","name":"CidadeMarketing","description":"Somos um ve\u00edculo de comunica\u00e7\u00e3o de destaque no Brasil, reconhecido por conte\u00fados nos segmentos de marketing, empreendedorismo e inova\u00e7\u00e3o.","publisher":{"@id":"https:\/\/www.cidademarketing.com.br\/marketing\/#organization"},"alternateName":"CidadeMarketing","potentialAction":[{"@type":"SearchAction","target":{"@type":"EntryPoint","urlTemplate":"https:\/\/www.cidademarketing.com.br\/marketing\/?s={search_term_string}"},"query-input":{"@type":"PropertyValueSpecification","valueRequired":true,"valueName":"search_term_string"}}],"inLanguage":"pt-BR"},{"@type":"Organization","@id":"https:\/\/www.cidademarketing.com.br\/marketing\/#organization","name":"CidadeMarketing","alternateName":"CidadeMarketing","url":"https:\/\/www.cidademarketing.com.br\/marketing\/","logo":{"@type":"ImageObject","inLanguage":"pt-BR","@id":"https:\/\/www.cidademarketing.com.br\/marketing\/#\/schema\/logo\/image\/","url":"https:\/\/www.cidademarketing.com.br\/marketing\/wp-content\/uploads\/2020\/01\/cidademarketing_marca_mobile.png","contentUrl":"https:\/\/www.cidademarketing.com.br\/marketing\/wp-content\/uploads\/2020\/01\/cidademarketing_marca_mobile.png","width":230,"height":92,"caption":"CidadeMarketing"},"image":{"@id":"https:\/\/www.cidademarketing.com.br\/marketing\/#\/schema\/logo\/image\/"},"sameAs":["https:\/\/www.facebook.com\/portalcidademarketing","https:\/\/x.com\/CidadeMarketing","https:\/\/www.instagram.com\/cidademarketing\/"]},{"@type":"Person","@id":"https:\/\/www.cidademarketing.com.br\/marketing\/#\/schema\/person\/02daff9f18bd9378c9e01eb6b2db155f","name":"Thales Brand\u00e3o","image":{"@type":"ImageObject","inLanguage":"pt-BR","@id":"https:\/\/secure.gravatar.com\/avatar\/7ca3206950207cc3cb48feec56a8a7898741ab725c368d99d5d7a5a50aab80c6?s=96&d=mm&r=g","url":"https:\/\/secure.gravatar.com\/avatar\/7ca3206950207cc3cb48feec56a8a7898741ab725c368d99d5d7a5a50aab80c6?s=96&d=mm&r=g","contentUrl":"https:\/\/secure.gravatar.com\/avatar\/7ca3206950207cc3cb48feec56a8a7898741ab725c368d99d5d7a5a50aab80c6?s=96&d=mm&r=g","caption":"Thales Brand\u00e3o"},"description":"Editor Executivo do Portal CidadeMarketing.com.br &gt; Mestre em Comunica\u00e7\u00e3o e Sociedade pela Universidade Federal de Sergipe. Possui MBA Executivo em Administra\u00e7\u00e3o com \u00eanfase em Marketing pela Funda\u00e7\u00e3o Get\u00falio Vargas - Rio de Janeiro. Consultor, Palestrante e Pesquisador sobre Empreendedorismo, Marketing, Redes Sociais e Neg\u00f3cios Digitais. Professor, Palestrante TedxTalks e Campus Party. Twitter: @ThalesBrandao","sameAs":["http:\/\/www.mandacaru.com.br","https:\/\/www.facebook.com\/thalesbrandao","http:\/\/www.instagram.com.br\/thalesbrandaoferreira","https:\/\/www.linkedin.com\/in\/thales-brand\u00e3o-3948609\/","https:\/\/x.com\/http:\/\/www.twitter.com\/thalesbrandao"],"url":"https:\/\/www.cidademarketing.com.br\/marketing\/author\/thalesbrandao\/"}]}},"amp_enabled":true,"_links":{"self":[{"href":"https:\/\/www.cidademarketing.com.br\/marketing\/wp-json\/wp\/v2\/posts\/4256","targetHints":{"allow":["GET"]}}],"collection":[{"href":"https:\/\/www.cidademarketing.com.br\/marketing\/wp-json\/wp\/v2\/posts"}],"about":[{"href":"https:\/\/www.cidademarketing.com.br\/marketing\/wp-json\/wp\/v2\/types\/post"}],"author":[{"embeddable":true,"href":"https:\/\/www.cidademarketing.com.br\/marketing\/wp-json\/wp\/v2\/users\/1"}],"replies":[{"embeddable":true,"href":"https:\/\/www.cidademarketing.com.br\/marketing\/wp-json\/wp\/v2\/comments?post=4256"}],"version-history":[{"count":1,"href":"https:\/\/www.cidademarketing.com.br\/marketing\/wp-json\/wp\/v2\/posts\/4256\/revisions"}],"predecessor-version":[{"id":4258,"href":"https:\/\/www.cidademarketing.com.br\/marketing\/wp-json\/wp\/v2\/posts\/4256\/revisions\/4258"}],"wp:featuredmedia":[{"embeddable":true,"href":"https:\/\/www.cidademarketing.com.br\/marketing\/wp-json\/wp\/v2\/media\/4257"}],"wp:attachment":[{"href":"https:\/\/www.cidademarketing.com.br\/marketing\/wp-json\/wp\/v2\/media?parent=4256"}],"wp:term":[{"taxonomy":"category","embeddable":true,"href":"https:\/\/www.cidademarketing.com.br\/marketing\/wp-json\/wp\/v2\/categories?post=4256"},{"taxonomy":"post_tag","embeddable":true,"href":"https:\/\/www.cidademarketing.com.br\/marketing\/wp-json\/wp\/v2\/tags?post=4256"}],"curies":[{"name":"wp","href":"https:\/\/api.w.org\/{rel}","templated":true}]}}