{"id":42534,"date":"2023-01-20T15:26:49","date_gmt":"2023-01-20T18:26:49","guid":{"rendered":"https:\/\/www.cidademarketing.com.br\/marketing\/?p=42534"},"modified":"2023-01-20T15:26:49","modified_gmt":"2023-01-20T18:26:49","slug":"na-primeira-prova-do-lider-seara-consagra-lideranca-dentro-e-fora-do-bbb23","status":"publish","type":"post","link":"https:\/\/www.cidademarketing.com.br\/marketing\/2023\/01\/20\/na-primeira-prova-do-lider-seara-consagra-lideranca-dentro-e-fora-do-bbb23\/","title":{"rendered":"Na primeira prova do l\u00edder, Seara consagra lideran\u00e7a dentro e fora do &#8220;BBB23&#8221;"},"content":{"rendered":"<p>A casa mais vigiada do Brasil recebeu ontem (19\/01) a primeira prova do l\u00edder da edi\u00e7\u00e3o do \u2018BBB23\u2019. Patrocinada por Lev\u00edssimo Seara, maior inova\u00e7\u00e3o do segmento de frios dos \u00faltimos anos. A din\u00e2mica, desenvolvida pela Globo em parceria com a WMcCann para a Seara, marca reconhecida pela inova\u00e7\u00e3o, sabor e qualidade, consistiu em uma corrida contra o tempo pela lideran\u00e7a da casa do \u2018BBB23\u2019. Venceu a primeira prova do l\u00edder a dupla Bruna Griphao e Larissa.<\/p>\n<p><iframe title=\"Spotify Embed: Podcast CidadeMarketing\" style=\"border-radius: 12px\" width=\"100%\" height=\"152\" frameborder=\"0\" allowfullscreen allow=\"autoplay; clipboard-write; encrypted-media; fullscreen; picture-in-picture\" loading=\"lazy\" src=\"https:\/\/open.spotify.com\/embed\/show\/4khMKzP3FgFRWVwb73xicc?si=252fe5bff2b34909&#038;utm_source=oembed\"><\/iframe><\/p>\n<p>Produzido com parte nobre da carne su\u00edna, 100% lombo su\u00edno, Lev\u00edssimo Seara entrega o sabor do presunto e a leveza do peito de peru. \u00c9 ideal para o caf\u00e9 da manh\u00e3 e para as receitas do dia a dia. Al\u00e9m disso, tem 30% menos gordura e 38% menos s\u00f3dio.<br \/>\nPara destacar para as pessoas os diferenciais do produto de forma l\u00fadica, na primeira etapa da prova, separado em duplas, os participantes deveriam equilibrar algumas bolas que continham os principais diferenciais de Lev\u00edssimo Seara (feito 100% de lombo su\u00edno, 30% menos gordura, 38% menos s\u00f3dio, saboroso como presunto, leve como peito de peru) em uma plataforma inst\u00e1vel em formato gigante da exclusiva Pizza de Lev\u00edssimo Seara com Br\u00f3colis e Creme de Ricota. As duplas com o melhor tempo na primeira etapa foram classificadas para a etapa seguinte.<\/p>\n<blockquote class=\"instagram-media\" style=\"background: #FFF; border: 0; border-radius: 3px; box-shadow: 0 0 1px 0 rgba(0,0,0,0.5),0 1px 10px 0 rgba(0,0,0,0.15); margin: 1px; max-width: 540px; min-width: 326px; padding: 0; width: calc(100% - 2px);\" data-instgrm-captioned=\"\" data-instgrm-permalink=\"https:\/\/www.instagram.com\/reel\/CnnZBzvBINl\/?utm_source=ig_embed&amp;utm_campaign=loading\" data-instgrm-version=\"14\">\n<div style=\"padding: 16px;\">\n<p>&nbsp;<\/p>\n<div style=\"display: flex; flex-direction: row; align-items: center;\">\n<div style=\"background-color: #f4f4f4; border-radius: 50%; flex-grow: 0; height: 40px; margin-right: 14px; width: 40px;\"><\/div>\n<div style=\"display: flex; flex-direction: column; flex-grow: 1; justify-content: center;\">\n<div style=\"background-color: #f4f4f4; border-radius: 4px; flex-grow: 0; height: 14px; margin-bottom: 6px; width: 100px;\"><\/div>\n<div style=\"background-color: #f4f4f4; border-radius: 4px; flex-grow: 0; height: 14px; width: 60px;\"><\/div>\n<\/div>\n<\/div>\n<div style=\"padding: 19% 0;\"><\/div>\n<div style=\"display: block; height: 50px; margin: 0 auto 12px; width: 50px;\"><\/div>\n<div style=\"padding-top: 8px;\">\n<div style=\"color: #3897f0; font-family: Arial,sans-serif; font-size: 14px; font-style: normal; font-weight: 550; line-height: 18px;\">Ver essa foto no Instagram<\/div>\n<\/div>\n<div style=\"padding: 12.5% 0;\"><\/div>\n<div style=\"display: flex; flex-direction: row; margin-bottom: 14px; align-items: center;\">\n<div>\n<div style=\"background-color: #f4f4f4; border-radius: 50%; height: 12.5px; width: 12.5px; transform: translateX(0px) translateY(7px);\"><\/div>\n<div style=\"background-color: #f4f4f4; height: 12.5px; transform: rotate(-45deg) translateX(3px) translateY(1px); width: 12.5px; flex-grow: 0; margin-right: 14px; margin-left: 2px;\"><\/div>\n<div style=\"background-color: #f4f4f4; border-radius: 50%; height: 12.5px; width: 12.5px; transform: translateX(9px) translateY(-18px);\"><\/div>\n<\/div>\n<div style=\"margin-left: 8px;\">\n<div style=\"background-color: #f4f4f4; border-radius: 50%; flex-grow: 0; height: 20px; width: 20px;\"><\/div>\n<div style=\"width: 0; height: 0; border-top: 2px solid transparent; border-left: 6px solid #f4f4f4; border-bottom: 2px solid transparent; transform: translateX(16px) translateY(-4px) rotate(30deg);\"><\/div>\n<\/div>\n<div style=\"margin-left: auto;\">\n<div style=\"width: 0px; border-top: 8px solid #F4F4F4; border-right: 8px solid transparent; transform: translateY(16px);\"><\/div>\n<div style=\"background-color: #f4f4f4; flex-grow: 0; height: 12px; width: 16px; transform: translateY(-4px);\"><\/div>\n<div style=\"width: 0; height: 0; border-top: 8px solid #F4F4F4; border-left: 8px solid transparent; transform: translateY(-4px) translateX(8px);\"><\/div>\n<\/div>\n<\/div>\n<div style=\"display: flex; flex-direction: column; flex-grow: 1; justify-content: center; margin-bottom: 24px;\">\n<div style=\"background-color: #f4f4f4; border-radius: 4px; flex-grow: 0; height: 14px; margin-bottom: 6px; width: 224px;\"><\/div>\n<div style=\"background-color: #f4f4f4; border-radius: 4px; flex-grow: 0; height: 14px; width: 144px;\"><\/div>\n<\/div>\n<p>&nbsp;<\/p>\n<p style=\"color: #c9c8cd; font-family: Arial,sans-serif; font-size: 14px; line-height: 17px; margin-bottom: 0; margin-top: 8px; overflow: hidden; padding: 8px 0 7px; text-align: center; text-overflow: ellipsis; white-space: nowrap;\"><a style=\"color: #c9c8cd; font-family: Arial,sans-serif; font-size: 14px; font-style: normal; font-weight: normal; line-height: 17px; text-decoration: none;\" href=\"https:\/\/www.instagram.com\/reel\/CnnZBzvBINl\/?utm_source=ig_embed&amp;utm_campaign=loading\" target=\"_blank\" rel=\"noopener\">Uma publica\u00e7\u00e3o compartilhada por WMcCann (@wmccannbr)<\/a><\/p>\n<\/div>\n<\/blockquote>\n<p><script async src=\"\/\/www.instagram.com\/embed.js\"><\/script><\/p>\n<p>J\u00e1 na segunda rodada, a prova do l\u00edder contou com uma din\u00e2mica \u00e1gil: os participantes tinham a miss\u00e3o de coletar bal\u00f5es de g\u00e1s h\u00e9lio num recipiente comum e entregar para a sua dupla que os encaixava ao sandu\u00edche de Lev\u00edssimo Seara at\u00e9 o mesmo come\u00e7ar a flutuar com um determinado n\u00famero de bal\u00f5es, fazendo uma alus\u00e3o \u00e0 leveza do produto e ao seu conceito: \u201cSaboroso como presunto e leve como peito de peru\u201d.<br \/>\n\u201cQueremos aproveitar a amplitude do programa para refor\u00e7ar os diferenciais do produto que foi pioneiro na categoria, bem como mostrar a variedade do nosso portf\u00f3lio. Pensando nisso, para assinalar a primeira lideran\u00e7a do \u2018BBB23\u2019 surpreendemos a casa com o Lev\u00edssimo Seara, um produto que \u00e9 refer\u00eancia no segmento de frios\u201d diz Tannia Fukuda Bruno, diretora de marketing da Seara.<\/p>\n<p>\u201cO Lev\u00edssimo Seara \u00e9 uma inova\u00e7\u00e3o desenvolvida a partir de estudos realizados com os consumidores em plena pandemia, em que as pessoas estavam super sedentas por sabor, mas preocupadas com a sa\u00fade. Enquanto marca, n\u00f3s vemos no \u2018BBB\u2019 uma oportunidade de nos apropriarmos ainda mais dos insights que vem das intera\u00e7\u00f5es entre os participantes do \u2018BBB23\u2019, e entre o p\u00fablico nas redes sociais. Essas trocas s\u00e3o bons term\u00f4metros para entendermos a fundo as necessidades dos consumidores e criarmos solu\u00e7\u00f5es relevantes para manter a lideran\u00e7a da marca no seu setor de atua\u00e7\u00e3o\u201d, complementa a executiva.<\/p>\n<p>Fora da casa, a marca criou uma a\u00e7\u00e3o com uma de suas influenciadoras, Sarah Andrade, onde a ex-BBB, que era conhecida por ser uma grande espi\u00e3 na sua participa\u00e7\u00e3o no programa, descobriu a senha do Twitter da Seara e assumiu a rede social comentando a Prova do L\u00edder. Esta a\u00e7\u00e3o colocou a marca no Trend Topics.<br \/>\nAl\u00e9m da a\u00e7\u00e3o dentro do programa, a marca lan\u00e7ou ao vivo a partir do discurso do apresentador Tadeu Schmidt, uma oferta especial de 30% de desconto e frete gr\u00e1tis para os frios Lev\u00edssimo Seara de 24 horas via QR Code na tela. J\u00e1 no per\u00edodo de 21 a 25 janeiro, a marca oferece 20% OFF.<\/p>\n<p><iframe style=\"width: 100%; max-width: 660px; overflow: hidden; background: transparent;\" src=\"https:\/\/embed.podcasts.apple.com\/br\/podcast\/podcast-cidademarketing\/id1371923283\" height=\"450\" frameborder=\"0\" sandbox=\"allow-forms allow-popups allow-same-origin allow-scripts allow-storage-access-by-user-activation allow-top-navigation-by-user-activation\"><\/iframe><\/p>\n","protected":false},"excerpt":{"rendered":"<p>A casa mais vigiada do Brasil recebeu ontem (19\/01) a primeira prova do l\u00edder da edi\u00e7\u00e3o do \u2018BBB23\u2019. Patrocinada por Lev\u00edssimo Seara, maior inova\u00e7\u00e3o do segmento de frios dos \u00faltimos anos. A din\u00e2mica, desenvolvida pela Globo em parceria com a WMcCann para a Seara, marca reconhecida pela inova\u00e7\u00e3o, sabor e qualidade, consistiu em uma corrida [&hellip;]<\/p>\n","protected":false},"author":1,"featured_media":42535,"comment_status":"open","ping_status":"open","sticky":false,"template":"","format":"standard","meta":{"tdm_status":"","tdm_grid_status":"","footnotes":""},"categories":[6],"tags":[1022,5790,3838,65,33,28,919],"class_list":["post-42534","post","type-post","status-publish","format-standard","has-post-thumbnail","hentry","category-noticias","tag-bbb","tag-bbb23","tag-big-brother-brasil","tag-campanha","tag-estrategia","tag-marketing","tag-seara"],"yoast_head":"<!-- This site is optimized with the Yoast SEO plugin v27.5 - https:\/\/yoast.com\/product\/yoast-seo-wordpress\/ -->\n<title>Na primeira prova do l\u00edder, Seara consagra lideran\u00e7a dentro e fora do &quot;BBB23&quot; - CidadeMarketing<\/title>\n<meta name=\"robots\" content=\"index, follow, max-snippet:-1, max-image-preview:large, max-video-preview:-1\" \/>\n<link rel=\"canonical\" href=\"https:\/\/www.cidademarketing.com.br\/marketing\/2023\/01\/20\/na-primeira-prova-do-lider-seara-consagra-lideranca-dentro-e-fora-do-bbb23\/\" \/>\n<meta property=\"og:locale\" content=\"pt_BR\" \/>\n<meta property=\"og:type\" content=\"article\" \/>\n<meta property=\"og:title\" content=\"Na primeira prova do l\u00edder, Seara consagra lideran\u00e7a dentro e fora do &quot;BBB23&quot; - CidadeMarketing\" \/>\n<meta property=\"og:description\" content=\"A casa mais vigiada do Brasil recebeu ontem (19\/01) a primeira prova do l\u00edder da edi\u00e7\u00e3o do \u2018BBB23\u2019. Patrocinada por Lev\u00edssimo Seara, maior inova\u00e7\u00e3o do segmento de frios dos \u00faltimos anos. A din\u00e2mica, desenvolvida pela Globo em parceria com a WMcCann para a Seara, marca reconhecida pela inova\u00e7\u00e3o, sabor e qualidade, consistiu em uma corrida [&hellip;]\" \/>\n<meta property=\"og:url\" content=\"https:\/\/www.cidademarketing.com.br\/marketing\/2023\/01\/20\/na-primeira-prova-do-lider-seara-consagra-lideranca-dentro-e-fora-do-bbb23\/\" \/>\n<meta property=\"og:site_name\" content=\"CidadeMarketing\" \/>\n<meta property=\"article:publisher\" content=\"https:\/\/www.facebook.com\/portalcidademarketing\" \/>\n<meta property=\"article:author\" content=\"https:\/\/www.facebook.com\/thalesbrandao\" \/>\n<meta property=\"article:published_time\" content=\"2023-01-20T18:26:49+00:00\" \/>\n<meta property=\"og:image\" content=\"https:\/\/www.cidademarketing.com.br\/marketing\/wp-content\/uploads\/2023\/01\/seara_provalider_bbb.jpeg\" \/>\n\t<meta property=\"og:image:width\" content=\"1280\" \/>\n\t<meta property=\"og:image:height\" content=\"720\" \/>\n\t<meta property=\"og:image:type\" content=\"image\/jpeg\" \/>\n<meta name=\"author\" content=\"Thales Brand\u00e3o\" \/>\n<meta name=\"twitter:card\" content=\"summary_large_image\" \/>\n<meta name=\"twitter:creator\" content=\"@http:\/\/www.twitter.com\/thalesbrandao\" \/>\n<meta name=\"twitter:site\" content=\"@CidadeMarketing\" \/>\n<meta name=\"twitter:label1\" content=\"Escrito por\" \/>\n\t<meta name=\"twitter:data1\" content=\"Thales Brand\u00e3o\" \/>\n\t<meta name=\"twitter:label2\" content=\"Est. tempo de leitura\" \/>\n\t<meta name=\"twitter:data2\" content=\"3 minutos\" \/>\n<script type=\"application\/ld+json\" class=\"yoast-schema-graph\">{\"@context\":\"https:\\\/\\\/schema.org\",\"@graph\":[{\"@type\":\"Article\",\"@id\":\"https:\\\/\\\/www.cidademarketing.com.br\\\/marketing\\\/2023\\\/01\\\/20\\\/na-primeira-prova-do-lider-seara-consagra-lideranca-dentro-e-fora-do-bbb23\\\/#article\",\"isPartOf\":{\"@id\":\"https:\\\/\\\/www.cidademarketing.com.br\\\/marketing\\\/2023\\\/01\\\/20\\\/na-primeira-prova-do-lider-seara-consagra-lideranca-dentro-e-fora-do-bbb23\\\/\"},\"author\":{\"name\":\"Thales Brand\u00e3o\",\"@id\":\"https:\\\/\\\/www.cidademarketing.com.br\\\/marketing\\\/#\\\/schema\\\/person\\\/02daff9f18bd9378c9e01eb6b2db155f\"},\"headline\":\"Na primeira prova do l\u00edder, Seara consagra lideran\u00e7a dentro e fora do &#8220;BBB23&#8221;\",\"datePublished\":\"2023-01-20T18:26:49+00:00\",\"mainEntityOfPage\":{\"@id\":\"https:\\\/\\\/www.cidademarketing.com.br\\\/marketing\\\/2023\\\/01\\\/20\\\/na-primeira-prova-do-lider-seara-consagra-lideranca-dentro-e-fora-do-bbb23\\\/\"},\"wordCount\":634,\"commentCount\":0,\"publisher\":{\"@id\":\"https:\\\/\\\/www.cidademarketing.com.br\\\/marketing\\\/#organization\"},\"image\":{\"@id\":\"https:\\\/\\\/www.cidademarketing.com.br\\\/marketing\\\/2023\\\/01\\\/20\\\/na-primeira-prova-do-lider-seara-consagra-lideranca-dentro-e-fora-do-bbb23\\\/#primaryimage\"},\"thumbnailUrl\":\"https:\\\/\\\/www.cidademarketing.com.br\\\/marketing\\\/wp-content\\\/uploads\\\/2023\\\/01\\\/seara_provalider_bbb.jpeg\",\"keywords\":[\"BBB\",\"BBB23\",\"Big Brother Brasil\",\"campanha\",\"estrat\u00e9gia\",\"marketing\",\"Seara\"],\"articleSection\":[\"Not\u00edcias\"],\"inLanguage\":\"pt-BR\",\"potentialAction\":[{\"@type\":\"CommentAction\",\"name\":\"Comment\",\"target\":[\"https:\\\/\\\/www.cidademarketing.com.br\\\/marketing\\\/2023\\\/01\\\/20\\\/na-primeira-prova-do-lider-seara-consagra-lideranca-dentro-e-fora-do-bbb23\\\/#respond\"]}]},{\"@type\":\"WebPage\",\"@id\":\"https:\\\/\\\/www.cidademarketing.com.br\\\/marketing\\\/2023\\\/01\\\/20\\\/na-primeira-prova-do-lider-seara-consagra-lideranca-dentro-e-fora-do-bbb23\\\/\",\"url\":\"https:\\\/\\\/www.cidademarketing.com.br\\\/marketing\\\/2023\\\/01\\\/20\\\/na-primeira-prova-do-lider-seara-consagra-lideranca-dentro-e-fora-do-bbb23\\\/\",\"name\":\"Na primeira prova do l\u00edder, Seara consagra lideran\u00e7a dentro e fora do \\\"BBB23\\\" - CidadeMarketing\",\"isPartOf\":{\"@id\":\"https:\\\/\\\/www.cidademarketing.com.br\\\/marketing\\\/#website\"},\"primaryImageOfPage\":{\"@id\":\"https:\\\/\\\/www.cidademarketing.com.br\\\/marketing\\\/2023\\\/01\\\/20\\\/na-primeira-prova-do-lider-seara-consagra-lideranca-dentro-e-fora-do-bbb23\\\/#primaryimage\"},\"image\":{\"@id\":\"https:\\\/\\\/www.cidademarketing.com.br\\\/marketing\\\/2023\\\/01\\\/20\\\/na-primeira-prova-do-lider-seara-consagra-lideranca-dentro-e-fora-do-bbb23\\\/#primaryimage\"},\"thumbnailUrl\":\"https:\\\/\\\/www.cidademarketing.com.br\\\/marketing\\\/wp-content\\\/uploads\\\/2023\\\/01\\\/seara_provalider_bbb.jpeg\",\"datePublished\":\"2023-01-20T18:26:49+00:00\",\"breadcrumb\":{\"@id\":\"https:\\\/\\\/www.cidademarketing.com.br\\\/marketing\\\/2023\\\/01\\\/20\\\/na-primeira-prova-do-lider-seara-consagra-lideranca-dentro-e-fora-do-bbb23\\\/#breadcrumb\"},\"inLanguage\":\"pt-BR\",\"potentialAction\":[{\"@type\":\"ReadAction\",\"target\":[\"https:\\\/\\\/www.cidademarketing.com.br\\\/marketing\\\/2023\\\/01\\\/20\\\/na-primeira-prova-do-lider-seara-consagra-lideranca-dentro-e-fora-do-bbb23\\\/\"]}]},{\"@type\":\"ImageObject\",\"inLanguage\":\"pt-BR\",\"@id\":\"https:\\\/\\\/www.cidademarketing.com.br\\\/marketing\\\/2023\\\/01\\\/20\\\/na-primeira-prova-do-lider-seara-consagra-lideranca-dentro-e-fora-do-bbb23\\\/#primaryimage\",\"url\":\"https:\\\/\\\/www.cidademarketing.com.br\\\/marketing\\\/wp-content\\\/uploads\\\/2023\\\/01\\\/seara_provalider_bbb.jpeg\",\"contentUrl\":\"https:\\\/\\\/www.cidademarketing.com.br\\\/marketing\\\/wp-content\\\/uploads\\\/2023\\\/01\\\/seara_provalider_bbb.jpeg\",\"width\":1280,\"height\":720},{\"@type\":\"BreadcrumbList\",\"@id\":\"https:\\\/\\\/www.cidademarketing.com.br\\\/marketing\\\/2023\\\/01\\\/20\\\/na-primeira-prova-do-lider-seara-consagra-lideranca-dentro-e-fora-do-bbb23\\\/#breadcrumb\",\"itemListElement\":[{\"@type\":\"ListItem\",\"position\":1,\"name\":\"In\u00edcio\",\"item\":\"https:\\\/\\\/www.cidademarketing.com.br\\\/marketing\\\/\"},{\"@type\":\"ListItem\",\"position\":2,\"name\":\"Na primeira prova do l\u00edder, Seara consagra lideran\u00e7a dentro e fora do &#8220;BBB23&#8221;\"}]},{\"@type\":\"WebSite\",\"@id\":\"https:\\\/\\\/www.cidademarketing.com.br\\\/marketing\\\/#website\",\"url\":\"https:\\\/\\\/www.cidademarketing.com.br\\\/marketing\\\/\",\"name\":\"CidadeMarketing\",\"description\":\"Somos um ve\u00edculo de comunica\u00e7\u00e3o de destaque no Brasil, reconhecido por conte\u00fados nos segmentos de marketing, empreendedorismo e inova\u00e7\u00e3o.\",\"publisher\":{\"@id\":\"https:\\\/\\\/www.cidademarketing.com.br\\\/marketing\\\/#organization\"},\"alternateName\":\"CidadeMarketing\",\"potentialAction\":[{\"@type\":\"SearchAction\",\"target\":{\"@type\":\"EntryPoint\",\"urlTemplate\":\"https:\\\/\\\/www.cidademarketing.com.br\\\/marketing\\\/?s={search_term_string}\"},\"query-input\":{\"@type\":\"PropertyValueSpecification\",\"valueRequired\":true,\"valueName\":\"search_term_string\"}}],\"inLanguage\":\"pt-BR\"},{\"@type\":\"Organization\",\"@id\":\"https:\\\/\\\/www.cidademarketing.com.br\\\/marketing\\\/#organization\",\"name\":\"CidadeMarketing\",\"alternateName\":\"CidadeMarketing\",\"url\":\"https:\\\/\\\/www.cidademarketing.com.br\\\/marketing\\\/\",\"logo\":{\"@type\":\"ImageObject\",\"inLanguage\":\"pt-BR\",\"@id\":\"https:\\\/\\\/www.cidademarketing.com.br\\\/marketing\\\/#\\\/schema\\\/logo\\\/image\\\/\",\"url\":\"https:\\\/\\\/www.cidademarketing.com.br\\\/marketing\\\/wp-content\\\/uploads\\\/2020\\\/01\\\/cidademarketing_marca_mobile.png\",\"contentUrl\":\"https:\\\/\\\/www.cidademarketing.com.br\\\/marketing\\\/wp-content\\\/uploads\\\/2020\\\/01\\\/cidademarketing_marca_mobile.png\",\"width\":230,\"height\":92,\"caption\":\"CidadeMarketing\"},\"image\":{\"@id\":\"https:\\\/\\\/www.cidademarketing.com.br\\\/marketing\\\/#\\\/schema\\\/logo\\\/image\\\/\"},\"sameAs\":[\"https:\\\/\\\/www.facebook.com\\\/portalcidademarketing\",\"https:\\\/\\\/x.com\\\/CidadeMarketing\",\"https:\\\/\\\/www.instagram.com\\\/cidademarketing\\\/\"]},{\"@type\":\"Person\",\"@id\":\"https:\\\/\\\/www.cidademarketing.com.br\\\/marketing\\\/#\\\/schema\\\/person\\\/02daff9f18bd9378c9e01eb6b2db155f\",\"name\":\"Thales Brand\u00e3o\",\"image\":{\"@type\":\"ImageObject\",\"inLanguage\":\"pt-BR\",\"@id\":\"https:\\\/\\\/secure.gravatar.com\\\/avatar\\\/7ca3206950207cc3cb48feec56a8a7898741ab725c368d99d5d7a5a50aab80c6?s=96&d=mm&r=g\",\"url\":\"https:\\\/\\\/secure.gravatar.com\\\/avatar\\\/7ca3206950207cc3cb48feec56a8a7898741ab725c368d99d5d7a5a50aab80c6?s=96&d=mm&r=g\",\"contentUrl\":\"https:\\\/\\\/secure.gravatar.com\\\/avatar\\\/7ca3206950207cc3cb48feec56a8a7898741ab725c368d99d5d7a5a50aab80c6?s=96&d=mm&r=g\",\"caption\":\"Thales Brand\u00e3o\"},\"description\":\"Editor Executivo do Portal CidadeMarketing.com.br &gt; Mestre em Comunica\u00e7\u00e3o e Sociedade pela Universidade Federal de Sergipe. Possui MBA Executivo em Administra\u00e7\u00e3o com \u00eanfase em Marketing pela Funda\u00e7\u00e3o Get\u00falio Vargas - Rio de Janeiro. Consultor, Palestrante e Pesquisador sobre Empreendedorismo, Marketing, Redes Sociais e Neg\u00f3cios Digitais. Professor, Palestrante TedxTalks e Campus Party. Twitter: @ThalesBrandao\",\"sameAs\":[\"http:\\\/\\\/www.mandacaru.com.br\",\"https:\\\/\\\/www.facebook.com\\\/thalesbrandao\",\"http:\\\/\\\/www.instagram.com.br\\\/thalesbrandaoferreira\",\"https:\\\/\\\/www.linkedin.com\\\/in\\\/thales-brand\u00e3o-3948609\\\/\",\"https:\\\/\\\/x.com\\\/http:\\\/\\\/www.twitter.com\\\/thalesbrandao\"],\"url\":\"https:\\\/\\\/www.cidademarketing.com.br\\\/marketing\\\/author\\\/thalesbrandao\\\/\"}]}<\/script>\n<!-- \/ Yoast SEO plugin. -->","yoast_head_json":{"title":"Na primeira prova do l\u00edder, Seara consagra lideran\u00e7a dentro e fora do \"BBB23\" - CidadeMarketing","robots":{"index":"index","follow":"follow","max-snippet":"max-snippet:-1","max-image-preview":"max-image-preview:large","max-video-preview":"max-video-preview:-1"},"canonical":"https:\/\/www.cidademarketing.com.br\/marketing\/2023\/01\/20\/na-primeira-prova-do-lider-seara-consagra-lideranca-dentro-e-fora-do-bbb23\/","og_locale":"pt_BR","og_type":"article","og_title":"Na primeira prova do l\u00edder, Seara consagra lideran\u00e7a dentro e fora do \"BBB23\" - CidadeMarketing","og_description":"A casa mais vigiada do Brasil recebeu ontem (19\/01) a primeira prova do l\u00edder da edi\u00e7\u00e3o do \u2018BBB23\u2019. Patrocinada por Lev\u00edssimo Seara, maior inova\u00e7\u00e3o do segmento de frios dos \u00faltimos anos. A din\u00e2mica, desenvolvida pela Globo em parceria com a WMcCann para a Seara, marca reconhecida pela inova\u00e7\u00e3o, sabor e qualidade, consistiu em uma corrida [&hellip;]","og_url":"https:\/\/www.cidademarketing.com.br\/marketing\/2023\/01\/20\/na-primeira-prova-do-lider-seara-consagra-lideranca-dentro-e-fora-do-bbb23\/","og_site_name":"CidadeMarketing","article_publisher":"https:\/\/www.facebook.com\/portalcidademarketing","article_author":"https:\/\/www.facebook.com\/thalesbrandao","article_published_time":"2023-01-20T18:26:49+00:00","og_image":[{"width":1280,"height":720,"url":"https:\/\/www.cidademarketing.com.br\/marketing\/wp-content\/uploads\/2023\/01\/seara_provalider_bbb.jpeg","type":"image\/jpeg"}],"author":"Thales Brand\u00e3o","twitter_card":"summary_large_image","twitter_creator":"@http:\/\/www.twitter.com\/thalesbrandao","twitter_site":"@CidadeMarketing","twitter_misc":{"Escrito por":"Thales Brand\u00e3o","Est. tempo de leitura":"3 minutos"},"schema":{"@context":"https:\/\/schema.org","@graph":[{"@type":"Article","@id":"https:\/\/www.cidademarketing.com.br\/marketing\/2023\/01\/20\/na-primeira-prova-do-lider-seara-consagra-lideranca-dentro-e-fora-do-bbb23\/#article","isPartOf":{"@id":"https:\/\/www.cidademarketing.com.br\/marketing\/2023\/01\/20\/na-primeira-prova-do-lider-seara-consagra-lideranca-dentro-e-fora-do-bbb23\/"},"author":{"name":"Thales Brand\u00e3o","@id":"https:\/\/www.cidademarketing.com.br\/marketing\/#\/schema\/person\/02daff9f18bd9378c9e01eb6b2db155f"},"headline":"Na primeira prova do l\u00edder, Seara consagra lideran\u00e7a dentro e fora do &#8220;BBB23&#8221;","datePublished":"2023-01-20T18:26:49+00:00","mainEntityOfPage":{"@id":"https:\/\/www.cidademarketing.com.br\/marketing\/2023\/01\/20\/na-primeira-prova-do-lider-seara-consagra-lideranca-dentro-e-fora-do-bbb23\/"},"wordCount":634,"commentCount":0,"publisher":{"@id":"https:\/\/www.cidademarketing.com.br\/marketing\/#organization"},"image":{"@id":"https:\/\/www.cidademarketing.com.br\/marketing\/2023\/01\/20\/na-primeira-prova-do-lider-seara-consagra-lideranca-dentro-e-fora-do-bbb23\/#primaryimage"},"thumbnailUrl":"https:\/\/www.cidademarketing.com.br\/marketing\/wp-content\/uploads\/2023\/01\/seara_provalider_bbb.jpeg","keywords":["BBB","BBB23","Big Brother Brasil","campanha","estrat\u00e9gia","marketing","Seara"],"articleSection":["Not\u00edcias"],"inLanguage":"pt-BR","potentialAction":[{"@type":"CommentAction","name":"Comment","target":["https:\/\/www.cidademarketing.com.br\/marketing\/2023\/01\/20\/na-primeira-prova-do-lider-seara-consagra-lideranca-dentro-e-fora-do-bbb23\/#respond"]}]},{"@type":"WebPage","@id":"https:\/\/www.cidademarketing.com.br\/marketing\/2023\/01\/20\/na-primeira-prova-do-lider-seara-consagra-lideranca-dentro-e-fora-do-bbb23\/","url":"https:\/\/www.cidademarketing.com.br\/marketing\/2023\/01\/20\/na-primeira-prova-do-lider-seara-consagra-lideranca-dentro-e-fora-do-bbb23\/","name":"Na primeira prova do l\u00edder, Seara consagra lideran\u00e7a dentro e fora do \"BBB23\" - CidadeMarketing","isPartOf":{"@id":"https:\/\/www.cidademarketing.com.br\/marketing\/#website"},"primaryImageOfPage":{"@id":"https:\/\/www.cidademarketing.com.br\/marketing\/2023\/01\/20\/na-primeira-prova-do-lider-seara-consagra-lideranca-dentro-e-fora-do-bbb23\/#primaryimage"},"image":{"@id":"https:\/\/www.cidademarketing.com.br\/marketing\/2023\/01\/20\/na-primeira-prova-do-lider-seara-consagra-lideranca-dentro-e-fora-do-bbb23\/#primaryimage"},"thumbnailUrl":"https:\/\/www.cidademarketing.com.br\/marketing\/wp-content\/uploads\/2023\/01\/seara_provalider_bbb.jpeg","datePublished":"2023-01-20T18:26:49+00:00","breadcrumb":{"@id":"https:\/\/www.cidademarketing.com.br\/marketing\/2023\/01\/20\/na-primeira-prova-do-lider-seara-consagra-lideranca-dentro-e-fora-do-bbb23\/#breadcrumb"},"inLanguage":"pt-BR","potentialAction":[{"@type":"ReadAction","target":["https:\/\/www.cidademarketing.com.br\/marketing\/2023\/01\/20\/na-primeira-prova-do-lider-seara-consagra-lideranca-dentro-e-fora-do-bbb23\/"]}]},{"@type":"ImageObject","inLanguage":"pt-BR","@id":"https:\/\/www.cidademarketing.com.br\/marketing\/2023\/01\/20\/na-primeira-prova-do-lider-seara-consagra-lideranca-dentro-e-fora-do-bbb23\/#primaryimage","url":"https:\/\/www.cidademarketing.com.br\/marketing\/wp-content\/uploads\/2023\/01\/seara_provalider_bbb.jpeg","contentUrl":"https:\/\/www.cidademarketing.com.br\/marketing\/wp-content\/uploads\/2023\/01\/seara_provalider_bbb.jpeg","width":1280,"height":720},{"@type":"BreadcrumbList","@id":"https:\/\/www.cidademarketing.com.br\/marketing\/2023\/01\/20\/na-primeira-prova-do-lider-seara-consagra-lideranca-dentro-e-fora-do-bbb23\/#breadcrumb","itemListElement":[{"@type":"ListItem","position":1,"name":"In\u00edcio","item":"https:\/\/www.cidademarketing.com.br\/marketing\/"},{"@type":"ListItem","position":2,"name":"Na primeira prova do l\u00edder, Seara consagra lideran\u00e7a dentro e fora do &#8220;BBB23&#8221;"}]},{"@type":"WebSite","@id":"https:\/\/www.cidademarketing.com.br\/marketing\/#website","url":"https:\/\/www.cidademarketing.com.br\/marketing\/","name":"CidadeMarketing","description":"Somos um ve\u00edculo de comunica\u00e7\u00e3o de destaque no Brasil, reconhecido por conte\u00fados nos segmentos de marketing, empreendedorismo e inova\u00e7\u00e3o.","publisher":{"@id":"https:\/\/www.cidademarketing.com.br\/marketing\/#organization"},"alternateName":"CidadeMarketing","potentialAction":[{"@type":"SearchAction","target":{"@type":"EntryPoint","urlTemplate":"https:\/\/www.cidademarketing.com.br\/marketing\/?s={search_term_string}"},"query-input":{"@type":"PropertyValueSpecification","valueRequired":true,"valueName":"search_term_string"}}],"inLanguage":"pt-BR"},{"@type":"Organization","@id":"https:\/\/www.cidademarketing.com.br\/marketing\/#organization","name":"CidadeMarketing","alternateName":"CidadeMarketing","url":"https:\/\/www.cidademarketing.com.br\/marketing\/","logo":{"@type":"ImageObject","inLanguage":"pt-BR","@id":"https:\/\/www.cidademarketing.com.br\/marketing\/#\/schema\/logo\/image\/","url":"https:\/\/www.cidademarketing.com.br\/marketing\/wp-content\/uploads\/2020\/01\/cidademarketing_marca_mobile.png","contentUrl":"https:\/\/www.cidademarketing.com.br\/marketing\/wp-content\/uploads\/2020\/01\/cidademarketing_marca_mobile.png","width":230,"height":92,"caption":"CidadeMarketing"},"image":{"@id":"https:\/\/www.cidademarketing.com.br\/marketing\/#\/schema\/logo\/image\/"},"sameAs":["https:\/\/www.facebook.com\/portalcidademarketing","https:\/\/x.com\/CidadeMarketing","https:\/\/www.instagram.com\/cidademarketing\/"]},{"@type":"Person","@id":"https:\/\/www.cidademarketing.com.br\/marketing\/#\/schema\/person\/02daff9f18bd9378c9e01eb6b2db155f","name":"Thales Brand\u00e3o","image":{"@type":"ImageObject","inLanguage":"pt-BR","@id":"https:\/\/secure.gravatar.com\/avatar\/7ca3206950207cc3cb48feec56a8a7898741ab725c368d99d5d7a5a50aab80c6?s=96&d=mm&r=g","url":"https:\/\/secure.gravatar.com\/avatar\/7ca3206950207cc3cb48feec56a8a7898741ab725c368d99d5d7a5a50aab80c6?s=96&d=mm&r=g","contentUrl":"https:\/\/secure.gravatar.com\/avatar\/7ca3206950207cc3cb48feec56a8a7898741ab725c368d99d5d7a5a50aab80c6?s=96&d=mm&r=g","caption":"Thales Brand\u00e3o"},"description":"Editor Executivo do Portal CidadeMarketing.com.br &gt; Mestre em Comunica\u00e7\u00e3o e Sociedade pela Universidade Federal de Sergipe. Possui MBA Executivo em Administra\u00e7\u00e3o com \u00eanfase em Marketing pela Funda\u00e7\u00e3o Get\u00falio Vargas - Rio de Janeiro. Consultor, Palestrante e Pesquisador sobre Empreendedorismo, Marketing, Redes Sociais e Neg\u00f3cios Digitais. Professor, Palestrante TedxTalks e Campus Party. Twitter: @ThalesBrandao","sameAs":["http:\/\/www.mandacaru.com.br","https:\/\/www.facebook.com\/thalesbrandao","http:\/\/www.instagram.com.br\/thalesbrandaoferreira","https:\/\/www.linkedin.com\/in\/thales-brand\u00e3o-3948609\/","https:\/\/x.com\/http:\/\/www.twitter.com\/thalesbrandao"],"url":"https:\/\/www.cidademarketing.com.br\/marketing\/author\/thalesbrandao\/"}]}},"amp_enabled":true,"_links":{"self":[{"href":"https:\/\/www.cidademarketing.com.br\/marketing\/wp-json\/wp\/v2\/posts\/42534","targetHints":{"allow":["GET"]}}],"collection":[{"href":"https:\/\/www.cidademarketing.com.br\/marketing\/wp-json\/wp\/v2\/posts"}],"about":[{"href":"https:\/\/www.cidademarketing.com.br\/marketing\/wp-json\/wp\/v2\/types\/post"}],"author":[{"embeddable":true,"href":"https:\/\/www.cidademarketing.com.br\/marketing\/wp-json\/wp\/v2\/users\/1"}],"replies":[{"embeddable":true,"href":"https:\/\/www.cidademarketing.com.br\/marketing\/wp-json\/wp\/v2\/comments?post=42534"}],"version-history":[{"count":1,"href":"https:\/\/www.cidademarketing.com.br\/marketing\/wp-json\/wp\/v2\/posts\/42534\/revisions"}],"predecessor-version":[{"id":42536,"href":"https:\/\/www.cidademarketing.com.br\/marketing\/wp-json\/wp\/v2\/posts\/42534\/revisions\/42536"}],"wp:featuredmedia":[{"embeddable":true,"href":"https:\/\/www.cidademarketing.com.br\/marketing\/wp-json\/wp\/v2\/media\/42535"}],"wp:attachment":[{"href":"https:\/\/www.cidademarketing.com.br\/marketing\/wp-json\/wp\/v2\/media?parent=42534"}],"wp:term":[{"taxonomy":"category","embeddable":true,"href":"https:\/\/www.cidademarketing.com.br\/marketing\/wp-json\/wp\/v2\/categories?post=42534"},{"taxonomy":"post_tag","embeddable":true,"href":"https:\/\/www.cidademarketing.com.br\/marketing\/wp-json\/wp\/v2\/tags?post=42534"}],"curies":[{"name":"wp","href":"https:\/\/api.w.org\/{rel}","templated":true}]}}