{"id":42519,"date":"2023-01-19T23:07:48","date_gmt":"2023-01-20T02:07:48","guid":{"rendered":"https:\/\/www.cidademarketing.com.br\/marketing\/?p=42519"},"modified":"2023-01-19T23:07:48","modified_gmt":"2023-01-20T02:07:48","slug":"jcdecaux-assume-operacao-de-midia-do-metro-da-bahia","status":"publish","type":"post","link":"https:\/\/www.cidademarketing.com.br\/marketing\/2023\/01\/19\/jcdecaux-assume-operacao-de-midia-do-metro-da-bahia\/","title":{"rendered":"JCDecaux assume opera\u00e7\u00e3o de m\u00eddia do metr\u00f4 da Bahia"},"content":{"rendered":"<p>A JCDecaux, l\u00edder mundial em m\u00eddia Out-of-Home, anuncia a assinatura de contrato de 10 anos com a concession\u00e1ria CCR Metr\u00f4 Bahia para assumir a opera\u00e7\u00e3o publicit\u00e1ria nas duas linhas de metr\u00f4 em Salvador (BA) \u2013 a Linha 1-Vermelha e Linha 2-Azul. A parceria come\u00e7a a valer a partir de mar\u00e7o de 2023 e d\u00e1 continuidade \u00e0 estrat\u00e9gia de expans\u00e3o da multinacional de origem francesa, com foco em se manter como o maior player de m\u00eddia em metr\u00f4s do Brasil.<\/p>\n<p><iframe title=\"Spotify Embed: Podcast CidadeMarketing\" style=\"border-radius: 12px\" width=\"100%\" height=\"152\" frameborder=\"0\" allowfullscreen allow=\"autoplay; clipboard-write; encrypted-media; fullscreen; picture-in-picture\" loading=\"lazy\" src=\"https:\/\/open.spotify.com\/embed\/show\/4khMKzP3FgFRWVwb73xicc?si=252fe5bff2b34909&#038;utm_source=oembed\"><\/iframe><\/p>\n<p>Na capital da Bahia, a JCDecaux ir\u00e1 operar publicidade nas duas linhas de metr\u00f4 existentes \u2013 Linha 1-Vermelha, com 12 KM de extens\u00e3o e 8 esta\u00e7\u00f5es, e Linha 2-Azul, com 19 KM de extens\u00e3o e 12 esta\u00e7\u00f5es. Juntas, as linhas interligam o Centro Hist\u00f3rico aos extremos de Salvador, movimentando mais de 530 mil passageiros por dia.<br \/>\nO invent\u00e1rio j\u00e1 existente passa a ser gerido pela JCDecaux, abrangendo mais de 40 mobili\u00e1rios digitais espalhados pelas esta\u00e7\u00f5es e terminais do Metr\u00f4 de Salvador, al\u00e9m de 162 pain\u00e9is est\u00e1ticos nas esta\u00e7\u00f5es e 520 TVs internas nos trens. Com isso, a companhia passa a impactar mais de 7,7 milh\u00f5es de passageiros diariamente atrav\u00e9s da presen\u00e7a nas principais linhas de metr\u00f4 do Brasil.<\/p>\n<p>A parceria com a CCR Metr\u00f4 Bahia tem como foco entregar os mais altos padr\u00f5es internacionais em publicidade OOH. Entre as novidades que ser\u00e3o oferecidas aos anunciantes est\u00e1 o incremento de 1200 telas e 2 ic\u00f4nicos digitais nas principais esta\u00e7\u00f5es, al\u00e9m do leque de ferramentas DataSolutions nos ativos das Linhas L1-Vermelha e L2-Azul. Os recursos refor\u00e7am o foco na digitaliza\u00e7\u00e3o da companhia e v\u00e3o permitir a cria\u00e7\u00e3o de campanhas DOOH de alto impacto baseadas em informa\u00e7\u00f5es qualificadas, expandindo a conex\u00e3o de marcas com passageiros que circulam diariamente pela cidade mais populosa do Nordeste brasileiro, com 2,9 milh\u00f5es de habitantes.<\/p>\n<p>Com a nova opera\u00e7\u00e3o na Bahia, a JCDecaux refor\u00e7a seu posicionamento de \u00fanica empresa de OOH com alcance nacional, consagrando sua lideran\u00e7a em m\u00eddia em metr\u00f4s no Brasil. Recentemente, a empresa anunciou a inclus\u00e3o da Linha 5-Lil\u00e1s, da ViaMobilidade, e a Linha 4-Amarela, da ViaQuatro, no portf\u00f3lio que j\u00e1 contava com as linhas L1-Azul, L2-Verde e L3-Vermelha do Metr\u00f4 de S\u00e3o Paulo. A ampla gama de ativos de m\u00eddia permite que os anunciantes criem campanhas integradas com outros roteiros da companhia pelo Brasil, aumentando o impacto e o alcance da audi\u00eancia nesse segmento.<\/p>\n<p>&#8220;Agora, anunciantes do Brasil inteiro podem contar com a expertise da JCDecaux para impulsionar ainda mais suas marcas na regi\u00e3o Nordeste. A conquista do Metr\u00f4 de Salvador nos garante ainda mais visibilidade, refor\u00e7ando nossa lideran\u00e7a como media player no setor de transporte e ampliando nosso portoflio em esta\u00e7\u00f5es de metr\u00f4. Assim, mostramos ao mercado que somos especialistas na comunica\u00e7\u00e3o com os passageiros que usam este tipo de transporte coletivo por todo o Pa\u00eds&#8221;, comemora Ana Celia Biondi, Diretora Geral da JCDecaux Brasil.<\/p>\n<p>Empresa do Grupo CCR, a CCR Metr\u00f4 Bahia \u00e9 a operadora respons\u00e1vel pela manuten\u00e7\u00e3o e opera\u00e7\u00e3o do Sistema Metrovi\u00e1rio de Salvador e Lauro de Freitas, por um per\u00edodo de 30 anos, atrav\u00e9s de uma Parceria P\u00fablico-Privada (PPP). Com investimentos de cerca de R$ 5,8 bilh\u00f5es, \u00e9 o sistema metrovi\u00e1rio que mais cresce na Am\u00e9rica Latina nos \u00faltimos anos, gerando cerca de oito mil empregos no auge das obras.<\/p>\n<p>Atualmente, a JCDecaux opera a maior oferta de mobili\u00e1rio urbano no Brasil, com mais de 18 mil faces estrategicamente localizadas em 11 grandes cidades, incluindo S\u00e3o Paulo, Campinas, Rio de Janeiro, Bras\u00edlia e principais capitais das regi\u00f5es Norte e Nordeste. Para al\u00e9m das principais linhas de metr\u00f4 em S\u00e3o Paulo, a empresa gerencia tamb\u00e9m a publicidade nos dois aeroportos internacionais mais movimentados do pa\u00eds \u2013 Bras\u00edlia (BSB) e Guarulhos (GRU). Juntos, todos esses ativos de m\u00eddia somam 130 milh\u00f5es de impress\u00f5es por dia.<\/p>\n<p><iframe style=\"width: 100%; max-width: 660px; overflow: hidden; background: transparent;\" src=\"https:\/\/embed.podcasts.apple.com\/br\/podcast\/podcast-cidademarketing\/id1371923283\" height=\"450\" frameborder=\"0\" sandbox=\"allow-forms allow-popups allow-same-origin allow-scripts allow-storage-access-by-user-activation allow-top-navigation-by-user-activation\"><\/iframe><\/p>\n","protected":false},"excerpt":{"rendered":"<p>A JCDecaux, l\u00edder mundial em m\u00eddia Out-of-Home, anuncia a assinatura de contrato de 10 anos com a concession\u00e1ria CCR Metr\u00f4 Bahia para assumir a opera\u00e7\u00e3o publicit\u00e1ria nas duas linhas de metr\u00f4 em Salvador (BA) \u2013 a Linha 1-Vermelha e Linha 2-Azul. A parceria come\u00e7a a valer a partir de mar\u00e7o de 2023 e d\u00e1 continuidade [&hellip;]<\/p>\n","protected":false},"author":1,"featured_media":42520,"comment_status":"open","ping_status":"open","sticky":false,"template":"","format":"standard","meta":{"tdm_status":"","tdm_grid_status":"","footnotes":""},"categories":[6],"tags":[65,33,5847,28,1612,572],"class_list":["post-42519","post","type-post","status-publish","format-standard","has-post-thumbnail","hentry","category-noticias","tag-campanha","tag-estrategia","tag-jcdecaux","tag-marketing","tag-midia","tag-salvador"],"yoast_head":"<!-- This site is optimized with the Yoast SEO plugin v27.5 - https:\/\/yoast.com\/product\/yoast-seo-wordpress\/ -->\n<title>JCDecaux assume opera\u00e7\u00e3o de m\u00eddia do metr\u00f4 da Bahia - CidadeMarketing<\/title>\n<meta name=\"robots\" content=\"index, follow, max-snippet:-1, max-image-preview:large, max-video-preview:-1\" \/>\n<link rel=\"canonical\" href=\"https:\/\/www.cidademarketing.com.br\/marketing\/2023\/01\/19\/jcdecaux-assume-operacao-de-midia-do-metro-da-bahia\/\" \/>\n<meta property=\"og:locale\" content=\"pt_BR\" \/>\n<meta property=\"og:type\" content=\"article\" \/>\n<meta property=\"og:title\" content=\"JCDecaux assume opera\u00e7\u00e3o de m\u00eddia do metr\u00f4 da Bahia - CidadeMarketing\" \/>\n<meta property=\"og:description\" content=\"A JCDecaux, l\u00edder mundial em m\u00eddia Out-of-Home, anuncia a assinatura de contrato de 10 anos com a concession\u00e1ria CCR Metr\u00f4 Bahia para assumir a opera\u00e7\u00e3o publicit\u00e1ria nas duas linhas de metr\u00f4 em Salvador (BA) \u2013 a Linha 1-Vermelha e Linha 2-Azul. A parceria come\u00e7a a valer a partir de mar\u00e7o de 2023 e d\u00e1 continuidade [&hellip;]\" \/>\n<meta property=\"og:url\" content=\"https:\/\/www.cidademarketing.com.br\/marketing\/2023\/01\/19\/jcdecaux-assume-operacao-de-midia-do-metro-da-bahia\/\" \/>\n<meta property=\"og:site_name\" content=\"CidadeMarketing\" \/>\n<meta property=\"article:publisher\" content=\"https:\/\/www.facebook.com\/portalcidademarketing\" \/>\n<meta property=\"article:author\" content=\"https:\/\/www.facebook.com\/thalesbrandao\" \/>\n<meta property=\"article:published_time\" content=\"2023-01-20T02:07:48+00:00\" \/>\n<meta property=\"og:image\" content=\"https:\/\/www.cidademarketing.com.br\/marketing\/wp-content\/uploads\/2023\/01\/jcdecaux.jpg\" \/>\n\t<meta property=\"og:image:width\" content=\"757\" \/>\n\t<meta property=\"og:image:height\" content=\"385\" \/>\n\t<meta property=\"og:image:type\" content=\"image\/jpeg\" \/>\n<meta name=\"author\" content=\"Thales Brand\u00e3o\" \/>\n<meta name=\"twitter:card\" content=\"summary_large_image\" \/>\n<meta name=\"twitter:creator\" content=\"@http:\/\/www.twitter.com\/thalesbrandao\" \/>\n<meta name=\"twitter:site\" content=\"@CidadeMarketing\" \/>\n<meta name=\"twitter:label1\" content=\"Escrito por\" \/>\n\t<meta name=\"twitter:data1\" content=\"Thales Brand\u00e3o\" \/>\n\t<meta name=\"twitter:label2\" content=\"Est. tempo de leitura\" \/>\n\t<meta name=\"twitter:data2\" content=\"3 minutos\" \/>\n<script type=\"application\/ld+json\" class=\"yoast-schema-graph\">{\"@context\":\"https:\\\/\\\/schema.org\",\"@graph\":[{\"@type\":\"Article\",\"@id\":\"https:\\\/\\\/www.cidademarketing.com.br\\\/marketing\\\/2023\\\/01\\\/19\\\/jcdecaux-assume-operacao-de-midia-do-metro-da-bahia\\\/#article\",\"isPartOf\":{\"@id\":\"https:\\\/\\\/www.cidademarketing.com.br\\\/marketing\\\/2023\\\/01\\\/19\\\/jcdecaux-assume-operacao-de-midia-do-metro-da-bahia\\\/\"},\"author\":{\"name\":\"Thales Brand\u00e3o\",\"@id\":\"https:\\\/\\\/www.cidademarketing.com.br\\\/marketing\\\/#\\\/schema\\\/person\\\/02daff9f18bd9378c9e01eb6b2db155f\"},\"headline\":\"JCDecaux assume opera\u00e7\u00e3o de m\u00eddia do metr\u00f4 da Bahia\",\"datePublished\":\"2023-01-20T02:07:48+00:00\",\"mainEntityOfPage\":{\"@id\":\"https:\\\/\\\/www.cidademarketing.com.br\\\/marketing\\\/2023\\\/01\\\/19\\\/jcdecaux-assume-operacao-de-midia-do-metro-da-bahia\\\/\"},\"wordCount\":704,\"commentCount\":0,\"publisher\":{\"@id\":\"https:\\\/\\\/www.cidademarketing.com.br\\\/marketing\\\/#organization\"},\"image\":{\"@id\":\"https:\\\/\\\/www.cidademarketing.com.br\\\/marketing\\\/2023\\\/01\\\/19\\\/jcdecaux-assume-operacao-de-midia-do-metro-da-bahia\\\/#primaryimage\"},\"thumbnailUrl\":\"https:\\\/\\\/www.cidademarketing.com.br\\\/marketing\\\/wp-content\\\/uploads\\\/2023\\\/01\\\/jcdecaux.jpg\",\"keywords\":[\"campanha\",\"estrat\u00e9gia\",\"JCDecaux\",\"marketing\",\"m\u00eddia\",\"Salvador\"],\"articleSection\":[\"Not\u00edcias\"],\"inLanguage\":\"pt-BR\",\"potentialAction\":[{\"@type\":\"CommentAction\",\"name\":\"Comment\",\"target\":[\"https:\\\/\\\/www.cidademarketing.com.br\\\/marketing\\\/2023\\\/01\\\/19\\\/jcdecaux-assume-operacao-de-midia-do-metro-da-bahia\\\/#respond\"]}]},{\"@type\":\"WebPage\",\"@id\":\"https:\\\/\\\/www.cidademarketing.com.br\\\/marketing\\\/2023\\\/01\\\/19\\\/jcdecaux-assume-operacao-de-midia-do-metro-da-bahia\\\/\",\"url\":\"https:\\\/\\\/www.cidademarketing.com.br\\\/marketing\\\/2023\\\/01\\\/19\\\/jcdecaux-assume-operacao-de-midia-do-metro-da-bahia\\\/\",\"name\":\"JCDecaux assume opera\u00e7\u00e3o de m\u00eddia do metr\u00f4 da Bahia - CidadeMarketing\",\"isPartOf\":{\"@id\":\"https:\\\/\\\/www.cidademarketing.com.br\\\/marketing\\\/#website\"},\"primaryImageOfPage\":{\"@id\":\"https:\\\/\\\/www.cidademarketing.com.br\\\/marketing\\\/2023\\\/01\\\/19\\\/jcdecaux-assume-operacao-de-midia-do-metro-da-bahia\\\/#primaryimage\"},\"image\":{\"@id\":\"https:\\\/\\\/www.cidademarketing.com.br\\\/marketing\\\/2023\\\/01\\\/19\\\/jcdecaux-assume-operacao-de-midia-do-metro-da-bahia\\\/#primaryimage\"},\"thumbnailUrl\":\"https:\\\/\\\/www.cidademarketing.com.br\\\/marketing\\\/wp-content\\\/uploads\\\/2023\\\/01\\\/jcdecaux.jpg\",\"datePublished\":\"2023-01-20T02:07:48+00:00\",\"breadcrumb\":{\"@id\":\"https:\\\/\\\/www.cidademarketing.com.br\\\/marketing\\\/2023\\\/01\\\/19\\\/jcdecaux-assume-operacao-de-midia-do-metro-da-bahia\\\/#breadcrumb\"},\"inLanguage\":\"pt-BR\",\"potentialAction\":[{\"@type\":\"ReadAction\",\"target\":[\"https:\\\/\\\/www.cidademarketing.com.br\\\/marketing\\\/2023\\\/01\\\/19\\\/jcdecaux-assume-operacao-de-midia-do-metro-da-bahia\\\/\"]}]},{\"@type\":\"ImageObject\",\"inLanguage\":\"pt-BR\",\"@id\":\"https:\\\/\\\/www.cidademarketing.com.br\\\/marketing\\\/2023\\\/01\\\/19\\\/jcdecaux-assume-operacao-de-midia-do-metro-da-bahia\\\/#primaryimage\",\"url\":\"https:\\\/\\\/www.cidademarketing.com.br\\\/marketing\\\/wp-content\\\/uploads\\\/2023\\\/01\\\/jcdecaux.jpg\",\"contentUrl\":\"https:\\\/\\\/www.cidademarketing.com.br\\\/marketing\\\/wp-content\\\/uploads\\\/2023\\\/01\\\/jcdecaux.jpg\",\"width\":757,\"height\":385,\"caption\":\"Divulga\u00e7\u00e3o\"},{\"@type\":\"BreadcrumbList\",\"@id\":\"https:\\\/\\\/www.cidademarketing.com.br\\\/marketing\\\/2023\\\/01\\\/19\\\/jcdecaux-assume-operacao-de-midia-do-metro-da-bahia\\\/#breadcrumb\",\"itemListElement\":[{\"@type\":\"ListItem\",\"position\":1,\"name\":\"In\u00edcio\",\"item\":\"https:\\\/\\\/www.cidademarketing.com.br\\\/marketing\\\/\"},{\"@type\":\"ListItem\",\"position\":2,\"name\":\"JCDecaux assume opera\u00e7\u00e3o de m\u00eddia do metr\u00f4 da Bahia\"}]},{\"@type\":\"WebSite\",\"@id\":\"https:\\\/\\\/www.cidademarketing.com.br\\\/marketing\\\/#website\",\"url\":\"https:\\\/\\\/www.cidademarketing.com.br\\\/marketing\\\/\",\"name\":\"CidadeMarketing\",\"description\":\"Somos um ve\u00edculo de comunica\u00e7\u00e3o de destaque no Brasil, reconhecido por conte\u00fados nos segmentos de marketing, empreendedorismo e inova\u00e7\u00e3o.\",\"publisher\":{\"@id\":\"https:\\\/\\\/www.cidademarketing.com.br\\\/marketing\\\/#organization\"},\"alternateName\":\"CidadeMarketing\",\"potentialAction\":[{\"@type\":\"SearchAction\",\"target\":{\"@type\":\"EntryPoint\",\"urlTemplate\":\"https:\\\/\\\/www.cidademarketing.com.br\\\/marketing\\\/?s={search_term_string}\"},\"query-input\":{\"@type\":\"PropertyValueSpecification\",\"valueRequired\":true,\"valueName\":\"search_term_string\"}}],\"inLanguage\":\"pt-BR\"},{\"@type\":\"Organization\",\"@id\":\"https:\\\/\\\/www.cidademarketing.com.br\\\/marketing\\\/#organization\",\"name\":\"CidadeMarketing\",\"alternateName\":\"CidadeMarketing\",\"url\":\"https:\\\/\\\/www.cidademarketing.com.br\\\/marketing\\\/\",\"logo\":{\"@type\":\"ImageObject\",\"inLanguage\":\"pt-BR\",\"@id\":\"https:\\\/\\\/www.cidademarketing.com.br\\\/marketing\\\/#\\\/schema\\\/logo\\\/image\\\/\",\"url\":\"https:\\\/\\\/www.cidademarketing.com.br\\\/marketing\\\/wp-content\\\/uploads\\\/2020\\\/01\\\/cidademarketing_marca_mobile.png\",\"contentUrl\":\"https:\\\/\\\/www.cidademarketing.com.br\\\/marketing\\\/wp-content\\\/uploads\\\/2020\\\/01\\\/cidademarketing_marca_mobile.png\",\"width\":230,\"height\":92,\"caption\":\"CidadeMarketing\"},\"image\":{\"@id\":\"https:\\\/\\\/www.cidademarketing.com.br\\\/marketing\\\/#\\\/schema\\\/logo\\\/image\\\/\"},\"sameAs\":[\"https:\\\/\\\/www.facebook.com\\\/portalcidademarketing\",\"https:\\\/\\\/x.com\\\/CidadeMarketing\",\"https:\\\/\\\/www.instagram.com\\\/cidademarketing\\\/\"]},{\"@type\":\"Person\",\"@id\":\"https:\\\/\\\/www.cidademarketing.com.br\\\/marketing\\\/#\\\/schema\\\/person\\\/02daff9f18bd9378c9e01eb6b2db155f\",\"name\":\"Thales Brand\u00e3o\",\"image\":{\"@type\":\"ImageObject\",\"inLanguage\":\"pt-BR\",\"@id\":\"https:\\\/\\\/secure.gravatar.com\\\/avatar\\\/7ca3206950207cc3cb48feec56a8a7898741ab725c368d99d5d7a5a50aab80c6?s=96&d=mm&r=g\",\"url\":\"https:\\\/\\\/secure.gravatar.com\\\/avatar\\\/7ca3206950207cc3cb48feec56a8a7898741ab725c368d99d5d7a5a50aab80c6?s=96&d=mm&r=g\",\"contentUrl\":\"https:\\\/\\\/secure.gravatar.com\\\/avatar\\\/7ca3206950207cc3cb48feec56a8a7898741ab725c368d99d5d7a5a50aab80c6?s=96&d=mm&r=g\",\"caption\":\"Thales Brand\u00e3o\"},\"description\":\"Editor Executivo do Portal CidadeMarketing.com.br &gt; Mestre em Comunica\u00e7\u00e3o e Sociedade pela Universidade Federal de Sergipe. Possui MBA Executivo em Administra\u00e7\u00e3o com \u00eanfase em Marketing pela Funda\u00e7\u00e3o Get\u00falio Vargas - Rio de Janeiro. Consultor, Palestrante e Pesquisador sobre Empreendedorismo, Marketing, Redes Sociais e Neg\u00f3cios Digitais. Professor, Palestrante TedxTalks e Campus Party. Twitter: @ThalesBrandao\",\"sameAs\":[\"http:\\\/\\\/www.mandacaru.com.br\",\"https:\\\/\\\/www.facebook.com\\\/thalesbrandao\",\"http:\\\/\\\/www.instagram.com.br\\\/thalesbrandaoferreira\",\"https:\\\/\\\/www.linkedin.com\\\/in\\\/thales-brand\u00e3o-3948609\\\/\",\"https:\\\/\\\/x.com\\\/http:\\\/\\\/www.twitter.com\\\/thalesbrandao\"],\"url\":\"https:\\\/\\\/www.cidademarketing.com.br\\\/marketing\\\/author\\\/thalesbrandao\\\/\"}]}<\/script>\n<!-- \/ Yoast SEO plugin. -->","yoast_head_json":{"title":"JCDecaux assume opera\u00e7\u00e3o de m\u00eddia do metr\u00f4 da Bahia - CidadeMarketing","robots":{"index":"index","follow":"follow","max-snippet":"max-snippet:-1","max-image-preview":"max-image-preview:large","max-video-preview":"max-video-preview:-1"},"canonical":"https:\/\/www.cidademarketing.com.br\/marketing\/2023\/01\/19\/jcdecaux-assume-operacao-de-midia-do-metro-da-bahia\/","og_locale":"pt_BR","og_type":"article","og_title":"JCDecaux assume opera\u00e7\u00e3o de m\u00eddia do metr\u00f4 da Bahia - CidadeMarketing","og_description":"A JCDecaux, l\u00edder mundial em m\u00eddia Out-of-Home, anuncia a assinatura de contrato de 10 anos com a concession\u00e1ria CCR Metr\u00f4 Bahia para assumir a opera\u00e7\u00e3o publicit\u00e1ria nas duas linhas de metr\u00f4 em Salvador (BA) \u2013 a Linha 1-Vermelha e Linha 2-Azul. A parceria come\u00e7a a valer a partir de mar\u00e7o de 2023 e d\u00e1 continuidade [&hellip;]","og_url":"https:\/\/www.cidademarketing.com.br\/marketing\/2023\/01\/19\/jcdecaux-assume-operacao-de-midia-do-metro-da-bahia\/","og_site_name":"CidadeMarketing","article_publisher":"https:\/\/www.facebook.com\/portalcidademarketing","article_author":"https:\/\/www.facebook.com\/thalesbrandao","article_published_time":"2023-01-20T02:07:48+00:00","og_image":[{"width":757,"height":385,"url":"https:\/\/www.cidademarketing.com.br\/marketing\/wp-content\/uploads\/2023\/01\/jcdecaux.jpg","type":"image\/jpeg"}],"author":"Thales Brand\u00e3o","twitter_card":"summary_large_image","twitter_creator":"@http:\/\/www.twitter.com\/thalesbrandao","twitter_site":"@CidadeMarketing","twitter_misc":{"Escrito por":"Thales Brand\u00e3o","Est. tempo de leitura":"3 minutos"},"schema":{"@context":"https:\/\/schema.org","@graph":[{"@type":"Article","@id":"https:\/\/www.cidademarketing.com.br\/marketing\/2023\/01\/19\/jcdecaux-assume-operacao-de-midia-do-metro-da-bahia\/#article","isPartOf":{"@id":"https:\/\/www.cidademarketing.com.br\/marketing\/2023\/01\/19\/jcdecaux-assume-operacao-de-midia-do-metro-da-bahia\/"},"author":{"name":"Thales Brand\u00e3o","@id":"https:\/\/www.cidademarketing.com.br\/marketing\/#\/schema\/person\/02daff9f18bd9378c9e01eb6b2db155f"},"headline":"JCDecaux assume opera\u00e7\u00e3o de m\u00eddia do metr\u00f4 da Bahia","datePublished":"2023-01-20T02:07:48+00:00","mainEntityOfPage":{"@id":"https:\/\/www.cidademarketing.com.br\/marketing\/2023\/01\/19\/jcdecaux-assume-operacao-de-midia-do-metro-da-bahia\/"},"wordCount":704,"commentCount":0,"publisher":{"@id":"https:\/\/www.cidademarketing.com.br\/marketing\/#organization"},"image":{"@id":"https:\/\/www.cidademarketing.com.br\/marketing\/2023\/01\/19\/jcdecaux-assume-operacao-de-midia-do-metro-da-bahia\/#primaryimage"},"thumbnailUrl":"https:\/\/www.cidademarketing.com.br\/marketing\/wp-content\/uploads\/2023\/01\/jcdecaux.jpg","keywords":["campanha","estrat\u00e9gia","JCDecaux","marketing","m\u00eddia","Salvador"],"articleSection":["Not\u00edcias"],"inLanguage":"pt-BR","potentialAction":[{"@type":"CommentAction","name":"Comment","target":["https:\/\/www.cidademarketing.com.br\/marketing\/2023\/01\/19\/jcdecaux-assume-operacao-de-midia-do-metro-da-bahia\/#respond"]}]},{"@type":"WebPage","@id":"https:\/\/www.cidademarketing.com.br\/marketing\/2023\/01\/19\/jcdecaux-assume-operacao-de-midia-do-metro-da-bahia\/","url":"https:\/\/www.cidademarketing.com.br\/marketing\/2023\/01\/19\/jcdecaux-assume-operacao-de-midia-do-metro-da-bahia\/","name":"JCDecaux assume opera\u00e7\u00e3o de m\u00eddia do metr\u00f4 da Bahia - CidadeMarketing","isPartOf":{"@id":"https:\/\/www.cidademarketing.com.br\/marketing\/#website"},"primaryImageOfPage":{"@id":"https:\/\/www.cidademarketing.com.br\/marketing\/2023\/01\/19\/jcdecaux-assume-operacao-de-midia-do-metro-da-bahia\/#primaryimage"},"image":{"@id":"https:\/\/www.cidademarketing.com.br\/marketing\/2023\/01\/19\/jcdecaux-assume-operacao-de-midia-do-metro-da-bahia\/#primaryimage"},"thumbnailUrl":"https:\/\/www.cidademarketing.com.br\/marketing\/wp-content\/uploads\/2023\/01\/jcdecaux.jpg","datePublished":"2023-01-20T02:07:48+00:00","breadcrumb":{"@id":"https:\/\/www.cidademarketing.com.br\/marketing\/2023\/01\/19\/jcdecaux-assume-operacao-de-midia-do-metro-da-bahia\/#breadcrumb"},"inLanguage":"pt-BR","potentialAction":[{"@type":"ReadAction","target":["https:\/\/www.cidademarketing.com.br\/marketing\/2023\/01\/19\/jcdecaux-assume-operacao-de-midia-do-metro-da-bahia\/"]}]},{"@type":"ImageObject","inLanguage":"pt-BR","@id":"https:\/\/www.cidademarketing.com.br\/marketing\/2023\/01\/19\/jcdecaux-assume-operacao-de-midia-do-metro-da-bahia\/#primaryimage","url":"https:\/\/www.cidademarketing.com.br\/marketing\/wp-content\/uploads\/2023\/01\/jcdecaux.jpg","contentUrl":"https:\/\/www.cidademarketing.com.br\/marketing\/wp-content\/uploads\/2023\/01\/jcdecaux.jpg","width":757,"height":385,"caption":"Divulga\u00e7\u00e3o"},{"@type":"BreadcrumbList","@id":"https:\/\/www.cidademarketing.com.br\/marketing\/2023\/01\/19\/jcdecaux-assume-operacao-de-midia-do-metro-da-bahia\/#breadcrumb","itemListElement":[{"@type":"ListItem","position":1,"name":"In\u00edcio","item":"https:\/\/www.cidademarketing.com.br\/marketing\/"},{"@type":"ListItem","position":2,"name":"JCDecaux assume opera\u00e7\u00e3o de m\u00eddia do metr\u00f4 da Bahia"}]},{"@type":"WebSite","@id":"https:\/\/www.cidademarketing.com.br\/marketing\/#website","url":"https:\/\/www.cidademarketing.com.br\/marketing\/","name":"CidadeMarketing","description":"Somos um ve\u00edculo de comunica\u00e7\u00e3o de destaque no Brasil, reconhecido por conte\u00fados nos segmentos de marketing, empreendedorismo e inova\u00e7\u00e3o.","publisher":{"@id":"https:\/\/www.cidademarketing.com.br\/marketing\/#organization"},"alternateName":"CidadeMarketing","potentialAction":[{"@type":"SearchAction","target":{"@type":"EntryPoint","urlTemplate":"https:\/\/www.cidademarketing.com.br\/marketing\/?s={search_term_string}"},"query-input":{"@type":"PropertyValueSpecification","valueRequired":true,"valueName":"search_term_string"}}],"inLanguage":"pt-BR"},{"@type":"Organization","@id":"https:\/\/www.cidademarketing.com.br\/marketing\/#organization","name":"CidadeMarketing","alternateName":"CidadeMarketing","url":"https:\/\/www.cidademarketing.com.br\/marketing\/","logo":{"@type":"ImageObject","inLanguage":"pt-BR","@id":"https:\/\/www.cidademarketing.com.br\/marketing\/#\/schema\/logo\/image\/","url":"https:\/\/www.cidademarketing.com.br\/marketing\/wp-content\/uploads\/2020\/01\/cidademarketing_marca_mobile.png","contentUrl":"https:\/\/www.cidademarketing.com.br\/marketing\/wp-content\/uploads\/2020\/01\/cidademarketing_marca_mobile.png","width":230,"height":92,"caption":"CidadeMarketing"},"image":{"@id":"https:\/\/www.cidademarketing.com.br\/marketing\/#\/schema\/logo\/image\/"},"sameAs":["https:\/\/www.facebook.com\/portalcidademarketing","https:\/\/x.com\/CidadeMarketing","https:\/\/www.instagram.com\/cidademarketing\/"]},{"@type":"Person","@id":"https:\/\/www.cidademarketing.com.br\/marketing\/#\/schema\/person\/02daff9f18bd9378c9e01eb6b2db155f","name":"Thales Brand\u00e3o","image":{"@type":"ImageObject","inLanguage":"pt-BR","@id":"https:\/\/secure.gravatar.com\/avatar\/7ca3206950207cc3cb48feec56a8a7898741ab725c368d99d5d7a5a50aab80c6?s=96&d=mm&r=g","url":"https:\/\/secure.gravatar.com\/avatar\/7ca3206950207cc3cb48feec56a8a7898741ab725c368d99d5d7a5a50aab80c6?s=96&d=mm&r=g","contentUrl":"https:\/\/secure.gravatar.com\/avatar\/7ca3206950207cc3cb48feec56a8a7898741ab725c368d99d5d7a5a50aab80c6?s=96&d=mm&r=g","caption":"Thales Brand\u00e3o"},"description":"Editor Executivo do Portal CidadeMarketing.com.br &gt; Mestre em Comunica\u00e7\u00e3o e Sociedade pela Universidade Federal de Sergipe. Possui MBA Executivo em Administra\u00e7\u00e3o com \u00eanfase em Marketing pela Funda\u00e7\u00e3o Get\u00falio Vargas - Rio de Janeiro. Consultor, Palestrante e Pesquisador sobre Empreendedorismo, Marketing, Redes Sociais e Neg\u00f3cios Digitais. Professor, Palestrante TedxTalks e Campus Party. Twitter: @ThalesBrandao","sameAs":["http:\/\/www.mandacaru.com.br","https:\/\/www.facebook.com\/thalesbrandao","http:\/\/www.instagram.com.br\/thalesbrandaoferreira","https:\/\/www.linkedin.com\/in\/thales-brand\u00e3o-3948609\/","https:\/\/x.com\/http:\/\/www.twitter.com\/thalesbrandao"],"url":"https:\/\/www.cidademarketing.com.br\/marketing\/author\/thalesbrandao\/"}]}},"amp_enabled":true,"_links":{"self":[{"href":"https:\/\/www.cidademarketing.com.br\/marketing\/wp-json\/wp\/v2\/posts\/42519","targetHints":{"allow":["GET"]}}],"collection":[{"href":"https:\/\/www.cidademarketing.com.br\/marketing\/wp-json\/wp\/v2\/posts"}],"about":[{"href":"https:\/\/www.cidademarketing.com.br\/marketing\/wp-json\/wp\/v2\/types\/post"}],"author":[{"embeddable":true,"href":"https:\/\/www.cidademarketing.com.br\/marketing\/wp-json\/wp\/v2\/users\/1"}],"replies":[{"embeddable":true,"href":"https:\/\/www.cidademarketing.com.br\/marketing\/wp-json\/wp\/v2\/comments?post=42519"}],"version-history":[{"count":1,"href":"https:\/\/www.cidademarketing.com.br\/marketing\/wp-json\/wp\/v2\/posts\/42519\/revisions"}],"predecessor-version":[{"id":42521,"href":"https:\/\/www.cidademarketing.com.br\/marketing\/wp-json\/wp\/v2\/posts\/42519\/revisions\/42521"}],"wp:featuredmedia":[{"embeddable":true,"href":"https:\/\/www.cidademarketing.com.br\/marketing\/wp-json\/wp\/v2\/media\/42520"}],"wp:attachment":[{"href":"https:\/\/www.cidademarketing.com.br\/marketing\/wp-json\/wp\/v2\/media?parent=42519"}],"wp:term":[{"taxonomy":"category","embeddable":true,"href":"https:\/\/www.cidademarketing.com.br\/marketing\/wp-json\/wp\/v2\/categories?post=42519"},{"taxonomy":"post_tag","embeddable":true,"href":"https:\/\/www.cidademarketing.com.br\/marketing\/wp-json\/wp\/v2\/tags?post=42519"}],"curies":[{"name":"wp","href":"https:\/\/api.w.org\/{rel}","templated":true}]}}