{"id":42468,"date":"2023-01-18T18:06:36","date_gmt":"2023-01-18T21:06:36","guid":{"rendered":"https:\/\/www.cidademarketing.com.br\/marketing\/?p=42468"},"modified":"2023-01-18T18:06:36","modified_gmt":"2023-01-18T21:06:36","slug":"pague-menos-patrocina-bbb-com-acoes-no-site-e-redes-sociais-da-tv-globo","status":"publish","type":"post","link":"https:\/\/www.cidademarketing.com.br\/marketing\/2023\/01\/18\/pague-menos-patrocina-bbb-com-acoes-no-site-e-redes-sociais-da-tv-globo\/","title":{"rendered":"Pague Menos patrocina BBB com a\u00e7\u00f5es no site e redes sociais da TV Globo"},"content":{"rendered":"<p>A casa mais vigiada do Brasil estreou oficialmente nesta segunda-feira (16\/1), e a Pague Menos estar\u00e1 junto, pela primeira vez, para divulgar mais sa\u00fade e bem-estar para todos os p\u00fablicos que acompanham a atra\u00e7\u00e3o. Desde a estreia da casa de vidro, a rede de farm\u00e1cias, primeira a patrocinar o maior reality show do Brasil, j\u00e1 liberou superofertas tanto nos canais digitais da Pague Menos quanto nas lojas da marca. E para quem acha que o dinamismo ficar\u00e1 apenas restrito ao reality, vale acompanhar as promo\u00e7\u00f5es exclusivas todas as semanas durante a 23\u00aa edi\u00e7\u00e3o do programa. A Pague Menos adquiriu a cota Brother de patroc\u00ednio, que prev\u00ea a\u00e7\u00f5es dentro da casa, inser\u00e7\u00f5es em intervalos comerciais na TV Globo e Multishow, al\u00e9m de ativa\u00e7\u00f5es no site globo e redes sociais. A parceria, que faz parte da estrat\u00e9gia de aumento de brand awareness da empresa, consolida o conhecimento da rede no Norte e Nordeste e aumenta ainda mais a visibilidade da marca no Sul, Sudeste e Centro-oeste.<\/p>\n<p><iframe title=\"Spotify Embed: Podcast CidadeMarketing\" style=\"border-radius: 12px\" width=\"100%\" height=\"152\" frameborder=\"0\" allowfullscreen allow=\"autoplay; clipboard-write; encrypted-media; fullscreen; picture-in-picture\" loading=\"lazy\" src=\"https:\/\/open.spotify.com\/embed\/show\/4khMKzP3FgFRWVwb73xicc?si=252fe5bff2b34909&#038;utm_source=oembed\"><\/iframe><\/p>\n<p>A iniciativa faz com que a omnicanalidade da companhia extrapole os canais j\u00e1 fortemente estabelecidos pela rede e chegue tamb\u00e9m na televis\u00e3o, consolidando o conceito da marca nas regi\u00f5es onde a empresa est\u00e1 expandindo. \u201cA Pague Menos oferece uma experi\u00eancia exclusiva aos seus clientes durante a jornada de compra e, por isso, consideramos que a parceria com o \u2018Big Brother Brasil\u2019 tem total sinergia com a empresa. O programa promove viv\u00eancias e experi\u00eancias \u00fanicas para quem est\u00e1 dentro da casa e para o telespectador e, nada melhor do que uma empresa como a nossa, que sabe fazer isso com maestria no dia a dia, participar deste grande momento\u201d, afirma Renato Camargo, VP de Customer Experience da Pague Menos.<\/p>\n<p>E n\u00e3o \u00e9 apenas na casa mais vigiada do Brasil que a Pague Menos est\u00e1 no centro dos olhares; a primeira rede de farm\u00e1cias a estar presente em todos os estados do Pa\u00eds e no Distrito Federal tem o maior canal de YouTube no segmento farmac\u00eautico do mundo. A companhia tem desenvolvido cada vez mais solu\u00e7\u00f5es inovadoras para impactar a jornada dos consumidores e tornar esta experi\u00eancia um processo intuitivo e diferenciado, levando conte\u00fado de qualidade e promovendo discuss\u00f5es sobre temas que realmente impactam a sociedade. Com esse direcionamento, anunciou recentemente a digitaliza\u00e7\u00e3o total da Plataforma Sempre Bem, no ar h\u00e1 14 anos, oferecendo conte\u00fado mais aprofundado e repleto de informa\u00e7\u00f5es educacionais, prezando pela promo\u00e7\u00e3o da sa\u00fade e bem-estar. Em outra a\u00e7\u00e3o in\u00e9dita no varejo, tamb\u00e9m lan\u00e7ou o podcast PodSempre, que oferece conte\u00fados sobre sa\u00fade, beleza, qualidade de vida e comportamento.<\/p>\n<p>Sempre associada \u00e0 sa\u00fade e, principalmente, \u00e0 capacidade de promover ao seu target momentos repletos de alegria, a marca \u00e9 tradicionalmente conhecida por realizar ativa\u00e7\u00f5es que tragam essa repercuss\u00e3o positiva, como o patroc\u00ednio da Sele\u00e7\u00e3o Brasileira de Futebol &#8212; masculina e feminina &#8212; e de diversas micaretas, a organiza\u00e7\u00e3o do Circuito de Corridas Pague Menos e, principalmente, empoderar as mulheres por meio do Encontro de Mulheres Pague Menos.<\/p>\n<p><iframe style=\"width: 100%; max-width: 660px; overflow: hidden; background: transparent;\" src=\"https:\/\/embed.podcasts.apple.com\/br\/podcast\/podcast-cidademarketing\/id1371923283\" height=\"450\" frameborder=\"0\" sandbox=\"allow-forms allow-popups allow-same-origin allow-scripts allow-storage-access-by-user-activation allow-top-navigation-by-user-activation\"><\/iframe><\/p>\n","protected":false},"excerpt":{"rendered":"<p>A casa mais vigiada do Brasil estreou oficialmente nesta segunda-feira (16\/1), e a Pague Menos estar\u00e1 junto, pela primeira vez, para divulgar mais sa\u00fade e bem-estar para todos os p\u00fablicos que acompanham a atra\u00e7\u00e3o. Desde a estreia da casa de vidro, a rede de farm\u00e1cias, primeira a patrocinar o maior reality show do Brasil, j\u00e1 [&hellip;]<\/p>\n","protected":false},"author":1,"featured_media":39487,"comment_status":"open","ping_status":"open","sticky":false,"template":"","format":"standard","meta":{"tdm_status":"","tdm_grid_status":"","footnotes":""},"categories":[11,6],"tags":[1022,5790,33,28,26,472,447],"class_list":["post-42468","post","type-post","status-publish","format-standard","has-post-thumbnail","hentry","category-digital","category-noticias","tag-bbb","tag-bbb23","tag-estrategia","tag-marketing","tag-marketing-digital","tag-pague-menos","tag-patrocinio"],"yoast_head":"<!-- This site is optimized with the Yoast SEO plugin v27.5 - https:\/\/yoast.com\/product\/yoast-seo-wordpress\/ -->\n<title>Pague Menos patrocina BBB com a\u00e7\u00f5es no site e redes sociais da TV Globo - CidadeMarketing<\/title>\n<meta name=\"robots\" content=\"index, follow, max-snippet:-1, max-image-preview:large, max-video-preview:-1\" \/>\n<link rel=\"canonical\" href=\"https:\/\/www.cidademarketing.com.br\/marketing\/2023\/01\/18\/pague-menos-patrocina-bbb-com-acoes-no-site-e-redes-sociais-da-tv-globo\/\" \/>\n<meta property=\"og:locale\" content=\"pt_BR\" \/>\n<meta property=\"og:type\" content=\"article\" \/>\n<meta property=\"og:title\" content=\"Pague Menos patrocina BBB com a\u00e7\u00f5es no site e redes sociais da TV Globo - CidadeMarketing\" \/>\n<meta property=\"og:description\" content=\"A casa mais vigiada do Brasil estreou oficialmente nesta segunda-feira (16\/1), e a Pague Menos estar\u00e1 junto, pela primeira vez, para divulgar mais sa\u00fade e bem-estar para todos os p\u00fablicos que acompanham a atra\u00e7\u00e3o. Desde a estreia da casa de vidro, a rede de farm\u00e1cias, primeira a patrocinar o maior reality show do Brasil, j\u00e1 [&hellip;]\" \/>\n<meta property=\"og:url\" content=\"https:\/\/www.cidademarketing.com.br\/marketing\/2023\/01\/18\/pague-menos-patrocina-bbb-com-acoes-no-site-e-redes-sociais-da-tv-globo\/\" \/>\n<meta property=\"og:site_name\" content=\"CidadeMarketing\" \/>\n<meta property=\"article:publisher\" content=\"https:\/\/www.facebook.com\/portalcidademarketing\" \/>\n<meta property=\"article:author\" content=\"https:\/\/www.facebook.com\/thalesbrandao\" \/>\n<meta property=\"article:published_time\" content=\"2023-01-18T21:06:36+00:00\" \/>\n<meta property=\"og:image\" content=\"https:\/\/www.cidademarketing.com.br\/marketing\/wp-content\/uploads\/2022\/11\/paguemenos.jpg\" \/>\n\t<meta property=\"og:image:width\" content=\"800\" \/>\n\t<meta property=\"og:image:height\" content=\"534\" \/>\n\t<meta property=\"og:image:type\" content=\"image\/jpeg\" \/>\n<meta name=\"author\" content=\"Thales Brand\u00e3o\" \/>\n<meta name=\"twitter:card\" content=\"summary_large_image\" \/>\n<meta name=\"twitter:creator\" content=\"@http:\/\/www.twitter.com\/thalesbrandao\" \/>\n<meta name=\"twitter:site\" content=\"@CidadeMarketing\" \/>\n<meta name=\"twitter:label1\" content=\"Escrito por\" \/>\n\t<meta name=\"twitter:data1\" content=\"Thales Brand\u00e3o\" \/>\n\t<meta name=\"twitter:label2\" content=\"Est. tempo de leitura\" \/>\n\t<meta name=\"twitter:data2\" content=\"3 minutos\" \/>\n<script type=\"application\/ld+json\" class=\"yoast-schema-graph\">{\"@context\":\"https:\\\/\\\/schema.org\",\"@graph\":[{\"@type\":\"Article\",\"@id\":\"https:\\\/\\\/www.cidademarketing.com.br\\\/marketing\\\/2023\\\/01\\\/18\\\/pague-menos-patrocina-bbb-com-acoes-no-site-e-redes-sociais-da-tv-globo\\\/#article\",\"isPartOf\":{\"@id\":\"https:\\\/\\\/www.cidademarketing.com.br\\\/marketing\\\/2023\\\/01\\\/18\\\/pague-menos-patrocina-bbb-com-acoes-no-site-e-redes-sociais-da-tv-globo\\\/\"},\"author\":{\"name\":\"Thales Brand\u00e3o\",\"@id\":\"https:\\\/\\\/www.cidademarketing.com.br\\\/marketing\\\/#\\\/schema\\\/person\\\/02daff9f18bd9378c9e01eb6b2db155f\"},\"headline\":\"Pague Menos patrocina BBB com a\u00e7\u00f5es no site e redes sociais da TV Globo\",\"datePublished\":\"2023-01-18T21:06:36+00:00\",\"mainEntityOfPage\":{\"@id\":\"https:\\\/\\\/www.cidademarketing.com.br\\\/marketing\\\/2023\\\/01\\\/18\\\/pague-menos-patrocina-bbb-com-acoes-no-site-e-redes-sociais-da-tv-globo\\\/\"},\"wordCount\":556,\"commentCount\":0,\"publisher\":{\"@id\":\"https:\\\/\\\/www.cidademarketing.com.br\\\/marketing\\\/#organization\"},\"image\":{\"@id\":\"https:\\\/\\\/www.cidademarketing.com.br\\\/marketing\\\/2023\\\/01\\\/18\\\/pague-menos-patrocina-bbb-com-acoes-no-site-e-redes-sociais-da-tv-globo\\\/#primaryimage\"},\"thumbnailUrl\":\"https:\\\/\\\/www.cidademarketing.com.br\\\/marketing\\\/wp-content\\\/uploads\\\/2022\\\/11\\\/paguemenos.jpg\",\"keywords\":[\"BBB\",\"BBB23\",\"estrat\u00e9gia\",\"marketing\",\"marketing digital\",\"Pague Menos\",\"patroc\u00ednio\"],\"articleSection\":[\"Digital\",\"Not\u00edcias\"],\"inLanguage\":\"pt-BR\",\"potentialAction\":[{\"@type\":\"CommentAction\",\"name\":\"Comment\",\"target\":[\"https:\\\/\\\/www.cidademarketing.com.br\\\/marketing\\\/2023\\\/01\\\/18\\\/pague-menos-patrocina-bbb-com-acoes-no-site-e-redes-sociais-da-tv-globo\\\/#respond\"]}]},{\"@type\":\"WebPage\",\"@id\":\"https:\\\/\\\/www.cidademarketing.com.br\\\/marketing\\\/2023\\\/01\\\/18\\\/pague-menos-patrocina-bbb-com-acoes-no-site-e-redes-sociais-da-tv-globo\\\/\",\"url\":\"https:\\\/\\\/www.cidademarketing.com.br\\\/marketing\\\/2023\\\/01\\\/18\\\/pague-menos-patrocina-bbb-com-acoes-no-site-e-redes-sociais-da-tv-globo\\\/\",\"name\":\"Pague Menos patrocina BBB com a\u00e7\u00f5es no site e redes sociais da TV Globo - CidadeMarketing\",\"isPartOf\":{\"@id\":\"https:\\\/\\\/www.cidademarketing.com.br\\\/marketing\\\/#website\"},\"primaryImageOfPage\":{\"@id\":\"https:\\\/\\\/www.cidademarketing.com.br\\\/marketing\\\/2023\\\/01\\\/18\\\/pague-menos-patrocina-bbb-com-acoes-no-site-e-redes-sociais-da-tv-globo\\\/#primaryimage\"},\"image\":{\"@id\":\"https:\\\/\\\/www.cidademarketing.com.br\\\/marketing\\\/2023\\\/01\\\/18\\\/pague-menos-patrocina-bbb-com-acoes-no-site-e-redes-sociais-da-tv-globo\\\/#primaryimage\"},\"thumbnailUrl\":\"https:\\\/\\\/www.cidademarketing.com.br\\\/marketing\\\/wp-content\\\/uploads\\\/2022\\\/11\\\/paguemenos.jpg\",\"datePublished\":\"2023-01-18T21:06:36+00:00\",\"breadcrumb\":{\"@id\":\"https:\\\/\\\/www.cidademarketing.com.br\\\/marketing\\\/2023\\\/01\\\/18\\\/pague-menos-patrocina-bbb-com-acoes-no-site-e-redes-sociais-da-tv-globo\\\/#breadcrumb\"},\"inLanguage\":\"pt-BR\",\"potentialAction\":[{\"@type\":\"ReadAction\",\"target\":[\"https:\\\/\\\/www.cidademarketing.com.br\\\/marketing\\\/2023\\\/01\\\/18\\\/pague-menos-patrocina-bbb-com-acoes-no-site-e-redes-sociais-da-tv-globo\\\/\"]}]},{\"@type\":\"ImageObject\",\"inLanguage\":\"pt-BR\",\"@id\":\"https:\\\/\\\/www.cidademarketing.com.br\\\/marketing\\\/2023\\\/01\\\/18\\\/pague-menos-patrocina-bbb-com-acoes-no-site-e-redes-sociais-da-tv-globo\\\/#primaryimage\",\"url\":\"https:\\\/\\\/www.cidademarketing.com.br\\\/marketing\\\/wp-content\\\/uploads\\\/2022\\\/11\\\/paguemenos.jpg\",\"contentUrl\":\"https:\\\/\\\/www.cidademarketing.com.br\\\/marketing\\\/wp-content\\\/uploads\\\/2022\\\/11\\\/paguemenos.jpg\",\"width\":800,\"height\":534,\"caption\":\"Divulga\u00e7\u00e3o\"},{\"@type\":\"BreadcrumbList\",\"@id\":\"https:\\\/\\\/www.cidademarketing.com.br\\\/marketing\\\/2023\\\/01\\\/18\\\/pague-menos-patrocina-bbb-com-acoes-no-site-e-redes-sociais-da-tv-globo\\\/#breadcrumb\",\"itemListElement\":[{\"@type\":\"ListItem\",\"position\":1,\"name\":\"In\u00edcio\",\"item\":\"https:\\\/\\\/www.cidademarketing.com.br\\\/marketing\\\/\"},{\"@type\":\"ListItem\",\"position\":2,\"name\":\"Pague Menos patrocina BBB com a\u00e7\u00f5es no site e redes sociais da TV Globo\"}]},{\"@type\":\"WebSite\",\"@id\":\"https:\\\/\\\/www.cidademarketing.com.br\\\/marketing\\\/#website\",\"url\":\"https:\\\/\\\/www.cidademarketing.com.br\\\/marketing\\\/\",\"name\":\"CidadeMarketing\",\"description\":\"Somos um ve\u00edculo de comunica\u00e7\u00e3o de destaque no Brasil, reconhecido por conte\u00fados nos segmentos de marketing, empreendedorismo e inova\u00e7\u00e3o.\",\"publisher\":{\"@id\":\"https:\\\/\\\/www.cidademarketing.com.br\\\/marketing\\\/#organization\"},\"alternateName\":\"CidadeMarketing\",\"potentialAction\":[{\"@type\":\"SearchAction\",\"target\":{\"@type\":\"EntryPoint\",\"urlTemplate\":\"https:\\\/\\\/www.cidademarketing.com.br\\\/marketing\\\/?s={search_term_string}\"},\"query-input\":{\"@type\":\"PropertyValueSpecification\",\"valueRequired\":true,\"valueName\":\"search_term_string\"}}],\"inLanguage\":\"pt-BR\"},{\"@type\":\"Organization\",\"@id\":\"https:\\\/\\\/www.cidademarketing.com.br\\\/marketing\\\/#organization\",\"name\":\"CidadeMarketing\",\"alternateName\":\"CidadeMarketing\",\"url\":\"https:\\\/\\\/www.cidademarketing.com.br\\\/marketing\\\/\",\"logo\":{\"@type\":\"ImageObject\",\"inLanguage\":\"pt-BR\",\"@id\":\"https:\\\/\\\/www.cidademarketing.com.br\\\/marketing\\\/#\\\/schema\\\/logo\\\/image\\\/\",\"url\":\"https:\\\/\\\/www.cidademarketing.com.br\\\/marketing\\\/wp-content\\\/uploads\\\/2020\\\/01\\\/cidademarketing_marca_mobile.png\",\"contentUrl\":\"https:\\\/\\\/www.cidademarketing.com.br\\\/marketing\\\/wp-content\\\/uploads\\\/2020\\\/01\\\/cidademarketing_marca_mobile.png\",\"width\":230,\"height\":92,\"caption\":\"CidadeMarketing\"},\"image\":{\"@id\":\"https:\\\/\\\/www.cidademarketing.com.br\\\/marketing\\\/#\\\/schema\\\/logo\\\/image\\\/\"},\"sameAs\":[\"https:\\\/\\\/www.facebook.com\\\/portalcidademarketing\",\"https:\\\/\\\/x.com\\\/CidadeMarketing\",\"https:\\\/\\\/www.instagram.com\\\/cidademarketing\\\/\"]},{\"@type\":\"Person\",\"@id\":\"https:\\\/\\\/www.cidademarketing.com.br\\\/marketing\\\/#\\\/schema\\\/person\\\/02daff9f18bd9378c9e01eb6b2db155f\",\"name\":\"Thales Brand\u00e3o\",\"image\":{\"@type\":\"ImageObject\",\"inLanguage\":\"pt-BR\",\"@id\":\"https:\\\/\\\/secure.gravatar.com\\\/avatar\\\/7ca3206950207cc3cb48feec56a8a7898741ab725c368d99d5d7a5a50aab80c6?s=96&d=mm&r=g\",\"url\":\"https:\\\/\\\/secure.gravatar.com\\\/avatar\\\/7ca3206950207cc3cb48feec56a8a7898741ab725c368d99d5d7a5a50aab80c6?s=96&d=mm&r=g\",\"contentUrl\":\"https:\\\/\\\/secure.gravatar.com\\\/avatar\\\/7ca3206950207cc3cb48feec56a8a7898741ab725c368d99d5d7a5a50aab80c6?s=96&d=mm&r=g\",\"caption\":\"Thales Brand\u00e3o\"},\"description\":\"Editor Executivo do Portal CidadeMarketing.com.br &gt; Mestre em Comunica\u00e7\u00e3o e Sociedade pela Universidade Federal de Sergipe. Possui MBA Executivo em Administra\u00e7\u00e3o com \u00eanfase em Marketing pela Funda\u00e7\u00e3o Get\u00falio Vargas - Rio de Janeiro. Consultor, Palestrante e Pesquisador sobre Empreendedorismo, Marketing, Redes Sociais e Neg\u00f3cios Digitais. Professor, Palestrante TedxTalks e Campus Party. Twitter: @ThalesBrandao\",\"sameAs\":[\"http:\\\/\\\/www.mandacaru.com.br\",\"https:\\\/\\\/www.facebook.com\\\/thalesbrandao\",\"http:\\\/\\\/www.instagram.com.br\\\/thalesbrandaoferreira\",\"https:\\\/\\\/www.linkedin.com\\\/in\\\/thales-brand\u00e3o-3948609\\\/\",\"https:\\\/\\\/x.com\\\/http:\\\/\\\/www.twitter.com\\\/thalesbrandao\"],\"url\":\"https:\\\/\\\/www.cidademarketing.com.br\\\/marketing\\\/author\\\/thalesbrandao\\\/\"}]}<\/script>\n<!-- \/ Yoast SEO plugin. -->","yoast_head_json":{"title":"Pague Menos patrocina BBB com a\u00e7\u00f5es no site e redes sociais da TV Globo - CidadeMarketing","robots":{"index":"index","follow":"follow","max-snippet":"max-snippet:-1","max-image-preview":"max-image-preview:large","max-video-preview":"max-video-preview:-1"},"canonical":"https:\/\/www.cidademarketing.com.br\/marketing\/2023\/01\/18\/pague-menos-patrocina-bbb-com-acoes-no-site-e-redes-sociais-da-tv-globo\/","og_locale":"pt_BR","og_type":"article","og_title":"Pague Menos patrocina BBB com a\u00e7\u00f5es no site e redes sociais da TV Globo - CidadeMarketing","og_description":"A casa mais vigiada do Brasil estreou oficialmente nesta segunda-feira (16\/1), e a Pague Menos estar\u00e1 junto, pela primeira vez, para divulgar mais sa\u00fade e bem-estar para todos os p\u00fablicos que acompanham a atra\u00e7\u00e3o. Desde a estreia da casa de vidro, a rede de farm\u00e1cias, primeira a patrocinar o maior reality show do Brasil, j\u00e1 [&hellip;]","og_url":"https:\/\/www.cidademarketing.com.br\/marketing\/2023\/01\/18\/pague-menos-patrocina-bbb-com-acoes-no-site-e-redes-sociais-da-tv-globo\/","og_site_name":"CidadeMarketing","article_publisher":"https:\/\/www.facebook.com\/portalcidademarketing","article_author":"https:\/\/www.facebook.com\/thalesbrandao","article_published_time":"2023-01-18T21:06:36+00:00","og_image":[{"width":800,"height":534,"url":"https:\/\/www.cidademarketing.com.br\/marketing\/wp-content\/uploads\/2022\/11\/paguemenos.jpg","type":"image\/jpeg"}],"author":"Thales Brand\u00e3o","twitter_card":"summary_large_image","twitter_creator":"@http:\/\/www.twitter.com\/thalesbrandao","twitter_site":"@CidadeMarketing","twitter_misc":{"Escrito por":"Thales Brand\u00e3o","Est. tempo de leitura":"3 minutos"},"schema":{"@context":"https:\/\/schema.org","@graph":[{"@type":"Article","@id":"https:\/\/www.cidademarketing.com.br\/marketing\/2023\/01\/18\/pague-menos-patrocina-bbb-com-acoes-no-site-e-redes-sociais-da-tv-globo\/#article","isPartOf":{"@id":"https:\/\/www.cidademarketing.com.br\/marketing\/2023\/01\/18\/pague-menos-patrocina-bbb-com-acoes-no-site-e-redes-sociais-da-tv-globo\/"},"author":{"name":"Thales Brand\u00e3o","@id":"https:\/\/www.cidademarketing.com.br\/marketing\/#\/schema\/person\/02daff9f18bd9378c9e01eb6b2db155f"},"headline":"Pague Menos patrocina BBB com a\u00e7\u00f5es no site e redes sociais da TV Globo","datePublished":"2023-01-18T21:06:36+00:00","mainEntityOfPage":{"@id":"https:\/\/www.cidademarketing.com.br\/marketing\/2023\/01\/18\/pague-menos-patrocina-bbb-com-acoes-no-site-e-redes-sociais-da-tv-globo\/"},"wordCount":556,"commentCount":0,"publisher":{"@id":"https:\/\/www.cidademarketing.com.br\/marketing\/#organization"},"image":{"@id":"https:\/\/www.cidademarketing.com.br\/marketing\/2023\/01\/18\/pague-menos-patrocina-bbb-com-acoes-no-site-e-redes-sociais-da-tv-globo\/#primaryimage"},"thumbnailUrl":"https:\/\/www.cidademarketing.com.br\/marketing\/wp-content\/uploads\/2022\/11\/paguemenos.jpg","keywords":["BBB","BBB23","estrat\u00e9gia","marketing","marketing digital","Pague Menos","patroc\u00ednio"],"articleSection":["Digital","Not\u00edcias"],"inLanguage":"pt-BR","potentialAction":[{"@type":"CommentAction","name":"Comment","target":["https:\/\/www.cidademarketing.com.br\/marketing\/2023\/01\/18\/pague-menos-patrocina-bbb-com-acoes-no-site-e-redes-sociais-da-tv-globo\/#respond"]}]},{"@type":"WebPage","@id":"https:\/\/www.cidademarketing.com.br\/marketing\/2023\/01\/18\/pague-menos-patrocina-bbb-com-acoes-no-site-e-redes-sociais-da-tv-globo\/","url":"https:\/\/www.cidademarketing.com.br\/marketing\/2023\/01\/18\/pague-menos-patrocina-bbb-com-acoes-no-site-e-redes-sociais-da-tv-globo\/","name":"Pague Menos patrocina BBB com a\u00e7\u00f5es no site e redes sociais da TV Globo - CidadeMarketing","isPartOf":{"@id":"https:\/\/www.cidademarketing.com.br\/marketing\/#website"},"primaryImageOfPage":{"@id":"https:\/\/www.cidademarketing.com.br\/marketing\/2023\/01\/18\/pague-menos-patrocina-bbb-com-acoes-no-site-e-redes-sociais-da-tv-globo\/#primaryimage"},"image":{"@id":"https:\/\/www.cidademarketing.com.br\/marketing\/2023\/01\/18\/pague-menos-patrocina-bbb-com-acoes-no-site-e-redes-sociais-da-tv-globo\/#primaryimage"},"thumbnailUrl":"https:\/\/www.cidademarketing.com.br\/marketing\/wp-content\/uploads\/2022\/11\/paguemenos.jpg","datePublished":"2023-01-18T21:06:36+00:00","breadcrumb":{"@id":"https:\/\/www.cidademarketing.com.br\/marketing\/2023\/01\/18\/pague-menos-patrocina-bbb-com-acoes-no-site-e-redes-sociais-da-tv-globo\/#breadcrumb"},"inLanguage":"pt-BR","potentialAction":[{"@type":"ReadAction","target":["https:\/\/www.cidademarketing.com.br\/marketing\/2023\/01\/18\/pague-menos-patrocina-bbb-com-acoes-no-site-e-redes-sociais-da-tv-globo\/"]}]},{"@type":"ImageObject","inLanguage":"pt-BR","@id":"https:\/\/www.cidademarketing.com.br\/marketing\/2023\/01\/18\/pague-menos-patrocina-bbb-com-acoes-no-site-e-redes-sociais-da-tv-globo\/#primaryimage","url":"https:\/\/www.cidademarketing.com.br\/marketing\/wp-content\/uploads\/2022\/11\/paguemenos.jpg","contentUrl":"https:\/\/www.cidademarketing.com.br\/marketing\/wp-content\/uploads\/2022\/11\/paguemenos.jpg","width":800,"height":534,"caption":"Divulga\u00e7\u00e3o"},{"@type":"BreadcrumbList","@id":"https:\/\/www.cidademarketing.com.br\/marketing\/2023\/01\/18\/pague-menos-patrocina-bbb-com-acoes-no-site-e-redes-sociais-da-tv-globo\/#breadcrumb","itemListElement":[{"@type":"ListItem","position":1,"name":"In\u00edcio","item":"https:\/\/www.cidademarketing.com.br\/marketing\/"},{"@type":"ListItem","position":2,"name":"Pague Menos patrocina BBB com a\u00e7\u00f5es no site e redes sociais da TV Globo"}]},{"@type":"WebSite","@id":"https:\/\/www.cidademarketing.com.br\/marketing\/#website","url":"https:\/\/www.cidademarketing.com.br\/marketing\/","name":"CidadeMarketing","description":"Somos um ve\u00edculo de comunica\u00e7\u00e3o de destaque no Brasil, reconhecido por conte\u00fados nos segmentos de marketing, empreendedorismo e inova\u00e7\u00e3o.","publisher":{"@id":"https:\/\/www.cidademarketing.com.br\/marketing\/#organization"},"alternateName":"CidadeMarketing","potentialAction":[{"@type":"SearchAction","target":{"@type":"EntryPoint","urlTemplate":"https:\/\/www.cidademarketing.com.br\/marketing\/?s={search_term_string}"},"query-input":{"@type":"PropertyValueSpecification","valueRequired":true,"valueName":"search_term_string"}}],"inLanguage":"pt-BR"},{"@type":"Organization","@id":"https:\/\/www.cidademarketing.com.br\/marketing\/#organization","name":"CidadeMarketing","alternateName":"CidadeMarketing","url":"https:\/\/www.cidademarketing.com.br\/marketing\/","logo":{"@type":"ImageObject","inLanguage":"pt-BR","@id":"https:\/\/www.cidademarketing.com.br\/marketing\/#\/schema\/logo\/image\/","url":"https:\/\/www.cidademarketing.com.br\/marketing\/wp-content\/uploads\/2020\/01\/cidademarketing_marca_mobile.png","contentUrl":"https:\/\/www.cidademarketing.com.br\/marketing\/wp-content\/uploads\/2020\/01\/cidademarketing_marca_mobile.png","width":230,"height":92,"caption":"CidadeMarketing"},"image":{"@id":"https:\/\/www.cidademarketing.com.br\/marketing\/#\/schema\/logo\/image\/"},"sameAs":["https:\/\/www.facebook.com\/portalcidademarketing","https:\/\/x.com\/CidadeMarketing","https:\/\/www.instagram.com\/cidademarketing\/"]},{"@type":"Person","@id":"https:\/\/www.cidademarketing.com.br\/marketing\/#\/schema\/person\/02daff9f18bd9378c9e01eb6b2db155f","name":"Thales Brand\u00e3o","image":{"@type":"ImageObject","inLanguage":"pt-BR","@id":"https:\/\/secure.gravatar.com\/avatar\/7ca3206950207cc3cb48feec56a8a7898741ab725c368d99d5d7a5a50aab80c6?s=96&d=mm&r=g","url":"https:\/\/secure.gravatar.com\/avatar\/7ca3206950207cc3cb48feec56a8a7898741ab725c368d99d5d7a5a50aab80c6?s=96&d=mm&r=g","contentUrl":"https:\/\/secure.gravatar.com\/avatar\/7ca3206950207cc3cb48feec56a8a7898741ab725c368d99d5d7a5a50aab80c6?s=96&d=mm&r=g","caption":"Thales Brand\u00e3o"},"description":"Editor Executivo do Portal CidadeMarketing.com.br &gt; Mestre em Comunica\u00e7\u00e3o e Sociedade pela Universidade Federal de Sergipe. Possui MBA Executivo em Administra\u00e7\u00e3o com \u00eanfase em Marketing pela Funda\u00e7\u00e3o Get\u00falio Vargas - Rio de Janeiro. Consultor, Palestrante e Pesquisador sobre Empreendedorismo, Marketing, Redes Sociais e Neg\u00f3cios Digitais. Professor, Palestrante TedxTalks e Campus Party. Twitter: @ThalesBrandao","sameAs":["http:\/\/www.mandacaru.com.br","https:\/\/www.facebook.com\/thalesbrandao","http:\/\/www.instagram.com.br\/thalesbrandaoferreira","https:\/\/www.linkedin.com\/in\/thales-brand\u00e3o-3948609\/","https:\/\/x.com\/http:\/\/www.twitter.com\/thalesbrandao"],"url":"https:\/\/www.cidademarketing.com.br\/marketing\/author\/thalesbrandao\/"}]}},"amp_enabled":true,"_links":{"self":[{"href":"https:\/\/www.cidademarketing.com.br\/marketing\/wp-json\/wp\/v2\/posts\/42468","targetHints":{"allow":["GET"]}}],"collection":[{"href":"https:\/\/www.cidademarketing.com.br\/marketing\/wp-json\/wp\/v2\/posts"}],"about":[{"href":"https:\/\/www.cidademarketing.com.br\/marketing\/wp-json\/wp\/v2\/types\/post"}],"author":[{"embeddable":true,"href":"https:\/\/www.cidademarketing.com.br\/marketing\/wp-json\/wp\/v2\/users\/1"}],"replies":[{"embeddable":true,"href":"https:\/\/www.cidademarketing.com.br\/marketing\/wp-json\/wp\/v2\/comments?post=42468"}],"version-history":[{"count":1,"href":"https:\/\/www.cidademarketing.com.br\/marketing\/wp-json\/wp\/v2\/posts\/42468\/revisions"}],"predecessor-version":[{"id":42469,"href":"https:\/\/www.cidademarketing.com.br\/marketing\/wp-json\/wp\/v2\/posts\/42468\/revisions\/42469"}],"wp:featuredmedia":[{"embeddable":true,"href":"https:\/\/www.cidademarketing.com.br\/marketing\/wp-json\/wp\/v2\/media\/39487"}],"wp:attachment":[{"href":"https:\/\/www.cidademarketing.com.br\/marketing\/wp-json\/wp\/v2\/media?parent=42468"}],"wp:term":[{"taxonomy":"category","embeddable":true,"href":"https:\/\/www.cidademarketing.com.br\/marketing\/wp-json\/wp\/v2\/categories?post=42468"},{"taxonomy":"post_tag","embeddable":true,"href":"https:\/\/www.cidademarketing.com.br\/marketing\/wp-json\/wp\/v2\/tags?post=42468"}],"curies":[{"name":"wp","href":"https:\/\/api.w.org\/{rel}","templated":true}]}}