{"id":42459,"date":"2023-01-18T10:39:53","date_gmt":"2023-01-18T13:39:53","guid":{"rendered":"https:\/\/www.cidademarketing.com.br\/marketing\/?p=42459"},"modified":"2023-01-18T10:39:53","modified_gmt":"2023-01-18T13:39:53","slug":"estacio-estreia-campanha-entrou-brilhou-durante-o-intervalo-do-bbb-23","status":"publish","type":"post","link":"https:\/\/www.cidademarketing.com.br\/marketing\/2023\/01\/18\/estacio-estreia-campanha-entrou-brilhou-durante-o-intervalo-do-bbb-23\/","title":{"rendered":"Est\u00e1cio estreia campanha \u201cEntrou, brilhou\u201d durante o intervalo do BBB 23"},"content":{"rendered":"<p>Em nova campanha da Est\u00e1cio, a apresentadora Ana Clara destaca a transforma\u00e7\u00e3o de vida &#8211; para melhor &#8211; dos estudantes que ingressam na institui\u00e7\u00e3o de ensino. O filme, que tem o mote &#8220;Entrou, brilhou&#8221;, traz a apresentadora atuando como rep\u00f3rter em um dos campi da Est\u00e1cio para apresentar as modernas instala\u00e7\u00f5es da institui\u00e7\u00e3o. Utilizando uma linguagem jovem que traduz a inova\u00e7\u00e3o, solidez e credibilidade da Est\u00e1cio, a comunica\u00e7\u00e3o mostra os laborat\u00f3rios e ofertas exclusivas da institui\u00e7\u00e3o.<\/p>\n<p><iframe title=\"Spotify Embed: Podcast CidadeMarketing\" style=\"border-radius: 12px\" width=\"100%\" height=\"152\" frameborder=\"0\" allowfullscreen allow=\"autoplay; clipboard-write; encrypted-media; fullscreen; picture-in-picture\" loading=\"lazy\" src=\"https:\/\/open.spotify.com\/embed\/show\/4khMKzP3FgFRWVwb73xicc?si=252fe5bff2b34909&#038;utm_source=oembed\"><\/iframe><\/p>\n<p>Eduardo Guedes, diretor de Marketing da Est\u00e1cio, destaca as novidades para 2023. \u201cNossa nova campanha para 2023 tem o objetivo de mostrar os principais atributos, diferenciais e vantagens ao estudar na Est\u00e1cio. Nossos campi receberam investimentos em infraestrutura e conectividade e est\u00e3o preparados para as novas demandas no mundo atual\u201d.<\/p>\n<p>A Est\u00e1cio \u00e9 uma institui\u00e7\u00e3o reconhecida pela excel\u00eancia acad\u00eamica, com um corpo docente formado por doutores, mestres e especialistas, oferece um portf\u00f3lio completo de cursos em diversos formatos e tem um compromisso com a ascens\u00e3o social e a empregabilidade dos alunos. Para os alunos formados, possuir um diploma reconhecido nacionalmente \u00e9 um grande diferencial no mercado de trabalho.<\/p>\n<p>\u201cNossa institui\u00e7\u00e3o \u00e9 fortemente reconhecida no mercado nacional, pela qualidade, infraestrutura e modernidade do ensino e por formar profissionais capacitados\u201d, complementa Eduardo.<\/p>\n<p>A campanha, criada pela Artplan, ser\u00e1 lan\u00e7ada no dia 16 de janeiro, no intervalo do Reality Show, transmitido pela TV Globo, com veicula\u00e7\u00e3o na TV, OOH, r\u00e1dio e m\u00eddias digitais. &#8220;Trouxemos a Ana Clara por ela ter um perfil direto e pr\u00f3ximo do p\u00fablico. Em nossa campanha, ela utiliza sua habilidade de rep\u00f3rter para mostrar a infraestrutura da Est\u00e1cio, que \u00e9 completa e atende a todas as necessidades dos alunos\u201d, comenta Marcello Noronha, diretor executivo de Cria\u00e7\u00e3o da Artplan RJ.<\/p>\n<p>Ao todo s\u00e3o mais de 10 filmes para TV e digital. A campanha revela bastidores e hist\u00f3rias dos alunos brilhando na faculdade. Na comunica\u00e7\u00e3o, a Est\u00e1cio traz ofertas especiais para o aluno entrar de uma vez na faculdade. Mais informa\u00e7\u00f5es sobre as ofertas podem ser consultadas no regulamento da promo\u00e7\u00e3o, presentes no site e nas redes sociais da institui\u00e7\u00e3o.<\/p>\n<div class=\"youtube-embed\" data-video_id=\"gKUvKY-6x_Y\"><iframe title=\"Entrou, brilhou na Est\u00e1cio\" width=\"640\" height=\"360\" src=\"https:\/\/www.youtube.com\/embed\/gKUvKY-6x_Y?feature=oembed&#038;enablejsapi=1\" frameborder=\"0\" allow=\"accelerometer; autoplay; clipboard-write; encrypted-media; gyroscope; picture-in-picture; web-share\" referrerpolicy=\"strict-origin-when-cross-origin\" allowfullscreen><\/iframe><\/div>\n<p>Ficha T\u00e9cnica<\/p>\n<p>Ag\u00eancia: Artplan<br \/>\nAnunciante: Est\u00e1cio<br \/>\nCampanha: Entrou, Brilhou<br \/>\nECD: Marcello Noronha<br \/>\nDire\u00e7\u00e3o de Cria\u00e7\u00e3o: Marcello Noronha, Felippe Mendon\u00e7a e Eric Ribeiro<br \/>\nCria\u00e7\u00e3o: Felippe Mendon\u00e7a, Eric Ribeiro, Marcelo Holanda, Amanda Perlingeiro, Pedo Chaves, David Romanetto e Gabriel Gil.<br \/>\nDire\u00e7\u00e3o Geral: Ana Paula S\u00e1nchez<br \/>\nDire\u00e7\u00e3o Geral de Atendimento: Cristiana Miranda<br \/>\nDiretora de Conta: Priscilla Fran\u00e7a<br \/>\nAtendimento: Rachel Selouan, Alana Mello, Hinah Trindade<br \/>\nDire\u00e7\u00e3o de Planejamento: Paula Lagrotta<br \/>\nPlanejamento: Aline Freitas<br \/>\nGerente de Projeto: Cristiane Vianna e Aurora Blotta<br \/>\nDiretor de Creative Data: Eduardo Sumi<br \/>\nBI: Carolina Amorim<br \/>\nDiretora Geral de M\u00eddia RJ: Sabrina Frota<br \/>\nDiretor de N\u00facleo: Thiago Valente<br \/>\nDiretora de Conta: Samantha Rodrigues<br \/>\nAprova\u00e7\u00e3o do Cliente: Eduardo Guedes, Renata Rudge, Renata Veloso<br \/>\nGerente Nacional de RTVC: Felipe Cunha<br \/>\nRTV: Angela Felicio e Karoline Justino<br \/>\nProdutora de Filme: CINE<br \/>\nProdutora de \u00c1udio: LOUD +<\/p>\n<p><iframe style=\"width: 100%; max-width: 660px; overflow: hidden; background: transparent;\" src=\"https:\/\/embed.podcasts.apple.com\/br\/podcast\/podcast-cidademarketing\/id1371923283\" height=\"450\" frameborder=\"0\" sandbox=\"allow-forms allow-popups allow-same-origin allow-scripts allow-storage-access-by-user-activation allow-top-navigation-by-user-activation\"><\/iframe><\/p>\n","protected":false},"excerpt":{"rendered":"<p>Em nova campanha da Est\u00e1cio, a apresentadora Ana Clara destaca a transforma\u00e7\u00e3o de vida &#8211; para melhor &#8211; dos estudantes que ingressam na institui\u00e7\u00e3o de ensino. O filme, que tem o mote &#8220;Entrou, brilhou&#8221;, traz a apresentadora atuando como rep\u00f3rter em um dos campi da Est\u00e1cio para apresentar as modernas instala\u00e7\u00f5es da institui\u00e7\u00e3o. Utilizando uma [&hellip;]<\/p>\n","protected":false},"author":1,"featured_media":42460,"comment_status":"open","ping_status":"open","sticky":false,"template":"","format":"standard","meta":{"tdm_status":"","tdm_grid_status":"","footnotes":""},"categories":[6],"tags":[1022,5790,3838,65,307,33,28,66],"class_list":["post-42459","post","type-post","status-publish","format-standard","has-post-thumbnail","hentry","category-noticias","tag-bbb","tag-bbb23","tag-big-brother-brasil","tag-campanha","tag-estacio","tag-estrategia","tag-marketing","tag-propaganda"],"yoast_head":"<!-- This site is optimized with the Yoast SEO plugin v27.5 - https:\/\/yoast.com\/product\/yoast-seo-wordpress\/ -->\n<title>Est\u00e1cio estreia campanha \u201cEntrou, brilhou\u201d durante o intervalo do BBB 23 - CidadeMarketing<\/title>\n<meta name=\"robots\" content=\"index, follow, max-snippet:-1, max-image-preview:large, max-video-preview:-1\" \/>\n<link rel=\"canonical\" href=\"https:\/\/www.cidademarketing.com.br\/marketing\/2023\/01\/18\/estacio-estreia-campanha-entrou-brilhou-durante-o-intervalo-do-bbb-23\/\" \/>\n<meta property=\"og:locale\" content=\"pt_BR\" \/>\n<meta property=\"og:type\" content=\"article\" \/>\n<meta property=\"og:title\" content=\"Est\u00e1cio estreia campanha \u201cEntrou, brilhou\u201d durante o intervalo do BBB 23 - CidadeMarketing\" \/>\n<meta property=\"og:description\" content=\"Em nova campanha da Est\u00e1cio, a apresentadora Ana Clara destaca a transforma\u00e7\u00e3o de vida &#8211; para melhor &#8211; dos estudantes que ingressam na institui\u00e7\u00e3o de ensino. O filme, que tem o mote &#8220;Entrou, brilhou&#8221;, traz a apresentadora atuando como rep\u00f3rter em um dos campi da Est\u00e1cio para apresentar as modernas instala\u00e7\u00f5es da institui\u00e7\u00e3o. Utilizando uma [&hellip;]\" \/>\n<meta property=\"og:url\" content=\"https:\/\/www.cidademarketing.com.br\/marketing\/2023\/01\/18\/estacio-estreia-campanha-entrou-brilhou-durante-o-intervalo-do-bbb-23\/\" \/>\n<meta property=\"og:site_name\" content=\"CidadeMarketing\" \/>\n<meta property=\"article:publisher\" content=\"https:\/\/www.facebook.com\/portalcidademarketing\" \/>\n<meta property=\"article:author\" content=\"https:\/\/www.facebook.com\/thalesbrandao\" \/>\n<meta property=\"article:published_time\" content=\"2023-01-18T13:39:53+00:00\" \/>\n<meta property=\"og:image\" content=\"https:\/\/www.cidademarketing.com.br\/marketing\/wp-content\/uploads\/2023\/01\/Estacio_bb3.jpg\" \/>\n\t<meta property=\"og:image:width\" content=\"1920\" \/>\n\t<meta property=\"og:image:height\" content=\"1080\" \/>\n\t<meta property=\"og:image:type\" content=\"image\/jpeg\" \/>\n<meta name=\"author\" content=\"Thales Brand\u00e3o\" \/>\n<meta name=\"twitter:card\" content=\"summary_large_image\" \/>\n<meta name=\"twitter:creator\" content=\"@http:\/\/www.twitter.com\/thalesbrandao\" \/>\n<meta name=\"twitter:site\" content=\"@CidadeMarketing\" \/>\n<meta name=\"twitter:label1\" content=\"Escrito por\" \/>\n\t<meta name=\"twitter:data1\" content=\"Thales Brand\u00e3o\" \/>\n\t<meta name=\"twitter:label2\" content=\"Est. tempo de leitura\" \/>\n\t<meta name=\"twitter:data2\" content=\"3 minutos\" \/>\n<script type=\"application\/ld+json\" class=\"yoast-schema-graph\">{\"@context\":\"https:\\\/\\\/schema.org\",\"@graph\":[{\"@type\":\"Article\",\"@id\":\"https:\\\/\\\/www.cidademarketing.com.br\\\/marketing\\\/2023\\\/01\\\/18\\\/estacio-estreia-campanha-entrou-brilhou-durante-o-intervalo-do-bbb-23\\\/#article\",\"isPartOf\":{\"@id\":\"https:\\\/\\\/www.cidademarketing.com.br\\\/marketing\\\/2023\\\/01\\\/18\\\/estacio-estreia-campanha-entrou-brilhou-durante-o-intervalo-do-bbb-23\\\/\"},\"author\":{\"name\":\"Thales Brand\u00e3o\",\"@id\":\"https:\\\/\\\/www.cidademarketing.com.br\\\/marketing\\\/#\\\/schema\\\/person\\\/02daff9f18bd9378c9e01eb6b2db155f\"},\"headline\":\"Est\u00e1cio estreia campanha \u201cEntrou, brilhou\u201d durante o intervalo do BBB 23\",\"datePublished\":\"2023-01-18T13:39:53+00:00\",\"mainEntityOfPage\":{\"@id\":\"https:\\\/\\\/www.cidademarketing.com.br\\\/marketing\\\/2023\\\/01\\\/18\\\/estacio-estreia-campanha-entrou-brilhou-durante-o-intervalo-do-bbb-23\\\/\"},\"wordCount\":559,\"commentCount\":0,\"publisher\":{\"@id\":\"https:\\\/\\\/www.cidademarketing.com.br\\\/marketing\\\/#organization\"},\"image\":{\"@id\":\"https:\\\/\\\/www.cidademarketing.com.br\\\/marketing\\\/2023\\\/01\\\/18\\\/estacio-estreia-campanha-entrou-brilhou-durante-o-intervalo-do-bbb-23\\\/#primaryimage\"},\"thumbnailUrl\":\"https:\\\/\\\/www.cidademarketing.com.br\\\/marketing\\\/wp-content\\\/uploads\\\/2023\\\/01\\\/Estacio_bb3.jpg\",\"keywords\":[\"BBB\",\"BBB23\",\"Big Brother Brasil\",\"campanha\",\"Est\u00e1cio\",\"estrat\u00e9gia\",\"marketing\",\"propaganda\"],\"articleSection\":[\"Not\u00edcias\"],\"inLanguage\":\"pt-BR\",\"potentialAction\":[{\"@type\":\"CommentAction\",\"name\":\"Comment\",\"target\":[\"https:\\\/\\\/www.cidademarketing.com.br\\\/marketing\\\/2023\\\/01\\\/18\\\/estacio-estreia-campanha-entrou-brilhou-durante-o-intervalo-do-bbb-23\\\/#respond\"]}]},{\"@type\":\"WebPage\",\"@id\":\"https:\\\/\\\/www.cidademarketing.com.br\\\/marketing\\\/2023\\\/01\\\/18\\\/estacio-estreia-campanha-entrou-brilhou-durante-o-intervalo-do-bbb-23\\\/\",\"url\":\"https:\\\/\\\/www.cidademarketing.com.br\\\/marketing\\\/2023\\\/01\\\/18\\\/estacio-estreia-campanha-entrou-brilhou-durante-o-intervalo-do-bbb-23\\\/\",\"name\":\"Est\u00e1cio estreia campanha \u201cEntrou, brilhou\u201d durante o intervalo do BBB 23 - CidadeMarketing\",\"isPartOf\":{\"@id\":\"https:\\\/\\\/www.cidademarketing.com.br\\\/marketing\\\/#website\"},\"primaryImageOfPage\":{\"@id\":\"https:\\\/\\\/www.cidademarketing.com.br\\\/marketing\\\/2023\\\/01\\\/18\\\/estacio-estreia-campanha-entrou-brilhou-durante-o-intervalo-do-bbb-23\\\/#primaryimage\"},\"image\":{\"@id\":\"https:\\\/\\\/www.cidademarketing.com.br\\\/marketing\\\/2023\\\/01\\\/18\\\/estacio-estreia-campanha-entrou-brilhou-durante-o-intervalo-do-bbb-23\\\/#primaryimage\"},\"thumbnailUrl\":\"https:\\\/\\\/www.cidademarketing.com.br\\\/marketing\\\/wp-content\\\/uploads\\\/2023\\\/01\\\/Estacio_bb3.jpg\",\"datePublished\":\"2023-01-18T13:39:53+00:00\",\"breadcrumb\":{\"@id\":\"https:\\\/\\\/www.cidademarketing.com.br\\\/marketing\\\/2023\\\/01\\\/18\\\/estacio-estreia-campanha-entrou-brilhou-durante-o-intervalo-do-bbb-23\\\/#breadcrumb\"},\"inLanguage\":\"pt-BR\",\"potentialAction\":[{\"@type\":\"ReadAction\",\"target\":[\"https:\\\/\\\/www.cidademarketing.com.br\\\/marketing\\\/2023\\\/01\\\/18\\\/estacio-estreia-campanha-entrou-brilhou-durante-o-intervalo-do-bbb-23\\\/\"]}]},{\"@type\":\"ImageObject\",\"inLanguage\":\"pt-BR\",\"@id\":\"https:\\\/\\\/www.cidademarketing.com.br\\\/marketing\\\/2023\\\/01\\\/18\\\/estacio-estreia-campanha-entrou-brilhou-durante-o-intervalo-do-bbb-23\\\/#primaryimage\",\"url\":\"https:\\\/\\\/www.cidademarketing.com.br\\\/marketing\\\/wp-content\\\/uploads\\\/2023\\\/01\\\/Estacio_bb3.jpg\",\"contentUrl\":\"https:\\\/\\\/www.cidademarketing.com.br\\\/marketing\\\/wp-content\\\/uploads\\\/2023\\\/01\\\/Estacio_bb3.jpg\",\"width\":1920,\"height\":1080,\"caption\":\"Reprodu\u00e7\u00e3o\"},{\"@type\":\"BreadcrumbList\",\"@id\":\"https:\\\/\\\/www.cidademarketing.com.br\\\/marketing\\\/2023\\\/01\\\/18\\\/estacio-estreia-campanha-entrou-brilhou-durante-o-intervalo-do-bbb-23\\\/#breadcrumb\",\"itemListElement\":[{\"@type\":\"ListItem\",\"position\":1,\"name\":\"In\u00edcio\",\"item\":\"https:\\\/\\\/www.cidademarketing.com.br\\\/marketing\\\/\"},{\"@type\":\"ListItem\",\"position\":2,\"name\":\"Est\u00e1cio estreia campanha \u201cEntrou, brilhou\u201d durante o intervalo do BBB 23\"}]},{\"@type\":\"WebSite\",\"@id\":\"https:\\\/\\\/www.cidademarketing.com.br\\\/marketing\\\/#website\",\"url\":\"https:\\\/\\\/www.cidademarketing.com.br\\\/marketing\\\/\",\"name\":\"CidadeMarketing\",\"description\":\"Somos um ve\u00edculo de comunica\u00e7\u00e3o de destaque no Brasil, reconhecido por conte\u00fados nos segmentos de marketing, empreendedorismo e inova\u00e7\u00e3o.\",\"publisher\":{\"@id\":\"https:\\\/\\\/www.cidademarketing.com.br\\\/marketing\\\/#organization\"},\"alternateName\":\"CidadeMarketing\",\"potentialAction\":[{\"@type\":\"SearchAction\",\"target\":{\"@type\":\"EntryPoint\",\"urlTemplate\":\"https:\\\/\\\/www.cidademarketing.com.br\\\/marketing\\\/?s={search_term_string}\"},\"query-input\":{\"@type\":\"PropertyValueSpecification\",\"valueRequired\":true,\"valueName\":\"search_term_string\"}}],\"inLanguage\":\"pt-BR\"},{\"@type\":\"Organization\",\"@id\":\"https:\\\/\\\/www.cidademarketing.com.br\\\/marketing\\\/#organization\",\"name\":\"CidadeMarketing\",\"alternateName\":\"CidadeMarketing\",\"url\":\"https:\\\/\\\/www.cidademarketing.com.br\\\/marketing\\\/\",\"logo\":{\"@type\":\"ImageObject\",\"inLanguage\":\"pt-BR\",\"@id\":\"https:\\\/\\\/www.cidademarketing.com.br\\\/marketing\\\/#\\\/schema\\\/logo\\\/image\\\/\",\"url\":\"https:\\\/\\\/www.cidademarketing.com.br\\\/marketing\\\/wp-content\\\/uploads\\\/2020\\\/01\\\/cidademarketing_marca_mobile.png\",\"contentUrl\":\"https:\\\/\\\/www.cidademarketing.com.br\\\/marketing\\\/wp-content\\\/uploads\\\/2020\\\/01\\\/cidademarketing_marca_mobile.png\",\"width\":230,\"height\":92,\"caption\":\"CidadeMarketing\"},\"image\":{\"@id\":\"https:\\\/\\\/www.cidademarketing.com.br\\\/marketing\\\/#\\\/schema\\\/logo\\\/image\\\/\"},\"sameAs\":[\"https:\\\/\\\/www.facebook.com\\\/portalcidademarketing\",\"https:\\\/\\\/x.com\\\/CidadeMarketing\",\"https:\\\/\\\/www.instagram.com\\\/cidademarketing\\\/\"]},{\"@type\":\"Person\",\"@id\":\"https:\\\/\\\/www.cidademarketing.com.br\\\/marketing\\\/#\\\/schema\\\/person\\\/02daff9f18bd9378c9e01eb6b2db155f\",\"name\":\"Thales Brand\u00e3o\",\"image\":{\"@type\":\"ImageObject\",\"inLanguage\":\"pt-BR\",\"@id\":\"https:\\\/\\\/secure.gravatar.com\\\/avatar\\\/7ca3206950207cc3cb48feec56a8a7898741ab725c368d99d5d7a5a50aab80c6?s=96&d=mm&r=g\",\"url\":\"https:\\\/\\\/secure.gravatar.com\\\/avatar\\\/7ca3206950207cc3cb48feec56a8a7898741ab725c368d99d5d7a5a50aab80c6?s=96&d=mm&r=g\",\"contentUrl\":\"https:\\\/\\\/secure.gravatar.com\\\/avatar\\\/7ca3206950207cc3cb48feec56a8a7898741ab725c368d99d5d7a5a50aab80c6?s=96&d=mm&r=g\",\"caption\":\"Thales Brand\u00e3o\"},\"description\":\"Editor Executivo do Portal CidadeMarketing.com.br &gt; Mestre em Comunica\u00e7\u00e3o e Sociedade pela Universidade Federal de Sergipe. Possui MBA Executivo em Administra\u00e7\u00e3o com \u00eanfase em Marketing pela Funda\u00e7\u00e3o Get\u00falio Vargas - Rio de Janeiro. Consultor, Palestrante e Pesquisador sobre Empreendedorismo, Marketing, Redes Sociais e Neg\u00f3cios Digitais. Professor, Palestrante TedxTalks e Campus Party. Twitter: @ThalesBrandao\",\"sameAs\":[\"http:\\\/\\\/www.mandacaru.com.br\",\"https:\\\/\\\/www.facebook.com\\\/thalesbrandao\",\"http:\\\/\\\/www.instagram.com.br\\\/thalesbrandaoferreira\",\"https:\\\/\\\/www.linkedin.com\\\/in\\\/thales-brand\u00e3o-3948609\\\/\",\"https:\\\/\\\/x.com\\\/http:\\\/\\\/www.twitter.com\\\/thalesbrandao\"],\"url\":\"https:\\\/\\\/www.cidademarketing.com.br\\\/marketing\\\/author\\\/thalesbrandao\\\/\"}]}<\/script>\n<!-- \/ Yoast SEO plugin. -->","yoast_head_json":{"title":"Est\u00e1cio estreia campanha \u201cEntrou, brilhou\u201d durante o intervalo do BBB 23 - CidadeMarketing","robots":{"index":"index","follow":"follow","max-snippet":"max-snippet:-1","max-image-preview":"max-image-preview:large","max-video-preview":"max-video-preview:-1"},"canonical":"https:\/\/www.cidademarketing.com.br\/marketing\/2023\/01\/18\/estacio-estreia-campanha-entrou-brilhou-durante-o-intervalo-do-bbb-23\/","og_locale":"pt_BR","og_type":"article","og_title":"Est\u00e1cio estreia campanha \u201cEntrou, brilhou\u201d durante o intervalo do BBB 23 - CidadeMarketing","og_description":"Em nova campanha da Est\u00e1cio, a apresentadora Ana Clara destaca a transforma\u00e7\u00e3o de vida &#8211; para melhor &#8211; dos estudantes que ingressam na institui\u00e7\u00e3o de ensino. O filme, que tem o mote &#8220;Entrou, brilhou&#8221;, traz a apresentadora atuando como rep\u00f3rter em um dos campi da Est\u00e1cio para apresentar as modernas instala\u00e7\u00f5es da institui\u00e7\u00e3o. Utilizando uma [&hellip;]","og_url":"https:\/\/www.cidademarketing.com.br\/marketing\/2023\/01\/18\/estacio-estreia-campanha-entrou-brilhou-durante-o-intervalo-do-bbb-23\/","og_site_name":"CidadeMarketing","article_publisher":"https:\/\/www.facebook.com\/portalcidademarketing","article_author":"https:\/\/www.facebook.com\/thalesbrandao","article_published_time":"2023-01-18T13:39:53+00:00","og_image":[{"width":1920,"height":1080,"url":"https:\/\/www.cidademarketing.com.br\/marketing\/wp-content\/uploads\/2023\/01\/Estacio_bb3.jpg","type":"image\/jpeg"}],"author":"Thales Brand\u00e3o","twitter_card":"summary_large_image","twitter_creator":"@http:\/\/www.twitter.com\/thalesbrandao","twitter_site":"@CidadeMarketing","twitter_misc":{"Escrito por":"Thales Brand\u00e3o","Est. tempo de leitura":"3 minutos"},"schema":{"@context":"https:\/\/schema.org","@graph":[{"@type":"Article","@id":"https:\/\/www.cidademarketing.com.br\/marketing\/2023\/01\/18\/estacio-estreia-campanha-entrou-brilhou-durante-o-intervalo-do-bbb-23\/#article","isPartOf":{"@id":"https:\/\/www.cidademarketing.com.br\/marketing\/2023\/01\/18\/estacio-estreia-campanha-entrou-brilhou-durante-o-intervalo-do-bbb-23\/"},"author":{"name":"Thales Brand\u00e3o","@id":"https:\/\/www.cidademarketing.com.br\/marketing\/#\/schema\/person\/02daff9f18bd9378c9e01eb6b2db155f"},"headline":"Est\u00e1cio estreia campanha \u201cEntrou, brilhou\u201d durante o intervalo do BBB 23","datePublished":"2023-01-18T13:39:53+00:00","mainEntityOfPage":{"@id":"https:\/\/www.cidademarketing.com.br\/marketing\/2023\/01\/18\/estacio-estreia-campanha-entrou-brilhou-durante-o-intervalo-do-bbb-23\/"},"wordCount":559,"commentCount":0,"publisher":{"@id":"https:\/\/www.cidademarketing.com.br\/marketing\/#organization"},"image":{"@id":"https:\/\/www.cidademarketing.com.br\/marketing\/2023\/01\/18\/estacio-estreia-campanha-entrou-brilhou-durante-o-intervalo-do-bbb-23\/#primaryimage"},"thumbnailUrl":"https:\/\/www.cidademarketing.com.br\/marketing\/wp-content\/uploads\/2023\/01\/Estacio_bb3.jpg","keywords":["BBB","BBB23","Big Brother Brasil","campanha","Est\u00e1cio","estrat\u00e9gia","marketing","propaganda"],"articleSection":["Not\u00edcias"],"inLanguage":"pt-BR","potentialAction":[{"@type":"CommentAction","name":"Comment","target":["https:\/\/www.cidademarketing.com.br\/marketing\/2023\/01\/18\/estacio-estreia-campanha-entrou-brilhou-durante-o-intervalo-do-bbb-23\/#respond"]}]},{"@type":"WebPage","@id":"https:\/\/www.cidademarketing.com.br\/marketing\/2023\/01\/18\/estacio-estreia-campanha-entrou-brilhou-durante-o-intervalo-do-bbb-23\/","url":"https:\/\/www.cidademarketing.com.br\/marketing\/2023\/01\/18\/estacio-estreia-campanha-entrou-brilhou-durante-o-intervalo-do-bbb-23\/","name":"Est\u00e1cio estreia campanha \u201cEntrou, brilhou\u201d durante o intervalo do BBB 23 - CidadeMarketing","isPartOf":{"@id":"https:\/\/www.cidademarketing.com.br\/marketing\/#website"},"primaryImageOfPage":{"@id":"https:\/\/www.cidademarketing.com.br\/marketing\/2023\/01\/18\/estacio-estreia-campanha-entrou-brilhou-durante-o-intervalo-do-bbb-23\/#primaryimage"},"image":{"@id":"https:\/\/www.cidademarketing.com.br\/marketing\/2023\/01\/18\/estacio-estreia-campanha-entrou-brilhou-durante-o-intervalo-do-bbb-23\/#primaryimage"},"thumbnailUrl":"https:\/\/www.cidademarketing.com.br\/marketing\/wp-content\/uploads\/2023\/01\/Estacio_bb3.jpg","datePublished":"2023-01-18T13:39:53+00:00","breadcrumb":{"@id":"https:\/\/www.cidademarketing.com.br\/marketing\/2023\/01\/18\/estacio-estreia-campanha-entrou-brilhou-durante-o-intervalo-do-bbb-23\/#breadcrumb"},"inLanguage":"pt-BR","potentialAction":[{"@type":"ReadAction","target":["https:\/\/www.cidademarketing.com.br\/marketing\/2023\/01\/18\/estacio-estreia-campanha-entrou-brilhou-durante-o-intervalo-do-bbb-23\/"]}]},{"@type":"ImageObject","inLanguage":"pt-BR","@id":"https:\/\/www.cidademarketing.com.br\/marketing\/2023\/01\/18\/estacio-estreia-campanha-entrou-brilhou-durante-o-intervalo-do-bbb-23\/#primaryimage","url":"https:\/\/www.cidademarketing.com.br\/marketing\/wp-content\/uploads\/2023\/01\/Estacio_bb3.jpg","contentUrl":"https:\/\/www.cidademarketing.com.br\/marketing\/wp-content\/uploads\/2023\/01\/Estacio_bb3.jpg","width":1920,"height":1080,"caption":"Reprodu\u00e7\u00e3o"},{"@type":"BreadcrumbList","@id":"https:\/\/www.cidademarketing.com.br\/marketing\/2023\/01\/18\/estacio-estreia-campanha-entrou-brilhou-durante-o-intervalo-do-bbb-23\/#breadcrumb","itemListElement":[{"@type":"ListItem","position":1,"name":"In\u00edcio","item":"https:\/\/www.cidademarketing.com.br\/marketing\/"},{"@type":"ListItem","position":2,"name":"Est\u00e1cio estreia campanha \u201cEntrou, brilhou\u201d durante o intervalo do BBB 23"}]},{"@type":"WebSite","@id":"https:\/\/www.cidademarketing.com.br\/marketing\/#website","url":"https:\/\/www.cidademarketing.com.br\/marketing\/","name":"CidadeMarketing","description":"Somos um ve\u00edculo de comunica\u00e7\u00e3o de destaque no Brasil, reconhecido por conte\u00fados nos segmentos de marketing, empreendedorismo e inova\u00e7\u00e3o.","publisher":{"@id":"https:\/\/www.cidademarketing.com.br\/marketing\/#organization"},"alternateName":"CidadeMarketing","potentialAction":[{"@type":"SearchAction","target":{"@type":"EntryPoint","urlTemplate":"https:\/\/www.cidademarketing.com.br\/marketing\/?s={search_term_string}"},"query-input":{"@type":"PropertyValueSpecification","valueRequired":true,"valueName":"search_term_string"}}],"inLanguage":"pt-BR"},{"@type":"Organization","@id":"https:\/\/www.cidademarketing.com.br\/marketing\/#organization","name":"CidadeMarketing","alternateName":"CidadeMarketing","url":"https:\/\/www.cidademarketing.com.br\/marketing\/","logo":{"@type":"ImageObject","inLanguage":"pt-BR","@id":"https:\/\/www.cidademarketing.com.br\/marketing\/#\/schema\/logo\/image\/","url":"https:\/\/www.cidademarketing.com.br\/marketing\/wp-content\/uploads\/2020\/01\/cidademarketing_marca_mobile.png","contentUrl":"https:\/\/www.cidademarketing.com.br\/marketing\/wp-content\/uploads\/2020\/01\/cidademarketing_marca_mobile.png","width":230,"height":92,"caption":"CidadeMarketing"},"image":{"@id":"https:\/\/www.cidademarketing.com.br\/marketing\/#\/schema\/logo\/image\/"},"sameAs":["https:\/\/www.facebook.com\/portalcidademarketing","https:\/\/x.com\/CidadeMarketing","https:\/\/www.instagram.com\/cidademarketing\/"]},{"@type":"Person","@id":"https:\/\/www.cidademarketing.com.br\/marketing\/#\/schema\/person\/02daff9f18bd9378c9e01eb6b2db155f","name":"Thales Brand\u00e3o","image":{"@type":"ImageObject","inLanguage":"pt-BR","@id":"https:\/\/secure.gravatar.com\/avatar\/7ca3206950207cc3cb48feec56a8a7898741ab725c368d99d5d7a5a50aab80c6?s=96&d=mm&r=g","url":"https:\/\/secure.gravatar.com\/avatar\/7ca3206950207cc3cb48feec56a8a7898741ab725c368d99d5d7a5a50aab80c6?s=96&d=mm&r=g","contentUrl":"https:\/\/secure.gravatar.com\/avatar\/7ca3206950207cc3cb48feec56a8a7898741ab725c368d99d5d7a5a50aab80c6?s=96&d=mm&r=g","caption":"Thales Brand\u00e3o"},"description":"Editor Executivo do Portal CidadeMarketing.com.br &gt; Mestre em Comunica\u00e7\u00e3o e Sociedade pela Universidade Federal de Sergipe. Possui MBA Executivo em Administra\u00e7\u00e3o com \u00eanfase em Marketing pela Funda\u00e7\u00e3o Get\u00falio Vargas - Rio de Janeiro. Consultor, Palestrante e Pesquisador sobre Empreendedorismo, Marketing, Redes Sociais e Neg\u00f3cios Digitais. Professor, Palestrante TedxTalks e Campus Party. Twitter: @ThalesBrandao","sameAs":["http:\/\/www.mandacaru.com.br","https:\/\/www.facebook.com\/thalesbrandao","http:\/\/www.instagram.com.br\/thalesbrandaoferreira","https:\/\/www.linkedin.com\/in\/thales-brand\u00e3o-3948609\/","https:\/\/x.com\/http:\/\/www.twitter.com\/thalesbrandao"],"url":"https:\/\/www.cidademarketing.com.br\/marketing\/author\/thalesbrandao\/"}]}},"amp_enabled":true,"_links":{"self":[{"href":"https:\/\/www.cidademarketing.com.br\/marketing\/wp-json\/wp\/v2\/posts\/42459","targetHints":{"allow":["GET"]}}],"collection":[{"href":"https:\/\/www.cidademarketing.com.br\/marketing\/wp-json\/wp\/v2\/posts"}],"about":[{"href":"https:\/\/www.cidademarketing.com.br\/marketing\/wp-json\/wp\/v2\/types\/post"}],"author":[{"embeddable":true,"href":"https:\/\/www.cidademarketing.com.br\/marketing\/wp-json\/wp\/v2\/users\/1"}],"replies":[{"embeddable":true,"href":"https:\/\/www.cidademarketing.com.br\/marketing\/wp-json\/wp\/v2\/comments?post=42459"}],"version-history":[{"count":1,"href":"https:\/\/www.cidademarketing.com.br\/marketing\/wp-json\/wp\/v2\/posts\/42459\/revisions"}],"predecessor-version":[{"id":42461,"href":"https:\/\/www.cidademarketing.com.br\/marketing\/wp-json\/wp\/v2\/posts\/42459\/revisions\/42461"}],"wp:featuredmedia":[{"embeddable":true,"href":"https:\/\/www.cidademarketing.com.br\/marketing\/wp-json\/wp\/v2\/media\/42460"}],"wp:attachment":[{"href":"https:\/\/www.cidademarketing.com.br\/marketing\/wp-json\/wp\/v2\/media?parent=42459"}],"wp:term":[{"taxonomy":"category","embeddable":true,"href":"https:\/\/www.cidademarketing.com.br\/marketing\/wp-json\/wp\/v2\/categories?post=42459"},{"taxonomy":"post_tag","embeddable":true,"href":"https:\/\/www.cidademarketing.com.br\/marketing\/wp-json\/wp\/v2\/tags?post=42459"}],"curies":[{"name":"wp","href":"https:\/\/api.w.org\/{rel}","templated":true}]}}