{"id":42452,"date":"2023-01-18T09:11:08","date_gmt":"2023-01-18T12:11:08","guid":{"rendered":"https:\/\/www.cidademarketing.com.br\/marketing\/?p=42452"},"modified":"2023-01-18T09:11:08","modified_gmt":"2023-01-18T12:11:08","slug":"em-campanha-com-marcos-mion-tim-live-passa-a-se-chamar-tim-ultrafibra","status":"publish","type":"post","link":"https:\/\/www.cidademarketing.com.br\/marketing\/2023\/01\/18\/em-campanha-com-marcos-mion-tim-live-passa-a-se-chamar-tim-ultrafibra\/","title":{"rendered":"Em campanha com Marcos Mion, TIM Live passa a se chamar TIM UltraFibra"},"content":{"rendered":"<p>A ultrabanda larga fixa da TIM mudou: agora, TIM Live chama-se TIM UltraFibra. E a novidade marca o in\u00edcio de um per\u00edodo de grande expans\u00e3o do servi\u00e7o, eleito seis vezes como a melhor banda larga do Brasil. A mudan\u00e7a de nome tem objetivo de aproximar ainda mais o servi\u00e7o dos consumidores, gerando uma associa\u00e7\u00e3o imediata ao seu atributo de alt\u00edssima velocidade de download e upload.<\/p>\n<p><iframe title=\"Spotify Embed: Podcast CidadeMarketing\" style=\"border-radius: 12px\" width=\"100%\" height=\"152\" frameborder=\"0\" allowfullscreen allow=\"autoplay; clipboard-write; encrypted-media; fullscreen; picture-in-picture\" loading=\"lazy\" src=\"https:\/\/open.spotify.com\/embed\/show\/4khMKzP3FgFRWVwb73xicc?si=252fe5bff2b34909&#038;utm_source=oembed\"><\/iframe><\/p>\n<p>A ag\u00eancia parceira da operadora, BETC HAVAS, conduziu uma pesquisa em 2022 para entender o cen\u00e1rio de UltraFibra &#8212; reconhecimento da marca e poss\u00edveis novos nomes. Durante a pesquisa foi identificado que o nome TIM Live n\u00e3o era muito reconhecido e um nome que o aproximasse da categoria seria mais relevante. Foi a partir da\u00ed que se identificou a oportunidade de fazer um \u2018rebranding\u2019 do produto.<br \/>\nCom a novidade, uma s\u00e9rie de iniciativas est\u00e1 prevista para consolidar a nova marca junto ao p\u00fablico, seguindo um projeto de evolu\u00e7\u00e3o e expans\u00e3o acelerada do servi\u00e7o para diversas novas pra\u00e7as que ser\u00e3o anunciadas em breve, ao longo do ano. A campanha de m\u00eddia tem \u00e0 frente Marcos Mion, embaixador da TIM desde o ano passado e que, agora, estreia como garoto propaganda da TIM UltraFibra.<\/p>\n<p>Fabio Avellar, Chief Revenue Officer (CRO) da TIM, destaca o novo momento do produto residencial da operadora: \u201cem 2022, fizemos uma pesquisa junto ao mercado e aos consumidores para entender o cen\u00e1rio da ultrabanda larga fixa e percebemos que precis\u00e1vamos de um nome que traduzisse de imediato a qualidade diferenciada do nosso servi\u00e7o. TIM UltraFibra vem cumprir este papel, destacando um dos principais atributos do produto, que \u00e9 a ultra conex\u00e3o da fibra que possibilita a alt\u00edssima velocidade t\u00e3o elogiada pelos nossos clientes. Vamos expandir nossa presen\u00e7a no setor, entregando solu\u00e7\u00f5es que realmente transformem a experi\u00eancia do usu\u00e1rio e nos tornando uma refer\u00eancia ainda mais forte para o mercado brasileiro\u201d.<\/p>\n<p>Campanha com Marcos Mion<br \/>\nPara marcar a nova fase de TIM UltraFibra, a operadora lan\u00e7a uma ampla campanha desenvolvida pela BETC HAVAS. Al\u00e9m da mudan\u00e7a de nome, o destaque \u00e9 a presen\u00e7a de Marcos Mion em sua primeira a\u00e7\u00e3o para a operadora com o produto de ultrabanda larga. Com o mote \u201cSua Casa Ultra\u201d, a comunica\u00e7\u00e3o contar\u00e1 com m\u00eddia regionalizada, em TV, r\u00e1dio, OOH e internet, especialmente em S\u00e3o Paulo e Rio de Janeiro.<br \/>\nO filme para TV se passa em uma casa super conectada. Mion est\u00e1 em uma poltrona que se transforma em assento de montanha russa e entra em um t\u00fanel de ultravelocidade gra\u00e7as \u00e0 TIM UltraFibra. Durante a \u201cviagem\u201d, ele passa por ambientes como uma sala que virou um grande cinema e um quarto gamer, enquanto destaca os atributos de 1 Giga de muita velocidade, os melhores conte\u00fados de entretenimento e estabilidade para jogar online. \u201cMude agora para TIM UltraFibra e deixe sua casa ultra\u201d, \u00e9 o convite que encerra a produ\u00e7\u00e3o.<\/p>\n<div class=\"youtube-embed\" data-video_id=\"QhwXXsymg10\"><iframe title=\"Ultra experi\u00eancias com TIM Ultrafibra\" width=\"640\" height=\"360\" src=\"https:\/\/www.youtube.com\/embed\/QhwXXsymg10?feature=oembed&#038;enablejsapi=1\" frameborder=\"0\" allow=\"accelerometer; autoplay; clipboard-write; encrypted-media; gyroscope; picture-in-picture; web-share\" referrerpolicy=\"strict-origin-when-cross-origin\" allowfullscreen><\/iframe><\/div>\n<p>Ana Paula Castello Branco, Diretora de Comunica\u00e7\u00e3o e Marca da TIM, destaca a presen\u00e7a de Marcos Mion na a\u00e7\u00e3o: \u201c\u00c9 a primeira campanha dele para um produto da companhia depois de uma s\u00e9rie de iniciativas institucionais e focadas na nossa rede m\u00f3vel. Achamos que ele tem a cara da TIM UltraFibra, pela \u2018pegada\u2019 de inova\u00e7\u00e3o, entretenimento e seu forte relacionamento com o p\u00fablico jovem. Estamos felizes com essa primeira campanha do ano, que inaugura uma nova fase de um servi\u00e7o que \u00e9 t\u00e3o importante na nossa estrat\u00e9gia\u201d, comenta a executiva.<br \/>\nFlavia Braga, Diretora de Marcas &amp; Neg\u00f3cios da BETC HAVAS, complementa: \u201cA campanha marca um momento muito importante da TIM com uma virada de \u2018naming\u2019. Enxergamos nessa campanha a possibilidade de, de fato, comunicar de forma mais unificada, sem perder a ess\u00eancia da UltraFibra, mas tamb\u00e9m pegando carona nos atributos de qualidade e inova\u00e7\u00e3o da TIM e ajudando na constru\u00e7\u00e3o da percep\u00e7\u00e3o da TIM como melhor operadora\/operadora mais querida entre os brasileiros.<\/p>\n<p>Presente no Rio de Janeiro, S\u00e3o Paulo, Distrito Federal, Minas Gerais, Amazonas, Goi\u00e1s, Bahia, Pernambuco e Santa Catarina, TIM UltraFibra oferece tecnologia de fibra \u00f3ptica de ponta a ponta, levando a fibra realmente at\u00e9 dentro da casa do cliente, com alt\u00edssimas velocidades de download e upload e uma ampla variedade de conte\u00fado, em parcerias para esportes e not\u00edcias com Band News e Band Sports, games com TIM Games PC e curso de idiomas online com a Babbel e muito mais.<\/p>\n<p>&nbsp;<\/p>\n<p>Ficha t\u00e9cnica:<br \/>\nAge\u0302ncia: BETC HAVAS<br \/>\nAnunciante: TIM<br \/>\nProduto: TIM UltraFibra<br \/>\nT\u00edtulo: TIM UltraFibra<br \/>\nDura\u00e7\u00e3o: 30\u201d<br \/>\nM\u00eddias\/Territ\u00f3rio: Nacional<br \/>\nCCO: Erh Ray<br \/>\nVP de Cria\u00e7\u00e3o: Marcelo Bruzzesi<br \/>\nDire\u00e7\u00e3o de Cria\u00e7\u00e3o: Alexandre Fernandes<br \/>\nCria\u00e7\u00e3o: Danilo Yamanaka e Alexandre Faria<br \/>\nMarcas &amp; Neg\u00f3cios: Flavia Braga, Aline Messa, Taissa Sartie, Lia Galr\u00e3o e Jo\u00e3o Le\u00e3o<br \/>\nCanais &amp; Engajamento: Paolla Rodrigues, Tatiana Lima, Claudio Silva, Filipe Lins e Ana Luiza Dutra<br \/>\nEstrat\u00e9gia: Renata Barbosa e Paola DAlmeida<br \/>\nProdu\u00e7\u00e3o: Juliana Arantes, Welton Noronha e Ana Caroline dos Reis<br \/>\nProdutora de imagem: O2<br \/>\nDire\u00e7\u00e3o: Paulinho Caruso<br \/>\nProdu\u00e7\u00e3o Executiva: Fl\u00e1via Zanini e Ed Tamachiro<br \/>\nAssistente de Produ\u00e7\u00e3o Executiva: Fernanda Figueiredo, Tiemi Fujise e Raffaela Piantino<br \/>\nDiretor de Fotografia: Ralph Strelow<br \/>\nDire\u00e7\u00e3o de Arte: Cassio Amarante<br \/>\nAtendimento: Rejane Bicca, Ivan Caetano, Rose Bichara, Patricia Aguiar, Miriam Lima e Carol Moyses<br \/>\nDiretor de produ\u00e7\u00e3o: Alberto Mariotto<br \/>\nProdutor de Objetos: Vanessa Utimura e Vivian Martinez<br \/>\nProdutor de Arte: Lu\u00eds Oliveira<br \/>\nFigurinista: Juliana Prysthon<br \/>\nMontagem: Pedro Andreta<br \/>\nCoordena\u00e7\u00e3o de 3D: Bidu Madio<br \/>\nAssistente de Coordena\u00e7\u00e3o de 3D: Nuara Santos<br \/>\nConcept: Luis Dourado<br \/>\nSupervis\u00e3o de CG\/VFX: Thiago Cor\u00e1 e Ricardo Mantoan<br \/>\nModelagem: Paulo Marini e Filipe Gabriel<br \/>\nLook Dev: Ricardo Mantoan, Fabricio Prado e Pericles Luna<br \/>\nSupervisor de Composi\u00e7\u00e3o: Thiago Cor\u00e1<br \/>\nEquipe de Composi\u00e7\u00e3o: Clayton Franca, Jo\u00e3o Carlos Souza e Wilton Matos<br \/>\nCoordena\u00e7\u00e3o de Arte: Luis Dourado<br \/>\nAssistente de Coordena\u00e7\u00e3o de Arte: Paloma Caroline<br \/>\nDiretor de Arte e Motion Designer: Daniel Takinn<br \/>\nMotion Designer: Vanessa Iutaka<br \/>\nCoordenador de Color Granding: Jony Sugo<br \/>\nColor Granding: O2 P\u00f3s<br \/>\nCoordena\u00e7\u00e3o de P\u00f3s Produ\u00e7\u00e3o: Felipe Andriolo<br \/>\nSupervis\u00e3o de P\u00f3s: Rafaela Bitencourt<br \/>\nAssistentes de Coordena\u00e7\u00e3o de P\u00f3s: Luiza Tomaz e Mariana Falc\u00e3o<br \/>\nFinaliza\u00e7\u00e3o: Henrique Gomes e Lucas Miranda<br \/>\nCoordena\u00e7\u00e3o de Conform: Raphael Fuzari<br \/>\nConform: Amanda Montanini, Beatriz Domingues, Fernando Vieira, Gustavo Durante, Paulo Henrique Luna e Rafaela C\u00e2ndido<br \/>\nSupervisor T\u00e9cnico de P\u00f3s-Produ\u00e7\u00e3o: Francesco De Angelis<br \/>\nAssistentes de Delivery: C\u00edcero Vasconcellos, Francisco Montelo, Izzy Naconesky, Jhonatan Augusto e Pedro Ramos<br \/>\nProdutora de \u00e1udio: Quiet City Music + Sound<br \/>\nProdu\u00e7\u00e3o Musical: Chris Jord\u00e3o e Darren Solomon<br \/>\nAtendimento: Xanna D\u2019aguiar, Karina Vadasz e Ivis Silva<br \/>\nFinaliza\u00e7\u00e3o \u00e1udio: Pedro Moura e Andr\u00e9 Melges<br \/>\nLocu\u00e7\u00e3o: Juliana Araripe<br \/>\nAprova\u00e7\u00e3o do cliente: Ana Paula Castello Branco, Andr\u00e9 Borges, Mariana Junqueira, Camila Garcia, Anna Cristina Wai, Alberto Antony<\/p>\n<p><iframe style=\"width: 100%; max-width: 660px; overflow: hidden; background: transparent;\" src=\"https:\/\/embed.podcasts.apple.com\/br\/podcast\/podcast-cidademarketing\/id1371923283\" height=\"450\" frameborder=\"0\" sandbox=\"allow-forms allow-popups allow-same-origin allow-scripts allow-storage-access-by-user-activation allow-top-navigation-by-user-activation\"><\/iframe><\/p>\n","protected":false},"excerpt":{"rendered":"<p>A ultrabanda larga fixa da TIM mudou: agora, TIM Live chama-se TIM UltraFibra. E a novidade marca o in\u00edcio de um per\u00edodo de grande expans\u00e3o do servi\u00e7o, eleito seis vezes como a melhor banda larga do Brasil. A mudan\u00e7a de nome tem objetivo de aproximar ainda mais o servi\u00e7o dos consumidores, gerando uma associa\u00e7\u00e3o imediata [&hellip;]<\/p>\n","protected":false},"author":1,"featured_media":42454,"comment_status":"open","ping_status":"open","sticky":false,"template":"","format":"standard","meta":{"tdm_status":"","tdm_grid_status":"","footnotes":""},"categories":[6],"tags":[65,308,33,37,28,752,683],"class_list":["post-42452","post","type-post","status-publish","format-standard","has-post-thumbnail","hentry","category-noticias","tag-campanha","tag-comunicacao","tag-estrategia","tag-marca","tag-marketing","tag-servico","tag-tim"],"yoast_head":"<!-- This site is optimized with the Yoast SEO plugin v27.5 - https:\/\/yoast.com\/product\/yoast-seo-wordpress\/ -->\n<title>Em campanha com Marcos Mion, TIM Live passa a se chamar TIM UltraFibra - CidadeMarketing<\/title>\n<meta name=\"robots\" content=\"index, follow, max-snippet:-1, max-image-preview:large, max-video-preview:-1\" \/>\n<link rel=\"canonical\" href=\"https:\/\/www.cidademarketing.com.br\/marketing\/2023\/01\/18\/em-campanha-com-marcos-mion-tim-live-passa-a-se-chamar-tim-ultrafibra\/\" \/>\n<meta property=\"og:locale\" content=\"pt_BR\" \/>\n<meta property=\"og:type\" content=\"article\" \/>\n<meta property=\"og:title\" content=\"Em campanha com Marcos Mion, TIM Live passa a se chamar TIM UltraFibra - CidadeMarketing\" \/>\n<meta property=\"og:description\" content=\"A ultrabanda larga fixa da TIM mudou: agora, TIM Live chama-se TIM UltraFibra. E a novidade marca o in\u00edcio de um per\u00edodo de grande expans\u00e3o do servi\u00e7o, eleito seis vezes como a melhor banda larga do Brasil. A mudan\u00e7a de nome tem objetivo de aproximar ainda mais o servi\u00e7o dos consumidores, gerando uma associa\u00e7\u00e3o imediata [&hellip;]\" \/>\n<meta property=\"og:url\" content=\"https:\/\/www.cidademarketing.com.br\/marketing\/2023\/01\/18\/em-campanha-com-marcos-mion-tim-live-passa-a-se-chamar-tim-ultrafibra\/\" \/>\n<meta property=\"og:site_name\" content=\"CidadeMarketing\" \/>\n<meta property=\"article:publisher\" content=\"https:\/\/www.facebook.com\/portalcidademarketing\" \/>\n<meta property=\"article:author\" content=\"https:\/\/www.facebook.com\/thalesbrandao\" \/>\n<meta property=\"article:published_time\" content=\"2023-01-18T12:11:08+00:00\" \/>\n<meta property=\"og:image\" content=\"https:\/\/www.cidademarketing.com.br\/marketing\/wp-content\/uploads\/2023\/01\/tim_ultra_fibra.jpg\" \/>\n\t<meta property=\"og:image:width\" content=\"1541\" \/>\n\t<meta property=\"og:image:height\" content=\"854\" \/>\n\t<meta property=\"og:image:type\" content=\"image\/jpeg\" \/>\n<meta name=\"author\" content=\"Thales Brand\u00e3o\" \/>\n<meta name=\"twitter:card\" content=\"summary_large_image\" \/>\n<meta name=\"twitter:creator\" content=\"@http:\/\/www.twitter.com\/thalesbrandao\" \/>\n<meta name=\"twitter:site\" content=\"@CidadeMarketing\" \/>\n<meta name=\"twitter:label1\" content=\"Escrito por\" \/>\n\t<meta name=\"twitter:data1\" content=\"Thales Brand\u00e3o\" \/>\n\t<meta name=\"twitter:label2\" content=\"Est. tempo de leitura\" \/>\n\t<meta name=\"twitter:data2\" content=\"6 minutos\" \/>\n<script type=\"application\/ld+json\" class=\"yoast-schema-graph\">{\"@context\":\"https:\\\/\\\/schema.org\",\"@graph\":[{\"@type\":\"Article\",\"@id\":\"https:\\\/\\\/www.cidademarketing.com.br\\\/marketing\\\/2023\\\/01\\\/18\\\/em-campanha-com-marcos-mion-tim-live-passa-a-se-chamar-tim-ultrafibra\\\/#article\",\"isPartOf\":{\"@id\":\"https:\\\/\\\/www.cidademarketing.com.br\\\/marketing\\\/2023\\\/01\\\/18\\\/em-campanha-com-marcos-mion-tim-live-passa-a-se-chamar-tim-ultrafibra\\\/\"},\"author\":{\"name\":\"Thales Brand\u00e3o\",\"@id\":\"https:\\\/\\\/www.cidademarketing.com.br\\\/marketing\\\/#\\\/schema\\\/person\\\/02daff9f18bd9378c9e01eb6b2db155f\"},\"headline\":\"Em campanha com Marcos Mion, TIM Live passa a se chamar TIM UltraFibra\",\"datePublished\":\"2023-01-18T12:11:08+00:00\",\"mainEntityOfPage\":{\"@id\":\"https:\\\/\\\/www.cidademarketing.com.br\\\/marketing\\\/2023\\\/01\\\/18\\\/em-campanha-com-marcos-mion-tim-live-passa-a-se-chamar-tim-ultrafibra\\\/\"},\"wordCount\":1224,\"commentCount\":0,\"publisher\":{\"@id\":\"https:\\\/\\\/www.cidademarketing.com.br\\\/marketing\\\/#organization\"},\"image\":{\"@id\":\"https:\\\/\\\/www.cidademarketing.com.br\\\/marketing\\\/2023\\\/01\\\/18\\\/em-campanha-com-marcos-mion-tim-live-passa-a-se-chamar-tim-ultrafibra\\\/#primaryimage\"},\"thumbnailUrl\":\"https:\\\/\\\/www.cidademarketing.com.br\\\/marketing\\\/wp-content\\\/uploads\\\/2023\\\/01\\\/tim_ultra_fibra.jpg\",\"keywords\":[\"campanha\",\"comunica\u00e7\u00e3o\",\"estrat\u00e9gia\",\"marca\",\"marketing\",\"servi\u00e7o\",\"Tim\"],\"articleSection\":[\"Not\u00edcias\"],\"inLanguage\":\"pt-BR\",\"potentialAction\":[{\"@type\":\"CommentAction\",\"name\":\"Comment\",\"target\":[\"https:\\\/\\\/www.cidademarketing.com.br\\\/marketing\\\/2023\\\/01\\\/18\\\/em-campanha-com-marcos-mion-tim-live-passa-a-se-chamar-tim-ultrafibra\\\/#respond\"]}]},{\"@type\":\"WebPage\",\"@id\":\"https:\\\/\\\/www.cidademarketing.com.br\\\/marketing\\\/2023\\\/01\\\/18\\\/em-campanha-com-marcos-mion-tim-live-passa-a-se-chamar-tim-ultrafibra\\\/\",\"url\":\"https:\\\/\\\/www.cidademarketing.com.br\\\/marketing\\\/2023\\\/01\\\/18\\\/em-campanha-com-marcos-mion-tim-live-passa-a-se-chamar-tim-ultrafibra\\\/\",\"name\":\"Em campanha com Marcos Mion, TIM Live passa a se chamar TIM UltraFibra - CidadeMarketing\",\"isPartOf\":{\"@id\":\"https:\\\/\\\/www.cidademarketing.com.br\\\/marketing\\\/#website\"},\"primaryImageOfPage\":{\"@id\":\"https:\\\/\\\/www.cidademarketing.com.br\\\/marketing\\\/2023\\\/01\\\/18\\\/em-campanha-com-marcos-mion-tim-live-passa-a-se-chamar-tim-ultrafibra\\\/#primaryimage\"},\"image\":{\"@id\":\"https:\\\/\\\/www.cidademarketing.com.br\\\/marketing\\\/2023\\\/01\\\/18\\\/em-campanha-com-marcos-mion-tim-live-passa-a-se-chamar-tim-ultrafibra\\\/#primaryimage\"},\"thumbnailUrl\":\"https:\\\/\\\/www.cidademarketing.com.br\\\/marketing\\\/wp-content\\\/uploads\\\/2023\\\/01\\\/tim_ultra_fibra.jpg\",\"datePublished\":\"2023-01-18T12:11:08+00:00\",\"breadcrumb\":{\"@id\":\"https:\\\/\\\/www.cidademarketing.com.br\\\/marketing\\\/2023\\\/01\\\/18\\\/em-campanha-com-marcos-mion-tim-live-passa-a-se-chamar-tim-ultrafibra\\\/#breadcrumb\"},\"inLanguage\":\"pt-BR\",\"potentialAction\":[{\"@type\":\"ReadAction\",\"target\":[\"https:\\\/\\\/www.cidademarketing.com.br\\\/marketing\\\/2023\\\/01\\\/18\\\/em-campanha-com-marcos-mion-tim-live-passa-a-se-chamar-tim-ultrafibra\\\/\"]}]},{\"@type\":\"ImageObject\",\"inLanguage\":\"pt-BR\",\"@id\":\"https:\\\/\\\/www.cidademarketing.com.br\\\/marketing\\\/2023\\\/01\\\/18\\\/em-campanha-com-marcos-mion-tim-live-passa-a-se-chamar-tim-ultrafibra\\\/#primaryimage\",\"url\":\"https:\\\/\\\/www.cidademarketing.com.br\\\/marketing\\\/wp-content\\\/uploads\\\/2023\\\/01\\\/tim_ultra_fibra.jpg\",\"contentUrl\":\"https:\\\/\\\/www.cidademarketing.com.br\\\/marketing\\\/wp-content\\\/uploads\\\/2023\\\/01\\\/tim_ultra_fibra.jpg\",\"width\":1541,\"height\":854,\"caption\":\"Reprodu\u00e7\u00e3o\"},{\"@type\":\"BreadcrumbList\",\"@id\":\"https:\\\/\\\/www.cidademarketing.com.br\\\/marketing\\\/2023\\\/01\\\/18\\\/em-campanha-com-marcos-mion-tim-live-passa-a-se-chamar-tim-ultrafibra\\\/#breadcrumb\",\"itemListElement\":[{\"@type\":\"ListItem\",\"position\":1,\"name\":\"In\u00edcio\",\"item\":\"https:\\\/\\\/www.cidademarketing.com.br\\\/marketing\\\/\"},{\"@type\":\"ListItem\",\"position\":2,\"name\":\"Em campanha com Marcos Mion, TIM Live passa a se chamar TIM UltraFibra\"}]},{\"@type\":\"WebSite\",\"@id\":\"https:\\\/\\\/www.cidademarketing.com.br\\\/marketing\\\/#website\",\"url\":\"https:\\\/\\\/www.cidademarketing.com.br\\\/marketing\\\/\",\"name\":\"CidadeMarketing\",\"description\":\"Somos um ve\u00edculo de comunica\u00e7\u00e3o de destaque no Brasil, reconhecido por conte\u00fados nos segmentos de marketing, empreendedorismo e inova\u00e7\u00e3o.\",\"publisher\":{\"@id\":\"https:\\\/\\\/www.cidademarketing.com.br\\\/marketing\\\/#organization\"},\"alternateName\":\"CidadeMarketing\",\"potentialAction\":[{\"@type\":\"SearchAction\",\"target\":{\"@type\":\"EntryPoint\",\"urlTemplate\":\"https:\\\/\\\/www.cidademarketing.com.br\\\/marketing\\\/?s={search_term_string}\"},\"query-input\":{\"@type\":\"PropertyValueSpecification\",\"valueRequired\":true,\"valueName\":\"search_term_string\"}}],\"inLanguage\":\"pt-BR\"},{\"@type\":\"Organization\",\"@id\":\"https:\\\/\\\/www.cidademarketing.com.br\\\/marketing\\\/#organization\",\"name\":\"CidadeMarketing\",\"alternateName\":\"CidadeMarketing\",\"url\":\"https:\\\/\\\/www.cidademarketing.com.br\\\/marketing\\\/\",\"logo\":{\"@type\":\"ImageObject\",\"inLanguage\":\"pt-BR\",\"@id\":\"https:\\\/\\\/www.cidademarketing.com.br\\\/marketing\\\/#\\\/schema\\\/logo\\\/image\\\/\",\"url\":\"https:\\\/\\\/www.cidademarketing.com.br\\\/marketing\\\/wp-content\\\/uploads\\\/2020\\\/01\\\/cidademarketing_marca_mobile.png\",\"contentUrl\":\"https:\\\/\\\/www.cidademarketing.com.br\\\/marketing\\\/wp-content\\\/uploads\\\/2020\\\/01\\\/cidademarketing_marca_mobile.png\",\"width\":230,\"height\":92,\"caption\":\"CidadeMarketing\"},\"image\":{\"@id\":\"https:\\\/\\\/www.cidademarketing.com.br\\\/marketing\\\/#\\\/schema\\\/logo\\\/image\\\/\"},\"sameAs\":[\"https:\\\/\\\/www.facebook.com\\\/portalcidademarketing\",\"https:\\\/\\\/x.com\\\/CidadeMarketing\",\"https:\\\/\\\/www.instagram.com\\\/cidademarketing\\\/\"]},{\"@type\":\"Person\",\"@id\":\"https:\\\/\\\/www.cidademarketing.com.br\\\/marketing\\\/#\\\/schema\\\/person\\\/02daff9f18bd9378c9e01eb6b2db155f\",\"name\":\"Thales Brand\u00e3o\",\"image\":{\"@type\":\"ImageObject\",\"inLanguage\":\"pt-BR\",\"@id\":\"https:\\\/\\\/secure.gravatar.com\\\/avatar\\\/7ca3206950207cc3cb48feec56a8a7898741ab725c368d99d5d7a5a50aab80c6?s=96&d=mm&r=g\",\"url\":\"https:\\\/\\\/secure.gravatar.com\\\/avatar\\\/7ca3206950207cc3cb48feec56a8a7898741ab725c368d99d5d7a5a50aab80c6?s=96&d=mm&r=g\",\"contentUrl\":\"https:\\\/\\\/secure.gravatar.com\\\/avatar\\\/7ca3206950207cc3cb48feec56a8a7898741ab725c368d99d5d7a5a50aab80c6?s=96&d=mm&r=g\",\"caption\":\"Thales Brand\u00e3o\"},\"description\":\"Editor Executivo do Portal CidadeMarketing.com.br &gt; Mestre em Comunica\u00e7\u00e3o e Sociedade pela Universidade Federal de Sergipe. Possui MBA Executivo em Administra\u00e7\u00e3o com \u00eanfase em Marketing pela Funda\u00e7\u00e3o Get\u00falio Vargas - Rio de Janeiro. Consultor, Palestrante e Pesquisador sobre Empreendedorismo, Marketing, Redes Sociais e Neg\u00f3cios Digitais. Professor, Palestrante TedxTalks e Campus Party. Twitter: @ThalesBrandao\",\"sameAs\":[\"http:\\\/\\\/www.mandacaru.com.br\",\"https:\\\/\\\/www.facebook.com\\\/thalesbrandao\",\"http:\\\/\\\/www.instagram.com.br\\\/thalesbrandaoferreira\",\"https:\\\/\\\/www.linkedin.com\\\/in\\\/thales-brand\u00e3o-3948609\\\/\",\"https:\\\/\\\/x.com\\\/http:\\\/\\\/www.twitter.com\\\/thalesbrandao\"],\"url\":\"https:\\\/\\\/www.cidademarketing.com.br\\\/marketing\\\/author\\\/thalesbrandao\\\/\"}]}<\/script>\n<!-- \/ Yoast SEO plugin. -->","yoast_head_json":{"title":"Em campanha com Marcos Mion, TIM Live passa a se chamar TIM UltraFibra - CidadeMarketing","robots":{"index":"index","follow":"follow","max-snippet":"max-snippet:-1","max-image-preview":"max-image-preview:large","max-video-preview":"max-video-preview:-1"},"canonical":"https:\/\/www.cidademarketing.com.br\/marketing\/2023\/01\/18\/em-campanha-com-marcos-mion-tim-live-passa-a-se-chamar-tim-ultrafibra\/","og_locale":"pt_BR","og_type":"article","og_title":"Em campanha com Marcos Mion, TIM Live passa a se chamar TIM UltraFibra - CidadeMarketing","og_description":"A ultrabanda larga fixa da TIM mudou: agora, TIM Live chama-se TIM UltraFibra. E a novidade marca o in\u00edcio de um per\u00edodo de grande expans\u00e3o do servi\u00e7o, eleito seis vezes como a melhor banda larga do Brasil. A mudan\u00e7a de nome tem objetivo de aproximar ainda mais o servi\u00e7o dos consumidores, gerando uma associa\u00e7\u00e3o imediata [&hellip;]","og_url":"https:\/\/www.cidademarketing.com.br\/marketing\/2023\/01\/18\/em-campanha-com-marcos-mion-tim-live-passa-a-se-chamar-tim-ultrafibra\/","og_site_name":"CidadeMarketing","article_publisher":"https:\/\/www.facebook.com\/portalcidademarketing","article_author":"https:\/\/www.facebook.com\/thalesbrandao","article_published_time":"2023-01-18T12:11:08+00:00","og_image":[{"width":1541,"height":854,"url":"https:\/\/www.cidademarketing.com.br\/marketing\/wp-content\/uploads\/2023\/01\/tim_ultra_fibra.jpg","type":"image\/jpeg"}],"author":"Thales Brand\u00e3o","twitter_card":"summary_large_image","twitter_creator":"@http:\/\/www.twitter.com\/thalesbrandao","twitter_site":"@CidadeMarketing","twitter_misc":{"Escrito por":"Thales Brand\u00e3o","Est. tempo de leitura":"6 minutos"},"schema":{"@context":"https:\/\/schema.org","@graph":[{"@type":"Article","@id":"https:\/\/www.cidademarketing.com.br\/marketing\/2023\/01\/18\/em-campanha-com-marcos-mion-tim-live-passa-a-se-chamar-tim-ultrafibra\/#article","isPartOf":{"@id":"https:\/\/www.cidademarketing.com.br\/marketing\/2023\/01\/18\/em-campanha-com-marcos-mion-tim-live-passa-a-se-chamar-tim-ultrafibra\/"},"author":{"name":"Thales Brand\u00e3o","@id":"https:\/\/www.cidademarketing.com.br\/marketing\/#\/schema\/person\/02daff9f18bd9378c9e01eb6b2db155f"},"headline":"Em campanha com Marcos Mion, TIM Live passa a se chamar TIM UltraFibra","datePublished":"2023-01-18T12:11:08+00:00","mainEntityOfPage":{"@id":"https:\/\/www.cidademarketing.com.br\/marketing\/2023\/01\/18\/em-campanha-com-marcos-mion-tim-live-passa-a-se-chamar-tim-ultrafibra\/"},"wordCount":1224,"commentCount":0,"publisher":{"@id":"https:\/\/www.cidademarketing.com.br\/marketing\/#organization"},"image":{"@id":"https:\/\/www.cidademarketing.com.br\/marketing\/2023\/01\/18\/em-campanha-com-marcos-mion-tim-live-passa-a-se-chamar-tim-ultrafibra\/#primaryimage"},"thumbnailUrl":"https:\/\/www.cidademarketing.com.br\/marketing\/wp-content\/uploads\/2023\/01\/tim_ultra_fibra.jpg","keywords":["campanha","comunica\u00e7\u00e3o","estrat\u00e9gia","marca","marketing","servi\u00e7o","Tim"],"articleSection":["Not\u00edcias"],"inLanguage":"pt-BR","potentialAction":[{"@type":"CommentAction","name":"Comment","target":["https:\/\/www.cidademarketing.com.br\/marketing\/2023\/01\/18\/em-campanha-com-marcos-mion-tim-live-passa-a-se-chamar-tim-ultrafibra\/#respond"]}]},{"@type":"WebPage","@id":"https:\/\/www.cidademarketing.com.br\/marketing\/2023\/01\/18\/em-campanha-com-marcos-mion-tim-live-passa-a-se-chamar-tim-ultrafibra\/","url":"https:\/\/www.cidademarketing.com.br\/marketing\/2023\/01\/18\/em-campanha-com-marcos-mion-tim-live-passa-a-se-chamar-tim-ultrafibra\/","name":"Em campanha com Marcos Mion, TIM Live passa a se chamar TIM UltraFibra - CidadeMarketing","isPartOf":{"@id":"https:\/\/www.cidademarketing.com.br\/marketing\/#website"},"primaryImageOfPage":{"@id":"https:\/\/www.cidademarketing.com.br\/marketing\/2023\/01\/18\/em-campanha-com-marcos-mion-tim-live-passa-a-se-chamar-tim-ultrafibra\/#primaryimage"},"image":{"@id":"https:\/\/www.cidademarketing.com.br\/marketing\/2023\/01\/18\/em-campanha-com-marcos-mion-tim-live-passa-a-se-chamar-tim-ultrafibra\/#primaryimage"},"thumbnailUrl":"https:\/\/www.cidademarketing.com.br\/marketing\/wp-content\/uploads\/2023\/01\/tim_ultra_fibra.jpg","datePublished":"2023-01-18T12:11:08+00:00","breadcrumb":{"@id":"https:\/\/www.cidademarketing.com.br\/marketing\/2023\/01\/18\/em-campanha-com-marcos-mion-tim-live-passa-a-se-chamar-tim-ultrafibra\/#breadcrumb"},"inLanguage":"pt-BR","potentialAction":[{"@type":"ReadAction","target":["https:\/\/www.cidademarketing.com.br\/marketing\/2023\/01\/18\/em-campanha-com-marcos-mion-tim-live-passa-a-se-chamar-tim-ultrafibra\/"]}]},{"@type":"ImageObject","inLanguage":"pt-BR","@id":"https:\/\/www.cidademarketing.com.br\/marketing\/2023\/01\/18\/em-campanha-com-marcos-mion-tim-live-passa-a-se-chamar-tim-ultrafibra\/#primaryimage","url":"https:\/\/www.cidademarketing.com.br\/marketing\/wp-content\/uploads\/2023\/01\/tim_ultra_fibra.jpg","contentUrl":"https:\/\/www.cidademarketing.com.br\/marketing\/wp-content\/uploads\/2023\/01\/tim_ultra_fibra.jpg","width":1541,"height":854,"caption":"Reprodu\u00e7\u00e3o"},{"@type":"BreadcrumbList","@id":"https:\/\/www.cidademarketing.com.br\/marketing\/2023\/01\/18\/em-campanha-com-marcos-mion-tim-live-passa-a-se-chamar-tim-ultrafibra\/#breadcrumb","itemListElement":[{"@type":"ListItem","position":1,"name":"In\u00edcio","item":"https:\/\/www.cidademarketing.com.br\/marketing\/"},{"@type":"ListItem","position":2,"name":"Em campanha com Marcos Mion, TIM Live passa a se chamar TIM UltraFibra"}]},{"@type":"WebSite","@id":"https:\/\/www.cidademarketing.com.br\/marketing\/#website","url":"https:\/\/www.cidademarketing.com.br\/marketing\/","name":"CidadeMarketing","description":"Somos um ve\u00edculo de comunica\u00e7\u00e3o de destaque no Brasil, reconhecido por conte\u00fados nos segmentos de marketing, empreendedorismo e inova\u00e7\u00e3o.","publisher":{"@id":"https:\/\/www.cidademarketing.com.br\/marketing\/#organization"},"alternateName":"CidadeMarketing","potentialAction":[{"@type":"SearchAction","target":{"@type":"EntryPoint","urlTemplate":"https:\/\/www.cidademarketing.com.br\/marketing\/?s={search_term_string}"},"query-input":{"@type":"PropertyValueSpecification","valueRequired":true,"valueName":"search_term_string"}}],"inLanguage":"pt-BR"},{"@type":"Organization","@id":"https:\/\/www.cidademarketing.com.br\/marketing\/#organization","name":"CidadeMarketing","alternateName":"CidadeMarketing","url":"https:\/\/www.cidademarketing.com.br\/marketing\/","logo":{"@type":"ImageObject","inLanguage":"pt-BR","@id":"https:\/\/www.cidademarketing.com.br\/marketing\/#\/schema\/logo\/image\/","url":"https:\/\/www.cidademarketing.com.br\/marketing\/wp-content\/uploads\/2020\/01\/cidademarketing_marca_mobile.png","contentUrl":"https:\/\/www.cidademarketing.com.br\/marketing\/wp-content\/uploads\/2020\/01\/cidademarketing_marca_mobile.png","width":230,"height":92,"caption":"CidadeMarketing"},"image":{"@id":"https:\/\/www.cidademarketing.com.br\/marketing\/#\/schema\/logo\/image\/"},"sameAs":["https:\/\/www.facebook.com\/portalcidademarketing","https:\/\/x.com\/CidadeMarketing","https:\/\/www.instagram.com\/cidademarketing\/"]},{"@type":"Person","@id":"https:\/\/www.cidademarketing.com.br\/marketing\/#\/schema\/person\/02daff9f18bd9378c9e01eb6b2db155f","name":"Thales Brand\u00e3o","image":{"@type":"ImageObject","inLanguage":"pt-BR","@id":"https:\/\/secure.gravatar.com\/avatar\/7ca3206950207cc3cb48feec56a8a7898741ab725c368d99d5d7a5a50aab80c6?s=96&d=mm&r=g","url":"https:\/\/secure.gravatar.com\/avatar\/7ca3206950207cc3cb48feec56a8a7898741ab725c368d99d5d7a5a50aab80c6?s=96&d=mm&r=g","contentUrl":"https:\/\/secure.gravatar.com\/avatar\/7ca3206950207cc3cb48feec56a8a7898741ab725c368d99d5d7a5a50aab80c6?s=96&d=mm&r=g","caption":"Thales Brand\u00e3o"},"description":"Editor Executivo do Portal CidadeMarketing.com.br &gt; Mestre em Comunica\u00e7\u00e3o e Sociedade pela Universidade Federal de Sergipe. Possui MBA Executivo em Administra\u00e7\u00e3o com \u00eanfase em Marketing pela Funda\u00e7\u00e3o Get\u00falio Vargas - Rio de Janeiro. Consultor, Palestrante e Pesquisador sobre Empreendedorismo, Marketing, Redes Sociais e Neg\u00f3cios Digitais. Professor, Palestrante TedxTalks e Campus Party. Twitter: @ThalesBrandao","sameAs":["http:\/\/www.mandacaru.com.br","https:\/\/www.facebook.com\/thalesbrandao","http:\/\/www.instagram.com.br\/thalesbrandaoferreira","https:\/\/www.linkedin.com\/in\/thales-brand\u00e3o-3948609\/","https:\/\/x.com\/http:\/\/www.twitter.com\/thalesbrandao"],"url":"https:\/\/www.cidademarketing.com.br\/marketing\/author\/thalesbrandao\/"}]}},"amp_enabled":true,"_links":{"self":[{"href":"https:\/\/www.cidademarketing.com.br\/marketing\/wp-json\/wp\/v2\/posts\/42452","targetHints":{"allow":["GET"]}}],"collection":[{"href":"https:\/\/www.cidademarketing.com.br\/marketing\/wp-json\/wp\/v2\/posts"}],"about":[{"href":"https:\/\/www.cidademarketing.com.br\/marketing\/wp-json\/wp\/v2\/types\/post"}],"author":[{"embeddable":true,"href":"https:\/\/www.cidademarketing.com.br\/marketing\/wp-json\/wp\/v2\/users\/1"}],"replies":[{"embeddable":true,"href":"https:\/\/www.cidademarketing.com.br\/marketing\/wp-json\/wp\/v2\/comments?post=42452"}],"version-history":[{"count":1,"href":"https:\/\/www.cidademarketing.com.br\/marketing\/wp-json\/wp\/v2\/posts\/42452\/revisions"}],"predecessor-version":[{"id":42455,"href":"https:\/\/www.cidademarketing.com.br\/marketing\/wp-json\/wp\/v2\/posts\/42452\/revisions\/42455"}],"wp:featuredmedia":[{"embeddable":true,"href":"https:\/\/www.cidademarketing.com.br\/marketing\/wp-json\/wp\/v2\/media\/42454"}],"wp:attachment":[{"href":"https:\/\/www.cidademarketing.com.br\/marketing\/wp-json\/wp\/v2\/media?parent=42452"}],"wp:term":[{"taxonomy":"category","embeddable":true,"href":"https:\/\/www.cidademarketing.com.br\/marketing\/wp-json\/wp\/v2\/categories?post=42452"},{"taxonomy":"post_tag","embeddable":true,"href":"https:\/\/www.cidademarketing.com.br\/marketing\/wp-json\/wp\/v2\/tags?post=42452"}],"curies":[{"name":"wp","href":"https:\/\/api.w.org\/{rel}","templated":true}]}}