{"id":42408,"date":"2023-01-16T15:55:30","date_gmt":"2023-01-16T18:55:30","guid":{"rendered":"https:\/\/www.cidademarketing.com.br\/marketing\/?p=42408"},"modified":"2023-01-16T15:55:30","modified_gmt":"2023-01-16T18:55:30","slug":"campanha-prazeres-da-europa-queijos-da-franca-estreia-food-truck-de-hamburgueres","status":"publish","type":"post","link":"https:\/\/www.cidademarketing.com.br\/marketing\/2023\/01\/16\/campanha-prazeres-da-europa-queijos-da-franca-estreia-food-truck-de-hamburgueres\/","title":{"rendered":"Campanha \u201cPrazeres da Europa Queijos da Fran\u00e7a\u201d estreia food truck de hamb\u00fargueres"},"content":{"rendered":"<p>Com o intuito de divulgar os sabores, texturas e hist\u00f3rias dos queijos europeus, sobretudo os da Fran\u00e7a, a campanha \u201cPrazeres da Europa | Queijos da Fran\u00e7a\u201d, idealizada pelo Centro Nacional da Economia Leiteira da Fran\u00e7a (CNIEL), em parceria com a Uni\u00e3o Europeia lan\u00e7a neste m\u00eas de janeiro sua primeira a\u00e7\u00e3o destinada ao consumidor final: o food truck \u201cPrazeres da Europa | Queijos da Fran\u00e7a\u201d.<\/p>\n<p><iframe title=\"Spotify Embed: Podcast CidadeMarketing\" style=\"border-radius: 12px\" width=\"100%\" height=\"152\" frameborder=\"0\" allowfullscreen allow=\"autoplay; clipboard-write; encrypted-media; fullscreen; picture-in-picture\" loading=\"lazy\" src=\"https:\/\/open.spotify.com\/embed\/show\/4khMKzP3FgFRWVwb73xicc?si=252fe5bff2b34909&#038;utm_source=oembed\"><\/iframe><\/p>\n<p>Assim, para demonstrar a versatilidade dos verdadeiros queijos franceses, o food truck apresentar\u00e1 as iguarias, tais como o queijo azul Bleu d\u2019Auvergne, os c\u00e9lebres Brie e Camembert (queijos de massa mole e mofo branco comest\u00edvel), o cl\u00e1ssico Emmental e os processados t\u00edpicos para lanches como componentes indispens\u00e1veis de mini-hamb\u00fargueres. Os lanches ser\u00e3o servidos acompanhados por fritas com o inusitado queijo Mimolette.<br \/>\nA estilosa lanchonete sobre rodas come\u00e7a seu circuito itinerante pelo interior do estado de S\u00e3o Paulo e promete chegar \u00e0s capitais paulistana e fluminense ainda este ano. O food truck faz parte das a\u00e7\u00f5es da campanha \u201cPrazeres da Europa | Queijos da Fran\u00e7a\u201d lan\u00e7ada em fevereiro de 2022 e que j\u00e1 promoveu e patrocinou eventos gastron\u00f4micos, tais como a Restaurant Week em S\u00e3o Paulo e em Porto Alegre, al\u00e9m de ter figurado como ingrediente da \u201ccaixa surpresa\u201d na quarta temporada do reality de culin\u00e1ria MasterChef Brasil Profissionais.<\/p>\n<p>O objetivo dessa a\u00e7\u00e3o \u00e9 divulgar a qualidade e a diversidade dos queijos europeus de origem francesa, al\u00e9m de alcan\u00e7ar novos mercados brasileiros e fisgar novos consumidores. A primeira parada do truck ser\u00e1 no Shopping Iguatemi Campinas, de 20 a 22 de janeiro. A pr\u00f3xima parada ser\u00e1 em Barueri, na regi\u00e3o metropolitana de S\u00e3o Paulo, no Shopping Iguatemi Alphaville, de 24 a 26 de fevereiro.<\/p>\n<p>Confira a agenda do Food Truck Prazeres da Europa | Queijos da Fran\u00e7a:<br \/>\nCampinas: 20 a 22 de janeiro, Shopping Iguatemi Campinas \u2013 Av. Iguatemi, 777 \u2013 Vila Brandina, Campinas &#8211; SP | 20 e 21 de janeiro das 12 \u00e0s 22 horas; 22 de janeiro das 12 \u00e0s 20 horas<br \/>\nBarueri: 24 a 26 de fevereiro, Shopping Iguatemi Alphaville \u2013 Al. Rio Negro, 111 \u2013 Alphaville Industrial, Barueri \u2013 SP | 24 e 25 de fevereiro das 12 \u00e0s 22 horas; 26 de fevereiro das 12 \u00e0s 20 horas<\/p>\n<p><iframe style=\"width: 100%; max-width: 660px; overflow: hidden; background: transparent;\" src=\"https:\/\/embed.podcasts.apple.com\/br\/podcast\/podcast-cidademarketing\/id1371923283\" height=\"450\" frameborder=\"0\" sandbox=\"allow-forms allow-popups allow-same-origin allow-scripts allow-storage-access-by-user-activation allow-top-navigation-by-user-activation\"><\/iframe><\/p>\n","protected":false},"excerpt":{"rendered":"<p>Com o intuito de divulgar os sabores, texturas e hist\u00f3rias dos queijos europeus, sobretudo os da Fran\u00e7a, a campanha \u201cPrazeres da Europa | Queijos da Fran\u00e7a\u201d, idealizada pelo Centro Nacional da Economia Leiteira da Fran\u00e7a (CNIEL), em parceria com a Uni\u00e3o Europeia lan\u00e7a neste m\u00eas de janeiro sua primeira a\u00e7\u00e3o destinada ao consumidor final: o [&hellip;]<\/p>\n","protected":false},"author":1,"featured_media":42409,"comment_status":"open","ping_status":"open","sticky":false,"template":"","format":"standard","meta":{"tdm_status":"","tdm_grid_status":"","footnotes":""},"categories":[6],"tags":[1597,5840,2023,28,3416,3216],"class_list":["post-42408","post","type-post","status-publish","format-standard","has-post-thumbnail","hentry","category-noticias","tag-europa","tag-franca","tag-gastronomia","tag-marketing","tag-marketing-internacional","tag-queijo"],"yoast_head":"<!-- This site is optimized with the Yoast SEO plugin v27.5 - https:\/\/yoast.com\/product\/yoast-seo-wordpress\/ -->\n<title>Campanha \u201cPrazeres da Europa Queijos da Fran\u00e7a\u201d estreia food truck de hamb\u00fargueres - CidadeMarketing<\/title>\n<meta name=\"robots\" content=\"index, follow, max-snippet:-1, max-image-preview:large, max-video-preview:-1\" \/>\n<link rel=\"canonical\" href=\"https:\/\/www.cidademarketing.com.br\/marketing\/2023\/01\/16\/campanha-prazeres-da-europa-queijos-da-franca-estreia-food-truck-de-hamburgueres\/\" \/>\n<meta property=\"og:locale\" content=\"pt_BR\" \/>\n<meta property=\"og:type\" content=\"article\" \/>\n<meta property=\"og:title\" content=\"Campanha \u201cPrazeres da Europa Queijos da Fran\u00e7a\u201d estreia food truck de hamb\u00fargueres - CidadeMarketing\" \/>\n<meta property=\"og:description\" content=\"Com o intuito de divulgar os sabores, texturas e hist\u00f3rias dos queijos europeus, sobretudo os da Fran\u00e7a, a campanha \u201cPrazeres da Europa | Queijos da Fran\u00e7a\u201d, idealizada pelo Centro Nacional da Economia Leiteira da Fran\u00e7a (CNIEL), em parceria com a Uni\u00e3o Europeia lan\u00e7a neste m\u00eas de janeiro sua primeira a\u00e7\u00e3o destinada ao consumidor final: o [&hellip;]\" \/>\n<meta property=\"og:url\" content=\"https:\/\/www.cidademarketing.com.br\/marketing\/2023\/01\/16\/campanha-prazeres-da-europa-queijos-da-franca-estreia-food-truck-de-hamburgueres\/\" \/>\n<meta property=\"og:site_name\" content=\"CidadeMarketing\" \/>\n<meta property=\"article:publisher\" content=\"https:\/\/www.facebook.com\/portalcidademarketing\" \/>\n<meta property=\"article:author\" content=\"https:\/\/www.facebook.com\/thalesbrandao\" \/>\n<meta property=\"article:published_time\" content=\"2023-01-16T18:55:30+00:00\" \/>\n<meta property=\"og:image\" content=\"https:\/\/www.cidademarketing.com.br\/marketing\/wp-content\/uploads\/2023\/01\/prazeresdaeuropa_queijo.png\" \/>\n\t<meta property=\"og:image:width\" content=\"2000\" \/>\n\t<meta property=\"og:image:height\" content=\"2000\" \/>\n\t<meta property=\"og:image:type\" content=\"image\/png\" \/>\n<meta name=\"author\" content=\"Thales Brand\u00e3o\" \/>\n<meta name=\"twitter:card\" content=\"summary_large_image\" \/>\n<meta name=\"twitter:creator\" content=\"@http:\/\/www.twitter.com\/thalesbrandao\" \/>\n<meta name=\"twitter:site\" content=\"@CidadeMarketing\" \/>\n<meta name=\"twitter:label1\" content=\"Escrito por\" \/>\n\t<meta name=\"twitter:data1\" content=\"Thales Brand\u00e3o\" \/>\n\t<meta name=\"twitter:label2\" content=\"Est. tempo de leitura\" \/>\n\t<meta name=\"twitter:data2\" content=\"2 minutos\" \/>\n<script type=\"application\/ld+json\" class=\"yoast-schema-graph\">{\"@context\":\"https:\\\/\\\/schema.org\",\"@graph\":[{\"@type\":\"Article\",\"@id\":\"https:\\\/\\\/www.cidademarketing.com.br\\\/marketing\\\/2023\\\/01\\\/16\\\/campanha-prazeres-da-europa-queijos-da-franca-estreia-food-truck-de-hamburgueres\\\/#article\",\"isPartOf\":{\"@id\":\"https:\\\/\\\/www.cidademarketing.com.br\\\/marketing\\\/2023\\\/01\\\/16\\\/campanha-prazeres-da-europa-queijos-da-franca-estreia-food-truck-de-hamburgueres\\\/\"},\"author\":{\"name\":\"Thales Brand\u00e3o\",\"@id\":\"https:\\\/\\\/www.cidademarketing.com.br\\\/marketing\\\/#\\\/schema\\\/person\\\/02daff9f18bd9378c9e01eb6b2db155f\"},\"headline\":\"Campanha \u201cPrazeres da Europa Queijos da Fran\u00e7a\u201d estreia food truck de hamb\u00fargueres\",\"datePublished\":\"2023-01-16T18:55:30+00:00\",\"mainEntityOfPage\":{\"@id\":\"https:\\\/\\\/www.cidademarketing.com.br\\\/marketing\\\/2023\\\/01\\\/16\\\/campanha-prazeres-da-europa-queijos-da-franca-estreia-food-truck-de-hamburgueres\\\/\"},\"wordCount\":391,\"commentCount\":0,\"publisher\":{\"@id\":\"https:\\\/\\\/www.cidademarketing.com.br\\\/marketing\\\/#organization\"},\"image\":{\"@id\":\"https:\\\/\\\/www.cidademarketing.com.br\\\/marketing\\\/2023\\\/01\\\/16\\\/campanha-prazeres-da-europa-queijos-da-franca-estreia-food-truck-de-hamburgueres\\\/#primaryimage\"},\"thumbnailUrl\":\"https:\\\/\\\/www.cidademarketing.com.br\\\/marketing\\\/wp-content\\\/uploads\\\/2023\\\/01\\\/prazeresdaeuropa_queijo.png\",\"keywords\":[\"Europa\",\"Fran\u00e7a\",\"gastronomia\",\"marketing\",\"marketing internacional\",\"queijo\"],\"articleSection\":[\"Not\u00edcias\"],\"inLanguage\":\"pt-BR\",\"potentialAction\":[{\"@type\":\"CommentAction\",\"name\":\"Comment\",\"target\":[\"https:\\\/\\\/www.cidademarketing.com.br\\\/marketing\\\/2023\\\/01\\\/16\\\/campanha-prazeres-da-europa-queijos-da-franca-estreia-food-truck-de-hamburgueres\\\/#respond\"]}]},{\"@type\":\"WebPage\",\"@id\":\"https:\\\/\\\/www.cidademarketing.com.br\\\/marketing\\\/2023\\\/01\\\/16\\\/campanha-prazeres-da-europa-queijos-da-franca-estreia-food-truck-de-hamburgueres\\\/\",\"url\":\"https:\\\/\\\/www.cidademarketing.com.br\\\/marketing\\\/2023\\\/01\\\/16\\\/campanha-prazeres-da-europa-queijos-da-franca-estreia-food-truck-de-hamburgueres\\\/\",\"name\":\"Campanha \u201cPrazeres da Europa Queijos da Fran\u00e7a\u201d estreia food truck de hamb\u00fargueres - CidadeMarketing\",\"isPartOf\":{\"@id\":\"https:\\\/\\\/www.cidademarketing.com.br\\\/marketing\\\/#website\"},\"primaryImageOfPage\":{\"@id\":\"https:\\\/\\\/www.cidademarketing.com.br\\\/marketing\\\/2023\\\/01\\\/16\\\/campanha-prazeres-da-europa-queijos-da-franca-estreia-food-truck-de-hamburgueres\\\/#primaryimage\"},\"image\":{\"@id\":\"https:\\\/\\\/www.cidademarketing.com.br\\\/marketing\\\/2023\\\/01\\\/16\\\/campanha-prazeres-da-europa-queijos-da-franca-estreia-food-truck-de-hamburgueres\\\/#primaryimage\"},\"thumbnailUrl\":\"https:\\\/\\\/www.cidademarketing.com.br\\\/marketing\\\/wp-content\\\/uploads\\\/2023\\\/01\\\/prazeresdaeuropa_queijo.png\",\"datePublished\":\"2023-01-16T18:55:30+00:00\",\"breadcrumb\":{\"@id\":\"https:\\\/\\\/www.cidademarketing.com.br\\\/marketing\\\/2023\\\/01\\\/16\\\/campanha-prazeres-da-europa-queijos-da-franca-estreia-food-truck-de-hamburgueres\\\/#breadcrumb\"},\"inLanguage\":\"pt-BR\",\"potentialAction\":[{\"@type\":\"ReadAction\",\"target\":[\"https:\\\/\\\/www.cidademarketing.com.br\\\/marketing\\\/2023\\\/01\\\/16\\\/campanha-prazeres-da-europa-queijos-da-franca-estreia-food-truck-de-hamburgueres\\\/\"]}]},{\"@type\":\"ImageObject\",\"inLanguage\":\"pt-BR\",\"@id\":\"https:\\\/\\\/www.cidademarketing.com.br\\\/marketing\\\/2023\\\/01\\\/16\\\/campanha-prazeres-da-europa-queijos-da-franca-estreia-food-truck-de-hamburgueres\\\/#primaryimage\",\"url\":\"https:\\\/\\\/www.cidademarketing.com.br\\\/marketing\\\/wp-content\\\/uploads\\\/2023\\\/01\\\/prazeresdaeuropa_queijo.png\",\"contentUrl\":\"https:\\\/\\\/www.cidademarketing.com.br\\\/marketing\\\/wp-content\\\/uploads\\\/2023\\\/01\\\/prazeresdaeuropa_queijo.png\",\"width\":2000,\"height\":2000},{\"@type\":\"BreadcrumbList\",\"@id\":\"https:\\\/\\\/www.cidademarketing.com.br\\\/marketing\\\/2023\\\/01\\\/16\\\/campanha-prazeres-da-europa-queijos-da-franca-estreia-food-truck-de-hamburgueres\\\/#breadcrumb\",\"itemListElement\":[{\"@type\":\"ListItem\",\"position\":1,\"name\":\"In\u00edcio\",\"item\":\"https:\\\/\\\/www.cidademarketing.com.br\\\/marketing\\\/\"},{\"@type\":\"ListItem\",\"position\":2,\"name\":\"Campanha \u201cPrazeres da Europa Queijos da Fran\u00e7a\u201d estreia food truck de hamb\u00fargueres\"}]},{\"@type\":\"WebSite\",\"@id\":\"https:\\\/\\\/www.cidademarketing.com.br\\\/marketing\\\/#website\",\"url\":\"https:\\\/\\\/www.cidademarketing.com.br\\\/marketing\\\/\",\"name\":\"CidadeMarketing\",\"description\":\"Somos um ve\u00edculo de comunica\u00e7\u00e3o de destaque no Brasil, reconhecido por conte\u00fados nos segmentos de marketing, empreendedorismo e inova\u00e7\u00e3o.\",\"publisher\":{\"@id\":\"https:\\\/\\\/www.cidademarketing.com.br\\\/marketing\\\/#organization\"},\"alternateName\":\"CidadeMarketing\",\"potentialAction\":[{\"@type\":\"SearchAction\",\"target\":{\"@type\":\"EntryPoint\",\"urlTemplate\":\"https:\\\/\\\/www.cidademarketing.com.br\\\/marketing\\\/?s={search_term_string}\"},\"query-input\":{\"@type\":\"PropertyValueSpecification\",\"valueRequired\":true,\"valueName\":\"search_term_string\"}}],\"inLanguage\":\"pt-BR\"},{\"@type\":\"Organization\",\"@id\":\"https:\\\/\\\/www.cidademarketing.com.br\\\/marketing\\\/#organization\",\"name\":\"CidadeMarketing\",\"alternateName\":\"CidadeMarketing\",\"url\":\"https:\\\/\\\/www.cidademarketing.com.br\\\/marketing\\\/\",\"logo\":{\"@type\":\"ImageObject\",\"inLanguage\":\"pt-BR\",\"@id\":\"https:\\\/\\\/www.cidademarketing.com.br\\\/marketing\\\/#\\\/schema\\\/logo\\\/image\\\/\",\"url\":\"https:\\\/\\\/www.cidademarketing.com.br\\\/marketing\\\/wp-content\\\/uploads\\\/2020\\\/01\\\/cidademarketing_marca_mobile.png\",\"contentUrl\":\"https:\\\/\\\/www.cidademarketing.com.br\\\/marketing\\\/wp-content\\\/uploads\\\/2020\\\/01\\\/cidademarketing_marca_mobile.png\",\"width\":230,\"height\":92,\"caption\":\"CidadeMarketing\"},\"image\":{\"@id\":\"https:\\\/\\\/www.cidademarketing.com.br\\\/marketing\\\/#\\\/schema\\\/logo\\\/image\\\/\"},\"sameAs\":[\"https:\\\/\\\/www.facebook.com\\\/portalcidademarketing\",\"https:\\\/\\\/x.com\\\/CidadeMarketing\",\"https:\\\/\\\/www.instagram.com\\\/cidademarketing\\\/\"]},{\"@type\":\"Person\",\"@id\":\"https:\\\/\\\/www.cidademarketing.com.br\\\/marketing\\\/#\\\/schema\\\/person\\\/02daff9f18bd9378c9e01eb6b2db155f\",\"name\":\"Thales Brand\u00e3o\",\"image\":{\"@type\":\"ImageObject\",\"inLanguage\":\"pt-BR\",\"@id\":\"https:\\\/\\\/secure.gravatar.com\\\/avatar\\\/7ca3206950207cc3cb48feec56a8a7898741ab725c368d99d5d7a5a50aab80c6?s=96&d=mm&r=g\",\"url\":\"https:\\\/\\\/secure.gravatar.com\\\/avatar\\\/7ca3206950207cc3cb48feec56a8a7898741ab725c368d99d5d7a5a50aab80c6?s=96&d=mm&r=g\",\"contentUrl\":\"https:\\\/\\\/secure.gravatar.com\\\/avatar\\\/7ca3206950207cc3cb48feec56a8a7898741ab725c368d99d5d7a5a50aab80c6?s=96&d=mm&r=g\",\"caption\":\"Thales Brand\u00e3o\"},\"description\":\"Editor Executivo do Portal CidadeMarketing.com.br &gt; Mestre em Comunica\u00e7\u00e3o e Sociedade pela Universidade Federal de Sergipe. Possui MBA Executivo em Administra\u00e7\u00e3o com \u00eanfase em Marketing pela Funda\u00e7\u00e3o Get\u00falio Vargas - Rio de Janeiro. Consultor, Palestrante e Pesquisador sobre Empreendedorismo, Marketing, Redes Sociais e Neg\u00f3cios Digitais. Professor, Palestrante TedxTalks e Campus Party. Twitter: @ThalesBrandao\",\"sameAs\":[\"http:\\\/\\\/www.mandacaru.com.br\",\"https:\\\/\\\/www.facebook.com\\\/thalesbrandao\",\"http:\\\/\\\/www.instagram.com.br\\\/thalesbrandaoferreira\",\"https:\\\/\\\/www.linkedin.com\\\/in\\\/thales-brand\u00e3o-3948609\\\/\",\"https:\\\/\\\/x.com\\\/http:\\\/\\\/www.twitter.com\\\/thalesbrandao\"],\"url\":\"https:\\\/\\\/www.cidademarketing.com.br\\\/marketing\\\/author\\\/thalesbrandao\\\/\"}]}<\/script>\n<!-- \/ Yoast SEO plugin. -->","yoast_head_json":{"title":"Campanha \u201cPrazeres da Europa Queijos da Fran\u00e7a\u201d estreia food truck de hamb\u00fargueres - CidadeMarketing","robots":{"index":"index","follow":"follow","max-snippet":"max-snippet:-1","max-image-preview":"max-image-preview:large","max-video-preview":"max-video-preview:-1"},"canonical":"https:\/\/www.cidademarketing.com.br\/marketing\/2023\/01\/16\/campanha-prazeres-da-europa-queijos-da-franca-estreia-food-truck-de-hamburgueres\/","og_locale":"pt_BR","og_type":"article","og_title":"Campanha \u201cPrazeres da Europa Queijos da Fran\u00e7a\u201d estreia food truck de hamb\u00fargueres - CidadeMarketing","og_description":"Com o intuito de divulgar os sabores, texturas e hist\u00f3rias dos queijos europeus, sobretudo os da Fran\u00e7a, a campanha \u201cPrazeres da Europa | Queijos da Fran\u00e7a\u201d, idealizada pelo Centro Nacional da Economia Leiteira da Fran\u00e7a (CNIEL), em parceria com a Uni\u00e3o Europeia lan\u00e7a neste m\u00eas de janeiro sua primeira a\u00e7\u00e3o destinada ao consumidor final: o [&hellip;]","og_url":"https:\/\/www.cidademarketing.com.br\/marketing\/2023\/01\/16\/campanha-prazeres-da-europa-queijos-da-franca-estreia-food-truck-de-hamburgueres\/","og_site_name":"CidadeMarketing","article_publisher":"https:\/\/www.facebook.com\/portalcidademarketing","article_author":"https:\/\/www.facebook.com\/thalesbrandao","article_published_time":"2023-01-16T18:55:30+00:00","og_image":[{"width":2000,"height":2000,"url":"https:\/\/www.cidademarketing.com.br\/marketing\/wp-content\/uploads\/2023\/01\/prazeresdaeuropa_queijo.png","type":"image\/png"}],"author":"Thales Brand\u00e3o","twitter_card":"summary_large_image","twitter_creator":"@http:\/\/www.twitter.com\/thalesbrandao","twitter_site":"@CidadeMarketing","twitter_misc":{"Escrito por":"Thales Brand\u00e3o","Est. tempo de leitura":"2 minutos"},"schema":{"@context":"https:\/\/schema.org","@graph":[{"@type":"Article","@id":"https:\/\/www.cidademarketing.com.br\/marketing\/2023\/01\/16\/campanha-prazeres-da-europa-queijos-da-franca-estreia-food-truck-de-hamburgueres\/#article","isPartOf":{"@id":"https:\/\/www.cidademarketing.com.br\/marketing\/2023\/01\/16\/campanha-prazeres-da-europa-queijos-da-franca-estreia-food-truck-de-hamburgueres\/"},"author":{"name":"Thales Brand\u00e3o","@id":"https:\/\/www.cidademarketing.com.br\/marketing\/#\/schema\/person\/02daff9f18bd9378c9e01eb6b2db155f"},"headline":"Campanha \u201cPrazeres da Europa Queijos da Fran\u00e7a\u201d estreia food truck de hamb\u00fargueres","datePublished":"2023-01-16T18:55:30+00:00","mainEntityOfPage":{"@id":"https:\/\/www.cidademarketing.com.br\/marketing\/2023\/01\/16\/campanha-prazeres-da-europa-queijos-da-franca-estreia-food-truck-de-hamburgueres\/"},"wordCount":391,"commentCount":0,"publisher":{"@id":"https:\/\/www.cidademarketing.com.br\/marketing\/#organization"},"image":{"@id":"https:\/\/www.cidademarketing.com.br\/marketing\/2023\/01\/16\/campanha-prazeres-da-europa-queijos-da-franca-estreia-food-truck-de-hamburgueres\/#primaryimage"},"thumbnailUrl":"https:\/\/www.cidademarketing.com.br\/marketing\/wp-content\/uploads\/2023\/01\/prazeresdaeuropa_queijo.png","keywords":["Europa","Fran\u00e7a","gastronomia","marketing","marketing internacional","queijo"],"articleSection":["Not\u00edcias"],"inLanguage":"pt-BR","potentialAction":[{"@type":"CommentAction","name":"Comment","target":["https:\/\/www.cidademarketing.com.br\/marketing\/2023\/01\/16\/campanha-prazeres-da-europa-queijos-da-franca-estreia-food-truck-de-hamburgueres\/#respond"]}]},{"@type":"WebPage","@id":"https:\/\/www.cidademarketing.com.br\/marketing\/2023\/01\/16\/campanha-prazeres-da-europa-queijos-da-franca-estreia-food-truck-de-hamburgueres\/","url":"https:\/\/www.cidademarketing.com.br\/marketing\/2023\/01\/16\/campanha-prazeres-da-europa-queijos-da-franca-estreia-food-truck-de-hamburgueres\/","name":"Campanha \u201cPrazeres da Europa Queijos da Fran\u00e7a\u201d estreia food truck de hamb\u00fargueres - CidadeMarketing","isPartOf":{"@id":"https:\/\/www.cidademarketing.com.br\/marketing\/#website"},"primaryImageOfPage":{"@id":"https:\/\/www.cidademarketing.com.br\/marketing\/2023\/01\/16\/campanha-prazeres-da-europa-queijos-da-franca-estreia-food-truck-de-hamburgueres\/#primaryimage"},"image":{"@id":"https:\/\/www.cidademarketing.com.br\/marketing\/2023\/01\/16\/campanha-prazeres-da-europa-queijos-da-franca-estreia-food-truck-de-hamburgueres\/#primaryimage"},"thumbnailUrl":"https:\/\/www.cidademarketing.com.br\/marketing\/wp-content\/uploads\/2023\/01\/prazeresdaeuropa_queijo.png","datePublished":"2023-01-16T18:55:30+00:00","breadcrumb":{"@id":"https:\/\/www.cidademarketing.com.br\/marketing\/2023\/01\/16\/campanha-prazeres-da-europa-queijos-da-franca-estreia-food-truck-de-hamburgueres\/#breadcrumb"},"inLanguage":"pt-BR","potentialAction":[{"@type":"ReadAction","target":["https:\/\/www.cidademarketing.com.br\/marketing\/2023\/01\/16\/campanha-prazeres-da-europa-queijos-da-franca-estreia-food-truck-de-hamburgueres\/"]}]},{"@type":"ImageObject","inLanguage":"pt-BR","@id":"https:\/\/www.cidademarketing.com.br\/marketing\/2023\/01\/16\/campanha-prazeres-da-europa-queijos-da-franca-estreia-food-truck-de-hamburgueres\/#primaryimage","url":"https:\/\/www.cidademarketing.com.br\/marketing\/wp-content\/uploads\/2023\/01\/prazeresdaeuropa_queijo.png","contentUrl":"https:\/\/www.cidademarketing.com.br\/marketing\/wp-content\/uploads\/2023\/01\/prazeresdaeuropa_queijo.png","width":2000,"height":2000},{"@type":"BreadcrumbList","@id":"https:\/\/www.cidademarketing.com.br\/marketing\/2023\/01\/16\/campanha-prazeres-da-europa-queijos-da-franca-estreia-food-truck-de-hamburgueres\/#breadcrumb","itemListElement":[{"@type":"ListItem","position":1,"name":"In\u00edcio","item":"https:\/\/www.cidademarketing.com.br\/marketing\/"},{"@type":"ListItem","position":2,"name":"Campanha \u201cPrazeres da Europa Queijos da Fran\u00e7a\u201d estreia food truck de hamb\u00fargueres"}]},{"@type":"WebSite","@id":"https:\/\/www.cidademarketing.com.br\/marketing\/#website","url":"https:\/\/www.cidademarketing.com.br\/marketing\/","name":"CidadeMarketing","description":"Somos um ve\u00edculo de comunica\u00e7\u00e3o de destaque no Brasil, reconhecido por conte\u00fados nos segmentos de marketing, empreendedorismo e inova\u00e7\u00e3o.","publisher":{"@id":"https:\/\/www.cidademarketing.com.br\/marketing\/#organization"},"alternateName":"CidadeMarketing","potentialAction":[{"@type":"SearchAction","target":{"@type":"EntryPoint","urlTemplate":"https:\/\/www.cidademarketing.com.br\/marketing\/?s={search_term_string}"},"query-input":{"@type":"PropertyValueSpecification","valueRequired":true,"valueName":"search_term_string"}}],"inLanguage":"pt-BR"},{"@type":"Organization","@id":"https:\/\/www.cidademarketing.com.br\/marketing\/#organization","name":"CidadeMarketing","alternateName":"CidadeMarketing","url":"https:\/\/www.cidademarketing.com.br\/marketing\/","logo":{"@type":"ImageObject","inLanguage":"pt-BR","@id":"https:\/\/www.cidademarketing.com.br\/marketing\/#\/schema\/logo\/image\/","url":"https:\/\/www.cidademarketing.com.br\/marketing\/wp-content\/uploads\/2020\/01\/cidademarketing_marca_mobile.png","contentUrl":"https:\/\/www.cidademarketing.com.br\/marketing\/wp-content\/uploads\/2020\/01\/cidademarketing_marca_mobile.png","width":230,"height":92,"caption":"CidadeMarketing"},"image":{"@id":"https:\/\/www.cidademarketing.com.br\/marketing\/#\/schema\/logo\/image\/"},"sameAs":["https:\/\/www.facebook.com\/portalcidademarketing","https:\/\/x.com\/CidadeMarketing","https:\/\/www.instagram.com\/cidademarketing\/"]},{"@type":"Person","@id":"https:\/\/www.cidademarketing.com.br\/marketing\/#\/schema\/person\/02daff9f18bd9378c9e01eb6b2db155f","name":"Thales Brand\u00e3o","image":{"@type":"ImageObject","inLanguage":"pt-BR","@id":"https:\/\/secure.gravatar.com\/avatar\/7ca3206950207cc3cb48feec56a8a7898741ab725c368d99d5d7a5a50aab80c6?s=96&d=mm&r=g","url":"https:\/\/secure.gravatar.com\/avatar\/7ca3206950207cc3cb48feec56a8a7898741ab725c368d99d5d7a5a50aab80c6?s=96&d=mm&r=g","contentUrl":"https:\/\/secure.gravatar.com\/avatar\/7ca3206950207cc3cb48feec56a8a7898741ab725c368d99d5d7a5a50aab80c6?s=96&d=mm&r=g","caption":"Thales Brand\u00e3o"},"description":"Editor Executivo do Portal CidadeMarketing.com.br &gt; Mestre em Comunica\u00e7\u00e3o e Sociedade pela Universidade Federal de Sergipe. Possui MBA Executivo em Administra\u00e7\u00e3o com \u00eanfase em Marketing pela Funda\u00e7\u00e3o Get\u00falio Vargas - Rio de Janeiro. Consultor, Palestrante e Pesquisador sobre Empreendedorismo, Marketing, Redes Sociais e Neg\u00f3cios Digitais. Professor, Palestrante TedxTalks e Campus Party. Twitter: @ThalesBrandao","sameAs":["http:\/\/www.mandacaru.com.br","https:\/\/www.facebook.com\/thalesbrandao","http:\/\/www.instagram.com.br\/thalesbrandaoferreira","https:\/\/www.linkedin.com\/in\/thales-brand\u00e3o-3948609\/","https:\/\/x.com\/http:\/\/www.twitter.com\/thalesbrandao"],"url":"https:\/\/www.cidademarketing.com.br\/marketing\/author\/thalesbrandao\/"}]}},"amp_enabled":true,"_links":{"self":[{"href":"https:\/\/www.cidademarketing.com.br\/marketing\/wp-json\/wp\/v2\/posts\/42408","targetHints":{"allow":["GET"]}}],"collection":[{"href":"https:\/\/www.cidademarketing.com.br\/marketing\/wp-json\/wp\/v2\/posts"}],"about":[{"href":"https:\/\/www.cidademarketing.com.br\/marketing\/wp-json\/wp\/v2\/types\/post"}],"author":[{"embeddable":true,"href":"https:\/\/www.cidademarketing.com.br\/marketing\/wp-json\/wp\/v2\/users\/1"}],"replies":[{"embeddable":true,"href":"https:\/\/www.cidademarketing.com.br\/marketing\/wp-json\/wp\/v2\/comments?post=42408"}],"version-history":[{"count":1,"href":"https:\/\/www.cidademarketing.com.br\/marketing\/wp-json\/wp\/v2\/posts\/42408\/revisions"}],"predecessor-version":[{"id":42410,"href":"https:\/\/www.cidademarketing.com.br\/marketing\/wp-json\/wp\/v2\/posts\/42408\/revisions\/42410"}],"wp:featuredmedia":[{"embeddable":true,"href":"https:\/\/www.cidademarketing.com.br\/marketing\/wp-json\/wp\/v2\/media\/42409"}],"wp:attachment":[{"href":"https:\/\/www.cidademarketing.com.br\/marketing\/wp-json\/wp\/v2\/media?parent=42408"}],"wp:term":[{"taxonomy":"category","embeddable":true,"href":"https:\/\/www.cidademarketing.com.br\/marketing\/wp-json\/wp\/v2\/categories?post=42408"},{"taxonomy":"post_tag","embeddable":true,"href":"https:\/\/www.cidademarketing.com.br\/marketing\/wp-json\/wp\/v2\/tags?post=42408"}],"curies":[{"name":"wp","href":"https:\/\/api.w.org\/{rel}","templated":true}]}}