{"id":42405,"date":"2023-01-16T15:26:26","date_gmt":"2023-01-16T18:26:26","guid":{"rendered":"https:\/\/www.cidademarketing.com.br\/marketing\/?p=42405"},"modified":"2023-01-16T15:26:26","modified_gmt":"2023-01-16T18:26:26","slug":"fundacao-casas-bahia-e-instituto-dona-de-si-celebram-a-formacao-profissional-de-83-mulheres-empreendedoras-no-rj","status":"publish","type":"post","link":"https:\/\/www.cidademarketing.com.br\/marketing\/2023\/01\/16\/fundacao-casas-bahia-e-instituto-dona-de-si-celebram-a-formacao-profissional-de-83-mulheres-empreendedoras-no-rj\/","title":{"rendered":"Funda\u00e7\u00e3o Casas Bahia e Instituto Dona de Si celebram a forma\u00e7\u00e3o profissional de 83 mulheres empreendedoras no RJ"},"content":{"rendered":"<p>Nesta ter\u00e7a-feira (17\/01), a Funda\u00e7\u00e3o Casas Bahia, respons\u00e1vel pelas a\u00e7\u00f5es sociais da Via (dona da marca), e o Instituto Dona de Si celebram a conclus\u00e3o do curso Jornada Transformadora voltado para acelera\u00e7\u00e3o de mulheres empreendedoras do Rio de Janeiro (RJ). No evento, empreendedoras do Morro dos Prazeres, da comunidade do Fallet e da comunidade da Coroa, que foram mentoradas ao longo de 2022, participar\u00e3o de uma palestra com a atriz e escritora Suzana Pires, l\u00edder do projeto. A Funda\u00e7\u00e3o Casas Bahia, parceira da jornada, tamb\u00e9m entregar\u00e1 trof\u00e9us, bem como um reconhecimento financeiro para 20 alunas que se destacaram.<\/p>\n<p><iframe title=\"Spotify Embed: Podcast CidadeMarketing\" style=\"border-radius: 12px\" width=\"100%\" height=\"152\" frameborder=\"0\" allowfullscreen allow=\"autoplay; clipboard-write; encrypted-media; fullscreen; picture-in-picture\" loading=\"lazy\" src=\"https:\/\/open.spotify.com\/embed\/show\/4khMKzP3FgFRWVwb73xicc?si=252fe5bff2b34909&#038;utm_source=oembed\"><\/iframe><\/p>\n<p>Foram quase 200 horas de aprendizado por meio de aulas, palestras e mentorias individuais. Como resultado, as empreendedoras alcan\u00e7aram um aumento m\u00e9dio de 25% nos lucros dos neg\u00f3cios, bem como 50% de crescimento nas vendas.<\/p>\n<p>Jana\u00edna P\u00f3voa, 47 anos, \u00e9 uma dessa alunas. Vencedora da luta contra o c\u00e2ncer, ela precisou abandonar o CLT e trabalhar como aut\u00f4noma para seguir com o tratamento. Se profissionalizou na \u00e1rea da beleza como trancista e, com o suporte do instituto, resgatou sua autoestima, bem como uma renda mensal por meio de uma extensa cartela de clientes.<\/p>\n<p>J\u00e1 Sthefanie Karen, 25 anos, descobriu uma fonte de renda nos ensinamentos da av\u00f3: o croch\u00ea. Por meio dessa t\u00e9cnica, a jovem faz releituras criativas das principais tend\u00eancias da moda. Ap\u00f3s conhecer o Instituto Dona de Si, ela se formalizou como microempreendedora individual (MEI) e perdeu o medo das redes sociais. Hoje, Sthefanie comemora o aumento dos lucros fruto do conhecimento adquirido durante a forma\u00e7\u00e3o profissional.<\/p>\n<p>Para Nat\u00e1lia Menezes, gerente da FCB, a parceria com o instituto tem sido realmente transformadora. \u201cJuntos, empoderamos mulheres para que elas regatem a autoestima e sigam acreditando que s\u00e3o capazes de conquistar o que quiserem, seja na vida pessoal ou profissional. A iniciativa do Dona de Si est\u00e1 diretamente alinhada ao prop\u00f3sito da Funda\u00e7\u00e3o Casas Bahia de contribuir para o desenvolvimento social e diminuir desigualdades de g\u00eanero. Por isso, seguimos acreditando e investindo juntos\u201d, afirma a gestora.<\/p>\n<p>Jornada Transformadora<br \/>\nPor meio da Jornada Transformadora, o Dona de Si desenvolve um programa de forma\u00e7\u00e3o online em empreendedorismo e acelera\u00e7\u00e3o de neg\u00f3cios. A trilha de conhecimento inclui desenvolvimento pessoal, autoestima e empoderamento feminino; gest\u00e3o de neg\u00f3cios e organiza\u00e7\u00e3o financeira; comunica\u00e7\u00e3o e marketing; lideran\u00e7a e gest\u00e3o de crises; dicas de investimento, tributa\u00e7\u00e3o, direitos; empatia e autocuidado; intelig\u00eancia emocional e aulas pr\u00e1ticas de gera\u00e7\u00e3o de renda.<\/p>\n<p>As atividades tamb\u00e9m envolvem uma parceria com a Secretaria Municipal da Mulher para formaliza\u00e7\u00e3o do MEI e com a ONG Justiceiras, entidade que d\u00e1 suporte jur\u00eddico, m\u00e9dico e psicol\u00f3gico para mulheres v\u00edtimas de viol\u00eancia.<\/p>\n<p>A atriz Suzana Pires, idealizadora do projeto, explica que o objetivo \u00e9 atender as mulheres em toda complexidade da sua exist\u00eancia para que se desenvolvam profissionalmente e resgatem a autoestima. \u201cQualificamos sem esquecer do seu lado humano e emocional, muitas vezes fragilizados pelas dificuldades que enfrentam no dia a dia\u201d, afirma.<\/p>\n<p><iframe style=\"width: 100%; max-width: 660px; overflow: hidden; background: transparent;\" src=\"https:\/\/embed.podcasts.apple.com\/br\/podcast\/podcast-cidademarketing\/id1371923283\" height=\"450\" frameborder=\"0\" sandbox=\"allow-forms allow-popups allow-same-origin allow-scripts allow-storage-access-by-user-activation allow-top-navigation-by-user-activation\"><\/iframe><\/p>\n","protected":false},"excerpt":{"rendered":"<p>Nesta ter\u00e7a-feira (17\/01), a Funda\u00e7\u00e3o Casas Bahia, respons\u00e1vel pelas a\u00e7\u00f5es sociais da Via (dona da marca), e o Instituto Dona de Si celebram a conclus\u00e3o do curso Jornada Transformadora voltado para acelera\u00e7\u00e3o de mulheres empreendedoras do Rio de Janeiro (RJ). No evento, empreendedoras do Morro dos Prazeres, da comunidade do Fallet e da comunidade da [&hellip;]<\/p>\n","protected":false},"author":1,"featured_media":42406,"comment_status":"open","ping_status":"open","sticky":false,"template":"","format":"standard","meta":{"tdm_status":"","tdm_grid_status":"","footnotes":""},"categories":[6],"tags":[27,33,3840,28,177,176],"class_list":["post-42405","post","type-post","status-publish","format-standard","has-post-thumbnail","hentry","category-noticias","tag-empreendedorismo","tag-estrategia","tag-fundacao-casas-bahia","tag-marketing","tag-marketing-social","tag-sustentabilidade"],"yoast_head":"<!-- This site is optimized with the Yoast SEO plugin v27.5 - https:\/\/yoast.com\/product\/yoast-seo-wordpress\/ -->\n<title>Funda\u00e7\u00e3o Casas Bahia e Instituto Dona de Si celebram a forma\u00e7\u00e3o profissional de 83 mulheres empreendedoras no RJ - CidadeMarketing<\/title>\n<meta name=\"robots\" content=\"index, follow, max-snippet:-1, max-image-preview:large, max-video-preview:-1\" \/>\n<link rel=\"canonical\" href=\"https:\/\/www.cidademarketing.com.br\/marketing\/2023\/01\/16\/fundacao-casas-bahia-e-instituto-dona-de-si-celebram-a-formacao-profissional-de-83-mulheres-empreendedoras-no-rj\/\" \/>\n<meta property=\"og:locale\" content=\"pt_BR\" \/>\n<meta property=\"og:type\" content=\"article\" \/>\n<meta property=\"og:title\" content=\"Funda\u00e7\u00e3o Casas Bahia e Instituto Dona de Si celebram a forma\u00e7\u00e3o profissional de 83 mulheres empreendedoras no RJ - CidadeMarketing\" \/>\n<meta property=\"og:description\" content=\"Nesta ter\u00e7a-feira (17\/01), a Funda\u00e7\u00e3o Casas Bahia, respons\u00e1vel pelas a\u00e7\u00f5es sociais da Via (dona da marca), e o Instituto Dona de Si celebram a conclus\u00e3o do curso Jornada Transformadora voltado para acelera\u00e7\u00e3o de mulheres empreendedoras do Rio de Janeiro (RJ). No evento, empreendedoras do Morro dos Prazeres, da comunidade do Fallet e da comunidade da [&hellip;]\" \/>\n<meta property=\"og:url\" content=\"https:\/\/www.cidademarketing.com.br\/marketing\/2023\/01\/16\/fundacao-casas-bahia-e-instituto-dona-de-si-celebram-a-formacao-profissional-de-83-mulheres-empreendedoras-no-rj\/\" \/>\n<meta property=\"og:site_name\" content=\"CidadeMarketing\" \/>\n<meta property=\"article:publisher\" content=\"https:\/\/www.facebook.com\/portalcidademarketing\" \/>\n<meta property=\"article:author\" content=\"https:\/\/www.facebook.com\/thalesbrandao\" \/>\n<meta property=\"article:published_time\" content=\"2023-01-16T18:26:26+00:00\" \/>\n<meta property=\"og:image\" content=\"https:\/\/www.cidademarketing.com.br\/marketing\/wp-content\/uploads\/2023\/01\/empreendedorismo_feminino.jpg\" \/>\n\t<meta property=\"og:image:width\" content=\"1016\" \/>\n\t<meta property=\"og:image:height\" content=\"632\" \/>\n\t<meta property=\"og:image:type\" content=\"image\/jpeg\" \/>\n<meta name=\"author\" content=\"Thales Brand\u00e3o\" \/>\n<meta name=\"twitter:card\" content=\"summary_large_image\" \/>\n<meta name=\"twitter:creator\" content=\"@http:\/\/www.twitter.com\/thalesbrandao\" \/>\n<meta name=\"twitter:site\" content=\"@CidadeMarketing\" \/>\n<meta name=\"twitter:label1\" content=\"Escrito por\" \/>\n\t<meta name=\"twitter:data1\" content=\"Thales Brand\u00e3o\" \/>\n\t<meta name=\"twitter:label2\" content=\"Est. tempo de leitura\" \/>\n\t<meta name=\"twitter:data2\" content=\"3 minutos\" \/>\n<script type=\"application\/ld+json\" class=\"yoast-schema-graph\">{\"@context\":\"https:\\\/\\\/schema.org\",\"@graph\":[{\"@type\":\"Article\",\"@id\":\"https:\\\/\\\/www.cidademarketing.com.br\\\/marketing\\\/2023\\\/01\\\/16\\\/fundacao-casas-bahia-e-instituto-dona-de-si-celebram-a-formacao-profissional-de-83-mulheres-empreendedoras-no-rj\\\/#article\",\"isPartOf\":{\"@id\":\"https:\\\/\\\/www.cidademarketing.com.br\\\/marketing\\\/2023\\\/01\\\/16\\\/fundacao-casas-bahia-e-instituto-dona-de-si-celebram-a-formacao-profissional-de-83-mulheres-empreendedoras-no-rj\\\/\"},\"author\":{\"name\":\"Thales Brand\u00e3o\",\"@id\":\"https:\\\/\\\/www.cidademarketing.com.br\\\/marketing\\\/#\\\/schema\\\/person\\\/02daff9f18bd9378c9e01eb6b2db155f\"},\"headline\":\"Funda\u00e7\u00e3o Casas Bahia e Instituto Dona de Si celebram a forma\u00e7\u00e3o profissional de 83 mulheres empreendedoras no RJ\",\"datePublished\":\"2023-01-16T18:26:26+00:00\",\"mainEntityOfPage\":{\"@id\":\"https:\\\/\\\/www.cidademarketing.com.br\\\/marketing\\\/2023\\\/01\\\/16\\\/fundacao-casas-bahia-e-instituto-dona-de-si-celebram-a-formacao-profissional-de-83-mulheres-empreendedoras-no-rj\\\/\"},\"wordCount\":555,\"commentCount\":0,\"publisher\":{\"@id\":\"https:\\\/\\\/www.cidademarketing.com.br\\\/marketing\\\/#organization\"},\"image\":{\"@id\":\"https:\\\/\\\/www.cidademarketing.com.br\\\/marketing\\\/2023\\\/01\\\/16\\\/fundacao-casas-bahia-e-instituto-dona-de-si-celebram-a-formacao-profissional-de-83-mulheres-empreendedoras-no-rj\\\/#primaryimage\"},\"thumbnailUrl\":\"https:\\\/\\\/www.cidademarketing.com.br\\\/marketing\\\/wp-content\\\/uploads\\\/2023\\\/01\\\/empreendedorismo_feminino.jpg\",\"keywords\":[\"empreendedorismo\",\"estrat\u00e9gia\",\"Funda\u00e7\u00e3o Casas Bahia\",\"marketing\",\"marketing social\",\"sustentabilidade\"],\"articleSection\":[\"Not\u00edcias\"],\"inLanguage\":\"pt-BR\",\"potentialAction\":[{\"@type\":\"CommentAction\",\"name\":\"Comment\",\"target\":[\"https:\\\/\\\/www.cidademarketing.com.br\\\/marketing\\\/2023\\\/01\\\/16\\\/fundacao-casas-bahia-e-instituto-dona-de-si-celebram-a-formacao-profissional-de-83-mulheres-empreendedoras-no-rj\\\/#respond\"]}]},{\"@type\":\"WebPage\",\"@id\":\"https:\\\/\\\/www.cidademarketing.com.br\\\/marketing\\\/2023\\\/01\\\/16\\\/fundacao-casas-bahia-e-instituto-dona-de-si-celebram-a-formacao-profissional-de-83-mulheres-empreendedoras-no-rj\\\/\",\"url\":\"https:\\\/\\\/www.cidademarketing.com.br\\\/marketing\\\/2023\\\/01\\\/16\\\/fundacao-casas-bahia-e-instituto-dona-de-si-celebram-a-formacao-profissional-de-83-mulheres-empreendedoras-no-rj\\\/\",\"name\":\"Funda\u00e7\u00e3o Casas Bahia e Instituto Dona de Si celebram a forma\u00e7\u00e3o profissional de 83 mulheres empreendedoras no RJ - CidadeMarketing\",\"isPartOf\":{\"@id\":\"https:\\\/\\\/www.cidademarketing.com.br\\\/marketing\\\/#website\"},\"primaryImageOfPage\":{\"@id\":\"https:\\\/\\\/www.cidademarketing.com.br\\\/marketing\\\/2023\\\/01\\\/16\\\/fundacao-casas-bahia-e-instituto-dona-de-si-celebram-a-formacao-profissional-de-83-mulheres-empreendedoras-no-rj\\\/#primaryimage\"},\"image\":{\"@id\":\"https:\\\/\\\/www.cidademarketing.com.br\\\/marketing\\\/2023\\\/01\\\/16\\\/fundacao-casas-bahia-e-instituto-dona-de-si-celebram-a-formacao-profissional-de-83-mulheres-empreendedoras-no-rj\\\/#primaryimage\"},\"thumbnailUrl\":\"https:\\\/\\\/www.cidademarketing.com.br\\\/marketing\\\/wp-content\\\/uploads\\\/2023\\\/01\\\/empreendedorismo_feminino.jpg\",\"datePublished\":\"2023-01-16T18:26:26+00:00\",\"breadcrumb\":{\"@id\":\"https:\\\/\\\/www.cidademarketing.com.br\\\/marketing\\\/2023\\\/01\\\/16\\\/fundacao-casas-bahia-e-instituto-dona-de-si-celebram-a-formacao-profissional-de-83-mulheres-empreendedoras-no-rj\\\/#breadcrumb\"},\"inLanguage\":\"pt-BR\",\"potentialAction\":[{\"@type\":\"ReadAction\",\"target\":[\"https:\\\/\\\/www.cidademarketing.com.br\\\/marketing\\\/2023\\\/01\\\/16\\\/fundacao-casas-bahia-e-instituto-dona-de-si-celebram-a-formacao-profissional-de-83-mulheres-empreendedoras-no-rj\\\/\"]}]},{\"@type\":\"ImageObject\",\"inLanguage\":\"pt-BR\",\"@id\":\"https:\\\/\\\/www.cidademarketing.com.br\\\/marketing\\\/2023\\\/01\\\/16\\\/fundacao-casas-bahia-e-instituto-dona-de-si-celebram-a-formacao-profissional-de-83-mulheres-empreendedoras-no-rj\\\/#primaryimage\",\"url\":\"https:\\\/\\\/www.cidademarketing.com.br\\\/marketing\\\/wp-content\\\/uploads\\\/2023\\\/01\\\/empreendedorismo_feminino.jpg\",\"contentUrl\":\"https:\\\/\\\/www.cidademarketing.com.br\\\/marketing\\\/wp-content\\\/uploads\\\/2023\\\/01\\\/empreendedorismo_feminino.jpg\",\"width\":1016,\"height\":632,\"caption\":\"Mulheres empreendedora participam do curso Jornada Transformadora, realizado pelo Instituto Dona de Si, em parceria com a Funda\u00e7\u00e3o Casas Bahia. | Foto: Arquivo\"},{\"@type\":\"BreadcrumbList\",\"@id\":\"https:\\\/\\\/www.cidademarketing.com.br\\\/marketing\\\/2023\\\/01\\\/16\\\/fundacao-casas-bahia-e-instituto-dona-de-si-celebram-a-formacao-profissional-de-83-mulheres-empreendedoras-no-rj\\\/#breadcrumb\",\"itemListElement\":[{\"@type\":\"ListItem\",\"position\":1,\"name\":\"In\u00edcio\",\"item\":\"https:\\\/\\\/www.cidademarketing.com.br\\\/marketing\\\/\"},{\"@type\":\"ListItem\",\"position\":2,\"name\":\"Funda\u00e7\u00e3o Casas Bahia e Instituto Dona de Si celebram a forma\u00e7\u00e3o profissional de 83 mulheres empreendedoras no RJ\"}]},{\"@type\":\"WebSite\",\"@id\":\"https:\\\/\\\/www.cidademarketing.com.br\\\/marketing\\\/#website\",\"url\":\"https:\\\/\\\/www.cidademarketing.com.br\\\/marketing\\\/\",\"name\":\"CidadeMarketing\",\"description\":\"Somos um ve\u00edculo de comunica\u00e7\u00e3o de destaque no Brasil, reconhecido por conte\u00fados nos segmentos de marketing, empreendedorismo e inova\u00e7\u00e3o.\",\"publisher\":{\"@id\":\"https:\\\/\\\/www.cidademarketing.com.br\\\/marketing\\\/#organization\"},\"alternateName\":\"CidadeMarketing\",\"potentialAction\":[{\"@type\":\"SearchAction\",\"target\":{\"@type\":\"EntryPoint\",\"urlTemplate\":\"https:\\\/\\\/www.cidademarketing.com.br\\\/marketing\\\/?s={search_term_string}\"},\"query-input\":{\"@type\":\"PropertyValueSpecification\",\"valueRequired\":true,\"valueName\":\"search_term_string\"}}],\"inLanguage\":\"pt-BR\"},{\"@type\":\"Organization\",\"@id\":\"https:\\\/\\\/www.cidademarketing.com.br\\\/marketing\\\/#organization\",\"name\":\"CidadeMarketing\",\"alternateName\":\"CidadeMarketing\",\"url\":\"https:\\\/\\\/www.cidademarketing.com.br\\\/marketing\\\/\",\"logo\":{\"@type\":\"ImageObject\",\"inLanguage\":\"pt-BR\",\"@id\":\"https:\\\/\\\/www.cidademarketing.com.br\\\/marketing\\\/#\\\/schema\\\/logo\\\/image\\\/\",\"url\":\"https:\\\/\\\/www.cidademarketing.com.br\\\/marketing\\\/wp-content\\\/uploads\\\/2020\\\/01\\\/cidademarketing_marca_mobile.png\",\"contentUrl\":\"https:\\\/\\\/www.cidademarketing.com.br\\\/marketing\\\/wp-content\\\/uploads\\\/2020\\\/01\\\/cidademarketing_marca_mobile.png\",\"width\":230,\"height\":92,\"caption\":\"CidadeMarketing\"},\"image\":{\"@id\":\"https:\\\/\\\/www.cidademarketing.com.br\\\/marketing\\\/#\\\/schema\\\/logo\\\/image\\\/\"},\"sameAs\":[\"https:\\\/\\\/www.facebook.com\\\/portalcidademarketing\",\"https:\\\/\\\/x.com\\\/CidadeMarketing\",\"https:\\\/\\\/www.instagram.com\\\/cidademarketing\\\/\"]},{\"@type\":\"Person\",\"@id\":\"https:\\\/\\\/www.cidademarketing.com.br\\\/marketing\\\/#\\\/schema\\\/person\\\/02daff9f18bd9378c9e01eb6b2db155f\",\"name\":\"Thales Brand\u00e3o\",\"image\":{\"@type\":\"ImageObject\",\"inLanguage\":\"pt-BR\",\"@id\":\"https:\\\/\\\/secure.gravatar.com\\\/avatar\\\/7ca3206950207cc3cb48feec56a8a7898741ab725c368d99d5d7a5a50aab80c6?s=96&d=mm&r=g\",\"url\":\"https:\\\/\\\/secure.gravatar.com\\\/avatar\\\/7ca3206950207cc3cb48feec56a8a7898741ab725c368d99d5d7a5a50aab80c6?s=96&d=mm&r=g\",\"contentUrl\":\"https:\\\/\\\/secure.gravatar.com\\\/avatar\\\/7ca3206950207cc3cb48feec56a8a7898741ab725c368d99d5d7a5a50aab80c6?s=96&d=mm&r=g\",\"caption\":\"Thales Brand\u00e3o\"},\"description\":\"Editor Executivo do Portal CidadeMarketing.com.br &gt; Mestre em Comunica\u00e7\u00e3o e Sociedade pela Universidade Federal de Sergipe. Possui MBA Executivo em Administra\u00e7\u00e3o com \u00eanfase em Marketing pela Funda\u00e7\u00e3o Get\u00falio Vargas - Rio de Janeiro. Consultor, Palestrante e Pesquisador sobre Empreendedorismo, Marketing, Redes Sociais e Neg\u00f3cios Digitais. Professor, Palestrante TedxTalks e Campus Party. Twitter: @ThalesBrandao\",\"sameAs\":[\"http:\\\/\\\/www.mandacaru.com.br\",\"https:\\\/\\\/www.facebook.com\\\/thalesbrandao\",\"http:\\\/\\\/www.instagram.com.br\\\/thalesbrandaoferreira\",\"https:\\\/\\\/www.linkedin.com\\\/in\\\/thales-brand\u00e3o-3948609\\\/\",\"https:\\\/\\\/x.com\\\/http:\\\/\\\/www.twitter.com\\\/thalesbrandao\"],\"url\":\"https:\\\/\\\/www.cidademarketing.com.br\\\/marketing\\\/author\\\/thalesbrandao\\\/\"}]}<\/script>\n<!-- \/ Yoast SEO plugin. -->","yoast_head_json":{"title":"Funda\u00e7\u00e3o Casas Bahia e Instituto Dona de Si celebram a forma\u00e7\u00e3o profissional de 83 mulheres empreendedoras no RJ - CidadeMarketing","robots":{"index":"index","follow":"follow","max-snippet":"max-snippet:-1","max-image-preview":"max-image-preview:large","max-video-preview":"max-video-preview:-1"},"canonical":"https:\/\/www.cidademarketing.com.br\/marketing\/2023\/01\/16\/fundacao-casas-bahia-e-instituto-dona-de-si-celebram-a-formacao-profissional-de-83-mulheres-empreendedoras-no-rj\/","og_locale":"pt_BR","og_type":"article","og_title":"Funda\u00e7\u00e3o Casas Bahia e Instituto Dona de Si celebram a forma\u00e7\u00e3o profissional de 83 mulheres empreendedoras no RJ - CidadeMarketing","og_description":"Nesta ter\u00e7a-feira (17\/01), a Funda\u00e7\u00e3o Casas Bahia, respons\u00e1vel pelas a\u00e7\u00f5es sociais da Via (dona da marca), e o Instituto Dona de Si celebram a conclus\u00e3o do curso Jornada Transformadora voltado para acelera\u00e7\u00e3o de mulheres empreendedoras do Rio de Janeiro (RJ). No evento, empreendedoras do Morro dos Prazeres, da comunidade do Fallet e da comunidade da [&hellip;]","og_url":"https:\/\/www.cidademarketing.com.br\/marketing\/2023\/01\/16\/fundacao-casas-bahia-e-instituto-dona-de-si-celebram-a-formacao-profissional-de-83-mulheres-empreendedoras-no-rj\/","og_site_name":"CidadeMarketing","article_publisher":"https:\/\/www.facebook.com\/portalcidademarketing","article_author":"https:\/\/www.facebook.com\/thalesbrandao","article_published_time":"2023-01-16T18:26:26+00:00","og_image":[{"width":1016,"height":632,"url":"https:\/\/www.cidademarketing.com.br\/marketing\/wp-content\/uploads\/2023\/01\/empreendedorismo_feminino.jpg","type":"image\/jpeg"}],"author":"Thales Brand\u00e3o","twitter_card":"summary_large_image","twitter_creator":"@http:\/\/www.twitter.com\/thalesbrandao","twitter_site":"@CidadeMarketing","twitter_misc":{"Escrito por":"Thales Brand\u00e3o","Est. tempo de leitura":"3 minutos"},"schema":{"@context":"https:\/\/schema.org","@graph":[{"@type":"Article","@id":"https:\/\/www.cidademarketing.com.br\/marketing\/2023\/01\/16\/fundacao-casas-bahia-e-instituto-dona-de-si-celebram-a-formacao-profissional-de-83-mulheres-empreendedoras-no-rj\/#article","isPartOf":{"@id":"https:\/\/www.cidademarketing.com.br\/marketing\/2023\/01\/16\/fundacao-casas-bahia-e-instituto-dona-de-si-celebram-a-formacao-profissional-de-83-mulheres-empreendedoras-no-rj\/"},"author":{"name":"Thales Brand\u00e3o","@id":"https:\/\/www.cidademarketing.com.br\/marketing\/#\/schema\/person\/02daff9f18bd9378c9e01eb6b2db155f"},"headline":"Funda\u00e7\u00e3o Casas Bahia e Instituto Dona de Si celebram a forma\u00e7\u00e3o profissional de 83 mulheres empreendedoras no RJ","datePublished":"2023-01-16T18:26:26+00:00","mainEntityOfPage":{"@id":"https:\/\/www.cidademarketing.com.br\/marketing\/2023\/01\/16\/fundacao-casas-bahia-e-instituto-dona-de-si-celebram-a-formacao-profissional-de-83-mulheres-empreendedoras-no-rj\/"},"wordCount":555,"commentCount":0,"publisher":{"@id":"https:\/\/www.cidademarketing.com.br\/marketing\/#organization"},"image":{"@id":"https:\/\/www.cidademarketing.com.br\/marketing\/2023\/01\/16\/fundacao-casas-bahia-e-instituto-dona-de-si-celebram-a-formacao-profissional-de-83-mulheres-empreendedoras-no-rj\/#primaryimage"},"thumbnailUrl":"https:\/\/www.cidademarketing.com.br\/marketing\/wp-content\/uploads\/2023\/01\/empreendedorismo_feminino.jpg","keywords":["empreendedorismo","estrat\u00e9gia","Funda\u00e7\u00e3o Casas Bahia","marketing","marketing social","sustentabilidade"],"articleSection":["Not\u00edcias"],"inLanguage":"pt-BR","potentialAction":[{"@type":"CommentAction","name":"Comment","target":["https:\/\/www.cidademarketing.com.br\/marketing\/2023\/01\/16\/fundacao-casas-bahia-e-instituto-dona-de-si-celebram-a-formacao-profissional-de-83-mulheres-empreendedoras-no-rj\/#respond"]}]},{"@type":"WebPage","@id":"https:\/\/www.cidademarketing.com.br\/marketing\/2023\/01\/16\/fundacao-casas-bahia-e-instituto-dona-de-si-celebram-a-formacao-profissional-de-83-mulheres-empreendedoras-no-rj\/","url":"https:\/\/www.cidademarketing.com.br\/marketing\/2023\/01\/16\/fundacao-casas-bahia-e-instituto-dona-de-si-celebram-a-formacao-profissional-de-83-mulheres-empreendedoras-no-rj\/","name":"Funda\u00e7\u00e3o Casas Bahia e Instituto Dona de Si celebram a forma\u00e7\u00e3o profissional de 83 mulheres empreendedoras no RJ - CidadeMarketing","isPartOf":{"@id":"https:\/\/www.cidademarketing.com.br\/marketing\/#website"},"primaryImageOfPage":{"@id":"https:\/\/www.cidademarketing.com.br\/marketing\/2023\/01\/16\/fundacao-casas-bahia-e-instituto-dona-de-si-celebram-a-formacao-profissional-de-83-mulheres-empreendedoras-no-rj\/#primaryimage"},"image":{"@id":"https:\/\/www.cidademarketing.com.br\/marketing\/2023\/01\/16\/fundacao-casas-bahia-e-instituto-dona-de-si-celebram-a-formacao-profissional-de-83-mulheres-empreendedoras-no-rj\/#primaryimage"},"thumbnailUrl":"https:\/\/www.cidademarketing.com.br\/marketing\/wp-content\/uploads\/2023\/01\/empreendedorismo_feminino.jpg","datePublished":"2023-01-16T18:26:26+00:00","breadcrumb":{"@id":"https:\/\/www.cidademarketing.com.br\/marketing\/2023\/01\/16\/fundacao-casas-bahia-e-instituto-dona-de-si-celebram-a-formacao-profissional-de-83-mulheres-empreendedoras-no-rj\/#breadcrumb"},"inLanguage":"pt-BR","potentialAction":[{"@type":"ReadAction","target":["https:\/\/www.cidademarketing.com.br\/marketing\/2023\/01\/16\/fundacao-casas-bahia-e-instituto-dona-de-si-celebram-a-formacao-profissional-de-83-mulheres-empreendedoras-no-rj\/"]}]},{"@type":"ImageObject","inLanguage":"pt-BR","@id":"https:\/\/www.cidademarketing.com.br\/marketing\/2023\/01\/16\/fundacao-casas-bahia-e-instituto-dona-de-si-celebram-a-formacao-profissional-de-83-mulheres-empreendedoras-no-rj\/#primaryimage","url":"https:\/\/www.cidademarketing.com.br\/marketing\/wp-content\/uploads\/2023\/01\/empreendedorismo_feminino.jpg","contentUrl":"https:\/\/www.cidademarketing.com.br\/marketing\/wp-content\/uploads\/2023\/01\/empreendedorismo_feminino.jpg","width":1016,"height":632,"caption":"Mulheres empreendedora participam do curso Jornada Transformadora, realizado pelo Instituto Dona de Si, em parceria com a Funda\u00e7\u00e3o Casas Bahia. | Foto: Arquivo"},{"@type":"BreadcrumbList","@id":"https:\/\/www.cidademarketing.com.br\/marketing\/2023\/01\/16\/fundacao-casas-bahia-e-instituto-dona-de-si-celebram-a-formacao-profissional-de-83-mulheres-empreendedoras-no-rj\/#breadcrumb","itemListElement":[{"@type":"ListItem","position":1,"name":"In\u00edcio","item":"https:\/\/www.cidademarketing.com.br\/marketing\/"},{"@type":"ListItem","position":2,"name":"Funda\u00e7\u00e3o Casas Bahia e Instituto Dona de Si celebram a forma\u00e7\u00e3o profissional de 83 mulheres empreendedoras no RJ"}]},{"@type":"WebSite","@id":"https:\/\/www.cidademarketing.com.br\/marketing\/#website","url":"https:\/\/www.cidademarketing.com.br\/marketing\/","name":"CidadeMarketing","description":"Somos um ve\u00edculo de comunica\u00e7\u00e3o de destaque no Brasil, reconhecido por conte\u00fados nos segmentos de marketing, empreendedorismo e inova\u00e7\u00e3o.","publisher":{"@id":"https:\/\/www.cidademarketing.com.br\/marketing\/#organization"},"alternateName":"CidadeMarketing","potentialAction":[{"@type":"SearchAction","target":{"@type":"EntryPoint","urlTemplate":"https:\/\/www.cidademarketing.com.br\/marketing\/?s={search_term_string}"},"query-input":{"@type":"PropertyValueSpecification","valueRequired":true,"valueName":"search_term_string"}}],"inLanguage":"pt-BR"},{"@type":"Organization","@id":"https:\/\/www.cidademarketing.com.br\/marketing\/#organization","name":"CidadeMarketing","alternateName":"CidadeMarketing","url":"https:\/\/www.cidademarketing.com.br\/marketing\/","logo":{"@type":"ImageObject","inLanguage":"pt-BR","@id":"https:\/\/www.cidademarketing.com.br\/marketing\/#\/schema\/logo\/image\/","url":"https:\/\/www.cidademarketing.com.br\/marketing\/wp-content\/uploads\/2020\/01\/cidademarketing_marca_mobile.png","contentUrl":"https:\/\/www.cidademarketing.com.br\/marketing\/wp-content\/uploads\/2020\/01\/cidademarketing_marca_mobile.png","width":230,"height":92,"caption":"CidadeMarketing"},"image":{"@id":"https:\/\/www.cidademarketing.com.br\/marketing\/#\/schema\/logo\/image\/"},"sameAs":["https:\/\/www.facebook.com\/portalcidademarketing","https:\/\/x.com\/CidadeMarketing","https:\/\/www.instagram.com\/cidademarketing\/"]},{"@type":"Person","@id":"https:\/\/www.cidademarketing.com.br\/marketing\/#\/schema\/person\/02daff9f18bd9378c9e01eb6b2db155f","name":"Thales Brand\u00e3o","image":{"@type":"ImageObject","inLanguage":"pt-BR","@id":"https:\/\/secure.gravatar.com\/avatar\/7ca3206950207cc3cb48feec56a8a7898741ab725c368d99d5d7a5a50aab80c6?s=96&d=mm&r=g","url":"https:\/\/secure.gravatar.com\/avatar\/7ca3206950207cc3cb48feec56a8a7898741ab725c368d99d5d7a5a50aab80c6?s=96&d=mm&r=g","contentUrl":"https:\/\/secure.gravatar.com\/avatar\/7ca3206950207cc3cb48feec56a8a7898741ab725c368d99d5d7a5a50aab80c6?s=96&d=mm&r=g","caption":"Thales Brand\u00e3o"},"description":"Editor Executivo do Portal CidadeMarketing.com.br &gt; Mestre em Comunica\u00e7\u00e3o e Sociedade pela Universidade Federal de Sergipe. Possui MBA Executivo em Administra\u00e7\u00e3o com \u00eanfase em Marketing pela Funda\u00e7\u00e3o Get\u00falio Vargas - Rio de Janeiro. Consultor, Palestrante e Pesquisador sobre Empreendedorismo, Marketing, Redes Sociais e Neg\u00f3cios Digitais. Professor, Palestrante TedxTalks e Campus Party. Twitter: @ThalesBrandao","sameAs":["http:\/\/www.mandacaru.com.br","https:\/\/www.facebook.com\/thalesbrandao","http:\/\/www.instagram.com.br\/thalesbrandaoferreira","https:\/\/www.linkedin.com\/in\/thales-brand\u00e3o-3948609\/","https:\/\/x.com\/http:\/\/www.twitter.com\/thalesbrandao"],"url":"https:\/\/www.cidademarketing.com.br\/marketing\/author\/thalesbrandao\/"}]}},"amp_enabled":true,"_links":{"self":[{"href":"https:\/\/www.cidademarketing.com.br\/marketing\/wp-json\/wp\/v2\/posts\/42405","targetHints":{"allow":["GET"]}}],"collection":[{"href":"https:\/\/www.cidademarketing.com.br\/marketing\/wp-json\/wp\/v2\/posts"}],"about":[{"href":"https:\/\/www.cidademarketing.com.br\/marketing\/wp-json\/wp\/v2\/types\/post"}],"author":[{"embeddable":true,"href":"https:\/\/www.cidademarketing.com.br\/marketing\/wp-json\/wp\/v2\/users\/1"}],"replies":[{"embeddable":true,"href":"https:\/\/www.cidademarketing.com.br\/marketing\/wp-json\/wp\/v2\/comments?post=42405"}],"version-history":[{"count":1,"href":"https:\/\/www.cidademarketing.com.br\/marketing\/wp-json\/wp\/v2\/posts\/42405\/revisions"}],"predecessor-version":[{"id":42407,"href":"https:\/\/www.cidademarketing.com.br\/marketing\/wp-json\/wp\/v2\/posts\/42405\/revisions\/42407"}],"wp:featuredmedia":[{"embeddable":true,"href":"https:\/\/www.cidademarketing.com.br\/marketing\/wp-json\/wp\/v2\/media\/42406"}],"wp:attachment":[{"href":"https:\/\/www.cidademarketing.com.br\/marketing\/wp-json\/wp\/v2\/media?parent=42405"}],"wp:term":[{"taxonomy":"category","embeddable":true,"href":"https:\/\/www.cidademarketing.com.br\/marketing\/wp-json\/wp\/v2\/categories?post=42405"},{"taxonomy":"post_tag","embeddable":true,"href":"https:\/\/www.cidademarketing.com.br\/marketing\/wp-json\/wp\/v2\/tags?post=42405"}],"curies":[{"name":"wp","href":"https:\/\/api.w.org\/{rel}","templated":true}]}}