{"id":42396,"date":"2023-01-15T23:29:58","date_gmt":"2023-01-16T02:29:58","guid":{"rendered":"https:\/\/www.cidademarketing.com.br\/marketing\/?p=42396"},"modified":"2023-01-15T23:29:58","modified_gmt":"2023-01-16T02:29:58","slug":"pague-menos-inaugura-loja-conceito-em-recife-no-bairro-de-boa-viagem","status":"publish","type":"post","link":"https:\/\/www.cidademarketing.com.br\/marketing\/2023\/01\/15\/pague-menos-inaugura-loja-conceito-em-recife-no-bairro-de-boa-viagem\/","title":{"rendered":"Pague Menos inaugura loja conceito em Recife no bairro de Boa Viagem"},"content":{"rendered":"<p>N\u00e3o \u00e9 s\u00f3 o game mais vigiado do pa\u00eds que tem sua casa de vidro, a Pague Menos inaugura a sua segunda loja conceito, dessa vez em Recife, uma unidade com toda extens\u00e3o da fachada com fechamento em vidro laminado temperado com fixa\u00e7\u00e3o pelo sistema spider glass, com revestimento por pel\u00edcula especial de 98% de efici\u00eancia contra raios UV. Toda essa abertura revestida em vidro, foi pensada para dar visibilidade da \u00e1rea interna da loja para qualquer pessoa que esteja transitando pelas avenidas. \u00c0 noite, a unidade ganha mais destaque com ilumina\u00e7\u00e3o em LED, que a transforma em um grande cubo transparente iluminado.<\/p>\n<p><iframe title=\"Spotify Embed: Podcast CidadeMarketing\" style=\"border-radius: 12px\" width=\"100%\" height=\"152\" frameborder=\"0\" allowfullscreen allow=\"autoplay; clipboard-write; encrypted-media; fullscreen; picture-in-picture\" loading=\"lazy\" src=\"https:\/\/open.spotify.com\/embed\/show\/4khMKzP3FgFRWVwb73xicc?si=252fe5bff2b34909&#038;utm_source=oembed\"><\/iframe><\/p>\n<p>O design do mobili\u00e1rio \u00e9 outro diferencial, que foi desenvolvido de forma personalizada para essa loja, com g\u00f4ndolas unindo madeira e metal, proporcionado um ar de sofistica\u00e7\u00e3o e modernidade. A loja conta com um mix ampliado de dermocosm\u00e9ticos, com 25% de SKUs adicionais e sortimento completo de marcas como Skinceuticals, Isdinceutics, Hada Labo, Ducray, Adcos, Bioderma, Neostrata, Dermage, USK 4U entre outras.<\/p>\n<p>A unidade de Recife tamb\u00e9m conta com Clinic Farma, consult\u00f3rio farmac\u00eautico da Pague Menos, com dois ambientes, um para triagem e outro para procedimentos. O Clinic Farma est\u00e1 presente em mais de 900 unidades da rede e oferece cerca de 60 servi\u00e7os, entre eles, testes laboratoriais remotos, vacinas e acompanhamento de doen\u00e7as cr\u00f4nicas como diabetes e hipertens\u00e3o.<\/p>\n<p>Entre os servi\u00e7os disponibilizados est\u00e3o ainda dois self-checkouts, entrega tamb\u00e9m por Tuk Tuk, ve\u00edculo el\u00e9trico e n\u00e3o poluente; Prateleira Infinita, programa em que se o cliente n\u00e3o encontrar o medicamento na loja onde fez a consulta, poder\u00e1 receb\u00ea-lo em at\u00e9 4 horas em sua casa, sem custo de frete e Clique e Retire, em que pode retirar seus itens em uma loja f\u00edsica apenas uma hora depois da confirma\u00e7\u00e3o do pagamento da compra feita pelo site, app ou televendas.<\/p>\n<p>A loja fica na Av. Conselheiro Aguiar, 4074 em Boa Viagem, funciona todos os dias, incluindo feriado, das 7h \u00e0 meia noite e a partir de 1\u00ba de fevereiro atender\u00e1 24h. A unidade tem 330m\u00b2 de \u00e1rea constru\u00edda e conta com dois pavimentos: o t\u00e9rreo, onde est\u00e1 localizada a \u00e1rea de vendas e p\u00e9 direito duplo, e o piso superior, reservado para estoque e escrit\u00f3rios. Os clientes ainda contam com \u00e1rea de manobra interna para 16 carros.<\/p>\n<p>A abertura da Pague Menos conceito em Recife faz parte do plano de expans\u00e3o no Norte e Nordeste, onde j\u00e1 \u00e9 l\u00edder de mercado e principal hub de sa\u00fade da classe m\u00e9dia brasileira. \u00c9 tamb\u00e9m a primeira rede de varejo farmac\u00eautico a estar presente em todos os estados brasileiros e no Distrito Federal, desde 2009. \u201cNosso plano de expans\u00e3o continua forte e esta \u00e9 mais uma das unidades que nos d\u00e1 orgulho. As lojas conceitos s\u00e3o importantes porque trazem uma experi\u00eancia de compra marcante ao consumidor, al\u00e9m de anteciparem tend\u00eancias de mercado. A primeira unidade do tipo foi aberta em Fortaleza, sede da empresa, e s\u00e3o lojas que nos d\u00e3o muito orgulho\u201d, afirma Jos\u00e9 Rafael Vasquez, VP de Opera\u00e7\u00f5es e Real Estate.<\/p>\n<p><iframe style=\"width: 100%; max-width: 660px; overflow: hidden; background: transparent;\" src=\"https:\/\/embed.podcasts.apple.com\/br\/podcast\/podcast-cidademarketing\/id1371923283\" height=\"450\" frameborder=\"0\" sandbox=\"allow-forms allow-popups allow-same-origin allow-scripts allow-storage-access-by-user-activation allow-top-navigation-by-user-activation\"><\/iframe><\/p>\n","protected":false},"excerpt":{"rendered":"<p>N\u00e3o \u00e9 s\u00f3 o game mais vigiado do pa\u00eds que tem sua casa de vidro, a Pague Menos inaugura a sua segunda loja conceito, dessa vez em Recife, uma unidade com toda extens\u00e3o da fachada com fechamento em vidro laminado temperado com fixa\u00e7\u00e3o pelo sistema spider glass, com revestimento por pel\u00edcula especial de 98% de [&hellip;]<\/p>\n","protected":false},"author":1,"featured_media":42397,"comment_status":"open","ping_status":"open","sticky":false,"template":"","format":"standard","meta":{"tdm_status":"","tdm_grid_status":"","footnotes":""},"categories":[6],"tags":[65,33,37,28,472,1510],"class_list":["post-42396","post","type-post","status-publish","format-standard","has-post-thumbnail","hentry","category-noticias","tag-campanha","tag-estrategia","tag-marca","tag-marketing","tag-pague-menos","tag-recife"],"yoast_head":"<!-- This site is optimized with the Yoast SEO plugin v27.5 - https:\/\/yoast.com\/product\/yoast-seo-wordpress\/ -->\n<title>Pague Menos inaugura loja conceito em Recife no bairro de Boa Viagem - CidadeMarketing<\/title>\n<meta name=\"robots\" content=\"index, follow, max-snippet:-1, max-image-preview:large, max-video-preview:-1\" \/>\n<link rel=\"canonical\" href=\"https:\/\/www.cidademarketing.com.br\/marketing\/2023\/01\/15\/pague-menos-inaugura-loja-conceito-em-recife-no-bairro-de-boa-viagem\/\" \/>\n<meta property=\"og:locale\" content=\"pt_BR\" \/>\n<meta property=\"og:type\" content=\"article\" \/>\n<meta property=\"og:title\" content=\"Pague Menos inaugura loja conceito em Recife no bairro de Boa Viagem - CidadeMarketing\" \/>\n<meta property=\"og:description\" content=\"N\u00e3o \u00e9 s\u00f3 o game mais vigiado do pa\u00eds que tem sua casa de vidro, a Pague Menos inaugura a sua segunda loja conceito, dessa vez em Recife, uma unidade com toda extens\u00e3o da fachada com fechamento em vidro laminado temperado com fixa\u00e7\u00e3o pelo sistema spider glass, com revestimento por pel\u00edcula especial de 98% de [&hellip;]\" \/>\n<meta property=\"og:url\" content=\"https:\/\/www.cidademarketing.com.br\/marketing\/2023\/01\/15\/pague-menos-inaugura-loja-conceito-em-recife-no-bairro-de-boa-viagem\/\" \/>\n<meta property=\"og:site_name\" content=\"CidadeMarketing\" \/>\n<meta property=\"article:publisher\" content=\"https:\/\/www.facebook.com\/portalcidademarketing\" \/>\n<meta property=\"article:author\" content=\"https:\/\/www.facebook.com\/thalesbrandao\" \/>\n<meta property=\"article:published_time\" content=\"2023-01-16T02:29:58+00:00\" \/>\n<meta property=\"og:image\" content=\"https:\/\/www.cidademarketing.com.br\/marketing\/wp-content\/uploads\/2023\/01\/novapague_menos_recife.jpg\" \/>\n\t<meta property=\"og:image:width\" content=\"800\" \/>\n\t<meta property=\"og:image:height\" content=\"692\" \/>\n\t<meta property=\"og:image:type\" content=\"image\/jpeg\" \/>\n<meta name=\"author\" content=\"Thales Brand\u00e3o\" \/>\n<meta name=\"twitter:card\" content=\"summary_large_image\" \/>\n<meta name=\"twitter:creator\" content=\"@http:\/\/www.twitter.com\/thalesbrandao\" \/>\n<meta name=\"twitter:site\" content=\"@CidadeMarketing\" \/>\n<meta name=\"twitter:label1\" content=\"Escrito por\" \/>\n\t<meta name=\"twitter:data1\" content=\"Thales Brand\u00e3o\" \/>\n\t<meta name=\"twitter:label2\" content=\"Est. tempo de leitura\" \/>\n\t<meta name=\"twitter:data2\" content=\"3 minutos\" \/>\n<script type=\"application\/ld+json\" class=\"yoast-schema-graph\">{\"@context\":\"https:\\\/\\\/schema.org\",\"@graph\":[{\"@type\":\"Article\",\"@id\":\"https:\\\/\\\/www.cidademarketing.com.br\\\/marketing\\\/2023\\\/01\\\/15\\\/pague-menos-inaugura-loja-conceito-em-recife-no-bairro-de-boa-viagem\\\/#article\",\"isPartOf\":{\"@id\":\"https:\\\/\\\/www.cidademarketing.com.br\\\/marketing\\\/2023\\\/01\\\/15\\\/pague-menos-inaugura-loja-conceito-em-recife-no-bairro-de-boa-viagem\\\/\"},\"author\":{\"name\":\"Thales Brand\u00e3o\",\"@id\":\"https:\\\/\\\/www.cidademarketing.com.br\\\/marketing\\\/#\\\/schema\\\/person\\\/02daff9f18bd9378c9e01eb6b2db155f\"},\"headline\":\"Pague Menos inaugura loja conceito em Recife no bairro de Boa Viagem\",\"datePublished\":\"2023-01-16T02:29:58+00:00\",\"mainEntityOfPage\":{\"@id\":\"https:\\\/\\\/www.cidademarketing.com.br\\\/marketing\\\/2023\\\/01\\\/15\\\/pague-menos-inaugura-loja-conceito-em-recife-no-bairro-de-boa-viagem\\\/\"},\"wordCount\":555,\"commentCount\":0,\"publisher\":{\"@id\":\"https:\\\/\\\/www.cidademarketing.com.br\\\/marketing\\\/#organization\"},\"image\":{\"@id\":\"https:\\\/\\\/www.cidademarketing.com.br\\\/marketing\\\/2023\\\/01\\\/15\\\/pague-menos-inaugura-loja-conceito-em-recife-no-bairro-de-boa-viagem\\\/#primaryimage\"},\"thumbnailUrl\":\"https:\\\/\\\/www.cidademarketing.com.br\\\/marketing\\\/wp-content\\\/uploads\\\/2023\\\/01\\\/novapague_menos_recife.jpg\",\"keywords\":[\"campanha\",\"estrat\u00e9gia\",\"marca\",\"marketing\",\"Pague Menos\",\"Recife\"],\"articleSection\":[\"Not\u00edcias\"],\"inLanguage\":\"pt-BR\",\"potentialAction\":[{\"@type\":\"CommentAction\",\"name\":\"Comment\",\"target\":[\"https:\\\/\\\/www.cidademarketing.com.br\\\/marketing\\\/2023\\\/01\\\/15\\\/pague-menos-inaugura-loja-conceito-em-recife-no-bairro-de-boa-viagem\\\/#respond\"]}]},{\"@type\":\"WebPage\",\"@id\":\"https:\\\/\\\/www.cidademarketing.com.br\\\/marketing\\\/2023\\\/01\\\/15\\\/pague-menos-inaugura-loja-conceito-em-recife-no-bairro-de-boa-viagem\\\/\",\"url\":\"https:\\\/\\\/www.cidademarketing.com.br\\\/marketing\\\/2023\\\/01\\\/15\\\/pague-menos-inaugura-loja-conceito-em-recife-no-bairro-de-boa-viagem\\\/\",\"name\":\"Pague Menos inaugura loja conceito em Recife no bairro de Boa Viagem - CidadeMarketing\",\"isPartOf\":{\"@id\":\"https:\\\/\\\/www.cidademarketing.com.br\\\/marketing\\\/#website\"},\"primaryImageOfPage\":{\"@id\":\"https:\\\/\\\/www.cidademarketing.com.br\\\/marketing\\\/2023\\\/01\\\/15\\\/pague-menos-inaugura-loja-conceito-em-recife-no-bairro-de-boa-viagem\\\/#primaryimage\"},\"image\":{\"@id\":\"https:\\\/\\\/www.cidademarketing.com.br\\\/marketing\\\/2023\\\/01\\\/15\\\/pague-menos-inaugura-loja-conceito-em-recife-no-bairro-de-boa-viagem\\\/#primaryimage\"},\"thumbnailUrl\":\"https:\\\/\\\/www.cidademarketing.com.br\\\/marketing\\\/wp-content\\\/uploads\\\/2023\\\/01\\\/novapague_menos_recife.jpg\",\"datePublished\":\"2023-01-16T02:29:58+00:00\",\"breadcrumb\":{\"@id\":\"https:\\\/\\\/www.cidademarketing.com.br\\\/marketing\\\/2023\\\/01\\\/15\\\/pague-menos-inaugura-loja-conceito-em-recife-no-bairro-de-boa-viagem\\\/#breadcrumb\"},\"inLanguage\":\"pt-BR\",\"potentialAction\":[{\"@type\":\"ReadAction\",\"target\":[\"https:\\\/\\\/www.cidademarketing.com.br\\\/marketing\\\/2023\\\/01\\\/15\\\/pague-menos-inaugura-loja-conceito-em-recife-no-bairro-de-boa-viagem\\\/\"]}]},{\"@type\":\"ImageObject\",\"inLanguage\":\"pt-BR\",\"@id\":\"https:\\\/\\\/www.cidademarketing.com.br\\\/marketing\\\/2023\\\/01\\\/15\\\/pague-menos-inaugura-loja-conceito-em-recife-no-bairro-de-boa-viagem\\\/#primaryimage\",\"url\":\"https:\\\/\\\/www.cidademarketing.com.br\\\/marketing\\\/wp-content\\\/uploads\\\/2023\\\/01\\\/novapague_menos_recife.jpg\",\"contentUrl\":\"https:\\\/\\\/www.cidademarketing.com.br\\\/marketing\\\/wp-content\\\/uploads\\\/2023\\\/01\\\/novapague_menos_recife.jpg\",\"width\":800,\"height\":692,\"caption\":\"Divulga\u00e7\u00e3o\"},{\"@type\":\"BreadcrumbList\",\"@id\":\"https:\\\/\\\/www.cidademarketing.com.br\\\/marketing\\\/2023\\\/01\\\/15\\\/pague-menos-inaugura-loja-conceito-em-recife-no-bairro-de-boa-viagem\\\/#breadcrumb\",\"itemListElement\":[{\"@type\":\"ListItem\",\"position\":1,\"name\":\"In\u00edcio\",\"item\":\"https:\\\/\\\/www.cidademarketing.com.br\\\/marketing\\\/\"},{\"@type\":\"ListItem\",\"position\":2,\"name\":\"Pague Menos inaugura loja conceito em Recife no bairro de Boa Viagem\"}]},{\"@type\":\"WebSite\",\"@id\":\"https:\\\/\\\/www.cidademarketing.com.br\\\/marketing\\\/#website\",\"url\":\"https:\\\/\\\/www.cidademarketing.com.br\\\/marketing\\\/\",\"name\":\"CidadeMarketing\",\"description\":\"Somos um ve\u00edculo de comunica\u00e7\u00e3o de destaque no Brasil, reconhecido por conte\u00fados nos segmentos de marketing, empreendedorismo e inova\u00e7\u00e3o.\",\"publisher\":{\"@id\":\"https:\\\/\\\/www.cidademarketing.com.br\\\/marketing\\\/#organization\"},\"alternateName\":\"CidadeMarketing\",\"potentialAction\":[{\"@type\":\"SearchAction\",\"target\":{\"@type\":\"EntryPoint\",\"urlTemplate\":\"https:\\\/\\\/www.cidademarketing.com.br\\\/marketing\\\/?s={search_term_string}\"},\"query-input\":{\"@type\":\"PropertyValueSpecification\",\"valueRequired\":true,\"valueName\":\"search_term_string\"}}],\"inLanguage\":\"pt-BR\"},{\"@type\":\"Organization\",\"@id\":\"https:\\\/\\\/www.cidademarketing.com.br\\\/marketing\\\/#organization\",\"name\":\"CidadeMarketing\",\"alternateName\":\"CidadeMarketing\",\"url\":\"https:\\\/\\\/www.cidademarketing.com.br\\\/marketing\\\/\",\"logo\":{\"@type\":\"ImageObject\",\"inLanguage\":\"pt-BR\",\"@id\":\"https:\\\/\\\/www.cidademarketing.com.br\\\/marketing\\\/#\\\/schema\\\/logo\\\/image\\\/\",\"url\":\"https:\\\/\\\/www.cidademarketing.com.br\\\/marketing\\\/wp-content\\\/uploads\\\/2020\\\/01\\\/cidademarketing_marca_mobile.png\",\"contentUrl\":\"https:\\\/\\\/www.cidademarketing.com.br\\\/marketing\\\/wp-content\\\/uploads\\\/2020\\\/01\\\/cidademarketing_marca_mobile.png\",\"width\":230,\"height\":92,\"caption\":\"CidadeMarketing\"},\"image\":{\"@id\":\"https:\\\/\\\/www.cidademarketing.com.br\\\/marketing\\\/#\\\/schema\\\/logo\\\/image\\\/\"},\"sameAs\":[\"https:\\\/\\\/www.facebook.com\\\/portalcidademarketing\",\"https:\\\/\\\/x.com\\\/CidadeMarketing\",\"https:\\\/\\\/www.instagram.com\\\/cidademarketing\\\/\"]},{\"@type\":\"Person\",\"@id\":\"https:\\\/\\\/www.cidademarketing.com.br\\\/marketing\\\/#\\\/schema\\\/person\\\/02daff9f18bd9378c9e01eb6b2db155f\",\"name\":\"Thales Brand\u00e3o\",\"image\":{\"@type\":\"ImageObject\",\"inLanguage\":\"pt-BR\",\"@id\":\"https:\\\/\\\/secure.gravatar.com\\\/avatar\\\/7ca3206950207cc3cb48feec56a8a7898741ab725c368d99d5d7a5a50aab80c6?s=96&d=mm&r=g\",\"url\":\"https:\\\/\\\/secure.gravatar.com\\\/avatar\\\/7ca3206950207cc3cb48feec56a8a7898741ab725c368d99d5d7a5a50aab80c6?s=96&d=mm&r=g\",\"contentUrl\":\"https:\\\/\\\/secure.gravatar.com\\\/avatar\\\/7ca3206950207cc3cb48feec56a8a7898741ab725c368d99d5d7a5a50aab80c6?s=96&d=mm&r=g\",\"caption\":\"Thales Brand\u00e3o\"},\"description\":\"Editor Executivo do Portal CidadeMarketing.com.br &gt; Mestre em Comunica\u00e7\u00e3o e Sociedade pela Universidade Federal de Sergipe. Possui MBA Executivo em Administra\u00e7\u00e3o com \u00eanfase em Marketing pela Funda\u00e7\u00e3o Get\u00falio Vargas - Rio de Janeiro. Consultor, Palestrante e Pesquisador sobre Empreendedorismo, Marketing, Redes Sociais e Neg\u00f3cios Digitais. Professor, Palestrante TedxTalks e Campus Party. Twitter: @ThalesBrandao\",\"sameAs\":[\"http:\\\/\\\/www.mandacaru.com.br\",\"https:\\\/\\\/www.facebook.com\\\/thalesbrandao\",\"http:\\\/\\\/www.instagram.com.br\\\/thalesbrandaoferreira\",\"https:\\\/\\\/www.linkedin.com\\\/in\\\/thales-brand\u00e3o-3948609\\\/\",\"https:\\\/\\\/x.com\\\/http:\\\/\\\/www.twitter.com\\\/thalesbrandao\"],\"url\":\"https:\\\/\\\/www.cidademarketing.com.br\\\/marketing\\\/author\\\/thalesbrandao\\\/\"}]}<\/script>\n<!-- \/ Yoast SEO plugin. -->","yoast_head_json":{"title":"Pague Menos inaugura loja conceito em Recife no bairro de Boa Viagem - CidadeMarketing","robots":{"index":"index","follow":"follow","max-snippet":"max-snippet:-1","max-image-preview":"max-image-preview:large","max-video-preview":"max-video-preview:-1"},"canonical":"https:\/\/www.cidademarketing.com.br\/marketing\/2023\/01\/15\/pague-menos-inaugura-loja-conceito-em-recife-no-bairro-de-boa-viagem\/","og_locale":"pt_BR","og_type":"article","og_title":"Pague Menos inaugura loja conceito em Recife no bairro de Boa Viagem - CidadeMarketing","og_description":"N\u00e3o \u00e9 s\u00f3 o game mais vigiado do pa\u00eds que tem sua casa de vidro, a Pague Menos inaugura a sua segunda loja conceito, dessa vez em Recife, uma unidade com toda extens\u00e3o da fachada com fechamento em vidro laminado temperado com fixa\u00e7\u00e3o pelo sistema spider glass, com revestimento por pel\u00edcula especial de 98% de [&hellip;]","og_url":"https:\/\/www.cidademarketing.com.br\/marketing\/2023\/01\/15\/pague-menos-inaugura-loja-conceito-em-recife-no-bairro-de-boa-viagem\/","og_site_name":"CidadeMarketing","article_publisher":"https:\/\/www.facebook.com\/portalcidademarketing","article_author":"https:\/\/www.facebook.com\/thalesbrandao","article_published_time":"2023-01-16T02:29:58+00:00","og_image":[{"width":800,"height":692,"url":"https:\/\/www.cidademarketing.com.br\/marketing\/wp-content\/uploads\/2023\/01\/novapague_menos_recife.jpg","type":"image\/jpeg"}],"author":"Thales Brand\u00e3o","twitter_card":"summary_large_image","twitter_creator":"@http:\/\/www.twitter.com\/thalesbrandao","twitter_site":"@CidadeMarketing","twitter_misc":{"Escrito por":"Thales Brand\u00e3o","Est. tempo de leitura":"3 minutos"},"schema":{"@context":"https:\/\/schema.org","@graph":[{"@type":"Article","@id":"https:\/\/www.cidademarketing.com.br\/marketing\/2023\/01\/15\/pague-menos-inaugura-loja-conceito-em-recife-no-bairro-de-boa-viagem\/#article","isPartOf":{"@id":"https:\/\/www.cidademarketing.com.br\/marketing\/2023\/01\/15\/pague-menos-inaugura-loja-conceito-em-recife-no-bairro-de-boa-viagem\/"},"author":{"name":"Thales Brand\u00e3o","@id":"https:\/\/www.cidademarketing.com.br\/marketing\/#\/schema\/person\/02daff9f18bd9378c9e01eb6b2db155f"},"headline":"Pague Menos inaugura loja conceito em Recife no bairro de Boa Viagem","datePublished":"2023-01-16T02:29:58+00:00","mainEntityOfPage":{"@id":"https:\/\/www.cidademarketing.com.br\/marketing\/2023\/01\/15\/pague-menos-inaugura-loja-conceito-em-recife-no-bairro-de-boa-viagem\/"},"wordCount":555,"commentCount":0,"publisher":{"@id":"https:\/\/www.cidademarketing.com.br\/marketing\/#organization"},"image":{"@id":"https:\/\/www.cidademarketing.com.br\/marketing\/2023\/01\/15\/pague-menos-inaugura-loja-conceito-em-recife-no-bairro-de-boa-viagem\/#primaryimage"},"thumbnailUrl":"https:\/\/www.cidademarketing.com.br\/marketing\/wp-content\/uploads\/2023\/01\/novapague_menos_recife.jpg","keywords":["campanha","estrat\u00e9gia","marca","marketing","Pague Menos","Recife"],"articleSection":["Not\u00edcias"],"inLanguage":"pt-BR","potentialAction":[{"@type":"CommentAction","name":"Comment","target":["https:\/\/www.cidademarketing.com.br\/marketing\/2023\/01\/15\/pague-menos-inaugura-loja-conceito-em-recife-no-bairro-de-boa-viagem\/#respond"]}]},{"@type":"WebPage","@id":"https:\/\/www.cidademarketing.com.br\/marketing\/2023\/01\/15\/pague-menos-inaugura-loja-conceito-em-recife-no-bairro-de-boa-viagem\/","url":"https:\/\/www.cidademarketing.com.br\/marketing\/2023\/01\/15\/pague-menos-inaugura-loja-conceito-em-recife-no-bairro-de-boa-viagem\/","name":"Pague Menos inaugura loja conceito em Recife no bairro de Boa Viagem - CidadeMarketing","isPartOf":{"@id":"https:\/\/www.cidademarketing.com.br\/marketing\/#website"},"primaryImageOfPage":{"@id":"https:\/\/www.cidademarketing.com.br\/marketing\/2023\/01\/15\/pague-menos-inaugura-loja-conceito-em-recife-no-bairro-de-boa-viagem\/#primaryimage"},"image":{"@id":"https:\/\/www.cidademarketing.com.br\/marketing\/2023\/01\/15\/pague-menos-inaugura-loja-conceito-em-recife-no-bairro-de-boa-viagem\/#primaryimage"},"thumbnailUrl":"https:\/\/www.cidademarketing.com.br\/marketing\/wp-content\/uploads\/2023\/01\/novapague_menos_recife.jpg","datePublished":"2023-01-16T02:29:58+00:00","breadcrumb":{"@id":"https:\/\/www.cidademarketing.com.br\/marketing\/2023\/01\/15\/pague-menos-inaugura-loja-conceito-em-recife-no-bairro-de-boa-viagem\/#breadcrumb"},"inLanguage":"pt-BR","potentialAction":[{"@type":"ReadAction","target":["https:\/\/www.cidademarketing.com.br\/marketing\/2023\/01\/15\/pague-menos-inaugura-loja-conceito-em-recife-no-bairro-de-boa-viagem\/"]}]},{"@type":"ImageObject","inLanguage":"pt-BR","@id":"https:\/\/www.cidademarketing.com.br\/marketing\/2023\/01\/15\/pague-menos-inaugura-loja-conceito-em-recife-no-bairro-de-boa-viagem\/#primaryimage","url":"https:\/\/www.cidademarketing.com.br\/marketing\/wp-content\/uploads\/2023\/01\/novapague_menos_recife.jpg","contentUrl":"https:\/\/www.cidademarketing.com.br\/marketing\/wp-content\/uploads\/2023\/01\/novapague_menos_recife.jpg","width":800,"height":692,"caption":"Divulga\u00e7\u00e3o"},{"@type":"BreadcrumbList","@id":"https:\/\/www.cidademarketing.com.br\/marketing\/2023\/01\/15\/pague-menos-inaugura-loja-conceito-em-recife-no-bairro-de-boa-viagem\/#breadcrumb","itemListElement":[{"@type":"ListItem","position":1,"name":"In\u00edcio","item":"https:\/\/www.cidademarketing.com.br\/marketing\/"},{"@type":"ListItem","position":2,"name":"Pague Menos inaugura loja conceito em Recife no bairro de Boa Viagem"}]},{"@type":"WebSite","@id":"https:\/\/www.cidademarketing.com.br\/marketing\/#website","url":"https:\/\/www.cidademarketing.com.br\/marketing\/","name":"CidadeMarketing","description":"Somos um ve\u00edculo de comunica\u00e7\u00e3o de destaque no Brasil, reconhecido por conte\u00fados nos segmentos de marketing, empreendedorismo e inova\u00e7\u00e3o.","publisher":{"@id":"https:\/\/www.cidademarketing.com.br\/marketing\/#organization"},"alternateName":"CidadeMarketing","potentialAction":[{"@type":"SearchAction","target":{"@type":"EntryPoint","urlTemplate":"https:\/\/www.cidademarketing.com.br\/marketing\/?s={search_term_string}"},"query-input":{"@type":"PropertyValueSpecification","valueRequired":true,"valueName":"search_term_string"}}],"inLanguage":"pt-BR"},{"@type":"Organization","@id":"https:\/\/www.cidademarketing.com.br\/marketing\/#organization","name":"CidadeMarketing","alternateName":"CidadeMarketing","url":"https:\/\/www.cidademarketing.com.br\/marketing\/","logo":{"@type":"ImageObject","inLanguage":"pt-BR","@id":"https:\/\/www.cidademarketing.com.br\/marketing\/#\/schema\/logo\/image\/","url":"https:\/\/www.cidademarketing.com.br\/marketing\/wp-content\/uploads\/2020\/01\/cidademarketing_marca_mobile.png","contentUrl":"https:\/\/www.cidademarketing.com.br\/marketing\/wp-content\/uploads\/2020\/01\/cidademarketing_marca_mobile.png","width":230,"height":92,"caption":"CidadeMarketing"},"image":{"@id":"https:\/\/www.cidademarketing.com.br\/marketing\/#\/schema\/logo\/image\/"},"sameAs":["https:\/\/www.facebook.com\/portalcidademarketing","https:\/\/x.com\/CidadeMarketing","https:\/\/www.instagram.com\/cidademarketing\/"]},{"@type":"Person","@id":"https:\/\/www.cidademarketing.com.br\/marketing\/#\/schema\/person\/02daff9f18bd9378c9e01eb6b2db155f","name":"Thales Brand\u00e3o","image":{"@type":"ImageObject","inLanguage":"pt-BR","@id":"https:\/\/secure.gravatar.com\/avatar\/7ca3206950207cc3cb48feec56a8a7898741ab725c368d99d5d7a5a50aab80c6?s=96&d=mm&r=g","url":"https:\/\/secure.gravatar.com\/avatar\/7ca3206950207cc3cb48feec56a8a7898741ab725c368d99d5d7a5a50aab80c6?s=96&d=mm&r=g","contentUrl":"https:\/\/secure.gravatar.com\/avatar\/7ca3206950207cc3cb48feec56a8a7898741ab725c368d99d5d7a5a50aab80c6?s=96&d=mm&r=g","caption":"Thales Brand\u00e3o"},"description":"Editor Executivo do Portal CidadeMarketing.com.br &gt; Mestre em Comunica\u00e7\u00e3o e Sociedade pela Universidade Federal de Sergipe. Possui MBA Executivo em Administra\u00e7\u00e3o com \u00eanfase em Marketing pela Funda\u00e7\u00e3o Get\u00falio Vargas - Rio de Janeiro. Consultor, Palestrante e Pesquisador sobre Empreendedorismo, Marketing, Redes Sociais e Neg\u00f3cios Digitais. Professor, Palestrante TedxTalks e Campus Party. Twitter: @ThalesBrandao","sameAs":["http:\/\/www.mandacaru.com.br","https:\/\/www.facebook.com\/thalesbrandao","http:\/\/www.instagram.com.br\/thalesbrandaoferreira","https:\/\/www.linkedin.com\/in\/thales-brand\u00e3o-3948609\/","https:\/\/x.com\/http:\/\/www.twitter.com\/thalesbrandao"],"url":"https:\/\/www.cidademarketing.com.br\/marketing\/author\/thalesbrandao\/"}]}},"amp_enabled":true,"_links":{"self":[{"href":"https:\/\/www.cidademarketing.com.br\/marketing\/wp-json\/wp\/v2\/posts\/42396","targetHints":{"allow":["GET"]}}],"collection":[{"href":"https:\/\/www.cidademarketing.com.br\/marketing\/wp-json\/wp\/v2\/posts"}],"about":[{"href":"https:\/\/www.cidademarketing.com.br\/marketing\/wp-json\/wp\/v2\/types\/post"}],"author":[{"embeddable":true,"href":"https:\/\/www.cidademarketing.com.br\/marketing\/wp-json\/wp\/v2\/users\/1"}],"replies":[{"embeddable":true,"href":"https:\/\/www.cidademarketing.com.br\/marketing\/wp-json\/wp\/v2\/comments?post=42396"}],"version-history":[{"count":1,"href":"https:\/\/www.cidademarketing.com.br\/marketing\/wp-json\/wp\/v2\/posts\/42396\/revisions"}],"predecessor-version":[{"id":42398,"href":"https:\/\/www.cidademarketing.com.br\/marketing\/wp-json\/wp\/v2\/posts\/42396\/revisions\/42398"}],"wp:featuredmedia":[{"embeddable":true,"href":"https:\/\/www.cidademarketing.com.br\/marketing\/wp-json\/wp\/v2\/media\/42397"}],"wp:attachment":[{"href":"https:\/\/www.cidademarketing.com.br\/marketing\/wp-json\/wp\/v2\/media?parent=42396"}],"wp:term":[{"taxonomy":"category","embeddable":true,"href":"https:\/\/www.cidademarketing.com.br\/marketing\/wp-json\/wp\/v2\/categories?post=42396"},{"taxonomy":"post_tag","embeddable":true,"href":"https:\/\/www.cidademarketing.com.br\/marketing\/wp-json\/wp\/v2\/tags?post=42396"}],"curies":[{"name":"wp","href":"https:\/\/api.w.org\/{rel}","templated":true}]}}