{"id":4221,"date":"2018-12-20T10:01:36","date_gmt":"2018-12-20T12:01:36","guid":{"rendered":"http:\/\/www.cidademarketing.com.br\/marketing\/?p=4221"},"modified":"2018-12-20T10:01:38","modified_gmt":"2018-12-20T12:01:38","slug":"m-dias-branco-conclui-programa-de-capacitacao-de-jovens-de-comunidades-do-entorno","status":"publish","type":"post","link":"https:\/\/www.cidademarketing.com.br\/marketing\/2018\/12\/20\/m-dias-branco-conclui-programa-de-capacitacao-de-jovens-de-comunidades-do-entorno\/","title":{"rendered":"M. Dias Branco conclui programa de capacita\u00e7\u00e3o de jovens de comunidades do entorno"},"content":{"rendered":"\n<p>A M. Dias Branco, l\u00edder no mercado brasileiro de massas e biscoitos, em parceria com o Instituto Jo\u00e3o Carlos Paes Mendon\u00e7a (JCPM), de Fortaleza, qualificou 19 jovens moradores de comunidades do entorno de suas unidades para o mercado de trabalho. Os alunos que apresentaram melhor desempenho foram selecionados para o banco de talentos da empresa para oportunidades na f\u00e1brica GME e no Moinho Dias Branco.<\/p>\n\n\n\n<p><br> Ao longo de dois meses, os jovens participaram de um curso profissional gratuito, com foco no desenvolvimento de habilidades profissionais, a partir de dois m\u00f3dulos. O conte\u00fado program\u00e1tico previa o contato com diversas \u00e1reas, como Gest\u00e3o da Qualidade, \u00c9tica, Cultura Organizacional, Linha de Produ\u00e7\u00e3o, entre outros.<\/p>\n\n\n\n<p><br> As aulas ocorreram entre 17 de setembro e 27 de novembro, todas as ter\u00e7as e quintas-feiras, das 8h \u00e0s 12h. O Instituto JCPM de Compromisso Social atua com jovens de 16 a 24 anos e busca elevar o potencial de empregabilidade da juventude, ampliar conhecimentos gerais, estimular a leitura e proporcionar orienta\u00e7\u00e3o comportamental.<br> \u201cPara a M. Dias Branco, a parceria \u00e9 motivo de orgulho, uma vez que estamos oferecendo capacita\u00e7\u00e3o e, mais do que isso, a oportunidade do primeiro emprego aos jovens da comunidade\u201d, afirma L\u00edvia Felix, Coordenadora de Recursos Humanos da M. Dias Branco.<\/p>\n","protected":false},"excerpt":{"rendered":"<p>A M. Dias Branco, l\u00edder no mercado brasileiro de massas e biscoitos, em parceria com o Instituto Jo\u00e3o Carlos Paes Mendon\u00e7a (JCPM), de Fortaleza, qualificou 19 jovens moradores de comunidades do entorno de suas unidades para o mercado de trabalho. Os alunos que apresentaram melhor desempenho foram selecionados para o banco de talentos da empresa [&hellip;]<\/p>\n","protected":false},"author":1,"featured_media":4222,"comment_status":"open","ping_status":"open","sticky":false,"template":"","format":"standard","meta":{"tdm_status":"","tdm_grid_status":"","footnotes":""},"categories":[6],"tags":[33,396],"class_list":["post-4221","post","type-post","status-publish","format-standard","has-post-thumbnail","hentry","category-noticias","tag-estrategia","tag-m-dias-branco"],"yoast_head":"<!-- This site is optimized with the Yoast SEO plugin v27.5 - https:\/\/yoast.com\/product\/yoast-seo-wordpress\/ -->\n<title>M. Dias Branco conclui programa de capacita\u00e7\u00e3o de jovens de comunidades do entorno - CidadeMarketing<\/title>\n<meta name=\"robots\" content=\"index, follow, max-snippet:-1, max-image-preview:large, max-video-preview:-1\" \/>\n<link rel=\"canonical\" href=\"https:\/\/www.cidademarketing.com.br\/marketing\/2018\/12\/20\/m-dias-branco-conclui-programa-de-capacitacao-de-jovens-de-comunidades-do-entorno\/\" \/>\n<meta property=\"og:locale\" content=\"pt_BR\" \/>\n<meta property=\"og:type\" content=\"article\" \/>\n<meta property=\"og:title\" content=\"M. Dias Branco conclui programa de capacita\u00e7\u00e3o de jovens de comunidades do entorno - CidadeMarketing\" \/>\n<meta property=\"og:description\" content=\"A M. Dias Branco, l\u00edder no mercado brasileiro de massas e biscoitos, em parceria com o Instituto Jo\u00e3o Carlos Paes Mendon\u00e7a (JCPM), de Fortaleza, qualificou 19 jovens moradores de comunidades do entorno de suas unidades para o mercado de trabalho. Os alunos que apresentaram melhor desempenho foram selecionados para o banco de talentos da empresa [&hellip;]\" \/>\n<meta property=\"og:url\" content=\"https:\/\/www.cidademarketing.com.br\/marketing\/2018\/12\/20\/m-dias-branco-conclui-programa-de-capacitacao-de-jovens-de-comunidades-do-entorno\/\" \/>\n<meta property=\"og:site_name\" content=\"CidadeMarketing\" \/>\n<meta property=\"article:publisher\" content=\"https:\/\/www.facebook.com\/portalcidademarketing\" \/>\n<meta property=\"article:author\" content=\"https:\/\/www.facebook.com\/thalesbrandao\" \/>\n<meta property=\"article:published_time\" content=\"2018-12-20T12:01:36+00:00\" \/>\n<meta property=\"article:modified_time\" content=\"2018-12-20T12:01:38+00:00\" \/>\n<meta property=\"og:image\" content=\"https:\/\/www.cidademarketing.com.br\/marketing\/wp-content\/uploads\/2018\/12\/mdiasbranco_marca.jpg\" \/>\n\t<meta property=\"og:image:width\" content=\"949\" \/>\n\t<meta property=\"og:image:height\" content=\"554\" \/>\n\t<meta property=\"og:image:type\" content=\"image\/jpeg\" \/>\n<meta name=\"author\" content=\"Thales Brand\u00e3o\" \/>\n<meta name=\"twitter:card\" content=\"summary_large_image\" \/>\n<meta name=\"twitter:creator\" content=\"@http:\/\/www.twitter.com\/thalesbrandao\" \/>\n<meta name=\"twitter:site\" content=\"@CidadeMarketing\" \/>\n<meta name=\"twitter:label1\" content=\"Escrito por\" \/>\n\t<meta name=\"twitter:data1\" content=\"Thales Brand\u00e3o\" \/>\n\t<meta name=\"twitter:label2\" content=\"Est. tempo de leitura\" \/>\n\t<meta name=\"twitter:data2\" content=\"1 minuto\" \/>\n<script type=\"application\/ld+json\" class=\"yoast-schema-graph\">{\"@context\":\"https:\\\/\\\/schema.org\",\"@graph\":[{\"@type\":\"Article\",\"@id\":\"https:\\\/\\\/www.cidademarketing.com.br\\\/marketing\\\/2018\\\/12\\\/20\\\/m-dias-branco-conclui-programa-de-capacitacao-de-jovens-de-comunidades-do-entorno\\\/#article\",\"isPartOf\":{\"@id\":\"https:\\\/\\\/www.cidademarketing.com.br\\\/marketing\\\/2018\\\/12\\\/20\\\/m-dias-branco-conclui-programa-de-capacitacao-de-jovens-de-comunidades-do-entorno\\\/\"},\"author\":{\"name\":\"Thales Brand\u00e3o\",\"@id\":\"https:\\\/\\\/www.cidademarketing.com.br\\\/marketing\\\/#\\\/schema\\\/person\\\/02daff9f18bd9378c9e01eb6b2db155f\"},\"headline\":\"M. Dias Branco conclui programa de capacita\u00e7\u00e3o de jovens de comunidades do entorno\",\"datePublished\":\"2018-12-20T12:01:36+00:00\",\"dateModified\":\"2018-12-20T12:01:38+00:00\",\"mainEntityOfPage\":{\"@id\":\"https:\\\/\\\/www.cidademarketing.com.br\\\/marketing\\\/2018\\\/12\\\/20\\\/m-dias-branco-conclui-programa-de-capacitacao-de-jovens-de-comunidades-do-entorno\\\/\"},\"wordCount\":227,\"commentCount\":0,\"publisher\":{\"@id\":\"https:\\\/\\\/www.cidademarketing.com.br\\\/marketing\\\/#organization\"},\"image\":{\"@id\":\"https:\\\/\\\/www.cidademarketing.com.br\\\/marketing\\\/2018\\\/12\\\/20\\\/m-dias-branco-conclui-programa-de-capacitacao-de-jovens-de-comunidades-do-entorno\\\/#primaryimage\"},\"thumbnailUrl\":\"https:\\\/\\\/www.cidademarketing.com.br\\\/marketing\\\/wp-content\\\/uploads\\\/2018\\\/12\\\/mdiasbranco_marca.jpg\",\"keywords\":[\"estrat\u00e9gia\",\"M. Dias Branco\"],\"articleSection\":[\"Not\u00edcias\"],\"inLanguage\":\"pt-BR\",\"potentialAction\":[{\"@type\":\"CommentAction\",\"name\":\"Comment\",\"target\":[\"https:\\\/\\\/www.cidademarketing.com.br\\\/marketing\\\/2018\\\/12\\\/20\\\/m-dias-branco-conclui-programa-de-capacitacao-de-jovens-de-comunidades-do-entorno\\\/#respond\"]}]},{\"@type\":\"WebPage\",\"@id\":\"https:\\\/\\\/www.cidademarketing.com.br\\\/marketing\\\/2018\\\/12\\\/20\\\/m-dias-branco-conclui-programa-de-capacitacao-de-jovens-de-comunidades-do-entorno\\\/\",\"url\":\"https:\\\/\\\/www.cidademarketing.com.br\\\/marketing\\\/2018\\\/12\\\/20\\\/m-dias-branco-conclui-programa-de-capacitacao-de-jovens-de-comunidades-do-entorno\\\/\",\"name\":\"M. Dias Branco conclui programa de capacita\u00e7\u00e3o de jovens de comunidades do entorno - CidadeMarketing\",\"isPartOf\":{\"@id\":\"https:\\\/\\\/www.cidademarketing.com.br\\\/marketing\\\/#website\"},\"primaryImageOfPage\":{\"@id\":\"https:\\\/\\\/www.cidademarketing.com.br\\\/marketing\\\/2018\\\/12\\\/20\\\/m-dias-branco-conclui-programa-de-capacitacao-de-jovens-de-comunidades-do-entorno\\\/#primaryimage\"},\"image\":{\"@id\":\"https:\\\/\\\/www.cidademarketing.com.br\\\/marketing\\\/2018\\\/12\\\/20\\\/m-dias-branco-conclui-programa-de-capacitacao-de-jovens-de-comunidades-do-entorno\\\/#primaryimage\"},\"thumbnailUrl\":\"https:\\\/\\\/www.cidademarketing.com.br\\\/marketing\\\/wp-content\\\/uploads\\\/2018\\\/12\\\/mdiasbranco_marca.jpg\",\"datePublished\":\"2018-12-20T12:01:36+00:00\",\"dateModified\":\"2018-12-20T12:01:38+00:00\",\"breadcrumb\":{\"@id\":\"https:\\\/\\\/www.cidademarketing.com.br\\\/marketing\\\/2018\\\/12\\\/20\\\/m-dias-branco-conclui-programa-de-capacitacao-de-jovens-de-comunidades-do-entorno\\\/#breadcrumb\"},\"inLanguage\":\"pt-BR\",\"potentialAction\":[{\"@type\":\"ReadAction\",\"target\":[\"https:\\\/\\\/www.cidademarketing.com.br\\\/marketing\\\/2018\\\/12\\\/20\\\/m-dias-branco-conclui-programa-de-capacitacao-de-jovens-de-comunidades-do-entorno\\\/\"]}]},{\"@type\":\"ImageObject\",\"inLanguage\":\"pt-BR\",\"@id\":\"https:\\\/\\\/www.cidademarketing.com.br\\\/marketing\\\/2018\\\/12\\\/20\\\/m-dias-branco-conclui-programa-de-capacitacao-de-jovens-de-comunidades-do-entorno\\\/#primaryimage\",\"url\":\"https:\\\/\\\/www.cidademarketing.com.br\\\/marketing\\\/wp-content\\\/uploads\\\/2018\\\/12\\\/mdiasbranco_marca.jpg\",\"contentUrl\":\"https:\\\/\\\/www.cidademarketing.com.br\\\/marketing\\\/wp-content\\\/uploads\\\/2018\\\/12\\\/mdiasbranco_marca.jpg\",\"width\":949,\"height\":554},{\"@type\":\"BreadcrumbList\",\"@id\":\"https:\\\/\\\/www.cidademarketing.com.br\\\/marketing\\\/2018\\\/12\\\/20\\\/m-dias-branco-conclui-programa-de-capacitacao-de-jovens-de-comunidades-do-entorno\\\/#breadcrumb\",\"itemListElement\":[{\"@type\":\"ListItem\",\"position\":1,\"name\":\"In\u00edcio\",\"item\":\"https:\\\/\\\/www.cidademarketing.com.br\\\/marketing\\\/\"},{\"@type\":\"ListItem\",\"position\":2,\"name\":\"M. Dias Branco conclui programa de capacita\u00e7\u00e3o de jovens de comunidades do entorno\"}]},{\"@type\":\"WebSite\",\"@id\":\"https:\\\/\\\/www.cidademarketing.com.br\\\/marketing\\\/#website\",\"url\":\"https:\\\/\\\/www.cidademarketing.com.br\\\/marketing\\\/\",\"name\":\"CidadeMarketing\",\"description\":\"Somos um ve\u00edculo de comunica\u00e7\u00e3o de destaque no Brasil, reconhecido por conte\u00fados nos segmentos de marketing, empreendedorismo e inova\u00e7\u00e3o.\",\"publisher\":{\"@id\":\"https:\\\/\\\/www.cidademarketing.com.br\\\/marketing\\\/#organization\"},\"alternateName\":\"CidadeMarketing\",\"potentialAction\":[{\"@type\":\"SearchAction\",\"target\":{\"@type\":\"EntryPoint\",\"urlTemplate\":\"https:\\\/\\\/www.cidademarketing.com.br\\\/marketing\\\/?s={search_term_string}\"},\"query-input\":{\"@type\":\"PropertyValueSpecification\",\"valueRequired\":true,\"valueName\":\"search_term_string\"}}],\"inLanguage\":\"pt-BR\"},{\"@type\":\"Organization\",\"@id\":\"https:\\\/\\\/www.cidademarketing.com.br\\\/marketing\\\/#organization\",\"name\":\"CidadeMarketing\",\"alternateName\":\"CidadeMarketing\",\"url\":\"https:\\\/\\\/www.cidademarketing.com.br\\\/marketing\\\/\",\"logo\":{\"@type\":\"ImageObject\",\"inLanguage\":\"pt-BR\",\"@id\":\"https:\\\/\\\/www.cidademarketing.com.br\\\/marketing\\\/#\\\/schema\\\/logo\\\/image\\\/\",\"url\":\"https:\\\/\\\/www.cidademarketing.com.br\\\/marketing\\\/wp-content\\\/uploads\\\/2020\\\/01\\\/cidademarketing_marca_mobile.png\",\"contentUrl\":\"https:\\\/\\\/www.cidademarketing.com.br\\\/marketing\\\/wp-content\\\/uploads\\\/2020\\\/01\\\/cidademarketing_marca_mobile.png\",\"width\":230,\"height\":92,\"caption\":\"CidadeMarketing\"},\"image\":{\"@id\":\"https:\\\/\\\/www.cidademarketing.com.br\\\/marketing\\\/#\\\/schema\\\/logo\\\/image\\\/\"},\"sameAs\":[\"https:\\\/\\\/www.facebook.com\\\/portalcidademarketing\",\"https:\\\/\\\/x.com\\\/CidadeMarketing\",\"https:\\\/\\\/www.instagram.com\\\/cidademarketing\\\/\"]},{\"@type\":\"Person\",\"@id\":\"https:\\\/\\\/www.cidademarketing.com.br\\\/marketing\\\/#\\\/schema\\\/person\\\/02daff9f18bd9378c9e01eb6b2db155f\",\"name\":\"Thales Brand\u00e3o\",\"image\":{\"@type\":\"ImageObject\",\"inLanguage\":\"pt-BR\",\"@id\":\"https:\\\/\\\/secure.gravatar.com\\\/avatar\\\/7ca3206950207cc3cb48feec56a8a7898741ab725c368d99d5d7a5a50aab80c6?s=96&d=mm&r=g\",\"url\":\"https:\\\/\\\/secure.gravatar.com\\\/avatar\\\/7ca3206950207cc3cb48feec56a8a7898741ab725c368d99d5d7a5a50aab80c6?s=96&d=mm&r=g\",\"contentUrl\":\"https:\\\/\\\/secure.gravatar.com\\\/avatar\\\/7ca3206950207cc3cb48feec56a8a7898741ab725c368d99d5d7a5a50aab80c6?s=96&d=mm&r=g\",\"caption\":\"Thales Brand\u00e3o\"},\"description\":\"Editor Executivo do Portal CidadeMarketing.com.br &gt; Mestre em Comunica\u00e7\u00e3o e Sociedade pela Universidade Federal de Sergipe. Possui MBA Executivo em Administra\u00e7\u00e3o com \u00eanfase em Marketing pela Funda\u00e7\u00e3o Get\u00falio Vargas - Rio de Janeiro. Consultor, Palestrante e Pesquisador sobre Empreendedorismo, Marketing, Redes Sociais e Neg\u00f3cios Digitais. Professor, Palestrante TedxTalks e Campus Party. Twitter: @ThalesBrandao\",\"sameAs\":[\"http:\\\/\\\/www.mandacaru.com.br\",\"https:\\\/\\\/www.facebook.com\\\/thalesbrandao\",\"http:\\\/\\\/www.instagram.com.br\\\/thalesbrandaoferreira\",\"https:\\\/\\\/www.linkedin.com\\\/in\\\/thales-brand\u00e3o-3948609\\\/\",\"https:\\\/\\\/x.com\\\/http:\\\/\\\/www.twitter.com\\\/thalesbrandao\"],\"url\":\"https:\\\/\\\/www.cidademarketing.com.br\\\/marketing\\\/author\\\/thalesbrandao\\\/\"}]}<\/script>\n<!-- \/ Yoast SEO plugin. -->","yoast_head_json":{"title":"M. Dias Branco conclui programa de capacita\u00e7\u00e3o de jovens de comunidades do entorno - CidadeMarketing","robots":{"index":"index","follow":"follow","max-snippet":"max-snippet:-1","max-image-preview":"max-image-preview:large","max-video-preview":"max-video-preview:-1"},"canonical":"https:\/\/www.cidademarketing.com.br\/marketing\/2018\/12\/20\/m-dias-branco-conclui-programa-de-capacitacao-de-jovens-de-comunidades-do-entorno\/","og_locale":"pt_BR","og_type":"article","og_title":"M. Dias Branco conclui programa de capacita\u00e7\u00e3o de jovens de comunidades do entorno - CidadeMarketing","og_description":"A M. Dias Branco, l\u00edder no mercado brasileiro de massas e biscoitos, em parceria com o Instituto Jo\u00e3o Carlos Paes Mendon\u00e7a (JCPM), de Fortaleza, qualificou 19 jovens moradores de comunidades do entorno de suas unidades para o mercado de trabalho. Os alunos que apresentaram melhor desempenho foram selecionados para o banco de talentos da empresa [&hellip;]","og_url":"https:\/\/www.cidademarketing.com.br\/marketing\/2018\/12\/20\/m-dias-branco-conclui-programa-de-capacitacao-de-jovens-de-comunidades-do-entorno\/","og_site_name":"CidadeMarketing","article_publisher":"https:\/\/www.facebook.com\/portalcidademarketing","article_author":"https:\/\/www.facebook.com\/thalesbrandao","article_published_time":"2018-12-20T12:01:36+00:00","article_modified_time":"2018-12-20T12:01:38+00:00","og_image":[{"width":949,"height":554,"url":"https:\/\/www.cidademarketing.com.br\/marketing\/wp-content\/uploads\/2018\/12\/mdiasbranco_marca.jpg","type":"image\/jpeg"}],"author":"Thales Brand\u00e3o","twitter_card":"summary_large_image","twitter_creator":"@http:\/\/www.twitter.com\/thalesbrandao","twitter_site":"@CidadeMarketing","twitter_misc":{"Escrito por":"Thales Brand\u00e3o","Est. tempo de leitura":"1 minuto"},"schema":{"@context":"https:\/\/schema.org","@graph":[{"@type":"Article","@id":"https:\/\/www.cidademarketing.com.br\/marketing\/2018\/12\/20\/m-dias-branco-conclui-programa-de-capacitacao-de-jovens-de-comunidades-do-entorno\/#article","isPartOf":{"@id":"https:\/\/www.cidademarketing.com.br\/marketing\/2018\/12\/20\/m-dias-branco-conclui-programa-de-capacitacao-de-jovens-de-comunidades-do-entorno\/"},"author":{"name":"Thales Brand\u00e3o","@id":"https:\/\/www.cidademarketing.com.br\/marketing\/#\/schema\/person\/02daff9f18bd9378c9e01eb6b2db155f"},"headline":"M. Dias Branco conclui programa de capacita\u00e7\u00e3o de jovens de comunidades do entorno","datePublished":"2018-12-20T12:01:36+00:00","dateModified":"2018-12-20T12:01:38+00:00","mainEntityOfPage":{"@id":"https:\/\/www.cidademarketing.com.br\/marketing\/2018\/12\/20\/m-dias-branco-conclui-programa-de-capacitacao-de-jovens-de-comunidades-do-entorno\/"},"wordCount":227,"commentCount":0,"publisher":{"@id":"https:\/\/www.cidademarketing.com.br\/marketing\/#organization"},"image":{"@id":"https:\/\/www.cidademarketing.com.br\/marketing\/2018\/12\/20\/m-dias-branco-conclui-programa-de-capacitacao-de-jovens-de-comunidades-do-entorno\/#primaryimage"},"thumbnailUrl":"https:\/\/www.cidademarketing.com.br\/marketing\/wp-content\/uploads\/2018\/12\/mdiasbranco_marca.jpg","keywords":["estrat\u00e9gia","M. Dias Branco"],"articleSection":["Not\u00edcias"],"inLanguage":"pt-BR","potentialAction":[{"@type":"CommentAction","name":"Comment","target":["https:\/\/www.cidademarketing.com.br\/marketing\/2018\/12\/20\/m-dias-branco-conclui-programa-de-capacitacao-de-jovens-de-comunidades-do-entorno\/#respond"]}]},{"@type":"WebPage","@id":"https:\/\/www.cidademarketing.com.br\/marketing\/2018\/12\/20\/m-dias-branco-conclui-programa-de-capacitacao-de-jovens-de-comunidades-do-entorno\/","url":"https:\/\/www.cidademarketing.com.br\/marketing\/2018\/12\/20\/m-dias-branco-conclui-programa-de-capacitacao-de-jovens-de-comunidades-do-entorno\/","name":"M. Dias Branco conclui programa de capacita\u00e7\u00e3o de jovens de comunidades do entorno - CidadeMarketing","isPartOf":{"@id":"https:\/\/www.cidademarketing.com.br\/marketing\/#website"},"primaryImageOfPage":{"@id":"https:\/\/www.cidademarketing.com.br\/marketing\/2018\/12\/20\/m-dias-branco-conclui-programa-de-capacitacao-de-jovens-de-comunidades-do-entorno\/#primaryimage"},"image":{"@id":"https:\/\/www.cidademarketing.com.br\/marketing\/2018\/12\/20\/m-dias-branco-conclui-programa-de-capacitacao-de-jovens-de-comunidades-do-entorno\/#primaryimage"},"thumbnailUrl":"https:\/\/www.cidademarketing.com.br\/marketing\/wp-content\/uploads\/2018\/12\/mdiasbranco_marca.jpg","datePublished":"2018-12-20T12:01:36+00:00","dateModified":"2018-12-20T12:01:38+00:00","breadcrumb":{"@id":"https:\/\/www.cidademarketing.com.br\/marketing\/2018\/12\/20\/m-dias-branco-conclui-programa-de-capacitacao-de-jovens-de-comunidades-do-entorno\/#breadcrumb"},"inLanguage":"pt-BR","potentialAction":[{"@type":"ReadAction","target":["https:\/\/www.cidademarketing.com.br\/marketing\/2018\/12\/20\/m-dias-branco-conclui-programa-de-capacitacao-de-jovens-de-comunidades-do-entorno\/"]}]},{"@type":"ImageObject","inLanguage":"pt-BR","@id":"https:\/\/www.cidademarketing.com.br\/marketing\/2018\/12\/20\/m-dias-branco-conclui-programa-de-capacitacao-de-jovens-de-comunidades-do-entorno\/#primaryimage","url":"https:\/\/www.cidademarketing.com.br\/marketing\/wp-content\/uploads\/2018\/12\/mdiasbranco_marca.jpg","contentUrl":"https:\/\/www.cidademarketing.com.br\/marketing\/wp-content\/uploads\/2018\/12\/mdiasbranco_marca.jpg","width":949,"height":554},{"@type":"BreadcrumbList","@id":"https:\/\/www.cidademarketing.com.br\/marketing\/2018\/12\/20\/m-dias-branco-conclui-programa-de-capacitacao-de-jovens-de-comunidades-do-entorno\/#breadcrumb","itemListElement":[{"@type":"ListItem","position":1,"name":"In\u00edcio","item":"https:\/\/www.cidademarketing.com.br\/marketing\/"},{"@type":"ListItem","position":2,"name":"M. Dias Branco conclui programa de capacita\u00e7\u00e3o de jovens de comunidades do entorno"}]},{"@type":"WebSite","@id":"https:\/\/www.cidademarketing.com.br\/marketing\/#website","url":"https:\/\/www.cidademarketing.com.br\/marketing\/","name":"CidadeMarketing","description":"Somos um ve\u00edculo de comunica\u00e7\u00e3o de destaque no Brasil, reconhecido por conte\u00fados nos segmentos de marketing, empreendedorismo e inova\u00e7\u00e3o.","publisher":{"@id":"https:\/\/www.cidademarketing.com.br\/marketing\/#organization"},"alternateName":"CidadeMarketing","potentialAction":[{"@type":"SearchAction","target":{"@type":"EntryPoint","urlTemplate":"https:\/\/www.cidademarketing.com.br\/marketing\/?s={search_term_string}"},"query-input":{"@type":"PropertyValueSpecification","valueRequired":true,"valueName":"search_term_string"}}],"inLanguage":"pt-BR"},{"@type":"Organization","@id":"https:\/\/www.cidademarketing.com.br\/marketing\/#organization","name":"CidadeMarketing","alternateName":"CidadeMarketing","url":"https:\/\/www.cidademarketing.com.br\/marketing\/","logo":{"@type":"ImageObject","inLanguage":"pt-BR","@id":"https:\/\/www.cidademarketing.com.br\/marketing\/#\/schema\/logo\/image\/","url":"https:\/\/www.cidademarketing.com.br\/marketing\/wp-content\/uploads\/2020\/01\/cidademarketing_marca_mobile.png","contentUrl":"https:\/\/www.cidademarketing.com.br\/marketing\/wp-content\/uploads\/2020\/01\/cidademarketing_marca_mobile.png","width":230,"height":92,"caption":"CidadeMarketing"},"image":{"@id":"https:\/\/www.cidademarketing.com.br\/marketing\/#\/schema\/logo\/image\/"},"sameAs":["https:\/\/www.facebook.com\/portalcidademarketing","https:\/\/x.com\/CidadeMarketing","https:\/\/www.instagram.com\/cidademarketing\/"]},{"@type":"Person","@id":"https:\/\/www.cidademarketing.com.br\/marketing\/#\/schema\/person\/02daff9f18bd9378c9e01eb6b2db155f","name":"Thales Brand\u00e3o","image":{"@type":"ImageObject","inLanguage":"pt-BR","@id":"https:\/\/secure.gravatar.com\/avatar\/7ca3206950207cc3cb48feec56a8a7898741ab725c368d99d5d7a5a50aab80c6?s=96&d=mm&r=g","url":"https:\/\/secure.gravatar.com\/avatar\/7ca3206950207cc3cb48feec56a8a7898741ab725c368d99d5d7a5a50aab80c6?s=96&d=mm&r=g","contentUrl":"https:\/\/secure.gravatar.com\/avatar\/7ca3206950207cc3cb48feec56a8a7898741ab725c368d99d5d7a5a50aab80c6?s=96&d=mm&r=g","caption":"Thales Brand\u00e3o"},"description":"Editor Executivo do Portal CidadeMarketing.com.br &gt; Mestre em Comunica\u00e7\u00e3o e Sociedade pela Universidade Federal de Sergipe. Possui MBA Executivo em Administra\u00e7\u00e3o com \u00eanfase em Marketing pela Funda\u00e7\u00e3o Get\u00falio Vargas - Rio de Janeiro. Consultor, Palestrante e Pesquisador sobre Empreendedorismo, Marketing, Redes Sociais e Neg\u00f3cios Digitais. Professor, Palestrante TedxTalks e Campus Party. Twitter: @ThalesBrandao","sameAs":["http:\/\/www.mandacaru.com.br","https:\/\/www.facebook.com\/thalesbrandao","http:\/\/www.instagram.com.br\/thalesbrandaoferreira","https:\/\/www.linkedin.com\/in\/thales-brand\u00e3o-3948609\/","https:\/\/x.com\/http:\/\/www.twitter.com\/thalesbrandao"],"url":"https:\/\/www.cidademarketing.com.br\/marketing\/author\/thalesbrandao\/"}]}},"amp_enabled":true,"_links":{"self":[{"href":"https:\/\/www.cidademarketing.com.br\/marketing\/wp-json\/wp\/v2\/posts\/4221","targetHints":{"allow":["GET"]}}],"collection":[{"href":"https:\/\/www.cidademarketing.com.br\/marketing\/wp-json\/wp\/v2\/posts"}],"about":[{"href":"https:\/\/www.cidademarketing.com.br\/marketing\/wp-json\/wp\/v2\/types\/post"}],"author":[{"embeddable":true,"href":"https:\/\/www.cidademarketing.com.br\/marketing\/wp-json\/wp\/v2\/users\/1"}],"replies":[{"embeddable":true,"href":"https:\/\/www.cidademarketing.com.br\/marketing\/wp-json\/wp\/v2\/comments?post=4221"}],"version-history":[{"count":1,"href":"https:\/\/www.cidademarketing.com.br\/marketing\/wp-json\/wp\/v2\/posts\/4221\/revisions"}],"predecessor-version":[{"id":4223,"href":"https:\/\/www.cidademarketing.com.br\/marketing\/wp-json\/wp\/v2\/posts\/4221\/revisions\/4223"}],"wp:featuredmedia":[{"embeddable":true,"href":"https:\/\/www.cidademarketing.com.br\/marketing\/wp-json\/wp\/v2\/media\/4222"}],"wp:attachment":[{"href":"https:\/\/www.cidademarketing.com.br\/marketing\/wp-json\/wp\/v2\/media?parent=4221"}],"wp:term":[{"taxonomy":"category","embeddable":true,"href":"https:\/\/www.cidademarketing.com.br\/marketing\/wp-json\/wp\/v2\/categories?post=4221"},{"taxonomy":"post_tag","embeddable":true,"href":"https:\/\/www.cidademarketing.com.br\/marketing\/wp-json\/wp\/v2\/tags?post=4221"}],"curies":[{"name":"wp","href":"https:\/\/api.w.org\/{rel}","templated":true}]}}