{"id":42160,"date":"2023-01-05T16:36:10","date_gmt":"2023-01-05T19:36:10","guid":{"rendered":"https:\/\/www.cidademarketing.com.br\/marketing\/?p=42160"},"modified":"2023-01-05T16:36:10","modified_gmt":"2023-01-05T19:36:10","slug":"saniss-festival-internacional-premiara-melhores-cases-ligados-a-saude-e-bem-estar","status":"publish","type":"post","link":"https:\/\/www.cidademarketing.com.br\/marketing\/2023\/01\/05\/saniss-festival-internacional-premiara-melhores-cases-ligados-a-saude-e-bem-estar\/","title":{"rendered":"Saniss: Festival internacional premiar\u00e1 melhores cases ligados a sa\u00fade e bem-estar"},"content":{"rendered":"<p>As campanha publicit\u00e1rias dos setores de sa\u00fade e bem-estar t\u00eam crescido globalmente. Sua import\u00e2ncia e destaque atingiram o \u00e1pice durante a pandemia, em que a comunidade mais uma vez entendeu o papel fundamental da publicidade na sociedade. A Saniss entende a import\u00e2ncia desse tipo de mensagem, por isso busca dar visibilidade \u00e0s melhores a\u00e7\u00f5es estrat\u00e9gicas e criativas nos setores de Health &amp; Wellness dos cinco continentes e lan\u00e7a o Saniss Awards.<\/p>\n<p><iframe title=\"Spotify Embed: Podcast CidadeMarketing\" style=\"border-radius: 12px\" width=\"100%\" height=\"152\" frameborder=\"0\" allowfullscreen allow=\"autoplay; clipboard-write; encrypted-media; fullscreen; picture-in-picture\" loading=\"lazy\" src=\"https:\/\/open.spotify.com\/embed\/show\/4khMKzP3FgFRWVwb73xicc?si=252fe5bff2b34909&#038;utm_source=oembed\"><\/iframe><\/p>\n<p>Registro de cases gratuito<br \/>\nAs ag\u00eancias participantes podem fazer upload de at\u00e9 5 cases sem custos de inscri\u00e7\u00e3o, em um formato em que apenas os vencedores pagam direitos de visibilidade, produ\u00e7\u00e3o, gerenciamento e envio. As inscri\u00e7\u00f5es devem ser <a href=\"https:\/\/awards.sanissawards.com\/agencies-registration\/\" target=\"_blank\" rel=\"noopener\">realizadas aqui<\/a>. Esse mecanismo permite que todas as ag\u00eancias tenham inicialmente as mesmas oportunidades de participa\u00e7\u00e3o, de forma que os pr\u00eamios sejam definidos por talentos e n\u00e3o por or\u00e7amentos de inscri\u00e7\u00e3o.<br \/>\nPodem participar do evento ag\u00eancias multinacionais ou independentes ; especializadas em ag\u00eancias de sa\u00fade ou criativas. PR, multicultural, Data, B2B, produ\u00e7\u00e3o, ag\u00eancias digitais, em geral todas as empresas de comunica\u00e7\u00e3o publicit\u00e1ria que possuem cases criativos de conte\u00fado saud\u00e1vel ou de bem-estar.<br \/>\nO evento de premia\u00e7\u00e3o ser\u00e1 no dia 4 de maio de 2023, mas o local oficial onde acontecer\u00e1 a cerim\u00f4nia de entrega do metal ser\u00e1 anunciado nas pr\u00f3ximas semanas. Este evento reunir\u00e1 um seleto grupo de vencedores, imprensa e convidados especiais em torno de uma s\u00e9rie de atividades sociais como coquet\u00e9is, jantares e obviamente a cerim\u00f4nia de premia\u00e7\u00e3o.<br \/>\nA proposta \u00e9 dar maior destaque a uma ind\u00fastria saud\u00e1vel que necessita de ser avaliada com uma vis\u00e3o mais especializada, atrav\u00e9s de um j\u00fari que compreenda o dia-a-dia de um setor t\u00e3o exigente como o Health &amp; Wellness.<\/p>\n<p>J\u00fari especializado de primeiro n\u00edvel para a edi\u00e7\u00e3o de lan\u00e7amento da Saniss<br \/>\nA Saniss convocou j\u00faris das principais ag\u00eancias criativas, mas tamb\u00e9m profissionais especializados no setor farma e bem-estar para ter uma vis\u00e3o mais abrangente. O festival entende que esses tipos de mensagens t\u00eam padr\u00f5es muito diferentes que exigem uma avalia\u00e7\u00e3o muito mais especializada. Para a edi\u00e7\u00e3o de lan\u00e7amento j\u00e1 est\u00e3o confirmados j\u00faris como: Pierre Loo, Executive Creative Director (McCann Health), Eduardo Basque, Associate Creative Director (Ogilvy Health NY), Daniela Varela, Creative Director (TBWA\\Health Collective &amp; TBWA\\WorldHealth), Andr\u00e9s Chornogubsky, Global Director (Evidenze Scientific Events), Ang\u00e9lica Espinosa, Head of Art (Saatchi &amp; Saatchi Hungary), Henry Medina, CCO (Ogilvy), Luis A. Ruiz, CEO (Igloolab Colombia), Alessandra Gomes, Executive Creative Director (McCann Health Brazil), Sebastian Ulloa, Creative Director (Madison) entre otros.<\/p>\n<p>As principais datas:<br \/>\nABERTURA DAS INSCRI\u00c7\u00d5ES: 6 de dezembro de 2022<br \/>\nDATA DE ENCERRAMENTO DAS INSCRI\u00c7\u00d5ES: 4 de abril de 2023<br \/>\nNOTIFICA\u00c7\u00c3O DOS VENCEDORES: 10 de abril de 2023<br \/>\nCERIM\u00d4NIA DE PREMIA\u00c7\u00c3O: 4 de maio de 2023<br \/>\nSanissawards.com<\/p>\n<p><iframe style=\"width: 100%; max-width: 660px; overflow: hidden; background: transparent;\" src=\"https:\/\/embed.podcasts.apple.com\/br\/podcast\/podcast-cidademarketing\/id1371923283\" height=\"450\" frameborder=\"0\" sandbox=\"allow-forms allow-popups allow-same-origin allow-scripts allow-storage-access-by-user-activation allow-top-navigation-by-user-activation\"><\/iframe><\/p>\n","protected":false},"excerpt":{"rendered":"<p>As campanha publicit\u00e1rias dos setores de sa\u00fade e bem-estar t\u00eam crescido globalmente. Sua import\u00e2ncia e destaque atingiram o \u00e1pice durante a pandemia, em que a comunidade mais uma vez entendeu o papel fundamental da publicidade na sociedade. A Saniss entende a import\u00e2ncia desse tipo de mensagem, por isso busca dar visibilidade \u00e0s melhores a\u00e7\u00f5es estrat\u00e9gicas [&hellip;]<\/p>\n","protected":false},"author":1,"featured_media":42161,"comment_status":"open","ping_status":"open","sticky":false,"template":"","format":"standard","meta":{"tdm_status":"","tdm_grid_status":"","footnotes":""},"categories":[6],"tags":[308,1437,28,66,181,5818],"class_list":["post-42160","post","type-post","status-publish","format-standard","has-post-thumbnail","hentry","category-noticias","tag-comunicacao","tag-festival","tag-marketing","tag-propaganda","tag-publicidade","tag-saniss"],"yoast_head":"<!-- This site is optimized with the Yoast SEO plugin v27.5 - https:\/\/yoast.com\/product\/yoast-seo-wordpress\/ -->\n<title>Saniss: Festival internacional premiar\u00e1 melhores cases ligados a sa\u00fade e bem-estar - CidadeMarketing<\/title>\n<meta name=\"robots\" content=\"index, follow, max-snippet:-1, max-image-preview:large, max-video-preview:-1\" \/>\n<link rel=\"canonical\" href=\"https:\/\/www.cidademarketing.com.br\/marketing\/2023\/01\/05\/saniss-festival-internacional-premiara-melhores-cases-ligados-a-saude-e-bem-estar\/\" \/>\n<meta property=\"og:locale\" content=\"pt_BR\" \/>\n<meta property=\"og:type\" content=\"article\" \/>\n<meta property=\"og:title\" content=\"Saniss: Festival internacional premiar\u00e1 melhores cases ligados a sa\u00fade e bem-estar - CidadeMarketing\" \/>\n<meta property=\"og:description\" content=\"As campanha publicit\u00e1rias dos setores de sa\u00fade e bem-estar t\u00eam crescido globalmente. Sua import\u00e2ncia e destaque atingiram o \u00e1pice durante a pandemia, em que a comunidade mais uma vez entendeu o papel fundamental da publicidade na sociedade. A Saniss entende a import\u00e2ncia desse tipo de mensagem, por isso busca dar visibilidade \u00e0s melhores a\u00e7\u00f5es estrat\u00e9gicas [&hellip;]\" \/>\n<meta property=\"og:url\" content=\"https:\/\/www.cidademarketing.com.br\/marketing\/2023\/01\/05\/saniss-festival-internacional-premiara-melhores-cases-ligados-a-saude-e-bem-estar\/\" \/>\n<meta property=\"og:site_name\" content=\"CidadeMarketing\" \/>\n<meta property=\"article:publisher\" content=\"https:\/\/www.facebook.com\/portalcidademarketing\" \/>\n<meta property=\"article:author\" content=\"https:\/\/www.facebook.com\/thalesbrandao\" \/>\n<meta property=\"article:published_time\" content=\"2023-01-05T19:36:10+00:00\" \/>\n<meta property=\"og:image\" content=\"https:\/\/www.cidademarketing.com.br\/marketing\/wp-content\/uploads\/2023\/01\/SanissAwards.png\" \/>\n\t<meta property=\"og:image:width\" content=\"1000\" \/>\n\t<meta property=\"og:image:height\" content=\"700\" \/>\n\t<meta property=\"og:image:type\" content=\"image\/png\" \/>\n<meta name=\"author\" content=\"Thales Brand\u00e3o\" \/>\n<meta name=\"twitter:card\" content=\"summary_large_image\" \/>\n<meta name=\"twitter:creator\" content=\"@http:\/\/www.twitter.com\/thalesbrandao\" \/>\n<meta name=\"twitter:site\" content=\"@CidadeMarketing\" \/>\n<meta name=\"twitter:label1\" content=\"Escrito por\" \/>\n\t<meta name=\"twitter:data1\" content=\"Thales Brand\u00e3o\" \/>\n\t<meta name=\"twitter:label2\" content=\"Est. tempo de leitura\" \/>\n\t<meta name=\"twitter:data2\" content=\"3 minutos\" \/>\n<script type=\"application\/ld+json\" class=\"yoast-schema-graph\">{\"@context\":\"https:\\\/\\\/schema.org\",\"@graph\":[{\"@type\":\"Article\",\"@id\":\"https:\\\/\\\/www.cidademarketing.com.br\\\/marketing\\\/2023\\\/01\\\/05\\\/saniss-festival-internacional-premiara-melhores-cases-ligados-a-saude-e-bem-estar\\\/#article\",\"isPartOf\":{\"@id\":\"https:\\\/\\\/www.cidademarketing.com.br\\\/marketing\\\/2023\\\/01\\\/05\\\/saniss-festival-internacional-premiara-melhores-cases-ligados-a-saude-e-bem-estar\\\/\"},\"author\":{\"name\":\"Thales Brand\u00e3o\",\"@id\":\"https:\\\/\\\/www.cidademarketing.com.br\\\/marketing\\\/#\\\/schema\\\/person\\\/02daff9f18bd9378c9e01eb6b2db155f\"},\"headline\":\"Saniss: Festival internacional premiar\u00e1 melhores cases ligados a sa\u00fade e bem-estar\",\"datePublished\":\"2023-01-05T19:36:10+00:00\",\"mainEntityOfPage\":{\"@id\":\"https:\\\/\\\/www.cidademarketing.com.br\\\/marketing\\\/2023\\\/01\\\/05\\\/saniss-festival-internacional-premiara-melhores-cases-ligados-a-saude-e-bem-estar\\\/\"},\"wordCount\":522,\"commentCount\":0,\"publisher\":{\"@id\":\"https:\\\/\\\/www.cidademarketing.com.br\\\/marketing\\\/#organization\"},\"image\":{\"@id\":\"https:\\\/\\\/www.cidademarketing.com.br\\\/marketing\\\/2023\\\/01\\\/05\\\/saniss-festival-internacional-premiara-melhores-cases-ligados-a-saude-e-bem-estar\\\/#primaryimage\"},\"thumbnailUrl\":\"https:\\\/\\\/www.cidademarketing.com.br\\\/marketing\\\/wp-content\\\/uploads\\\/2023\\\/01\\\/SanissAwards.png\",\"keywords\":[\"comunica\u00e7\u00e3o\",\"festival\",\"marketing\",\"propaganda\",\"publicidade\",\"Saniss\"],\"articleSection\":[\"Not\u00edcias\"],\"inLanguage\":\"pt-BR\",\"potentialAction\":[{\"@type\":\"CommentAction\",\"name\":\"Comment\",\"target\":[\"https:\\\/\\\/www.cidademarketing.com.br\\\/marketing\\\/2023\\\/01\\\/05\\\/saniss-festival-internacional-premiara-melhores-cases-ligados-a-saude-e-bem-estar\\\/#respond\"]}]},{\"@type\":\"WebPage\",\"@id\":\"https:\\\/\\\/www.cidademarketing.com.br\\\/marketing\\\/2023\\\/01\\\/05\\\/saniss-festival-internacional-premiara-melhores-cases-ligados-a-saude-e-bem-estar\\\/\",\"url\":\"https:\\\/\\\/www.cidademarketing.com.br\\\/marketing\\\/2023\\\/01\\\/05\\\/saniss-festival-internacional-premiara-melhores-cases-ligados-a-saude-e-bem-estar\\\/\",\"name\":\"Saniss: Festival internacional premiar\u00e1 melhores cases ligados a sa\u00fade e bem-estar - CidadeMarketing\",\"isPartOf\":{\"@id\":\"https:\\\/\\\/www.cidademarketing.com.br\\\/marketing\\\/#website\"},\"primaryImageOfPage\":{\"@id\":\"https:\\\/\\\/www.cidademarketing.com.br\\\/marketing\\\/2023\\\/01\\\/05\\\/saniss-festival-internacional-premiara-melhores-cases-ligados-a-saude-e-bem-estar\\\/#primaryimage\"},\"image\":{\"@id\":\"https:\\\/\\\/www.cidademarketing.com.br\\\/marketing\\\/2023\\\/01\\\/05\\\/saniss-festival-internacional-premiara-melhores-cases-ligados-a-saude-e-bem-estar\\\/#primaryimage\"},\"thumbnailUrl\":\"https:\\\/\\\/www.cidademarketing.com.br\\\/marketing\\\/wp-content\\\/uploads\\\/2023\\\/01\\\/SanissAwards.png\",\"datePublished\":\"2023-01-05T19:36:10+00:00\",\"breadcrumb\":{\"@id\":\"https:\\\/\\\/www.cidademarketing.com.br\\\/marketing\\\/2023\\\/01\\\/05\\\/saniss-festival-internacional-premiara-melhores-cases-ligados-a-saude-e-bem-estar\\\/#breadcrumb\"},\"inLanguage\":\"pt-BR\",\"potentialAction\":[{\"@type\":\"ReadAction\",\"target\":[\"https:\\\/\\\/www.cidademarketing.com.br\\\/marketing\\\/2023\\\/01\\\/05\\\/saniss-festival-internacional-premiara-melhores-cases-ligados-a-saude-e-bem-estar\\\/\"]}]},{\"@type\":\"ImageObject\",\"inLanguage\":\"pt-BR\",\"@id\":\"https:\\\/\\\/www.cidademarketing.com.br\\\/marketing\\\/2023\\\/01\\\/05\\\/saniss-festival-internacional-premiara-melhores-cases-ligados-a-saude-e-bem-estar\\\/#primaryimage\",\"url\":\"https:\\\/\\\/www.cidademarketing.com.br\\\/marketing\\\/wp-content\\\/uploads\\\/2023\\\/01\\\/SanissAwards.png\",\"contentUrl\":\"https:\\\/\\\/www.cidademarketing.com.br\\\/marketing\\\/wp-content\\\/uploads\\\/2023\\\/01\\\/SanissAwards.png\",\"width\":1000,\"height\":700},{\"@type\":\"BreadcrumbList\",\"@id\":\"https:\\\/\\\/www.cidademarketing.com.br\\\/marketing\\\/2023\\\/01\\\/05\\\/saniss-festival-internacional-premiara-melhores-cases-ligados-a-saude-e-bem-estar\\\/#breadcrumb\",\"itemListElement\":[{\"@type\":\"ListItem\",\"position\":1,\"name\":\"In\u00edcio\",\"item\":\"https:\\\/\\\/www.cidademarketing.com.br\\\/marketing\\\/\"},{\"@type\":\"ListItem\",\"position\":2,\"name\":\"Saniss: Festival internacional premiar\u00e1 melhores cases ligados a sa\u00fade e bem-estar\"}]},{\"@type\":\"WebSite\",\"@id\":\"https:\\\/\\\/www.cidademarketing.com.br\\\/marketing\\\/#website\",\"url\":\"https:\\\/\\\/www.cidademarketing.com.br\\\/marketing\\\/\",\"name\":\"CidadeMarketing\",\"description\":\"Somos um ve\u00edculo de comunica\u00e7\u00e3o de destaque no Brasil, reconhecido por conte\u00fados nos segmentos de marketing, empreendedorismo e inova\u00e7\u00e3o.\",\"publisher\":{\"@id\":\"https:\\\/\\\/www.cidademarketing.com.br\\\/marketing\\\/#organization\"},\"alternateName\":\"CidadeMarketing\",\"potentialAction\":[{\"@type\":\"SearchAction\",\"target\":{\"@type\":\"EntryPoint\",\"urlTemplate\":\"https:\\\/\\\/www.cidademarketing.com.br\\\/marketing\\\/?s={search_term_string}\"},\"query-input\":{\"@type\":\"PropertyValueSpecification\",\"valueRequired\":true,\"valueName\":\"search_term_string\"}}],\"inLanguage\":\"pt-BR\"},{\"@type\":\"Organization\",\"@id\":\"https:\\\/\\\/www.cidademarketing.com.br\\\/marketing\\\/#organization\",\"name\":\"CidadeMarketing\",\"alternateName\":\"CidadeMarketing\",\"url\":\"https:\\\/\\\/www.cidademarketing.com.br\\\/marketing\\\/\",\"logo\":{\"@type\":\"ImageObject\",\"inLanguage\":\"pt-BR\",\"@id\":\"https:\\\/\\\/www.cidademarketing.com.br\\\/marketing\\\/#\\\/schema\\\/logo\\\/image\\\/\",\"url\":\"https:\\\/\\\/www.cidademarketing.com.br\\\/marketing\\\/wp-content\\\/uploads\\\/2020\\\/01\\\/cidademarketing_marca_mobile.png\",\"contentUrl\":\"https:\\\/\\\/www.cidademarketing.com.br\\\/marketing\\\/wp-content\\\/uploads\\\/2020\\\/01\\\/cidademarketing_marca_mobile.png\",\"width\":230,\"height\":92,\"caption\":\"CidadeMarketing\"},\"image\":{\"@id\":\"https:\\\/\\\/www.cidademarketing.com.br\\\/marketing\\\/#\\\/schema\\\/logo\\\/image\\\/\"},\"sameAs\":[\"https:\\\/\\\/www.facebook.com\\\/portalcidademarketing\",\"https:\\\/\\\/x.com\\\/CidadeMarketing\",\"https:\\\/\\\/www.instagram.com\\\/cidademarketing\\\/\"]},{\"@type\":\"Person\",\"@id\":\"https:\\\/\\\/www.cidademarketing.com.br\\\/marketing\\\/#\\\/schema\\\/person\\\/02daff9f18bd9378c9e01eb6b2db155f\",\"name\":\"Thales Brand\u00e3o\",\"image\":{\"@type\":\"ImageObject\",\"inLanguage\":\"pt-BR\",\"@id\":\"https:\\\/\\\/secure.gravatar.com\\\/avatar\\\/7ca3206950207cc3cb48feec56a8a7898741ab725c368d99d5d7a5a50aab80c6?s=96&d=mm&r=g\",\"url\":\"https:\\\/\\\/secure.gravatar.com\\\/avatar\\\/7ca3206950207cc3cb48feec56a8a7898741ab725c368d99d5d7a5a50aab80c6?s=96&d=mm&r=g\",\"contentUrl\":\"https:\\\/\\\/secure.gravatar.com\\\/avatar\\\/7ca3206950207cc3cb48feec56a8a7898741ab725c368d99d5d7a5a50aab80c6?s=96&d=mm&r=g\",\"caption\":\"Thales Brand\u00e3o\"},\"description\":\"Editor Executivo do Portal CidadeMarketing.com.br &gt; Mestre em Comunica\u00e7\u00e3o e Sociedade pela Universidade Federal de Sergipe. Possui MBA Executivo em Administra\u00e7\u00e3o com \u00eanfase em Marketing pela Funda\u00e7\u00e3o Get\u00falio Vargas - Rio de Janeiro. Consultor, Palestrante e Pesquisador sobre Empreendedorismo, Marketing, Redes Sociais e Neg\u00f3cios Digitais. Professor, Palestrante TedxTalks e Campus Party. Twitter: @ThalesBrandao\",\"sameAs\":[\"http:\\\/\\\/www.mandacaru.com.br\",\"https:\\\/\\\/www.facebook.com\\\/thalesbrandao\",\"http:\\\/\\\/www.instagram.com.br\\\/thalesbrandaoferreira\",\"https:\\\/\\\/www.linkedin.com\\\/in\\\/thales-brand\u00e3o-3948609\\\/\",\"https:\\\/\\\/x.com\\\/http:\\\/\\\/www.twitter.com\\\/thalesbrandao\"],\"url\":\"https:\\\/\\\/www.cidademarketing.com.br\\\/marketing\\\/author\\\/thalesbrandao\\\/\"}]}<\/script>\n<!-- \/ Yoast SEO plugin. -->","yoast_head_json":{"title":"Saniss: Festival internacional premiar\u00e1 melhores cases ligados a sa\u00fade e bem-estar - CidadeMarketing","robots":{"index":"index","follow":"follow","max-snippet":"max-snippet:-1","max-image-preview":"max-image-preview:large","max-video-preview":"max-video-preview:-1"},"canonical":"https:\/\/www.cidademarketing.com.br\/marketing\/2023\/01\/05\/saniss-festival-internacional-premiara-melhores-cases-ligados-a-saude-e-bem-estar\/","og_locale":"pt_BR","og_type":"article","og_title":"Saniss: Festival internacional premiar\u00e1 melhores cases ligados a sa\u00fade e bem-estar - CidadeMarketing","og_description":"As campanha publicit\u00e1rias dos setores de sa\u00fade e bem-estar t\u00eam crescido globalmente. Sua import\u00e2ncia e destaque atingiram o \u00e1pice durante a pandemia, em que a comunidade mais uma vez entendeu o papel fundamental da publicidade na sociedade. A Saniss entende a import\u00e2ncia desse tipo de mensagem, por isso busca dar visibilidade \u00e0s melhores a\u00e7\u00f5es estrat\u00e9gicas [&hellip;]","og_url":"https:\/\/www.cidademarketing.com.br\/marketing\/2023\/01\/05\/saniss-festival-internacional-premiara-melhores-cases-ligados-a-saude-e-bem-estar\/","og_site_name":"CidadeMarketing","article_publisher":"https:\/\/www.facebook.com\/portalcidademarketing","article_author":"https:\/\/www.facebook.com\/thalesbrandao","article_published_time":"2023-01-05T19:36:10+00:00","og_image":[{"width":1000,"height":700,"url":"https:\/\/www.cidademarketing.com.br\/marketing\/wp-content\/uploads\/2023\/01\/SanissAwards.png","type":"image\/png"}],"author":"Thales Brand\u00e3o","twitter_card":"summary_large_image","twitter_creator":"@http:\/\/www.twitter.com\/thalesbrandao","twitter_site":"@CidadeMarketing","twitter_misc":{"Escrito por":"Thales Brand\u00e3o","Est. tempo de leitura":"3 minutos"},"schema":{"@context":"https:\/\/schema.org","@graph":[{"@type":"Article","@id":"https:\/\/www.cidademarketing.com.br\/marketing\/2023\/01\/05\/saniss-festival-internacional-premiara-melhores-cases-ligados-a-saude-e-bem-estar\/#article","isPartOf":{"@id":"https:\/\/www.cidademarketing.com.br\/marketing\/2023\/01\/05\/saniss-festival-internacional-premiara-melhores-cases-ligados-a-saude-e-bem-estar\/"},"author":{"name":"Thales Brand\u00e3o","@id":"https:\/\/www.cidademarketing.com.br\/marketing\/#\/schema\/person\/02daff9f18bd9378c9e01eb6b2db155f"},"headline":"Saniss: Festival internacional premiar\u00e1 melhores cases ligados a sa\u00fade e bem-estar","datePublished":"2023-01-05T19:36:10+00:00","mainEntityOfPage":{"@id":"https:\/\/www.cidademarketing.com.br\/marketing\/2023\/01\/05\/saniss-festival-internacional-premiara-melhores-cases-ligados-a-saude-e-bem-estar\/"},"wordCount":522,"commentCount":0,"publisher":{"@id":"https:\/\/www.cidademarketing.com.br\/marketing\/#organization"},"image":{"@id":"https:\/\/www.cidademarketing.com.br\/marketing\/2023\/01\/05\/saniss-festival-internacional-premiara-melhores-cases-ligados-a-saude-e-bem-estar\/#primaryimage"},"thumbnailUrl":"https:\/\/www.cidademarketing.com.br\/marketing\/wp-content\/uploads\/2023\/01\/SanissAwards.png","keywords":["comunica\u00e7\u00e3o","festival","marketing","propaganda","publicidade","Saniss"],"articleSection":["Not\u00edcias"],"inLanguage":"pt-BR","potentialAction":[{"@type":"CommentAction","name":"Comment","target":["https:\/\/www.cidademarketing.com.br\/marketing\/2023\/01\/05\/saniss-festival-internacional-premiara-melhores-cases-ligados-a-saude-e-bem-estar\/#respond"]}]},{"@type":"WebPage","@id":"https:\/\/www.cidademarketing.com.br\/marketing\/2023\/01\/05\/saniss-festival-internacional-premiara-melhores-cases-ligados-a-saude-e-bem-estar\/","url":"https:\/\/www.cidademarketing.com.br\/marketing\/2023\/01\/05\/saniss-festival-internacional-premiara-melhores-cases-ligados-a-saude-e-bem-estar\/","name":"Saniss: Festival internacional premiar\u00e1 melhores cases ligados a sa\u00fade e bem-estar - CidadeMarketing","isPartOf":{"@id":"https:\/\/www.cidademarketing.com.br\/marketing\/#website"},"primaryImageOfPage":{"@id":"https:\/\/www.cidademarketing.com.br\/marketing\/2023\/01\/05\/saniss-festival-internacional-premiara-melhores-cases-ligados-a-saude-e-bem-estar\/#primaryimage"},"image":{"@id":"https:\/\/www.cidademarketing.com.br\/marketing\/2023\/01\/05\/saniss-festival-internacional-premiara-melhores-cases-ligados-a-saude-e-bem-estar\/#primaryimage"},"thumbnailUrl":"https:\/\/www.cidademarketing.com.br\/marketing\/wp-content\/uploads\/2023\/01\/SanissAwards.png","datePublished":"2023-01-05T19:36:10+00:00","breadcrumb":{"@id":"https:\/\/www.cidademarketing.com.br\/marketing\/2023\/01\/05\/saniss-festival-internacional-premiara-melhores-cases-ligados-a-saude-e-bem-estar\/#breadcrumb"},"inLanguage":"pt-BR","potentialAction":[{"@type":"ReadAction","target":["https:\/\/www.cidademarketing.com.br\/marketing\/2023\/01\/05\/saniss-festival-internacional-premiara-melhores-cases-ligados-a-saude-e-bem-estar\/"]}]},{"@type":"ImageObject","inLanguage":"pt-BR","@id":"https:\/\/www.cidademarketing.com.br\/marketing\/2023\/01\/05\/saniss-festival-internacional-premiara-melhores-cases-ligados-a-saude-e-bem-estar\/#primaryimage","url":"https:\/\/www.cidademarketing.com.br\/marketing\/wp-content\/uploads\/2023\/01\/SanissAwards.png","contentUrl":"https:\/\/www.cidademarketing.com.br\/marketing\/wp-content\/uploads\/2023\/01\/SanissAwards.png","width":1000,"height":700},{"@type":"BreadcrumbList","@id":"https:\/\/www.cidademarketing.com.br\/marketing\/2023\/01\/05\/saniss-festival-internacional-premiara-melhores-cases-ligados-a-saude-e-bem-estar\/#breadcrumb","itemListElement":[{"@type":"ListItem","position":1,"name":"In\u00edcio","item":"https:\/\/www.cidademarketing.com.br\/marketing\/"},{"@type":"ListItem","position":2,"name":"Saniss: Festival internacional premiar\u00e1 melhores cases ligados a sa\u00fade e bem-estar"}]},{"@type":"WebSite","@id":"https:\/\/www.cidademarketing.com.br\/marketing\/#website","url":"https:\/\/www.cidademarketing.com.br\/marketing\/","name":"CidadeMarketing","description":"Somos um ve\u00edculo de comunica\u00e7\u00e3o de destaque no Brasil, reconhecido por conte\u00fados nos segmentos de marketing, empreendedorismo e inova\u00e7\u00e3o.","publisher":{"@id":"https:\/\/www.cidademarketing.com.br\/marketing\/#organization"},"alternateName":"CidadeMarketing","potentialAction":[{"@type":"SearchAction","target":{"@type":"EntryPoint","urlTemplate":"https:\/\/www.cidademarketing.com.br\/marketing\/?s={search_term_string}"},"query-input":{"@type":"PropertyValueSpecification","valueRequired":true,"valueName":"search_term_string"}}],"inLanguage":"pt-BR"},{"@type":"Organization","@id":"https:\/\/www.cidademarketing.com.br\/marketing\/#organization","name":"CidadeMarketing","alternateName":"CidadeMarketing","url":"https:\/\/www.cidademarketing.com.br\/marketing\/","logo":{"@type":"ImageObject","inLanguage":"pt-BR","@id":"https:\/\/www.cidademarketing.com.br\/marketing\/#\/schema\/logo\/image\/","url":"https:\/\/www.cidademarketing.com.br\/marketing\/wp-content\/uploads\/2020\/01\/cidademarketing_marca_mobile.png","contentUrl":"https:\/\/www.cidademarketing.com.br\/marketing\/wp-content\/uploads\/2020\/01\/cidademarketing_marca_mobile.png","width":230,"height":92,"caption":"CidadeMarketing"},"image":{"@id":"https:\/\/www.cidademarketing.com.br\/marketing\/#\/schema\/logo\/image\/"},"sameAs":["https:\/\/www.facebook.com\/portalcidademarketing","https:\/\/x.com\/CidadeMarketing","https:\/\/www.instagram.com\/cidademarketing\/"]},{"@type":"Person","@id":"https:\/\/www.cidademarketing.com.br\/marketing\/#\/schema\/person\/02daff9f18bd9378c9e01eb6b2db155f","name":"Thales Brand\u00e3o","image":{"@type":"ImageObject","inLanguage":"pt-BR","@id":"https:\/\/secure.gravatar.com\/avatar\/7ca3206950207cc3cb48feec56a8a7898741ab725c368d99d5d7a5a50aab80c6?s=96&d=mm&r=g","url":"https:\/\/secure.gravatar.com\/avatar\/7ca3206950207cc3cb48feec56a8a7898741ab725c368d99d5d7a5a50aab80c6?s=96&d=mm&r=g","contentUrl":"https:\/\/secure.gravatar.com\/avatar\/7ca3206950207cc3cb48feec56a8a7898741ab725c368d99d5d7a5a50aab80c6?s=96&d=mm&r=g","caption":"Thales Brand\u00e3o"},"description":"Editor Executivo do Portal CidadeMarketing.com.br &gt; Mestre em Comunica\u00e7\u00e3o e Sociedade pela Universidade Federal de Sergipe. Possui MBA Executivo em Administra\u00e7\u00e3o com \u00eanfase em Marketing pela Funda\u00e7\u00e3o Get\u00falio Vargas - Rio de Janeiro. Consultor, Palestrante e Pesquisador sobre Empreendedorismo, Marketing, Redes Sociais e Neg\u00f3cios Digitais. Professor, Palestrante TedxTalks e Campus Party. Twitter: @ThalesBrandao","sameAs":["http:\/\/www.mandacaru.com.br","https:\/\/www.facebook.com\/thalesbrandao","http:\/\/www.instagram.com.br\/thalesbrandaoferreira","https:\/\/www.linkedin.com\/in\/thales-brand\u00e3o-3948609\/","https:\/\/x.com\/http:\/\/www.twitter.com\/thalesbrandao"],"url":"https:\/\/www.cidademarketing.com.br\/marketing\/author\/thalesbrandao\/"}]}},"amp_enabled":true,"_links":{"self":[{"href":"https:\/\/www.cidademarketing.com.br\/marketing\/wp-json\/wp\/v2\/posts\/42160","targetHints":{"allow":["GET"]}}],"collection":[{"href":"https:\/\/www.cidademarketing.com.br\/marketing\/wp-json\/wp\/v2\/posts"}],"about":[{"href":"https:\/\/www.cidademarketing.com.br\/marketing\/wp-json\/wp\/v2\/types\/post"}],"author":[{"embeddable":true,"href":"https:\/\/www.cidademarketing.com.br\/marketing\/wp-json\/wp\/v2\/users\/1"}],"replies":[{"embeddable":true,"href":"https:\/\/www.cidademarketing.com.br\/marketing\/wp-json\/wp\/v2\/comments?post=42160"}],"version-history":[{"count":1,"href":"https:\/\/www.cidademarketing.com.br\/marketing\/wp-json\/wp\/v2\/posts\/42160\/revisions"}],"predecessor-version":[{"id":42162,"href":"https:\/\/www.cidademarketing.com.br\/marketing\/wp-json\/wp\/v2\/posts\/42160\/revisions\/42162"}],"wp:featuredmedia":[{"embeddable":true,"href":"https:\/\/www.cidademarketing.com.br\/marketing\/wp-json\/wp\/v2\/media\/42161"}],"wp:attachment":[{"href":"https:\/\/www.cidademarketing.com.br\/marketing\/wp-json\/wp\/v2\/media?parent=42160"}],"wp:term":[{"taxonomy":"category","embeddable":true,"href":"https:\/\/www.cidademarketing.com.br\/marketing\/wp-json\/wp\/v2\/categories?post=42160"},{"taxonomy":"post_tag","embeddable":true,"href":"https:\/\/www.cidademarketing.com.br\/marketing\/wp-json\/wp\/v2\/tags?post=42160"}],"curies":[{"name":"wp","href":"https:\/\/api.w.org\/{rel}","templated":true}]}}