{"id":41966,"date":"2022-12-29T09:59:50","date_gmt":"2022-12-29T12:59:50","guid":{"rendered":"https:\/\/www.cidademarketing.com.br\/marketing\/?p=41966"},"modified":"2022-12-29T09:59:50","modified_gmt":"2022-12-29T12:59:50","slug":"itau-personnalite-anuncia-o-patrocinio-da-tenista-profissional-bia-haddad-maia","status":"publish","type":"post","link":"https:\/\/www.cidademarketing.com.br\/marketing\/2022\/12\/29\/itau-personnalite-anuncia-o-patrocinio-da-tenista-profissional-bia-haddad-maia\/","title":{"rendered":"Ita\u00fa Personnalit\u00e9 anuncia o patroc\u00ednio da tenista profissional Bia Haddad Maia"},"content":{"rendered":"<p>Alto desempenho, foco e determina\u00e7\u00e3o s\u00e3o algumas caracter\u00edsticas encontradas em atletas profissionais e s\u00e3o essenciais para excelentes resultados. Para representar essas qualidades, o Ita\u00fa Personnalit\u00e9 anuncia o patroc\u00ednio \u00e0 tenista profissional Bia Haddad Maia, a primeira brasileira a figurar entre as 15 melhores do mundo na categoria.<\/p>\n<p><iframe src=\"https:\/\/anchor.fm\/cidademarketing\/embed\" width=\"400px\" height=\"102px\" frameborder=\"0\" scrolling=\"no\"><\/iframe><br \/>\nO an\u00fancio \u00e9 marcado pelo in\u00edcio da temporada 2023, que come\u00e7ar\u00e1 no dia 29 de dezembro, na United Cup, competi\u00e7\u00e3o mista em que o Brasil faz parte. J\u00e1 na segunda semana de janeiro, a tenista ir\u00e1 disputar o WTA 500 de Adelaide e na sequ\u00eancia o Australian Open. Eleita a tenista que mais evoluiu em 2022, a atual n\u00famero 15 do mundo se torna tamb\u00e9m embaixadora da marca e ir\u00e1 estrelar campanhas, marcar presen\u00e7a nas redes sociais e encontros com clientes do Ita\u00fa Personnalit\u00e9.<\/p>\n<p>\u201cEstamos muito felizes com a chegada da Bia como nossa embaixadora. Queremos reconhecer sua trajet\u00f3ria de sucesso, acompanh\u00e1-la ao longo dos pr\u00f3ximos anos e incentivar com que outras meninas e mulheres conquistem o seu lugar no esporte\u201d, afirma Andr\u00e9 Azevedo, head de Marketing do Ita\u00fa Personnalit\u00e9.<\/p>\n<p>\u201cSer a primeira atleta em atividade patrocinada pelo Ita\u00fa Personalit\u00e9 e compartilhar a minha hist\u00f3ria no t\u00eanis com a marca \u00e9 uma honra\u201d, afirma Bia Haddad. \u201cAcredito que juntos poderemos impactar muitas vidas por meio do incentivo ao esporte\u201d, completa.<\/p>\n<p>Neste ano, Bia Haddad Maia chegou \u00e0 final de duplas do Aberto da Austr\u00e1lia, sendo a terceira brasileira em uma final de Grand Slam, entrando nas quarenta melhores do ranking de duplas. Em outubro, entrou no Top 20 de duplas ao chegar na final do WTA de Guadalajara.<\/p>\n<p><iframe style=\"width: 100%; max-width: 660px; overflow: hidden; background: transparent;\" src=\"https:\/\/embed.podcasts.apple.com\/br\/podcast\/podcast-cidademarketing\/id1371923283\" height=\"450\" frameborder=\"0\" sandbox=\"allow-forms allow-popups allow-same-origin allow-scripts allow-storage-access-by-user-activation allow-top-navigation-by-user-activation\"><\/iframe><\/p>\n","protected":false},"excerpt":{"rendered":"<p>Alto desempenho, foco e determina\u00e7\u00e3o s\u00e3o algumas caracter\u00edsticas encontradas em atletas profissionais e s\u00e3o essenciais para excelentes resultados. Para representar essas qualidades, o Ita\u00fa Personnalit\u00e9 anuncia o patroc\u00ednio \u00e0 tenista profissional Bia Haddad Maia, a primeira brasileira a figurar entre as 15 melhores do mundo na categoria. O an\u00fancio \u00e9 marcado pelo in\u00edcio da temporada [&hellip;]<\/p>\n","protected":false},"author":1,"featured_media":35023,"comment_status":"open","ping_status":"open","sticky":false,"template":"","format":"standard","meta":{"tdm_status":"","tdm_grid_status":"","footnotes":""},"categories":[6],"tags":[786,33,126,28,447],"class_list":["post-41966","post","type-post","status-publish","format-standard","has-post-thumbnail","hentry","category-noticias","tag-esporte","tag-estrategia","tag-itau","tag-marketing","tag-patrocinio"],"yoast_head":"<!-- This site is optimized with the Yoast SEO plugin v27.5 - https:\/\/yoast.com\/product\/yoast-seo-wordpress\/ -->\n<title>Ita\u00fa Personnalit\u00e9 anuncia o patroc\u00ednio da tenista profissional Bia Haddad Maia - CidadeMarketing<\/title>\n<meta name=\"robots\" content=\"index, follow, max-snippet:-1, max-image-preview:large, max-video-preview:-1\" \/>\n<link rel=\"canonical\" href=\"https:\/\/www.cidademarketing.com.br\/marketing\/2022\/12\/29\/itau-personnalite-anuncia-o-patrocinio-da-tenista-profissional-bia-haddad-maia\/\" \/>\n<meta property=\"og:locale\" content=\"pt_BR\" \/>\n<meta property=\"og:type\" content=\"article\" \/>\n<meta property=\"og:title\" content=\"Ita\u00fa Personnalit\u00e9 anuncia o patroc\u00ednio da tenista profissional Bia Haddad Maia - CidadeMarketing\" \/>\n<meta property=\"og:description\" content=\"Alto desempenho, foco e determina\u00e7\u00e3o s\u00e3o algumas caracter\u00edsticas encontradas em atletas profissionais e s\u00e3o essenciais para excelentes resultados. Para representar essas qualidades, o Ita\u00fa Personnalit\u00e9 anuncia o patroc\u00ednio \u00e0 tenista profissional Bia Haddad Maia, a primeira brasileira a figurar entre as 15 melhores do mundo na categoria. O an\u00fancio \u00e9 marcado pelo in\u00edcio da temporada [&hellip;]\" \/>\n<meta property=\"og:url\" content=\"https:\/\/www.cidademarketing.com.br\/marketing\/2022\/12\/29\/itau-personnalite-anuncia-o-patrocinio-da-tenista-profissional-bia-haddad-maia\/\" \/>\n<meta property=\"og:site_name\" content=\"CidadeMarketing\" \/>\n<meta property=\"article:publisher\" content=\"https:\/\/www.facebook.com\/portalcidademarketing\" \/>\n<meta property=\"article:author\" content=\"https:\/\/www.facebook.com\/thalesbrandao\" \/>\n<meta property=\"article:published_time\" content=\"2022-12-29T12:59:50+00:00\" \/>\n<meta property=\"og:image\" content=\"https:\/\/www.cidademarketing.com.br\/marketing\/wp-content\/uploads\/2022\/03\/itau_personnalite.jpg\" \/>\n\t<meta property=\"og:image:width\" content=\"900\" \/>\n\t<meta property=\"og:image:height\" content=\"900\" \/>\n\t<meta property=\"og:image:type\" content=\"image\/jpeg\" \/>\n<meta name=\"author\" content=\"Thales Brand\u00e3o\" \/>\n<meta name=\"twitter:card\" content=\"summary_large_image\" \/>\n<meta name=\"twitter:creator\" content=\"@http:\/\/www.twitter.com\/thalesbrandao\" \/>\n<meta name=\"twitter:site\" content=\"@CidadeMarketing\" \/>\n<meta name=\"twitter:label1\" content=\"Escrito por\" \/>\n\t<meta name=\"twitter:data1\" content=\"Thales Brand\u00e3o\" \/>\n\t<meta name=\"twitter:label2\" content=\"Est. tempo de leitura\" \/>\n\t<meta name=\"twitter:data2\" content=\"1 minuto\" \/>\n<script type=\"application\/ld+json\" class=\"yoast-schema-graph\">{\"@context\":\"https:\\\/\\\/schema.org\",\"@graph\":[{\"@type\":\"Article\",\"@id\":\"https:\\\/\\\/www.cidademarketing.com.br\\\/marketing\\\/2022\\\/12\\\/29\\\/itau-personnalite-anuncia-o-patrocinio-da-tenista-profissional-bia-haddad-maia\\\/#article\",\"isPartOf\":{\"@id\":\"https:\\\/\\\/www.cidademarketing.com.br\\\/marketing\\\/2022\\\/12\\\/29\\\/itau-personnalite-anuncia-o-patrocinio-da-tenista-profissional-bia-haddad-maia\\\/\"},\"author\":{\"name\":\"Thales Brand\u00e3o\",\"@id\":\"https:\\\/\\\/www.cidademarketing.com.br\\\/marketing\\\/#\\\/schema\\\/person\\\/02daff9f18bd9378c9e01eb6b2db155f\"},\"headline\":\"Ita\u00fa Personnalit\u00e9 anuncia o patroc\u00ednio da tenista profissional Bia Haddad Maia\",\"datePublished\":\"2022-12-29T12:59:50+00:00\",\"mainEntityOfPage\":{\"@id\":\"https:\\\/\\\/www.cidademarketing.com.br\\\/marketing\\\/2022\\\/12\\\/29\\\/itau-personnalite-anuncia-o-patrocinio-da-tenista-profissional-bia-haddad-maia\\\/\"},\"wordCount\":285,\"commentCount\":0,\"publisher\":{\"@id\":\"https:\\\/\\\/www.cidademarketing.com.br\\\/marketing\\\/#organization\"},\"image\":{\"@id\":\"https:\\\/\\\/www.cidademarketing.com.br\\\/marketing\\\/2022\\\/12\\\/29\\\/itau-personnalite-anuncia-o-patrocinio-da-tenista-profissional-bia-haddad-maia\\\/#primaryimage\"},\"thumbnailUrl\":\"https:\\\/\\\/www.cidademarketing.com.br\\\/marketing\\\/wp-content\\\/uploads\\\/2022\\\/03\\\/itau_personnalite.jpg\",\"keywords\":[\"esporte\",\"estrat\u00e9gia\",\"Ita\u00fa\",\"marketing\",\"patroc\u00ednio\"],\"articleSection\":[\"Not\u00edcias\"],\"inLanguage\":\"pt-BR\",\"potentialAction\":[{\"@type\":\"CommentAction\",\"name\":\"Comment\",\"target\":[\"https:\\\/\\\/www.cidademarketing.com.br\\\/marketing\\\/2022\\\/12\\\/29\\\/itau-personnalite-anuncia-o-patrocinio-da-tenista-profissional-bia-haddad-maia\\\/#respond\"]}]},{\"@type\":\"WebPage\",\"@id\":\"https:\\\/\\\/www.cidademarketing.com.br\\\/marketing\\\/2022\\\/12\\\/29\\\/itau-personnalite-anuncia-o-patrocinio-da-tenista-profissional-bia-haddad-maia\\\/\",\"url\":\"https:\\\/\\\/www.cidademarketing.com.br\\\/marketing\\\/2022\\\/12\\\/29\\\/itau-personnalite-anuncia-o-patrocinio-da-tenista-profissional-bia-haddad-maia\\\/\",\"name\":\"Ita\u00fa Personnalit\u00e9 anuncia o patroc\u00ednio da tenista profissional Bia Haddad Maia - CidadeMarketing\",\"isPartOf\":{\"@id\":\"https:\\\/\\\/www.cidademarketing.com.br\\\/marketing\\\/#website\"},\"primaryImageOfPage\":{\"@id\":\"https:\\\/\\\/www.cidademarketing.com.br\\\/marketing\\\/2022\\\/12\\\/29\\\/itau-personnalite-anuncia-o-patrocinio-da-tenista-profissional-bia-haddad-maia\\\/#primaryimage\"},\"image\":{\"@id\":\"https:\\\/\\\/www.cidademarketing.com.br\\\/marketing\\\/2022\\\/12\\\/29\\\/itau-personnalite-anuncia-o-patrocinio-da-tenista-profissional-bia-haddad-maia\\\/#primaryimage\"},\"thumbnailUrl\":\"https:\\\/\\\/www.cidademarketing.com.br\\\/marketing\\\/wp-content\\\/uploads\\\/2022\\\/03\\\/itau_personnalite.jpg\",\"datePublished\":\"2022-12-29T12:59:50+00:00\",\"breadcrumb\":{\"@id\":\"https:\\\/\\\/www.cidademarketing.com.br\\\/marketing\\\/2022\\\/12\\\/29\\\/itau-personnalite-anuncia-o-patrocinio-da-tenista-profissional-bia-haddad-maia\\\/#breadcrumb\"},\"inLanguage\":\"pt-BR\",\"potentialAction\":[{\"@type\":\"ReadAction\",\"target\":[\"https:\\\/\\\/www.cidademarketing.com.br\\\/marketing\\\/2022\\\/12\\\/29\\\/itau-personnalite-anuncia-o-patrocinio-da-tenista-profissional-bia-haddad-maia\\\/\"]}]},{\"@type\":\"ImageObject\",\"inLanguage\":\"pt-BR\",\"@id\":\"https:\\\/\\\/www.cidademarketing.com.br\\\/marketing\\\/2022\\\/12\\\/29\\\/itau-personnalite-anuncia-o-patrocinio-da-tenista-profissional-bia-haddad-maia\\\/#primaryimage\",\"url\":\"https:\\\/\\\/www.cidademarketing.com.br\\\/marketing\\\/wp-content\\\/uploads\\\/2022\\\/03\\\/itau_personnalite.jpg\",\"contentUrl\":\"https:\\\/\\\/www.cidademarketing.com.br\\\/marketing\\\/wp-content\\\/uploads\\\/2022\\\/03\\\/itau_personnalite.jpg\",\"width\":900,\"height\":900},{\"@type\":\"BreadcrumbList\",\"@id\":\"https:\\\/\\\/www.cidademarketing.com.br\\\/marketing\\\/2022\\\/12\\\/29\\\/itau-personnalite-anuncia-o-patrocinio-da-tenista-profissional-bia-haddad-maia\\\/#breadcrumb\",\"itemListElement\":[{\"@type\":\"ListItem\",\"position\":1,\"name\":\"In\u00edcio\",\"item\":\"https:\\\/\\\/www.cidademarketing.com.br\\\/marketing\\\/\"},{\"@type\":\"ListItem\",\"position\":2,\"name\":\"Ita\u00fa Personnalit\u00e9 anuncia o patroc\u00ednio da tenista profissional Bia Haddad Maia\"}]},{\"@type\":\"WebSite\",\"@id\":\"https:\\\/\\\/www.cidademarketing.com.br\\\/marketing\\\/#website\",\"url\":\"https:\\\/\\\/www.cidademarketing.com.br\\\/marketing\\\/\",\"name\":\"CidadeMarketing\",\"description\":\"Somos um ve\u00edculo de comunica\u00e7\u00e3o de destaque no Brasil, reconhecido por conte\u00fados nos segmentos de marketing, empreendedorismo e inova\u00e7\u00e3o.\",\"publisher\":{\"@id\":\"https:\\\/\\\/www.cidademarketing.com.br\\\/marketing\\\/#organization\"},\"alternateName\":\"CidadeMarketing\",\"potentialAction\":[{\"@type\":\"SearchAction\",\"target\":{\"@type\":\"EntryPoint\",\"urlTemplate\":\"https:\\\/\\\/www.cidademarketing.com.br\\\/marketing\\\/?s={search_term_string}\"},\"query-input\":{\"@type\":\"PropertyValueSpecification\",\"valueRequired\":true,\"valueName\":\"search_term_string\"}}],\"inLanguage\":\"pt-BR\"},{\"@type\":\"Organization\",\"@id\":\"https:\\\/\\\/www.cidademarketing.com.br\\\/marketing\\\/#organization\",\"name\":\"CidadeMarketing\",\"alternateName\":\"CidadeMarketing\",\"url\":\"https:\\\/\\\/www.cidademarketing.com.br\\\/marketing\\\/\",\"logo\":{\"@type\":\"ImageObject\",\"inLanguage\":\"pt-BR\",\"@id\":\"https:\\\/\\\/www.cidademarketing.com.br\\\/marketing\\\/#\\\/schema\\\/logo\\\/image\\\/\",\"url\":\"https:\\\/\\\/www.cidademarketing.com.br\\\/marketing\\\/wp-content\\\/uploads\\\/2020\\\/01\\\/cidademarketing_marca_mobile.png\",\"contentUrl\":\"https:\\\/\\\/www.cidademarketing.com.br\\\/marketing\\\/wp-content\\\/uploads\\\/2020\\\/01\\\/cidademarketing_marca_mobile.png\",\"width\":230,\"height\":92,\"caption\":\"CidadeMarketing\"},\"image\":{\"@id\":\"https:\\\/\\\/www.cidademarketing.com.br\\\/marketing\\\/#\\\/schema\\\/logo\\\/image\\\/\"},\"sameAs\":[\"https:\\\/\\\/www.facebook.com\\\/portalcidademarketing\",\"https:\\\/\\\/x.com\\\/CidadeMarketing\",\"https:\\\/\\\/www.instagram.com\\\/cidademarketing\\\/\"]},{\"@type\":\"Person\",\"@id\":\"https:\\\/\\\/www.cidademarketing.com.br\\\/marketing\\\/#\\\/schema\\\/person\\\/02daff9f18bd9378c9e01eb6b2db155f\",\"name\":\"Thales Brand\u00e3o\",\"image\":{\"@type\":\"ImageObject\",\"inLanguage\":\"pt-BR\",\"@id\":\"https:\\\/\\\/secure.gravatar.com\\\/avatar\\\/7ca3206950207cc3cb48feec56a8a7898741ab725c368d99d5d7a5a50aab80c6?s=96&d=mm&r=g\",\"url\":\"https:\\\/\\\/secure.gravatar.com\\\/avatar\\\/7ca3206950207cc3cb48feec56a8a7898741ab725c368d99d5d7a5a50aab80c6?s=96&d=mm&r=g\",\"contentUrl\":\"https:\\\/\\\/secure.gravatar.com\\\/avatar\\\/7ca3206950207cc3cb48feec56a8a7898741ab725c368d99d5d7a5a50aab80c6?s=96&d=mm&r=g\",\"caption\":\"Thales Brand\u00e3o\"},\"description\":\"Editor Executivo do Portal CidadeMarketing.com.br &gt; Mestre em Comunica\u00e7\u00e3o e Sociedade pela Universidade Federal de Sergipe. Possui MBA Executivo em Administra\u00e7\u00e3o com \u00eanfase em Marketing pela Funda\u00e7\u00e3o Get\u00falio Vargas - Rio de Janeiro. Consultor, Palestrante e Pesquisador sobre Empreendedorismo, Marketing, Redes Sociais e Neg\u00f3cios Digitais. Professor, Palestrante TedxTalks e Campus Party. Twitter: @ThalesBrandao\",\"sameAs\":[\"http:\\\/\\\/www.mandacaru.com.br\",\"https:\\\/\\\/www.facebook.com\\\/thalesbrandao\",\"http:\\\/\\\/www.instagram.com.br\\\/thalesbrandaoferreira\",\"https:\\\/\\\/www.linkedin.com\\\/in\\\/thales-brand\u00e3o-3948609\\\/\",\"https:\\\/\\\/x.com\\\/http:\\\/\\\/www.twitter.com\\\/thalesbrandao\"],\"url\":\"https:\\\/\\\/www.cidademarketing.com.br\\\/marketing\\\/author\\\/thalesbrandao\\\/\"}]}<\/script>\n<!-- \/ Yoast SEO plugin. -->","yoast_head_json":{"title":"Ita\u00fa Personnalit\u00e9 anuncia o patroc\u00ednio da tenista profissional Bia Haddad Maia - CidadeMarketing","robots":{"index":"index","follow":"follow","max-snippet":"max-snippet:-1","max-image-preview":"max-image-preview:large","max-video-preview":"max-video-preview:-1"},"canonical":"https:\/\/www.cidademarketing.com.br\/marketing\/2022\/12\/29\/itau-personnalite-anuncia-o-patrocinio-da-tenista-profissional-bia-haddad-maia\/","og_locale":"pt_BR","og_type":"article","og_title":"Ita\u00fa Personnalit\u00e9 anuncia o patroc\u00ednio da tenista profissional Bia Haddad Maia - CidadeMarketing","og_description":"Alto desempenho, foco e determina\u00e7\u00e3o s\u00e3o algumas caracter\u00edsticas encontradas em atletas profissionais e s\u00e3o essenciais para excelentes resultados. Para representar essas qualidades, o Ita\u00fa Personnalit\u00e9 anuncia o patroc\u00ednio \u00e0 tenista profissional Bia Haddad Maia, a primeira brasileira a figurar entre as 15 melhores do mundo na categoria. O an\u00fancio \u00e9 marcado pelo in\u00edcio da temporada [&hellip;]","og_url":"https:\/\/www.cidademarketing.com.br\/marketing\/2022\/12\/29\/itau-personnalite-anuncia-o-patrocinio-da-tenista-profissional-bia-haddad-maia\/","og_site_name":"CidadeMarketing","article_publisher":"https:\/\/www.facebook.com\/portalcidademarketing","article_author":"https:\/\/www.facebook.com\/thalesbrandao","article_published_time":"2022-12-29T12:59:50+00:00","og_image":[{"width":900,"height":900,"url":"https:\/\/www.cidademarketing.com.br\/marketing\/wp-content\/uploads\/2022\/03\/itau_personnalite.jpg","type":"image\/jpeg"}],"author":"Thales Brand\u00e3o","twitter_card":"summary_large_image","twitter_creator":"@http:\/\/www.twitter.com\/thalesbrandao","twitter_site":"@CidadeMarketing","twitter_misc":{"Escrito por":"Thales Brand\u00e3o","Est. tempo de leitura":"1 minuto"},"schema":{"@context":"https:\/\/schema.org","@graph":[{"@type":"Article","@id":"https:\/\/www.cidademarketing.com.br\/marketing\/2022\/12\/29\/itau-personnalite-anuncia-o-patrocinio-da-tenista-profissional-bia-haddad-maia\/#article","isPartOf":{"@id":"https:\/\/www.cidademarketing.com.br\/marketing\/2022\/12\/29\/itau-personnalite-anuncia-o-patrocinio-da-tenista-profissional-bia-haddad-maia\/"},"author":{"name":"Thales Brand\u00e3o","@id":"https:\/\/www.cidademarketing.com.br\/marketing\/#\/schema\/person\/02daff9f18bd9378c9e01eb6b2db155f"},"headline":"Ita\u00fa Personnalit\u00e9 anuncia o patroc\u00ednio da tenista profissional Bia Haddad Maia","datePublished":"2022-12-29T12:59:50+00:00","mainEntityOfPage":{"@id":"https:\/\/www.cidademarketing.com.br\/marketing\/2022\/12\/29\/itau-personnalite-anuncia-o-patrocinio-da-tenista-profissional-bia-haddad-maia\/"},"wordCount":285,"commentCount":0,"publisher":{"@id":"https:\/\/www.cidademarketing.com.br\/marketing\/#organization"},"image":{"@id":"https:\/\/www.cidademarketing.com.br\/marketing\/2022\/12\/29\/itau-personnalite-anuncia-o-patrocinio-da-tenista-profissional-bia-haddad-maia\/#primaryimage"},"thumbnailUrl":"https:\/\/www.cidademarketing.com.br\/marketing\/wp-content\/uploads\/2022\/03\/itau_personnalite.jpg","keywords":["esporte","estrat\u00e9gia","Ita\u00fa","marketing","patroc\u00ednio"],"articleSection":["Not\u00edcias"],"inLanguage":"pt-BR","potentialAction":[{"@type":"CommentAction","name":"Comment","target":["https:\/\/www.cidademarketing.com.br\/marketing\/2022\/12\/29\/itau-personnalite-anuncia-o-patrocinio-da-tenista-profissional-bia-haddad-maia\/#respond"]}]},{"@type":"WebPage","@id":"https:\/\/www.cidademarketing.com.br\/marketing\/2022\/12\/29\/itau-personnalite-anuncia-o-patrocinio-da-tenista-profissional-bia-haddad-maia\/","url":"https:\/\/www.cidademarketing.com.br\/marketing\/2022\/12\/29\/itau-personnalite-anuncia-o-patrocinio-da-tenista-profissional-bia-haddad-maia\/","name":"Ita\u00fa Personnalit\u00e9 anuncia o patroc\u00ednio da tenista profissional Bia Haddad Maia - CidadeMarketing","isPartOf":{"@id":"https:\/\/www.cidademarketing.com.br\/marketing\/#website"},"primaryImageOfPage":{"@id":"https:\/\/www.cidademarketing.com.br\/marketing\/2022\/12\/29\/itau-personnalite-anuncia-o-patrocinio-da-tenista-profissional-bia-haddad-maia\/#primaryimage"},"image":{"@id":"https:\/\/www.cidademarketing.com.br\/marketing\/2022\/12\/29\/itau-personnalite-anuncia-o-patrocinio-da-tenista-profissional-bia-haddad-maia\/#primaryimage"},"thumbnailUrl":"https:\/\/www.cidademarketing.com.br\/marketing\/wp-content\/uploads\/2022\/03\/itau_personnalite.jpg","datePublished":"2022-12-29T12:59:50+00:00","breadcrumb":{"@id":"https:\/\/www.cidademarketing.com.br\/marketing\/2022\/12\/29\/itau-personnalite-anuncia-o-patrocinio-da-tenista-profissional-bia-haddad-maia\/#breadcrumb"},"inLanguage":"pt-BR","potentialAction":[{"@type":"ReadAction","target":["https:\/\/www.cidademarketing.com.br\/marketing\/2022\/12\/29\/itau-personnalite-anuncia-o-patrocinio-da-tenista-profissional-bia-haddad-maia\/"]}]},{"@type":"ImageObject","inLanguage":"pt-BR","@id":"https:\/\/www.cidademarketing.com.br\/marketing\/2022\/12\/29\/itau-personnalite-anuncia-o-patrocinio-da-tenista-profissional-bia-haddad-maia\/#primaryimage","url":"https:\/\/www.cidademarketing.com.br\/marketing\/wp-content\/uploads\/2022\/03\/itau_personnalite.jpg","contentUrl":"https:\/\/www.cidademarketing.com.br\/marketing\/wp-content\/uploads\/2022\/03\/itau_personnalite.jpg","width":900,"height":900},{"@type":"BreadcrumbList","@id":"https:\/\/www.cidademarketing.com.br\/marketing\/2022\/12\/29\/itau-personnalite-anuncia-o-patrocinio-da-tenista-profissional-bia-haddad-maia\/#breadcrumb","itemListElement":[{"@type":"ListItem","position":1,"name":"In\u00edcio","item":"https:\/\/www.cidademarketing.com.br\/marketing\/"},{"@type":"ListItem","position":2,"name":"Ita\u00fa Personnalit\u00e9 anuncia o patroc\u00ednio da tenista profissional Bia Haddad Maia"}]},{"@type":"WebSite","@id":"https:\/\/www.cidademarketing.com.br\/marketing\/#website","url":"https:\/\/www.cidademarketing.com.br\/marketing\/","name":"CidadeMarketing","description":"Somos um ve\u00edculo de comunica\u00e7\u00e3o de destaque no Brasil, reconhecido por conte\u00fados nos segmentos de marketing, empreendedorismo e inova\u00e7\u00e3o.","publisher":{"@id":"https:\/\/www.cidademarketing.com.br\/marketing\/#organization"},"alternateName":"CidadeMarketing","potentialAction":[{"@type":"SearchAction","target":{"@type":"EntryPoint","urlTemplate":"https:\/\/www.cidademarketing.com.br\/marketing\/?s={search_term_string}"},"query-input":{"@type":"PropertyValueSpecification","valueRequired":true,"valueName":"search_term_string"}}],"inLanguage":"pt-BR"},{"@type":"Organization","@id":"https:\/\/www.cidademarketing.com.br\/marketing\/#organization","name":"CidadeMarketing","alternateName":"CidadeMarketing","url":"https:\/\/www.cidademarketing.com.br\/marketing\/","logo":{"@type":"ImageObject","inLanguage":"pt-BR","@id":"https:\/\/www.cidademarketing.com.br\/marketing\/#\/schema\/logo\/image\/","url":"https:\/\/www.cidademarketing.com.br\/marketing\/wp-content\/uploads\/2020\/01\/cidademarketing_marca_mobile.png","contentUrl":"https:\/\/www.cidademarketing.com.br\/marketing\/wp-content\/uploads\/2020\/01\/cidademarketing_marca_mobile.png","width":230,"height":92,"caption":"CidadeMarketing"},"image":{"@id":"https:\/\/www.cidademarketing.com.br\/marketing\/#\/schema\/logo\/image\/"},"sameAs":["https:\/\/www.facebook.com\/portalcidademarketing","https:\/\/x.com\/CidadeMarketing","https:\/\/www.instagram.com\/cidademarketing\/"]},{"@type":"Person","@id":"https:\/\/www.cidademarketing.com.br\/marketing\/#\/schema\/person\/02daff9f18bd9378c9e01eb6b2db155f","name":"Thales Brand\u00e3o","image":{"@type":"ImageObject","inLanguage":"pt-BR","@id":"https:\/\/secure.gravatar.com\/avatar\/7ca3206950207cc3cb48feec56a8a7898741ab725c368d99d5d7a5a50aab80c6?s=96&d=mm&r=g","url":"https:\/\/secure.gravatar.com\/avatar\/7ca3206950207cc3cb48feec56a8a7898741ab725c368d99d5d7a5a50aab80c6?s=96&d=mm&r=g","contentUrl":"https:\/\/secure.gravatar.com\/avatar\/7ca3206950207cc3cb48feec56a8a7898741ab725c368d99d5d7a5a50aab80c6?s=96&d=mm&r=g","caption":"Thales Brand\u00e3o"},"description":"Editor Executivo do Portal CidadeMarketing.com.br &gt; Mestre em Comunica\u00e7\u00e3o e Sociedade pela Universidade Federal de Sergipe. Possui MBA Executivo em Administra\u00e7\u00e3o com \u00eanfase em Marketing pela Funda\u00e7\u00e3o Get\u00falio Vargas - Rio de Janeiro. Consultor, Palestrante e Pesquisador sobre Empreendedorismo, Marketing, Redes Sociais e Neg\u00f3cios Digitais. Professor, Palestrante TedxTalks e Campus Party. Twitter: @ThalesBrandao","sameAs":["http:\/\/www.mandacaru.com.br","https:\/\/www.facebook.com\/thalesbrandao","http:\/\/www.instagram.com.br\/thalesbrandaoferreira","https:\/\/www.linkedin.com\/in\/thales-brand\u00e3o-3948609\/","https:\/\/x.com\/http:\/\/www.twitter.com\/thalesbrandao"],"url":"https:\/\/www.cidademarketing.com.br\/marketing\/author\/thalesbrandao\/"}]}},"amp_enabled":true,"_links":{"self":[{"href":"https:\/\/www.cidademarketing.com.br\/marketing\/wp-json\/wp\/v2\/posts\/41966","targetHints":{"allow":["GET"]}}],"collection":[{"href":"https:\/\/www.cidademarketing.com.br\/marketing\/wp-json\/wp\/v2\/posts"}],"about":[{"href":"https:\/\/www.cidademarketing.com.br\/marketing\/wp-json\/wp\/v2\/types\/post"}],"author":[{"embeddable":true,"href":"https:\/\/www.cidademarketing.com.br\/marketing\/wp-json\/wp\/v2\/users\/1"}],"replies":[{"embeddable":true,"href":"https:\/\/www.cidademarketing.com.br\/marketing\/wp-json\/wp\/v2\/comments?post=41966"}],"version-history":[{"count":1,"href":"https:\/\/www.cidademarketing.com.br\/marketing\/wp-json\/wp\/v2\/posts\/41966\/revisions"}],"predecessor-version":[{"id":41967,"href":"https:\/\/www.cidademarketing.com.br\/marketing\/wp-json\/wp\/v2\/posts\/41966\/revisions\/41967"}],"wp:featuredmedia":[{"embeddable":true,"href":"https:\/\/www.cidademarketing.com.br\/marketing\/wp-json\/wp\/v2\/media\/35023"}],"wp:attachment":[{"href":"https:\/\/www.cidademarketing.com.br\/marketing\/wp-json\/wp\/v2\/media?parent=41966"}],"wp:term":[{"taxonomy":"category","embeddable":true,"href":"https:\/\/www.cidademarketing.com.br\/marketing\/wp-json\/wp\/v2\/categories?post=41966"},{"taxonomy":"post_tag","embeddable":true,"href":"https:\/\/www.cidademarketing.com.br\/marketing\/wp-json\/wp\/v2\/tags?post=41966"}],"curies":[{"name":"wp","href":"https:\/\/api.w.org\/{rel}","templated":true}]}}