{"id":41886,"date":"2022-12-26T22:31:47","date_gmt":"2022-12-27T01:31:47","guid":{"rendered":"https:\/\/www.cidademarketing.com.br\/marketing\/?p=41886"},"modified":"2022-12-26T22:31:47","modified_gmt":"2022-12-27T01:31:47","slug":"nivea-apresenta-biografias-pretas-historias-de-quem-cuida-livro-que-narra-a-trajetoria-de-mulheres-negras","status":"publish","type":"post","link":"https:\/\/www.cidademarketing.com.br\/marketing\/2022\/12\/26\/nivea-apresenta-biografias-pretas-historias-de-quem-cuida-livro-que-narra-a-trajetoria-de-mulheres-negras\/","title":{"rendered":"NIVEA apresenta Biografias Pretas: Hist\u00f3rias de Quem Cuida, livro que narra a trajet\u00f3ria de mulheres negras"},"content":{"rendered":"<p>A NIVEA, atrav\u00e9s do prop\u00f3sito O Toque Que Transforma e Inspira Conex\u00f5es, que impulsiona projetos protagonizados, entre outros p\u00fablicos, por pessoas negras, apresenta o Biografias Pretas &#8212; Hist\u00f3rias de Quem Cuida, e-book cocriado com seu p\u00fablico interno e o Instituto Das Pretas, organiza\u00e7\u00e3o capixaba de inova\u00e7\u00e3o e tecnologia social, parceira de NIVEA em sua jornada de prop\u00f3sito. Lan\u00e7ado no Festival do Prop\u00f3sito, evento de cultura interna que mobilizou colaboradores da Beiersdorf, NIVEA e Eucerin, o livro foi produzido a partir dos di\u00e1logos e aprendizados entre mulheres negras l\u00edderes em seus nichos e as pessoas colaboradores volunt\u00e1rias que puderam escrever sobre essas viv\u00eancias com a inten\u00e7\u00e3o de criar um legado.<\/p>\n<p><iframe title=\"Spotify Embed: Podcast CidadeMarketing\" style=\"border-radius: 12px\" width=\"100%\" height=\"152\" frameborder=\"0\" allowfullscreen allow=\"autoplay; clipboard-write; encrypted-media; fullscreen; picture-in-picture\" loading=\"lazy\" src=\"https:\/\/open.spotify.com\/embed\/show\/4khMKzP3FgFRWVwb73xicc?si=252fe5bff2b34909&#038;utm_source=oembed\"><\/iframe><\/p>\n<p>Biografias Pretas trouxe a hist\u00f3ria de 13 mulheres negras que tiveram passagem pelo Cuida de Quem Cuida, projeto tamb\u00e9m conduzido em parceria com o Instituto Das Pretas para acelerar forma\u00e7\u00f5es educativas voltadas para o afroempreedorismo, cidadania ativa, di\u00e1logos de futuros e neg\u00f3cios de impacto.<\/p>\n<p>A plataforma, que recentemente teve seu segundo ciclo, tem o objetivo de transformar e promover autonomia de mulheres negras, que s\u00e3o historicamente empreendedoras e mobilizadoras sociais. \u201cEstamos, ao longo dos meses, criando uma s\u00e9rie de projetos que se conectam e caminham para um \u00fanico objetivo: reconhecer a pot\u00eancia de mulheres negras em diferentes lugares da sociedade. O Cuida de Quem Cuida inspirou o Biografias Pretas e temos grande orgulho disso\u201d, aponta Ligia Annunziato, l\u00edder da Agenda de Prop\u00f3sito da NIVEA.<\/p>\n<p>Dispon\u00edvel em e-book, clique no link abaixo: <a href=\"https:\/\/www.cidademarketing.com.br\/marketing\/wp-content\/uploads\/2022\/12\/NIVEA_Biografias-Pretas_Historias-de-Quem-Cuida.pdf\" target=\"_blank\" rel=\"noopener\">Biografias Pretas &#8212; Hist\u00f3rias de Quem Cuida<\/a><\/p>\n<p>Relatos potentes<\/p>\n<p>Em um tom \u00edntimo e delicado, o livro abre as discuss\u00f5es com a hist\u00f3ria de Vanda Vieira, nascida no Rio de Janeiro e militante desde a juventude, tendo passagem por a\u00e7\u00f5es que exigiam a constru\u00e7\u00e3o de creches para atenderem m\u00e3es e crian\u00e7as, melhores condi\u00e7\u00f5es trabalhistas e assist\u00eancia direta a pessoas vulnerabilizadas. J\u00e1 com Ilana A\u00e7ucena, o ponto alto \u00e9 a constru\u00e7\u00e3o de uma heran\u00e7a de ativismo e presta\u00e7\u00e3o de servi\u00e7o, pois, desde a inf\u00e2ncia, ela teve essa semente plantada por seus pais, que j\u00e1 eram engajados em causas pol\u00edticas. Hoje, ela cursa enfermagem e \u00e9 Presidenta do Conselho de Sa\u00fade de Cariacica, no Rio de Janeiro.<\/p>\n<p>Advogada popular, fundadora do Coletivo Evas Negras e integrante da comiss\u00e3o do Quilombola do Sap\u00ea do Norte, Josilene Sousa dos Santos atua na luta para os direitos b\u00e1sicos do povo negro no Esp\u00edrito Santo. Al\u00e9m disso, se coloca como candidata \u00e0 vereadora para discutir e proteger jovens negros e perif\u00e9ricos das viol\u00eancias cotidianas.<\/p>\n<p>Essas s\u00e3o algumas das hist\u00f3rias descritas no Biografias Negras com a miss\u00e3o de comunicar a luta e valorizar a pluralidade dessas mulheres que s\u00e3o refer\u00eancias em suas jornadas. \u201cTer a oportunidade de ouvir mulheres negras l\u00edderes em suas atua\u00e7\u00f5es e escrever sobre suas hist\u00f3rias, compartilhando suas viv\u00eancias e protagonismo com outras pessoas, \u00e9 o que mais me fez sentir parte do prop\u00f3sito O Toque Que Transforma\u201d, aponta C\u00e1ssia Gomes, estagi\u00e1ria de Administra\u00e7\u00e3o da NIVEA e coautora do livro.<\/p>\n<p>A\u00e7\u00f5es volunt\u00e1rias<\/p>\n<p>O livro \u00e9 um projeto do Programa de Voluntariado de Beiersdorf, que estimula que as pessoas colaboradoras da companhia vivenciem na pr\u00e1tica o movimento de transforma\u00e7\u00e3o da Agenda de Prop\u00f3sito, combinando os pilares de cultura interna e miss\u00e3o social, resultando em uma mudan\u00e7a de dentro para fora. A obra nasceu com a inten\u00e7\u00e3o de documentar as narrativas de mulheres que participaram do projeto Cuida de Quem Cuida e de outras mulheres que passam pela rede de apoio do Instituto Das Pretas.<\/p>\n<p>As protagonistas dessa biografia persistem na busca por caminhos pessoais, profissionais e educacionais, pois se reconhecem como pot\u00eancia nos lugares que ocupam e, acima de tudo, se reconhecem como mulheres pretas. \u201cCom essa etapa do Programa de Voluntariado, envolvemos nosso p\u00fablico em discuss\u00f5es construtivas sobre equidade racial e vemos que nos tornamos cada vez mais engajados nos projetos e frentes da nossa jornada de prop\u00f3sito\u201d, afirma Ligia.<\/p>\n<p>Para Juan Pablo Leymarie, diretor de Recursos Humanos da NIVEA, o sentimento \u00e9 de que os profissionais da companhia se envolvem com as iniciativas de voluntariado de uma forma muito genu\u00edna. \u201cA cada nova etapa, vemos que mais pessoas querem participar e fazer a diferen\u00e7a no dia a dia das organiza\u00e7\u00f5es e dos p\u00fablicos atendidos por elas. O livro Biografias Pretas \u00e9 um bom exemplo da atua\u00e7\u00e3o do nosso Grupo de Afinidade Abrace Nossa Cor, que debate internamente sobre pautas raciais\u201d, comenta. Os Grupos de Afinidade da BDF NIVEA s\u00e3o formados por pessoas colaboradoras de diversas \u00e1reas que compartilham interesses em comum e debatem formas para fortalecer a cultura interna nas pautas de Diversidade, Equidade e Inclus\u00e3o, Sustentabilidade e Meio Ambiente e Equil\u00edbrio Vida e Trabalho.<\/p>\n<p>Compromisso social<\/p>\n<p>O prop\u00f3sito da NIVEA, O Toque que Transforma e Inspira Conex\u00f5es, foi definido a partir de estudos que revelaram as popula\u00e7\u00f5es que apresentam uma maior aus\u00eancia do toque humano, seja por sua condi\u00e7\u00e3o social ou natureza. A partir deste cen\u00e1rio, NIVEA estabeleceu parcerias com institui\u00e7\u00f5es do terceiro setor, que apoiam projetos sociais oferecendo suporte institucional de capacita\u00e7\u00e3o, melhorias internas e amparo social.<br \/>\n\u2022 Idosos e cuidado ativo: parceria com Instituto Velho Amigo;<br \/>\n\u2022 Comunidade LGBTQIA+ e a cria\u00e7\u00e3o de novos futuros: parceria com ABGLT e TODXS;<br \/>\n\u2022 Negros e a pot\u00eancia empreendedora: parceria com Pretahub e Instituto Das Pretas;<br \/>\n\u2022 Meninas negras e o letramento racial: parceria com Instituto Das Pretas e UNICEF.<br \/>\nBiografias Pretas foi a terceira iniciativa de voluntariado promovida pela NIVEA neste ano. A primeira, denominada Abra\u00e7o Virtual, ocorreu em abril e em maio, com idosos atendidos pela rede do Instituto Velho Amigo. Em um cen\u00e1rio ainda delicado da pandemia, a proposta foi promover uma troca de mensagens por v\u00eddeo entre os idosos e os profissionais da NIVEA, resultando em conex\u00f5es profundas os participantes.<\/p>\n<p>O segundo projeto foi o Mutir\u00e3o da Beleza, tamb\u00e9m em parceria com o Instituto Velho Amigo. Realizado em outubro, pessoas colaboradoras da NIVEA se encontraram, dessa vez pessoalmente, com idosos atendidos pela institui\u00e7\u00e3o para falar sobre a import\u00e2ncia de uma rotina de cuidados com a pele em todas as idades. Al\u00e9m de falarem sobre dicas de cuidados di\u00e1rios e benef\u00edcios de ter uma pele saud\u00e1vel e protegida, os participantes dialogaram sobre autoestima, trocas entre gera\u00e7\u00f5es e toque de carinho.<\/p>\n<p>Para 2023, a NIVEA planeja novas iniciativas de voluntariado para fortalecer e ampliar a jornada de prop\u00f3sito, que j\u00e1 entra para o terceiro ano de atua\u00e7\u00e3o e transforma\u00e7\u00e3o social no Brasil.<\/p>\n<p><iframe style=\"width: 100%; max-width: 660px; overflow: hidden; background: transparent;\" src=\"https:\/\/embed.podcasts.apple.com\/br\/podcast\/podcast-cidademarketing\/id1371923283\" height=\"450\" frameborder=\"0\" sandbox=\"allow-forms allow-popups allow-same-origin allow-scripts allow-storage-access-by-user-activation allow-top-navigation-by-user-activation\"><\/iframe><\/p>\n","protected":false},"excerpt":{"rendered":"<p>A NIVEA, atrav\u00e9s do prop\u00f3sito O Toque Que Transforma e Inspira Conex\u00f5es, que impulsiona projetos protagonizados, entre outros p\u00fablicos, por pessoas negras, apresenta o Biografias Pretas &#8212; Hist\u00f3rias de Quem Cuida, e-book cocriado com seu p\u00fablico interno e o Instituto Das Pretas, organiza\u00e7\u00e3o capixaba de inova\u00e7\u00e3o e tecnologia social, parceira de NIVEA em sua jornada [&hellip;]<\/p>\n","protected":false},"author":1,"featured_media":41888,"comment_status":"open","ping_status":"open","sticky":false,"template":"","format":"standard","meta":{"tdm_status":"","tdm_grid_status":"","footnotes":""},"categories":[16],"tags":[1124,3118,33,28,87,5795,5634],"class_list":["post-41886","post","type-post","status-publish","format-standard","has-post-thumbnail","hentry","category-livros","tag-diversidade","tag-e-book","tag-estrategia","tag-marketing","tag-nivea","tag-pretas","tag-pretos"],"yoast_head":"<!-- This site is optimized with the Yoast SEO plugin v27.5 - https:\/\/yoast.com\/product\/yoast-seo-wordpress\/ -->\n<title>NIVEA apresenta Biografias Pretas: Hist\u00f3rias de Quem Cuida, livro que narra a trajet\u00f3ria de mulheres negras - CidadeMarketing<\/title>\n<meta name=\"robots\" content=\"index, follow, max-snippet:-1, max-image-preview:large, max-video-preview:-1\" \/>\n<link rel=\"canonical\" href=\"https:\/\/www.cidademarketing.com.br\/marketing\/2022\/12\/26\/nivea-apresenta-biografias-pretas-historias-de-quem-cuida-livro-que-narra-a-trajetoria-de-mulheres-negras\/\" \/>\n<meta property=\"og:locale\" content=\"pt_BR\" \/>\n<meta property=\"og:type\" content=\"article\" \/>\n<meta property=\"og:title\" content=\"NIVEA apresenta Biografias Pretas: Hist\u00f3rias de Quem Cuida, livro que narra a trajet\u00f3ria de mulheres negras - CidadeMarketing\" \/>\n<meta property=\"og:description\" content=\"A NIVEA, atrav\u00e9s do prop\u00f3sito O Toque Que Transforma e Inspira Conex\u00f5es, que impulsiona projetos protagonizados, entre outros p\u00fablicos, por pessoas negras, apresenta o Biografias Pretas &#8212; Hist\u00f3rias de Quem Cuida, e-book cocriado com seu p\u00fablico interno e o Instituto Das Pretas, organiza\u00e7\u00e3o capixaba de inova\u00e7\u00e3o e tecnologia social, parceira de NIVEA em sua jornada [&hellip;]\" \/>\n<meta property=\"og:url\" content=\"https:\/\/www.cidademarketing.com.br\/marketing\/2022\/12\/26\/nivea-apresenta-biografias-pretas-historias-de-quem-cuida-livro-que-narra-a-trajetoria-de-mulheres-negras\/\" \/>\n<meta property=\"og:site_name\" content=\"CidadeMarketing\" \/>\n<meta property=\"article:publisher\" content=\"https:\/\/www.facebook.com\/portalcidademarketing\" \/>\n<meta property=\"article:author\" content=\"https:\/\/www.facebook.com\/thalesbrandao\" \/>\n<meta property=\"article:published_time\" content=\"2022-12-27T01:31:47+00:00\" \/>\n<meta property=\"og:image\" content=\"https:\/\/www.cidademarketing.com.br\/marketing\/wp-content\/uploads\/2022\/12\/biografias_pretas.jpg\" \/>\n\t<meta property=\"og:image:width\" content=\"486\" \/>\n\t<meta property=\"og:image:height\" content=\"699\" \/>\n\t<meta property=\"og:image:type\" content=\"image\/jpeg\" \/>\n<meta name=\"author\" content=\"Thales Brand\u00e3o\" \/>\n<meta name=\"twitter:card\" content=\"summary_large_image\" \/>\n<meta name=\"twitter:creator\" content=\"@http:\/\/www.twitter.com\/thalesbrandao\" \/>\n<meta name=\"twitter:site\" content=\"@CidadeMarketing\" \/>\n<meta name=\"twitter:label1\" content=\"Escrito por\" \/>\n\t<meta name=\"twitter:data1\" content=\"Thales Brand\u00e3o\" \/>\n\t<meta name=\"twitter:label2\" content=\"Est. tempo de leitura\" \/>\n\t<meta name=\"twitter:data2\" content=\"6 minutos\" \/>\n<script type=\"application\/ld+json\" class=\"yoast-schema-graph\">{\"@context\":\"https:\\\/\\\/schema.org\",\"@graph\":[{\"@type\":\"Article\",\"@id\":\"https:\\\/\\\/www.cidademarketing.com.br\\\/marketing\\\/2022\\\/12\\\/26\\\/nivea-apresenta-biografias-pretas-historias-de-quem-cuida-livro-que-narra-a-trajetoria-de-mulheres-negras\\\/#article\",\"isPartOf\":{\"@id\":\"https:\\\/\\\/www.cidademarketing.com.br\\\/marketing\\\/2022\\\/12\\\/26\\\/nivea-apresenta-biografias-pretas-historias-de-quem-cuida-livro-que-narra-a-trajetoria-de-mulheres-negras\\\/\"},\"author\":{\"name\":\"Thales Brand\u00e3o\",\"@id\":\"https:\\\/\\\/www.cidademarketing.com.br\\\/marketing\\\/#\\\/schema\\\/person\\\/02daff9f18bd9378c9e01eb6b2db155f\"},\"headline\":\"NIVEA apresenta Biografias Pretas: Hist\u00f3rias de Quem Cuida, livro que narra a trajet\u00f3ria de mulheres negras\",\"datePublished\":\"2022-12-27T01:31:47+00:00\",\"mainEntityOfPage\":{\"@id\":\"https:\\\/\\\/www.cidademarketing.com.br\\\/marketing\\\/2022\\\/12\\\/26\\\/nivea-apresenta-biografias-pretas-historias-de-quem-cuida-livro-que-narra-a-trajetoria-de-mulheres-negras\\\/\"},\"wordCount\":1179,\"commentCount\":0,\"publisher\":{\"@id\":\"https:\\\/\\\/www.cidademarketing.com.br\\\/marketing\\\/#organization\"},\"image\":{\"@id\":\"https:\\\/\\\/www.cidademarketing.com.br\\\/marketing\\\/2022\\\/12\\\/26\\\/nivea-apresenta-biografias-pretas-historias-de-quem-cuida-livro-que-narra-a-trajetoria-de-mulheres-negras\\\/#primaryimage\"},\"thumbnailUrl\":\"https:\\\/\\\/www.cidademarketing.com.br\\\/marketing\\\/wp-content\\\/uploads\\\/2022\\\/12\\\/biografias_pretas.jpg\",\"keywords\":[\"diversidade\",\"e-book\",\"estrat\u00e9gia\",\"marketing\",\"Nivea\",\"pretas\",\"pretos\"],\"articleSection\":[\"Livros\"],\"inLanguage\":\"pt-BR\",\"potentialAction\":[{\"@type\":\"CommentAction\",\"name\":\"Comment\",\"target\":[\"https:\\\/\\\/www.cidademarketing.com.br\\\/marketing\\\/2022\\\/12\\\/26\\\/nivea-apresenta-biografias-pretas-historias-de-quem-cuida-livro-que-narra-a-trajetoria-de-mulheres-negras\\\/#respond\"]}]},{\"@type\":\"WebPage\",\"@id\":\"https:\\\/\\\/www.cidademarketing.com.br\\\/marketing\\\/2022\\\/12\\\/26\\\/nivea-apresenta-biografias-pretas-historias-de-quem-cuida-livro-que-narra-a-trajetoria-de-mulheres-negras\\\/\",\"url\":\"https:\\\/\\\/www.cidademarketing.com.br\\\/marketing\\\/2022\\\/12\\\/26\\\/nivea-apresenta-biografias-pretas-historias-de-quem-cuida-livro-que-narra-a-trajetoria-de-mulheres-negras\\\/\",\"name\":\"NIVEA apresenta Biografias Pretas: Hist\u00f3rias de Quem Cuida, livro que narra a trajet\u00f3ria de mulheres negras - CidadeMarketing\",\"isPartOf\":{\"@id\":\"https:\\\/\\\/www.cidademarketing.com.br\\\/marketing\\\/#website\"},\"primaryImageOfPage\":{\"@id\":\"https:\\\/\\\/www.cidademarketing.com.br\\\/marketing\\\/2022\\\/12\\\/26\\\/nivea-apresenta-biografias-pretas-historias-de-quem-cuida-livro-que-narra-a-trajetoria-de-mulheres-negras\\\/#primaryimage\"},\"image\":{\"@id\":\"https:\\\/\\\/www.cidademarketing.com.br\\\/marketing\\\/2022\\\/12\\\/26\\\/nivea-apresenta-biografias-pretas-historias-de-quem-cuida-livro-que-narra-a-trajetoria-de-mulheres-negras\\\/#primaryimage\"},\"thumbnailUrl\":\"https:\\\/\\\/www.cidademarketing.com.br\\\/marketing\\\/wp-content\\\/uploads\\\/2022\\\/12\\\/biografias_pretas.jpg\",\"datePublished\":\"2022-12-27T01:31:47+00:00\",\"breadcrumb\":{\"@id\":\"https:\\\/\\\/www.cidademarketing.com.br\\\/marketing\\\/2022\\\/12\\\/26\\\/nivea-apresenta-biografias-pretas-historias-de-quem-cuida-livro-que-narra-a-trajetoria-de-mulheres-negras\\\/#breadcrumb\"},\"inLanguage\":\"pt-BR\",\"potentialAction\":[{\"@type\":\"ReadAction\",\"target\":[\"https:\\\/\\\/www.cidademarketing.com.br\\\/marketing\\\/2022\\\/12\\\/26\\\/nivea-apresenta-biografias-pretas-historias-de-quem-cuida-livro-que-narra-a-trajetoria-de-mulheres-negras\\\/\"]}]},{\"@type\":\"ImageObject\",\"inLanguage\":\"pt-BR\",\"@id\":\"https:\\\/\\\/www.cidademarketing.com.br\\\/marketing\\\/2022\\\/12\\\/26\\\/nivea-apresenta-biografias-pretas-historias-de-quem-cuida-livro-que-narra-a-trajetoria-de-mulheres-negras\\\/#primaryimage\",\"url\":\"https:\\\/\\\/www.cidademarketing.com.br\\\/marketing\\\/wp-content\\\/uploads\\\/2022\\\/12\\\/biografias_pretas.jpg\",\"contentUrl\":\"https:\\\/\\\/www.cidademarketing.com.br\\\/marketing\\\/wp-content\\\/uploads\\\/2022\\\/12\\\/biografias_pretas.jpg\",\"width\":486,\"height\":699},{\"@type\":\"BreadcrumbList\",\"@id\":\"https:\\\/\\\/www.cidademarketing.com.br\\\/marketing\\\/2022\\\/12\\\/26\\\/nivea-apresenta-biografias-pretas-historias-de-quem-cuida-livro-que-narra-a-trajetoria-de-mulheres-negras\\\/#breadcrumb\",\"itemListElement\":[{\"@type\":\"ListItem\",\"position\":1,\"name\":\"In\u00edcio\",\"item\":\"https:\\\/\\\/www.cidademarketing.com.br\\\/marketing\\\/\"},{\"@type\":\"ListItem\",\"position\":2,\"name\":\"NIVEA apresenta Biografias Pretas: Hist\u00f3rias de Quem Cuida, livro que narra a trajet\u00f3ria de mulheres negras\"}]},{\"@type\":\"WebSite\",\"@id\":\"https:\\\/\\\/www.cidademarketing.com.br\\\/marketing\\\/#website\",\"url\":\"https:\\\/\\\/www.cidademarketing.com.br\\\/marketing\\\/\",\"name\":\"CidadeMarketing\",\"description\":\"Somos um ve\u00edculo de comunica\u00e7\u00e3o de destaque no Brasil, reconhecido por conte\u00fados nos segmentos de marketing, empreendedorismo e inova\u00e7\u00e3o.\",\"publisher\":{\"@id\":\"https:\\\/\\\/www.cidademarketing.com.br\\\/marketing\\\/#organization\"},\"alternateName\":\"CidadeMarketing\",\"potentialAction\":[{\"@type\":\"SearchAction\",\"target\":{\"@type\":\"EntryPoint\",\"urlTemplate\":\"https:\\\/\\\/www.cidademarketing.com.br\\\/marketing\\\/?s={search_term_string}\"},\"query-input\":{\"@type\":\"PropertyValueSpecification\",\"valueRequired\":true,\"valueName\":\"search_term_string\"}}],\"inLanguage\":\"pt-BR\"},{\"@type\":\"Organization\",\"@id\":\"https:\\\/\\\/www.cidademarketing.com.br\\\/marketing\\\/#organization\",\"name\":\"CidadeMarketing\",\"alternateName\":\"CidadeMarketing\",\"url\":\"https:\\\/\\\/www.cidademarketing.com.br\\\/marketing\\\/\",\"logo\":{\"@type\":\"ImageObject\",\"inLanguage\":\"pt-BR\",\"@id\":\"https:\\\/\\\/www.cidademarketing.com.br\\\/marketing\\\/#\\\/schema\\\/logo\\\/image\\\/\",\"url\":\"https:\\\/\\\/www.cidademarketing.com.br\\\/marketing\\\/wp-content\\\/uploads\\\/2020\\\/01\\\/cidademarketing_marca_mobile.png\",\"contentUrl\":\"https:\\\/\\\/www.cidademarketing.com.br\\\/marketing\\\/wp-content\\\/uploads\\\/2020\\\/01\\\/cidademarketing_marca_mobile.png\",\"width\":230,\"height\":92,\"caption\":\"CidadeMarketing\"},\"image\":{\"@id\":\"https:\\\/\\\/www.cidademarketing.com.br\\\/marketing\\\/#\\\/schema\\\/logo\\\/image\\\/\"},\"sameAs\":[\"https:\\\/\\\/www.facebook.com\\\/portalcidademarketing\",\"https:\\\/\\\/x.com\\\/CidadeMarketing\",\"https:\\\/\\\/www.instagram.com\\\/cidademarketing\\\/\"]},{\"@type\":\"Person\",\"@id\":\"https:\\\/\\\/www.cidademarketing.com.br\\\/marketing\\\/#\\\/schema\\\/person\\\/02daff9f18bd9378c9e01eb6b2db155f\",\"name\":\"Thales Brand\u00e3o\",\"image\":{\"@type\":\"ImageObject\",\"inLanguage\":\"pt-BR\",\"@id\":\"https:\\\/\\\/secure.gravatar.com\\\/avatar\\\/7ca3206950207cc3cb48feec56a8a7898741ab725c368d99d5d7a5a50aab80c6?s=96&d=mm&r=g\",\"url\":\"https:\\\/\\\/secure.gravatar.com\\\/avatar\\\/7ca3206950207cc3cb48feec56a8a7898741ab725c368d99d5d7a5a50aab80c6?s=96&d=mm&r=g\",\"contentUrl\":\"https:\\\/\\\/secure.gravatar.com\\\/avatar\\\/7ca3206950207cc3cb48feec56a8a7898741ab725c368d99d5d7a5a50aab80c6?s=96&d=mm&r=g\",\"caption\":\"Thales Brand\u00e3o\"},\"description\":\"Editor Executivo do Portal CidadeMarketing.com.br &gt; Mestre em Comunica\u00e7\u00e3o e Sociedade pela Universidade Federal de Sergipe. Possui MBA Executivo em Administra\u00e7\u00e3o com \u00eanfase em Marketing pela Funda\u00e7\u00e3o Get\u00falio Vargas - Rio de Janeiro. Consultor, Palestrante e Pesquisador sobre Empreendedorismo, Marketing, Redes Sociais e Neg\u00f3cios Digitais. Professor, Palestrante TedxTalks e Campus Party. Twitter: @ThalesBrandao\",\"sameAs\":[\"http:\\\/\\\/www.mandacaru.com.br\",\"https:\\\/\\\/www.facebook.com\\\/thalesbrandao\",\"http:\\\/\\\/www.instagram.com.br\\\/thalesbrandaoferreira\",\"https:\\\/\\\/www.linkedin.com\\\/in\\\/thales-brand\u00e3o-3948609\\\/\",\"https:\\\/\\\/x.com\\\/http:\\\/\\\/www.twitter.com\\\/thalesbrandao\"],\"url\":\"https:\\\/\\\/www.cidademarketing.com.br\\\/marketing\\\/author\\\/thalesbrandao\\\/\"}]}<\/script>\n<!-- \/ Yoast SEO plugin. -->","yoast_head_json":{"title":"NIVEA apresenta Biografias Pretas: Hist\u00f3rias de Quem Cuida, livro que narra a trajet\u00f3ria de mulheres negras - CidadeMarketing","robots":{"index":"index","follow":"follow","max-snippet":"max-snippet:-1","max-image-preview":"max-image-preview:large","max-video-preview":"max-video-preview:-1"},"canonical":"https:\/\/www.cidademarketing.com.br\/marketing\/2022\/12\/26\/nivea-apresenta-biografias-pretas-historias-de-quem-cuida-livro-que-narra-a-trajetoria-de-mulheres-negras\/","og_locale":"pt_BR","og_type":"article","og_title":"NIVEA apresenta Biografias Pretas: Hist\u00f3rias de Quem Cuida, livro que narra a trajet\u00f3ria de mulheres negras - CidadeMarketing","og_description":"A NIVEA, atrav\u00e9s do prop\u00f3sito O Toque Que Transforma e Inspira Conex\u00f5es, que impulsiona projetos protagonizados, entre outros p\u00fablicos, por pessoas negras, apresenta o Biografias Pretas &#8212; Hist\u00f3rias de Quem Cuida, e-book cocriado com seu p\u00fablico interno e o Instituto Das Pretas, organiza\u00e7\u00e3o capixaba de inova\u00e7\u00e3o e tecnologia social, parceira de NIVEA em sua jornada [&hellip;]","og_url":"https:\/\/www.cidademarketing.com.br\/marketing\/2022\/12\/26\/nivea-apresenta-biografias-pretas-historias-de-quem-cuida-livro-que-narra-a-trajetoria-de-mulheres-negras\/","og_site_name":"CidadeMarketing","article_publisher":"https:\/\/www.facebook.com\/portalcidademarketing","article_author":"https:\/\/www.facebook.com\/thalesbrandao","article_published_time":"2022-12-27T01:31:47+00:00","og_image":[{"width":486,"height":699,"url":"https:\/\/www.cidademarketing.com.br\/marketing\/wp-content\/uploads\/2022\/12\/biografias_pretas.jpg","type":"image\/jpeg"}],"author":"Thales Brand\u00e3o","twitter_card":"summary_large_image","twitter_creator":"@http:\/\/www.twitter.com\/thalesbrandao","twitter_site":"@CidadeMarketing","twitter_misc":{"Escrito por":"Thales Brand\u00e3o","Est. tempo de leitura":"6 minutos"},"schema":{"@context":"https:\/\/schema.org","@graph":[{"@type":"Article","@id":"https:\/\/www.cidademarketing.com.br\/marketing\/2022\/12\/26\/nivea-apresenta-biografias-pretas-historias-de-quem-cuida-livro-que-narra-a-trajetoria-de-mulheres-negras\/#article","isPartOf":{"@id":"https:\/\/www.cidademarketing.com.br\/marketing\/2022\/12\/26\/nivea-apresenta-biografias-pretas-historias-de-quem-cuida-livro-que-narra-a-trajetoria-de-mulheres-negras\/"},"author":{"name":"Thales Brand\u00e3o","@id":"https:\/\/www.cidademarketing.com.br\/marketing\/#\/schema\/person\/02daff9f18bd9378c9e01eb6b2db155f"},"headline":"NIVEA apresenta Biografias Pretas: Hist\u00f3rias de Quem Cuida, livro que narra a trajet\u00f3ria de mulheres negras","datePublished":"2022-12-27T01:31:47+00:00","mainEntityOfPage":{"@id":"https:\/\/www.cidademarketing.com.br\/marketing\/2022\/12\/26\/nivea-apresenta-biografias-pretas-historias-de-quem-cuida-livro-que-narra-a-trajetoria-de-mulheres-negras\/"},"wordCount":1179,"commentCount":0,"publisher":{"@id":"https:\/\/www.cidademarketing.com.br\/marketing\/#organization"},"image":{"@id":"https:\/\/www.cidademarketing.com.br\/marketing\/2022\/12\/26\/nivea-apresenta-biografias-pretas-historias-de-quem-cuida-livro-que-narra-a-trajetoria-de-mulheres-negras\/#primaryimage"},"thumbnailUrl":"https:\/\/www.cidademarketing.com.br\/marketing\/wp-content\/uploads\/2022\/12\/biografias_pretas.jpg","keywords":["diversidade","e-book","estrat\u00e9gia","marketing","Nivea","pretas","pretos"],"articleSection":["Livros"],"inLanguage":"pt-BR","potentialAction":[{"@type":"CommentAction","name":"Comment","target":["https:\/\/www.cidademarketing.com.br\/marketing\/2022\/12\/26\/nivea-apresenta-biografias-pretas-historias-de-quem-cuida-livro-que-narra-a-trajetoria-de-mulheres-negras\/#respond"]}]},{"@type":"WebPage","@id":"https:\/\/www.cidademarketing.com.br\/marketing\/2022\/12\/26\/nivea-apresenta-biografias-pretas-historias-de-quem-cuida-livro-que-narra-a-trajetoria-de-mulheres-negras\/","url":"https:\/\/www.cidademarketing.com.br\/marketing\/2022\/12\/26\/nivea-apresenta-biografias-pretas-historias-de-quem-cuida-livro-que-narra-a-trajetoria-de-mulheres-negras\/","name":"NIVEA apresenta Biografias Pretas: Hist\u00f3rias de Quem Cuida, livro que narra a trajet\u00f3ria de mulheres negras - CidadeMarketing","isPartOf":{"@id":"https:\/\/www.cidademarketing.com.br\/marketing\/#website"},"primaryImageOfPage":{"@id":"https:\/\/www.cidademarketing.com.br\/marketing\/2022\/12\/26\/nivea-apresenta-biografias-pretas-historias-de-quem-cuida-livro-que-narra-a-trajetoria-de-mulheres-negras\/#primaryimage"},"image":{"@id":"https:\/\/www.cidademarketing.com.br\/marketing\/2022\/12\/26\/nivea-apresenta-biografias-pretas-historias-de-quem-cuida-livro-que-narra-a-trajetoria-de-mulheres-negras\/#primaryimage"},"thumbnailUrl":"https:\/\/www.cidademarketing.com.br\/marketing\/wp-content\/uploads\/2022\/12\/biografias_pretas.jpg","datePublished":"2022-12-27T01:31:47+00:00","breadcrumb":{"@id":"https:\/\/www.cidademarketing.com.br\/marketing\/2022\/12\/26\/nivea-apresenta-biografias-pretas-historias-de-quem-cuida-livro-que-narra-a-trajetoria-de-mulheres-negras\/#breadcrumb"},"inLanguage":"pt-BR","potentialAction":[{"@type":"ReadAction","target":["https:\/\/www.cidademarketing.com.br\/marketing\/2022\/12\/26\/nivea-apresenta-biografias-pretas-historias-de-quem-cuida-livro-que-narra-a-trajetoria-de-mulheres-negras\/"]}]},{"@type":"ImageObject","inLanguage":"pt-BR","@id":"https:\/\/www.cidademarketing.com.br\/marketing\/2022\/12\/26\/nivea-apresenta-biografias-pretas-historias-de-quem-cuida-livro-que-narra-a-trajetoria-de-mulheres-negras\/#primaryimage","url":"https:\/\/www.cidademarketing.com.br\/marketing\/wp-content\/uploads\/2022\/12\/biografias_pretas.jpg","contentUrl":"https:\/\/www.cidademarketing.com.br\/marketing\/wp-content\/uploads\/2022\/12\/biografias_pretas.jpg","width":486,"height":699},{"@type":"BreadcrumbList","@id":"https:\/\/www.cidademarketing.com.br\/marketing\/2022\/12\/26\/nivea-apresenta-biografias-pretas-historias-de-quem-cuida-livro-que-narra-a-trajetoria-de-mulheres-negras\/#breadcrumb","itemListElement":[{"@type":"ListItem","position":1,"name":"In\u00edcio","item":"https:\/\/www.cidademarketing.com.br\/marketing\/"},{"@type":"ListItem","position":2,"name":"NIVEA apresenta Biografias Pretas: Hist\u00f3rias de Quem Cuida, livro que narra a trajet\u00f3ria de mulheres negras"}]},{"@type":"WebSite","@id":"https:\/\/www.cidademarketing.com.br\/marketing\/#website","url":"https:\/\/www.cidademarketing.com.br\/marketing\/","name":"CidadeMarketing","description":"Somos um ve\u00edculo de comunica\u00e7\u00e3o de destaque no Brasil, reconhecido por conte\u00fados nos segmentos de marketing, empreendedorismo e inova\u00e7\u00e3o.","publisher":{"@id":"https:\/\/www.cidademarketing.com.br\/marketing\/#organization"},"alternateName":"CidadeMarketing","potentialAction":[{"@type":"SearchAction","target":{"@type":"EntryPoint","urlTemplate":"https:\/\/www.cidademarketing.com.br\/marketing\/?s={search_term_string}"},"query-input":{"@type":"PropertyValueSpecification","valueRequired":true,"valueName":"search_term_string"}}],"inLanguage":"pt-BR"},{"@type":"Organization","@id":"https:\/\/www.cidademarketing.com.br\/marketing\/#organization","name":"CidadeMarketing","alternateName":"CidadeMarketing","url":"https:\/\/www.cidademarketing.com.br\/marketing\/","logo":{"@type":"ImageObject","inLanguage":"pt-BR","@id":"https:\/\/www.cidademarketing.com.br\/marketing\/#\/schema\/logo\/image\/","url":"https:\/\/www.cidademarketing.com.br\/marketing\/wp-content\/uploads\/2020\/01\/cidademarketing_marca_mobile.png","contentUrl":"https:\/\/www.cidademarketing.com.br\/marketing\/wp-content\/uploads\/2020\/01\/cidademarketing_marca_mobile.png","width":230,"height":92,"caption":"CidadeMarketing"},"image":{"@id":"https:\/\/www.cidademarketing.com.br\/marketing\/#\/schema\/logo\/image\/"},"sameAs":["https:\/\/www.facebook.com\/portalcidademarketing","https:\/\/x.com\/CidadeMarketing","https:\/\/www.instagram.com\/cidademarketing\/"]},{"@type":"Person","@id":"https:\/\/www.cidademarketing.com.br\/marketing\/#\/schema\/person\/02daff9f18bd9378c9e01eb6b2db155f","name":"Thales Brand\u00e3o","image":{"@type":"ImageObject","inLanguage":"pt-BR","@id":"https:\/\/secure.gravatar.com\/avatar\/7ca3206950207cc3cb48feec56a8a7898741ab725c368d99d5d7a5a50aab80c6?s=96&d=mm&r=g","url":"https:\/\/secure.gravatar.com\/avatar\/7ca3206950207cc3cb48feec56a8a7898741ab725c368d99d5d7a5a50aab80c6?s=96&d=mm&r=g","contentUrl":"https:\/\/secure.gravatar.com\/avatar\/7ca3206950207cc3cb48feec56a8a7898741ab725c368d99d5d7a5a50aab80c6?s=96&d=mm&r=g","caption":"Thales Brand\u00e3o"},"description":"Editor Executivo do Portal CidadeMarketing.com.br &gt; Mestre em Comunica\u00e7\u00e3o e Sociedade pela Universidade Federal de Sergipe. Possui MBA Executivo em Administra\u00e7\u00e3o com \u00eanfase em Marketing pela Funda\u00e7\u00e3o Get\u00falio Vargas - Rio de Janeiro. Consultor, Palestrante e Pesquisador sobre Empreendedorismo, Marketing, Redes Sociais e Neg\u00f3cios Digitais. Professor, Palestrante TedxTalks e Campus Party. Twitter: @ThalesBrandao","sameAs":["http:\/\/www.mandacaru.com.br","https:\/\/www.facebook.com\/thalesbrandao","http:\/\/www.instagram.com.br\/thalesbrandaoferreira","https:\/\/www.linkedin.com\/in\/thales-brand\u00e3o-3948609\/","https:\/\/x.com\/http:\/\/www.twitter.com\/thalesbrandao"],"url":"https:\/\/www.cidademarketing.com.br\/marketing\/author\/thalesbrandao\/"}]}},"amp_enabled":true,"_links":{"self":[{"href":"https:\/\/www.cidademarketing.com.br\/marketing\/wp-json\/wp\/v2\/posts\/41886","targetHints":{"allow":["GET"]}}],"collection":[{"href":"https:\/\/www.cidademarketing.com.br\/marketing\/wp-json\/wp\/v2\/posts"}],"about":[{"href":"https:\/\/www.cidademarketing.com.br\/marketing\/wp-json\/wp\/v2\/types\/post"}],"author":[{"embeddable":true,"href":"https:\/\/www.cidademarketing.com.br\/marketing\/wp-json\/wp\/v2\/users\/1"}],"replies":[{"embeddable":true,"href":"https:\/\/www.cidademarketing.com.br\/marketing\/wp-json\/wp\/v2\/comments?post=41886"}],"version-history":[{"count":1,"href":"https:\/\/www.cidademarketing.com.br\/marketing\/wp-json\/wp\/v2\/posts\/41886\/revisions"}],"predecessor-version":[{"id":41889,"href":"https:\/\/www.cidademarketing.com.br\/marketing\/wp-json\/wp\/v2\/posts\/41886\/revisions\/41889"}],"wp:featuredmedia":[{"embeddable":true,"href":"https:\/\/www.cidademarketing.com.br\/marketing\/wp-json\/wp\/v2\/media\/41888"}],"wp:attachment":[{"href":"https:\/\/www.cidademarketing.com.br\/marketing\/wp-json\/wp\/v2\/media?parent=41886"}],"wp:term":[{"taxonomy":"category","embeddable":true,"href":"https:\/\/www.cidademarketing.com.br\/marketing\/wp-json\/wp\/v2\/categories?post=41886"},{"taxonomy":"post_tag","embeddable":true,"href":"https:\/\/www.cidademarketing.com.br\/marketing\/wp-json\/wp\/v2\/tags?post=41886"}],"curies":[{"name":"wp","href":"https:\/\/api.w.org\/{rel}","templated":true}]}}