{"id":41793,"date":"2022-12-25T00:54:09","date_gmt":"2022-12-25T03:54:09","guid":{"rendered":"https:\/\/www.cidademarketing.com.br\/marketing\/?p=41793"},"modified":"2022-12-25T00:54:09","modified_gmt":"2022-12-25T03:54:09","slug":"safra-inicia-cobertura-de-papeis-da-mills-mils3-e-recomenda-compra","status":"publish","type":"post","link":"https:\/\/www.cidademarketing.com.br\/marketing\/2022\/12\/25\/safra-inicia-cobertura-de-papeis-da-mills-mils3-e-recomenda-compra\/","title":{"rendered":"Safra inicia cobertura de pap\u00e9is da Mills (MILS3) e recomenda compra"},"content":{"rendered":"<p>O banco Safra divulgou nesta ter\u00e7a-feira, 20, que iniciou a cobertura das a\u00e7\u00f5es Mills (MILS3) com a recomenda\u00e7\u00e3o de compra do papel e um pre\u00e7o-alvo de R$ 20,10 at\u00e9 o final de 2023, o que representa uma potencial valoriza\u00e7\u00e3o de 97%. A Mills \u00e9 l\u00edder em loca\u00e7\u00e3o de plataformas elevat\u00f3rias no Brasil, com cerca de 30% de market share e maior locadora de equipamentos da Am\u00e9rica Latina.<\/p>\n<p><iframe title=\"Spotify Embed: Podcast CidadeMarketing\" style=\"border-radius: 12px\" width=\"100%\" height=\"152\" frameborder=\"0\" allowfullscreen allow=\"autoplay; clipboard-write; encrypted-media; fullscreen; picture-in-picture\" loading=\"lazy\" src=\"https:\/\/open.spotify.com\/embed\/show\/4khMKzP3FgFRWVwb73xicc?si=252fe5bff2b34909&#038;utm_source=oembed\"><\/iframe><\/p>\n<p>Por meio de recentes opera\u00e7\u00f5es de M&amp;A, a empresa expandiu seus neg\u00f3cios para o aluguel de m\u00e1quinas da linha amarela, um mercado pouco penetrado e pulverizado e que possui potencial de crescimento significativo, com grande mercado endere\u00e7\u00e1vel.<\/p>\n<p>O relat\u00f3rio do banco Safra sustenta sua an\u00e1lise destacando que \u201ca Mills \u00e9 l\u00edder em todos os segmentos em que atua; possui uma forte estrutura de manuten\u00e7\u00e3o que aumenta a rentabilidade de seus neg\u00f3cios e possui um portf\u00f3lio diversificado de produtos para loca\u00e7\u00e3o e forte potencial de crescimento atrav\u00e9s de oportunidades de cross-sell\u201d. Al\u00e9m disso, o texto destaca a alta rentabilidade dos neg\u00f3cios da Companhia, que possui um bem-sucedido hist\u00f3rico de fus\u00f5es e aquisi\u00e7\u00f5es, suportando um maior crescimento por meio de aquisi\u00e7\u00f5es.<\/p>\n<p>Na opini\u00e3o dos analistas, os riscos envolvem execu\u00e7\u00e3o da estrat\u00e9gia de crescimento e da opera\u00e7\u00e3o, al\u00e9m da ainda relevante representatividade do setor de constru\u00e7\u00e3o na base de clientes. Por outro lado, s\u00e3o destacados o alto poder de barganha, a forte estrutura de manuten\u00e7\u00e3o e a cultura orientada a resultados conquistados pela Companhia ao longo de sua experi\u00eancia.<\/p>\n<p>O BTG e o Ita\u00fa BBA j\u00e1 haviam anunciado o in\u00edcio de cobertura da Mills, em outubro e novembro, respectivamente.<\/p>\n<p>Sobre a Mills<\/p>\n<p>L\u00edder de mercado h\u00e1 70 anos, a Mills \u00e9 uma empresa pioneira na loca\u00e7\u00e3o de equipamentos para a execu\u00e7\u00e3o de trabalhos em altura, com a maior frota de PEMT da Am\u00e9rica Latina, com mais de 10 mil equipamentos, e mais de 9 mil clientes em diferentes segmentos, como constru\u00e7\u00e3o civil, ind\u00fastria e agroneg\u00f3cio.<\/p>\n<p>A companhia atua em mais de 1.400 cidades em todo o Brasil. Com seguran\u00e7a e produtividade, oferece sempre a melhor solu\u00e7\u00e3o de servi\u00e7os de loca\u00e7\u00e3o e vendas de plataformas elevat\u00f3rias e equipamentos para seus clientes, com uma equipe experiente e capacitada.<\/p>\n<p>Ao longo de sua hist\u00f3ria, a Mills mant\u00e9m o compromisso de ser uma empresa \u00e9tica, transparente e confi\u00e1vel. Em 2022, conquistou pela segunda vez consecutiva o selo GPTW (Great Place To Work), que avalia as melhores companhias para trabalhar no mundo, por meio do \u00edndice de confian\u00e7a dos colaboradores na empresa e em suas lideran\u00e7as.<\/p>\n<p>A Mills foi a primeira empresa a obter o reconhecimento internacional pelo compromisso em oferecer a melhor qualidade em treinamentos IPAF (International Powered Access Federation) para operadores de plataformas elevat\u00f3rias no Brasil.<\/p>\n<p>\u00c9 signat\u00e1ria da Rede Brasil do Pacto Global da ONU, com iniciativas voltadas para o desenvolvimento sustent\u00e1vel nas comunidades onde atua. Hoje, possui ampla abrang\u00eancia geogr\u00e1fica, presente em 18 Estados e no Distrito Federal, com mais de 50 filiais. Toda essa capilaridade proporciona uma rela\u00e7\u00e3o mais pr\u00f3xima do cliente e rapidez no atendimento \u00e0s mais diversas demandas<\/p>\n<p><iframe style=\"width: 100%; max-width: 660px; overflow: hidden; background: transparent;\" src=\"https:\/\/embed.podcasts.apple.com\/br\/podcast\/podcast-cidademarketing\/id1371923283\" height=\"450\" frameborder=\"0\" sandbox=\"allow-forms allow-popups allow-same-origin allow-scripts allow-storage-access-by-user-activation allow-top-navigation-by-user-activation\"><\/iframe><\/p>\n","protected":false},"excerpt":{"rendered":"<p>O banco Safra divulgou nesta ter\u00e7a-feira, 20, que iniciou a cobertura das a\u00e7\u00f5es Mills (MILS3) com a recomenda\u00e7\u00e3o de compra do papel e um pre\u00e7o-alvo de R$ 20,10 at\u00e9 o final de 2023, o que representa uma potencial valoriza\u00e7\u00e3o de 97%. A Mills \u00e9 l\u00edder em loca\u00e7\u00e3o de plataformas elevat\u00f3rias no Brasil, com cerca de [&hellip;]<\/p>\n","protected":false},"author":1,"featured_media":40000,"comment_status":"open","ping_status":"open","sticky":false,"template":"","format":"standard","meta":{"tdm_status":"","tdm_grid_status":"","footnotes":""},"categories":[6],"tags":[313,3505,33,985,28,5783,2303],"class_list":["post-41793","post","type-post","status-publish","format-standard","has-post-thumbnail","hentry","category-noticias","tag-acoes","tag-b3","tag-estrategia","tag-ibovespa","tag-marketing","tag-mils3","tag-safra"],"yoast_head":"<!-- This site is optimized with the Yoast SEO plugin v27.5 - https:\/\/yoast.com\/product\/yoast-seo-wordpress\/ -->\n<title>Safra inicia cobertura de pap\u00e9is da Mills (MILS3) e recomenda compra - CidadeMarketing<\/title>\n<meta name=\"robots\" content=\"index, follow, max-snippet:-1, max-image-preview:large, max-video-preview:-1\" \/>\n<link rel=\"canonical\" href=\"https:\/\/www.cidademarketing.com.br\/marketing\/2022\/12\/25\/safra-inicia-cobertura-de-papeis-da-mills-mils3-e-recomenda-compra\/\" \/>\n<meta property=\"og:locale\" content=\"pt_BR\" \/>\n<meta property=\"og:type\" content=\"article\" \/>\n<meta property=\"og:title\" content=\"Safra inicia cobertura de pap\u00e9is da Mills (MILS3) e recomenda compra - CidadeMarketing\" \/>\n<meta property=\"og:description\" content=\"O banco Safra divulgou nesta ter\u00e7a-feira, 20, que iniciou a cobertura das a\u00e7\u00f5es Mills (MILS3) com a recomenda\u00e7\u00e3o de compra do papel e um pre\u00e7o-alvo de R$ 20,10 at\u00e9 o final de 2023, o que representa uma potencial valoriza\u00e7\u00e3o de 97%. A Mills \u00e9 l\u00edder em loca\u00e7\u00e3o de plataformas elevat\u00f3rias no Brasil, com cerca de [&hellip;]\" \/>\n<meta property=\"og:url\" content=\"https:\/\/www.cidademarketing.com.br\/marketing\/2022\/12\/25\/safra-inicia-cobertura-de-papeis-da-mills-mils3-e-recomenda-compra\/\" \/>\n<meta property=\"og:site_name\" content=\"CidadeMarketing\" \/>\n<meta property=\"article:publisher\" content=\"https:\/\/www.facebook.com\/portalcidademarketing\" \/>\n<meta property=\"article:author\" content=\"https:\/\/www.facebook.com\/thalesbrandao\" \/>\n<meta property=\"article:published_time\" content=\"2022-12-25T03:54:09+00:00\" \/>\n<meta property=\"og:image\" content=\"https:\/\/www.cidademarketing.com.br\/marketing\/wp-content\/uploads\/2022\/11\/bancosafra_marca.png\" \/>\n\t<meta property=\"og:image:width\" content=\"431\" \/>\n\t<meta property=\"og:image:height\" content=\"431\" \/>\n\t<meta property=\"og:image:type\" content=\"image\/png\" \/>\n<meta name=\"author\" content=\"Thales Brand\u00e3o\" \/>\n<meta name=\"twitter:card\" content=\"summary_large_image\" \/>\n<meta name=\"twitter:creator\" content=\"@http:\/\/www.twitter.com\/thalesbrandao\" \/>\n<meta name=\"twitter:site\" content=\"@CidadeMarketing\" \/>\n<meta name=\"twitter:label1\" content=\"Escrito por\" \/>\n\t<meta name=\"twitter:data1\" content=\"Thales Brand\u00e3o\" \/>\n\t<meta name=\"twitter:label2\" content=\"Est. tempo de leitura\" \/>\n\t<meta name=\"twitter:data2\" content=\"3 minutos\" \/>\n<script type=\"application\/ld+json\" class=\"yoast-schema-graph\">{\"@context\":\"https:\\\/\\\/schema.org\",\"@graph\":[{\"@type\":\"Article\",\"@id\":\"https:\\\/\\\/www.cidademarketing.com.br\\\/marketing\\\/2022\\\/12\\\/25\\\/safra-inicia-cobertura-de-papeis-da-mills-mils3-e-recomenda-compra\\\/#article\",\"isPartOf\":{\"@id\":\"https:\\\/\\\/www.cidademarketing.com.br\\\/marketing\\\/2022\\\/12\\\/25\\\/safra-inicia-cobertura-de-papeis-da-mills-mils3-e-recomenda-compra\\\/\"},\"author\":{\"name\":\"Thales Brand\u00e3o\",\"@id\":\"https:\\\/\\\/www.cidademarketing.com.br\\\/marketing\\\/#\\\/schema\\\/person\\\/02daff9f18bd9378c9e01eb6b2db155f\"},\"headline\":\"Safra inicia cobertura de pap\u00e9is da Mills (MILS3) e recomenda compra\",\"datePublished\":\"2022-12-25T03:54:09+00:00\",\"mainEntityOfPage\":{\"@id\":\"https:\\\/\\\/www.cidademarketing.com.br\\\/marketing\\\/2022\\\/12\\\/25\\\/safra-inicia-cobertura-de-papeis-da-mills-mils3-e-recomenda-compra\\\/\"},\"wordCount\":577,\"commentCount\":0,\"publisher\":{\"@id\":\"https:\\\/\\\/www.cidademarketing.com.br\\\/marketing\\\/#organization\"},\"image\":{\"@id\":\"https:\\\/\\\/www.cidademarketing.com.br\\\/marketing\\\/2022\\\/12\\\/25\\\/safra-inicia-cobertura-de-papeis-da-mills-mils3-e-recomenda-compra\\\/#primaryimage\"},\"thumbnailUrl\":\"https:\\\/\\\/www.cidademarketing.com.br\\\/marketing\\\/wp-content\\\/uploads\\\/2022\\\/11\\\/bancosafra_marca.png\",\"keywords\":[\"a\u00e7\u00f5es\",\"B3\",\"estrat\u00e9gia\",\"Ibovespa\",\"marketing\",\"MILS3\",\"safra\"],\"articleSection\":[\"Not\u00edcias\"],\"inLanguage\":\"pt-BR\",\"potentialAction\":[{\"@type\":\"CommentAction\",\"name\":\"Comment\",\"target\":[\"https:\\\/\\\/www.cidademarketing.com.br\\\/marketing\\\/2022\\\/12\\\/25\\\/safra-inicia-cobertura-de-papeis-da-mills-mils3-e-recomenda-compra\\\/#respond\"]}]},{\"@type\":\"WebPage\",\"@id\":\"https:\\\/\\\/www.cidademarketing.com.br\\\/marketing\\\/2022\\\/12\\\/25\\\/safra-inicia-cobertura-de-papeis-da-mills-mils3-e-recomenda-compra\\\/\",\"url\":\"https:\\\/\\\/www.cidademarketing.com.br\\\/marketing\\\/2022\\\/12\\\/25\\\/safra-inicia-cobertura-de-papeis-da-mills-mils3-e-recomenda-compra\\\/\",\"name\":\"Safra inicia cobertura de pap\u00e9is da Mills (MILS3) e recomenda compra - CidadeMarketing\",\"isPartOf\":{\"@id\":\"https:\\\/\\\/www.cidademarketing.com.br\\\/marketing\\\/#website\"},\"primaryImageOfPage\":{\"@id\":\"https:\\\/\\\/www.cidademarketing.com.br\\\/marketing\\\/2022\\\/12\\\/25\\\/safra-inicia-cobertura-de-papeis-da-mills-mils3-e-recomenda-compra\\\/#primaryimage\"},\"image\":{\"@id\":\"https:\\\/\\\/www.cidademarketing.com.br\\\/marketing\\\/2022\\\/12\\\/25\\\/safra-inicia-cobertura-de-papeis-da-mills-mils3-e-recomenda-compra\\\/#primaryimage\"},\"thumbnailUrl\":\"https:\\\/\\\/www.cidademarketing.com.br\\\/marketing\\\/wp-content\\\/uploads\\\/2022\\\/11\\\/bancosafra_marca.png\",\"datePublished\":\"2022-12-25T03:54:09+00:00\",\"breadcrumb\":{\"@id\":\"https:\\\/\\\/www.cidademarketing.com.br\\\/marketing\\\/2022\\\/12\\\/25\\\/safra-inicia-cobertura-de-papeis-da-mills-mils3-e-recomenda-compra\\\/#breadcrumb\"},\"inLanguage\":\"pt-BR\",\"potentialAction\":[{\"@type\":\"ReadAction\",\"target\":[\"https:\\\/\\\/www.cidademarketing.com.br\\\/marketing\\\/2022\\\/12\\\/25\\\/safra-inicia-cobertura-de-papeis-da-mills-mils3-e-recomenda-compra\\\/\"]}]},{\"@type\":\"ImageObject\",\"inLanguage\":\"pt-BR\",\"@id\":\"https:\\\/\\\/www.cidademarketing.com.br\\\/marketing\\\/2022\\\/12\\\/25\\\/safra-inicia-cobertura-de-papeis-da-mills-mils3-e-recomenda-compra\\\/#primaryimage\",\"url\":\"https:\\\/\\\/www.cidademarketing.com.br\\\/marketing\\\/wp-content\\\/uploads\\\/2022\\\/11\\\/bancosafra_marca.png\",\"contentUrl\":\"https:\\\/\\\/www.cidademarketing.com.br\\\/marketing\\\/wp-content\\\/uploads\\\/2022\\\/11\\\/bancosafra_marca.png\",\"width\":431,\"height\":431},{\"@type\":\"BreadcrumbList\",\"@id\":\"https:\\\/\\\/www.cidademarketing.com.br\\\/marketing\\\/2022\\\/12\\\/25\\\/safra-inicia-cobertura-de-papeis-da-mills-mils3-e-recomenda-compra\\\/#breadcrumb\",\"itemListElement\":[{\"@type\":\"ListItem\",\"position\":1,\"name\":\"In\u00edcio\",\"item\":\"https:\\\/\\\/www.cidademarketing.com.br\\\/marketing\\\/\"},{\"@type\":\"ListItem\",\"position\":2,\"name\":\"Safra inicia cobertura de pap\u00e9is da Mills (MILS3) e recomenda compra\"}]},{\"@type\":\"WebSite\",\"@id\":\"https:\\\/\\\/www.cidademarketing.com.br\\\/marketing\\\/#website\",\"url\":\"https:\\\/\\\/www.cidademarketing.com.br\\\/marketing\\\/\",\"name\":\"CidadeMarketing\",\"description\":\"Somos um ve\u00edculo de comunica\u00e7\u00e3o de destaque no Brasil, reconhecido por conte\u00fados nos segmentos de marketing, empreendedorismo e inova\u00e7\u00e3o.\",\"publisher\":{\"@id\":\"https:\\\/\\\/www.cidademarketing.com.br\\\/marketing\\\/#organization\"},\"alternateName\":\"CidadeMarketing\",\"potentialAction\":[{\"@type\":\"SearchAction\",\"target\":{\"@type\":\"EntryPoint\",\"urlTemplate\":\"https:\\\/\\\/www.cidademarketing.com.br\\\/marketing\\\/?s={search_term_string}\"},\"query-input\":{\"@type\":\"PropertyValueSpecification\",\"valueRequired\":true,\"valueName\":\"search_term_string\"}}],\"inLanguage\":\"pt-BR\"},{\"@type\":\"Organization\",\"@id\":\"https:\\\/\\\/www.cidademarketing.com.br\\\/marketing\\\/#organization\",\"name\":\"CidadeMarketing\",\"alternateName\":\"CidadeMarketing\",\"url\":\"https:\\\/\\\/www.cidademarketing.com.br\\\/marketing\\\/\",\"logo\":{\"@type\":\"ImageObject\",\"inLanguage\":\"pt-BR\",\"@id\":\"https:\\\/\\\/www.cidademarketing.com.br\\\/marketing\\\/#\\\/schema\\\/logo\\\/image\\\/\",\"url\":\"https:\\\/\\\/www.cidademarketing.com.br\\\/marketing\\\/wp-content\\\/uploads\\\/2020\\\/01\\\/cidademarketing_marca_mobile.png\",\"contentUrl\":\"https:\\\/\\\/www.cidademarketing.com.br\\\/marketing\\\/wp-content\\\/uploads\\\/2020\\\/01\\\/cidademarketing_marca_mobile.png\",\"width\":230,\"height\":92,\"caption\":\"CidadeMarketing\"},\"image\":{\"@id\":\"https:\\\/\\\/www.cidademarketing.com.br\\\/marketing\\\/#\\\/schema\\\/logo\\\/image\\\/\"},\"sameAs\":[\"https:\\\/\\\/www.facebook.com\\\/portalcidademarketing\",\"https:\\\/\\\/x.com\\\/CidadeMarketing\",\"https:\\\/\\\/www.instagram.com\\\/cidademarketing\\\/\"]},{\"@type\":\"Person\",\"@id\":\"https:\\\/\\\/www.cidademarketing.com.br\\\/marketing\\\/#\\\/schema\\\/person\\\/02daff9f18bd9378c9e01eb6b2db155f\",\"name\":\"Thales Brand\u00e3o\",\"image\":{\"@type\":\"ImageObject\",\"inLanguage\":\"pt-BR\",\"@id\":\"https:\\\/\\\/secure.gravatar.com\\\/avatar\\\/7ca3206950207cc3cb48feec56a8a7898741ab725c368d99d5d7a5a50aab80c6?s=96&d=mm&r=g\",\"url\":\"https:\\\/\\\/secure.gravatar.com\\\/avatar\\\/7ca3206950207cc3cb48feec56a8a7898741ab725c368d99d5d7a5a50aab80c6?s=96&d=mm&r=g\",\"contentUrl\":\"https:\\\/\\\/secure.gravatar.com\\\/avatar\\\/7ca3206950207cc3cb48feec56a8a7898741ab725c368d99d5d7a5a50aab80c6?s=96&d=mm&r=g\",\"caption\":\"Thales Brand\u00e3o\"},\"description\":\"Editor Executivo do Portal CidadeMarketing.com.br &gt; Mestre em Comunica\u00e7\u00e3o e Sociedade pela Universidade Federal de Sergipe. Possui MBA Executivo em Administra\u00e7\u00e3o com \u00eanfase em Marketing pela Funda\u00e7\u00e3o Get\u00falio Vargas - Rio de Janeiro. Consultor, Palestrante e Pesquisador sobre Empreendedorismo, Marketing, Redes Sociais e Neg\u00f3cios Digitais. Professor, Palestrante TedxTalks e Campus Party. Twitter: @ThalesBrandao\",\"sameAs\":[\"http:\\\/\\\/www.mandacaru.com.br\",\"https:\\\/\\\/www.facebook.com\\\/thalesbrandao\",\"http:\\\/\\\/www.instagram.com.br\\\/thalesbrandaoferreira\",\"https:\\\/\\\/www.linkedin.com\\\/in\\\/thales-brand\u00e3o-3948609\\\/\",\"https:\\\/\\\/x.com\\\/http:\\\/\\\/www.twitter.com\\\/thalesbrandao\"],\"url\":\"https:\\\/\\\/www.cidademarketing.com.br\\\/marketing\\\/author\\\/thalesbrandao\\\/\"}]}<\/script>\n<!-- \/ Yoast SEO plugin. -->","yoast_head_json":{"title":"Safra inicia cobertura de pap\u00e9is da Mills (MILS3) e recomenda compra - CidadeMarketing","robots":{"index":"index","follow":"follow","max-snippet":"max-snippet:-1","max-image-preview":"max-image-preview:large","max-video-preview":"max-video-preview:-1"},"canonical":"https:\/\/www.cidademarketing.com.br\/marketing\/2022\/12\/25\/safra-inicia-cobertura-de-papeis-da-mills-mils3-e-recomenda-compra\/","og_locale":"pt_BR","og_type":"article","og_title":"Safra inicia cobertura de pap\u00e9is da Mills (MILS3) e recomenda compra - CidadeMarketing","og_description":"O banco Safra divulgou nesta ter\u00e7a-feira, 20, que iniciou a cobertura das a\u00e7\u00f5es Mills (MILS3) com a recomenda\u00e7\u00e3o de compra do papel e um pre\u00e7o-alvo de R$ 20,10 at\u00e9 o final de 2023, o que representa uma potencial valoriza\u00e7\u00e3o de 97%. A Mills \u00e9 l\u00edder em loca\u00e7\u00e3o de plataformas elevat\u00f3rias no Brasil, com cerca de [&hellip;]","og_url":"https:\/\/www.cidademarketing.com.br\/marketing\/2022\/12\/25\/safra-inicia-cobertura-de-papeis-da-mills-mils3-e-recomenda-compra\/","og_site_name":"CidadeMarketing","article_publisher":"https:\/\/www.facebook.com\/portalcidademarketing","article_author":"https:\/\/www.facebook.com\/thalesbrandao","article_published_time":"2022-12-25T03:54:09+00:00","og_image":[{"width":431,"height":431,"url":"https:\/\/www.cidademarketing.com.br\/marketing\/wp-content\/uploads\/2022\/11\/bancosafra_marca.png","type":"image\/png"}],"author":"Thales Brand\u00e3o","twitter_card":"summary_large_image","twitter_creator":"@http:\/\/www.twitter.com\/thalesbrandao","twitter_site":"@CidadeMarketing","twitter_misc":{"Escrito por":"Thales Brand\u00e3o","Est. tempo de leitura":"3 minutos"},"schema":{"@context":"https:\/\/schema.org","@graph":[{"@type":"Article","@id":"https:\/\/www.cidademarketing.com.br\/marketing\/2022\/12\/25\/safra-inicia-cobertura-de-papeis-da-mills-mils3-e-recomenda-compra\/#article","isPartOf":{"@id":"https:\/\/www.cidademarketing.com.br\/marketing\/2022\/12\/25\/safra-inicia-cobertura-de-papeis-da-mills-mils3-e-recomenda-compra\/"},"author":{"name":"Thales Brand\u00e3o","@id":"https:\/\/www.cidademarketing.com.br\/marketing\/#\/schema\/person\/02daff9f18bd9378c9e01eb6b2db155f"},"headline":"Safra inicia cobertura de pap\u00e9is da Mills (MILS3) e recomenda compra","datePublished":"2022-12-25T03:54:09+00:00","mainEntityOfPage":{"@id":"https:\/\/www.cidademarketing.com.br\/marketing\/2022\/12\/25\/safra-inicia-cobertura-de-papeis-da-mills-mils3-e-recomenda-compra\/"},"wordCount":577,"commentCount":0,"publisher":{"@id":"https:\/\/www.cidademarketing.com.br\/marketing\/#organization"},"image":{"@id":"https:\/\/www.cidademarketing.com.br\/marketing\/2022\/12\/25\/safra-inicia-cobertura-de-papeis-da-mills-mils3-e-recomenda-compra\/#primaryimage"},"thumbnailUrl":"https:\/\/www.cidademarketing.com.br\/marketing\/wp-content\/uploads\/2022\/11\/bancosafra_marca.png","keywords":["a\u00e7\u00f5es","B3","estrat\u00e9gia","Ibovespa","marketing","MILS3","safra"],"articleSection":["Not\u00edcias"],"inLanguage":"pt-BR","potentialAction":[{"@type":"CommentAction","name":"Comment","target":["https:\/\/www.cidademarketing.com.br\/marketing\/2022\/12\/25\/safra-inicia-cobertura-de-papeis-da-mills-mils3-e-recomenda-compra\/#respond"]}]},{"@type":"WebPage","@id":"https:\/\/www.cidademarketing.com.br\/marketing\/2022\/12\/25\/safra-inicia-cobertura-de-papeis-da-mills-mils3-e-recomenda-compra\/","url":"https:\/\/www.cidademarketing.com.br\/marketing\/2022\/12\/25\/safra-inicia-cobertura-de-papeis-da-mills-mils3-e-recomenda-compra\/","name":"Safra inicia cobertura de pap\u00e9is da Mills (MILS3) e recomenda compra - CidadeMarketing","isPartOf":{"@id":"https:\/\/www.cidademarketing.com.br\/marketing\/#website"},"primaryImageOfPage":{"@id":"https:\/\/www.cidademarketing.com.br\/marketing\/2022\/12\/25\/safra-inicia-cobertura-de-papeis-da-mills-mils3-e-recomenda-compra\/#primaryimage"},"image":{"@id":"https:\/\/www.cidademarketing.com.br\/marketing\/2022\/12\/25\/safra-inicia-cobertura-de-papeis-da-mills-mils3-e-recomenda-compra\/#primaryimage"},"thumbnailUrl":"https:\/\/www.cidademarketing.com.br\/marketing\/wp-content\/uploads\/2022\/11\/bancosafra_marca.png","datePublished":"2022-12-25T03:54:09+00:00","breadcrumb":{"@id":"https:\/\/www.cidademarketing.com.br\/marketing\/2022\/12\/25\/safra-inicia-cobertura-de-papeis-da-mills-mils3-e-recomenda-compra\/#breadcrumb"},"inLanguage":"pt-BR","potentialAction":[{"@type":"ReadAction","target":["https:\/\/www.cidademarketing.com.br\/marketing\/2022\/12\/25\/safra-inicia-cobertura-de-papeis-da-mills-mils3-e-recomenda-compra\/"]}]},{"@type":"ImageObject","inLanguage":"pt-BR","@id":"https:\/\/www.cidademarketing.com.br\/marketing\/2022\/12\/25\/safra-inicia-cobertura-de-papeis-da-mills-mils3-e-recomenda-compra\/#primaryimage","url":"https:\/\/www.cidademarketing.com.br\/marketing\/wp-content\/uploads\/2022\/11\/bancosafra_marca.png","contentUrl":"https:\/\/www.cidademarketing.com.br\/marketing\/wp-content\/uploads\/2022\/11\/bancosafra_marca.png","width":431,"height":431},{"@type":"BreadcrumbList","@id":"https:\/\/www.cidademarketing.com.br\/marketing\/2022\/12\/25\/safra-inicia-cobertura-de-papeis-da-mills-mils3-e-recomenda-compra\/#breadcrumb","itemListElement":[{"@type":"ListItem","position":1,"name":"In\u00edcio","item":"https:\/\/www.cidademarketing.com.br\/marketing\/"},{"@type":"ListItem","position":2,"name":"Safra inicia cobertura de pap\u00e9is da Mills (MILS3) e recomenda compra"}]},{"@type":"WebSite","@id":"https:\/\/www.cidademarketing.com.br\/marketing\/#website","url":"https:\/\/www.cidademarketing.com.br\/marketing\/","name":"CidadeMarketing","description":"Somos um ve\u00edculo de comunica\u00e7\u00e3o de destaque no Brasil, reconhecido por conte\u00fados nos segmentos de marketing, empreendedorismo e inova\u00e7\u00e3o.","publisher":{"@id":"https:\/\/www.cidademarketing.com.br\/marketing\/#organization"},"alternateName":"CidadeMarketing","potentialAction":[{"@type":"SearchAction","target":{"@type":"EntryPoint","urlTemplate":"https:\/\/www.cidademarketing.com.br\/marketing\/?s={search_term_string}"},"query-input":{"@type":"PropertyValueSpecification","valueRequired":true,"valueName":"search_term_string"}}],"inLanguage":"pt-BR"},{"@type":"Organization","@id":"https:\/\/www.cidademarketing.com.br\/marketing\/#organization","name":"CidadeMarketing","alternateName":"CidadeMarketing","url":"https:\/\/www.cidademarketing.com.br\/marketing\/","logo":{"@type":"ImageObject","inLanguage":"pt-BR","@id":"https:\/\/www.cidademarketing.com.br\/marketing\/#\/schema\/logo\/image\/","url":"https:\/\/www.cidademarketing.com.br\/marketing\/wp-content\/uploads\/2020\/01\/cidademarketing_marca_mobile.png","contentUrl":"https:\/\/www.cidademarketing.com.br\/marketing\/wp-content\/uploads\/2020\/01\/cidademarketing_marca_mobile.png","width":230,"height":92,"caption":"CidadeMarketing"},"image":{"@id":"https:\/\/www.cidademarketing.com.br\/marketing\/#\/schema\/logo\/image\/"},"sameAs":["https:\/\/www.facebook.com\/portalcidademarketing","https:\/\/x.com\/CidadeMarketing","https:\/\/www.instagram.com\/cidademarketing\/"]},{"@type":"Person","@id":"https:\/\/www.cidademarketing.com.br\/marketing\/#\/schema\/person\/02daff9f18bd9378c9e01eb6b2db155f","name":"Thales Brand\u00e3o","image":{"@type":"ImageObject","inLanguage":"pt-BR","@id":"https:\/\/secure.gravatar.com\/avatar\/7ca3206950207cc3cb48feec56a8a7898741ab725c368d99d5d7a5a50aab80c6?s=96&d=mm&r=g","url":"https:\/\/secure.gravatar.com\/avatar\/7ca3206950207cc3cb48feec56a8a7898741ab725c368d99d5d7a5a50aab80c6?s=96&d=mm&r=g","contentUrl":"https:\/\/secure.gravatar.com\/avatar\/7ca3206950207cc3cb48feec56a8a7898741ab725c368d99d5d7a5a50aab80c6?s=96&d=mm&r=g","caption":"Thales Brand\u00e3o"},"description":"Editor Executivo do Portal CidadeMarketing.com.br &gt; Mestre em Comunica\u00e7\u00e3o e Sociedade pela Universidade Federal de Sergipe. Possui MBA Executivo em Administra\u00e7\u00e3o com \u00eanfase em Marketing pela Funda\u00e7\u00e3o Get\u00falio Vargas - Rio de Janeiro. Consultor, Palestrante e Pesquisador sobre Empreendedorismo, Marketing, Redes Sociais e Neg\u00f3cios Digitais. Professor, Palestrante TedxTalks e Campus Party. Twitter: @ThalesBrandao","sameAs":["http:\/\/www.mandacaru.com.br","https:\/\/www.facebook.com\/thalesbrandao","http:\/\/www.instagram.com.br\/thalesbrandaoferreira","https:\/\/www.linkedin.com\/in\/thales-brand\u00e3o-3948609\/","https:\/\/x.com\/http:\/\/www.twitter.com\/thalesbrandao"],"url":"https:\/\/www.cidademarketing.com.br\/marketing\/author\/thalesbrandao\/"}]}},"amp_enabled":true,"_links":{"self":[{"href":"https:\/\/www.cidademarketing.com.br\/marketing\/wp-json\/wp\/v2\/posts\/41793","targetHints":{"allow":["GET"]}}],"collection":[{"href":"https:\/\/www.cidademarketing.com.br\/marketing\/wp-json\/wp\/v2\/posts"}],"about":[{"href":"https:\/\/www.cidademarketing.com.br\/marketing\/wp-json\/wp\/v2\/types\/post"}],"author":[{"embeddable":true,"href":"https:\/\/www.cidademarketing.com.br\/marketing\/wp-json\/wp\/v2\/users\/1"}],"replies":[{"embeddable":true,"href":"https:\/\/www.cidademarketing.com.br\/marketing\/wp-json\/wp\/v2\/comments?post=41793"}],"version-history":[{"count":1,"href":"https:\/\/www.cidademarketing.com.br\/marketing\/wp-json\/wp\/v2\/posts\/41793\/revisions"}],"predecessor-version":[{"id":41794,"href":"https:\/\/www.cidademarketing.com.br\/marketing\/wp-json\/wp\/v2\/posts\/41793\/revisions\/41794"}],"wp:featuredmedia":[{"embeddable":true,"href":"https:\/\/www.cidademarketing.com.br\/marketing\/wp-json\/wp\/v2\/media\/40000"}],"wp:attachment":[{"href":"https:\/\/www.cidademarketing.com.br\/marketing\/wp-json\/wp\/v2\/media?parent=41793"}],"wp:term":[{"taxonomy":"category","embeddable":true,"href":"https:\/\/www.cidademarketing.com.br\/marketing\/wp-json\/wp\/v2\/categories?post=41793"},{"taxonomy":"post_tag","embeddable":true,"href":"https:\/\/www.cidademarketing.com.br\/marketing\/wp-json\/wp\/v2\/tags?post=41793"}],"curies":[{"name":"wp","href":"https:\/\/api.w.org\/{rel}","templated":true}]}}