{"id":41787,"date":"2022-12-25T00:24:46","date_gmt":"2022-12-25T03:24:46","guid":{"rendered":"https:\/\/www.cidademarketing.com.br\/marketing\/?p=41787"},"modified":"2022-12-25T00:24:46","modified_gmt":"2022-12-25T03:24:46","slug":"no-mundo-da-bola-da-tv-brasil-faz-balanco-da-copa-do-mundo","status":"publish","type":"post","link":"https:\/\/www.cidademarketing.com.br\/marketing\/2022\/12\/25\/no-mundo-da-bola-da-tv-brasil-faz-balanco-da-copa-do-mundo\/","title":{"rendered":"No Mundo da Bola, da TV Brasil, faz balan\u00e7o da Copa do Mundo"},"content":{"rendered":"<p>O programa esportivo <strong>No Mundo da Bola <\/strong>tra\u00e7a um panorama sobre a Copa do Mundo de 2022 neste domingo (25), \u00e0s 21h, na <strong>TV Brasil<\/strong>. O apresentador <strong>Sergio du Bocage<\/strong> recebe representantes dos pa\u00edses finalistas do Mundial: o jornalista franc\u00eas <strong>Eric Frosio<\/strong> e o m\u00fasico argentino <strong>Victor Biglione<\/strong>. A edi\u00e7\u00e3o in\u00e9dita da mesa redonda do canal p\u00fablico ainda tem a participa\u00e7\u00e3o do jornalista <strong>Rodrigo Campos<\/strong>.<\/p>\n<p><iframe title=\"Spotify Embed: Podcast CidadeMarketing\" style=\"border-radius: 12px\" width=\"100%\" height=\"152\" frameborder=\"0\" allowfullscreen allow=\"autoplay; clipboard-write; encrypted-media; fullscreen; picture-in-picture\" loading=\"lazy\" src=\"https:\/\/open.spotify.com\/embed\/show\/4khMKzP3FgFRWVwb73xicc?si=252fe5bff2b34909&#038;utm_source=oembed\"><\/iframe><\/p>\n<p>Os convidados abordam a competi\u00e7\u00e3o conquistada pela Argentina na primeira Copa do Mundo disputada no Oriente M\u00e9dio, durante os meses de novembro e dezembro, no Catar. O artista argentino radicado e naturalizado brasileiro comenta o resultado em um descontra\u00eddo papo com o correspondente da m\u00eddia francesa no pa\u00eds.<\/p>\n<p>&nbsp;<\/p>\n<p>A partida decisiva op\u00f4s os astros Lionel Messi e Kylian Mbapp\u00e9, principais atletas do campeonato e do mundo na atualidade. A final consagrou o craque argentino que garantiu o tricampeonato para o pa\u00eds sul-americano.<\/p>\n<p>&nbsp;<\/p>\n<p>Eleito o melhor jogador da competi\u00e7\u00e3o, Messi se despediu da Copa do Mundo com recordes. A artilharia ficou com o franc\u00eas Mbapp\u00e9, jovem que est\u00e1 em in\u00edcio de carreira e pode bater as marcas do companheiro de PSG, time em que tamb\u00e9m atua o brasileiro Neymar.<\/p>\n<p>&nbsp;<\/p>\n<p>A produ\u00e7\u00e3o esportiva semanal ainda aborda o desempenho da sele\u00e7\u00e3o brasileira, a especula\u00e7\u00e3o sobre o futuro t\u00e9cnico da sele\u00e7\u00e3o canarinho e as li\u00e7\u00f5es deixadas pela derrota nos p\u00eanaltis nas quartas de final para o \u00fanico pa\u00eds pentacampe\u00e3o mundial.<\/p>\n<p>&nbsp;<\/p>\n<p>O programa da <strong>TV Brasil<\/strong> ainda trata do desempenho surpreendente de Marrocos, primeira sele\u00e7\u00e3o africana a alcan\u00e7ar as semifinais. O terceiro lugar da Cro\u00e1cia, do veterano Luka Modri\u0107, tamb\u00e9m \u00e9 discutido pelos comentaristas.<\/p>\n<p>&nbsp;<\/p>\n<p>O bate-papo da emissora p\u00fablica ainda analisa a repercuss\u00e3o das elimina\u00e7\u00f5es precoces de pa\u00edses europeus. Os debatedores falam sobre Portugal, do consagrado Cristiano Ronaldo, Inglaterra, Espanha e Alemanha. O surpreendente resultado do Jap\u00e3o, que superou os espanh\u00f3is nas oitavas e desclassificou a sele\u00e7\u00e3o alem\u00e3 na primeira fase, tamb\u00e9m \u00e9 destacado durante a atra\u00e7\u00e3o.<\/p>\n<p>&nbsp;<\/p>\n<p><strong>Ao vivo e on demand<\/strong><\/p>\n<p>&nbsp;<\/p>\n<p>Acompanhe a programa\u00e7\u00e3o da <strong>TV Brasil<\/strong> pelo canal aberto, TV por assinatura e parab\u00f3lica. Sintonize: <a href=\"https:\/\/tvbrasil.ebc.com.br\/comosintonizar\">https:\/\/tvbrasil.ebc.com.br\/comosintonizar<\/a>.<\/p>\n<p>&nbsp;<\/p>\n<p>Seus programas favoritos est\u00e3o no <strong>TV Brasil Play<\/strong>, pelo site <a href=\"http:\/\/tvbrasilplay.com.br\">http:\/\/tvbrasilplay.com.br<\/a> ou por aplicativo no smartphone. O app pode ser baixado gratuitamente e est\u00e1 dispon\u00edvel para Android e iOS. Assista tamb\u00e9m pela WebTV: <a href=\"https:\/\/tvbrasil.ebc.com.br\/webtv\">https:\/\/tvbrasil.ebc.com.br\/webtv<\/a>.<\/p>\n<p>&nbsp;<\/p>\n<p><strong>Servi\u00e7o<\/strong><\/p>\n<p>No Mundo da Bola \u2013 domingo, dia 25\/12, \u00e0s 21h, na TV Brasil<\/p>\n<p>&nbsp;<\/p>\n<p>Facebook \u2013 <a href=\"https:\/\/www.facebook.com\/tvbrasil\">https:\/\/www.facebook.com\/tvbrasil<\/a><\/p>\n<p>Twitter \u2013 <a href=\"https:\/\/twitter.com\/TVBrasil\">https:\/\/twitter.com\/TVBrasil<\/a><\/p>\n<p>Instagram \u2013 <a href=\"https:\/\/www.instagram.com\/tvbrasil\">https:\/\/www.instagram.com\/tvbrasil<\/a><\/p>\n<p>YouTube \u2013 <a href=\"https:\/\/www.youtube.com\/tvbrasil\">https:\/\/www.youtube.com\/tvbrasil<\/a><\/p>\n<p>TikTok \u2013 <a href=\"https:\/\/www.tiktok.com\/@tvbrasil\">https:\/\/www.tiktok.com\/@tvbrasil<\/a><\/p>\n<p><iframe style=\"width: 100%; max-width: 660px; overflow: hidden; background: transparent;\" src=\"https:\/\/embed.podcasts.apple.com\/br\/podcast\/podcast-cidademarketing\/id1371923283\" height=\"450\" frameborder=\"0\" sandbox=\"allow-forms allow-popups allow-same-origin allow-scripts allow-storage-access-by-user-activation allow-top-navigation-by-user-activation\"><\/iframe><\/p>\n","protected":false},"excerpt":{"rendered":"<p>O programa esportivo No Mundo da Bola tra\u00e7a um panorama sobre a Copa do Mundo de 2022 neste domingo (25), \u00e0s 21h, na TV Brasil. O apresentador Sergio du Bocage recebe representantes dos pa\u00edses finalistas do Mundial: o jornalista franc\u00eas Eric Frosio e o m\u00fasico argentino Victor Biglione. A edi\u00e7\u00e3o in\u00e9dita da mesa redonda do [&hellip;]<\/p>\n","protected":false},"author":1,"featured_media":41788,"comment_status":"open","ping_status":"open","sticky":false,"template":"","format":"standard","meta":{"tdm_status":"","tdm_grid_status":"","footnotes":""},"categories":[6],"tags":[65,5431,33,386,28,381,380],"class_list":["post-41787","post","type-post","status-publish","format-standard","has-post-thumbnail","hentry","category-noticias","tag-campanha","tag-copa-do-mundo","tag-estrategia","tag-futebol","tag-marketing","tag-televisao","tag-tv-brasil"],"yoast_head":"<!-- This site is optimized with the Yoast SEO plugin v27.5 - https:\/\/yoast.com\/product\/yoast-seo-wordpress\/ -->\n<title>No Mundo da Bola, da TV Brasil, faz balan\u00e7o da Copa do Mundo - CidadeMarketing<\/title>\n<meta name=\"robots\" content=\"index, follow, max-snippet:-1, max-image-preview:large, max-video-preview:-1\" \/>\n<link rel=\"canonical\" href=\"https:\/\/www.cidademarketing.com.br\/marketing\/2022\/12\/25\/no-mundo-da-bola-da-tv-brasil-faz-balanco-da-copa-do-mundo\/\" \/>\n<meta property=\"og:locale\" content=\"pt_BR\" \/>\n<meta property=\"og:type\" content=\"article\" \/>\n<meta property=\"og:title\" content=\"No Mundo da Bola, da TV Brasil, faz balan\u00e7o da Copa do Mundo - CidadeMarketing\" \/>\n<meta property=\"og:description\" content=\"O programa esportivo No Mundo da Bola tra\u00e7a um panorama sobre a Copa do Mundo de 2022 neste domingo (25), \u00e0s 21h, na TV Brasil. O apresentador Sergio du Bocage recebe representantes dos pa\u00edses finalistas do Mundial: o jornalista franc\u00eas Eric Frosio e o m\u00fasico argentino Victor Biglione. A edi\u00e7\u00e3o in\u00e9dita da mesa redonda do [&hellip;]\" \/>\n<meta property=\"og:url\" content=\"https:\/\/www.cidademarketing.com.br\/marketing\/2022\/12\/25\/no-mundo-da-bola-da-tv-brasil-faz-balanco-da-copa-do-mundo\/\" \/>\n<meta property=\"og:site_name\" content=\"CidadeMarketing\" \/>\n<meta property=\"article:publisher\" content=\"https:\/\/www.facebook.com\/portalcidademarketing\" \/>\n<meta property=\"article:author\" content=\"https:\/\/www.facebook.com\/thalesbrandao\" \/>\n<meta property=\"article:published_time\" content=\"2022-12-25T03:24:46+00:00\" \/>\n<meta property=\"og:image\" content=\"https:\/\/www.cidademarketing.com.br\/marketing\/wp-content\/uploads\/2022\/12\/No_Mundo_da_Bola_Natal_Copa_do_Mundo_Rodrigo_Campos_Victor_Biglione_Eric_Frosio_Sergio_du_Bocage_Credito_Divulgacao_TV_Brasil.jpg\" \/>\n\t<meta property=\"og:image:width\" content=\"1600\" \/>\n\t<meta property=\"og:image:height\" content=\"899\" \/>\n\t<meta property=\"og:image:type\" content=\"image\/jpeg\" \/>\n<meta name=\"author\" content=\"Thales Brand\u00e3o\" \/>\n<meta name=\"twitter:card\" content=\"summary_large_image\" \/>\n<meta name=\"twitter:creator\" content=\"@http:\/\/www.twitter.com\/thalesbrandao\" \/>\n<meta name=\"twitter:site\" content=\"@CidadeMarketing\" \/>\n<meta name=\"twitter:label1\" content=\"Escrito por\" \/>\n\t<meta name=\"twitter:data1\" content=\"Thales Brand\u00e3o\" \/>\n\t<meta name=\"twitter:label2\" content=\"Est. tempo de leitura\" \/>\n\t<meta name=\"twitter:data2\" content=\"2 minutos\" \/>\n<script type=\"application\/ld+json\" class=\"yoast-schema-graph\">{\"@context\":\"https:\\\/\\\/schema.org\",\"@graph\":[{\"@type\":\"Article\",\"@id\":\"https:\\\/\\\/www.cidademarketing.com.br\\\/marketing\\\/2022\\\/12\\\/25\\\/no-mundo-da-bola-da-tv-brasil-faz-balanco-da-copa-do-mundo\\\/#article\",\"isPartOf\":{\"@id\":\"https:\\\/\\\/www.cidademarketing.com.br\\\/marketing\\\/2022\\\/12\\\/25\\\/no-mundo-da-bola-da-tv-brasil-faz-balanco-da-copa-do-mundo\\\/\"},\"author\":{\"name\":\"Thales Brand\u00e3o\",\"@id\":\"https:\\\/\\\/www.cidademarketing.com.br\\\/marketing\\\/#\\\/schema\\\/person\\\/02daff9f18bd9378c9e01eb6b2db155f\"},\"headline\":\"No Mundo da Bola, da TV Brasil, faz balan\u00e7o da Copa do Mundo\",\"datePublished\":\"2022-12-25T03:24:46+00:00\",\"mainEntityOfPage\":{\"@id\":\"https:\\\/\\\/www.cidademarketing.com.br\\\/marketing\\\/2022\\\/12\\\/25\\\/no-mundo-da-bola-da-tv-brasil-faz-balanco-da-copa-do-mundo\\\/\"},\"wordCount\":507,\"commentCount\":0,\"publisher\":{\"@id\":\"https:\\\/\\\/www.cidademarketing.com.br\\\/marketing\\\/#organization\"},\"image\":{\"@id\":\"https:\\\/\\\/www.cidademarketing.com.br\\\/marketing\\\/2022\\\/12\\\/25\\\/no-mundo-da-bola-da-tv-brasil-faz-balanco-da-copa-do-mundo\\\/#primaryimage\"},\"thumbnailUrl\":\"https:\\\/\\\/www.cidademarketing.com.br\\\/marketing\\\/wp-content\\\/uploads\\\/2022\\\/12\\\/No_Mundo_da_Bola_Natal_Copa_do_Mundo_Rodrigo_Campos_Victor_Biglione_Eric_Frosio_Sergio_du_Bocage_Credito_Divulgacao_TV_Brasil.jpg\",\"keywords\":[\"campanha\",\"Copa do Mundo\",\"estrat\u00e9gia\",\"futebol\",\"marketing\",\"televis\u00e3o\",\"TV Brasil\"],\"articleSection\":[\"Not\u00edcias\"],\"inLanguage\":\"pt-BR\",\"potentialAction\":[{\"@type\":\"CommentAction\",\"name\":\"Comment\",\"target\":[\"https:\\\/\\\/www.cidademarketing.com.br\\\/marketing\\\/2022\\\/12\\\/25\\\/no-mundo-da-bola-da-tv-brasil-faz-balanco-da-copa-do-mundo\\\/#respond\"]}]},{\"@type\":\"WebPage\",\"@id\":\"https:\\\/\\\/www.cidademarketing.com.br\\\/marketing\\\/2022\\\/12\\\/25\\\/no-mundo-da-bola-da-tv-brasil-faz-balanco-da-copa-do-mundo\\\/\",\"url\":\"https:\\\/\\\/www.cidademarketing.com.br\\\/marketing\\\/2022\\\/12\\\/25\\\/no-mundo-da-bola-da-tv-brasil-faz-balanco-da-copa-do-mundo\\\/\",\"name\":\"No Mundo da Bola, da TV Brasil, faz balan\u00e7o da Copa do Mundo - CidadeMarketing\",\"isPartOf\":{\"@id\":\"https:\\\/\\\/www.cidademarketing.com.br\\\/marketing\\\/#website\"},\"primaryImageOfPage\":{\"@id\":\"https:\\\/\\\/www.cidademarketing.com.br\\\/marketing\\\/2022\\\/12\\\/25\\\/no-mundo-da-bola-da-tv-brasil-faz-balanco-da-copa-do-mundo\\\/#primaryimage\"},\"image\":{\"@id\":\"https:\\\/\\\/www.cidademarketing.com.br\\\/marketing\\\/2022\\\/12\\\/25\\\/no-mundo-da-bola-da-tv-brasil-faz-balanco-da-copa-do-mundo\\\/#primaryimage\"},\"thumbnailUrl\":\"https:\\\/\\\/www.cidademarketing.com.br\\\/marketing\\\/wp-content\\\/uploads\\\/2022\\\/12\\\/No_Mundo_da_Bola_Natal_Copa_do_Mundo_Rodrigo_Campos_Victor_Biglione_Eric_Frosio_Sergio_du_Bocage_Credito_Divulgacao_TV_Brasil.jpg\",\"datePublished\":\"2022-12-25T03:24:46+00:00\",\"breadcrumb\":{\"@id\":\"https:\\\/\\\/www.cidademarketing.com.br\\\/marketing\\\/2022\\\/12\\\/25\\\/no-mundo-da-bola-da-tv-brasil-faz-balanco-da-copa-do-mundo\\\/#breadcrumb\"},\"inLanguage\":\"pt-BR\",\"potentialAction\":[{\"@type\":\"ReadAction\",\"target\":[\"https:\\\/\\\/www.cidademarketing.com.br\\\/marketing\\\/2022\\\/12\\\/25\\\/no-mundo-da-bola-da-tv-brasil-faz-balanco-da-copa-do-mundo\\\/\"]}]},{\"@type\":\"ImageObject\",\"inLanguage\":\"pt-BR\",\"@id\":\"https:\\\/\\\/www.cidademarketing.com.br\\\/marketing\\\/2022\\\/12\\\/25\\\/no-mundo-da-bola-da-tv-brasil-faz-balanco-da-copa-do-mundo\\\/#primaryimage\",\"url\":\"https:\\\/\\\/www.cidademarketing.com.br\\\/marketing\\\/wp-content\\\/uploads\\\/2022\\\/12\\\/No_Mundo_da_Bola_Natal_Copa_do_Mundo_Rodrigo_Campos_Victor_Biglione_Eric_Frosio_Sergio_du_Bocage_Credito_Divulgacao_TV_Brasil.jpg\",\"contentUrl\":\"https:\\\/\\\/www.cidademarketing.com.br\\\/marketing\\\/wp-content\\\/uploads\\\/2022\\\/12\\\/No_Mundo_da_Bola_Natal_Copa_do_Mundo_Rodrigo_Campos_Victor_Biglione_Eric_Frosio_Sergio_du_Bocage_Credito_Divulgacao_TV_Brasil.jpg\",\"width\":1600,\"height\":899,\"caption\":\"Divulga\u00e7\u00e3o\"},{\"@type\":\"BreadcrumbList\",\"@id\":\"https:\\\/\\\/www.cidademarketing.com.br\\\/marketing\\\/2022\\\/12\\\/25\\\/no-mundo-da-bola-da-tv-brasil-faz-balanco-da-copa-do-mundo\\\/#breadcrumb\",\"itemListElement\":[{\"@type\":\"ListItem\",\"position\":1,\"name\":\"In\u00edcio\",\"item\":\"https:\\\/\\\/www.cidademarketing.com.br\\\/marketing\\\/\"},{\"@type\":\"ListItem\",\"position\":2,\"name\":\"No Mundo da Bola, da TV Brasil, faz balan\u00e7o da Copa do Mundo\"}]},{\"@type\":\"WebSite\",\"@id\":\"https:\\\/\\\/www.cidademarketing.com.br\\\/marketing\\\/#website\",\"url\":\"https:\\\/\\\/www.cidademarketing.com.br\\\/marketing\\\/\",\"name\":\"CidadeMarketing\",\"description\":\"Somos um ve\u00edculo de comunica\u00e7\u00e3o de destaque no Brasil, reconhecido por conte\u00fados nos segmentos de marketing, empreendedorismo e inova\u00e7\u00e3o.\",\"publisher\":{\"@id\":\"https:\\\/\\\/www.cidademarketing.com.br\\\/marketing\\\/#organization\"},\"alternateName\":\"CidadeMarketing\",\"potentialAction\":[{\"@type\":\"SearchAction\",\"target\":{\"@type\":\"EntryPoint\",\"urlTemplate\":\"https:\\\/\\\/www.cidademarketing.com.br\\\/marketing\\\/?s={search_term_string}\"},\"query-input\":{\"@type\":\"PropertyValueSpecification\",\"valueRequired\":true,\"valueName\":\"search_term_string\"}}],\"inLanguage\":\"pt-BR\"},{\"@type\":\"Organization\",\"@id\":\"https:\\\/\\\/www.cidademarketing.com.br\\\/marketing\\\/#organization\",\"name\":\"CidadeMarketing\",\"alternateName\":\"CidadeMarketing\",\"url\":\"https:\\\/\\\/www.cidademarketing.com.br\\\/marketing\\\/\",\"logo\":{\"@type\":\"ImageObject\",\"inLanguage\":\"pt-BR\",\"@id\":\"https:\\\/\\\/www.cidademarketing.com.br\\\/marketing\\\/#\\\/schema\\\/logo\\\/image\\\/\",\"url\":\"https:\\\/\\\/www.cidademarketing.com.br\\\/marketing\\\/wp-content\\\/uploads\\\/2020\\\/01\\\/cidademarketing_marca_mobile.png\",\"contentUrl\":\"https:\\\/\\\/www.cidademarketing.com.br\\\/marketing\\\/wp-content\\\/uploads\\\/2020\\\/01\\\/cidademarketing_marca_mobile.png\",\"width\":230,\"height\":92,\"caption\":\"CidadeMarketing\"},\"image\":{\"@id\":\"https:\\\/\\\/www.cidademarketing.com.br\\\/marketing\\\/#\\\/schema\\\/logo\\\/image\\\/\"},\"sameAs\":[\"https:\\\/\\\/www.facebook.com\\\/portalcidademarketing\",\"https:\\\/\\\/x.com\\\/CidadeMarketing\",\"https:\\\/\\\/www.instagram.com\\\/cidademarketing\\\/\"]},{\"@type\":\"Person\",\"@id\":\"https:\\\/\\\/www.cidademarketing.com.br\\\/marketing\\\/#\\\/schema\\\/person\\\/02daff9f18bd9378c9e01eb6b2db155f\",\"name\":\"Thales Brand\u00e3o\",\"image\":{\"@type\":\"ImageObject\",\"inLanguage\":\"pt-BR\",\"@id\":\"https:\\\/\\\/secure.gravatar.com\\\/avatar\\\/7ca3206950207cc3cb48feec56a8a7898741ab725c368d99d5d7a5a50aab80c6?s=96&d=mm&r=g\",\"url\":\"https:\\\/\\\/secure.gravatar.com\\\/avatar\\\/7ca3206950207cc3cb48feec56a8a7898741ab725c368d99d5d7a5a50aab80c6?s=96&d=mm&r=g\",\"contentUrl\":\"https:\\\/\\\/secure.gravatar.com\\\/avatar\\\/7ca3206950207cc3cb48feec56a8a7898741ab725c368d99d5d7a5a50aab80c6?s=96&d=mm&r=g\",\"caption\":\"Thales Brand\u00e3o\"},\"description\":\"Editor Executivo do Portal CidadeMarketing.com.br &gt; Mestre em Comunica\u00e7\u00e3o e Sociedade pela Universidade Federal de Sergipe. Possui MBA Executivo em Administra\u00e7\u00e3o com \u00eanfase em Marketing pela Funda\u00e7\u00e3o Get\u00falio Vargas - Rio de Janeiro. Consultor, Palestrante e Pesquisador sobre Empreendedorismo, Marketing, Redes Sociais e Neg\u00f3cios Digitais. Professor, Palestrante TedxTalks e Campus Party. Twitter: @ThalesBrandao\",\"sameAs\":[\"http:\\\/\\\/www.mandacaru.com.br\",\"https:\\\/\\\/www.facebook.com\\\/thalesbrandao\",\"http:\\\/\\\/www.instagram.com.br\\\/thalesbrandaoferreira\",\"https:\\\/\\\/www.linkedin.com\\\/in\\\/thales-brand\u00e3o-3948609\\\/\",\"https:\\\/\\\/x.com\\\/http:\\\/\\\/www.twitter.com\\\/thalesbrandao\"],\"url\":\"https:\\\/\\\/www.cidademarketing.com.br\\\/marketing\\\/author\\\/thalesbrandao\\\/\"}]}<\/script>\n<!-- \/ Yoast SEO plugin. -->","yoast_head_json":{"title":"No Mundo da Bola, da TV Brasil, faz balan\u00e7o da Copa do Mundo - CidadeMarketing","robots":{"index":"index","follow":"follow","max-snippet":"max-snippet:-1","max-image-preview":"max-image-preview:large","max-video-preview":"max-video-preview:-1"},"canonical":"https:\/\/www.cidademarketing.com.br\/marketing\/2022\/12\/25\/no-mundo-da-bola-da-tv-brasil-faz-balanco-da-copa-do-mundo\/","og_locale":"pt_BR","og_type":"article","og_title":"No Mundo da Bola, da TV Brasil, faz balan\u00e7o da Copa do Mundo - CidadeMarketing","og_description":"O programa esportivo No Mundo da Bola tra\u00e7a um panorama sobre a Copa do Mundo de 2022 neste domingo (25), \u00e0s 21h, na TV Brasil. O apresentador Sergio du Bocage recebe representantes dos pa\u00edses finalistas do Mundial: o jornalista franc\u00eas Eric Frosio e o m\u00fasico argentino Victor Biglione. A edi\u00e7\u00e3o in\u00e9dita da mesa redonda do [&hellip;]","og_url":"https:\/\/www.cidademarketing.com.br\/marketing\/2022\/12\/25\/no-mundo-da-bola-da-tv-brasil-faz-balanco-da-copa-do-mundo\/","og_site_name":"CidadeMarketing","article_publisher":"https:\/\/www.facebook.com\/portalcidademarketing","article_author":"https:\/\/www.facebook.com\/thalesbrandao","article_published_time":"2022-12-25T03:24:46+00:00","og_image":[{"width":1600,"height":899,"url":"https:\/\/www.cidademarketing.com.br\/marketing\/wp-content\/uploads\/2022\/12\/No_Mundo_da_Bola_Natal_Copa_do_Mundo_Rodrigo_Campos_Victor_Biglione_Eric_Frosio_Sergio_du_Bocage_Credito_Divulgacao_TV_Brasil.jpg","type":"image\/jpeg"}],"author":"Thales Brand\u00e3o","twitter_card":"summary_large_image","twitter_creator":"@http:\/\/www.twitter.com\/thalesbrandao","twitter_site":"@CidadeMarketing","twitter_misc":{"Escrito por":"Thales Brand\u00e3o","Est. tempo de leitura":"2 minutos"},"schema":{"@context":"https:\/\/schema.org","@graph":[{"@type":"Article","@id":"https:\/\/www.cidademarketing.com.br\/marketing\/2022\/12\/25\/no-mundo-da-bola-da-tv-brasil-faz-balanco-da-copa-do-mundo\/#article","isPartOf":{"@id":"https:\/\/www.cidademarketing.com.br\/marketing\/2022\/12\/25\/no-mundo-da-bola-da-tv-brasil-faz-balanco-da-copa-do-mundo\/"},"author":{"name":"Thales Brand\u00e3o","@id":"https:\/\/www.cidademarketing.com.br\/marketing\/#\/schema\/person\/02daff9f18bd9378c9e01eb6b2db155f"},"headline":"No Mundo da Bola, da TV Brasil, faz balan\u00e7o da Copa do Mundo","datePublished":"2022-12-25T03:24:46+00:00","mainEntityOfPage":{"@id":"https:\/\/www.cidademarketing.com.br\/marketing\/2022\/12\/25\/no-mundo-da-bola-da-tv-brasil-faz-balanco-da-copa-do-mundo\/"},"wordCount":507,"commentCount":0,"publisher":{"@id":"https:\/\/www.cidademarketing.com.br\/marketing\/#organization"},"image":{"@id":"https:\/\/www.cidademarketing.com.br\/marketing\/2022\/12\/25\/no-mundo-da-bola-da-tv-brasil-faz-balanco-da-copa-do-mundo\/#primaryimage"},"thumbnailUrl":"https:\/\/www.cidademarketing.com.br\/marketing\/wp-content\/uploads\/2022\/12\/No_Mundo_da_Bola_Natal_Copa_do_Mundo_Rodrigo_Campos_Victor_Biglione_Eric_Frosio_Sergio_du_Bocage_Credito_Divulgacao_TV_Brasil.jpg","keywords":["campanha","Copa do Mundo","estrat\u00e9gia","futebol","marketing","televis\u00e3o","TV Brasil"],"articleSection":["Not\u00edcias"],"inLanguage":"pt-BR","potentialAction":[{"@type":"CommentAction","name":"Comment","target":["https:\/\/www.cidademarketing.com.br\/marketing\/2022\/12\/25\/no-mundo-da-bola-da-tv-brasil-faz-balanco-da-copa-do-mundo\/#respond"]}]},{"@type":"WebPage","@id":"https:\/\/www.cidademarketing.com.br\/marketing\/2022\/12\/25\/no-mundo-da-bola-da-tv-brasil-faz-balanco-da-copa-do-mundo\/","url":"https:\/\/www.cidademarketing.com.br\/marketing\/2022\/12\/25\/no-mundo-da-bola-da-tv-brasil-faz-balanco-da-copa-do-mundo\/","name":"No Mundo da Bola, da TV Brasil, faz balan\u00e7o da Copa do Mundo - CidadeMarketing","isPartOf":{"@id":"https:\/\/www.cidademarketing.com.br\/marketing\/#website"},"primaryImageOfPage":{"@id":"https:\/\/www.cidademarketing.com.br\/marketing\/2022\/12\/25\/no-mundo-da-bola-da-tv-brasil-faz-balanco-da-copa-do-mundo\/#primaryimage"},"image":{"@id":"https:\/\/www.cidademarketing.com.br\/marketing\/2022\/12\/25\/no-mundo-da-bola-da-tv-brasil-faz-balanco-da-copa-do-mundo\/#primaryimage"},"thumbnailUrl":"https:\/\/www.cidademarketing.com.br\/marketing\/wp-content\/uploads\/2022\/12\/No_Mundo_da_Bola_Natal_Copa_do_Mundo_Rodrigo_Campos_Victor_Biglione_Eric_Frosio_Sergio_du_Bocage_Credito_Divulgacao_TV_Brasil.jpg","datePublished":"2022-12-25T03:24:46+00:00","breadcrumb":{"@id":"https:\/\/www.cidademarketing.com.br\/marketing\/2022\/12\/25\/no-mundo-da-bola-da-tv-brasil-faz-balanco-da-copa-do-mundo\/#breadcrumb"},"inLanguage":"pt-BR","potentialAction":[{"@type":"ReadAction","target":["https:\/\/www.cidademarketing.com.br\/marketing\/2022\/12\/25\/no-mundo-da-bola-da-tv-brasil-faz-balanco-da-copa-do-mundo\/"]}]},{"@type":"ImageObject","inLanguage":"pt-BR","@id":"https:\/\/www.cidademarketing.com.br\/marketing\/2022\/12\/25\/no-mundo-da-bola-da-tv-brasil-faz-balanco-da-copa-do-mundo\/#primaryimage","url":"https:\/\/www.cidademarketing.com.br\/marketing\/wp-content\/uploads\/2022\/12\/No_Mundo_da_Bola_Natal_Copa_do_Mundo_Rodrigo_Campos_Victor_Biglione_Eric_Frosio_Sergio_du_Bocage_Credito_Divulgacao_TV_Brasil.jpg","contentUrl":"https:\/\/www.cidademarketing.com.br\/marketing\/wp-content\/uploads\/2022\/12\/No_Mundo_da_Bola_Natal_Copa_do_Mundo_Rodrigo_Campos_Victor_Biglione_Eric_Frosio_Sergio_du_Bocage_Credito_Divulgacao_TV_Brasil.jpg","width":1600,"height":899,"caption":"Divulga\u00e7\u00e3o"},{"@type":"BreadcrumbList","@id":"https:\/\/www.cidademarketing.com.br\/marketing\/2022\/12\/25\/no-mundo-da-bola-da-tv-brasil-faz-balanco-da-copa-do-mundo\/#breadcrumb","itemListElement":[{"@type":"ListItem","position":1,"name":"In\u00edcio","item":"https:\/\/www.cidademarketing.com.br\/marketing\/"},{"@type":"ListItem","position":2,"name":"No Mundo da Bola, da TV Brasil, faz balan\u00e7o da Copa do Mundo"}]},{"@type":"WebSite","@id":"https:\/\/www.cidademarketing.com.br\/marketing\/#website","url":"https:\/\/www.cidademarketing.com.br\/marketing\/","name":"CidadeMarketing","description":"Somos um ve\u00edculo de comunica\u00e7\u00e3o de destaque no Brasil, reconhecido por conte\u00fados nos segmentos de marketing, empreendedorismo e inova\u00e7\u00e3o.","publisher":{"@id":"https:\/\/www.cidademarketing.com.br\/marketing\/#organization"},"alternateName":"CidadeMarketing","potentialAction":[{"@type":"SearchAction","target":{"@type":"EntryPoint","urlTemplate":"https:\/\/www.cidademarketing.com.br\/marketing\/?s={search_term_string}"},"query-input":{"@type":"PropertyValueSpecification","valueRequired":true,"valueName":"search_term_string"}}],"inLanguage":"pt-BR"},{"@type":"Organization","@id":"https:\/\/www.cidademarketing.com.br\/marketing\/#organization","name":"CidadeMarketing","alternateName":"CidadeMarketing","url":"https:\/\/www.cidademarketing.com.br\/marketing\/","logo":{"@type":"ImageObject","inLanguage":"pt-BR","@id":"https:\/\/www.cidademarketing.com.br\/marketing\/#\/schema\/logo\/image\/","url":"https:\/\/www.cidademarketing.com.br\/marketing\/wp-content\/uploads\/2020\/01\/cidademarketing_marca_mobile.png","contentUrl":"https:\/\/www.cidademarketing.com.br\/marketing\/wp-content\/uploads\/2020\/01\/cidademarketing_marca_mobile.png","width":230,"height":92,"caption":"CidadeMarketing"},"image":{"@id":"https:\/\/www.cidademarketing.com.br\/marketing\/#\/schema\/logo\/image\/"},"sameAs":["https:\/\/www.facebook.com\/portalcidademarketing","https:\/\/x.com\/CidadeMarketing","https:\/\/www.instagram.com\/cidademarketing\/"]},{"@type":"Person","@id":"https:\/\/www.cidademarketing.com.br\/marketing\/#\/schema\/person\/02daff9f18bd9378c9e01eb6b2db155f","name":"Thales Brand\u00e3o","image":{"@type":"ImageObject","inLanguage":"pt-BR","@id":"https:\/\/secure.gravatar.com\/avatar\/7ca3206950207cc3cb48feec56a8a7898741ab725c368d99d5d7a5a50aab80c6?s=96&d=mm&r=g","url":"https:\/\/secure.gravatar.com\/avatar\/7ca3206950207cc3cb48feec56a8a7898741ab725c368d99d5d7a5a50aab80c6?s=96&d=mm&r=g","contentUrl":"https:\/\/secure.gravatar.com\/avatar\/7ca3206950207cc3cb48feec56a8a7898741ab725c368d99d5d7a5a50aab80c6?s=96&d=mm&r=g","caption":"Thales Brand\u00e3o"},"description":"Editor Executivo do Portal CidadeMarketing.com.br &gt; Mestre em Comunica\u00e7\u00e3o e Sociedade pela Universidade Federal de Sergipe. Possui MBA Executivo em Administra\u00e7\u00e3o com \u00eanfase em Marketing pela Funda\u00e7\u00e3o Get\u00falio Vargas - Rio de Janeiro. Consultor, Palestrante e Pesquisador sobre Empreendedorismo, Marketing, Redes Sociais e Neg\u00f3cios Digitais. Professor, Palestrante TedxTalks e Campus Party. Twitter: @ThalesBrandao","sameAs":["http:\/\/www.mandacaru.com.br","https:\/\/www.facebook.com\/thalesbrandao","http:\/\/www.instagram.com.br\/thalesbrandaoferreira","https:\/\/www.linkedin.com\/in\/thales-brand\u00e3o-3948609\/","https:\/\/x.com\/http:\/\/www.twitter.com\/thalesbrandao"],"url":"https:\/\/www.cidademarketing.com.br\/marketing\/author\/thalesbrandao\/"}]}},"amp_enabled":true,"_links":{"self":[{"href":"https:\/\/www.cidademarketing.com.br\/marketing\/wp-json\/wp\/v2\/posts\/41787","targetHints":{"allow":["GET"]}}],"collection":[{"href":"https:\/\/www.cidademarketing.com.br\/marketing\/wp-json\/wp\/v2\/posts"}],"about":[{"href":"https:\/\/www.cidademarketing.com.br\/marketing\/wp-json\/wp\/v2\/types\/post"}],"author":[{"embeddable":true,"href":"https:\/\/www.cidademarketing.com.br\/marketing\/wp-json\/wp\/v2\/users\/1"}],"replies":[{"embeddable":true,"href":"https:\/\/www.cidademarketing.com.br\/marketing\/wp-json\/wp\/v2\/comments?post=41787"}],"version-history":[{"count":1,"href":"https:\/\/www.cidademarketing.com.br\/marketing\/wp-json\/wp\/v2\/posts\/41787\/revisions"}],"predecessor-version":[{"id":41789,"href":"https:\/\/www.cidademarketing.com.br\/marketing\/wp-json\/wp\/v2\/posts\/41787\/revisions\/41789"}],"wp:featuredmedia":[{"embeddable":true,"href":"https:\/\/www.cidademarketing.com.br\/marketing\/wp-json\/wp\/v2\/media\/41788"}],"wp:attachment":[{"href":"https:\/\/www.cidademarketing.com.br\/marketing\/wp-json\/wp\/v2\/media?parent=41787"}],"wp:term":[{"taxonomy":"category","embeddable":true,"href":"https:\/\/www.cidademarketing.com.br\/marketing\/wp-json\/wp\/v2\/categories?post=41787"},{"taxonomy":"post_tag","embeddable":true,"href":"https:\/\/www.cidademarketing.com.br\/marketing\/wp-json\/wp\/v2\/tags?post=41787"}],"curies":[{"name":"wp","href":"https:\/\/api.w.org\/{rel}","templated":true}]}}