{"id":41774,"date":"2022-12-23T17:14:35","date_gmt":"2022-12-23T20:14:35","guid":{"rendered":"https:\/\/www.cidademarketing.com.br\/marketing\/?p=41774"},"modified":"2022-12-23T17:14:35","modified_gmt":"2022-12-23T20:14:35","slug":"audi-leva-experiencia-de-realidade-virtual-a-ces-2023","status":"publish","type":"post","link":"https:\/\/www.cidademarketing.com.br\/marketing\/2022\/12\/23\/audi-leva-experiencia-de-realidade-virtual-a-ces-2023\/","title":{"rendered":"Audi leva experi\u00eancia de Realidade Virtual \u00e0 CES 2023"},"content":{"rendered":"<p>A Audi anunciou na Consumer Eletronic Show (CES) em 2019 que transformaria seus ve\u00edculos em uma plataforma de experi\u00eancia de Realidade Virtual (VR). Agora, a marca das quatro argolas mostrar\u00e1 ao p\u00fablico na pr\u00f3xima edi\u00e7\u00e3o do evento, que ocorre em Las Vegas (EUA) entre os dias 5 e 8 de janeiro, as suas inova\u00e7\u00f5es no tema, como o jogo de realidade virtual &#8220;Pixel Ripped 1995: On The Road&#8221;, que ser\u00e3o lan\u00e7adas na Alemanha e, posteriormente, em outros mercados europeus ao longo do pr\u00f3ximo ano.<\/p>\n<p><iframe title=\"Spotify Embed: Podcast CidadeMarketing\" style=\"border-radius: 12px\" width=\"100%\" height=\"152\" frameborder=\"0\" allowfullscreen allow=\"autoplay; clipboard-write; encrypted-media; fullscreen; picture-in-picture\" loading=\"lazy\" src=\"https:\/\/open.spotify.com\/embed\/show\/4khMKzP3FgFRWVwb73xicc?si=252fe5bff2b34909&#038;utm_source=oembed\"><\/iframe><\/p>\n<p>A Audi \u00e9 a primeira fabricante global de ve\u00edculos a investir na produ\u00e7\u00e3o em s\u00e9rie de seus ve\u00edculos a Realidade Virtual como op\u00e7\u00e3o de entretenimento a bordo, por meio dos \u00f3culos &#8220;holoride&#8221;. Na CES 2023, considerada a maior feira de tecnologia e eletr\u00f4nicos do mundo, os visitantes ter\u00e3o a oportunidade de experimentar o equipamento no banco traseiro dos Audi e-tron e Audi e-tron Sportback.<\/p>\n<p>A nova tecnologia holoride adapta em tempo real o conte\u00fado virtual mostrado na tela imersiva aos movimentos de condu\u00e7\u00e3o do ve\u00edculo. Por exemplo, se o ve\u00edculo fizer uma curva \u00e0 direita, a nave espacial no mundo virtual, por exemplo, tamb\u00e9m vira \u00e0 direita. Se o ve\u00edculo acelerar, a nave espacial tamb\u00e9m acelera, e assim por diante. Com isso, a viagem no ve\u00edculo se integra ao jogo. Al\u00e9m disso, ao sincronizar as experi\u00eancias visual e sensorial do usu\u00e1rio aos movimentos do ve\u00edculo, o holoride diminui os riscos de enjoos comuns aos passageiros que realizam outras tarefas com o ve\u00edculo em movimento.<\/p>\n<p>A redefini\u00e7\u00e3o do entretenimento a bordo<\/p>\n<p>A Audi come\u00e7ou a desenvolver a tecnologia de Realidade Virtual (ou Realidade Expandida) para passageiros do banco traseiro a partir da CES 2019, recebendo desde ent\u00e3o diversos pr\u00eamios em feiras e exposi\u00e7\u00f5es. A empresa de tecnologia do entretenimento holoride, respons\u00e1vel pela produ\u00e7\u00e3o dos equipamentos, come\u00e7ou a comercializ\u00e1-los para diferentes fabricantes. Ap\u00f3s o lan\u00e7amento da plataforma na Alemanha, o holoride ser\u00e1 lan\u00e7ado nos mercados europeus no in\u00edcio de 2023.<\/p>\n<p>\u201cIntegrar o holoride em nossos modelos significa que estamos redefinindo o entretenimento no ve\u00edculo\u201d, afirma Giorgio Delucchi, respons\u00e1vel da Audi pelas \u00e1reas de Experi\u00eancias e Neg\u00f3cios Digitais. \u201cCombinar os dados do ve\u00edculo em tempo real com o conte\u00fado virtual cria um tipo de experi\u00eancia completamente nova. A digitaliza\u00e7\u00e3o do ve\u00edculo \u00e9 um componente essencial na transforma\u00e7\u00e3o da cabine em um terceiro espa\u00e7o de conviv\u00eancia, que mistura os ambientes pessoal e profissional em um s\u00f3\u201d.<\/p>\n<p>Integra\u00e7\u00e3o com a linha Audi<\/p>\n<p>A linha completa da Audi est\u00e1 se preparando para agregar o sistema de entretenimento com realidade virtual. Para desfrutar a experi\u00eancia do holoride, est\u00e3o entre os requisitos o kit de inicia\u00e7\u00e3o \u201cPioneers Pack\u201d, o kit de entretenimento modular de terceira gera\u00e7\u00e3o (MIB 3). A tecnologia estar\u00e1 presente na linha 2023 dos ve\u00edculos A4, A5, A6, A7, A8, Q5, Q7, Q8, Q8 e-tron, Audi e-tron, Audi e-tron Sportback e Audi RS e-tron GT.<\/p>\n<p>Esses modelos come\u00e7am a integrar o sistema VR com o holoride nos mercados europeu, canadense, norte-americano, japon\u00eas e chin\u00eas inicialmente. O fone de ouvido sem fio \u00e9 conectado ao ve\u00edculo via Bluetooth de Baixa Energia (BLE).<\/p>\n<p>Jogo retr\u00f4 de realidade virtual<\/p>\n<p>Os usu\u00e1rios do holoride poder\u00e3o desfrutar de jogos antol\u00f3gicos e uma s\u00e9rie de conte\u00fados interativos. No jogo de realidade virtual \u201cCloudbreakers: Leaving Heaven\u201d, por exemplo, os jogadores mergulham em um futuro dist\u00f3pico com batalhas que se adaptam aos movimentos do ve\u00edculo, tempo da viagem e rota percorrida.<\/p>\n<p>Seguindo os t\u00edtulos de sucesso \u201cPixel Ripped 1989\u201d e \u201cPixel Ripped 1995\u201d, uma nova vers\u00e3o do jogo nost\u00e1lgico com um visual 2D est\u00e1 chegando. No jogo especialmente projetado para o ve\u00edculo, os jogadores acompanham a fam\u00edlia Keene em uma viagem de Natal e apoiam David Keene nesta miss\u00e3o. A novidade aqui \u00e9 que os movimentos do ve\u00edculo s\u00e3o incorporados ao jogo, desenvolvido pelo est\u00fadio de jogos ARVORE.<\/p>\n<p>Os quatro an\u00e9is no pavilh\u00e3o CARIAD<\/p>\n<p>A CARIAD, empresa de software automotivo do Grupo Volkswagen, estabeleceu os requisitos para uso dos holorides nos modelos da Audi. Pela primeira vez, a companhia CARIAD tamb\u00e9m ter\u00e1 um pavilh\u00e3o na CES. Ela apresentar\u00e1 solu\u00e7\u00f5es inovadoras no novo centro de conven\u00e7\u00f5es, inclusive a sua parceria com a Audi. Isto significa que a marca das quatro argolas ser\u00e1 representada no pavilh\u00e3o da CARIAD, pois a Audi confia na especializa\u00e7\u00e3o acumulada e sinergias dentro do Grupo Volkswagen no desenvolvimento de sistemas digitais complexos. Na CARIAD, a experi\u00eancia digital do usu\u00e1rio \u00e9 considerada em cada ve\u00edculo do Grupo Volkswagen &#8211; cobrindo desde o processamento de imagem e sensor \u00e0 arquitetura dos sistemas.<\/p>\n<p><iframe style=\"width: 100%; max-width: 660px; overflow: hidden; background: transparent;\" src=\"https:\/\/embed.podcasts.apple.com\/br\/podcast\/podcast-cidademarketing\/id1371923283\" height=\"450\" frameborder=\"0\" sandbox=\"allow-forms allow-popups allow-same-origin allow-scripts allow-storage-access-by-user-activation allow-top-navigation-by-user-activation\"><\/iframe><\/p>\n","protected":false},"excerpt":{"rendered":"<p>A Audi anunciou na Consumer Eletronic Show (CES) em 2019 que transformaria seus ve\u00edculos em uma plataforma de experi\u00eancia de Realidade Virtual (VR). Agora, a marca das quatro argolas mostrar\u00e1 ao p\u00fablico na pr\u00f3xima edi\u00e7\u00e3o do evento, que ocorre em Las Vegas (EUA) entre os dias 5 e 8 de janeiro, as suas inova\u00e7\u00f5es no [&hellip;]<\/p>\n","protected":false},"author":1,"featured_media":41775,"comment_status":"open","ping_status":"open","sticky":false,"template":"","format":"standard","meta":{"tdm_status":"","tdm_grid_status":"","footnotes":""},"categories":[6],"tags":[943,5782,33,293,28,185],"class_list":["post-41774","post","type-post","status-publish","format-standard","has-post-thumbnail","hentry","category-noticias","tag-audi","tag-ces-2023","tag-estrategia","tag-inovacao","tag-marketing","tag-tecnologia"],"yoast_head":"<!-- This site is optimized with the Yoast SEO plugin v27.5 - https:\/\/yoast.com\/product\/yoast-seo-wordpress\/ -->\n<title>Audi leva experi\u00eancia de Realidade Virtual \u00e0 CES 2023 - CidadeMarketing<\/title>\n<meta name=\"robots\" content=\"index, follow, max-snippet:-1, max-image-preview:large, max-video-preview:-1\" \/>\n<link rel=\"canonical\" href=\"https:\/\/www.cidademarketing.com.br\/marketing\/2022\/12\/23\/audi-leva-experiencia-de-realidade-virtual-a-ces-2023\/\" \/>\n<meta property=\"og:locale\" content=\"pt_BR\" \/>\n<meta property=\"og:type\" content=\"article\" \/>\n<meta property=\"og:title\" content=\"Audi leva experi\u00eancia de Realidade Virtual \u00e0 CES 2023 - CidadeMarketing\" \/>\n<meta property=\"og:description\" content=\"A Audi anunciou na Consumer Eletronic Show (CES) em 2019 que transformaria seus ve\u00edculos em uma plataforma de experi\u00eancia de Realidade Virtual (VR). Agora, a marca das quatro argolas mostrar\u00e1 ao p\u00fablico na pr\u00f3xima edi\u00e7\u00e3o do evento, que ocorre em Las Vegas (EUA) entre os dias 5 e 8 de janeiro, as suas inova\u00e7\u00f5es no [&hellip;]\" \/>\n<meta property=\"og:url\" content=\"https:\/\/www.cidademarketing.com.br\/marketing\/2022\/12\/23\/audi-leva-experiencia-de-realidade-virtual-a-ces-2023\/\" \/>\n<meta property=\"og:site_name\" content=\"CidadeMarketing\" \/>\n<meta property=\"article:publisher\" content=\"https:\/\/www.facebook.com\/portalcidademarketing\" \/>\n<meta property=\"article:author\" content=\"https:\/\/www.facebook.com\/thalesbrandao\" \/>\n<meta property=\"article:published_time\" content=\"2022-12-23T20:14:35+00:00\" \/>\n<meta property=\"og:image\" content=\"https:\/\/www.cidademarketing.com.br\/marketing\/wp-content\/uploads\/2022\/12\/audi_tecnologia.jpg\" \/>\n\t<meta property=\"og:image:width\" content=\"1680\" \/>\n\t<meta property=\"og:image:height\" content=\"1120\" \/>\n\t<meta property=\"og:image:type\" content=\"image\/jpeg\" \/>\n<meta name=\"author\" content=\"Thales Brand\u00e3o\" \/>\n<meta name=\"twitter:card\" content=\"summary_large_image\" \/>\n<meta name=\"twitter:creator\" content=\"@http:\/\/www.twitter.com\/thalesbrandao\" \/>\n<meta name=\"twitter:site\" content=\"@CidadeMarketing\" \/>\n<meta name=\"twitter:label1\" content=\"Escrito por\" \/>\n\t<meta name=\"twitter:data1\" content=\"Thales Brand\u00e3o\" \/>\n\t<meta name=\"twitter:label2\" content=\"Est. tempo de leitura\" \/>\n\t<meta name=\"twitter:data2\" content=\"4 minutos\" \/>\n<script type=\"application\/ld+json\" class=\"yoast-schema-graph\">{\"@context\":\"https:\\\/\\\/schema.org\",\"@graph\":[{\"@type\":\"Article\",\"@id\":\"https:\\\/\\\/www.cidademarketing.com.br\\\/marketing\\\/2022\\\/12\\\/23\\\/audi-leva-experiencia-de-realidade-virtual-a-ces-2023\\\/#article\",\"isPartOf\":{\"@id\":\"https:\\\/\\\/www.cidademarketing.com.br\\\/marketing\\\/2022\\\/12\\\/23\\\/audi-leva-experiencia-de-realidade-virtual-a-ces-2023\\\/\"},\"author\":{\"name\":\"Thales Brand\u00e3o\",\"@id\":\"https:\\\/\\\/www.cidademarketing.com.br\\\/marketing\\\/#\\\/schema\\\/person\\\/02daff9f18bd9378c9e01eb6b2db155f\"},\"headline\":\"Audi leva experi\u00eancia de Realidade Virtual \u00e0 CES 2023\",\"datePublished\":\"2022-12-23T20:14:35+00:00\",\"mainEntityOfPage\":{\"@id\":\"https:\\\/\\\/www.cidademarketing.com.br\\\/marketing\\\/2022\\\/12\\\/23\\\/audi-leva-experiencia-de-realidade-virtual-a-ces-2023\\\/\"},\"wordCount\":837,\"commentCount\":0,\"publisher\":{\"@id\":\"https:\\\/\\\/www.cidademarketing.com.br\\\/marketing\\\/#organization\"},\"image\":{\"@id\":\"https:\\\/\\\/www.cidademarketing.com.br\\\/marketing\\\/2022\\\/12\\\/23\\\/audi-leva-experiencia-de-realidade-virtual-a-ces-2023\\\/#primaryimage\"},\"thumbnailUrl\":\"https:\\\/\\\/www.cidademarketing.com.br\\\/marketing\\\/wp-content\\\/uploads\\\/2022\\\/12\\\/audi_tecnologia.jpg\",\"keywords\":[\"Audi\",\"CES 2023\",\"estrat\u00e9gia\",\"inova\u00e7\u00e3o\",\"marketing\",\"tecnologia\"],\"articleSection\":[\"Not\u00edcias\"],\"inLanguage\":\"pt-BR\",\"potentialAction\":[{\"@type\":\"CommentAction\",\"name\":\"Comment\",\"target\":[\"https:\\\/\\\/www.cidademarketing.com.br\\\/marketing\\\/2022\\\/12\\\/23\\\/audi-leva-experiencia-de-realidade-virtual-a-ces-2023\\\/#respond\"]}]},{\"@type\":\"WebPage\",\"@id\":\"https:\\\/\\\/www.cidademarketing.com.br\\\/marketing\\\/2022\\\/12\\\/23\\\/audi-leva-experiencia-de-realidade-virtual-a-ces-2023\\\/\",\"url\":\"https:\\\/\\\/www.cidademarketing.com.br\\\/marketing\\\/2022\\\/12\\\/23\\\/audi-leva-experiencia-de-realidade-virtual-a-ces-2023\\\/\",\"name\":\"Audi leva experi\u00eancia de Realidade Virtual \u00e0 CES 2023 - CidadeMarketing\",\"isPartOf\":{\"@id\":\"https:\\\/\\\/www.cidademarketing.com.br\\\/marketing\\\/#website\"},\"primaryImageOfPage\":{\"@id\":\"https:\\\/\\\/www.cidademarketing.com.br\\\/marketing\\\/2022\\\/12\\\/23\\\/audi-leva-experiencia-de-realidade-virtual-a-ces-2023\\\/#primaryimage\"},\"image\":{\"@id\":\"https:\\\/\\\/www.cidademarketing.com.br\\\/marketing\\\/2022\\\/12\\\/23\\\/audi-leva-experiencia-de-realidade-virtual-a-ces-2023\\\/#primaryimage\"},\"thumbnailUrl\":\"https:\\\/\\\/www.cidademarketing.com.br\\\/marketing\\\/wp-content\\\/uploads\\\/2022\\\/12\\\/audi_tecnologia.jpg\",\"datePublished\":\"2022-12-23T20:14:35+00:00\",\"breadcrumb\":{\"@id\":\"https:\\\/\\\/www.cidademarketing.com.br\\\/marketing\\\/2022\\\/12\\\/23\\\/audi-leva-experiencia-de-realidade-virtual-a-ces-2023\\\/#breadcrumb\"},\"inLanguage\":\"pt-BR\",\"potentialAction\":[{\"@type\":\"ReadAction\",\"target\":[\"https:\\\/\\\/www.cidademarketing.com.br\\\/marketing\\\/2022\\\/12\\\/23\\\/audi-leva-experiencia-de-realidade-virtual-a-ces-2023\\\/\"]}]},{\"@type\":\"ImageObject\",\"inLanguage\":\"pt-BR\",\"@id\":\"https:\\\/\\\/www.cidademarketing.com.br\\\/marketing\\\/2022\\\/12\\\/23\\\/audi-leva-experiencia-de-realidade-virtual-a-ces-2023\\\/#primaryimage\",\"url\":\"https:\\\/\\\/www.cidademarketing.com.br\\\/marketing\\\/wp-content\\\/uploads\\\/2022\\\/12\\\/audi_tecnologia.jpg\",\"contentUrl\":\"https:\\\/\\\/www.cidademarketing.com.br\\\/marketing\\\/wp-content\\\/uploads\\\/2022\\\/12\\\/audi_tecnologia.jpg\",\"width\":1680,\"height\":1120,\"caption\":\"Audi is the first car manufacturer in the world to bring virtual reality entertainment by holoride to series production.\"},{\"@type\":\"BreadcrumbList\",\"@id\":\"https:\\\/\\\/www.cidademarketing.com.br\\\/marketing\\\/2022\\\/12\\\/23\\\/audi-leva-experiencia-de-realidade-virtual-a-ces-2023\\\/#breadcrumb\",\"itemListElement\":[{\"@type\":\"ListItem\",\"position\":1,\"name\":\"In\u00edcio\",\"item\":\"https:\\\/\\\/www.cidademarketing.com.br\\\/marketing\\\/\"},{\"@type\":\"ListItem\",\"position\":2,\"name\":\"Audi leva experi\u00eancia de Realidade Virtual \u00e0 CES 2023\"}]},{\"@type\":\"WebSite\",\"@id\":\"https:\\\/\\\/www.cidademarketing.com.br\\\/marketing\\\/#website\",\"url\":\"https:\\\/\\\/www.cidademarketing.com.br\\\/marketing\\\/\",\"name\":\"CidadeMarketing\",\"description\":\"Somos um ve\u00edculo de comunica\u00e7\u00e3o de destaque no Brasil, reconhecido por conte\u00fados nos segmentos de marketing, empreendedorismo e inova\u00e7\u00e3o.\",\"publisher\":{\"@id\":\"https:\\\/\\\/www.cidademarketing.com.br\\\/marketing\\\/#organization\"},\"alternateName\":\"CidadeMarketing\",\"potentialAction\":[{\"@type\":\"SearchAction\",\"target\":{\"@type\":\"EntryPoint\",\"urlTemplate\":\"https:\\\/\\\/www.cidademarketing.com.br\\\/marketing\\\/?s={search_term_string}\"},\"query-input\":{\"@type\":\"PropertyValueSpecification\",\"valueRequired\":true,\"valueName\":\"search_term_string\"}}],\"inLanguage\":\"pt-BR\"},{\"@type\":\"Organization\",\"@id\":\"https:\\\/\\\/www.cidademarketing.com.br\\\/marketing\\\/#organization\",\"name\":\"CidadeMarketing\",\"alternateName\":\"CidadeMarketing\",\"url\":\"https:\\\/\\\/www.cidademarketing.com.br\\\/marketing\\\/\",\"logo\":{\"@type\":\"ImageObject\",\"inLanguage\":\"pt-BR\",\"@id\":\"https:\\\/\\\/www.cidademarketing.com.br\\\/marketing\\\/#\\\/schema\\\/logo\\\/image\\\/\",\"url\":\"https:\\\/\\\/www.cidademarketing.com.br\\\/marketing\\\/wp-content\\\/uploads\\\/2020\\\/01\\\/cidademarketing_marca_mobile.png\",\"contentUrl\":\"https:\\\/\\\/www.cidademarketing.com.br\\\/marketing\\\/wp-content\\\/uploads\\\/2020\\\/01\\\/cidademarketing_marca_mobile.png\",\"width\":230,\"height\":92,\"caption\":\"CidadeMarketing\"},\"image\":{\"@id\":\"https:\\\/\\\/www.cidademarketing.com.br\\\/marketing\\\/#\\\/schema\\\/logo\\\/image\\\/\"},\"sameAs\":[\"https:\\\/\\\/www.facebook.com\\\/portalcidademarketing\",\"https:\\\/\\\/x.com\\\/CidadeMarketing\",\"https:\\\/\\\/www.instagram.com\\\/cidademarketing\\\/\"]},{\"@type\":\"Person\",\"@id\":\"https:\\\/\\\/www.cidademarketing.com.br\\\/marketing\\\/#\\\/schema\\\/person\\\/02daff9f18bd9378c9e01eb6b2db155f\",\"name\":\"Thales Brand\u00e3o\",\"image\":{\"@type\":\"ImageObject\",\"inLanguage\":\"pt-BR\",\"@id\":\"https:\\\/\\\/secure.gravatar.com\\\/avatar\\\/7ca3206950207cc3cb48feec56a8a7898741ab725c368d99d5d7a5a50aab80c6?s=96&d=mm&r=g\",\"url\":\"https:\\\/\\\/secure.gravatar.com\\\/avatar\\\/7ca3206950207cc3cb48feec56a8a7898741ab725c368d99d5d7a5a50aab80c6?s=96&d=mm&r=g\",\"contentUrl\":\"https:\\\/\\\/secure.gravatar.com\\\/avatar\\\/7ca3206950207cc3cb48feec56a8a7898741ab725c368d99d5d7a5a50aab80c6?s=96&d=mm&r=g\",\"caption\":\"Thales Brand\u00e3o\"},\"description\":\"Editor Executivo do Portal CidadeMarketing.com.br &gt; Mestre em Comunica\u00e7\u00e3o e Sociedade pela Universidade Federal de Sergipe. Possui MBA Executivo em Administra\u00e7\u00e3o com \u00eanfase em Marketing pela Funda\u00e7\u00e3o Get\u00falio Vargas - Rio de Janeiro. Consultor, Palestrante e Pesquisador sobre Empreendedorismo, Marketing, Redes Sociais e Neg\u00f3cios Digitais. Professor, Palestrante TedxTalks e Campus Party. Twitter: @ThalesBrandao\",\"sameAs\":[\"http:\\\/\\\/www.mandacaru.com.br\",\"https:\\\/\\\/www.facebook.com\\\/thalesbrandao\",\"http:\\\/\\\/www.instagram.com.br\\\/thalesbrandaoferreira\",\"https:\\\/\\\/www.linkedin.com\\\/in\\\/thales-brand\u00e3o-3948609\\\/\",\"https:\\\/\\\/x.com\\\/http:\\\/\\\/www.twitter.com\\\/thalesbrandao\"],\"url\":\"https:\\\/\\\/www.cidademarketing.com.br\\\/marketing\\\/author\\\/thalesbrandao\\\/\"}]}<\/script>\n<!-- \/ Yoast SEO plugin. -->","yoast_head_json":{"title":"Audi leva experi\u00eancia de Realidade Virtual \u00e0 CES 2023 - CidadeMarketing","robots":{"index":"index","follow":"follow","max-snippet":"max-snippet:-1","max-image-preview":"max-image-preview:large","max-video-preview":"max-video-preview:-1"},"canonical":"https:\/\/www.cidademarketing.com.br\/marketing\/2022\/12\/23\/audi-leva-experiencia-de-realidade-virtual-a-ces-2023\/","og_locale":"pt_BR","og_type":"article","og_title":"Audi leva experi\u00eancia de Realidade Virtual \u00e0 CES 2023 - CidadeMarketing","og_description":"A Audi anunciou na Consumer Eletronic Show (CES) em 2019 que transformaria seus ve\u00edculos em uma plataforma de experi\u00eancia de Realidade Virtual (VR). Agora, a marca das quatro argolas mostrar\u00e1 ao p\u00fablico na pr\u00f3xima edi\u00e7\u00e3o do evento, que ocorre em Las Vegas (EUA) entre os dias 5 e 8 de janeiro, as suas inova\u00e7\u00f5es no [&hellip;]","og_url":"https:\/\/www.cidademarketing.com.br\/marketing\/2022\/12\/23\/audi-leva-experiencia-de-realidade-virtual-a-ces-2023\/","og_site_name":"CidadeMarketing","article_publisher":"https:\/\/www.facebook.com\/portalcidademarketing","article_author":"https:\/\/www.facebook.com\/thalesbrandao","article_published_time":"2022-12-23T20:14:35+00:00","og_image":[{"width":1680,"height":1120,"url":"https:\/\/www.cidademarketing.com.br\/marketing\/wp-content\/uploads\/2022\/12\/audi_tecnologia.jpg","type":"image\/jpeg"}],"author":"Thales Brand\u00e3o","twitter_card":"summary_large_image","twitter_creator":"@http:\/\/www.twitter.com\/thalesbrandao","twitter_site":"@CidadeMarketing","twitter_misc":{"Escrito por":"Thales Brand\u00e3o","Est. tempo de leitura":"4 minutos"},"schema":{"@context":"https:\/\/schema.org","@graph":[{"@type":"Article","@id":"https:\/\/www.cidademarketing.com.br\/marketing\/2022\/12\/23\/audi-leva-experiencia-de-realidade-virtual-a-ces-2023\/#article","isPartOf":{"@id":"https:\/\/www.cidademarketing.com.br\/marketing\/2022\/12\/23\/audi-leva-experiencia-de-realidade-virtual-a-ces-2023\/"},"author":{"name":"Thales Brand\u00e3o","@id":"https:\/\/www.cidademarketing.com.br\/marketing\/#\/schema\/person\/02daff9f18bd9378c9e01eb6b2db155f"},"headline":"Audi leva experi\u00eancia de Realidade Virtual \u00e0 CES 2023","datePublished":"2022-12-23T20:14:35+00:00","mainEntityOfPage":{"@id":"https:\/\/www.cidademarketing.com.br\/marketing\/2022\/12\/23\/audi-leva-experiencia-de-realidade-virtual-a-ces-2023\/"},"wordCount":837,"commentCount":0,"publisher":{"@id":"https:\/\/www.cidademarketing.com.br\/marketing\/#organization"},"image":{"@id":"https:\/\/www.cidademarketing.com.br\/marketing\/2022\/12\/23\/audi-leva-experiencia-de-realidade-virtual-a-ces-2023\/#primaryimage"},"thumbnailUrl":"https:\/\/www.cidademarketing.com.br\/marketing\/wp-content\/uploads\/2022\/12\/audi_tecnologia.jpg","keywords":["Audi","CES 2023","estrat\u00e9gia","inova\u00e7\u00e3o","marketing","tecnologia"],"articleSection":["Not\u00edcias"],"inLanguage":"pt-BR","potentialAction":[{"@type":"CommentAction","name":"Comment","target":["https:\/\/www.cidademarketing.com.br\/marketing\/2022\/12\/23\/audi-leva-experiencia-de-realidade-virtual-a-ces-2023\/#respond"]}]},{"@type":"WebPage","@id":"https:\/\/www.cidademarketing.com.br\/marketing\/2022\/12\/23\/audi-leva-experiencia-de-realidade-virtual-a-ces-2023\/","url":"https:\/\/www.cidademarketing.com.br\/marketing\/2022\/12\/23\/audi-leva-experiencia-de-realidade-virtual-a-ces-2023\/","name":"Audi leva experi\u00eancia de Realidade Virtual \u00e0 CES 2023 - CidadeMarketing","isPartOf":{"@id":"https:\/\/www.cidademarketing.com.br\/marketing\/#website"},"primaryImageOfPage":{"@id":"https:\/\/www.cidademarketing.com.br\/marketing\/2022\/12\/23\/audi-leva-experiencia-de-realidade-virtual-a-ces-2023\/#primaryimage"},"image":{"@id":"https:\/\/www.cidademarketing.com.br\/marketing\/2022\/12\/23\/audi-leva-experiencia-de-realidade-virtual-a-ces-2023\/#primaryimage"},"thumbnailUrl":"https:\/\/www.cidademarketing.com.br\/marketing\/wp-content\/uploads\/2022\/12\/audi_tecnologia.jpg","datePublished":"2022-12-23T20:14:35+00:00","breadcrumb":{"@id":"https:\/\/www.cidademarketing.com.br\/marketing\/2022\/12\/23\/audi-leva-experiencia-de-realidade-virtual-a-ces-2023\/#breadcrumb"},"inLanguage":"pt-BR","potentialAction":[{"@type":"ReadAction","target":["https:\/\/www.cidademarketing.com.br\/marketing\/2022\/12\/23\/audi-leva-experiencia-de-realidade-virtual-a-ces-2023\/"]}]},{"@type":"ImageObject","inLanguage":"pt-BR","@id":"https:\/\/www.cidademarketing.com.br\/marketing\/2022\/12\/23\/audi-leva-experiencia-de-realidade-virtual-a-ces-2023\/#primaryimage","url":"https:\/\/www.cidademarketing.com.br\/marketing\/wp-content\/uploads\/2022\/12\/audi_tecnologia.jpg","contentUrl":"https:\/\/www.cidademarketing.com.br\/marketing\/wp-content\/uploads\/2022\/12\/audi_tecnologia.jpg","width":1680,"height":1120,"caption":"Audi is the first car manufacturer in the world to bring virtual reality entertainment by holoride to series production."},{"@type":"BreadcrumbList","@id":"https:\/\/www.cidademarketing.com.br\/marketing\/2022\/12\/23\/audi-leva-experiencia-de-realidade-virtual-a-ces-2023\/#breadcrumb","itemListElement":[{"@type":"ListItem","position":1,"name":"In\u00edcio","item":"https:\/\/www.cidademarketing.com.br\/marketing\/"},{"@type":"ListItem","position":2,"name":"Audi leva experi\u00eancia de Realidade Virtual \u00e0 CES 2023"}]},{"@type":"WebSite","@id":"https:\/\/www.cidademarketing.com.br\/marketing\/#website","url":"https:\/\/www.cidademarketing.com.br\/marketing\/","name":"CidadeMarketing","description":"Somos um ve\u00edculo de comunica\u00e7\u00e3o de destaque no Brasil, reconhecido por conte\u00fados nos segmentos de marketing, empreendedorismo e inova\u00e7\u00e3o.","publisher":{"@id":"https:\/\/www.cidademarketing.com.br\/marketing\/#organization"},"alternateName":"CidadeMarketing","potentialAction":[{"@type":"SearchAction","target":{"@type":"EntryPoint","urlTemplate":"https:\/\/www.cidademarketing.com.br\/marketing\/?s={search_term_string}"},"query-input":{"@type":"PropertyValueSpecification","valueRequired":true,"valueName":"search_term_string"}}],"inLanguage":"pt-BR"},{"@type":"Organization","@id":"https:\/\/www.cidademarketing.com.br\/marketing\/#organization","name":"CidadeMarketing","alternateName":"CidadeMarketing","url":"https:\/\/www.cidademarketing.com.br\/marketing\/","logo":{"@type":"ImageObject","inLanguage":"pt-BR","@id":"https:\/\/www.cidademarketing.com.br\/marketing\/#\/schema\/logo\/image\/","url":"https:\/\/www.cidademarketing.com.br\/marketing\/wp-content\/uploads\/2020\/01\/cidademarketing_marca_mobile.png","contentUrl":"https:\/\/www.cidademarketing.com.br\/marketing\/wp-content\/uploads\/2020\/01\/cidademarketing_marca_mobile.png","width":230,"height":92,"caption":"CidadeMarketing"},"image":{"@id":"https:\/\/www.cidademarketing.com.br\/marketing\/#\/schema\/logo\/image\/"},"sameAs":["https:\/\/www.facebook.com\/portalcidademarketing","https:\/\/x.com\/CidadeMarketing","https:\/\/www.instagram.com\/cidademarketing\/"]},{"@type":"Person","@id":"https:\/\/www.cidademarketing.com.br\/marketing\/#\/schema\/person\/02daff9f18bd9378c9e01eb6b2db155f","name":"Thales Brand\u00e3o","image":{"@type":"ImageObject","inLanguage":"pt-BR","@id":"https:\/\/secure.gravatar.com\/avatar\/7ca3206950207cc3cb48feec56a8a7898741ab725c368d99d5d7a5a50aab80c6?s=96&d=mm&r=g","url":"https:\/\/secure.gravatar.com\/avatar\/7ca3206950207cc3cb48feec56a8a7898741ab725c368d99d5d7a5a50aab80c6?s=96&d=mm&r=g","contentUrl":"https:\/\/secure.gravatar.com\/avatar\/7ca3206950207cc3cb48feec56a8a7898741ab725c368d99d5d7a5a50aab80c6?s=96&d=mm&r=g","caption":"Thales Brand\u00e3o"},"description":"Editor Executivo do Portal CidadeMarketing.com.br &gt; Mestre em Comunica\u00e7\u00e3o e Sociedade pela Universidade Federal de Sergipe. Possui MBA Executivo em Administra\u00e7\u00e3o com \u00eanfase em Marketing pela Funda\u00e7\u00e3o Get\u00falio Vargas - Rio de Janeiro. Consultor, Palestrante e Pesquisador sobre Empreendedorismo, Marketing, Redes Sociais e Neg\u00f3cios Digitais. Professor, Palestrante TedxTalks e Campus Party. Twitter: @ThalesBrandao","sameAs":["http:\/\/www.mandacaru.com.br","https:\/\/www.facebook.com\/thalesbrandao","http:\/\/www.instagram.com.br\/thalesbrandaoferreira","https:\/\/www.linkedin.com\/in\/thales-brand\u00e3o-3948609\/","https:\/\/x.com\/http:\/\/www.twitter.com\/thalesbrandao"],"url":"https:\/\/www.cidademarketing.com.br\/marketing\/author\/thalesbrandao\/"}]}},"amp_enabled":true,"_links":{"self":[{"href":"https:\/\/www.cidademarketing.com.br\/marketing\/wp-json\/wp\/v2\/posts\/41774","targetHints":{"allow":["GET"]}}],"collection":[{"href":"https:\/\/www.cidademarketing.com.br\/marketing\/wp-json\/wp\/v2\/posts"}],"about":[{"href":"https:\/\/www.cidademarketing.com.br\/marketing\/wp-json\/wp\/v2\/types\/post"}],"author":[{"embeddable":true,"href":"https:\/\/www.cidademarketing.com.br\/marketing\/wp-json\/wp\/v2\/users\/1"}],"replies":[{"embeddable":true,"href":"https:\/\/www.cidademarketing.com.br\/marketing\/wp-json\/wp\/v2\/comments?post=41774"}],"version-history":[{"count":1,"href":"https:\/\/www.cidademarketing.com.br\/marketing\/wp-json\/wp\/v2\/posts\/41774\/revisions"}],"predecessor-version":[{"id":41776,"href":"https:\/\/www.cidademarketing.com.br\/marketing\/wp-json\/wp\/v2\/posts\/41774\/revisions\/41776"}],"wp:featuredmedia":[{"embeddable":true,"href":"https:\/\/www.cidademarketing.com.br\/marketing\/wp-json\/wp\/v2\/media\/41775"}],"wp:attachment":[{"href":"https:\/\/www.cidademarketing.com.br\/marketing\/wp-json\/wp\/v2\/media?parent=41774"}],"wp:term":[{"taxonomy":"category","embeddable":true,"href":"https:\/\/www.cidademarketing.com.br\/marketing\/wp-json\/wp\/v2\/categories?post=41774"},{"taxonomy":"post_tag","embeddable":true,"href":"https:\/\/www.cidademarketing.com.br\/marketing\/wp-json\/wp\/v2\/tags?post=41774"}],"curies":[{"name":"wp","href":"https:\/\/api.w.org\/{rel}","templated":true}]}}