{"id":41670,"date":"2022-12-20T10:50:09","date_gmt":"2022-12-20T13:50:09","guid":{"rendered":"https:\/\/www.cidademarketing.com.br\/marketing\/?p=41670"},"modified":"2022-12-20T10:50:09","modified_gmt":"2022-12-20T13:50:09","slug":"pao-de-acucar-apresenta-o-cardapio-para-as-ceias-de-fim-de-ano","status":"publish","type":"post","link":"https:\/\/www.cidademarketing.com.br\/marketing\/2022\/12\/20\/pao-de-acucar-apresenta-o-cardapio-para-as-ceias-de-fim-de-ano\/","title":{"rendered":"P\u00e3o de A\u00e7\u00facar apresenta o card\u00e1pio para as Ceias de Fim de Ano"},"content":{"rendered":"<p>Para celebrar as festas de fim de ano, o P\u00e3o de A\u00e7\u00facar apresenta o card\u00e1pio para Natal e Ano Novo, com ceias saborosas para que os clientes possam unir praticidade e qualidade em um momento t\u00e3o especial de comemora\u00e7\u00e3o e reencontro com as pessoas queridas. Este ano, a rede apresenta o Especial de Natal celebrando que felicidade pode ser reunir todo mundo no final de ano, e, para ajudar a despertar a magia desta \u00e9poca de celebra\u00e7\u00f5es, a rede oferece seis menus completos, sendo um deles vegetariano, al\u00e9m de um card\u00e1pio com op\u00e7\u00f5es de aperitivos, entradas, acompanhamentos e pratos principais para quem prefere compor a sua pr\u00f3pria ceia. As ceias e o menu completos podem ser conferidos no Especial de Natal e, pelo link, o cliente pode fazer sua encomenda e retirar na loja de prefer\u00eancia: <a href=\"https:\/\/folhetos.paodeacucar.com\/especiais\/especial-natal\/index.html\" target=\"_blank\" rel=\"noopener\">https:\/\/folhetos.paodeacucar.com\/especiais\/especial-natal\/index.html<\/a>.<\/p>\n<p><iframe title=\"Spotify Embed: Podcast CidadeMarketing\" style=\"border-radius: 12px\" width=\"100%\" height=\"152\" frameborder=\"0\" allowfullscreen allow=\"autoplay; clipboard-write; encrypted-media; fullscreen; picture-in-picture\" loading=\"lazy\" src=\"https:\/\/open.spotify.com\/embed\/show\/4khMKzP3FgFRWVwb73xicc?si=252fe5bff2b34909&#038;utm_source=oembed\"><\/iframe><\/p>\n<p>Os pedidos devem ser feitos com pelo menos 48 horas de anteced\u00eancia, tanto no e-commerce quanto na loja f\u00edsica. Dessa forma, para a ceia de Natal as encomendas podem ser realizadas at\u00e9 dia 21\/12, j\u00e1 para o Ano Novo, at\u00e9 as 12h do dia 28\/12. Para retirar a encomenda, basta passar na Rotisserie da Loja do P\u00e3o de A\u00e7\u00facar selecionada, na data e hor\u00e1rio agendados, com o n\u00famero do pedido.<\/p>\n<p>Al\u00e9m dos pratos tradicionais de fim de ano, como, lombo recheado, peru recheado, pernil, pernil su\u00edno fatiado, chester, bacalhau \u00e0 gomes de s\u00e1, tender com abacaxi e ameixa, salpic\u00e3o de peito de peru, a rede traz novamente uma op\u00e7\u00e3o de kit vegetariano, que conta com rost vegetariano, caponata especial, legumes r\u00fasticos, mix de cogumelos e petit pois e farofa de coco, maracuj\u00e1, damasco e granola.<\/p>\n<p>S\u00e3o seis op\u00e7\u00f5es de ceias completas (pre\u00e7os v\u00e1lidos para o Rio de Janeiro):<\/p>\n<p>Ceia Uni\u00e3o, serve de 8 a 10 pessoas, tem um peru com frutas frescas (aproximadamente 3kg), pernil su\u00edno fatiado (1,5kg), salpic\u00e3o de peito de peru (800g), arroz com mix de cogumelos (1kg), farofa de azeitona e lingui\u00e7a (600g) e pur\u00ea de ma\u00e7\u00e3 (360g) por R$ 849,90 ou R$ 719,90 para Cliente Mais (R$ 71,99 por pessoa) Ceia Cl\u00e1ssica, que serve de 6 a 8 pessoas, tem uma ave natalina recheada (aproximadamente 2,7kg), um tender com abacaxi e ameixa (aproximadamente 1,1kg), salpic\u00e3o com peito de peru (700g), farofa de coco, maracuj\u00e1, damasco e granola (600g) e arroz com frutas secas e castanhas (800g) por R$ 799,90 ou R$ 679,90 para Cliente Mais (R$ 84,99 por pessoa); Ceia Boas Festas, serve de 6 a 8 pessoas, com um lombo recheado com calabresa, provolone e farofa de azeitona e lingui\u00e7a defumada (aproximadamente 1,5kg), bacalhau \u00e0 Gomes de S\u00e1 (1,5kg), salada verde com figo, gorgonzola e pecan (580g), caponata especial (600g) e arroz com mix de cogumelos e petit pois (800g) por R$ 419,00 ou R$ 379,90 para Cliente Mais (R$ 47,49 por pessoa); Ceia Prosperidade, serve de 4 a 6 pessoas, com um kit de involtini de frango \u00e0 indiana (2kg), bolinho de bacalhau portugu\u00eas (270g), salada da Lu\u00edza (380g), arroz com frutas secas e castanhas (600g) e farofa de coco, maracuj\u00e1, damasco e granola (500g) por R$ 699,90 ou R$ 499,90 para Cliente Mais (R$ 83,32 por pessoa); Ceia Vegetariana, serve de 4 a 6 pessoas, com um kit composto por rosti vegetariano (aproximadamente 18 bolinhos ou 1,245kg), caponata especial (300g), legumes r\u00fasticos (600g), arroz com mix de cogumelos e petit pois (600g) e farofa de coco, maracuj\u00e1, damasco e granola (300g) por R$ 399,90 ou R$ 299,90 para Cliente Mais (R$ 49,98 por pessoa); Ceia Especial, serve de 4 a 6 pessoas, \u00e9 composta por um kit de meatloaf com batata sanfonada ao dry rub (1,07kg), cestinhas de camar\u00e3o com requeij\u00e3o (6 unidades ou 50g cada), ravi\u00f3li de b\u00fafala com molho cass\u00e9 (1 kg), arroz com mix de cogumelos e petit pois (600g) e farofa de azeitonas e lingui\u00e7a defumada (400g) por R$ 649,90 ou R$ 449,90 para Cliente Mais (R$ 74,98 por pessoa).<\/p>\n<p>Ainda, este ano o P\u00e3o de A\u00e7\u00facar traz op\u00e7\u00f5es de combinados especiais de sushi, que s\u00e3o fresquinhos e produzidos nas lojas, para quem quer surpreender os convidados e convidadas com um card\u00e1pio inovador em 2022. Al\u00e9m das op\u00e7\u00f5es especiais de final de ano, todos os itens do Espa\u00e7o Sushi das lojas da rede t\u00eam 20% de desconto de sexta a domingo, basta o cliente ativar a oferta no aplicativo P\u00e3o de A\u00e7\u00facar Mais.<\/p>\n<p>Para completar a ceia de um jeito inesquec\u00edvel, o P\u00e3o de A\u00e7\u00facar tamb\u00e9m traz op\u00e7\u00f5es deliciosas de sobremesas de fabrica\u00e7\u00e3o pr\u00f3pria, feitos na padaria das lojas: Bolo de nozes (100g por R$ 8,99 ou R$ 8,29 para Cliente Mais); Naked cake com frutas vermelhas (kg por R$ 99,90 ou R$ 79,90 para Cliente Mais); Bolo cristal vermelho com frutas (kg por R$ 99,90 ou R$ 79,90 para Cliente Mais); Bolo de chocolate com am\u00eandoas (kg por R$ 79,90 ou R$ 69,90 para Cliente Mais); Torta assada de mirtilo com am\u00eandoas (kg por R$ 139,90 ou R$ 98,90 para Cliente Mais); Ta\u00e7a magn\u00edfico de coco e am\u00eandoas (unidade por R$ 119,90 ou R$ 93,90 para Cliente Mais); Torta na ta\u00e7a morangoffe (unidade por R$ 99,90 ou R$ 87,90 para Cliente mais); e Rosca especial com am\u00eandoas (400g por R$ 39,90 ou R$ 34,90 para Cliente Mais). Al\u00e9m disso, a padaria do P\u00e3o de A\u00e7\u00facar tamb\u00e9m apresenta novidades de fabrica\u00e7\u00e3o pr\u00f3pria: Panetone de frutas (400g por R$ 13,90 ou R$ 12,49 para Cliente Mais); Panetone gotas de chocolate (400g por R$ 13,90 ou R$ 12,49 para Cliente Mais); Panetone de brigadeiro belga (600g por R$ 49,90 ou R$ 39,90 para Cliente Mais); e Panetone de frutas secas especial (650g por R$ 49,90 ou R$ 44,90 para Cliente Mais).<\/p>\n<p>Ceia Especial<\/p>\n<p>Confira abaixo o card\u00e1pio completo das ceias:<\/p>\n<p>Aperitivos<br \/>\nRabanada (100g por R$ 6,99 ou R$ 6,59 para Cliente Mais);<br \/>\nCestinha de Camar\u00e3o ao Requeij\u00e3o (50g por R$ 29,90 ou R$ 17,90 para Cliente Mais);<br \/>\nT\u00e1bua de Queijos Gourmet (350g por 49,90 ou R$ 46,99 para Cliente Mais);<br \/>\nAzeitona preta azapa Qualit\u00e1 (250g por R$ 17,90 ou R$ 16,90 para Cliente Mais);<br \/>\nAzeitona verde recheada Qualit\u00e1 (250g por R$ 19,90 ou R$ 18,90 para Cliente Mais);<br \/>\nAzeitona preta portuguesa Qualit\u00e1 (250g por R$ 17,90 ou R$ 16,90 para Cliente Mais);<br \/>\nAzeitona verde gordal Qualit\u00e1 (250g por R$ 19,90 ou R$ 18,90 para Cliente Mais);<br \/>\nMix de Antepastos \u00c1rabes (560g por 149,90 ou R$ 99,90 para Cliente Mais); e<br \/>\nBolinho de bacalhau importado (100g por R$ 14,99 ou R$ 12,00 para Cliente Mais).<\/p>\n<p>Entrada<br \/>\nSalada verde com figo, gorgonzola e pec\u00e3 caramelizada (1kg por R$ 159,90 ou R$ 89,90 para Cliente Mais);<br \/>\nCuscuz com legumes e alcachofra ao pesto (1kg R$ 69,90 ou R$ 62,90)<br \/>\nBolo salgado P\u00e3o de A\u00e7\u00facar (unidade por R$ 69,90 ou R$ 59,90 para Cliente Mais);<br \/>\nSalpic\u00e3o de peito de peru (100g por R$ 9,99 ou R$ 7,99 para Cliente Mais);<br \/>\nSalada da Lu\u00edza (100g por R$ 11,99 ou R$ 7,99 para Cliente Mais);<br \/>\nCaponata especial (100g por R$ 9,99 ou R$ 7,99 para Cliente Mais);<br \/>\nLegumes r\u00fasticos (100g por R$ 4,99 ou R$ 4,59 para Cliente Mais); e<br \/>\nRosti vegetariano (kg por R$ 189,90 ou R$ 159,90 para Cliente Mais).<\/p>\n<p>Acompanhamento<br \/>\nArroz com mix de cogumelos e petit-pois (1kg por R$ 69,90 ou R$ 62,90 para Cliente Mais)<br \/>\nArroz com frutas secas e castanhas (100g por R$ 9,99 ou R$ 7,99 para Cliente Mais)<br \/>\nPur\u00ea de ma\u00e7\u00e3 (100g por R$ 12,99 ou R$ 8,99 para Cliente Mais);<br \/>\nFarofa com azeitonas e lingui\u00e7a defumada (100g por R$ 4,99 ou R$ 4,69 para Cliente Mais);<br \/>\nFarofa de Coco, Maracuj\u00e1, Damasco e Granola (100g por R$ 6,99 ou R$ 6,79 para Cliente Mais);<br \/>\nMolho crocante de frutas secas (100g por R$ 8,99 ou R$ 7,99 para Cliente Mais);<br \/>\nMolho de cebolinha e alecrim (100g por R$ 9,59 ou R$ R$ 7,49 para Cliente Mais);<br \/>\nRavi\u00f3li de b\u00fafala com molho cass\u00e9 (100g por R$ 10,99 ou R$ 8,99 para Cliente Mais); e<br \/>\nLasanha de bacalhau com gorgonzola (100g por R$ 7,99 ou R$ 7,79 para Cliente Mais).<\/p>\n<p>Prato Principal<br \/>\nTender com abacaxi e ameixa (1kg por R$ 149,90 ou R$ 139,90 para Cliente Mais);<br \/>\nBacalhau \u00e0 Gomes de S\u00e1 (100g por R$ 21,99 ou R$ 18,99 para Cliente Mais);<br \/>\nPorqueta \u00e0 pururuca (1kg por R$ 199,90 ou R$ 179,90 para Cliente Mais);<br \/>\nPeru com frutas frescas (100g por R$ 12,99 ou R$ 9,99 para Cliente Mais);<br \/>\nAve natalina recheada com quinoa e maracuj\u00e1 (1kg por R$ 199,90 ou R$ 169,90 para Cliente Mais);<br \/>\nEnvoltini de frango \u00e0 indiana (1kg por R$ 199,90 ou R$ 179,90 pra Cliente Mais);<br \/>\nMeatloaf com batata sanfonada ao dry rub (1kg por R$ 189,90 ou R$ 159,90 para Cliente Mais);<br \/>\nPernil desossado assado ao alho e alecrim (100g por R$ 19,99 ou R$ 17,99 para Cliente Mais);<br \/>\nLombo recheado com farofa (100g por R$ 14,99 ou R$ 13,99 pra Cliente Mais).<\/p>\n<p>Menus Completos<\/p>\n<p>Ceia Uni\u00e3o (8 a 10 pessoas)<br \/>\npor R$ 849,90 ou R$ 719,90 para Cliente Mais (R$ 71,99 por pessoa)<\/p>\n<p>3kg de peru com frutas frescas<br \/>\n1,5kg de pernil su\u00edno<br \/>\n1kg de arroz com mix de cogumelos<br \/>\n600g de farofa de azeitona e lingui\u00e7a defumada<br \/>\n800g de salpic\u00e3o de peito de peru<br \/>\n360g de pur\u00ea de ma\u00e7\u00e3<\/p>\n<p>Ceia Cl\u00e1ssica (6 a 8 pessoas)<br \/>\npor R$ 799,90 ou R$ 679,90 para Cliente Mais (R$ 84,99 por pessoa)<\/p>\n<p>2,7 kg de ave natalina recheada<br \/>\n1,1kg de tender com abacaxi e ameixa<br \/>\n700g de salpic\u00e3o de peito de peru<br \/>\n600g de farofa de coco, maracuj\u00e1, damasco e granola<br \/>\n800g de arroz com frutas secas e castanhas<\/p>\n<p>Ceia Boas Festas (6 a 8 pessoas)<br \/>\npor R$ 419,00 ou R$ 379,90 para Cliente Mais (R$ 47,49 por pessoa)<\/p>\n<p>1,58kg de lombo recheado com calabresa, provolone e farofa de azeitona e lingui\u00e7a<br \/>\n1,5 de bacalhau \u00e0 Gomes de S\u00e1<br \/>\n580g de salada verde com figo, gorgonzola e nozes-pec\u00e3<br \/>\n600g de caponata<br \/>\n800g de arroz com mix de cogumelos e petit pois<\/p>\n<p>Ceia Prosperidade (4 a 6 pessoas)<br \/>\npor R$ 699,90 ou R$ 499,90 para Cliente Mais (R$ 83,32 por pessoa)<\/p>\n<p>2kg de envoltini de frango \u00e0 indiana<br \/>\n270g de bolinho de bacalhau portugu\u00eas<br \/>\n380g da Salada da Lu\u00edza<br \/>\n600g de arroz com frutas secas e castanhas<br \/>\n500g de farofa de coco, maracuj\u00e1, damasco e granola<\/p>\n<p>Ceia Vegetaria (4 a 6 pessoas)<br \/>\npor R$ 399,90 ou R$ 299,90 para Cliente Mais (R$ 49,98 por pessoa)<\/p>\n<p>1,245kg de rost vegetariano<br \/>\n300g de caponata especial<br \/>\n600g de legumes r\u00fasticos<br \/>\n600g arroz com mix de cogumelos e petit pois<br \/>\n300g farofa de coco, maracuj\u00e1, damasco e granola<\/p>\n<p>Ceia Especial (4 a 6 pessoas)<br \/>\npor R$ 649,90 ou R$ 449,90 para Cliente Mais (R$ 74,98 por pessoa)<\/p>\n<p>1,07kg de meatloaf com batata sanfonada ao dry rub<br \/>\n6 unidades de cestinhas de camar\u00e3o com requeij\u00e3o<br \/>\n1kg de ravi\u00f3li de mu\u00e7arela de b\u00fafala com molho cass\u00e9<br \/>\n600g de arroz com mix de cogumelos e petit pois<br \/>\n400g de farofa de azeitonas e lingui\u00e7a defumada<\/p>\n<p>Combos japoneses<br \/>\nCombinado misto (330g por R$ 34,99 ou R$ 32,99 para Cliente Mais);<br \/>\nMegacombinado de salm\u00e3o (440g por R$ 69,99 ou R$ 65,99 para Cliente Mais);<br \/>\nCombinado Tokio (1kg por R$ 98,99 ou R$ 92,99 para Cliente Mais); e<br \/>\nMegacombinado misto (440g por 59,99 ou R$ 55,99 para Cliente Mais).<\/p>\n<p>Sobremesas<br \/>\nBolo de nozes (100g por R$ 8,99 ou R$ 8,29 para Cliente Mais);<br \/>\nNaked cake com frutas vermelhas (kg por R$ 99,90 ou R$ 79,90 para Cliente Mais);<br \/>\nBolo cristal vermelho com frutas (kg por R$ 99,90 ou R$ 79,90 para Cliente Mais);<br \/>\nBolo de chocolate com am\u00eandoas (kg por R$ 79,90 ou R$ 69,90 para Cliente Mais);<br \/>\nTorta assada de mirtilo com am\u00eandoas (kg por R$ 139,90 ou R$ 98,90 para Cliente Mais);<br \/>\nTa\u00e7a magn\u00edfico de coco e am\u00eandoas (unidade por 119,90 ou R$ 93,90 para Cliente Mais);<br \/>\nTorta na ta\u00e7a morangoffe (unidade por R$ 99,90 ou R$ 87,90 para Cliente mais); e<br \/>\nRosca especial com am\u00eandoas (400g por R$ 39,90 ou R$ 34,90 para Cliente Mais);<\/p>\n<p>Panetones<br \/>\nPanetone de frutas (400g por R$ 13,90 ou R$ 12,49 para Cliente Mais);<br \/>\nPanetone gotas de chocolate (400g por R$ 13,90 ou R$ 12,49 para Cliente Mais);<br \/>\nPanetone de brigadeiro belga (600g por R$ 49,90 ou R$ 39,90 para Cliente Mais); e<br \/>\nPanetone de frutas secas especial (650g por R$ 49,90 ou R$ 44,90 para Cliente Mais).<\/p>\n<p><iframe style=\"width: 100%; max-width: 660px; overflow: hidden; background: transparent;\" src=\"https:\/\/embed.podcasts.apple.com\/br\/podcast\/podcast-cidademarketing\/id1371923283\" height=\"450\" frameborder=\"0\" sandbox=\"allow-forms allow-popups allow-same-origin allow-scripts allow-storage-access-by-user-activation allow-top-navigation-by-user-activation\"><\/iframe><\/p>\n","protected":false},"excerpt":{"rendered":"<p>Para celebrar as festas de fim de ano, o P\u00e3o de A\u00e7\u00facar apresenta o card\u00e1pio para Natal e Ano Novo, com ceias saborosas para que os clientes possam unir praticidade e qualidade em um momento t\u00e3o especial de comemora\u00e7\u00e3o e reencontro com as pessoas queridas. Este ano, a rede apresenta o Especial de Natal celebrando [&hellip;]<\/p>\n","protected":false},"author":1,"featured_media":41671,"comment_status":"open","ping_status":"open","sticky":false,"template":"","format":"standard","meta":{"tdm_status":"","tdm_grid_status":"","footnotes":""},"categories":[6],"tags":[65,33,28,669,172],"class_list":["post-41670","post","type-post","status-publish","format-standard","has-post-thumbnail","hentry","category-noticias","tag-campanha","tag-estrategia","tag-marketing","tag-natal","tag-pao-de-acucar"],"yoast_head":"<!-- This site is optimized with the Yoast SEO plugin v27.4 - https:\/\/yoast.com\/product\/yoast-seo-wordpress\/ -->\n<title>P\u00e3o de A\u00e7\u00facar apresenta o card\u00e1pio para as Ceias de Fim de Ano - CidadeMarketing<\/title>\n<meta name=\"robots\" content=\"index, follow, max-snippet:-1, max-image-preview:large, max-video-preview:-1\" \/>\n<link rel=\"canonical\" href=\"https:\/\/www.cidademarketing.com.br\/marketing\/2022\/12\/20\/pao-de-acucar-apresenta-o-cardapio-para-as-ceias-de-fim-de-ano\/\" \/>\n<meta property=\"og:locale\" content=\"pt_BR\" \/>\n<meta property=\"og:type\" content=\"article\" \/>\n<meta property=\"og:title\" content=\"P\u00e3o de A\u00e7\u00facar apresenta o card\u00e1pio para as Ceias de Fim de Ano - CidadeMarketing\" \/>\n<meta property=\"og:description\" content=\"Para celebrar as festas de fim de ano, o P\u00e3o de A\u00e7\u00facar apresenta o card\u00e1pio para Natal e Ano Novo, com ceias saborosas para que os clientes possam unir praticidade e qualidade em um momento t\u00e3o especial de comemora\u00e7\u00e3o e reencontro com as pessoas queridas. Este ano, a rede apresenta o Especial de Natal celebrando [&hellip;]\" \/>\n<meta property=\"og:url\" content=\"https:\/\/www.cidademarketing.com.br\/marketing\/2022\/12\/20\/pao-de-acucar-apresenta-o-cardapio-para-as-ceias-de-fim-de-ano\/\" \/>\n<meta property=\"og:site_name\" content=\"CidadeMarketing\" \/>\n<meta property=\"article:publisher\" content=\"https:\/\/www.facebook.com\/portalcidademarketing\" \/>\n<meta property=\"article:author\" content=\"https:\/\/www.facebook.com\/thalesbrandao\" \/>\n<meta property=\"article:published_time\" content=\"2022-12-20T13:50:09+00:00\" \/>\n<meta property=\"og:image\" content=\"https:\/\/www.cidademarketing.com.br\/marketing\/wp-content\/uploads\/2022\/12\/paodeacucar_ceia_fimdeano.jpg\" \/>\n\t<meta property=\"og:image:width\" content=\"705\" \/>\n\t<meta property=\"og:image:height\" content=\"350\" \/>\n\t<meta property=\"og:image:type\" content=\"image\/jpeg\" \/>\n<meta name=\"author\" content=\"Thales Brand\u00e3o\" \/>\n<meta name=\"twitter:card\" content=\"summary_large_image\" \/>\n<meta name=\"twitter:creator\" content=\"@http:\/\/www.twitter.com\/thalesbrandao\" \/>\n<meta name=\"twitter:site\" content=\"@CidadeMarketing\" \/>\n<meta name=\"twitter:label1\" content=\"Escrito por\" \/>\n\t<meta name=\"twitter:data1\" content=\"Thales Brand\u00e3o\" \/>\n\t<meta name=\"twitter:label2\" content=\"Est. tempo de leitura\" \/>\n\t<meta name=\"twitter:data2\" content=\"10 minutos\" \/>\n<script type=\"application\/ld+json\" class=\"yoast-schema-graph\">{\"@context\":\"https:\\\/\\\/schema.org\",\"@graph\":[{\"@type\":\"Article\",\"@id\":\"https:\\\/\\\/www.cidademarketing.com.br\\\/marketing\\\/2022\\\/12\\\/20\\\/pao-de-acucar-apresenta-o-cardapio-para-as-ceias-de-fim-de-ano\\\/#article\",\"isPartOf\":{\"@id\":\"https:\\\/\\\/www.cidademarketing.com.br\\\/marketing\\\/2022\\\/12\\\/20\\\/pao-de-acucar-apresenta-o-cardapio-para-as-ceias-de-fim-de-ano\\\/\"},\"author\":{\"name\":\"Thales Brand\u00e3o\",\"@id\":\"https:\\\/\\\/www.cidademarketing.com.br\\\/marketing\\\/#\\\/schema\\\/person\\\/02daff9f18bd9378c9e01eb6b2db155f\"},\"headline\":\"P\u00e3o de A\u00e7\u00facar apresenta o card\u00e1pio para as Ceias de Fim de Ano\",\"datePublished\":\"2022-12-20T13:50:09+00:00\",\"mainEntityOfPage\":{\"@id\":\"https:\\\/\\\/www.cidademarketing.com.br\\\/marketing\\\/2022\\\/12\\\/20\\\/pao-de-acucar-apresenta-o-cardapio-para-as-ceias-de-fim-de-ano\\\/\"},\"wordCount\":1973,\"commentCount\":0,\"publisher\":{\"@id\":\"https:\\\/\\\/www.cidademarketing.com.br\\\/marketing\\\/#organization\"},\"image\":{\"@id\":\"https:\\\/\\\/www.cidademarketing.com.br\\\/marketing\\\/2022\\\/12\\\/20\\\/pao-de-acucar-apresenta-o-cardapio-para-as-ceias-de-fim-de-ano\\\/#primaryimage\"},\"thumbnailUrl\":\"https:\\\/\\\/www.cidademarketing.com.br\\\/marketing\\\/wp-content\\\/uploads\\\/2022\\\/12\\\/paodeacucar_ceia_fimdeano.jpg\",\"keywords\":[\"campanha\",\"estrat\u00e9gia\",\"marketing\",\"Natal\",\"p\u00e3o de a\u00e7\u00facar\"],\"articleSection\":[\"Not\u00edcias\"],\"inLanguage\":\"pt-BR\",\"potentialAction\":[{\"@type\":\"CommentAction\",\"name\":\"Comment\",\"target\":[\"https:\\\/\\\/www.cidademarketing.com.br\\\/marketing\\\/2022\\\/12\\\/20\\\/pao-de-acucar-apresenta-o-cardapio-para-as-ceias-de-fim-de-ano\\\/#respond\"]}]},{\"@type\":\"WebPage\",\"@id\":\"https:\\\/\\\/www.cidademarketing.com.br\\\/marketing\\\/2022\\\/12\\\/20\\\/pao-de-acucar-apresenta-o-cardapio-para-as-ceias-de-fim-de-ano\\\/\",\"url\":\"https:\\\/\\\/www.cidademarketing.com.br\\\/marketing\\\/2022\\\/12\\\/20\\\/pao-de-acucar-apresenta-o-cardapio-para-as-ceias-de-fim-de-ano\\\/\",\"name\":\"P\u00e3o de A\u00e7\u00facar apresenta o card\u00e1pio para as Ceias de Fim de Ano - CidadeMarketing\",\"isPartOf\":{\"@id\":\"https:\\\/\\\/www.cidademarketing.com.br\\\/marketing\\\/#website\"},\"primaryImageOfPage\":{\"@id\":\"https:\\\/\\\/www.cidademarketing.com.br\\\/marketing\\\/2022\\\/12\\\/20\\\/pao-de-acucar-apresenta-o-cardapio-para-as-ceias-de-fim-de-ano\\\/#primaryimage\"},\"image\":{\"@id\":\"https:\\\/\\\/www.cidademarketing.com.br\\\/marketing\\\/2022\\\/12\\\/20\\\/pao-de-acucar-apresenta-o-cardapio-para-as-ceias-de-fim-de-ano\\\/#primaryimage\"},\"thumbnailUrl\":\"https:\\\/\\\/www.cidademarketing.com.br\\\/marketing\\\/wp-content\\\/uploads\\\/2022\\\/12\\\/paodeacucar_ceia_fimdeano.jpg\",\"datePublished\":\"2022-12-20T13:50:09+00:00\",\"breadcrumb\":{\"@id\":\"https:\\\/\\\/www.cidademarketing.com.br\\\/marketing\\\/2022\\\/12\\\/20\\\/pao-de-acucar-apresenta-o-cardapio-para-as-ceias-de-fim-de-ano\\\/#breadcrumb\"},\"inLanguage\":\"pt-BR\",\"potentialAction\":[{\"@type\":\"ReadAction\",\"target\":[\"https:\\\/\\\/www.cidademarketing.com.br\\\/marketing\\\/2022\\\/12\\\/20\\\/pao-de-acucar-apresenta-o-cardapio-para-as-ceias-de-fim-de-ano\\\/\"]}]},{\"@type\":\"ImageObject\",\"inLanguage\":\"pt-BR\",\"@id\":\"https:\\\/\\\/www.cidademarketing.com.br\\\/marketing\\\/2022\\\/12\\\/20\\\/pao-de-acucar-apresenta-o-cardapio-para-as-ceias-de-fim-de-ano\\\/#primaryimage\",\"url\":\"https:\\\/\\\/www.cidademarketing.com.br\\\/marketing\\\/wp-content\\\/uploads\\\/2022\\\/12\\\/paodeacucar_ceia_fimdeano.jpg\",\"contentUrl\":\"https:\\\/\\\/www.cidademarketing.com.br\\\/marketing\\\/wp-content\\\/uploads\\\/2022\\\/12\\\/paodeacucar_ceia_fimdeano.jpg\",\"width\":705,\"height\":350,\"caption\":\"Divulga\u00e7\u00e3o\"},{\"@type\":\"BreadcrumbList\",\"@id\":\"https:\\\/\\\/www.cidademarketing.com.br\\\/marketing\\\/2022\\\/12\\\/20\\\/pao-de-acucar-apresenta-o-cardapio-para-as-ceias-de-fim-de-ano\\\/#breadcrumb\",\"itemListElement\":[{\"@type\":\"ListItem\",\"position\":1,\"name\":\"In\u00edcio\",\"item\":\"https:\\\/\\\/www.cidademarketing.com.br\\\/marketing\\\/\"},{\"@type\":\"ListItem\",\"position\":2,\"name\":\"P\u00e3o de A\u00e7\u00facar apresenta o card\u00e1pio para as Ceias de Fim de Ano\"}]},{\"@type\":\"WebSite\",\"@id\":\"https:\\\/\\\/www.cidademarketing.com.br\\\/marketing\\\/#website\",\"url\":\"https:\\\/\\\/www.cidademarketing.com.br\\\/marketing\\\/\",\"name\":\"CidadeMarketing\",\"description\":\"Somos um ve\u00edculo de comunica\u00e7\u00e3o de destaque no Brasil, reconhecido por conte\u00fados nos segmentos de marketing, empreendedorismo e inova\u00e7\u00e3o.\",\"publisher\":{\"@id\":\"https:\\\/\\\/www.cidademarketing.com.br\\\/marketing\\\/#organization\"},\"alternateName\":\"CidadeMarketing\",\"potentialAction\":[{\"@type\":\"SearchAction\",\"target\":{\"@type\":\"EntryPoint\",\"urlTemplate\":\"https:\\\/\\\/www.cidademarketing.com.br\\\/marketing\\\/?s={search_term_string}\"},\"query-input\":{\"@type\":\"PropertyValueSpecification\",\"valueRequired\":true,\"valueName\":\"search_term_string\"}}],\"inLanguage\":\"pt-BR\"},{\"@type\":\"Organization\",\"@id\":\"https:\\\/\\\/www.cidademarketing.com.br\\\/marketing\\\/#organization\",\"name\":\"CidadeMarketing\",\"alternateName\":\"CidadeMarketing\",\"url\":\"https:\\\/\\\/www.cidademarketing.com.br\\\/marketing\\\/\",\"logo\":{\"@type\":\"ImageObject\",\"inLanguage\":\"pt-BR\",\"@id\":\"https:\\\/\\\/www.cidademarketing.com.br\\\/marketing\\\/#\\\/schema\\\/logo\\\/image\\\/\",\"url\":\"https:\\\/\\\/www.cidademarketing.com.br\\\/marketing\\\/wp-content\\\/uploads\\\/2020\\\/01\\\/cidademarketing_marca_mobile.png\",\"contentUrl\":\"https:\\\/\\\/www.cidademarketing.com.br\\\/marketing\\\/wp-content\\\/uploads\\\/2020\\\/01\\\/cidademarketing_marca_mobile.png\",\"width\":230,\"height\":92,\"caption\":\"CidadeMarketing\"},\"image\":{\"@id\":\"https:\\\/\\\/www.cidademarketing.com.br\\\/marketing\\\/#\\\/schema\\\/logo\\\/image\\\/\"},\"sameAs\":[\"https:\\\/\\\/www.facebook.com\\\/portalcidademarketing\",\"https:\\\/\\\/x.com\\\/CidadeMarketing\",\"https:\\\/\\\/www.instagram.com\\\/cidademarketing\\\/\"]},{\"@type\":\"Person\",\"@id\":\"https:\\\/\\\/www.cidademarketing.com.br\\\/marketing\\\/#\\\/schema\\\/person\\\/02daff9f18bd9378c9e01eb6b2db155f\",\"name\":\"Thales Brand\u00e3o\",\"image\":{\"@type\":\"ImageObject\",\"inLanguage\":\"pt-BR\",\"@id\":\"https:\\\/\\\/secure.gravatar.com\\\/avatar\\\/7ca3206950207cc3cb48feec56a8a7898741ab725c368d99d5d7a5a50aab80c6?s=96&d=mm&r=g\",\"url\":\"https:\\\/\\\/secure.gravatar.com\\\/avatar\\\/7ca3206950207cc3cb48feec56a8a7898741ab725c368d99d5d7a5a50aab80c6?s=96&d=mm&r=g\",\"contentUrl\":\"https:\\\/\\\/secure.gravatar.com\\\/avatar\\\/7ca3206950207cc3cb48feec56a8a7898741ab725c368d99d5d7a5a50aab80c6?s=96&d=mm&r=g\",\"caption\":\"Thales Brand\u00e3o\"},\"description\":\"Editor Executivo do Portal CidadeMarketing.com.br &gt; Mestre em Comunica\u00e7\u00e3o e Sociedade pela Universidade Federal de Sergipe. Possui MBA Executivo em Administra\u00e7\u00e3o com \u00eanfase em Marketing pela Funda\u00e7\u00e3o Get\u00falio Vargas - Rio de Janeiro. Consultor, Palestrante e Pesquisador sobre Empreendedorismo, Marketing, Redes Sociais e Neg\u00f3cios Digitais. Professor, Palestrante TedxTalks e Campus Party. Twitter: @ThalesBrandao\",\"sameAs\":[\"http:\\\/\\\/www.mandacaru.com.br\",\"https:\\\/\\\/www.facebook.com\\\/thalesbrandao\",\"http:\\\/\\\/www.instagram.com.br\\\/thalesbrandaoferreira\",\"https:\\\/\\\/www.linkedin.com\\\/in\\\/thales-brand\u00e3o-3948609\\\/\",\"https:\\\/\\\/x.com\\\/http:\\\/\\\/www.twitter.com\\\/thalesbrandao\"],\"url\":\"https:\\\/\\\/www.cidademarketing.com.br\\\/marketing\\\/author\\\/thalesbrandao\\\/\"}]}<\/script>\n<!-- \/ Yoast SEO plugin. -->","yoast_head_json":{"title":"P\u00e3o de A\u00e7\u00facar apresenta o card\u00e1pio para as Ceias de Fim de Ano - CidadeMarketing","robots":{"index":"index","follow":"follow","max-snippet":"max-snippet:-1","max-image-preview":"max-image-preview:large","max-video-preview":"max-video-preview:-1"},"canonical":"https:\/\/www.cidademarketing.com.br\/marketing\/2022\/12\/20\/pao-de-acucar-apresenta-o-cardapio-para-as-ceias-de-fim-de-ano\/","og_locale":"pt_BR","og_type":"article","og_title":"P\u00e3o de A\u00e7\u00facar apresenta o card\u00e1pio para as Ceias de Fim de Ano - CidadeMarketing","og_description":"Para celebrar as festas de fim de ano, o P\u00e3o de A\u00e7\u00facar apresenta o card\u00e1pio para Natal e Ano Novo, com ceias saborosas para que os clientes possam unir praticidade e qualidade em um momento t\u00e3o especial de comemora\u00e7\u00e3o e reencontro com as pessoas queridas. Este ano, a rede apresenta o Especial de Natal celebrando [&hellip;]","og_url":"https:\/\/www.cidademarketing.com.br\/marketing\/2022\/12\/20\/pao-de-acucar-apresenta-o-cardapio-para-as-ceias-de-fim-de-ano\/","og_site_name":"CidadeMarketing","article_publisher":"https:\/\/www.facebook.com\/portalcidademarketing","article_author":"https:\/\/www.facebook.com\/thalesbrandao","article_published_time":"2022-12-20T13:50:09+00:00","og_image":[{"width":705,"height":350,"url":"https:\/\/www.cidademarketing.com.br\/marketing\/wp-content\/uploads\/2022\/12\/paodeacucar_ceia_fimdeano.jpg","type":"image\/jpeg"}],"author":"Thales Brand\u00e3o","twitter_card":"summary_large_image","twitter_creator":"@http:\/\/www.twitter.com\/thalesbrandao","twitter_site":"@CidadeMarketing","twitter_misc":{"Escrito por":"Thales Brand\u00e3o","Est. tempo de leitura":"10 minutos"},"schema":{"@context":"https:\/\/schema.org","@graph":[{"@type":"Article","@id":"https:\/\/www.cidademarketing.com.br\/marketing\/2022\/12\/20\/pao-de-acucar-apresenta-o-cardapio-para-as-ceias-de-fim-de-ano\/#article","isPartOf":{"@id":"https:\/\/www.cidademarketing.com.br\/marketing\/2022\/12\/20\/pao-de-acucar-apresenta-o-cardapio-para-as-ceias-de-fim-de-ano\/"},"author":{"name":"Thales Brand\u00e3o","@id":"https:\/\/www.cidademarketing.com.br\/marketing\/#\/schema\/person\/02daff9f18bd9378c9e01eb6b2db155f"},"headline":"P\u00e3o de A\u00e7\u00facar apresenta o card\u00e1pio para as Ceias de Fim de Ano","datePublished":"2022-12-20T13:50:09+00:00","mainEntityOfPage":{"@id":"https:\/\/www.cidademarketing.com.br\/marketing\/2022\/12\/20\/pao-de-acucar-apresenta-o-cardapio-para-as-ceias-de-fim-de-ano\/"},"wordCount":1973,"commentCount":0,"publisher":{"@id":"https:\/\/www.cidademarketing.com.br\/marketing\/#organization"},"image":{"@id":"https:\/\/www.cidademarketing.com.br\/marketing\/2022\/12\/20\/pao-de-acucar-apresenta-o-cardapio-para-as-ceias-de-fim-de-ano\/#primaryimage"},"thumbnailUrl":"https:\/\/www.cidademarketing.com.br\/marketing\/wp-content\/uploads\/2022\/12\/paodeacucar_ceia_fimdeano.jpg","keywords":["campanha","estrat\u00e9gia","marketing","Natal","p\u00e3o de a\u00e7\u00facar"],"articleSection":["Not\u00edcias"],"inLanguage":"pt-BR","potentialAction":[{"@type":"CommentAction","name":"Comment","target":["https:\/\/www.cidademarketing.com.br\/marketing\/2022\/12\/20\/pao-de-acucar-apresenta-o-cardapio-para-as-ceias-de-fim-de-ano\/#respond"]}]},{"@type":"WebPage","@id":"https:\/\/www.cidademarketing.com.br\/marketing\/2022\/12\/20\/pao-de-acucar-apresenta-o-cardapio-para-as-ceias-de-fim-de-ano\/","url":"https:\/\/www.cidademarketing.com.br\/marketing\/2022\/12\/20\/pao-de-acucar-apresenta-o-cardapio-para-as-ceias-de-fim-de-ano\/","name":"P\u00e3o de A\u00e7\u00facar apresenta o card\u00e1pio para as Ceias de Fim de Ano - CidadeMarketing","isPartOf":{"@id":"https:\/\/www.cidademarketing.com.br\/marketing\/#website"},"primaryImageOfPage":{"@id":"https:\/\/www.cidademarketing.com.br\/marketing\/2022\/12\/20\/pao-de-acucar-apresenta-o-cardapio-para-as-ceias-de-fim-de-ano\/#primaryimage"},"image":{"@id":"https:\/\/www.cidademarketing.com.br\/marketing\/2022\/12\/20\/pao-de-acucar-apresenta-o-cardapio-para-as-ceias-de-fim-de-ano\/#primaryimage"},"thumbnailUrl":"https:\/\/www.cidademarketing.com.br\/marketing\/wp-content\/uploads\/2022\/12\/paodeacucar_ceia_fimdeano.jpg","datePublished":"2022-12-20T13:50:09+00:00","breadcrumb":{"@id":"https:\/\/www.cidademarketing.com.br\/marketing\/2022\/12\/20\/pao-de-acucar-apresenta-o-cardapio-para-as-ceias-de-fim-de-ano\/#breadcrumb"},"inLanguage":"pt-BR","potentialAction":[{"@type":"ReadAction","target":["https:\/\/www.cidademarketing.com.br\/marketing\/2022\/12\/20\/pao-de-acucar-apresenta-o-cardapio-para-as-ceias-de-fim-de-ano\/"]}]},{"@type":"ImageObject","inLanguage":"pt-BR","@id":"https:\/\/www.cidademarketing.com.br\/marketing\/2022\/12\/20\/pao-de-acucar-apresenta-o-cardapio-para-as-ceias-de-fim-de-ano\/#primaryimage","url":"https:\/\/www.cidademarketing.com.br\/marketing\/wp-content\/uploads\/2022\/12\/paodeacucar_ceia_fimdeano.jpg","contentUrl":"https:\/\/www.cidademarketing.com.br\/marketing\/wp-content\/uploads\/2022\/12\/paodeacucar_ceia_fimdeano.jpg","width":705,"height":350,"caption":"Divulga\u00e7\u00e3o"},{"@type":"BreadcrumbList","@id":"https:\/\/www.cidademarketing.com.br\/marketing\/2022\/12\/20\/pao-de-acucar-apresenta-o-cardapio-para-as-ceias-de-fim-de-ano\/#breadcrumb","itemListElement":[{"@type":"ListItem","position":1,"name":"In\u00edcio","item":"https:\/\/www.cidademarketing.com.br\/marketing\/"},{"@type":"ListItem","position":2,"name":"P\u00e3o de A\u00e7\u00facar apresenta o card\u00e1pio para as Ceias de Fim de Ano"}]},{"@type":"WebSite","@id":"https:\/\/www.cidademarketing.com.br\/marketing\/#website","url":"https:\/\/www.cidademarketing.com.br\/marketing\/","name":"CidadeMarketing","description":"Somos um ve\u00edculo de comunica\u00e7\u00e3o de destaque no Brasil, reconhecido por conte\u00fados nos segmentos de marketing, empreendedorismo e inova\u00e7\u00e3o.","publisher":{"@id":"https:\/\/www.cidademarketing.com.br\/marketing\/#organization"},"alternateName":"CidadeMarketing","potentialAction":[{"@type":"SearchAction","target":{"@type":"EntryPoint","urlTemplate":"https:\/\/www.cidademarketing.com.br\/marketing\/?s={search_term_string}"},"query-input":{"@type":"PropertyValueSpecification","valueRequired":true,"valueName":"search_term_string"}}],"inLanguage":"pt-BR"},{"@type":"Organization","@id":"https:\/\/www.cidademarketing.com.br\/marketing\/#organization","name":"CidadeMarketing","alternateName":"CidadeMarketing","url":"https:\/\/www.cidademarketing.com.br\/marketing\/","logo":{"@type":"ImageObject","inLanguage":"pt-BR","@id":"https:\/\/www.cidademarketing.com.br\/marketing\/#\/schema\/logo\/image\/","url":"https:\/\/www.cidademarketing.com.br\/marketing\/wp-content\/uploads\/2020\/01\/cidademarketing_marca_mobile.png","contentUrl":"https:\/\/www.cidademarketing.com.br\/marketing\/wp-content\/uploads\/2020\/01\/cidademarketing_marca_mobile.png","width":230,"height":92,"caption":"CidadeMarketing"},"image":{"@id":"https:\/\/www.cidademarketing.com.br\/marketing\/#\/schema\/logo\/image\/"},"sameAs":["https:\/\/www.facebook.com\/portalcidademarketing","https:\/\/x.com\/CidadeMarketing","https:\/\/www.instagram.com\/cidademarketing\/"]},{"@type":"Person","@id":"https:\/\/www.cidademarketing.com.br\/marketing\/#\/schema\/person\/02daff9f18bd9378c9e01eb6b2db155f","name":"Thales Brand\u00e3o","image":{"@type":"ImageObject","inLanguage":"pt-BR","@id":"https:\/\/secure.gravatar.com\/avatar\/7ca3206950207cc3cb48feec56a8a7898741ab725c368d99d5d7a5a50aab80c6?s=96&d=mm&r=g","url":"https:\/\/secure.gravatar.com\/avatar\/7ca3206950207cc3cb48feec56a8a7898741ab725c368d99d5d7a5a50aab80c6?s=96&d=mm&r=g","contentUrl":"https:\/\/secure.gravatar.com\/avatar\/7ca3206950207cc3cb48feec56a8a7898741ab725c368d99d5d7a5a50aab80c6?s=96&d=mm&r=g","caption":"Thales Brand\u00e3o"},"description":"Editor Executivo do Portal CidadeMarketing.com.br &gt; Mestre em Comunica\u00e7\u00e3o e Sociedade pela Universidade Federal de Sergipe. Possui MBA Executivo em Administra\u00e7\u00e3o com \u00eanfase em Marketing pela Funda\u00e7\u00e3o Get\u00falio Vargas - Rio de Janeiro. Consultor, Palestrante e Pesquisador sobre Empreendedorismo, Marketing, Redes Sociais e Neg\u00f3cios Digitais. Professor, Palestrante TedxTalks e Campus Party. Twitter: @ThalesBrandao","sameAs":["http:\/\/www.mandacaru.com.br","https:\/\/www.facebook.com\/thalesbrandao","http:\/\/www.instagram.com.br\/thalesbrandaoferreira","https:\/\/www.linkedin.com\/in\/thales-brand\u00e3o-3948609\/","https:\/\/x.com\/http:\/\/www.twitter.com\/thalesbrandao"],"url":"https:\/\/www.cidademarketing.com.br\/marketing\/author\/thalesbrandao\/"}]}},"amp_enabled":true,"_links":{"self":[{"href":"https:\/\/www.cidademarketing.com.br\/marketing\/wp-json\/wp\/v2\/posts\/41670","targetHints":{"allow":["GET"]}}],"collection":[{"href":"https:\/\/www.cidademarketing.com.br\/marketing\/wp-json\/wp\/v2\/posts"}],"about":[{"href":"https:\/\/www.cidademarketing.com.br\/marketing\/wp-json\/wp\/v2\/types\/post"}],"author":[{"embeddable":true,"href":"https:\/\/www.cidademarketing.com.br\/marketing\/wp-json\/wp\/v2\/users\/1"}],"replies":[{"embeddable":true,"href":"https:\/\/www.cidademarketing.com.br\/marketing\/wp-json\/wp\/v2\/comments?post=41670"}],"version-history":[{"count":1,"href":"https:\/\/www.cidademarketing.com.br\/marketing\/wp-json\/wp\/v2\/posts\/41670\/revisions"}],"predecessor-version":[{"id":41672,"href":"https:\/\/www.cidademarketing.com.br\/marketing\/wp-json\/wp\/v2\/posts\/41670\/revisions\/41672"}],"wp:featuredmedia":[{"embeddable":true,"href":"https:\/\/www.cidademarketing.com.br\/marketing\/wp-json\/wp\/v2\/media\/41671"}],"wp:attachment":[{"href":"https:\/\/www.cidademarketing.com.br\/marketing\/wp-json\/wp\/v2\/media?parent=41670"}],"wp:term":[{"taxonomy":"category","embeddable":true,"href":"https:\/\/www.cidademarketing.com.br\/marketing\/wp-json\/wp\/v2\/categories?post=41670"},{"taxonomy":"post_tag","embeddable":true,"href":"https:\/\/www.cidademarketing.com.br\/marketing\/wp-json\/wp\/v2\/tags?post=41670"}],"curies":[{"name":"wp","href":"https:\/\/api.w.org\/{rel}","templated":true}]}}