{"id":41518,"date":"2022-12-15T00:24:35","date_gmt":"2022-12-15T03:24:35","guid":{"rendered":"https:\/\/www.cidademarketing.com.br\/marketing\/?p=41518"},"modified":"2022-12-15T00:24:35","modified_gmt":"2022-12-15T03:24:35","slug":"mantiqueira-adquire-fazenda-da-toca-organicos-e-a-producao-de-graos-da-rizoma-agro","status":"publish","type":"post","link":"https:\/\/www.cidademarketing.com.br\/marketing\/2022\/12\/15\/mantiqueira-adquire-fazenda-da-toca-organicos-e-a-producao-de-graos-da-rizoma-agro\/","title":{"rendered":"Mantiqueira adquire Fazenda da Toca Org\u00e2nicos e a produ\u00e7\u00e3o de gr\u00e3os da Rizoma Agro"},"content":{"rendered":"<p>A Mantiqueira, empresa l\u00edder na produ\u00e7\u00e3o de ovos na Am\u00e9rica do Sul, assinou um acordo para adquirir 100% das quotas da Fazenda da Toca Org\u00e2nicos e a produ\u00e7\u00e3o de gr\u00e3os da Rizoma Agro. A Fazenda da Toca \u00e9 a marca l\u00edder no setor de ovos org\u00e2nicos e reconhecida pelo seu pioneirismo e impacto socioambiental positivo. J\u00e1 a opera\u00e7\u00e3o de gr\u00e3os org\u00e2nicos da Rizoma Agro \u00e9 a maior do pa\u00eds e suas lavouras s\u00e3o altamente produtivas e sequestram carbono. Juntos, os dois ativos s\u00e3o estrat\u00e9gicos para garantir o futuro crescimento do neg\u00f3cio. A transa\u00e7\u00e3o est\u00e1 sujeita a condi\u00e7\u00f5es precedentes e pendente da aprova\u00e7\u00e3o do Conselho Administrativo de Defesa Econ\u00f4mica (CADE).<\/p>\n<p><iframe title=\"Spotify Embed: Podcast CidadeMarketing\" style=\"border-radius: 12px\" width=\"100%\" height=\"152\" frameborder=\"0\" allowfullscreen allow=\"autoplay; clipboard-write; encrypted-media; fullscreen; picture-in-picture\" loading=\"lazy\" src=\"https:\/\/open.spotify.com\/embed\/show\/4khMKzP3FgFRWVwb73xicc?si=252fe5bff2b34909&#038;utm_source=oembed\"><\/iframe><\/p>\n<p>Nos \u00faltimos 15 anos, a Fazenda da Toca Org\u00e2nicos e a Rizoma Agro v\u00eam investindo na produ\u00e7\u00e3o org\u00e2nica em larga escala, provando que \u00e9 poss\u00edvel conciliar produ\u00e7\u00e3o de alimentos com a regenera\u00e7\u00e3o do planeta. A Toca foi a primeira empresa do setor a ser Carbon Free e Certified Humane. Al\u00e9m disso, a empresa recicla 100% de suas embalagens e apoia diversas inciativas sociais, sendo reconhecida pelo Sistema B como Best for the World na categoria Environment.<\/p>\n<p>\u201cTenho muito orgulho da lideran\u00e7a que conquistamos com a Fazenda da Toca e a Rizoma. Quebramos um paradigma ao demonstrar que \u00e9 poss\u00edvel regenerar o planeta produzindo alimento com efici\u00eancia e escala. O neg\u00f3cio cresceu e \u00e9 hora de iniciar um novo ciclo, e a Mantiqueira \u00e9 o parceiro ideal. Gostaria de agradecer imensamente a todos os colaboradores, clientes e parceiros que fizeram parte dessa jornada. A miss\u00e3o segue mais viva do que nunca, pois a Mantiqueira ir\u00e1 ampliar o alcance dos org\u00e2nicos e a gera\u00e7\u00e3o de impacto positivo\u201d, afirma Pedro Paulo Diniz, fundador da Fazenda da Toca Org\u00e2nicos e da Rizoma Agro.<\/p>\n\r\n                <style type=\"text\/css\">\r\n                    \r\n                    #tdi_1  .td-doubleSlider-2 .td-item1 {\r\n                        background: url(https:\/\/www.cidademarketing.com.br\/marketing\/wp-content\/uploads\/2022\/12\/Fazenda-da-Toca-Mantiqueira-Brasil-1-80x60.jpg) 0 0 no-repeat;\r\n                    }\r\n                    #tdi_1  .td-doubleSlider-2 .td-item2 {\r\n                        background: url(https:\/\/www.cidademarketing.com.br\/marketing\/wp-content\/uploads\/2022\/12\/Fazenda-da-Toca-Mantiqueira-Brasil-2-80x60.jpg) 0 0 no-repeat;\r\n                    }\r\n                    #tdi_1  .td-doubleSlider-2 .td-item3 {\r\n                        background: url(https:\/\/www.cidademarketing.com.br\/marketing\/wp-content\/uploads\/2022\/12\/Leandro-Pinto-Mantiqueira-Brasil-1-80x60.jpg) 0 0 no-repeat;\r\n                    }\r\n                    #tdi_1  .td-doubleSlider-2 .td-item4 {\r\n                        background: url(https:\/\/www.cidademarketing.com.br\/marketing\/wp-content\/uploads\/2022\/12\/Leandro-Pinto-Mantiqueira-Brasil-2-80x60.jpg) 0 0 no-repeat;\r\n                    }\r\n                <\/style>\r\n\r\n                <div id=\"tdi_1\" class=\"td-gallery td-slide-on-2-columns\">\r\n                    <div class=\"post_td_gallery\">\r\n                        <div class=\"td-gallery-slide-top\">\r\n                           <div class=\"td-gallery-title\"><\/div>\r\n\r\n                            <div class=\"td-gallery-controls-wrapper\">\r\n                                <div class=\"td-gallery-slide-count\"><span class=\"td-gallery-slide-item-focus\">1<\/span> de 4<\/div>\r\n                                <div class=\"td-gallery-slide-prev-next-but\">\r\n                                    <i class = \"td-icon-left doubleSliderPrevButton\"><\/i>\r\n                                    <i class = \"td-icon-right doubleSliderNextButton\"><\/i>\r\n                                <\/div>\r\n                            <\/div>\r\n                        <\/div>\r\n\r\n                        <div class = \"td-doubleSlider-1 \">\r\n                            <div class = \"td-slider\">\r\n                                \r\n                    <div class = \"td-slide-item td-item1\">\r\n                        <figure class=\"td-slide-galery-figure td-slide-popup-gallery\">\r\n                            <a class=\"slide-gallery-image-link\" href=\"https:\/\/www.cidademarketing.com.br\/marketing\/wp-content\/uploads\/2022\/12\/Fazenda-da-Toca-Mantiqueira-Brasil-1.jpg\" title=\"Fazenda da Toca - Mantiqueira Brasil - 1\"  data-caption=\"Divulga\u00e7\u00e3o\"  data-description=\"\">\r\n                                <img decoding=\"async\" src=\"https:\/\/www.cidademarketing.com.br\/marketing\/wp-content\/uploads\/2022\/12\/Fazenda-da-Toca-Mantiqueira-Brasil-1-420x420.jpg\" srcset=\"https:\/\/www.cidademarketing.com.br\/marketing\/wp-content\/uploads\/2022\/12\/Fazenda-da-Toca-Mantiqueira-Brasil-1-420x420.jpg 420w, https:\/\/www.cidademarketing.com.br\/marketing\/wp-content\/uploads\/2022\/12\/Fazenda-da-Toca-Mantiqueira-Brasil-1-300x300.jpg 300w, https:\/\/www.cidademarketing.com.br\/marketing\/wp-content\/uploads\/2022\/12\/Fazenda-da-Toca-Mantiqueira-Brasil-1-1024x1024.jpg 1024w, https:\/\/www.cidademarketing.com.br\/marketing\/wp-content\/uploads\/2022\/12\/Fazenda-da-Toca-Mantiqueira-Brasil-1-150x150.jpg 150w, https:\/\/www.cidademarketing.com.br\/marketing\/wp-content\/uploads\/2022\/12\/Fazenda-da-Toca-Mantiqueira-Brasil-1-768x768.jpg 768w, https:\/\/www.cidademarketing.com.br\/marketing\/wp-content\/uploads\/2022\/12\/Fazenda-da-Toca-Mantiqueira-Brasil-1-640x640.jpg 640w, https:\/\/www.cidademarketing.com.br\/marketing\/wp-content\/uploads\/2022\/12\/Fazenda-da-Toca-Mantiqueira-Brasil-1-681x681.jpg 681w, https:\/\/www.cidademarketing.com.br\/marketing\/wp-content\/uploads\/2022\/12\/Fazenda-da-Toca-Mantiqueira-Brasil-1.jpg 1383w\" sizes=\"(max-width: 420px) 100vw, 420px\" alt=\"\">\r\n                            <\/a>\r\n                            <figcaption class = \"td-slide-caption td-gallery-slide-content\"><div class = \"td-gallery-slide-copywrite\">Divulga\u00e7\u00e3o<\/div><\/figcaption>\r\n                        <\/figure>\r\n                    <\/div>\r\n                    <div class = \"td-slide-item td-item2\">\r\n                        <figure class=\"td-slide-galery-figure td-slide-popup-gallery\">\r\n                            <a class=\"slide-gallery-image-link\" href=\"https:\/\/www.cidademarketing.com.br\/marketing\/wp-content\/uploads\/2022\/12\/Fazenda-da-Toca-Mantiqueira-Brasil-2-scaled.jpg\" title=\"Fazenda da Toca - Mantiqueira Brasil - 2\"  data-caption=\"Divulga\u00e7\u00e3o\"  data-description=\"\">\r\n                                <img decoding=\"async\" src=\"https:\/\/www.cidademarketing.com.br\/marketing\/wp-content\/uploads\/2022\/12\/Fazenda-da-Toca-Mantiqueira-Brasil-2-758x420.jpg\" srcset=\"https:\/\/www.cidademarketing.com.br\/marketing\/wp-content\/uploads\/2022\/12\/Fazenda-da-Toca-Mantiqueira-Brasil-2-758x420.jpg 758w, https:\/\/www.cidademarketing.com.br\/marketing\/wp-content\/uploads\/2022\/12\/Fazenda-da-Toca-Mantiqueira-Brasil-2-300x166.jpg 300w, https:\/\/www.cidademarketing.com.br\/marketing\/wp-content\/uploads\/2022\/12\/Fazenda-da-Toca-Mantiqueira-Brasil-2-1024x567.jpg 1024w, https:\/\/www.cidademarketing.com.br\/marketing\/wp-content\/uploads\/2022\/12\/Fazenda-da-Toca-Mantiqueira-Brasil-2-768x426.jpg 768w, https:\/\/www.cidademarketing.com.br\/marketing\/wp-content\/uploads\/2022\/12\/Fazenda-da-Toca-Mantiqueira-Brasil-2-1536x851.jpg 1536w, https:\/\/www.cidademarketing.com.br\/marketing\/wp-content\/uploads\/2022\/12\/Fazenda-da-Toca-Mantiqueira-Brasil-2-2048x1135.jpg 2048w, https:\/\/www.cidademarketing.com.br\/marketing\/wp-content\/uploads\/2022\/12\/Fazenda-da-Toca-Mantiqueira-Brasil-2-640x355.jpg 640w, https:\/\/www.cidademarketing.com.br\/marketing\/wp-content\/uploads\/2022\/12\/Fazenda-da-Toca-Mantiqueira-Brasil-2-681x377.jpg 681w\" sizes=\"(max-width: 758px) 100vw, 758px\" alt=\"\">\r\n                            <\/a>\r\n                            <figcaption class = \"td-slide-caption td-gallery-slide-content\"><div class = \"td-gallery-slide-copywrite\">Divulga\u00e7\u00e3o<\/div><\/figcaption>\r\n                        <\/figure>\r\n                    <\/div>\r\n                    <div class = \"td-slide-item td-item3\">\r\n                        <figure class=\"td-slide-galery-figure td-slide-popup-gallery\">\r\n                            <a class=\"slide-gallery-image-link\" href=\"https:\/\/www.cidademarketing.com.br\/marketing\/wp-content\/uploads\/2022\/12\/Leandro-Pinto-Mantiqueira-Brasil-1.jpg\" title=\"Leandro Pinto - Mantiqueira Brasil - 1\"  data-caption=\"Divulga\u00e7\u00e3o\"  data-description=\"\">\r\n                                <img decoding=\"async\" src=\"https:\/\/www.cidademarketing.com.br\/marketing\/wp-content\/uploads\/2022\/12\/Leandro-Pinto-Mantiqueira-Brasil-1-560x420.jpg\" srcset=\"https:\/\/www.cidademarketing.com.br\/marketing\/wp-content\/uploads\/2022\/12\/Leandro-Pinto-Mantiqueira-Brasil-1-560x420.jpg 560w, https:\/\/www.cidademarketing.com.br\/marketing\/wp-content\/uploads\/2022\/12\/Leandro-Pinto-Mantiqueira-Brasil-1-300x225.jpg 300w, https:\/\/www.cidademarketing.com.br\/marketing\/wp-content\/uploads\/2022\/12\/Leandro-Pinto-Mantiqueira-Brasil-1-1024x768.jpg 1024w, https:\/\/www.cidademarketing.com.br\/marketing\/wp-content\/uploads\/2022\/12\/Leandro-Pinto-Mantiqueira-Brasil-1-768x576.jpg 768w, https:\/\/www.cidademarketing.com.br\/marketing\/wp-content\/uploads\/2022\/12\/Leandro-Pinto-Mantiqueira-Brasil-1-1536x1152.jpg 1536w, https:\/\/www.cidademarketing.com.br\/marketing\/wp-content\/uploads\/2022\/12\/Leandro-Pinto-Mantiqueira-Brasil-1-2048x1536.jpg 2048w, https:\/\/www.cidademarketing.com.br\/marketing\/wp-content\/uploads\/2022\/12\/Leandro-Pinto-Mantiqueira-Brasil-1-80x60.jpg 80w, https:\/\/www.cidademarketing.com.br\/marketing\/wp-content\/uploads\/2022\/12\/Leandro-Pinto-Mantiqueira-Brasil-1-100x75.jpg 100w, https:\/\/www.cidademarketing.com.br\/marketing\/wp-content\/uploads\/2022\/12\/Leandro-Pinto-Mantiqueira-Brasil-1-180x135.jpg 180w, https:\/\/www.cidademarketing.com.br\/marketing\/wp-content\/uploads\/2022\/12\/Leandro-Pinto-Mantiqueira-Brasil-1-238x178.jpg 238w, https:\/\/www.cidademarketing.com.br\/marketing\/wp-content\/uploads\/2022\/12\/Leandro-Pinto-Mantiqueira-Brasil-1-265x198.jpg 265w, https:\/\/www.cidademarketing.com.br\/marketing\/wp-content\/uploads\/2022\/12\/Leandro-Pinto-Mantiqueira-Brasil-1-640x480.jpg 640w, https:\/\/www.cidademarketing.com.br\/marketing\/wp-content\/uploads\/2022\/12\/Leandro-Pinto-Mantiqueira-Brasil-1-681x511.jpg 681w\" sizes=\"(max-width: 560px) 100vw, 560px\" alt=\"\">\r\n                            <\/a>\r\n                            <figcaption class = \"td-slide-caption td-gallery-slide-content\"><div class = \"td-gallery-slide-copywrite\">Divulga\u00e7\u00e3o<\/div><\/figcaption>\r\n                        <\/figure>\r\n                    <\/div>\r\n                    <div class = \"td-slide-item td-item4\">\r\n                        <figure class=\"td-slide-galery-figure td-slide-popup-gallery\">\r\n                            <a class=\"slide-gallery-image-link\" href=\"https:\/\/www.cidademarketing.com.br\/marketing\/wp-content\/uploads\/2022\/12\/Leandro-Pinto-Mantiqueira-Brasil-2.jpg\" title=\"Leandro Pinto - Mantiqueira Brasil - 2\"  data-caption=\"\"  data-description=\"\">\r\n                                <img decoding=\"async\" src=\"https:\/\/www.cidademarketing.com.br\/marketing\/wp-content\/uploads\/2022\/12\/Leandro-Pinto-Mantiqueira-Brasil-2-315x420.jpg\" srcset=\"https:\/\/www.cidademarketing.com.br\/marketing\/wp-content\/uploads\/2022\/12\/Leandro-Pinto-Mantiqueira-Brasil-2-315x420.jpg 315w, https:\/\/www.cidademarketing.com.br\/marketing\/wp-content\/uploads\/2022\/12\/Leandro-Pinto-Mantiqueira-Brasil-2-225x300.jpg 225w, https:\/\/www.cidademarketing.com.br\/marketing\/wp-content\/uploads\/2022\/12\/Leandro-Pinto-Mantiqueira-Brasil-2-768x1024.jpg 768w, https:\/\/www.cidademarketing.com.br\/marketing\/wp-content\/uploads\/2022\/12\/Leandro-Pinto-Mantiqueira-Brasil-2-1152x1536.jpg 1152w, https:\/\/www.cidademarketing.com.br\/marketing\/wp-content\/uploads\/2022\/12\/Leandro-Pinto-Mantiqueira-Brasil-2-640x853.jpg 640w, https:\/\/www.cidademarketing.com.br\/marketing\/wp-content\/uploads\/2022\/12\/Leandro-Pinto-Mantiqueira-Brasil-2-681x908.jpg 681w, https:\/\/www.cidademarketing.com.br\/marketing\/wp-content\/uploads\/2022\/12\/Leandro-Pinto-Mantiqueira-Brasil-2.jpg 1512w\" sizes=\"(max-width: 315px) 100vw, 315px\" alt=\"\">\r\n                            <\/a>\r\n                            \r\n                        <\/figure>\r\n                    <\/div>\r\n                            <\/div>\r\n                        <\/div>\r\n\r\n                        <div class = \"td-doubleSlider-2\">\r\n                            <div class = \"td-slider\">\r\n                                \r\n                    <div class = \"td-button td-item1\">\r\n                        <div class = \"td-border\"><\/div>\r\n                    <\/div>\r\n                    <div class = \"td-button td-item2\">\r\n                        <div class = \"td-border\"><\/div>\r\n                    <\/div>\r\n                    <div class = \"td-button td-item3\">\r\n                        <div class = \"td-border\"><\/div>\r\n                    <\/div>\r\n                    <div class = \"td-button td-item4\">\r\n                        <div class = \"td-border\"><\/div>\r\n                    <\/div>\r\n                            <\/div>\r\n                        <\/div>\r\n\r\n                    <\/div>\r\n\r\n                <\/div>\r\n                \n<p>A Fazenda da Toca Org\u00e2nicos e a Mantiqueira s\u00e3o parceiras desde 2015. A Toca produz ovos org\u00e2nicos para a Mantiqueira e a rela\u00e7\u00e3o entre as empresas e seus acionistas sempre foi muito boa. O neg\u00f3cio, quando conclu\u00eddo, trar\u00e1 ganhos de efici\u00eancia e maior capacidade de investimento.<\/p>\n<p>\u201cNossa parceria com a Fazenda da Toca sempre nos rendeu bons frutos. Essa aquisi\u00e7\u00e3o refor\u00e7a nossa estrat\u00e9gia de atuar com um portif\u00f3lio de marcas de alto valor para superar as expectativas dos nossos clientes e consumidores. A Mantiqueira investe firme para ter a melhor gest\u00e3o de marcas do setor, ser a mais sustent\u00e1vel e liderar o bem-estar animal. Esperamos, com isso, democratizar o consumo de produtos de qualidade e de maior valor agregado. Agrade\u00e7o ao Pedro Paulo Diniz por ter sido escolhido para continuar seu legado, t\u00e3o importante para o Brasil\u201d, contou Leandro Pinto, fundador da Granja Mantiqueira.<br \/>\nA transa\u00e7\u00e3o envolve os ativos produtivos da Toca e 1.200 hectares de produ\u00e7\u00e3o de gr\u00e3os org\u00e2nicos da Rizoma Agro, que garantem a autossufici\u00eancia da produ\u00e7\u00e3o de ovos. A transa\u00e7\u00e3o n\u00e3o inclui a propriedade da Fazenda da Toca, que pertence \u00e0 fam\u00edlia Diniz e que segue arrendada para a opera\u00e7\u00e3o.<\/p>\n<p>A Rizoma Agro permanece sob o controle de Pedro Paulo Diniz e seu s\u00f3cio, Fabio Sakamoto. Com a venda da opera\u00e7\u00e3o de produ\u00e7\u00e3o de gr\u00e3os e seus respectivos ativos, a Rizoma volta a focar nos sistemas agroflorestais (SAFs) que a empresa pesquisa h\u00e1 15 anos e no qual \u00e9 refer\u00eancia internacional. Os SAFs s\u00e3o a maior aposta da Rizoma para combater o aquecimento global e a perda de biodiversidade. A empresa j\u00e1 tem alguns projetos no pipeline para 2023.<\/p>\n<p>Para executar o neg\u00f3cio, a Fazenda da Toca Org\u00e2nicos e a Rizoma Agro foram assessoradas pela RGS Partners e pelo Pinheiro Neto Advogados. J\u00e1 a Granja Mantiqueira foi assessorada pelo Vieira Rezende Advogados.<\/p>\n<p><iframe style=\"width: 100%; max-width: 660px; overflow: hidden; background: transparent;\" src=\"https:\/\/embed.podcasts.apple.com\/br\/podcast\/podcast-cidademarketing\/id1371923283\" height=\"450\" frameborder=\"0\" sandbox=\"allow-forms allow-popups allow-same-origin allow-scripts allow-storage-access-by-user-activation allow-top-navigation-by-user-activation\"><\/iframe><\/p>\n","protected":false},"excerpt":{"rendered":"<p>A Mantiqueira, empresa l\u00edder na produ\u00e7\u00e3o de ovos na Am\u00e9rica do Sul, assinou um acordo para adquirir 100% das quotas da Fazenda da Toca Org\u00e2nicos e a produ\u00e7\u00e3o de gr\u00e3os da Rizoma Agro. A Fazenda da Toca \u00e9 a marca l\u00edder no setor de ovos org\u00e2nicos e reconhecida pelo seu pioneirismo e impacto socioambiental positivo. [&hellip;]<\/p>\n","protected":false},"author":1,"featured_media":41519,"comment_status":"open","ping_status":"open","sticky":false,"template":"","format":"standard","meta":{"tdm_status":"","tdm_grid_status":"","footnotes":""},"categories":[6],"tags":[412,1798,27,482,37,28,432],"class_list":["post-41518","post","type-post","status-publish","format-standard","has-post-thumbnail","hentry","category-noticias","tag-aquisicao","tag-compra","tag-empreendedorismo","tag-mantiqueira","tag-marca","tag-marketing","tag-organico"],"yoast_head":"<!-- This site is optimized with the Yoast SEO plugin v27.5 - https:\/\/yoast.com\/product\/yoast-seo-wordpress\/ -->\n<title>Mantiqueira adquire Fazenda da Toca Org\u00e2nicos e a produ\u00e7\u00e3o de gr\u00e3os da Rizoma Agro - CidadeMarketing<\/title>\n<meta name=\"robots\" content=\"index, follow, max-snippet:-1, max-image-preview:large, max-video-preview:-1\" \/>\n<link rel=\"canonical\" href=\"https:\/\/www.cidademarketing.com.br\/marketing\/2022\/12\/15\/mantiqueira-adquire-fazenda-da-toca-organicos-e-a-producao-de-graos-da-rizoma-agro\/\" \/>\n<meta property=\"og:locale\" content=\"pt_BR\" \/>\n<meta property=\"og:type\" content=\"article\" \/>\n<meta property=\"og:title\" content=\"Mantiqueira adquire Fazenda da Toca Org\u00e2nicos e a produ\u00e7\u00e3o de gr\u00e3os da Rizoma Agro - CidadeMarketing\" \/>\n<meta property=\"og:description\" content=\"A Mantiqueira, empresa l\u00edder na produ\u00e7\u00e3o de ovos na Am\u00e9rica do Sul, assinou um acordo para adquirir 100% das quotas da Fazenda da Toca Org\u00e2nicos e a produ\u00e7\u00e3o de gr\u00e3os da Rizoma Agro. A Fazenda da Toca \u00e9 a marca l\u00edder no setor de ovos org\u00e2nicos e reconhecida pelo seu pioneirismo e impacto socioambiental positivo. [&hellip;]\" \/>\n<meta property=\"og:url\" content=\"https:\/\/www.cidademarketing.com.br\/marketing\/2022\/12\/15\/mantiqueira-adquire-fazenda-da-toca-organicos-e-a-producao-de-graos-da-rizoma-agro\/\" \/>\n<meta property=\"og:site_name\" content=\"CidadeMarketing\" \/>\n<meta property=\"article:publisher\" content=\"https:\/\/www.facebook.com\/portalcidademarketing\" \/>\n<meta property=\"article:author\" content=\"https:\/\/www.facebook.com\/thalesbrandao\" \/>\n<meta property=\"article:published_time\" content=\"2022-12-15T03:24:35+00:00\" \/>\n<meta property=\"og:image\" content=\"https:\/\/www.cidademarketing.com.br\/marketing\/wp-content\/uploads\/2022\/12\/Fazenda-da-Toca-Mantiqueira-Brasil-1.jpg\" \/>\n\t<meta property=\"og:image:width\" content=\"1383\" \/>\n\t<meta property=\"og:image:height\" content=\"1383\" \/>\n\t<meta property=\"og:image:type\" content=\"image\/jpeg\" \/>\n<meta name=\"author\" content=\"Thales Brand\u00e3o\" \/>\n<meta name=\"twitter:card\" content=\"summary_large_image\" \/>\n<meta name=\"twitter:creator\" content=\"@http:\/\/www.twitter.com\/thalesbrandao\" \/>\n<meta name=\"twitter:site\" content=\"@CidadeMarketing\" \/>\n<meta name=\"twitter:label1\" content=\"Escrito por\" \/>\n\t<meta name=\"twitter:data1\" content=\"Thales Brand\u00e3o\" \/>\n\t<meta name=\"twitter:label2\" content=\"Est. tempo de leitura\" \/>\n\t<meta name=\"twitter:data2\" content=\"3 minutos\" \/>\n<script type=\"application\/ld+json\" class=\"yoast-schema-graph\">{\"@context\":\"https:\\\/\\\/schema.org\",\"@graph\":[{\"@type\":\"Article\",\"@id\":\"https:\\\/\\\/www.cidademarketing.com.br\\\/marketing\\\/2022\\\/12\\\/15\\\/mantiqueira-adquire-fazenda-da-toca-organicos-e-a-producao-de-graos-da-rizoma-agro\\\/#article\",\"isPartOf\":{\"@id\":\"https:\\\/\\\/www.cidademarketing.com.br\\\/marketing\\\/2022\\\/12\\\/15\\\/mantiqueira-adquire-fazenda-da-toca-organicos-e-a-producao-de-graos-da-rizoma-agro\\\/\"},\"author\":{\"name\":\"Thales Brand\u00e3o\",\"@id\":\"https:\\\/\\\/www.cidademarketing.com.br\\\/marketing\\\/#\\\/schema\\\/person\\\/02daff9f18bd9378c9e01eb6b2db155f\"},\"headline\":\"Mantiqueira adquire Fazenda da Toca Org\u00e2nicos e a produ\u00e7\u00e3o de gr\u00e3os da Rizoma Agro\",\"datePublished\":\"2022-12-15T03:24:35+00:00\",\"mainEntityOfPage\":{\"@id\":\"https:\\\/\\\/www.cidademarketing.com.br\\\/marketing\\\/2022\\\/12\\\/15\\\/mantiqueira-adquire-fazenda-da-toca-organicos-e-a-producao-de-graos-da-rizoma-agro\\\/\"},\"wordCount\":685,\"commentCount\":0,\"publisher\":{\"@id\":\"https:\\\/\\\/www.cidademarketing.com.br\\\/marketing\\\/#organization\"},\"image\":{\"@id\":\"https:\\\/\\\/www.cidademarketing.com.br\\\/marketing\\\/2022\\\/12\\\/15\\\/mantiqueira-adquire-fazenda-da-toca-organicos-e-a-producao-de-graos-da-rizoma-agro\\\/#primaryimage\"},\"thumbnailUrl\":\"https:\\\/\\\/www.cidademarketing.com.br\\\/marketing\\\/wp-content\\\/uploads\\\/2022\\\/12\\\/Fazenda-da-Toca-Mantiqueira-Brasil-1.jpg\",\"keywords\":[\"aquisi\u00e7\u00e3o\",\"compra\",\"empreendedorismo\",\"Mantiqueira\",\"marca\",\"marketing\",\"org\u00e2nico\"],\"articleSection\":[\"Not\u00edcias\"],\"inLanguage\":\"pt-BR\",\"potentialAction\":[{\"@type\":\"CommentAction\",\"name\":\"Comment\",\"target\":[\"https:\\\/\\\/www.cidademarketing.com.br\\\/marketing\\\/2022\\\/12\\\/15\\\/mantiqueira-adquire-fazenda-da-toca-organicos-e-a-producao-de-graos-da-rizoma-agro\\\/#respond\"]}]},{\"@type\":\"WebPage\",\"@id\":\"https:\\\/\\\/www.cidademarketing.com.br\\\/marketing\\\/2022\\\/12\\\/15\\\/mantiqueira-adquire-fazenda-da-toca-organicos-e-a-producao-de-graos-da-rizoma-agro\\\/\",\"url\":\"https:\\\/\\\/www.cidademarketing.com.br\\\/marketing\\\/2022\\\/12\\\/15\\\/mantiqueira-adquire-fazenda-da-toca-organicos-e-a-producao-de-graos-da-rizoma-agro\\\/\",\"name\":\"Mantiqueira adquire Fazenda da Toca Org\u00e2nicos e a produ\u00e7\u00e3o de gr\u00e3os da Rizoma Agro - CidadeMarketing\",\"isPartOf\":{\"@id\":\"https:\\\/\\\/www.cidademarketing.com.br\\\/marketing\\\/#website\"},\"primaryImageOfPage\":{\"@id\":\"https:\\\/\\\/www.cidademarketing.com.br\\\/marketing\\\/2022\\\/12\\\/15\\\/mantiqueira-adquire-fazenda-da-toca-organicos-e-a-producao-de-graos-da-rizoma-agro\\\/#primaryimage\"},\"image\":{\"@id\":\"https:\\\/\\\/www.cidademarketing.com.br\\\/marketing\\\/2022\\\/12\\\/15\\\/mantiqueira-adquire-fazenda-da-toca-organicos-e-a-producao-de-graos-da-rizoma-agro\\\/#primaryimage\"},\"thumbnailUrl\":\"https:\\\/\\\/www.cidademarketing.com.br\\\/marketing\\\/wp-content\\\/uploads\\\/2022\\\/12\\\/Fazenda-da-Toca-Mantiqueira-Brasil-1.jpg\",\"datePublished\":\"2022-12-15T03:24:35+00:00\",\"breadcrumb\":{\"@id\":\"https:\\\/\\\/www.cidademarketing.com.br\\\/marketing\\\/2022\\\/12\\\/15\\\/mantiqueira-adquire-fazenda-da-toca-organicos-e-a-producao-de-graos-da-rizoma-agro\\\/#breadcrumb\"},\"inLanguage\":\"pt-BR\",\"potentialAction\":[{\"@type\":\"ReadAction\",\"target\":[\"https:\\\/\\\/www.cidademarketing.com.br\\\/marketing\\\/2022\\\/12\\\/15\\\/mantiqueira-adquire-fazenda-da-toca-organicos-e-a-producao-de-graos-da-rizoma-agro\\\/\"]}]},{\"@type\":\"ImageObject\",\"inLanguage\":\"pt-BR\",\"@id\":\"https:\\\/\\\/www.cidademarketing.com.br\\\/marketing\\\/2022\\\/12\\\/15\\\/mantiqueira-adquire-fazenda-da-toca-organicos-e-a-producao-de-graos-da-rizoma-agro\\\/#primaryimage\",\"url\":\"https:\\\/\\\/www.cidademarketing.com.br\\\/marketing\\\/wp-content\\\/uploads\\\/2022\\\/12\\\/Fazenda-da-Toca-Mantiqueira-Brasil-1.jpg\",\"contentUrl\":\"https:\\\/\\\/www.cidademarketing.com.br\\\/marketing\\\/wp-content\\\/uploads\\\/2022\\\/12\\\/Fazenda-da-Toca-Mantiqueira-Brasil-1.jpg\",\"width\":1383,\"height\":1383,\"caption\":\"Divulga\u00e7\u00e3o\"},{\"@type\":\"BreadcrumbList\",\"@id\":\"https:\\\/\\\/www.cidademarketing.com.br\\\/marketing\\\/2022\\\/12\\\/15\\\/mantiqueira-adquire-fazenda-da-toca-organicos-e-a-producao-de-graos-da-rizoma-agro\\\/#breadcrumb\",\"itemListElement\":[{\"@type\":\"ListItem\",\"position\":1,\"name\":\"In\u00edcio\",\"item\":\"https:\\\/\\\/www.cidademarketing.com.br\\\/marketing\\\/\"},{\"@type\":\"ListItem\",\"position\":2,\"name\":\"Mantiqueira adquire Fazenda da Toca Org\u00e2nicos e a produ\u00e7\u00e3o de gr\u00e3os da Rizoma Agro\"}]},{\"@type\":\"WebSite\",\"@id\":\"https:\\\/\\\/www.cidademarketing.com.br\\\/marketing\\\/#website\",\"url\":\"https:\\\/\\\/www.cidademarketing.com.br\\\/marketing\\\/\",\"name\":\"CidadeMarketing\",\"description\":\"Somos um ve\u00edculo de comunica\u00e7\u00e3o de destaque no Brasil, reconhecido por conte\u00fados nos segmentos de marketing, empreendedorismo e inova\u00e7\u00e3o.\",\"publisher\":{\"@id\":\"https:\\\/\\\/www.cidademarketing.com.br\\\/marketing\\\/#organization\"},\"alternateName\":\"CidadeMarketing\",\"potentialAction\":[{\"@type\":\"SearchAction\",\"target\":{\"@type\":\"EntryPoint\",\"urlTemplate\":\"https:\\\/\\\/www.cidademarketing.com.br\\\/marketing\\\/?s={search_term_string}\"},\"query-input\":{\"@type\":\"PropertyValueSpecification\",\"valueRequired\":true,\"valueName\":\"search_term_string\"}}],\"inLanguage\":\"pt-BR\"},{\"@type\":\"Organization\",\"@id\":\"https:\\\/\\\/www.cidademarketing.com.br\\\/marketing\\\/#organization\",\"name\":\"CidadeMarketing\",\"alternateName\":\"CidadeMarketing\",\"url\":\"https:\\\/\\\/www.cidademarketing.com.br\\\/marketing\\\/\",\"logo\":{\"@type\":\"ImageObject\",\"inLanguage\":\"pt-BR\",\"@id\":\"https:\\\/\\\/www.cidademarketing.com.br\\\/marketing\\\/#\\\/schema\\\/logo\\\/image\\\/\",\"url\":\"https:\\\/\\\/www.cidademarketing.com.br\\\/marketing\\\/wp-content\\\/uploads\\\/2020\\\/01\\\/cidademarketing_marca_mobile.png\",\"contentUrl\":\"https:\\\/\\\/www.cidademarketing.com.br\\\/marketing\\\/wp-content\\\/uploads\\\/2020\\\/01\\\/cidademarketing_marca_mobile.png\",\"width\":230,\"height\":92,\"caption\":\"CidadeMarketing\"},\"image\":{\"@id\":\"https:\\\/\\\/www.cidademarketing.com.br\\\/marketing\\\/#\\\/schema\\\/logo\\\/image\\\/\"},\"sameAs\":[\"https:\\\/\\\/www.facebook.com\\\/portalcidademarketing\",\"https:\\\/\\\/x.com\\\/CidadeMarketing\",\"https:\\\/\\\/www.instagram.com\\\/cidademarketing\\\/\"]},{\"@type\":\"Person\",\"@id\":\"https:\\\/\\\/www.cidademarketing.com.br\\\/marketing\\\/#\\\/schema\\\/person\\\/02daff9f18bd9378c9e01eb6b2db155f\",\"name\":\"Thales Brand\u00e3o\",\"image\":{\"@type\":\"ImageObject\",\"inLanguage\":\"pt-BR\",\"@id\":\"https:\\\/\\\/secure.gravatar.com\\\/avatar\\\/7ca3206950207cc3cb48feec56a8a7898741ab725c368d99d5d7a5a50aab80c6?s=96&d=mm&r=g\",\"url\":\"https:\\\/\\\/secure.gravatar.com\\\/avatar\\\/7ca3206950207cc3cb48feec56a8a7898741ab725c368d99d5d7a5a50aab80c6?s=96&d=mm&r=g\",\"contentUrl\":\"https:\\\/\\\/secure.gravatar.com\\\/avatar\\\/7ca3206950207cc3cb48feec56a8a7898741ab725c368d99d5d7a5a50aab80c6?s=96&d=mm&r=g\",\"caption\":\"Thales Brand\u00e3o\"},\"description\":\"Editor Executivo do Portal CidadeMarketing.com.br &gt; Mestre em Comunica\u00e7\u00e3o e Sociedade pela Universidade Federal de Sergipe. Possui MBA Executivo em Administra\u00e7\u00e3o com \u00eanfase em Marketing pela Funda\u00e7\u00e3o Get\u00falio Vargas - Rio de Janeiro. Consultor, Palestrante e Pesquisador sobre Empreendedorismo, Marketing, Redes Sociais e Neg\u00f3cios Digitais. Professor, Palestrante TedxTalks e Campus Party. Twitter: @ThalesBrandao\",\"sameAs\":[\"http:\\\/\\\/www.mandacaru.com.br\",\"https:\\\/\\\/www.facebook.com\\\/thalesbrandao\",\"http:\\\/\\\/www.instagram.com.br\\\/thalesbrandaoferreira\",\"https:\\\/\\\/www.linkedin.com\\\/in\\\/thales-brand\u00e3o-3948609\\\/\",\"https:\\\/\\\/x.com\\\/http:\\\/\\\/www.twitter.com\\\/thalesbrandao\"],\"url\":\"https:\\\/\\\/www.cidademarketing.com.br\\\/marketing\\\/author\\\/thalesbrandao\\\/\"}]}<\/script>\n<!-- \/ Yoast SEO plugin. -->","yoast_head_json":{"title":"Mantiqueira adquire Fazenda da Toca Org\u00e2nicos e a produ\u00e7\u00e3o de gr\u00e3os da Rizoma Agro - CidadeMarketing","robots":{"index":"index","follow":"follow","max-snippet":"max-snippet:-1","max-image-preview":"max-image-preview:large","max-video-preview":"max-video-preview:-1"},"canonical":"https:\/\/www.cidademarketing.com.br\/marketing\/2022\/12\/15\/mantiqueira-adquire-fazenda-da-toca-organicos-e-a-producao-de-graos-da-rizoma-agro\/","og_locale":"pt_BR","og_type":"article","og_title":"Mantiqueira adquire Fazenda da Toca Org\u00e2nicos e a produ\u00e7\u00e3o de gr\u00e3os da Rizoma Agro - CidadeMarketing","og_description":"A Mantiqueira, empresa l\u00edder na produ\u00e7\u00e3o de ovos na Am\u00e9rica do Sul, assinou um acordo para adquirir 100% das quotas da Fazenda da Toca Org\u00e2nicos e a produ\u00e7\u00e3o de gr\u00e3os da Rizoma Agro. A Fazenda da Toca \u00e9 a marca l\u00edder no setor de ovos org\u00e2nicos e reconhecida pelo seu pioneirismo e impacto socioambiental positivo. [&hellip;]","og_url":"https:\/\/www.cidademarketing.com.br\/marketing\/2022\/12\/15\/mantiqueira-adquire-fazenda-da-toca-organicos-e-a-producao-de-graos-da-rizoma-agro\/","og_site_name":"CidadeMarketing","article_publisher":"https:\/\/www.facebook.com\/portalcidademarketing","article_author":"https:\/\/www.facebook.com\/thalesbrandao","article_published_time":"2022-12-15T03:24:35+00:00","og_image":[{"width":1383,"height":1383,"url":"https:\/\/www.cidademarketing.com.br\/marketing\/wp-content\/uploads\/2022\/12\/Fazenda-da-Toca-Mantiqueira-Brasil-1.jpg","type":"image\/jpeg"}],"author":"Thales Brand\u00e3o","twitter_card":"summary_large_image","twitter_creator":"@http:\/\/www.twitter.com\/thalesbrandao","twitter_site":"@CidadeMarketing","twitter_misc":{"Escrito por":"Thales Brand\u00e3o","Est. tempo de leitura":"3 minutos"},"schema":{"@context":"https:\/\/schema.org","@graph":[{"@type":"Article","@id":"https:\/\/www.cidademarketing.com.br\/marketing\/2022\/12\/15\/mantiqueira-adquire-fazenda-da-toca-organicos-e-a-producao-de-graos-da-rizoma-agro\/#article","isPartOf":{"@id":"https:\/\/www.cidademarketing.com.br\/marketing\/2022\/12\/15\/mantiqueira-adquire-fazenda-da-toca-organicos-e-a-producao-de-graos-da-rizoma-agro\/"},"author":{"name":"Thales Brand\u00e3o","@id":"https:\/\/www.cidademarketing.com.br\/marketing\/#\/schema\/person\/02daff9f18bd9378c9e01eb6b2db155f"},"headline":"Mantiqueira adquire Fazenda da Toca Org\u00e2nicos e a produ\u00e7\u00e3o de gr\u00e3os da Rizoma Agro","datePublished":"2022-12-15T03:24:35+00:00","mainEntityOfPage":{"@id":"https:\/\/www.cidademarketing.com.br\/marketing\/2022\/12\/15\/mantiqueira-adquire-fazenda-da-toca-organicos-e-a-producao-de-graos-da-rizoma-agro\/"},"wordCount":685,"commentCount":0,"publisher":{"@id":"https:\/\/www.cidademarketing.com.br\/marketing\/#organization"},"image":{"@id":"https:\/\/www.cidademarketing.com.br\/marketing\/2022\/12\/15\/mantiqueira-adquire-fazenda-da-toca-organicos-e-a-producao-de-graos-da-rizoma-agro\/#primaryimage"},"thumbnailUrl":"https:\/\/www.cidademarketing.com.br\/marketing\/wp-content\/uploads\/2022\/12\/Fazenda-da-Toca-Mantiqueira-Brasil-1.jpg","keywords":["aquisi\u00e7\u00e3o","compra","empreendedorismo","Mantiqueira","marca","marketing","org\u00e2nico"],"articleSection":["Not\u00edcias"],"inLanguage":"pt-BR","potentialAction":[{"@type":"CommentAction","name":"Comment","target":["https:\/\/www.cidademarketing.com.br\/marketing\/2022\/12\/15\/mantiqueira-adquire-fazenda-da-toca-organicos-e-a-producao-de-graos-da-rizoma-agro\/#respond"]}]},{"@type":"WebPage","@id":"https:\/\/www.cidademarketing.com.br\/marketing\/2022\/12\/15\/mantiqueira-adquire-fazenda-da-toca-organicos-e-a-producao-de-graos-da-rizoma-agro\/","url":"https:\/\/www.cidademarketing.com.br\/marketing\/2022\/12\/15\/mantiqueira-adquire-fazenda-da-toca-organicos-e-a-producao-de-graos-da-rizoma-agro\/","name":"Mantiqueira adquire Fazenda da Toca Org\u00e2nicos e a produ\u00e7\u00e3o de gr\u00e3os da Rizoma Agro - CidadeMarketing","isPartOf":{"@id":"https:\/\/www.cidademarketing.com.br\/marketing\/#website"},"primaryImageOfPage":{"@id":"https:\/\/www.cidademarketing.com.br\/marketing\/2022\/12\/15\/mantiqueira-adquire-fazenda-da-toca-organicos-e-a-producao-de-graos-da-rizoma-agro\/#primaryimage"},"image":{"@id":"https:\/\/www.cidademarketing.com.br\/marketing\/2022\/12\/15\/mantiqueira-adquire-fazenda-da-toca-organicos-e-a-producao-de-graos-da-rizoma-agro\/#primaryimage"},"thumbnailUrl":"https:\/\/www.cidademarketing.com.br\/marketing\/wp-content\/uploads\/2022\/12\/Fazenda-da-Toca-Mantiqueira-Brasil-1.jpg","datePublished":"2022-12-15T03:24:35+00:00","breadcrumb":{"@id":"https:\/\/www.cidademarketing.com.br\/marketing\/2022\/12\/15\/mantiqueira-adquire-fazenda-da-toca-organicos-e-a-producao-de-graos-da-rizoma-agro\/#breadcrumb"},"inLanguage":"pt-BR","potentialAction":[{"@type":"ReadAction","target":["https:\/\/www.cidademarketing.com.br\/marketing\/2022\/12\/15\/mantiqueira-adquire-fazenda-da-toca-organicos-e-a-producao-de-graos-da-rizoma-agro\/"]}]},{"@type":"ImageObject","inLanguage":"pt-BR","@id":"https:\/\/www.cidademarketing.com.br\/marketing\/2022\/12\/15\/mantiqueira-adquire-fazenda-da-toca-organicos-e-a-producao-de-graos-da-rizoma-agro\/#primaryimage","url":"https:\/\/www.cidademarketing.com.br\/marketing\/wp-content\/uploads\/2022\/12\/Fazenda-da-Toca-Mantiqueira-Brasil-1.jpg","contentUrl":"https:\/\/www.cidademarketing.com.br\/marketing\/wp-content\/uploads\/2022\/12\/Fazenda-da-Toca-Mantiqueira-Brasil-1.jpg","width":1383,"height":1383,"caption":"Divulga\u00e7\u00e3o"},{"@type":"BreadcrumbList","@id":"https:\/\/www.cidademarketing.com.br\/marketing\/2022\/12\/15\/mantiqueira-adquire-fazenda-da-toca-organicos-e-a-producao-de-graos-da-rizoma-agro\/#breadcrumb","itemListElement":[{"@type":"ListItem","position":1,"name":"In\u00edcio","item":"https:\/\/www.cidademarketing.com.br\/marketing\/"},{"@type":"ListItem","position":2,"name":"Mantiqueira adquire Fazenda da Toca Org\u00e2nicos e a produ\u00e7\u00e3o de gr\u00e3os da Rizoma Agro"}]},{"@type":"WebSite","@id":"https:\/\/www.cidademarketing.com.br\/marketing\/#website","url":"https:\/\/www.cidademarketing.com.br\/marketing\/","name":"CidadeMarketing","description":"Somos um ve\u00edculo de comunica\u00e7\u00e3o de destaque no Brasil, reconhecido por conte\u00fados nos segmentos de marketing, empreendedorismo e inova\u00e7\u00e3o.","publisher":{"@id":"https:\/\/www.cidademarketing.com.br\/marketing\/#organization"},"alternateName":"CidadeMarketing","potentialAction":[{"@type":"SearchAction","target":{"@type":"EntryPoint","urlTemplate":"https:\/\/www.cidademarketing.com.br\/marketing\/?s={search_term_string}"},"query-input":{"@type":"PropertyValueSpecification","valueRequired":true,"valueName":"search_term_string"}}],"inLanguage":"pt-BR"},{"@type":"Organization","@id":"https:\/\/www.cidademarketing.com.br\/marketing\/#organization","name":"CidadeMarketing","alternateName":"CidadeMarketing","url":"https:\/\/www.cidademarketing.com.br\/marketing\/","logo":{"@type":"ImageObject","inLanguage":"pt-BR","@id":"https:\/\/www.cidademarketing.com.br\/marketing\/#\/schema\/logo\/image\/","url":"https:\/\/www.cidademarketing.com.br\/marketing\/wp-content\/uploads\/2020\/01\/cidademarketing_marca_mobile.png","contentUrl":"https:\/\/www.cidademarketing.com.br\/marketing\/wp-content\/uploads\/2020\/01\/cidademarketing_marca_mobile.png","width":230,"height":92,"caption":"CidadeMarketing"},"image":{"@id":"https:\/\/www.cidademarketing.com.br\/marketing\/#\/schema\/logo\/image\/"},"sameAs":["https:\/\/www.facebook.com\/portalcidademarketing","https:\/\/x.com\/CidadeMarketing","https:\/\/www.instagram.com\/cidademarketing\/"]},{"@type":"Person","@id":"https:\/\/www.cidademarketing.com.br\/marketing\/#\/schema\/person\/02daff9f18bd9378c9e01eb6b2db155f","name":"Thales Brand\u00e3o","image":{"@type":"ImageObject","inLanguage":"pt-BR","@id":"https:\/\/secure.gravatar.com\/avatar\/7ca3206950207cc3cb48feec56a8a7898741ab725c368d99d5d7a5a50aab80c6?s=96&d=mm&r=g","url":"https:\/\/secure.gravatar.com\/avatar\/7ca3206950207cc3cb48feec56a8a7898741ab725c368d99d5d7a5a50aab80c6?s=96&d=mm&r=g","contentUrl":"https:\/\/secure.gravatar.com\/avatar\/7ca3206950207cc3cb48feec56a8a7898741ab725c368d99d5d7a5a50aab80c6?s=96&d=mm&r=g","caption":"Thales Brand\u00e3o"},"description":"Editor Executivo do Portal CidadeMarketing.com.br &gt; Mestre em Comunica\u00e7\u00e3o e Sociedade pela Universidade Federal de Sergipe. Possui MBA Executivo em Administra\u00e7\u00e3o com \u00eanfase em Marketing pela Funda\u00e7\u00e3o Get\u00falio Vargas - Rio de Janeiro. Consultor, Palestrante e Pesquisador sobre Empreendedorismo, Marketing, Redes Sociais e Neg\u00f3cios Digitais. Professor, Palestrante TedxTalks e Campus Party. Twitter: @ThalesBrandao","sameAs":["http:\/\/www.mandacaru.com.br","https:\/\/www.facebook.com\/thalesbrandao","http:\/\/www.instagram.com.br\/thalesbrandaoferreira","https:\/\/www.linkedin.com\/in\/thales-brand\u00e3o-3948609\/","https:\/\/x.com\/http:\/\/www.twitter.com\/thalesbrandao"],"url":"https:\/\/www.cidademarketing.com.br\/marketing\/author\/thalesbrandao\/"}]}},"amp_enabled":true,"_links":{"self":[{"href":"https:\/\/www.cidademarketing.com.br\/marketing\/wp-json\/wp\/v2\/posts\/41518","targetHints":{"allow":["GET"]}}],"collection":[{"href":"https:\/\/www.cidademarketing.com.br\/marketing\/wp-json\/wp\/v2\/posts"}],"about":[{"href":"https:\/\/www.cidademarketing.com.br\/marketing\/wp-json\/wp\/v2\/types\/post"}],"author":[{"embeddable":true,"href":"https:\/\/www.cidademarketing.com.br\/marketing\/wp-json\/wp\/v2\/users\/1"}],"replies":[{"embeddable":true,"href":"https:\/\/www.cidademarketing.com.br\/marketing\/wp-json\/wp\/v2\/comments?post=41518"}],"version-history":[{"count":1,"href":"https:\/\/www.cidademarketing.com.br\/marketing\/wp-json\/wp\/v2\/posts\/41518\/revisions"}],"predecessor-version":[{"id":41523,"href":"https:\/\/www.cidademarketing.com.br\/marketing\/wp-json\/wp\/v2\/posts\/41518\/revisions\/41523"}],"wp:featuredmedia":[{"embeddable":true,"href":"https:\/\/www.cidademarketing.com.br\/marketing\/wp-json\/wp\/v2\/media\/41519"}],"wp:attachment":[{"href":"https:\/\/www.cidademarketing.com.br\/marketing\/wp-json\/wp\/v2\/media?parent=41518"}],"wp:term":[{"taxonomy":"category","embeddable":true,"href":"https:\/\/www.cidademarketing.com.br\/marketing\/wp-json\/wp\/v2\/categories?post=41518"},{"taxonomy":"post_tag","embeddable":true,"href":"https:\/\/www.cidademarketing.com.br\/marketing\/wp-json\/wp\/v2\/tags?post=41518"}],"curies":[{"name":"wp","href":"https:\/\/api.w.org\/{rel}","templated":true}]}}