{"id":41507,"date":"2022-12-14T15:15:07","date_gmt":"2022-12-14T18:15:07","guid":{"rendered":"https:\/\/www.cidademarketing.com.br\/marketing\/?p=41507"},"modified":"2022-12-14T15:15:07","modified_gmt":"2022-12-14T18:15:07","slug":"masterchef-pietro-e-astro-conquistam-paladar-dos-jurados-com-ceia-natalina-e-levam-titulo-da-primeira-temporada","status":"publish","type":"post","link":"https:\/\/www.cidademarketing.com.br\/marketing\/2022\/12\/14\/masterchef-pietro-e-astro-conquistam-paladar-dos-jurados-com-ceia-natalina-e-levam-titulo-da-primeira-temporada\/","title":{"rendered":"MasterChef+: Pietro e Astro conquistam paladar dos jurados com ceia natalina e levam t\u00edtulo da primeira temporada"},"content":{"rendered":"<p>A grande final do MasterChef+, apresentada na noite dessa ter\u00e7a-feira (13), foi marcada pela vit\u00f3ria de Astro e Pietro. Os cozinheiros amadores, de 80 e 70 anos, respectivamente, conquistaram o paladar dos jurados com uma ceia de Natal que contou com carr\u00e9 de cordeiro, pur\u00ea de batata cremoso e farofa. Para a sobremesa, os participantes capricharam em um pav\u00ea de morango. <a href=\"https:\/\/www.band.uol.com.br\/entretenimento\/masterchef\/videos\/astro-e-pietro-vencem-o-masterchef--17124207\" target=\"_blank\" rel=\"noopener\">Veja aqui<\/a> o momento do an\u00fancio!<\/p>\n<p><iframe title=\"Spotify Embed: Podcast CidadeMarketing\" style=\"border-radius: 12px\" width=\"100%\" height=\"152\" frameborder=\"0\" allowfullscreen allow=\"autoplay; clipboard-write; encrypted-media; fullscreen; picture-in-picture\" loading=\"lazy\" src=\"https:\/\/open.spotify.com\/embed\/show\/4khMKzP3FgFRWVwb73xicc?si=252fe5bff2b34909&#038;utm_source=oembed\"><\/iframe><\/p>\n<p>Em <a href=\"https:\/\/www.band.uol.com.br\/entretenimento\/masterchef\/noticias\/astro-e-pietro-sao-os-campeoes-do-masterchef-motivo-de-orgulho-16568749\" target=\"_blank\" rel=\"noopener\">entrevista exclusiva<\/a> ao Band.com.br, Astro se emocionou ao comentar o resultado. \u201cGanhar o MasterChef n\u00e3o tem explica\u00e7\u00e3o. Saber que cozinhei bem para tr\u00eas feras \u00e9 motivo de muito orgulho\u201d, ressaltou. O sentimento foi compartilhado por Pietro. \u201c\u00c9 muito mais do que uma gl\u00f3ria. Sinto satisfa\u00e7\u00e3o e muita alegria. Assisto ao programa desde a primeira edi\u00e7\u00e3o e hoje estou aqui superando obst\u00e1culos\u201d.<\/p>\n<p>O companheirismo da dupla chamou a aten\u00e7\u00e3o durante a prova decisiva. O fato de um gostar de fazer pratos salgados enquanto o outro \u00e9 expert em doces facilitou o trabalho. \u201cN\u00f3s nos entendemos bem e mesmo nos percal\u00e7os, quando esquecemos alguns ingredientes, conseguimos nos ajustar. No fim, n\u00e3o teve arroz, mas o Jacquin achou o pur\u00ea de batata uma solu\u00e7\u00e3o ainda melhor\u201d, declarou Astro.<\/p>\n<p>Segundo Pietro, a passagem pelo talent show \u00e9 um recome\u00e7o. Aposentado, ele pretende come\u00e7ar a compartilhar as receitas que faz em casa nas redes sociais. \u201cAs amigas da minha esposa e os maridos delas j\u00e1 est\u00e3o me cobrando para fazer ceia de Natal. Pretendo continuar mostrando o que sei, mas, aos 70 anos, n\u00e3o quero que seja algo profissional\u201d.<\/p>\n<p>Astro ainda n\u00e3o definiu seus pr\u00f3ximos passos, mas tem certeza que seguir\u00e1 cozinhando por amor. \u201cSomos idosos, mas n\u00e3o velhos. Velho \u00e9 aquilo que est\u00e1 estragado e n\u00e3o serve mais\u201d, concluiu.<\/p>\n<p>Al\u00e9m do trof\u00e9u MasterChef+, os ganhadores levaram para casa um pr\u00eamio de R$ 15 mil cada um.<\/p>\n<p>No pr\u00f3ximo dia 20, a Band estreia a segunda temporada do MasterChef J\u00fanior com exibi\u00e7\u00f5es \u00e0s ter\u00e7as e quintas-feiras, \u00e0s 22h30.<\/p>\n<p>Criado por Franc Roddam, o formato MasterChef \u00e9 representado internacionalmente pela Banijay. O programa \u00e9 uma produ\u00e7\u00e3o da Endemol Shine Brasil para a Band e para o Discovery Home &amp; Health. O talent show vai ao ar toda ter\u00e7a-feira, \u00e0s 22h30, na tela da Band, com transmiss\u00e3o simult\u00e2nea no Band.com.br e no aplicativo Bandplay. A atra\u00e7\u00e3o tamb\u00e9m \u00e9 exibida toda sexta-feira, \u00e0s 18h20, no canal Discovery Home &amp; Health e no streaming discovery+. O p\u00fablico ainda pode acompanhar os epis\u00f3dios pelo canal oficial no YouTube.<\/p>\n<p><iframe style=\"width: 100%; max-width: 660px; overflow: hidden; background: transparent;\" src=\"https:\/\/embed.podcasts.apple.com\/br\/podcast\/podcast-cidademarketing\/id1371923283\" height=\"450\" frameborder=\"0\" sandbox=\"allow-forms allow-popups allow-same-origin allow-scripts allow-storage-access-by-user-activation allow-top-navigation-by-user-activation\"><\/iframe><\/p>\n","protected":false},"excerpt":{"rendered":"<p>A grande final do MasterChef+, apresentada na noite dessa ter\u00e7a-feira (13), foi marcada pela vit\u00f3ria de Astro e Pietro. Os cozinheiros amadores, de 80 e 70 anos, respectivamente, conquistaram o paladar dos jurados com uma ceia de Natal que contou com carr\u00e9 de cordeiro, pur\u00ea de batata cremoso e farofa. Para a sobremesa, os participantes [&hellip;]<\/p>\n","protected":false},"author":1,"featured_media":41508,"comment_status":"open","ping_status":"open","sticky":false,"template":"","format":"standard","meta":{"tdm_status":"","tdm_grid_status":"","footnotes":""},"categories":[6],"tags":[383,65,33,28,1501],"class_list":["post-41507","post","type-post","status-publish","format-standard","has-post-thumbnail","hentry","category-noticias","tag-band","tag-campanha","tag-estrategia","tag-marketing","tag-masterchef"],"yoast_head":"<!-- This site is optimized with the Yoast SEO plugin v27.5 - https:\/\/yoast.com\/product\/yoast-seo-wordpress\/ -->\n<title>MasterChef+: Pietro e Astro conquistam paladar dos jurados com ceia natalina e levam t\u00edtulo da primeira temporada - CidadeMarketing<\/title>\n<meta name=\"robots\" content=\"index, follow, max-snippet:-1, max-image-preview:large, max-video-preview:-1\" \/>\n<link rel=\"canonical\" href=\"https:\/\/www.cidademarketing.com.br\/marketing\/2022\/12\/14\/masterchef-pietro-e-astro-conquistam-paladar-dos-jurados-com-ceia-natalina-e-levam-titulo-da-primeira-temporada\/\" \/>\n<meta property=\"og:locale\" content=\"pt_BR\" \/>\n<meta property=\"og:type\" content=\"article\" \/>\n<meta property=\"og:title\" content=\"MasterChef+: Pietro e Astro conquistam paladar dos jurados com ceia natalina e levam t\u00edtulo da primeira temporada - CidadeMarketing\" \/>\n<meta property=\"og:description\" content=\"A grande final do MasterChef+, apresentada na noite dessa ter\u00e7a-feira (13), foi marcada pela vit\u00f3ria de Astro e Pietro. Os cozinheiros amadores, de 80 e 70 anos, respectivamente, conquistaram o paladar dos jurados com uma ceia de Natal que contou com carr\u00e9 de cordeiro, pur\u00ea de batata cremoso e farofa. Para a sobremesa, os participantes [&hellip;]\" \/>\n<meta property=\"og:url\" content=\"https:\/\/www.cidademarketing.com.br\/marketing\/2022\/12\/14\/masterchef-pietro-e-astro-conquistam-paladar-dos-jurados-com-ceia-natalina-e-levam-titulo-da-primeira-temporada\/\" \/>\n<meta property=\"og:site_name\" content=\"CidadeMarketing\" \/>\n<meta property=\"article:publisher\" content=\"https:\/\/www.facebook.com\/portalcidademarketing\" \/>\n<meta property=\"article:author\" content=\"https:\/\/www.facebook.com\/thalesbrandao\" \/>\n<meta property=\"article:published_time\" content=\"2022-12-14T18:15:07+00:00\" \/>\n<meta property=\"og:image\" content=\"https:\/\/www.cidademarketing.com.br\/marketing\/wp-content\/uploads\/2022\/12\/masterchef_.jpg\" \/>\n\t<meta property=\"og:image:width\" content=\"2048\" \/>\n\t<meta property=\"og:image:height\" content=\"1365\" \/>\n\t<meta property=\"og:image:type\" content=\"image\/jpeg\" \/>\n<meta name=\"author\" content=\"Thales Brand\u00e3o\" \/>\n<meta name=\"twitter:card\" content=\"summary_large_image\" \/>\n<meta name=\"twitter:creator\" content=\"@http:\/\/www.twitter.com\/thalesbrandao\" \/>\n<meta name=\"twitter:site\" content=\"@CidadeMarketing\" \/>\n<meta name=\"twitter:label1\" content=\"Escrito por\" \/>\n\t<meta name=\"twitter:data1\" content=\"Thales Brand\u00e3o\" \/>\n\t<meta name=\"twitter:label2\" content=\"Est. tempo de leitura\" \/>\n\t<meta name=\"twitter:data2\" content=\"2 minutos\" \/>\n<script type=\"application\/ld+json\" class=\"yoast-schema-graph\">{\"@context\":\"https:\\\/\\\/schema.org\",\"@graph\":[{\"@type\":\"Article\",\"@id\":\"https:\\\/\\\/www.cidademarketing.com.br\\\/marketing\\\/2022\\\/12\\\/14\\\/masterchef-pietro-e-astro-conquistam-paladar-dos-jurados-com-ceia-natalina-e-levam-titulo-da-primeira-temporada\\\/#article\",\"isPartOf\":{\"@id\":\"https:\\\/\\\/www.cidademarketing.com.br\\\/marketing\\\/2022\\\/12\\\/14\\\/masterchef-pietro-e-astro-conquistam-paladar-dos-jurados-com-ceia-natalina-e-levam-titulo-da-primeira-temporada\\\/\"},\"author\":{\"name\":\"Thales Brand\u00e3o\",\"@id\":\"https:\\\/\\\/www.cidademarketing.com.br\\\/marketing\\\/#\\\/schema\\\/person\\\/02daff9f18bd9378c9e01eb6b2db155f\"},\"headline\":\"MasterChef+: Pietro e Astro conquistam paladar dos jurados com ceia natalina e levam t\u00edtulo da primeira temporada\",\"datePublished\":\"2022-12-14T18:15:07+00:00\",\"mainEntityOfPage\":{\"@id\":\"https:\\\/\\\/www.cidademarketing.com.br\\\/marketing\\\/2022\\\/12\\\/14\\\/masterchef-pietro-e-astro-conquistam-paladar-dos-jurados-com-ceia-natalina-e-levam-titulo-da-primeira-temporada\\\/\"},\"wordCount\":466,\"commentCount\":0,\"publisher\":{\"@id\":\"https:\\\/\\\/www.cidademarketing.com.br\\\/marketing\\\/#organization\"},\"image\":{\"@id\":\"https:\\\/\\\/www.cidademarketing.com.br\\\/marketing\\\/2022\\\/12\\\/14\\\/masterchef-pietro-e-astro-conquistam-paladar-dos-jurados-com-ceia-natalina-e-levam-titulo-da-primeira-temporada\\\/#primaryimage\"},\"thumbnailUrl\":\"https:\\\/\\\/www.cidademarketing.com.br\\\/marketing\\\/wp-content\\\/uploads\\\/2022\\\/12\\\/masterchef_.jpg\",\"keywords\":[\"Band\",\"campanha\",\"estrat\u00e9gia\",\"marketing\",\"Masterchef\"],\"articleSection\":[\"Not\u00edcias\"],\"inLanguage\":\"pt-BR\",\"potentialAction\":[{\"@type\":\"CommentAction\",\"name\":\"Comment\",\"target\":[\"https:\\\/\\\/www.cidademarketing.com.br\\\/marketing\\\/2022\\\/12\\\/14\\\/masterchef-pietro-e-astro-conquistam-paladar-dos-jurados-com-ceia-natalina-e-levam-titulo-da-primeira-temporada\\\/#respond\"]}]},{\"@type\":\"WebPage\",\"@id\":\"https:\\\/\\\/www.cidademarketing.com.br\\\/marketing\\\/2022\\\/12\\\/14\\\/masterchef-pietro-e-astro-conquistam-paladar-dos-jurados-com-ceia-natalina-e-levam-titulo-da-primeira-temporada\\\/\",\"url\":\"https:\\\/\\\/www.cidademarketing.com.br\\\/marketing\\\/2022\\\/12\\\/14\\\/masterchef-pietro-e-astro-conquistam-paladar-dos-jurados-com-ceia-natalina-e-levam-titulo-da-primeira-temporada\\\/\",\"name\":\"MasterChef+: Pietro e Astro conquistam paladar dos jurados com ceia natalina e levam t\u00edtulo da primeira temporada - CidadeMarketing\",\"isPartOf\":{\"@id\":\"https:\\\/\\\/www.cidademarketing.com.br\\\/marketing\\\/#website\"},\"primaryImageOfPage\":{\"@id\":\"https:\\\/\\\/www.cidademarketing.com.br\\\/marketing\\\/2022\\\/12\\\/14\\\/masterchef-pietro-e-astro-conquistam-paladar-dos-jurados-com-ceia-natalina-e-levam-titulo-da-primeira-temporada\\\/#primaryimage\"},\"image\":{\"@id\":\"https:\\\/\\\/www.cidademarketing.com.br\\\/marketing\\\/2022\\\/12\\\/14\\\/masterchef-pietro-e-astro-conquistam-paladar-dos-jurados-com-ceia-natalina-e-levam-titulo-da-primeira-temporada\\\/#primaryimage\"},\"thumbnailUrl\":\"https:\\\/\\\/www.cidademarketing.com.br\\\/marketing\\\/wp-content\\\/uploads\\\/2022\\\/12\\\/masterchef_.jpg\",\"datePublished\":\"2022-12-14T18:15:07+00:00\",\"breadcrumb\":{\"@id\":\"https:\\\/\\\/www.cidademarketing.com.br\\\/marketing\\\/2022\\\/12\\\/14\\\/masterchef-pietro-e-astro-conquistam-paladar-dos-jurados-com-ceia-natalina-e-levam-titulo-da-primeira-temporada\\\/#breadcrumb\"},\"inLanguage\":\"pt-BR\",\"potentialAction\":[{\"@type\":\"ReadAction\",\"target\":[\"https:\\\/\\\/www.cidademarketing.com.br\\\/marketing\\\/2022\\\/12\\\/14\\\/masterchef-pietro-e-astro-conquistam-paladar-dos-jurados-com-ceia-natalina-e-levam-titulo-da-primeira-temporada\\\/\"]}]},{\"@type\":\"ImageObject\",\"inLanguage\":\"pt-BR\",\"@id\":\"https:\\\/\\\/www.cidademarketing.com.br\\\/marketing\\\/2022\\\/12\\\/14\\\/masterchef-pietro-e-astro-conquistam-paladar-dos-jurados-com-ceia-natalina-e-levam-titulo-da-primeira-temporada\\\/#primaryimage\",\"url\":\"https:\\\/\\\/www.cidademarketing.com.br\\\/marketing\\\/wp-content\\\/uploads\\\/2022\\\/12\\\/masterchef_.jpg\",\"contentUrl\":\"https:\\\/\\\/www.cidademarketing.com.br\\\/marketing\\\/wp-content\\\/uploads\\\/2022\\\/12\\\/masterchef_.jpg\",\"width\":2048,\"height\":1365,\"caption\":\"Pietro e Astro celebram vit\u00f3ria no MasterChef+. Cr\u00e9dito da foto: Melissa Haidar\\\/Band\"},{\"@type\":\"BreadcrumbList\",\"@id\":\"https:\\\/\\\/www.cidademarketing.com.br\\\/marketing\\\/2022\\\/12\\\/14\\\/masterchef-pietro-e-astro-conquistam-paladar-dos-jurados-com-ceia-natalina-e-levam-titulo-da-primeira-temporada\\\/#breadcrumb\",\"itemListElement\":[{\"@type\":\"ListItem\",\"position\":1,\"name\":\"In\u00edcio\",\"item\":\"https:\\\/\\\/www.cidademarketing.com.br\\\/marketing\\\/\"},{\"@type\":\"ListItem\",\"position\":2,\"name\":\"MasterChef+: Pietro e Astro conquistam paladar dos jurados com ceia natalina e levam t\u00edtulo da primeira temporada\"}]},{\"@type\":\"WebSite\",\"@id\":\"https:\\\/\\\/www.cidademarketing.com.br\\\/marketing\\\/#website\",\"url\":\"https:\\\/\\\/www.cidademarketing.com.br\\\/marketing\\\/\",\"name\":\"CidadeMarketing\",\"description\":\"Somos um ve\u00edculo de comunica\u00e7\u00e3o de destaque no Brasil, reconhecido por conte\u00fados nos segmentos de marketing, empreendedorismo e inova\u00e7\u00e3o.\",\"publisher\":{\"@id\":\"https:\\\/\\\/www.cidademarketing.com.br\\\/marketing\\\/#organization\"},\"alternateName\":\"CidadeMarketing\",\"potentialAction\":[{\"@type\":\"SearchAction\",\"target\":{\"@type\":\"EntryPoint\",\"urlTemplate\":\"https:\\\/\\\/www.cidademarketing.com.br\\\/marketing\\\/?s={search_term_string}\"},\"query-input\":{\"@type\":\"PropertyValueSpecification\",\"valueRequired\":true,\"valueName\":\"search_term_string\"}}],\"inLanguage\":\"pt-BR\"},{\"@type\":\"Organization\",\"@id\":\"https:\\\/\\\/www.cidademarketing.com.br\\\/marketing\\\/#organization\",\"name\":\"CidadeMarketing\",\"alternateName\":\"CidadeMarketing\",\"url\":\"https:\\\/\\\/www.cidademarketing.com.br\\\/marketing\\\/\",\"logo\":{\"@type\":\"ImageObject\",\"inLanguage\":\"pt-BR\",\"@id\":\"https:\\\/\\\/www.cidademarketing.com.br\\\/marketing\\\/#\\\/schema\\\/logo\\\/image\\\/\",\"url\":\"https:\\\/\\\/www.cidademarketing.com.br\\\/marketing\\\/wp-content\\\/uploads\\\/2020\\\/01\\\/cidademarketing_marca_mobile.png\",\"contentUrl\":\"https:\\\/\\\/www.cidademarketing.com.br\\\/marketing\\\/wp-content\\\/uploads\\\/2020\\\/01\\\/cidademarketing_marca_mobile.png\",\"width\":230,\"height\":92,\"caption\":\"CidadeMarketing\"},\"image\":{\"@id\":\"https:\\\/\\\/www.cidademarketing.com.br\\\/marketing\\\/#\\\/schema\\\/logo\\\/image\\\/\"},\"sameAs\":[\"https:\\\/\\\/www.facebook.com\\\/portalcidademarketing\",\"https:\\\/\\\/x.com\\\/CidadeMarketing\",\"https:\\\/\\\/www.instagram.com\\\/cidademarketing\\\/\"]},{\"@type\":\"Person\",\"@id\":\"https:\\\/\\\/www.cidademarketing.com.br\\\/marketing\\\/#\\\/schema\\\/person\\\/02daff9f18bd9378c9e01eb6b2db155f\",\"name\":\"Thales Brand\u00e3o\",\"image\":{\"@type\":\"ImageObject\",\"inLanguage\":\"pt-BR\",\"@id\":\"https:\\\/\\\/secure.gravatar.com\\\/avatar\\\/7ca3206950207cc3cb48feec56a8a7898741ab725c368d99d5d7a5a50aab80c6?s=96&d=mm&r=g\",\"url\":\"https:\\\/\\\/secure.gravatar.com\\\/avatar\\\/7ca3206950207cc3cb48feec56a8a7898741ab725c368d99d5d7a5a50aab80c6?s=96&d=mm&r=g\",\"contentUrl\":\"https:\\\/\\\/secure.gravatar.com\\\/avatar\\\/7ca3206950207cc3cb48feec56a8a7898741ab725c368d99d5d7a5a50aab80c6?s=96&d=mm&r=g\",\"caption\":\"Thales Brand\u00e3o\"},\"description\":\"Editor Executivo do Portal CidadeMarketing.com.br &gt; Mestre em Comunica\u00e7\u00e3o e Sociedade pela Universidade Federal de Sergipe. Possui MBA Executivo em Administra\u00e7\u00e3o com \u00eanfase em Marketing pela Funda\u00e7\u00e3o Get\u00falio Vargas - Rio de Janeiro. Consultor, Palestrante e Pesquisador sobre Empreendedorismo, Marketing, Redes Sociais e Neg\u00f3cios Digitais. Professor, Palestrante TedxTalks e Campus Party. Twitter: @ThalesBrandao\",\"sameAs\":[\"http:\\\/\\\/www.mandacaru.com.br\",\"https:\\\/\\\/www.facebook.com\\\/thalesbrandao\",\"http:\\\/\\\/www.instagram.com.br\\\/thalesbrandaoferreira\",\"https:\\\/\\\/www.linkedin.com\\\/in\\\/thales-brand\u00e3o-3948609\\\/\",\"https:\\\/\\\/x.com\\\/http:\\\/\\\/www.twitter.com\\\/thalesbrandao\"],\"url\":\"https:\\\/\\\/www.cidademarketing.com.br\\\/marketing\\\/author\\\/thalesbrandao\\\/\"}]}<\/script>\n<!-- \/ Yoast SEO plugin. -->","yoast_head_json":{"title":"MasterChef+: Pietro e Astro conquistam paladar dos jurados com ceia natalina e levam t\u00edtulo da primeira temporada - CidadeMarketing","robots":{"index":"index","follow":"follow","max-snippet":"max-snippet:-1","max-image-preview":"max-image-preview:large","max-video-preview":"max-video-preview:-1"},"canonical":"https:\/\/www.cidademarketing.com.br\/marketing\/2022\/12\/14\/masterchef-pietro-e-astro-conquistam-paladar-dos-jurados-com-ceia-natalina-e-levam-titulo-da-primeira-temporada\/","og_locale":"pt_BR","og_type":"article","og_title":"MasterChef+: Pietro e Astro conquistam paladar dos jurados com ceia natalina e levam t\u00edtulo da primeira temporada - CidadeMarketing","og_description":"A grande final do MasterChef+, apresentada na noite dessa ter\u00e7a-feira (13), foi marcada pela vit\u00f3ria de Astro e Pietro. Os cozinheiros amadores, de 80 e 70 anos, respectivamente, conquistaram o paladar dos jurados com uma ceia de Natal que contou com carr\u00e9 de cordeiro, pur\u00ea de batata cremoso e farofa. Para a sobremesa, os participantes [&hellip;]","og_url":"https:\/\/www.cidademarketing.com.br\/marketing\/2022\/12\/14\/masterchef-pietro-e-astro-conquistam-paladar-dos-jurados-com-ceia-natalina-e-levam-titulo-da-primeira-temporada\/","og_site_name":"CidadeMarketing","article_publisher":"https:\/\/www.facebook.com\/portalcidademarketing","article_author":"https:\/\/www.facebook.com\/thalesbrandao","article_published_time":"2022-12-14T18:15:07+00:00","og_image":[{"width":2048,"height":1365,"url":"https:\/\/www.cidademarketing.com.br\/marketing\/wp-content\/uploads\/2022\/12\/masterchef_.jpg","type":"image\/jpeg"}],"author":"Thales Brand\u00e3o","twitter_card":"summary_large_image","twitter_creator":"@http:\/\/www.twitter.com\/thalesbrandao","twitter_site":"@CidadeMarketing","twitter_misc":{"Escrito por":"Thales Brand\u00e3o","Est. tempo de leitura":"2 minutos"},"schema":{"@context":"https:\/\/schema.org","@graph":[{"@type":"Article","@id":"https:\/\/www.cidademarketing.com.br\/marketing\/2022\/12\/14\/masterchef-pietro-e-astro-conquistam-paladar-dos-jurados-com-ceia-natalina-e-levam-titulo-da-primeira-temporada\/#article","isPartOf":{"@id":"https:\/\/www.cidademarketing.com.br\/marketing\/2022\/12\/14\/masterchef-pietro-e-astro-conquistam-paladar-dos-jurados-com-ceia-natalina-e-levam-titulo-da-primeira-temporada\/"},"author":{"name":"Thales Brand\u00e3o","@id":"https:\/\/www.cidademarketing.com.br\/marketing\/#\/schema\/person\/02daff9f18bd9378c9e01eb6b2db155f"},"headline":"MasterChef+: Pietro e Astro conquistam paladar dos jurados com ceia natalina e levam t\u00edtulo da primeira temporada","datePublished":"2022-12-14T18:15:07+00:00","mainEntityOfPage":{"@id":"https:\/\/www.cidademarketing.com.br\/marketing\/2022\/12\/14\/masterchef-pietro-e-astro-conquistam-paladar-dos-jurados-com-ceia-natalina-e-levam-titulo-da-primeira-temporada\/"},"wordCount":466,"commentCount":0,"publisher":{"@id":"https:\/\/www.cidademarketing.com.br\/marketing\/#organization"},"image":{"@id":"https:\/\/www.cidademarketing.com.br\/marketing\/2022\/12\/14\/masterchef-pietro-e-astro-conquistam-paladar-dos-jurados-com-ceia-natalina-e-levam-titulo-da-primeira-temporada\/#primaryimage"},"thumbnailUrl":"https:\/\/www.cidademarketing.com.br\/marketing\/wp-content\/uploads\/2022\/12\/masterchef_.jpg","keywords":["Band","campanha","estrat\u00e9gia","marketing","Masterchef"],"articleSection":["Not\u00edcias"],"inLanguage":"pt-BR","potentialAction":[{"@type":"CommentAction","name":"Comment","target":["https:\/\/www.cidademarketing.com.br\/marketing\/2022\/12\/14\/masterchef-pietro-e-astro-conquistam-paladar-dos-jurados-com-ceia-natalina-e-levam-titulo-da-primeira-temporada\/#respond"]}]},{"@type":"WebPage","@id":"https:\/\/www.cidademarketing.com.br\/marketing\/2022\/12\/14\/masterchef-pietro-e-astro-conquistam-paladar-dos-jurados-com-ceia-natalina-e-levam-titulo-da-primeira-temporada\/","url":"https:\/\/www.cidademarketing.com.br\/marketing\/2022\/12\/14\/masterchef-pietro-e-astro-conquistam-paladar-dos-jurados-com-ceia-natalina-e-levam-titulo-da-primeira-temporada\/","name":"MasterChef+: Pietro e Astro conquistam paladar dos jurados com ceia natalina e levam t\u00edtulo da primeira temporada - CidadeMarketing","isPartOf":{"@id":"https:\/\/www.cidademarketing.com.br\/marketing\/#website"},"primaryImageOfPage":{"@id":"https:\/\/www.cidademarketing.com.br\/marketing\/2022\/12\/14\/masterchef-pietro-e-astro-conquistam-paladar-dos-jurados-com-ceia-natalina-e-levam-titulo-da-primeira-temporada\/#primaryimage"},"image":{"@id":"https:\/\/www.cidademarketing.com.br\/marketing\/2022\/12\/14\/masterchef-pietro-e-astro-conquistam-paladar-dos-jurados-com-ceia-natalina-e-levam-titulo-da-primeira-temporada\/#primaryimage"},"thumbnailUrl":"https:\/\/www.cidademarketing.com.br\/marketing\/wp-content\/uploads\/2022\/12\/masterchef_.jpg","datePublished":"2022-12-14T18:15:07+00:00","breadcrumb":{"@id":"https:\/\/www.cidademarketing.com.br\/marketing\/2022\/12\/14\/masterchef-pietro-e-astro-conquistam-paladar-dos-jurados-com-ceia-natalina-e-levam-titulo-da-primeira-temporada\/#breadcrumb"},"inLanguage":"pt-BR","potentialAction":[{"@type":"ReadAction","target":["https:\/\/www.cidademarketing.com.br\/marketing\/2022\/12\/14\/masterchef-pietro-e-astro-conquistam-paladar-dos-jurados-com-ceia-natalina-e-levam-titulo-da-primeira-temporada\/"]}]},{"@type":"ImageObject","inLanguage":"pt-BR","@id":"https:\/\/www.cidademarketing.com.br\/marketing\/2022\/12\/14\/masterchef-pietro-e-astro-conquistam-paladar-dos-jurados-com-ceia-natalina-e-levam-titulo-da-primeira-temporada\/#primaryimage","url":"https:\/\/www.cidademarketing.com.br\/marketing\/wp-content\/uploads\/2022\/12\/masterchef_.jpg","contentUrl":"https:\/\/www.cidademarketing.com.br\/marketing\/wp-content\/uploads\/2022\/12\/masterchef_.jpg","width":2048,"height":1365,"caption":"Pietro e Astro celebram vit\u00f3ria no MasterChef+. Cr\u00e9dito da foto: Melissa Haidar\/Band"},{"@type":"BreadcrumbList","@id":"https:\/\/www.cidademarketing.com.br\/marketing\/2022\/12\/14\/masterchef-pietro-e-astro-conquistam-paladar-dos-jurados-com-ceia-natalina-e-levam-titulo-da-primeira-temporada\/#breadcrumb","itemListElement":[{"@type":"ListItem","position":1,"name":"In\u00edcio","item":"https:\/\/www.cidademarketing.com.br\/marketing\/"},{"@type":"ListItem","position":2,"name":"MasterChef+: Pietro e Astro conquistam paladar dos jurados com ceia natalina e levam t\u00edtulo da primeira temporada"}]},{"@type":"WebSite","@id":"https:\/\/www.cidademarketing.com.br\/marketing\/#website","url":"https:\/\/www.cidademarketing.com.br\/marketing\/","name":"CidadeMarketing","description":"Somos um ve\u00edculo de comunica\u00e7\u00e3o de destaque no Brasil, reconhecido por conte\u00fados nos segmentos de marketing, empreendedorismo e inova\u00e7\u00e3o.","publisher":{"@id":"https:\/\/www.cidademarketing.com.br\/marketing\/#organization"},"alternateName":"CidadeMarketing","potentialAction":[{"@type":"SearchAction","target":{"@type":"EntryPoint","urlTemplate":"https:\/\/www.cidademarketing.com.br\/marketing\/?s={search_term_string}"},"query-input":{"@type":"PropertyValueSpecification","valueRequired":true,"valueName":"search_term_string"}}],"inLanguage":"pt-BR"},{"@type":"Organization","@id":"https:\/\/www.cidademarketing.com.br\/marketing\/#organization","name":"CidadeMarketing","alternateName":"CidadeMarketing","url":"https:\/\/www.cidademarketing.com.br\/marketing\/","logo":{"@type":"ImageObject","inLanguage":"pt-BR","@id":"https:\/\/www.cidademarketing.com.br\/marketing\/#\/schema\/logo\/image\/","url":"https:\/\/www.cidademarketing.com.br\/marketing\/wp-content\/uploads\/2020\/01\/cidademarketing_marca_mobile.png","contentUrl":"https:\/\/www.cidademarketing.com.br\/marketing\/wp-content\/uploads\/2020\/01\/cidademarketing_marca_mobile.png","width":230,"height":92,"caption":"CidadeMarketing"},"image":{"@id":"https:\/\/www.cidademarketing.com.br\/marketing\/#\/schema\/logo\/image\/"},"sameAs":["https:\/\/www.facebook.com\/portalcidademarketing","https:\/\/x.com\/CidadeMarketing","https:\/\/www.instagram.com\/cidademarketing\/"]},{"@type":"Person","@id":"https:\/\/www.cidademarketing.com.br\/marketing\/#\/schema\/person\/02daff9f18bd9378c9e01eb6b2db155f","name":"Thales Brand\u00e3o","image":{"@type":"ImageObject","inLanguage":"pt-BR","@id":"https:\/\/secure.gravatar.com\/avatar\/7ca3206950207cc3cb48feec56a8a7898741ab725c368d99d5d7a5a50aab80c6?s=96&d=mm&r=g","url":"https:\/\/secure.gravatar.com\/avatar\/7ca3206950207cc3cb48feec56a8a7898741ab725c368d99d5d7a5a50aab80c6?s=96&d=mm&r=g","contentUrl":"https:\/\/secure.gravatar.com\/avatar\/7ca3206950207cc3cb48feec56a8a7898741ab725c368d99d5d7a5a50aab80c6?s=96&d=mm&r=g","caption":"Thales Brand\u00e3o"},"description":"Editor Executivo do Portal CidadeMarketing.com.br &gt; Mestre em Comunica\u00e7\u00e3o e Sociedade pela Universidade Federal de Sergipe. Possui MBA Executivo em Administra\u00e7\u00e3o com \u00eanfase em Marketing pela Funda\u00e7\u00e3o Get\u00falio Vargas - Rio de Janeiro. Consultor, Palestrante e Pesquisador sobre Empreendedorismo, Marketing, Redes Sociais e Neg\u00f3cios Digitais. Professor, Palestrante TedxTalks e Campus Party. Twitter: @ThalesBrandao","sameAs":["http:\/\/www.mandacaru.com.br","https:\/\/www.facebook.com\/thalesbrandao","http:\/\/www.instagram.com.br\/thalesbrandaoferreira","https:\/\/www.linkedin.com\/in\/thales-brand\u00e3o-3948609\/","https:\/\/x.com\/http:\/\/www.twitter.com\/thalesbrandao"],"url":"https:\/\/www.cidademarketing.com.br\/marketing\/author\/thalesbrandao\/"}]}},"amp_enabled":true,"_links":{"self":[{"href":"https:\/\/www.cidademarketing.com.br\/marketing\/wp-json\/wp\/v2\/posts\/41507","targetHints":{"allow":["GET"]}}],"collection":[{"href":"https:\/\/www.cidademarketing.com.br\/marketing\/wp-json\/wp\/v2\/posts"}],"about":[{"href":"https:\/\/www.cidademarketing.com.br\/marketing\/wp-json\/wp\/v2\/types\/post"}],"author":[{"embeddable":true,"href":"https:\/\/www.cidademarketing.com.br\/marketing\/wp-json\/wp\/v2\/users\/1"}],"replies":[{"embeddable":true,"href":"https:\/\/www.cidademarketing.com.br\/marketing\/wp-json\/wp\/v2\/comments?post=41507"}],"version-history":[{"count":1,"href":"https:\/\/www.cidademarketing.com.br\/marketing\/wp-json\/wp\/v2\/posts\/41507\/revisions"}],"predecessor-version":[{"id":41509,"href":"https:\/\/www.cidademarketing.com.br\/marketing\/wp-json\/wp\/v2\/posts\/41507\/revisions\/41509"}],"wp:featuredmedia":[{"embeddable":true,"href":"https:\/\/www.cidademarketing.com.br\/marketing\/wp-json\/wp\/v2\/media\/41508"}],"wp:attachment":[{"href":"https:\/\/www.cidademarketing.com.br\/marketing\/wp-json\/wp\/v2\/media?parent=41507"}],"wp:term":[{"taxonomy":"category","embeddable":true,"href":"https:\/\/www.cidademarketing.com.br\/marketing\/wp-json\/wp\/v2\/categories?post=41507"},{"taxonomy":"post_tag","embeddable":true,"href":"https:\/\/www.cidademarketing.com.br\/marketing\/wp-json\/wp\/v2\/tags?post=41507"}],"curies":[{"name":"wp","href":"https:\/\/api.w.org\/{rel}","templated":true}]}}