{"id":4141,"date":"2018-12-18T17:39:57","date_gmt":"2018-12-18T19:39:57","guid":{"rendered":"http:\/\/www.cidademarketing.com.br\/marketing\/?p=4141"},"modified":"2018-12-18T17:39:59","modified_gmt":"2018-12-18T19:39:59","slug":"23-dos-consumidores-que-presentearam-no-natal-de-2017-ficaram-com-nome-sujo-em-razao-das-compras-realizadas","status":"publish","type":"post","link":"https:\/\/www.cidademarketing.com.br\/marketing\/2018\/12\/18\/23-dos-consumidores-que-presentearam-no-natal-de-2017-ficaram-com-nome-sujo-em-razao-das-compras-realizadas\/","title":{"rendered":"23% dos consumidores que presentearam no Natal de 2017 ficaram com nome sujo em raz\u00e3o das compras realizadas"},"content":{"rendered":"\n<p>O apelo emocional das festas de Natal e Ano Novo faz com que muitas pessoas tomem decis\u00f5es financeiras impensadas nesta \u00e9poca e, consequentemente, comprometam o or\u00e7amento. Uma pesquisa realizada pela Confedera\u00e7\u00e3o Nacional de Dirigentes Lojistas (CNDL) e pelo Servi\u00e7o de Prote\u00e7\u00e3o ao Cr\u00e9dito (SPC Brasil) revela que dois em cada dez (19%) consumidores admitem que costumam gastar mais do que podem com as compras de Natal \u2014 percentual maior entre as mulheres (23%) e nas classes C, D e E (22%).<\/p>\n\n\n\n<p>O levantamento tamb\u00e9m mostra que 5% dos brasileiros que v\u00e3o presentear no Natal pretendem deixar de pagar alguma conta para fazer suas compras de fim de ano, enquanto 5% devem protelar algumas despesas para realizar as comemora\u00e7\u00f5es de Natal e outros 5% para participar das festas de Ano Novo. Entre as principais contas que devem ser postergadas est\u00e3o: TV por assinatura (20%), cart\u00e3o de cr\u00e9dito (16%), internet (16%) e \u00e1gua e luz (8%).<\/p>\n\n\n\n<p>A economista-chefe do SPC Brasil, Marcela Kawauti, ressalta a import\u00e2ncia de resistir aos excessos de consumo e alerta para o risco da inadimpl\u00eancia, principalmente com as despesas do cart\u00e3o de cr\u00e9dito. \u201cEmbora o Natal seja uma data tradicional, as pessoas precisam ter cautela ao sair gastando sem controle. Vale dar aten\u00e7\u00e3o extra ao cart\u00e3o e n\u00e3o deixar de lado o pagamento da fatura, que possui altas taxas de juros e pode comprometer o or\u00e7amento. Se n\u00e3o houver disciplina e organiza\u00e7\u00e3o, pode ficar dif\u00edcil saber at\u00e9 mesmo o quanto foi gasto\u201d destaca.<\/p>\n\n\n\n<p><strong>23% dos consumidores que presentearam no Natal de 2017 ficaram com nome sujo em raz\u00e3o das compras realizadas<\/strong><\/p>\n\n\n\n<p>Dados da pesquisa apontam ainda que 28% dos consumidores que v\u00e3o comprar presentes este ano possuem contas em atraso atualmente \u2014 com queda de 6 pontos percentuais em rela\u00e7\u00e3o ao ano passado), dos quais 69% est\u00e3o com o nome sujo no momento. J\u00e1 23% dos que compraram presentes em 2017 e v\u00e3o presentear este ano ficaram negativados por causa das d\u00edvidas pendentes com as compras do fim do \u00faltimo ano, sendo que 15% permanecem com restri\u00e7\u00e3o no CPF e 8% limparam o nome. Entre os que souberam informar, o valor m\u00e9dio das d\u00edvidas respons\u00e1veis pela negativa\u00e7\u00e3o \u00e9 de R$ 1.070,53.<\/p>\n\n\n\n<p>\u201cO ideal \u00e9 n\u00e3o extrapolar os gastos e adotar um comportamento que esteja de acordo com sua realidade financeira. Se a pessoa acumula d\u00edvidas, assumir novos compromissos poder\u00e1 piorar ainda mais este quadro\u201d, avalia o educador financeiro do SPC Brasil, Jos\u00e9 Vignoli. O especialista recomenda que seja feito um planejamento pr\u00e9vio. \u201cElaborar uma lista com todas as pessoas a serem presenteadas, o valor a ser gasto com cada presente e dos preparativos para as comemora\u00e7\u00f5es \u00e9 uma boa estrat\u00e9gia para evitar compras por impulso\u201d, orienta.<\/p>\n\n\n\n<p><strong>Metodologia<\/strong><\/p>\n\n\n\n<p>As entrevistas se dividiram em duas partes. Inicialmente ouviu-se 761 consumidores nas 27 capitais para identificar o percentual de quem pretendia ir \u00e0s compras no Natal e, depois, a partir de 607 casos, investigou-se em detalhes o comportamento de consumo no Natal. A margem de erro \u00e9 de no m\u00e1ximo 3,5 e 4,0 pontos percentuais, respectivamente. A margem de confian\u00e7a \u00e9 de 95%.<\/p>\n","protected":false},"excerpt":{"rendered":"<p>O apelo emocional das festas de Natal e Ano Novo faz com que muitas pessoas tomem decis\u00f5es financeiras impensadas nesta \u00e9poca e, consequentemente, comprometam o or\u00e7amento. Uma pesquisa realizada pela Confedera\u00e7\u00e3o Nacional de Dirigentes Lojistas (CNDL) e pelo Servi\u00e7o de Prote\u00e7\u00e3o ao Cr\u00e9dito (SPC Brasil) revela que dois em cada dez (19%) consumidores admitem que [&hellip;]<\/p>\n","protected":false},"author":1,"featured_media":4142,"comment_status":"open","ping_status":"open","sticky":false,"template":"","format":"standard","meta":{"tdm_status":"","tdm_grid_status":"","footnotes":""},"categories":[6,1],"tags":[750,669],"class_list":["post-4141","post","type-post","status-publish","format-standard","has-post-thumbnail","hentry","category-noticias","category-pesquisademercado","tag-consumidores","tag-natal"],"yoast_head":"<!-- This site is optimized with the Yoast SEO plugin v27.4 - https:\/\/yoast.com\/product\/yoast-seo-wordpress\/ -->\n<title>23% dos consumidores que presentearam no Natal de 2017 ficaram com nome sujo em raz\u00e3o das compras realizadas - CidadeMarketing<\/title>\n<meta name=\"robots\" content=\"index, follow, max-snippet:-1, max-image-preview:large, max-video-preview:-1\" \/>\n<link rel=\"canonical\" href=\"https:\/\/www.cidademarketing.com.br\/marketing\/2018\/12\/18\/23-dos-consumidores-que-presentearam-no-natal-de-2017-ficaram-com-nome-sujo-em-razao-das-compras-realizadas\/\" \/>\n<meta property=\"og:locale\" content=\"pt_BR\" \/>\n<meta property=\"og:type\" content=\"article\" \/>\n<meta property=\"og:title\" content=\"23% dos consumidores que presentearam no Natal de 2017 ficaram com nome sujo em raz\u00e3o das compras realizadas - CidadeMarketing\" \/>\n<meta property=\"og:description\" content=\"O apelo emocional das festas de Natal e Ano Novo faz com que muitas pessoas tomem decis\u00f5es financeiras impensadas nesta \u00e9poca e, consequentemente, comprometam o or\u00e7amento. Uma pesquisa realizada pela Confedera\u00e7\u00e3o Nacional de Dirigentes Lojistas (CNDL) e pelo Servi\u00e7o de Prote\u00e7\u00e3o ao Cr\u00e9dito (SPC Brasil) revela que dois em cada dez (19%) consumidores admitem que [&hellip;]\" \/>\n<meta property=\"og:url\" content=\"https:\/\/www.cidademarketing.com.br\/marketing\/2018\/12\/18\/23-dos-consumidores-que-presentearam-no-natal-de-2017-ficaram-com-nome-sujo-em-razao-das-compras-realizadas\/\" \/>\n<meta property=\"og:site_name\" content=\"CidadeMarketing\" \/>\n<meta property=\"article:publisher\" content=\"https:\/\/www.facebook.com\/portalcidademarketing\" \/>\n<meta property=\"article:author\" content=\"https:\/\/www.facebook.com\/thalesbrandao\" \/>\n<meta property=\"article:published_time\" content=\"2018-12-18T19:39:57+00:00\" \/>\n<meta property=\"article:modified_time\" content=\"2018-12-18T19:39:59+00:00\" \/>\n<meta property=\"og:image\" content=\"https:\/\/www.cidademarketing.com.br\/marketing\/wp-content\/uploads\/2018\/12\/presente.jpg\" \/>\n\t<meta property=\"og:image:width\" content=\"938\" \/>\n\t<meta property=\"og:image:height\" content=\"1000\" \/>\n\t<meta property=\"og:image:type\" content=\"image\/jpeg\" \/>\n<meta name=\"author\" content=\"Thales Brand\u00e3o\" \/>\n<meta name=\"twitter:card\" content=\"summary_large_image\" \/>\n<meta name=\"twitter:creator\" content=\"@http:\/\/www.twitter.com\/thalesbrandao\" \/>\n<meta name=\"twitter:site\" content=\"@CidadeMarketing\" \/>\n<meta name=\"twitter:label1\" content=\"Escrito por\" \/>\n\t<meta name=\"twitter:data1\" content=\"Thales Brand\u00e3o\" \/>\n\t<meta name=\"twitter:label2\" content=\"Est. tempo de leitura\" \/>\n\t<meta name=\"twitter:data2\" content=\"3 minutos\" \/>\n<script type=\"application\/ld+json\" class=\"yoast-schema-graph\">{\"@context\":\"https:\\\/\\\/schema.org\",\"@graph\":[{\"@type\":\"Article\",\"@id\":\"https:\\\/\\\/www.cidademarketing.com.br\\\/marketing\\\/2018\\\/12\\\/18\\\/23-dos-consumidores-que-presentearam-no-natal-de-2017-ficaram-com-nome-sujo-em-razao-das-compras-realizadas\\\/#article\",\"isPartOf\":{\"@id\":\"https:\\\/\\\/www.cidademarketing.com.br\\\/marketing\\\/2018\\\/12\\\/18\\\/23-dos-consumidores-que-presentearam-no-natal-de-2017-ficaram-com-nome-sujo-em-razao-das-compras-realizadas\\\/\"},\"author\":{\"name\":\"Thales Brand\u00e3o\",\"@id\":\"https:\\\/\\\/www.cidademarketing.com.br\\\/marketing\\\/#\\\/schema\\\/person\\\/02daff9f18bd9378c9e01eb6b2db155f\"},\"headline\":\"23% dos consumidores que presentearam no Natal de 2017 ficaram com nome sujo em raz\u00e3o das compras realizadas\",\"datePublished\":\"2018-12-18T19:39:57+00:00\",\"dateModified\":\"2018-12-18T19:39:59+00:00\",\"mainEntityOfPage\":{\"@id\":\"https:\\\/\\\/www.cidademarketing.com.br\\\/marketing\\\/2018\\\/12\\\/18\\\/23-dos-consumidores-que-presentearam-no-natal-de-2017-ficaram-com-nome-sujo-em-razao-das-compras-realizadas\\\/\"},\"wordCount\":537,\"commentCount\":0,\"publisher\":{\"@id\":\"https:\\\/\\\/www.cidademarketing.com.br\\\/marketing\\\/#organization\"},\"image\":{\"@id\":\"https:\\\/\\\/www.cidademarketing.com.br\\\/marketing\\\/2018\\\/12\\\/18\\\/23-dos-consumidores-que-presentearam-no-natal-de-2017-ficaram-com-nome-sujo-em-razao-das-compras-realizadas\\\/#primaryimage\"},\"thumbnailUrl\":\"https:\\\/\\\/www.cidademarketing.com.br\\\/marketing\\\/wp-content\\\/uploads\\\/2018\\\/12\\\/presente.jpg\",\"keywords\":[\"consumidores\",\"Natal\"],\"articleSection\":[\"Not\u00edcias\",\"Pesquisa de Mercado\"],\"inLanguage\":\"pt-BR\",\"potentialAction\":[{\"@type\":\"CommentAction\",\"name\":\"Comment\",\"target\":[\"https:\\\/\\\/www.cidademarketing.com.br\\\/marketing\\\/2018\\\/12\\\/18\\\/23-dos-consumidores-que-presentearam-no-natal-de-2017-ficaram-com-nome-sujo-em-razao-das-compras-realizadas\\\/#respond\"]}]},{\"@type\":\"WebPage\",\"@id\":\"https:\\\/\\\/www.cidademarketing.com.br\\\/marketing\\\/2018\\\/12\\\/18\\\/23-dos-consumidores-que-presentearam-no-natal-de-2017-ficaram-com-nome-sujo-em-razao-das-compras-realizadas\\\/\",\"url\":\"https:\\\/\\\/www.cidademarketing.com.br\\\/marketing\\\/2018\\\/12\\\/18\\\/23-dos-consumidores-que-presentearam-no-natal-de-2017-ficaram-com-nome-sujo-em-razao-das-compras-realizadas\\\/\",\"name\":\"23% dos consumidores que presentearam no Natal de 2017 ficaram com nome sujo em raz\u00e3o das compras realizadas - CidadeMarketing\",\"isPartOf\":{\"@id\":\"https:\\\/\\\/www.cidademarketing.com.br\\\/marketing\\\/#website\"},\"primaryImageOfPage\":{\"@id\":\"https:\\\/\\\/www.cidademarketing.com.br\\\/marketing\\\/2018\\\/12\\\/18\\\/23-dos-consumidores-que-presentearam-no-natal-de-2017-ficaram-com-nome-sujo-em-razao-das-compras-realizadas\\\/#primaryimage\"},\"image\":{\"@id\":\"https:\\\/\\\/www.cidademarketing.com.br\\\/marketing\\\/2018\\\/12\\\/18\\\/23-dos-consumidores-que-presentearam-no-natal-de-2017-ficaram-com-nome-sujo-em-razao-das-compras-realizadas\\\/#primaryimage\"},\"thumbnailUrl\":\"https:\\\/\\\/www.cidademarketing.com.br\\\/marketing\\\/wp-content\\\/uploads\\\/2018\\\/12\\\/presente.jpg\",\"datePublished\":\"2018-12-18T19:39:57+00:00\",\"dateModified\":\"2018-12-18T19:39:59+00:00\",\"breadcrumb\":{\"@id\":\"https:\\\/\\\/www.cidademarketing.com.br\\\/marketing\\\/2018\\\/12\\\/18\\\/23-dos-consumidores-que-presentearam-no-natal-de-2017-ficaram-com-nome-sujo-em-razao-das-compras-realizadas\\\/#breadcrumb\"},\"inLanguage\":\"pt-BR\",\"potentialAction\":[{\"@type\":\"ReadAction\",\"target\":[\"https:\\\/\\\/www.cidademarketing.com.br\\\/marketing\\\/2018\\\/12\\\/18\\\/23-dos-consumidores-que-presentearam-no-natal-de-2017-ficaram-com-nome-sujo-em-razao-das-compras-realizadas\\\/\"]}]},{\"@type\":\"ImageObject\",\"inLanguage\":\"pt-BR\",\"@id\":\"https:\\\/\\\/www.cidademarketing.com.br\\\/marketing\\\/2018\\\/12\\\/18\\\/23-dos-consumidores-que-presentearam-no-natal-de-2017-ficaram-com-nome-sujo-em-razao-das-compras-realizadas\\\/#primaryimage\",\"url\":\"https:\\\/\\\/www.cidademarketing.com.br\\\/marketing\\\/wp-content\\\/uploads\\\/2018\\\/12\\\/presente.jpg\",\"contentUrl\":\"https:\\\/\\\/www.cidademarketing.com.br\\\/marketing\\\/wp-content\\\/uploads\\\/2018\\\/12\\\/presente.jpg\",\"width\":938,\"height\":1000},{\"@type\":\"BreadcrumbList\",\"@id\":\"https:\\\/\\\/www.cidademarketing.com.br\\\/marketing\\\/2018\\\/12\\\/18\\\/23-dos-consumidores-que-presentearam-no-natal-de-2017-ficaram-com-nome-sujo-em-razao-das-compras-realizadas\\\/#breadcrumb\",\"itemListElement\":[{\"@type\":\"ListItem\",\"position\":1,\"name\":\"In\u00edcio\",\"item\":\"https:\\\/\\\/www.cidademarketing.com.br\\\/marketing\\\/\"},{\"@type\":\"ListItem\",\"position\":2,\"name\":\"23% dos consumidores que presentearam no Natal de 2017 ficaram com nome sujo em raz\u00e3o das compras realizadas\"}]},{\"@type\":\"WebSite\",\"@id\":\"https:\\\/\\\/www.cidademarketing.com.br\\\/marketing\\\/#website\",\"url\":\"https:\\\/\\\/www.cidademarketing.com.br\\\/marketing\\\/\",\"name\":\"CidadeMarketing\",\"description\":\"Somos um ve\u00edculo de comunica\u00e7\u00e3o de destaque no Brasil, reconhecido por conte\u00fados nos segmentos de marketing, empreendedorismo e inova\u00e7\u00e3o.\",\"publisher\":{\"@id\":\"https:\\\/\\\/www.cidademarketing.com.br\\\/marketing\\\/#organization\"},\"alternateName\":\"CidadeMarketing\",\"potentialAction\":[{\"@type\":\"SearchAction\",\"target\":{\"@type\":\"EntryPoint\",\"urlTemplate\":\"https:\\\/\\\/www.cidademarketing.com.br\\\/marketing\\\/?s={search_term_string}\"},\"query-input\":{\"@type\":\"PropertyValueSpecification\",\"valueRequired\":true,\"valueName\":\"search_term_string\"}}],\"inLanguage\":\"pt-BR\"},{\"@type\":\"Organization\",\"@id\":\"https:\\\/\\\/www.cidademarketing.com.br\\\/marketing\\\/#organization\",\"name\":\"CidadeMarketing\",\"alternateName\":\"CidadeMarketing\",\"url\":\"https:\\\/\\\/www.cidademarketing.com.br\\\/marketing\\\/\",\"logo\":{\"@type\":\"ImageObject\",\"inLanguage\":\"pt-BR\",\"@id\":\"https:\\\/\\\/www.cidademarketing.com.br\\\/marketing\\\/#\\\/schema\\\/logo\\\/image\\\/\",\"url\":\"https:\\\/\\\/www.cidademarketing.com.br\\\/marketing\\\/wp-content\\\/uploads\\\/2020\\\/01\\\/cidademarketing_marca_mobile.png\",\"contentUrl\":\"https:\\\/\\\/www.cidademarketing.com.br\\\/marketing\\\/wp-content\\\/uploads\\\/2020\\\/01\\\/cidademarketing_marca_mobile.png\",\"width\":230,\"height\":92,\"caption\":\"CidadeMarketing\"},\"image\":{\"@id\":\"https:\\\/\\\/www.cidademarketing.com.br\\\/marketing\\\/#\\\/schema\\\/logo\\\/image\\\/\"},\"sameAs\":[\"https:\\\/\\\/www.facebook.com\\\/portalcidademarketing\",\"https:\\\/\\\/x.com\\\/CidadeMarketing\",\"https:\\\/\\\/www.instagram.com\\\/cidademarketing\\\/\"]},{\"@type\":\"Person\",\"@id\":\"https:\\\/\\\/www.cidademarketing.com.br\\\/marketing\\\/#\\\/schema\\\/person\\\/02daff9f18bd9378c9e01eb6b2db155f\",\"name\":\"Thales Brand\u00e3o\",\"image\":{\"@type\":\"ImageObject\",\"inLanguage\":\"pt-BR\",\"@id\":\"https:\\\/\\\/secure.gravatar.com\\\/avatar\\\/7ca3206950207cc3cb48feec56a8a7898741ab725c368d99d5d7a5a50aab80c6?s=96&d=mm&r=g\",\"url\":\"https:\\\/\\\/secure.gravatar.com\\\/avatar\\\/7ca3206950207cc3cb48feec56a8a7898741ab725c368d99d5d7a5a50aab80c6?s=96&d=mm&r=g\",\"contentUrl\":\"https:\\\/\\\/secure.gravatar.com\\\/avatar\\\/7ca3206950207cc3cb48feec56a8a7898741ab725c368d99d5d7a5a50aab80c6?s=96&d=mm&r=g\",\"caption\":\"Thales Brand\u00e3o\"},\"description\":\"Editor Executivo do Portal CidadeMarketing.com.br &gt; Mestre em Comunica\u00e7\u00e3o e Sociedade pela Universidade Federal de Sergipe. Possui MBA Executivo em Administra\u00e7\u00e3o com \u00eanfase em Marketing pela Funda\u00e7\u00e3o Get\u00falio Vargas - Rio de Janeiro. Consultor, Palestrante e Pesquisador sobre Empreendedorismo, Marketing, Redes Sociais e Neg\u00f3cios Digitais. Professor, Palestrante TedxTalks e Campus Party. Twitter: @ThalesBrandao\",\"sameAs\":[\"http:\\\/\\\/www.mandacaru.com.br\",\"https:\\\/\\\/www.facebook.com\\\/thalesbrandao\",\"http:\\\/\\\/www.instagram.com.br\\\/thalesbrandaoferreira\",\"https:\\\/\\\/www.linkedin.com\\\/in\\\/thales-brand\u00e3o-3948609\\\/\",\"https:\\\/\\\/x.com\\\/http:\\\/\\\/www.twitter.com\\\/thalesbrandao\"],\"url\":\"https:\\\/\\\/www.cidademarketing.com.br\\\/marketing\\\/author\\\/thalesbrandao\\\/\"}]}<\/script>\n<!-- \/ Yoast SEO plugin. -->","yoast_head_json":{"title":"23% dos consumidores que presentearam no Natal de 2017 ficaram com nome sujo em raz\u00e3o das compras realizadas - CidadeMarketing","robots":{"index":"index","follow":"follow","max-snippet":"max-snippet:-1","max-image-preview":"max-image-preview:large","max-video-preview":"max-video-preview:-1"},"canonical":"https:\/\/www.cidademarketing.com.br\/marketing\/2018\/12\/18\/23-dos-consumidores-que-presentearam-no-natal-de-2017-ficaram-com-nome-sujo-em-razao-das-compras-realizadas\/","og_locale":"pt_BR","og_type":"article","og_title":"23% dos consumidores que presentearam no Natal de 2017 ficaram com nome sujo em raz\u00e3o das compras realizadas - CidadeMarketing","og_description":"O apelo emocional das festas de Natal e Ano Novo faz com que muitas pessoas tomem decis\u00f5es financeiras impensadas nesta \u00e9poca e, consequentemente, comprometam o or\u00e7amento. Uma pesquisa realizada pela Confedera\u00e7\u00e3o Nacional de Dirigentes Lojistas (CNDL) e pelo Servi\u00e7o de Prote\u00e7\u00e3o ao Cr\u00e9dito (SPC Brasil) revela que dois em cada dez (19%) consumidores admitem que [&hellip;]","og_url":"https:\/\/www.cidademarketing.com.br\/marketing\/2018\/12\/18\/23-dos-consumidores-que-presentearam-no-natal-de-2017-ficaram-com-nome-sujo-em-razao-das-compras-realizadas\/","og_site_name":"CidadeMarketing","article_publisher":"https:\/\/www.facebook.com\/portalcidademarketing","article_author":"https:\/\/www.facebook.com\/thalesbrandao","article_published_time":"2018-12-18T19:39:57+00:00","article_modified_time":"2018-12-18T19:39:59+00:00","og_image":[{"width":938,"height":1000,"url":"https:\/\/www.cidademarketing.com.br\/marketing\/wp-content\/uploads\/2018\/12\/presente.jpg","type":"image\/jpeg"}],"author":"Thales Brand\u00e3o","twitter_card":"summary_large_image","twitter_creator":"@http:\/\/www.twitter.com\/thalesbrandao","twitter_site":"@CidadeMarketing","twitter_misc":{"Escrito por":"Thales Brand\u00e3o","Est. tempo de leitura":"3 minutos"},"schema":{"@context":"https:\/\/schema.org","@graph":[{"@type":"Article","@id":"https:\/\/www.cidademarketing.com.br\/marketing\/2018\/12\/18\/23-dos-consumidores-que-presentearam-no-natal-de-2017-ficaram-com-nome-sujo-em-razao-das-compras-realizadas\/#article","isPartOf":{"@id":"https:\/\/www.cidademarketing.com.br\/marketing\/2018\/12\/18\/23-dos-consumidores-que-presentearam-no-natal-de-2017-ficaram-com-nome-sujo-em-razao-das-compras-realizadas\/"},"author":{"name":"Thales Brand\u00e3o","@id":"https:\/\/www.cidademarketing.com.br\/marketing\/#\/schema\/person\/02daff9f18bd9378c9e01eb6b2db155f"},"headline":"23% dos consumidores que presentearam no Natal de 2017 ficaram com nome sujo em raz\u00e3o das compras realizadas","datePublished":"2018-12-18T19:39:57+00:00","dateModified":"2018-12-18T19:39:59+00:00","mainEntityOfPage":{"@id":"https:\/\/www.cidademarketing.com.br\/marketing\/2018\/12\/18\/23-dos-consumidores-que-presentearam-no-natal-de-2017-ficaram-com-nome-sujo-em-razao-das-compras-realizadas\/"},"wordCount":537,"commentCount":0,"publisher":{"@id":"https:\/\/www.cidademarketing.com.br\/marketing\/#organization"},"image":{"@id":"https:\/\/www.cidademarketing.com.br\/marketing\/2018\/12\/18\/23-dos-consumidores-que-presentearam-no-natal-de-2017-ficaram-com-nome-sujo-em-razao-das-compras-realizadas\/#primaryimage"},"thumbnailUrl":"https:\/\/www.cidademarketing.com.br\/marketing\/wp-content\/uploads\/2018\/12\/presente.jpg","keywords":["consumidores","Natal"],"articleSection":["Not\u00edcias","Pesquisa de Mercado"],"inLanguage":"pt-BR","potentialAction":[{"@type":"CommentAction","name":"Comment","target":["https:\/\/www.cidademarketing.com.br\/marketing\/2018\/12\/18\/23-dos-consumidores-que-presentearam-no-natal-de-2017-ficaram-com-nome-sujo-em-razao-das-compras-realizadas\/#respond"]}]},{"@type":"WebPage","@id":"https:\/\/www.cidademarketing.com.br\/marketing\/2018\/12\/18\/23-dos-consumidores-que-presentearam-no-natal-de-2017-ficaram-com-nome-sujo-em-razao-das-compras-realizadas\/","url":"https:\/\/www.cidademarketing.com.br\/marketing\/2018\/12\/18\/23-dos-consumidores-que-presentearam-no-natal-de-2017-ficaram-com-nome-sujo-em-razao-das-compras-realizadas\/","name":"23% dos consumidores que presentearam no Natal de 2017 ficaram com nome sujo em raz\u00e3o das compras realizadas - CidadeMarketing","isPartOf":{"@id":"https:\/\/www.cidademarketing.com.br\/marketing\/#website"},"primaryImageOfPage":{"@id":"https:\/\/www.cidademarketing.com.br\/marketing\/2018\/12\/18\/23-dos-consumidores-que-presentearam-no-natal-de-2017-ficaram-com-nome-sujo-em-razao-das-compras-realizadas\/#primaryimage"},"image":{"@id":"https:\/\/www.cidademarketing.com.br\/marketing\/2018\/12\/18\/23-dos-consumidores-que-presentearam-no-natal-de-2017-ficaram-com-nome-sujo-em-razao-das-compras-realizadas\/#primaryimage"},"thumbnailUrl":"https:\/\/www.cidademarketing.com.br\/marketing\/wp-content\/uploads\/2018\/12\/presente.jpg","datePublished":"2018-12-18T19:39:57+00:00","dateModified":"2018-12-18T19:39:59+00:00","breadcrumb":{"@id":"https:\/\/www.cidademarketing.com.br\/marketing\/2018\/12\/18\/23-dos-consumidores-que-presentearam-no-natal-de-2017-ficaram-com-nome-sujo-em-razao-das-compras-realizadas\/#breadcrumb"},"inLanguage":"pt-BR","potentialAction":[{"@type":"ReadAction","target":["https:\/\/www.cidademarketing.com.br\/marketing\/2018\/12\/18\/23-dos-consumidores-que-presentearam-no-natal-de-2017-ficaram-com-nome-sujo-em-razao-das-compras-realizadas\/"]}]},{"@type":"ImageObject","inLanguage":"pt-BR","@id":"https:\/\/www.cidademarketing.com.br\/marketing\/2018\/12\/18\/23-dos-consumidores-que-presentearam-no-natal-de-2017-ficaram-com-nome-sujo-em-razao-das-compras-realizadas\/#primaryimage","url":"https:\/\/www.cidademarketing.com.br\/marketing\/wp-content\/uploads\/2018\/12\/presente.jpg","contentUrl":"https:\/\/www.cidademarketing.com.br\/marketing\/wp-content\/uploads\/2018\/12\/presente.jpg","width":938,"height":1000},{"@type":"BreadcrumbList","@id":"https:\/\/www.cidademarketing.com.br\/marketing\/2018\/12\/18\/23-dos-consumidores-que-presentearam-no-natal-de-2017-ficaram-com-nome-sujo-em-razao-das-compras-realizadas\/#breadcrumb","itemListElement":[{"@type":"ListItem","position":1,"name":"In\u00edcio","item":"https:\/\/www.cidademarketing.com.br\/marketing\/"},{"@type":"ListItem","position":2,"name":"23% dos consumidores que presentearam no Natal de 2017 ficaram com nome sujo em raz\u00e3o das compras realizadas"}]},{"@type":"WebSite","@id":"https:\/\/www.cidademarketing.com.br\/marketing\/#website","url":"https:\/\/www.cidademarketing.com.br\/marketing\/","name":"CidadeMarketing","description":"Somos um ve\u00edculo de comunica\u00e7\u00e3o de destaque no Brasil, reconhecido por conte\u00fados nos segmentos de marketing, empreendedorismo e inova\u00e7\u00e3o.","publisher":{"@id":"https:\/\/www.cidademarketing.com.br\/marketing\/#organization"},"alternateName":"CidadeMarketing","potentialAction":[{"@type":"SearchAction","target":{"@type":"EntryPoint","urlTemplate":"https:\/\/www.cidademarketing.com.br\/marketing\/?s={search_term_string}"},"query-input":{"@type":"PropertyValueSpecification","valueRequired":true,"valueName":"search_term_string"}}],"inLanguage":"pt-BR"},{"@type":"Organization","@id":"https:\/\/www.cidademarketing.com.br\/marketing\/#organization","name":"CidadeMarketing","alternateName":"CidadeMarketing","url":"https:\/\/www.cidademarketing.com.br\/marketing\/","logo":{"@type":"ImageObject","inLanguage":"pt-BR","@id":"https:\/\/www.cidademarketing.com.br\/marketing\/#\/schema\/logo\/image\/","url":"https:\/\/www.cidademarketing.com.br\/marketing\/wp-content\/uploads\/2020\/01\/cidademarketing_marca_mobile.png","contentUrl":"https:\/\/www.cidademarketing.com.br\/marketing\/wp-content\/uploads\/2020\/01\/cidademarketing_marca_mobile.png","width":230,"height":92,"caption":"CidadeMarketing"},"image":{"@id":"https:\/\/www.cidademarketing.com.br\/marketing\/#\/schema\/logo\/image\/"},"sameAs":["https:\/\/www.facebook.com\/portalcidademarketing","https:\/\/x.com\/CidadeMarketing","https:\/\/www.instagram.com\/cidademarketing\/"]},{"@type":"Person","@id":"https:\/\/www.cidademarketing.com.br\/marketing\/#\/schema\/person\/02daff9f18bd9378c9e01eb6b2db155f","name":"Thales Brand\u00e3o","image":{"@type":"ImageObject","inLanguage":"pt-BR","@id":"https:\/\/secure.gravatar.com\/avatar\/7ca3206950207cc3cb48feec56a8a7898741ab725c368d99d5d7a5a50aab80c6?s=96&d=mm&r=g","url":"https:\/\/secure.gravatar.com\/avatar\/7ca3206950207cc3cb48feec56a8a7898741ab725c368d99d5d7a5a50aab80c6?s=96&d=mm&r=g","contentUrl":"https:\/\/secure.gravatar.com\/avatar\/7ca3206950207cc3cb48feec56a8a7898741ab725c368d99d5d7a5a50aab80c6?s=96&d=mm&r=g","caption":"Thales Brand\u00e3o"},"description":"Editor Executivo do Portal CidadeMarketing.com.br &gt; Mestre em Comunica\u00e7\u00e3o e Sociedade pela Universidade Federal de Sergipe. Possui MBA Executivo em Administra\u00e7\u00e3o com \u00eanfase em Marketing pela Funda\u00e7\u00e3o Get\u00falio Vargas - Rio de Janeiro. Consultor, Palestrante e Pesquisador sobre Empreendedorismo, Marketing, Redes Sociais e Neg\u00f3cios Digitais. Professor, Palestrante TedxTalks e Campus Party. Twitter: @ThalesBrandao","sameAs":["http:\/\/www.mandacaru.com.br","https:\/\/www.facebook.com\/thalesbrandao","http:\/\/www.instagram.com.br\/thalesbrandaoferreira","https:\/\/www.linkedin.com\/in\/thales-brand\u00e3o-3948609\/","https:\/\/x.com\/http:\/\/www.twitter.com\/thalesbrandao"],"url":"https:\/\/www.cidademarketing.com.br\/marketing\/author\/thalesbrandao\/"}]}},"amp_enabled":true,"_links":{"self":[{"href":"https:\/\/www.cidademarketing.com.br\/marketing\/wp-json\/wp\/v2\/posts\/4141","targetHints":{"allow":["GET"]}}],"collection":[{"href":"https:\/\/www.cidademarketing.com.br\/marketing\/wp-json\/wp\/v2\/posts"}],"about":[{"href":"https:\/\/www.cidademarketing.com.br\/marketing\/wp-json\/wp\/v2\/types\/post"}],"author":[{"embeddable":true,"href":"https:\/\/www.cidademarketing.com.br\/marketing\/wp-json\/wp\/v2\/users\/1"}],"replies":[{"embeddable":true,"href":"https:\/\/www.cidademarketing.com.br\/marketing\/wp-json\/wp\/v2\/comments?post=4141"}],"version-history":[{"count":1,"href":"https:\/\/www.cidademarketing.com.br\/marketing\/wp-json\/wp\/v2\/posts\/4141\/revisions"}],"predecessor-version":[{"id":4143,"href":"https:\/\/www.cidademarketing.com.br\/marketing\/wp-json\/wp\/v2\/posts\/4141\/revisions\/4143"}],"wp:featuredmedia":[{"embeddable":true,"href":"https:\/\/www.cidademarketing.com.br\/marketing\/wp-json\/wp\/v2\/media\/4142"}],"wp:attachment":[{"href":"https:\/\/www.cidademarketing.com.br\/marketing\/wp-json\/wp\/v2\/media?parent=4141"}],"wp:term":[{"taxonomy":"category","embeddable":true,"href":"https:\/\/www.cidademarketing.com.br\/marketing\/wp-json\/wp\/v2\/categories?post=4141"},{"taxonomy":"post_tag","embeddable":true,"href":"https:\/\/www.cidademarketing.com.br\/marketing\/wp-json\/wp\/v2\/tags?post=4141"}],"curies":[{"name":"wp","href":"https:\/\/api.w.org\/{rel}","templated":true}]}}