{"id":41308,"date":"2022-12-09T22:29:03","date_gmt":"2022-12-10T01:29:03","guid":{"rendered":"https:\/\/www.cidademarketing.com.br\/marketing\/?p=41308"},"modified":"2022-12-09T22:29:03","modified_gmt":"2022-12-10T01:29:03","slug":"latam-ativa-acao-promocional-com-passagens-a-partir-de-r-149-para-viagens-ate-junho-de-2023","status":"publish","type":"post","link":"https:\/\/www.cidademarketing.com.br\/marketing\/2022\/12\/09\/latam-ativa-acao-promocional-com-passagens-a-partir-de-r-149-para-viagens-ate-junho-de-2023\/","title":{"rendered":"LATAM ativa a\u00e7\u00e3o promocional com passagens a partir de R$ 149 para viagens at\u00e9 junho de 2023"},"content":{"rendered":"<p>A LATAM acaba de lan\u00e7ar\u00a0promo\u00e7\u00e3o especial com passagens a\u00e9reas a partir de R$ 149* (pre\u00e7o por trecho com taxas inclusas), v\u00e1lidas para viagens no primeiro semestre de 2022. A promo\u00e7\u00e3o vai at\u00e9 23h59 de domingo (11\/12) em todos os canais de venda. Al\u00e9m de contar com a maior malha dom\u00e9stica da hist\u00f3ria da LATAM no Pa\u00eds (54 destinos) e uma ampla conectividade com o exterior (21 destinos internacionais diretos do Brasil), o cliente ainda pode pagar as suas compras com PIX diretamente em <a href=\"https:\/\/www.latamairlines.com\/br\/pt\" target=\"_blank\" rel=\"noopener\">latam.com<\/a>.<\/p>\n<p><iframe title=\"Spotify Embed: Podcast CidadeMarketing\" style=\"border-radius: 12px\" width=\"100%\" height=\"152\" frameborder=\"0\" allowfullscreen allow=\"autoplay; clipboard-write; encrypted-media; fullscreen; picture-in-picture\" loading=\"lazy\" src=\"https:\/\/open.spotify.com\/embed\/show\/4khMKzP3FgFRWVwb73xicc?si=252fe5bff2b34909&#038;utm_source=oembed\"><\/iframe><\/p>\n<p>Dentre os destinos dom\u00e9sticos, para viagens entre janeiro e junho de 2023, o cliente encontra pre\u00e7os especiais nos voos entre S\u00e3o Paulo\/Congonhas e Londrina a partir de R$ 149,83* (pre\u00e7o por trecho com taxas inclusas) ou 3.854 pontos LATAM Pass + R$ 39,93*. Na promo\u00e7\u00e3o tamb\u00e9m est\u00e1 dispon\u00edvel a rota Belo Horizonte\/Confins-S\u00e3o Paulo\/Guarulhos, com tarifas a partir de R$ 278,44* (pre\u00e7o de ida e volta com taxas inclusas) ou 7.708 pontos LATAM Pass + R$ 58,64*.<\/p>\n<p>Para o exterior, a LATAM tem promo\u00e7\u00f5es especiais em passagens na rota Curitiba-Santiago a partir de R$ 1.294,71* (pre\u00e7o de ida e volta com taxas inclusas) ou 37.898 pontos LATAM Pass + R$ 203,26*, para viagens entre dezembro de 2022 e junho de 2023. O cliente tamb\u00e9m encontra passagens especiais entre Rio de Janeiro e Montevid\u00e9u a partir de R$ 1.687,57* (pre\u00e7o de ida e volta com taxas inclusas) ou 43.673 pontos LATAM Pass + R$ 429,80*, para viagens entre dezembro de 2022 e junho de 2023.<\/p>\n<p>LATAM Travel tem pacotes tur\u00edsticos dom\u00e9sticos a partir de R$ 550**<\/p>\n<p>A LATAM Travel, operadora de turismo do Grupo LATAM, oferece aos seus clientes descontos especiais de at\u00e9 40%** em pacotes tur\u00edsticos dom\u00e9sticos e internacionais selecionados, at\u00e9 23h59 deste domingo (11\/12). No site da LATAM Travel, o cliente conta tamb\u00e9m com o servi\u00e7o do Consultor Online, em que um especialista pode auxiliar na elabora\u00e7\u00e3o de um pacote que atenda \u00e0s suas necessidades.<\/p>\n<p>Uma das op\u00e7\u00f5es \u00e9 o pacote para S\u00e3o Paulo, decolando de Belo Horizonte\/Confins, que inclui passagem a\u00e9rea de ida e volta com hospedagem de 3 noites no Hotel San Raphael, com sa\u00edda em 16 de fevereiro de 2022, a partir de R$ 550,00** \u00e0 vista ou em at\u00e9 10 vezes sem juros de R$ 55,00** por pessoa.<\/p>\n<p>Dentre os destinos internacionais, h\u00e1 o pacote para Santiago, a partir de S\u00e3o Paulo, que inclui passagem de ida e volta com hospedagem de 4 noites no Hotel Santa Lucia, com sa\u00edda em 8 de fevereiro de 2022, a partir de R$ 2.020,00** \u00e0 vista ou em at\u00e9 10 vezes sem juros de R$ 202,00** por pessoa.<\/p>\n<p><em>*V\u00e1lidos para voos operados pela LATAM Airlines Brasil (LATAM), em classes econ\u00f4mica, sujeitos a disponibilidade de assentos, e \u00e0s regras e restri\u00e7\u00f5es espec\u00edficas no perfil de cada tarifa. As ofertas s\u00e3o v\u00e1lidas para bilhetes emitidos entre as 12h do dia 09\/12\/2022 e as 23h59 do dia 11\/12\/2022.<\/em><br \/>\n<em>Para voos nacionais, as viagens podem ser realizadas entre os dias 15\/01\/2023 e 30\/06\/2023. O valor promocional ser\u00e1 aplicado para viagens onde a data de volta for, pelo menos, dois dias depois da ida, sendo que o retorno deve ser realizado pelo mesmo aeroporto da chegada. Resgates a partir de 3854 pontos LATAM Pass, mais taxas a partir de R$40 v\u00e1lidos para o trecho de voos nacionais operados pela LATAM, por passageiro e para a cabine econ\u00f4mica.<\/em><br \/>\n<em>Para voos internacionais em classe econ\u00f4mica, as viagens podem ser realizadas entre 01\/01\/2023 e 30\/06\/2023. Resgates a partir de 37.898 pontos LATAM Pass, mais taxas a partir de R$ 204 v\u00e1lidos para os destinos internacionais, por passageiro. Os pre\u00e7os em d\u00f3lar (US$) ser\u00e3o convertidos pelo c\u00e2mbio do dia da compra e os pre\u00e7os divulgados em reais foram calculados pelo c\u00e2mbio de R$5,20 de 06\/12\/2022, prevalecendo, contudo, o c\u00e2mbio da data da compra.<\/em><br \/>\n<em>Ofertas v\u00e1lidas para as categorias LATAM, Gold, Gold Plus do programa LATAM Pass. Tarifas sujeitas \u00e0 disponibilidade no per\u00edodo da promo\u00e7\u00e3o. Mais informa\u00e7\u00f5es est\u00e3o dispon\u00edveis no site latam.com.<\/em><br \/>\n<em>Confira os requisitos obrigat\u00f3rios de cada destino em latam.com e lembre-se que esses requisitos podem ser alterados at\u00e9 a data do seu voo.<\/em><br \/>\n<em>Parcelamento em at\u00e9 4 vezes sem juros, parcela m\u00ednima de R$ 70, v\u00e1lido para todos os cart\u00f5es de cr\u00e9dito aceitos pela LATAM, de pessoa f\u00edsica e emitidos no Brasil, considerando exclusivamente o valor de tarifa anunciada, n\u00e3o sendo poss\u00edvel o parcelamento da taxa de embarque e de eventual adicional de emiss\u00e3o. Condi\u00e7\u00e3o v\u00e1lida apenas para compras no site LATAM.<\/em><br \/>\n<em>Regras de remarca\u00e7\u00e3o aplicadas para compras efetuadas a partir do dia 12\/07\/2021: As tarifas b\u00e1sicas dom\u00e9sticas e internacionais n\u00e3o permitir\u00e3o altera\u00e7\u00f5es antes do voo (exceto as tarifas dom\u00e9sticas do Peru que permitir\u00e3o altera\u00e7\u00f5es com penalidade antes do voo). As tarifas Light, tanto dom\u00e9sticas quanto internacionais, permitir\u00e3o mudan\u00e7as com multa antes do voo. Regras de remarca\u00e7\u00e3o para bilhetes comprados antes de 11\/07\/2021: para altera\u00e7\u00f5es de data ou destino solicitadas a partir de 12\/07\/2021, ser\u00e1 permitida uma \u00fanica altera\u00e7\u00e3o, sem pagamento de multa e sujeito \u00e0 diferen\u00e7a tarif\u00e1ria. A altera\u00e7\u00e3o da passagem \u00e9 permitida de acordo com a disponibilidade dentro da mesma cabine que a da passagem original. A altera\u00e7\u00e3o deve ser feita antes da sa\u00edda do voo original, dentro da validade da passagem e disponibilidade de voos no sistema. Refor\u00e7amos ainda que a remarca\u00e7\u00e3o \u00e9 uma op\u00e7\u00e3o do passageiro, podendo ele ainda optar pelo reembolso ou por obter o cr\u00e9dito integral do valor pago pelo bilhete, o qual ter\u00e1 dura\u00e7\u00e3o de 18 meses para uso a partir da data de seu recebimento. Por meio do cr\u00e9dito, o passageiro poder\u00e1 adquirir bilhetes de passagens e demais servi\u00e7os oferecidos pela LATAM.<\/em><br \/>\n<em>As informa\u00e7\u00f5es integrais e detalhadas sobre as regras\/restri\u00e7\u00f5es das tarifas anunciadas, descontos para crian\u00e7as e pontua\u00e7\u00e3o no Programa LATAM Pass est\u00e3o dispon\u00edveis para consulta no site www.latam.com.<\/em><br \/>\n<em>**Descontos v\u00e1lidos para compras de pacotes incluindo passagem a\u00e9rea de ida e volta e hospedagem em apartamento duplo de categoria standard. Os pre\u00e7os s\u00e3o baseados nos voos que comp\u00f5e a rota da LATAM Airlines de menor tarifa entre as cidades para viagens entre os dias 08\/dez\/2022 e 30\/mai\/2023, n\u00e3o abrangendo per\u00edodos de feriados, congressos, feiras ou eventos (exceto roteiro espec\u00edfico). Promo\u00e7\u00e3o v\u00e1lida para compras entre 09\/dez\/2022 at\u00e9 11\/dez\/2022 ou at\u00e9 durarem os estoques dos produtos anunciados. Pre\u00e7os e datas de sa\u00edda est\u00e3o sujeitos a altera\u00e7\u00f5es e disponibilidade e ser\u00e3o confirmados no ato da compra. Consulte nosso Consultor Online, Central de Vendas e Relacionamento e\/ou Lojas LATAM Travel para outras condi\u00e7\u00f5es promocionais e datas e\/ou outros servi\u00e7os tur\u00edsticos para aquisi\u00e7\u00e3o junto com o roteiro. Na compra de produtos LATAM Travel acumule pontos LATAM Pass. Os valores das taxas n\u00e3o s\u00e3o contabilizados para c\u00e1lculo dos pontos acumulados. Os pontos acumulados ser\u00e3o creditados em at\u00e9 45 dias ap\u00f3s o retorno da viagem no CPF do titular da reserva fornecido no ato da compra, devendo esse ser um CPF cadastrado no programa LATAM Pass para elegibilidade dos pontos. Clientes que realizarem o cadastro no programa LATAM Pass ap\u00f3s contrata\u00e7\u00e3o do servi\u00e7o n\u00e3o poder\u00e3o solicitar seus pontos de forma retroativa. Consulte nossa pol\u00edtica de financiamento. Condi\u00e7\u00f5es anunciadas s\u00e3o v\u00e1lidas para portadores de CPF.<\/em><\/p>\n<p><iframe style=\"width: 100%; max-width: 660px; overflow: hidden; background: transparent;\" src=\"https:\/\/embed.podcasts.apple.com\/br\/podcast\/podcast-cidademarketing\/id1371923283\" height=\"450\" frameborder=\"0\" sandbox=\"allow-forms allow-popups allow-same-origin allow-scripts allow-storage-access-by-user-activation allow-top-navigation-by-user-activation\"><\/iframe><\/p>\n","protected":false},"excerpt":{"rendered":"<p>A LATAM acaba de lan\u00e7ar\u00a0promo\u00e7\u00e3o especial com passagens a\u00e9reas a partir de R$ 149* (pre\u00e7o por trecho com taxas inclusas), v\u00e1lidas para viagens no primeiro semestre de 2022. A promo\u00e7\u00e3o vai at\u00e9 23h59 de domingo (11\/12) em todos os canais de venda. Al\u00e9m de contar com a maior malha dom\u00e9stica da hist\u00f3ria da LATAM no [&hellip;]<\/p>\n","protected":false},"author":1,"featured_media":41012,"comment_status":"open","ping_status":"open","sticky":false,"template":"","format":"standard","meta":{"tdm_status":"","tdm_grid_status":"","footnotes":""},"categories":[6],"tags":[1380,805,155,28,443,164],"class_list":["post-41308","post","type-post","status-publish","format-standard","has-post-thumbnail","hentry","category-noticias","tag-desconto","tag-experiencia","tag-latam","tag-marketing","tag-marketing-promocional","tag-promocao"],"yoast_head":"<!-- This site is optimized with the Yoast SEO plugin v27.5 - https:\/\/yoast.com\/product\/yoast-seo-wordpress\/ -->\n<title>LATAM ativa a\u00e7\u00e3o promocional com passagens a partir de R$ 149 para viagens at\u00e9 junho de 2023 - CidadeMarketing<\/title>\n<meta name=\"robots\" content=\"index, follow, max-snippet:-1, max-image-preview:large, max-video-preview:-1\" \/>\n<link rel=\"canonical\" href=\"https:\/\/www.cidademarketing.com.br\/marketing\/2022\/12\/09\/latam-ativa-acao-promocional-com-passagens-a-partir-de-r-149-para-viagens-ate-junho-de-2023\/\" \/>\n<meta property=\"og:locale\" content=\"pt_BR\" \/>\n<meta property=\"og:type\" content=\"article\" \/>\n<meta property=\"og:title\" content=\"LATAM ativa a\u00e7\u00e3o promocional com passagens a partir de R$ 149 para viagens at\u00e9 junho de 2023 - CidadeMarketing\" \/>\n<meta property=\"og:description\" content=\"A LATAM acaba de lan\u00e7ar\u00a0promo\u00e7\u00e3o especial com passagens a\u00e9reas a partir de R$ 149* (pre\u00e7o por trecho com taxas inclusas), v\u00e1lidas para viagens no primeiro semestre de 2022. A promo\u00e7\u00e3o vai at\u00e9 23h59 de domingo (11\/12) em todos os canais de venda. Al\u00e9m de contar com a maior malha dom\u00e9stica da hist\u00f3ria da LATAM no [&hellip;]\" \/>\n<meta property=\"og:url\" content=\"https:\/\/www.cidademarketing.com.br\/marketing\/2022\/12\/09\/latam-ativa-acao-promocional-com-passagens-a-partir-de-r-149-para-viagens-ate-junho-de-2023\/\" \/>\n<meta property=\"og:site_name\" content=\"CidadeMarketing\" \/>\n<meta property=\"article:publisher\" content=\"https:\/\/www.facebook.com\/portalcidademarketing\" \/>\n<meta property=\"article:author\" content=\"https:\/\/www.facebook.com\/thalesbrandao\" \/>\n<meta property=\"article:published_time\" content=\"2022-12-10T01:29:03+00:00\" \/>\n<meta property=\"og:image\" content=\"https:\/\/www.cidademarketing.com.br\/marketing\/wp-content\/uploads\/2022\/12\/latam_divulgacao.jpg\" \/>\n\t<meta property=\"og:image:width\" content=\"1024\" \/>\n\t<meta property=\"og:image:height\" content=\"683\" \/>\n\t<meta property=\"og:image:type\" content=\"image\/jpeg\" \/>\n<meta name=\"author\" content=\"Thales Brand\u00e3o\" \/>\n<meta name=\"twitter:card\" content=\"summary_large_image\" \/>\n<meta name=\"twitter:creator\" content=\"@http:\/\/www.twitter.com\/thalesbrandao\" \/>\n<meta name=\"twitter:site\" content=\"@CidadeMarketing\" \/>\n<meta name=\"twitter:label1\" content=\"Escrito por\" \/>\n\t<meta name=\"twitter:data1\" content=\"Thales Brand\u00e3o\" \/>\n\t<meta name=\"twitter:label2\" content=\"Est. tempo de leitura\" \/>\n\t<meta name=\"twitter:data2\" content=\"6 minutos\" \/>\n<script type=\"application\/ld+json\" class=\"yoast-schema-graph\">{\"@context\":\"https:\\\/\\\/schema.org\",\"@graph\":[{\"@type\":\"Article\",\"@id\":\"https:\\\/\\\/www.cidademarketing.com.br\\\/marketing\\\/2022\\\/12\\\/09\\\/latam-ativa-acao-promocional-com-passagens-a-partir-de-r-149-para-viagens-ate-junho-de-2023\\\/#article\",\"isPartOf\":{\"@id\":\"https:\\\/\\\/www.cidademarketing.com.br\\\/marketing\\\/2022\\\/12\\\/09\\\/latam-ativa-acao-promocional-com-passagens-a-partir-de-r-149-para-viagens-ate-junho-de-2023\\\/\"},\"author\":{\"name\":\"Thales Brand\u00e3o\",\"@id\":\"https:\\\/\\\/www.cidademarketing.com.br\\\/marketing\\\/#\\\/schema\\\/person\\\/02daff9f18bd9378c9e01eb6b2db155f\"},\"headline\":\"LATAM ativa a\u00e7\u00e3o promocional com passagens a partir de R$ 149 para viagens at\u00e9 junho de 2023\",\"datePublished\":\"2022-12-10T01:29:03+00:00\",\"mainEntityOfPage\":{\"@id\":\"https:\\\/\\\/www.cidademarketing.com.br\\\/marketing\\\/2022\\\/12\\\/09\\\/latam-ativa-acao-promocional-com-passagens-a-partir-de-r-149-para-viagens-ate-junho-de-2023\\\/\"},\"wordCount\":1287,\"commentCount\":1,\"publisher\":{\"@id\":\"https:\\\/\\\/www.cidademarketing.com.br\\\/marketing\\\/#organization\"},\"image\":{\"@id\":\"https:\\\/\\\/www.cidademarketing.com.br\\\/marketing\\\/2022\\\/12\\\/09\\\/latam-ativa-acao-promocional-com-passagens-a-partir-de-r-149-para-viagens-ate-junho-de-2023\\\/#primaryimage\"},\"thumbnailUrl\":\"https:\\\/\\\/www.cidademarketing.com.br\\\/marketing\\\/wp-content\\\/uploads\\\/2022\\\/12\\\/latam_divulgacao.jpg\",\"keywords\":[\"desconto\",\"experi\u00eancia\",\"Latam\",\"marketing\",\"marketing promocional\",\"promo\u00e7\u00e3o\"],\"articleSection\":[\"Not\u00edcias\"],\"inLanguage\":\"pt-BR\",\"potentialAction\":[{\"@type\":\"CommentAction\",\"name\":\"Comment\",\"target\":[\"https:\\\/\\\/www.cidademarketing.com.br\\\/marketing\\\/2022\\\/12\\\/09\\\/latam-ativa-acao-promocional-com-passagens-a-partir-de-r-149-para-viagens-ate-junho-de-2023\\\/#respond\"]}]},{\"@type\":\"WebPage\",\"@id\":\"https:\\\/\\\/www.cidademarketing.com.br\\\/marketing\\\/2022\\\/12\\\/09\\\/latam-ativa-acao-promocional-com-passagens-a-partir-de-r-149-para-viagens-ate-junho-de-2023\\\/\",\"url\":\"https:\\\/\\\/www.cidademarketing.com.br\\\/marketing\\\/2022\\\/12\\\/09\\\/latam-ativa-acao-promocional-com-passagens-a-partir-de-r-149-para-viagens-ate-junho-de-2023\\\/\",\"name\":\"LATAM ativa a\u00e7\u00e3o promocional com passagens a partir de R$ 149 para viagens at\u00e9 junho de 2023 - CidadeMarketing\",\"isPartOf\":{\"@id\":\"https:\\\/\\\/www.cidademarketing.com.br\\\/marketing\\\/#website\"},\"primaryImageOfPage\":{\"@id\":\"https:\\\/\\\/www.cidademarketing.com.br\\\/marketing\\\/2022\\\/12\\\/09\\\/latam-ativa-acao-promocional-com-passagens-a-partir-de-r-149-para-viagens-ate-junho-de-2023\\\/#primaryimage\"},\"image\":{\"@id\":\"https:\\\/\\\/www.cidademarketing.com.br\\\/marketing\\\/2022\\\/12\\\/09\\\/latam-ativa-acao-promocional-com-passagens-a-partir-de-r-149-para-viagens-ate-junho-de-2023\\\/#primaryimage\"},\"thumbnailUrl\":\"https:\\\/\\\/www.cidademarketing.com.br\\\/marketing\\\/wp-content\\\/uploads\\\/2022\\\/12\\\/latam_divulgacao.jpg\",\"datePublished\":\"2022-12-10T01:29:03+00:00\",\"breadcrumb\":{\"@id\":\"https:\\\/\\\/www.cidademarketing.com.br\\\/marketing\\\/2022\\\/12\\\/09\\\/latam-ativa-acao-promocional-com-passagens-a-partir-de-r-149-para-viagens-ate-junho-de-2023\\\/#breadcrumb\"},\"inLanguage\":\"pt-BR\",\"potentialAction\":[{\"@type\":\"ReadAction\",\"target\":[\"https:\\\/\\\/www.cidademarketing.com.br\\\/marketing\\\/2022\\\/12\\\/09\\\/latam-ativa-acao-promocional-com-passagens-a-partir-de-r-149-para-viagens-ate-junho-de-2023\\\/\"]}]},{\"@type\":\"ImageObject\",\"inLanguage\":\"pt-BR\",\"@id\":\"https:\\\/\\\/www.cidademarketing.com.br\\\/marketing\\\/2022\\\/12\\\/09\\\/latam-ativa-acao-promocional-com-passagens-a-partir-de-r-149-para-viagens-ate-junho-de-2023\\\/#primaryimage\",\"url\":\"https:\\\/\\\/www.cidademarketing.com.br\\\/marketing\\\/wp-content\\\/uploads\\\/2022\\\/12\\\/latam_divulgacao.jpg\",\"contentUrl\":\"https:\\\/\\\/www.cidademarketing.com.br\\\/marketing\\\/wp-content\\\/uploads\\\/2022\\\/12\\\/latam_divulgacao.jpg\",\"width\":1024,\"height\":683,\"caption\":\"Boeing 787 da LATAM (cr\u00e9dito: divulga\u00e7\u00e3o LATAM)\"},{\"@type\":\"BreadcrumbList\",\"@id\":\"https:\\\/\\\/www.cidademarketing.com.br\\\/marketing\\\/2022\\\/12\\\/09\\\/latam-ativa-acao-promocional-com-passagens-a-partir-de-r-149-para-viagens-ate-junho-de-2023\\\/#breadcrumb\",\"itemListElement\":[{\"@type\":\"ListItem\",\"position\":1,\"name\":\"In\u00edcio\",\"item\":\"https:\\\/\\\/www.cidademarketing.com.br\\\/marketing\\\/\"},{\"@type\":\"ListItem\",\"position\":2,\"name\":\"LATAM ativa a\u00e7\u00e3o promocional com passagens a partir de R$ 149 para viagens at\u00e9 junho de 2023\"}]},{\"@type\":\"WebSite\",\"@id\":\"https:\\\/\\\/www.cidademarketing.com.br\\\/marketing\\\/#website\",\"url\":\"https:\\\/\\\/www.cidademarketing.com.br\\\/marketing\\\/\",\"name\":\"CidadeMarketing\",\"description\":\"Somos um ve\u00edculo de comunica\u00e7\u00e3o de destaque no Brasil, reconhecido por conte\u00fados nos segmentos de marketing, empreendedorismo e inova\u00e7\u00e3o.\",\"publisher\":{\"@id\":\"https:\\\/\\\/www.cidademarketing.com.br\\\/marketing\\\/#organization\"},\"alternateName\":\"CidadeMarketing\",\"potentialAction\":[{\"@type\":\"SearchAction\",\"target\":{\"@type\":\"EntryPoint\",\"urlTemplate\":\"https:\\\/\\\/www.cidademarketing.com.br\\\/marketing\\\/?s={search_term_string}\"},\"query-input\":{\"@type\":\"PropertyValueSpecification\",\"valueRequired\":true,\"valueName\":\"search_term_string\"}}],\"inLanguage\":\"pt-BR\"},{\"@type\":\"Organization\",\"@id\":\"https:\\\/\\\/www.cidademarketing.com.br\\\/marketing\\\/#organization\",\"name\":\"CidadeMarketing\",\"alternateName\":\"CidadeMarketing\",\"url\":\"https:\\\/\\\/www.cidademarketing.com.br\\\/marketing\\\/\",\"logo\":{\"@type\":\"ImageObject\",\"inLanguage\":\"pt-BR\",\"@id\":\"https:\\\/\\\/www.cidademarketing.com.br\\\/marketing\\\/#\\\/schema\\\/logo\\\/image\\\/\",\"url\":\"https:\\\/\\\/www.cidademarketing.com.br\\\/marketing\\\/wp-content\\\/uploads\\\/2020\\\/01\\\/cidademarketing_marca_mobile.png\",\"contentUrl\":\"https:\\\/\\\/www.cidademarketing.com.br\\\/marketing\\\/wp-content\\\/uploads\\\/2020\\\/01\\\/cidademarketing_marca_mobile.png\",\"width\":230,\"height\":92,\"caption\":\"CidadeMarketing\"},\"image\":{\"@id\":\"https:\\\/\\\/www.cidademarketing.com.br\\\/marketing\\\/#\\\/schema\\\/logo\\\/image\\\/\"},\"sameAs\":[\"https:\\\/\\\/www.facebook.com\\\/portalcidademarketing\",\"https:\\\/\\\/x.com\\\/CidadeMarketing\",\"https:\\\/\\\/www.instagram.com\\\/cidademarketing\\\/\"]},{\"@type\":\"Person\",\"@id\":\"https:\\\/\\\/www.cidademarketing.com.br\\\/marketing\\\/#\\\/schema\\\/person\\\/02daff9f18bd9378c9e01eb6b2db155f\",\"name\":\"Thales Brand\u00e3o\",\"image\":{\"@type\":\"ImageObject\",\"inLanguage\":\"pt-BR\",\"@id\":\"https:\\\/\\\/secure.gravatar.com\\\/avatar\\\/7ca3206950207cc3cb48feec56a8a7898741ab725c368d99d5d7a5a50aab80c6?s=96&d=mm&r=g\",\"url\":\"https:\\\/\\\/secure.gravatar.com\\\/avatar\\\/7ca3206950207cc3cb48feec56a8a7898741ab725c368d99d5d7a5a50aab80c6?s=96&d=mm&r=g\",\"contentUrl\":\"https:\\\/\\\/secure.gravatar.com\\\/avatar\\\/7ca3206950207cc3cb48feec56a8a7898741ab725c368d99d5d7a5a50aab80c6?s=96&d=mm&r=g\",\"caption\":\"Thales Brand\u00e3o\"},\"description\":\"Editor Executivo do Portal CidadeMarketing.com.br &gt; Mestre em Comunica\u00e7\u00e3o e Sociedade pela Universidade Federal de Sergipe. Possui MBA Executivo em Administra\u00e7\u00e3o com \u00eanfase em Marketing pela Funda\u00e7\u00e3o Get\u00falio Vargas - Rio de Janeiro. Consultor, Palestrante e Pesquisador sobre Empreendedorismo, Marketing, Redes Sociais e Neg\u00f3cios Digitais. Professor, Palestrante TedxTalks e Campus Party. Twitter: @ThalesBrandao\",\"sameAs\":[\"http:\\\/\\\/www.mandacaru.com.br\",\"https:\\\/\\\/www.facebook.com\\\/thalesbrandao\",\"http:\\\/\\\/www.instagram.com.br\\\/thalesbrandaoferreira\",\"https:\\\/\\\/www.linkedin.com\\\/in\\\/thales-brand\u00e3o-3948609\\\/\",\"https:\\\/\\\/x.com\\\/http:\\\/\\\/www.twitter.com\\\/thalesbrandao\"],\"url\":\"https:\\\/\\\/www.cidademarketing.com.br\\\/marketing\\\/author\\\/thalesbrandao\\\/\"}]}<\/script>\n<!-- \/ Yoast SEO plugin. -->","yoast_head_json":{"title":"LATAM ativa a\u00e7\u00e3o promocional com passagens a partir de R$ 149 para viagens at\u00e9 junho de 2023 - CidadeMarketing","robots":{"index":"index","follow":"follow","max-snippet":"max-snippet:-1","max-image-preview":"max-image-preview:large","max-video-preview":"max-video-preview:-1"},"canonical":"https:\/\/www.cidademarketing.com.br\/marketing\/2022\/12\/09\/latam-ativa-acao-promocional-com-passagens-a-partir-de-r-149-para-viagens-ate-junho-de-2023\/","og_locale":"pt_BR","og_type":"article","og_title":"LATAM ativa a\u00e7\u00e3o promocional com passagens a partir de R$ 149 para viagens at\u00e9 junho de 2023 - CidadeMarketing","og_description":"A LATAM acaba de lan\u00e7ar\u00a0promo\u00e7\u00e3o especial com passagens a\u00e9reas a partir de R$ 149* (pre\u00e7o por trecho com taxas inclusas), v\u00e1lidas para viagens no primeiro semestre de 2022. A promo\u00e7\u00e3o vai at\u00e9 23h59 de domingo (11\/12) em todos os canais de venda. Al\u00e9m de contar com a maior malha dom\u00e9stica da hist\u00f3ria da LATAM no [&hellip;]","og_url":"https:\/\/www.cidademarketing.com.br\/marketing\/2022\/12\/09\/latam-ativa-acao-promocional-com-passagens-a-partir-de-r-149-para-viagens-ate-junho-de-2023\/","og_site_name":"CidadeMarketing","article_publisher":"https:\/\/www.facebook.com\/portalcidademarketing","article_author":"https:\/\/www.facebook.com\/thalesbrandao","article_published_time":"2022-12-10T01:29:03+00:00","og_image":[{"width":1024,"height":683,"url":"https:\/\/www.cidademarketing.com.br\/marketing\/wp-content\/uploads\/2022\/12\/latam_divulgacao.jpg","type":"image\/jpeg"}],"author":"Thales Brand\u00e3o","twitter_card":"summary_large_image","twitter_creator":"@http:\/\/www.twitter.com\/thalesbrandao","twitter_site":"@CidadeMarketing","twitter_misc":{"Escrito por":"Thales Brand\u00e3o","Est. tempo de leitura":"6 minutos"},"schema":{"@context":"https:\/\/schema.org","@graph":[{"@type":"Article","@id":"https:\/\/www.cidademarketing.com.br\/marketing\/2022\/12\/09\/latam-ativa-acao-promocional-com-passagens-a-partir-de-r-149-para-viagens-ate-junho-de-2023\/#article","isPartOf":{"@id":"https:\/\/www.cidademarketing.com.br\/marketing\/2022\/12\/09\/latam-ativa-acao-promocional-com-passagens-a-partir-de-r-149-para-viagens-ate-junho-de-2023\/"},"author":{"name":"Thales Brand\u00e3o","@id":"https:\/\/www.cidademarketing.com.br\/marketing\/#\/schema\/person\/02daff9f18bd9378c9e01eb6b2db155f"},"headline":"LATAM ativa a\u00e7\u00e3o promocional com passagens a partir de R$ 149 para viagens at\u00e9 junho de 2023","datePublished":"2022-12-10T01:29:03+00:00","mainEntityOfPage":{"@id":"https:\/\/www.cidademarketing.com.br\/marketing\/2022\/12\/09\/latam-ativa-acao-promocional-com-passagens-a-partir-de-r-149-para-viagens-ate-junho-de-2023\/"},"wordCount":1287,"commentCount":1,"publisher":{"@id":"https:\/\/www.cidademarketing.com.br\/marketing\/#organization"},"image":{"@id":"https:\/\/www.cidademarketing.com.br\/marketing\/2022\/12\/09\/latam-ativa-acao-promocional-com-passagens-a-partir-de-r-149-para-viagens-ate-junho-de-2023\/#primaryimage"},"thumbnailUrl":"https:\/\/www.cidademarketing.com.br\/marketing\/wp-content\/uploads\/2022\/12\/latam_divulgacao.jpg","keywords":["desconto","experi\u00eancia","Latam","marketing","marketing promocional","promo\u00e7\u00e3o"],"articleSection":["Not\u00edcias"],"inLanguage":"pt-BR","potentialAction":[{"@type":"CommentAction","name":"Comment","target":["https:\/\/www.cidademarketing.com.br\/marketing\/2022\/12\/09\/latam-ativa-acao-promocional-com-passagens-a-partir-de-r-149-para-viagens-ate-junho-de-2023\/#respond"]}]},{"@type":"WebPage","@id":"https:\/\/www.cidademarketing.com.br\/marketing\/2022\/12\/09\/latam-ativa-acao-promocional-com-passagens-a-partir-de-r-149-para-viagens-ate-junho-de-2023\/","url":"https:\/\/www.cidademarketing.com.br\/marketing\/2022\/12\/09\/latam-ativa-acao-promocional-com-passagens-a-partir-de-r-149-para-viagens-ate-junho-de-2023\/","name":"LATAM ativa a\u00e7\u00e3o promocional com passagens a partir de R$ 149 para viagens at\u00e9 junho de 2023 - CidadeMarketing","isPartOf":{"@id":"https:\/\/www.cidademarketing.com.br\/marketing\/#website"},"primaryImageOfPage":{"@id":"https:\/\/www.cidademarketing.com.br\/marketing\/2022\/12\/09\/latam-ativa-acao-promocional-com-passagens-a-partir-de-r-149-para-viagens-ate-junho-de-2023\/#primaryimage"},"image":{"@id":"https:\/\/www.cidademarketing.com.br\/marketing\/2022\/12\/09\/latam-ativa-acao-promocional-com-passagens-a-partir-de-r-149-para-viagens-ate-junho-de-2023\/#primaryimage"},"thumbnailUrl":"https:\/\/www.cidademarketing.com.br\/marketing\/wp-content\/uploads\/2022\/12\/latam_divulgacao.jpg","datePublished":"2022-12-10T01:29:03+00:00","breadcrumb":{"@id":"https:\/\/www.cidademarketing.com.br\/marketing\/2022\/12\/09\/latam-ativa-acao-promocional-com-passagens-a-partir-de-r-149-para-viagens-ate-junho-de-2023\/#breadcrumb"},"inLanguage":"pt-BR","potentialAction":[{"@type":"ReadAction","target":["https:\/\/www.cidademarketing.com.br\/marketing\/2022\/12\/09\/latam-ativa-acao-promocional-com-passagens-a-partir-de-r-149-para-viagens-ate-junho-de-2023\/"]}]},{"@type":"ImageObject","inLanguage":"pt-BR","@id":"https:\/\/www.cidademarketing.com.br\/marketing\/2022\/12\/09\/latam-ativa-acao-promocional-com-passagens-a-partir-de-r-149-para-viagens-ate-junho-de-2023\/#primaryimage","url":"https:\/\/www.cidademarketing.com.br\/marketing\/wp-content\/uploads\/2022\/12\/latam_divulgacao.jpg","contentUrl":"https:\/\/www.cidademarketing.com.br\/marketing\/wp-content\/uploads\/2022\/12\/latam_divulgacao.jpg","width":1024,"height":683,"caption":"Boeing 787 da LATAM (cr\u00e9dito: divulga\u00e7\u00e3o LATAM)"},{"@type":"BreadcrumbList","@id":"https:\/\/www.cidademarketing.com.br\/marketing\/2022\/12\/09\/latam-ativa-acao-promocional-com-passagens-a-partir-de-r-149-para-viagens-ate-junho-de-2023\/#breadcrumb","itemListElement":[{"@type":"ListItem","position":1,"name":"In\u00edcio","item":"https:\/\/www.cidademarketing.com.br\/marketing\/"},{"@type":"ListItem","position":2,"name":"LATAM ativa a\u00e7\u00e3o promocional com passagens a partir de R$ 149 para viagens at\u00e9 junho de 2023"}]},{"@type":"WebSite","@id":"https:\/\/www.cidademarketing.com.br\/marketing\/#website","url":"https:\/\/www.cidademarketing.com.br\/marketing\/","name":"CidadeMarketing","description":"Somos um ve\u00edculo de comunica\u00e7\u00e3o de destaque no Brasil, reconhecido por conte\u00fados nos segmentos de marketing, empreendedorismo e inova\u00e7\u00e3o.","publisher":{"@id":"https:\/\/www.cidademarketing.com.br\/marketing\/#organization"},"alternateName":"CidadeMarketing","potentialAction":[{"@type":"SearchAction","target":{"@type":"EntryPoint","urlTemplate":"https:\/\/www.cidademarketing.com.br\/marketing\/?s={search_term_string}"},"query-input":{"@type":"PropertyValueSpecification","valueRequired":true,"valueName":"search_term_string"}}],"inLanguage":"pt-BR"},{"@type":"Organization","@id":"https:\/\/www.cidademarketing.com.br\/marketing\/#organization","name":"CidadeMarketing","alternateName":"CidadeMarketing","url":"https:\/\/www.cidademarketing.com.br\/marketing\/","logo":{"@type":"ImageObject","inLanguage":"pt-BR","@id":"https:\/\/www.cidademarketing.com.br\/marketing\/#\/schema\/logo\/image\/","url":"https:\/\/www.cidademarketing.com.br\/marketing\/wp-content\/uploads\/2020\/01\/cidademarketing_marca_mobile.png","contentUrl":"https:\/\/www.cidademarketing.com.br\/marketing\/wp-content\/uploads\/2020\/01\/cidademarketing_marca_mobile.png","width":230,"height":92,"caption":"CidadeMarketing"},"image":{"@id":"https:\/\/www.cidademarketing.com.br\/marketing\/#\/schema\/logo\/image\/"},"sameAs":["https:\/\/www.facebook.com\/portalcidademarketing","https:\/\/x.com\/CidadeMarketing","https:\/\/www.instagram.com\/cidademarketing\/"]},{"@type":"Person","@id":"https:\/\/www.cidademarketing.com.br\/marketing\/#\/schema\/person\/02daff9f18bd9378c9e01eb6b2db155f","name":"Thales Brand\u00e3o","image":{"@type":"ImageObject","inLanguage":"pt-BR","@id":"https:\/\/secure.gravatar.com\/avatar\/7ca3206950207cc3cb48feec56a8a7898741ab725c368d99d5d7a5a50aab80c6?s=96&d=mm&r=g","url":"https:\/\/secure.gravatar.com\/avatar\/7ca3206950207cc3cb48feec56a8a7898741ab725c368d99d5d7a5a50aab80c6?s=96&d=mm&r=g","contentUrl":"https:\/\/secure.gravatar.com\/avatar\/7ca3206950207cc3cb48feec56a8a7898741ab725c368d99d5d7a5a50aab80c6?s=96&d=mm&r=g","caption":"Thales Brand\u00e3o"},"description":"Editor Executivo do Portal CidadeMarketing.com.br &gt; Mestre em Comunica\u00e7\u00e3o e Sociedade pela Universidade Federal de Sergipe. Possui MBA Executivo em Administra\u00e7\u00e3o com \u00eanfase em Marketing pela Funda\u00e7\u00e3o Get\u00falio Vargas - Rio de Janeiro. Consultor, Palestrante e Pesquisador sobre Empreendedorismo, Marketing, Redes Sociais e Neg\u00f3cios Digitais. Professor, Palestrante TedxTalks e Campus Party. Twitter: @ThalesBrandao","sameAs":["http:\/\/www.mandacaru.com.br","https:\/\/www.facebook.com\/thalesbrandao","http:\/\/www.instagram.com.br\/thalesbrandaoferreira","https:\/\/www.linkedin.com\/in\/thales-brand\u00e3o-3948609\/","https:\/\/x.com\/http:\/\/www.twitter.com\/thalesbrandao"],"url":"https:\/\/www.cidademarketing.com.br\/marketing\/author\/thalesbrandao\/"}]}},"amp_enabled":true,"_links":{"self":[{"href":"https:\/\/www.cidademarketing.com.br\/marketing\/wp-json\/wp\/v2\/posts\/41308","targetHints":{"allow":["GET"]}}],"collection":[{"href":"https:\/\/www.cidademarketing.com.br\/marketing\/wp-json\/wp\/v2\/posts"}],"about":[{"href":"https:\/\/www.cidademarketing.com.br\/marketing\/wp-json\/wp\/v2\/types\/post"}],"author":[{"embeddable":true,"href":"https:\/\/www.cidademarketing.com.br\/marketing\/wp-json\/wp\/v2\/users\/1"}],"replies":[{"embeddable":true,"href":"https:\/\/www.cidademarketing.com.br\/marketing\/wp-json\/wp\/v2\/comments?post=41308"}],"version-history":[{"count":1,"href":"https:\/\/www.cidademarketing.com.br\/marketing\/wp-json\/wp\/v2\/posts\/41308\/revisions"}],"predecessor-version":[{"id":41309,"href":"https:\/\/www.cidademarketing.com.br\/marketing\/wp-json\/wp\/v2\/posts\/41308\/revisions\/41309"}],"wp:featuredmedia":[{"embeddable":true,"href":"https:\/\/www.cidademarketing.com.br\/marketing\/wp-json\/wp\/v2\/media\/41012"}],"wp:attachment":[{"href":"https:\/\/www.cidademarketing.com.br\/marketing\/wp-json\/wp\/v2\/media?parent=41308"}],"wp:term":[{"taxonomy":"category","embeddable":true,"href":"https:\/\/www.cidademarketing.com.br\/marketing\/wp-json\/wp\/v2\/categories?post=41308"},{"taxonomy":"post_tag","embeddable":true,"href":"https:\/\/www.cidademarketing.com.br\/marketing\/wp-json\/wp\/v2\/tags?post=41308"}],"curies":[{"name":"wp","href":"https:\/\/api.w.org\/{rel}","templated":true}]}}