{"id":41235,"date":"2022-12-08T15:18:12","date_gmt":"2022-12-08T18:18:12","guid":{"rendered":"https:\/\/www.cidademarketing.com.br\/marketing\/?p=41235"},"modified":"2022-12-08T15:18:12","modified_gmt":"2022-12-08T18:18:12","slug":"marca-de-brinquedos-para-celebrar-o-natal-reserva-lanca-colecao-estrela","status":"publish","type":"post","link":"https:\/\/www.cidademarketing.com.br\/marketing\/2022\/12\/08\/marca-de-brinquedos-para-celebrar-o-natal-reserva-lanca-colecao-estrela\/","title":{"rendered":"Marca de Brinquedos: Para celebrar o Natal, Reserva lan\u00e7a cole\u00e7\u00e3o Estrela"},"content":{"rendered":"<p>Em comemora\u00e7\u00e3o ao Natal, a Reserva lan\u00e7a hoje, sua cole\u00e7\u00e3o exclusiva em colabora\u00e7\u00e3o com a Estrela, marca de brinquedos e artigos infantis. Resgatando a nostalgia da inf\u00e2ncia, o mote da campanha exclama \u201cPara crian\u00e7as de at\u00e9 120 anos&#8221;. Em parceria com a marca que esteve e segue presente em muitas inf\u00e2ncias, o lan\u00e7amento chancela agora um momento importante nas celebra\u00e7\u00f5es do natal, se adequando a fam\u00edlia toda.<\/p>\n<p><a href=\"https:\/\/open.spotify.com\/show\/4khMKzP3FgFRWVwb73xicc?si=252fe5bff2b34909\">https:\/\/open.spotify.com\/show\/4khMKzP3FgFRWVwb73xicc?si=252fe5bff2b34909<\/a><\/p>\n<p>Com pe\u00e7as masculinas, femininas, infantis, acess\u00f3rios e brinquedos, a cole\u00e7\u00e3o tem como intuito atender e trazer novidades para todos. Composta por extensa varia\u00e7\u00e3o de pe\u00e7as que estampam prints exclusivos em texturas vintages, logos e cores emblem\u00e1ticas de ambas as marcas, o objetivo \u00e9 vestir, presentear e participar ativamente desse momento entre fam\u00edlia e amigos, criando momentos, lembran\u00e7as e revivendo a saudade da inf\u00e2ncia.<br \/>\nIndo al\u00e9m do vestu\u00e1rio, o lan\u00e7amento conta com acess\u00f3rios, cal\u00e7ados e uma linha exclusiva e limitada de brinquedos, amplificando as possibilidades de presente.<\/p>\n\r\n                <style type=\"text\/css\">\r\n                    \r\n                    #tdi_1  .td-doubleSlider-2 .td-item1 {\r\n                        background: url(https:\/\/www.cidademarketing.com.br\/marketing\/wp-content\/uploads\/2022\/12\/Copia-de-RESERVA-NATAL-22-editorial-1957F-1-80x60.jpg) 0 0 no-repeat;\r\n                    }\r\n                    #tdi_1  .td-doubleSlider-2 .td-item2 {\r\n                        background: url(https:\/\/www.cidademarketing.com.br\/marketing\/wp-content\/uploads\/2022\/12\/RESERVA-NATAL-22-editorial-0005-1F-1-80x60.jpg) 0 0 no-repeat;\r\n                    }\r\n                    #tdi_1  .td-doubleSlider-2 .td-item3 {\r\n                        background: url(https:\/\/www.cidademarketing.com.br\/marketing\/wp-content\/uploads\/2022\/12\/RESERVA-NATAL-22-editorial-0905F-80x60.jpg) 0 0 no-repeat;\r\n                    }\r\n                    #tdi_1  .td-doubleSlider-2 .td-item4 {\r\n                        background: url(https:\/\/www.cidademarketing.com.br\/marketing\/wp-content\/uploads\/2022\/12\/RESERVA-NATAL-22-editorial-1556F-80x60.jpg) 0 0 no-repeat;\r\n                    }\r\n                    #tdi_1  .td-doubleSlider-2 .td-item5 {\r\n                        background: url(https:\/\/www.cidademarketing.com.br\/marketing\/wp-content\/uploads\/2022\/12\/RESERVA-NATAL-22-editorial-2014F-80x60.jpg) 0 0 no-repeat;\r\n                    }\r\n                    #tdi_1  .td-doubleSlider-2 .td-item6 {\r\n                        background: url(https:\/\/www.cidademarketing.com.br\/marketing\/wp-content\/uploads\/2022\/12\/RESERVA-NATAL-editorial-0011FF-1-80x60.jpg) 0 0 no-repeat;\r\n                    }\r\n                    #tdi_1  .td-doubleSlider-2 .td-item7 {\r\n                        background: url(https:\/\/www.cidademarketing.com.br\/marketing\/wp-content\/uploads\/2022\/12\/RESERVA-NATAL-editorial-0253F-1-80x60.jpg) 0 0 no-repeat;\r\n                    }\r\n                <\/style>\r\n\r\n                <div id=\"tdi_1\" class=\"td-gallery td-slide-on-2-columns\">\r\n                    <div class=\"post_td_gallery\">\r\n                        <div class=\"td-gallery-slide-top\">\r\n                           <div class=\"td-gallery-title\"><\/div>\r\n\r\n                            <div class=\"td-gallery-controls-wrapper\">\r\n                                <div class=\"td-gallery-slide-count\"><span class=\"td-gallery-slide-item-focus\">1<\/span> de 7<\/div>\r\n                                <div class=\"td-gallery-slide-prev-next-but\">\r\n                                    <i class = \"td-icon-left doubleSliderPrevButton\"><\/i>\r\n                                    <i class = \"td-icon-right doubleSliderNextButton\"><\/i>\r\n                                <\/div>\r\n                            <\/div>\r\n                        <\/div>\r\n\r\n                        <div class = \"td-doubleSlider-1 \">\r\n                            <div class = \"td-slider\">\r\n                                \r\n                    <div class = \"td-slide-item td-item1\">\r\n                        <figure class=\"td-slide-galery-figure td-slide-popup-gallery\">\r\n                            <a class=\"slide-gallery-image-link\" href=\"https:\/\/www.cidademarketing.com.br\/marketing\/wp-content\/uploads\/2022\/12\/Copia-de-RESERVA-NATAL-22-editorial-1957F-1-scaled.jpg\" title=\"C\u00f3pia de RESERVA NATAL 22 editorial 1957F (1)\"  data-caption=\"\"  data-description=\"\">\r\n                                <img decoding=\"async\" src=\"https:\/\/www.cidademarketing.com.br\/marketing\/wp-content\/uploads\/2022\/12\/Copia-de-RESERVA-NATAL-22-editorial-1957F-1-630x420.jpg\" srcset=\"https:\/\/www.cidademarketing.com.br\/marketing\/wp-content\/uploads\/2022\/12\/Copia-de-RESERVA-NATAL-22-editorial-1957F-1-630x420.jpg 630w, https:\/\/www.cidademarketing.com.br\/marketing\/wp-content\/uploads\/2022\/12\/Copia-de-RESERVA-NATAL-22-editorial-1957F-1-300x200.jpg 300w, https:\/\/www.cidademarketing.com.br\/marketing\/wp-content\/uploads\/2022\/12\/Copia-de-RESERVA-NATAL-22-editorial-1957F-1-1024x683.jpg 1024w, https:\/\/www.cidademarketing.com.br\/marketing\/wp-content\/uploads\/2022\/12\/Copia-de-RESERVA-NATAL-22-editorial-1957F-1-768x512.jpg 768w, https:\/\/www.cidademarketing.com.br\/marketing\/wp-content\/uploads\/2022\/12\/Copia-de-RESERVA-NATAL-22-editorial-1957F-1-1536x1024.jpg 1536w, https:\/\/www.cidademarketing.com.br\/marketing\/wp-content\/uploads\/2022\/12\/Copia-de-RESERVA-NATAL-22-editorial-1957F-1-2048x1365.jpg 2048w, https:\/\/www.cidademarketing.com.br\/marketing\/wp-content\/uploads\/2022\/12\/Copia-de-RESERVA-NATAL-22-editorial-1957F-1-640x427.jpg 640w, https:\/\/www.cidademarketing.com.br\/marketing\/wp-content\/uploads\/2022\/12\/Copia-de-RESERVA-NATAL-22-editorial-1957F-1-681x454.jpg 681w\" sizes=\"(max-width: 630px) 100vw, 630px\" alt=\"\">\r\n                            <\/a>\r\n                            \r\n                        <\/figure>\r\n                    <\/div>\r\n                    <div class = \"td-slide-item td-item2\">\r\n                        <figure class=\"td-slide-galery-figure td-slide-popup-gallery\">\r\n                            <a class=\"slide-gallery-image-link\" href=\"https:\/\/www.cidademarketing.com.br\/marketing\/wp-content\/uploads\/2022\/12\/RESERVA-NATAL-22-editorial-0005-1F-1-scaled.jpg\" title=\"RESERVA NATAL 22 editorial 0005 1F (1)\"  data-caption=\"\"  data-description=\"\">\r\n                                <img decoding=\"async\" src=\"https:\/\/www.cidademarketing.com.br\/marketing\/wp-content\/uploads\/2022\/12\/RESERVA-NATAL-22-editorial-0005-1F-1-587x420.jpg\" srcset=\"https:\/\/www.cidademarketing.com.br\/marketing\/wp-content\/uploads\/2022\/12\/RESERVA-NATAL-22-editorial-0005-1F-1-587x420.jpg 587w, https:\/\/www.cidademarketing.com.br\/marketing\/wp-content\/uploads\/2022\/12\/RESERVA-NATAL-22-editorial-0005-1F-1-300x215.jpg 300w, https:\/\/www.cidademarketing.com.br\/marketing\/wp-content\/uploads\/2022\/12\/RESERVA-NATAL-22-editorial-0005-1F-1-1024x732.jpg 1024w, https:\/\/www.cidademarketing.com.br\/marketing\/wp-content\/uploads\/2022\/12\/RESERVA-NATAL-22-editorial-0005-1F-1-768x549.jpg 768w, https:\/\/www.cidademarketing.com.br\/marketing\/wp-content\/uploads\/2022\/12\/RESERVA-NATAL-22-editorial-0005-1F-1-1536x1098.jpg 1536w, https:\/\/www.cidademarketing.com.br\/marketing\/wp-content\/uploads\/2022\/12\/RESERVA-NATAL-22-editorial-0005-1F-1-2048x1464.jpg 2048w, https:\/\/www.cidademarketing.com.br\/marketing\/wp-content\/uploads\/2022\/12\/RESERVA-NATAL-22-editorial-0005-1F-1-640x458.jpg 640w, https:\/\/www.cidademarketing.com.br\/marketing\/wp-content\/uploads\/2022\/12\/RESERVA-NATAL-22-editorial-0005-1F-1-681x487.jpg 681w\" sizes=\"(max-width: 587px) 100vw, 587px\" alt=\"\">\r\n                            <\/a>\r\n                            \r\n                        <\/figure>\r\n                    <\/div>\r\n                    <div class = \"td-slide-item td-item3\">\r\n                        <figure class=\"td-slide-galery-figure td-slide-popup-gallery\">\r\n                            <a class=\"slide-gallery-image-link\" href=\"https:\/\/www.cidademarketing.com.br\/marketing\/wp-content\/uploads\/2022\/12\/RESERVA-NATAL-22-editorial-0905F-scaled.jpg\" title=\"RESERVA NATAL 22 editorial 0905F\"  data-caption=\"\"  data-description=\"\">\r\n                                <img decoding=\"async\" src=\"https:\/\/www.cidademarketing.com.br\/marketing\/wp-content\/uploads\/2022\/12\/RESERVA-NATAL-22-editorial-0905F-630x420.jpg\" srcset=\"https:\/\/www.cidademarketing.com.br\/marketing\/wp-content\/uploads\/2022\/12\/RESERVA-NATAL-22-editorial-0905F-630x420.jpg 630w, https:\/\/www.cidademarketing.com.br\/marketing\/wp-content\/uploads\/2022\/12\/RESERVA-NATAL-22-editorial-0905F-300x200.jpg 300w, https:\/\/www.cidademarketing.com.br\/marketing\/wp-content\/uploads\/2022\/12\/RESERVA-NATAL-22-editorial-0905F-1024x683.jpg 1024w, https:\/\/www.cidademarketing.com.br\/marketing\/wp-content\/uploads\/2022\/12\/RESERVA-NATAL-22-editorial-0905F-768x512.jpg 768w, https:\/\/www.cidademarketing.com.br\/marketing\/wp-content\/uploads\/2022\/12\/RESERVA-NATAL-22-editorial-0905F-1536x1025.jpg 1536w, https:\/\/www.cidademarketing.com.br\/marketing\/wp-content\/uploads\/2022\/12\/RESERVA-NATAL-22-editorial-0905F-2048x1366.jpg 2048w, https:\/\/www.cidademarketing.com.br\/marketing\/wp-content\/uploads\/2022\/12\/RESERVA-NATAL-22-editorial-0905F-640x427.jpg 640w, https:\/\/www.cidademarketing.com.br\/marketing\/wp-content\/uploads\/2022\/12\/RESERVA-NATAL-22-editorial-0905F-681x454.jpg 681w\" sizes=\"(max-width: 630px) 100vw, 630px\" alt=\"\">\r\n                            <\/a>\r\n                            \r\n                        <\/figure>\r\n                    <\/div>\r\n                    <div class = \"td-slide-item td-item4\">\r\n                        <figure class=\"td-slide-galery-figure td-slide-popup-gallery\">\r\n                            <a class=\"slide-gallery-image-link\" href=\"https:\/\/www.cidademarketing.com.br\/marketing\/wp-content\/uploads\/2022\/12\/RESERVA-NATAL-22-editorial-1556F-scaled.jpg\" title=\"RESERVA NATAL 22 editorial 1556F\"  data-caption=\"\"  data-description=\"\">\r\n                                <img decoding=\"async\" src=\"https:\/\/www.cidademarketing.com.br\/marketing\/wp-content\/uploads\/2022\/12\/RESERVA-NATAL-22-editorial-1556F-630x420.jpg\" srcset=\"https:\/\/www.cidademarketing.com.br\/marketing\/wp-content\/uploads\/2022\/12\/RESERVA-NATAL-22-editorial-1556F-630x420.jpg 630w, https:\/\/www.cidademarketing.com.br\/marketing\/wp-content\/uploads\/2022\/12\/RESERVA-NATAL-22-editorial-1556F-300x200.jpg 300w, https:\/\/www.cidademarketing.com.br\/marketing\/wp-content\/uploads\/2022\/12\/RESERVA-NATAL-22-editorial-1556F-1024x683.jpg 1024w, https:\/\/www.cidademarketing.com.br\/marketing\/wp-content\/uploads\/2022\/12\/RESERVA-NATAL-22-editorial-1556F-768x512.jpg 768w, https:\/\/www.cidademarketing.com.br\/marketing\/wp-content\/uploads\/2022\/12\/RESERVA-NATAL-22-editorial-1556F-1536x1024.jpg 1536w, https:\/\/www.cidademarketing.com.br\/marketing\/wp-content\/uploads\/2022\/12\/RESERVA-NATAL-22-editorial-1556F-2048x1365.jpg 2048w, https:\/\/www.cidademarketing.com.br\/marketing\/wp-content\/uploads\/2022\/12\/RESERVA-NATAL-22-editorial-1556F-640x427.jpg 640w, https:\/\/www.cidademarketing.com.br\/marketing\/wp-content\/uploads\/2022\/12\/RESERVA-NATAL-22-editorial-1556F-681x454.jpg 681w\" sizes=\"(max-width: 630px) 100vw, 630px\" alt=\"\">\r\n                            <\/a>\r\n                            \r\n                        <\/figure>\r\n                    <\/div>\r\n                    <div class = \"td-slide-item td-item5\">\r\n                        <figure class=\"td-slide-galery-figure td-slide-popup-gallery\">\r\n                            <a class=\"slide-gallery-image-link\" href=\"https:\/\/www.cidademarketing.com.br\/marketing\/wp-content\/uploads\/2022\/12\/RESERVA-NATAL-22-editorial-2014F-scaled.jpg\" title=\"RESERVA NATAL 22 editorial 2014F\"  data-caption=\"\"  data-description=\"\">\r\n                                <img decoding=\"async\" src=\"https:\/\/www.cidademarketing.com.br\/marketing\/wp-content\/uploads\/2022\/12\/RESERVA-NATAL-22-editorial-2014F-613x420.jpg\" srcset=\"https:\/\/www.cidademarketing.com.br\/marketing\/wp-content\/uploads\/2022\/12\/RESERVA-NATAL-22-editorial-2014F-613x420.jpg 613w, https:\/\/www.cidademarketing.com.br\/marketing\/wp-content\/uploads\/2022\/12\/RESERVA-NATAL-22-editorial-2014F-300x205.jpg 300w, https:\/\/www.cidademarketing.com.br\/marketing\/wp-content\/uploads\/2022\/12\/RESERVA-NATAL-22-editorial-2014F-1024x701.jpg 1024w, https:\/\/www.cidademarketing.com.br\/marketing\/wp-content\/uploads\/2022\/12\/RESERVA-NATAL-22-editorial-2014F-768x526.jpg 768w, https:\/\/www.cidademarketing.com.br\/marketing\/wp-content\/uploads\/2022\/12\/RESERVA-NATAL-22-editorial-2014F-1536x1052.jpg 1536w, https:\/\/www.cidademarketing.com.br\/marketing\/wp-content\/uploads\/2022\/12\/RESERVA-NATAL-22-editorial-2014F-2048x1402.jpg 2048w, https:\/\/www.cidademarketing.com.br\/marketing\/wp-content\/uploads\/2022\/12\/RESERVA-NATAL-22-editorial-2014F-640x438.jpg 640w, https:\/\/www.cidademarketing.com.br\/marketing\/wp-content\/uploads\/2022\/12\/RESERVA-NATAL-22-editorial-2014F-681x466.jpg 681w\" sizes=\"(max-width: 613px) 100vw, 613px\" alt=\"\">\r\n                            <\/a>\r\n                            \r\n                        <\/figure>\r\n                    <\/div>\r\n                    <div class = \"td-slide-item td-item6\">\r\n                        <figure class=\"td-slide-galery-figure td-slide-popup-gallery\">\r\n                            <a class=\"slide-gallery-image-link\" href=\"https:\/\/www.cidademarketing.com.br\/marketing\/wp-content\/uploads\/2022\/12\/RESERVA-NATAL-editorial-0011FF-1-scaled.jpg\" title=\"RESERVA NATAL editorial 0011FF (1)\"  data-caption=\"\"  data-description=\"\">\r\n                                <img decoding=\"async\" src=\"https:\/\/www.cidademarketing.com.br\/marketing\/wp-content\/uploads\/2022\/12\/RESERVA-NATAL-editorial-0011FF-1-630x420.jpg\" srcset=\"https:\/\/www.cidademarketing.com.br\/marketing\/wp-content\/uploads\/2022\/12\/RESERVA-NATAL-editorial-0011FF-1-630x420.jpg 630w, https:\/\/www.cidademarketing.com.br\/marketing\/wp-content\/uploads\/2022\/12\/RESERVA-NATAL-editorial-0011FF-1-300x200.jpg 300w, https:\/\/www.cidademarketing.com.br\/marketing\/wp-content\/uploads\/2022\/12\/RESERVA-NATAL-editorial-0011FF-1-1024x683.jpg 1024w, https:\/\/www.cidademarketing.com.br\/marketing\/wp-content\/uploads\/2022\/12\/RESERVA-NATAL-editorial-0011FF-1-768x512.jpg 768w, https:\/\/www.cidademarketing.com.br\/marketing\/wp-content\/uploads\/2022\/12\/RESERVA-NATAL-editorial-0011FF-1-1536x1024.jpg 1536w, https:\/\/www.cidademarketing.com.br\/marketing\/wp-content\/uploads\/2022\/12\/RESERVA-NATAL-editorial-0011FF-1-2048x1365.jpg 2048w, https:\/\/www.cidademarketing.com.br\/marketing\/wp-content\/uploads\/2022\/12\/RESERVA-NATAL-editorial-0011FF-1-640x427.jpg 640w, https:\/\/www.cidademarketing.com.br\/marketing\/wp-content\/uploads\/2022\/12\/RESERVA-NATAL-editorial-0011FF-1-681x454.jpg 681w\" sizes=\"(max-width: 630px) 100vw, 630px\" alt=\"\">\r\n                            <\/a>\r\n                            \r\n                        <\/figure>\r\n                    <\/div>\r\n                    <div class = \"td-slide-item td-item7\">\r\n                        <figure class=\"td-slide-galery-figure td-slide-popup-gallery\">\r\n                            <a class=\"slide-gallery-image-link\" href=\"https:\/\/www.cidademarketing.com.br\/marketing\/wp-content\/uploads\/2022\/12\/RESERVA-NATAL-editorial-0253F-1-scaled.jpg\" title=\"RESERVA NATAL editorial 0253F (1)\"  data-caption=\"\"  data-description=\"\">\r\n                                <img decoding=\"async\" src=\"https:\/\/www.cidademarketing.com.br\/marketing\/wp-content\/uploads\/2022\/12\/RESERVA-NATAL-editorial-0253F-1-280x420.jpg\" srcset=\"https:\/\/www.cidademarketing.com.br\/marketing\/wp-content\/uploads\/2022\/12\/RESERVA-NATAL-editorial-0253F-1-280x420.jpg 280w, https:\/\/www.cidademarketing.com.br\/marketing\/wp-content\/uploads\/2022\/12\/RESERVA-NATAL-editorial-0253F-1-200x300.jpg 200w, https:\/\/www.cidademarketing.com.br\/marketing\/wp-content\/uploads\/2022\/12\/RESERVA-NATAL-editorial-0253F-1-683x1024.jpg 683w, https:\/\/www.cidademarketing.com.br\/marketing\/wp-content\/uploads\/2022\/12\/RESERVA-NATAL-editorial-0253F-1-768x1151.jpg 768w, https:\/\/www.cidademarketing.com.br\/marketing\/wp-content\/uploads\/2022\/12\/RESERVA-NATAL-editorial-0253F-1-1025x1536.jpg 1025w, https:\/\/www.cidademarketing.com.br\/marketing\/wp-content\/uploads\/2022\/12\/RESERVA-NATAL-editorial-0253F-1-1366x2048.jpg 1366w, https:\/\/www.cidademarketing.com.br\/marketing\/wp-content\/uploads\/2022\/12\/RESERVA-NATAL-editorial-0253F-1-640x960.jpg 640w, https:\/\/www.cidademarketing.com.br\/marketing\/wp-content\/uploads\/2022\/12\/RESERVA-NATAL-editorial-0253F-1-681x1021.jpg 681w, https:\/\/www.cidademarketing.com.br\/marketing\/wp-content\/uploads\/2022\/12\/RESERVA-NATAL-editorial-0253F-1-scaled.jpg 1708w\" sizes=\"(max-width: 280px) 100vw, 280px\" alt=\"\">\r\n                            <\/a>\r\n                            \r\n                        <\/figure>\r\n                    <\/div>\r\n                            <\/div>\r\n                        <\/div>\r\n\r\n                        <div class = \"td-doubleSlider-2\">\r\n                            <div class = \"td-slider\">\r\n                                \r\n                    <div class = \"td-button td-item1\">\r\n                        <div class = \"td-border\"><\/div>\r\n                    <\/div>\r\n                    <div class = \"td-button td-item2\">\r\n                        <div class = \"td-border\"><\/div>\r\n                    <\/div>\r\n                    <div class = \"td-button td-item3\">\r\n                        <div class = \"td-border\"><\/div>\r\n                    <\/div>\r\n                    <div class = \"td-button td-item4\">\r\n                        <div class = \"td-border\"><\/div>\r\n                    <\/div>\r\n                    <div class = \"td-button td-item5\">\r\n                        <div class = \"td-border\"><\/div>\r\n                    <\/div>\r\n                    <div class = \"td-button td-item6\">\r\n                        <div class = \"td-border\"><\/div>\r\n                    <\/div>\r\n                    <div class = \"td-button td-item7\">\r\n                        <div class = \"td-border\"><\/div>\r\n                    <\/div>\r\n                            <\/div>\r\n                        <\/div>\r\n\r\n                    <\/div>\r\n\r\n                <\/div>\r\n                \n<p>A Reserva refor\u00e7a a ideia de que no natal somos todos crian\u00e7as, e para unir e entreter as festividades de final de ano, entre os brinquedos da cole\u00e7\u00e3o a marca reviveu cl\u00e1ssicos como: Pogobol, Cara a Cara, Tapa Certo, Divertirama e um Pica-Pau de pel\u00facia, mascote e s\u00edmbolo Reserva.<\/p>\n<p>A Reserva doar\u00e1 no per\u00edodo do Natal, junto com a Estrela, 2.500 brinquedos para as ONG Rio Inclui, Gerando Falc\u00f5es e a ONG Novo Mundo. Internamente, a marca organizou uma caravana com os funcion\u00e1rios, para a entrega desses presentes na ONG Novo Mundo. A institui\u00e7\u00e3o foi escolhida, pois acolhe crian\u00e7as de 2 anos a 18 anos e \u00e9 associada ao Mesa Brasil, parceiro no projeto 1P5P da marca que viabiliza 5 pratos de comida a cada pe\u00e7a vendida.<\/p>\n<p>Estendendo as comemora\u00e7\u00f5es, a marca lan\u00e7a no dia 21 de dezembro uma cole\u00e7\u00e3o especial para o Ano Novo da cabe\u00e7a aos p\u00e9s com vestu\u00e1rios e cal\u00e7ados em tons claros estampando os amuletos da sorte, como trevo e logos do pica-pau em edi\u00e7\u00e3o especial.<\/p>\n<p><iframe style=\"width: 100%; max-width: 660px; overflow: hidden; background: transparent;\" src=\"https:\/\/embed.podcasts.apple.com\/br\/podcast\/podcast-cidademarketing\/id1371923283\" height=\"450\" frameborder=\"0\" sandbox=\"allow-forms allow-popups allow-same-origin allow-scripts allow-storage-access-by-user-activation allow-top-navigation-by-user-activation\"><\/iframe><\/p>\n","protected":false},"excerpt":{"rendered":"<p>Em comemora\u00e7\u00e3o ao Natal, a Reserva lan\u00e7a hoje, sua cole\u00e7\u00e3o exclusiva em colabora\u00e7\u00e3o com a Estrela, marca de brinquedos e artigos infantis. Resgatando a nostalgia da inf\u00e2ncia, o mote da campanha exclama \u201cPara crian\u00e7as de at\u00e9 120 anos&#8221;. Em parceria com a marca que esteve e segue presente em muitas inf\u00e2ncias, o lan\u00e7amento chancela agora [&hellip;]<\/p>\n","protected":false},"author":1,"featured_media":41240,"comment_status":"open","ping_status":"open","sticky":false,"template":"","format":"standard","meta":{"tdm_status":"","tdm_grid_status":"","footnotes":""},"categories":[6],"tags":[4514,33,548,39,28,1762,669,235,5003],"class_list":["post-41235","post","type-post","status-publish","format-standard","has-post-thumbnail","hentry","category-noticias","tag-collab","tag-estrategia","tag-estrela","tag-investimento","tag-marketing","tag-moda","tag-natal","tag-parceria","tag-reserva"],"yoast_head":"<!-- This site is optimized with the Yoast SEO plugin v27.4 - https:\/\/yoast.com\/product\/yoast-seo-wordpress\/ -->\n<title>Marca de Brinquedos: Para celebrar o Natal, Reserva lan\u00e7a cole\u00e7\u00e3o Estrela - CidadeMarketing<\/title>\n<meta name=\"robots\" content=\"index, follow, max-snippet:-1, max-image-preview:large, max-video-preview:-1\" \/>\n<link rel=\"canonical\" href=\"https:\/\/www.cidademarketing.com.br\/marketing\/2022\/12\/08\/marca-de-brinquedos-para-celebrar-o-natal-reserva-lanca-colecao-estrela\/\" \/>\n<meta property=\"og:locale\" content=\"pt_BR\" \/>\n<meta property=\"og:type\" content=\"article\" \/>\n<meta property=\"og:title\" content=\"Marca de Brinquedos: Para celebrar o Natal, Reserva lan\u00e7a cole\u00e7\u00e3o Estrela - CidadeMarketing\" \/>\n<meta property=\"og:description\" content=\"Em comemora\u00e7\u00e3o ao Natal, a Reserva lan\u00e7a hoje, sua cole\u00e7\u00e3o exclusiva em colabora\u00e7\u00e3o com a Estrela, marca de brinquedos e artigos infantis. Resgatando a nostalgia da inf\u00e2ncia, o mote da campanha exclama \u201cPara crian\u00e7as de at\u00e9 120 anos&#8221;. Em parceria com a marca que esteve e segue presente em muitas inf\u00e2ncias, o lan\u00e7amento chancela agora [&hellip;]\" \/>\n<meta property=\"og:url\" content=\"https:\/\/www.cidademarketing.com.br\/marketing\/2022\/12\/08\/marca-de-brinquedos-para-celebrar-o-natal-reserva-lanca-colecao-estrela\/\" \/>\n<meta property=\"og:site_name\" content=\"CidadeMarketing\" \/>\n<meta property=\"article:publisher\" content=\"https:\/\/www.facebook.com\/portalcidademarketing\" \/>\n<meta property=\"article:author\" content=\"https:\/\/www.facebook.com\/thalesbrandao\" \/>\n<meta property=\"article:published_time\" content=\"2022-12-08T18:18:12+00:00\" \/>\n<meta property=\"og:image\" content=\"https:\/\/www.cidademarketing.com.br\/marketing\/wp-content\/uploads\/2022\/12\/RESERVA-NATAL-22-editorial-2014F-scaled.jpg\" \/>\n\t<meta property=\"og:image:width\" content=\"2560\" \/>\n\t<meta property=\"og:image:height\" content=\"1753\" \/>\n\t<meta property=\"og:image:type\" content=\"image\/jpeg\" \/>\n<meta name=\"author\" content=\"Thales Brand\u00e3o\" \/>\n<meta name=\"twitter:card\" content=\"summary_large_image\" \/>\n<meta name=\"twitter:creator\" content=\"@http:\/\/www.twitter.com\/thalesbrandao\" \/>\n<meta name=\"twitter:site\" content=\"@CidadeMarketing\" \/>\n<meta name=\"twitter:label1\" content=\"Escrito por\" \/>\n\t<meta name=\"twitter:data1\" content=\"Thales Brand\u00e3o\" \/>\n\t<meta name=\"twitter:label2\" content=\"Est. tempo de leitura\" \/>\n\t<meta name=\"twitter:data2\" content=\"2 minutos\" \/>\n<script type=\"application\/ld+json\" class=\"yoast-schema-graph\">{\"@context\":\"https:\\\/\\\/schema.org\",\"@graph\":[{\"@type\":\"Article\",\"@id\":\"https:\\\/\\\/www.cidademarketing.com.br\\\/marketing\\\/2022\\\/12\\\/08\\\/marca-de-brinquedos-para-celebrar-o-natal-reserva-lanca-colecao-estrela\\\/#article\",\"isPartOf\":{\"@id\":\"https:\\\/\\\/www.cidademarketing.com.br\\\/marketing\\\/2022\\\/12\\\/08\\\/marca-de-brinquedos-para-celebrar-o-natal-reserva-lanca-colecao-estrela\\\/\"},\"author\":{\"name\":\"Thales Brand\u00e3o\",\"@id\":\"https:\\\/\\\/www.cidademarketing.com.br\\\/marketing\\\/#\\\/schema\\\/person\\\/02daff9f18bd9378c9e01eb6b2db155f\"},\"headline\":\"Marca de Brinquedos: Para celebrar o Natal, Reserva lan\u00e7a cole\u00e7\u00e3o Estrela\",\"datePublished\":\"2022-12-08T18:18:12+00:00\",\"mainEntityOfPage\":{\"@id\":\"https:\\\/\\\/www.cidademarketing.com.br\\\/marketing\\\/2022\\\/12\\\/08\\\/marca-de-brinquedos-para-celebrar-o-natal-reserva-lanca-colecao-estrela\\\/\"},\"wordCount\":394,\"commentCount\":0,\"publisher\":{\"@id\":\"https:\\\/\\\/www.cidademarketing.com.br\\\/marketing\\\/#organization\"},\"image\":{\"@id\":\"https:\\\/\\\/www.cidademarketing.com.br\\\/marketing\\\/2022\\\/12\\\/08\\\/marca-de-brinquedos-para-celebrar-o-natal-reserva-lanca-colecao-estrela\\\/#primaryimage\"},\"thumbnailUrl\":\"https:\\\/\\\/www.cidademarketing.com.br\\\/marketing\\\/wp-content\\\/uploads\\\/2022\\\/12\\\/RESERVA-NATAL-22-editorial-2014F-scaled.jpg\",\"keywords\":[\"collab\",\"estrat\u00e9gia\",\"Estrela\",\"investimento\",\"marketing\",\"moda\",\"Natal\",\"parceria\",\"Reserva\"],\"articleSection\":[\"Not\u00edcias\"],\"inLanguage\":\"pt-BR\",\"potentialAction\":[{\"@type\":\"CommentAction\",\"name\":\"Comment\",\"target\":[\"https:\\\/\\\/www.cidademarketing.com.br\\\/marketing\\\/2022\\\/12\\\/08\\\/marca-de-brinquedos-para-celebrar-o-natal-reserva-lanca-colecao-estrela\\\/#respond\"]}]},{\"@type\":\"WebPage\",\"@id\":\"https:\\\/\\\/www.cidademarketing.com.br\\\/marketing\\\/2022\\\/12\\\/08\\\/marca-de-brinquedos-para-celebrar-o-natal-reserva-lanca-colecao-estrela\\\/\",\"url\":\"https:\\\/\\\/www.cidademarketing.com.br\\\/marketing\\\/2022\\\/12\\\/08\\\/marca-de-brinquedos-para-celebrar-o-natal-reserva-lanca-colecao-estrela\\\/\",\"name\":\"Marca de Brinquedos: Para celebrar o Natal, Reserva lan\u00e7a cole\u00e7\u00e3o Estrela - CidadeMarketing\",\"isPartOf\":{\"@id\":\"https:\\\/\\\/www.cidademarketing.com.br\\\/marketing\\\/#website\"},\"primaryImageOfPage\":{\"@id\":\"https:\\\/\\\/www.cidademarketing.com.br\\\/marketing\\\/2022\\\/12\\\/08\\\/marca-de-brinquedos-para-celebrar-o-natal-reserva-lanca-colecao-estrela\\\/#primaryimage\"},\"image\":{\"@id\":\"https:\\\/\\\/www.cidademarketing.com.br\\\/marketing\\\/2022\\\/12\\\/08\\\/marca-de-brinquedos-para-celebrar-o-natal-reserva-lanca-colecao-estrela\\\/#primaryimage\"},\"thumbnailUrl\":\"https:\\\/\\\/www.cidademarketing.com.br\\\/marketing\\\/wp-content\\\/uploads\\\/2022\\\/12\\\/RESERVA-NATAL-22-editorial-2014F-scaled.jpg\",\"datePublished\":\"2022-12-08T18:18:12+00:00\",\"breadcrumb\":{\"@id\":\"https:\\\/\\\/www.cidademarketing.com.br\\\/marketing\\\/2022\\\/12\\\/08\\\/marca-de-brinquedos-para-celebrar-o-natal-reserva-lanca-colecao-estrela\\\/#breadcrumb\"},\"inLanguage\":\"pt-BR\",\"potentialAction\":[{\"@type\":\"ReadAction\",\"target\":[\"https:\\\/\\\/www.cidademarketing.com.br\\\/marketing\\\/2022\\\/12\\\/08\\\/marca-de-brinquedos-para-celebrar-o-natal-reserva-lanca-colecao-estrela\\\/\"]}]},{\"@type\":\"ImageObject\",\"inLanguage\":\"pt-BR\",\"@id\":\"https:\\\/\\\/www.cidademarketing.com.br\\\/marketing\\\/2022\\\/12\\\/08\\\/marca-de-brinquedos-para-celebrar-o-natal-reserva-lanca-colecao-estrela\\\/#primaryimage\",\"url\":\"https:\\\/\\\/www.cidademarketing.com.br\\\/marketing\\\/wp-content\\\/uploads\\\/2022\\\/12\\\/RESERVA-NATAL-22-editorial-2014F-scaled.jpg\",\"contentUrl\":\"https:\\\/\\\/www.cidademarketing.com.br\\\/marketing\\\/wp-content\\\/uploads\\\/2022\\\/12\\\/RESERVA-NATAL-22-editorial-2014F-scaled.jpg\",\"width\":2560,\"height\":1753},{\"@type\":\"BreadcrumbList\",\"@id\":\"https:\\\/\\\/www.cidademarketing.com.br\\\/marketing\\\/2022\\\/12\\\/08\\\/marca-de-brinquedos-para-celebrar-o-natal-reserva-lanca-colecao-estrela\\\/#breadcrumb\",\"itemListElement\":[{\"@type\":\"ListItem\",\"position\":1,\"name\":\"In\u00edcio\",\"item\":\"https:\\\/\\\/www.cidademarketing.com.br\\\/marketing\\\/\"},{\"@type\":\"ListItem\",\"position\":2,\"name\":\"Marca de Brinquedos: Para celebrar o Natal, Reserva lan\u00e7a cole\u00e7\u00e3o Estrela\"}]},{\"@type\":\"WebSite\",\"@id\":\"https:\\\/\\\/www.cidademarketing.com.br\\\/marketing\\\/#website\",\"url\":\"https:\\\/\\\/www.cidademarketing.com.br\\\/marketing\\\/\",\"name\":\"CidadeMarketing\",\"description\":\"Somos um ve\u00edculo de comunica\u00e7\u00e3o de destaque no Brasil, reconhecido por conte\u00fados nos segmentos de marketing, empreendedorismo e inova\u00e7\u00e3o.\",\"publisher\":{\"@id\":\"https:\\\/\\\/www.cidademarketing.com.br\\\/marketing\\\/#organization\"},\"alternateName\":\"CidadeMarketing\",\"potentialAction\":[{\"@type\":\"SearchAction\",\"target\":{\"@type\":\"EntryPoint\",\"urlTemplate\":\"https:\\\/\\\/www.cidademarketing.com.br\\\/marketing\\\/?s={search_term_string}\"},\"query-input\":{\"@type\":\"PropertyValueSpecification\",\"valueRequired\":true,\"valueName\":\"search_term_string\"}}],\"inLanguage\":\"pt-BR\"},{\"@type\":\"Organization\",\"@id\":\"https:\\\/\\\/www.cidademarketing.com.br\\\/marketing\\\/#organization\",\"name\":\"CidadeMarketing\",\"alternateName\":\"CidadeMarketing\",\"url\":\"https:\\\/\\\/www.cidademarketing.com.br\\\/marketing\\\/\",\"logo\":{\"@type\":\"ImageObject\",\"inLanguage\":\"pt-BR\",\"@id\":\"https:\\\/\\\/www.cidademarketing.com.br\\\/marketing\\\/#\\\/schema\\\/logo\\\/image\\\/\",\"url\":\"https:\\\/\\\/www.cidademarketing.com.br\\\/marketing\\\/wp-content\\\/uploads\\\/2020\\\/01\\\/cidademarketing_marca_mobile.png\",\"contentUrl\":\"https:\\\/\\\/www.cidademarketing.com.br\\\/marketing\\\/wp-content\\\/uploads\\\/2020\\\/01\\\/cidademarketing_marca_mobile.png\",\"width\":230,\"height\":92,\"caption\":\"CidadeMarketing\"},\"image\":{\"@id\":\"https:\\\/\\\/www.cidademarketing.com.br\\\/marketing\\\/#\\\/schema\\\/logo\\\/image\\\/\"},\"sameAs\":[\"https:\\\/\\\/www.facebook.com\\\/portalcidademarketing\",\"https:\\\/\\\/x.com\\\/CidadeMarketing\",\"https:\\\/\\\/www.instagram.com\\\/cidademarketing\\\/\"]},{\"@type\":\"Person\",\"@id\":\"https:\\\/\\\/www.cidademarketing.com.br\\\/marketing\\\/#\\\/schema\\\/person\\\/02daff9f18bd9378c9e01eb6b2db155f\",\"name\":\"Thales Brand\u00e3o\",\"image\":{\"@type\":\"ImageObject\",\"inLanguage\":\"pt-BR\",\"@id\":\"https:\\\/\\\/secure.gravatar.com\\\/avatar\\\/7ca3206950207cc3cb48feec56a8a7898741ab725c368d99d5d7a5a50aab80c6?s=96&d=mm&r=g\",\"url\":\"https:\\\/\\\/secure.gravatar.com\\\/avatar\\\/7ca3206950207cc3cb48feec56a8a7898741ab725c368d99d5d7a5a50aab80c6?s=96&d=mm&r=g\",\"contentUrl\":\"https:\\\/\\\/secure.gravatar.com\\\/avatar\\\/7ca3206950207cc3cb48feec56a8a7898741ab725c368d99d5d7a5a50aab80c6?s=96&d=mm&r=g\",\"caption\":\"Thales Brand\u00e3o\"},\"description\":\"Editor Executivo do Portal CidadeMarketing.com.br &gt; Mestre em Comunica\u00e7\u00e3o e Sociedade pela Universidade Federal de Sergipe. Possui MBA Executivo em Administra\u00e7\u00e3o com \u00eanfase em Marketing pela Funda\u00e7\u00e3o Get\u00falio Vargas - Rio de Janeiro. Consultor, Palestrante e Pesquisador sobre Empreendedorismo, Marketing, Redes Sociais e Neg\u00f3cios Digitais. Professor, Palestrante TedxTalks e Campus Party. Twitter: @ThalesBrandao\",\"sameAs\":[\"http:\\\/\\\/www.mandacaru.com.br\",\"https:\\\/\\\/www.facebook.com\\\/thalesbrandao\",\"http:\\\/\\\/www.instagram.com.br\\\/thalesbrandaoferreira\",\"https:\\\/\\\/www.linkedin.com\\\/in\\\/thales-brand\u00e3o-3948609\\\/\",\"https:\\\/\\\/x.com\\\/http:\\\/\\\/www.twitter.com\\\/thalesbrandao\"],\"url\":\"https:\\\/\\\/www.cidademarketing.com.br\\\/marketing\\\/author\\\/thalesbrandao\\\/\"}]}<\/script>\n<!-- \/ Yoast SEO plugin. -->","yoast_head_json":{"title":"Marca de Brinquedos: Para celebrar o Natal, Reserva lan\u00e7a cole\u00e7\u00e3o Estrela - CidadeMarketing","robots":{"index":"index","follow":"follow","max-snippet":"max-snippet:-1","max-image-preview":"max-image-preview:large","max-video-preview":"max-video-preview:-1"},"canonical":"https:\/\/www.cidademarketing.com.br\/marketing\/2022\/12\/08\/marca-de-brinquedos-para-celebrar-o-natal-reserva-lanca-colecao-estrela\/","og_locale":"pt_BR","og_type":"article","og_title":"Marca de Brinquedos: Para celebrar o Natal, Reserva lan\u00e7a cole\u00e7\u00e3o Estrela - CidadeMarketing","og_description":"Em comemora\u00e7\u00e3o ao Natal, a Reserva lan\u00e7a hoje, sua cole\u00e7\u00e3o exclusiva em colabora\u00e7\u00e3o com a Estrela, marca de brinquedos e artigos infantis. Resgatando a nostalgia da inf\u00e2ncia, o mote da campanha exclama \u201cPara crian\u00e7as de at\u00e9 120 anos&#8221;. Em parceria com a marca que esteve e segue presente em muitas inf\u00e2ncias, o lan\u00e7amento chancela agora [&hellip;]","og_url":"https:\/\/www.cidademarketing.com.br\/marketing\/2022\/12\/08\/marca-de-brinquedos-para-celebrar-o-natal-reserva-lanca-colecao-estrela\/","og_site_name":"CidadeMarketing","article_publisher":"https:\/\/www.facebook.com\/portalcidademarketing","article_author":"https:\/\/www.facebook.com\/thalesbrandao","article_published_time":"2022-12-08T18:18:12+00:00","og_image":[{"width":2560,"height":1753,"url":"https:\/\/www.cidademarketing.com.br\/marketing\/wp-content\/uploads\/2022\/12\/RESERVA-NATAL-22-editorial-2014F-scaled.jpg","type":"image\/jpeg"}],"author":"Thales Brand\u00e3o","twitter_card":"summary_large_image","twitter_creator":"@http:\/\/www.twitter.com\/thalesbrandao","twitter_site":"@CidadeMarketing","twitter_misc":{"Escrito por":"Thales Brand\u00e3o","Est. tempo de leitura":"2 minutos"},"schema":{"@context":"https:\/\/schema.org","@graph":[{"@type":"Article","@id":"https:\/\/www.cidademarketing.com.br\/marketing\/2022\/12\/08\/marca-de-brinquedos-para-celebrar-o-natal-reserva-lanca-colecao-estrela\/#article","isPartOf":{"@id":"https:\/\/www.cidademarketing.com.br\/marketing\/2022\/12\/08\/marca-de-brinquedos-para-celebrar-o-natal-reserva-lanca-colecao-estrela\/"},"author":{"name":"Thales Brand\u00e3o","@id":"https:\/\/www.cidademarketing.com.br\/marketing\/#\/schema\/person\/02daff9f18bd9378c9e01eb6b2db155f"},"headline":"Marca de Brinquedos: Para celebrar o Natal, Reserva lan\u00e7a cole\u00e7\u00e3o Estrela","datePublished":"2022-12-08T18:18:12+00:00","mainEntityOfPage":{"@id":"https:\/\/www.cidademarketing.com.br\/marketing\/2022\/12\/08\/marca-de-brinquedos-para-celebrar-o-natal-reserva-lanca-colecao-estrela\/"},"wordCount":394,"commentCount":0,"publisher":{"@id":"https:\/\/www.cidademarketing.com.br\/marketing\/#organization"},"image":{"@id":"https:\/\/www.cidademarketing.com.br\/marketing\/2022\/12\/08\/marca-de-brinquedos-para-celebrar-o-natal-reserva-lanca-colecao-estrela\/#primaryimage"},"thumbnailUrl":"https:\/\/www.cidademarketing.com.br\/marketing\/wp-content\/uploads\/2022\/12\/RESERVA-NATAL-22-editorial-2014F-scaled.jpg","keywords":["collab","estrat\u00e9gia","Estrela","investimento","marketing","moda","Natal","parceria","Reserva"],"articleSection":["Not\u00edcias"],"inLanguage":"pt-BR","potentialAction":[{"@type":"CommentAction","name":"Comment","target":["https:\/\/www.cidademarketing.com.br\/marketing\/2022\/12\/08\/marca-de-brinquedos-para-celebrar-o-natal-reserva-lanca-colecao-estrela\/#respond"]}]},{"@type":"WebPage","@id":"https:\/\/www.cidademarketing.com.br\/marketing\/2022\/12\/08\/marca-de-brinquedos-para-celebrar-o-natal-reserva-lanca-colecao-estrela\/","url":"https:\/\/www.cidademarketing.com.br\/marketing\/2022\/12\/08\/marca-de-brinquedos-para-celebrar-o-natal-reserva-lanca-colecao-estrela\/","name":"Marca de Brinquedos: Para celebrar o Natal, Reserva lan\u00e7a cole\u00e7\u00e3o Estrela - CidadeMarketing","isPartOf":{"@id":"https:\/\/www.cidademarketing.com.br\/marketing\/#website"},"primaryImageOfPage":{"@id":"https:\/\/www.cidademarketing.com.br\/marketing\/2022\/12\/08\/marca-de-brinquedos-para-celebrar-o-natal-reserva-lanca-colecao-estrela\/#primaryimage"},"image":{"@id":"https:\/\/www.cidademarketing.com.br\/marketing\/2022\/12\/08\/marca-de-brinquedos-para-celebrar-o-natal-reserva-lanca-colecao-estrela\/#primaryimage"},"thumbnailUrl":"https:\/\/www.cidademarketing.com.br\/marketing\/wp-content\/uploads\/2022\/12\/RESERVA-NATAL-22-editorial-2014F-scaled.jpg","datePublished":"2022-12-08T18:18:12+00:00","breadcrumb":{"@id":"https:\/\/www.cidademarketing.com.br\/marketing\/2022\/12\/08\/marca-de-brinquedos-para-celebrar-o-natal-reserva-lanca-colecao-estrela\/#breadcrumb"},"inLanguage":"pt-BR","potentialAction":[{"@type":"ReadAction","target":["https:\/\/www.cidademarketing.com.br\/marketing\/2022\/12\/08\/marca-de-brinquedos-para-celebrar-o-natal-reserva-lanca-colecao-estrela\/"]}]},{"@type":"ImageObject","inLanguage":"pt-BR","@id":"https:\/\/www.cidademarketing.com.br\/marketing\/2022\/12\/08\/marca-de-brinquedos-para-celebrar-o-natal-reserva-lanca-colecao-estrela\/#primaryimage","url":"https:\/\/www.cidademarketing.com.br\/marketing\/wp-content\/uploads\/2022\/12\/RESERVA-NATAL-22-editorial-2014F-scaled.jpg","contentUrl":"https:\/\/www.cidademarketing.com.br\/marketing\/wp-content\/uploads\/2022\/12\/RESERVA-NATAL-22-editorial-2014F-scaled.jpg","width":2560,"height":1753},{"@type":"BreadcrumbList","@id":"https:\/\/www.cidademarketing.com.br\/marketing\/2022\/12\/08\/marca-de-brinquedos-para-celebrar-o-natal-reserva-lanca-colecao-estrela\/#breadcrumb","itemListElement":[{"@type":"ListItem","position":1,"name":"In\u00edcio","item":"https:\/\/www.cidademarketing.com.br\/marketing\/"},{"@type":"ListItem","position":2,"name":"Marca de Brinquedos: Para celebrar o Natal, Reserva lan\u00e7a cole\u00e7\u00e3o Estrela"}]},{"@type":"WebSite","@id":"https:\/\/www.cidademarketing.com.br\/marketing\/#website","url":"https:\/\/www.cidademarketing.com.br\/marketing\/","name":"CidadeMarketing","description":"Somos um ve\u00edculo de comunica\u00e7\u00e3o de destaque no Brasil, reconhecido por conte\u00fados nos segmentos de marketing, empreendedorismo e inova\u00e7\u00e3o.","publisher":{"@id":"https:\/\/www.cidademarketing.com.br\/marketing\/#organization"},"alternateName":"CidadeMarketing","potentialAction":[{"@type":"SearchAction","target":{"@type":"EntryPoint","urlTemplate":"https:\/\/www.cidademarketing.com.br\/marketing\/?s={search_term_string}"},"query-input":{"@type":"PropertyValueSpecification","valueRequired":true,"valueName":"search_term_string"}}],"inLanguage":"pt-BR"},{"@type":"Organization","@id":"https:\/\/www.cidademarketing.com.br\/marketing\/#organization","name":"CidadeMarketing","alternateName":"CidadeMarketing","url":"https:\/\/www.cidademarketing.com.br\/marketing\/","logo":{"@type":"ImageObject","inLanguage":"pt-BR","@id":"https:\/\/www.cidademarketing.com.br\/marketing\/#\/schema\/logo\/image\/","url":"https:\/\/www.cidademarketing.com.br\/marketing\/wp-content\/uploads\/2020\/01\/cidademarketing_marca_mobile.png","contentUrl":"https:\/\/www.cidademarketing.com.br\/marketing\/wp-content\/uploads\/2020\/01\/cidademarketing_marca_mobile.png","width":230,"height":92,"caption":"CidadeMarketing"},"image":{"@id":"https:\/\/www.cidademarketing.com.br\/marketing\/#\/schema\/logo\/image\/"},"sameAs":["https:\/\/www.facebook.com\/portalcidademarketing","https:\/\/x.com\/CidadeMarketing","https:\/\/www.instagram.com\/cidademarketing\/"]},{"@type":"Person","@id":"https:\/\/www.cidademarketing.com.br\/marketing\/#\/schema\/person\/02daff9f18bd9378c9e01eb6b2db155f","name":"Thales Brand\u00e3o","image":{"@type":"ImageObject","inLanguage":"pt-BR","@id":"https:\/\/secure.gravatar.com\/avatar\/7ca3206950207cc3cb48feec56a8a7898741ab725c368d99d5d7a5a50aab80c6?s=96&d=mm&r=g","url":"https:\/\/secure.gravatar.com\/avatar\/7ca3206950207cc3cb48feec56a8a7898741ab725c368d99d5d7a5a50aab80c6?s=96&d=mm&r=g","contentUrl":"https:\/\/secure.gravatar.com\/avatar\/7ca3206950207cc3cb48feec56a8a7898741ab725c368d99d5d7a5a50aab80c6?s=96&d=mm&r=g","caption":"Thales Brand\u00e3o"},"description":"Editor Executivo do Portal CidadeMarketing.com.br &gt; Mestre em Comunica\u00e7\u00e3o e Sociedade pela Universidade Federal de Sergipe. Possui MBA Executivo em Administra\u00e7\u00e3o com \u00eanfase em Marketing pela Funda\u00e7\u00e3o Get\u00falio Vargas - Rio de Janeiro. Consultor, Palestrante e Pesquisador sobre Empreendedorismo, Marketing, Redes Sociais e Neg\u00f3cios Digitais. Professor, Palestrante TedxTalks e Campus Party. Twitter: @ThalesBrandao","sameAs":["http:\/\/www.mandacaru.com.br","https:\/\/www.facebook.com\/thalesbrandao","http:\/\/www.instagram.com.br\/thalesbrandaoferreira","https:\/\/www.linkedin.com\/in\/thales-brand\u00e3o-3948609\/","https:\/\/x.com\/http:\/\/www.twitter.com\/thalesbrandao"],"url":"https:\/\/www.cidademarketing.com.br\/marketing\/author\/thalesbrandao\/"}]}},"amp_enabled":true,"_links":{"self":[{"href":"https:\/\/www.cidademarketing.com.br\/marketing\/wp-json\/wp\/v2\/posts\/41235","targetHints":{"allow":["GET"]}}],"collection":[{"href":"https:\/\/www.cidademarketing.com.br\/marketing\/wp-json\/wp\/v2\/posts"}],"about":[{"href":"https:\/\/www.cidademarketing.com.br\/marketing\/wp-json\/wp\/v2\/types\/post"}],"author":[{"embeddable":true,"href":"https:\/\/www.cidademarketing.com.br\/marketing\/wp-json\/wp\/v2\/users\/1"}],"replies":[{"embeddable":true,"href":"https:\/\/www.cidademarketing.com.br\/marketing\/wp-json\/wp\/v2\/comments?post=41235"}],"version-history":[{"count":1,"href":"https:\/\/www.cidademarketing.com.br\/marketing\/wp-json\/wp\/v2\/posts\/41235\/revisions"}],"predecessor-version":[{"id":41243,"href":"https:\/\/www.cidademarketing.com.br\/marketing\/wp-json\/wp\/v2\/posts\/41235\/revisions\/41243"}],"wp:featuredmedia":[{"embeddable":true,"href":"https:\/\/www.cidademarketing.com.br\/marketing\/wp-json\/wp\/v2\/media\/41240"}],"wp:attachment":[{"href":"https:\/\/www.cidademarketing.com.br\/marketing\/wp-json\/wp\/v2\/media?parent=41235"}],"wp:term":[{"taxonomy":"category","embeddable":true,"href":"https:\/\/www.cidademarketing.com.br\/marketing\/wp-json\/wp\/v2\/categories?post=41235"},{"taxonomy":"post_tag","embeddable":true,"href":"https:\/\/www.cidademarketing.com.br\/marketing\/wp-json\/wp\/v2\/tags?post=41235"}],"curies":[{"name":"wp","href":"https:\/\/api.w.org\/{rel}","templated":true}]}}