{"id":41220,"date":"2022-12-08T10:45:57","date_gmt":"2022-12-08T13:45:57","guid":{"rendered":"https:\/\/www.cidademarketing.com.br\/marketing\/?p=41220"},"modified":"2022-12-08T10:45:57","modified_gmt":"2022-12-08T13:45:57","slug":"com-apoio-da-ambev-empreendedores-pretos-movimentam-mais-de-r-106-milhoes-em-negocios","status":"publish","type":"post","link":"https:\/\/www.cidademarketing.com.br\/marketing\/2022\/12\/08\/com-apoio-da-ambev-empreendedores-pretos-movimentam-mais-de-r-106-milhoes-em-negocios\/","title":{"rendered":"Com apoio da Ambev, empreendedores pretos movimentam mais de R$ 106 milh\u00f5es em neg\u00f3cios"},"content":{"rendered":"<p>Depois de superar a meta de aumentar o n\u00famero de fornecedores pretos e pardos, estabelecida em 2021, a Ambev segue avan\u00e7ando em sua agenda para promover a equidade racial dentro e fora da companhia. Atualmente, a empresa trabalha para promover a diversidade tamb\u00e9m no seu ecossistema de parceiros e fornecedores, e conta com uma base composta por mais de 800 profissionais autodeclarados pretos ou pardos. Somente durante este ano, foram movimentados mais de R$ 106 milh\u00f5es em neg\u00f3cios gerados com empreendedores pretos.<\/p>\n<p><iframe src=\"https:\/\/anchor.fm\/cidademarketing\/embed\" width=\"400px\" height=\"102px\" frameborder=\"0\" scrolling=\"no\"><\/iframe><br \/>\nPara contribuir ainda mais com o seu ecossistema, recentemente a Ambev lan\u00e7ou o Bora, programa de inclus\u00e3o produtiva pelo qual pretende impactar a vida de cinco milh\u00f5es de pessoas nos pr\u00f3ximos dez anos, gerando oportunidades de capacita\u00e7\u00e3o, emprego, renda e crescimento compartilhado.<\/p>\n<p>Maur\u00edcio Delfino, fundador da marca Da Minha Cor\u201d &#8211; site multiprodutos que comercializa produtos inovadores e socialmente inteligentes para a comunidade negra &#8211; \u00e9 um dos fornecedores parceiros da companhia. Segundo ele, a parceria com a companhia proporciona senso de pertencimento, igualdade e seguran\u00e7a aos profissionais. \u201cCom o fortalecimento das boas pr\u00e1ticas de ESG na Ambev, mais especificamente no quesito de diversidade de ra\u00e7a, culminando no maior acesso da popula\u00e7\u00e3o, se faz necess\u00e1rio fornecer EPI &#8212; Equipamento de Prote\u00e7\u00e3o Individual, como toucas descart\u00e1veis adequadas para cabelos afro, desenvolvidas e patenteadas pelo Da Minha Cor. Dessa forma iniciamos nossa parceria com a Ambev.\u201d, explica.<\/p>\n<p>A marca fundada por Maur\u00edcio \u00e9 uma das empresas que est\u00e3o participando da campanha rec\u00e9m-lan\u00e7ada \u201cNovembro Preto\u201d, iniciativa em que a Ambev destina parte dos seus espa\u00e7os de m\u00eddia na TV Globo e nas redes sociais da Ambev para a valoriza\u00e7\u00e3o de empreendedores negros da sua base de parceiros e fornecedores. A a\u00e7\u00e3o tem o objetivo de refor\u00e7ar o compromisso da companhia pela equidade racial e promover a inclus\u00e3o produtiva.<\/p>\n<p>Segundo ele, a campanha \u00e9 um apoio admir\u00e1vel ao empreendedor negro. \u201cSozinhos n\u00e3o ter\u00edamos condi\u00e7\u00f5es de realizar uma a\u00e7\u00e3o como essa. O movimento \u00e9 a demonstra\u00e7\u00e3o na pr\u00e1tica de que o ESG \u00e9 muito al\u00e9m de uma sigla e est\u00e1 em sinergia com o nosso prop\u00f3sito de fomentar nosso neg\u00f3cio para que cada vez mais pessoas tenham acesso aos produtos que pensamos e desenvolvemos para a comunidade negra.\u201d, afirma.<\/p>\n<p>Outros parceiros reais tamb\u00e9m participaram da a\u00e7\u00e3o. Inicialmente, as ativa\u00e7\u00f5es foram com a participa\u00e7\u00e3o de dois bares e cinco fornecedores de S\u00e3o Paulo, Salvador e Rio de Janeiro &#8212; Zanzi Bar (BA), Barkus Educacional (RJ), Boteco da Dona Tati (SP), Boutique 08 Eventos (SP), FR Brindes (SP), Diversidade io (SP) e Da Minha Cor (SP).<\/p>\n<p>Beatriz Santos, s\u00f3cia-fundadora da edtech \u201cBarkus Educacional\u201d &#8211; criada para democratizar o acesso \u00e0 educa\u00e7\u00e3o financeira por meio da tecnologia, relata que os empreendedores negros precisam de apoio como este. \u201cEst\u00e1 sendo bem interessante poder participar de uma a\u00e7\u00e3o que busca destacar empreendedores negros, porque s\u00e3o essas pessoas que mais precisam de visibilidade. Para al\u00e9m da evid\u00eancia, precisamos pensar e executar a\u00e7\u00f5es de fomento ao empreendedorismo negro, al\u00e9m de dar apoio, por meio de cursos, mentorias e orienta\u00e7\u00e3o financeira. N\u00f3s da Barkus Educacional estamos participando enquanto startup selecionada pela Aceleradora 100+, programa de inova\u00e7\u00e3o aberta da Ambev para startups de impacto socioambiental, e sei o quanto essa aproxima\u00e7\u00e3o foi ben\u00e9fica para n\u00f3s. Fico feliz por fazer parte desse movimento e espero que seja apenas o in\u00edcio. S\u00f3 deste modo, alcan\u00e7aremos a igualdade racial\u201d, afirma.<\/p>\n<p>Carol S\u00e1 Fortes, fundadora da Boutique 08 Eventos, tamb\u00e9m reconhece a import\u00e2ncia do projeto e ressalta que participar da iniciativa \u00e9 uma realiza\u00e7\u00e3o. \u201cPara n\u00f3s da Boutique 08, foi gratificante demais ter a oportunidade de organizar o encontro do MOVER para a Ambev e, consequentemente, ser uma das empresas divulgadas no movimento Novembro Preto. Estar ao vivo no programa Encontro com Patr\u00edcia Poeta e aparecer no intervalo do Jornal Nacional nos deixou extremamente felizes. A aten\u00e7\u00e3o com a agenda de equidade racial &#8211; e estar entre os parceiros selecionados pela Ambev &#8211; mostra que nosso empenho e dedica\u00e7\u00e3o em cada projeto \u00e9 notado e valorizado. Queremos agradecer publicamente ao time Ambev pelo convite, pois entendemos que mais portas v\u00e3o se abrir ap\u00f3s essa divulga\u00e7\u00e3o.\u201d, destaca.<\/p>\n<p>A campanha \u201cNovembro Preto\u201d foi criada pela Ag\u00eancia Africa e conta com filmes e ativa\u00e7\u00f5es na grade de programa\u00e7\u00e3o da emissora e em programas como o Encontro com Patr\u00edcia Poeta, \u00c9 de Casa e Doming\u00e3o com Huck. Para conhecer mais sobre o movimento Novembro Preto e a base de empreendedores parceiros da Ambev, acesse o link: Link<\/p>\n<p>Trajet\u00f3ria Ambev pela equidade racia<br \/>\nNos \u00faltimos anos, a Ambev reconheceu que tinha uma longa jornada pela frente sobre a tem\u00e1tica racial e assumiu compromissos importantes para promover uma agenda de equidade dentro e fora da companhia. Al\u00e9m dessas a\u00e7\u00f5es, em 2020 a Ambev assinou os 10 Compromissos das Empresas para a Promo\u00e7\u00e3o da Igualdade Racial, anunciou 13 metas espec\u00edficas para aumentar a diversidade \u00e9tnico-racial dos seus l\u00edderes e da sua cadeia de valor, al\u00e9m de constituir um comit\u00ea de especialistas externos relacionados \u00e0 pauta.<\/p>\n<p>A companhia tamb\u00e9m lan\u00e7ou o Est\u00e1gio Representa &#8211; programa exclusivo para pessoas pretas, fechou parceria com o MOVER &#8212; Movimento de Equidade Racial, iniciativa que re\u00fane atualmente 47 grandes empresas do Pa\u00eds em um movimento in\u00e9dito para promover a equidade racial, que ambiciona gerar 10 mil novas posi\u00e7\u00f5es de lideran\u00e7a para pessoas negras e gerar oportunidades para 3 milh\u00f5es de pessoas nos pr\u00f3ximos anos por meio de a\u00e7\u00f5es pr\u00e1ticas.<\/p>\n<p>Neste ano, a Ambev avan\u00e7ou nas a\u00e7\u00f5es de equidade racial e acelerou o desenvolvimento de l\u00edderes negros para ocuparem posi\u00e7\u00f5es seniores e de lideran\u00e7as, com o programa D\u00e0gb\u00e1 &#8211; L\u00edderes do Futuro.<\/p>\n<p>A Ambev tem consist\u00eancia em seus projetos e j\u00e1 colhe frutos importantes com as suas iniciativas, como a supera\u00e7\u00e3o do n\u00famero de colaboradores negros nos cargos de lideran\u00e7a &#8211; a meta previa a contrata\u00e7\u00e3o de 200 profissionais entre janeiro e dezembro de 2021. At\u00e9 hoje, dentro do perfil estipulado, j\u00e1 foram incorporados mais de 500 profissionais ao quadro de l\u00edderes. A companhia tamb\u00e9m foi reconhecida em duas categorias no IERE &#8212; \u00cdndice de Equidade Racial Empresarial de 2021 e foi destaque na inclus\u00e3o \u00e9tnico-racial da pesquisa Ethos\/\u00c9poca 2022. Essas primeiras conquistas foram poss\u00edveis com o trabalho de um time direcionado promover as iniciativas pela equidade dentro e fora da companhia.<\/p>\n<p><iframe style=\"width: 100%; max-width: 660px; overflow: hidden; background: transparent;\" src=\"https:\/\/embed.podcasts.apple.com\/br\/podcast\/podcast-cidademarketing\/id1371923283\" height=\"450\" frameborder=\"0\" sandbox=\"allow-forms allow-popups allow-same-origin allow-scripts allow-storage-access-by-user-activation allow-top-navigation-by-user-activation\"><\/iframe><\/p>\n","protected":false},"excerpt":{"rendered":"<p>Depois de superar a meta de aumentar o n\u00famero de fornecedores pretos e pardos, estabelecida em 2021, a Ambev segue avan\u00e7ando em sua agenda para promover a equidade racial dentro e fora da companhia. Atualmente, a empresa trabalha para promover a diversidade tamb\u00e9m no seu ecossistema de parceiros e fornecedores, e conta com uma base [&hellip;]<\/p>\n","protected":false},"author":1,"featured_media":41221,"comment_status":"open","ping_status":"open","sticky":false,"template":"","format":"standard","meta":{"tdm_status":"","tdm_grid_status":"","footnotes":""},"categories":[6],"tags":[65,1124,27,5725,33,28],"class_list":["post-41220","post","type-post","status-publish","format-standard","has-post-thumbnail","hentry","category-noticias","tag-campanha","tag-diversidade","tag-empreendedorismo","tag-empreendedorismo-preto","tag-estrategia","tag-marketing"],"yoast_head":"<!-- This site is optimized with the Yoast SEO plugin v27.5 - https:\/\/yoast.com\/product\/yoast-seo-wordpress\/ -->\n<title>Com apoio da Ambev, empreendedores pretos movimentam mais de R$ 106 milh\u00f5es em neg\u00f3cios - CidadeMarketing<\/title>\n<meta name=\"robots\" content=\"index, follow, max-snippet:-1, max-image-preview:large, max-video-preview:-1\" \/>\n<link rel=\"canonical\" href=\"https:\/\/www.cidademarketing.com.br\/marketing\/2022\/12\/08\/com-apoio-da-ambev-empreendedores-pretos-movimentam-mais-de-r-106-milhoes-em-negocios\/\" \/>\n<meta property=\"og:locale\" content=\"pt_BR\" \/>\n<meta property=\"og:type\" content=\"article\" \/>\n<meta property=\"og:title\" content=\"Com apoio da Ambev, empreendedores pretos movimentam mais de R$ 106 milh\u00f5es em neg\u00f3cios - CidadeMarketing\" \/>\n<meta property=\"og:description\" content=\"Depois de superar a meta de aumentar o n\u00famero de fornecedores pretos e pardos, estabelecida em 2021, a Ambev segue avan\u00e7ando em sua agenda para promover a equidade racial dentro e fora da companhia. Atualmente, a empresa trabalha para promover a diversidade tamb\u00e9m no seu ecossistema de parceiros e fornecedores, e conta com uma base [&hellip;]\" \/>\n<meta property=\"og:url\" content=\"https:\/\/www.cidademarketing.com.br\/marketing\/2022\/12\/08\/com-apoio-da-ambev-empreendedores-pretos-movimentam-mais-de-r-106-milhoes-em-negocios\/\" \/>\n<meta property=\"og:site_name\" content=\"CidadeMarketing\" \/>\n<meta property=\"article:publisher\" content=\"https:\/\/www.facebook.com\/portalcidademarketing\" \/>\n<meta property=\"article:author\" content=\"https:\/\/www.facebook.com\/thalesbrandao\" \/>\n<meta property=\"article:published_time\" content=\"2022-12-08T13:45:57+00:00\" \/>\n<meta property=\"og:image\" content=\"https:\/\/www.cidademarketing.com.br\/marketing\/wp-content\/uploads\/2022\/12\/empreendedoresnegros.jpg\" \/>\n\t<meta property=\"og:image:width\" content=\"917\" \/>\n\t<meta property=\"og:image:height\" content=\"571\" \/>\n\t<meta property=\"og:image:type\" content=\"image\/jpeg\" \/>\n<meta name=\"author\" content=\"Thales Brand\u00e3o\" \/>\n<meta name=\"twitter:card\" content=\"summary_large_image\" \/>\n<meta name=\"twitter:creator\" content=\"@http:\/\/www.twitter.com\/thalesbrandao\" \/>\n<meta name=\"twitter:site\" content=\"@CidadeMarketing\" \/>\n<meta name=\"twitter:label1\" content=\"Escrito por\" \/>\n\t<meta name=\"twitter:data1\" content=\"Thales Brand\u00e3o\" \/>\n\t<meta name=\"twitter:label2\" content=\"Est. tempo de leitura\" \/>\n\t<meta name=\"twitter:data2\" content=\"6 minutos\" \/>\n<script type=\"application\/ld+json\" class=\"yoast-schema-graph\">{\"@context\":\"https:\\\/\\\/schema.org\",\"@graph\":[{\"@type\":\"Article\",\"@id\":\"https:\\\/\\\/www.cidademarketing.com.br\\\/marketing\\\/2022\\\/12\\\/08\\\/com-apoio-da-ambev-empreendedores-pretos-movimentam-mais-de-r-106-milhoes-em-negocios\\\/#article\",\"isPartOf\":{\"@id\":\"https:\\\/\\\/www.cidademarketing.com.br\\\/marketing\\\/2022\\\/12\\\/08\\\/com-apoio-da-ambev-empreendedores-pretos-movimentam-mais-de-r-106-milhoes-em-negocios\\\/\"},\"author\":{\"name\":\"Thales Brand\u00e3o\",\"@id\":\"https:\\\/\\\/www.cidademarketing.com.br\\\/marketing\\\/#\\\/schema\\\/person\\\/02daff9f18bd9378c9e01eb6b2db155f\"},\"headline\":\"Com apoio da Ambev, empreendedores pretos movimentam mais de R$ 106 milh\u00f5es em neg\u00f3cios\",\"datePublished\":\"2022-12-08T13:45:57+00:00\",\"mainEntityOfPage\":{\"@id\":\"https:\\\/\\\/www.cidademarketing.com.br\\\/marketing\\\/2022\\\/12\\\/08\\\/com-apoio-da-ambev-empreendedores-pretos-movimentam-mais-de-r-106-milhoes-em-negocios\\\/\"},\"wordCount\":1131,\"commentCount\":0,\"publisher\":{\"@id\":\"https:\\\/\\\/www.cidademarketing.com.br\\\/marketing\\\/#organization\"},\"image\":{\"@id\":\"https:\\\/\\\/www.cidademarketing.com.br\\\/marketing\\\/2022\\\/12\\\/08\\\/com-apoio-da-ambev-empreendedores-pretos-movimentam-mais-de-r-106-milhoes-em-negocios\\\/#primaryimage\"},\"thumbnailUrl\":\"https:\\\/\\\/www.cidademarketing.com.br\\\/marketing\\\/wp-content\\\/uploads\\\/2022\\\/12\\\/empreendedoresnegros.jpg\",\"keywords\":[\"campanha\",\"diversidade\",\"empreendedorismo\",\"empreendedorismo preto\",\"estrat\u00e9gia\",\"marketing\"],\"articleSection\":[\"Not\u00edcias\"],\"inLanguage\":\"pt-BR\",\"potentialAction\":[{\"@type\":\"CommentAction\",\"name\":\"Comment\",\"target\":[\"https:\\\/\\\/www.cidademarketing.com.br\\\/marketing\\\/2022\\\/12\\\/08\\\/com-apoio-da-ambev-empreendedores-pretos-movimentam-mais-de-r-106-milhoes-em-negocios\\\/#respond\"]}]},{\"@type\":\"WebPage\",\"@id\":\"https:\\\/\\\/www.cidademarketing.com.br\\\/marketing\\\/2022\\\/12\\\/08\\\/com-apoio-da-ambev-empreendedores-pretos-movimentam-mais-de-r-106-milhoes-em-negocios\\\/\",\"url\":\"https:\\\/\\\/www.cidademarketing.com.br\\\/marketing\\\/2022\\\/12\\\/08\\\/com-apoio-da-ambev-empreendedores-pretos-movimentam-mais-de-r-106-milhoes-em-negocios\\\/\",\"name\":\"Com apoio da Ambev, empreendedores pretos movimentam mais de R$ 106 milh\u00f5es em neg\u00f3cios - CidadeMarketing\",\"isPartOf\":{\"@id\":\"https:\\\/\\\/www.cidademarketing.com.br\\\/marketing\\\/#website\"},\"primaryImageOfPage\":{\"@id\":\"https:\\\/\\\/www.cidademarketing.com.br\\\/marketing\\\/2022\\\/12\\\/08\\\/com-apoio-da-ambev-empreendedores-pretos-movimentam-mais-de-r-106-milhoes-em-negocios\\\/#primaryimage\"},\"image\":{\"@id\":\"https:\\\/\\\/www.cidademarketing.com.br\\\/marketing\\\/2022\\\/12\\\/08\\\/com-apoio-da-ambev-empreendedores-pretos-movimentam-mais-de-r-106-milhoes-em-negocios\\\/#primaryimage\"},\"thumbnailUrl\":\"https:\\\/\\\/www.cidademarketing.com.br\\\/marketing\\\/wp-content\\\/uploads\\\/2022\\\/12\\\/empreendedoresnegros.jpg\",\"datePublished\":\"2022-12-08T13:45:57+00:00\",\"breadcrumb\":{\"@id\":\"https:\\\/\\\/www.cidademarketing.com.br\\\/marketing\\\/2022\\\/12\\\/08\\\/com-apoio-da-ambev-empreendedores-pretos-movimentam-mais-de-r-106-milhoes-em-negocios\\\/#breadcrumb\"},\"inLanguage\":\"pt-BR\",\"potentialAction\":[{\"@type\":\"ReadAction\",\"target\":[\"https:\\\/\\\/www.cidademarketing.com.br\\\/marketing\\\/2022\\\/12\\\/08\\\/com-apoio-da-ambev-empreendedores-pretos-movimentam-mais-de-r-106-milhoes-em-negocios\\\/\"]}]},{\"@type\":\"ImageObject\",\"inLanguage\":\"pt-BR\",\"@id\":\"https:\\\/\\\/www.cidademarketing.com.br\\\/marketing\\\/2022\\\/12\\\/08\\\/com-apoio-da-ambev-empreendedores-pretos-movimentam-mais-de-r-106-milhoes-em-negocios\\\/#primaryimage\",\"url\":\"https:\\\/\\\/www.cidademarketing.com.br\\\/marketing\\\/wp-content\\\/uploads\\\/2022\\\/12\\\/empreendedoresnegros.jpg\",\"contentUrl\":\"https:\\\/\\\/www.cidademarketing.com.br\\\/marketing\\\/wp-content\\\/uploads\\\/2022\\\/12\\\/empreendedoresnegros.jpg\",\"width\":917,\"height\":571},{\"@type\":\"BreadcrumbList\",\"@id\":\"https:\\\/\\\/www.cidademarketing.com.br\\\/marketing\\\/2022\\\/12\\\/08\\\/com-apoio-da-ambev-empreendedores-pretos-movimentam-mais-de-r-106-milhoes-em-negocios\\\/#breadcrumb\",\"itemListElement\":[{\"@type\":\"ListItem\",\"position\":1,\"name\":\"In\u00edcio\",\"item\":\"https:\\\/\\\/www.cidademarketing.com.br\\\/marketing\\\/\"},{\"@type\":\"ListItem\",\"position\":2,\"name\":\"Com apoio da Ambev, empreendedores pretos movimentam mais de R$ 106 milh\u00f5es em neg\u00f3cios\"}]},{\"@type\":\"WebSite\",\"@id\":\"https:\\\/\\\/www.cidademarketing.com.br\\\/marketing\\\/#website\",\"url\":\"https:\\\/\\\/www.cidademarketing.com.br\\\/marketing\\\/\",\"name\":\"CidadeMarketing\",\"description\":\"Somos um ve\u00edculo de comunica\u00e7\u00e3o de destaque no Brasil, reconhecido por conte\u00fados nos segmentos de marketing, empreendedorismo e inova\u00e7\u00e3o.\",\"publisher\":{\"@id\":\"https:\\\/\\\/www.cidademarketing.com.br\\\/marketing\\\/#organization\"},\"alternateName\":\"CidadeMarketing\",\"potentialAction\":[{\"@type\":\"SearchAction\",\"target\":{\"@type\":\"EntryPoint\",\"urlTemplate\":\"https:\\\/\\\/www.cidademarketing.com.br\\\/marketing\\\/?s={search_term_string}\"},\"query-input\":{\"@type\":\"PropertyValueSpecification\",\"valueRequired\":true,\"valueName\":\"search_term_string\"}}],\"inLanguage\":\"pt-BR\"},{\"@type\":\"Organization\",\"@id\":\"https:\\\/\\\/www.cidademarketing.com.br\\\/marketing\\\/#organization\",\"name\":\"CidadeMarketing\",\"alternateName\":\"CidadeMarketing\",\"url\":\"https:\\\/\\\/www.cidademarketing.com.br\\\/marketing\\\/\",\"logo\":{\"@type\":\"ImageObject\",\"inLanguage\":\"pt-BR\",\"@id\":\"https:\\\/\\\/www.cidademarketing.com.br\\\/marketing\\\/#\\\/schema\\\/logo\\\/image\\\/\",\"url\":\"https:\\\/\\\/www.cidademarketing.com.br\\\/marketing\\\/wp-content\\\/uploads\\\/2020\\\/01\\\/cidademarketing_marca_mobile.png\",\"contentUrl\":\"https:\\\/\\\/www.cidademarketing.com.br\\\/marketing\\\/wp-content\\\/uploads\\\/2020\\\/01\\\/cidademarketing_marca_mobile.png\",\"width\":230,\"height\":92,\"caption\":\"CidadeMarketing\"},\"image\":{\"@id\":\"https:\\\/\\\/www.cidademarketing.com.br\\\/marketing\\\/#\\\/schema\\\/logo\\\/image\\\/\"},\"sameAs\":[\"https:\\\/\\\/www.facebook.com\\\/portalcidademarketing\",\"https:\\\/\\\/x.com\\\/CidadeMarketing\",\"https:\\\/\\\/www.instagram.com\\\/cidademarketing\\\/\"]},{\"@type\":\"Person\",\"@id\":\"https:\\\/\\\/www.cidademarketing.com.br\\\/marketing\\\/#\\\/schema\\\/person\\\/02daff9f18bd9378c9e01eb6b2db155f\",\"name\":\"Thales Brand\u00e3o\",\"image\":{\"@type\":\"ImageObject\",\"inLanguage\":\"pt-BR\",\"@id\":\"https:\\\/\\\/secure.gravatar.com\\\/avatar\\\/7ca3206950207cc3cb48feec56a8a7898741ab725c368d99d5d7a5a50aab80c6?s=96&d=mm&r=g\",\"url\":\"https:\\\/\\\/secure.gravatar.com\\\/avatar\\\/7ca3206950207cc3cb48feec56a8a7898741ab725c368d99d5d7a5a50aab80c6?s=96&d=mm&r=g\",\"contentUrl\":\"https:\\\/\\\/secure.gravatar.com\\\/avatar\\\/7ca3206950207cc3cb48feec56a8a7898741ab725c368d99d5d7a5a50aab80c6?s=96&d=mm&r=g\",\"caption\":\"Thales Brand\u00e3o\"},\"description\":\"Editor Executivo do Portal CidadeMarketing.com.br &gt; Mestre em Comunica\u00e7\u00e3o e Sociedade pela Universidade Federal de Sergipe. Possui MBA Executivo em Administra\u00e7\u00e3o com \u00eanfase em Marketing pela Funda\u00e7\u00e3o Get\u00falio Vargas - Rio de Janeiro. Consultor, Palestrante e Pesquisador sobre Empreendedorismo, Marketing, Redes Sociais e Neg\u00f3cios Digitais. Professor, Palestrante TedxTalks e Campus Party. Twitter: @ThalesBrandao\",\"sameAs\":[\"http:\\\/\\\/www.mandacaru.com.br\",\"https:\\\/\\\/www.facebook.com\\\/thalesbrandao\",\"http:\\\/\\\/www.instagram.com.br\\\/thalesbrandaoferreira\",\"https:\\\/\\\/www.linkedin.com\\\/in\\\/thales-brand\u00e3o-3948609\\\/\",\"https:\\\/\\\/x.com\\\/http:\\\/\\\/www.twitter.com\\\/thalesbrandao\"],\"url\":\"https:\\\/\\\/www.cidademarketing.com.br\\\/marketing\\\/author\\\/thalesbrandao\\\/\"}]}<\/script>\n<!-- \/ Yoast SEO plugin. -->","yoast_head_json":{"title":"Com apoio da Ambev, empreendedores pretos movimentam mais de R$ 106 milh\u00f5es em neg\u00f3cios - CidadeMarketing","robots":{"index":"index","follow":"follow","max-snippet":"max-snippet:-1","max-image-preview":"max-image-preview:large","max-video-preview":"max-video-preview:-1"},"canonical":"https:\/\/www.cidademarketing.com.br\/marketing\/2022\/12\/08\/com-apoio-da-ambev-empreendedores-pretos-movimentam-mais-de-r-106-milhoes-em-negocios\/","og_locale":"pt_BR","og_type":"article","og_title":"Com apoio da Ambev, empreendedores pretos movimentam mais de R$ 106 milh\u00f5es em neg\u00f3cios - CidadeMarketing","og_description":"Depois de superar a meta de aumentar o n\u00famero de fornecedores pretos e pardos, estabelecida em 2021, a Ambev segue avan\u00e7ando em sua agenda para promover a equidade racial dentro e fora da companhia. Atualmente, a empresa trabalha para promover a diversidade tamb\u00e9m no seu ecossistema de parceiros e fornecedores, e conta com uma base [&hellip;]","og_url":"https:\/\/www.cidademarketing.com.br\/marketing\/2022\/12\/08\/com-apoio-da-ambev-empreendedores-pretos-movimentam-mais-de-r-106-milhoes-em-negocios\/","og_site_name":"CidadeMarketing","article_publisher":"https:\/\/www.facebook.com\/portalcidademarketing","article_author":"https:\/\/www.facebook.com\/thalesbrandao","article_published_time":"2022-12-08T13:45:57+00:00","og_image":[{"width":917,"height":571,"url":"https:\/\/www.cidademarketing.com.br\/marketing\/wp-content\/uploads\/2022\/12\/empreendedoresnegros.jpg","type":"image\/jpeg"}],"author":"Thales Brand\u00e3o","twitter_card":"summary_large_image","twitter_creator":"@http:\/\/www.twitter.com\/thalesbrandao","twitter_site":"@CidadeMarketing","twitter_misc":{"Escrito por":"Thales Brand\u00e3o","Est. tempo de leitura":"6 minutos"},"schema":{"@context":"https:\/\/schema.org","@graph":[{"@type":"Article","@id":"https:\/\/www.cidademarketing.com.br\/marketing\/2022\/12\/08\/com-apoio-da-ambev-empreendedores-pretos-movimentam-mais-de-r-106-milhoes-em-negocios\/#article","isPartOf":{"@id":"https:\/\/www.cidademarketing.com.br\/marketing\/2022\/12\/08\/com-apoio-da-ambev-empreendedores-pretos-movimentam-mais-de-r-106-milhoes-em-negocios\/"},"author":{"name":"Thales Brand\u00e3o","@id":"https:\/\/www.cidademarketing.com.br\/marketing\/#\/schema\/person\/02daff9f18bd9378c9e01eb6b2db155f"},"headline":"Com apoio da Ambev, empreendedores pretos movimentam mais de R$ 106 milh\u00f5es em neg\u00f3cios","datePublished":"2022-12-08T13:45:57+00:00","mainEntityOfPage":{"@id":"https:\/\/www.cidademarketing.com.br\/marketing\/2022\/12\/08\/com-apoio-da-ambev-empreendedores-pretos-movimentam-mais-de-r-106-milhoes-em-negocios\/"},"wordCount":1131,"commentCount":0,"publisher":{"@id":"https:\/\/www.cidademarketing.com.br\/marketing\/#organization"},"image":{"@id":"https:\/\/www.cidademarketing.com.br\/marketing\/2022\/12\/08\/com-apoio-da-ambev-empreendedores-pretos-movimentam-mais-de-r-106-milhoes-em-negocios\/#primaryimage"},"thumbnailUrl":"https:\/\/www.cidademarketing.com.br\/marketing\/wp-content\/uploads\/2022\/12\/empreendedoresnegros.jpg","keywords":["campanha","diversidade","empreendedorismo","empreendedorismo preto","estrat\u00e9gia","marketing"],"articleSection":["Not\u00edcias"],"inLanguage":"pt-BR","potentialAction":[{"@type":"CommentAction","name":"Comment","target":["https:\/\/www.cidademarketing.com.br\/marketing\/2022\/12\/08\/com-apoio-da-ambev-empreendedores-pretos-movimentam-mais-de-r-106-milhoes-em-negocios\/#respond"]}]},{"@type":"WebPage","@id":"https:\/\/www.cidademarketing.com.br\/marketing\/2022\/12\/08\/com-apoio-da-ambev-empreendedores-pretos-movimentam-mais-de-r-106-milhoes-em-negocios\/","url":"https:\/\/www.cidademarketing.com.br\/marketing\/2022\/12\/08\/com-apoio-da-ambev-empreendedores-pretos-movimentam-mais-de-r-106-milhoes-em-negocios\/","name":"Com apoio da Ambev, empreendedores pretos movimentam mais de R$ 106 milh\u00f5es em neg\u00f3cios - CidadeMarketing","isPartOf":{"@id":"https:\/\/www.cidademarketing.com.br\/marketing\/#website"},"primaryImageOfPage":{"@id":"https:\/\/www.cidademarketing.com.br\/marketing\/2022\/12\/08\/com-apoio-da-ambev-empreendedores-pretos-movimentam-mais-de-r-106-milhoes-em-negocios\/#primaryimage"},"image":{"@id":"https:\/\/www.cidademarketing.com.br\/marketing\/2022\/12\/08\/com-apoio-da-ambev-empreendedores-pretos-movimentam-mais-de-r-106-milhoes-em-negocios\/#primaryimage"},"thumbnailUrl":"https:\/\/www.cidademarketing.com.br\/marketing\/wp-content\/uploads\/2022\/12\/empreendedoresnegros.jpg","datePublished":"2022-12-08T13:45:57+00:00","breadcrumb":{"@id":"https:\/\/www.cidademarketing.com.br\/marketing\/2022\/12\/08\/com-apoio-da-ambev-empreendedores-pretos-movimentam-mais-de-r-106-milhoes-em-negocios\/#breadcrumb"},"inLanguage":"pt-BR","potentialAction":[{"@type":"ReadAction","target":["https:\/\/www.cidademarketing.com.br\/marketing\/2022\/12\/08\/com-apoio-da-ambev-empreendedores-pretos-movimentam-mais-de-r-106-milhoes-em-negocios\/"]}]},{"@type":"ImageObject","inLanguage":"pt-BR","@id":"https:\/\/www.cidademarketing.com.br\/marketing\/2022\/12\/08\/com-apoio-da-ambev-empreendedores-pretos-movimentam-mais-de-r-106-milhoes-em-negocios\/#primaryimage","url":"https:\/\/www.cidademarketing.com.br\/marketing\/wp-content\/uploads\/2022\/12\/empreendedoresnegros.jpg","contentUrl":"https:\/\/www.cidademarketing.com.br\/marketing\/wp-content\/uploads\/2022\/12\/empreendedoresnegros.jpg","width":917,"height":571},{"@type":"BreadcrumbList","@id":"https:\/\/www.cidademarketing.com.br\/marketing\/2022\/12\/08\/com-apoio-da-ambev-empreendedores-pretos-movimentam-mais-de-r-106-milhoes-em-negocios\/#breadcrumb","itemListElement":[{"@type":"ListItem","position":1,"name":"In\u00edcio","item":"https:\/\/www.cidademarketing.com.br\/marketing\/"},{"@type":"ListItem","position":2,"name":"Com apoio da Ambev, empreendedores pretos movimentam mais de R$ 106 milh\u00f5es em neg\u00f3cios"}]},{"@type":"WebSite","@id":"https:\/\/www.cidademarketing.com.br\/marketing\/#website","url":"https:\/\/www.cidademarketing.com.br\/marketing\/","name":"CidadeMarketing","description":"Somos um ve\u00edculo de comunica\u00e7\u00e3o de destaque no Brasil, reconhecido por conte\u00fados nos segmentos de marketing, empreendedorismo e inova\u00e7\u00e3o.","publisher":{"@id":"https:\/\/www.cidademarketing.com.br\/marketing\/#organization"},"alternateName":"CidadeMarketing","potentialAction":[{"@type":"SearchAction","target":{"@type":"EntryPoint","urlTemplate":"https:\/\/www.cidademarketing.com.br\/marketing\/?s={search_term_string}"},"query-input":{"@type":"PropertyValueSpecification","valueRequired":true,"valueName":"search_term_string"}}],"inLanguage":"pt-BR"},{"@type":"Organization","@id":"https:\/\/www.cidademarketing.com.br\/marketing\/#organization","name":"CidadeMarketing","alternateName":"CidadeMarketing","url":"https:\/\/www.cidademarketing.com.br\/marketing\/","logo":{"@type":"ImageObject","inLanguage":"pt-BR","@id":"https:\/\/www.cidademarketing.com.br\/marketing\/#\/schema\/logo\/image\/","url":"https:\/\/www.cidademarketing.com.br\/marketing\/wp-content\/uploads\/2020\/01\/cidademarketing_marca_mobile.png","contentUrl":"https:\/\/www.cidademarketing.com.br\/marketing\/wp-content\/uploads\/2020\/01\/cidademarketing_marca_mobile.png","width":230,"height":92,"caption":"CidadeMarketing"},"image":{"@id":"https:\/\/www.cidademarketing.com.br\/marketing\/#\/schema\/logo\/image\/"},"sameAs":["https:\/\/www.facebook.com\/portalcidademarketing","https:\/\/x.com\/CidadeMarketing","https:\/\/www.instagram.com\/cidademarketing\/"]},{"@type":"Person","@id":"https:\/\/www.cidademarketing.com.br\/marketing\/#\/schema\/person\/02daff9f18bd9378c9e01eb6b2db155f","name":"Thales Brand\u00e3o","image":{"@type":"ImageObject","inLanguage":"pt-BR","@id":"https:\/\/secure.gravatar.com\/avatar\/7ca3206950207cc3cb48feec56a8a7898741ab725c368d99d5d7a5a50aab80c6?s=96&d=mm&r=g","url":"https:\/\/secure.gravatar.com\/avatar\/7ca3206950207cc3cb48feec56a8a7898741ab725c368d99d5d7a5a50aab80c6?s=96&d=mm&r=g","contentUrl":"https:\/\/secure.gravatar.com\/avatar\/7ca3206950207cc3cb48feec56a8a7898741ab725c368d99d5d7a5a50aab80c6?s=96&d=mm&r=g","caption":"Thales Brand\u00e3o"},"description":"Editor Executivo do Portal CidadeMarketing.com.br &gt; Mestre em Comunica\u00e7\u00e3o e Sociedade pela Universidade Federal de Sergipe. Possui MBA Executivo em Administra\u00e7\u00e3o com \u00eanfase em Marketing pela Funda\u00e7\u00e3o Get\u00falio Vargas - Rio de Janeiro. Consultor, Palestrante e Pesquisador sobre Empreendedorismo, Marketing, Redes Sociais e Neg\u00f3cios Digitais. Professor, Palestrante TedxTalks e Campus Party. Twitter: @ThalesBrandao","sameAs":["http:\/\/www.mandacaru.com.br","https:\/\/www.facebook.com\/thalesbrandao","http:\/\/www.instagram.com.br\/thalesbrandaoferreira","https:\/\/www.linkedin.com\/in\/thales-brand\u00e3o-3948609\/","https:\/\/x.com\/http:\/\/www.twitter.com\/thalesbrandao"],"url":"https:\/\/www.cidademarketing.com.br\/marketing\/author\/thalesbrandao\/"}]}},"amp_enabled":true,"_links":{"self":[{"href":"https:\/\/www.cidademarketing.com.br\/marketing\/wp-json\/wp\/v2\/posts\/41220","targetHints":{"allow":["GET"]}}],"collection":[{"href":"https:\/\/www.cidademarketing.com.br\/marketing\/wp-json\/wp\/v2\/posts"}],"about":[{"href":"https:\/\/www.cidademarketing.com.br\/marketing\/wp-json\/wp\/v2\/types\/post"}],"author":[{"embeddable":true,"href":"https:\/\/www.cidademarketing.com.br\/marketing\/wp-json\/wp\/v2\/users\/1"}],"replies":[{"embeddable":true,"href":"https:\/\/www.cidademarketing.com.br\/marketing\/wp-json\/wp\/v2\/comments?post=41220"}],"version-history":[{"count":1,"href":"https:\/\/www.cidademarketing.com.br\/marketing\/wp-json\/wp\/v2\/posts\/41220\/revisions"}],"predecessor-version":[{"id":41222,"href":"https:\/\/www.cidademarketing.com.br\/marketing\/wp-json\/wp\/v2\/posts\/41220\/revisions\/41222"}],"wp:featuredmedia":[{"embeddable":true,"href":"https:\/\/www.cidademarketing.com.br\/marketing\/wp-json\/wp\/v2\/media\/41221"}],"wp:attachment":[{"href":"https:\/\/www.cidademarketing.com.br\/marketing\/wp-json\/wp\/v2\/media?parent=41220"}],"wp:term":[{"taxonomy":"category","embeddable":true,"href":"https:\/\/www.cidademarketing.com.br\/marketing\/wp-json\/wp\/v2\/categories?post=41220"},{"taxonomy":"post_tag","embeddable":true,"href":"https:\/\/www.cidademarketing.com.br\/marketing\/wp-json\/wp\/v2\/tags?post=41220"}],"curies":[{"name":"wp","href":"https:\/\/api.w.org\/{rel}","templated":true}]}}