{"id":41173,"date":"2022-12-06T23:25:44","date_gmt":"2022-12-07T02:25:44","guid":{"rendered":"https:\/\/www.cidademarketing.com.br\/marketing\/?p=41173"},"modified":"2022-12-06T23:25:44","modified_gmt":"2022-12-07T02:25:44","slug":"audi-expande-fabrica-de-motores-em-3-000-m%c2%b2-para-projeto-de-formula-1-com-novo-edificio-em-neuburg-na-alemanha","status":"publish","type":"post","link":"https:\/\/www.cidademarketing.com.br\/marketing\/2022\/12\/06\/audi-expande-fabrica-de-motores-em-3-000-m%c2%b2-para-projeto-de-formula-1-com-novo-edificio-em-neuburg-na-alemanha\/","title":{"rendered":"Audi expande f\u00e1brica de motores em 3.000 m\u00b2 para projeto de F\u00f3rmula 1 com novo edif\u00edcio em Neuburg, na Alemanha"},"content":{"rendered":"<p>A Audi est\u00e1 ampliando sua f\u00e1brica para a produ\u00e7\u00e3o de motores que ser\u00e3o utilizados na F\u00f3rmula 1 a partir de 2026. O novo espa\u00e7o Competence Center Motorsport ficar\u00e1 nas instala\u00e7\u00f5es da Audi Neuburg, na Alemanha. Em um novo pr\u00e9dio de cerca de 3.000 metros quadrados, ser\u00e3o instaladas novas bancadas de teste para o desenvolvimento da unidade de pot\u00eancia.<\/p>\n<p><iframe title=\"Spotify Embed: Podcast CidadeMarketing\" style=\"border-radius: 12px\" width=\"100%\" height=\"152\" frameborder=\"0\" allowfullscreen allow=\"autoplay; clipboard-write; encrypted-media; fullscreen; picture-in-picture\" loading=\"lazy\" src=\"https:\/\/open.spotify.com\/embed\/show\/4khMKzP3FgFRWVwb73xicc?si=252fe5bff2b34909&#038;utm_source=oembed\"><\/iframe><\/p>\n<p>O Competence Center Motorsport, inaugurado em 2014, \u00e9 considerado um dos locais de desenvolvimento t\u00e9cnico mais modernos da ind\u00fastria. Todas as opera\u00e7\u00f5es dos eventos esportivos s\u00e3o coordenadas do Centro. O futurista Audi RS Q e-tron, com seu sistema de transmiss\u00e3o inovador para o Rally Dakar, foi constru\u00eddo em Neuburg, assim como as vers\u00f5es do carro de corrida h\u00edbrido Audi R18 e-tron quattro, o Audi RS 5 DTM e o carro de corrida totalmente el\u00e9trico da F\u00f3rmula E.<\/p>\n<p>A nova motoriza\u00e7\u00e3o, que est\u00e1 sendo desenvolvida e constru\u00edda em Neuburg, conta com um sistema de recupera\u00e7\u00e3o de energia, propulsor el\u00e9trico, bateria, motor de combust\u00e3o altamente eficiente e transmiss\u00e3o. Cerca de 50% da pot\u00eancia ser\u00e1 el\u00e9trica. A Audi competir\u00e1 na F\u00f3rmula 1 como equipe de f\u00e1brica em 2026, juntamente com sua parceira estrat\u00e9gica Sauber.<\/p>\n<p>\u201cCom o Competence Center Motorsport, temos uma base ideal para o nosso projeto de F\u00f3rmula 1\u201d, diz Oliver Hoffmann, membro do Conselho de Desenvolvimento T\u00e9cnico. \u201cO Audi Neuburg foi projetado desde o in\u00edcio para ser capaz de enfrentar os projetos de automobilismo mais exigentes. Com as instala\u00e7\u00f5es existentes, pudemos iniciar imediatamente o projeto da F\u00f3rmula 1. A expans\u00e3o criar\u00e1 a infraestrutura necess\u00e1ria para o desenvolvimento de nossa unidade de pot\u00eancia de F1 a longo prazo. Com a amplia\u00e7\u00e3o do pr\u00e9dio e a instala\u00e7\u00e3o de bancadas de teste de \u00faltima gera\u00e7\u00e3o, estamos dando \u00e0 nossa equipe de desenvolvimento as melhores condi\u00e7\u00f5es poss\u00edveis para ter sucesso na principal categoria do automobilismo\u201d.<\/p>\n<p>O novo edif\u00edcio, chamado F7.2, ser\u00e1 constru\u00eddo no extremo sudoeste do complexo de edif\u00edcios em uma \u00e1rea anteriormente n\u00e3o utilizada e ser\u00e1 conectado ao edif\u00edcio F7 por meio de uma ponte fechada. Al\u00e9m das bancadas de testes da unidade motriz e dos motores, haver\u00e1 salas t\u00e9cnicas, oficina mec\u00e2nica e locais de trabalho para cerca de 60 funcion\u00e1rios em uma \u00e1rea total de 3.000 metros quadrados. A conclus\u00e3o da amplia\u00e7\u00e3o est\u00e1 prevista para o primeiro trimestre de 2024. Parte do novo pr\u00e9dio deve entrar em opera\u00e7\u00e3o j\u00e1 em mar\u00e7o do ano que vem.<\/p>\n<p>O fornecimento de eletricidade e aquecimento em Neuburg j\u00e1 \u00e9 neutro em termos de CO\u2082: a instala\u00e7\u00e3o \u00e9 abastecida com aquecimento distrital de calor residual industrial e eletricidade verde de usinas hidrel\u00e9tricas. A FIA (F\u00e9d\u00e9ration Internationale de l&#8217;Automobile) concedeu \u00e0 instala\u00e7\u00e3o seu maior pr\u00eamio de conserva\u00e7\u00e3o ambiental e sustentabilidade com o selo de aprova\u00e7\u00e3o ambiental de tr\u00eas estrelas. O objetivo da Audi \u00e9 gerar energia para o projeto de F\u00f3rmula 1 nas instala\u00e7\u00f5es de Neuburg de forma totalmente independente e regenerativa a m\u00e9dio prazo.<\/p>\n<p>N\u00e3o \u00e9 apenas a infraestrutura que est\u00e1 sendo ampliada em Neuburg. A equipe tamb\u00e9m est\u00e1 crescendo constantemente. Atualmente, cerca de 220 funcion\u00e1rios foram recrutados para o projeto de F\u00f3rmula 1 nas instala\u00e7\u00f5es de Neuburg. A meta \u00e9 ter mais de 300 colaboradores at\u00e9 meados de 2023. \u201cDesenvolver uma motoriza\u00e7\u00e3o na Alemanha para o campeonato de corrida mais exigente do mundo \u00e9 um grande desafio\u201d, diz Adam Baker, diretor administrativo da Audi Formula Racing GmbH, que foi fundada para o projeto. \u201cJ\u00e1 temos uma grande equipe em nossas instala\u00e7\u00f5es em Neuburg que est\u00e1 crescendo o tempo todo.\u201d<\/p>\n<p><iframe style=\"width: 100%; max-width: 660px; overflow: hidden; background: transparent;\" src=\"https:\/\/embed.podcasts.apple.com\/br\/podcast\/podcast-cidademarketing\/id1371923283\" height=\"450\" frameborder=\"0\" sandbox=\"allow-forms allow-popups allow-same-origin allow-scripts allow-storage-access-by-user-activation allow-top-navigation-by-user-activation\"><\/iframe><\/p>\n","protected":false},"excerpt":{"rendered":"<p>A Audi est\u00e1 ampliando sua f\u00e1brica para a produ\u00e7\u00e3o de motores que ser\u00e3o utilizados na F\u00f3rmula 1 a partir de 2026. O novo espa\u00e7o Competence Center Motorsport ficar\u00e1 nas instala\u00e7\u00f5es da Audi Neuburg, na Alemanha. Em um novo pr\u00e9dio de cerca de 3.000 metros quadrados, ser\u00e3o instaladas novas bancadas de teste para o desenvolvimento da [&hellip;]<\/p>\n","protected":false},"author":1,"featured_media":41174,"comment_status":"open","ping_status":"open","sticky":false,"template":"","format":"standard","meta":{"tdm_status":"","tdm_grid_status":"","footnotes":""},"categories":[6],"tags":[943,223,405,293,28,185],"class_list":["post-41173","post","type-post","status-publish","format-standard","has-post-thumbnail","hentry","category-noticias","tag-audi","tag-design","tag-f1","tag-inovacao","tag-marketing","tag-tecnologia"],"yoast_head":"<!-- This site is optimized with the Yoast SEO plugin v27.4 - https:\/\/yoast.com\/product\/yoast-seo-wordpress\/ -->\n<title>Audi expande f\u00e1brica de motores em 3.000 m\u00b2 para projeto de F\u00f3rmula 1 com novo edif\u00edcio em Neuburg, na Alemanha - CidadeMarketing<\/title>\n<meta name=\"robots\" content=\"index, follow, max-snippet:-1, max-image-preview:large, max-video-preview:-1\" \/>\n<link rel=\"canonical\" href=\"https:\/\/www.cidademarketing.com.br\/marketing\/2022\/12\/06\/audi-expande-fabrica-de-motores-em-3-000-m\u00b2-para-projeto-de-formula-1-com-novo-edificio-em-neuburg-na-alemanha\/\" \/>\n<meta property=\"og:locale\" content=\"pt_BR\" \/>\n<meta property=\"og:type\" content=\"article\" \/>\n<meta property=\"og:title\" content=\"Audi expande f\u00e1brica de motores em 3.000 m\u00b2 para projeto de F\u00f3rmula 1 com novo edif\u00edcio em Neuburg, na Alemanha - CidadeMarketing\" \/>\n<meta property=\"og:description\" content=\"A Audi est\u00e1 ampliando sua f\u00e1brica para a produ\u00e7\u00e3o de motores que ser\u00e3o utilizados na F\u00f3rmula 1 a partir de 2026. O novo espa\u00e7o Competence Center Motorsport ficar\u00e1 nas instala\u00e7\u00f5es da Audi Neuburg, na Alemanha. Em um novo pr\u00e9dio de cerca de 3.000 metros quadrados, ser\u00e3o instaladas novas bancadas de teste para o desenvolvimento da [&hellip;]\" \/>\n<meta property=\"og:url\" content=\"https:\/\/www.cidademarketing.com.br\/marketing\/2022\/12\/06\/audi-expande-fabrica-de-motores-em-3-000-m\u00b2-para-projeto-de-formula-1-com-novo-edificio-em-neuburg-na-alemanha\/\" \/>\n<meta property=\"og:site_name\" content=\"CidadeMarketing\" \/>\n<meta property=\"article:publisher\" content=\"https:\/\/www.facebook.com\/portalcidademarketing\" \/>\n<meta property=\"article:author\" content=\"https:\/\/www.facebook.com\/thalesbrandao\" \/>\n<meta property=\"article:published_time\" content=\"2022-12-07T02:25:44+00:00\" \/>\n<meta property=\"og:image\" content=\"https:\/\/www.cidademarketing.com.br\/marketing\/wp-content\/uploads\/2022\/12\/audi_f1.jpg\" \/>\n\t<meta property=\"og:image:width\" content=\"1754\" \/>\n\t<meta property=\"og:image:height\" content=\"1315\" \/>\n\t<meta property=\"og:image:type\" content=\"image\/jpeg\" \/>\n<meta name=\"author\" content=\"Thales Brand\u00e3o\" \/>\n<meta name=\"twitter:card\" content=\"summary_large_image\" \/>\n<meta name=\"twitter:creator\" content=\"@http:\/\/www.twitter.com\/thalesbrandao\" \/>\n<meta name=\"twitter:site\" content=\"@CidadeMarketing\" \/>\n<meta name=\"twitter:label1\" content=\"Escrito por\" \/>\n\t<meta name=\"twitter:data1\" content=\"Thales Brand\u00e3o\" \/>\n\t<meta name=\"twitter:label2\" content=\"Est. tempo de leitura\" \/>\n\t<meta name=\"twitter:data2\" content=\"3 minutos\" \/>\n<script type=\"application\/ld+json\" class=\"yoast-schema-graph\">{\"@context\":\"https:\\\/\\\/schema.org\",\"@graph\":[{\"@type\":\"Article\",\"@id\":\"https:\\\/\\\/www.cidademarketing.com.br\\\/marketing\\\/2022\\\/12\\\/06\\\/audi-expande-fabrica-de-motores-em-3-000-m%c2%b2-para-projeto-de-formula-1-com-novo-edificio-em-neuburg-na-alemanha\\\/#article\",\"isPartOf\":{\"@id\":\"https:\\\/\\\/www.cidademarketing.com.br\\\/marketing\\\/2022\\\/12\\\/06\\\/audi-expande-fabrica-de-motores-em-3-000-m%c2%b2-para-projeto-de-formula-1-com-novo-edificio-em-neuburg-na-alemanha\\\/\"},\"author\":{\"name\":\"Thales Brand\u00e3o\",\"@id\":\"https:\\\/\\\/www.cidademarketing.com.br\\\/marketing\\\/#\\\/schema\\\/person\\\/02daff9f18bd9378c9e01eb6b2db155f\"},\"headline\":\"Audi expande f\u00e1brica de motores em 3.000 m\u00b2 para projeto de F\u00f3rmula 1 com novo edif\u00edcio em Neuburg, na Alemanha\",\"datePublished\":\"2022-12-07T02:25:44+00:00\",\"mainEntityOfPage\":{\"@id\":\"https:\\\/\\\/www.cidademarketing.com.br\\\/marketing\\\/2022\\\/12\\\/06\\\/audi-expande-fabrica-de-motores-em-3-000-m%c2%b2-para-projeto-de-formula-1-com-novo-edificio-em-neuburg-na-alemanha\\\/\"},\"wordCount\":656,\"commentCount\":0,\"publisher\":{\"@id\":\"https:\\\/\\\/www.cidademarketing.com.br\\\/marketing\\\/#organization\"},\"image\":{\"@id\":\"https:\\\/\\\/www.cidademarketing.com.br\\\/marketing\\\/2022\\\/12\\\/06\\\/audi-expande-fabrica-de-motores-em-3-000-m%c2%b2-para-projeto-de-formula-1-com-novo-edificio-em-neuburg-na-alemanha\\\/#primaryimage\"},\"thumbnailUrl\":\"https:\\\/\\\/www.cidademarketing.com.br\\\/marketing\\\/wp-content\\\/uploads\\\/2022\\\/12\\\/audi_f1.jpg\",\"keywords\":[\"Audi\",\"design\",\"F1\",\"inova\u00e7\u00e3o\",\"marketing\",\"tecnologia\"],\"articleSection\":[\"Not\u00edcias\"],\"inLanguage\":\"pt-BR\",\"potentialAction\":[{\"@type\":\"CommentAction\",\"name\":\"Comment\",\"target\":[\"https:\\\/\\\/www.cidademarketing.com.br\\\/marketing\\\/2022\\\/12\\\/06\\\/audi-expande-fabrica-de-motores-em-3-000-m%c2%b2-para-projeto-de-formula-1-com-novo-edificio-em-neuburg-na-alemanha\\\/#respond\"]}]},{\"@type\":\"WebPage\",\"@id\":\"https:\\\/\\\/www.cidademarketing.com.br\\\/marketing\\\/2022\\\/12\\\/06\\\/audi-expande-fabrica-de-motores-em-3-000-m%c2%b2-para-projeto-de-formula-1-com-novo-edificio-em-neuburg-na-alemanha\\\/\",\"url\":\"https:\\\/\\\/www.cidademarketing.com.br\\\/marketing\\\/2022\\\/12\\\/06\\\/audi-expande-fabrica-de-motores-em-3-000-m%c2%b2-para-projeto-de-formula-1-com-novo-edificio-em-neuburg-na-alemanha\\\/\",\"name\":\"Audi expande f\u00e1brica de motores em 3.000 m\u00b2 para projeto de F\u00f3rmula 1 com novo edif\u00edcio em Neuburg, na Alemanha - CidadeMarketing\",\"isPartOf\":{\"@id\":\"https:\\\/\\\/www.cidademarketing.com.br\\\/marketing\\\/#website\"},\"primaryImageOfPage\":{\"@id\":\"https:\\\/\\\/www.cidademarketing.com.br\\\/marketing\\\/2022\\\/12\\\/06\\\/audi-expande-fabrica-de-motores-em-3-000-m%c2%b2-para-projeto-de-formula-1-com-novo-edificio-em-neuburg-na-alemanha\\\/#primaryimage\"},\"image\":{\"@id\":\"https:\\\/\\\/www.cidademarketing.com.br\\\/marketing\\\/2022\\\/12\\\/06\\\/audi-expande-fabrica-de-motores-em-3-000-m%c2%b2-para-projeto-de-formula-1-com-novo-edificio-em-neuburg-na-alemanha\\\/#primaryimage\"},\"thumbnailUrl\":\"https:\\\/\\\/www.cidademarketing.com.br\\\/marketing\\\/wp-content\\\/uploads\\\/2022\\\/12\\\/audi_f1.jpg\",\"datePublished\":\"2022-12-07T02:25:44+00:00\",\"breadcrumb\":{\"@id\":\"https:\\\/\\\/www.cidademarketing.com.br\\\/marketing\\\/2022\\\/12\\\/06\\\/audi-expande-fabrica-de-motores-em-3-000-m%c2%b2-para-projeto-de-formula-1-com-novo-edificio-em-neuburg-na-alemanha\\\/#breadcrumb\"},\"inLanguage\":\"pt-BR\",\"potentialAction\":[{\"@type\":\"ReadAction\",\"target\":[\"https:\\\/\\\/www.cidademarketing.com.br\\\/marketing\\\/2022\\\/12\\\/06\\\/audi-expande-fabrica-de-motores-em-3-000-m%c2%b2-para-projeto-de-formula-1-com-novo-edificio-em-neuburg-na-alemanha\\\/\"]}]},{\"@type\":\"ImageObject\",\"inLanguage\":\"pt-BR\",\"@id\":\"https:\\\/\\\/www.cidademarketing.com.br\\\/marketing\\\/2022\\\/12\\\/06\\\/audi-expande-fabrica-de-motores-em-3-000-m%c2%b2-para-projeto-de-formula-1-com-novo-edificio-em-neuburg-na-alemanha\\\/#primaryimage\",\"url\":\"https:\\\/\\\/www.cidademarketing.com.br\\\/marketing\\\/wp-content\\\/uploads\\\/2022\\\/12\\\/audi_f1.jpg\",\"contentUrl\":\"https:\\\/\\\/www.cidademarketing.com.br\\\/marketing\\\/wp-content\\\/uploads\\\/2022\\\/12\\\/audi_f1.jpg\",\"width\":1754,\"height\":1315,\"caption\":\"The vehicle shown is a concept vehicle that is not available as a production model.\"},{\"@type\":\"BreadcrumbList\",\"@id\":\"https:\\\/\\\/www.cidademarketing.com.br\\\/marketing\\\/2022\\\/12\\\/06\\\/audi-expande-fabrica-de-motores-em-3-000-m%c2%b2-para-projeto-de-formula-1-com-novo-edificio-em-neuburg-na-alemanha\\\/#breadcrumb\",\"itemListElement\":[{\"@type\":\"ListItem\",\"position\":1,\"name\":\"In\u00edcio\",\"item\":\"https:\\\/\\\/www.cidademarketing.com.br\\\/marketing\\\/\"},{\"@type\":\"ListItem\",\"position\":2,\"name\":\"Audi expande f\u00e1brica de motores em 3.000 m\u00b2 para projeto de F\u00f3rmula 1 com novo edif\u00edcio em Neuburg, na Alemanha\"}]},{\"@type\":\"WebSite\",\"@id\":\"https:\\\/\\\/www.cidademarketing.com.br\\\/marketing\\\/#website\",\"url\":\"https:\\\/\\\/www.cidademarketing.com.br\\\/marketing\\\/\",\"name\":\"CidadeMarketing\",\"description\":\"Somos um ve\u00edculo de comunica\u00e7\u00e3o de destaque no Brasil, reconhecido por conte\u00fados nos segmentos de marketing, empreendedorismo e inova\u00e7\u00e3o.\",\"publisher\":{\"@id\":\"https:\\\/\\\/www.cidademarketing.com.br\\\/marketing\\\/#organization\"},\"alternateName\":\"CidadeMarketing\",\"potentialAction\":[{\"@type\":\"SearchAction\",\"target\":{\"@type\":\"EntryPoint\",\"urlTemplate\":\"https:\\\/\\\/www.cidademarketing.com.br\\\/marketing\\\/?s={search_term_string}\"},\"query-input\":{\"@type\":\"PropertyValueSpecification\",\"valueRequired\":true,\"valueName\":\"search_term_string\"}}],\"inLanguage\":\"pt-BR\"},{\"@type\":\"Organization\",\"@id\":\"https:\\\/\\\/www.cidademarketing.com.br\\\/marketing\\\/#organization\",\"name\":\"CidadeMarketing\",\"alternateName\":\"CidadeMarketing\",\"url\":\"https:\\\/\\\/www.cidademarketing.com.br\\\/marketing\\\/\",\"logo\":{\"@type\":\"ImageObject\",\"inLanguage\":\"pt-BR\",\"@id\":\"https:\\\/\\\/www.cidademarketing.com.br\\\/marketing\\\/#\\\/schema\\\/logo\\\/image\\\/\",\"url\":\"https:\\\/\\\/www.cidademarketing.com.br\\\/marketing\\\/wp-content\\\/uploads\\\/2020\\\/01\\\/cidademarketing_marca_mobile.png\",\"contentUrl\":\"https:\\\/\\\/www.cidademarketing.com.br\\\/marketing\\\/wp-content\\\/uploads\\\/2020\\\/01\\\/cidademarketing_marca_mobile.png\",\"width\":230,\"height\":92,\"caption\":\"CidadeMarketing\"},\"image\":{\"@id\":\"https:\\\/\\\/www.cidademarketing.com.br\\\/marketing\\\/#\\\/schema\\\/logo\\\/image\\\/\"},\"sameAs\":[\"https:\\\/\\\/www.facebook.com\\\/portalcidademarketing\",\"https:\\\/\\\/x.com\\\/CidadeMarketing\",\"https:\\\/\\\/www.instagram.com\\\/cidademarketing\\\/\"]},{\"@type\":\"Person\",\"@id\":\"https:\\\/\\\/www.cidademarketing.com.br\\\/marketing\\\/#\\\/schema\\\/person\\\/02daff9f18bd9378c9e01eb6b2db155f\",\"name\":\"Thales Brand\u00e3o\",\"image\":{\"@type\":\"ImageObject\",\"inLanguage\":\"pt-BR\",\"@id\":\"https:\\\/\\\/secure.gravatar.com\\\/avatar\\\/7ca3206950207cc3cb48feec56a8a7898741ab725c368d99d5d7a5a50aab80c6?s=96&d=mm&r=g\",\"url\":\"https:\\\/\\\/secure.gravatar.com\\\/avatar\\\/7ca3206950207cc3cb48feec56a8a7898741ab725c368d99d5d7a5a50aab80c6?s=96&d=mm&r=g\",\"contentUrl\":\"https:\\\/\\\/secure.gravatar.com\\\/avatar\\\/7ca3206950207cc3cb48feec56a8a7898741ab725c368d99d5d7a5a50aab80c6?s=96&d=mm&r=g\",\"caption\":\"Thales Brand\u00e3o\"},\"description\":\"Editor Executivo do Portal CidadeMarketing.com.br &gt; Mestre em Comunica\u00e7\u00e3o e Sociedade pela Universidade Federal de Sergipe. Possui MBA Executivo em Administra\u00e7\u00e3o com \u00eanfase em Marketing pela Funda\u00e7\u00e3o Get\u00falio Vargas - Rio de Janeiro. Consultor, Palestrante e Pesquisador sobre Empreendedorismo, Marketing, Redes Sociais e Neg\u00f3cios Digitais. Professor, Palestrante TedxTalks e Campus Party. Twitter: @ThalesBrandao\",\"sameAs\":[\"http:\\\/\\\/www.mandacaru.com.br\",\"https:\\\/\\\/www.facebook.com\\\/thalesbrandao\",\"http:\\\/\\\/www.instagram.com.br\\\/thalesbrandaoferreira\",\"https:\\\/\\\/www.linkedin.com\\\/in\\\/thales-brand\u00e3o-3948609\\\/\",\"https:\\\/\\\/x.com\\\/http:\\\/\\\/www.twitter.com\\\/thalesbrandao\"],\"url\":\"https:\\\/\\\/www.cidademarketing.com.br\\\/marketing\\\/author\\\/thalesbrandao\\\/\"}]}<\/script>\n<!-- \/ Yoast SEO plugin. -->","yoast_head_json":{"title":"Audi expande f\u00e1brica de motores em 3.000 m\u00b2 para projeto de F\u00f3rmula 1 com novo edif\u00edcio em Neuburg, na Alemanha - CidadeMarketing","robots":{"index":"index","follow":"follow","max-snippet":"max-snippet:-1","max-image-preview":"max-image-preview:large","max-video-preview":"max-video-preview:-1"},"canonical":"https:\/\/www.cidademarketing.com.br\/marketing\/2022\/12\/06\/audi-expande-fabrica-de-motores-em-3-000-m\u00b2-para-projeto-de-formula-1-com-novo-edificio-em-neuburg-na-alemanha\/","og_locale":"pt_BR","og_type":"article","og_title":"Audi expande f\u00e1brica de motores em 3.000 m\u00b2 para projeto de F\u00f3rmula 1 com novo edif\u00edcio em Neuburg, na Alemanha - CidadeMarketing","og_description":"A Audi est\u00e1 ampliando sua f\u00e1brica para a produ\u00e7\u00e3o de motores que ser\u00e3o utilizados na F\u00f3rmula 1 a partir de 2026. O novo espa\u00e7o Competence Center Motorsport ficar\u00e1 nas instala\u00e7\u00f5es da Audi Neuburg, na Alemanha. Em um novo pr\u00e9dio de cerca de 3.000 metros quadrados, ser\u00e3o instaladas novas bancadas de teste para o desenvolvimento da [&hellip;]","og_url":"https:\/\/www.cidademarketing.com.br\/marketing\/2022\/12\/06\/audi-expande-fabrica-de-motores-em-3-000-m\u00b2-para-projeto-de-formula-1-com-novo-edificio-em-neuburg-na-alemanha\/","og_site_name":"CidadeMarketing","article_publisher":"https:\/\/www.facebook.com\/portalcidademarketing","article_author":"https:\/\/www.facebook.com\/thalesbrandao","article_published_time":"2022-12-07T02:25:44+00:00","og_image":[{"width":1754,"height":1315,"url":"https:\/\/www.cidademarketing.com.br\/marketing\/wp-content\/uploads\/2022\/12\/audi_f1.jpg","type":"image\/jpeg"}],"author":"Thales Brand\u00e3o","twitter_card":"summary_large_image","twitter_creator":"@http:\/\/www.twitter.com\/thalesbrandao","twitter_site":"@CidadeMarketing","twitter_misc":{"Escrito por":"Thales Brand\u00e3o","Est. tempo de leitura":"3 minutos"},"schema":{"@context":"https:\/\/schema.org","@graph":[{"@type":"Article","@id":"https:\/\/www.cidademarketing.com.br\/marketing\/2022\/12\/06\/audi-expande-fabrica-de-motores-em-3-000-m%c2%b2-para-projeto-de-formula-1-com-novo-edificio-em-neuburg-na-alemanha\/#article","isPartOf":{"@id":"https:\/\/www.cidademarketing.com.br\/marketing\/2022\/12\/06\/audi-expande-fabrica-de-motores-em-3-000-m%c2%b2-para-projeto-de-formula-1-com-novo-edificio-em-neuburg-na-alemanha\/"},"author":{"name":"Thales Brand\u00e3o","@id":"https:\/\/www.cidademarketing.com.br\/marketing\/#\/schema\/person\/02daff9f18bd9378c9e01eb6b2db155f"},"headline":"Audi expande f\u00e1brica de motores em 3.000 m\u00b2 para projeto de F\u00f3rmula 1 com novo edif\u00edcio em Neuburg, na Alemanha","datePublished":"2022-12-07T02:25:44+00:00","mainEntityOfPage":{"@id":"https:\/\/www.cidademarketing.com.br\/marketing\/2022\/12\/06\/audi-expande-fabrica-de-motores-em-3-000-m%c2%b2-para-projeto-de-formula-1-com-novo-edificio-em-neuburg-na-alemanha\/"},"wordCount":656,"commentCount":0,"publisher":{"@id":"https:\/\/www.cidademarketing.com.br\/marketing\/#organization"},"image":{"@id":"https:\/\/www.cidademarketing.com.br\/marketing\/2022\/12\/06\/audi-expande-fabrica-de-motores-em-3-000-m%c2%b2-para-projeto-de-formula-1-com-novo-edificio-em-neuburg-na-alemanha\/#primaryimage"},"thumbnailUrl":"https:\/\/www.cidademarketing.com.br\/marketing\/wp-content\/uploads\/2022\/12\/audi_f1.jpg","keywords":["Audi","design","F1","inova\u00e7\u00e3o","marketing","tecnologia"],"articleSection":["Not\u00edcias"],"inLanguage":"pt-BR","potentialAction":[{"@type":"CommentAction","name":"Comment","target":["https:\/\/www.cidademarketing.com.br\/marketing\/2022\/12\/06\/audi-expande-fabrica-de-motores-em-3-000-m%c2%b2-para-projeto-de-formula-1-com-novo-edificio-em-neuburg-na-alemanha\/#respond"]}]},{"@type":"WebPage","@id":"https:\/\/www.cidademarketing.com.br\/marketing\/2022\/12\/06\/audi-expande-fabrica-de-motores-em-3-000-m%c2%b2-para-projeto-de-formula-1-com-novo-edificio-em-neuburg-na-alemanha\/","url":"https:\/\/www.cidademarketing.com.br\/marketing\/2022\/12\/06\/audi-expande-fabrica-de-motores-em-3-000-m%c2%b2-para-projeto-de-formula-1-com-novo-edificio-em-neuburg-na-alemanha\/","name":"Audi expande f\u00e1brica de motores em 3.000 m\u00b2 para projeto de F\u00f3rmula 1 com novo edif\u00edcio em Neuburg, na Alemanha - CidadeMarketing","isPartOf":{"@id":"https:\/\/www.cidademarketing.com.br\/marketing\/#website"},"primaryImageOfPage":{"@id":"https:\/\/www.cidademarketing.com.br\/marketing\/2022\/12\/06\/audi-expande-fabrica-de-motores-em-3-000-m%c2%b2-para-projeto-de-formula-1-com-novo-edificio-em-neuburg-na-alemanha\/#primaryimage"},"image":{"@id":"https:\/\/www.cidademarketing.com.br\/marketing\/2022\/12\/06\/audi-expande-fabrica-de-motores-em-3-000-m%c2%b2-para-projeto-de-formula-1-com-novo-edificio-em-neuburg-na-alemanha\/#primaryimage"},"thumbnailUrl":"https:\/\/www.cidademarketing.com.br\/marketing\/wp-content\/uploads\/2022\/12\/audi_f1.jpg","datePublished":"2022-12-07T02:25:44+00:00","breadcrumb":{"@id":"https:\/\/www.cidademarketing.com.br\/marketing\/2022\/12\/06\/audi-expande-fabrica-de-motores-em-3-000-m%c2%b2-para-projeto-de-formula-1-com-novo-edificio-em-neuburg-na-alemanha\/#breadcrumb"},"inLanguage":"pt-BR","potentialAction":[{"@type":"ReadAction","target":["https:\/\/www.cidademarketing.com.br\/marketing\/2022\/12\/06\/audi-expande-fabrica-de-motores-em-3-000-m%c2%b2-para-projeto-de-formula-1-com-novo-edificio-em-neuburg-na-alemanha\/"]}]},{"@type":"ImageObject","inLanguage":"pt-BR","@id":"https:\/\/www.cidademarketing.com.br\/marketing\/2022\/12\/06\/audi-expande-fabrica-de-motores-em-3-000-m%c2%b2-para-projeto-de-formula-1-com-novo-edificio-em-neuburg-na-alemanha\/#primaryimage","url":"https:\/\/www.cidademarketing.com.br\/marketing\/wp-content\/uploads\/2022\/12\/audi_f1.jpg","contentUrl":"https:\/\/www.cidademarketing.com.br\/marketing\/wp-content\/uploads\/2022\/12\/audi_f1.jpg","width":1754,"height":1315,"caption":"The vehicle shown is a concept vehicle that is not available as a production model."},{"@type":"BreadcrumbList","@id":"https:\/\/www.cidademarketing.com.br\/marketing\/2022\/12\/06\/audi-expande-fabrica-de-motores-em-3-000-m%c2%b2-para-projeto-de-formula-1-com-novo-edificio-em-neuburg-na-alemanha\/#breadcrumb","itemListElement":[{"@type":"ListItem","position":1,"name":"In\u00edcio","item":"https:\/\/www.cidademarketing.com.br\/marketing\/"},{"@type":"ListItem","position":2,"name":"Audi expande f\u00e1brica de motores em 3.000 m\u00b2 para projeto de F\u00f3rmula 1 com novo edif\u00edcio em Neuburg, na Alemanha"}]},{"@type":"WebSite","@id":"https:\/\/www.cidademarketing.com.br\/marketing\/#website","url":"https:\/\/www.cidademarketing.com.br\/marketing\/","name":"CidadeMarketing","description":"Somos um ve\u00edculo de comunica\u00e7\u00e3o de destaque no Brasil, reconhecido por conte\u00fados nos segmentos de marketing, empreendedorismo e inova\u00e7\u00e3o.","publisher":{"@id":"https:\/\/www.cidademarketing.com.br\/marketing\/#organization"},"alternateName":"CidadeMarketing","potentialAction":[{"@type":"SearchAction","target":{"@type":"EntryPoint","urlTemplate":"https:\/\/www.cidademarketing.com.br\/marketing\/?s={search_term_string}"},"query-input":{"@type":"PropertyValueSpecification","valueRequired":true,"valueName":"search_term_string"}}],"inLanguage":"pt-BR"},{"@type":"Organization","@id":"https:\/\/www.cidademarketing.com.br\/marketing\/#organization","name":"CidadeMarketing","alternateName":"CidadeMarketing","url":"https:\/\/www.cidademarketing.com.br\/marketing\/","logo":{"@type":"ImageObject","inLanguage":"pt-BR","@id":"https:\/\/www.cidademarketing.com.br\/marketing\/#\/schema\/logo\/image\/","url":"https:\/\/www.cidademarketing.com.br\/marketing\/wp-content\/uploads\/2020\/01\/cidademarketing_marca_mobile.png","contentUrl":"https:\/\/www.cidademarketing.com.br\/marketing\/wp-content\/uploads\/2020\/01\/cidademarketing_marca_mobile.png","width":230,"height":92,"caption":"CidadeMarketing"},"image":{"@id":"https:\/\/www.cidademarketing.com.br\/marketing\/#\/schema\/logo\/image\/"},"sameAs":["https:\/\/www.facebook.com\/portalcidademarketing","https:\/\/x.com\/CidadeMarketing","https:\/\/www.instagram.com\/cidademarketing\/"]},{"@type":"Person","@id":"https:\/\/www.cidademarketing.com.br\/marketing\/#\/schema\/person\/02daff9f18bd9378c9e01eb6b2db155f","name":"Thales Brand\u00e3o","image":{"@type":"ImageObject","inLanguage":"pt-BR","@id":"https:\/\/secure.gravatar.com\/avatar\/7ca3206950207cc3cb48feec56a8a7898741ab725c368d99d5d7a5a50aab80c6?s=96&d=mm&r=g","url":"https:\/\/secure.gravatar.com\/avatar\/7ca3206950207cc3cb48feec56a8a7898741ab725c368d99d5d7a5a50aab80c6?s=96&d=mm&r=g","contentUrl":"https:\/\/secure.gravatar.com\/avatar\/7ca3206950207cc3cb48feec56a8a7898741ab725c368d99d5d7a5a50aab80c6?s=96&d=mm&r=g","caption":"Thales Brand\u00e3o"},"description":"Editor Executivo do Portal CidadeMarketing.com.br &gt; Mestre em Comunica\u00e7\u00e3o e Sociedade pela Universidade Federal de Sergipe. Possui MBA Executivo em Administra\u00e7\u00e3o com \u00eanfase em Marketing pela Funda\u00e7\u00e3o Get\u00falio Vargas - Rio de Janeiro. Consultor, Palestrante e Pesquisador sobre Empreendedorismo, Marketing, Redes Sociais e Neg\u00f3cios Digitais. Professor, Palestrante TedxTalks e Campus Party. Twitter: @ThalesBrandao","sameAs":["http:\/\/www.mandacaru.com.br","https:\/\/www.facebook.com\/thalesbrandao","http:\/\/www.instagram.com.br\/thalesbrandaoferreira","https:\/\/www.linkedin.com\/in\/thales-brand\u00e3o-3948609\/","https:\/\/x.com\/http:\/\/www.twitter.com\/thalesbrandao"],"url":"https:\/\/www.cidademarketing.com.br\/marketing\/author\/thalesbrandao\/"}]}},"amp_enabled":true,"_links":{"self":[{"href":"https:\/\/www.cidademarketing.com.br\/marketing\/wp-json\/wp\/v2\/posts\/41173","targetHints":{"allow":["GET"]}}],"collection":[{"href":"https:\/\/www.cidademarketing.com.br\/marketing\/wp-json\/wp\/v2\/posts"}],"about":[{"href":"https:\/\/www.cidademarketing.com.br\/marketing\/wp-json\/wp\/v2\/types\/post"}],"author":[{"embeddable":true,"href":"https:\/\/www.cidademarketing.com.br\/marketing\/wp-json\/wp\/v2\/users\/1"}],"replies":[{"embeddable":true,"href":"https:\/\/www.cidademarketing.com.br\/marketing\/wp-json\/wp\/v2\/comments?post=41173"}],"version-history":[{"count":1,"href":"https:\/\/www.cidademarketing.com.br\/marketing\/wp-json\/wp\/v2\/posts\/41173\/revisions"}],"predecessor-version":[{"id":41175,"href":"https:\/\/www.cidademarketing.com.br\/marketing\/wp-json\/wp\/v2\/posts\/41173\/revisions\/41175"}],"wp:featuredmedia":[{"embeddable":true,"href":"https:\/\/www.cidademarketing.com.br\/marketing\/wp-json\/wp\/v2\/media\/41174"}],"wp:attachment":[{"href":"https:\/\/www.cidademarketing.com.br\/marketing\/wp-json\/wp\/v2\/media?parent=41173"}],"wp:term":[{"taxonomy":"category","embeddable":true,"href":"https:\/\/www.cidademarketing.com.br\/marketing\/wp-json\/wp\/v2\/categories?post=41173"},{"taxonomy":"post_tag","embeddable":true,"href":"https:\/\/www.cidademarketing.com.br\/marketing\/wp-json\/wp\/v2\/tags?post=41173"}],"curies":[{"name":"wp","href":"https:\/\/api.w.org\/{rel}","templated":true}]}}